{"id":80907,"date":"2025-01-06T05:23:40","date_gmt":"2025-01-06T08:23:40","guid":{"rendered":"https:\/\/ismaelcolosi.com.br\/index.php\/2025\/01\/06\/os-desafios-e-oportunidades-das-empresas\/"},"modified":"2025-01-06T05:23:40","modified_gmt":"2025-01-06T08:23:40","slug":"os-desafios-e-oportunidades-das-empresas","status":"publish","type":"post","link":"https:\/\/ismaelcolosi.com.br\/index.php\/2025\/01\/06\/os-desafios-e-oportunidades-das-empresas\/","title":{"rendered":"Os Desafios e Oportunidades das Empresas"},"content":{"rendered":"<p> <br \/>\n<\/p>\n<div>\n<figure class=\"destaque wp-caption\">&#13;<br \/>\n\t\t<img data-recalc-dims=\"1\" width=\"678\" height=\"452\" src=\"https:\/\/i0.wp.com\/forbes.com.br\/wp-content\/uploads\/2025\/01\/trabalho-empresas-carreira-768x512.jpg?resize=678%2C452&#038;ssl=1\" class=\"attachment-medium_large size-medium_large wp-post-image\" alt=\"\" decoding=\"async\" fetchpriority=\"high\"\/>\t\t<\/p>\n<p>Foto: Getty Images<\/p>\n<p>&#13;<figcaption class=\"wp-caption-text\"\/>&#13;<br \/>\n\t<\/figure>\n<p>\u00a0<\/p>\n<div class=\"accessibility\">\n<p>Acessibilidade<\/p>\n<p>&#13;<br \/>\n\t\t\t<button onclick=\"alterFont1()\" id=\"btn1\" class=\"btn\">L<\/button>&#13;<br \/>\n\t\t\t<button onclick=\"alterFont2()\" id=\"btn2\" class=\"btn\" style=\"font-family:Merriweather\">L<\/button>&#13;<br \/>\n\t\t\t<button onclick=\"alterFontSmallerSize()\" id=\"btn3\" class=\"btn\">A-<\/button>&#13;<br \/>\n\t\t\t<button onclick=\"alterFontBiggerSize()\" id=\"btn4\" class=\"btn\">A+<\/button>&#13;<br \/>\n\t\t\t<!--<button onclick='alterFontBolder()' id='btn5' class=\"btn\" >B<\/button>-->&#13;<br \/>\n\t\t\t<button onclick=\"alterBackground()\" id=\"btn6\" class=\"btn\">\u25d0<\/button>&#13;<br \/>\n\t\t\t<!--<button onclick='clean()' id='btn7' class=\"btn\" >Limpar<\/button>-->&#13;\n\t\t<\/p>\n<\/p><\/div>\n<p>\u00a0<\/p>\n<p>Em um ambiente empresarial marcado por mudan\u00e7as r\u00e1pidas, a \u00e1rea de recursos humanos enfrenta um desafio inexor\u00e1vel: transitar pelo presente enquanto projeta o futuro. Essa abordagem \u201cbifocal\u201d implica gerenciar a realidade do dia a dia sem perder de vista as tend\u00eancias que moldar\u00e3o os pr\u00f3ximos anos.<\/p>\n<p>O futuro do trabalho exige mentalidade, habilidades e ferramentas. Essas tr\u00eas dimens\u00f5es destacam as quest\u00f5es urgentes que as organiza\u00e7\u00f5es precisam abordar para melhorar a capacita\u00e7\u00e3o e a requalifica\u00e7\u00e3o de seus profissionais. O F\u00f3rum Econ\u00f4mico Mundial prev\u00ea que mais de 50% dos trabalhadores precisar\u00e3o atualizar significativamente suas habilidades at\u00e9 2025 devido \u00e0 transforma\u00e7\u00e3o tecnol\u00f3gica em curso.<\/p>\n<p>As solu\u00e7\u00f5es oferecidas hoje, tanto em termos de tecnologia quanto de treinamento de lideran\u00e7a, precisam evoluir rapidamente para possibilitar, de um lado, o melhor uso das novas ferramentas dispon\u00edveis e, de outro, o desenvolvimento adequado de talentos, preparando os profissionais para desafios constantes \u00e0 medida que surgem.<\/p>\n<h3>Uma estrat\u00e9gia de gest\u00e3o de talentos centrada nas pessoas<\/h3>\n<p>Uma estrat\u00e9gia centrada nas pessoas foca na melhoria da experi\u00eancia do colaborador, abrangendo bem-estar, engajamento e satisfa\u00e7\u00e3o. Esses tr\u00eas fatores impulsionam a produtividade e geram melhores resultados. \u00c9 uma rela\u00e7\u00e3o mutuamente ben\u00e9fica: trabalhadores mais saud\u00e1veis, comprometidos e satisfeitos se conectam melhor com clientes e consumidores, gerando sinergias e disseminando essa positividade. Para crescer com base em clientes e consumidores mais satisfeitos, o primeiro passo \u00e9 alcan\u00e7ar essa satisfa\u00e7\u00e3o internamente.<\/p>\n<h3>O desafio do trabalho h\u00edbrido<\/h3>\n<p>Embora muitos quisessem cham\u00e1-lo de \u201chome office\u201d \u2013 como se dar um nome simplificasse as coisas \u2013, essa mudan\u00e7a exigiu estrat\u00e9gia, cultura, infraestrutura, pol\u00edticas e lideran\u00e7a. A quest\u00e3o agora \u00e9: o que implica o modelo de trabalho h\u00edbrido? Quantos dias os trabalhadores devem idealmente ir ao escrit\u00f3rio e quantos devem trabalhar remotamente? E como aumentar a produtividade, ao mesmo tempo promovendo a cultura empresarial e a inova\u00e7\u00e3o?<\/p>\n<p>A dificuldade de gerenciar essa realidade continua a crescer, especialmente diante de demandas geralmente incompat\u00edveis entre gestores (que desejam maior presen\u00e7a f\u00edsica e est\u00e3o preocupados com a produtividade) e empregados (que buscam mais liberdade para escolher quando ir ao escrit\u00f3rio). A chave est\u00e1 em pensar de forma mais hol\u00edstica sobre os motivos pelos quais os trabalhadores devem ir ao escrit\u00f3rio e como evoluir do modelo cultural de \u201ccontrole\u201d para um baseado em \u201cconfian\u00e7a\u201d. Um estudo da McKinsey destaca que empresas que equilibram com sucesso flexibilidade e estrutura apresentam melhorias significativas em produtividade e satisfa\u00e7\u00e3o dos colaboradores.<\/p>\n<p>O caminho \u00e9 avan\u00e7ar progressivamente para um paradigma h\u00edbrido inteligente que incorpore o melhor dos dois modelos, sendo mais eficiente em custos e impactando positivamente a todos. Esse modelo deve resolver a controv\u00e9rsia em torno da flexibilidade e melhorar a efici\u00eancia sem sacrificar conex\u00f5es humanas.<\/p>\n<h3>Equipes humanas e IA: uma alian\u00e7a estrat\u00e9gica<\/h3>\n<p>A chave para formar equipes compostas por humanos e Intelig\u00eancia Artificial (IA), garantindo alto desempenho, eliminando vieses e maximizando o valor do Big Data preditivo, ser\u00e1 identificar os momentos espec\u00edficos em que apenas as equipes humanas devem intervir e como realidade virtual e aumentada podem criar experi\u00eancias f\u00edsicas e digitais incompar\u00e1veis para os colaboradores.<\/p>\n<p>A IA est\u00e1 transformando a lideran\u00e7a e a gest\u00e3o empresarial ao automatizar tarefas repetitivas e melhorar a efici\u00eancia operacional. L\u00edderes podem utilizar essas ferramentas para otimizar processos, tomar decis\u00f5es mais r\u00e1pidas e fundamentadas, e adaptar-se a um ambiente din\u00e2mico e tecnol\u00f3gico. Segundo um relat\u00f3rio da Gartner, at\u00e9 2025, mais de 50% das decis\u00f5es empresariais ser\u00e3o apoiadas por an\u00e1lises de dados baseadas em IA.<\/p>\n<h3>Cultura empresarial: a base da mudan\u00e7a<\/h3>\n<p>A cultura distingue empresas que consistentemente obt\u00eam os melhores resultados ao longo do tempo. Um estudo da Deloitte revela que empresas com culturas inclusivas e de suporte s\u00e3o 22% mais lucrativas e t\u00eam 27% mais capacidade de liderar mudan\u00e7as. Entretanto, cultura n\u00e3o se compra nem se implementa da noite para o dia.<\/p>\n<p>Diante de mudan\u00e7as cada vez mais frequentes, l\u00edderes precisar\u00e3o antecip\u00e1-las e gerenci\u00e1-las adequadamente. Se antes dizia-se que \u201ca cultura devora a estrat\u00e9gia no caf\u00e9 da manh\u00e3\u201d, hoje pode-se argumentar que a cultura \u00e9 a pr\u00f3pria estrat\u00e9gia.<\/p>\n<h3>Lideran\u00e7a sustent\u00e1vel e respons\u00e1vel<\/h3>\n<p>Desenvolver uma lideran\u00e7a sustent\u00e1vel e socialmente respons\u00e1vel ser\u00e1 fundamental em 2025. Empresas l\u00edderes incorporar\u00e3o a sustentabilidade em suas estrat\u00e9gias centrais, considerando impactos ambientais, sociais e \u00e9ticos em todas as decis\u00f5es de neg\u00f3cios. Essa abordagem permitir\u00e1 atender \u00e0s expectativas dos consumidores, cumprir novas regulamenta\u00e7\u00f5es e contribuir para o bem-estar da sociedade e do planeta.<\/p>\n<p>A diversidade em equipes tamb\u00e9m ser\u00e1 cr\u00edtica, exigindo que l\u00edderes promovam inclus\u00e3o e equidade para aproveitar a variedade de perspectivas e talentos. Gerenciar a diversidade cultural se tornar\u00e1 uma habilidade essencial.<\/p>\n<p>Em resumo, 2025 trar\u00e1 novos desafios e oportunidades. Empresas que souberem equilibrar tecnologia, talento e cultura estar\u00e3o na vanguarda de um futuro mais resiliente, inclusivo e humano.<\/p>\n<p><em>*Por Esade Business &amp; Law School, contribuidora da Forbes USA<\/em><\/p>\n<div class=\"follow-us\">Siga o canal da <a href=\"https:\/\/whatsapp.com\/channel\/0029VaAZk57JuyA9F4UwQc2I\" target=\"_blank\" rel=\"noopener noreferrer nofollow\" title=\"Grupo da Forbes Money no WhatsApp\">Forbes Money<\/a> no WhatsApp e receba as principais not\u00edcias de economia e mercado financeiro.<\/div>\n<\/p><\/div>\n<p><script>\n\t\t\t\t(function(d, s, id){\n\t\t\t\t\tvar js, fjs = d.getElementsByTagName(s)[0];\n\t\t\t\t\tif (d.getElementById(id)) return;\n\t\t\t\t\tjs = d.createElement(s); js.id = id;\n\t\t\t\t\tjs.src = \"\/\/connect.facebook.net\/pt_BR\/sdk.js#xfbml=1&version=v2.9\";\n\t\t\t\t\tfjs.parentNode.insertBefore(js, fjs);\n\t\t\t\t}(document, 'script', 'facebook-jssdk'));\n\t\t\t<\/script><br \/>\n<br \/><br \/>\n<br \/><a href=\"https:\/\/forbes.com.br\/carreira\/2025\/01\/os-maiores-desafios-e-oportunidades-para-as-empresas-em-2025\/\">Source link <\/a><\/p>\n<div class='code-block code-block-4' style='margin: 8px auto 8px 0; text-align: left; display: block; clear: both;'>\n\ud83d\udce2 Aviso Legal\n\nO site ismaelcolosi.com.br atua apenas como um canal de divulga\u00e7\u00e3o de oportunidades de emprego e n\u00e3o se responsabiliza pelo processo seletivo, contrata\u00e7\u00e3o ou qualquer outra etapa relacionada \u00e0s vagas publicadas. Todas as informa\u00e7\u00f5es s\u00e3o de responsabilidade dos anunciantes.\n\n\u26a0\ufe0f Aten\u00e7\u00e3o! Nunca pague por promessas de emprego nem compre cursos que garantam contrata\u00e7\u00e3o. Desconfie de qualquer cobran\u00e7a para participar de sele\u00e7\u00f5es.\n\n\n\n<\/div>\n<!-- CONTENT END 1 -->\n","protected":false},"excerpt":{"rendered":"<p>&#13; Foto: Getty Images &#13;&#13; \u00a0 Acessibilidade &#13; L&#13; L&#13; A-&#13; A+&#13; &#13; \u25d0&#13; &#13; \u00a0 Em um ambiente empresarial marcado por mudan\u00e7as r\u00e1pidas, a&#8230;<\/p>\n","protected":false},"author":1,"featured_media":80911,"comment_status":"open","ping_status":"open","sticky":false,"template":"","format":"standard","meta":{"_uag_custom_page_level_css":"","advanced_seo_description":"","jetpack_seo_html_title":"","jetpack_seo_noindex":false,"jetpack_post_was_ever_published":false,"_jetpack_newsletter_access":"","_jetpack_dont_email_post_to_subs":false,"_jetpack_newsletter_tier_id":0,"_jetpack_memberships_contains_paywalled_content":false,"_jetpack_memberships_contains_paid_content":false,"footnotes":"","jetpack_publicize_message":"","jetpack_publicize_feature_enabled":true,"jetpack_social_post_already_shared":true,"jetpack_social_options":{"image_generator_settings":{"template":"highway","default_image_id":0,"font":"","enabled":false},"version":2}},"categories":[1964],"tags":[],"class_list":["post-80907","post","type-post","status-publish","format-standard","has-post-thumbnail","hentry","category-carreira-e-sucesso-dicas-para-carreira"],"jetpack_publicize_connections":[],"jetpack_featured_media_url":"https:\/\/i0.wp.com\/ismaelcolosi.com.br\/wp-content\/uploads\/2025\/01\/trabalho-empresas-carreira-1200x675.jpg?fit=1200%2C675&ssl=1","uagb_featured_image_src":{"full":["https:\/\/i0.wp.com\/ismaelcolosi.com.br\/wp-content\/uploads\/2025\/01\/trabalho-empresas-carreira-1200x675.jpg?fit=1200%2C675&ssl=1",1200,675,false],"thumbnail":["https:\/\/i0.wp.com\/ismaelcolosi.com.br\/wp-content\/uploads\/2025\/01\/trabalho-empresas-carreira-1200x675.jpg?resize=150%2C150&ssl=1",150,150,true],"medium":["https:\/\/i0.wp.com\/ismaelcolosi.com.br\/wp-content\/uploads\/2025\/01\/trabalho-empresas-carreira-1200x675.jpg?fit=300%2C169&ssl=1",300,169,true],"medium_large":["https:\/\/i0.wp.com\/ismaelcolosi.com.br\/wp-content\/uploads\/2025\/01\/trabalho-empresas-carreira-1200x675.jpg?fit=768%2C432&ssl=1",768,432,true],"large":["https:\/\/i0.wp.com\/ismaelcolosi.com.br\/wp-content\/uploads\/2025\/01\/trabalho-empresas-carreira-1200x675.jpg?fit=1024%2C576&ssl=1",1024,576,true],"1536x1536":["https:\/\/i0.wp.com\/ismaelcolosi.com.br\/wp-content\/uploads\/2025\/01\/trabalho-empresas-carreira-1200x675.jpg?fit=1200%2C675&ssl=1",1200,675,true],"2048x2048":["https:\/\/i0.wp.com\/ismaelcolosi.com.br\/wp-content\/uploads\/2025\/01\/trabalho-empresas-carreira-1200x675.jpg?fit=1200%2C675&ssl=1",1200,675,true],"really-simple-thumb":["https:\/\/i0.wp.com\/ismaelcolosi.com.br\/wp-content\/uploads\/2025\/01\/trabalho-empresas-carreira-1200x675.jpg?resize=370%2C247&ssl=1",370,247,true]},"uagb_author_info":{"display_name":"ismaelcolosi.com.br","author_link":"https:\/\/ismaelcolosi.com.br\/index.php\/author\/vidareal-online\/"},"uagb_comment_info":0,"uagb_excerpt":"&#13; Foto: Getty Images &#13;&#13; \u00a0 Acessibilidade &#13; L&#13; L&#13; A-&#13; A+&#13; &#13; \u25d0&#13; &#13; \u00a0 Em um ambiente empresarial marcado por mudan\u00e7as r\u00e1pidas, a...","jetpack-related-posts":[{"id":75217,"url":"https:\/\/ismaelcolosi.com.br\/index.php\/2024\/11\/05\/salario-de-ceo-no-brasil-pode-passar-de-r-200-mil\/","url_meta":{"origin":80907,"position":0},"title":"Sal\u00e1rio de CEO no Brasil Pode Passar de R$ 200 Mil","author":"ismaelcolosi.com.br","date":"5 de November de 2024","format":false,"excerpt":"\u00a0 Acessibilidade \r L\r L\r A-\r A+\r \r \u25d0\r \r \u00a0 No Brasil, o sal\u00e1rio de um CEO \u00e9, em m\u00e9dia, R$ 98.000. A remunera\u00e7\u00e3o pode variar de R$ 69.500 at\u00e9 R$ 215.000, a depender do setor e tamanho da companhia, segundo nova pesquisa do FESA Group, ecossistema de RH,\u2026","rel":"","context":"In &quot;Carreira e Sucesso&quot;","block_context":{"text":"Carreira e Sucesso","link":"https:\/\/ismaelcolosi.com.br\/index.php\/category\/carreira-e-sucesso-dicas-para-carreira\/"},"img":{"alt_text":"","src":"https:\/\/i0.wp.com\/ismaelcolosi.com.br\/wp-content\/uploads\/2024\/11\/ceos-carreira-lideranca-1200x675.jpg?fit=1200%2C675&ssl=1&resize=350%2C200","width":350,"height":200,"srcset":"https:\/\/i0.wp.com\/ismaelcolosi.com.br\/wp-content\/uploads\/2024\/11\/ceos-carreira-lideranca-1200x675.jpg?fit=1200%2C675&ssl=1&resize=350%2C200 1x, https:\/\/i0.wp.com\/ismaelcolosi.com.br\/wp-content\/uploads\/2024\/11\/ceos-carreira-lideranca-1200x675.jpg?fit=1200%2C675&ssl=1&resize=525%2C300 1.5x, https:\/\/i0.wp.com\/ismaelcolosi.com.br\/wp-content\/uploads\/2024\/11\/ceos-carreira-lideranca-1200x675.jpg?fit=1200%2C675&ssl=1&resize=700%2C400 2x, https:\/\/i0.wp.com\/ismaelcolosi.com.br\/wp-content\/uploads\/2024\/11\/ceos-carreira-lideranca-1200x675.jpg?fit=1200%2C675&ssl=1&resize=1050%2C600 3x"},"classes":[]},{"id":74556,"url":"https:\/\/ismaelcolosi.com.br\/index.php\/2024\/11\/01\/as-10-melhores-empresas-do-mundo-para-mulheres-2\/","url_meta":{"origin":80907,"position":1},"title":"as 10 Melhores Empresas do Mundo para Mulheres","author":"ismaelcolosi.com.br","date":"1 de November de 2024","format":false,"excerpt":"\u00a0 Acessibilidade \r L\r L\r A-\r A+\r \r \u25d0\r \r \u00a0 No Brasil, as mulheres ocupam 37% dos cargos de lideran\u00e7a s\u00eanior das empresas, de acordo com a 20\u00aa edi\u00e7\u00e3o do estudo Women in Business: Pathways to Parity (Mulheres no Mundo Corporativo: Caminhos para a Paridade). Nos Estados Unidos, atualmente\u2026","rel":"","context":"In &quot;Carreira e Sucesso&quot;","block_context":{"text":"Carreira e Sucesso","link":"https:\/\/ismaelcolosi.com.br\/index.php\/category\/carreira-e-sucesso-dicas-para-carreira\/"},"img":{"alt_text":"","src":"https:\/\/i0.wp.com\/ismaelcolosi.com.br\/wp-content\/uploads\/2024\/11\/mulheres-melhores-empresas-1200x675.jpg?fit=1200%2C675&ssl=1&resize=350%2C200","width":350,"height":200,"srcset":"https:\/\/i0.wp.com\/ismaelcolosi.com.br\/wp-content\/uploads\/2024\/11\/mulheres-melhores-empresas-1200x675.jpg?fit=1200%2C675&ssl=1&resize=350%2C200 1x, https:\/\/i0.wp.com\/ismaelcolosi.com.br\/wp-content\/uploads\/2024\/11\/mulheres-melhores-empresas-1200x675.jpg?fit=1200%2C675&ssl=1&resize=525%2C300 1.5x, https:\/\/i0.wp.com\/ismaelcolosi.com.br\/wp-content\/uploads\/2024\/11\/mulheres-melhores-empresas-1200x675.jpg?fit=1200%2C675&ssl=1&resize=700%2C400 2x, https:\/\/i0.wp.com\/ismaelcolosi.com.br\/wp-content\/uploads\/2024\/11\/mulheres-melhores-empresas-1200x675.jpg?fit=1200%2C675&ssl=1&resize=1050%2C600 3x"},"classes":[]},{"id":74126,"url":"https:\/\/ismaelcolosi.com.br\/index.php\/2024\/10\/30\/as-10-melhores-empresas-do-mundo-para-mulheres\/","url_meta":{"origin":80907,"position":2},"title":"as 10 Melhores Empresas do Mundo para Mulheres","author":"ismaelcolosi.com.br","date":"30 de October de 2024","format":false,"excerpt":"\u00a0 Acessibilidade \r L\r L\r A-\r A+\r \r \u25d0\r \r \u00a0 No Brasil, as mulheres ocupam 37% dos cargos de lideran\u00e7a s\u00eanior das empresas, de acordo com a 20\u00aa edi\u00e7\u00e3o do estudo Women in Business: Pathways to Parity (Mulheres no Mundo Corporativo: Caminhos para a Paridade). Nos Estados Unidos, atualmente\u2026","rel":"","context":"In &quot;Carreira e Sucesso&quot;","block_context":{"text":"Carreira e Sucesso","link":"https:\/\/ismaelcolosi.com.br\/index.php\/category\/carreira-e-sucesso-dicas-para-carreira\/"},"img":{"alt_text":"","src":"https:\/\/i0.wp.com\/ismaelcolosi.com.br\/wp-content\/uploads\/2024\/10\/mulheres-melhores-empresas-1200x675.jpg?fit=1200%2C675&ssl=1&resize=350%2C200","width":350,"height":200,"srcset":"https:\/\/i0.wp.com\/ismaelcolosi.com.br\/wp-content\/uploads\/2024\/10\/mulheres-melhores-empresas-1200x675.jpg?fit=1200%2C675&ssl=1&resize=350%2C200 1x, https:\/\/i0.wp.com\/ismaelcolosi.com.br\/wp-content\/uploads\/2024\/10\/mulheres-melhores-empresas-1200x675.jpg?fit=1200%2C675&ssl=1&resize=525%2C300 1.5x, https:\/\/i0.wp.com\/ismaelcolosi.com.br\/wp-content\/uploads\/2024\/10\/mulheres-melhores-empresas-1200x675.jpg?fit=1200%2C675&ssl=1&resize=700%2C400 2x, https:\/\/i0.wp.com\/ismaelcolosi.com.br\/wp-content\/uploads\/2024\/10\/mulheres-melhores-empresas-1200x675.jpg?fit=1200%2C675&ssl=1&resize=1050%2C600 3x"},"classes":[]},{"id":79130,"url":"https:\/\/ismaelcolosi.com.br\/index.php\/2024\/12\/13\/as-10-empresas-dos-sonhos-para-trabalhar-nos-eua\/","url_meta":{"origin":80907,"position":3},"title":"As 10 Empresas dos Sonhos para Trabalhar nos EUA","author":"ismaelcolosi.com.br","date":"13 de December de 2024","format":false,"excerpt":"\r Getty Images\r Para elaborar a lista das empresas dos sonhos para trabalhar nos EUA, a Forbes e a Statista entrevistaram mais de 150 mil pessoas \r \u00a0 Acessibilidade \r L\r L\r A-\r A+\r \r \u25d0\r \r \u00a0 A maioria dos profissionais provavelmente diria que teve empregos de que gostou\u2026","rel":"","context":"In &quot;Carreira e Sucesso&quot;","block_context":{"text":"Carreira e Sucesso","link":"https:\/\/ismaelcolosi.com.br\/index.php\/category\/carreira-e-sucesso-dicas-para-carreira\/"},"img":{"alt_text":"","src":"https:\/\/i0.wp.com\/ismaelcolosi.com.br\/wp-content\/uploads\/2024\/12\/forbes-carreira-empresas-dos-sonhos-1200x675.jpg?fit=1200%2C675&ssl=1&resize=350%2C200","width":350,"height":200,"srcset":"https:\/\/i0.wp.com\/ismaelcolosi.com.br\/wp-content\/uploads\/2024\/12\/forbes-carreira-empresas-dos-sonhos-1200x675.jpg?fit=1200%2C675&ssl=1&resize=350%2C200 1x, https:\/\/i0.wp.com\/ismaelcolosi.com.br\/wp-content\/uploads\/2024\/12\/forbes-carreira-empresas-dos-sonhos-1200x675.jpg?fit=1200%2C675&ssl=1&resize=525%2C300 1.5x, https:\/\/i0.wp.com\/ismaelcolosi.com.br\/wp-content\/uploads\/2024\/12\/forbes-carreira-empresas-dos-sonhos-1200x675.jpg?fit=1200%2C675&ssl=1&resize=700%2C400 2x, https:\/\/i0.wp.com\/ismaelcolosi.com.br\/wp-content\/uploads\/2024\/12\/forbes-carreira-empresas-dos-sonhos-1200x675.jpg?fit=1200%2C675&ssl=1&resize=1050%2C600 3x"},"classes":[]},{"id":82887,"url":"https:\/\/ismaelcolosi.com.br\/index.php\/2025\/02\/13\/as-15-melhores-empresas-para-trabalhar-nos-eua\/","url_meta":{"origin":80907,"position":4},"title":"As 15 Melhores Empresas para Trabalhar nos EUA","author":"ismaelcolosi.com.br","date":"13 de February de 2025","format":false,"excerpt":"\r Getty Images\r Ranking da Forbes avalia crit\u00e9rios como sal\u00e1rio, ambiente de trabalho, programas de treinamento e oportunidades de avan\u00e7o de carreira\r Acessibilidade \r L\r L\r A-\r A+\r \r \u25d0\r \r \u00a0 Um relat\u00f3rio da empresa de pesquisa e consultoria Gartner, publicado em outubro do ano passado, revela que os\u2026","rel":"","context":"In &quot;Carreira e Sucesso&quot;","block_context":{"text":"Carreira e Sucesso","link":"https:\/\/ismaelcolosi.com.br\/index.php\/category\/carreira-e-sucesso-dicas-para-carreira\/"},"img":{"alt_text":"","src":"https:\/\/i0.wp.com\/ismaelcolosi.com.br\/wp-content\/uploads\/2025\/02\/forbes-melhores-empresas-trabalho-ambiente-1200x675.jpg?fit=1200%2C675&ssl=1&resize=350%2C200","width":350,"height":200,"srcset":"https:\/\/i0.wp.com\/ismaelcolosi.com.br\/wp-content\/uploads\/2025\/02\/forbes-melhores-empresas-trabalho-ambiente-1200x675.jpg?fit=1200%2C675&ssl=1&resize=350%2C200 1x, https:\/\/i0.wp.com\/ismaelcolosi.com.br\/wp-content\/uploads\/2025\/02\/forbes-melhores-empresas-trabalho-ambiente-1200x675.jpg?fit=1200%2C675&ssl=1&resize=525%2C300 1.5x, https:\/\/i0.wp.com\/ismaelcolosi.com.br\/wp-content\/uploads\/2025\/02\/forbes-melhores-empresas-trabalho-ambiente-1200x675.jpg?fit=1200%2C675&ssl=1&resize=700%2C400 2x, https:\/\/i0.wp.com\/ismaelcolosi.com.br\/wp-content\/uploads\/2025\/02\/forbes-melhores-empresas-trabalho-ambiente-1200x675.jpg?fit=1200%2C675&ssl=1&resize=1050%2C600 3x"},"classes":[]},{"id":60368,"url":"https:\/\/ismaelcolosi.com.br\/index.php\/2024\/08\/15\/mulheres-sao-apenas-metade-no-mercado-de-trabalho\/","url_meta":{"origin":80907,"position":5},"title":"Mulheres s\u00e3o apenas metade no mercado de trabalho","author":"ismaelcolosi.com.br","date":"15 de August de 2024","format":false,"excerpt":"\u00a0 Acessibilidade L L A- A+ \u25d0 \u00a0 Somente pouco mais da metade das mulheres est\u00e3o no mercado de trabalho no Brasil. S\u00e3o apenas 52% das mulheres negras e 54% das brancas. A diferen\u00e7a \u00e9 grande para os homens. Entre eles, esse \u00edndice \u00e9 de cerca de 75%. Al\u00e9m de\u2026","rel":"","context":"In &quot;Carreira e Sucesso&quot;","block_context":{"text":"Carreira e Sucesso","link":"https:\/\/ismaelcolosi.com.br\/index.php\/category\/carreira-e-sucesso-dicas-para-carreira\/"},"img":{"alt_text":"","src":"https:\/\/i0.wp.com\/ismaelcolosi.com.br\/wp-content\/uploads\/2024\/08\/mulher-negra-trabalho-carreira-salario-1024x683.jpg?fit=1024%2C683&ssl=1&resize=350%2C200","width":350,"height":200,"srcset":"https:\/\/i0.wp.com\/ismaelcolosi.com.br\/wp-content\/uploads\/2024\/08\/mulher-negra-trabalho-carreira-salario-1024x683.jpg?fit=1024%2C683&ssl=1&resize=350%2C200 1x, https:\/\/i0.wp.com\/ismaelcolosi.com.br\/wp-content\/uploads\/2024\/08\/mulher-negra-trabalho-carreira-salario-1024x683.jpg?fit=1024%2C683&ssl=1&resize=525%2C300 1.5x, https:\/\/i0.wp.com\/ismaelcolosi.com.br\/wp-content\/uploads\/2024\/08\/mulher-negra-trabalho-carreira-salario-1024x683.jpg?fit=1024%2C683&ssl=1&resize=700%2C400 2x"},"classes":[]}],"jetpack_sharing_enabled":true,"jetpack_shortlink":"https:\/\/wp.me\/pfMlyK-l2X","_links":{"self":[{"href":"https:\/\/ismaelcolosi.com.br\/index.php\/wp-json\/wp\/v2\/posts\/80907","targetHints":{"allow":["GET"]}}],"collection":[{"href":"https:\/\/ismaelcolosi.com.br\/index.php\/wp-json\/wp\/v2\/posts"}],"about":[{"href":"https:\/\/ismaelcolosi.com.br\/index.php\/wp-json\/wp\/v2\/types\/post"}],"author":[{"embeddable":true,"href":"https:\/\/ismaelcolosi.com.br\/index.php\/wp-json\/wp\/v2\/users\/1"}],"replies":[{"embeddable":true,"href":"https:\/\/ismaelcolosi.com.br\/index.php\/wp-json\/wp\/v2\/comments?post=80907"}],"version-history":[{"count":0,"href":"https:\/\/ismaelcolosi.com.br\/index.php\/wp-json\/wp\/v2\/posts\/80907\/revisions"}],"wp:featuredmedia":[{"embeddable":true,"href":"https:\/\/ismaelcolosi.com.br\/index.php\/wp-json\/wp\/v2\/media\/80911"}],"wp:attachment":[{"href":"https:\/\/ismaelcolosi.com.br\/index.php\/wp-json\/wp\/v2\/media?parent=80907"}],"wp:term":[{"taxonomy":"category","embeddable":true,"href":"https:\/\/ismaelcolosi.com.br\/index.php\/wp-json\/wp\/v2\/categories?post=80907"},{"taxonomy":"post_tag","embeddable":true,"href":"https:\/\/ismaelcolosi.com.br\/index.php\/wp-json\/wp\/v2\/tags?post=80907"}],"curies":[{"name":"wp","href":"https:\/\/api.w.org\/{rel}","templated":true}]}}