{"id":8083,"date":"2023-11-29T12:50:34","date_gmt":"2023-11-29T15:50:34","guid":{"rendered":"https:\/\/ismaelcolosi.com.br\/index.php\/2023\/11\/29\/caravana-tapioca-celebra-10-anos-com-apresentacoes-no-tendal-da-lapa-casa-de-cultura-butanta-e-teatro-de-conteiner-mungunza\/"},"modified":"2023-11-29T12:50:34","modified_gmt":"2023-11-29T15:50:34","slug":"caravana-tapioca-celebra-10-anos-com-apresentacoes-no-tendal-da-lapa-casa-de-cultura-butanta-e-teatro-de-conteiner-mungunza","status":"publish","type":"post","link":"https:\/\/ismaelcolosi.com.br\/index.php\/2023\/11\/29\/caravana-tapioca-celebra-10-anos-com-apresentacoes-no-tendal-da-lapa-casa-de-cultura-butanta-e-teatro-de-conteiner-mungunza\/","title":{"rendered":"Caravana Tapioca celebra 10 anos com apresenta\u00e7\u00f5es no Tendal da Lapa, Casa de Cultura Butant\u00e3 e Teatro de Cont\u00eainer Mungunz\u00e1\u00a0"},"content":{"rendered":"<p> <br \/>\n<\/p>\n<div>\n<p>De 01 a 03 de dezembro de 2023 (sexta-feira a domingo), o grupo Caravana Tapioca (@caravanatapioca) realiza as \u00faltimas apresenta\u00e7\u00f5es do projeto \u201cLalai\u00e1 em Sampa\u201d, contemplado na 7a Edi\u00e7\u00e3o do Programa de Municipal de Fomento ao Circo para a Cidade de S\u00e3o Paulo, da Secretaria Municipal de Cultura e Prefeitura do Munic\u00edpio de S\u00e3o Paulo, que celebra os dez anos do grupo.<\/p>\n<p>No dia 01 de dezembro (sexta-feira), \u00e0s 15h, com entrada gratuita, o grupo apresenta o espet\u00e1culo \u201cLalai\u00e1\u201d no Centro Cultural Tendal da Lapa, na \u00c1gua Branca. No s\u00e1bado (02), \u00e0s 14h, a apresenta\u00e7\u00e3o acontece na Casa de Cultura Butant\u00e3. E no domingo, dia 03 de dezembro, \u00e0s 15h, a apresenta\u00e7\u00e3o acontece no Teatro de Cont\u00eainer Mungunz\u00e1, na Santa Ifig\u00eania. Ap\u00f3s as apresenta\u00e7\u00f5es, o grupo interage com o p\u00fablico em bate-papos sobre processo de cria\u00e7\u00e3o e a atua\u00e7\u00e3o profissional nas artes circenses.<\/p><div class='code-block code-block-8' style='margin: 8px auto; text-align: center; display: block; clear: both;'>\n<script>\n  atOptions = {\n    'key' : '66e2e2111ca34da796271819fc334058',\n    'format' : 'iframe',\n    'height' : 250,\n    'width' : 300,\n    'params' : {}\n  };\n<\/script>\n<script src=\"https:\/\/www.highperformanceformat.com\/66e2e2111ca34da796271819fc334058\/invoke.js\"><\/script>\n<\/div>\n\n<p>Com dire\u00e7\u00e3o de Alexandre Roit, o espet\u00e1culo \u201cLalai\u00e1\u201d une seis artistas em cena em um elenco plural e diverso, para reverenciar o encontro do Circo com a M\u00fasica, unindo exc\u00eantricas habilidades circenses ao som de ritmos brasileiros, como o samba, o funk e o forr\u00f3.<\/p>\n<p>Esses artistas contam com a arte do equil\u00edbrio e a gra\u00e7a da palha\u00e7aria, e se revezam nos instrumentos musicais violino, cavaquinho, saxofone, flauta, trombone e percuss\u00e3o, para criar ao vivo a trilha sonora, que tem dire\u00e7\u00e3o musical de Tet\u00ea Purezempla, e que embala seus malabares e acrobacias.<\/p>\n<p>\u201cLalai\u00e1\u201d \u00e9 um espet\u00e1culo dedicado a todas as idades com uma proposta que busca dialogar com o p\u00fablico que est\u00e1 assistindo, fazendo-o sentir-se parte do espet\u00e1culo, celebrando e encantando-se com as cenas e m\u00fasicas.<\/p>\n<p>O projeto \u201cLalai\u00e1 em Sampa\u201d, que celebra os dez anos da Caravana Tapioca, teve in\u00edcio em julho de 2023 e contou com a itinera\u0302ncia do espet\u00e1culo \u201cLalai\u00e1\u201d circulando pela cidade de S\u00e3o Paulo. Foram realizadas 18 (dezoito) apresenta\u00e7\u00f5es, em equipamentos da prefeitura, escolas municipais e espa\u00e7os p\u00fablicos (ruas e pra\u00e7as), seguidas de bate-papos com o p\u00fablico presente, al\u00e9m de palcos-abertos nas apresenta\u00e7\u00f5es que foram realizadas Funda\u00e7\u00e3o CASA.<\/p>\n<p>O projeto contou ainda\u00a0 com atividades formativas circenses em unidades da Funda\u00e7\u00e3o Casa, proporcionando \u00e0s pessoas participantes, uma viv\u00eancia com diferentes t\u00e9cnicas circenses. Foram realizadas tamb\u00e9m apresenta\u00e7\u00f5es p\u00fablicas com audiodescric\u0327a\u0303o e libras, difundindo a importa\u0302ncia da acessibilidade comunicacional para as artes.<\/p>\n<p>Entre os lugares que receberam o projeto est\u00e3o a Funda\u00e7\u00e3o Casa Chiquinha Gonzaga (Mooca), Parque Augusta, Instituto Padre Chico, Jardim Graja\u00fa, Funda\u00e7\u00e3o Casa de Itaquera, EMEBS Anne Sullivan, Circo no Beco, Centro Cultural Santo Amaro, Centro Cultural Vila Formosa, Centro Cultural Arte em Constru\u00e7\u00e3o, EMEBS Mario Pereira Bicudo, Parque Ch\u00e1cara do Jockey e EMEI Prof Arlindo Veiga dos Santos.<\/p>\n<p>O grupo encerra a temporada celebrativa com apresenta\u00e7\u00f5es em dezembro no Centro Cultural Tendal da Lapa, Casa de Cultura Butant\u00e3 e Teatro de Cont\u00eainer Mungunz\u00e1.<\/p>\n<p>Sobre a Caravana Tapioca<\/p>\n<p>Grupo de circo, teatro e m\u00fasica, fundado em 2010 por Anderson Machado e Giulia Nina, a Caravana Tapioca, criou um amplo repert\u00f3rio de cenas e espet\u00e1culos, com apresenta\u00e7\u00f5es em diversas pra\u00e7as, palcos, picadeiros e espa\u00e7os culturais do pa\u00eds.<\/p>\n<p>Com mais de 10 anos de trajet\u00f3ria, a Caravana tamb\u00e9m vem realizando circula\u00e7\u00f5es pelo sert\u00e3o nordestino, unidades da Funda\u00e7\u00e3o Casa e outros espa\u00e7os que usualmente n\u00e3o recebem espet\u00e1culos, reafirmando assim, seu compromisso de partilhar arte com variados p\u00fablicos<\/p>\n<p>Informa\u00e7\u00f5es: www.caravanatapioca.com \/ www.facebook.com\/caravanatapioca \/ www.instagram.com\/caravanatapioca \/ www.youtube.com\/caravanatapioca<\/p>\n<p>Ficha T\u00e9cnica \u2013 Elenco: Anderson Machado, Emerson Noise (Tchatcho), Giulia Nina, Karen Nashiro, Maf\u00ea e Paulo Wesley. Administra\u00e7\u00e3o Financeira: Marcela Marcucci. T\u00e9cnico de Som: Jotap\u00ea. Dire\u00e7\u00e3o Musical: Tet\u00ea Purezempla. Orienta\u00e7\u00e3o art\u00edstica: Al\u00ea Roit. Assessoria de Imprensa: Luciana Gandelini.\u00a0 Coordena\u00e7\u00e3o de Produ\u00e7\u00e3o: Suenne Sotero.<\/p>\n<p>Teaser do espet\u00e1culo \u201cLalai\u00e1\u201d: https:\/\/vimeo.com\/671258239<\/p>\n<p>Servi\u00e7o: Espet\u00e1culo \u201cLalai\u00e1\u201d<\/p>\n<p>Com Caravana Tapioca<\/p>\n<p>Sinopse: Para reverenciar o encontro da M\u00fasica com o Circo, seis artistas do elenco se revezam nos instrumentos musicais, malabares e acrobacias em demonstra\u00e7\u00f5es exc\u00eantricas de habilidades ao som de ritmos brasileiros. Esses artistas contam com a arte do equil\u00edbrio e a gra\u00e7a da palha\u00e7aria, tudo na cad\u00eancia do samba, do funk e do forr\u00f3. Violino, cavaquinho, saxofone, flauta, trombone e percuss\u00e3o na ousadia do Circo. Dura\u00e7\u00e3o: 50 minutos<\/p>\n<p>Gr\u00e1tis \u2013 Classifica\u00e7\u00e3o Livre<\/p>\n<p>Quando: 01 de dezembro de 2023 (sexta-feira) \u2013 Hor\u00e1rio: 15h<\/p>\n<p>Onde: Centro Cultural Tendal da Lapa \u2013 Endere\u00e7o: R. Guaicurus, 1100 \u2013 \u00c1gua Branca, S\u00e3o Paulo \u2013 SP<\/p>\n<p>Quando: 02 de dezembro de 2023 (s\u00e1bado) \u2013 Hor\u00e1rio: 14h<\/p>\n<p>Onde: Casa de Cultura Butant\u00e3 \u2013 Endere\u00e7o: Av. Junta Mizumoto, 13 \u2013 Jardim Peri Peri, S\u00e3o Paulo \u2013 SP<\/p>\n<p>Quando: 03 de dezembro de 2023 (domingo) \u2013 Hor\u00e1rio: 15h<\/p>\n<p>Onde: Teatro de Cont\u00eainer Mungunz\u00e1 \u2013 Endere\u00e7o: R. dos Gusm\u00f5es, 43 \u2013 Santa Ifig\u00eania, S\u00e3o Paulo \u2013 SP<\/p>\n<\/div>\n<p><script>\n\t\t! function(f, b, e, v, n, t, s) {\n\t\t\tif (f.fbq) return;\n\t\t\tn = f.fbq = function() {\n\t\t\t\tn.callMethod ?\n\t\t\t\t\tn.callMethod.apply(n, arguments) : n.queue.push(arguments)\n\t\t\t};\n\t\t\tif (!f._fbq) f._fbq = n;\n\t\t\tn.push = n;\n\t\t\tn.loaded = !0;\n\t\t\tn.version = '2.0';\n\t\t\tn.queue = [];\n\t\t\tt = b.createElement(e);\n\t\t\tt.async = !0;\n\t\t\tt.src = v;\n\t\t\ts = b.getElementsByTagName(e)[0];\n\t\t\ts.parentNode.insertBefore(t, s)\n\t\t}(window, document, 'script',\n\t\t\t'https:\/\/connect.facebook.net\/en_US\/fbevents.js');\n\t\tfbq('init', '338315473262380');\n\t\tfbq('track', 'PageView');\n\t<\/script><script async src=\"\/\/www.instagram.com\/embed.js\"><\/script><br \/>\n<br \/><br \/>\n<br \/><a href=\"https:\/\/catracalivre.com.br\/vila-mundo\/caravana-tapioca-celebra-10-anos-com-apresentacoes-no-tendal-da-lapa-casa-de-cultura-butanta-e-teatro-de-conteiner-mungunza\/\">Source link <\/a><\/p>\n<div class='code-block code-block-4' style='margin: 8px auto 8px 0; text-align: left; display: block; clear: both;'>\n\ud83d\udce2 Aviso Legal\n\nO site ismaelcolosi.com.br atua apenas como um canal de divulga\u00e7\u00e3o de oportunidades de emprego e n\u00e3o se responsabiliza pelo processo seletivo, contrata\u00e7\u00e3o ou qualquer outra etapa relacionada \u00e0s vagas publicadas. Todas as informa\u00e7\u00f5es s\u00e3o de responsabilidade dos anunciantes.\n\n\u26a0\ufe0f Aten\u00e7\u00e3o! Nunca pague por promessas de emprego nem compre cursos que garantam contrata\u00e7\u00e3o. Desconfie de qualquer cobran\u00e7a para participar de sele\u00e7\u00f5es.\n\n\n\n<\/div>\n<!-- CONTENT END 1 -->\n","protected":false},"excerpt":{"rendered":"<p>De 01 a 03 de dezembro de 2023 (sexta-feira a domingo), o grupo Caravana Tapioca (@caravanatapioca) realiza as \u00faltimas apresenta\u00e7\u00f5es do projeto \u201cLalai\u00e1 em Sampa\u201d,&#8230;<\/p>\n","protected":false},"author":1,"featured_media":8084,"comment_status":"open","ping_status":"open","sticky":false,"template":"","format":"standard","meta":{"_uag_custom_page_level_css":"","advanced_seo_description":"","jetpack_seo_html_title":"","jetpack_seo_noindex":false,"jetpack_post_was_ever_published":false,"_jetpack_newsletter_access":"","_jetpack_dont_email_post_to_subs":false,"_jetpack_newsletter_tier_id":0,"_jetpack_memberships_contains_paywalled_content":false,"_jetpack_memberships_contains_paid_content":false,"footnotes":"","jetpack_publicize_message":"","jetpack_publicize_feature_enabled":true,"jetpack_social_post_already_shared":true,"jetpack_social_options":{"image_generator_settings":{"template":"highway","default_image_id":0,"font":"","enabled":false},"version":2}},"categories":[19],"tags":[],"class_list":["post-8083","post","type-post","status-publish","format-standard","has-post-thumbnail","hentry","category-variedades"],"jetpack_publicize_connections":[],"jetpack_featured_media_url":"https:\/\/i0.wp.com\/ismaelcolosi.com.br\/wp-content\/uploads\/2023\/11\/caravana-tapioca-foto-de-tassio-folli-1.jpeg?fit=1200%2C638&ssl=1","uagb_featured_image_src":{"full":["https:\/\/i0.wp.com\/ismaelcolosi.com.br\/wp-content\/uploads\/2023\/11\/caravana-tapioca-foto-de-tassio-folli-1.jpeg?fit=1200%2C638&ssl=1",1200,638,false],"thumbnail":["https:\/\/i0.wp.com\/ismaelcolosi.com.br\/wp-content\/uploads\/2023\/11\/caravana-tapioca-foto-de-tassio-folli-1.jpeg?resize=150%2C150&ssl=1",150,150,true],"medium":["https:\/\/i0.wp.com\/ismaelcolosi.com.br\/wp-content\/uploads\/2023\/11\/caravana-tapioca-foto-de-tassio-folli-1.jpeg?fit=300%2C160&ssl=1",300,160,true],"medium_large":["https:\/\/i0.wp.com\/ismaelcolosi.com.br\/wp-content\/uploads\/2023\/11\/caravana-tapioca-foto-de-tassio-folli-1.jpeg?fit=768%2C408&ssl=1",768,408,true],"large":["https:\/\/i0.wp.com\/ismaelcolosi.com.br\/wp-content\/uploads\/2023\/11\/caravana-tapioca-foto-de-tassio-folli-1.jpeg?fit=1024%2C544&ssl=1",1024,544,true],"1536x1536":["https:\/\/i0.wp.com\/ismaelcolosi.com.br\/wp-content\/uploads\/2023\/11\/caravana-tapioca-foto-de-tassio-folli-1.jpeg?fit=1200%2C638&ssl=1",1200,638,true],"2048x2048":["https:\/\/i0.wp.com\/ismaelcolosi.com.br\/wp-content\/uploads\/2023\/11\/caravana-tapioca-foto-de-tassio-folli-1.jpeg?fit=1200%2C638&ssl=1",1200,638,true],"really-simple-thumb":["https:\/\/i0.wp.com\/ismaelcolosi.com.br\/wp-content\/uploads\/2023\/11\/caravana-tapioca-foto-de-tassio-folli-1.jpeg?resize=370%2C247&ssl=1",370,247,true]},"uagb_author_info":{"display_name":"ismaelcolosi.com.br","author_link":"https:\/\/ismaelcolosi.com.br\/index.php\/author\/vidareal-online\/"},"uagb_comment_info":0,"uagb_excerpt":"De 01 a 03 de dezembro de 2023 (sexta-feira a domingo), o grupo Caravana Tapioca (@caravanatapioca) realiza as \u00faltimas apresenta\u00e7\u00f5es do projeto \u201cLalai\u00e1 em Sampa\u201d,...","jetpack-related-posts":[{"id":9163,"url":"https:\/\/ismaelcolosi.com.br\/index.php\/2023\/12\/01\/espetaculo-de-marionetes-de-fio-laia-e-o-voo-da-imaginacao-estreia-temporada-gratuita-em-sao-paulo\/","url_meta":{"origin":8083,"position":0},"title":"Espet\u00e1culo de marionetes de fio \u201cLaia e o Voo da Imagina\u00e7\u00e3o&#8221; estreia temporada gratuita em S\u00e3o Paulo","author":"ismaelcolosi.com.br","date":"1 de December de 2023","format":false,"excerpt":"De 02 a 16 de dezembro, com entrada gratuita, a Cia Tu Mateixa Marionetes realiza uma temporada gratuita de apresenta\u00e7\u00f5es de \u201cLaia e o Voo da Imagina\u00e7\u00e3o\u201d em centros culturais de S\u00e3o Paulo, al\u00e9m das oficinas gratuitas Dando Vida \u00e0 Mat\u00e9ria \u2013 Princ\u00edpios da Manipula\u00e7\u00e3o de Bonecos. \u201cLaia e o\u2026","rel":"","context":"In &quot;Variedades&quot;","block_context":{"text":"Variedades","link":"https:\/\/ismaelcolosi.com.br\/index.php\/category\/variedades\/"},"img":{"alt_text":"","src":"https:\/\/i0.wp.com\/ismaelcolosi.com.br\/wp-content\/uploads\/2023\/12\/laia-e-o-voo-da-imaginacao-cia-tu-mateixa-foto-marina-decourt-2.jpeg?fit=1200%2C638&ssl=1&resize=350%2C200","width":350,"height":200,"srcset":"https:\/\/i0.wp.com\/ismaelcolosi.com.br\/wp-content\/uploads\/2023\/12\/laia-e-o-voo-da-imaginacao-cia-tu-mateixa-foto-marina-decourt-2.jpeg?fit=1200%2C638&ssl=1&resize=350%2C200 1x, https:\/\/i0.wp.com\/ismaelcolosi.com.br\/wp-content\/uploads\/2023\/12\/laia-e-o-voo-da-imaginacao-cia-tu-mateixa-foto-marina-decourt-2.jpeg?fit=1200%2C638&ssl=1&resize=525%2C300 1.5x, https:\/\/i0.wp.com\/ismaelcolosi.com.br\/wp-content\/uploads\/2023\/12\/laia-e-o-voo-da-imaginacao-cia-tu-mateixa-foto-marina-decourt-2.jpeg?fit=1200%2C638&ssl=1&resize=700%2C400 2x, https:\/\/i0.wp.com\/ismaelcolosi.com.br\/wp-content\/uploads\/2023\/12\/laia-e-o-voo-da-imaginacao-cia-tu-mateixa-foto-marina-decourt-2.jpeg?fit=1200%2C638&ssl=1&resize=1050%2C600 3x"},"classes":[]},{"id":9002,"url":"https:\/\/ismaelcolosi.com.br\/index.php\/2023\/12\/01\/thiaguinho-carpinejar-e-toninho-delicio-opcoes-para-curtir-o-fim-de-semana-em-ribeirao\/","url_meta":{"origin":8083,"position":1},"title":"Thiaguinho, Carpinejar e Toninho Del\u00edcio: Op\u00e7\u00f5es para curtir o fim de semana em Ribeir\u00e3o\u00a0","author":"ismaelcolosi.com.br","date":"1 de December de 2023","format":false,"excerpt":"O primeiro fim de semana do m\u00eas de dezembro em Ribeir\u00e3o Preto tem op\u00e7\u00f5es variadas para quem gosta de m\u00fasica e programa\u00e7\u00f5es em teatros. \u00a0 Apresenta\u00e7\u00e3o de chorinho, maracatu, stand up, show do Thiaguinho e mais. Confira\u00a0 DUO GIARDINI \u00a0 O Teatro Sesi de Ribeir\u00e3o Preto, no Jardim Castelo Branco,\u2026","rel":"","context":"In &quot;Not\u00edcias de Ribeir\u00e3o Preto-SP e Regi\u00e3o&quot;","block_context":{"text":"Not\u00edcias de Ribeir\u00e3o Preto-SP e Regi\u00e3o","link":"https:\/\/ismaelcolosi.com.br\/index.php\/category\/noticias-de-ribeirao-preto-sp-e-regiao-ismael-colosi\/"},"img":{"alt_text":"","src":"https:\/\/i0.wp.com\/ismaelcolosi.com.br\/wp-content\/uploads\/2023\/12\/WhatsApp-Image-2023-11-11-at-12.18.32.jpeg?fit=1080%2C745&ssl=1&resize=350%2C200","width":350,"height":200,"srcset":"https:\/\/i0.wp.com\/ismaelcolosi.com.br\/wp-content\/uploads\/2023\/12\/WhatsApp-Image-2023-11-11-at-12.18.32.jpeg?fit=1080%2C745&ssl=1&resize=350%2C200 1x, https:\/\/i0.wp.com\/ismaelcolosi.com.br\/wp-content\/uploads\/2023\/12\/WhatsApp-Image-2023-11-11-at-12.18.32.jpeg?fit=1080%2C745&ssl=1&resize=525%2C300 1.5x, https:\/\/i0.wp.com\/ismaelcolosi.com.br\/wp-content\/uploads\/2023\/12\/WhatsApp-Image-2023-11-11-at-12.18.32.jpeg?fit=1080%2C745&ssl=1&resize=700%2C400 2x, https:\/\/i0.wp.com\/ismaelcolosi.com.br\/wp-content\/uploads\/2023\/12\/WhatsApp-Image-2023-11-11-at-12.18.32.jpeg?fit=1080%2C745&ssl=1&resize=1050%2C600 3x"},"classes":[]},{"id":15604,"url":"https:\/\/ismaelcolosi.com.br\/index.php\/2023\/12\/13\/projeto-chorinho-na-7-recebe-choro-da-casa-nesta-sexta-feira-15\/","url_meta":{"origin":8083,"position":2},"title":"Projeto \u201cChorinho na 7\u201d recebe Choro da Casa nesta sexta-feira, 15 \u2013 Folha de Ribeir\u00e3o","author":"ismaelcolosi.com.br","date":"13 de December de 2023","format":false,"excerpt":"O projeto \u201cChorinho na 7\u201d, realizado pela Secretaria Municipal da Cultura e Turismo, recebe novamente o grupo Choro da Casa para uma apresenta\u00e7\u00e3o especial nesta sexta-feira, dia 15 de dezembro, \u00e0s 19h, na Pra\u00e7a Sete de Setembro, que fica no quadril\u00e1tero entre as ruas Lafaiete, Flor\u00eancio de Abreu, Sete de\u2026","rel":"","context":"In &quot;Not\u00edcias de Ribeir\u00e3o Preto-SP e Regi\u00e3o&quot;","block_context":{"text":"Not\u00edcias de Ribeir\u00e3o Preto-SP e Regi\u00e3o","link":"https:\/\/ismaelcolosi.com.br\/index.php\/category\/noticias-de-ribeirao-preto-sp-e-regiao-ismael-colosi\/"},"img":{"alt_text":"","src":"https:\/\/i0.wp.com\/ismaelcolosi.com.br\/wp-content\/uploads\/2023\/12\/chorinho1312_1.jpeg?fit=1024%2C473&ssl=1&resize=350%2C200","width":350,"height":200,"srcset":"https:\/\/i0.wp.com\/ismaelcolosi.com.br\/wp-content\/uploads\/2023\/12\/chorinho1312_1.jpeg?fit=1024%2C473&ssl=1&resize=350%2C200 1x, https:\/\/i0.wp.com\/ismaelcolosi.com.br\/wp-content\/uploads\/2023\/12\/chorinho1312_1.jpeg?fit=1024%2C473&ssl=1&resize=525%2C300 1.5x, https:\/\/i0.wp.com\/ismaelcolosi.com.br\/wp-content\/uploads\/2023\/12\/chorinho1312_1.jpeg?fit=1024%2C473&ssl=1&resize=700%2C400 2x"},"classes":[]},{"id":3049,"url":"https:\/\/ismaelcolosi.com.br\/index.php\/2023\/11\/17\/drift-legiao-urbana-e-guilherme-de-sa-saiba-o-que-acontece-no-fim-de-semana-em-ribeirao\/","url_meta":{"origin":8083,"position":3},"title":"Drift, Legi\u00e3o Urbana e Guilherme de S\u00e1: Saiba o que acontece no fim de semana em Ribeir\u00e3o\u00a0","author":"ismaelcolosi.com.br","date":"17 de November de 2023","format":false,"excerpt":"O fim de semana em Ribeir\u00e3o Preto conta com diversas apresenta\u00e7\u00f5es de m\u00fasica, espet\u00e1culos nos teatros e atividades gratuitas. \u00a0 H\u00e1 a final do Campeonato Brasileiro de Drift, show com integrantes da Legi\u00e3o Urbana, tributo \u00e0 Rita Lee, Guilherme de S\u00e1, festival de hip hop, entre outros. CHORINHO NA 7\u00a0\u2026","rel":"","context":"In &quot;Not\u00edcias de Ribeir\u00e3o Preto-SP e Regi\u00e3o&quot;","block_context":{"text":"Not\u00edcias de Ribeir\u00e3o Preto-SP e Regi\u00e3o","link":"https:\/\/ismaelcolosi.com.br\/index.php\/category\/noticias-de-ribeirao-preto-sp-e-regiao-ismael-colosi\/"},"img":{"alt_text":"","src":"https:\/\/i0.wp.com\/ismaelcolosi.com.br\/wp-content\/uploads\/2023\/11\/Pilotos-de-drift-em-acao-durante-a-temporada-em-2022-1-1024x683.jpg?fit=1024%2C683&ssl=1&resize=350%2C200","width":350,"height":200,"srcset":"https:\/\/i0.wp.com\/ismaelcolosi.com.br\/wp-content\/uploads\/2023\/11\/Pilotos-de-drift-em-acao-durante-a-temporada-em-2022-1-1024x683.jpg?fit=1024%2C683&ssl=1&resize=350%2C200 1x, https:\/\/i0.wp.com\/ismaelcolosi.com.br\/wp-content\/uploads\/2023\/11\/Pilotos-de-drift-em-acao-durante-a-temporada-em-2022-1-1024x683.jpg?fit=1024%2C683&ssl=1&resize=525%2C300 1.5x, https:\/\/i0.wp.com\/ismaelcolosi.com.br\/wp-content\/uploads\/2023\/11\/Pilotos-de-drift-em-acao-durante-a-temporada-em-2022-1-1024x683.jpg?fit=1024%2C683&ssl=1&resize=700%2C400 2x"},"classes":[]},{"id":40168,"url":"https:\/\/ismaelcolosi.com.br\/index.php\/2024\/03\/01\/veja-os-eventos-para-curtir-no-primeiro-final-de-semana-de-marco-em-ribeirao\/","url_meta":{"origin":8083,"position":4},"title":"Veja os eventos para curtir no primeiro final de semana de mar\u00e7o em Ribeir\u00e3o","author":"ismaelcolosi.com.br","date":"1 de March de 2024","format":false,"excerpt":"O primeiro final de semana de mar\u00e7o oferece uma programa\u00e7\u00e3o diversificada para aproveitar com a fam\u00edlia ou amigos em Ribeir\u00e3o Preto. Entre as op\u00e7\u00f5es, h\u00e1 pe\u00e7as de teatros, circo, shows, concerto e outros eventos. Confira: Circo do Patati e Patat\u00e1 Este \u00e9 o \u00faltimo final de semana de apresenta\u00e7\u00f5es do\u2026","rel":"","context":"In &quot;Not\u00edcias de Ribeir\u00e3o Preto-SP e Regi\u00e3o&quot;","block_context":{"text":"Not\u00edcias de Ribeir\u00e3o Preto-SP e Regi\u00e3o","link":"https:\/\/ismaelcolosi.com.br\/index.php\/category\/noticias-de-ribeirao-preto-sp-e-regiao-ismael-colosi\/"},"img":{"alt_text":"","src":"https:\/\/i0.wp.com\/ismaelcolosi.com.br\/wp-content\/uploads\/2024\/03\/AnyConv.com__RACHEL-REIS-copy.webp.webp?fit=1200%2C600&ssl=1&resize=350%2C200","width":350,"height":200,"srcset":"https:\/\/i0.wp.com\/ismaelcolosi.com.br\/wp-content\/uploads\/2024\/03\/AnyConv.com__RACHEL-REIS-copy.webp.webp?fit=1200%2C600&ssl=1&resize=350%2C200 1x, https:\/\/i0.wp.com\/ismaelcolosi.com.br\/wp-content\/uploads\/2024\/03\/AnyConv.com__RACHEL-REIS-copy.webp.webp?fit=1200%2C600&ssl=1&resize=525%2C300 1.5x, https:\/\/i0.wp.com\/ismaelcolosi.com.br\/wp-content\/uploads\/2024\/03\/AnyConv.com__RACHEL-REIS-copy.webp.webp?fit=1200%2C600&ssl=1&resize=700%2C400 2x, https:\/\/i0.wp.com\/ismaelcolosi.com.br\/wp-content\/uploads\/2024\/03\/AnyConv.com__RACHEL-REIS-copy.webp.webp?fit=1200%2C600&ssl=1&resize=1050%2C600 3x"},"classes":[]},{"id":58743,"url":"https:\/\/ismaelcolosi.com.br\/index.php\/2024\/08\/02\/mv-bill-candlelight-e-dori-caymmi-confira-o-que-fazer-no-fim-de-semana-em-ribeirao-preto\/","url_meta":{"origin":8083,"position":5},"title":"MV Bill, \u2018Candlelight\u2019 e Dori Caymmi: Confira o que fazer no fim de semana em Ribeir\u00e3o Preto","author":"ismaelcolosi.com.br","date":"2 de August de 2024","format":false,"excerpt":"Sextou! O primeiro fim de semana de agosto come\u00e7ou e Ribeir\u00e3o Preto conta com diversas atividades culturais para quem n\u00e3o gosta de ficar parado. Entre as op\u00e7\u00f5es est\u00e3o a programa\u00e7\u00e3o da 23\u00aa Feira Internacional do Livro de Ribeir\u00e3o Preto, shows e circo digital. Confira o que fazer neste fim de\u2026","rel":"","context":"In &quot;Not\u00edcias de Ribeir\u00e3o Preto-SP e Regi\u00e3o&quot;","block_context":{"text":"Not\u00edcias de Ribeir\u00e3o Preto-SP e Regi\u00e3o","link":"https:\/\/ismaelcolosi.com.br\/index.php\/category\/noticias-de-ribeirao-preto-sp-e-regiao-ismael-colosi\/"},"img":{"alt_text":"","src":"https:\/\/i0.wp.com\/ismaelcolosi.com.br\/wp-content\/uploads\/2024\/08\/Copia-de-Copia-de-TAMANHO-EXATO-PARA-FOTOS-NO-SISTEMA-NOVO-24_2024-08-02_12-31-16_jpg_2024-08-02_12-31-16.webp.webp?fit=1200%2C675&ssl=1&resize=350%2C200","width":350,"height":200,"srcset":"https:\/\/i0.wp.com\/ismaelcolosi.com.br\/wp-content\/uploads\/2024\/08\/Copia-de-Copia-de-TAMANHO-EXATO-PARA-FOTOS-NO-SISTEMA-NOVO-24_2024-08-02_12-31-16_jpg_2024-08-02_12-31-16.webp.webp?fit=1200%2C675&ssl=1&resize=350%2C200 1x, https:\/\/i0.wp.com\/ismaelcolosi.com.br\/wp-content\/uploads\/2024\/08\/Copia-de-Copia-de-TAMANHO-EXATO-PARA-FOTOS-NO-SISTEMA-NOVO-24_2024-08-02_12-31-16_jpg_2024-08-02_12-31-16.webp.webp?fit=1200%2C675&ssl=1&resize=525%2C300 1.5x, https:\/\/i0.wp.com\/ismaelcolosi.com.br\/wp-content\/uploads\/2024\/08\/Copia-de-Copia-de-TAMANHO-EXATO-PARA-FOTOS-NO-SISTEMA-NOVO-24_2024-08-02_12-31-16_jpg_2024-08-02_12-31-16.webp.webp?fit=1200%2C675&ssl=1&resize=700%2C400 2x, https:\/\/i0.wp.com\/ismaelcolosi.com.br\/wp-content\/uploads\/2024\/08\/Copia-de-Copia-de-TAMANHO-EXATO-PARA-FOTOS-NO-SISTEMA-NOVO-24_2024-08-02_12-31-16_jpg_2024-08-02_12-31-16.webp.webp?fit=1200%2C675&ssl=1&resize=1050%2C600 3x"},"classes":[]}],"jetpack_sharing_enabled":true,"jetpack_shortlink":"https:\/\/wp.me\/pfMlyK-26n","_links":{"self":[{"href":"https:\/\/ismaelcolosi.com.br\/index.php\/wp-json\/wp\/v2\/posts\/8083","targetHints":{"allow":["GET"]}}],"collection":[{"href":"https:\/\/ismaelcolosi.com.br\/index.php\/wp-json\/wp\/v2\/posts"}],"about":[{"href":"https:\/\/ismaelcolosi.com.br\/index.php\/wp-json\/wp\/v2\/types\/post"}],"author":[{"embeddable":true,"href":"https:\/\/ismaelcolosi.com.br\/index.php\/wp-json\/wp\/v2\/users\/1"}],"replies":[{"embeddable":true,"href":"https:\/\/ismaelcolosi.com.br\/index.php\/wp-json\/wp\/v2\/comments?post=8083"}],"version-history":[{"count":0,"href":"https:\/\/ismaelcolosi.com.br\/index.php\/wp-json\/wp\/v2\/posts\/8083\/revisions"}],"wp:featuredmedia":[{"embeddable":true,"href":"https:\/\/ismaelcolosi.com.br\/index.php\/wp-json\/wp\/v2\/media\/8084"}],"wp:attachment":[{"href":"https:\/\/ismaelcolosi.com.br\/index.php\/wp-json\/wp\/v2\/media?parent=8083"}],"wp:term":[{"taxonomy":"category","embeddable":true,"href":"https:\/\/ismaelcolosi.com.br\/index.php\/wp-json\/wp\/v2\/categories?post=8083"},{"taxonomy":"post_tag","embeddable":true,"href":"https:\/\/ismaelcolosi.com.br\/index.php\/wp-json\/wp\/v2\/tags?post=8083"}],"curies":[{"name":"wp","href":"https:\/\/api.w.org\/{rel}","templated":true}]}}