{"id":80604,"date":"2024-12-31T05:17:23","date_gmt":"2024-12-31T08:17:23","guid":{"rendered":"https:\/\/ismaelcolosi.com.br\/index.php\/2024\/12\/31\/10-bilionarios-que-superaram-barreiras-e-construiram-fortunas\/"},"modified":"2024-12-31T05:17:23","modified_gmt":"2024-12-31T08:17:23","slug":"10-bilionarios-que-superaram-barreiras-e-construiram-fortunas","status":"publish","type":"post","link":"https:\/\/ismaelcolosi.com.br\/index.php\/2024\/12\/31\/10-bilionarios-que-superaram-barreiras-e-construiram-fortunas\/","title":{"rendered":"10 Bilion\u00e1rios que Superaram Barreiras e Constru\u00edram Fortunas"},"content":{"rendered":"<p> <br \/>\n<\/p>\n<div>\n<figure class=\"destaque wp-caption\">&#13;<br \/>\n\t\t<img data-recalc-dims=\"1\" width=\"678\" height=\"452\" src=\"https:\/\/i0.wp.com\/forbes.com.br\/wp-content\/uploads\/2024\/12\/Rihanna-forbes-768x512.jpg?resize=678%2C452&#038;ssl=1\" class=\"attachment-medium_large size-medium_large wp-post-image\" alt=\"Rihanna Bilion\u00e1rios\" decoding=\"async\" fetchpriority=\"high\"\/>\t\t<\/p>\n<p>Getty Images<\/p>\n<p>&#13;<figcaption class=\"wp-caption-text\">Uma das artistas mulheres mais ricas do mundo, Rihanna teve sua inf\u00e2ncia marcada por dificuldades<\/figcaption>&#13;<br \/>\n\t<\/figure>\n<p>\u00a0<\/p>\n<div class=\"accessibility\">\n<p>Acessibilidade<\/p>\n<p>&#13;<br \/>\n\t\t\t<button onclick=\"alterFont1()\" id=\"btn1\" class=\"btn\">L<\/button>&#13;<br \/>\n\t\t\t<button onclick=\"alterFont2()\" id=\"btn2\" class=\"btn\" style=\"font-family:Merriweather\">L<\/button>&#13;<br \/>\n\t\t\t<button onclick=\"alterFontSmallerSize()\" id=\"btn3\" class=\"btn\">A-<\/button>&#13;<br \/>\n\t\t\t<button onclick=\"alterFontBiggerSize()\" id=\"btn4\" class=\"btn\">A+<\/button>&#13;<br \/>\n\t\t\t<!--<button onclick='alterFontBolder()' id='btn5' class=\"btn\" >B<\/button>-->&#13;<br \/>\n\t\t\t<button onclick=\"alterBackground()\" id=\"btn6\" class=\"btn\">\u25d0<\/button>&#13;<br \/>\n\t\t\t<!--<button onclick='clean()' id='btn7' class=\"btn\" >Limpar<\/button>-->&#13;\n\t\t<\/p>\n<\/p><\/div>\n<p>\u00a0<\/p>\n<p>Nesta temporada de festas, os bilion\u00e1rios americanos t\u00eam muito pelo que agradecer. Com o mercado de a\u00e7\u00f5es em alta, o n\u00famero de bilion\u00e1rios \u00e9 recorde, e eles est\u00e3o mais ricos e poderosos do que nunca.<\/p>\n<p>Parece que a sorte est\u00e1 sempre ao lado deles, mas muitos n\u00e3o come\u00e7aram dessa forma. Enquanto alguns desses grandes empres\u00e1rios nasceram ricos ou tiveram grandes vantagens gra\u00e7as \u00e0s conex\u00f5es familiares, muitos vieram do nada. Da pobreza \u00e0 riqueza, suas hist\u00f3rias mostram at\u00e9 onde algu\u00e9m pode chegar em apenas uma gera\u00e7\u00e3o.<\/p>\n<p>Esse \u00e9 o caso de <strong>Frank VanderSloot<\/strong>, fundador da empresa de bem-estar <strong>Melaleuca<\/strong>, que passou a inf\u00e2ncia trabalhando em uma fazenda em Idaho, no noroeste dos EUA, e s\u00f3 conseguiu pagar a faculdade vivendo em uma lavanderia. \u201cMinha fam\u00edlia n\u00e3o tinha muito dinheiro, ent\u00e3o fiquei muito empolgado quando tinha uns oito anos e meu pai trouxe para casa uma caixa de papel\u00e3o com furos. Era um pombo\u201d, VanderSloot contou \u00e0 <strong>Forbes<\/strong>, relembrando seu presente de Natal favorito na inf\u00e2ncia. Hoje, o empres\u00e1rio tem uma fortuna estimada em US$ 3,2 bilh\u00f5es (R$ 19,8 bilh\u00f5es), o suficiente para comprar um pombo para cada crian\u00e7a dos Estados Unidos.<\/p>\n<p><strong>Oprah Winfrey<\/strong> compartilha uma lista de ideias de presentes em sua famosa sele\u00e7\u00e3o anual de \u201cCoisas Favoritas\u201d. Mas, quando crian\u00e7a, vivendo com sua m\u00e3e solo dependente de assist\u00eancia social, presentes n\u00e3o faziam parte da sua realidade. Winfrey descobriu que o Papai Noel n\u00e3o existia aos 12 anos, quando sua m\u00e3e disse que n\u00e3o podiam comemorar o Natal naquele ano, ela contou em seu programa de TV. A apresentadora se lembra de temer o momento de contar aos colegas que n\u00e3o ganhou nenhum presente. Mas, quando algumas freiras apareceram inesperadamente em sua casa com alimentos e uma boneca, foi o melhor Natal da sua vida. Winfrey, hoje com uma fortuna estimada em US$ 3 bilh\u00f5es (R$ 18,6 bilh\u00f5es), tenta retribuir doando brinquedos para dezenas de milhares de crian\u00e7as em situa\u00e7\u00e3o de vulnerabilidade.<\/p>\n<p>VanderSloot e Winfrey est\u00e3o longe de ser os \u00fanicos bilion\u00e1rios cujos Natais e outras festas de inf\u00e2ncia foram humildes. Em homenagem ao esp\u00edrito inspirador das festas de fim de ano, a <strong>Forbes<\/strong> relembra 10 hist\u00f3rias de bilion\u00e1rios que n\u00e3o tiveram grandes privil\u00e9gios, mas constru\u00edram grandes fortunas com seus neg\u00f3cios e carreiras de sucesso.<\/p>\n<h2>1. Harold Hamm<\/h2>\n<h3>Patrim\u00f4nio L\u00edquido: US$ 18,5 bilh\u00f5es (R$ 114,6 bilh\u00f5es)<\/h3>\n<p><img data-recalc-dims=\"1\" loading=\"lazy\" decoding=\"async\" class=\"alignnone alignnone size-medium wp-image-657212\" src=\"https:\/\/i0.wp.com\/forbes.com.br\/wp-content\/uploads\/2024\/12\/harold-hamm-forbes-768x512.jpg?resize=768%2C512&#038;ssl=1\" alt=\"Harold Hamm bilion\u00e1rio\" width=\"768\" height=\"512\"\/><\/p>\n<p>Hamm foi um dos 13 filhos de um casal de trabalhadores rurais em Oklahoma. Quando crian\u00e7a, ajudava a fam\u00edlia colhendo algod\u00e3o descal\u00e7o e come\u00e7ou a trabalhar em um posto de gasolina aos 16 anos. Isso despertou seu interesse por petr\u00f3leo e g\u00e1s, levando-o a abrir uma empresa de transporte de \u00e1gua para campos petrol\u00edferos. Em 1967, fundou a Continental Resources, que hoje produz 400 mil barris de petr\u00f3leo e g\u00e1s por dia. Em 2022, ele privatizou a empresa em uma transa\u00e7\u00e3o de US$ 27 bilh\u00f5es (R$ 167 bilh\u00f5es).<\/p>\n<h2>2. Jan Koum<\/h2>\n<h3>Patrim\u00f4nio L\u00edquido: US$ 16,4 bilh\u00f5es (R$ 101,6 bilh\u00f5es)<\/h3>\n<p><img data-recalc-dims=\"1\" loading=\"lazy\" decoding=\"async\" class=\"alignnone alignnone size-medium wp-image-657227\" src=\"https:\/\/i0.wp.com\/forbes.com.br\/wp-content\/uploads\/2024\/12\/jan-koum-forbes-768x512.jpg?resize=768%2C512&#038;ssl=1\" alt=\"jan koum bilion\u00e1rios\" width=\"768\" height=\"512\"\/><\/p>\n<p>Koum cresceu em uma casa sem \u00e1gua quente em uma vila rural perto de Kiev, na Ucr\u00e2nia. Aos 16 anos, imigrou para a Calif\u00f3rnia com a m\u00e3e, que os sustentava trabalhando como bab\u00e1 e, depois, com uma pens\u00e3o por invalidez ap\u00f3s ser diagnosticada com c\u00e2ncer. Koum tamb\u00e9m ganhava dinheiro limpando supermercados. Ele fundou a empresa de mensagens instant\u00e2neas WhatsApp, vendida ao Facebook por US$ 19 bilh\u00f5es (R$ 117,6 bilh\u00f5es) em 2014. O contrato foi assinado nas escadarias do escrit\u00f3rio de assist\u00eancia social onde ele antes pegava cupons de aux\u00edlio para alimenta\u00e7\u00e3o.<\/p>\n<h2>3. David Steward<\/h2>\n<h3>Patrim\u00f4nio L\u00edquido: US$ 11,4 bilh\u00f5es (R$ 70,6 bilh\u00f5es)<\/h3>\n<p><img data-recalc-dims=\"1\" loading=\"lazy\" decoding=\"async\" class=\"alignnone alignnone size-medium wp-image-657226\" src=\"https:\/\/i0.wp.com\/forbes.com.br\/wp-content\/uploads\/2024\/12\/david-forbes-768x512.jpg?resize=768%2C512&#038;ssl=1\" alt=\"david steward bilion\u00e1rios\" width=\"768\" height=\"512\"\/><\/p>\n<p>Crescendo nos anos 1950 no centro-oeste dos EUA, em um Missouri segregado, seu pai sustentava ele e seus seis irm\u00e3os trabalhando como coletor de lixo, mec\u00e2nico e zelador. Os primeiros anos da empresa de solu\u00e7\u00f5es tecnol\u00f3gicas World Wide Technology, fundada por Steward em 1990, tamb\u00e9m foram dif\u00edceis. Ele abriu m\u00e3o de receber sal\u00e1rios e at\u00e9 assistiu, do estacionamento do escrit\u00f3rio, enquanto seu carro era apreendido. Hoje, a WWT gera US$ 20 bilh\u00f5es (R$ 123,8 bilh\u00f5es) em receita anual, e Steward \u00e9 a pessoa negra mais rica dos Estados Unidos.<\/p>\n<h2>4. Igor Olenicoff<\/h2>\n<h3>Patrim\u00f4nio L\u00edquido: US$ 8,3 bilh\u00f5es (R$ 51,3 bilh\u00f5es)<\/h3>\n<p><img data-recalc-dims=\"1\" loading=\"lazy\" decoding=\"async\" class=\"alignnone alignnone size-medium wp-image-657217\" src=\"https:\/\/i0.wp.com\/forbes.com.br\/wp-content\/uploads\/2024\/12\/21-Igor-Olenicoff-getty-800x533-1-768x512.jpg?resize=768%2C512&#038;ssl=1\" alt=\"\" width=\"768\" height=\"512\"\/><\/p>\n<p>Filho de pais com conex\u00f5es czaristas que fugiram da R\u00fassia ap\u00f3s a Revolu\u00e7\u00e3o Bolchevique, Olenicoff cresceu no Ir\u00e3. Sua fam\u00edlia mudou-se para os Estados Unidos em 1957 com apenas quatro malas, que foram roubadas na primeira noite no novo pa\u00eds. Sua m\u00e3e e seu pai trabalharam como empregada dom\u00e9stica e zelador, respectivamente, enquanto ele conseguiu um emprego em uma loja de ferragens. Atualmente, Olenicoff possui um imp\u00e9rio imobili\u00e1rio com 8 milh\u00f5es de metros quadrados de escrit\u00f3rios e mais de 17 mil unidades residenciais nos EUA.<\/p>\n<h2>5. Gail Miller<\/h2>\n<h3>Patrim\u00f4nio L\u00edquido: US$ 4,4 bilh\u00f5es (R$ 27,2 bilh\u00f5es)<\/h3>\n<p><img data-recalc-dims=\"1\" loading=\"lazy\" decoding=\"async\" class=\"alignnone alignnone size-medium wp-image-657225\" src=\"https:\/\/i0.wp.com\/forbes.com.br\/wp-content\/uploads\/2024\/12\/gail-forbes-768x512.jpg?resize=768%2C512&#038;ssl=1\" alt=\"Gail Miller bilion\u00e1rios\" width=\"768\" height=\"512\"\/><\/p>\n<p>Miller foi a sexta de nove filhos logo ap\u00f3s a Grande Depress\u00e3o, em uma fam\u00edlia pobre que tinha apenas uma l\u00e2mpada el\u00e9trica, que era movida de um c\u00f4modo para outro. Ela e o marido (falecido em 2009), ex-gerente de pe\u00e7as da Toyota, transformaram uma concession\u00e1ria de carros em uma das maiores redes de revendedoras dos EUA. Em 2021, ela vendeu a empresa para a Asbury Automotive por US$ 3,2 bilh\u00f5es (R$ 19,8 bilh\u00f5es). Agora, ela \u00e9 dona da companhia de investimentos Larry H. Miller Group.<\/p>\n<h2>6. Bob Parsons<\/h2>\n<h3>Patrim\u00f4nio L\u00edquido: US$ 3,9 bilh\u00f5es (R$ 24,1 bilh\u00f5es)<\/h3>\n<p><img data-recalc-dims=\"1\" loading=\"lazy\" decoding=\"async\" class=\"alignnone alignnone size-medium wp-image-657219\" src=\"https:\/\/i0.wp.com\/forbes.com.br\/wp-content\/uploads\/2024\/12\/Bob-Parsons-forbes-768x512.jpg?resize=768%2C512&#038;ssl=1\" alt=\"Bob Parsons bilion\u00e1rio\" width=\"768\" height=\"512\"\/><\/p>\n<p>Parsons teve uma inf\u00e2ncia humilde no centro de Baltimore, no nordeste dos EUA. Sua m\u00e3e era dona de casa e enfrentava problemas de sa\u00fade mental; seu pai era vendedor de m\u00f3veis da Montgomery Ward. Ambos eram viciados em jogos de azar. \u201cCartas, corridas de cavalos, bingo, tudo isso\u201d, Parsons disse \u00e0 Forbes. \u201cVoc\u00ea n\u00e3o tem muito dinheiro se \u00e9 um jogador, especialmente se n\u00e3o come\u00e7a com muito.\u201d Depois de quase reprovar na 12\u00aa s\u00e9rie, ele ingressou nos Fuzileiros Navais e foi para o Vietn\u00e3. Voltou com quatro medalhas e Transtorno de Estresse P\u00f3s-Traum\u00e1tico. Construiu sua fortuna com a GoDaddy, empresa de hospedagem de sites, que posteriormente vendeu. Hoje, ele \u00e9 dono da marca de tacos de golfe PXG, concession\u00e1rias de motos e im\u00f3veis comerciais, al\u00e9m de ter doado milh\u00f5es para ajudar veteranos de guerra.<\/p>\n<h2>7. David Murdock<\/h2>\n<h3>Patrim\u00f4nio L\u00edquido: US$ 3,7 bilh\u00f5es (R$ 22,9 bilh\u00f5es)<\/h3>\n<p><img data-recalc-dims=\"1\" loading=\"lazy\" decoding=\"async\" class=\"alignnone alignnone size-medium wp-image-657220\" src=\"https:\/\/i0.wp.com\/forbes.com.br\/wp-content\/uploads\/2024\/12\/forbes-1-768x512.jpg?resize=768%2C512&#038;ssl=1\" alt=\"\" width=\"768\" height=\"512\"\/><\/p>\n<p>Filho de um vendedor viajante e uma lavadeira, Murdock abandonou os estudos aos 14 anos. Para se sustentar, ele trabalhava em um posto de gasolina e vivia em um quarto acima do local at\u00e9 ser convocado para servir na Segunda Guerra Mundial. Ap\u00f3s retornar, pegou um empr\u00e9stimo de US$ 1.800 (R$ 11 mil) para abrir uma lanchonete e come\u00e7ou a investir em im\u00f3veis, posteriormente adquirindo empresas como a Castle &amp; Cooke, dona da Dole Food. Aos 101 anos, \u00e9 um defensor da alimenta\u00e7\u00e3o saud\u00e1vel (\u00e9 vegetariano na maior parte do tempo) e \u00e9 obcecado pela longevidade, esperando viver at\u00e9 os 125 anos.<\/p>\n<h2>8. Howard Schultz<\/h2>\n<h3>Patrim\u00f4nio L\u00edquido: US$ 3,3 bilh\u00f5es (R$ 20,4 bilh\u00f5es)<\/h3>\n<p><img data-recalc-dims=\"1\" loading=\"lazy\" decoding=\"async\" class=\"alignnone alignnone size-medium wp-image-657230\" src=\"https:\/\/i0.wp.com\/forbes.com.br\/wp-content\/uploads\/2024\/12\/Howard-Schultz-forbes-768x512.jpg?resize=768%2C512&#038;ssl=1\" alt=\"Howard Schultz bilion\u00e1rios\" width=\"768\" height=\"512\"\/><\/p>\n<p>Quando Schultz tinha 7 anos, seu pai, entregador de fraldas de pano, sofreu um acidente de trabalho; ele n\u00e3o tinha seguro nem sal\u00e1rio. Schultz cresceu em um conjunto habitacional no Brooklyn e escreveu, em sua autobiografia publicada em 2019, que pagou a faculdade trabalhando como bartender e at\u00e9 vendendo seu pr\u00f3prio sangue. Nos anos 1980, ele assumiu o controle da Starbucks, na \u00e9poca uma pequena cadeia regional de caf\u00e9s com menos de uma d\u00fazia de lojas, e transformou-a em uma gigante global com mais de 40 mil unidades.<\/p>\n<h2>9. John Paul DeJoria<\/h2>\n<h3>Patrim\u00f4nio L\u00edquido: US$ 3 bilh\u00f5es (R$ 18,6 bilh\u00f5es)<\/h3>\n<p><img data-recalc-dims=\"1\" loading=\"lazy\" decoding=\"async\" class=\"alignnone alignnone size-medium wp-image-657221\" src=\"https:\/\/i0.wp.com\/forbes.com.br\/wp-content\/uploads\/2024\/12\/John-Paul-DeJoria-forbes-768x512.jpg?resize=768%2C512&#038;ssl=1\" alt=\"\" width=\"768\" height=\"512\"\/><\/p>\n<p>DeJoria se lembra de sua m\u00e3e, que o criou sozinha, dizendo que a fam\u00edlia tinha apenas 27 centavos quando ele estava no col\u00e9gio em Los Angeles nos anos 1950. Ele esteve duas vezes sem-teto e morando em seu carro, incluindo quando cofundou a empresa de xampus John Paul Mitchell, em 1980, com seus US$ 700 (R$ 4,3 mil) de economias. Hoje, a empresa oferece mais de 100 produtos de cabelo e beleza em mais de 80 pa\u00edses. DeJoria tamb\u00e9m comprou uma participa\u00e7\u00e3o na Patr\u00f3n Spirits em 1989 e vendeu-a para a Bacardi por US$ 5,1 bilh\u00f5es (R$ 31,6 bilh\u00f5es) em 2018.<\/p>\n<h2>10. Rihanna<\/h2>\n<h3>Patrim\u00f4nio L\u00edquido: US$ 1,4 bilh\u00e3o (R$ 8,6 bilh\u00f5es)<\/h3>\n<p><img data-recalc-dims=\"1\" loading=\"lazy\" decoding=\"async\" class=\"alignnone alignnone size-medium wp-image-657222\" src=\"https:\/\/i0.wp.com\/forbes.com.br\/wp-content\/uploads\/2024\/12\/Rihanna-forbes-1-768x512.jpg?resize=768%2C512&#038;ssl=1\" alt=\"Rihanna bilion\u00e1rios\" width=\"768\" height=\"512\"\/><\/p>\n<p>A inf\u00e2ncia da estrela pop em Barbados foi marcada por dificuldades, especialmente devido ao v\u00edcio do pai em drogas e \u00e1lcool. O estresse se manifestava em enxaquecas t\u00e3o severas que os m\u00e9dicos suspeitaram que ela tinha um tumor. Ap\u00f3s impressionar o produtor musical Evan Rogers em uma audi\u00e7\u00e3o, Rihanna lan\u00e7ou oito \u00e1lbuns de est\u00fadio de platina. Gra\u00e7as \u00e0 sua linha de cosm\u00e9ticos Fenty Beauty, que ela det\u00e9m em parceria com o conglomerado franc\u00eas de luxo LVMH, Rihanna \u00e9 uma das artistas mulheres mais ricas do mundo.<\/p>\n<p>Os patrim\u00f4nios l\u00edquidos s\u00e3o de 27 de dezembro de 2024.<\/p>\n<div class=\"follow-us\">Siga o canal da <a href=\"https:\/\/whatsapp.com\/channel\/0029VaAZk57JuyA9F4UwQc2I\" target=\"_blank\" rel=\"noopener noreferrer nofollow\" title=\"Grupo da Forbes Money no WhatsApp\">Forbes Money<\/a> no WhatsApp e receba as principais not\u00edcias de economia e mercado financeiro.<\/div>\n<\/p><\/div>\n<p><script>\n\t\t\t\t(function(d, s, id){\n\t\t\t\t\tvar js, fjs = d.getElementsByTagName(s)[0];\n\t\t\t\t\tif (d.getElementById(id)) return;\n\t\t\t\t\tjs = d.createElement(s); js.id = id;\n\t\t\t\t\tjs.src = \"\/\/connect.facebook.net\/pt_BR\/sdk.js#xfbml=1&version=v2.9\";\n\t\t\t\t\tfjs.parentNode.insertBefore(js, fjs);\n\t\t\t\t}(document, 'script', 'facebook-jssdk'));\n\t\t\t<\/script><br \/>\n<br \/><br \/>\n<br \/><a href=\"https:\/\/forbes.com.br\/forbes-money\/2024\/12\/do-zero-ao-topo-10-bilionarios-que-superaram-barreiras-e-construiram-grandes-fortunas\/\">Source link <\/a><\/p>\n<div class='code-block code-block-4' style='margin: 8px auto 8px 0; text-align: left; display: block; clear: both;'>\n\ud83d\udce2 Aviso Legal\n\nO site ismaelcolosi.com.br atua apenas como um canal de divulga\u00e7\u00e3o de oportunidades de emprego e n\u00e3o se responsabiliza pelo processo seletivo, contrata\u00e7\u00e3o ou qualquer outra etapa relacionada \u00e0s vagas publicadas. Todas as informa\u00e7\u00f5es s\u00e3o de responsabilidade dos anunciantes.\n\n\u26a0\ufe0f Aten\u00e7\u00e3o! Nunca pague por promessas de emprego nem compre cursos que garantam contrata\u00e7\u00e3o. Desconfie de qualquer cobran\u00e7a para participar de sele\u00e7\u00f5es.\n\n\n\n<\/div>\n<!-- CONTENT END 1 -->\n","protected":false},"excerpt":{"rendered":"<p>&#13; Getty Images &#13;Uma das artistas mulheres mais ricas do mundo, Rihanna teve sua inf\u00e2ncia marcada por dificuldades&#13; \u00a0 Acessibilidade &#13; L&#13; L&#13; A-&#13; A+&#13;&#8230;<\/p>\n","protected":false},"author":1,"featured_media":80608,"comment_status":"open","ping_status":"open","sticky":false,"template":"","format":"standard","meta":{"_uag_custom_page_level_css":"","advanced_seo_description":"","jetpack_seo_html_title":"","jetpack_seo_noindex":false,"jetpack_post_was_ever_published":false,"_jetpack_newsletter_access":"","_jetpack_dont_email_post_to_subs":false,"_jetpack_newsletter_tier_id":0,"_jetpack_memberships_contains_paywalled_content":false,"_jetpack_memberships_contains_paid_content":false,"footnotes":"","jetpack_publicize_message":"","jetpack_publicize_feature_enabled":true,"jetpack_social_post_already_shared":true,"jetpack_social_options":{"image_generator_settings":{"template":"highway","default_image_id":0,"font":"","enabled":false},"version":2}},"categories":[1964],"tags":[],"class_list":["post-80604","post","type-post","status-publish","format-standard","has-post-thumbnail","hentry","category-carreira-e-sucesso-dicas-para-carreira"],"jetpack_publicize_connections":[],"jetpack_featured_media_url":"https:\/\/i0.wp.com\/ismaelcolosi.com.br\/wp-content\/uploads\/2024\/12\/Rihanna-forbes-1200x675.jpg?fit=1200%2C675&ssl=1","uagb_featured_image_src":{"full":["https:\/\/i0.wp.com\/ismaelcolosi.com.br\/wp-content\/uploads\/2024\/12\/Rihanna-forbes-1200x675.jpg?fit=1200%2C675&ssl=1",1200,675,false],"thumbnail":["https:\/\/i0.wp.com\/ismaelcolosi.com.br\/wp-content\/uploads\/2024\/12\/Rihanna-forbes-1200x675.jpg?resize=150%2C150&ssl=1",150,150,true],"medium":["https:\/\/i0.wp.com\/ismaelcolosi.com.br\/wp-content\/uploads\/2024\/12\/Rihanna-forbes-1200x675.jpg?fit=300%2C169&ssl=1",300,169,true],"medium_large":["https:\/\/i0.wp.com\/ismaelcolosi.com.br\/wp-content\/uploads\/2024\/12\/Rihanna-forbes-1200x675.jpg?fit=768%2C432&ssl=1",768,432,true],"large":["https:\/\/i0.wp.com\/ismaelcolosi.com.br\/wp-content\/uploads\/2024\/12\/Rihanna-forbes-1200x675.jpg?fit=1024%2C576&ssl=1",1024,576,true],"1536x1536":["https:\/\/i0.wp.com\/ismaelcolosi.com.br\/wp-content\/uploads\/2024\/12\/Rihanna-forbes-1200x675.jpg?fit=1200%2C675&ssl=1",1200,675,true],"2048x2048":["https:\/\/i0.wp.com\/ismaelcolosi.com.br\/wp-content\/uploads\/2024\/12\/Rihanna-forbes-1200x675.jpg?fit=1200%2C675&ssl=1",1200,675,true],"really-simple-thumb":["https:\/\/i0.wp.com\/ismaelcolosi.com.br\/wp-content\/uploads\/2024\/12\/Rihanna-forbes-1200x675.jpg?resize=370%2C247&ssl=1",370,247,true]},"uagb_author_info":{"display_name":"ismaelcolosi.com.br","author_link":"https:\/\/ismaelcolosi.com.br\/index.php\/author\/vidareal-online\/"},"uagb_comment_info":0,"uagb_excerpt":"&#13; Getty Images &#13;Uma das artistas mulheres mais ricas do mundo, Rihanna teve sua inf\u00e2ncia marcada por dificuldades&#13; \u00a0 Acessibilidade &#13; L&#13; L&#13; A-&#13; A+&#13;...","jetpack-related-posts":[{"id":71983,"url":"https:\/\/ismaelcolosi.com.br\/index.php\/2024\/10\/18\/vagas-de-empregos-na-microset-tecnologia-para-trabalhar-em-ribeirao-preto-sp-16\/","url_meta":{"origin":80604,"position":0},"title":"Vagas de empregos na Microset Tecnologia  para trabalhar em Ribeir\u00e3o Preto-SP","author":"ismaelcolosi.com.br","date":"18 de October de 2024","format":false,"excerpt":"Assistente de Service Desk lRibeir\u00e3o Preto - SPEfetivo Microset Tecnologia Assistente de Service Desk lRibeir\u00e3o Preto - SPEfetivo V\u00eddeos","rel":"","context":"In &quot;Vagas de Emprego em Ribeir\u00e3o Preto-SP&quot;","block_context":{"text":"Vagas de Emprego em Ribeir\u00e3o Preto-SP","link":"https:\/\/ismaelcolosi.com.br\/index.php\/category\/empregos-classificados-vagas-trabalho\/vagas-de-empregos-em-ribeirao-preto-regiao-brasil\/"},"img":{"alt_text":"","src":"https:\/\/i0.wp.com\/ismaelcolosi.com.br\/wp-content\/uploads\/2024\/10\/1729282097_2023-03-15_13-45_bannerUrl.png?fit=1080%2C327&ssl=1&resize=350%2C200","width":350,"height":200,"srcset":"https:\/\/i0.wp.com\/ismaelcolosi.com.br\/wp-content\/uploads\/2024\/10\/1729282097_2023-03-15_13-45_bannerUrl.png?fit=1080%2C327&ssl=1&resize=350%2C200 1x, https:\/\/i0.wp.com\/ismaelcolosi.com.br\/wp-content\/uploads\/2024\/10\/1729282097_2023-03-15_13-45_bannerUrl.png?fit=1080%2C327&ssl=1&resize=525%2C300 1.5x, https:\/\/i0.wp.com\/ismaelcolosi.com.br\/wp-content\/uploads\/2024\/10\/1729282097_2023-03-15_13-45_bannerUrl.png?fit=1080%2C327&ssl=1&resize=700%2C400 2x, https:\/\/i0.wp.com\/ismaelcolosi.com.br\/wp-content\/uploads\/2024\/10\/1729282097_2023-03-15_13-45_bannerUrl.png?fit=1080%2C327&ssl=1&resize=1050%2C600 3x"},"classes":[]},{"id":74915,"url":"https:\/\/ismaelcolosi.com.br\/index.php\/2024\/11\/03\/vagas-de-empregos-na-microset-tecnologia-para-trabalhar-em-ribeirao-preto-sp-17\/","url_meta":{"origin":80604,"position":1},"title":"Vagas de empregos na Microset Tecnologia  para trabalhar em Ribeir\u00e3o Preto-SP","author":"ismaelcolosi.com.br","date":"3 de November de 2024","format":false,"excerpt":"Assistente de Service Desk lRibeir\u00e3o Preto - SPEfetivo Microset Tecnologia Assistente de Service Desk lRibeir\u00e3o Preto - SPEfetivo V\u00eddeos","rel":"","context":"In &quot;Vagas de Emprego em Ribeir\u00e3o Preto-SP&quot;","block_context":{"text":"Vagas de Emprego em Ribeir\u00e3o Preto-SP","link":"https:\/\/ismaelcolosi.com.br\/index.php\/category\/empregos-classificados-vagas-trabalho\/vagas-de-empregos-em-ribeirao-preto-regiao-brasil\/"},"img":{"alt_text":"","src":"https:\/\/i0.wp.com\/ismaelcolosi.com.br\/wp-content\/uploads\/2024\/11\/2023-03-15_13-45_bannerUrl.png?fit=1080%2C327&ssl=1&resize=350%2C200","width":350,"height":200,"srcset":"https:\/\/i0.wp.com\/ismaelcolosi.com.br\/wp-content\/uploads\/2024\/11\/2023-03-15_13-45_bannerUrl.png?fit=1080%2C327&ssl=1&resize=350%2C200 1x, https:\/\/i0.wp.com\/ismaelcolosi.com.br\/wp-content\/uploads\/2024\/11\/2023-03-15_13-45_bannerUrl.png?fit=1080%2C327&ssl=1&resize=525%2C300 1.5x, https:\/\/i0.wp.com\/ismaelcolosi.com.br\/wp-content\/uploads\/2024\/11\/2023-03-15_13-45_bannerUrl.png?fit=1080%2C327&ssl=1&resize=700%2C400 2x, https:\/\/i0.wp.com\/ismaelcolosi.com.br\/wp-content\/uploads\/2024\/11\/2023-03-15_13-45_bannerUrl.png?fit=1080%2C327&ssl=1&resize=1050%2C600 3x"},"classes":[]},{"id":82676,"url":"https:\/\/ismaelcolosi.com.br\/index.php\/2025\/02\/07\/vagas-de-empregos-na-microset-tecnologia-para-trabalhar-em-ribeirao-preto-sp-23\/","url_meta":{"origin":80604,"position":2},"title":"Vagas de empregos na Microset Tecnologia  para trabalhar em Ribeir\u00e3o Preto-SP","author":"ismaelcolosi.com.br","date":"7 de February de 2025","format":false,"excerpt":"Assistente de Service Desk l Ribeir\u00e3o Preto - SPEfetivo Auxiliar T\u00e9cnico de Redes Ribeir\u00e3o Preto - SPEfetivo Gerente de Neg\u00f3cios - Campinas e regi\u00e3o Ribeir\u00e3o Preto - SPPessoa jur\u00eddica Microset Tecnologia Assistente de Service Desk l Ribeir\u00e3o Preto - SPEfetivo V\u00eddeos","rel":"","context":"In &quot;Vagas de Emprego em Ribeir\u00e3o Preto-SP&quot;","block_context":{"text":"Vagas de Emprego em Ribeir\u00e3o Preto-SP","link":"https:\/\/ismaelcolosi.com.br\/index.php\/category\/empregos-classificados-vagas-trabalho\/vagas-de-empregos-em-ribeirao-preto-regiao-brasil\/"},"img":{"alt_text":"","src":"https:\/\/i0.wp.com\/ismaelcolosi.com.br\/wp-content\/uploads\/2025\/02\/2023-03-15_13-45_bannerUrl.png?fit=1080%2C327&ssl=1&resize=350%2C200","width":350,"height":200,"srcset":"https:\/\/i0.wp.com\/ismaelcolosi.com.br\/wp-content\/uploads\/2025\/02\/2023-03-15_13-45_bannerUrl.png?fit=1080%2C327&ssl=1&resize=350%2C200 1x, https:\/\/i0.wp.com\/ismaelcolosi.com.br\/wp-content\/uploads\/2025\/02\/2023-03-15_13-45_bannerUrl.png?fit=1080%2C327&ssl=1&resize=525%2C300 1.5x, https:\/\/i0.wp.com\/ismaelcolosi.com.br\/wp-content\/uploads\/2025\/02\/2023-03-15_13-45_bannerUrl.png?fit=1080%2C327&ssl=1&resize=700%2C400 2x, https:\/\/i0.wp.com\/ismaelcolosi.com.br\/wp-content\/uploads\/2025\/02\/2023-03-15_13-45_bannerUrl.png?fit=1080%2C327&ssl=1&resize=1050%2C600 3x"},"classes":[]},{"id":76947,"url":"https:\/\/ismaelcolosi.com.br\/index.php\/2024\/11\/19\/vagas-de-empregos-na-microset-tecnologia-para-trabalhar-em-ribeirao-preto-sp-18\/","url_meta":{"origin":80604,"position":3},"title":"Vagas de empregos na Microset Tecnologia  para trabalhar em Ribeir\u00e3o Preto-SP","author":"ismaelcolosi.com.br","date":"19 de November de 2024","format":false,"excerpt":"Assistente de Service Desk lRibeir\u00e3o Preto - SPEfetivo Auxiliar Administrativo Ribeir\u00e3o Preto - SPEfetivo Auxiliar T\u00e9cnico de RedesRibeir\u00e3o Preto - SPEfetivo Microset Tecnologia Assistente de Service Desk lRibeir\u00e3o Preto - SPEfetivo V\u00eddeos","rel":"","context":"In &quot;Vagas de Emprego em Ribeir\u00e3o Preto-SP&quot;","block_context":{"text":"Vagas de Emprego em Ribeir\u00e3o Preto-SP","link":"https:\/\/ismaelcolosi.com.br\/index.php\/category\/empregos-classificados-vagas-trabalho\/vagas-de-empregos-em-ribeirao-preto-regiao-brasil\/"},"img":{"alt_text":"","src":"https:\/\/i0.wp.com\/ismaelcolosi.com.br\/wp-content\/uploads\/2024\/11\/1732047822_2023-03-15_13-45_bannerUrl.png?fit=1080%2C327&ssl=1&resize=350%2C200","width":350,"height":200,"srcset":"https:\/\/i0.wp.com\/ismaelcolosi.com.br\/wp-content\/uploads\/2024\/11\/1732047822_2023-03-15_13-45_bannerUrl.png?fit=1080%2C327&ssl=1&resize=350%2C200 1x, https:\/\/i0.wp.com\/ismaelcolosi.com.br\/wp-content\/uploads\/2024\/11\/1732047822_2023-03-15_13-45_bannerUrl.png?fit=1080%2C327&ssl=1&resize=525%2C300 1.5x, https:\/\/i0.wp.com\/ismaelcolosi.com.br\/wp-content\/uploads\/2024\/11\/1732047822_2023-03-15_13-45_bannerUrl.png?fit=1080%2C327&ssl=1&resize=700%2C400 2x, https:\/\/i0.wp.com\/ismaelcolosi.com.br\/wp-content\/uploads\/2024\/11\/1732047822_2023-03-15_13-45_bannerUrl.png?fit=1080%2C327&ssl=1&resize=1050%2C600 3x"},"classes":[]},{"id":51227,"url":"https:\/\/ismaelcolosi.com.br\/index.php\/2024\/05\/24\/conselho-da-petrobras-aprova-magda-chambriard-como-ceo\/","url_meta":{"origin":80604,"position":4},"title":"Conselho da Petrobras aprova Magda Chambriard como CEO","author":"ismaelcolosi.com.br","date":"24 de May de 2024","format":false,"excerpt":"\u00a0 Acessibilidade L L A- A+ \u25d0 A Petrobras informou que seu conselho de administra\u00e7\u00e3o aprovou nesta sexta-feira (24) Magda Chambriard como nova presidente-executiva e conselheira da companhia. Segundo fato relevante, Chambriard tomou posse em ambos os cargos nesta sexta-feira e passou a integrar o conselho imediatamente, n\u00e3o sendo necess\u00e1ria\u2026","rel":"","context":"In &quot;Carreira e Sucesso&quot;","block_context":{"text":"Carreira e Sucesso","link":"https:\/\/ismaelcolosi.com.br\/index.php\/category\/carreira-e-sucesso-dicas-para-carreira\/"},"img":{"alt_text":"","src":"https:\/\/i0.wp.com\/ismaelcolosi.com.br\/wp-content\/uploads\/2024\/05\/Money_Magda-Chambriard_AgenciaBrasil-1024x683.jpg?fit=1024%2C683&ssl=1&resize=350%2C200","width":350,"height":200,"srcset":"https:\/\/i0.wp.com\/ismaelcolosi.com.br\/wp-content\/uploads\/2024\/05\/Money_Magda-Chambriard_AgenciaBrasil-1024x683.jpg?fit=1024%2C683&ssl=1&resize=350%2C200 1x, https:\/\/i0.wp.com\/ismaelcolosi.com.br\/wp-content\/uploads\/2024\/05\/Money_Magda-Chambriard_AgenciaBrasil-1024x683.jpg?fit=1024%2C683&ssl=1&resize=525%2C300 1.5x, https:\/\/i0.wp.com\/ismaelcolosi.com.br\/wp-content\/uploads\/2024\/05\/Money_Magda-Chambriard_AgenciaBrasil-1024x683.jpg?fit=1024%2C683&ssl=1&resize=700%2C400 2x"},"classes":[]},{"id":55226,"url":"https:\/\/ismaelcolosi.com.br\/index.php\/2024\/07\/01\/conselheira-da-vale-vera-marie-inkster-renuncia-ao-cargo\/","url_meta":{"origin":80604,"position":5},"title":"Conselheira da Vale Vera Marie Inkster renuncia ao cargo","author":"ismaelcolosi.com.br","date":"1 de July de 2024","format":false,"excerpt":"A mineradora Vale informou ao mercado em nota que Vera Marie Inkster apresentou sua ren\u00fancia ao cargo de membro do conselho de administra\u00e7\u00e3o da companhia nesta segunda-feira. Acessibilidade L L A- A+ \u25d0 Diante disso, a companhia afirmou que o colegiado \u201cest\u00e1 trabalhando em sua recomposi\u00e7\u00e3o e que, em momento\u2026","rel":"","context":"In &quot;Carreira e Sucesso&quot;","block_context":{"text":"Carreira e Sucesso","link":"https:\/\/ismaelcolosi.com.br\/index.php\/category\/carreira-e-sucesso-dicas-para-carreira\/"},"img":{"alt_text":"","src":"https:\/\/i0.wp.com\/ismaelcolosi.com.br\/wp-content\/uploads\/2024\/07\/Totem-com-logo-da-Vale-Foto-Washington-Alves-Reuters-1024x683.png?fit=1024%2C683&ssl=1&resize=350%2C200","width":350,"height":200,"srcset":"https:\/\/i0.wp.com\/ismaelcolosi.com.br\/wp-content\/uploads\/2024\/07\/Totem-com-logo-da-Vale-Foto-Washington-Alves-Reuters-1024x683.png?fit=1024%2C683&ssl=1&resize=350%2C200 1x, https:\/\/i0.wp.com\/ismaelcolosi.com.br\/wp-content\/uploads\/2024\/07\/Totem-com-logo-da-Vale-Foto-Washington-Alves-Reuters-1024x683.png?fit=1024%2C683&ssl=1&resize=525%2C300 1.5x, https:\/\/i0.wp.com\/ismaelcolosi.com.br\/wp-content\/uploads\/2024\/07\/Totem-com-logo-da-Vale-Foto-Washington-Alves-Reuters-1024x683.png?fit=1024%2C683&ssl=1&resize=700%2C400 2x"},"classes":[]}],"jetpack_sharing_enabled":true,"jetpack_shortlink":"https:\/\/wp.me\/pfMlyK-kY4","_links":{"self":[{"href":"https:\/\/ismaelcolosi.com.br\/index.php\/wp-json\/wp\/v2\/posts\/80604","targetHints":{"allow":["GET"]}}],"collection":[{"href":"https:\/\/ismaelcolosi.com.br\/index.php\/wp-json\/wp\/v2\/posts"}],"about":[{"href":"https:\/\/ismaelcolosi.com.br\/index.php\/wp-json\/wp\/v2\/types\/post"}],"author":[{"embeddable":true,"href":"https:\/\/ismaelcolosi.com.br\/index.php\/wp-json\/wp\/v2\/users\/1"}],"replies":[{"embeddable":true,"href":"https:\/\/ismaelcolosi.com.br\/index.php\/wp-json\/wp\/v2\/comments?post=80604"}],"version-history":[{"count":0,"href":"https:\/\/ismaelcolosi.com.br\/index.php\/wp-json\/wp\/v2\/posts\/80604\/revisions"}],"wp:featuredmedia":[{"embeddable":true,"href":"https:\/\/ismaelcolosi.com.br\/index.php\/wp-json\/wp\/v2\/media\/80608"}],"wp:attachment":[{"href":"https:\/\/ismaelcolosi.com.br\/index.php\/wp-json\/wp\/v2\/media?parent=80604"}],"wp:term":[{"taxonomy":"category","embeddable":true,"href":"https:\/\/ismaelcolosi.com.br\/index.php\/wp-json\/wp\/v2\/categories?post=80604"},{"taxonomy":"post_tag","embeddable":true,"href":"https:\/\/ismaelcolosi.com.br\/index.php\/wp-json\/wp\/v2\/tags?post=80604"}],"curies":[{"name":"wp","href":"https:\/\/api.w.org\/{rel}","templated":true}]}}