{"id":8057,"date":"2023-11-29T11:49:57","date_gmt":"2023-11-29T14:49:57","guid":{"rendered":"https:\/\/ismaelcolosi.com.br\/index.php\/2023\/11\/29\/motivo-da-internacao-de-isis-valverde-e-exposto-e-detalhes-sao-divulgados-corpo-dizendo-para\/"},"modified":"2023-11-29T11:49:57","modified_gmt":"2023-11-29T14:49:57","slug":"motivo-da-internacao-de-isis-valverde-e-exposto-e-detalhes-sao-divulgados-corpo-dizendo-para","status":"publish","type":"post","link":"https:\/\/ismaelcolosi.com.br\/index.php\/2023\/11\/29\/motivo-da-internacao-de-isis-valverde-e-exposto-e-detalhes-sao-divulgados-corpo-dizendo-para\/","title":{"rendered":"Motivo da interna\u00e7\u00e3o de Isis Valverde \u00e9 exposto e detalhes s\u00e3o divulgados: &#8216;Corpo dizendo para&#8217;"},"content":{"rendered":"<p> <br \/>\n<\/p>\n<div itemprop=\"text\">\n<p>Nesta \u00faltima segunda-feira, dia 27 de novembro, a famosa atriz Isis Valverde deixou a todos preocupados ap\u00f3s ter publicado algumas imagens em que apareceu hospitalizada, deitada em uma cama de hospital.<\/p>\n<p>E diante de toda a situa\u00e7\u00e3o, a artista precisou explicar o que teria acontecido com ela, revelando qual seria o motivo de sua interna\u00e7\u00e3o e o porqu\u00ea precisou prestar mais aten\u00e7\u00e3o em sua sa\u00fade ap\u00f3s o epis\u00f3dio.<\/p><div class='code-block code-block-8' style='margin: 8px auto; text-align: center; display: block; clear: both;'>\n<script>\n  atOptions = {\n    'key' : '66e2e2111ca34da796271819fc334058',\n    'format' : 'iframe',\n    'height' : 250,\n    'width' : 300,\n    'params' : {}\n  };\n<\/script>\n<script src=\"https:\/\/www.highperformanceformat.com\/66e2e2111ca34da796271819fc334058\/invoke.js\"><\/script>\n<\/div>\n\n<p>\u201cMeu corpo dizendo PARA, voc\u00ea precisa de f\u00e9rias\u201d, declarou ela, diante do assunto e expondo mais detalhes do que teria acontecido.<\/p>\n<p>Momentos antes de ter publicado a foto em que apareceu hospitalizada, Isis tinha feito uma publica\u00e7\u00e3o mostrando que recebeu um gesto carinhoso de uma admiradora, durante a sua volta para o Brasil. Ela estava na It\u00e1lia, viajando.<\/p>\n<p>Valverde recebeu um copo de caf\u00e9 de uma comiss\u00e1ria que alegou ser uma f\u00e3, e al\u00e9m disso, tamb\u00e9m recebeu elogios por todo o seu trabalho realizado. Em suas redes sociais, Isis conta com milh\u00f5es de seguidores que a acompanham diariamente.<\/p>\n<p>E o motivo da interna\u00e7\u00e3o da famosa foi devido a uma crise asm\u00e1tica que ela enfrentou. Com isso, a artista precisou de uma m\u00e1scara de inala\u00e7\u00e3o, para conseguir se recuperar. E ap\u00f3s ter recebido os devidos cuidados, Isis j\u00e1 foi liberada e est\u00e1 repousando em sua casa.<\/p>\n<p>Atualmente, a atriz tamb\u00e9m tem compartilhado fotos de seu relacionamento com o empres\u00e1rio Marcus Buiaz. Por muitos anos, ele foi casado com a famosa cantora Wanessa Camargo.<\/p>\n<\/div>\n<p><br \/>\n<br \/><a href=\"https:\/\/fnmais.com\/motivo-internacao-isis-valverde-exposto-detalhes-sao-divulgados-corpo-dizendo-para\/\">Source link <\/a><\/p>\n<div class='code-block code-block-4' style='margin: 8px auto 8px 0; text-align: left; display: block; clear: both;'>\n\ud83d\udce2 Aviso Legal\n\nO site ismaelcolosi.com.br atua apenas como um canal de divulga\u00e7\u00e3o de oportunidades de emprego e n\u00e3o se responsabiliza pelo processo seletivo, contrata\u00e7\u00e3o ou qualquer outra etapa relacionada \u00e0s vagas publicadas. Todas as informa\u00e7\u00f5es s\u00e3o de responsabilidade dos anunciantes.\n\n\u26a0\ufe0f Aten\u00e7\u00e3o! Nunca pague por promessas de emprego nem compre cursos que garantam contrata\u00e7\u00e3o. Desconfie de qualquer cobran\u00e7a para participar de sele\u00e7\u00f5es.\n\n\n\n<\/div>\n<!-- CONTENT END 1 -->\n","protected":false},"excerpt":{"rendered":"<p>Nesta \u00faltima segunda-feira, dia 27 de novembro, a famosa atriz Isis Valverde deixou a todos preocupados ap\u00f3s ter publicado algumas imagens em que apareceu hospitalizada,&#8230;<\/p>\n","protected":false},"author":1,"featured_media":8058,"comment_status":"open","ping_status":"open","sticky":false,"template":"","format":"standard","meta":{"_uag_custom_page_level_css":"","advanced_seo_description":"","jetpack_seo_html_title":"","jetpack_seo_noindex":false,"jetpack_post_was_ever_published":false,"_jetpack_newsletter_access":"","_jetpack_dont_email_post_to_subs":false,"_jetpack_newsletter_tier_id":0,"_jetpack_memberships_contains_paywalled_content":false,"_jetpack_memberships_contains_paid_content":false,"footnotes":"","jetpack_publicize_message":"","jetpack_publicize_feature_enabled":true,"jetpack_social_post_already_shared":true,"jetpack_social_options":{"image_generator_settings":{"template":"highway","default_image_id":0,"font":"","enabled":false},"version":2}},"categories":[1],"tags":[],"class_list":["post-8057","post","type-post","status-publish","format-standard","has-post-thumbnail","hentry","category-blog"],"jetpack_publicize_connections":[],"jetpack_featured_media_url":"https:\/\/i0.wp.com\/ismaelcolosi.com.br\/wp-content\/uploads\/2023\/11\/postimg-65673826536656155.jpg?fit=1200%2C628&ssl=1","uagb_featured_image_src":{"full":["https:\/\/i0.wp.com\/ismaelcolosi.com.br\/wp-content\/uploads\/2023\/11\/postimg-65673826536656155.jpg?fit=1200%2C628&ssl=1",1200,628,false],"thumbnail":["https:\/\/i0.wp.com\/ismaelcolosi.com.br\/wp-content\/uploads\/2023\/11\/postimg-65673826536656155.jpg?resize=150%2C150&ssl=1",150,150,true],"medium":["https:\/\/i0.wp.com\/ismaelcolosi.com.br\/wp-content\/uploads\/2023\/11\/postimg-65673826536656155.jpg?fit=300%2C157&ssl=1",300,157,true],"medium_large":["https:\/\/i0.wp.com\/ismaelcolosi.com.br\/wp-content\/uploads\/2023\/11\/postimg-65673826536656155.jpg?fit=768%2C402&ssl=1",768,402,true],"large":["https:\/\/i0.wp.com\/ismaelcolosi.com.br\/wp-content\/uploads\/2023\/11\/postimg-65673826536656155.jpg?fit=1024%2C536&ssl=1",1024,536,true],"1536x1536":["https:\/\/i0.wp.com\/ismaelcolosi.com.br\/wp-content\/uploads\/2023\/11\/postimg-65673826536656155.jpg?fit=1200%2C628&ssl=1",1200,628,true],"2048x2048":["https:\/\/i0.wp.com\/ismaelcolosi.com.br\/wp-content\/uploads\/2023\/11\/postimg-65673826536656155.jpg?fit=1200%2C628&ssl=1",1200,628,true],"really-simple-thumb":["https:\/\/i0.wp.com\/ismaelcolosi.com.br\/wp-content\/uploads\/2023\/11\/postimg-65673826536656155.jpg?resize=370%2C247&ssl=1",370,247,true]},"uagb_author_info":{"display_name":"ismaelcolosi.com.br","author_link":"https:\/\/ismaelcolosi.com.br\/index.php\/author\/vidareal-online\/"},"uagb_comment_info":0,"uagb_excerpt":"Nesta \u00faltima segunda-feira, dia 27 de novembro, a famosa atriz Isis Valverde deixou a todos preocupados ap\u00f3s ter publicado algumas imagens em que apareceu hospitalizada,...","jetpack-related-posts":[{"id":4238,"url":"https:\/\/ismaelcolosi.com.br\/index.php\/2023\/11\/21\/jovem-que-teria-sido-dado-como-morto-aparece-vivo-apos-sua-familia-ter-realizado-o-velorio\/","url_meta":{"origin":8057,"position":0},"title":"Jovem que teria sido dado como morto aparece vivo ap\u00f3s sua fam\u00edlia ter realizado o vel\u00f3rio","author":"ismaelcolosi.com.br","date":"21 de November de 2023","format":false,"excerpt":"Uma situa\u00e7\u00e3o muito inesperada aconteceu na regi\u00e3o de Passo Fundo, no Rio Grande do Sul, ap\u00f3s um homem, identificado previamente como falecido, ter enviado um v\u00eddeo para sua fam\u00edlia, dizendo que estava bem.E diante do ocorrido, a Pol\u00edcia Civil, precisou realizar uma ocorr\u00eancia, visto que o jovem, supostamente morto, apareceu\u2026","rel":"","context":"In &quot;Blog&quot;","block_context":{"text":"Blog","link":"https:\/\/ismaelcolosi.com.br\/index.php\/category\/blog\/"},"img":{"alt_text":"","src":"https:\/\/i0.wp.com\/ismaelcolosi.com.br\/wp-content\/uploads\/2023\/11\/postimg-655c5cd67a87b6459.jpg?fit=1200%2C628&ssl=1&resize=350%2C200","width":350,"height":200,"srcset":"https:\/\/i0.wp.com\/ismaelcolosi.com.br\/wp-content\/uploads\/2023\/11\/postimg-655c5cd67a87b6459.jpg?fit=1200%2C628&ssl=1&resize=350%2C200 1x, https:\/\/i0.wp.com\/ismaelcolosi.com.br\/wp-content\/uploads\/2023\/11\/postimg-655c5cd67a87b6459.jpg?fit=1200%2C628&ssl=1&resize=525%2C300 1.5x, https:\/\/i0.wp.com\/ismaelcolosi.com.br\/wp-content\/uploads\/2023\/11\/postimg-655c5cd67a87b6459.jpg?fit=1200%2C628&ssl=1&resize=700%2C400 2x, https:\/\/i0.wp.com\/ismaelcolosi.com.br\/wp-content\/uploads\/2023\/11\/postimg-655c5cd67a87b6459.jpg?fit=1200%2C628&ssl=1&resize=1050%2C600 3x"},"classes":[]},{"id":12957,"url":"https:\/\/ismaelcolosi.com.br\/index.php\/2023\/12\/08\/jovem-tira-a-vida-da-propria-mae-apos-briga-por-conta-de-sanduiche-de-bacon\/","url_meta":{"origin":8057,"position":1},"title":"Jovem tira a vida da pr\u00f3pria m\u00e3e ap\u00f3s briga por conta de sandu\u00edche de bacon","author":"ismaelcolosi.com.br","date":"8 de December de 2023","format":false,"excerpt":"Um jovem de 26 anos de idade tirou a vida de sua pr\u00f3pria m\u00e3e por um motivo considerado como f\u00fatil. Os dois brigaram devido a um sandu\u00edche de bacon. O caso aconteceu em meados de outubro deste ano e o jovem recebeu a condena\u00e7\u00e3o de 16 anos de pris\u00e3o.No dia\u2026","rel":"","context":"In &quot;Blog&quot;","block_context":{"text":"Blog","link":"https:\/\/ismaelcolosi.com.br\/index.php\/category\/blog\/"},"img":{"alt_text":"","src":"https:\/\/i0.wp.com\/ismaelcolosi.com.br\/wp-content\/uploads\/2023\/12\/postimg-6573ac6b0b1c73811.jpg?fit=1200%2C628&ssl=1&resize=350%2C200","width":350,"height":200,"srcset":"https:\/\/i0.wp.com\/ismaelcolosi.com.br\/wp-content\/uploads\/2023\/12\/postimg-6573ac6b0b1c73811.jpg?fit=1200%2C628&ssl=1&resize=350%2C200 1x, https:\/\/i0.wp.com\/ismaelcolosi.com.br\/wp-content\/uploads\/2023\/12\/postimg-6573ac6b0b1c73811.jpg?fit=1200%2C628&ssl=1&resize=525%2C300 1.5x, https:\/\/i0.wp.com\/ismaelcolosi.com.br\/wp-content\/uploads\/2023\/12\/postimg-6573ac6b0b1c73811.jpg?fit=1200%2C628&ssl=1&resize=700%2C400 2x, https:\/\/i0.wp.com\/ismaelcolosi.com.br\/wp-content\/uploads\/2023\/12\/postimg-6573ac6b0b1c73811.jpg?fit=1200%2C628&ssl=1&resize=1050%2C600 3x"},"classes":[]},{"id":31057,"url":"https:\/\/ismaelcolosi.com.br\/index.php\/2024\/01\/20\/chega-ao-fim-a-luta-de-mamma-bruschetta-que-estava-internada-em-sao-paulo-detalhes-sobre-o-desfecho-do-caso-sao-expostos\/","url_meta":{"origin":8057,"position":2},"title":"Chega ao fim a luta de Mamma Bruschetta que estava internada em S\u00e3o Paulo, detalhes sobre o desfecho do caso s\u00e3o expostos","author":"ismaelcolosi.com.br","date":"20 de January de 2024","format":false,"excerpt":"Aos 74 anos, a apresentadora Mamma Bruschetta, que havia sido hospitalizada na Unidade de Terapia Intensiva em S\u00e3o Paulo desde sexta-feira (12), quando renomada artista foi admitida no pronto-socorro do Hospital S\u00e3o Luiz, localizado na regi\u00e3o da Zona Sul de S\u00e3o Paulo, devido a sintomas de tosse e dificuldades respirat\u00f3rias.A\u2026","rel":"","context":"In &quot;Blog&quot;","block_context":{"text":"Blog","link":"https:\/\/ismaelcolosi.com.br\/index.php\/category\/blog\/"},"img":{"alt_text":"","src":"https:\/\/i0.wp.com\/ismaelcolosi.com.br\/wp-content\/uploads\/2024\/01\/postimg-65ac5c20a0e875450.jpg?fit=1200%2C628&ssl=1&resize=350%2C200","width":350,"height":200,"srcset":"https:\/\/i0.wp.com\/ismaelcolosi.com.br\/wp-content\/uploads\/2024\/01\/postimg-65ac5c20a0e875450.jpg?fit=1200%2C628&ssl=1&resize=350%2C200 1x, https:\/\/i0.wp.com\/ismaelcolosi.com.br\/wp-content\/uploads\/2024\/01\/postimg-65ac5c20a0e875450.jpg?fit=1200%2C628&ssl=1&resize=525%2C300 1.5x, https:\/\/i0.wp.com\/ismaelcolosi.com.br\/wp-content\/uploads\/2024\/01\/postimg-65ac5c20a0e875450.jpg?fit=1200%2C628&ssl=1&resize=700%2C400 2x, https:\/\/i0.wp.com\/ismaelcolosi.com.br\/wp-content\/uploads\/2024\/01\/postimg-65ac5c20a0e875450.jpg?fit=1200%2C628&ssl=1&resize=1050%2C600 3x"},"classes":[]},{"id":7810,"url":"https:\/\/ismaelcolosi.com.br\/index.php\/2023\/11\/28\/chega-ao-fim-a-luta-do-jornalista-evaristo-costa-apos-internacao-ele-venceu\/","url_meta":{"origin":8057,"position":3},"title":"Chega ao fim a luta do jornalista Evaristo Costa ap\u00f3s interna\u00e7\u00e3o; ele venceu","author":"ismaelcolosi.com.br","date":"28 de November de 2023","format":false,"excerpt":"Ap\u00f3s ter ido parado no hospital e ter precisado de uma interna\u00e7\u00e3o, o famoso jornalista Evaristo Costa se pronunciou em suas redes sociais, alegando que j\u00e1 recebeu alta e inicou os seus preparativos para conseguir retornar ao seu lar.O comunicador recebeu o diagn\u00f3stico de eripsela, uma infec\u00e7\u00e3o de pele. Com\u2026","rel":"","context":"In &quot;Blog&quot;","block_context":{"text":"Blog","link":"https:\/\/ismaelcolosi.com.br\/index.php\/category\/blog\/"},"img":{"alt_text":"","src":"https:\/\/i0.wp.com\/ismaelcolosi.com.br\/wp-content\/uploads\/2023\/11\/postimg-656679acdb02f9237.jpg?fit=1200%2C628&ssl=1&resize=350%2C200","width":350,"height":200,"srcset":"https:\/\/i0.wp.com\/ismaelcolosi.com.br\/wp-content\/uploads\/2023\/11\/postimg-656679acdb02f9237.jpg?fit=1200%2C628&ssl=1&resize=350%2C200 1x, https:\/\/i0.wp.com\/ismaelcolosi.com.br\/wp-content\/uploads\/2023\/11\/postimg-656679acdb02f9237.jpg?fit=1200%2C628&ssl=1&resize=525%2C300 1.5x, https:\/\/i0.wp.com\/ismaelcolosi.com.br\/wp-content\/uploads\/2023\/11\/postimg-656679acdb02f9237.jpg?fit=1200%2C628&ssl=1&resize=700%2C400 2x, https:\/\/i0.wp.com\/ismaelcolosi.com.br\/wp-content\/uploads\/2023\/11\/postimg-656679acdb02f9237.jpg?fit=1200%2C628&ssl=1&resize=1050%2C600 3x"},"classes":[]},{"id":27538,"url":"https:\/\/ismaelcolosi.com.br\/index.php\/2024\/01\/12\/luana-piovani-defende-motivo-de-ter-traido-rodrigo-santoro\/","url_meta":{"origin":8057,"position":4},"title":"Luana Piovani defende motivo de ter tra\u00eddo Rodrigo Santoro","author":"ismaelcolosi.com.br","date":"12 de January de 2024","format":false,"excerpt":"Um dos temas mais temidos de separa\u00e7\u00e3o de casais, a trai\u00e7\u00e3o, foi debatido muito abertamente pela atriz Luana Piovani sobre seu motivo de ter tra\u00eddo Rodrigo Santoro enquanto namoravam.\u201cEu tra\u00ed e falei: \u2018n\u00e3o te quero mais. Sabe por qu\u00ea? Porque sou fiel aos meus princ\u00edpios. Eu tra\u00ed porque o relacionamento\u2026","rel":"","context":"In &quot;Blog&quot;","block_context":{"text":"Blog","link":"https:\/\/ismaelcolosi.com.br\/index.php\/category\/blog\/"},"img":{"alt_text":"","src":"https:\/\/i0.wp.com\/ismaelcolosi.com.br\/wp-content\/uploads\/2024\/01\/postimg-65a155aa9e2714617.jpg?fit=1200%2C628&ssl=1&resize=350%2C200","width":350,"height":200,"srcset":"https:\/\/i0.wp.com\/ismaelcolosi.com.br\/wp-content\/uploads\/2024\/01\/postimg-65a155aa9e2714617.jpg?fit=1200%2C628&ssl=1&resize=350%2C200 1x, https:\/\/i0.wp.com\/ismaelcolosi.com.br\/wp-content\/uploads\/2024\/01\/postimg-65a155aa9e2714617.jpg?fit=1200%2C628&ssl=1&resize=525%2C300 1.5x, https:\/\/i0.wp.com\/ismaelcolosi.com.br\/wp-content\/uploads\/2024\/01\/postimg-65a155aa9e2714617.jpg?fit=1200%2C628&ssl=1&resize=700%2C400 2x, https:\/\/i0.wp.com\/ismaelcolosi.com.br\/wp-content\/uploads\/2024\/01\/postimg-65a155aa9e2714617.jpg?fit=1200%2C628&ssl=1&resize=1050%2C600 3x"},"classes":[]},{"id":9136,"url":"https:\/\/ismaelcolosi.com.br\/index.php\/2023\/12\/01\/mulher-de-70-anos-da-a-luz-gemeos-e-alega-que-foi-abandonada-pelo-seu-companheiro-nunca-mais-apareceu\/","url_meta":{"origin":8057,"position":5},"title":"Mulher de 70 anos d\u00e1 \u00e0 luz g\u00eameos e alega que foi abandonada pelo seu companheiro: &#8216;Nunca mais apareceu&#8217;","author":"ismaelcolosi.com.br","date":"1 de December de 2023","format":false,"excerpt":"Segundo informa\u00e7\u00f5es fornecidas por uma unidade de sa\u00fade, uma mulher de 70 anos deu \u00e0 luz a g\u00eameos ap\u00f3s ter realizado um tratamento de fertiliza\u00e7\u00e3o. O caso aconteceu nesta \u00faltima quarta-feira, dia 29 de novembro.Safina Namukwaya deu \u00e0 luz a um menino e uma menina atrav\u00e9s de um procedimento de\u2026","rel":"","context":"In &quot;Blog&quot;","block_context":{"text":"Blog","link":"https:\/\/ismaelcolosi.com.br\/index.php\/category\/blog\/"},"img":{"alt_text":"","src":"https:\/\/i0.wp.com\/ismaelcolosi.com.br\/wp-content\/uploads\/2023\/12\/postimg-656a1d8c32c0d6142.jpg?fit=1200%2C628&ssl=1&resize=350%2C200","width":350,"height":200,"srcset":"https:\/\/i0.wp.com\/ismaelcolosi.com.br\/wp-content\/uploads\/2023\/12\/postimg-656a1d8c32c0d6142.jpg?fit=1200%2C628&ssl=1&resize=350%2C200 1x, https:\/\/i0.wp.com\/ismaelcolosi.com.br\/wp-content\/uploads\/2023\/12\/postimg-656a1d8c32c0d6142.jpg?fit=1200%2C628&ssl=1&resize=525%2C300 1.5x, https:\/\/i0.wp.com\/ismaelcolosi.com.br\/wp-content\/uploads\/2023\/12\/postimg-656a1d8c32c0d6142.jpg?fit=1200%2C628&ssl=1&resize=700%2C400 2x, https:\/\/i0.wp.com\/ismaelcolosi.com.br\/wp-content\/uploads\/2023\/12\/postimg-656a1d8c32c0d6142.jpg?fit=1200%2C628&ssl=1&resize=1050%2C600 3x"},"classes":[]}],"jetpack_sharing_enabled":true,"jetpack_shortlink":"https:\/\/wp.me\/pfMlyK-25X","_links":{"self":[{"href":"https:\/\/ismaelcolosi.com.br\/index.php\/wp-json\/wp\/v2\/posts\/8057","targetHints":{"allow":["GET"]}}],"collection":[{"href":"https:\/\/ismaelcolosi.com.br\/index.php\/wp-json\/wp\/v2\/posts"}],"about":[{"href":"https:\/\/ismaelcolosi.com.br\/index.php\/wp-json\/wp\/v2\/types\/post"}],"author":[{"embeddable":true,"href":"https:\/\/ismaelcolosi.com.br\/index.php\/wp-json\/wp\/v2\/users\/1"}],"replies":[{"embeddable":true,"href":"https:\/\/ismaelcolosi.com.br\/index.php\/wp-json\/wp\/v2\/comments?post=8057"}],"version-history":[{"count":0,"href":"https:\/\/ismaelcolosi.com.br\/index.php\/wp-json\/wp\/v2\/posts\/8057\/revisions"}],"wp:featuredmedia":[{"embeddable":true,"href":"https:\/\/ismaelcolosi.com.br\/index.php\/wp-json\/wp\/v2\/media\/8058"}],"wp:attachment":[{"href":"https:\/\/ismaelcolosi.com.br\/index.php\/wp-json\/wp\/v2\/media?parent=8057"}],"wp:term":[{"taxonomy":"category","embeddable":true,"href":"https:\/\/ismaelcolosi.com.br\/index.php\/wp-json\/wp\/v2\/categories?post=8057"},{"taxonomy":"post_tag","embeddable":true,"href":"https:\/\/ismaelcolosi.com.br\/index.php\/wp-json\/wp\/v2\/tags?post=8057"}],"curies":[{"name":"wp","href":"https:\/\/api.w.org\/{rel}","templated":true}]}}