{"id":8024,"date":"2023-11-29T10:29:26","date_gmt":"2023-11-29T13:29:26","guid":{"rendered":"https:\/\/ismaelcolosi.com.br\/index.php\/2023\/11\/29\/quem-e-nathalia-morais-atriz-da-globo-que-teria-dado-um-fora-em-neymar-segundo-colunista\/"},"modified":"2023-11-29T10:29:26","modified_gmt":"2023-11-29T13:29:26","slug":"quem-e-nathalia-morais-atriz-da-globo-que-teria-dado-um-fora-em-neymar-segundo-colunista","status":"publish","type":"post","link":"https:\/\/ismaelcolosi.com.br\/index.php\/2023\/11\/29\/quem-e-nathalia-morais-atriz-da-globo-que-teria-dado-um-fora-em-neymar-segundo-colunista\/","title":{"rendered":"Quem \u00e9 Nathalia Morais, atriz da Globo que teria dado um fora em Neymar segundo colunista"},"content":{"rendered":"<p> <br \/>\n<\/p>\n<div itemprop=\"text\">\n<p>Mais uma para q cole\u00e7\u00e3o. O jogador Neymar, em sua estadia no Brasil j\u00e1 pode colecionar pol\u00eamicas envolvendo seu nome. Esta, seria relacionado a uma atriz global.<\/p>\n<p>No \u00faltimo domingo, 26 de novembro, o jogador resolveu fazer uma festa em sua mans\u00e3o em Mangaratiba, na Costa Verde do Rio de Janeiro e parece que o \u2018 p\u00f3s festa \u2018 t\u00e1 rendendo.<\/p>\n<p>Segundo a colunista F\u00e1bia Oliveira, do portal Metr\u00f3poles, durante a festa uma atriz em especial chamou aten\u00e7\u00e3o de\u00a0 Neymar. Ele teria tentado ficar com a atriz e ela n\u00e3o quis.<\/p>\n<p>Nathalia Morais \u00e9 atriz em quest\u00e3o. Ela, que tem um perfil nas redes sociais com mais de 100 mil seguidores, estava na festa do jogador e teria recusado ficar com ele.<\/p>\n<p>A atriz de 22 anos fez duas participa\u00e7\u00f5es em s\u00e9ries renomadas para o GloboPlay. Ela interpretou Anita e Brenda, respectivamente. Al\u00e9m de atriz, ela tamb\u00e9m \u00e9 influenciadora digital nas redes sociais.<\/p>\n<p>Segundo a colunista, ele teria ficado irritado com as investidas sem sucesso na jovem. Ele teria chegado a dizer que ela estaria fazendo ele de ot\u00e1rio e estava desistindo de tentar.<\/p>\n<p>Na publica\u00e7\u00e3o do perfil Segue a Cami, o jogador chegou a comentar na publica\u00e7\u00e3o em sua defesa desses boatos. Ele pediu para que parassem de inventar hist\u00f3rias a seu respeito. A influenciadora tamb\u00e9m n\u00e3o se pronunciou ainda sobre o caso para confirmar ou desmentir a informa\u00e7\u00e3o dada pela colunista.<\/p>\n<\/div>\n<p><br \/>\n<br \/><a href=\"https:\/\/fnmais.com\/quem-nathalia-morais-atriz-globo-que-teria-dado-fora-em-neymar-segundo-colunista\/\">Source link <\/a><\/p>\n<div class='code-block code-block-4' style='margin: 8px auto 8px 0; text-align: left; display: block; clear: both;'>\n\ud83d\udce2 Aviso Legal\n\nO site ismaelcolosi.com.br atua apenas como um canal de divulga\u00e7\u00e3o de oportunidades de emprego e n\u00e3o se responsabiliza pelo processo seletivo, contrata\u00e7\u00e3o ou qualquer outra etapa relacionada \u00e0s vagas publicadas. Todas as informa\u00e7\u00f5es s\u00e3o de responsabilidade dos anunciantes.\n\n\u26a0\ufe0f Aten\u00e7\u00e3o! Nunca pague por promessas de emprego nem compre cursos que garantam contrata\u00e7\u00e3o. Desconfie de qualquer cobran\u00e7a para participar de sele\u00e7\u00f5es.\n\n\n\n<\/div>\n<!-- CONTENT END 1 -->\n","protected":false},"excerpt":{"rendered":"<p>Mais uma para q cole\u00e7\u00e3o. O jogador Neymar, em sua estadia no Brasil j\u00e1 pode colecionar pol\u00eamicas envolvendo seu nome. Esta, seria relacionado a uma&#8230;<\/p>\n","protected":false},"author":1,"featured_media":8025,"comment_status":"open","ping_status":"open","sticky":false,"template":"","format":"standard","meta":{"_uag_custom_page_level_css":"","advanced_seo_description":"","jetpack_seo_html_title":"","jetpack_seo_noindex":false,"jetpack_post_was_ever_published":false,"_jetpack_newsletter_access":"","_jetpack_dont_email_post_to_subs":false,"_jetpack_newsletter_tier_id":0,"_jetpack_memberships_contains_paywalled_content":false,"_jetpack_memberships_contains_paid_content":false,"footnotes":"","jetpack_publicize_message":"","jetpack_publicize_feature_enabled":true,"jetpack_social_post_already_shared":true,"jetpack_social_options":{"image_generator_settings":{"template":"highway","default_image_id":0,"font":"","enabled":false},"version":2}},"categories":[1],"tags":[],"class_list":["post-8024","post","type-post","status-publish","format-standard","has-post-thumbnail","hentry","category-blog"],"jetpack_publicize_connections":[],"jetpack_featured_media_url":"https:\/\/i0.wp.com\/ismaelcolosi.com.br\/wp-content\/uploads\/2023\/11\/postimg-6567397478ad57414.jpg?fit=1200%2C628&ssl=1","uagb_featured_image_src":{"full":["https:\/\/i0.wp.com\/ismaelcolosi.com.br\/wp-content\/uploads\/2023\/11\/postimg-6567397478ad57414.jpg?fit=1200%2C628&ssl=1",1200,628,false],"thumbnail":["https:\/\/i0.wp.com\/ismaelcolosi.com.br\/wp-content\/uploads\/2023\/11\/postimg-6567397478ad57414.jpg?resize=150%2C150&ssl=1",150,150,true],"medium":["https:\/\/i0.wp.com\/ismaelcolosi.com.br\/wp-content\/uploads\/2023\/11\/postimg-6567397478ad57414.jpg?fit=300%2C157&ssl=1",300,157,true],"medium_large":["https:\/\/i0.wp.com\/ismaelcolosi.com.br\/wp-content\/uploads\/2023\/11\/postimg-6567397478ad57414.jpg?fit=768%2C402&ssl=1",768,402,true],"large":["https:\/\/i0.wp.com\/ismaelcolosi.com.br\/wp-content\/uploads\/2023\/11\/postimg-6567397478ad57414.jpg?fit=1024%2C536&ssl=1",1024,536,true],"1536x1536":["https:\/\/i0.wp.com\/ismaelcolosi.com.br\/wp-content\/uploads\/2023\/11\/postimg-6567397478ad57414.jpg?fit=1200%2C628&ssl=1",1200,628,true],"2048x2048":["https:\/\/i0.wp.com\/ismaelcolosi.com.br\/wp-content\/uploads\/2023\/11\/postimg-6567397478ad57414.jpg?fit=1200%2C628&ssl=1",1200,628,true],"really-simple-thumb":["https:\/\/i0.wp.com\/ismaelcolosi.com.br\/wp-content\/uploads\/2023\/11\/postimg-6567397478ad57414.jpg?resize=370%2C247&ssl=1",370,247,true]},"uagb_author_info":{"display_name":"ismaelcolosi.com.br","author_link":"https:\/\/ismaelcolosi.com.br\/index.php\/author\/vidareal-online\/"},"uagb_comment_info":0,"uagb_excerpt":"Mais uma para q cole\u00e7\u00e3o. O jogador Neymar, em sua estadia no Brasil j\u00e1 pode colecionar pol\u00eamicas envolvendo seu nome. Esta, seria relacionado a uma...","jetpack-related-posts":[{"id":8135,"url":"https:\/\/ismaelcolosi.com.br\/index.php\/2023\/11\/29\/apos-suposto-fora-em-neymar-nathalia-morais-publica-possivel-resposta\/","url_meta":{"origin":8024,"position":0},"title":"Ap\u00f3s suposto fora em Neymar, Nathalia Morais p\u00fablica poss\u00edvel resposta","author":"ismaelcolosi.com.br","date":"29 de November de 2023","format":false,"excerpt":"Toda festa tem um \u2018 p\u00f3s \u2018. Os coment\u00e1rios dos ocorridos durante a festa podem render coment\u00e1rios durante um bom tempo. Quando se trata das festas dos famosos, os coment\u00e1rios rendem not\u00edcias ainda maiores.O jogador Neymar Jr est\u00e1 no Brasil para tratar uma les\u00e3o que sofreu durante um jogo. Mas\u2026","rel":"","context":"In &quot;Blog&quot;","block_context":{"text":"Blog","link":"https:\/\/ismaelcolosi.com.br\/index.php\/category\/blog\/"},"img":{"alt_text":"","src":"https:\/\/i0.wp.com\/ismaelcolosi.com.br\/wp-content\/uploads\/2023\/11\/postimg-65677df5d12508486.jpg?fit=1200%2C628&ssl=1&resize=350%2C200","width":350,"height":200,"srcset":"https:\/\/i0.wp.com\/ismaelcolosi.com.br\/wp-content\/uploads\/2023\/11\/postimg-65677df5d12508486.jpg?fit=1200%2C628&ssl=1&resize=350%2C200 1x, https:\/\/i0.wp.com\/ismaelcolosi.com.br\/wp-content\/uploads\/2023\/11\/postimg-65677df5d12508486.jpg?fit=1200%2C628&ssl=1&resize=525%2C300 1.5x, https:\/\/i0.wp.com\/ismaelcolosi.com.br\/wp-content\/uploads\/2023\/11\/postimg-65677df5d12508486.jpg?fit=1200%2C628&ssl=1&resize=700%2C400 2x, https:\/\/i0.wp.com\/ismaelcolosi.com.br\/wp-content\/uploads\/2023\/11\/postimg-65677df5d12508486.jpg?fit=1200%2C628&ssl=1&resize=1050%2C600 3x"},"classes":[]},{"id":29128,"url":"https:\/\/ismaelcolosi.com.br\/index.php\/2024\/01\/17\/apos-tragica-perda-de-juliana-paes-atriz-teria-tomado-decisao-as-pressas\/","url_meta":{"origin":8024,"position":1},"title":"Ap\u00f3s tr\u00e1gica perda de Juliana Paes, atriz teria tomado decis\u00e3o \u00e0s pressas","author":"ismaelcolosi.com.br","date":"17 de January de 2024","format":false,"excerpt":"A atriz Juliana Paes enfrentou um momento de profunda tristeza esta semana com o falecimento de seu pai, Carlos Henrique Paes.A not\u00edcia do luto chegou \u00e0 atriz enquanto ela estava de f\u00e9rias em Paris, na Fran\u00e7a, com sua fam\u00edlia. Diante da tr\u00e1gica not\u00edcia, Juliana decidiu retornar imediatamente ao Brasil.Carlos Henrique\u2026","rel":"","context":"In &quot;Blog&quot;","block_context":{"text":"Blog","link":"https:\/\/ismaelcolosi.com.br\/index.php\/category\/blog\/"},"img":{"alt_text":"","src":"https:\/\/i0.wp.com\/ismaelcolosi.com.br\/wp-content\/uploads\/2024\/01\/postimg-65a80dd0b84917045.jpg?fit=1200%2C628&ssl=1&resize=350%2C200","width":350,"height":200,"srcset":"https:\/\/i0.wp.com\/ismaelcolosi.com.br\/wp-content\/uploads\/2024\/01\/postimg-65a80dd0b84917045.jpg?fit=1200%2C628&ssl=1&resize=350%2C200 1x, https:\/\/i0.wp.com\/ismaelcolosi.com.br\/wp-content\/uploads\/2024\/01\/postimg-65a80dd0b84917045.jpg?fit=1200%2C628&ssl=1&resize=525%2C300 1.5x, https:\/\/i0.wp.com\/ismaelcolosi.com.br\/wp-content\/uploads\/2024\/01\/postimg-65a80dd0b84917045.jpg?fit=1200%2C628&ssl=1&resize=700%2C400 2x, https:\/\/i0.wp.com\/ismaelcolosi.com.br\/wp-content\/uploads\/2024\/01\/postimg-65a80dd0b84917045.jpg?fit=1200%2C628&ssl=1&resize=1050%2C600 3x"},"classes":[]},{"id":26729,"url":"https:\/\/ismaelcolosi.com.br\/index.php\/2024\/01\/10\/triste-noticia-sobre-internacao-de-tais-araujo-em-hospital-revela-diagnostico-apos-procedimento-segundo-colunista\/","url_meta":{"origin":8024,"position":2},"title":"Triste not\u00edcia sobre interna\u00e7\u00e3o de Ta\u00eds Ara\u00fajo em hospital revela diagn\u00f3stico ap\u00f3s procedimento, segundo colunista","author":"ismaelcolosi.com.br","date":"10 de January de 2024","format":false,"excerpt":"Aos 41 anos, a renomada atriz Ta\u00eds Ara\u00fajo foi motivo de preocupa\u00e7\u00e3o para os f\u00e3s ap\u00f3s ter sido internada no hospital S\u00edrio Liban\u00eas em S\u00e3o Paulo onde precisou ficar internada e precisar de atendimento.A atriz relatou dores nas costas, o que a levou at\u00e9 o hospital. Ela chegou a passar\u2026","rel":"","context":"In &quot;Blog&quot;","block_context":{"text":"Blog","link":"https:\/\/ismaelcolosi.com.br\/index.php\/category\/blog\/"},"img":{"alt_text":"","src":"https:\/\/i0.wp.com\/ismaelcolosi.com.br\/wp-content\/uploads\/2024\/01\/postimg-659ef3a3c3d0b6470.jpg?fit=1200%2C628&ssl=1&resize=350%2C200","width":350,"height":200,"srcset":"https:\/\/i0.wp.com\/ismaelcolosi.com.br\/wp-content\/uploads\/2024\/01\/postimg-659ef3a3c3d0b6470.jpg?fit=1200%2C628&ssl=1&resize=350%2C200 1x, https:\/\/i0.wp.com\/ismaelcolosi.com.br\/wp-content\/uploads\/2024\/01\/postimg-659ef3a3c3d0b6470.jpg?fit=1200%2C628&ssl=1&resize=525%2C300 1.5x, https:\/\/i0.wp.com\/ismaelcolosi.com.br\/wp-content\/uploads\/2024\/01\/postimg-659ef3a3c3d0b6470.jpg?fit=1200%2C628&ssl=1&resize=700%2C400 2x, https:\/\/i0.wp.com\/ismaelcolosi.com.br\/wp-content\/uploads\/2024\/01\/postimg-659ef3a3c3d0b6470.jpg?fit=1200%2C628&ssl=1&resize=1050%2C600 3x"},"classes":[]},{"id":24719,"url":"https:\/\/ismaelcolosi.com.br\/index.php\/2024\/01\/04\/filhos-de-wanessa-camargo-vao-morar-com-o-ex-e-isis-valverde-site-expoe-a-motivacao\/","url_meta":{"origin":8024,"position":3},"title":"Filhos de Wanessa Camargo v\u00e3o morar com o ex e Isis Valverde, site exp\u00f5e a motiva\u00e7\u00e3o","author":"ismaelcolosi.com.br","date":"4 de January de 2024","format":false,"excerpt":"Come\u00e7ou a circular nas redes sociais a informa\u00e7\u00e3o de que os filhos de Wanessa Camargo est\u00e3o sob os cuidados da atriz Isis Valverde, ou seja, eles est\u00e3o morando na casa da artista mineira que est\u00e1 noiva do pai das crian\u00e7as, o empres\u00e1rio Marcus Buaiz.A motiva\u00e7\u00e3o da mudan\u00e7a dos filhos de\u2026","rel":"","context":"In &quot;Blog&quot;","block_context":{"text":"Blog","link":"https:\/\/ismaelcolosi.com.br\/index.php\/category\/blog\/"},"img":{"alt_text":"","src":"https:\/\/i0.wp.com\/ismaelcolosi.com.br\/wp-content\/uploads\/2024\/01\/postimg-6597695c068655282.jpg?fit=1200%2C628&ssl=1&resize=350%2C200","width":350,"height":200,"srcset":"https:\/\/i0.wp.com\/ismaelcolosi.com.br\/wp-content\/uploads\/2024\/01\/postimg-6597695c068655282.jpg?fit=1200%2C628&ssl=1&resize=350%2C200 1x, https:\/\/i0.wp.com\/ismaelcolosi.com.br\/wp-content\/uploads\/2024\/01\/postimg-6597695c068655282.jpg?fit=1200%2C628&ssl=1&resize=525%2C300 1.5x, https:\/\/i0.wp.com\/ismaelcolosi.com.br\/wp-content\/uploads\/2024\/01\/postimg-6597695c068655282.jpg?fit=1200%2C628&ssl=1&resize=700%2C400 2x, https:\/\/i0.wp.com\/ismaelcolosi.com.br\/wp-content\/uploads\/2024\/01\/postimg-6597695c068655282.jpg?fit=1200%2C628&ssl=1&resize=1050%2C600 3x"},"classes":[]},{"id":16167,"url":"https:\/\/ismaelcolosi.com.br\/index.php\/2023\/12\/15\/irma-e-esposa-de-kayky-brito-teriam-brigado-feio-no-hospital-afirma-colunista\/","url_meta":{"origin":8024,"position":4},"title":"Irm\u00e3 e esposa de Kayky Brito teriam brigado feio no hospital, afirma colunista","author":"ismaelcolosi.com.br","date":"15 de December de 2023","format":false,"excerpt":"A fam\u00edlia Brito voltou a figurar nas p\u00e1ginas de fofoca nesta semana ap\u00f3s informa\u00e7\u00f5es da coluna de Mariana Morais, no Correio Braziliense. De acordo com a nota, o clima na fam\u00edlia n\u00e3o \u00e9 dos melhores.De acordo com a not\u00edcia, a rela\u00e7\u00e3o entre a esposa do ator e sua irm\u00e3 n\u00e3o\u2026","rel":"","context":"In &quot;Blog&quot;","block_context":{"text":"Blog","link":"https:\/\/ismaelcolosi.com.br\/index.php\/category\/blog\/"},"img":{"alt_text":"","src":"https:\/\/i0.wp.com\/ismaelcolosi.com.br\/wp-content\/uploads\/2023\/12\/postimg-657bcb09329f65789.jpg?fit=1200%2C628&ssl=1&resize=350%2C200","width":350,"height":200,"srcset":"https:\/\/i0.wp.com\/ismaelcolosi.com.br\/wp-content\/uploads\/2023\/12\/postimg-657bcb09329f65789.jpg?fit=1200%2C628&ssl=1&resize=350%2C200 1x, https:\/\/i0.wp.com\/ismaelcolosi.com.br\/wp-content\/uploads\/2023\/12\/postimg-657bcb09329f65789.jpg?fit=1200%2C628&ssl=1&resize=525%2C300 1.5x, https:\/\/i0.wp.com\/ismaelcolosi.com.br\/wp-content\/uploads\/2023\/12\/postimg-657bcb09329f65789.jpg?fit=1200%2C628&ssl=1&resize=700%2C400 2x, https:\/\/i0.wp.com\/ismaelcolosi.com.br\/wp-content\/uploads\/2023\/12\/postimg-657bcb09329f65789.jpg?fit=1200%2C628&ssl=1&resize=1050%2C600 3x"},"classes":[]},{"id":16439,"url":"https:\/\/ismaelcolosi.com.br\/index.php\/2023\/12\/15\/chega-triste-noticia-sobre-a-atriz-bruna-griphao-internada-em-hospital-ela-recebeu-visita-de-amigos\/","url_meta":{"origin":8024,"position":5},"title":"Chega triste not\u00edcia sobre a atriz Bruna Griphao, internada em hospital; ela recebeu visita de amigos","author":"ismaelcolosi.com.br","date":"15 de December de 2023","format":false,"excerpt":"Bruna Griphao \u00e9 uma atriz que \u00e9 bastante conhecida por conta de ter participado de diversas produ\u00e7\u00f5es na televis\u00e3o e tamb\u00e9m por ter feito parto do elenco do Reality Show, Big Brother Brasil.E de forma recente, chegou a ser divulgado atrav\u00e9s de diversos canais de comunica\u00e7\u00e3o, uma triste not\u00edcia a\u2026","rel":"","context":"In &quot;Blog&quot;","block_context":{"text":"Blog","link":"https:\/\/ismaelcolosi.com.br\/index.php\/category\/blog\/"},"img":{"alt_text":"","src":"https:\/\/i0.wp.com\/ismaelcolosi.com.br\/wp-content\/uploads\/2023\/12\/postimg-657c642f71eca5306.jpg?fit=1200%2C628&ssl=1&resize=350%2C200","width":350,"height":200,"srcset":"https:\/\/i0.wp.com\/ismaelcolosi.com.br\/wp-content\/uploads\/2023\/12\/postimg-657c642f71eca5306.jpg?fit=1200%2C628&ssl=1&resize=350%2C200 1x, https:\/\/i0.wp.com\/ismaelcolosi.com.br\/wp-content\/uploads\/2023\/12\/postimg-657c642f71eca5306.jpg?fit=1200%2C628&ssl=1&resize=525%2C300 1.5x, https:\/\/i0.wp.com\/ismaelcolosi.com.br\/wp-content\/uploads\/2023\/12\/postimg-657c642f71eca5306.jpg?fit=1200%2C628&ssl=1&resize=700%2C400 2x, https:\/\/i0.wp.com\/ismaelcolosi.com.br\/wp-content\/uploads\/2023\/12\/postimg-657c642f71eca5306.jpg?fit=1200%2C628&ssl=1&resize=1050%2C600 3x"},"classes":[]}],"jetpack_sharing_enabled":true,"jetpack_shortlink":"https:\/\/wp.me\/pfMlyK-25q","_links":{"self":[{"href":"https:\/\/ismaelcolosi.com.br\/index.php\/wp-json\/wp\/v2\/posts\/8024","targetHints":{"allow":["GET"]}}],"collection":[{"href":"https:\/\/ismaelcolosi.com.br\/index.php\/wp-json\/wp\/v2\/posts"}],"about":[{"href":"https:\/\/ismaelcolosi.com.br\/index.php\/wp-json\/wp\/v2\/types\/post"}],"author":[{"embeddable":true,"href":"https:\/\/ismaelcolosi.com.br\/index.php\/wp-json\/wp\/v2\/users\/1"}],"replies":[{"embeddable":true,"href":"https:\/\/ismaelcolosi.com.br\/index.php\/wp-json\/wp\/v2\/comments?post=8024"}],"version-history":[{"count":0,"href":"https:\/\/ismaelcolosi.com.br\/index.php\/wp-json\/wp\/v2\/posts\/8024\/revisions"}],"wp:featuredmedia":[{"embeddable":true,"href":"https:\/\/ismaelcolosi.com.br\/index.php\/wp-json\/wp\/v2\/media\/8025"}],"wp:attachment":[{"href":"https:\/\/ismaelcolosi.com.br\/index.php\/wp-json\/wp\/v2\/media?parent=8024"}],"wp:term":[{"taxonomy":"category","embeddable":true,"href":"https:\/\/ismaelcolosi.com.br\/index.php\/wp-json\/wp\/v2\/categories?post=8024"},{"taxonomy":"post_tag","embeddable":true,"href":"https:\/\/ismaelcolosi.com.br\/index.php\/wp-json\/wp\/v2\/tags?post=8024"}],"curies":[{"name":"wp","href":"https:\/\/api.w.org\/{rel}","templated":true}]}}