{"id":8012,"date":"2023-11-29T10:00:51","date_gmt":"2023-11-29T13:00:51","guid":{"rendered":"https:\/\/ismaelcolosi.com.br\/index.php\/2023\/11\/29\/emprego-formal-sobe-em-outubro-em-rp\/"},"modified":"2023-11-29T10:00:51","modified_gmt":"2023-11-29T13:00:51","slug":"emprego-formal-sobe-em-outubro-em-rp","status":"publish","type":"post","link":"https:\/\/ismaelcolosi.com.br\/index.php\/2023\/11\/29\/emprego-formal-sobe-em-outubro-em-rp\/","title":{"rendered":"Emprego formal\u00a0sobe em outubro\u00a0em RP"},"content":{"rendered":"<p> <br \/>\n<\/p>\n<div id=\"\">\n<p> <span class=\"entry-meta-item penci-posted-on\"><i class=\"fa fa-clock-o\"\/><time class=\"entry-date published\" datetime=\"2023-11-29T10:00:51-03:00\">29 de novembro de 2023 | 10:00<\/time><time class=\"updated\" datetime=\"2023-11-29T08:55:29-03:00\">29 de novembro de 2023 | 8:55<\/time><\/span><\/p>\n<p> <span class=\"penci-social-buttons penci-social-share-footer\"><a href=\"#\" class=\"penci-post-like penci_post-meta_item  single-like-button penci-social-item like\" data-post_id=\"365570\" title=\"Like\" data-like=\"Like\" data-unlike=\"Unlike\"><i class=\"fa fa-thumbs-o-up\"\/><span class=\"penci-share-number\">0<\/span><\/a><i class=\"fa fa-facebook\"\/><a class=\"penci-social-item twitter\" target=\"_blank\" rel=\"noopener\" title=\"\" href=\"https:\/\/twitter.com\/intent\/tweet?text=Emprego%20formal\u00a0sobe%20em%20outubro\u00a0em%20RP%20-%20https:\/\/www.tribunaribeirao.com.br\/site\/emprego-formal-sobe-em-outubro-em-rp\/\"><i class=\"fa fa-twitter\"\/><\/a><i class=\"fa fa-whatsapp\"\/><\/span><\/div>\n<div>\n<p><span class=\"TextRun SCXW126546565 BCX0\" lang=\"PT-BR\" xml:lang=\"PT-BR\" data-contrast=\"none\"><span class=\"NormalTextRun SCXW126546565 BCX0\">O Minist\u00e9rio do <\/span><\/span><span class=\"TextRun SCXW126546565 BCX0\" lang=\"PT-BR\" xml:lang=\"PT-BR\" data-contrast=\"auto\"><span class=\"NormalTextRun SCXW126546565 BCX0\">Trabalho e Emprego <\/span><\/span><span class=\"TextRun SCXW126546565 BCX0\" lang=\"PT-BR\" xml:lang=\"PT-BR\" data-contrast=\"none\"><span class=\"NormalTextRun SCXW126546565 BCX0\">divulgou nesta <\/span><span class=\"NormalTextRun SCXW126546565 BCX0\">ter\u00e7a<\/span><span class=\"NormalTextRun SCXW126546565 BCX0\">-feira, <\/span><span class=\"NormalTextRun SCXW126546565 BCX0\">28<\/span><span class=\"NormalTextRun SCXW126546565 BCX0\"> de <\/span><span class=\"NormalTextRun SCXW126546565 BCX0\">novembro<\/span><span class=\"NormalTextRun SCXW126546565 BCX0\">, os n\u00fameros do Novo Cadastro Geral <\/span><\/span><span class=\"TextRun Highlight SCXW126546565 BCX0\" lang=\"PT-BR\" xml:lang=\"PT-BR\" data-contrast=\"none\"><span class=\"NormalTextRun SCXW126546565 BCX0\">de Empregados e Desempregados (Novo <\/span><span class=\"NormalTextRun SpellingErrorV2Themed SCXW126546565 BCX0\">Caged<\/span><span class=\"NormalTextRun SCXW126546565 BCX0\">) de <\/span><span class=\"NormalTextRun SCXW126546565 BCX0\">outubro<\/span><span class=\"NormalTextRun SCXW126546565 BCX0\">. A economia de Ribeir\u00e3o Preto fechou o <\/span><span class=\"NormalTextRun SCXW126546565 BCX0\">d\u00e9cimo <\/span><span class=\"NormalTextRun SCXW126546565 BCX0\">m\u00eas de 2023 com super\u00e1vit de <\/span><span class=\"NormalTextRun SCXW126546565 BCX0\">1.425 <\/span><span class=\"NormalTextRun SCXW126546565 BCX0\">empregos com carteira assinada, fruto de 1<\/span><span class=\"NormalTextRun SCXW126546565 BCX0\">1.<\/span><span class=\"NormalTextRun SCXW126546565 BCX0\">900 <\/span><span class=\"NormalTextRun SCXW126546565 BCX0\">admiss\u00f5es e 1<\/span><span class=\"NormalTextRun SCXW126546565 BCX0\">0.4<\/span><span class=\"NormalTextRun SCXW126546565 BCX0\">7<\/span><span class=\"NormalTextRun SCXW126546565 BCX0\">5 <\/span><span class=\"NormalTextRun SCXW126546565 BCX0\">demiss\u00f5es<\/span><span class=\"NormalTextRun SCXW126546565 BCX0\">,<\/span> <span class=\"NormalTextRun SCXW126546565 BCX0\">melhor resultado do ano at\u00e9 o momento<\/span><span class=\"NormalTextRun SCXW126546565 BCX0\">. <\/span><\/span><span class=\"LineBreakBlob BlobObject DragDrop SCXW126546565 BCX0\"><span class=\"SCXW126546565 BCX0\">\u00a0<\/span><br class=\"SCXW126546565 BCX0\"\/><\/span><span class=\"LineBreakBlob BlobObject DragDrop SCXW126546565 BCX0\"><span class=\"SCXW126546565 BCX0\">\u00a0<\/span><br class=\"SCXW126546565 BCX0\"\/><\/span><span class=\"TextRun Highlight SCXW126546565 BCX0\" lang=\"PT-BR\" xml:lang=\"PT-BR\" data-contrast=\"none\"><span class=\"NormalTextRun SCXW126546565 BCX0\">\u00c9 a <\/span><span class=\"NormalTextRun SCXW126546565 BCX0\">oitava <\/span><span class=\"NormalTextRun SCXW126546565 BCX0\">alta do ano<\/span><span class=\"NormalTextRun SCXW126546565 BCX0\">. <\/span><span class=\"NormalTextRun SCXW126546565 BCX0\">A<\/span><span class=\"NormalTextRun SCXW126546565 BCX0\">van\u00e7ou<\/span><span class=\"NormalTextRun SCXW126546565 BCX0\"> 104,15<\/span><span class=\"NormalTextRun SCXW126546565 BCX0\">% na compara\u00e7\u00e3o com o saldo de <\/span><span class=\"NormalTextRun SCXW126546565 BCX0\">6<\/span><span class=\"NormalTextRun SCXW126546565 BCX0\">98<\/span> <span class=\"NormalTextRun SCXW126546565 BCX0\">vagas criadas em <\/span><span class=\"NormalTextRun SCXW126546565 BCX0\">setembro<\/span><span class=\"NormalTextRun SCXW126546565 BCX0\">, resultado de 1<\/span><span class=\"NormalTextRun SCXW126546565 BCX0\">1<\/span><span class=\"NormalTextRun SCXW126546565 BCX0\">.<\/span><span class=\"NormalTextRun SCXW126546565 BCX0\">259<\/span><span class=\"NormalTextRun SCXW126546565 BCX0\"> contrata\u00e7\u00f5es e 1<\/span><span class=\"NormalTextRun SCXW126546565 BCX0\">0.561 <\/span><span class=\"NormalTextRun SCXW126546565 BCX0\">rescis\u00f5es. S\u00e3o <\/span><span class=\"NormalTextRun SCXW126546565 BCX0\">727 <\/span><span class=\"NormalTextRun SCXW126546565 BCX0\">postos de trabalho a <\/span><span class=\"NormalTextRun SCXW126546565 BCX0\">m<\/span><span class=\"NormalTextRun SCXW126546565 BCX0\">ais<\/span><span class=\"NormalTextRun SCXW126546565 BCX0\">. Em compara\u00e7\u00e3o com<\/span> <span class=\"NormalTextRun SCXW126546565 BCX0\">outubro <\/span><span class=\"NormalTextRun SCXW126546565 BCX0\">do ano passado, <\/span><span class=\"NormalTextRun SCXW126546565 BCX0\">por\u00e9m, <\/span><span class=\"NormalTextRun SCXW126546565 BCX0\">quando o super\u00e1vit foi de 1.<\/span><span class=\"NormalTextRun SCXW126546565 BCX0\">411<\/span><span class=\"NormalTextRun SCXW126546565 BCX0\"> trabalhadores contratados (1<\/span><span class=\"NormalTextRun SCXW126546565 BCX0\">1<\/span><span class=\"NormalTextRun SCXW126546565 BCX0\">.<\/span><span class=\"NormalTextRun SCXW126546565 BCX0\">17<\/span><span class=\"NormalTextRun SCXW126546565 BCX0\">5 <\/span><span class=\"NormalTextRun SCXW126546565 BCX0\">admiss\u00f5es e <\/span><span class=\"NormalTextRun SCXW126546565 BCX0\">9.764 <\/span><span class=\"NormalTextRun SCXW126546565 BCX0\">demiss\u00f5es), a <\/span><span class=\"NormalTextRun SCXW126546565 BCX0\">alta <\/span><span class=\"NormalTextRun SCXW126546565 BCX0\">\u00e9 de <\/span><span class=\"NormalTextRun SCXW126546565 BCX0\">0,99<\/span><span class=\"NormalTextRun SCXW126546565 BCX0\">%. S\u00e3o <\/span><span class=\"NormalTextRun SCXW126546565 BCX0\">apenas 14 <\/span><span class=\"NormalTextRun SCXW126546565 BCX0\">vagas a <\/span><span class=\"NormalTextRun SCXW126546565 BCX0\">mais<\/span><span class=\"NormalTextRun SCXW126546565 BCX0\">. <\/span><\/span><span class=\"LineBreakBlob BlobObject DragDrop SCXW126546565 BCX0\"><span class=\"SCXW126546565 BCX0\">\u00a0<\/span><br class=\"SCXW126546565 BCX0\"\/><\/span><span class=\"LineBreakBlob BlobObject DragDrop SCXW126546565 BCX0\"><span class=\"SCXW126546565 BCX0\">\u00a0<\/span><br class=\"SCXW126546565 BCX0\"\/><\/span><span class=\"TextRun Highlight SCXW126546565 BCX0\" lang=\"PT-BR\" xml:lang=\"PT-BR\" data-contrast=\"none\"><span class=\"NormalTextRun SCXW126546565 BCX0\">Dez <\/span><\/span><span class=\"TextRun SCXW126546565 BCX0\" lang=\"PT-BR\" xml:lang=\"PT-BR\" data-contrast=\"auto\"><span class=\"NormalTextRun SCXW126546565 BCX0\">\u2013 <\/span><\/span><span class=\"TextRun SCXW126546565 BCX0\" lang=\"PT-BR\" xml:lang=\"PT-BR\" data-contrast=\"auto\"><span class=\"NormalTextRun SCXW126546565 BCX0\">Em <\/span><span class=\"NormalTextRun SCXW126546565 BCX0\">dez <\/span><span class=\"NormalTextRun SCXW126546565 BCX0\">meses<\/span><\/span><span class=\"TextRun Highlight SCXW126546565 BCX0\" lang=\"PT-BR\" xml:lang=\"PT-BR\" data-contrast=\"none\"><span class=\"NormalTextRun SCXW126546565 BCX0\">, o super\u00e1vit \u00e9 de <\/span><span class=\"NormalTextRun SCXW126546565 BCX0\">7.812 <\/span><span class=\"NormalTextRun SCXW126546565 BCX0\">novos postos de trabalho, fruto de <\/span><span class=\"NormalTextRun SCXW126546565 BCX0\">1<\/span><span class=\"NormalTextRun SCXW126546565 BCX0\">15.321 <\/span><span class=\"NormalTextRun SCXW126546565 BCX0\">contrata\u00e7\u00f5es e <\/span><span class=\"NormalTextRun SCXW126546565 BCX0\">107.509 <\/span><span class=\"NormalTextRun SCXW126546565 BCX0\">rescis\u00f5es. No mesmo per\u00edodo do ano passado, o saldo foi de <\/span><span class=\"NormalTextRun SCXW126546565 BCX0\">1<\/span><span class=\"NormalTextRun SCXW126546565 BCX0\">3.225 <\/span><span class=\"NormalTextRun SCXW126546565 BCX0\">trabalhadores contratados, soma de <\/span><span class=\"NormalTextRun SCXW126546565 BCX0\">115.203 <\/span><span class=\"NormalTextRun SCXW126546565 BCX0\">admiss\u00f5es e <\/span><span class=\"NormalTextRun SCXW126546565 BCX0\">101.978 <\/span><span class=\"NormalTextRun SCXW126546565 BCX0\">dem<\/span><span class=\"NormalTextRun SCXW126546565 BCX0\">iss\u00f5es. O resultado de 2023 \u00e9 4<\/span><span class=\"NormalTextRun SCXW126546565 BCX0\">0<\/span><span class=\"NormalTextRun SCXW126546565 BCX0\">,<\/span><span class=\"NormalTextRun SCXW126546565 BCX0\">93<\/span><span class=\"NormalTextRun SCXW126546565 BCX0\">% inferior. S\u00e3o <\/span><span class=\"NormalTextRun SCXW126546565 BCX0\">5.<\/span><span class=\"NormalTextRun SCXW126546565 BCX0\">413 <\/span><span class=\"NormalTextRun SCXW126546565 BCX0\">carteiras assinadas a menos. <\/span><\/span><span class=\"LineBreakBlob BlobObject DragDrop SCXW126546565 BCX0\"><span class=\"SCXW126546565 BCX0\">\u00a0<\/span><br class=\"SCXW126546565 BCX0\"\/><\/span><span class=\"LineBreakBlob BlobObject DragDrop SCXW126546565 BCX0\"><span class=\"SCXW126546565 BCX0\">\u00a0<\/span><br class=\"SCXW126546565 BCX0\"\/><\/span><span class=\"TextRun Highlight SCXW126546565 BCX0\" lang=\"PT-BR\" xml:lang=\"PT-BR\" data-contrast=\"none\"><span class=\"NormalTextRun SCXW126546565 BCX0\">Os dados tamb\u00e9m s<\/span><span class=\"NormalTextRun SCXW126546565 BCX0\">\u00e3o <\/span><span class=\"NormalTextRun SCXW126546565 BCX0\">des<\/span><span class=\"NormalTextRun SCXW126546565 BCX0\">favor\u00e1veis quando se observa os <\/span><span class=\"NormalTextRun SCXW126546565 BCX0\">doze<\/span><span class=\"NormalTextRun SCXW126546565 BCX0\"> \u00faltimos meses<\/span> <\/span><span class=\"TextRun SCXW126546565 BCX0\" lang=\"PT-BR\" xml:lang=\"PT-BR\" data-contrast=\"auto\"><span class=\"NormalTextRun SCXW126546565 BCX0\">\u2013<\/span> <span class=\"NormalTextRun SCXW126546565 BCX0\">novembro <\/span><\/span><span class=\"TextRun Highlight SCXW126546565 BCX0\" lang=\"PT-BR\" xml:lang=\"PT-BR\" data-contrast=\"none\"><span class=\"NormalTextRun SCXW126546565 BCX0\">do ano passado a <\/span><span class=\"NormalTextRun SCXW126546565 BCX0\">outubro <\/span><span class=\"NormalTextRun SCXW126546565 BCX0\">de 2023<\/span><span class=\"NormalTextRun SCXW126546565 BCX0\">. Neste <\/span><span class=\"NormalTextRun SCXW126546565 BCX0\">intervalo<\/span><span class=\"NormalTextRun SCXW126546565 BCX0\">, Ribeir\u00e3o Preto registrou 13<\/span><span class=\"NormalTextRun SCXW126546565 BCX0\">3<\/span><span class=\"NormalTextRun SCXW126546565 BCX0\">.<\/span><span class=\"NormalTextRun SCXW126546565 BCX0\">949<\/span> <span class=\"NormalTextRun SCXW126546565 BCX0\">admiss\u00f5es contra 12<\/span><span class=\"NormalTextRun SCXW126546565 BCX0\">7<\/span><span class=\"NormalTextRun SCXW126546565 BCX0\">.<\/span><span class=\"NormalTextRun SCXW126546565 BCX0\">594<\/span> <span class=\"NormalTextRun SCXW126546565 BCX0\">desligamentos, saldo positivo de <\/span><span class=\"NormalTextRun SCXW126546565 BCX0\">6.3<\/span><span class=\"NormalTextRun SCXW126546565 BCX0\">55<\/span> <span class=\"NormalTextRun SCXW126546565 BCX0\">novas vagas formais<\/span><span class=\"NormalTextRun SCXW126546565 BCX0\">.<\/span><\/span><span class=\"LineBreakBlob BlobObject DragDrop SCXW126546565 BCX0\"><span class=\"SCXW126546565 BCX0\">\u00a0<\/span><br class=\"SCXW126546565 BCX0\"\/><\/span><span class=\"LineBreakBlob BlobObject DragDrop SCXW126546565 BCX0\"><span class=\"SCXW126546565 BCX0\">\u00a0<\/span><br class=\"SCXW126546565 BCX0\"\/><\/span><span class=\"TextRun Highlight SCXW126546565 BCX0\" lang=\"PT-BR\" xml:lang=\"PT-BR\" data-contrast=\"none\"><span class=\"NormalTextRun SCXW126546565 BCX0\">A <\/span><span class=\"NormalTextRun SCXW126546565 BCX0\">queda <\/span><span class=\"NormalTextRun SCXW126546565 BCX0\">chega a <\/span><span class=\"NormalTextRun SCXW126546565 BCX0\">5<\/span><span class=\"NormalTextRun SCXW126546565 BCX0\">4<\/span><span class=\"NormalTextRun SCXW126546565 BCX0\">,<\/span><span class=\"NormalTextRun SCXW126546565 BCX0\">54<\/span><span class=\"NormalTextRun SCXW126546565 BCX0\">% <\/span><span class=\"NormalTextRun SCXW126546565 BCX0\">em rela\u00e7\u00e3o ao <\/span><span class=\"NormalTextRun SCXW126546565 BCX0\">super\u00e1vit de 13.<\/span><span class=\"NormalTextRun SCXW126546565 BCX0\">9<\/span><span class=\"NormalTextRun SCXW126546565 BCX0\">80 do <\/span><span class=\"NormalTextRun SCXW126546565 BCX0\">per\u00edodo anterior<\/span> <\/span><span class=\"TextRun SCXW126546565 BCX0\" lang=\"PT-BR\" xml:lang=\"PT-BR\" data-contrast=\"auto\"><span class=\"NormalTextRun SCXW126546565 BCX0\">\u2013<\/span><\/span> <span class=\"TextRun SCXW126546565 BCX0\" lang=\"PT-BR\" xml:lang=\"PT-BR\" data-contrast=\"auto\"><span class=\"NormalTextRun SCXW126546565 BCX0\">novembro<\/span> <\/span><span class=\"TextRun Highlight SCXW126546565 BCX0\" lang=\"PT-BR\" xml:lang=\"PT-BR\" data-contrast=\"none\"><span class=\"NormalTextRun SCXW126546565 BCX0\">de 2021 a <\/span><span class=\"NormalTextRun SCXW126546565 BCX0\">outubro <\/span><span class=\"NormalTextRun SCXW126546565 BCX0\">de 2022, resultado de 135.<\/span><span class=\"NormalTextRun SCXW126546565 BCX0\">511<\/span><span class=\"NormalTextRun SCXW126546565 BCX0\"> contrata\u00e7\u00f5es e 121.<\/span><span class=\"NormalTextRun SCXW126546565 BCX0\">531 <\/span><span class=\"NormalTextRun SCXW126546565 BCX0\">rescis\u00f5es. S\u00e3o 7.625 <\/span><span class=\"NormalTextRun SCXW126546565 BCX0\">vagas a menos, segundo <\/span><span class=\"NormalTextRun SCXW126546565 BCX0\">dados d<\/span><span class=\"NormalTextRun SCXW126546565 BCX0\">o Novo <\/span><span class=\"NormalTextRun SpellingErrorV2Themed SCXW126546565 BCX0\">Caged<\/span><span class=\"NormalTextRun SCXW126546565 BCX0\">.<\/span><\/span><span class=\"LineBreakBlob BlobObject DragDrop SCXW126546565 BCX0\"><span class=\"SCXW126546565 BCX0\">\u00a0<\/span><br class=\"SCXW126546565 BCX0\"\/><\/span><span class=\"LineBreakBlob BlobObject DragDrop SCXW126546565 BCX0\"><span class=\"SCXW126546565 BCX0\">\u00a0<\/span><br class=\"SCXW126546565 BCX0\"\/><\/span><span class=\"TextRun Highlight SCXW126546565 BCX0\" lang=\"PT-BR\" xml:lang=\"PT-BR\" data-contrast=\"none\"><span class=\"NormalTextRun SCXW126546565 BCX0\">Ano passado <\/span><\/span><span class=\"TextRun SCXW126546565 BCX0\" lang=\"PT-BR\" xml:lang=\"PT-BR\" data-contrast=\"auto\"><span class=\"NormalTextRun SCXW126546565 BCX0\">\u2013 <\/span><\/span><span class=\"TextRun Highlight SCXW126546565 BCX0\" lang=\"PT-BR\" xml:lang=\"PT-BR\" data-contrast=\"none\"><span class=\"NormalTextRun SCXW126546565 BCX0\">Neste ano, Ribeir\u00e3o Preto registrou d\u00e9ficit de 3<\/span><span class=\"NormalTextRun SCXW126546565 BCX0\">74<\/span><span class=\"NormalTextRun SCXW126546565 BCX0\"> vagas em janeiro e de 7<\/span><span class=\"NormalTextRun SCXW126546565 BCX0\">7<\/span><span class=\"NormalTextRun SCXW126546565 BCX0\"> em maio e super\u00e1vit de 1.50<\/span><span class=\"NormalTextRun SCXW126546565 BCX0\">4<\/span><span class=\"NormalTextRun SCXW126546565 BCX0\"> em fevereiro, de 1.15<\/span><span class=\"NormalTextRun SCXW126546565 BCX0\">8<\/span><span class=\"NormalTextRun SCXW126546565 BCX0\"> em mar\u00e7o<\/span><span class=\"NormalTextRun SCXW126546565 BCX0\">, <\/span><span class=\"NormalTextRun SCXW126546565 BCX0\">de 1.26<\/span><span class=\"NormalTextRun SCXW126546565 BCX0\">1<\/span><span class=\"NormalTextRun SCXW126546565 BCX0\"> em abril<\/span><span class=\"NormalTextRun SCXW126546565 BCX0\">, <\/span><span class=\"NormalTextRun SCXW126546565 BCX0\">3<\/span><span class=\"NormalTextRun SCXW126546565 BCX0\">81 <\/span><span class=\"NormalTextRun SCXW126546565 BCX0\">em junho<\/span><span class=\"NormalTextRun SCXW126546565 BCX0\">, <\/span><span class=\"NormalTextRun SCXW126546565 BCX0\">1.200 em julho<\/span><span class=\"NormalTextRun SCXW126546565 BCX0\"> e 636 em agosto<\/span><span class=\"NormalTextRun SCXW126546565 BCX0\">. A economia de Ribeir\u00e3o Preto encerrou o ano passado com super\u00e1vit de 11.7<\/span><span class=\"NormalTextRun SCXW126546565 BCX0\">68<\/span><span class=\"NormalTextRun SCXW126546565 BCX0\"> novos <\/span><span class=\"NormalTextRun SCXW126546565 BCX0\">empregos com carteira assinada, fruto de 133.8<\/span><span class=\"NormalTextRun SCXW126546565 BCX0\">3<\/span><span class=\"NormalTextRun SCXW126546565 BCX0\">1<\/span><span class=\"NormalTextRun SCXW126546565 BCX0\"> admiss\u00f5es e 122.0<\/span><span class=\"NormalTextRun SCXW126546565 BCX0\">63<\/span><span class=\"NormalTextRun SCXW126546565 BCX0\"> demiss\u00f5es. <\/span><\/span><span class=\"LineBreakBlob BlobObject DragDrop SCXW126546565 BCX0\"><span class=\"SCXW126546565 BCX0\">\u00a0<\/span><br class=\"SCXW126546565 BCX0\"\/><\/span><span class=\"LineBreakBlob BlobObject DragDrop SCXW126546565 BCX0\"><span class=\"SCXW126546565 BCX0\">\u00a0<\/span><br class=\"SCXW126546565 BCX0\"\/><\/span><span class=\"TextRun Highlight SCXW126546565 BCX0\" lang=\"PT-BR\" xml:lang=\"PT-BR\" data-contrast=\"none\"><span class=\"NormalTextRun SCXW126546565 BCX0\">A queda chega a 18,<\/span><span class=\"NormalTextRun SCXW126546565 BCX0\">2<\/span><span class=\"NormalTextRun SCXW126546565 BCX0\">7<\/span><span class=\"NormalTextRun SCXW126546565 BCX0\">% na compara\u00e7\u00e3o com o saldo de 14.<\/span><span class=\"NormalTextRun SCXW126546565 BCX0\">399<\/span><span class=\"NormalTextRun SCXW126546565 BCX0\"> vagas abertas em 2021, resultado de 119.73<\/span><span class=\"NormalTextRun SCXW126546565 BCX0\">0<\/span><span class=\"NormalTextRun SCXW126546565 BCX0\"> contrata\u00e7\u00f5es e 105.33<\/span><span class=\"NormalTextRun SCXW126546565 BCX0\">1<\/span><span class=\"NormalTextRun SCXW126546565 BCX0\"> rescis\u00f5es. S\u00e3o 2.6<\/span><span class=\"NormalTextRun SCXW126546565 BCX0\">3<\/span><span class=\"NormalTextRun SCXW126546565 BCX0\">1<\/span><span class=\"NormalTextRun SCXW126546565 BCX0\"> postos de trabalho a menos. O d\u00e9ficit de 2.34<\/span><span class=\"NormalTextRun SCXW126546565 BCX0\">8<\/span><span class=\"NormalTextRun SCXW126546565 BCX0\"> vagas de dezembro foi o pior desde 2015, quando o rombo foi de 2.520 postos. O melhor resultado <\/span><span class=\"NormalTextRun SCXW126546565 BCX0\">do ano passado <\/span><span class=\"NormalTextRun SCXW126546565 BCX0\">foi o de abril, com super\u00e1vit de 2.01<\/span><span class=\"NormalTextRun SCXW126546565 BCX0\">1<\/span><span class=\"NormalTextRun SCXW126546565 BCX0\"> empregos com carteira assinada em Ribeir\u00e3o Preto.<\/span><\/span><span class=\"LineBreakBlob BlobObject DragDrop SCXW126546565 BCX0\"><span class=\"SCXW126546565 BCX0\">\u00a0<\/span><br class=\"SCXW126546565 BCX0\"\/><\/span><span class=\"LineBreakBlob BlobObject DragDrop SCXW126546565 BCX0\"><span class=\"SCXW126546565 BCX0\">\u00a0<\/span><br class=\"SCXW126546565 BCX0\"\/><\/span><span class=\"TextRun SCXW126546565 BCX0\" lang=\"PT-BR\" xml:lang=\"PT-BR\" data-contrast=\"auto\"><span class=\"NormalTextRun SCXW126546565 BCX0\">O saldo de 14.<\/span><span class=\"NormalTextRun SCXW126546565 BCX0\">399<\/span> <span class=\"NormalTextRun SCXW126546565 BCX0\">empregos formais de 2021<\/span><\/span> <span class=\"TextRun Highlight SCXW126546565 BCX0\" lang=\"PT-BR\" xml:lang=\"PT-BR\" data-contrast=\"none\"><span class=\"NormalTextRun SCXW126546565 BCX0\">\u00e9 o melhor resultado anual desde 2010, quando foi de <\/span><span class=\"NormalTextRun SCXW126546565 BCX0\">14.352<\/span><span class=\"NormalTextRun SCXW126546565 BCX0\"> novos postos de trabalho <\/span><\/span><span class=\"TextRun SCXW126546565 BCX0\" lang=\"PT-BR\" xml:lang=\"PT-BR\" data-contrast=\"auto\"><span class=\"NormalTextRun SCXW126546565 BCX0\">\u2013<\/span><span class=\"NormalTextRun SCXW126546565 BCX0\"> fruto de <\/span><\/span><span class=\"TextRun Highlight SCXW126546565 BCX0\" lang=\"PT-BR\" xml:lang=\"PT-BR\" data-contrast=\"none\"><span class=\"NormalTextRun SCXW126546565 BCX0\">109.136<\/span><span class=\"NormalTextRun SCXW126546565 BCX0\"> contrata\u00e7\u00f5es e <\/span><span class=\"NormalTextRun SCXW126546565 BCX0\">94.784<\/span><span class=\"NormalTextRun SCXW126546565 BCX0\"> rescis\u00f5es. Na compara\u00e7\u00e3o com o acumulado de 2020, quando o d\u00e9ficit foi de 2.3<\/span><span class=\"NormalTextRun SCXW126546565 BCX0\">6<\/span><span class=\"NormalTextRun SCXW126546565 BCX0\">6<\/span><span class=\"NormalTextRun SCXW126546565 BCX0\"> dispensas (90.48<\/span><span class=\"NormalTextRun SCXW126546565 BCX0\">0<\/span><span class=\"NormalTextRun SCXW126546565 BCX0\"> contrata\u00e7\u00f5es e 92.8<\/span><span class=\"NormalTextRun SCXW126546565 BCX0\">46<\/span><span class=\"NormalTextRun SCXW126546565 BCX0\"> rescis\u00f5es), a alta em 2021 chega a 70<\/span><span class=\"NormalTextRun SCXW126546565 BCX0\">8<\/span><span class=\"NormalTextRun SCXW126546565 BCX0\">,<\/span><span class=\"NormalTextRun SCXW126546565 BCX0\">6<\/span><span class=\"NormalTextRun SCXW126546565 BCX0\">%, com 16.76<\/span><span class=\"NormalTextRun SCXW126546565 BCX0\">5<\/span><span class=\"NormalTextRun SCXW126546565 BCX0\"> novas vagas criadas em doze meses. <\/span><\/span><span class=\"LineBreakBlob BlobObject DragDrop SCXW126546565 BCX0\"><span class=\"SCXW126546565 BCX0\">\u00a0<\/span><br class=\"SCXW126546565 BCX0\"\/><\/span><span class=\"LineBreakBlob BlobObject DragDrop SCXW126546565 BCX0\"><span class=\"SCXW126546565 BCX0\">\u00a0<\/span><br class=\"SCXW126546565 BCX0\"\/><\/span><span class=\"TextRun Highlight SCXW126546565 BCX0\" lang=\"PT-BR\" xml:lang=\"PT-BR\" data-contrast=\"none\"><span class=\"NormalTextRun SCXW126546565 BCX0\">Ranking <\/span><\/span><span class=\"TextRun SCXW126546565 BCX0\" lang=\"PT-BR\" xml:lang=\"PT-BR\" data-contrast=\"auto\"><span class=\"NormalTextRun SCXW126546565 BCX0\">\u2013 <\/span><\/span><span class=\"TextRun SCXW126546565 BCX0\" lang=\"PT-BR\" xml:lang=\"PT-BR\" data-contrast=\"auto\"><span class=\"NormalTextRun SCXW126546565 BCX0\">Ribeir\u00e3o Preto<\/span><\/span> <span class=\"TextRun SCXW126546565 BCX0\" lang=\"PT-BR\" xml:lang=\"PT-BR\" data-contrast=\"auto\"><span class=\"NormalTextRun SCXW126546565 BCX0\">fechou 2022 <\/span><\/span><span class=\"TextRun Highlight SCXW126546565 BCX0\" lang=\"PT-BR\" xml:lang=\"PT-BR\" data-contrast=\"none\"><span class=\"NormalTextRun SCXW126546565 BCX0\">em sexto lugar do ranking dos munic\u00edpios que mais geraram emprego em S\u00e3o Paulo entre janeiro e dezembro do ano passado. Era a 19\u00aa do pa\u00eds. Encerrou o per\u00edodo como o 638\u00ba munic\u00edpio paulista com melhor saldo e o 5.551\u00ba do pa\u00eds. <\/span><\/span><span class=\"LineBreakBlob BlobObject DragDrop SCXW126546565 BCX0\"><span class=\"SCXW126546565 BCX0\">\u00a0<\/span><br class=\"SCXW126546565 BCX0\"\/><\/span><span class=\"LineBreakBlob BlobObject DragDrop SCXW126546565 BCX0\"><span class=\"SCXW126546565 BCX0\">\u00a0<\/span><\/span><span class=\"LineBreakBlob BlobObject DragDrop SCXW126546565 BCX0\"><br class=\"SCXW126546565 BCX0\"\/><\/span><strong><span class=\"TextRun Highlight SCXW126546565 BCX0\" lang=\"PT-BR\" xml:lang=\"PT-BR\" data-contrast=\"none\"><span class=\"NormalTextRun SCXW126546565 BCX0\">Com\u00e9rcio tem <\/span><\/span><span class=\"LineBreakBlob BlobObject DragDrop SCXW126546565 BCX0\"><span class=\"SCXW126546565 BCX0\">\u00a0<\/span><\/span><span class=\"TextRun Highlight SCXW126546565 BCX0\" lang=\"PT-BR\" xml:lang=\"PT-BR\" data-contrast=\"none\"><span class=\"NormalTextRun SCXW126546565 BCX0\">novo <\/span><span class=\"NormalTextRun SCXW126546565 BCX0\">super\u00e1vit<\/span><\/span><\/strong><span class=\"LineBreakBlob BlobObject DragDrop SCXW126546565 BCX0\"><strong><span class=\"SCXW126546565 BCX0\">\u00a0<\/span><\/strong><br class=\"SCXW126546565 BCX0\"\/><\/span><span class=\"TextRun Highlight SCXW126546565 BCX0\" lang=\"PT-BR\" xml:lang=\"PT-BR\" data-contrast=\"none\"><span class=\"NormalTextRun SCXW126546565 BCX0\">Segundo o Novo <\/span><\/span><span class=\"TextRun SCXW126546565 BCX0\" lang=\"PT-BR\" xml:lang=\"PT-BR\" data-contrast=\"auto\"><span class=\"NormalTextRun SCXW126546565 BCX0\">Cadastro Geral de Empregados e Desempregados (<\/span><span class=\"NormalTextRun SpellingErrorV2Themed SCXW126546565 BCX0\">Caged<\/span><span class=\"NormalTextRun SCXW126546565 BCX0\">) do Minist\u00e9rio do Trabalho e Emprego<\/span><\/span><span class=\"TextRun Highlight SCXW126546565 BCX0\" lang=\"PT-BR\" xml:lang=\"PT-BR\" data-contrast=\"none\"><span class=\"NormalTextRun SCXW126546565 BCX0\">, em Ribeir\u00e3o Preto, <\/span><span class=\"NormalTextRun SCXW126546565 BCX0\">as <\/span><span class=\"NormalTextRun SCXW126546565 BCX0\">cinco principais atividades econ\u00f4micas da cidade fecharam <\/span><span class=\"NormalTextRun SCXW126546565 BCX0\">outubro <\/span><span class=\"NormalTextRun SCXW126546565 BCX0\">com <\/span><span class=\"NormalTextRun SCXW126546565 BCX0\">super\u00e1vit <\/span><span class=\"NormalTextRun SCXW126546565 BCX0\">de vagas de emprego formal<\/span><span class=\"NormalTextRun SCXW126546565 BCX0\">: <\/span><span class=\"NormalTextRun SCXW126546565 BCX0\">com\u00e9rcio, <\/span><span class=\"NormalTextRun SCXW126546565 BCX0\">servi\u00e7os, constru\u00e7\u00e3o civil<\/span><span class=\"NormalTextRun SCXW126546565 BCX0\">, <\/span><span class=\"NormalTextRun SCXW126546565 BCX0\">ind\u00fastria<\/span><span class=\"NormalTextRun SCXW126546565 BCX0\"> e <\/span><span class=\"NormalTextRun SCXW126546565 BCX0\">agropecu\u00e1ria<\/span><span class=\"NormalTextRun SCXW126546565 BCX0\">. <\/span><\/span><span class=\"LineBreakBlob BlobObject DragDrop SCXW126546565 BCX0\"><span class=\"SCXW126546565 BCX0\">\u00a0<\/span><br class=\"SCXW126546565 BCX0\"\/><\/span><span class=\"LineBreakBlob BlobObject DragDrop SCXW126546565 BCX0\"><span class=\"SCXW126546565 BCX0\">\u00a0<\/span><br class=\"SCXW126546565 BCX0\"\/><\/span><span class=\"TextRun Highlight SCXW126546565 BCX0\" lang=\"PT-BR\" xml:lang=\"PT-BR\" data-contrast=\"none\"><span class=\"NormalTextRun SCXW126546565 BCX0\">O com\u00e9rcio fechou <\/span><span class=\"NormalTextRun SCXW126546565 BCX0\">outubro <\/span><span class=\"NormalTextRun SCXW126546565 BCX0\">com saldo <\/span><span class=\"NormalTextRun SCXW126546565 BCX0\">positivo de 363 <\/span><span class=\"NormalTextRun SCXW126546565 BCX0\">postos de trabalho, fruto de <\/span><span class=\"NormalTextRun SCXW126546565 BCX0\">3.421 <\/span><span class=\"NormalTextRun SCXW126546565 BCX0\">admiss\u00f5es e <\/span><span class=\"NormalTextRun SCXW126546565 BCX0\">3.0<\/span><span class=\"NormalTextRun SCXW126546565 BCX0\">58<\/span> <span class=\"NormalTextRun SCXW126546565 BCX0\">demiss\u00f5es. Em <\/span><span class=\"NormalTextRun SCXW126546565 BCX0\">dez<\/span> <span class=\"NormalTextRun SCXW126546565 BCX0\">meses, contratou 2<\/span><span class=\"NormalTextRun SCXW126546565 BCX0\">9.877 <\/span><span class=\"NormalTextRun SCXW126546565 BCX0\">e dispensou 2<\/span><span class=\"NormalTextRun SCXW126546565 BCX0\">9<\/span><span class=\"NormalTextRun SCXW126546565 BCX0\">.<\/span><span class=\"NormalTextRun SCXW126546565 BCX0\">427<\/span><span class=\"NormalTextRun SCXW126546565 BCX0\">, super\u00e1vit de <\/span><span class=\"NormalTextRun SCXW126546565 BCX0\">450<\/span><span class=\"NormalTextRun SCXW126546565 BCX0\">. No ano passado, contratou 35.8<\/span><span class=\"NormalTextRun SCXW126546565 BCX0\">71 <\/span><span class=\"NormalTextRun SCXW126546565 BCX0\">e demitiu 32.90<\/span><span class=\"NormalTextRun SCXW126546565 BCX0\">8<\/span><span class=\"NormalTextRun SCXW126546565 BCX0\">, super\u00e1vit de 2.96<\/span><span class=\"NormalTextRun SCXW126546565 BCX0\">3<\/span><span class=\"NormalTextRun SCXW126546565 BCX0\">.<\/span> <\/span><span class=\"LineBreakBlob BlobObject DragDrop SCXW126546565 BCX0\"><span class=\"SCXW126546565 BCX0\">\u00a0<\/span><br class=\"SCXW126546565 BCX0\"\/><\/span><span class=\"LineBreakBlob BlobObject DragDrop SCXW126546565 BCX0\"><span class=\"SCXW126546565 BCX0\">\u00a0<\/span><br class=\"SCXW126546565 BCX0\"\/><\/span><span class=\"TextRun Highlight SCXW126546565 BCX0\" lang=\"PT-BR\" xml:lang=\"PT-BR\" data-contrast=\"none\"><span class=\"NormalTextRun SCXW126546565 BCX0\">O setor de servi\u00e7os registrou 6.<\/span><span class=\"NormalTextRun SCXW126546565 BCX0\">569 <\/span><span class=\"NormalTextRun SCXW126546565 BCX0\">contrata\u00e7\u00f5es e <\/span><span class=\"NormalTextRun SCXW126546565 BCX0\">5.<\/span><span class=\"NormalTextRun SCXW126546565 BCX0\">774 <\/span><span class=\"NormalTextRun SCXW126546565 BCX0\">rescis\u00f5es em <\/span><span class=\"NormalTextRun SCXW126546565 BCX0\">outubro<\/span><span class=\"NormalTextRun SCXW126546565 BCX0\">, saldo de <\/span><span class=\"NormalTextRun SCXW126546565 BCX0\">795 <\/span><span class=\"NormalTextRun SCXW126546565 BCX0\">empregos formais. Nos <\/span><span class=\"NormalTextRun SCXW126546565 BCX0\">dez <\/span><span class=\"NormalTextRun SCXW126546565 BCX0\">primeiros meses, admitiu <\/span><span class=\"NormalTextRun SCXW126546565 BCX0\">66.328 <\/span><span class=\"NormalTextRun SCXW126546565 BCX0\">e demitiu <\/span><span class=\"NormalTextRun SCXW126546565 BCX0\">60.745<\/span><span class=\"NormalTextRun SCXW126546565 BCX0\">, super\u00e1vit de <\/span><span class=\"NormalTextRun SCXW126546565 BCX0\">5.583<\/span><span class=\"NormalTextRun SCXW126546565 BCX0\">. De 1\u00ba de janeiro a 31 de dezembro, <\/span><span class=\"NormalTextRun SCXW126546565 BCX0\">contratou 76.4<\/span><span class=\"NormalTextRun SCXW126546565 BCX0\">72<\/span><span class=\"NormalTextRun SCXW126546565 BCX0\"> e demitiu 6<\/span><span class=\"NormalTextRun SCXW126546565 BCX0\">9<\/span><span class=\"NormalTextRun SCXW126546565 BCX0\">.<\/span><span class=\"NormalTextRun SCXW126546565 BCX0\">00<\/span><span class=\"NormalTextRun SCXW126546565 BCX0\">0<\/span><span class=\"NormalTextRun SCXW126546565 BCX0\">, saldo positivo de 7.4<\/span><span class=\"NormalTextRun SCXW126546565 BCX0\">72<\/span><span class=\"NormalTextRun SCXW126546565 BCX0\">.<\/span> <\/span><span class=\"LineBreakBlob BlobObject DragDrop SCXW126546565 BCX0\"><span class=\"SCXW126546565 BCX0\">\u00a0<\/span><br class=\"SCXW126546565 BCX0\"\/><\/span><span class=\"LineBreakBlob BlobObject DragDrop SCXW126546565 BCX0\"><span class=\"SCXW126546565 BCX0\">\u00a0<\/span><br class=\"SCXW126546565 BCX0\"\/><\/span><span class=\"TextRun Highlight SCXW126546565 BCX0\" lang=\"PT-BR\" xml:lang=\"PT-BR\" data-contrast=\"none\"><span class=\"NormalTextRun SCXW126546565 BCX0\">A constru\u00e7\u00e3o civil fechou <\/span><span class=\"NormalTextRun SCXW126546565 BCX0\">outubro<\/span> <span class=\"NormalTextRun SCXW126546565 BCX0\">com super\u00e1vit de <\/span><span class=\"NormalTextRun SCXW126546565 BCX0\">94 <\/span><span class=\"NormalTextRun SCXW126546565 BCX0\">carteiras assinadas, fruto de<\/span> <span class=\"NormalTextRun SCXW126546565 BCX0\">950 <\/span><span class=\"NormalTextRun SCXW126546565 BCX0\">admiss\u00f5es e <\/span><span class=\"NormalTextRun SCXW126546565 BCX0\">85<\/span><span class=\"NormalTextRun SCXW126546565 BCX0\">6<\/span><span class=\"NormalTextRun SCXW126546565 BCX0\"> demiss\u00f5es. Nos primeiros <\/span><span class=\"NormalTextRun SCXW126546565 BCX0\">dez <\/span><span class=\"NormalTextRun SCXW126546565 BCX0\">meses, contratou <\/span><span class=\"NormalTextRun SCXW126546565 BCX0\">9.187 <\/span><span class=\"NormalTextRun SCXW126546565 BCX0\">e dispensou <\/span><span class=\"NormalTextRun SCXW126546565 BCX0\">8.520<\/span><span class=\"NormalTextRun SCXW126546565 BCX0\">, super\u00e1vit de <\/span><span class=\"NormalTextRun SCXW126546565 BCX0\">667<\/span><span class=\"NormalTextRun SCXW126546565 BCX0\">. Entre janeiro e dezembro, c<\/span><span class=\"NormalTextRun SCXW126546565 BCX0\">ontratou 10.467 e demitiu 10.5<\/span><span class=\"NormalTextRun SCXW126546565 BCX0\">30<\/span><span class=\"NormalTextRun SCXW126546565 BCX0\">, d\u00e9ficit de 6<\/span><span class=\"NormalTextRun SCXW126546565 BCX0\">3<\/span><span class=\"NormalTextRun SCXW126546565 BCX0\"> vagas<\/span><span class=\"NormalTextRun SCXW126546565 BCX0\">. <\/span><\/span><span class=\"LineBreakBlob BlobObject DragDrop SCXW126546565 BCX0\"><span class=\"SCXW126546565 BCX0\">\u00a0<\/span><br class=\"SCXW126546565 BCX0\"\/><\/span><span class=\"LineBreakBlob BlobObject DragDrop SCXW126546565 BCX0\"><span class=\"SCXW126546565 BCX0\">\u00a0<\/span><br class=\"SCXW126546565 BCX0\"\/><\/span><span class=\"TextRun Highlight SCXW126546565 BCX0\" lang=\"PT-BR\" xml:lang=\"PT-BR\" data-contrast=\"none\"><span class=\"NormalTextRun SCXW126546565 BCX0\">A ind\u00fastria admitiu <\/span><span class=\"NormalTextRun SCXW126546565 BCX0\">871 <\/span><span class=\"NormalTextRun SCXW126546565 BCX0\">trabalhadores e demitiu <\/span><span class=\"NormalTextRun SCXW126546565 BCX0\">736<\/span><span class=\"NormalTextRun SCXW126546565 BCX0\"> em <\/span><span class=\"NormalTextRun SCXW126546565 BCX0\">outubro<\/span><span class=\"NormalTextRun SCXW126546565 BCX0\">, com saldo positivo de <\/span><span class=\"NormalTextRun SCXW126546565 BCX0\">1<\/span><span class=\"NormalTextRun SCXW126546565 BCX0\">35<\/span><span class=\"NormalTextRun SCXW126546565 BCX0\"> empregos formais criados. Nos <\/span><span class=\"NormalTextRun SCXW126546565 BCX0\">dez <\/span><span class=\"NormalTextRun SCXW126546565 BCX0\">primeiros meses, admitiu <\/span><span class=\"NormalTextRun SCXW126546565 BCX0\">9.366 <\/span><span class=\"NormalTextRun SCXW126546565 BCX0\">e demitiu <\/span><span class=\"NormalTextRun ContextualSpellingAndGrammarErrorV2Themed SCXW126546565 BCX0\">8.334 <\/span><span class=\"NormalTextRun ContextualSpellingAndGrammarErrorV2Themed SCXW126546565 BCX0\">super\u00e1vit<\/span><span class=\"NormalTextRun SCXW126546565 BCX0\"> de <\/span><span class=\"NormalTextRun SCXW126546565 BCX0\">1.032<\/span><span class=\"NormalTextRun SCXW126546565 BCX0\">. No ano passado inteiro, contratou 10.60<\/span><span class=\"NormalTextRun SCXW126546565 BCX0\">7<\/span><span class=\"NormalTextRun SCXW126546565 BCX0\"> e demitiu 9.20<\/span><span class=\"NormalTextRun SCXW126546565 BCX0\">7<\/span><span class=\"NormalTextRun SCXW126546565 BCX0\">, super\u00e1vit de 1.<\/span><span class=\"NormalTextRun SCXW126546565 BCX0\">400<\/span><span class=\"NormalTextRun SCXW126546565 BCX0\">. <\/span><\/span><span class=\"LineBreakBlob BlobObject DragDrop SCXW126546565 BCX0\"><span class=\"SCXW126546565 BCX0\">\u00a0<\/span><br class=\"SCXW126546565 BCX0\"\/><\/span><span class=\"LineBreakBlob BlobObject DragDrop SCXW126546565 BCX0\"><span class=\"SCXW126546565 BCX0\">\u00a0<\/span><br class=\"SCXW126546565 BCX0\"\/><\/span><span class=\"TextRun Highlight SCXW126546565 BCX0\" lang=\"PT-BR\" xml:lang=\"PT-BR\" data-contrast=\"none\"><span class=\"NormalTextRun SCXW126546565 BCX0\">A agropecu\u00e1ria admitiu <\/span><span class=\"NormalTextRun SCXW126546565 BCX0\">89<\/span><span class=\"NormalTextRun SCXW126546565 BCX0\"> funcion\u00e1rios e dispensou <\/span><span class=\"NormalTextRun SCXW126546565 BCX0\">51<\/span><span class=\"NormalTextRun SCXW126546565 BCX0\">, saldo <\/span><span class=\"NormalTextRun SCXW126546565 BCX0\">positivo <\/span><span class=\"NormalTextRun SCXW126546565 BCX0\">de <\/span><span class=\"NormalTextRun SCXW126546565 BCX0\">38<\/span> <span class=\"NormalTextRun SCXW126546565 BCX0\">vagas a <\/span><span class=\"NormalTextRun SCXW126546565 BCX0\">mais <\/span><span class=\"NormalTextRun SCXW126546565 BCX0\">em <\/span><span class=\"NormalTextRun SCXW126546565 BCX0\">outubro<\/span><span class=\"NormalTextRun SCXW126546565 BCX0\">. Nos primeiros <\/span><span class=\"NormalTextRun SCXW126546565 BCX0\">dez<\/span> <span class=\"NormalTextRun SCXW126546565 BCX0\">meses, contratou <\/span><span class=\"NormalTextRun SCXW126546565 BCX0\">563<\/span><span class=\"NormalTextRun SCXW126546565 BCX0\"> e dispensou <\/span><span class=\"NormalTextRun SCXW126546565 BCX0\">4<\/span><span class=\"NormalTextRun SCXW126546565 BCX0\">83<\/span><span class=\"NormalTextRun SCXW126546565 BCX0\">, super\u00e1vit de <\/span><span class=\"NormalTextRun SCXW126546565 BCX0\">80<\/span><span class=\"NormalTextRun SCXW126546565 BCX0\">. No ano passado, contratou 414 e demitiu 418, d\u00e9ficit de quatro empregos com carteira assinada.<\/span><span class=\"NormalTextRun SCXW126546565 BCX0\">\u00a0<\/span><\/span><span class=\"EOP SCXW126546565 BCX0\" data-ccp-props=\"{&quot;201341983&quot;:0,&quot;335559739&quot;:200,&quot;335559740&quot;:276}\">\u00a0<\/span><\/p>\n<\/div>\n<p><script async src=\"\/\/platform.twitter.com\/widgets.js\" charset=\"utf-8\"><\/script><br \/>\n<br \/><br \/>\n<br \/><a href=\"https:\/\/www.tribunaribeirao.com.br\/site\/emprego-formal-sobe-em-outubro-em-rp\/\">Source link <\/a><\/p>\n<div class='code-block code-block-4' style='margin: 8px auto 8px 0; text-align: left; display: block; clear: both;'>\n\ud83d\udce2 Aviso Legal\n\nO site ismaelcolosi.com.br atua apenas como um canal de divulga\u00e7\u00e3o de oportunidades de emprego e n\u00e3o se responsabiliza pelo processo seletivo, contrata\u00e7\u00e3o ou qualquer outra etapa relacionada \u00e0s vagas publicadas. Todas as informa\u00e7\u00f5es s\u00e3o de responsabilidade dos anunciantes.\n\n\u26a0\ufe0f Aten\u00e7\u00e3o! Nunca pague por promessas de emprego nem compre cursos que garantam contrata\u00e7\u00e3o. Desconfie de qualquer cobran\u00e7a para participar de sele\u00e7\u00f5es.\n\n\n\n<\/div>\n<!-- CONTENT END 1 -->\n","protected":false},"excerpt":{"rendered":"<p>29 de novembro de 2023 | 10:0029 de novembro de 2023 | 8:55 0 O Minist\u00e9rio do Trabalho e Emprego divulgou nesta ter\u00e7a-feira, 28 de&#8230;<\/p>\n","protected":false},"author":1,"featured_media":8013,"comment_status":"open","ping_status":"open","sticky":false,"template":"","format":"standard","meta":{"_uag_custom_page_level_css":"","advanced_seo_description":"","jetpack_seo_html_title":"","jetpack_seo_noindex":false,"jetpack_post_was_ever_published":false,"_jetpack_newsletter_access":"","_jetpack_dont_email_post_to_subs":false,"_jetpack_newsletter_tier_id":0,"_jetpack_memberships_contains_paywalled_content":false,"_jetpack_memberships_contains_paid_content":false,"footnotes":"","jetpack_publicize_message":"","jetpack_publicize_feature_enabled":true,"jetpack_social_post_already_shared":true,"jetpack_social_options":{"image_generator_settings":{"template":"highway","default_image_id":0,"font":"","enabled":false},"version":2}},"categories":[11],"tags":[144,1040,1041],"class_list":["post-8012","post","type-post","status-publish","format-standard","has-post-thumbnail","hentry","category-noticias-de-ribeirao-preto-sp-e-regiao-ismael-colosi","tag-emprego","tag-formalsobe","tag-outubroem"],"jetpack_publicize_connections":[],"jetpack_featured_media_url":"https:\/\/i0.wp.com\/ismaelcolosi.com.br\/wp-content\/uploads\/2023\/11\/CagedRP-Marcelo-Camargo-Ag.Br_-scaled.jpg?fit=1000%2C598&ssl=1","uagb_featured_image_src":{"full":["https:\/\/i0.wp.com\/ismaelcolosi.com.br\/wp-content\/uploads\/2023\/11\/CagedRP-Marcelo-Camargo-Ag.Br_-scaled.jpg?fit=1000%2C598&ssl=1",1000,598,false],"thumbnail":["https:\/\/i0.wp.com\/ismaelcolosi.com.br\/wp-content\/uploads\/2023\/11\/CagedRP-Marcelo-Camargo-Ag.Br_-scaled.jpg?resize=150%2C150&ssl=1",150,150,true],"medium":["https:\/\/i0.wp.com\/ismaelcolosi.com.br\/wp-content\/uploads\/2023\/11\/CagedRP-Marcelo-Camargo-Ag.Br_-scaled.jpg?fit=300%2C179&ssl=1",300,179,true],"medium_large":["https:\/\/i0.wp.com\/ismaelcolosi.com.br\/wp-content\/uploads\/2023\/11\/CagedRP-Marcelo-Camargo-Ag.Br_-scaled.jpg?fit=768%2C459&ssl=1",768,459,true],"large":["https:\/\/i0.wp.com\/ismaelcolosi.com.br\/wp-content\/uploads\/2023\/11\/CagedRP-Marcelo-Camargo-Ag.Br_-scaled.jpg?fit=1000%2C598&ssl=1",1000,598,true],"1536x1536":["https:\/\/i0.wp.com\/ismaelcolosi.com.br\/wp-content\/uploads\/2023\/11\/CagedRP-Marcelo-Camargo-Ag.Br_-scaled.jpg?fit=1000%2C598&ssl=1",1000,598,true],"2048x2048":["https:\/\/i0.wp.com\/ismaelcolosi.com.br\/wp-content\/uploads\/2023\/11\/CagedRP-Marcelo-Camargo-Ag.Br_-scaled.jpg?fit=1000%2C598&ssl=1",1000,598,true],"really-simple-thumb":["https:\/\/i0.wp.com\/ismaelcolosi.com.br\/wp-content\/uploads\/2023\/11\/CagedRP-Marcelo-Camargo-Ag.Br_-scaled.jpg?resize=370%2C247&ssl=1",370,247,true]},"uagb_author_info":{"display_name":"ismaelcolosi.com.br","author_link":"https:\/\/ismaelcolosi.com.br\/index.php\/author\/vidareal-online\/"},"uagb_comment_info":0,"uagb_excerpt":"29 de novembro de 2023 | 10:0029 de novembro de 2023 | 8:55 0 O Minist\u00e9rio do Trabalho e Emprego divulgou nesta ter\u00e7a-feira, 28 de...","jetpack-related-posts":[{"id":71272,"url":"https:\/\/ismaelcolosi.com.br\/index.php\/2024\/10\/15\/mutiroes-oferecem-mais-de-tres-mil-vagas-de-emprego-em-ribeirao-preto\/","url_meta":{"origin":8012,"position":0},"title":"Mutir\u00f5es oferecem mais de tr\u00eas mil vagas de emprego em Ribeir\u00e3o Preto","author":"ismaelcolosi.com.br","date":"15 de October de 2024","format":false,"excerpt":"Ribeir\u00e3o Preto ter\u00e1 quatro mutir\u00f5es de emprego com cerca de 3.500 vagas de trabalho dispon\u00edveis, entre elas oportunidades no setor supermercadista e vagas tempor\u00e1rias para o fim de ano do com\u00e9rcio. A mobiliza\u00e7\u00e3o acontece entre 19 de outubro e 23 de novembro e as empresas que tenham vagas a oferecer\u2026","rel":"","context":"In &quot;Not\u00edcias de Ribeir\u00e3o Preto-SP e Regi\u00e3o&quot;","block_context":{"text":"Not\u00edcias de Ribeir\u00e3o Preto-SP e Regi\u00e3o","link":"https:\/\/ismaelcolosi.com.br\/index.php\/category\/noticias-de-ribeirao-preto-sp-e-regiao-ismael-colosi\/"},"img":{"alt_text":"","src":"https:\/\/i0.wp.com\/ismaelcolosi.com.br\/wp-content\/uploads\/2024\/07\/Copia-de-Copia-de-TAMANHO-EXATO-PARA-FOTOS-NO-SISTEMA-NOVO-14_2024-07-10_11-41-05_jpg_2024-07-10_11-41-06.webp.webp?fit=1200%2C675&ssl=1&resize=350%2C200","width":350,"height":200,"srcset":"https:\/\/i0.wp.com\/ismaelcolosi.com.br\/wp-content\/uploads\/2024\/07\/Copia-de-Copia-de-TAMANHO-EXATO-PARA-FOTOS-NO-SISTEMA-NOVO-14_2024-07-10_11-41-05_jpg_2024-07-10_11-41-06.webp.webp?fit=1200%2C675&ssl=1&resize=350%2C200 1x, https:\/\/i0.wp.com\/ismaelcolosi.com.br\/wp-content\/uploads\/2024\/07\/Copia-de-Copia-de-TAMANHO-EXATO-PARA-FOTOS-NO-SISTEMA-NOVO-14_2024-07-10_11-41-05_jpg_2024-07-10_11-41-06.webp.webp?fit=1200%2C675&ssl=1&resize=525%2C300 1.5x, https:\/\/i0.wp.com\/ismaelcolosi.com.br\/wp-content\/uploads\/2024\/07\/Copia-de-Copia-de-TAMANHO-EXATO-PARA-FOTOS-NO-SISTEMA-NOVO-14_2024-07-10_11-41-05_jpg_2024-07-10_11-41-06.webp.webp?fit=1200%2C675&ssl=1&resize=700%2C400 2x, https:\/\/i0.wp.com\/ismaelcolosi.com.br\/wp-content\/uploads\/2024\/07\/Copia-de-Copia-de-TAMANHO-EXATO-PARA-FOTOS-NO-SISTEMA-NOVO-14_2024-07-10_11-41-05_jpg_2024-07-10_11-41-06.webp.webp?fit=1200%2C675&ssl=1&resize=1050%2C600 3x"},"classes":[]},{"id":22480,"url":"https:\/\/ismaelcolosi.com.br\/index.php\/2023\/12\/29\/pais-gerou-mais-de-130-mil-novas-vagas-de-trabalho-em-novembro\/","url_meta":{"origin":8012,"position":1},"title":"Pa\u00eds gerou mais de 130 mil novas vagas de trabalho em novembro\u00a0","author":"ismaelcolosi.com.br","date":"29 de December de 2023","format":false,"excerpt":"O Brasil teve, no m\u00eas passado, um saldo positivo de 130.097 postos de trabalho com carteira assinada, segundo divulgou, nesta quinta (28), o Minist\u00e9rio do Trabalho e Emprego. Em novembro, foram 1.866.752 admiss\u00f5es e 1.736.655 demiss\u00f5es, segundo dados do Novo Caged, o Cadastro Geral de Empregados e Desempregados.\u00a0\u00a0No acumulado de\u2026","rel":"","context":"In &quot;Not\u00edcias de Ribeir\u00e3o Preto-SP e Regi\u00e3o&quot;","block_context":{"text":"Not\u00edcias de Ribeir\u00e3o Preto-SP e Regi\u00e3o","link":"https:\/\/ismaelcolosi.com.br\/index.php\/category\/noticias-de-ribeirao-preto-sp-e-regiao-ismael-colosi\/"},"img":{"alt_text":"","src":"https:\/\/i0.wp.com\/ismaelcolosi.com.br\/wp-content\/uploads\/2023\/12\/1-caged-carteira_de_trabalho_07122000711-scaled.jpg?fit=1000%2C598&ssl=1&resize=350%2C200","width":350,"height":200,"srcset":"https:\/\/i0.wp.com\/ismaelcolosi.com.br\/wp-content\/uploads\/2023\/12\/1-caged-carteira_de_trabalho_07122000711-scaled.jpg?fit=1000%2C598&ssl=1&resize=350%2C200 1x, https:\/\/i0.wp.com\/ismaelcolosi.com.br\/wp-content\/uploads\/2023\/12\/1-caged-carteira_de_trabalho_07122000711-scaled.jpg?fit=1000%2C598&ssl=1&resize=525%2C300 1.5x, https:\/\/i0.wp.com\/ismaelcolosi.com.br\/wp-content\/uploads\/2023\/12\/1-caged-carteira_de_trabalho_07122000711-scaled.jpg?fit=1000%2C598&ssl=1&resize=700%2C400 2x"},"classes":[]},{"id":75248,"url":"https:\/\/ismaelcolosi.com.br\/index.php\/2024\/11\/05\/entrevistas-para-jovem-aprendiz-para-o-dia-06-de-novembro-2024-em-ribeirao-preto-sp-veja-agora\/","url_meta":{"origin":8012,"position":2},"title":"Entrevistas para JOVEM APRENDIZ para o dia 06 de Novembro 2024 em Ribeir\u00e3o Preto-SP, veja agora","author":"ismaelcolosi.com.br","date":"5 de November de 2024","format":false,"excerpt":"Anote o Endere\u00e7o e Hor\u00e1rio: \ud83d\udccd Ribeir\u00e3o Preto | \ud83d\udd58 06 de Novembro 2024 (Quarta-feira). Chegue com pelo menos 15 minutos de anteced\u00eancia para garantir a sua vaga e estar preparado para as oportunidades! Traga Seu Curr\u00edculo Atualizado: \u00c9 essencial ter um curr\u00edculo bem elaborado para destacar suas habilidades e\u2026","rel":"","context":"In &quot;Entrevistas agendadas para hoje em Ribeir\u00e3o Preto-SP&quot;","block_context":{"text":"Entrevistas agendadas para hoje em Ribeir\u00e3o Preto-SP","link":"https:\/\/ismaelcolosi.com.br\/index.php\/category\/empregos-classificados-vagas-trabalho\/vagas-de-empregos-em-ribeirao-preto-regiao-brasil\/entrevistas-agendadas-para-hoje-em-ribeirao-preto-sp\/"},"img":{"alt_text":"","src":"https:\/\/i0.wp.com\/ismaelcolosi.com.br\/wp-content\/uploads\/2024\/11\/template-1.jpg?fit=1200%2C675&ssl=1&resize=350%2C200","width":350,"height":200,"srcset":"https:\/\/i0.wp.com\/ismaelcolosi.com.br\/wp-content\/uploads\/2024\/11\/template-1.jpg?fit=1200%2C675&ssl=1&resize=350%2C200 1x, https:\/\/i0.wp.com\/ismaelcolosi.com.br\/wp-content\/uploads\/2024\/11\/template-1.jpg?fit=1200%2C675&ssl=1&resize=525%2C300 1.5x, https:\/\/i0.wp.com\/ismaelcolosi.com.br\/wp-content\/uploads\/2024\/11\/template-1.jpg?fit=1200%2C675&ssl=1&resize=700%2C400 2x, https:\/\/i0.wp.com\/ismaelcolosi.com.br\/wp-content\/uploads\/2024\/11\/template-1.jpg?fit=1200%2C675&ssl=1&resize=1050%2C600 3x"},"classes":[]},{"id":74602,"url":"https:\/\/ismaelcolosi.com.br\/index.php\/2024\/11\/01\/entrevistas-para-jovem-aprendiz-para-o-dia-04-de-novembro-2024-em-ribeirao-preto-sp-veja-agora\/","url_meta":{"origin":8012,"position":3},"title":"Entrevistas para JOVEM APRENDIZ para o dia 04 de Novembro 2024 em Ribeir\u00e3o Preto-SP, veja agora","author":"ismaelcolosi.com.br","date":"1 de November de 2024","format":false,"excerpt":"Anote o Endere\u00e7o e Hor\u00e1rio: \ud83d\udccd Ribeir\u00e3o Preto | \ud83d\udd58 04 de Novembro 2024 (Segunda-feira). Chegue com pelo menos 15 minutos de anteced\u00eancia para garantir a sua vaga e estar preparado para as oportunidades! Traga Seu Curr\u00edculo Atualizado: \u00c9 essencial ter um curr\u00edculo bem elaborado para destacar suas habilidades e\u2026","rel":"","context":"In &quot;Entrevistas agendadas para hoje em Ribeir\u00e3o Preto-SP&quot;","block_context":{"text":"Entrevistas agendadas para hoje em Ribeir\u00e3o Preto-SP","link":"https:\/\/ismaelcolosi.com.br\/index.php\/category\/empregos-classificados-vagas-trabalho\/vagas-de-empregos-em-ribeirao-preto-regiao-brasil\/entrevistas-agendadas-para-hoje-em-ribeirao-preto-sp\/"},"img":{"alt_text":"","src":"https:\/\/i0.wp.com\/ismaelcolosi.com.br\/wp-content\/uploads\/2024\/11\/template.jpg?fit=1200%2C675&ssl=1&resize=350%2C200","width":350,"height":200,"srcset":"https:\/\/i0.wp.com\/ismaelcolosi.com.br\/wp-content\/uploads\/2024\/11\/template.jpg?fit=1200%2C675&ssl=1&resize=350%2C200 1x, https:\/\/i0.wp.com\/ismaelcolosi.com.br\/wp-content\/uploads\/2024\/11\/template.jpg?fit=1200%2C675&ssl=1&resize=525%2C300 1.5x, https:\/\/i0.wp.com\/ismaelcolosi.com.br\/wp-content\/uploads\/2024\/11\/template.jpg?fit=1200%2C675&ssl=1&resize=700%2C400 2x, https:\/\/i0.wp.com\/ismaelcolosi.com.br\/wp-content\/uploads\/2024\/11\/template.jpg?fit=1200%2C675&ssl=1&resize=1050%2C600 3x"},"classes":[]},{"id":75016,"url":"https:\/\/ismaelcolosi.com.br\/index.php\/2024\/11\/04\/entrevistas-para-jovem-aprendiz-para-o-dia-05-de-novembro-2024-em-ribeirao-preto-sp-veja-agora\/","url_meta":{"origin":8012,"position":4},"title":"Entrevistas para JOVEM APRENDIZ para o dia 05 de Novembro 2024 em Ribeir\u00e3o Preto-SP, veja agora","author":"ismaelcolosi.com.br","date":"4 de November de 2024","format":false,"excerpt":"Anote o Endere\u00e7o e Hor\u00e1rio: \ud83d\udccd Ribeir\u00e3o Preto | \ud83d\udd58 05 de Novembro 2024 (Ter\u00e7a-feira). Chegue com pelo menos 15 minutos de anteced\u00eancia para garantir a sua vaga e estar preparado para as oportunidades! Traga Seu Curr\u00edculo Atualizado: \u00c9 essencial ter um curr\u00edculo bem elaborado para destacar suas habilidades e\u2026","rel":"","context":"In &quot;Entrevistas agendadas para hoje em Ribeir\u00e3o Preto-SP&quot;","block_context":{"text":"Entrevistas agendadas para hoje em Ribeir\u00e3o Preto-SP","link":"https:\/\/ismaelcolosi.com.br\/index.php\/category\/empregos-classificados-vagas-trabalho\/vagas-de-empregos-em-ribeirao-preto-regiao-brasil\/entrevistas-agendadas-para-hoje-em-ribeirao-preto-sp\/"},"img":{"alt_text":"","src":"https:\/\/i0.wp.com\/ismaelcolosi.com.br\/wp-content\/uploads\/2024\/11\/template.jpg?fit=1200%2C675&ssl=1&resize=350%2C200","width":350,"height":200,"srcset":"https:\/\/i0.wp.com\/ismaelcolosi.com.br\/wp-content\/uploads\/2024\/11\/template.jpg?fit=1200%2C675&ssl=1&resize=350%2C200 1x, https:\/\/i0.wp.com\/ismaelcolosi.com.br\/wp-content\/uploads\/2024\/11\/template.jpg?fit=1200%2C675&ssl=1&resize=525%2C300 1.5x, https:\/\/i0.wp.com\/ismaelcolosi.com.br\/wp-content\/uploads\/2024\/11\/template.jpg?fit=1200%2C675&ssl=1&resize=700%2C400 2x, https:\/\/i0.wp.com\/ismaelcolosi.com.br\/wp-content\/uploads\/2024\/11\/template.jpg?fit=1200%2C675&ssl=1&resize=1050%2C600 3x"},"classes":[]},{"id":75460,"url":"https:\/\/ismaelcolosi.com.br\/index.php\/2024\/11\/06\/entrevistas-para-jovem-aprendiz-para-o-dia-06-de-novembro-2024-em-ribeirao-preto-sp-veja-agora-2\/","url_meta":{"origin":8012,"position":5},"title":"Entrevistas para JOVEM APRENDIZ para o dia 07 de Novembro 2024 em Ribeir\u00e3o Preto-SP, veja agora","author":"ismaelcolosi.com.br","date":"6 de November de 2024","format":false,"excerpt":"Anote o Endere\u00e7o e Hor\u00e1rio: \ud83d\udccd Ribeir\u00e3o Preto | \ud83d\udd58 07 de Novembro 2024 (Quinta-feira). Chegue com pelo menos 15 minutos de anteced\u00eancia para garantir a sua vaga e estar preparado para as oportunidades! Traga Seu Curr\u00edculo Atualizado: \u00c9 essencial ter um curr\u00edculo bem elaborado para destacar suas habilidades e\u2026","rel":"","context":"In &quot;Entrevistas agendadas para hoje em Ribeir\u00e3o Preto-SP&quot;","block_context":{"text":"Entrevistas agendadas para hoje em Ribeir\u00e3o Preto-SP","link":"https:\/\/ismaelcolosi.com.br\/index.php\/category\/empregos-classificados-vagas-trabalho\/vagas-de-empregos-em-ribeirao-preto-regiao-brasil\/entrevistas-agendadas-para-hoje-em-ribeirao-preto-sp\/"},"img":{"alt_text":"","src":"https:\/\/i0.wp.com\/ismaelcolosi.com.br\/wp-content\/uploads\/2024\/11\/template-2.jpg?fit=1200%2C675&ssl=1&resize=350%2C200","width":350,"height":200,"srcset":"https:\/\/i0.wp.com\/ismaelcolosi.com.br\/wp-content\/uploads\/2024\/11\/template-2.jpg?fit=1200%2C675&ssl=1&resize=350%2C200 1x, https:\/\/i0.wp.com\/ismaelcolosi.com.br\/wp-content\/uploads\/2024\/11\/template-2.jpg?fit=1200%2C675&ssl=1&resize=525%2C300 1.5x, https:\/\/i0.wp.com\/ismaelcolosi.com.br\/wp-content\/uploads\/2024\/11\/template-2.jpg?fit=1200%2C675&ssl=1&resize=700%2C400 2x, https:\/\/i0.wp.com\/ismaelcolosi.com.br\/wp-content\/uploads\/2024\/11\/template-2.jpg?fit=1200%2C675&ssl=1&resize=1050%2C600 3x"},"classes":[]}],"jetpack_sharing_enabled":true,"jetpack_shortlink":"https:\/\/wp.me\/pfMlyK-25e","_links":{"self":[{"href":"https:\/\/ismaelcolosi.com.br\/index.php\/wp-json\/wp\/v2\/posts\/8012","targetHints":{"allow":["GET"]}}],"collection":[{"href":"https:\/\/ismaelcolosi.com.br\/index.php\/wp-json\/wp\/v2\/posts"}],"about":[{"href":"https:\/\/ismaelcolosi.com.br\/index.php\/wp-json\/wp\/v2\/types\/post"}],"author":[{"embeddable":true,"href":"https:\/\/ismaelcolosi.com.br\/index.php\/wp-json\/wp\/v2\/users\/1"}],"replies":[{"embeddable":true,"href":"https:\/\/ismaelcolosi.com.br\/index.php\/wp-json\/wp\/v2\/comments?post=8012"}],"version-history":[{"count":0,"href":"https:\/\/ismaelcolosi.com.br\/index.php\/wp-json\/wp\/v2\/posts\/8012\/revisions"}],"wp:featuredmedia":[{"embeddable":true,"href":"https:\/\/ismaelcolosi.com.br\/index.php\/wp-json\/wp\/v2\/media\/8013"}],"wp:attachment":[{"href":"https:\/\/ismaelcolosi.com.br\/index.php\/wp-json\/wp\/v2\/media?parent=8012"}],"wp:term":[{"taxonomy":"category","embeddable":true,"href":"https:\/\/ismaelcolosi.com.br\/index.php\/wp-json\/wp\/v2\/categories?post=8012"},{"taxonomy":"post_tag","embeddable":true,"href":"https:\/\/ismaelcolosi.com.br\/index.php\/wp-json\/wp\/v2\/tags?post=8012"}],"curies":[{"name":"wp","href":"https:\/\/api.w.org\/{rel}","templated":true}]}}