{"id":800,"date":"2023-11-09T10:26:30","date_gmt":"2023-11-09T13:26:30","guid":{"rendered":"https:\/\/ismaelcolosi.com.br\/index.php\/2023\/11\/09\/orquestra-sinfonica-apresenta-opera-carmen-no-pedro-ii-em-ribeirao-preto\/"},"modified":"2023-11-09T10:26:30","modified_gmt":"2023-11-09T13:26:30","slug":"orquestra-sinfonica-apresenta-opera-carmen-no-pedro-ii-em-ribeirao-preto","status":"publish","type":"post","link":"https:\/\/ismaelcolosi.com.br\/index.php\/2023\/11\/09\/orquestra-sinfonica-apresenta-opera-carmen-no-pedro-ii-em-ribeirao-preto\/","title":{"rendered":"Orquestra Sinf\u00f4nica apresenta \u2018\u00d3pera Carmen\u2019 no Pedro II em Ribeir\u00e3o Preto\u00a0"},"content":{"rendered":"<p> <br \/>\n<\/p>\n<div data-td-block-uid=\"tdi_104\">\n<div class=\"tdb-block-inner td-fix-index\">\n<p><strong>O Theatro Pedro II, no Centro de Ribeir\u00e3o Preto, recebe no dia\u00a0 11 de novembro, \u00e0s 19h30, o espet\u00e1culo \u2018\u00d3pera Carmen\u2019, com a Orquestra Sinf\u00f4nica.\u00a0<\/strong>\u00a0<\/p>\n<p>A reg\u00eancia ser\u00e1 de Reginaldo Nascimento, com dire\u00e7\u00e3o art\u00edstica de Paulo Esper, da Cia Sol\u2019\u00d3pera, e prepara\u00e7\u00e3o do coro pela maestrina Snizhana Drahan. <\/p><div class='code-block code-block-8' style='margin: 8px auto; text-align: center; display: block; clear: both;'>\n<script>\n  atOptions = {\n    'key' : '66e2e2111ca34da796271819fc334058',\n    'format' : 'iframe',\n    'height' : 250,\n    'width' : 300,\n    'params' : {}\n  };\n<\/script>\n<script src=\"https:\/\/www.highperformanceformat.com\/66e2e2111ca34da796271819fc334058\/invoke.js\"><\/script>\n<\/div>\n\n<h4 class=\"wp-block-heading\"><strong>Sinopse<\/strong>\u00a0<\/h4>\n<p>A \u00f3pera de Georges Bizet, composta em 1875, \u00e9 uma das mais encenadas nos grandes palcos mundiais.<\/p>\n<p>Sevilha, na Espanha do s\u00e9culo XIX \u00e9 o palco da cigana Carmen, que protagoniza uma s\u00e9rie de eventos para conquistar o cora\u00e7\u00e3o do soldado Don Jos\u00e9. Ela se envolve com o toreador Escamillo e Don Jose cai em profundo desespero e ci\u00fame. <\/p>\n<h4 class=\"wp-block-heading\"><strong>Ingressos<\/strong>\u00a0<\/h4>\n<p>Os <strong>ingressos<\/strong> podem ser adquiridos na <a href=\"https:\/\/www.theatropedro2.com.br\/comprar-ingresso.php\" target=\"_blank\" rel=\"noreferrer noopener\">bilheteria do Theatro Pedro II<\/a> e on-line (<a href=\"https:\/\/megabilheteria.com\/evento\/temporada?id=20221125115034\" target=\"_blank\" rel=\"noreferrer noopener\">clique aqui<\/a>) e variam entre:\u00a0<\/p>\n<ul>\n<li>R$ 80 \u2013 balc\u00e3o simples\u00a0<\/li>\n<\/ul>\n<ul>\n<li>R$ 100 \u2013 balc\u00e3o nobre\u00a0<\/li>\n<\/ul>\n<ul>\n<li>R$ 150 \u2013 balc\u00e3o nobre, frisa e plateia\u00a0\u00a0<\/li>\n<\/ul>\n<p>O espet\u00e1culo ser\u00e1 realizado no dia 12 de novembro, \u00e0s 19h30, no Teatro Fausto Belini, em Batatais. Os ingressos tamb\u00e9m podem ser adquiridos on-line (<a href=\"https:\/\/www.megabilheteria.com\/evento\/grupo2?id=20160224000140\" target=\"_blank\" rel=\"noreferrer noopener\">aqui<\/a>) e na bilheteria do teatro.\u00a0\u00a0<\/p>\n<p><strong>SERVI\u00c7O<\/strong>\u00a0<br \/><strong>\u00d3pera Carmen \u2013 Orquestra Sinf\u00f4nica de Ribeir\u00e3o Preto<\/strong>\u00a0<br \/>Data: 10 e 11\/11 \u00a0<br \/>Ingressos:<a href=\"https:\/\/megabilheteria.com\/evento?id=20231023184124\" target=\"_blank\" rel=\"noreferrer noopener\"> aqui <\/a>e bilheteria do Theatro Pedro II\u00a0<br \/>Local: Theatro Pedro II \u2013 rua \u00c1lvares Cabral, 370, Centro\u00a0\u00a0<\/p>\n<h4 class=\"wp-block-heading\"><strong><span style=\"background-color:#f7cc62\" class=\"td_text_highlight_marker\">FIQUE ON <\/span><\/strong><\/h4>\n<p>Fique ligado em tudo que acontece em Ribeir\u00e3o Preto e regi\u00e3o. Siga os perfis do\u00a0<strong>acidade on<\/strong>\u00a0no\u00a0<a href=\"https:\/\/www.instagram.com\/acidadeonribeirao\" target=\"_blank\" rel=\"noreferrer noopener\">Instagram<\/a>\u00a0e no\u00a0<a href=\"https:\/\/www.facebook.com\/acidadeonribeirao\" target=\"_blank\" rel=\"noreferrer noopener\">Facebook<\/a>.<\/p>\n<p>Receba not\u00edcias do\u00a0<strong>acidade on<\/strong>\u00a0no WhatsApp.\u00a0<a href=\"https:\/\/chat.whatsapp.com\/DfXwcjKVIddHUT3BvnQuPZ\" target=\"_blank\" rel=\"noreferrer noopener\">Para entrar no grupo, basta clicar aqui.<\/a><\/p>\n<p>Fa\u00e7a uma den\u00fancia ou sugira uma reportagem sobre a Ribeir\u00e3o Preto e regi\u00e3o pelo WhatsApp: <strong>(16) 99117 7802.<\/strong><\/p>\n<p>VEJA TAMB\u00c9M <br \/><a href=\"https:\/\/www.acidadeon.com\/ribeiraopreto\/cotidiano\/video-flagra-rabeira-em-onibus-na-avenida-dom-pedro-i-em-ribeirao-assista\/\" target=\"_blank\" rel=\"noreferrer noopener\">V\u00eddeo flagra rabeira em \u00f4nibus na avenida Dom Pedro I em Ribeir\u00e3o; Assista<\/a><\/p>\n<p><!-- AI CONTENT END 1 -->\n<\/div>\n<\/div>\n<p><script async src=\"\/\/www.instagram.com\/embed.js\"><\/script><br \/>\n<br \/><br \/>\n<br \/><a href=\"https:\/\/www.acidadeon.com\/ribeiraopreto\/lazer-e-cultura\/orquestra-sinfonica-apresenta-opera-carmen-no-pedro-ii-em-ribeirao-preto\/\">Source link <\/a><\/p>\n<div class='code-block code-block-4' style='margin: 8px auto 8px 0; text-align: left; display: block; clear: both;'>\n\ud83d\udce2 Aviso Legal\n\nO site ismaelcolosi.com.br atua apenas como um canal de divulga\u00e7\u00e3o de oportunidades de emprego e n\u00e3o se responsabiliza pelo processo seletivo, contrata\u00e7\u00e3o ou qualquer outra etapa relacionada \u00e0s vagas publicadas. Todas as informa\u00e7\u00f5es s\u00e3o de responsabilidade dos anunciantes.\n\n\u26a0\ufe0f Aten\u00e7\u00e3o! Nunca pague por promessas de emprego nem compre cursos que garantam contrata\u00e7\u00e3o. Desconfie de qualquer cobran\u00e7a para participar de sele\u00e7\u00f5es.\n\n\n\n<\/div>\n<!-- CONTENT END 1 -->\n","protected":false},"excerpt":{"rendered":"<p>O Theatro Pedro II, no Centro de Ribeir\u00e3o Preto, recebe no dia\u00a0 11 de novembro, \u00e0s 19h30, o espet\u00e1culo \u2018\u00d3pera Carmen\u2019, com a Orquestra Sinf\u00f4nica.\u00a0\u00a0&#8230;<\/p>\n","protected":false},"author":1,"featured_media":801,"comment_status":"open","ping_status":"open","sticky":false,"template":"","format":"standard","meta":{"_uag_custom_page_level_css":"","advanced_seo_description":"","jetpack_seo_html_title":"","jetpack_seo_noindex":false,"jetpack_post_was_ever_published":false,"_jetpack_newsletter_access":"","_jetpack_dont_email_post_to_subs":false,"_jetpack_newsletter_tier_id":0,"_jetpack_memberships_contains_paywalled_content":false,"_jetpack_memberships_contains_paid_content":false,"footnotes":"","jetpack_publicize_message":"","jetpack_publicize_feature_enabled":true,"jetpack_social_post_already_shared":false,"jetpack_social_options":{"image_generator_settings":{"template":"highway","default_image_id":0,"font":"","enabled":false},"version":2}},"categories":[11],"tags":[],"class_list":["post-800","post","type-post","status-publish","format-standard","has-post-thumbnail","hentry","category-noticias-de-ribeirao-preto-sp-e-regiao-ismael-colosi"],"jetpack_publicize_connections":[],"jetpack_featured_media_url":"https:\/\/i0.wp.com\/ismaelcolosi.com.br\/wp-content\/uploads\/2023\/11\/handler-1.jpg?fit=800%2C537&ssl=1","uagb_featured_image_src":{"full":["https:\/\/i0.wp.com\/ismaelcolosi.com.br\/wp-content\/uploads\/2023\/11\/handler-1.jpg?fit=800%2C537&ssl=1",800,537,false],"thumbnail":["https:\/\/i0.wp.com\/ismaelcolosi.com.br\/wp-content\/uploads\/2023\/11\/handler-1.jpg?resize=150%2C150&ssl=1",150,150,true],"medium":["https:\/\/i0.wp.com\/ismaelcolosi.com.br\/wp-content\/uploads\/2023\/11\/handler-1.jpg?fit=300%2C201&ssl=1",300,201,true],"medium_large":["https:\/\/i0.wp.com\/ismaelcolosi.com.br\/wp-content\/uploads\/2023\/11\/handler-1.jpg?fit=768%2C516&ssl=1",768,516,true],"large":["https:\/\/i0.wp.com\/ismaelcolosi.com.br\/wp-content\/uploads\/2023\/11\/handler-1.jpg?fit=800%2C537&ssl=1",800,537,true],"1536x1536":["https:\/\/i0.wp.com\/ismaelcolosi.com.br\/wp-content\/uploads\/2023\/11\/handler-1.jpg?fit=800%2C537&ssl=1",800,537,true],"2048x2048":["https:\/\/i0.wp.com\/ismaelcolosi.com.br\/wp-content\/uploads\/2023\/11\/handler-1.jpg?fit=800%2C537&ssl=1",800,537,true],"really-simple-thumb":["https:\/\/i0.wp.com\/ismaelcolosi.com.br\/wp-content\/uploads\/2023\/11\/handler-1.jpg?resize=370%2C247&ssl=1",370,247,true]},"uagb_author_info":{"display_name":"ismaelcolosi.com.br","author_link":"https:\/\/ismaelcolosi.com.br\/index.php\/author\/vidareal-online\/"},"uagb_comment_info":0,"uagb_excerpt":"O Theatro Pedro II, no Centro de Ribeir\u00e3o Preto, recebe no dia\u00a0 11 de novembro, \u00e0s 19h30, o espet\u00e1culo \u2018\u00d3pera Carmen\u2019, com a Orquestra Sinf\u00f4nica.\u00a0\u00a0...","jetpack-related-posts":[{"id":3043,"url":"https:\/\/ismaelcolosi.com.br\/index.php\/2023\/11\/07\/sinfonica-de-ribeirao-coro-e-solistas-apresentam-opera-carmen\/","url_meta":{"origin":800,"position":0},"title":"Sinf\u00f4nica de Ribeir\u00e3o, coro e solistas apresentam \u00f3pera Carmen","author":"ismaelcolosi.com.br","date":"7 de November de 2023","format":false,"excerpt":"71 Grande produ\u00e7\u00e3o da Orquestra Sinf\u00f4nica de Ribeir\u00e3o Preto, com coro e solistas, a \u00f3pera Carmen, estreia com duas r\u00e9citas em Ribeir\u00e3o Preto, dias 10 e 11 de novembro no Theatro Pedro II, e uma apresenta\u00e7\u00e3o, dia 12 no Teatro Municipal de Batatais. A reg\u00eancia ser\u00e1 de Reginaldo Nascimento, com\u2026","rel":"","context":"In &quot;Not\u00edcias de Ribeir\u00e3o Preto-SP e Regi\u00e3o&quot;","block_context":{"text":"Not\u00edcias de Ribeir\u00e3o Preto-SP e Regi\u00e3o","link":"https:\/\/ismaelcolosi.com.br\/index.php\/category\/noticias-de-ribeirao-preto-sp-e-regiao-ismael-colosi\/"},"img":{"alt_text":"","src":"https:\/\/i0.wp.com\/ismaelcolosi.com.br\/wp-content\/uploads\/2023\/11\/91530b8d9947d62da4c75fb32a32172blow-1.jpeg?fit=800%2C537&ssl=1&resize=350%2C200","width":350,"height":200,"srcset":"https:\/\/i0.wp.com\/ismaelcolosi.com.br\/wp-content\/uploads\/2023\/11\/91530b8d9947d62da4c75fb32a32172blow-1.jpeg?fit=800%2C537&ssl=1&resize=350%2C200 1x, https:\/\/i0.wp.com\/ismaelcolosi.com.br\/wp-content\/uploads\/2023\/11\/91530b8d9947d62da4c75fb32a32172blow-1.jpeg?fit=800%2C537&ssl=1&resize=525%2C300 1.5x, https:\/\/i0.wp.com\/ismaelcolosi.com.br\/wp-content\/uploads\/2023\/11\/91530b8d9947d62da4c75fb32a32172blow-1.jpeg?fit=800%2C537&ssl=1&resize=700%2C400 2x"},"classes":[]},{"id":59138,"url":"https:\/\/ismaelcolosi.com.br\/index.php\/2024\/08\/06\/orquestra-sinfonica-de-ribeirao-preto-apresenta-opera-de-puccini-no-theatro-pedro-ii\/","url_meta":{"origin":800,"position":1},"title":"Orquestra Sinf\u00f4nica de Ribeir\u00e3o Preto apresenta \u00f3pera de Puccini no Theatro Pedro II","author":"ismaelcolosi.com.br","date":"6 de August de 2024","format":false,"excerpt":"A Orquestra Sinf\u00f4nica de Ribeir\u00e3o Preto apresenta a \u00f3pera \u2018Suor Ang\u00e9lica\u2019, do compositor italiano Puccini, no Theatro Pedro II, nos dias 23 e 24 de agosto, \u00e0s 19h30, com reg\u00eancia do maestro Reginaldo Nascimento. A \u00f3pera estreou em Nova Iorque, em 1918, e conta uma hist\u00f3ria que se passa no\u2026","rel":"","context":"In &quot;Not\u00edcias de Ribeir\u00e3o Preto-SP e Regi\u00e3o&quot;","block_context":{"text":"Not\u00edcias de Ribeir\u00e3o Preto-SP e Regi\u00e3o","link":"https:\/\/ismaelcolosi.com.br\/index.php\/category\/noticias-de-ribeirao-preto-sp-e-regiao-ismael-colosi\/"},"img":{"alt_text":"","src":"https:\/\/i0.wp.com\/ismaelcolosi.com.br\/wp-content\/uploads\/2024\/08\/Copia-de-Copia-de-TAMANHO-EXATO-PARA-FOTOS-NO-SISTEMA-NOVO-34_2024-08-06_14-30-36_jpg_2024-08-06_14-30-36.webp.webp?fit=1200%2C675&ssl=1&resize=350%2C200","width":350,"height":200,"srcset":"https:\/\/i0.wp.com\/ismaelcolosi.com.br\/wp-content\/uploads\/2024\/08\/Copia-de-Copia-de-TAMANHO-EXATO-PARA-FOTOS-NO-SISTEMA-NOVO-34_2024-08-06_14-30-36_jpg_2024-08-06_14-30-36.webp.webp?fit=1200%2C675&ssl=1&resize=350%2C200 1x, https:\/\/i0.wp.com\/ismaelcolosi.com.br\/wp-content\/uploads\/2024\/08\/Copia-de-Copia-de-TAMANHO-EXATO-PARA-FOTOS-NO-SISTEMA-NOVO-34_2024-08-06_14-30-36_jpg_2024-08-06_14-30-36.webp.webp?fit=1200%2C675&ssl=1&resize=525%2C300 1.5x, https:\/\/i0.wp.com\/ismaelcolosi.com.br\/wp-content\/uploads\/2024\/08\/Copia-de-Copia-de-TAMANHO-EXATO-PARA-FOTOS-NO-SISTEMA-NOVO-34_2024-08-06_14-30-36_jpg_2024-08-06_14-30-36.webp.webp?fit=1200%2C675&ssl=1&resize=700%2C400 2x, https:\/\/i0.wp.com\/ismaelcolosi.com.br\/wp-content\/uploads\/2024\/08\/Copia-de-Copia-de-TAMANHO-EXATO-PARA-FOTOS-NO-SISTEMA-NOVO-34_2024-08-06_14-30-36_jpg_2024-08-06_14-30-36.webp.webp?fit=1200%2C675&ssl=1&resize=1050%2C600 3x"},"classes":[]},{"id":74313,"url":"https:\/\/ismaelcolosi.com.br\/index.php\/2024\/10\/30\/orquestra-sinfonica-de-rp-anuncia-estreia-da-opera-madama-butterfly\/","url_meta":{"origin":800,"position":2},"title":"Orquestra Sinf\u00f4nica de RP anuncia estreia da \u00f3pera &#8220;Madama Butterfly&#8221;","author":"ismaelcolosi.com.br","date":"30 de October de 2024","format":false,"excerpt":"30 de outubro de 202430 de outubro de 202412 Compartilhar0 Orquestra Sinf\u00f4nica de Ribeir\u00e3o Preto, Coro da Orquestra e solistas estreiam, dia 22\/11, a \u00f3pera Madama Butterfly, de Giacomo Puccini, no Theatro Pedro II. Uma das mais emocionantes obras do repert\u00f3rio oper\u00edstico mundial ter\u00e1 reg\u00eancia de Reginaldo Nascimento e produ\u00e7\u00e3o\u2026","rel":"","context":"In &quot;Not\u00edcias de Ribeir\u00e3o Preto-SP e Regi\u00e3o&quot;","block_context":{"text":"Not\u00edcias de Ribeir\u00e3o Preto-SP e Regi\u00e3o","link":"https:\/\/ismaelcolosi.com.br\/index.php\/category\/noticias-de-ribeirao-preto-sp-e-regiao-ismael-colosi\/"},"img":{"alt_text":"","src":"https:\/\/i0.wp.com\/ismaelcolosi.com.br\/wp-content\/uploads\/2024\/10\/5938f1f2eb8ef32f5324808a98da87c2_medium.jpg?fit=300%2C200&ssl=1&resize=350%2C200","width":350,"height":200},"classes":[]},{"id":49557,"url":"https:\/\/ismaelcolosi.com.br\/index.php\/2024\/05\/11\/orquestra-sinfonica-de-ribeirao-preto-apresenta-opera-la-boheme-neste-sabado-ainda-ha-ingressos\/","url_meta":{"origin":800,"position":3},"title":"Orquestra Sinf\u00f4nica de Ribeir\u00e3o Preto apresenta \u00f3pera La Boh\u00e8me neste s\u00e1bado; Ainda h\u00e1 ingressos","author":"ismaelcolosi.com.br","date":"11 de May de 2024","format":false,"excerpt":"A Orquestra Sinf\u00f4nica de Ribeir\u00e3o Preto apresentar\u00e1 a \u00f3pera La Boh\u00e8me neste s\u00e1bado (11), \u00e0s 19h, no Theatro Pedro II. Os ingressos podem ser adquiridos a partir de R$ 40 \u2013 veja abaixo. La Boh\u00e8me \u00e9 uma das \u00f3peras mais populares da hist\u00f3ria, do italiano Giacomo Puccini. Ela ganhou uma\u2026","rel":"","context":"In &quot;Not\u00edcias de Ribeir\u00e3o Preto-SP e Regi\u00e3o&quot;","block_context":{"text":"Not\u00edcias de Ribeir\u00e3o Preto-SP e Regi\u00e3o","link":"https:\/\/ismaelcolosi.com.br\/index.php\/category\/noticias-de-ribeirao-preto-sp-e-regiao-ismael-colosi\/"},"img":{"alt_text":"","src":"https:\/\/i0.wp.com\/ismaelcolosi.com.br\/wp-content\/uploads\/2024\/05\/Orquestra.jpg?fit=1071%2C518&ssl=1&resize=350%2C200","width":350,"height":200,"srcset":"https:\/\/i0.wp.com\/ismaelcolosi.com.br\/wp-content\/uploads\/2024\/05\/Orquestra.jpg?fit=1071%2C518&ssl=1&resize=350%2C200 1x, https:\/\/i0.wp.com\/ismaelcolosi.com.br\/wp-content\/uploads\/2024\/05\/Orquestra.jpg?fit=1071%2C518&ssl=1&resize=525%2C300 1.5x, https:\/\/i0.wp.com\/ismaelcolosi.com.br\/wp-content\/uploads\/2024\/05\/Orquestra.jpg?fit=1071%2C518&ssl=1&resize=700%2C400 2x, https:\/\/i0.wp.com\/ismaelcolosi.com.br\/wp-content\/uploads\/2024\/05\/Orquestra.jpg?fit=1071%2C518&ssl=1&resize=1050%2C600 3x"},"classes":[]},{"id":1085,"url":"https:\/\/ismaelcolosi.com.br\/index.php\/2023\/11\/10\/rugby-pantera-sessions-e-opera-o-que-fazer-no-fim-de-semana-em-ribeirao-preto\/","url_meta":{"origin":800,"position":4},"title":"Rugby, Pantera Sessions e \u00f3pera: O que fazer no fim de semana em Ribeir\u00e3o Preto\u00a0","author":"ismaelcolosi.com.br","date":"10 de November de 2023","format":false,"excerpt":"O fim de semana em Ribeir\u00e3o Preto est\u00e1 com uma programa\u00e7\u00e3o variada para todos os gostos e idades. \u00a0 H\u00e1 op\u00e7\u00f5es gratuitas nos teatros, evento que re\u00fane m\u00fasica e cerveja, \u00f3pera com a Orquestra Sinf\u00f4nica, festival cat\u00f3lico, entre outros. CHORINHO\u00a0\u00a0 O grupo Choro da Casa se apresenta nesta sexta-feira (10),\u2026","rel":"","context":"In &quot;Not\u00edcias de Ribeir\u00e3o Preto-SP e Regi\u00e3o&quot;","block_context":{"text":"Not\u00edcias de Ribeir\u00e3o Preto-SP e Regi\u00e3o","link":"https:\/\/ismaelcolosi.com.br\/index.php\/category\/noticias-de-ribeirao-preto-sp-e-regiao-ismael-colosi\/"},"img":{"alt_text":"","src":"https:\/\/i0.wp.com\/ismaelcolosi.com.br\/wp-content\/uploads\/2023\/11\/culturaa_em_todo_lugar_22-1.jpeg?fit=1200%2C800&ssl=1&resize=350%2C200","width":350,"height":200,"srcset":"https:\/\/i0.wp.com\/ismaelcolosi.com.br\/wp-content\/uploads\/2023\/11\/culturaa_em_todo_lugar_22-1.jpeg?fit=1200%2C800&ssl=1&resize=350%2C200 1x, https:\/\/i0.wp.com\/ismaelcolosi.com.br\/wp-content\/uploads\/2023\/11\/culturaa_em_todo_lugar_22-1.jpeg?fit=1200%2C800&ssl=1&resize=525%2C300 1.5x, https:\/\/i0.wp.com\/ismaelcolosi.com.br\/wp-content\/uploads\/2023\/11\/culturaa_em_todo_lugar_22-1.jpeg?fit=1200%2C800&ssl=1&resize=700%2C400 2x, https:\/\/i0.wp.com\/ismaelcolosi.com.br\/wp-content\/uploads\/2023\/11\/culturaa_em_todo_lugar_22-1.jpeg?fit=1200%2C800&ssl=1&resize=1050%2C600 3x"},"classes":[]},{"id":69158,"url":"https:\/\/ismaelcolosi.com.br\/index.php\/2024\/10\/03\/orquestra-sinfonica-de-ribeirao-preto-apresenta-concertos-no-theatro-pedro-ii\/","url_meta":{"origin":800,"position":5},"title":"Orquestra Sinf\u00f4nica de Ribeir\u00e3o Preto apresenta concertos no Theatro Pedro II","author":"ismaelcolosi.com.br","date":"3 de October de 2024","format":false,"excerpt":"A OSRP (Orquestra Sinf\u00f4nica de Ribeir\u00e3o Preto) apresenta nos dias 12 e 13 de outubro as s\u00e9ries \u201cConcertos Internacionais\u201d e \u201cJuventude tem Concerto\u201d no Theatro Pedro II. O concerto de s\u00e1bado (12) ter\u00e1 solo do pianista Fernando Corvisier. Beethoven e Schumann foram os compositores escolhidos pelo maestro Roberto Tibiri\u00e7\u00e1, que\u2026","rel":"","context":"In &quot;Not\u00edcias de Ribeir\u00e3o Preto-SP e Regi\u00e3o&quot;","block_context":{"text":"Not\u00edcias de Ribeir\u00e3o Preto-SP e Regi\u00e3o","link":"https:\/\/ismaelcolosi.com.br\/index.php\/category\/noticias-de-ribeirao-preto-sp-e-regiao-ismael-colosi\/"},"img":{"alt_text":"","src":"https:\/\/i0.wp.com\/ismaelcolosi.com.br\/wp-content\/uploads\/2024\/10\/20240615-2836_2024-10-03_12-13-19_jpg_2024-10-03_12-13-22-scaled.webp.webp?fit=1200%2C800&ssl=1&resize=350%2C200","width":350,"height":200,"srcset":"https:\/\/i0.wp.com\/ismaelcolosi.com.br\/wp-content\/uploads\/2024\/10\/20240615-2836_2024-10-03_12-13-19_jpg_2024-10-03_12-13-22-scaled.webp.webp?fit=1200%2C800&ssl=1&resize=350%2C200 1x, https:\/\/i0.wp.com\/ismaelcolosi.com.br\/wp-content\/uploads\/2024\/10\/20240615-2836_2024-10-03_12-13-19_jpg_2024-10-03_12-13-22-scaled.webp.webp?fit=1200%2C800&ssl=1&resize=525%2C300 1.5x, https:\/\/i0.wp.com\/ismaelcolosi.com.br\/wp-content\/uploads\/2024\/10\/20240615-2836_2024-10-03_12-13-19_jpg_2024-10-03_12-13-22-scaled.webp.webp?fit=1200%2C800&ssl=1&resize=700%2C400 2x, https:\/\/i0.wp.com\/ismaelcolosi.com.br\/wp-content\/uploads\/2024\/10\/20240615-2836_2024-10-03_12-13-19_jpg_2024-10-03_12-13-22-scaled.webp.webp?fit=1200%2C800&ssl=1&resize=1050%2C600 3x"},"classes":[]}],"jetpack_sharing_enabled":true,"jetpack_shortlink":"https:\/\/wp.me\/pfMlyK-cU","_links":{"self":[{"href":"https:\/\/ismaelcolosi.com.br\/index.php\/wp-json\/wp\/v2\/posts\/800","targetHints":{"allow":["GET"]}}],"collection":[{"href":"https:\/\/ismaelcolosi.com.br\/index.php\/wp-json\/wp\/v2\/posts"}],"about":[{"href":"https:\/\/ismaelcolosi.com.br\/index.php\/wp-json\/wp\/v2\/types\/post"}],"author":[{"embeddable":true,"href":"https:\/\/ismaelcolosi.com.br\/index.php\/wp-json\/wp\/v2\/users\/1"}],"replies":[{"embeddable":true,"href":"https:\/\/ismaelcolosi.com.br\/index.php\/wp-json\/wp\/v2\/comments?post=800"}],"version-history":[{"count":0,"href":"https:\/\/ismaelcolosi.com.br\/index.php\/wp-json\/wp\/v2\/posts\/800\/revisions"}],"wp:featuredmedia":[{"embeddable":true,"href":"https:\/\/ismaelcolosi.com.br\/index.php\/wp-json\/wp\/v2\/media\/801"}],"wp:attachment":[{"href":"https:\/\/ismaelcolosi.com.br\/index.php\/wp-json\/wp\/v2\/media?parent=800"}],"wp:term":[{"taxonomy":"category","embeddable":true,"href":"https:\/\/ismaelcolosi.com.br\/index.php\/wp-json\/wp\/v2\/categories?post=800"},{"taxonomy":"post_tag","embeddable":true,"href":"https:\/\/ismaelcolosi.com.br\/index.php\/wp-json\/wp\/v2\/tags?post=800"}],"curies":[{"name":"wp","href":"https:\/\/api.w.org\/{rel}","templated":true}]}}