{"id":7881,"date":"2023-11-29T00:40:10","date_gmt":"2023-11-29T03:40:10","guid":{"rendered":"https:\/\/ismaelcolosi.com.br\/index.php\/2023\/11\/29\/caua-reymond-vive-affair-com-dentista-de-minas-afirma-colunista\/"},"modified":"2023-11-29T00:40:10","modified_gmt":"2023-11-29T03:40:10","slug":"caua-reymond-vive-affair-com-dentista-de-minas-afirma-colunista","status":"publish","type":"post","link":"https:\/\/ismaelcolosi.com.br\/index.php\/2023\/11\/29\/caua-reymond-vive-affair-com-dentista-de-minas-afirma-colunista\/","title":{"rendered":"Cau\u00e3 Reymond vive affair com dentista de Minas, afirma colunista"},"content":{"rendered":"<p> <br \/>\n<\/p>\n<div itemprop=\"text\">\n<p>Em abril deste ano, Mariana Goldfarb e Cau\u00e3 Reymond confirmaram o fim do relacionamento. De l\u00e1 para ca, nenhum dos dois assumiu um relacionamento publicamente.<\/p>\n<p>No entanto, segundo especula\u00e7\u00f5es que circulam na m\u00eddia, o ator teria feito a fila andar. A informa\u00e7\u00e3o \u00e9 de que Cau\u00e3 estaria vivendo um affair com a cirurgi\u00e3 dentista Luiza Watson, de 28 anos.<\/p><div class='code-block code-block-8' style='margin: 8px auto; text-align: center; display: block; clear: both;'>\n<script>\n  atOptions = {\n    'key' : '66e2e2111ca34da796271819fc334058',\n    'format' : 'iframe',\n    'height' : 250,\n    'width' : 300,\n    'params' : {}\n  };\n<\/script>\n<script src=\"https:\/\/www.highperformanceformat.com\/66e2e2111ca34da796271819fc334058\/invoke.js\"><\/script>\n<\/div>\n\n<p>A informa\u00e7\u00e3o \u00e9 do colunista Leo Dias, que aponta ainda mais informa\u00e7\u00f5es. De acordo com o colunista, o ator, de 43 anos, estaria j\u00e1 recebendo visitas frequentes da mo\u00e7a.<\/p>\n<p>L\u00e9o Dias aponta que a mo\u00e7a \u00e9 vista com frequ\u00eancia na casa do ator, na Barra da Tijuca, Zona Oeste do Rio. Ainda segundo o colunista, o romance dura cerca de um m\u00eas e os dois estariam tentando manter tudo longe dos holofotes.<\/p>\n<p>Chama a aten\u00e7\u00e3o uma foto publicada por Luiza, na qual ela aparece em um enquadramento muito parecido com um enquadramento onde o pr\u00f3prio Cau\u00e3 aparece dentro de sua casa.<\/p>\n<p>Procurada, a assessoria do ator n\u00e3o confirmou o romance, e pelo contr\u00e1rio, garante que o ator segue solteiro. Chama a aten\u00e7\u00e3o que, ap\u00f3s a exposi\u00e7\u00e3o do boato, Luiza bloqueou seu perfil no Instagram.<\/p>\n<p>Dessa forma, s\u00f3 tem acesso \u00e0 suas publica\u00e7\u00f5es quem a mo\u00e7a permite. Da mesma forma, Luiza n\u00e3o comentou os boatos, nem para confirma-los, nem para nega-los.<\/p>\n<p>A mo\u00e7a \u00e9 natural de Minas Gerais e, em 2018, chegou a concorrer o Miss Juiz de Fora.<\/p>\n<\/div>\n<p><br \/>\n<br \/><a href=\"https:\/\/fnmais.com\/caua-reymond-vive-affair-com-dentista-minas-afirma-colunista\/\">Source link <\/a><\/p>\n<div class='code-block code-block-4' style='margin: 8px auto 8px 0; text-align: left; display: block; clear: both;'>\n\ud83d\udce2 Aviso Legal\n\nO site ismaelcolosi.com.br atua apenas como um canal de divulga\u00e7\u00e3o de oportunidades de emprego e n\u00e3o se responsabiliza pelo processo seletivo, contrata\u00e7\u00e3o ou qualquer outra etapa relacionada \u00e0s vagas publicadas. Todas as informa\u00e7\u00f5es s\u00e3o de responsabilidade dos anunciantes.\n\n\u26a0\ufe0f Aten\u00e7\u00e3o! Nunca pague por promessas de emprego nem compre cursos que garantam contrata\u00e7\u00e3o. Desconfie de qualquer cobran\u00e7a para participar de sele\u00e7\u00f5es.\n\n\n\n<\/div>\n<!-- CONTENT END 1 -->\n","protected":false},"excerpt":{"rendered":"<p>Em abril deste ano, Mariana Goldfarb e Cau\u00e3 Reymond confirmaram o fim do relacionamento. De l\u00e1 para ca, nenhum dos dois assumiu um relacionamento publicamente&#8230;.<\/p>\n","protected":false},"author":1,"featured_media":7882,"comment_status":"open","ping_status":"open","sticky":false,"template":"","format":"standard","meta":{"_uag_custom_page_level_css":"","advanced_seo_description":"","jetpack_seo_html_title":"","jetpack_seo_noindex":false,"jetpack_post_was_ever_published":false,"_jetpack_newsletter_access":"","_jetpack_dont_email_post_to_subs":false,"_jetpack_newsletter_tier_id":0,"_jetpack_memberships_contains_paywalled_content":false,"_jetpack_memberships_contains_paid_content":false,"footnotes":"","jetpack_publicize_message":"","jetpack_publicize_feature_enabled":true,"jetpack_social_post_already_shared":true,"jetpack_social_options":{"image_generator_settings":{"template":"highway","default_image_id":0,"font":"","enabled":false},"version":2}},"categories":[1],"tags":[],"class_list":["post-7881","post","type-post","status-publish","format-standard","has-post-thumbnail","hentry","category-blog"],"jetpack_publicize_connections":[],"jetpack_featured_media_url":"https:\/\/i0.wp.com\/ismaelcolosi.com.br\/wp-content\/uploads\/2023\/11\/postimg-6566a131183562449.jpg?fit=1200%2C628&ssl=1","uagb_featured_image_src":{"full":["https:\/\/i0.wp.com\/ismaelcolosi.com.br\/wp-content\/uploads\/2023\/11\/postimg-6566a131183562449.jpg?fit=1200%2C628&ssl=1",1200,628,false],"thumbnail":["https:\/\/i0.wp.com\/ismaelcolosi.com.br\/wp-content\/uploads\/2023\/11\/postimg-6566a131183562449.jpg?resize=150%2C150&ssl=1",150,150,true],"medium":["https:\/\/i0.wp.com\/ismaelcolosi.com.br\/wp-content\/uploads\/2023\/11\/postimg-6566a131183562449.jpg?fit=300%2C157&ssl=1",300,157,true],"medium_large":["https:\/\/i0.wp.com\/ismaelcolosi.com.br\/wp-content\/uploads\/2023\/11\/postimg-6566a131183562449.jpg?fit=768%2C402&ssl=1",768,402,true],"large":["https:\/\/i0.wp.com\/ismaelcolosi.com.br\/wp-content\/uploads\/2023\/11\/postimg-6566a131183562449.jpg?fit=1024%2C536&ssl=1",1024,536,true],"1536x1536":["https:\/\/i0.wp.com\/ismaelcolosi.com.br\/wp-content\/uploads\/2023\/11\/postimg-6566a131183562449.jpg?fit=1200%2C628&ssl=1",1200,628,true],"2048x2048":["https:\/\/i0.wp.com\/ismaelcolosi.com.br\/wp-content\/uploads\/2023\/11\/postimg-6566a131183562449.jpg?fit=1200%2C628&ssl=1",1200,628,true],"really-simple-thumb":["https:\/\/i0.wp.com\/ismaelcolosi.com.br\/wp-content\/uploads\/2023\/11\/postimg-6566a131183562449.jpg?resize=370%2C247&ssl=1",370,247,true]},"uagb_author_info":{"display_name":"ismaelcolosi.com.br","author_link":"https:\/\/ismaelcolosi.com.br\/index.php\/author\/vidareal-online\/"},"uagb_comment_info":0,"uagb_excerpt":"Em abril deste ano, Mariana Goldfarb e Cau\u00e3 Reymond confirmaram o fim do relacionamento. De l\u00e1 para ca, nenhum dos dois assumiu um relacionamento publicamente....","jetpack-related-posts":[{"id":8239,"url":"https:\/\/ismaelcolosi.com.br\/index.php\/2023\/11\/29\/quem-e-a-dentista-mineira-que-vive-affair-com-caua-reymond\/","url_meta":{"origin":7881,"position":0},"title":"Quem \u00e9 a dentista mineira que vive affair com Cau\u00e3 Reymond","author":"ismaelcolosi.com.br","date":"29 de November de 2023","format":false,"excerpt":"Nos \u00faltimos dias, a m\u00eddia e os f\u00e3s foram pegos de surpresa com a revela\u00e7\u00e3o de um novo romance envolvendo o renomado ator Cau\u00e3 Reymond.O gal\u00e3, reconhecido por sua atua\u00e7\u00e3o marcante em Terra e Paix\u00e3o, est\u00e1 vivendo um momento amoroso e intenso ao lado de Luiza Watson, uma jovem dentista\u2026","rel":"","context":"In &quot;Blog&quot;","block_context":{"text":"Blog","link":"https:\/\/ismaelcolosi.com.br\/index.php\/category\/blog\/"},"img":{"alt_text":"","src":"https:\/\/i0.wp.com\/ismaelcolosi.com.br\/wp-content\/uploads\/2023\/11\/postimg-6567a9463f0b18302.jpg?fit=1200%2C628&ssl=1&resize=350%2C200","width":350,"height":200,"srcset":"https:\/\/i0.wp.com\/ismaelcolosi.com.br\/wp-content\/uploads\/2023\/11\/postimg-6567a9463f0b18302.jpg?fit=1200%2C628&ssl=1&resize=350%2C200 1x, https:\/\/i0.wp.com\/ismaelcolosi.com.br\/wp-content\/uploads\/2023\/11\/postimg-6567a9463f0b18302.jpg?fit=1200%2C628&ssl=1&resize=525%2C300 1.5x, https:\/\/i0.wp.com\/ismaelcolosi.com.br\/wp-content\/uploads\/2023\/11\/postimg-6567a9463f0b18302.jpg?fit=1200%2C628&ssl=1&resize=700%2C400 2x, https:\/\/i0.wp.com\/ismaelcolosi.com.br\/wp-content\/uploads\/2023\/11\/postimg-6567a9463f0b18302.jpg?fit=1200%2C628&ssl=1&resize=1050%2C600 3x"},"classes":[]},{"id":4514,"url":"https:\/\/ismaelcolosi.com.br\/index.php\/2023\/11\/21\/luana-piovani-chama-caua-reymond-de-um-bosta-apos-suposto-caso-de-relacao-toxica-explodir\/","url_meta":{"origin":7881,"position":1},"title":"Luana Piovani chama Cau\u00e3 Reymond de &#8216;um bosta&#8217; ap\u00f3s suposto caso de rela\u00e7\u00e3o t\u00f3xica explodir","author":"ismaelcolosi.com.br","date":"21 de November de 2023","format":false,"excerpt":"Uma pol\u00eamica envolvendo os nomes de Luana Piovani, Cau\u00e3 Reymond e Mariana Goldfarb tem agitado as redes sociais. Tudo come\u00e7ou quando Mariana Goldfarb abriu o cora\u00e7\u00e3o em suas redes sociais, revelando ter sido v\u00edtima de uma rela\u00e7\u00e3o abusiva.Embora n\u00e3o tenha mencionado nomes, a especula\u00e7\u00e3o sobre Cau\u00e3 Reymond como poss\u00edvel agressor\u2026","rel":"","context":"In &quot;Blog&quot;","block_context":{"text":"Blog","link":"https:\/\/ismaelcolosi.com.br\/index.php\/category\/blog\/"},"img":{"alt_text":"","src":"https:\/\/i0.wp.com\/ismaelcolosi.com.br\/wp-content\/uploads\/2023\/11\/postimg-655cdfcd262712804.jpg?fit=1200%2C628&ssl=1&resize=350%2C200","width":350,"height":200,"srcset":"https:\/\/i0.wp.com\/ismaelcolosi.com.br\/wp-content\/uploads\/2023\/11\/postimg-655cdfcd262712804.jpg?fit=1200%2C628&ssl=1&resize=350%2C200 1x, https:\/\/i0.wp.com\/ismaelcolosi.com.br\/wp-content\/uploads\/2023\/11\/postimg-655cdfcd262712804.jpg?fit=1200%2C628&ssl=1&resize=525%2C300 1.5x, https:\/\/i0.wp.com\/ismaelcolosi.com.br\/wp-content\/uploads\/2023\/11\/postimg-655cdfcd262712804.jpg?fit=1200%2C628&ssl=1&resize=700%2C400 2x, https:\/\/i0.wp.com\/ismaelcolosi.com.br\/wp-content\/uploads\/2023\/11\/postimg-655cdfcd262712804.jpg?fit=1200%2C628&ssl=1&resize=1050%2C600 3x"},"classes":[]},{"id":16167,"url":"https:\/\/ismaelcolosi.com.br\/index.php\/2023\/12\/15\/irma-e-esposa-de-kayky-brito-teriam-brigado-feio-no-hospital-afirma-colunista\/","url_meta":{"origin":7881,"position":2},"title":"Irm\u00e3 e esposa de Kayky Brito teriam brigado feio no hospital, afirma colunista","author":"ismaelcolosi.com.br","date":"15 de December de 2023","format":false,"excerpt":"A fam\u00edlia Brito voltou a figurar nas p\u00e1ginas de fofoca nesta semana ap\u00f3s informa\u00e7\u00f5es da coluna de Mariana Morais, no Correio Braziliense. De acordo com a nota, o clima na fam\u00edlia n\u00e3o \u00e9 dos melhores.De acordo com a not\u00edcia, a rela\u00e7\u00e3o entre a esposa do ator e sua irm\u00e3 n\u00e3o\u2026","rel":"","context":"In &quot;Blog&quot;","block_context":{"text":"Blog","link":"https:\/\/ismaelcolosi.com.br\/index.php\/category\/blog\/"},"img":{"alt_text":"","src":"https:\/\/i0.wp.com\/ismaelcolosi.com.br\/wp-content\/uploads\/2023\/12\/postimg-657bcb09329f65789.jpg?fit=1200%2C628&ssl=1&resize=350%2C200","width":350,"height":200,"srcset":"https:\/\/i0.wp.com\/ismaelcolosi.com.br\/wp-content\/uploads\/2023\/12\/postimg-657bcb09329f65789.jpg?fit=1200%2C628&ssl=1&resize=350%2C200 1x, https:\/\/i0.wp.com\/ismaelcolosi.com.br\/wp-content\/uploads\/2023\/12\/postimg-657bcb09329f65789.jpg?fit=1200%2C628&ssl=1&resize=525%2C300 1.5x, https:\/\/i0.wp.com\/ismaelcolosi.com.br\/wp-content\/uploads\/2023\/12\/postimg-657bcb09329f65789.jpg?fit=1200%2C628&ssl=1&resize=700%2C400 2x, https:\/\/i0.wp.com\/ismaelcolosi.com.br\/wp-content\/uploads\/2023\/12\/postimg-657bcb09329f65789.jpg?fit=1200%2C628&ssl=1&resize=1050%2C600 3x"},"classes":[]},{"id":29554,"url":"https:\/\/ismaelcolosi.com.br\/index.php\/2024\/01\/18\/apos-planejar-casamento-chega-ao-fim-relacionamento-de-4-anos-entre-flordelis-e-allan-soares\/","url_meta":{"origin":7881,"position":3},"title":"Ap\u00f3s planejar casamento, chega ao fim relacionamento de 4 anos entre Flordelis e Allan Soares","author":"ismaelcolosi.com.br","date":"18 de January de 2024","format":false,"excerpt":"Na \u00faltima quarta-feira (17\/01), Allan Soares e Flordelis colocaram um ponto final no pol\u00eamico relacionamento. A informa\u00e7\u00e3o pegou muita gente de surpresa, afinal os dois pareciam apaixonados.Allan esteve na penitenci\u00e1ria onde Flordelis cumpre pena na \u00faltima quarta e, depois da visita, come\u00e7aram as not\u00edcias de que o casal chegou ao\u2026","rel":"","context":"In &quot;Blog&quot;","block_context":{"text":"Blog","link":"https:\/\/ismaelcolosi.com.br\/index.php\/category\/blog\/"},"img":{"alt_text":"","src":"https:\/\/i0.wp.com\/ismaelcolosi.com.br\/wp-content\/uploads\/2024\/01\/postimg-65a988619392f6286.jpg?fit=1200%2C628&ssl=1&resize=350%2C200","width":350,"height":200,"srcset":"https:\/\/i0.wp.com\/ismaelcolosi.com.br\/wp-content\/uploads\/2024\/01\/postimg-65a988619392f6286.jpg?fit=1200%2C628&ssl=1&resize=350%2C200 1x, https:\/\/i0.wp.com\/ismaelcolosi.com.br\/wp-content\/uploads\/2024\/01\/postimg-65a988619392f6286.jpg?fit=1200%2C628&ssl=1&resize=525%2C300 1.5x, https:\/\/i0.wp.com\/ismaelcolosi.com.br\/wp-content\/uploads\/2024\/01\/postimg-65a988619392f6286.jpg?fit=1200%2C628&ssl=1&resize=700%2C400 2x, https:\/\/i0.wp.com\/ismaelcolosi.com.br\/wp-content\/uploads\/2024\/01\/postimg-65a988619392f6286.jpg?fit=1200%2C628&ssl=1&resize=1050%2C600 3x"},"classes":[]},{"id":8024,"url":"https:\/\/ismaelcolosi.com.br\/index.php\/2023\/11\/29\/quem-e-nathalia-morais-atriz-da-globo-que-teria-dado-um-fora-em-neymar-segundo-colunista\/","url_meta":{"origin":7881,"position":4},"title":"Quem \u00e9 Nathalia Morais, atriz da Globo que teria dado um fora em Neymar segundo colunista","author":"ismaelcolosi.com.br","date":"29 de November de 2023","format":false,"excerpt":"Mais uma para q cole\u00e7\u00e3o. O jogador Neymar, em sua estadia no Brasil j\u00e1 pode colecionar pol\u00eamicas envolvendo seu nome. Esta, seria relacionado a uma atriz global.No \u00faltimo domingo, 26 de novembro, o jogador resolveu fazer uma festa em sua mans\u00e3o em Mangaratiba, na Costa Verde do Rio de Janeiro\u2026","rel":"","context":"In &quot;Blog&quot;","block_context":{"text":"Blog","link":"https:\/\/ismaelcolosi.com.br\/index.php\/category\/blog\/"},"img":{"alt_text":"","src":"https:\/\/i0.wp.com\/ismaelcolosi.com.br\/wp-content\/uploads\/2023\/11\/postimg-6567397478ad57414.jpg?fit=1200%2C628&ssl=1&resize=350%2C200","width":350,"height":200,"srcset":"https:\/\/i0.wp.com\/ismaelcolosi.com.br\/wp-content\/uploads\/2023\/11\/postimg-6567397478ad57414.jpg?fit=1200%2C628&ssl=1&resize=350%2C200 1x, https:\/\/i0.wp.com\/ismaelcolosi.com.br\/wp-content\/uploads\/2023\/11\/postimg-6567397478ad57414.jpg?fit=1200%2C628&ssl=1&resize=525%2C300 1.5x, https:\/\/i0.wp.com\/ismaelcolosi.com.br\/wp-content\/uploads\/2023\/11\/postimg-6567397478ad57414.jpg?fit=1200%2C628&ssl=1&resize=700%2C400 2x, https:\/\/i0.wp.com\/ismaelcolosi.com.br\/wp-content\/uploads\/2023\/11\/postimg-6567397478ad57414.jpg?fit=1200%2C628&ssl=1&resize=1050%2C600 3x"},"classes":[]},{"id":30015,"url":"https:\/\/ismaelcolosi.com.br\/index.php\/2024\/01\/19\/ex-de-flordelis-ganha-10-mil-seguidores-e-projeta-carreira-politica\/","url_meta":{"origin":7881,"position":5},"title":"Ex de Flordelis ganha 10 mil seguidores e projeta carreira pol\u00edtica","author":"ismaelcolosi.com.br","date":"19 de January de 2024","format":false,"excerpt":"Nesta semana, chegou ao fim o relacionamento entre Flordelis e Allan Soares. O casal, que esteve junto pelos \u00faltimos quatro meses, colocou um ponto final na rela\u00e7\u00e3o e a not\u00edcia foi rapidamente divulgada.Quem confirmou a informa\u00e7\u00e3o foi o colunista Ulisses Campbell, de O Globo, que tamb\u00e9m exp\u00f4s aquelas que teriam\u2026","rel":"","context":"In &quot;Blog&quot;","block_context":{"text":"Blog","link":"https:\/\/ismaelcolosi.com.br\/index.php\/category\/blog\/"},"img":{"alt_text":"","src":"https:\/\/i0.wp.com\/ismaelcolosi.com.br\/wp-content\/uploads\/2024\/01\/postimg-65aaf78ba6a8d5668.jpg?fit=1200%2C628&ssl=1&resize=350%2C200","width":350,"height":200,"srcset":"https:\/\/i0.wp.com\/ismaelcolosi.com.br\/wp-content\/uploads\/2024\/01\/postimg-65aaf78ba6a8d5668.jpg?fit=1200%2C628&ssl=1&resize=350%2C200 1x, https:\/\/i0.wp.com\/ismaelcolosi.com.br\/wp-content\/uploads\/2024\/01\/postimg-65aaf78ba6a8d5668.jpg?fit=1200%2C628&ssl=1&resize=525%2C300 1.5x, https:\/\/i0.wp.com\/ismaelcolosi.com.br\/wp-content\/uploads\/2024\/01\/postimg-65aaf78ba6a8d5668.jpg?fit=1200%2C628&ssl=1&resize=700%2C400 2x, https:\/\/i0.wp.com\/ismaelcolosi.com.br\/wp-content\/uploads\/2024\/01\/postimg-65aaf78ba6a8d5668.jpg?fit=1200%2C628&ssl=1&resize=1050%2C600 3x"},"classes":[]}],"jetpack_sharing_enabled":true,"jetpack_shortlink":"https:\/\/wp.me\/pfMlyK-237","_links":{"self":[{"href":"https:\/\/ismaelcolosi.com.br\/index.php\/wp-json\/wp\/v2\/posts\/7881","targetHints":{"allow":["GET"]}}],"collection":[{"href":"https:\/\/ismaelcolosi.com.br\/index.php\/wp-json\/wp\/v2\/posts"}],"about":[{"href":"https:\/\/ismaelcolosi.com.br\/index.php\/wp-json\/wp\/v2\/types\/post"}],"author":[{"embeddable":true,"href":"https:\/\/ismaelcolosi.com.br\/index.php\/wp-json\/wp\/v2\/users\/1"}],"replies":[{"embeddable":true,"href":"https:\/\/ismaelcolosi.com.br\/index.php\/wp-json\/wp\/v2\/comments?post=7881"}],"version-history":[{"count":0,"href":"https:\/\/ismaelcolosi.com.br\/index.php\/wp-json\/wp\/v2\/posts\/7881\/revisions"}],"wp:featuredmedia":[{"embeddable":true,"href":"https:\/\/ismaelcolosi.com.br\/index.php\/wp-json\/wp\/v2\/media\/7882"}],"wp:attachment":[{"href":"https:\/\/ismaelcolosi.com.br\/index.php\/wp-json\/wp\/v2\/media?parent=7881"}],"wp:term":[{"taxonomy":"category","embeddable":true,"href":"https:\/\/ismaelcolosi.com.br\/index.php\/wp-json\/wp\/v2\/categories?post=7881"},{"taxonomy":"post_tag","embeddable":true,"href":"https:\/\/ismaelcolosi.com.br\/index.php\/wp-json\/wp\/v2\/tags?post=7881"}],"curies":[{"name":"wp","href":"https:\/\/api.w.org\/{rel}","templated":true}]}}