{"id":7877,"date":"2023-11-29T00:24:12","date_gmt":"2023-11-29T03:24:12","guid":{"rendered":"https:\/\/ismaelcolosi.com.br\/index.php\/2023\/11\/29\/vitimas-de-grave-acidente-aereo-no-ac-sao-identificadas-apenas-apos-1-mes-da-tragedia\/"},"modified":"2023-11-29T00:24:12","modified_gmt":"2023-11-29T03:24:12","slug":"vitimas-de-grave-acidente-aereo-no-ac-sao-identificadas-apenas-apos-1-mes-da-tragedia","status":"publish","type":"post","link":"https:\/\/ismaelcolosi.com.br\/index.php\/2023\/11\/29\/vitimas-de-grave-acidente-aereo-no-ac-sao-identificadas-apenas-apos-1-mes-da-tragedia\/","title":{"rendered":"V\u00edtimas de grave acidente a\u00e9reo no AC s\u00e3o identificadas apenas ap\u00f3s 1 m\u00eas da trag\u00e9dia"},"content":{"rendered":"<p> <br \/>\n<\/p>\n<div itemprop=\"text\">\n<p>Nesta ter\u00e7a-feira, dia 28 de novembro, foram identificados os corpos do copiloto Kleiton Lima Almeida e Ant\u00f4nio Elizangela, mortos em um tr\u00e1gico acidente a\u00e9reo que aconteceu no dia 29 de outubro. As v\u00edtimas apenas foram identificadas ap\u00f3s quase um m\u00eas da situa\u00e7\u00e3o.<\/p>\n<p>Devido ao estado em que os corpos ficaram, foi necess\u00e1rio a utiliza\u00e7\u00e3o de t\u00e9cnicas de DNA para realizar o reconhecimento. Se tratou de um trabalho demorado e minucioso.<\/p><div class='code-block code-block-8' style='margin: 8px auto; text-align: center; display: block; clear: both;'>\n<script>\n  atOptions = {\n    'key' : '66e2e2111ca34da796271819fc334058',\n    'format' : 'iframe',\n    'height' : 250,\n    'width' : 300,\n    'params' : {}\n  };\n<\/script>\n<script src=\"https:\/\/www.highperformanceformat.com\/66e2e2111ca34da796271819fc334058\/invoke.js\"><\/script>\n<\/div>\n\n<p>O diretor-geral do Departamento da Pol\u00edcia T\u00e9cnico-Cient\u00edfica, Sandro Martins, deu mais detalhes diante do assunto e alegou que toda a situa\u00e7\u00e3o envolveu t\u00e9cnicas delicadas que exigiram muitas repeti\u00e7\u00f5es por parte da equipe de peritos.<\/p>\n<p><em>\u201cDevido \u00e0s amostras, j\u00e1 sab\u00edamos que uns iam ser mais f\u00e1ceis, de certa forma, de identificar e outros n\u00e3o. Identificamos dois com a compara\u00e7\u00e3o dos perfis gen\u00e9ticos e deu certo\u201d<\/em>, disse ele, contando o que teria acontecido.<\/p>\n<p>Agora, os corpos ser\u00e3o passados para o IML (Instituo M\u00e9dico Legal). E com isso, a fam\u00edlia dever\u00e1 ir at\u00e9 o local para realizar a libera\u00e7\u00e3o para o vel\u00f3rio.<\/p>\n<p>Para o trabalho envolvendo DNA, \u00e9 necess\u00e1rio extrair materias gen\u00e9ticos das v\u00edtimas. Por\u00e9m, antes disso, o material precisa passar por um processo de descalfica\u00e7\u00e3o para que os peritos possam acessar esse DNA que fica protegido por conta dos ossos. Esse procedimento requer delicadeza e tempo.<\/p>\n<p>Al\u00e9m da queda, o avi\u00e3o explodiu, o que deixou as v\u00edtimas carbonizadas. A aeronave tinha destino a Envira, no Amazonas. A situa\u00e7\u00e3o continua a ser muito lamentada.<\/p>\n<\/div>\n<p><br \/>\n<br \/><a href=\"https:\/\/fnmais.com\/vitimas-grave-acidente-aereo-no-ac-sao-identificadas-apenas-apos-1-mes-tragedia\/\">Source link <\/a><\/p>\n<div class='code-block code-block-4' style='margin: 8px auto 8px 0; text-align: left; display: block; clear: both;'>\n\ud83d\udce2 Aviso Legal\n\nO site ismaelcolosi.com.br atua apenas como um canal de divulga\u00e7\u00e3o de oportunidades de emprego e n\u00e3o se responsabiliza pelo processo seletivo, contrata\u00e7\u00e3o ou qualquer outra etapa relacionada \u00e0s vagas publicadas. Todas as informa\u00e7\u00f5es s\u00e3o de responsabilidade dos anunciantes.\n\n\u26a0\ufe0f Aten\u00e7\u00e3o! Nunca pague por promessas de emprego nem compre cursos que garantam contrata\u00e7\u00e3o. Desconfie de qualquer cobran\u00e7a para participar de sele\u00e7\u00f5es.\n\n\n\n<\/div>\n<!-- CONTENT END 1 -->\n","protected":false},"excerpt":{"rendered":"<p>Nesta ter\u00e7a-feira, dia 28 de novembro, foram identificados os corpos do copiloto Kleiton Lima Almeida e Ant\u00f4nio Elizangela, mortos em um tr\u00e1gico acidente a\u00e9reo que&#8230;<\/p>\n","protected":false},"author":1,"featured_media":7878,"comment_status":"open","ping_status":"open","sticky":false,"template":"","format":"standard","meta":{"_uag_custom_page_level_css":"","advanced_seo_description":"","jetpack_seo_html_title":"","jetpack_seo_noindex":false,"jetpack_post_was_ever_published":false,"_jetpack_newsletter_access":"","_jetpack_dont_email_post_to_subs":false,"_jetpack_newsletter_tier_id":0,"_jetpack_memberships_contains_paywalled_content":false,"_jetpack_memberships_contains_paid_content":false,"footnotes":"","jetpack_publicize_message":"","jetpack_publicize_feature_enabled":true,"jetpack_social_post_already_shared":true,"jetpack_social_options":{"image_generator_settings":{"template":"highway","default_image_id":0,"font":"","enabled":false},"version":2}},"categories":[1],"tags":[],"class_list":["post-7877","post","type-post","status-publish","format-standard","has-post-thumbnail","hentry","category-blog"],"jetpack_publicize_connections":[],"jetpack_featured_media_url":"https:\/\/i0.wp.com\/ismaelcolosi.com.br\/wp-content\/uploads\/2023\/11\/postimg-6566a1d9e990d7498.jpg?fit=1200%2C628&ssl=1","uagb_featured_image_src":{"full":["https:\/\/i0.wp.com\/ismaelcolosi.com.br\/wp-content\/uploads\/2023\/11\/postimg-6566a1d9e990d7498.jpg?fit=1200%2C628&ssl=1",1200,628,false],"thumbnail":["https:\/\/i0.wp.com\/ismaelcolosi.com.br\/wp-content\/uploads\/2023\/11\/postimg-6566a1d9e990d7498.jpg?resize=150%2C150&ssl=1",150,150,true],"medium":["https:\/\/i0.wp.com\/ismaelcolosi.com.br\/wp-content\/uploads\/2023\/11\/postimg-6566a1d9e990d7498.jpg?fit=300%2C157&ssl=1",300,157,true],"medium_large":["https:\/\/i0.wp.com\/ismaelcolosi.com.br\/wp-content\/uploads\/2023\/11\/postimg-6566a1d9e990d7498.jpg?fit=768%2C402&ssl=1",768,402,true],"large":["https:\/\/i0.wp.com\/ismaelcolosi.com.br\/wp-content\/uploads\/2023\/11\/postimg-6566a1d9e990d7498.jpg?fit=1024%2C536&ssl=1",1024,536,true],"1536x1536":["https:\/\/i0.wp.com\/ismaelcolosi.com.br\/wp-content\/uploads\/2023\/11\/postimg-6566a1d9e990d7498.jpg?fit=1200%2C628&ssl=1",1200,628,true],"2048x2048":["https:\/\/i0.wp.com\/ismaelcolosi.com.br\/wp-content\/uploads\/2023\/11\/postimg-6566a1d9e990d7498.jpg?fit=1200%2C628&ssl=1",1200,628,true],"really-simple-thumb":["https:\/\/i0.wp.com\/ismaelcolosi.com.br\/wp-content\/uploads\/2023\/11\/postimg-6566a1d9e990d7498.jpg?resize=370%2C247&ssl=1",370,247,true]},"uagb_author_info":{"display_name":"ismaelcolosi.com.br","author_link":"https:\/\/ismaelcolosi.com.br\/index.php\/author\/vidareal-online\/"},"uagb_comment_info":0,"uagb_excerpt":"Nesta ter\u00e7a-feira, dia 28 de novembro, foram identificados os corpos do copiloto Kleiton Lima Almeida e Ant\u00f4nio Elizangela, mortos em um tr\u00e1gico acidente a\u00e9reo que...","jetpack-related-posts":[{"id":59686,"url":"https:\/\/ismaelcolosi.com.br\/index.php\/2024\/08\/11\/equipes-concluem-retirada-de-corpos-das-vitimas-de-acidente-aereo-no-interior-de-sp\/","url_meta":{"origin":7877,"position":0},"title":"Equipes concluem retirada de corpos das v\u00edtimas de acidente a\u00e9reo no interior de SP","author":"ismaelcolosi.com.br","date":"11 de August de 2024","format":false,"excerpt":"O Governo do Estado de S\u00e3o Paulo confirmou que os corpos das 62 v\u00edtimas do acidente com avi\u00e3o da Voepass, em Vinhedo, no interior paulista, foram retirados do local neste s\u00e1bado (10). A empresa a\u00e9rea tem sede em Ribeir\u00e3o Preto. Conforme a nota, as equipes do Corpo de Bombeiros finalizaram\u2026","rel":"","context":"In &quot;Not\u00edcias de Ribeir\u00e3o Preto-SP e Regi\u00e3o&quot;","block_context":{"text":"Not\u00edcias de Ribeir\u00e3o Preto-SP e Regi\u00e3o","link":"https:\/\/ismaelcolosi.com.br\/index.php\/category\/noticias-de-ribeirao-preto-sp-e-regiao-ismael-colosi\/"},"img":{"alt_text":"","src":"https:\/\/i0.wp.com\/ismaelcolosi.com.br\/wp-content\/uploads\/2024\/08\/aviao-voepass_2024-08-10_20-33-39_jpg_2024-08-10_20-33-39.webp.webp?fit=952%2C528&ssl=1&resize=350%2C200","width":350,"height":200,"srcset":"https:\/\/i0.wp.com\/ismaelcolosi.com.br\/wp-content\/uploads\/2024\/08\/aviao-voepass_2024-08-10_20-33-39_jpg_2024-08-10_20-33-39.webp.webp?fit=952%2C528&ssl=1&resize=350%2C200 1x, https:\/\/i0.wp.com\/ismaelcolosi.com.br\/wp-content\/uploads\/2024\/08\/aviao-voepass_2024-08-10_20-33-39_jpg_2024-08-10_20-33-39.webp.webp?fit=952%2C528&ssl=1&resize=525%2C300 1.5x, https:\/\/i0.wp.com\/ismaelcolosi.com.br\/wp-content\/uploads\/2024\/08\/aviao-voepass_2024-08-10_20-33-39_jpg_2024-08-10_20-33-39.webp.webp?fit=952%2C528&ssl=1&resize=700%2C400 2x"},"classes":[]},{"id":59934,"url":"https:\/\/ismaelcolosi.com.br\/index.php\/2024\/08\/13\/vitimas-da-queda-de-aviao-no-interior-de-sp-morreram-por-politraumatismo\/","url_meta":{"origin":7877,"position":1},"title":"V\u00edtimas da queda de avi\u00e3o no interior de SP morreram por politraumatismo","author":"ismaelcolosi.com.br","date":"13 de August de 2024","format":false,"excerpt":"O IML (Instituto M\u00e9dico-Legal) concluiu que as v\u00edtimas do acidente com o avi\u00e3o da Voepass, em Vinhedo, no interior de S\u00e3o Paulo, na sexta-feira (9), morreram de politraumatismo. O acidente deixou 62 mortos \u2013 sendo 58 passageiros e quatro tripulantes. A aeronave despencou mais de 4 mil metros de altura\u2026","rel":"","context":"In &quot;Not\u00edcias de Ribeir\u00e3o Preto-SP e Regi\u00e3o&quot;","block_context":{"text":"Not\u00edcias de Ribeir\u00e3o Preto-SP e Regi\u00e3o","link":"https:\/\/ismaelcolosi.com.br\/index.php\/category\/noticias-de-ribeirao-preto-sp-e-regiao-ismael-colosi\/"},"img":{"alt_text":"","src":"https:\/\/i0.wp.com\/ismaelcolosi.com.br\/wp-content\/uploads\/2024\/08\/bombeiros_2024-08-13_16-00-44_jpeg_2024-08-13_16-00-44.webp.webp?fit=800%2C600&ssl=1&resize=350%2C200","width":350,"height":200,"srcset":"https:\/\/i0.wp.com\/ismaelcolosi.com.br\/wp-content\/uploads\/2024\/08\/bombeiros_2024-08-13_16-00-44_jpeg_2024-08-13_16-00-44.webp.webp?fit=800%2C600&ssl=1&resize=350%2C200 1x, https:\/\/i0.wp.com\/ismaelcolosi.com.br\/wp-content\/uploads\/2024\/08\/bombeiros_2024-08-13_16-00-44_jpeg_2024-08-13_16-00-44.webp.webp?fit=800%2C600&ssl=1&resize=525%2C300 1.5x, https:\/\/i0.wp.com\/ismaelcolosi.com.br\/wp-content\/uploads\/2024\/08\/bombeiros_2024-08-13_16-00-44_jpeg_2024-08-13_16-00-44.webp.webp?fit=800%2C600&ssl=1&resize=700%2C400 2x"},"classes":[]},{"id":6693,"url":"https:\/\/ismaelcolosi.com.br\/index.php\/2023\/11\/26\/acidente-envolvendo-dois-carros-na-rr-205-deixa-varias-vitimas-e-feridos\/","url_meta":{"origin":7877,"position":2},"title":"Acidente envolvendo dois carros na RR-205 deixa v\u00e1rias v\u00edtimas e feridos","author":"ismaelcolosi.com.br","date":"26 de November de 2023","format":false,"excerpt":"Neste \u00faltimo s\u00e1bado, dia 25 de novembro, chegou a ser divulgado por diversos canais de comunica\u00e7\u00e3o que tr\u00eas pessoas perderam suas vidas ap\u00f3s um acidente envolvendo dois carros na RR-205, na regi\u00e3o de Boa Vista, em Roraima.As v\u00edtimas foram identificadas pelos nomes de Jos\u00e9 Bastos da Silva Neto, de 43\u2026","rel":"","context":"In &quot;Blog&quot;","block_context":{"text":"Blog","link":"https:\/\/ismaelcolosi.com.br\/index.php\/category\/blog\/"},"img":{"alt_text":"","src":"https:\/\/i0.wp.com\/ismaelcolosi.com.br\/wp-content\/uploads\/2023\/11\/postimg-65637fa4230ae6656.jpg?fit=1200%2C628&ssl=1&resize=350%2C200","width":350,"height":200,"srcset":"https:\/\/i0.wp.com\/ismaelcolosi.com.br\/wp-content\/uploads\/2023\/11\/postimg-65637fa4230ae6656.jpg?fit=1200%2C628&ssl=1&resize=350%2C200 1x, https:\/\/i0.wp.com\/ismaelcolosi.com.br\/wp-content\/uploads\/2023\/11\/postimg-65637fa4230ae6656.jpg?fit=1200%2C628&ssl=1&resize=525%2C300 1.5x, https:\/\/i0.wp.com\/ismaelcolosi.com.br\/wp-content\/uploads\/2023\/11\/postimg-65637fa4230ae6656.jpg?fit=1200%2C628&ssl=1&resize=700%2C400 2x, https:\/\/i0.wp.com\/ismaelcolosi.com.br\/wp-content\/uploads\/2023\/11\/postimg-65637fa4230ae6656.jpg?fit=1200%2C628&ssl=1&resize=1050%2C600 3x"},"classes":[]},{"id":20585,"url":"https:\/\/ismaelcolosi.com.br\/index.php\/2023\/12\/26\/quem-sao-as-5-vitimas-da-mesma-familia-que-nao-resistiram-apos-carro-cair-em-rio-em-ro\/","url_meta":{"origin":7877,"position":3},"title":"Quem s\u00e3o as 5 v\u00edtimas da mesma fam\u00edlia que n\u00e3o resistiram ap\u00f3s carro cair em rio em RO","author":"ismaelcolosi.com.br","date":"26 de December de 2023","format":false,"excerpt":"Uma trag\u00e9dia aconteceu e tirou a vida de cinco pessoas da mesma fam\u00edlia na localidade de Pimenteiras do Oeste, em Rond\u00f4nia. As v\u00edtimas foram identificas e mais detalhes diante do assunto foram divulgados.No tr\u00e1gico acidente ocorrido em Pimenteiras do Oeste, as v\u00edtimas foram identificadas como S\u00f4nia Valadares dos Santos, uma\u2026","rel":"","context":"In &quot;Blog&quot;","block_context":{"text":"Blog","link":"https:\/\/ismaelcolosi.com.br\/index.php\/category\/blog\/"},"img":{"alt_text":"","src":"https:\/\/i0.wp.com\/ismaelcolosi.com.br\/wp-content\/uploads\/2023\/12\/postimg-658a439c5379a5311.jpg?fit=1200%2C628&ssl=1&resize=350%2C200","width":350,"height":200,"srcset":"https:\/\/i0.wp.com\/ismaelcolosi.com.br\/wp-content\/uploads\/2023\/12\/postimg-658a439c5379a5311.jpg?fit=1200%2C628&ssl=1&resize=350%2C200 1x, https:\/\/i0.wp.com\/ismaelcolosi.com.br\/wp-content\/uploads\/2023\/12\/postimg-658a439c5379a5311.jpg?fit=1200%2C628&ssl=1&resize=525%2C300 1.5x, https:\/\/i0.wp.com\/ismaelcolosi.com.br\/wp-content\/uploads\/2023\/12\/postimg-658a439c5379a5311.jpg?fit=1200%2C628&ssl=1&resize=700%2C400 2x, https:\/\/i0.wp.com\/ismaelcolosi.com.br\/wp-content\/uploads\/2023\/12\/postimg-658a439c5379a5311.jpg?fit=1200%2C628&ssl=1&resize=1050%2C600 3x"},"classes":[]},{"id":27441,"url":"https:\/\/ismaelcolosi.com.br\/index.php\/2024\/01\/12\/misterio-corpos-encontrados-em-cemiterio-clandestino-na-regiao-sao-identificados\/","url_meta":{"origin":7877,"position":4},"title":"Mist\u00e9rio: Corpos encontrados em cemit\u00e9rio clandestino na regi\u00e3o s\u00e3o identificados","author":"ismaelcolosi.com.br","date":"12 de January de 2024","format":false,"excerpt":"A Pol\u00edcia Civil identificou dois homens entre as v\u00edtimas que foram encontradas enterradas em um cemit\u00e9rio clandestino na Serra do Jaboticabal, em Taquaritinga, na regi\u00e3o de Ribeir\u00e3o Preto. As v\u00edtimas identificadas s\u00e3o Jo\u00e3o Vitor Rosa, de 24 anos, e Axel Guilherme das Gra\u00e7as Marioto, de 22 anos \u2013 os dois\u2026","rel":"","context":"In &quot;Not\u00edcias de Ribeir\u00e3o Preto-SP e Regi\u00e3o&quot;","block_context":{"text":"Not\u00edcias de Ribeir\u00e3o Preto-SP e Regi\u00e3o","link":"https:\/\/ismaelcolosi.com.br\/index.php\/category\/noticias-de-ribeirao-preto-sp-e-regiao-ismael-colosi\/"},"img":{"alt_text":"","src":"https:\/\/i0.wp.com\/ismaelcolosi.com.br\/wp-content\/uploads\/2024\/01\/cemiterio-serra.jpg?fit=930%2C700&ssl=1&resize=350%2C200","width":350,"height":200,"srcset":"https:\/\/i0.wp.com\/ismaelcolosi.com.br\/wp-content\/uploads\/2024\/01\/cemiterio-serra.jpg?fit=930%2C700&ssl=1&resize=350%2C200 1x, https:\/\/i0.wp.com\/ismaelcolosi.com.br\/wp-content\/uploads\/2024\/01\/cemiterio-serra.jpg?fit=930%2C700&ssl=1&resize=525%2C300 1.5x, https:\/\/i0.wp.com\/ismaelcolosi.com.br\/wp-content\/uploads\/2024\/01\/cemiterio-serra.jpg?fit=930%2C700&ssl=1&resize=700%2C400 2x"},"classes":[]},{"id":20218,"url":"https:\/\/ismaelcolosi.com.br\/index.php\/2023\/12\/24\/pai-mae-e-namorado-da-filha-morrem-em-acidente-na-br-101-a-caminho-da-bahia-vitimas-sao-identificadas\/","url_meta":{"origin":7877,"position":5},"title":"Pai, m\u00e3e e namorado da filha morrem em acidente na BR-101 a caminho da Bahia; v\u00edtimas s\u00e3o identificadas","author":"ismaelcolosi.com.br","date":"24 de December de 2023","format":false,"excerpt":"Tr\u00eas pessoas acabaram perdendo a vida nesta fim de semana ap\u00f3s serem v\u00edtimas de um grave acidente de tr\u00e2nsito. O fato ocorreu no Km 55 da BR 101, que fica em Concei\u00e7\u00e3o da Barra, no Norte do Esp\u00edrito Santo.O acidente foi registrado por volta das 20h15 do \u00faltimo s\u00e1bado (23\/12)\u2026","rel":"","context":"In &quot;Blog&quot;","block_context":{"text":"Blog","link":"https:\/\/ismaelcolosi.com.br\/index.php\/category\/blog\/"},"img":{"alt_text":"","src":"https:\/\/i0.wp.com\/ismaelcolosi.com.br\/wp-content\/uploads\/2023\/12\/postimg-65886faa2606a5047.jpg?fit=1200%2C628&ssl=1&resize=350%2C200","width":350,"height":200,"srcset":"https:\/\/i0.wp.com\/ismaelcolosi.com.br\/wp-content\/uploads\/2023\/12\/postimg-65886faa2606a5047.jpg?fit=1200%2C628&ssl=1&resize=350%2C200 1x, https:\/\/i0.wp.com\/ismaelcolosi.com.br\/wp-content\/uploads\/2023\/12\/postimg-65886faa2606a5047.jpg?fit=1200%2C628&ssl=1&resize=525%2C300 1.5x, https:\/\/i0.wp.com\/ismaelcolosi.com.br\/wp-content\/uploads\/2023\/12\/postimg-65886faa2606a5047.jpg?fit=1200%2C628&ssl=1&resize=700%2C400 2x, https:\/\/i0.wp.com\/ismaelcolosi.com.br\/wp-content\/uploads\/2023\/12\/postimg-65886faa2606a5047.jpg?fit=1200%2C628&ssl=1&resize=1050%2C600 3x"},"classes":[]}],"jetpack_sharing_enabled":true,"jetpack_shortlink":"https:\/\/wp.me\/pfMlyK-233","_links":{"self":[{"href":"https:\/\/ismaelcolosi.com.br\/index.php\/wp-json\/wp\/v2\/posts\/7877","targetHints":{"allow":["GET"]}}],"collection":[{"href":"https:\/\/ismaelcolosi.com.br\/index.php\/wp-json\/wp\/v2\/posts"}],"about":[{"href":"https:\/\/ismaelcolosi.com.br\/index.php\/wp-json\/wp\/v2\/types\/post"}],"author":[{"embeddable":true,"href":"https:\/\/ismaelcolosi.com.br\/index.php\/wp-json\/wp\/v2\/users\/1"}],"replies":[{"embeddable":true,"href":"https:\/\/ismaelcolosi.com.br\/index.php\/wp-json\/wp\/v2\/comments?post=7877"}],"version-history":[{"count":0,"href":"https:\/\/ismaelcolosi.com.br\/index.php\/wp-json\/wp\/v2\/posts\/7877\/revisions"}],"wp:featuredmedia":[{"embeddable":true,"href":"https:\/\/ismaelcolosi.com.br\/index.php\/wp-json\/wp\/v2\/media\/7878"}],"wp:attachment":[{"href":"https:\/\/ismaelcolosi.com.br\/index.php\/wp-json\/wp\/v2\/media?parent=7877"}],"wp:term":[{"taxonomy":"category","embeddable":true,"href":"https:\/\/ismaelcolosi.com.br\/index.php\/wp-json\/wp\/v2\/categories?post=7877"},{"taxonomy":"post_tag","embeddable":true,"href":"https:\/\/ismaelcolosi.com.br\/index.php\/wp-json\/wp\/v2\/tags?post=7877"}],"curies":[{"name":"wp","href":"https:\/\/api.w.org\/{rel}","templated":true}]}}