{"id":78701,"date":"2024-12-08T13:01:46","date_gmt":"2024-12-08T16:01:46","guid":{"rendered":"https:\/\/ismaelcolosi.com.br\/index.php\/2024\/12\/08\/contrata-se-lavador-de-carro\/"},"modified":"2024-12-08T13:01:46","modified_gmt":"2024-12-08T16:01:46","slug":"contrata-se-lavador-de-carro","status":"publish","type":"post","link":"https:\/\/ismaelcolosi.com.br\/index.php\/2024\/12\/08\/contrata-se-lavador-de-carro\/","title":{"rendered":"CONTRATA-SE LAVADOR DE CARRO"},"content":{"rendered":"<div id=\"main\">\n<h5>An\u00fancios<\/h5>\n<ul class=\"listing-card-list \" id=\"listing-card-list\">\n<li class=\"listing-card \">\n                <a class=\"listing-thumb\" href=\"https:\/\/tribunaribeirao.com.br\/classificadostribuna\/index.php?page=item&amp;id=4409\" title=\"CONTRATA-SE LAVADOR DE CARRO\"><img data-recalc-dims=\"1\" loading=\"lazy\" decoding=\"async\" src=\"https:\/\/i0.wp.com\/tribunaribeirao.com.br\/classificadostribuna\/oc-content\/uploads\/44\/4936_thumbnail.jpg?resize=240%2C200&#038;ssl=1\" title=\"\" alt=\"CONTRATA-SE LAVADOR DE CARRO\" width=\"240\" height=\"200\" \/><\/a><\/p>\n<div class=\"listing-detail\">\n<div class=\"listing-cell\">\n<div class=\"listing-data\">\n<div class=\"listing-basicinfo\">\n                    <a href=\"https:\/\/tribunaribeirao.com.br\/classificadostribuna\/index.php?page=item&amp;id=4409\" class=\"title\" title=\"CONTRATA-SE LAVADOR DE CARRO\">CONTRATA-SE LAVADOR DE CARRO<\/a><\/p>\n<p>\n                        <span class=\"category\">Empregos<\/span> &#8211;<br \/>\n                        <span class=\"location\"> <\/span> <span class=\"g-hide\">&#8211;<\/span> 08\/12\/2024                                            <\/p>\n<p>Para lava-r\u00e1pido no Centro. De segunda \u00e0 s\u00e1bado das 8h \u00e0s 18h. Com experi\u00eancia comprovada como lavador. Interessados entrar em contato pelo WhatsApp (16) 99777-1119 \u2013 Fl\u00e1vio.<\/p>\n<\/p><\/div>\n<\/p><\/div>\n<\/p><\/div>\n<\/p><\/div>\n<\/li>\n<li class=\"listing-card \">\n                <a class=\"listing-thumb\" href=\"https:\/\/tribunaribeirao.com.br\/classificadostribuna\/index.php?page=item&amp;id=4406\" title=\"CONTRATA-SE MANOBRISTA\"><img data-recalc-dims=\"1\" loading=\"lazy\" decoding=\"async\" src=\"https:\/\/i0.wp.com\/tribunaribeirao.com.br\/classificadostribuna\/oc-content\/uploads\/44\/4933_thumbnail.jpg?resize=240%2C200&#038;ssl=1\" title=\"\" alt=\"CONTRATA-SE MANOBRISTA\" width=\"240\" height=\"200\" \/><\/a><\/p>\n<div class=\"listing-detail\">\n<div class=\"listing-cell\">\n<div class=\"listing-data\">\n<div class=\"listing-basicinfo\">\n                    <a href=\"https:\/\/tribunaribeirao.com.br\/classificadostribuna\/index.php?page=item&amp;id=4406\" class=\"title\" title=\"CONTRATA-SE MANOBRISTA\">CONTRATA-SE MANOBRISTA<\/a><\/p>\n<p>\n                        <span class=\"category\">Empregos<\/span> &#8211;<br \/>\n                        <span class=\"location\"> <\/span> <span class=\"g-hide\">&#8211;<\/span> 06\/12\/2024                                            <\/p>\n<p>Em estacionamento no Centro. De segunda a s\u00e1bado das 9h \u00e0s 18h. Com experi\u00eancia comprovada como manobrista. Interessados entrar em contato pelo WhatsApp (16) 99777-1119 \u2013 Fl\u00e1vio. \u00a0<\/p>\n<\/p><\/div>\n<\/p><\/div>\n<\/p><\/div>\n<\/p><\/div>\n<\/li>\n<li class=\"listing-card \">\n                <a class=\"listing-thumb\" href=\"https:\/\/tribunaribeirao.com.br\/classificadostribuna\/index.php?page=item&amp;id=4388\" title=\"CONTRATA-SE MEC\u00c2NICO E AJUDANTE DE MEC\u00c2NICO\"><img data-recalc-dims=\"1\" loading=\"lazy\" decoding=\"async\" src=\"https:\/\/i0.wp.com\/tribunaribeirao.com.br\/classificadostribuna\/oc-content\/uploads\/43\/4915_thumbnail.jpg?resize=240%2C200&#038;ssl=1\" title=\"\" alt=\"CONTRATA-SE MEC\u00c2NICO E AJUDANTE DE MEC\u00c2NICO\" width=\"240\" height=\"200\" \/><\/a><\/p>\n<div class=\"listing-detail\">\n<div class=\"listing-cell\">\n<div class=\"listing-data\">\n<div class=\"listing-basicinfo\">\n                    <a href=\"https:\/\/tribunaribeirao.com.br\/classificadostribuna\/index.php?page=item&amp;id=4388\" class=\"title\" title=\"CONTRATA-SE MEC\u00c2NICO E AJUDANTE DE MEC\u00c2NICO\">CONTRATA-SE MEC\u00c2NICO E AJUDANTE DE MEC\u00c2NICO<\/a><\/p>\n<p>\n                        <span class=\"category\">Empregos<\/span> &#8211;<br \/>\n                        <span class=\"location\"> <\/span> <span class=\"g-hide\">&#8211;<\/span> 29\/11\/2024                                            <\/p>\n<p>Oficina de moto contrata. Mec\u00e2nico\u00a0com experi\u00eancia e ajudante de mec\u00e2nico. Sal\u00e1rio a combinar. Interessados tratar diretamente na oficina, Rua Esp\u00edrito\u00a0Santo, 1568 ou enviar o curr\u00edculo atrav\u00e9s whatsapp 16 99150-9708.<\/p>\n<\/p><\/div>\n<\/p><\/div>\n<\/p><\/div>\n<\/p><\/div>\n<\/li>\n<li class=\"listing-card last\">\n                <a class=\"listing-thumb\" href=\"https:\/\/tribunaribeirao.com.br\/classificadostribuna\/index.php?page=item&amp;id=4387\" title=\"CONTRATA-SE AUXILIAR T\u00c9CNICO P\/ MANUTEN\u00c7\u00c3O DE ELEVADOR\"><img data-recalc-dims=\"1\" loading=\"lazy\" decoding=\"async\" src=\"https:\/\/i0.wp.com\/tribunaribeirao.com.br\/classificadostribuna\/oc-content\/uploads\/43\/4914_thumbnail.jpg?resize=240%2C200&#038;ssl=1\" title=\"\" alt=\"CONTRATA-SE AUXILIAR T\u00c9CNICO P\/ MANUTEN\u00c7\u00c3O DE ELEVADOR\" width=\"240\" height=\"200\" \/><\/a><\/p>\n<div class=\"listing-detail\">\n<div class=\"listing-cell\">\n<div class=\"listing-data\">\n<div class=\"listing-basicinfo\">\n                    <a href=\"https:\/\/tribunaribeirao.com.br\/classificadostribuna\/index.php?page=item&amp;id=4387\" class=\"title\" title=\"CONTRATA-SE AUXILIAR T\u00c9CNICO P\/ MANUTEN\u00c7\u00c3O DE ELEVADOR\">CONTRATA-SE AUXILIAR T\u00c9CNICO P\/ MANUTEN\u00c7\u00c3O DE ELEVADOR<\/a><\/p>\n<p>\n                        <span class=\"category\">Empregos<\/span> &#8211;<br \/>\n                        <span class=\"location\"> <\/span> <span class=\"g-hide\">&#8211;<\/span> 29\/11\/2024                                            <\/p>\n<p>Auxiliar t\u00e9cnico para manuten\u00e7\u00e3o em Elevadores.\u00a0Aqui \u00e9 da Elevadores Belgo. Precisamos de auxiliar t\u00e9cnico para manuten\u00e7\u00e3o em Elevadores. Necess\u00e1rio experi\u00eancia em el\u00e9trica. In\u00edcio imediato. Ter moto para o trabalho. Contato (16) 99103-9302<\/p>\n<\/p><\/div>\n<\/p><\/div>\n<\/p><\/div>\n<\/p><\/div>\n<\/li>\n<li class=\"listing-card \">\n                <a class=\"listing-thumb\" href=\"https:\/\/tribunaribeirao.com.br\/classificadostribuna\/index.php?page=item&amp;id=4380\" title=\"Falecimentos - 27 de novembro de 2024\"><img data-recalc-dims=\"1\" loading=\"lazy\" decoding=\"async\" src=\"https:\/\/i0.wp.com\/tribunaribeirao.com.br\/classificadostribuna\/oc-content\/uploads\/43\/4907_thumbnail.jpg?resize=240%2C200&#038;ssl=1\" title=\"\" alt=\"Falecimentos - 27 de novembro de 2024\" width=\"240\" height=\"200\" \/><\/a><\/p>\n<div class=\"listing-detail\">\n<div class=\"listing-cell\">\n<div class=\"listing-data\">\n<div class=\"listing-basicinfo\">\n                    <a href=\"https:\/\/tribunaribeirao.com.br\/classificadostribuna\/index.php?page=item&amp;id=4380\" class=\"title\" title=\"Falecimentos - 27 de novembro de 2024\">Falecimentos &#8211; 27 de novembro de 2024<\/a><\/p>\n<p>\n                        <span class=\"category\">Empregos<\/span> &#8211;<br \/>\n                        <span class=\"location\"> <\/span> <span class=\"g-hide\">&#8211;<\/span> 28\/11\/2024                                            <\/p>\n<p>BALDOCCHI ARLETE MARIA SASSI PADILHA*30\/11\/49 | +26\/11\/24VEL\u00d3RIO MUNICIPAL SERRANACEMITERIO MUNICIPAL SERRANALUIZ FERNANDO JESUS DE CARVALHO*14\/03\/90 | +25\/11\/24VEL\u00d3RIO MUNICIPAL PLANURACEMITERIO MUNICIPAL PLANURASEBASTI\u00c3O MODESTO DE MATOS*22\/05\/50 |&#8230;<\/p>\n<\/p><\/div>\n<\/p><\/div>\n<\/p><\/div>\n<\/p><\/div>\n<\/li>\n<li class=\"listing-card \">\n                <a class=\"listing-thumb\" href=\"https:\/\/tribunaribeirao.com.br\/classificadostribuna\/index.php?page=item&amp;id=4379\" title=\"CONTRATA-SE MOTORISTA DE CAMINH\u00c3O\"><img data-recalc-dims=\"1\" loading=\"lazy\" decoding=\"async\" src=\"https:\/\/i0.wp.com\/tribunaribeirao.com.br\/classificadostribuna\/oc-content\/uploads\/43\/4906_thumbnail.jpg?resize=240%2C200&#038;ssl=1\" title=\"\" alt=\"CONTRATA-SE MOTORISTA DE CAMINH\u00c3O\" width=\"240\" height=\"200\" \/><\/a><\/p>\n<\/li>\n<p>\n<script data-cfasync=\"false\" src=\"https:\/\/www.tribunaribeirao.com.br\/cdn-cgi\/scripts\/5c5dd728\/cloudflare-static\/email-decode.min.js\"><\/script><script async=\"\" src=\"https:\/\/pagead2.googlesyndication.com\/pagead\/js\/adsbygoogle.js\"><\/script>&#13;<br \/>\n<!-- Anuncio Horizontal -->&#13;<br \/>\n<ins class=\"adsbygoogle\" style=\"display:block\" data-ad-client=\"ca-pub-6472940315473977\" data-ad-slot=\"9527135572\" data-ad-format=\"auto\" data-full-width-responsive=\"true\"><\/ins>&#13;<br \/>\n<script><![CDATA[\n     (adsbygoogle = window.adsbygoogle || []).push({});\n]]><\/script><\/p>\n<li class=\"listing-card \">\n                <a class=\"listing-thumb\" href=\"https:\/\/tribunaribeirao.com.br\/classificadostribuna\/index.php?page=item&amp;id=4378\" title=\"CONTRATA-SE AJUDANTE DE MOTORISTA\"><img data-recalc-dims=\"1\" loading=\"lazy\" decoding=\"async\" src=\"https:\/\/i0.wp.com\/tribunaribeirao.com.br\/classificadostribuna\/oc-content\/uploads\/43\/4905_thumbnail.jpg?resize=240%2C200&#038;ssl=1\" title=\"\" alt=\"CONTRATA-SE AJUDANTE DE MOTORISTA\" width=\"240\" height=\"200\" \/><\/a><\/p>\n<\/li>\n<li class=\"listing-card last\">\n                <a class=\"listing-thumb\" href=\"https:\/\/tribunaribeirao.com.br\/classificadostribuna\/index.php?page=item&amp;id=4377\" title=\"CONTRATA-SE REPRESENTANTE COMERCIAL\"><img data-recalc-dims=\"1\" loading=\"lazy\" decoding=\"async\" src=\"https:\/\/i0.wp.com\/tribunaribeirao.com.br\/classificadostribuna\/oc-content\/uploads\/43\/4904_thumbnail.jpg?resize=240%2C200&#038;ssl=1\" title=\"\" alt=\"CONTRATA-SE REPRESENTANTE COMERCIAL\" width=\"240\" height=\"200\" \/><\/a><\/p>\n<\/li>\n<li class=\"listing-card \">\n                <a class=\"listing-thumb\" href=\"https:\/\/tribunaribeirao.com.br\/classificadostribuna\/index.php?page=item&amp;id=4366\" title=\"CONTRATA-SE AUXILIAR DE EXPEDI\u00c7\u00c3O\"><img data-recalc-dims=\"1\" loading=\"lazy\" decoding=\"async\" src=\"https:\/\/i0.wp.com\/tribunaribeirao.com.br\/classificadostribuna\/oc-content\/uploads\/43\/4893_thumbnail.jpg?resize=240%2C200&#038;ssl=1\" title=\"\" alt=\"CONTRATA-SE AUXILIAR DE EXPEDI\u00c7\u00c3O\" width=\"240\" height=\"200\" \/><\/a><\/p>\n<\/li>\n<li class=\"listing-card \">\n                <a class=\"listing-thumb\" href=\"https:\/\/tribunaribeirao.com.br\/classificadostribuna\/index.php?page=item&amp;id=4360\" title=\"CONTRATA-SE AUXILIAR DE EVENTOS\"><img data-recalc-dims=\"1\" loading=\"lazy\" decoding=\"async\" src=\"https:\/\/i0.wp.com\/tribunaribeirao.com.br\/classificadostribuna\/oc-content\/uploads\/43\/4887_thumbnail.jpg?resize=240%2C200&#038;ssl=1\" title=\"\" alt=\"CONTRATA-SE AUXILIAR DE EVENTOS\" width=\"240\" height=\"200\" \/><\/a><\/p>\n<div class=\"listing-detail\">\n<div class=\"listing-cell\">\n<div class=\"listing-data\">\n<div class=\"listing-basicinfo\">\n                    <a href=\"https:\/\/tribunaribeirao.com.br\/classificadostribuna\/index.php?page=item&amp;id=4360\" class=\"title\" title=\"CONTRATA-SE AUXILIAR DE EVENTOS\">CONTRATA-SE AUXILIAR DE EVENTOS<\/a><\/p>\n<p>\n                        <span class=\"category\">Empregos<\/span> &#8211;<br \/>\n                        <span class=\"location\"> <\/span> <span class=\"g-hide\">&#8211;<\/span> 18\/11\/2024                                            <\/p>\n<p>Contrata-se para tarefas pertinentes ao segmento de eventos, com experi\u00eancia com padr\u00f5es el\u00e9tricos. CNH categoria \u2018C\u2019. Ser\u00e1 valorizada experi\u00eancia anterior no setor. Importante ter perfil proativo, ser comunicativo, organizado e que saiba trabalhar e&#8230;<\/p>\n<\/p><\/div>\n<\/p><\/div>\n<\/p><\/div>\n<\/p><\/div>\n<\/li>\n<li class=\"listing-card \">\n                <a class=\"listing-thumb\" href=\"https:\/\/tribunaribeirao.com.br\/classificadostribuna\/index.php?page=item&amp;id=4358\" title=\"CONTRATA-SE LAVADOR AUTOMOTIVO \u2013 6 VAGAS\"><img data-recalc-dims=\"1\" loading=\"lazy\" decoding=\"async\" src=\"https:\/\/i0.wp.com\/tribunaribeirao.com.br\/classificadostribuna\/oc-content\/uploads\/43\/4885_thumbnail.jpg?resize=240%2C200&#038;ssl=1\" title=\"\" alt=\"CONTRATA-SE LAVADOR AUTOMOTIVO \u2013 6 VAGAS\" width=\"240\" height=\"200\" \/><\/a><\/p>\n<div class=\"listing-detail\">\n<div class=\"listing-cell\">\n<div class=\"listing-data\">\n<div class=\"listing-basicinfo\">\n                    <a href=\"https:\/\/tribunaribeirao.com.br\/classificadostribuna\/index.php?page=item&amp;id=4358\" class=\"title\" title=\"CONTRATA-SE LAVADOR AUTOMOTIVO \u2013 6 VAGAS\">CONTRATA-SE LAVADOR AUTOMOTIVO \u2013 6 VAGAS<\/a><\/p>\n<p>\n                        <span class=\"category\">Empregos<\/span> &#8211;<br \/>\n                        <span class=\"location\"> <\/span> <span class=\"g-hide\">&#8211;<\/span> 18\/11\/2024                                            <\/p>\n<p>Grupo Moby Dick \u2013 Est\u00e9tica Automotiva. Vagas para in\u00edcio imediato, contrata\u00e7\u00e3o CLT ou MEI. Local de trabalho: Ribeir\u00e3o Shopping, Shopping Santa \u00darsula, Shopping Iguatemi, Outlet Santa Maria. Responsabilidades: Ser comprometido e respons\u00e1vel. Requisit&#8230;<\/p>\n<\/p><\/div>\n<\/p><\/div>\n<\/p><\/div>\n<\/p><\/div>\n<\/li>\n<li class=\"listing-card last\">\n                <a class=\"listing-thumb\" href=\"https:\/\/tribunaribeirao.com.br\/classificadostribuna\/index.php?page=item&amp;id=4357\" title=\"CONTRATA-SE POLIDOR AUTOMOTIVO \u2013 4 VAGAS\"><img data-recalc-dims=\"1\" loading=\"lazy\" decoding=\"async\" src=\"https:\/\/i0.wp.com\/tribunaribeirao.com.br\/classificadostribuna\/oc-content\/uploads\/43\/4884_thumbnail.jpg?resize=240%2C200&#038;ssl=1\" title=\"\" alt=\"CONTRATA-SE POLIDOR AUTOMOTIVO \u2013 4 VAGAS\" width=\"240\" height=\"200\" \/><\/a><\/p>\n<div class=\"listing-detail\">\n<div class=\"listing-cell\">\n<div class=\"listing-data\">\n<div class=\"listing-basicinfo\">\n                    <a href=\"https:\/\/tribunaribeirao.com.br\/classificadostribuna\/index.php?page=item&amp;id=4357\" class=\"title\" title=\"CONTRATA-SE POLIDOR AUTOMOTIVO \u2013 4 VAGAS\">CONTRATA-SE POLIDOR AUTOMOTIVO \u2013 4 VAGAS<\/a><\/p>\n<p>\n                        <span class=\"category\">Empregos<\/span> &#8211;<br \/>\n                        <span class=\"location\"> <\/span> <span class=\"g-hide\">&#8211;<\/span> 18\/11\/2024                                            <\/p>\n<p>Grupo Moby Dick \u2013 Est\u00e9tica Automotiva. Vagas para in\u00edcio imediato, contrata\u00e7\u00e3o CLT ou MEI. Local de trabalho: Ribeir\u00e3o Shopping, Shopping Santa \u00darsula, Shopping Iguatemi, Outlet Santa Maria. Responsabilidades: Realizar servi\u00e7o de polimento automotivo&#8230;<\/p>\n<\/p><\/div>\n<\/p><\/div>\n<\/p><\/div>\n<\/p><\/div>\n<\/li>\n<p>\n<script data-cfasync=\"false\" src=\"https:\/\/www.tribunaribeirao.com.br\/cdn-cgi\/scripts\/5c5dd728\/cloudflare-static\/email-decode.min.js\"><\/script><script async=\"\" src=\"https:\/\/pagead2.googlesyndication.com\/pagead\/js\/adsbygoogle.js\"><\/script>&#13;<br \/>\n<!-- Anuncio Horizontal -->&#13;<br \/>\n<ins class=\"adsbygoogle\" style=\"display:block\" data-ad-client=\"ca-pub-6472940315473977\" data-ad-slot=\"9527135572\" data-ad-format=\"auto\" data-full-width-responsive=\"true\"><\/ins>&#13;<br \/>\n<script><![CDATA[\n     (adsbygoogle = window.adsbygoogle || []).push({});\n]]><\/script><\/p>\n<li class=\"listing-card \">\n                <a class=\"listing-thumb\" href=\"https:\/\/tribunaribeirao.com.br\/classificadostribuna\/index.php?page=item&amp;id=4356\" title=\"CONTRATA-SE VENDEDOR \u2013 4 VAGAS\"><img data-recalc-dims=\"1\" loading=\"lazy\" decoding=\"async\" src=\"https:\/\/i0.wp.com\/tribunaribeirao.com.br\/classificadostribuna\/oc-content\/uploads\/43\/4883_thumbnail.jpg?resize=240%2C200&#038;ssl=1\" title=\"\" alt=\"CONTRATA-SE VENDEDOR \u2013 4 VAGAS\" width=\"240\" height=\"200\" \/><\/a><\/p>\n<div class=\"listing-detail\">\n<div class=\"listing-cell\">\n<div class=\"listing-data\">\n<div class=\"listing-basicinfo\">\n                    <a href=\"https:\/\/tribunaribeirao.com.br\/classificadostribuna\/index.php?page=item&amp;id=4356\" class=\"title\" title=\"CONTRATA-SE VENDEDOR \u2013 4 VAGAS\">CONTRATA-SE VENDEDOR \u2013 4 VAGAS<\/a><\/p>\n<p>\n                        <span class=\"category\">Empregos<\/span> &#8211;<br \/>\n                        <span class=\"location\"> <\/span> <span class=\"g-hide\">&#8211;<\/span> 18\/11\/2024                                            <\/p>\n<p>Grupo Moby Dick \u2013 Est\u00e9tica Automotiva. Vagas para in\u00edcio imediato, contrata\u00e7\u00e3o CLT ou MEI. Local de trabalho: Ribeir\u00e3o Shopping, Shopping Santa \u00darsula, Shopping Iguatemi, Outlet Santa Maria. Responsabilidades: Oferecer\/vender servi\u00e7os variados na \u00e1re&#8230;<\/p>\n<\/p><\/div>\n<\/p><\/div>\n<\/p><\/div>\n<\/p><\/div>\n<\/li>\n<li class=\"listing-card \">\n                <a class=\"listing-thumb\" href=\"https:\/\/tribunaribeirao.com.br\/classificadostribuna\/index.php?page=item&amp;id=4355\" title=\"CONTRATA-SE PINTOR INDUSTRIAL\"><img data-recalc-dims=\"1\" loading=\"lazy\" decoding=\"async\" src=\"https:\/\/i0.wp.com\/tribunaribeirao.com.br\/classificadostribuna\/oc-content\/uploads\/43\/4882_thumbnail.jpg?resize=240%2C200&#038;ssl=1\" title=\"\" alt=\"CONTRATA-SE PINTOR INDUSTRIAL\" width=\"240\" height=\"200\" \/><\/a><\/p>\n<div class=\"listing-detail\">\n<div class=\"listing-cell\">\n<div class=\"listing-data\">\n<div class=\"listing-basicinfo\">\n                    <a href=\"https:\/\/tribunaribeirao.com.br\/classificadostribuna\/index.php?page=item&amp;id=4355\" class=\"title\" title=\"CONTRATA-SE PINTOR INDUSTRIAL\">CONTRATA-SE PINTOR INDUSTRIAL<\/a><\/p>\n<p>\n                        <span class=\"category\">Empregos<\/span> &#8211;<br \/>\n                        <span class=\"location\"> <\/span> <span class=\"g-hide\">&#8211;<\/span> 18\/11\/2024                                            <\/p>\n<p>A Hart est\u00e1 contratando! Somos especialistas em estruturas met\u00e1licas e estamos em busca de um pintor industrial para integrar nossa equipe. Informa\u00e7\u00f5es sobre a vaga: Sal\u00e1rio inicial: R$ 2.200,00 + benef\u00edcios. Mais detalhes ser\u00e3o fornecidos durante a &#8230;<\/p>\n<\/p><\/div>\n<\/p><\/div>\n<\/p><\/div>\n<\/p><\/div>\n<\/li>\n<li class=\"listing-card \">\n                <a class=\"listing-thumb\" href=\"https:\/\/tribunaribeirao.com.br\/classificadostribuna\/index.php?page=item&amp;id=4354\" title=\"CONTRATA-SE MOTORISTA CATEGORIA D\"><img data-recalc-dims=\"1\" loading=\"lazy\" decoding=\"async\" src=\"https:\/\/i0.wp.com\/tribunaribeirao.com.br\/classificadostribuna\/oc-content\/uploads\/43\/4881_thumbnail.jpg?resize=240%2C200&#038;ssl=1\" title=\"\" alt=\"CONTRATA-SE MOTORISTA CATEGORIA D\" width=\"240\" height=\"200\" \/><\/a><\/p>\n<div class=\"listing-detail\">\n<div class=\"listing-cell\">\n<div class=\"listing-data\">\n<div class=\"listing-basicinfo\">\n                    <a href=\"https:\/\/tribunaribeirao.com.br\/classificadostribuna\/index.php?page=item&amp;id=4354\" class=\"title\" title=\"CONTRATA-SE MOTORISTA CATEGORIA D\">CONTRATA-SE MOTORISTA CATEGORIA D<\/a><\/p>\n<p>\n                        <span class=\"category\">Empregos<\/span> &#8211;<br \/>\n                        <span class=\"location\"> <\/span> <span class=\"g-hide\">&#8211;<\/span> 18\/11\/2024                                            <\/p>\n<p>A Hart est\u00e1 contratando! Somos uma empresa especializada em estruturas met\u00e1licas e estamos em busca de um motorista categoria D com experi\u00eancia para integrar nossa equipe.\u00a0 Informa\u00e7\u00f5es sobre a vaga: Sal\u00e1rio inicial: R$ 2.438,00 + benef\u00edcios. Mais det&#8230;<\/p>\n<\/p><\/div>\n<\/p><\/div>\n<\/p><\/div>\n<\/p><\/div>\n<\/li>\n<\/ul><\/div>\n<div class='code-block code-block-4' style='margin: 8px auto 8px 0; text-align: left; display: block; clear: both;'>\n\ud83d\udce2 Aviso Legal\n\nO site ismaelcolosi.com.br atua apenas como um canal de divulga\u00e7\u00e3o de oportunidades de emprego e n\u00e3o se responsabiliza pelo processo seletivo, contrata\u00e7\u00e3o ou qualquer outra etapa relacionada \u00e0s vagas publicadas. Todas as informa\u00e7\u00f5es s\u00e3o de responsabilidade dos anunciantes.\n\n\u26a0\ufe0f Aten\u00e7\u00e3o! Nunca pague por promessas de emprego nem compre cursos que garantam contrata\u00e7\u00e3o. Desconfie de qualquer cobran\u00e7a para participar de sele\u00e7\u00f5es.\n\n\n\n<\/div>\n<!-- CONTENT END 1 -->\n","protected":false},"excerpt":{"rendered":"<p>An\u00fancios CONTRATA-SE LAVADOR DE CARRO Empregos &#8211; &#8211; 08\/12\/2024 Para lava-r\u00e1pido no Centro. De segunda \u00e0 s\u00e1bado das 8h \u00e0s 18h. Com experi\u00eancia comprovada como&#8230;<\/p>\n","protected":false},"author":1,"featured_media":78702,"comment_status":"open","ping_status":"open","sticky":false,"template":"","format":"standard","meta":{"_uag_custom_page_level_css":"","advanced_seo_description":"","jetpack_seo_html_title":"","jetpack_seo_noindex":false,"jetpack_post_was_ever_published":false,"_jetpack_newsletter_access":"","_jetpack_dont_email_post_to_subs":false,"_jetpack_newsletter_tier_id":0,"_jetpack_memberships_contains_paywalled_content":false,"_jetpack_memberships_contains_paid_content":false,"footnotes":"","jetpack_publicize_message":"","jetpack_publicize_feature_enabled":true,"jetpack_social_post_already_shared":true,"jetpack_social_options":{"image_generator_settings":{"template":"highway","default_image_id":0,"font":"","enabled":false},"version":2}},"categories":[7],"tags":[],"class_list":["post-78701","post","type-post","status-publish","format-standard","has-post-thumbnail","hentry","category-vagas-de-empregos-em-ribeirao-preto-regiao-brasil"],"jetpack_publicize_connections":[],"jetpack_featured_media_url":"https:\/\/i0.wp.com\/ismaelcolosi.com.br\/wp-content\/uploads\/2024\/12\/4936_thumbnail.jpg?fit=240%2C200&ssl=1","uagb_featured_image_src":{"full":["https:\/\/i0.wp.com\/ismaelcolosi.com.br\/wp-content\/uploads\/2024\/12\/4936_thumbnail.jpg?fit=240%2C200&ssl=1",240,200,false],"thumbnail":["https:\/\/i0.wp.com\/ismaelcolosi.com.br\/wp-content\/uploads\/2024\/12\/4936_thumbnail.jpg?resize=150%2C150&ssl=1",150,150,true],"medium":["https:\/\/i0.wp.com\/ismaelcolosi.com.br\/wp-content\/uploads\/2024\/12\/4936_thumbnail.jpg?fit=240%2C200&ssl=1",240,200,true],"medium_large":["https:\/\/i0.wp.com\/ismaelcolosi.com.br\/wp-content\/uploads\/2024\/12\/4936_thumbnail.jpg?fit=240%2C200&ssl=1",240,200,true],"large":["https:\/\/i0.wp.com\/ismaelcolosi.com.br\/wp-content\/uploads\/2024\/12\/4936_thumbnail.jpg?fit=240%2C200&ssl=1",240,200,true],"1536x1536":["https:\/\/i0.wp.com\/ismaelcolosi.com.br\/wp-content\/uploads\/2024\/12\/4936_thumbnail.jpg?fit=240%2C200&ssl=1",240,200,true],"2048x2048":["https:\/\/i0.wp.com\/ismaelcolosi.com.br\/wp-content\/uploads\/2024\/12\/4936_thumbnail.jpg?fit=240%2C200&ssl=1",240,200,true],"really-simple-thumb":["https:\/\/i0.wp.com\/ismaelcolosi.com.br\/wp-content\/uploads\/2024\/12\/4936_thumbnail.jpg?resize=240%2C200&ssl=1",240,200,true]},"uagb_author_info":{"display_name":"ismaelcolosi.com.br","author_link":"https:\/\/ismaelcolosi.com.br\/index.php\/author\/vidareal-online\/"},"uagb_comment_info":0,"uagb_excerpt":"An\u00fancios CONTRATA-SE LAVADOR DE CARRO Empregos &#8211; &#8211; 08\/12\/2024 Para lava-r\u00e1pido no Centro. De segunda \u00e0 s\u00e1bado das 8h \u00e0s 18h. Com experi\u00eancia comprovada como...","jetpack-related-posts":[{"id":80528,"url":"https:\/\/ismaelcolosi.com.br\/index.php\/2024\/12\/28\/contrata-se-vagas-variadas\/","url_meta":{"origin":78701,"position":0},"title":"CONTRATA-SE VAGAS VARIADAS","author":"ismaelcolosi.com.br","date":"28 de December de 2024","format":false,"excerpt":"An\u00fancios CONTRATA-SE VAGAS VARIADAS Empregos - - 27\/12\/2024 RH CONTRATA:Professor(a) de Capoeira, Terapeuta Ocupacional, Engenheiro(a) Civil, Advogado(a)Trabalhista, Psic\u00f3logo(a), Auxiliar de escrit\u00f3rio, Auxiliar de Servi\u00e7os Gerais, Zelador,Jardineiro, Diarista, Vigia, Porteiro.Interessados enviar curriculo v... CONTRATA-SE GERENTE DE QUIOSQUE Empregos - - 17\/12\/2024 Para o Ribeir\u00e3o Shopping. Sua miss\u00e3o \u00e9 planejar estrat\u00e9gias de\u2026","rel":"","context":"In &quot;Vagas de Emprego em Ribeir\u00e3o Preto-SP&quot;","block_context":{"text":"Vagas de Emprego em Ribeir\u00e3o Preto-SP","link":"https:\/\/ismaelcolosi.com.br\/index.php\/category\/empregos-classificados-vagas-trabalho\/vagas-de-empregos-em-ribeirao-preto-regiao-brasil\/"},"img":{"alt_text":"CONTRATA-SE VAGAS VARIADAS","src":"https:\/\/i0.wp.com\/tribunaribeirao.com.br\/classificadostribuna\/oc-content\/uploads\/44\/4976_thumbnail.jpg?resize=350%2C200&ssl=1","width":350,"height":200},"classes":[]},{"id":79702,"url":"https:\/\/ismaelcolosi.com.br\/index.php\/2024\/12\/18\/contrata-se-gerente-de-quiosque\/","url_meta":{"origin":78701,"position":1},"title":"CONTRATA-SE GERENTE DE QUIOSQUE","author":"ismaelcolosi.com.br","date":"18 de December de 2024","format":false,"excerpt":"An\u00fancios CONTRATA-SE GERENTE DE QUIOSQUE Empregos - - 17\/12\/2024 Para o Ribeir\u00e3o Shopping. Sua miss\u00e3o \u00e9 planejar estrat\u00e9gias de vendas, dar suporte no atendimento personalizado aos clientes, bem como a coleta de indicadores do mercado consumidor e gest\u00e3o de metas da equipe. Exige-se: Ensino m\u00e9dio completo; Experi\u00ea... CONTRATA-SE LAVADOR DE\u2026","rel":"","context":"In &quot;Vagas de Emprego em Ribeir\u00e3o Preto-SP&quot;","block_context":{"text":"Vagas de Emprego em Ribeir\u00e3o Preto-SP","link":"https:\/\/ismaelcolosi.com.br\/index.php\/category\/empregos-classificados-vagas-trabalho\/vagas-de-empregos-em-ribeirao-preto-regiao-brasil\/"},"img":{"alt_text":"CONTRATA-SE GERENTE DE QUIOSQUE","src":"https:\/\/i0.wp.com\/tribunaribeirao.com.br\/classificadostribuna\/oc-content\/uploads\/44\/4961_thumbnail.jpg?resize=350%2C200&ssl=1","width":350,"height":200},"classes":[]},{"id":84341,"url":"https:\/\/ismaelcolosi.com.br\/index.php\/2025\/04\/07\/contrata-se-lavador-e-acabador-de-veiculos\/","url_meta":{"origin":78701,"position":2},"title":"CONTRATA-SE LAVADOR E ACABADOR DE VE\u00cdCULOS","author":"ismaelcolosi.com.br","date":"7 de April de 2025","format":false,"excerpt":"An\u00fancios CONTRATA-SE FRITADOR P\/ FRITADEIRA INDUSTRIAL Empregos - - 07\/04\/2025 Pesqueiro do Eduardo precisa-se com urg\u00eancia de colaboradores que tenha experi\u00eancia em frituras em geral com fritadeira industrial e tenha disponibilidade para trabalhar finais de semana e feriados das 11H00 da manh\u00e3 \u00e0s 17h30. Tratar WhatsApp (16) 99... CONTRATA-SE OPERADOR\u2026","rel":"","context":"In &quot;Vagas de Emprego em Ribeir\u00e3o Preto-SP&quot;","block_context":{"text":"Vagas de Emprego em Ribeir\u00e3o Preto-SP","link":"https:\/\/ismaelcolosi.com.br\/index.php\/category\/empregos-classificados-vagas-trabalho\/vagas-de-empregos-em-ribeirao-preto-regiao-brasil\/"},"img":{"alt_text":"CONTRATA-SE LAVADOR E ACABADOR DE VE\u00cdCULOS","src":"https:\/\/i0.wp.com\/tribunaribeirao.com.br\/classificadostribuna\/oc-content\/uploads\/47\/5306_thumbnail.jpg?resize=350%2C200&ssl=1","width":350,"height":200},"classes":[]},{"id":89884,"url":"https:\/\/ismaelcolosi.com.br\/index.php\/2026\/04\/17\/contrata-se-diarista-2\/","url_meta":{"origin":78701,"position":3},"title":"CONTRATA-SE DIARISTA","author":"ismaelcolosi.com.br","date":"17 de April de 2026","format":false,"excerpt":"An\u00fancios CONTRATA-SE DIARISTA Empregos - - 05\/03\/2026 Com Refer\u00eancia. Casa Familiar. Local: Ribeir\u00e3o Preto-SP. Informa\u00e7\u00f5es: (16) 99730.0344. \u00a0 CONTRATA-SE FAXINEIRA Empregos - - 11\/03\/2026 Preciso \u00a0uma vez por semana de prefer\u00eancia sexta-feira e que tenha refer\u00eancias. Tratar pelo telefone (16) 3625-7822 - L\u00e9a\u00a0 CONTRATA-SE ATENDENTE DE LANCHONETE Empregos - Ribeir\u00e3o\u2026","rel":"","context":"In &quot;Vagas de Emprego em Ribeir\u00e3o Preto-SP&quot;","block_context":{"text":"Vagas de Emprego em Ribeir\u00e3o Preto-SP","link":"https:\/\/ismaelcolosi.com.br\/index.php\/category\/empregos-classificados-vagas-trabalho\/vagas-de-empregos-em-ribeirao-preto-regiao-brasil\/"},"img":{"alt_text":"CONTRATA-SE DIARISTA","src":"https:\/\/i0.wp.com\/tribunaribeirao.com.br\/classificadostribuna\/oc-content\/uploads\/55\/6310_thumbnail.jpg?resize=350%2C200&ssl=1","width":350,"height":200},"classes":[]},{"id":90068,"url":"https:\/\/ismaelcolosi.com.br\/index.php\/2026\/04\/27\/contrata-se-diarista-3\/","url_meta":{"origin":78701,"position":4},"title":"CONTRATA-SE DIARISTA","author":"ismaelcolosi.com.br","date":"27 de April de 2026","format":false,"excerpt":"An\u00fancios CONTRATA-SE DIARISTA Empregos - - 05\/03\/2026 Com Refer\u00eancia. Casa Familiar. Local: Ribeir\u00e3o Preto-SP. Informa\u00e7\u00f5es: (16) 99730.0344. \u00a0 CONTRATA-SE FAXINEIRA Empregos - - 11\/03\/2026 Preciso \u00a0uma vez por semana de prefer\u00eancia sexta-feira e que tenha refer\u00eancias. Tratar pelo telefone (16) 3625-7822 - L\u00e9a\u00a0 CONTRATA-SE ATENDENTE DE LANCHONETE Empregos - Ribeir\u00e3o\u2026","rel":"","context":"In &quot;Vagas de Emprego em Ribeir\u00e3o Preto-SP&quot;","block_context":{"text":"Vagas de Emprego em Ribeir\u00e3o Preto-SP","link":"https:\/\/ismaelcolosi.com.br\/index.php\/category\/empregos-classificados-vagas-trabalho\/vagas-de-empregos-em-ribeirao-preto-regiao-brasil\/"},"img":{"alt_text":"CONTRATA-SE DIARISTA","src":"https:\/\/i0.wp.com\/tribunaribeirao.com.br\/classificadostribuna\/oc-content\/uploads\/55\/6310_thumbnail.jpg?resize=350%2C200&ssl=1","width":350,"height":200},"classes":[]},{"id":84107,"url":"https:\/\/ismaelcolosi.com.br\/index.php\/2025\/03\/28\/contrata-se-motorista-tuk-tuk\/","url_meta":{"origin":78701,"position":5},"title":"CONTRATA-SE MOTORISTA TUK TUK","author":"ismaelcolosi.com.br","date":"28 de March de 2025","format":false,"excerpt":"An\u00fancios CONTRATA-SE MOTORISTA TUK TUK Empregos - - 27\/03\/2025 Estre Ambiental CONTRATA ambos os sexos para o cargo de motorista tuk tuk para realizar a coleta, transporte, acondicionamento e destina\u00e7\u00e3o do res\u00edduo coletado. Sal\u00e1rio a combinar + insalubridade + conv\u00eanio sa\u00fade e odontol\u00f3gico + vale alimenta\u00e7\u00e3o + v... CONTRATA-SE OPERADOR\u2026","rel":"","context":"In &quot;Vagas de Emprego em Ribeir\u00e3o Preto-SP&quot;","block_context":{"text":"Vagas de Emprego em Ribeir\u00e3o Preto-SP","link":"https:\/\/ismaelcolosi.com.br\/index.php\/category\/empregos-classificados-vagas-trabalho\/vagas-de-empregos-em-ribeirao-preto-regiao-brasil\/"},"img":{"alt_text":"CONTRATA-SE MOTORISTA TUK TUK","src":"https:\/\/i0.wp.com\/tribunaribeirao.com.br\/classificadostribuna\/oc-content\/uploads\/46\/5272_thumbnail.jpg?resize=350%2C200&ssl=1","width":350,"height":200},"classes":[]}],"jetpack_sharing_enabled":true,"jetpack_shortlink":"https:\/\/wp.me\/pfMlyK-ktn","_links":{"self":[{"href":"https:\/\/ismaelcolosi.com.br\/index.php\/wp-json\/wp\/v2\/posts\/78701","targetHints":{"allow":["GET"]}}],"collection":[{"href":"https:\/\/ismaelcolosi.com.br\/index.php\/wp-json\/wp\/v2\/posts"}],"about":[{"href":"https:\/\/ismaelcolosi.com.br\/index.php\/wp-json\/wp\/v2\/types\/post"}],"author":[{"embeddable":true,"href":"https:\/\/ismaelcolosi.com.br\/index.php\/wp-json\/wp\/v2\/users\/1"}],"replies":[{"embeddable":true,"href":"https:\/\/ismaelcolosi.com.br\/index.php\/wp-json\/wp\/v2\/comments?post=78701"}],"version-history":[{"count":0,"href":"https:\/\/ismaelcolosi.com.br\/index.php\/wp-json\/wp\/v2\/posts\/78701\/revisions"}],"wp:featuredmedia":[{"embeddable":true,"href":"https:\/\/ismaelcolosi.com.br\/index.php\/wp-json\/wp\/v2\/media\/78702"}],"wp:attachment":[{"href":"https:\/\/ismaelcolosi.com.br\/index.php\/wp-json\/wp\/v2\/media?parent=78701"}],"wp:term":[{"taxonomy":"category","embeddable":true,"href":"https:\/\/ismaelcolosi.com.br\/index.php\/wp-json\/wp\/v2\/categories?post=78701"},{"taxonomy":"post_tag","embeddable":true,"href":"https:\/\/ismaelcolosi.com.br\/index.php\/wp-json\/wp\/v2\/tags?post=78701"}],"curies":[{"name":"wp","href":"https:\/\/api.w.org\/{rel}","templated":true}]}}