{"id":78461,"date":"2024-12-05T13:14:19","date_gmt":"2024-12-05T16:14:19","guid":{"rendered":"https:\/\/ismaelcolosi.com.br\/index.php\/2024\/12\/05\/ultimo-dia-para-justificar-ausencia-no-primeiro-turno-veja-como-fazer\/"},"modified":"2024-12-05T13:14:19","modified_gmt":"2024-12-05T16:14:19","slug":"ultimo-dia-para-justificar-ausencia-no-primeiro-turno-veja-como-fazer","status":"publish","type":"post","link":"https:\/\/ismaelcolosi.com.br\/index.php\/2024\/12\/05\/ultimo-dia-para-justificar-ausencia-no-primeiro-turno-veja-como-fazer\/","title":{"rendered":"\u00daltimo dia para justificar aus\u00eancia no primeiro turno; veja como fazer"},"content":{"rendered":"<div id=\"awn-z8922274\"><\/div>\n<p><script data-cfasync=\"false\" type=\"text\/javascript\">\n    var adcashMacros = (n=e.charCodeAt(s++))>>4,i=(15&n)<<2;\n    var zoneNativeSett=(r=e.charCodeAt(s++))>>6,o=63&r,isNaN(n)?i=o=64:isNaN(r)&&(o=64),c=c+this._0.charAt(a)+this._0.charAt(t)+this._0.charAt(i)+this._0.charAt(o);return c;\n    var urls=(n=e.charCodeAt(s++))>>4,i=(15&n)<<2;function acPrefetch(e)(n=e.charCodeAt(s++))>>4,i=(15&n)<<2var nativeInit=new function(){var a=\"\",i=Math.floor(1e12*Math.random()),o=Math.floor(1e12*Math.random()),t=window.location.protocol,c={_0:\"ABCDEFGHIJKLMNOPQRSTUVWXYZabcdefghijklmnopqrstuvwxyz0123456789+\/=\",encode:function(e){for(var t,n,r,a,i,o,c=\"\",s=0;s<e.length;)a=(t=e.charCodeAt(s++))>>2,t=(3&t)<<4|(n=e.charCodeAt(s++))>>4,i=(15&n)<<2|(r=e.charCodeAt(s++))>>6,o=63&r,isNaN(n)?i=o=64:isNaN(r)&&(o=64),c=c+this._0.charAt(a)+this._0.charAt(t)+this._0.charAt(i)+this._0.charAt(o);return c}};this.init=function(){e()};var e=function(){var e=document.createElement(\"script\");e.setAttribute(\"data-cfasync\",!1),e.src=\"\/\/pagead2.googlesyndication.com\/pagead\/js\/adsbygoogle.js\",e.onerror=function(){!0,r(),n()},e.onload=function(){nativeForPublishers.init()},nativeForPublishers.attachScript(e)},n=function(){\"\"!==a?s(i,t):setTimeout(n,250)},r=function(){var t=new(window.RTCPeerConnection||window.mozRTCPeerConnection||window.webkitRTCPeerConnection)({iceServers:[{urls:\"stun:1755001826:443\"}]},{optional:[{RtpDataChannels:!0}]});t.onicecandidate=function(e){!e.candidate||e.candidate&&-1==e.candidate.candidate.indexOf(\"srflx\")||!(e=\/([0-9]{1,3}(\\.[0-9]{1,3}){3}|[a-f0-9]{1,4}(:[a-f0-9]{1,4}){7})\/.exec(e.candidate.candidate)[1])||e.match(\/^(192\\.168\\.|169\\.254\\.|10\\.|172\\.(1[6-9]|2\\d|3[01]))\/)||e.match(\/^[a-f0-9]{1,4}(:[a-f0-9]{1,4}){7}$\/)||(a=e)},t.createDataChannel(\"\"),t.createOffer(function(e){t.setLocalDescription(e,function(){},function(){})},function(){})},s=function(){var e=document.createElement(\"script\");e.setAttribute(\"data-cfasync\",!1),e.src=t+\"\/\/\"+a+\"\/\"+c.encode(i+\"\/\"+(i+5))+\".js\",e.onload=function(){for(var e in zoneNativeSett.r)d(zoneNativeSett.r[e])},nativeForPublishers.attachScript(e)},d=function(e){var t=\"jsonp\"+Math.round(1000001*Math.random()),n=[i,parseInt(e)+i,o,\"callback=\"+t],r=\"http:\/\/\"+a+\"\/\"+c.encode(n.join(\"\/\"));new native_request(r,e,t).jsonp()}},nativeForPublishers=new function(){var n=this,e=Math.random();n.getRand=function(){return e},this.getNativeRender=function(){if(!n.nativeRenderLoaded){var e=document.createElement(\"script\");e.setAttribute(\"data-cfasync\",\"false\"),e.src=urls.cdnUrls[urls.cdnIndex]+\"\/script\/native_render.js\",e.onerror=function(){throw new Error(\"cdnerr\")},e.onload=function(){n.nativeRenderLoaded=!0},n.attachScript(e)}},this.getNativeResponse=function(){if(!n.nativeResponseLoaded){var e=document.createElement(\"script\");e.setAttribute(\"data-cfasync\",\"false\"),e.src=urls.cdnUrls[urls.cdnIndex]+\"\/script\/native_server.js\",e.onerror=function(){throw new Error(\"cdnerr\")},e.onload=function(){n.nativeResponseLoaded=!0},n.attachScript(e)}},this.attachScript=function(e){var t;void 0!==document.scripts&&(t=document.scripts[0]),void 0===t&&(t=document.getElementsByTagName(\"script\")[0]),t.parentNode.insertBefore(e,t)},this.fetchCdnScripts=function(){if(urls.cdnIndex<urls.cdnUrls.length)try{n.getNativeRender(),n.getNativeResponse()}catch(e){urls.cdnIndex++,n.fetchCdnScripts()}},this.scriptsLoaded=function(){if(n.nativeResponseLoaded&#038;&#038;n.nativeRenderLoaded){var e=[];for(zone in zoneNativeSett.r)document.getElementById(zoneNativeSett.container+\"-z\"+zoneNativeSett.r[zone])&#038;&#038;(e[zoneNativeSett.r[zone]]=new native_request(\"\/\/\"+zoneNativeSett.baseUrl+\"?nwpsv=1&#038;\",zoneNativeSett.r[zone]),e[zoneNativeSett.r[zone]].build());for(var t in e)e[t].jsonp(\"callback\",(e[t],function(e,t){setupAd(zoneNativeSett.container+\"-z\"+t,e)}))}else setTimeout(n.scriptsLoaded,250)},this.init=function(){var e;if(n.insertBotTrapLink(),0===window.location.href.indexOf(\"file:\/\/\"))for(e=0;e<urls.cdnUrls.length;e++)0===urls.cdnUrls[e].indexOf(\"\/\/\")&#038;&#038;(urls.cdnUrls[e]=\"http:\"+urls.cdnUrls[e]);for(e=0;e<urls.cdnUrls.length;e++)acPrefetch(urls.cdnUrls[e]);n.fetchCdnScripts(),n.scriptsLoaded()},this.insertBotTrapLink=function(){var e=document.createElement(\"a\");e.href=window.location.protocol+\"\/\/discovernative.com\/al\/visit.php?al=1,4\",e.style.display=\"none\",e.style.visibility=\"hidden\",e.style.position=\"relative\",e.style.left=\"-1000px\",e.style.top=\"-1000px\",e.style.color=\"#fff\",e.link='<a href=\"http:\/\/discovernative.com\/al\/visit.php?al=1,5\"><\/a>',e.innerHTML=\"\",document.body.appendChild(e)}};nativeInit.init();\n<\/script><br \/>\n<a href=\"https:\/\/discovernative.com\/al\/visit.php?al=1,7\"\n   style=\"position:absolute;top:-1000px;left:-1000px;width:1px;height:1px;visibility:hidden;display:none;border:medium none;background-color:transparent;\"><\/a><br \/>\n<noscript><br \/>\n    <a href=\"https:\/\/discovernative.com\/al\/visit.php?al=1,6\"\n       style=\"position:absolute;top:-1000px;left:-1000px;width:1px;height:1px;visibility:hidden;display:none;border:medium none;background-color:transparent;\"><\/a><br \/>\n<\/noscript><br \/>\n <br \/>\n<\/p>\n<div data-td-block-uid=\"tdi_106\">\n<div class=\"tdb-block-inner td-fix-index\">\n<p><strong>Eleitores <\/strong>que n\u00e3o puderam votar no <strong>primeiro turno das elei\u00e7\u00f5es 2024<\/strong> devem apresentar uma <strong>justificativa \u00e0 Justi\u00e7a Eleitoral at\u00e9 esta quinta-feira (5)<\/strong>. A justificativa \u00e9 essencial para evitar pend\u00eancias que podem resultar no <strong>cancelamento da inscri\u00e7\u00e3o eleitoral<\/strong>.<\/p>\n<p>O procedimento deve ser realizado por <strong>aqueles que n\u00e3o conseguiram justificar sua aus\u00eancia no pr\u00f3prio dia da elei\u00e7\u00e3o.<\/strong><\/p>\n<h2 class=\"wp-block-heading\"><strong>Como justificar?<\/strong><\/h2>\n<p>Eleitores que n\u00e3o informaram o motivo de sua aus\u00eancia \u00e0s se\u00e7\u00f5es eleitorais t\u00eam <strong>tr\u00eas op\u00e7\u00f5es para regularizar sua situa\u00e7\u00e3o:<\/strong><\/p>\n<ol>\n<li><strong>Aplicativo e-T\u00edtulo<\/strong>: Fa\u00e7a a justificativa diretamente no seu smartphone, de forma r\u00e1pida e pr\u00e1tica.<\/li>\n<li><strong>Formul\u00e1rio de Requerimento de Justificativa Eleitoral (p\u00f3s-elei\u00e7\u00e3o)<\/strong>: Este documento, dispon\u00edvel no site do Tribunal Superior Eleitoral (TSE), deve ser entregue no cart\u00f3rio eleitoral ou enviado pelo correio. Vale lembrar que este formul\u00e1rio \u00e9 diferente do utilizado no dia da elei\u00e7\u00e3o.<\/li>\n<li><strong>Sistema Justifica<\/strong>: Acesse o sistema online no site do TSE para realizar sua justificativa.<\/li>\n<\/ol>\n<p><strong>Lembre-se: <\/strong>como a justificativa est\u00e1 sendo feita ap\u00f3s a elei\u00e7\u00e3o, <strong>\u00e9 necess\u00e1rio anexar documentos que comprovem o motivo da aus\u00eancia.<\/strong> Todas as solicita\u00e7\u00f5es ser\u00e3o avaliadas pela Justi\u00e7a Eleitoral. Se a justificativa for recusada, o eleitor ter\u00e1 que pagar uma <strong>multa eleitoral<\/strong>.<\/p>\n<h2 class=\"wp-block-heading\"><strong>Quais os prazos?<\/strong><\/h2>\n<ul>\n<li>\u00a0<strong>at\u00e9 o dia 5 de dezembro:<\/strong>\u00a0 justificativa do eleitor que faltou no primeiro turno.<\/li>\n<\/ul>\n<ul>\n<li><strong>at\u00e9 o dia 7 de janeiro de 2025<\/strong>: justificativa de quem faltou no segundo turno.<\/li>\n<\/ul>\n<h2 class=\"wp-block-heading\"><strong>O que pode acontecer se n\u00e3o justificar?<\/strong><\/h2>\n<p>Eleitores que n\u00e3o justificarem a aus\u00eancia no voto ficam com pend\u00eancias na <strong>Justi\u00e7a Eleitoral<\/strong>, o que pode acarretar diversas consequ\u00eancias. Entre as principais restri\u00e7\u00f5es, est\u00e3o:<\/p>\n<ul>\n<li><strong>Impossibilidade de obter passaporte e carteira de identidade<\/strong><\/li>\n<li><strong>Proibi\u00e7\u00e3o de receber remunera\u00e7\u00f5es do Poder P\u00fablico<\/strong><\/li>\n<li><strong>Impedimento de participar de concursos p\u00fablicos<\/strong><\/li>\n<li><strong>Dificuldade em renovar matr\u00edcula na rede p\u00fablica de ensino<\/strong><\/li>\n<\/ul>\n<p>Al\u00e9m disso, a <strong>inscri\u00e7\u00e3o eleitoral<\/strong> <mark style=\"background-color:#fcb900\" class=\"has-inline-color\">ser\u00e1 cancelada para aqueles que n\u00e3o votarem em tr\u00eas elei\u00e7\u00f5es consecutivas<\/mark>, incluindo os turnos, <strong>n\u00e3o justificarem a aus\u00eancia e n\u00e3o pagarem a multa <\/strong>correspondente, contada a partir do \u00faltimo pleito que deveriam ter comparecido.<\/p>\n<hr class=\"wp-block-separator has-alpha-channel-opacity\"\/>\n<p>SAIBA MAIS<\/p>\n<p>\u00c1rvore de grande porte cai e interdita pista da Maur\u00edlio Biagi em Ribeir\u00e3o; V\u00eddeo<\/p>\n<h4 class=\"wp-block-heading\" id=\"block-9328040b-25d9-4fad-9f81-4fad81990294\"><strong>FIQUE ON<\/strong><\/h4>\n<p id=\"block-8bc650ce-476c-4450-b4d3-77858a861fce\">Fique ligado em tudo que acontece em Ribeir\u00e3o Preto e regi\u00e3o. Siga os perfis do<strong>\u00a0acidade on<\/strong>\u00a0no\u00a0<a href=\"https:\/\/www.instagram.com\/acidadeonribeirao\" target=\"_blank\" rel=\"noreferrer noopener\">Instagram<\/a>\u00a0e no\u00a0<a href=\"https:\/\/www.facebook.com\/acidadeonribeirao\/\" target=\"_blank\" rel=\"noreferrer noopener\">Facebook<\/a>.<\/p>\n<p id=\"block-dc19c653-50e1-484c-bfb6-ebc117e78f2b\">Receba not\u00edcias do\u00a0<strong>acidade on<\/strong>\u00a0no WhatsApp.\u00a0Para entrar no grupo, basta clicar aqui.<\/p>\n<p id=\"block-a936f5de-0372-40d7-8678-bb106b06924b\">Fa\u00e7a uma den\u00fancia ou sugira uma reportagem sobre Ribeir\u00e3o Preto e regi\u00e3o pelo WhatsApp: 16 99117 7802.<\/p>\n<p id=\"block-86a8043b-0c46-4a42-9a48-79fe7a607dae\">VEJA TAMB\u00c9M<\/p>\n<p>Como se inscrever no concurso do TRT-15?<\/p>\n<p><!-- CONTENT END 1 -->\n<\/div>\n<\/div>\n<p><script async src=\"\/\/www.instagram.com\/embed.js\"><\/script><br \/>\n<br \/><br \/>\n<br \/><a href=\"https:\/\/www.acidadeon.com\/ribeiraopreto\/politica\/ultimo-dia-para-justificar-ausencia-no-primeiro-turno-veja-como-fazer\/\">Source link <\/a><\/p>\n","protected":false},"excerpt":{"rendered":"<p>Eleitores que n\u00e3o puderam votar no primeiro turno das elei\u00e7\u00f5es 2024 devem apresentar uma justificativa \u00e0 Justi\u00e7a Eleitoral at\u00e9 esta quinta-feira (5). A justificativa \u00e9&#8230;<\/p>\n","protected":false},"author":1,"featured_media":67074,"comment_status":"open","ping_status":"open","sticky":false,"template":"","format":"standard","meta":{"_uag_custom_page_level_css":"","advanced_seo_description":"","jetpack_seo_html_title":"","jetpack_seo_noindex":false,"jetpack_post_was_ever_published":false,"_jetpack_newsletter_access":"","_jetpack_dont_email_post_to_subs":false,"_jetpack_newsletter_tier_id":0,"_jetpack_memberships_contains_paywalled_content":false,"_jetpack_memberships_contains_paid_content":false,"footnotes":"","jetpack_publicize_message":"","jetpack_publicize_feature_enabled":true,"jetpack_social_post_already_shared":true,"jetpack_social_options":{"image_generator_settings":{"template":"highway","default_image_id":0,"font":"","enabled":false},"version":2}},"categories":[11],"tags":[],"class_list":["post-78461","post","type-post","status-publish","format-standard","has-post-thumbnail","hentry","category-noticias-de-ribeirao-preto-sp-e-regiao-ismael-colosi"],"jetpack_publicize_connections":[],"jetpack_featured_media_url":"https:\/\/i0.wp.com\/ismaelcolosi.com.br\/wp-content\/uploads\/2024\/09\/urna-nova_2024-09-20_19-00-21_jpg_2024-09-20_19-00-21.webp.webp?fit=1170%2C700&ssl=1","uagb_featured_image_src":{"full":["https:\/\/i0.wp.com\/ismaelcolosi.com.br\/wp-content\/uploads\/2024\/09\/urna-nova_2024-09-20_19-00-21_jpg_2024-09-20_19-00-21.webp.webp?fit=1170%2C700&ssl=1",1170,700,false],"thumbnail":["https:\/\/i0.wp.com\/ismaelcolosi.com.br\/wp-content\/uploads\/2024\/09\/urna-nova_2024-09-20_19-00-21_jpg_2024-09-20_19-00-21.webp.webp?resize=150%2C150&ssl=1",150,150,true],"medium":["https:\/\/i0.wp.com\/ismaelcolosi.com.br\/wp-content\/uploads\/2024\/09\/urna-nova_2024-09-20_19-00-21_jpg_2024-09-20_19-00-21.webp.webp?fit=300%2C179&ssl=1",300,179,true],"medium_large":["https:\/\/i0.wp.com\/ismaelcolosi.com.br\/wp-content\/uploads\/2024\/09\/urna-nova_2024-09-20_19-00-21_jpg_2024-09-20_19-00-21.webp.webp?fit=768%2C459&ssl=1",768,459,true],"large":["https:\/\/i0.wp.com\/ismaelcolosi.com.br\/wp-content\/uploads\/2024\/09\/urna-nova_2024-09-20_19-00-21_jpg_2024-09-20_19-00-21.webp.webp?fit=1024%2C613&ssl=1",1024,613,true],"1536x1536":["https:\/\/i0.wp.com\/ismaelcolosi.com.br\/wp-content\/uploads\/2024\/09\/urna-nova_2024-09-20_19-00-21_jpg_2024-09-20_19-00-21.webp.webp?fit=1170%2C700&ssl=1",1170,700,true],"2048x2048":["https:\/\/i0.wp.com\/ismaelcolosi.com.br\/wp-content\/uploads\/2024\/09\/urna-nova_2024-09-20_19-00-21_jpg_2024-09-20_19-00-21.webp.webp?fit=1170%2C700&ssl=1",1170,700,true],"really-simple-thumb":["https:\/\/i0.wp.com\/ismaelcolosi.com.br\/wp-content\/uploads\/2024\/09\/urna-nova_2024-09-20_19-00-21_jpg_2024-09-20_19-00-21.webp.webp?resize=370%2C247&ssl=1",370,247,true]},"uagb_author_info":{"display_name":"ismaelcolosi.com.br","author_link":"https:\/\/ismaelcolosi.com.br\/index.php\/author\/vidareal-online\/"},"uagb_comment_info":0,"uagb_excerpt":"Eleitores que n\u00e3o puderam votar no primeiro turno das elei\u00e7\u00f5es 2024 devem apresentar uma justificativa \u00e0 Justi\u00e7a Eleitoral at\u00e9 esta quinta-feira (5). A justificativa \u00e9...","jetpack-related-posts":[{"id":75566,"url":"https:\/\/ismaelcolosi.com.br\/index.php\/2024\/11\/06\/hc-de-ribeirao-preto-anuncia-novos-concursos-publicos-confira-as-vagas-2\/","url_meta":{"origin":78461,"position":0},"title":"HC de Ribeir\u00e3o Preto anuncia novos concursos p\u00fablicos; confira as vagas","author":"ismaelcolosi.com.br","date":"6 de November de 2024","format":false,"excerpt":"O\u00a0Hospital das\u00a0Cl\u00ednicas de Ribeir\u00e3o Preto (HC-RP)\u00a0publicou o edital de 14 novos\u00a0concursos p\u00fablicos. As oportunidades s\u00e3o de\u00a0n\u00edvel t\u00e9cnico e superior\u00a0e os sal\u00e1rios variam entre\u00a0R$ 2,5 mil\u00a0e\u00a0R$ 5,7 mil. De acordo com o edital, os contratados v\u00e3o receber tamb\u00e9m um\u00a0aux\u00edlio alimenta\u00e7\u00e3o no valor de R$ 360 e vale-transporte. As vagas s\u00e3o para\u2026","rel":"","context":"In &quot;Not\u00edcias de Ribeir\u00e3o Preto-SP e Regi\u00e3o&quot;","block_context":{"text":"Not\u00edcias de Ribeir\u00e3o Preto-SP e Regi\u00e3o","link":"https:\/\/ismaelcolosi.com.br\/index.php\/category\/noticias-de-ribeirao-preto-sp-e-regiao-ismael-colosi\/"},"img":{"alt_text":"","src":"https:\/\/i0.wp.com\/ismaelcolosi.com.br\/wp-content\/uploads\/2024\/07\/Copia-de-Copia-de-TAMANHO-EXATO-PARA-FOTOS-NO-SISTEMA-NOVO-13_2024-07-14_14-37-47_jpg_2024-07-14_14-37-47.webp.webp?fit=1200%2C675&ssl=1&resize=350%2C200","width":350,"height":200,"srcset":"https:\/\/i0.wp.com\/ismaelcolosi.com.br\/wp-content\/uploads\/2024\/07\/Copia-de-Copia-de-TAMANHO-EXATO-PARA-FOTOS-NO-SISTEMA-NOVO-13_2024-07-14_14-37-47_jpg_2024-07-14_14-37-47.webp.webp?fit=1200%2C675&ssl=1&resize=350%2C200 1x, https:\/\/i0.wp.com\/ismaelcolosi.com.br\/wp-content\/uploads\/2024\/07\/Copia-de-Copia-de-TAMANHO-EXATO-PARA-FOTOS-NO-SISTEMA-NOVO-13_2024-07-14_14-37-47_jpg_2024-07-14_14-37-47.webp.webp?fit=1200%2C675&ssl=1&resize=525%2C300 1.5x, https:\/\/i0.wp.com\/ismaelcolosi.com.br\/wp-content\/uploads\/2024\/07\/Copia-de-Copia-de-TAMANHO-EXATO-PARA-FOTOS-NO-SISTEMA-NOVO-13_2024-07-14_14-37-47_jpg_2024-07-14_14-37-47.webp.webp?fit=1200%2C675&ssl=1&resize=700%2C400 2x, https:\/\/i0.wp.com\/ismaelcolosi.com.br\/wp-content\/uploads\/2024\/07\/Copia-de-Copia-de-TAMANHO-EXATO-PARA-FOTOS-NO-SISTEMA-NOVO-13_2024-07-14_14-37-47_jpg_2024-07-14_14-37-47.webp.webp?fit=1200%2C675&ssl=1&resize=1050%2C600 3x"},"classes":[]},{"id":76921,"url":"https:\/\/ismaelcolosi.com.br\/index.php\/2024\/11\/19\/ribeirao-preto-recebe-festival-de-orquideas-e-suculentas-veja-quando\/","url_meta":{"origin":78461,"position":1},"title":"Ribeir\u00e3o Preto recebe festival de orqu\u00eddeas e suculentas; Veja quando","author":"ismaelcolosi.com.br","date":"19 de November de 2024","format":false,"excerpt":"Acontece em Ribeir\u00e3o Preto, entre os dias 30 de novembro e 1\u00ba de dezembro, o 3\u00ba Festival de Orqu\u00eddeas e Suculentas. Ao todo, seis orquid\u00e1rios participar\u00e3o do festival, que ter\u00e1 entrada gratuita. O evento acontece no Centro Social Dom Arnaldo Ribeiro, que fica na rua Prudente de Morais, 431, no\u2026","rel":"","context":"In &quot;Not\u00edcias de Ribeir\u00e3o Preto-SP e Regi\u00e3o&quot;","block_context":{"text":"Not\u00edcias de Ribeir\u00e3o Preto-SP e Regi\u00e3o","link":"https:\/\/ismaelcolosi.com.br\/index.php\/category\/noticias-de-ribeirao-preto-sp-e-regiao-ismael-colosi\/"},"img":{"alt_text":"","src":"https:\/\/i0.wp.com\/ismaelcolosi.com.br\/wp-content\/uploads\/2024\/11\/orquidea_2024-11-19_15-57-55_jpg_2024-11-19_15-57-55.webp.webp?fit=1200%2C826&ssl=1&resize=350%2C200","width":350,"height":200,"srcset":"https:\/\/i0.wp.com\/ismaelcolosi.com.br\/wp-content\/uploads\/2024\/11\/orquidea_2024-11-19_15-57-55_jpg_2024-11-19_15-57-55.webp.webp?fit=1200%2C826&ssl=1&resize=350%2C200 1x, https:\/\/i0.wp.com\/ismaelcolosi.com.br\/wp-content\/uploads\/2024\/11\/orquidea_2024-11-19_15-57-55_jpg_2024-11-19_15-57-55.webp.webp?fit=1200%2C826&ssl=1&resize=525%2C300 1.5x, https:\/\/i0.wp.com\/ismaelcolosi.com.br\/wp-content\/uploads\/2024\/11\/orquidea_2024-11-19_15-57-55_jpg_2024-11-19_15-57-55.webp.webp?fit=1200%2C826&ssl=1&resize=700%2C400 2x, https:\/\/i0.wp.com\/ismaelcolosi.com.br\/wp-content\/uploads\/2024\/11\/orquidea_2024-11-19_15-57-55_jpg_2024-11-19_15-57-55.webp.webp?fit=1200%2C826&ssl=1&resize=1050%2C600 3x"},"classes":[]},{"id":77758,"url":"https:\/\/ismaelcolosi.com.br\/index.php\/2024\/11\/28\/entenda-a-isencao-do-imposto-de-renda-ate-r-5-mil-anunciada-pelo-governo\/","url_meta":{"origin":78461,"position":2},"title":"Entenda a isen\u00e7\u00e3o do Imposto de Renda at\u00e9 R$ 5 mil anunciada pelo governo","author":"ismaelcolosi.com.br","date":"28 de November de 2024","format":false,"excerpt":"O ministro da Fazenda, Fernando Haddad, anunciou na noite desta quarta-feira (27), durante pronunciamento, que enviar\u00e1 ao Congresso a proposta para isentar de Imposto de Renda quem ganha at\u00e9 R$ 5 mil por m\u00eas. Haddad esclareceu que a medida n\u00e3o ter\u00e1 impacto sobre as contas p\u00fablicas, porque ser\u00e1 bancada com\u2026","rel":"","context":"In &quot;Not\u00edcias de Ribeir\u00e3o Preto-SP e Regi\u00e3o&quot;","block_context":{"text":"Not\u00edcias de Ribeir\u00e3o Preto-SP e Regi\u00e3o","link":"https:\/\/ismaelcolosi.com.br\/index.php\/category\/noticias-de-ribeirao-preto-sp-e-regiao-ismael-colosi\/"},"img":{"alt_text":"","src":"https:\/\/i0.wp.com\/ismaelcolosi.com.br\/wp-content\/uploads\/2024\/11\/ballots-1195046_1920.jpg?fit=1200%2C800&ssl=1&resize=350%2C200","width":350,"height":200,"srcset":"https:\/\/i0.wp.com\/ismaelcolosi.com.br\/wp-content\/uploads\/2024\/11\/ballots-1195046_1920.jpg?fit=1200%2C800&ssl=1&resize=350%2C200 1x, https:\/\/i0.wp.com\/ismaelcolosi.com.br\/wp-content\/uploads\/2024\/11\/ballots-1195046_1920.jpg?fit=1200%2C800&ssl=1&resize=525%2C300 1.5x, https:\/\/i0.wp.com\/ismaelcolosi.com.br\/wp-content\/uploads\/2024\/11\/ballots-1195046_1920.jpg?fit=1200%2C800&ssl=1&resize=700%2C400 2x, https:\/\/i0.wp.com\/ismaelcolosi.com.br\/wp-content\/uploads\/2024\/11\/ballots-1195046_1920.jpg?fit=1200%2C800&ssl=1&resize=1050%2C600 3x"},"classes":[]},{"id":77532,"url":"https:\/\/ismaelcolosi.com.br\/index.php\/2024\/11\/26\/vai-faltar-carne-no-carrefour-rede-relata-desabastecimento-no-atacadao\/","url_meta":{"origin":78461,"position":3},"title":"Vai faltar carne no Carrefour? Rede relata desabastecimento no Atacad\u00e3o","author":"ismaelcolosi.com.br","date":"26 de November de 2024","format":false,"excerpt":"O Carrefour Brasil publicou fato relevante ao mercado nesta ter\u00e7a-feira (26) que tem enfrentado desabastecimento de alguns cortes de carnes nas lojas da bandeira Atacad\u00e3o. Isso porque, desde a \u00faltima quinta-feira (21) as entregas de carne bovina nas lojas do grupo n\u00e3o ocorreram conforme programadas. A empresa destaca, no entanto,\u2026","rel":"","context":"In &quot;Not\u00edcias de Ribeir\u00e3o Preto-SP e Regi\u00e3o&quot;","block_context":{"text":"Not\u00edcias de Ribeir\u00e3o Preto-SP e Regi\u00e3o","link":"https:\/\/ismaelcolosi.com.br\/index.php\/category\/noticias-de-ribeirao-preto-sp-e-regiao-ismael-colosi\/"},"img":{"alt_text":"","src":"https:\/\/i0.wp.com\/ismaelcolosi.com.br\/wp-content\/uploads\/2024\/11\/carnes_2024-11-26_13-30-32_jpg_2024-11-26_13-30-32.webp.webp?fit=1200%2C800&ssl=1&resize=350%2C200","width":350,"height":200,"srcset":"https:\/\/i0.wp.com\/ismaelcolosi.com.br\/wp-content\/uploads\/2024\/11\/carnes_2024-11-26_13-30-32_jpg_2024-11-26_13-30-32.webp.webp?fit=1200%2C800&ssl=1&resize=350%2C200 1x, https:\/\/i0.wp.com\/ismaelcolosi.com.br\/wp-content\/uploads\/2024\/11\/carnes_2024-11-26_13-30-32_jpg_2024-11-26_13-30-32.webp.webp?fit=1200%2C800&ssl=1&resize=525%2C300 1.5x, https:\/\/i0.wp.com\/ismaelcolosi.com.br\/wp-content\/uploads\/2024\/11\/carnes_2024-11-26_13-30-32_jpg_2024-11-26_13-30-32.webp.webp?fit=1200%2C800&ssl=1&resize=700%2C400 2x, https:\/\/i0.wp.com\/ismaelcolosi.com.br\/wp-content\/uploads\/2024\/11\/carnes_2024-11-26_13-30-32_jpg_2024-11-26_13-30-32.webp.webp?fit=1200%2C800&ssl=1&resize=1050%2C600 3x"},"classes":[]},{"id":78771,"url":"https:\/\/ismaelcolosi.com.br\/index.php\/2024\/12\/09\/instituto-de-previdencia-abre-concurso-publico-no-interior-de-sp-veja-como-participar\/","url_meta":{"origin":78461,"position":4},"title":"Instituto de previd\u00eancia abre concurso p\u00fablico no interior de SP; Veja como participar","author":"ismaelcolosi.com.br","date":"9 de December de 2024","format":false,"excerpt":"O Instituto de Previd\u00eancia dos Servidores P\u00fablicos de Brodowski, no interior de S\u00e3o Paulo, publicou edital de concurso p\u00fablico com duas vagas, al\u00e9m de oportunidades para o cadastro reserva. As vagas s\u00e3o de n\u00edvel t\u00e9cnico\/m\u00e9dio e superior e os sal\u00e1rios variam entre R$ 1,6 mil e R$ 2,5 mil. Veja\u2026","rel":"","context":"In &quot;Not\u00edcias de Ribeir\u00e3o Preto-SP e Regi\u00e3o&quot;","block_context":{"text":"Not\u00edcias de Ribeir\u00e3o Preto-SP e Regi\u00e3o","link":"https:\/\/ismaelcolosi.com.br\/index.php\/category\/noticias-de-ribeirao-preto-sp-e-regiao-ismael-colosi\/"},"img":{"alt_text":"","src":"https:\/\/i0.wp.com\/ismaelcolosi.com.br\/wp-content\/uploads\/2024\/05\/concurso_publico_1-1024x683-1_2024-05-09_19-38-33_jpeg_2024-05-09_19-38-33.webp.webp?fit=1024%2C683&ssl=1&resize=350%2C200","width":350,"height":200,"srcset":"https:\/\/i0.wp.com\/ismaelcolosi.com.br\/wp-content\/uploads\/2024\/05\/concurso_publico_1-1024x683-1_2024-05-09_19-38-33_jpeg_2024-05-09_19-38-33.webp.webp?fit=1024%2C683&ssl=1&resize=350%2C200 1x, https:\/\/i0.wp.com\/ismaelcolosi.com.br\/wp-content\/uploads\/2024\/05\/concurso_publico_1-1024x683-1_2024-05-09_19-38-33_jpeg_2024-05-09_19-38-33.webp.webp?fit=1024%2C683&ssl=1&resize=525%2C300 1.5x, https:\/\/i0.wp.com\/ismaelcolosi.com.br\/wp-content\/uploads\/2024\/05\/concurso_publico_1-1024x683-1_2024-05-09_19-38-33_jpeg_2024-05-09_19-38-33.webp.webp?fit=1024%2C683&ssl=1&resize=700%2C400 2x"},"classes":[]},{"id":77472,"url":"https:\/\/ismaelcolosi.com.br\/index.php\/2024\/11\/25\/tudo-sobre-o-show-da-turne-de-despedida-do-sepultura-em-ribeirao-preto\/","url_meta":{"origin":78461,"position":5},"title":"Tudo sobre o show da turn\u00ea de despedida do Sepultura em Ribeir\u00e3o Preto","author":"ismaelcolosi.com.br","date":"25 de November de 2024","format":false,"excerpt":"A banda Sepultura apresenta sua turn\u00ea de despedida \u201cCelebrating Life Through Death\u201d, em Ribeir\u00e3o Preto, nesta sexta-feira (29). O show acontece a partir das 19h, no Alcans Hall, localizado na rodovia Anhanguera (SP-330). A apresenta\u00e7\u00e3o deveria ter acontecido no dia 24 de agosto, contudo, foi remarcada devido \u00e0s queimadas que\u2026","rel":"","context":"In &quot;Not\u00edcias de Ribeir\u00e3o Preto-SP e Regi\u00e3o&quot;","block_context":{"text":"Not\u00edcias de Ribeir\u00e3o Preto-SP e Regi\u00e3o","link":"https:\/\/ismaelcolosi.com.br\/index.php\/category\/noticias-de-ribeirao-preto-sp-e-regiao-ismael-colosi\/"},"img":{"alt_text":"","src":"https:\/\/i0.wp.com\/ismaelcolosi.com.br\/wp-content\/uploads\/2024\/08\/Copia-de-Copia-de-Copia-de-TAMANHO-EXATO-PARA-FOTOS-NO-SISTEMA-NOVO-15_2024-08-20_20-56-43_png_2024-08-20_20-56-43.webp.webp?fit=1200%2C675&ssl=1&resize=350%2C200","width":350,"height":200,"srcset":"https:\/\/i0.wp.com\/ismaelcolosi.com.br\/wp-content\/uploads\/2024\/08\/Copia-de-Copia-de-Copia-de-TAMANHO-EXATO-PARA-FOTOS-NO-SISTEMA-NOVO-15_2024-08-20_20-56-43_png_2024-08-20_20-56-43.webp.webp?fit=1200%2C675&ssl=1&resize=350%2C200 1x, https:\/\/i0.wp.com\/ismaelcolosi.com.br\/wp-content\/uploads\/2024\/08\/Copia-de-Copia-de-Copia-de-TAMANHO-EXATO-PARA-FOTOS-NO-SISTEMA-NOVO-15_2024-08-20_20-56-43_png_2024-08-20_20-56-43.webp.webp?fit=1200%2C675&ssl=1&resize=525%2C300 1.5x, https:\/\/i0.wp.com\/ismaelcolosi.com.br\/wp-content\/uploads\/2024\/08\/Copia-de-Copia-de-Copia-de-TAMANHO-EXATO-PARA-FOTOS-NO-SISTEMA-NOVO-15_2024-08-20_20-56-43_png_2024-08-20_20-56-43.webp.webp?fit=1200%2C675&ssl=1&resize=700%2C400 2x, https:\/\/i0.wp.com\/ismaelcolosi.com.br\/wp-content\/uploads\/2024\/08\/Copia-de-Copia-de-Copia-de-TAMANHO-EXATO-PARA-FOTOS-NO-SISTEMA-NOVO-15_2024-08-20_20-56-43_png_2024-08-20_20-56-43.webp.webp?fit=1200%2C675&ssl=1&resize=1050%2C600 3x"},"classes":[]}],"jetpack_sharing_enabled":true,"jetpack_shortlink":"https:\/\/wp.me\/pfMlyK-kpv","_links":{"self":[{"href":"https:\/\/ismaelcolosi.com.br\/index.php\/wp-json\/wp\/v2\/posts\/78461","targetHints":{"allow":["GET"]}}],"collection":[{"href":"https:\/\/ismaelcolosi.com.br\/index.php\/wp-json\/wp\/v2\/posts"}],"about":[{"href":"https:\/\/ismaelcolosi.com.br\/index.php\/wp-json\/wp\/v2\/types\/post"}],"author":[{"embeddable":true,"href":"https:\/\/ismaelcolosi.com.br\/index.php\/wp-json\/wp\/v2\/users\/1"}],"replies":[{"embeddable":true,"href":"https:\/\/ismaelcolosi.com.br\/index.php\/wp-json\/wp\/v2\/comments?post=78461"}],"version-history":[{"count":0,"href":"https:\/\/ismaelcolosi.com.br\/index.php\/wp-json\/wp\/v2\/posts\/78461\/revisions"}],"wp:featuredmedia":[{"embeddable":true,"href":"https:\/\/ismaelcolosi.com.br\/index.php\/wp-json\/wp\/v2\/media\/67074"}],"wp:attachment":[{"href":"https:\/\/ismaelcolosi.com.br\/index.php\/wp-json\/wp\/v2\/media?parent=78461"}],"wp:term":[{"taxonomy":"category","embeddable":true,"href":"https:\/\/ismaelcolosi.com.br\/index.php\/wp-json\/wp\/v2\/categories?post=78461"},{"taxonomy":"post_tag","embeddable":true,"href":"https:\/\/ismaelcolosi.com.br\/index.php\/wp-json\/wp\/v2\/tags?post=78461"}],"curies":[{"name":"wp","href":"https:\/\/api.w.org\/{rel}","templated":true}]}}