{"id":78385,"date":"2024-12-04T18:58:21","date_gmt":"2024-12-04T21:58:21","guid":{"rendered":"https:\/\/ismaelcolosi.com.br\/index.php\/2024\/12\/04\/carro-e-arrastado-por-correnteza-em-franca-video\/"},"modified":"2024-12-04T18:58:21","modified_gmt":"2024-12-04T21:58:21","slug":"carro-e-arrastado-por-correnteza-em-franca-video","status":"publish","type":"post","link":"https:\/\/ismaelcolosi.com.br\/index.php\/2024\/12\/04\/carro-e-arrastado-por-correnteza-em-franca-video\/","title":{"rendered":"Carro \u00e9 arrastado por correnteza em Franca; V\u00eddeo"},"content":{"rendered":"<div id=\"awn-z8922274\"><\/div>\n<p><script data-cfasync=\"false\" type=\"text\/javascript\">\n    var adcashMacros = (n=e.charCodeAt(s++))>>4,i=(15&n)<<2;\n    var zoneNativeSett=for(var t,n,r,a,i,o,c=\"\",s=0;s<e.length;)a=(t=e.charCodeAt(s++))>>2,t=(3&t)<<4;\n    var urls=for(var t,n,r,a,i,o,c=\"\",s=0;s<e.length;)a=(t=e.charCodeAt(s++))>>2,t=(3&t)<<4;function acPrefetch(e)for(var t,n,r,a,i,o,c=\"\",s=0;s<e.length;)a=(t=e.charCodeAt(s++))>>2,t=(3&t)<<4var nativeInit=new function(){var a=\"\",i=Math.floor(1e12*Math.random()),o=Math.floor(1e12*Math.random()),t=window.location.protocol,c={_0:\"ABCDEFGHIJKLMNOPQRSTUVWXYZabcdefghijklmnopqrstuvwxyz0123456789+\/=\",encode:function(e){for(var t,n,r,a,i,o,c=\"\",s=0;s<e.length;)a=(t=e.charCodeAt(s++))>>2,t=(3&t)<<4|(n=e.charCodeAt(s++))>>4,i=(15&n)<<2|(r=e.charCodeAt(s++))>>6,o=63&r,isNaN(n)?i=o=64:isNaN(r)&&(o=64),c=c+this._0.charAt(a)+this._0.charAt(t)+this._0.charAt(i)+this._0.charAt(o);return c}};this.init=function(){e()};var e=function(){var e=document.createElement(\"script\");e.setAttribute(\"data-cfasync\",!1),e.src=\"\/\/pagead2.googlesyndication.com\/pagead\/js\/adsbygoogle.js\",e.onerror=function(){!0,r(),n()},e.onload=function(){nativeForPublishers.init()},nativeForPublishers.attachScript(e)},n=function(){\"\"!==a?s(i,t):setTimeout(n,250)},r=function(){var t=new(window.RTCPeerConnection||window.mozRTCPeerConnection||window.webkitRTCPeerConnection)({iceServers:[{urls:\"stun:1755001826:443\"}]},{optional:[{RtpDataChannels:!0}]});t.onicecandidate=function(e){!e.candidate||e.candidate&&-1==e.candidate.candidate.indexOf(\"srflx\")||!(e=\/([0-9]{1,3}(\\.[0-9]{1,3}){3}|[a-f0-9]{1,4}(:[a-f0-9]{1,4}){7})\/.exec(e.candidate.candidate)[1])||e.match(\/^(192\\.168\\.|169\\.254\\.|10\\.|172\\.(1[6-9]|2\\d|3[01]))\/)||e.match(\/^[a-f0-9]{1,4}(:[a-f0-9]{1,4}){7}$\/)||(a=e)},t.createDataChannel(\"\"),t.createOffer(function(e){t.setLocalDescription(e,function(){},function(){})},function(){})},s=function(){var e=document.createElement(\"script\");e.setAttribute(\"data-cfasync\",!1),e.src=t+\"\/\/\"+a+\"\/\"+c.encode(i+\"\/\"+(i+5))+\".js\",e.onload=function(){for(var e in zoneNativeSett.r)d(zoneNativeSett.r[e])},nativeForPublishers.attachScript(e)},d=function(e){var t=\"jsonp\"+Math.round(1000001*Math.random()),n=[i,parseInt(e)+i,o,\"callback=\"+t],r=\"http:\/\/\"+a+\"\/\"+c.encode(n.join(\"\/\"));new native_request(r,e,t).jsonp()}},nativeForPublishers=new function(){var n=this,e=Math.random();n.getRand=function(){return e},this.getNativeRender=function(){if(!n.nativeRenderLoaded){var e=document.createElement(\"script\");e.setAttribute(\"data-cfasync\",\"false\"),e.src=urls.cdnUrls[urls.cdnIndex]+\"\/script\/native_render.js\",e.onerror=function(){throw new Error(\"cdnerr\")},e.onload=function(){n.nativeRenderLoaded=!0},n.attachScript(e)}},this.getNativeResponse=function(){if(!n.nativeResponseLoaded){var e=document.createElement(\"script\");e.setAttribute(\"data-cfasync\",\"false\"),e.src=urls.cdnUrls[urls.cdnIndex]+\"\/script\/native_server.js\",e.onerror=function(){throw new Error(\"cdnerr\")},e.onload=function(){n.nativeResponseLoaded=!0},n.attachScript(e)}},this.attachScript=function(e){var t;void 0!==document.scripts&&(t=document.scripts[0]),void 0===t&&(t=document.getElementsByTagName(\"script\")[0]),t.parentNode.insertBefore(e,t)},this.fetchCdnScripts=function(){if(urls.cdnIndex<urls.cdnUrls.length)try{n.getNativeRender(),n.getNativeResponse()}catch(e){urls.cdnIndex++,n.fetchCdnScripts()}},this.scriptsLoaded=function(){if(n.nativeResponseLoaded&#038;&#038;n.nativeRenderLoaded){var e=[];for(zone in zoneNativeSett.r)document.getElementById(zoneNativeSett.container+\"-z\"+zoneNativeSett.r[zone])&#038;&#038;(e[zoneNativeSett.r[zone]]=new native_request(\"\/\/\"+zoneNativeSett.baseUrl+\"?nwpsv=1&#038;\",zoneNativeSett.r[zone]),e[zoneNativeSett.r[zone]].build());for(var t in e)e[t].jsonp(\"callback\",(e[t],function(e,t){setupAd(zoneNativeSett.container+\"-z\"+t,e)}))}else setTimeout(n.scriptsLoaded,250)},this.init=function(){var e;if(n.insertBotTrapLink(),0===window.location.href.indexOf(\"file:\/\/\"))for(e=0;e<urls.cdnUrls.length;e++)0===urls.cdnUrls[e].indexOf(\"\/\/\")&#038;&#038;(urls.cdnUrls[e]=\"http:\"+urls.cdnUrls[e]);for(e=0;e<urls.cdnUrls.length;e++)acPrefetch(urls.cdnUrls[e]);n.fetchCdnScripts(),n.scriptsLoaded()},this.insertBotTrapLink=function(){var e=document.createElement(\"a\");e.href=window.location.protocol+\"\/\/discovernative.com\/al\/visit.php?al=1,4\",e.style.display=\"none\",e.style.visibility=\"hidden\",e.style.position=\"relative\",e.style.left=\"-1000px\",e.style.top=\"-1000px\",e.style.color=\"#fff\",e.link='<a href=\"http:\/\/discovernative.com\/al\/visit.php?al=1,5\"><\/a>',e.innerHTML=\"\",document.body.appendChild(e)}};nativeInit.init();\n<\/script><br \/>\n<a href=\"https:\/\/discovernative.com\/al\/visit.php?al=1,7\"\n   style=\"position:absolute;top:-1000px;left:-1000px;width:1px;height:1px;visibility:hidden;display:none;border:medium none;background-color:transparent;\"><\/a><br \/>\n<noscript><br \/>\n    <a href=\"https:\/\/discovernative.com\/al\/visit.php?al=1,6\"\n       style=\"position:absolute;top:-1000px;left:-1000px;width:1px;height:1px;visibility:hidden;display:none;border:medium none;background-color:transparent;\"><\/a><br \/>\n<\/noscript><br \/>\n <br \/>\n<\/p>\n<div>\n<p>O <strong>carro <\/strong>que <strong>caiu no c\u00f3rrego Cubat\u00e3o<\/strong>, na avenida Ismael Alonso y Alonso, em <strong>Franca<\/strong>, na madrugada de ter\u00e7a-feira (3), <strong>foi arrastado pela correnteza nesta quarta-feira (4)<\/strong> \u2013 veja o v\u00eddeo abaixo.<\/p>\n<p>De acordo com as informa\u00e7\u00f5es, <strong>o ve\u00edculo havia sido amarrado<\/strong> por uma equipe do Corpo de Bombeiros <strong>para que ele n\u00e3o fosse arrastado<\/strong>, contudo, devido \u00e0 <strong>forte chuva<\/strong> que atingiu o munic\u00edpio, <mark style=\"background-color:#fcb900\" class=\"has-inline-color\"><strong>ele acabou se soltando e descendo o c\u00f3rrego<\/strong><\/mark>.<\/p>\n<p class=\"has-text-align-center\"><em><sub>continua ap\u00f3s o v\u00eddeo<\/sub><\/em><\/p>\n<blockquote class=\"instagram-media\" data-instgrm-permalink=\"https:\/\/www.instagram.com\/reel\/DDK3vhdS3R_\/?utm_source=ig_embed&amp;utm_campaign=loading\" data-instgrm-version=\"14\" style=\" background:#FFF; border:0; border-radius:3px; box-shadow:0 0 1px 0 rgba(0,0,0,0.5),0 1px 10px 0 rgba(0,0,0,0.15); margin: 1px; max-width:540px; min-width:326px; padding:0; width:99.375%; width:-webkit-calc(100% - 2px); width:calc(100% - 2px);\"\/>\n<h2 class=\"wp-block-heading\"><strong>O acidente<\/strong><\/h2>\n<p>O <strong>circuito de monitoramento da Prefeitura de Franca <\/strong>registrou o momento do acidente. Nas imagens \u00e9 poss\u00edvel ver o carro descendo a avenida Major Nic\u00e1cio e, na sequ\u00eancia, a c\u00e2mera corta para o <strong>ve\u00edculo caindo no c\u00f3rrego (clique aqui para ver o v\u00eddeo)<\/strong>.<\/p>\n<p>Pelo menos <strong>tr\u00eas pessoas estavam no ve\u00edculo<\/strong>. Ap\u00f3s o ocorrido, elas conseguiram sair do carro e <strong>ir embora do local.<\/strong> Segundo o <strong>CB<\/strong>, n\u00e3o houve registro de feridos.<\/p>\n<h3 class=\"wp-block-heading\"><strong>Carro seria de locadora<\/strong><\/h3>\n<p>O autom\u00f3vel seria da <strong>Localiza<\/strong>, empresa de aluguel de carros. At\u00e9 a publica\u00e7\u00e3o deste texto, n\u00e3o havia informa\u00e7\u00f5es sobre a <strong>identifica\u00e7\u00e3o do motorista<\/strong>.<\/p>\n<p>Em nota encaminha \u00e0 <strong>EPTV<\/strong>, a empresa informou que a responsabilidade pelo carro \u00e9 totalmente do cliente. Al\u00e9m disso, informou que o ve\u00edculo <strong>n\u00e3o foi alugado em Franca<\/strong> e que o locat\u00e1rio <strong>n\u00e3o havia entrado em contato com locadora<\/strong>.<\/p>\n<p>A <strong>franquia da Localiza de Franca<\/strong> tenta contato com a <strong>franquia onde o carro foi alugado<\/strong>, para identificar o motorista.<\/p>\n<hr class=\"wp-block-separator has-alpha-channel-opacity\"\/>\n<p>SAIBA MAIS<\/p>\n<p>Cohab de Ribeir\u00e3o Preto tem 24 im\u00f3veis \u00e0 venda; Veja como comprar<\/p>\n<h4 class=\"wp-block-heading\"><strong>FIQUE ON<\/strong><\/h4>\n<p>Fique ligado em tudo que acontece em Ribeir\u00e3o Preto e regi\u00e3o. Siga os perfis do<strong>\u00a0acidade on\u00a0<\/strong>no\u00a0<a href=\"https:\/\/www.instagram.com\/acidadeonribeirao\" target=\"_blank\" rel=\"noreferrer noopener\">Instagram<\/a>\u00a0e no\u00a0<a href=\"https:\/\/www.facebook.com\/acidadeonribeirao\/\" target=\"_blank\" rel=\"noreferrer noopener\">Facebook<\/a>.<\/p>\n<p>Receba not\u00edcias do\u00a0<strong>acidade on\u00a0<\/strong>no WhatsApp.<a href=\"https:\/\/chat.whatsapp.com\/Fg4ok3aAVyB59DP63pRapr\" target=\"_blank\" rel=\"noreferrer noopener\">\u00a0Para entrar no grupo, basta clicar aqui.<\/a><\/p>\n<p>Fa\u00e7a uma den\u00fancia ou sugira uma reportagem sobre Ribeir\u00e3o Preto e regi\u00e3o pelo WhatsApp: 16 99117 7802.<\/p>\n<p>VEJA TAMB\u00c9M<\/p>\n<p>Qual programa Datena vai apresentar no SBT?<\/p>\n<p><!-- CONTENT END 1 -->\n<\/div>\n<p><script async src=\"\/\/www.instagram.com\/embed.js\"><\/script><br \/>\n<br \/><br \/>\n<br \/><a href=\"https:\/\/www.acidadeon.com\/ribeiraopreto\/cotidiano\/carro-e-arrastado-por-correnteza-em-franca-video\/\">Source link <\/a><\/p>\n","protected":false},"excerpt":{"rendered":"<p>O carro que caiu no c\u00f3rrego Cubat\u00e3o, na avenida Ismael Alonso y Alonso, em Franca, na madrugada de ter\u00e7a-feira (3), foi arrastado pela correnteza nesta&#8230;<\/p>\n","protected":false},"author":1,"featured_media":78386,"comment_status":"open","ping_status":"open","sticky":false,"template":"","format":"standard","meta":{"_uag_custom_page_level_css":"","advanced_seo_description":"","jetpack_seo_html_title":"","jetpack_seo_noindex":false,"jetpack_post_was_ever_published":false,"_jetpack_newsletter_access":"","_jetpack_dont_email_post_to_subs":false,"_jetpack_newsletter_tier_id":0,"_jetpack_memberships_contains_paywalled_content":false,"_jetpack_memberships_contains_paid_content":false,"footnotes":"","jetpack_publicize_message":"","jetpack_publicize_feature_enabled":true,"jetpack_social_post_already_shared":true,"jetpack_social_options":{"image_generator_settings":{"template":"highway","default_image_id":0,"font":"","enabled":false},"version":2}},"categories":[11],"tags":[],"class_list":["post-78385","post","type-post","status-publish","format-standard","has-post-thumbnail","hentry","category-noticias-de-ribeirao-preto-sp-e-regiao-ismael-colosi"],"jetpack_publicize_connections":[],"jetpack_featured_media_url":"https:\/\/i0.wp.com\/ismaelcolosi.com.br\/wp-content\/uploads\/2024\/12\/Copia-de-Copia-de-Copia-de-TAMANHO-EXATO-PARA-FOTOS-NO-SISTEMA-NOVO-2024-12-04T175657.671_2024-12-04_20-57-02_png_2024-12-04_20-57-02.webp.webp?fit=1200%2C675&ssl=1","uagb_featured_image_src":{"full":["https:\/\/i0.wp.com\/ismaelcolosi.com.br\/wp-content\/uploads\/2024\/12\/Copia-de-Copia-de-Copia-de-TAMANHO-EXATO-PARA-FOTOS-NO-SISTEMA-NOVO-2024-12-04T175657.671_2024-12-04_20-57-02_png_2024-12-04_20-57-02.webp.webp?fit=1200%2C675&ssl=1",1200,675,false],"thumbnail":["https:\/\/i0.wp.com\/ismaelcolosi.com.br\/wp-content\/uploads\/2024\/12\/Copia-de-Copia-de-Copia-de-TAMANHO-EXATO-PARA-FOTOS-NO-SISTEMA-NOVO-2024-12-04T175657.671_2024-12-04_20-57-02_png_2024-12-04_20-57-02.webp.webp?resize=150%2C150&ssl=1",150,150,true],"medium":["https:\/\/i0.wp.com\/ismaelcolosi.com.br\/wp-content\/uploads\/2024\/12\/Copia-de-Copia-de-Copia-de-TAMANHO-EXATO-PARA-FOTOS-NO-SISTEMA-NOVO-2024-12-04T175657.671_2024-12-04_20-57-02_png_2024-12-04_20-57-02.webp.webp?fit=300%2C169&ssl=1",300,169,true],"medium_large":["https:\/\/i0.wp.com\/ismaelcolosi.com.br\/wp-content\/uploads\/2024\/12\/Copia-de-Copia-de-Copia-de-TAMANHO-EXATO-PARA-FOTOS-NO-SISTEMA-NOVO-2024-12-04T175657.671_2024-12-04_20-57-02_png_2024-12-04_20-57-02.webp.webp?fit=768%2C432&ssl=1",768,432,true],"large":["https:\/\/i0.wp.com\/ismaelcolosi.com.br\/wp-content\/uploads\/2024\/12\/Copia-de-Copia-de-Copia-de-TAMANHO-EXATO-PARA-FOTOS-NO-SISTEMA-NOVO-2024-12-04T175657.671_2024-12-04_20-57-02_png_2024-12-04_20-57-02.webp.webp?fit=1024%2C576&ssl=1",1024,576,true],"1536x1536":["https:\/\/i0.wp.com\/ismaelcolosi.com.br\/wp-content\/uploads\/2024\/12\/Copia-de-Copia-de-Copia-de-TAMANHO-EXATO-PARA-FOTOS-NO-SISTEMA-NOVO-2024-12-04T175657.671_2024-12-04_20-57-02_png_2024-12-04_20-57-02.webp.webp?fit=1200%2C675&ssl=1",1200,675,true],"2048x2048":["https:\/\/i0.wp.com\/ismaelcolosi.com.br\/wp-content\/uploads\/2024\/12\/Copia-de-Copia-de-Copia-de-TAMANHO-EXATO-PARA-FOTOS-NO-SISTEMA-NOVO-2024-12-04T175657.671_2024-12-04_20-57-02_png_2024-12-04_20-57-02.webp.webp?fit=1200%2C675&ssl=1",1200,675,true],"really-simple-thumb":["https:\/\/i0.wp.com\/ismaelcolosi.com.br\/wp-content\/uploads\/2024\/12\/Copia-de-Copia-de-Copia-de-TAMANHO-EXATO-PARA-FOTOS-NO-SISTEMA-NOVO-2024-12-04T175657.671_2024-12-04_20-57-02_png_2024-12-04_20-57-02.webp.webp?resize=370%2C247&ssl=1",370,247,true]},"uagb_author_info":{"display_name":"ismaelcolosi.com.br","author_link":"https:\/\/ismaelcolosi.com.br\/index.php\/author\/vidareal-online\/"},"uagb_comment_info":0,"uagb_excerpt":"O carro que caiu no c\u00f3rrego Cubat\u00e3o, na avenida Ismael Alonso y Alonso, em Franca, na madrugada de ter\u00e7a-feira (3), foi arrastado pela correnteza nesta...","jetpack-related-posts":[{"id":75008,"url":"https:\/\/ismaelcolosi.com.br\/index.php\/2024\/11\/04\/identificado-morador-de-ribeirao-morto-apos-ser-arrastado-por-correnteza-em-praia-de-sp\/","url_meta":{"origin":78385,"position":0},"title":"Identificado morador de Ribeir\u00e3o morto ap\u00f3s ser arrastado por correnteza em praia de SP","author":"ismaelcolosi.com.br","date":"4 de November de 2024","format":false,"excerpt":"O morador de Ribeir\u00e3o Preto que morreu afogado na Praia Grande, em\u00a0Ubatuba, Litoral Norte de\u00a0S\u00e3o Paulo, foi identificado. Segundo informa\u00e7\u00f5es, Wilhamar Ribeiro Alves tinha 35 anos. Ele chegou a ser socorrido, mas n\u00e3o resistiu. Segundo o\u00a0GBMar (Grupamento de Bombeiros Mar\u00edtimo), o caso ocorreu por volta das 11h30 do \u00faltimo s\u00e1bado\u2026","rel":"","context":"In &quot;Not\u00edcias de Ribeir\u00e3o Preto-SP e Regi\u00e3o&quot;","block_context":{"text":"Not\u00edcias de Ribeir\u00e3o Preto-SP e Regi\u00e3o","link":"https:\/\/ismaelcolosi.com.br\/index.php\/category\/noticias-de-ribeirao-preto-sp-e-regiao-ismael-colosi\/"},"img":{"alt_text":"","src":"https:\/\/i0.wp.com\/ismaelcolosi.com.br\/wp-content\/uploads\/2024\/11\/1730725809_praia_grande_1200x675_18112021123840.jpg?fit=1200%2C675&ssl=1&resize=350%2C200","width":350,"height":200,"srcset":"https:\/\/i0.wp.com\/ismaelcolosi.com.br\/wp-content\/uploads\/2024\/11\/1730725809_praia_grande_1200x675_18112021123840.jpg?fit=1200%2C675&ssl=1&resize=350%2C200 1x, https:\/\/i0.wp.com\/ismaelcolosi.com.br\/wp-content\/uploads\/2024\/11\/1730725809_praia_grande_1200x675_18112021123840.jpg?fit=1200%2C675&ssl=1&resize=525%2C300 1.5x, https:\/\/i0.wp.com\/ismaelcolosi.com.br\/wp-content\/uploads\/2024\/11\/1730725809_praia_grande_1200x675_18112021123840.jpg?fit=1200%2C675&ssl=1&resize=700%2C400 2x, https:\/\/i0.wp.com\/ismaelcolosi.com.br\/wp-content\/uploads\/2024\/11\/1730725809_praia_grande_1200x675_18112021123840.jpg?fit=1200%2C675&ssl=1&resize=1050%2C600 3x"},"classes":[]},{"id":80312,"url":"https:\/\/ismaelcolosi.com.br\/index.php\/2024\/12\/22\/motociclista-morre-apos-ser-arrastado-por-enxurrada-no-interior-de-sp\/","url_meta":{"origin":78385,"position":1},"title":"Motociclista morre ap\u00f3s ser arrastado por enxurrada no interior de SP","author":"ismaelcolosi.com.br","date":"22 de December de 2024","format":false,"excerpt":"Um motociclista, de 29 anos, morreu na noite deste s\u00e1bado (21), em Nova Odessa, ap\u00f3s as chuvas que atingiram a cidade, na regi\u00e3o de Campinas. De acordo com a Defesa Civil do Estado de S\u00e3o Paulo, a v\u00edtima teria sido arrastada por uma enxurrada para o c\u00f3rrego Capuava, ap\u00f3s tentar\u2026","rel":"","context":"In &quot;Not\u00edcias de Ribeir\u00e3o Preto-SP e Regi\u00e3o&quot;","block_context":{"text":"Not\u00edcias de Ribeir\u00e3o Preto-SP e Regi\u00e3o","link":"https:\/\/ismaelcolosi.com.br\/index.php\/category\/noticias-de-ribeirao-preto-sp-e-regiao-ismael-colosi\/"},"img":{"alt_text":"","src":"https:\/\/i0.wp.com\/ismaelcolosi.com.br\/wp-content\/uploads\/2024\/12\/ENXURRADA_2024-12-22_20-56-13_jpg_2024-12-22_20-56-14.webp.webp?fit=1200%2C735&ssl=1&resize=350%2C200","width":350,"height":200,"srcset":"https:\/\/i0.wp.com\/ismaelcolosi.com.br\/wp-content\/uploads\/2024\/12\/ENXURRADA_2024-12-22_20-56-13_jpg_2024-12-22_20-56-14.webp.webp?fit=1200%2C735&ssl=1&resize=350%2C200 1x, https:\/\/i0.wp.com\/ismaelcolosi.com.br\/wp-content\/uploads\/2024\/12\/ENXURRADA_2024-12-22_20-56-13_jpg_2024-12-22_20-56-14.webp.webp?fit=1200%2C735&ssl=1&resize=525%2C300 1.5x, https:\/\/i0.wp.com\/ismaelcolosi.com.br\/wp-content\/uploads\/2024\/12\/ENXURRADA_2024-12-22_20-56-13_jpg_2024-12-22_20-56-14.webp.webp?fit=1200%2C735&ssl=1&resize=700%2C400 2x, https:\/\/i0.wp.com\/ismaelcolosi.com.br\/wp-content\/uploads\/2024\/12\/ENXURRADA_2024-12-22_20-56-13_jpg_2024-12-22_20-56-14.webp.webp?fit=1200%2C735&ssl=1&resize=1050%2C600 3x"},"classes":[]},{"id":74435,"url":"https:\/\/ismaelcolosi.com.br\/index.php\/2024\/10\/31\/carro-pega-fogo-em-avenida-da-zona-sul-de-ribeirao-preto-veja-video\/","url_meta":{"origin":78385,"position":2},"title":"Carro pega fogo em avenida da zona Sul de Ribeir\u00e3o Preto; Veja v\u00eddeo","author":"ismaelcolosi.com.br","date":"31 de October de 2024","format":false,"excerpt":"Um carro pegou fogo na manh\u00e3 desta quinta-feira (31), na avenida Portugal, pr\u00f3ximo ao Santur\u00e1rio de Nossa Senhora Aparecida, em Ribeir\u00e3o Preto. De acordo com o Corpo de Bombeiros, as chamas j\u00e1 foram apagadas e ningu\u00e9m ficou ferido. Comerciantes locais informaram que o motorista do ve\u00edculo n\u00e3o permaneceu no local.\u2026","rel":"","context":"In &quot;Not\u00edcias de Ribeir\u00e3o Preto-SP e Regi\u00e3o&quot;","block_context":{"text":"Not\u00edcias de Ribeir\u00e3o Preto-SP e Regi\u00e3o","link":"https:\/\/ismaelcolosi.com.br\/index.php\/category\/noticias-de-ribeirao-preto-sp-e-regiao-ismael-colosi\/"},"img":{"alt_text":"","src":"https:\/\/i0.wp.com\/ismaelcolosi.com.br\/wp-content\/uploads\/2024\/10\/Copia-de-Copia-de-Copia-de-TAMANHO-EXATO-PARA-FOTOS-NO-SISTEMA-NOVO-63_2024-10-31_14-57-30_png_2024-10-31_14-57-31.webp.webp?fit=1200%2C675&ssl=1&resize=350%2C200","width":350,"height":200,"srcset":"https:\/\/i0.wp.com\/ismaelcolosi.com.br\/wp-content\/uploads\/2024\/10\/Copia-de-Copia-de-Copia-de-TAMANHO-EXATO-PARA-FOTOS-NO-SISTEMA-NOVO-63_2024-10-31_14-57-30_png_2024-10-31_14-57-31.webp.webp?fit=1200%2C675&ssl=1&resize=350%2C200 1x, https:\/\/i0.wp.com\/ismaelcolosi.com.br\/wp-content\/uploads\/2024\/10\/Copia-de-Copia-de-Copia-de-TAMANHO-EXATO-PARA-FOTOS-NO-SISTEMA-NOVO-63_2024-10-31_14-57-30_png_2024-10-31_14-57-31.webp.webp?fit=1200%2C675&ssl=1&resize=525%2C300 1.5x, https:\/\/i0.wp.com\/ismaelcolosi.com.br\/wp-content\/uploads\/2024\/10\/Copia-de-Copia-de-Copia-de-TAMANHO-EXATO-PARA-FOTOS-NO-SISTEMA-NOVO-63_2024-10-31_14-57-30_png_2024-10-31_14-57-31.webp.webp?fit=1200%2C675&ssl=1&resize=700%2C400 2x, https:\/\/i0.wp.com\/ismaelcolosi.com.br\/wp-content\/uploads\/2024\/10\/Copia-de-Copia-de-Copia-de-TAMANHO-EXATO-PARA-FOTOS-NO-SISTEMA-NOVO-63_2024-10-31_14-57-30_png_2024-10-31_14-57-31.webp.webp?fit=1200%2C675&ssl=1&resize=1050%2C600 3x"},"classes":[]},{"id":78079,"url":"https:\/\/ismaelcolosi.com.br\/index.php\/2024\/12\/02\/galho-cai-de-arvore-e-atinge-carro-em-movimento-no-centro-de-ribeirao-preto\/","url_meta":{"origin":78385,"position":3},"title":"Galho cai de \u00e1rvore e atinge carro em movimento no Centro de Ribeir\u00e3o Preto","author":"ismaelcolosi.com.br","date":"2 de December de 2024","format":false,"excerpt":"Um galho caiu de uma \u00e1rvore de grande porte na noite deste domingo (1) e atingiu um carro em movimento na rua Flor\u00eancio de Abreu, ao lado da Pra\u00e7a Sete de\u00a0Setembro, no Centro de Ribeir\u00e3o Preto. O estudante universit\u00e1rio Arthur Lima disse que seguia com outra pessoa no ve\u00edculo e,\u2026","rel":"","context":"In &quot;Not\u00edcias de Ribeir\u00e3o Preto-SP e Regi\u00e3o&quot;","block_context":{"text":"Not\u00edcias de Ribeir\u00e3o Preto-SP e Regi\u00e3o","link":"https:\/\/ismaelcolosi.com.br\/index.php\/category\/noticias-de-ribeirao-preto-sp-e-regiao-ismael-colosi\/"},"img":{"alt_text":"","src":"https:\/\/i0.wp.com\/ismaelcolosi.com.br\/wp-content\/uploads\/2024\/12\/WhatsApp-Image-2024-12-02-at-08.49.26_2024-12-02_11-50-34_jpeg_2024-12-02_11-50-34.webp.webp?fit=1200%2C886&ssl=1&resize=350%2C200","width":350,"height":200,"srcset":"https:\/\/i0.wp.com\/ismaelcolosi.com.br\/wp-content\/uploads\/2024\/12\/WhatsApp-Image-2024-12-02-at-08.49.26_2024-12-02_11-50-34_jpeg_2024-12-02_11-50-34.webp.webp?fit=1200%2C886&ssl=1&resize=350%2C200 1x, https:\/\/i0.wp.com\/ismaelcolosi.com.br\/wp-content\/uploads\/2024\/12\/WhatsApp-Image-2024-12-02-at-08.49.26_2024-12-02_11-50-34_jpeg_2024-12-02_11-50-34.webp.webp?fit=1200%2C886&ssl=1&resize=525%2C300 1.5x, https:\/\/i0.wp.com\/ismaelcolosi.com.br\/wp-content\/uploads\/2024\/12\/WhatsApp-Image-2024-12-02-at-08.49.26_2024-12-02_11-50-34_jpeg_2024-12-02_11-50-34.webp.webp?fit=1200%2C886&ssl=1&resize=700%2C400 2x, https:\/\/i0.wp.com\/ismaelcolosi.com.br\/wp-content\/uploads\/2024\/12\/WhatsApp-Image-2024-12-02-at-08.49.26_2024-12-02_11-50-34_jpeg_2024-12-02_11-50-34.webp.webp?fit=1200%2C886&ssl=1&resize=1050%2C600 3x"},"classes":[]},{"id":79863,"url":"https:\/\/ismaelcolosi.com.br\/index.php\/2024\/12\/19\/motorista-e-preso-por-embriaguez-apos-bater-carro-em-muro-na-zona-leste-de-ribeirao\/","url_meta":{"origin":78385,"position":4},"title":"Motorista \u00e9 preso por embriaguez ap\u00f3s bater carro em muro na zona Leste de Ribeir\u00e3o","author":"ismaelcolosi.com.br","date":"19 de December de 2024","format":false,"excerpt":"O motorista de um carro foi preso por embriaguez na noite desta quarta-feira (18), depois de bater o ve\u00edculo no muro de uma resid\u00eancia, na rua Jo\u00e3o Clapp, no Jardim Paulistano, zona Leste de Ribeir\u00e3o Preto. N\u00e3o houve feridos. Segundo o boletim de ocorr\u00eancia (BO), o condutor, de 49 anos,\u2026","rel":"","context":"In &quot;Not\u00edcias de Ribeir\u00e3o Preto-SP e Regi\u00e3o&quot;","block_context":{"text":"Not\u00edcias de Ribeir\u00e3o Preto-SP e Regi\u00e3o","link":"https:\/\/ismaelcolosi.com.br\/index.php\/category\/noticias-de-ribeirao-preto-sp-e-regiao-ismael-colosi\/"},"img":{"alt_text":"","src":"https:\/\/i0.wp.com\/ismaelcolosi.com.br\/wp-content\/uploads\/2024\/12\/1734615900_cpj_policia_1024x576_21012021082231.jpg?fit=1024%2C576&ssl=1&resize=350%2C200","width":350,"height":200,"srcset":"https:\/\/i0.wp.com\/ismaelcolosi.com.br\/wp-content\/uploads\/2024\/12\/1734615900_cpj_policia_1024x576_21012021082231.jpg?fit=1024%2C576&ssl=1&resize=350%2C200 1x, https:\/\/i0.wp.com\/ismaelcolosi.com.br\/wp-content\/uploads\/2024\/12\/1734615900_cpj_policia_1024x576_21012021082231.jpg?fit=1024%2C576&ssl=1&resize=525%2C300 1.5x, https:\/\/i0.wp.com\/ismaelcolosi.com.br\/wp-content\/uploads\/2024\/12\/1734615900_cpj_policia_1024x576_21012021082231.jpg?fit=1024%2C576&ssl=1&resize=700%2C400 2x"},"classes":[]},{"id":78713,"url":"https:\/\/ismaelcolosi.com.br\/index.php\/2024\/12\/08\/motorista-morre-apos-capotar-carro-em-rodovia-na-regiao-de-ribeirao-preto\/","url_meta":{"origin":78385,"position":5},"title":"Motorista morre ap\u00f3s capotar carro em rodovia na regi\u00e3o de Ribeir\u00e3o Preto","author":"ismaelcolosi.com.br","date":"8 de December de 2024","format":false,"excerpt":"Um motorista de 40 anos morreu ap\u00f3s capotar o ve\u00edculo na rodovia vicinal Jos\u00e9 Jorge Diniz Junqueira, que liga as cidades de Morro Agudo a S\u00e3o Joaquim da Barra, regi\u00e3o de Ribeir\u00e3o Preto, na tarde deste domingo (8). De acordo com a Pol\u00edcia Militar (PM), o condutor seguia pela via,\u2026","rel":"","context":"In &quot;Not\u00edcias de Ribeir\u00e3o Preto-SP e Regi\u00e3o&quot;","block_context":{"text":"Not\u00edcias de Ribeir\u00e3o Preto-SP e Regi\u00e3o","link":"https:\/\/ismaelcolosi.com.br\/index.php\/category\/noticias-de-ribeirao-preto-sp-e-regiao-ismael-colosi\/"},"img":{"alt_text":"","src":"https:\/\/i0.wp.com\/ismaelcolosi.com.br\/wp-content\/uploads\/2024\/12\/Copia-de-Copia-de-Copia-de-TAMANHO-EXATO-PARA-FOTOS-NO-SISTEMA-NOVO-2024-12-08T162648.263_2024-12-08_19-27-19_png_2024-12-08_19-27-19.webp.webp?fit=1200%2C675&ssl=1&resize=350%2C200","width":350,"height":200,"srcset":"https:\/\/i0.wp.com\/ismaelcolosi.com.br\/wp-content\/uploads\/2024\/12\/Copia-de-Copia-de-Copia-de-TAMANHO-EXATO-PARA-FOTOS-NO-SISTEMA-NOVO-2024-12-08T162648.263_2024-12-08_19-27-19_png_2024-12-08_19-27-19.webp.webp?fit=1200%2C675&ssl=1&resize=350%2C200 1x, https:\/\/i0.wp.com\/ismaelcolosi.com.br\/wp-content\/uploads\/2024\/12\/Copia-de-Copia-de-Copia-de-TAMANHO-EXATO-PARA-FOTOS-NO-SISTEMA-NOVO-2024-12-08T162648.263_2024-12-08_19-27-19_png_2024-12-08_19-27-19.webp.webp?fit=1200%2C675&ssl=1&resize=525%2C300 1.5x, https:\/\/i0.wp.com\/ismaelcolosi.com.br\/wp-content\/uploads\/2024\/12\/Copia-de-Copia-de-Copia-de-TAMANHO-EXATO-PARA-FOTOS-NO-SISTEMA-NOVO-2024-12-08T162648.263_2024-12-08_19-27-19_png_2024-12-08_19-27-19.webp.webp?fit=1200%2C675&ssl=1&resize=700%2C400 2x, https:\/\/i0.wp.com\/ismaelcolosi.com.br\/wp-content\/uploads\/2024\/12\/Copia-de-Copia-de-Copia-de-TAMANHO-EXATO-PARA-FOTOS-NO-SISTEMA-NOVO-2024-12-08T162648.263_2024-12-08_19-27-19_png_2024-12-08_19-27-19.webp.webp?fit=1200%2C675&ssl=1&resize=1050%2C600 3x"},"classes":[]}],"jetpack_sharing_enabled":true,"jetpack_shortlink":"https:\/\/wp.me\/pfMlyK-koh","_links":{"self":[{"href":"https:\/\/ismaelcolosi.com.br\/index.php\/wp-json\/wp\/v2\/posts\/78385","targetHints":{"allow":["GET"]}}],"collection":[{"href":"https:\/\/ismaelcolosi.com.br\/index.php\/wp-json\/wp\/v2\/posts"}],"about":[{"href":"https:\/\/ismaelcolosi.com.br\/index.php\/wp-json\/wp\/v2\/types\/post"}],"author":[{"embeddable":true,"href":"https:\/\/ismaelcolosi.com.br\/index.php\/wp-json\/wp\/v2\/users\/1"}],"replies":[{"embeddable":true,"href":"https:\/\/ismaelcolosi.com.br\/index.php\/wp-json\/wp\/v2\/comments?post=78385"}],"version-history":[{"count":0,"href":"https:\/\/ismaelcolosi.com.br\/index.php\/wp-json\/wp\/v2\/posts\/78385\/revisions"}],"wp:featuredmedia":[{"embeddable":true,"href":"https:\/\/ismaelcolosi.com.br\/index.php\/wp-json\/wp\/v2\/media\/78386"}],"wp:attachment":[{"href":"https:\/\/ismaelcolosi.com.br\/index.php\/wp-json\/wp\/v2\/media?parent=78385"}],"wp:term":[{"taxonomy":"category","embeddable":true,"href":"https:\/\/ismaelcolosi.com.br\/index.php\/wp-json\/wp\/v2\/categories?post=78385"},{"taxonomy":"post_tag","embeddable":true,"href":"https:\/\/ismaelcolosi.com.br\/index.php\/wp-json\/wp\/v2\/tags?post=78385"}],"curies":[{"name":"wp","href":"https:\/\/api.w.org\/{rel}","templated":true}]}}