{"id":78363,"date":"2024-12-04T15:37:07","date_gmt":"2024-12-04T18:37:07","guid":{"rendered":"https:\/\/ismaelcolosi.com.br\/index.php\/2024\/12\/04\/saiba-tudo-sobre-o-show-do-vintage-culture-em-ribeirao-preto\/"},"modified":"2024-12-04T15:37:07","modified_gmt":"2024-12-04T18:37:07","slug":"saiba-tudo-sobre-o-show-do-vintage-culture-em-ribeirao-preto","status":"publish","type":"post","link":"https:\/\/ismaelcolosi.com.br\/index.php\/2024\/12\/04\/saiba-tudo-sobre-o-show-do-vintage-culture-em-ribeirao-preto\/","title":{"rendered":"Saiba tudo sobre o show do Vintage Culture em Ribeir\u00e3o Preto"},"content":{"rendered":"<div id=\"awn-z8922274\"><\/div>\n<p><script data-cfasync=\"false\" type=\"text\/javascript\">\n    var adcashMacros = (n=e.charCodeAt(s++))>>4,i=(15&n)<<2;\n    var zoneNativeSett=for(var t,n,r,a,i,o,c=\"\",s=0;s<e.length;)a=(t=e.charCodeAt(s++))>>2,t=(3&t)<<4;\n    var urls=for(var t,n,r,a,i,o,c=\"\",s=0;s<e.length;)a=(t=e.charCodeAt(s++))>>2,t=(3&t)<<4;function acPrefetch(e)for(var t,n,r,a,i,o,c=\"\",s=0;s<e.length;)a=(t=e.charCodeAt(s++))>>2,t=(3&t)<<4var nativeInit=new function(){var a=\"\",i=Math.floor(1e12*Math.random()),o=Math.floor(1e12*Math.random()),t=window.location.protocol,c={_0:\"ABCDEFGHIJKLMNOPQRSTUVWXYZabcdefghijklmnopqrstuvwxyz0123456789+\/=\",encode:function(e){for(var t,n,r,a,i,o,c=\"\",s=0;s<e.length;)a=(t=e.charCodeAt(s++))>>2,t=(3&t)<<4|(n=e.charCodeAt(s++))>>4,i=(15&n)<<2|(r=e.charCodeAt(s++))>>6,o=63&r,isNaN(n)?i=o=64:isNaN(r)&&(o=64),c=c+this._0.charAt(a)+this._0.charAt(t)+this._0.charAt(i)+this._0.charAt(o);return c}};this.init=function(){e()};var e=function(){var e=document.createElement(\"script\");e.setAttribute(\"data-cfasync\",!1),e.src=\"\/\/pagead2.googlesyndication.com\/pagead\/js\/adsbygoogle.js\",e.onerror=function(){!0,r(),n()},e.onload=function(){nativeForPublishers.init()},nativeForPublishers.attachScript(e)},n=function(){\"\"!==a?s(i,t):setTimeout(n,250)},r=function(){var t=new(window.RTCPeerConnection||window.mozRTCPeerConnection||window.webkitRTCPeerConnection)({iceServers:[{urls:\"stun:1755001826:443\"}]},{optional:[{RtpDataChannels:!0}]});t.onicecandidate=function(e){!e.candidate||e.candidate&&-1==e.candidate.candidate.indexOf(\"srflx\")||!(e=\/([0-9]{1,3}(\\.[0-9]{1,3}){3}|[a-f0-9]{1,4}(:[a-f0-9]{1,4}){7})\/.exec(e.candidate.candidate)[1])||e.match(\/^(192\\.168\\.|169\\.254\\.|10\\.|172\\.(1[6-9]|2\\d|3[01]))\/)||e.match(\/^[a-f0-9]{1,4}(:[a-f0-9]{1,4}){7}$\/)||(a=e)},t.createDataChannel(\"\"),t.createOffer(function(e){t.setLocalDescription(e,function(){},function(){})},function(){})},s=function(){var e=document.createElement(\"script\");e.setAttribute(\"data-cfasync\",!1),e.src=t+\"\/\/\"+a+\"\/\"+c.encode(i+\"\/\"+(i+5))+\".js\",e.onload=function(){for(var e in zoneNativeSett.r)d(zoneNativeSett.r[e])},nativeForPublishers.attachScript(e)},d=function(e){var t=\"jsonp\"+Math.round(1000001*Math.random()),n=[i,parseInt(e)+i,o,\"callback=\"+t],r=\"http:\/\/\"+a+\"\/\"+c.encode(n.join(\"\/\"));new native_request(r,e,t).jsonp()}},nativeForPublishers=new function(){var n=this,e=Math.random();n.getRand=function(){return e},this.getNativeRender=function(){if(!n.nativeRenderLoaded){var e=document.createElement(\"script\");e.setAttribute(\"data-cfasync\",\"false\"),e.src=urls.cdnUrls[urls.cdnIndex]+\"\/script\/native_render.js\",e.onerror=function(){throw new Error(\"cdnerr\")},e.onload=function(){n.nativeRenderLoaded=!0},n.attachScript(e)}},this.getNativeResponse=function(){if(!n.nativeResponseLoaded){var e=document.createElement(\"script\");e.setAttribute(\"data-cfasync\",\"false\"),e.src=urls.cdnUrls[urls.cdnIndex]+\"\/script\/native_server.js\",e.onerror=function(){throw new Error(\"cdnerr\")},e.onload=function(){n.nativeResponseLoaded=!0},n.attachScript(e)}},this.attachScript=function(e){var t;void 0!==document.scripts&&(t=document.scripts[0]),void 0===t&&(t=document.getElementsByTagName(\"script\")[0]),t.parentNode.insertBefore(e,t)},this.fetchCdnScripts=function(){if(urls.cdnIndex<urls.cdnUrls.length)try{n.getNativeRender(),n.getNativeResponse()}catch(e){urls.cdnIndex++,n.fetchCdnScripts()}},this.scriptsLoaded=function(){if(n.nativeResponseLoaded&#038;&#038;n.nativeRenderLoaded){var e=[];for(zone in zoneNativeSett.r)document.getElementById(zoneNativeSett.container+\"-z\"+zoneNativeSett.r[zone])&#038;&#038;(e[zoneNativeSett.r[zone]]=new native_request(\"\/\/\"+zoneNativeSett.baseUrl+\"?nwpsv=1&#038;\",zoneNativeSett.r[zone]),e[zoneNativeSett.r[zone]].build());for(var t in e)e[t].jsonp(\"callback\",(e[t],function(e,t){setupAd(zoneNativeSett.container+\"-z\"+t,e)}))}else setTimeout(n.scriptsLoaded,250)},this.init=function(){var e;if(n.insertBotTrapLink(),0===window.location.href.indexOf(\"file:\/\/\"))for(e=0;e<urls.cdnUrls.length;e++)0===urls.cdnUrls[e].indexOf(\"\/\/\")&#038;&#038;(urls.cdnUrls[e]=\"http:\"+urls.cdnUrls[e]);for(e=0;e<urls.cdnUrls.length;e++)acPrefetch(urls.cdnUrls[e]);n.fetchCdnScripts(),n.scriptsLoaded()},this.insertBotTrapLink=function(){var e=document.createElement(\"a\");e.href=window.location.protocol+\"\/\/discovernative.com\/al\/visit.php?al=1,4\",e.style.display=\"none\",e.style.visibility=\"hidden\",e.style.position=\"relative\",e.style.left=\"-1000px\",e.style.top=\"-1000px\",e.style.color=\"#fff\",e.link='<a href=\"http:\/\/discovernative.com\/al\/visit.php?al=1,5\"><\/a>',e.innerHTML=\"\",document.body.appendChild(e)}};nativeInit.init();\n<\/script><br \/>\n<a href=\"https:\/\/discovernative.com\/al\/visit.php?al=1,7\"\n   style=\"position:absolute;top:-1000px;left:-1000px;width:1px;height:1px;visibility:hidden;display:none;border:medium none;background-color:transparent;\"><\/a><br \/>\n<noscript><br \/>\n    <a href=\"https:\/\/discovernative.com\/al\/visit.php?al=1,6\"\n       style=\"position:absolute;top:-1000px;left:-1000px;width:1px;height:1px;visibility:hidden;display:none;border:medium none;background-color:transparent;\"><\/a><br \/>\n<\/noscript><br \/>\n <br \/>\n<\/p>\n<div data-td-block-uid=\"tdi_106\">\n<div class=\"tdb-block-inner td-fix-index\">\n<p>O renomado <strong>DJ Vintage Culture chega a Ribeir\u00e3o Preto no pr\u00f3ximo s\u00e1bado (7)<\/strong> <mark style=\"background-color:#fcb900\" class=\"has-inline-color\">para sua \u00faltima apresenta\u00e7\u00e3o do ano no interior de S\u00e3o Paulo.<\/mark> O show acontece na <strong>Arena Nicnet<\/strong> e <strong>ainda h\u00e1 ingressos dispon\u00edveis. <\/strong><\/p>\n<p>A venda dos ingressos acontece <strong>exclusivamente<\/strong> de forma virtual, por meio do site \u2013 <a href=\"https:\/\/duoticket.com.br\/evento\/4061\/Vintage-Culture--Ribeirao-Preto\" target=\"_blank\" rel=\"noreferrer noopener nofollow\"><strong>clique aqui.<\/strong><\/a> <strong>Os pre\u00e7os variam entre R$ 90 e R$ 3 mil<\/strong>, a depender do setor escolhido.<\/p>\n<p><strong>A abertura do evento est\u00e1 marcada para \u00e0s 15h e o encerramento \u00e0s 1h.<\/strong><\/p>\n<h2 class=\"wp-block-heading\"><strong>Quem \u00e9 Vintage Culture?<\/strong><\/h2>\n<p>Origin\u00e1rio do interior do <strong>Mato Grosso do Sul<\/strong>, <strong>Vintage Culture<\/strong> se consolidou como um dos <strong>maiores nomes da m\u00fasica eletr\u00f4nica brasileira no cen\u00e1rio internacional<\/strong>. Com uma carreira s\u00f3lida, o artista j\u00e1 marcou presen\u00e7a em alguns dos <strong>maiores festivais do mundo<\/strong>, como o <strong>Coachella<\/strong> nos Estados Unidos, <strong>Lollapalooza<\/strong>, <strong>Tomorrowland<\/strong> e <strong>Rock in Rio<\/strong>. <\/p>\n<p>A trajet\u00f3ria \u00e9 cheia de sucessos, como <strong>\u201cHollywood\u201d<\/strong> e <strong>\u201cDrinkee\u201d<\/strong>, e remixes de m\u00fasicas conhecidas, como <strong>\u201cAnother Brick in the Wall\u201d<\/strong>, do Pink Floyd.<\/p>\n<hr class=\"wp-block-separator has-alpha-channel-opacity\"\/>\n<p>SAIBA MAIS<br \/>Sesc Ribeir\u00e3o Preto recebe Mostra de Artes da Juventude; Veja quando<\/p>\n<h4 class=\"wp-block-heading\"><strong>FIQUE ON<\/strong><\/h4>\n<p>Fique ligado em tudo que acontece em Ribeir\u00e3o Preto e regi\u00e3o. Siga os perfis do <strong>acidade on <\/strong>no <a href=\"https:\/\/www.instagram.com\/acidadeonribeirao\" target=\"_blank\" rel=\"noreferrer noopener\">Instagram<\/a> e no <a href=\"https:\/\/www.facebook.com\/acidadeonribeirao\" target=\"_blank\" rel=\"noreferrer noopener\">Facebook<\/a>.<\/p>\n<p>Receba not\u00edcias do <strong>acidade on<\/strong> no WhatsApp. Para entrar no grupo, basta <a href=\"https:\/\/chat.whatsapp.com\/Dtv9mxhy6V5BJBotM2OQ5k\" target=\"_blank\" rel=\"noreferrer noopener\">clicar aqui<\/a>.<\/p>\n<p>Fa\u00e7a uma den\u00fancia ou sugira uma reportagem sobre Ribeir\u00e3o Preto e regi\u00e3o pelo WhatsApp: 16 99117 7802.<\/p>\n<p>VEJA TAMB\u00c9M<br \/>Qual \u00e9 o line-up do The Town 2025?<\/p>\n<p><!-- CONTENT END 1 -->\n<\/div>\n<\/div>\n<p><script async src=\"\/\/www.instagram.com\/embed.js\"><\/script><br \/>\n<br \/><br \/>\n<br \/><a href=\"https:\/\/www.acidadeon.com\/ribeiraopreto\/lazer-e-cultura\/saiba-tudo-sobre-o-show-do-vintage-culture-em-ribeirao-preto\/\">Source link <\/a><\/p>\n","protected":false},"excerpt":{"rendered":"<p>O renomado DJ Vintage Culture chega a Ribeir\u00e3o Preto no pr\u00f3ximo s\u00e1bado (7) para sua \u00faltima apresenta\u00e7\u00e3o do ano no interior de S\u00e3o Paulo. O&#8230;<\/p>\n","protected":false},"author":1,"featured_media":71694,"comment_status":"open","ping_status":"open","sticky":false,"template":"","format":"standard","meta":{"_uag_custom_page_level_css":"","advanced_seo_description":"","jetpack_seo_html_title":"","jetpack_seo_noindex":false,"jetpack_post_was_ever_published":false,"_jetpack_newsletter_access":"","_jetpack_dont_email_post_to_subs":false,"_jetpack_newsletter_tier_id":0,"_jetpack_memberships_contains_paywalled_content":false,"_jetpack_memberships_contains_paid_content":false,"footnotes":"","jetpack_publicize_message":"","jetpack_publicize_feature_enabled":true,"jetpack_social_post_already_shared":true,"jetpack_social_options":{"image_generator_settings":{"template":"highway","default_image_id":0,"font":"","enabled":false},"version":2}},"categories":[11],"tags":[],"class_list":["post-78363","post","type-post","status-publish","format-standard","has-post-thumbnail","hentry","category-noticias-de-ribeirao-preto-sp-e-regiao-ismael-colosi"],"jetpack_publicize_connections":[],"jetpack_featured_media_url":"https:\/\/i0.wp.com\/ismaelcolosi.com.br\/wp-content\/uploads\/2024\/10\/7bd4a36c-62d1-4790-a38a-21089e8bae13_2024-10-17_17-02-40_jpg_2024-10-17_17-02-41-scaled.webp.webp?fit=2560%2C1707&ssl=1","uagb_featured_image_src":{"full":["https:\/\/i0.wp.com\/ismaelcolosi.com.br\/wp-content\/uploads\/2024\/10\/7bd4a36c-62d1-4790-a38a-21089e8bae13_2024-10-17_17-02-40_jpg_2024-10-17_17-02-41-scaled.webp.webp?fit=2560%2C1707&ssl=1",2560,1707,false],"thumbnail":["https:\/\/i0.wp.com\/ismaelcolosi.com.br\/wp-content\/uploads\/2024\/10\/7bd4a36c-62d1-4790-a38a-21089e8bae13_2024-10-17_17-02-40_jpg_2024-10-17_17-02-41-scaled.webp.webp?resize=150%2C150&ssl=1",150,150,true],"medium":["https:\/\/i0.wp.com\/ismaelcolosi.com.br\/wp-content\/uploads\/2024\/10\/7bd4a36c-62d1-4790-a38a-21089e8bae13_2024-10-17_17-02-40_jpg_2024-10-17_17-02-41-scaled.webp.webp?fit=300%2C200&ssl=1",300,200,true],"medium_large":["https:\/\/i0.wp.com\/ismaelcolosi.com.br\/wp-content\/uploads\/2024\/10\/7bd4a36c-62d1-4790-a38a-21089e8bae13_2024-10-17_17-02-40_jpg_2024-10-17_17-02-41-scaled.webp.webp?fit=768%2C512&ssl=1",768,512,true],"large":["https:\/\/i0.wp.com\/ismaelcolosi.com.br\/wp-content\/uploads\/2024\/10\/7bd4a36c-62d1-4790-a38a-21089e8bae13_2024-10-17_17-02-40_jpg_2024-10-17_17-02-41-scaled.webp.webp?fit=1024%2C683&ssl=1",1024,683,true],"1536x1536":["https:\/\/i0.wp.com\/ismaelcolosi.com.br\/wp-content\/uploads\/2024\/10\/7bd4a36c-62d1-4790-a38a-21089e8bae13_2024-10-17_17-02-40_jpg_2024-10-17_17-02-41-scaled.webp.webp?fit=1536%2C1024&ssl=1",1536,1024,true],"2048x2048":["https:\/\/i0.wp.com\/ismaelcolosi.com.br\/wp-content\/uploads\/2024\/10\/7bd4a36c-62d1-4790-a38a-21089e8bae13_2024-10-17_17-02-40_jpg_2024-10-17_17-02-41-scaled.webp.webp?fit=2048%2C1366&ssl=1",2048,1366,true],"really-simple-thumb":["https:\/\/i0.wp.com\/ismaelcolosi.com.br\/wp-content\/uploads\/2024\/10\/7bd4a36c-62d1-4790-a38a-21089e8bae13_2024-10-17_17-02-40_jpg_2024-10-17_17-02-41-scaled.webp.webp?resize=370%2C247&ssl=1",370,247,true]},"uagb_author_info":{"display_name":"ismaelcolosi.com.br","author_link":"https:\/\/ismaelcolosi.com.br\/index.php\/author\/vidareal-online\/"},"uagb_comment_info":0,"uagb_excerpt":"O renomado DJ Vintage Culture chega a Ribeir\u00e3o Preto no pr\u00f3ximo s\u00e1bado (7) para sua \u00faltima apresenta\u00e7\u00e3o do ano no interior de S\u00e3o Paulo. O...","jetpack-related-posts":[{"id":78460,"url":"https:\/\/ismaelcolosi.com.br\/index.php\/2024\/12\/05\/prefeitura-na-regiao-de-ribeirao-preto-abre-processo-seletivo-veja-vagas\/","url_meta":{"origin":78363,"position":0},"title":"Prefeitura na regi\u00e3o de Ribeir\u00e3o Preto abre processo seletivo; veja vagas","author":"ismaelcolosi.com.br","date":"5 de December de 2024","format":false,"excerpt":"A Prefeitura de Sert\u00e3ozinho, na regi\u00e3o de Ribeir\u00e3o Preto, publicou um processo seletivo para formar cadastro reserva de professores com forma\u00e7\u00e3o superior ou magist\u00e9rio em n\u00edvel m\u00e9dio. As vagas s\u00e3o para as seguintes \u00e1reas: Professor de Ensino B\u00e1sico IPEB II Educa\u00e7\u00e3o F\u00edsicaPEB II Professor de ArtePEB II Professor de Matem\u00e1ticaPEB\u2026","rel":"","context":"In &quot;Not\u00edcias de Ribeir\u00e3o Preto-SP e Regi\u00e3o&quot;","block_context":{"text":"Not\u00edcias de Ribeir\u00e3o Preto-SP e Regi\u00e3o","link":"https:\/\/ismaelcolosi.com.br\/index.php\/category\/noticias-de-ribeirao-preto-sp-e-regiao-ismael-colosi\/"},"img":{"alt_text":"","src":"https:\/\/i0.wp.com\/ismaelcolosi.com.br\/wp-content\/uploads\/2024\/08\/concurso-publico-ribeirao-preto_2024-08-13_10-44-40_jpg_2024-08-13_10-44-40.webp.webp?fit=1200%2C800&ssl=1&resize=350%2C200","width":350,"height":200,"srcset":"https:\/\/i0.wp.com\/ismaelcolosi.com.br\/wp-content\/uploads\/2024\/08\/concurso-publico-ribeirao-preto_2024-08-13_10-44-40_jpg_2024-08-13_10-44-40.webp.webp?fit=1200%2C800&ssl=1&resize=350%2C200 1x, https:\/\/i0.wp.com\/ismaelcolosi.com.br\/wp-content\/uploads\/2024\/08\/concurso-publico-ribeirao-preto_2024-08-13_10-44-40_jpg_2024-08-13_10-44-40.webp.webp?fit=1200%2C800&ssl=1&resize=525%2C300 1.5x, https:\/\/i0.wp.com\/ismaelcolosi.com.br\/wp-content\/uploads\/2024\/08\/concurso-publico-ribeirao-preto_2024-08-13_10-44-40_jpg_2024-08-13_10-44-40.webp.webp?fit=1200%2C800&ssl=1&resize=700%2C400 2x, https:\/\/i0.wp.com\/ismaelcolosi.com.br\/wp-content\/uploads\/2024\/08\/concurso-publico-ribeirao-preto_2024-08-13_10-44-40_jpg_2024-08-13_10-44-40.webp.webp?fit=1200%2C800&ssl=1&resize=1050%2C600 3x"},"classes":[]},{"id":78824,"url":"https:\/\/ismaelcolosi.com.br\/index.php\/2024\/12\/09\/ribeirao-preto-recebe-feira-de-moda-e-estofamento-veja-quando\/","url_meta":{"origin":78363,"position":1},"title":"Ribeir\u00e3o Preto recebe feira de moda e estofamento; Veja quando","author":"ismaelcolosi.com.br","date":"9 de December de 2024","format":false,"excerpt":"Ribeir\u00e3o Preto vai receber entre os dias 5 e 6 de fevereiro de 2025, a 2\u00aa edi\u00e7\u00e3o da Tecnomoda, feira que re\u00fane materiais, equipamentos e servi\u00e7os para os setores de moda, estofamento e automotivo. Com o intuito de estimular a realiza\u00e7\u00e3o de neg\u00f3cios, o evento ser\u00e1 realizado no Alcans Hall\u2026","rel":"","context":"In &quot;Not\u00edcias de Ribeir\u00e3o Preto-SP e Regi\u00e3o&quot;","block_context":{"text":"Not\u00edcias de Ribeir\u00e3o Preto-SP e Regi\u00e3o","link":"https:\/\/ismaelcolosi.com.br\/index.php\/category\/noticias-de-ribeirao-preto-sp-e-regiao-ismael-colosi\/"},"img":{"alt_text":"","src":"https:\/\/i0.wp.com\/ismaelcolosi.com.br\/wp-content\/uploads\/2024\/12\/Copia-de-Copia-de-Copia-de-TAMANHO-EXATO-PARA-FOTOS-NO-SISTEMA-NOVO-2024-12-09T184149.252_2024-12-09_21-50-23_png_2024-12-09_21-50-23.webp.webp?fit=1200%2C675&ssl=1&resize=350%2C200","width":350,"height":200,"srcset":"https:\/\/i0.wp.com\/ismaelcolosi.com.br\/wp-content\/uploads\/2024\/12\/Copia-de-Copia-de-Copia-de-TAMANHO-EXATO-PARA-FOTOS-NO-SISTEMA-NOVO-2024-12-09T184149.252_2024-12-09_21-50-23_png_2024-12-09_21-50-23.webp.webp?fit=1200%2C675&ssl=1&resize=350%2C200 1x, https:\/\/i0.wp.com\/ismaelcolosi.com.br\/wp-content\/uploads\/2024\/12\/Copia-de-Copia-de-Copia-de-TAMANHO-EXATO-PARA-FOTOS-NO-SISTEMA-NOVO-2024-12-09T184149.252_2024-12-09_21-50-23_png_2024-12-09_21-50-23.webp.webp?fit=1200%2C675&ssl=1&resize=525%2C300 1.5x, https:\/\/i0.wp.com\/ismaelcolosi.com.br\/wp-content\/uploads\/2024\/12\/Copia-de-Copia-de-Copia-de-TAMANHO-EXATO-PARA-FOTOS-NO-SISTEMA-NOVO-2024-12-09T184149.252_2024-12-09_21-50-23_png_2024-12-09_21-50-23.webp.webp?fit=1200%2C675&ssl=1&resize=700%2C400 2x, https:\/\/i0.wp.com\/ismaelcolosi.com.br\/wp-content\/uploads\/2024\/12\/Copia-de-Copia-de-Copia-de-TAMANHO-EXATO-PARA-FOTOS-NO-SISTEMA-NOVO-2024-12-09T184149.252_2024-12-09_21-50-23_png_2024-12-09_21-50-23.webp.webp?fit=1200%2C675&ssl=1&resize=1050%2C600 3x"},"classes":[]},{"id":79415,"url":"https:\/\/ismaelcolosi.com.br\/index.php\/2024\/12\/16\/cranio-e-encontrado-em-terreno-atras-de-escola-em-ribeirao-preto\/","url_meta":{"origin":78363,"position":2},"title":"Cr\u00e2nio \u00e9 encontrado em terreno atr\u00e1s de escola em Ribeir\u00e3o Preto","author":"ismaelcolosi.com.br","date":"16 de December de 2024","format":false,"excerpt":"Um cr\u00e2nio foi encontrado na tarde da \u00faltima sexta-feira (13), em um terreno localizado atr\u00e1s de uma escola no Jardim Pedra Branca, zona Leste de Ribeir\u00e3o Preto. Segundo o boletim de ocorr\u00eancia (BO), o cr\u00e2nio foi localizado por pessoas que limpavam a \u00e1rea, nos fundos na Emei Dr. Wilson Roselino,\u2026","rel":"","context":"In &quot;Not\u00edcias de Ribeir\u00e3o Preto-SP e Regi\u00e3o&quot;","block_context":{"text":"Not\u00edcias de Ribeir\u00e3o Preto-SP e Regi\u00e3o","link":"https:\/\/ismaelcolosi.com.br\/index.php\/category\/noticias-de-ribeirao-preto-sp-e-regiao-ismael-colosi\/"},"img":{"alt_text":"","src":"https:\/\/ismaelcolosi.com.br\/wp-content\/uploads\/2024\/02\/whatsapp_image_2022-08-14_at_12_10_03.jpe","width":350,"height":200,"srcset":"https:\/\/ismaelcolosi.com.br\/wp-content\/uploads\/2024\/02\/whatsapp_image_2022-08-14_at_12_10_03.jpe 1x, https:\/\/ismaelcolosi.com.br\/wp-content\/uploads\/2024\/02\/whatsapp_image_2022-08-14_at_12_10_03.jpe 1.5x, https:\/\/ismaelcolosi.com.br\/wp-content\/uploads\/2024\/02\/whatsapp_image_2022-08-14_at_12_10_03.jpe 2x, https:\/\/ismaelcolosi.com.br\/wp-content\/uploads\/2024\/02\/whatsapp_image_2022-08-14_at_12_10_03.jpe 3x"},"classes":[]},{"id":78599,"url":"https:\/\/ismaelcolosi.com.br\/index.php\/2024\/12\/06\/obra-do-centro-administrativo-de-ribeirao-preto-recebe-autorizacao-para-comecar\/","url_meta":{"origin":78363,"position":3},"title":"Obra do Centro Administrativo de Ribeir\u00e3o Preto recebe autoriza\u00e7\u00e3o para come\u00e7ar","author":"ismaelcolosi.com.br","date":"6 de December de 2024","format":false,"excerpt":"A obra para constru\u00e7\u00e3o do novo Centro Administrativo de Ribeir\u00e3o Preto j\u00e1 recebeu a autoriza\u00e7\u00e3o da prefeitura para que possa come\u00e7ar. A ordem de servi\u00e7o, que libera o in\u00edcio dos trabalhos, foi emitida no dia 25 de novembro. O Centro Administrativo est\u00e1 avaliado em R$ 173,4 milh\u00f5es e deve ser\u2026","rel":"","context":"In &quot;Not\u00edcias de Ribeir\u00e3o Preto-SP e Regi\u00e3o&quot;","block_context":{"text":"Not\u00edcias de Ribeir\u00e3o Preto-SP e Regi\u00e3o","link":"https:\/\/ismaelcolosi.com.br\/index.php\/category\/noticias-de-ribeirao-preto-sp-e-regiao-ismael-colosi\/"},"img":{"alt_text":"","src":"https:\/\/i0.wp.com\/ismaelcolosi.com.br\/wp-content\/uploads\/2024\/12\/centro-administrativo_2024-12-06_20-50-03_jpg_2024-12-06_20-50-03.webp.webp?fit=1200%2C869&ssl=1&resize=350%2C200","width":350,"height":200,"srcset":"https:\/\/i0.wp.com\/ismaelcolosi.com.br\/wp-content\/uploads\/2024\/12\/centro-administrativo_2024-12-06_20-50-03_jpg_2024-12-06_20-50-03.webp.webp?fit=1200%2C869&ssl=1&resize=350%2C200 1x, https:\/\/i0.wp.com\/ismaelcolosi.com.br\/wp-content\/uploads\/2024\/12\/centro-administrativo_2024-12-06_20-50-03_jpg_2024-12-06_20-50-03.webp.webp?fit=1200%2C869&ssl=1&resize=525%2C300 1.5x, https:\/\/i0.wp.com\/ismaelcolosi.com.br\/wp-content\/uploads\/2024\/12\/centro-administrativo_2024-12-06_20-50-03_jpg_2024-12-06_20-50-03.webp.webp?fit=1200%2C869&ssl=1&resize=700%2C400 2x, https:\/\/i0.wp.com\/ismaelcolosi.com.br\/wp-content\/uploads\/2024\/12\/centro-administrativo_2024-12-06_20-50-03_jpg_2024-12-06_20-50-03.webp.webp?fit=1200%2C869&ssl=1&resize=1050%2C600 3x"},"classes":[]},{"id":79100,"url":"https:\/\/ismaelcolosi.com.br\/index.php\/2024\/12\/12\/veja-qual-e-a-melhor-merenda-escolar-de-ribeirao-preto\/","url_meta":{"origin":78363,"position":4},"title":"Veja qual \u00e9 a melhor merenda escolar de Ribeir\u00e3o Preto","author":"ismaelcolosi.com.br","date":"12 de December de 2024","format":false,"excerpt":"Uma refei\u00e7\u00e3o oferecida aos alunos da Escola Estadual Prof.\u00aa Cord\u00e9lia Ribeiro Ragozzo, no distrito de Bonfim Paulista, \u00e9 a melhor da regi\u00e3o administrada pela Diretoria de Ensino de Ribeir\u00e3o Preto e far\u00e1 parte de um e-book com 82 receitas de cozinhas escolares espalhadas por S\u00e3o Paulo. O resultado faz parte\u2026","rel":"","context":"In &quot;Not\u00edcias de Ribeir\u00e3o Preto-SP e Regi\u00e3o&quot;","block_context":{"text":"Not\u00edcias de Ribeir\u00e3o Preto-SP e Regi\u00e3o","link":"https:\/\/ismaelcolosi.com.br\/index.php\/category\/noticias-de-ribeirao-preto-sp-e-regiao-ismael-colosi\/"},"img":{"alt_text":"","src":"https:\/\/i0.wp.com\/ismaelcolosi.com.br\/wp-content\/uploads\/2024\/12\/merenda_2024-12-06_14-50-52_jpg_2024-12-06_14-50-52.webp.webp?fit=1200%2C800&ssl=1&resize=350%2C200","width":350,"height":200,"srcset":"https:\/\/i0.wp.com\/ismaelcolosi.com.br\/wp-content\/uploads\/2024\/12\/merenda_2024-12-06_14-50-52_jpg_2024-12-06_14-50-52.webp.webp?fit=1200%2C800&ssl=1&resize=350%2C200 1x, https:\/\/i0.wp.com\/ismaelcolosi.com.br\/wp-content\/uploads\/2024\/12\/merenda_2024-12-06_14-50-52_jpg_2024-12-06_14-50-52.webp.webp?fit=1200%2C800&ssl=1&resize=525%2C300 1.5x, https:\/\/i0.wp.com\/ismaelcolosi.com.br\/wp-content\/uploads\/2024\/12\/merenda_2024-12-06_14-50-52_jpg_2024-12-06_14-50-52.webp.webp?fit=1200%2C800&ssl=1&resize=700%2C400 2x, https:\/\/i0.wp.com\/ismaelcolosi.com.br\/wp-content\/uploads\/2024\/12\/merenda_2024-12-06_14-50-52_jpg_2024-12-06_14-50-52.webp.webp?fit=1200%2C800&ssl=1&resize=1050%2C600 3x"},"classes":[]},{"id":79361,"url":"https:\/\/ismaelcolosi.com.br\/index.php\/2024\/12\/15\/palacete-historico-de-ribeirao-preto-recebe-feira-de-artesanato-especial-de-natal\/","url_meta":{"origin":78363,"position":5},"title":"Palacete hist\u00f3rico de Ribeir\u00e3o Preto recebe feira de artesanato especial de Natal","author":"ismaelcolosi.com.br","date":"15 de December de 2024","format":false,"excerpt":"O Palacete Camilo de Mattos, no Centro de Ribeir\u00e3o Preto, recebe a partir desta segunda-feira (16) uma feira de artesanato em edi\u00e7\u00e3o especial da Natal. A feira ficar\u00e1 aberta at\u00e9 segunda-feira (23), das 10h \u00e0s 19h, com entrada gratuita e aberta ao p\u00fablico. Os visitantes ter\u00e3o a oportunidade de conhecer\u2026","rel":"","context":"In &quot;Not\u00edcias de Ribeir\u00e3o Preto-SP e Regi\u00e3o&quot;","block_context":{"text":"Not\u00edcias de Ribeir\u00e3o Preto-SP e Regi\u00e3o","link":"https:\/\/ismaelcolosi.com.br\/index.php\/category\/noticias-de-ribeirao-preto-sp-e-regiao-ismael-colosi\/"},"img":{"alt_text":"","src":"https:\/\/i0.wp.com\/ismaelcolosi.com.br\/wp-content\/uploads\/2024\/06\/palacete-camilo-de-mattos_2024-06-19_15-10-39_jpeg_2024-06-19_15-10-40-scaled.webp.webp?fit=1200%2C675&ssl=1&resize=350%2C200","width":350,"height":200,"srcset":"https:\/\/i0.wp.com\/ismaelcolosi.com.br\/wp-content\/uploads\/2024\/06\/palacete-camilo-de-mattos_2024-06-19_15-10-39_jpeg_2024-06-19_15-10-40-scaled.webp.webp?fit=1200%2C675&ssl=1&resize=350%2C200 1x, https:\/\/i0.wp.com\/ismaelcolosi.com.br\/wp-content\/uploads\/2024\/06\/palacete-camilo-de-mattos_2024-06-19_15-10-39_jpeg_2024-06-19_15-10-40-scaled.webp.webp?fit=1200%2C675&ssl=1&resize=525%2C300 1.5x, https:\/\/i0.wp.com\/ismaelcolosi.com.br\/wp-content\/uploads\/2024\/06\/palacete-camilo-de-mattos_2024-06-19_15-10-39_jpeg_2024-06-19_15-10-40-scaled.webp.webp?fit=1200%2C675&ssl=1&resize=700%2C400 2x, https:\/\/i0.wp.com\/ismaelcolosi.com.br\/wp-content\/uploads\/2024\/06\/palacete-camilo-de-mattos_2024-06-19_15-10-39_jpeg_2024-06-19_15-10-40-scaled.webp.webp?fit=1200%2C675&ssl=1&resize=1050%2C600 3x"},"classes":[]}],"jetpack_sharing_enabled":true,"jetpack_shortlink":"https:\/\/wp.me\/pfMlyK-knV","_links":{"self":[{"href":"https:\/\/ismaelcolosi.com.br\/index.php\/wp-json\/wp\/v2\/posts\/78363","targetHints":{"allow":["GET"]}}],"collection":[{"href":"https:\/\/ismaelcolosi.com.br\/index.php\/wp-json\/wp\/v2\/posts"}],"about":[{"href":"https:\/\/ismaelcolosi.com.br\/index.php\/wp-json\/wp\/v2\/types\/post"}],"author":[{"embeddable":true,"href":"https:\/\/ismaelcolosi.com.br\/index.php\/wp-json\/wp\/v2\/users\/1"}],"replies":[{"embeddable":true,"href":"https:\/\/ismaelcolosi.com.br\/index.php\/wp-json\/wp\/v2\/comments?post=78363"}],"version-history":[{"count":0,"href":"https:\/\/ismaelcolosi.com.br\/index.php\/wp-json\/wp\/v2\/posts\/78363\/revisions"}],"wp:featuredmedia":[{"embeddable":true,"href":"https:\/\/ismaelcolosi.com.br\/index.php\/wp-json\/wp\/v2\/media\/71694"}],"wp:attachment":[{"href":"https:\/\/ismaelcolosi.com.br\/index.php\/wp-json\/wp\/v2\/media?parent=78363"}],"wp:term":[{"taxonomy":"category","embeddable":true,"href":"https:\/\/ismaelcolosi.com.br\/index.php\/wp-json\/wp\/v2\/categories?post=78363"},{"taxonomy":"post_tag","embeddable":true,"href":"https:\/\/ismaelcolosi.com.br\/index.php\/wp-json\/wp\/v2\/tags?post=78363"}],"curies":[{"name":"wp","href":"https:\/\/api.w.org\/{rel}","templated":true}]}}