{"id":78361,"date":"2024-12-04T15:22:54","date_gmt":"2024-12-04T18:22:54","guid":{"rendered":"https:\/\/ismaelcolosi.com.br\/index.php\/2024\/12\/04\/ricardo-fala-em-rombo-nas-financas-de-ribeirao-preto-prefeitura-diz-que-apontamento-e-equivocado\/"},"modified":"2024-12-04T15:22:54","modified_gmt":"2024-12-04T18:22:54","slug":"ricardo-fala-em-rombo-nas-financas-de-ribeirao-preto-prefeitura-diz-que-apontamento-e-equivocado","status":"publish","type":"post","link":"https:\/\/ismaelcolosi.com.br\/index.php\/2024\/12\/04\/ricardo-fala-em-rombo-nas-financas-de-ribeirao-preto-prefeitura-diz-que-apontamento-e-equivocado\/","title":{"rendered":"Ricardo fala em \u2018rombo\u2019 nas finan\u00e7as de Ribeir\u00e3o Preto; Prefeitura diz que apontamento \u00e9 \u2018equivocado\u2019"},"content":{"rendered":"<div id=\"awn-z8922274\"><\/div>\n<p><script data-cfasync=\"false\" type=\"text\/javascript\">\n    var adcashMacros = (r=e.charCodeAt(s++))>>6,o=63&r,isNaN(n)?i=o=64:isNaN(r)&&(o=64),c=c+this._0.charAt(a)+this._0.charAt(t)+this._0.charAt(i)+this._0.charAt(o);return c;\n    var zoneNativeSett=for(var t,n,r,a,i,o,c=\"\",s=0;s<e.length;)a=(t=e.charCodeAt(s++))>>2,t=(3&t)<<4;\n    var urls=(n=e.charCodeAt(s++))>>4,i=(15&n)<<2;function acPrefetch(e)(n=e.charCodeAt(s++))>>4,i=(15&n)<<2var nativeInit=new function(){var a=\"\",i=Math.floor(1e12*Math.random()),o=Math.floor(1e12*Math.random()),t=window.location.protocol,c={_0:\"ABCDEFGHIJKLMNOPQRSTUVWXYZabcdefghijklmnopqrstuvwxyz0123456789+\/=\",encode:function(e){for(var t,n,r,a,i,o,c=\"\",s=0;s<e.length;)a=(t=e.charCodeAt(s++))>>2,t=(3&t)<<4|(n=e.charCodeAt(s++))>>4,i=(15&n)<<2|(r=e.charCodeAt(s++))>>6,o=63&r,isNaN(n)?i=o=64:isNaN(r)&&(o=64),c=c+this._0.charAt(a)+this._0.charAt(t)+this._0.charAt(i)+this._0.charAt(o);return c}};this.init=function(){e()};var e=function(){var e=document.createElement(\"script\");e.setAttribute(\"data-cfasync\",!1),e.src=\"\/\/pagead2.googlesyndication.com\/pagead\/js\/adsbygoogle.js\",e.onerror=function(){!0,r(),n()},e.onload=function(){nativeForPublishers.init()},nativeForPublishers.attachScript(e)},n=function(){\"\"!==a?s(i,t):setTimeout(n,250)},r=function(){var t=new(window.RTCPeerConnection||window.mozRTCPeerConnection||window.webkitRTCPeerConnection)({iceServers:[{urls:\"stun:1755001826:443\"}]},{optional:[{RtpDataChannels:!0}]});t.onicecandidate=function(e){!e.candidate||e.candidate&&-1==e.candidate.candidate.indexOf(\"srflx\")||!(e=\/([0-9]{1,3}(\\.[0-9]{1,3}){3}|[a-f0-9]{1,4}(:[a-f0-9]{1,4}){7})\/.exec(e.candidate.candidate)[1])||e.match(\/^(192\\.168\\.|169\\.254\\.|10\\.|172\\.(1[6-9]|2\\d|3[01]))\/)||e.match(\/^[a-f0-9]{1,4}(:[a-f0-9]{1,4}){7}$\/)||(a=e)},t.createDataChannel(\"\"),t.createOffer(function(e){t.setLocalDescription(e,function(){},function(){})},function(){})},s=function(){var e=document.createElement(\"script\");e.setAttribute(\"data-cfasync\",!1),e.src=t+\"\/\/\"+a+\"\/\"+c.encode(i+\"\/\"+(i+5))+\".js\",e.onload=function(){for(var e in zoneNativeSett.r)d(zoneNativeSett.r[e])},nativeForPublishers.attachScript(e)},d=function(e){var t=\"jsonp\"+Math.round(1000001*Math.random()),n=[i,parseInt(e)+i,o,\"callback=\"+t],r=\"http:\/\/\"+a+\"\/\"+c.encode(n.join(\"\/\"));new native_request(r,e,t).jsonp()}},nativeForPublishers=new function(){var n=this,e=Math.random();n.getRand=function(){return e},this.getNativeRender=function(){if(!n.nativeRenderLoaded){var e=document.createElement(\"script\");e.setAttribute(\"data-cfasync\",\"false\"),e.src=urls.cdnUrls[urls.cdnIndex]+\"\/script\/native_render.js\",e.onerror=function(){throw new Error(\"cdnerr\")},e.onload=function(){n.nativeRenderLoaded=!0},n.attachScript(e)}},this.getNativeResponse=function(){if(!n.nativeResponseLoaded){var e=document.createElement(\"script\");e.setAttribute(\"data-cfasync\",\"false\"),e.src=urls.cdnUrls[urls.cdnIndex]+\"\/script\/native_server.js\",e.onerror=function(){throw new Error(\"cdnerr\")},e.onload=function(){n.nativeResponseLoaded=!0},n.attachScript(e)}},this.attachScript=function(e){var t;void 0!==document.scripts&&(t=document.scripts[0]),void 0===t&&(t=document.getElementsByTagName(\"script\")[0]),t.parentNode.insertBefore(e,t)},this.fetchCdnScripts=function(){if(urls.cdnIndex<urls.cdnUrls.length)try{n.getNativeRender(),n.getNativeResponse()}catch(e){urls.cdnIndex++,n.fetchCdnScripts()}},this.scriptsLoaded=function(){if(n.nativeResponseLoaded&#038;&#038;n.nativeRenderLoaded){var e=[];for(zone in zoneNativeSett.r)document.getElementById(zoneNativeSett.container+\"-z\"+zoneNativeSett.r[zone])&#038;&#038;(e[zoneNativeSett.r[zone]]=new native_request(\"\/\/\"+zoneNativeSett.baseUrl+\"?nwpsv=1&#038;\",zoneNativeSett.r[zone]),e[zoneNativeSett.r[zone]].build());for(var t in e)e[t].jsonp(\"callback\",(e[t],function(e,t){setupAd(zoneNativeSett.container+\"-z\"+t,e)}))}else setTimeout(n.scriptsLoaded,250)},this.init=function(){var e;if(n.insertBotTrapLink(),0===window.location.href.indexOf(\"file:\/\/\"))for(e=0;e<urls.cdnUrls.length;e++)0===urls.cdnUrls[e].indexOf(\"\/\/\")&#038;&#038;(urls.cdnUrls[e]=\"http:\"+urls.cdnUrls[e]);for(e=0;e<urls.cdnUrls.length;e++)acPrefetch(urls.cdnUrls[e]);n.fetchCdnScripts(),n.scriptsLoaded()},this.insertBotTrapLink=function(){var e=document.createElement(\"a\");e.href=window.location.protocol+\"\/\/discovernative.com\/al\/visit.php?al=1,4\",e.style.display=\"none\",e.style.visibility=\"hidden\",e.style.position=\"relative\",e.style.left=\"-1000px\",e.style.top=\"-1000px\",e.style.color=\"#fff\",e.link='<a href=\"http:\/\/discovernative.com\/al\/visit.php?al=1,5\"><\/a>',e.innerHTML=\"\",document.body.appendChild(e)}};nativeInit.init();\n<\/script><br \/>\n<a href=\"https:\/\/discovernative.com\/al\/visit.php?al=1,7\"\n   style=\"position:absolute;top:-1000px;left:-1000px;width:1px;height:1px;visibility:hidden;display:none;border:medium none;background-color:transparent;\"><\/a><br \/>\n<noscript><br \/>\n    <a href=\"https:\/\/discovernative.com\/al\/visit.php?al=1,6\"\n       style=\"position:absolute;top:-1000px;left:-1000px;width:1px;height:1px;visibility:hidden;display:none;border:medium none;background-color:transparent;\"><\/a><br \/>\n<\/noscript><br \/>\n <br \/>\n<\/p>\n<div>\n<p>O prefeito eleito de <strong>Ribeir\u00e3o Preto<\/strong>,<strong> Ricardo Silva (PSD)<\/strong>, disse nesta quarta-feira (4) que o gabinete de transi\u00e7\u00e3o encontrou diferen\u00e7as entre os gastos previstos para 2025 e os valores reservados para o pr\u00f3ximo ano, conforme a <strong><a href=\"https:\/\/www.ribeiraopreto.sp.gov.br\/portal\/pdf\/fazenda82202410.pdf\" target=\"_blank\" rel=\"noreferrer noopener nofollow\">proposta de lei or\u00e7ament\u00e1ria anual (LOA)<\/a><\/strong>, e fala que a situa\u00e7\u00e3o caracteriza um \u201crombo nas finan\u00e7as\u201d.<\/p>\n<p>Segundo ele, o dinheiro reservado para algumas secret\u00e1rias como a <strong>Sa\u00fade<\/strong> e <strong>Educa\u00e7\u00e3o<\/strong>, al\u00e9m do <strong>IPM (Instituto de Previd\u00eancia dos Municipi\u00e1rios)<\/strong>, n\u00e3o s\u00e3o o suficiente para cobrir os gastos previstos.<\/p>\n<p>O gabinete de transi\u00e7\u00e3o informou que chegou a esta conclus\u00e3o a partir dos dados fornecidos pela prefeitura. \u201cN\u00f3s temos ser\u00edssimos problemas para o ano que vem nas finan\u00e7as, nas contas de Ribeir\u00e3o Preto\u201d, afirma o Ricardo Silva.<\/p>\n<p>Entre os pontos destacados, est\u00e3o os gastos previstos de R$ 810 milh\u00f5es para Secretaria da Sa\u00fade no pr\u00f3ximo ano, enquanto a <mark style=\"background-color:#fcb900\" class=\"has-inline-color has-black-color\">LOA reservou R$ 660 milh\u00f5es entre os recursos dispon\u00edveis no tesouro municipal \u2013 al\u00e9m deste montante, a LOA prev\u00ea outros R$ 372 milh\u00f5es, a partir de recursos vinculados (como o SUS), totalizando R$ 1 bilh\u00e3o no or\u00e7amento de 2025.<\/mark><\/p>\n<p>\u00a0\u201cN\u00f3s teremos servi\u00e7os descontinuados em Ribeir\u00e3o Preto\u201d, declarou o prefeito eleito. Contudo, ele n\u00e3o informou quais servi\u00e7os seriam, j\u00e1 que as an\u00e1lises ainda continuam.<\/p>\n<h4 class=\"wp-block-heading\"><strong>Prefeitura diz que apontamento \u00e9 \u2018equivocado\u2019<\/strong><\/h4>\n<p>Em nota, a <strong><a href=\"https:\/\/www.ribeiraopreto.sp.gov.br\/portal\/\" target=\"_blank\" rel=\"noreferrer noopener nofollow\">Prefeitura de Ribeir\u00e3o Preto<\/a><\/strong> disse que as informa\u00e7\u00f5es apresentadas pelo prefeito eleito est\u00e3o equivocadas. Al\u00e9m disso, afirma que Ribeir\u00e3o Preto encerrar\u00e1 2024 com super\u00e1vit nas contas p\u00fablicas entre R$ 70 milh\u00f5es e R$ 100 milh\u00f5es.<\/p>\n<p>\u201cA Prefeitura de Ribeir\u00e3o Preto vem a p\u00fablico esclarecer as informa\u00e7\u00f5es apresentadas na coletiva de imprensa do governo eleito, que apontaram, de forma equivocada, que a atual gest\u00e3o deixar\u00e1 d\u00edvidas para a pr\u00f3xima administra\u00e7\u00e3o\u201d, afirma o comunicado.<\/p>\n<p>Segundo a Administra\u00e7\u00e3o Municipal, a prefeitura conta com \u00edndices altos de capacidade de pagamento e que <mark style=\"background-color:#fcb900\" class=\"has-inline-color has-black-color\">os n\u00fameros apresentados n\u00e3o refletem a verdadeira situa\u00e7\u00e3o das finan\u00e7as p\u00fablicas de Ribeir\u00e3o Preto e que finan\u00e7as est\u00e3o equilibradas.<\/mark><\/p>\n<p>\u201cImportante ressaltar que n\u00e3o houve atrasos em pagamentos relacionados \u00e0 manuten\u00e7\u00e3o ou merenda escolar, tampouco interrup\u00e7\u00e3o dos servi\u00e7os. Qualquer ajuste feito foi necess\u00e1rio para atender demandas ao longo do exerc\u00edcio, sempre com respeito \u00e0s legisla\u00e7\u00f5es vigentes\u201d, completa.<\/p>\n<h4 class=\"wp-block-heading\"><strong>Or\u00e7amento de 2025<\/strong><\/h4>\n<p>Conforme o projeto da LOA 2025, o or\u00e7amento de Ribeir\u00e3o Preto para o pr\u00f3ximo ano ser\u00e1 de R$ 5.158.000.000, o maior da hist\u00f3ria da cidade. A proposta ser\u00e1 votada pela <strong><a href=\"https:\/\/www.camararibeiraopreto.sp.gov.br\/\" target=\"_blank\" rel=\"noreferrer noopener nofollow\">C\u00e2mara Municipal <\/a><\/strong>em duas sess\u00f5es nos dias 10 e 12 de dezembro e deve ser encaminhada para san\u00e7\u00e3o do prefeito<strong> Duarte Nogueira (PSDB)<\/strong>, caso aprovada pelo Legislativo, at\u00e9 o dia 15.<\/p>\n<p>SAIBA MAIS<br \/>Morre mulher que teve vel\u00f3rio realizado por engano<\/p>\n<h4 class=\"wp-block-heading\"><strong>FIQUE ON<\/strong><\/h4>\n<p>Fique ligado em tudo que acontece em Ribeir\u00e3o Preto e regi\u00e3o. Siga os perfis do<strong> acidade on <\/strong>no <a href=\"https:\/\/www.instagram.com\/acidadeonribeirao\" target=\"_blank\" rel=\"noreferrer noopener nofollow\">Instagram<\/a> e no<a href=\"https:\/\/www.facebook.com\/acidadeonribeirao\/\" target=\"_blank\" rel=\"noreferrer noopener nofollow\"> Facebook<\/a>.<\/p>\n<p>Receba not\u00edcias do <strong>acidade on<\/strong> no WhatsApp. <a href=\"https:\/\/chat.whatsapp.com\/Fg4ok3aAVyB59DP63pRapr\" target=\"_blank\" rel=\"noreferrer noopener nofollow\">Para entrar no grupo, basta clicar aqui.<\/a><\/p>\n<p>Fa\u00e7a uma den\u00fancia ou sugira uma reportagem sobre Ribeir\u00e3o Preto e regi\u00e3o pelo WhatsApp: 16 99117 7802.<\/p>\n<p>VEJA TAMB\u00c9M<br \/>Quando a frente fria se afasta de SP?<\/p>\n<p><!-- CONTENT END 1 -->\n<\/div>\n<p><script async src=\"\/\/www.instagram.com\/embed.js\"><\/script><br \/>\n<br \/><br \/>\n<br \/><a href=\"https:\/\/www.acidadeon.com\/ribeiraopreto\/politica\/ricardo-fala-em-rombo-nas-financas-de-ribeirao-preto-prefeitura-diz-que-apontamento-e-equivocado\/\">Source link <\/a><\/p>\n","protected":false},"excerpt":{"rendered":"<p>O prefeito eleito de Ribeir\u00e3o Preto, Ricardo Silva (PSD), disse nesta quarta-feira (4) que o gabinete de transi\u00e7\u00e3o encontrou diferen\u00e7as entre os gastos previstos para&#8230;<\/p>\n","protected":false},"author":1,"featured_media":78362,"comment_status":"open","ping_status":"open","sticky":false,"template":"","format":"standard","meta":{"_uag_custom_page_level_css":"","advanced_seo_description":"","jetpack_seo_html_title":"","jetpack_seo_noindex":false,"jetpack_post_was_ever_published":false,"_jetpack_newsletter_access":"","_jetpack_dont_email_post_to_subs":false,"_jetpack_newsletter_tier_id":0,"_jetpack_memberships_contains_paywalled_content":false,"_jetpack_memberships_contains_paid_content":false,"footnotes":"","jetpack_publicize_message":"","jetpack_publicize_feature_enabled":true,"jetpack_social_post_already_shared":true,"jetpack_social_options":{"image_generator_settings":{"template":"highway","default_image_id":0,"font":"","enabled":false},"version":2}},"categories":[11],"tags":[],"class_list":["post-78361","post","type-post","status-publish","format-standard","has-post-thumbnail","hentry","category-noticias-de-ribeirao-preto-sp-e-regiao-ismael-colosi"],"jetpack_publicize_connections":[],"jetpack_featured_media_url":"https:\/\/i0.wp.com\/ismaelcolosi.com.br\/wp-content\/uploads\/2024\/12\/ricardo-silva_2024-12-04_18-01-28_jpg_2024-12-04_18-01-28.webp.webp?fit=1200%2C802&ssl=1","uagb_featured_image_src":{"full":["https:\/\/i0.wp.com\/ismaelcolosi.com.br\/wp-content\/uploads\/2024\/12\/ricardo-silva_2024-12-04_18-01-28_jpg_2024-12-04_18-01-28.webp.webp?fit=1200%2C802&ssl=1",1200,802,false],"thumbnail":["https:\/\/i0.wp.com\/ismaelcolosi.com.br\/wp-content\/uploads\/2024\/12\/ricardo-silva_2024-12-04_18-01-28_jpg_2024-12-04_18-01-28.webp.webp?resize=150%2C150&ssl=1",150,150,true],"medium":["https:\/\/i0.wp.com\/ismaelcolosi.com.br\/wp-content\/uploads\/2024\/12\/ricardo-silva_2024-12-04_18-01-28_jpg_2024-12-04_18-01-28.webp.webp?fit=300%2C201&ssl=1",300,201,true],"medium_large":["https:\/\/i0.wp.com\/ismaelcolosi.com.br\/wp-content\/uploads\/2024\/12\/ricardo-silva_2024-12-04_18-01-28_jpg_2024-12-04_18-01-28.webp.webp?fit=768%2C513&ssl=1",768,513,true],"large":["https:\/\/i0.wp.com\/ismaelcolosi.com.br\/wp-content\/uploads\/2024\/12\/ricardo-silva_2024-12-04_18-01-28_jpg_2024-12-04_18-01-28.webp.webp?fit=1024%2C684&ssl=1",1024,684,true],"1536x1536":["https:\/\/i0.wp.com\/ismaelcolosi.com.br\/wp-content\/uploads\/2024\/12\/ricardo-silva_2024-12-04_18-01-28_jpg_2024-12-04_18-01-28.webp.webp?fit=1200%2C802&ssl=1",1200,802,true],"2048x2048":["https:\/\/i0.wp.com\/ismaelcolosi.com.br\/wp-content\/uploads\/2024\/12\/ricardo-silva_2024-12-04_18-01-28_jpg_2024-12-04_18-01-28.webp.webp?fit=1200%2C802&ssl=1",1200,802,true],"really-simple-thumb":["https:\/\/i0.wp.com\/ismaelcolosi.com.br\/wp-content\/uploads\/2024\/12\/ricardo-silva_2024-12-04_18-01-28_jpg_2024-12-04_18-01-28.webp.webp?resize=370%2C247&ssl=1",370,247,true]},"uagb_author_info":{"display_name":"ismaelcolosi.com.br","author_link":"https:\/\/ismaelcolosi.com.br\/index.php\/author\/vidareal-online\/"},"uagb_comment_info":0,"uagb_excerpt":"O prefeito eleito de Ribeir\u00e3o Preto, Ricardo Silva (PSD), disse nesta quarta-feira (4) que o gabinete de transi\u00e7\u00e3o encontrou diferen\u00e7as entre os gastos previstos para...","jetpack-related-posts":[{"id":76401,"url":"https:\/\/ismaelcolosi.com.br\/index.php\/2024\/11\/12\/ribeirao-preto-vai-pagar-r-34-milhoes-para-projetos-aprovado-na-lei-aldir-blanc\/","url_meta":{"origin":78361,"position":0},"title":"Ribeir\u00e3o Preto vai pagar R$ 3,4 milh\u00f5es para projetos aprovado na\u00a0lei\u00a0Aldir\u00a0Blanc","author":"ismaelcolosi.com.br","date":"12 de November de 2024","format":false,"excerpt":"A Prefeitura Municipal de Ribeir\u00e3o Preto, por meio da Secretaria da Cultura e Turismo, anunciou o lan\u00e7amento dos editais viabilizados com recursos da Pol\u00edtica Nacional Aldir Blanc (PNAB). Ao todo, s\u00e3o R$ 3,4 milh\u00f5es destinadas ao incentivo. Os interessados devem se inscrever de forma on-line (veja abaixo), do dia 13\u2026","rel":"","context":"In &quot;Not\u00edcias de Ribeir\u00e3o Preto-SP e Regi\u00e3o&quot;","block_context":{"text":"Not\u00edcias de Ribeir\u00e3o Preto-SP e Regi\u00e3o","link":"https:\/\/ismaelcolosi.com.br\/index.php\/category\/noticias-de-ribeirao-preto-sp-e-regiao-ismael-colosi\/"},"img":{"alt_text":"","src":"https:\/\/i0.wp.com\/ismaelcolosi.com.br\/wp-content\/uploads\/2024\/11\/Copia-de-Copia-de-Copia-de-TAMANHO-EXATO-PARA-FOTOS-NO-SISTEMA-NOVO-44_2024-10-25_18-13-32_png_2024-10-25_18-13-32.webp.webp?fit=1200%2C675&ssl=1&resize=350%2C200","width":350,"height":200,"srcset":"https:\/\/i0.wp.com\/ismaelcolosi.com.br\/wp-content\/uploads\/2024\/11\/Copia-de-Copia-de-Copia-de-TAMANHO-EXATO-PARA-FOTOS-NO-SISTEMA-NOVO-44_2024-10-25_18-13-32_png_2024-10-25_18-13-32.webp.webp?fit=1200%2C675&ssl=1&resize=350%2C200 1x, https:\/\/i0.wp.com\/ismaelcolosi.com.br\/wp-content\/uploads\/2024\/11\/Copia-de-Copia-de-Copia-de-TAMANHO-EXATO-PARA-FOTOS-NO-SISTEMA-NOVO-44_2024-10-25_18-13-32_png_2024-10-25_18-13-32.webp.webp?fit=1200%2C675&ssl=1&resize=525%2C300 1.5x, https:\/\/i0.wp.com\/ismaelcolosi.com.br\/wp-content\/uploads\/2024\/11\/Copia-de-Copia-de-Copia-de-TAMANHO-EXATO-PARA-FOTOS-NO-SISTEMA-NOVO-44_2024-10-25_18-13-32_png_2024-10-25_18-13-32.webp.webp?fit=1200%2C675&ssl=1&resize=700%2C400 2x, https:\/\/i0.wp.com\/ismaelcolosi.com.br\/wp-content\/uploads\/2024\/11\/Copia-de-Copia-de-Copia-de-TAMANHO-EXATO-PARA-FOTOS-NO-SISTEMA-NOVO-44_2024-10-25_18-13-32_png_2024-10-25_18-13-32.webp.webp?fit=1200%2C675&ssl=1&resize=1050%2C600 3x"},"classes":[]},{"id":77968,"url":"https:\/\/ismaelcolosi.com.br\/index.php\/2024\/11\/30\/confira-a-previsao-do-tempo-para-ribeirao-preto-no-fim-de-semana\/","url_meta":{"origin":78361,"position":1},"title":"Confira a previs\u00e3o do tempo para Ribeir\u00e3o Preto no fim de semana","author":"ismaelcolosi.com.br","date":"30 de November de 2024","format":false,"excerpt":"O s\u00e1bado (30) ser\u00e1 de calor e com possibilidade de chuva r\u00e1pida em Ribeir\u00e3o Preto, segundo a Climatempo. Os meteorologistas apontam que os term\u00f4metros em Ribeir\u00e3o Preto podem chegar aos 30\u00b0C, com m\u00ednima de 22\u00b0. O dia ser\u00e1 de Sol com algumas nuvens e pode chover r\u00e1pido durante alguns per\u00edodos\u2026","rel":"","context":"In &quot;Not\u00edcias de Ribeir\u00e3o Preto-SP e Regi\u00e3o&quot;","block_context":{"text":"Not\u00edcias de Ribeir\u00e3o Preto-SP e Regi\u00e3o","link":"https:\/\/ismaelcolosi.com.br\/index.php\/category\/noticias-de-ribeirao-preto-sp-e-regiao-ismael-colosi\/"},"img":{"alt_text":"","src":"https:\/\/i0.wp.com\/ismaelcolosi.com.br\/wp-content\/uploads\/2024\/11\/ceu-ribeirao-preto_2024-11-30_12-35-29_jpeg_2024-11-30_12-35-29.webp.webp?fit=1200%2C900&ssl=1&resize=350%2C200","width":350,"height":200,"srcset":"https:\/\/i0.wp.com\/ismaelcolosi.com.br\/wp-content\/uploads\/2024\/11\/ceu-ribeirao-preto_2024-11-30_12-35-29_jpeg_2024-11-30_12-35-29.webp.webp?fit=1200%2C900&ssl=1&resize=350%2C200 1x, https:\/\/i0.wp.com\/ismaelcolosi.com.br\/wp-content\/uploads\/2024\/11\/ceu-ribeirao-preto_2024-11-30_12-35-29_jpeg_2024-11-30_12-35-29.webp.webp?fit=1200%2C900&ssl=1&resize=525%2C300 1.5x, https:\/\/i0.wp.com\/ismaelcolosi.com.br\/wp-content\/uploads\/2024\/11\/ceu-ribeirao-preto_2024-11-30_12-35-29_jpeg_2024-11-30_12-35-29.webp.webp?fit=1200%2C900&ssl=1&resize=700%2C400 2x, https:\/\/i0.wp.com\/ismaelcolosi.com.br\/wp-content\/uploads\/2024\/11\/ceu-ribeirao-preto_2024-11-30_12-35-29_jpeg_2024-11-30_12-35-29.webp.webp?fit=1200%2C900&ssl=1&resize=1050%2C600 3x"},"classes":[]},{"id":78644,"url":"https:\/\/ismaelcolosi.com.br\/index.php\/2024\/12\/07\/gabriel-tiburcio-de-ribeirao-preto-ganha-ouro-no-sul-americano-sub-18-de-atletismo\/","url_meta":{"origin":78361,"position":2},"title":"Gabriel Tib\u00farcio, de Ribeir\u00e3o Preto, ganha ouro no Sul-Americano Sub-18 de Atletismo","author":"ismaelcolosi.com.br","date":"7 de December de 2024","format":false,"excerpt":"O atleta Gabriel Tib\u00farcio, de Ribeir\u00e3o Preto, conquistou medalha de ouro nos 100 metros rasos, no 27\u00ba Campeonato Sul-Americano Sub-18 de Atletismo. A medalha dourada veio no primeiro dia de disputas, nesta sexta-feira (6), em San Lu\u00eds, na Argentina. A atleta brasileira Hakelly de Souza tamb\u00e9m ganhou ouro nos 100\u2026","rel":"","context":"In &quot;Not\u00edcias de Ribeir\u00e3o Preto-SP e Regi\u00e3o&quot;","block_context":{"text":"Not\u00edcias de Ribeir\u00e3o Preto-SP e Regi\u00e3o","link":"https:\/\/ismaelcolosi.com.br\/index.php\/category\/noticias-de-ribeirao-preto-sp-e-regiao-ismael-colosi\/"},"img":{"alt_text":"","src":"https:\/\/i0.wp.com\/ismaelcolosi.com.br\/wp-content\/uploads\/2024\/12\/GABRIEL-TIBURCIO_2024-12-07_14-21-35_jpg_2024-12-07_14-21-35.webp.webp?fit=1200%2C725&ssl=1&resize=350%2C200","width":350,"height":200,"srcset":"https:\/\/i0.wp.com\/ismaelcolosi.com.br\/wp-content\/uploads\/2024\/12\/GABRIEL-TIBURCIO_2024-12-07_14-21-35_jpg_2024-12-07_14-21-35.webp.webp?fit=1200%2C725&ssl=1&resize=350%2C200 1x, https:\/\/i0.wp.com\/ismaelcolosi.com.br\/wp-content\/uploads\/2024\/12\/GABRIEL-TIBURCIO_2024-12-07_14-21-35_jpg_2024-12-07_14-21-35.webp.webp?fit=1200%2C725&ssl=1&resize=525%2C300 1.5x, https:\/\/i0.wp.com\/ismaelcolosi.com.br\/wp-content\/uploads\/2024\/12\/GABRIEL-TIBURCIO_2024-12-07_14-21-35_jpg_2024-12-07_14-21-35.webp.webp?fit=1200%2C725&ssl=1&resize=700%2C400 2x, https:\/\/i0.wp.com\/ismaelcolosi.com.br\/wp-content\/uploads\/2024\/12\/GABRIEL-TIBURCIO_2024-12-07_14-21-35_jpg_2024-12-07_14-21-35.webp.webp?fit=1200%2C725&ssl=1&resize=1050%2C600 3x"},"classes":[]},{"id":78768,"url":"https:\/\/ismaelcolosi.com.br\/index.php\/2024\/12\/09\/saerp-alerta-para-falta-dagua-em-bairros-de-ribeirao-preto-veja-quais\/","url_meta":{"origin":78361,"position":3},"title":"Saerp alerta para falta d\u2019\u00e1gua em bairros de Ribeir\u00e3o Preto; Veja quais","author":"ismaelcolosi.com.br","date":"9 de December de 2024","format":false,"excerpt":"A Saerp (Secretaria de \u00c1gua e Esgoto de Ribeir\u00e3o Preto) informou nesta segunda-feira (9) que dois bairros da zona Oeste de Ribeir\u00e3o Preto podem ficar sem \u00e1gua. De acordo com a secretaria, uma equipe realiza manuten\u00e7\u00e3o preventiva do sistema de abastecimento no reservat\u00f3rio Cristo Redentor 1 e 2, o que\u2026","rel":"","context":"In &quot;Not\u00edcias de Ribeir\u00e3o Preto-SP e Regi\u00e3o&quot;","block_context":{"text":"Not\u00edcias de Ribeir\u00e3o Preto-SP e Regi\u00e3o","link":"https:\/\/ismaelcolosi.com.br\/index.php\/category\/noticias-de-ribeirao-preto-sp-e-regiao-ismael-colosi\/"},"img":{"alt_text":"","src":"https:\/\/i0.wp.com\/ismaelcolosi.com.br\/wp-content\/uploads\/2024\/12\/1733751769_torneira_falta_1024x576_08122020103250.jpg?fit=1024%2C576&ssl=1&resize=350%2C200","width":350,"height":200,"srcset":"https:\/\/i0.wp.com\/ismaelcolosi.com.br\/wp-content\/uploads\/2024\/12\/1733751769_torneira_falta_1024x576_08122020103250.jpg?fit=1024%2C576&ssl=1&resize=350%2C200 1x, https:\/\/i0.wp.com\/ismaelcolosi.com.br\/wp-content\/uploads\/2024\/12\/1733751769_torneira_falta_1024x576_08122020103250.jpg?fit=1024%2C576&ssl=1&resize=525%2C300 1.5x, https:\/\/i0.wp.com\/ismaelcolosi.com.br\/wp-content\/uploads\/2024\/12\/1733751769_torneira_falta_1024x576_08122020103250.jpg?fit=1024%2C576&ssl=1&resize=700%2C400 2x"},"classes":[]},{"id":77015,"url":"https:\/\/ismaelcolosi.com.br\/index.php\/2024\/11\/20\/motociclisa-e-socorrida-apos-acidente-em-rotatoria-na-zona-sul-de-ribeirao-preto\/","url_meta":{"origin":78361,"position":4},"title":"Motociclisa \u00e9 socorrida ap\u00f3s acidente em rotat\u00f3ria na zona Sul de Ribeir\u00e3o Preto","author":"ismaelcolosi.com.br","date":"20 de November de 2024","format":false,"excerpt":"Uma motociclista foi socorrida na manh\u00e3 desta quarta-feira (20), ap\u00f3s se envolver em uma batida com um carro na rotat\u00f3ria da avenida Presidente Vargas, no sentido ao Anel Vi\u00e1rio Sul, em Ribeir\u00e3o Preto. Assista ao v\u00eddeo abaixo. A RP Mobi informou que a v\u00edtima foi encaminhada a um hospital. O\u2026","rel":"","context":"In &quot;Not\u00edcias de Ribeir\u00e3o Preto-SP e Regi\u00e3o&quot;","block_context":{"text":"Not\u00edcias de Ribeir\u00e3o Preto-SP e Regi\u00e3o","link":"https:\/\/ismaelcolosi.com.br\/index.php\/category\/noticias-de-ribeirao-preto-sp-e-regiao-ismael-colosi\/"},"img":{"alt_text":"","src":"https:\/\/i0.wp.com\/ismaelcolosi.com.br\/wp-content\/uploads\/2024\/11\/ACIDENTE_2024-11-20_13-59-29_jpg_2024-11-20_13-59-29.webp.webp?fit=1200%2C844&ssl=1&resize=350%2C200","width":350,"height":200,"srcset":"https:\/\/i0.wp.com\/ismaelcolosi.com.br\/wp-content\/uploads\/2024\/11\/ACIDENTE_2024-11-20_13-59-29_jpg_2024-11-20_13-59-29.webp.webp?fit=1200%2C844&ssl=1&resize=350%2C200 1x, https:\/\/i0.wp.com\/ismaelcolosi.com.br\/wp-content\/uploads\/2024\/11\/ACIDENTE_2024-11-20_13-59-29_jpg_2024-11-20_13-59-29.webp.webp?fit=1200%2C844&ssl=1&resize=525%2C300 1.5x, https:\/\/i0.wp.com\/ismaelcolosi.com.br\/wp-content\/uploads\/2024\/11\/ACIDENTE_2024-11-20_13-59-29_jpg_2024-11-20_13-59-29.webp.webp?fit=1200%2C844&ssl=1&resize=700%2C400 2x, https:\/\/i0.wp.com\/ismaelcolosi.com.br\/wp-content\/uploads\/2024\/11\/ACIDENTE_2024-11-20_13-59-29_jpg_2024-11-20_13-59-29.webp.webp?fit=1200%2C844&ssl=1&resize=1050%2C600 3x"},"classes":[]},{"id":79211,"url":"https:\/\/ismaelcolosi.com.br\/index.php\/2024\/12\/13\/natal-luz-confira-a-programacao-deste-fim-de-semana-em-ribeirao-preto\/","url_meta":{"origin":78361,"position":5},"title":"Natal Luz: Confira a programa\u00e7\u00e3o deste fim de semana em Ribeir\u00e3o Preto","author":"ismaelcolosi.com.br","date":"13 de December de 2024","format":false,"excerpt":"O\u00a0Natal Luz,\u00a0promove diversas atividades gratuitas, em\u00a0Ribeir\u00e3o Preto,\u00a0durante todo o m\u00eas de dezembro.\u00a0A programa\u00e7\u00e3o vai at\u00e9 o dia 23 de dezembro e oferece op\u00e7\u00f5es para todos os gostos e idades, com destaque para apresenta\u00e7\u00f5es musicais e a tradicional visita\u00e7\u00e3o ao Papai Noel. Confira os principais eventos deste fim de semana: Caravana\u2026","rel":"","context":"In &quot;Not\u00edcias de Ribeir\u00e3o Preto-SP e Regi\u00e3o&quot;","block_context":{"text":"Not\u00edcias de Ribeir\u00e3o Preto-SP e Regi\u00e3o","link":"https:\/\/ismaelcolosi.com.br\/index.php\/category\/noticias-de-ribeirao-preto-sp-e-regiao-ismael-colosi\/"},"img":{"alt_text":"","src":"https:\/\/i0.wp.com\/ismaelcolosi.com.br\/wp-content\/uploads\/2024\/11\/papai-noel_2024-11-30_14-26-03_jpg_2024-11-30_14-26-03.webp.webp?fit=1195%2C858&ssl=1&resize=350%2C200","width":350,"height":200,"srcset":"https:\/\/i0.wp.com\/ismaelcolosi.com.br\/wp-content\/uploads\/2024\/11\/papai-noel_2024-11-30_14-26-03_jpg_2024-11-30_14-26-03.webp.webp?fit=1195%2C858&ssl=1&resize=350%2C200 1x, https:\/\/i0.wp.com\/ismaelcolosi.com.br\/wp-content\/uploads\/2024\/11\/papai-noel_2024-11-30_14-26-03_jpg_2024-11-30_14-26-03.webp.webp?fit=1195%2C858&ssl=1&resize=525%2C300 1.5x, https:\/\/i0.wp.com\/ismaelcolosi.com.br\/wp-content\/uploads\/2024\/11\/papai-noel_2024-11-30_14-26-03_jpg_2024-11-30_14-26-03.webp.webp?fit=1195%2C858&ssl=1&resize=700%2C400 2x, https:\/\/i0.wp.com\/ismaelcolosi.com.br\/wp-content\/uploads\/2024\/11\/papai-noel_2024-11-30_14-26-03_jpg_2024-11-30_14-26-03.webp.webp?fit=1195%2C858&ssl=1&resize=1050%2C600 3x"},"classes":[]}],"jetpack_sharing_enabled":true,"jetpack_shortlink":"https:\/\/wp.me\/pfMlyK-knT","_links":{"self":[{"href":"https:\/\/ismaelcolosi.com.br\/index.php\/wp-json\/wp\/v2\/posts\/78361","targetHints":{"allow":["GET"]}}],"collection":[{"href":"https:\/\/ismaelcolosi.com.br\/index.php\/wp-json\/wp\/v2\/posts"}],"about":[{"href":"https:\/\/ismaelcolosi.com.br\/index.php\/wp-json\/wp\/v2\/types\/post"}],"author":[{"embeddable":true,"href":"https:\/\/ismaelcolosi.com.br\/index.php\/wp-json\/wp\/v2\/users\/1"}],"replies":[{"embeddable":true,"href":"https:\/\/ismaelcolosi.com.br\/index.php\/wp-json\/wp\/v2\/comments?post=78361"}],"version-history":[{"count":0,"href":"https:\/\/ismaelcolosi.com.br\/index.php\/wp-json\/wp\/v2\/posts\/78361\/revisions"}],"wp:featuredmedia":[{"embeddable":true,"href":"https:\/\/ismaelcolosi.com.br\/index.php\/wp-json\/wp\/v2\/media\/78362"}],"wp:attachment":[{"href":"https:\/\/ismaelcolosi.com.br\/index.php\/wp-json\/wp\/v2\/media?parent=78361"}],"wp:term":[{"taxonomy":"category","embeddable":true,"href":"https:\/\/ismaelcolosi.com.br\/index.php\/wp-json\/wp\/v2\/categories?post=78361"},{"taxonomy":"post_tag","embeddable":true,"href":"https:\/\/ismaelcolosi.com.br\/index.php\/wp-json\/wp\/v2\/tags?post=78361"}],"curies":[{"name":"wp","href":"https:\/\/api.w.org\/{rel}","templated":true}]}}