{"id":78357,"date":"2024-12-04T14:59:45","date_gmt":"2024-12-04T17:59:45","guid":{"rendered":"https:\/\/ismaelcolosi.com.br\/index.php\/2024\/12\/04\/altinopolis-tera-aumento-de-repasses-federais-a-partir-de-2025\/"},"modified":"2024-12-04T14:59:45","modified_gmt":"2024-12-04T17:59:45","slug":"altinopolis-tera-aumento-de-repasses-federais-a-partir-de-2025","status":"publish","type":"post","link":"https:\/\/ismaelcolosi.com.br\/index.php\/2024\/12\/04\/altinopolis-tera-aumento-de-repasses-federais-a-partir-de-2025\/","title":{"rendered":"Altin\u00f3polis ter\u00e1 aumento de repasses federais a partir de 2025\u00a0"},"content":{"rendered":"<p> <br \/>\n<\/p>\n<div>\n<figure id=\"attachment_411545\" aria-describedby=\"caption-attachment-411545\" style=\"width: 225px\" class=\"wp-caption alignleft\"><img data-recalc-dims=\"1\" loading=\"lazy\" decoding=\"async\" class=\"wp-image-411545 size-medium lazyload\" src=\"https:\/\/i0.wp.com\/www.tribunaribeirao.com.br\/wp-content\/uploads\/2024\/12\/eduardo-secretario-altino-225x300.jpeg?resize=225%2C300&#038;ssl=1\" alt=\"\" width=\"225\" height=\"300\" srcset=\"https:\/\/www.tribunaribeirao.com.br\/wp-content\/uploads\/2024\/12\/eduardo-secretario-altino-225x300.jpeg 225w, https:\/\/www.tribunaribeirao.com.br\/wp-content\/uploads\/2024\/12\/eduardo-secretario-altino-768x1024.jpeg 768w, https:\/\/www.tribunaribeirao.com.br\/wp-content\/uploads\/2024\/12\/eduardo-secretario-altino-300x400.jpeg 300w, https:\/\/www.tribunaribeirao.com.br\/wp-content\/uploads\/2024\/12\/eduardo-secretario-altino-585x780.jpeg 585w, https:\/\/www.tribunaribeirao.com.br\/wp-content\/uploads\/2024\/12\/eduardo-secretario-altino-scaled.jpeg 375w\" data-sizes=\"auto, (max-width: 225px) 100vw, 225px\" style=\"--smush-placeholder-width: 225px; --smush-placeholder-aspect-ratio: 225\/300;\"\/><img data-recalc-dims=\"1\" loading=\"lazy\" decoding=\"async\" class=\"wp-image-411545 size-medium\" src=\"https:\/\/i0.wp.com\/www.tribunaribeirao.com.br\/wp-content\/uploads\/2024\/12\/eduardo-secretario-altino-225x300.jpeg?resize=225%2C300&#038;ssl=1\" alt=\"\" width=\"225\" height=\"300\" srcset=\"https:\/\/www.tribunaribeirao.com.br\/wp-content\/uploads\/2024\/12\/eduardo-secretario-altino-225x300.jpeg 225w, https:\/\/www.tribunaribeirao.com.br\/wp-content\/uploads\/2024\/12\/eduardo-secretario-altino-768x1024.jpeg 768w, https:\/\/www.tribunaribeirao.com.br\/wp-content\/uploads\/2024\/12\/eduardo-secretario-altino-300x400.jpeg 300w, https:\/\/www.tribunaribeirao.com.br\/wp-content\/uploads\/2024\/12\/eduardo-secretario-altino-585x780.jpeg 585w, https:\/\/www.tribunaribeirao.com.br\/wp-content\/uploads\/2024\/12\/eduardo-secretario-altino-scaled.jpeg 375w\" sizes=\"auto, (max-width: 225px) 100vw, 225px\"\/><figcaption id=\"caption-attachment-411545\" class=\"wp-caption-text\">O secret\u00e1rio de Administra\u00e7\u00e3o e Finan\u00e7as, Eduardo Poiares aponta que o incremento trar\u00e1 impactos positivos para a gest\u00e3o municipal<\/figcaption><\/figure>\n<p>Altin\u00f3polis est\u00e1 prestes a receber um impulso significativo em seus repasses financeiros a partir de 2025. A Decis\u00e3o Normativa TCU 213, publicada pelo Tribunal de Contas da Uni\u00e3o (TCU), elevou o coeficiente do munic\u00edpio para o Fundo de Participa\u00e7\u00e3o dos Munic\u00edpios (FPM), passando para o \u00edndice de 1,2. Essa mudan\u00e7a representa uma proje\u00e7\u00e3o de aumento de aproximadamente R$ 5 milh\u00f5es anuais nos recursos destinados \u00e0 cidade.<\/p>\n<p>De acordo com o secret\u00e1rio de Administra\u00e7\u00e3o e Finan\u00e7as, Eduardo Poiares, o incremento trar\u00e1 impactos positivos para a gest\u00e3o municipal. \u201cEssa atualiza\u00e7\u00e3o \u00e9 uma perspectiva concreta de aporte de recursos que permitir\u00e1 maior investimento em \u00e1reas estrat\u00e9gicas, beneficiando diretamente a comunidade\u201d, afirmou.<\/p>\n<p>A nova configura\u00e7\u00e3o \u00e9 resultado de esfor\u00e7os da administra\u00e7\u00e3o local em busca do equil\u00edbrio fiscal e da responsabilidade no uso dos recursos p\u00fablicos. \u201cEstamos colhendo os frutos de decis\u00f5es que transformaram a gest\u00e3o p\u00fablica e a vida dos altinopolenses\u201d, destacou Poiares.<\/p>\n<p>Com o aumento do coeficiente do FPM, a administra\u00e7\u00e3o municipal projeta avan\u00e7os importantes nos servi\u00e7os oferecidos \u00e0 popula\u00e7\u00e3o, incluindo infraestrutura, sa\u00fade e educa\u00e7\u00e3o, consolidando o compromisso com o desenvolvimento sustent\u00e1vel da cidade.<\/p>\n<\/div>\n<p><br \/>\n<br \/><a href=\"https:\/\/www.tribunaribeirao.com.br\/altinopolis-tera-aumento-de-repasses-federais-a-partir-de-2025\/\">Source link <\/a><\/p>\n<div class='code-block code-block-4' style='margin: 8px auto 8px 0; text-align: left; display: block; clear: both;'>\n\ud83d\udce2 Aviso Legal\n\nO site ismaelcolosi.com.br atua apenas como um canal de divulga\u00e7\u00e3o de oportunidades de emprego e n\u00e3o se responsabiliza pelo processo seletivo, contrata\u00e7\u00e3o ou qualquer outra etapa relacionada \u00e0s vagas publicadas. Todas as informa\u00e7\u00f5es s\u00e3o de responsabilidade dos anunciantes.\n\n\u26a0\ufe0f Aten\u00e7\u00e3o! Nunca pague por promessas de emprego nem compre cursos que garantam contrata\u00e7\u00e3o. Desconfie de qualquer cobran\u00e7a para participar de sele\u00e7\u00f5es.\n\n\n\n<\/div>\n<!-- CONTENT END 1 -->\n","protected":false},"excerpt":{"rendered":"<p>O secret\u00e1rio de Administra\u00e7\u00e3o e Finan\u00e7as, Eduardo Poiares aponta que o incremento trar\u00e1 impactos positivos para a gest\u00e3o municipal Altin\u00f3polis est\u00e1 prestes a receber um&#8230;<\/p>\n","protected":false},"author":1,"featured_media":78358,"comment_status":"open","ping_status":"open","sticky":false,"template":"","format":"standard","meta":{"_uag_custom_page_level_css":"","advanced_seo_description":"","jetpack_seo_html_title":"","jetpack_seo_noindex":false,"jetpack_post_was_ever_published":false,"_jetpack_newsletter_access":"","_jetpack_dont_email_post_to_subs":false,"_jetpack_newsletter_tier_id":0,"_jetpack_memberships_contains_paywalled_content":false,"_jetpack_memberships_contains_paid_content":false,"footnotes":"","jetpack_publicize_message":"","jetpack_publicize_feature_enabled":true,"jetpack_social_post_already_shared":true,"jetpack_social_options":{"image_generator_settings":{"template":"highway","default_image_id":0,"font":"","enabled":false},"version":2}},"categories":[11],"tags":[],"class_list":["post-78357","post","type-post","status-publish","format-standard","has-post-thumbnail","hentry","category-noticias-de-ribeirao-preto-sp-e-regiao-ismael-colosi"],"jetpack_publicize_connections":[],"jetpack_featured_media_url":"https:\/\/i0.wp.com\/ismaelcolosi.com.br\/wp-content\/uploads\/2024\/12\/eduardo-secretario-altino-225x300.jpeg?fit=225%2C300&ssl=1","uagb_featured_image_src":{"full":["https:\/\/i0.wp.com\/ismaelcolosi.com.br\/wp-content\/uploads\/2024\/12\/eduardo-secretario-altino-225x300.jpeg?fit=225%2C300&ssl=1",225,300,false],"thumbnail":["https:\/\/i0.wp.com\/ismaelcolosi.com.br\/wp-content\/uploads\/2024\/12\/eduardo-secretario-altino-225x300.jpeg?resize=150%2C150&ssl=1",150,150,true],"medium":["https:\/\/i0.wp.com\/ismaelcolosi.com.br\/wp-content\/uploads\/2024\/12\/eduardo-secretario-altino-225x300.jpeg?fit=225%2C300&ssl=1",225,300,true],"medium_large":["https:\/\/i0.wp.com\/ismaelcolosi.com.br\/wp-content\/uploads\/2024\/12\/eduardo-secretario-altino-225x300.jpeg?fit=225%2C300&ssl=1",225,300,true],"large":["https:\/\/i0.wp.com\/ismaelcolosi.com.br\/wp-content\/uploads\/2024\/12\/eduardo-secretario-altino-225x300.jpeg?fit=225%2C300&ssl=1",225,300,true],"1536x1536":["https:\/\/i0.wp.com\/ismaelcolosi.com.br\/wp-content\/uploads\/2024\/12\/eduardo-secretario-altino-225x300.jpeg?fit=225%2C300&ssl=1",225,300,true],"2048x2048":["https:\/\/i0.wp.com\/ismaelcolosi.com.br\/wp-content\/uploads\/2024\/12\/eduardo-secretario-altino-225x300.jpeg?fit=225%2C300&ssl=1",225,300,true],"really-simple-thumb":["https:\/\/i0.wp.com\/ismaelcolosi.com.br\/wp-content\/uploads\/2024\/12\/eduardo-secretario-altino-225x300.jpeg?resize=225%2C247&ssl=1",225,247,true]},"uagb_author_info":{"display_name":"ismaelcolosi.com.br","author_link":"https:\/\/ismaelcolosi.com.br\/index.php\/author\/vidareal-online\/"},"uagb_comment_info":0,"uagb_excerpt":"O secret\u00e1rio de Administra\u00e7\u00e3o e Finan\u00e7as, Eduardo Poiares aponta que o incremento trar\u00e1 impactos positivos para a gest\u00e3o municipal Altin\u00f3polis est\u00e1 prestes a receber um...","jetpack-related-posts":[{"id":51736,"url":"https:\/\/ismaelcolosi.com.br\/index.php\/2024\/05\/30\/festival-da-lua-cheia-reune-grandes-nomes-da-musica-brasileira-no-interior-de-sp\/","url_meta":{"origin":78357,"position":0},"title":"Festival da Lua Cheia re\u00fane grandes nomes da m\u00fasica brasileira no interior de SP","author":"ismaelcolosi.com.br","date":"30 de May de 2024","format":false,"excerpt":"O tradicional \u201cFestival Forr\u00f3 da Lua Cheia\u201d, que re\u00fane grandes nomes da m\u00fasica brasileira, come\u00e7a nesta quinta-feira (30) em Altin\u00f3polis, no interior de S\u00e3o Paulo. A 32\u00aa edi\u00e7\u00e3o do evento ter\u00e1 cerca de 80 atra\u00e7\u00f5es musicais, que se apresentar\u00e3o em cinco palcos, durante os quatro dias de festa. A expectativa\u2026","rel":"","context":"In &quot;Not\u00edcias de Ribeir\u00e3o Preto-SP e Regi\u00e3o&quot;","block_context":{"text":"Not\u00edcias de Ribeir\u00e3o Preto-SP e Regi\u00e3o","link":"https:\/\/ismaelcolosi.com.br\/index.php\/category\/noticias-de-ribeirao-preto-sp-e-regiao-ismael-colosi\/"},"img":{"alt_text":"","src":"https:\/\/i0.wp.com\/ismaelcolosi.com.br\/wp-content\/uploads\/2024\/05\/1717086140_acidadeon_logos_Prancheta-1-copia-12_edited.jpg?fit=1199%2C1200&ssl=1&resize=350%2C200","width":350,"height":200,"srcset":"https:\/\/i0.wp.com\/ismaelcolosi.com.br\/wp-content\/uploads\/2024\/05\/1717086140_acidadeon_logos_Prancheta-1-copia-12_edited.jpg?fit=1199%2C1200&ssl=1&resize=350%2C200 1x, https:\/\/i0.wp.com\/ismaelcolosi.com.br\/wp-content\/uploads\/2024\/05\/1717086140_acidadeon_logos_Prancheta-1-copia-12_edited.jpg?fit=1199%2C1200&ssl=1&resize=525%2C300 1.5x, https:\/\/i0.wp.com\/ismaelcolosi.com.br\/wp-content\/uploads\/2024\/05\/1717086140_acidadeon_logos_Prancheta-1-copia-12_edited.jpg?fit=1199%2C1200&ssl=1&resize=700%2C400 2x, https:\/\/i0.wp.com\/ismaelcolosi.com.br\/wp-content\/uploads\/2024\/05\/1717086140_acidadeon_logos_Prancheta-1-copia-12_edited.jpg?fit=1199%2C1200&ssl=1&resize=1050%2C600 3x"},"classes":[]},{"id":78221,"url":"https:\/\/ismaelcolosi.com.br\/index.php\/2024\/12\/03\/comercio-de-ribeirao-preto-tera-horario-especial-a-partir-de-1o-de-dezembro\/","url_meta":{"origin":78357,"position":1},"title":"Com\u00e9rcio de Ribeir\u00e3o Preto Ter\u00e1 Hor\u00e1rio Especial a Partir de 1\u00ba de Dezembro","author":"ismaelcolosi.com.br","date":"3 de December de 2024","format":false,"excerpt":"O com\u00e9rcio de Ribeir\u00e3o Preto inicia, a partir de 1\u00ba de dezembro, o tradicional hor\u00e1rio estendido para atender ao aumento da demanda durante as festividades de fim de ano. A medida busca atrair consumidores e impulsionar as vendas no per\u00edodo mais movimentado do ano para o varejo. Hor\u00e1rios diferenciados De\u2026","rel":"","context":"In &quot;Not\u00edcias de Ribeir\u00e3o Preto-SP e Regi\u00e3o&quot;","block_context":{"text":"Not\u00edcias de Ribeir\u00e3o Preto-SP e Regi\u00e3o","link":"https:\/\/ismaelcolosi.com.br\/index.php\/category\/noticias-de-ribeirao-preto-sp-e-regiao-ismael-colosi\/"},"img":{"alt_text":"","src":"https:\/\/i0.wp.com\/ismaelcolosi.com.br\/wp-content\/uploads\/2024\/12\/curiosidades-ribeirao-preto.webp.webp?fit=1170%2C700&ssl=1&resize=350%2C200","width":350,"height":200,"srcset":"https:\/\/i0.wp.com\/ismaelcolosi.com.br\/wp-content\/uploads\/2024\/12\/curiosidades-ribeirao-preto.webp.webp?fit=1170%2C700&ssl=1&resize=350%2C200 1x, https:\/\/i0.wp.com\/ismaelcolosi.com.br\/wp-content\/uploads\/2024\/12\/curiosidades-ribeirao-preto.webp.webp?fit=1170%2C700&ssl=1&resize=525%2C300 1.5x, https:\/\/i0.wp.com\/ismaelcolosi.com.br\/wp-content\/uploads\/2024\/12\/curiosidades-ribeirao-preto.webp.webp?fit=1170%2C700&ssl=1&resize=700%2C400 2x, https:\/\/i0.wp.com\/ismaelcolosi.com.br\/wp-content\/uploads\/2024\/12\/curiosidades-ribeirao-preto.webp.webp?fit=1170%2C700&ssl=1&resize=1050%2C600 3x"},"classes":[]},{"id":47696,"url":"https:\/\/ismaelcolosi.com.br\/index.php\/2024\/04\/27\/veja-como-fica-o-tempo-em-ribeirao-preto-neste-fim-de-semana\/","url_meta":{"origin":78357,"position":2},"title":"Veja como fica o tempo em Ribeir\u00e3o Preto neste fim de semana","author":"ismaelcolosi.com.br","date":"27 de April de 2024","format":false,"excerpt":"O \u00faltimo fim de semana de abril em Ribeir\u00e3o Preto ser\u00e1 de muito calor, de acordo com os meteorologistas. Segundo a previs\u00e3o da Climatempo, as temperaturas podem chegar aos 34\u00baC neste s\u00e1bado (27) e no domingo (28). Os dois dias ser\u00e3o marcados pelo sol, com aumento de nuvens a partir\u2026","rel":"","context":"In &quot;Not\u00edcias de Ribeir\u00e3o Preto-SP e Regi\u00e3o&quot;","block_context":{"text":"Not\u00edcias de Ribeir\u00e3o Preto-SP e Regi\u00e3o","link":"https:\/\/ismaelcolosi.com.br\/index.php\/category\/noticias-de-ribeirao-preto-sp-e-regiao-ismael-colosi\/"},"img":{"alt_text":"","src":"https:\/\/i0.wp.com\/ismaelcolosi.com.br\/wp-content\/uploads\/2024\/04\/1714233376_WhatsApp-Image-2024-02-28-at-08.48.57.jpeg?fit=1200%2C900&ssl=1&resize=350%2C200","width":350,"height":200,"srcset":"https:\/\/i0.wp.com\/ismaelcolosi.com.br\/wp-content\/uploads\/2024\/04\/1714233376_WhatsApp-Image-2024-02-28-at-08.48.57.jpeg?fit=1200%2C900&ssl=1&resize=350%2C200 1x, https:\/\/i0.wp.com\/ismaelcolosi.com.br\/wp-content\/uploads\/2024\/04\/1714233376_WhatsApp-Image-2024-02-28-at-08.48.57.jpeg?fit=1200%2C900&ssl=1&resize=525%2C300 1.5x, https:\/\/i0.wp.com\/ismaelcolosi.com.br\/wp-content\/uploads\/2024\/04\/1714233376_WhatsApp-Image-2024-02-28-at-08.48.57.jpeg?fit=1200%2C900&ssl=1&resize=700%2C400 2x, https:\/\/i0.wp.com\/ismaelcolosi.com.br\/wp-content\/uploads\/2024\/04\/1714233376_WhatsApp-Image-2024-02-28-at-08.48.57.jpeg?fit=1200%2C900&ssl=1&resize=1050%2C600 3x"},"classes":[]},{"id":55991,"url":"https:\/\/ismaelcolosi.com.br\/index.php\/2024\/07\/08\/petrobras-anuncia-aumento-da-gasolina-e-do-gas-de-cozinha-veja-os-novos-precos\/","url_meta":{"origin":78357,"position":3},"title":"Petrobras anuncia aumento da gasolina e do g\u00e1s de cozinha; Veja os novos pre\u00e7os","author":"ismaelcolosi.com.br","date":"8 de July de 2024","format":false,"excerpt":"A Petrobras anunciou nesta segunda-feira (8) o aumento dos pre\u00e7os da gasolina e do GLP (g\u00e1s de cozinha) para as distribuidoras. O reajuste dos combust\u00edveis ser\u00e1 v\u00e1lido a partir desta ter\u00e7a-feira (9). De acordo com a estatal, considerando a mistura obrigat\u00f3ria de 73% de gasolina e 27% de etanol anidro\u2026","rel":"","context":"In &quot;Not\u00edcias de Ribeir\u00e3o Preto-SP e Regi\u00e3o&quot;","block_context":{"text":"Not\u00edcias de Ribeir\u00e3o Preto-SP e Regi\u00e3o","link":"https:\/\/ismaelcolosi.com.br\/index.php\/category\/noticias-de-ribeirao-preto-sp-e-regiao-ismael-colosi\/"},"img":{"alt_text":"","src":"https:\/\/i0.wp.com\/ismaelcolosi.com.br\/wp-content\/uploads\/2024\/07\/AnyConv.com__gasolina-1_2024-07-08_16-38-14.webp.webp?fit=1170%2C700&ssl=1&resize=350%2C200","width":350,"height":200,"srcset":"https:\/\/i0.wp.com\/ismaelcolosi.com.br\/wp-content\/uploads\/2024\/07\/AnyConv.com__gasolina-1_2024-07-08_16-38-14.webp.webp?fit=1170%2C700&ssl=1&resize=350%2C200 1x, https:\/\/i0.wp.com\/ismaelcolosi.com.br\/wp-content\/uploads\/2024\/07\/AnyConv.com__gasolina-1_2024-07-08_16-38-14.webp.webp?fit=1170%2C700&ssl=1&resize=525%2C300 1.5x, https:\/\/i0.wp.com\/ismaelcolosi.com.br\/wp-content\/uploads\/2024\/07\/AnyConv.com__gasolina-1_2024-07-08_16-38-14.webp.webp?fit=1170%2C700&ssl=1&resize=700%2C400 2x, https:\/\/i0.wp.com\/ismaelcolosi.com.br\/wp-content\/uploads\/2024\/07\/AnyConv.com__gasolina-1_2024-07-08_16-38-14.webp.webp?fit=1170%2C700&ssl=1&resize=1050%2C600 3x"},"classes":[]},{"id":55995,"url":"https:\/\/ismaelcolosi.com.br\/index.php\/2024\/07\/08\/petrobras-anuncia-aumento-da-gasolina-e-do-gas-de-cozinha-veja-quanto\/","url_meta":{"origin":78357,"position":4},"title":"Petrobras anuncia aumento da gasolina e do g\u00e1s de cozinha; Veja quanto","author":"ismaelcolosi.com.br","date":"8 de July de 2024","format":false,"excerpt":"A Petrobras anunciou nesta segunda-feira (8) o aumento dos pre\u00e7os da gasolina e do GLP (g\u00e1s de cozinha) para as distribuidoras. O reajuste dos combust\u00edveis ser\u00e1 v\u00e1lido a partir desta ter\u00e7a-feira (9). De acordo com a estatal, considerando a mistura obrigat\u00f3ria de 73% de gasolina e 27% de etanol anidro\u2026","rel":"","context":"In &quot;Not\u00edcias de Ribeir\u00e3o Preto-SP e Regi\u00e3o&quot;","block_context":{"text":"Not\u00edcias de Ribeir\u00e3o Preto-SP e Regi\u00e3o","link":"https:\/\/ismaelcolosi.com.br\/index.php\/category\/noticias-de-ribeirao-preto-sp-e-regiao-ismael-colosi\/"},"img":{"alt_text":"","src":"https:\/\/i0.wp.com\/ismaelcolosi.com.br\/wp-content\/uploads\/2024\/07\/AnyConv.com__gasolina-1_2024-07-08_16-38-14.webp.webp?fit=1170%2C700&ssl=1&resize=350%2C200","width":350,"height":200,"srcset":"https:\/\/i0.wp.com\/ismaelcolosi.com.br\/wp-content\/uploads\/2024\/07\/AnyConv.com__gasolina-1_2024-07-08_16-38-14.webp.webp?fit=1170%2C700&ssl=1&resize=350%2C200 1x, https:\/\/i0.wp.com\/ismaelcolosi.com.br\/wp-content\/uploads\/2024\/07\/AnyConv.com__gasolina-1_2024-07-08_16-38-14.webp.webp?fit=1170%2C700&ssl=1&resize=525%2C300 1.5x, https:\/\/i0.wp.com\/ismaelcolosi.com.br\/wp-content\/uploads\/2024\/07\/AnyConv.com__gasolina-1_2024-07-08_16-38-14.webp.webp?fit=1170%2C700&ssl=1&resize=700%2C400 2x, https:\/\/i0.wp.com\/ismaelcolosi.com.br\/wp-content\/uploads\/2024\/07\/AnyConv.com__gasolina-1_2024-07-08_16-38-14.webp.webp?fit=1170%2C700&ssl=1&resize=1050%2C600 3x"},"classes":[]},{"id":32894,"url":"https:\/\/ismaelcolosi.com.br\/index.php\/2024\/01\/26\/repasses-da-prefeitura-de-ribeirao-para-o-prourbano-saltam-de-r-4-milhoes-para-r-86-milhoes\/","url_meta":{"origin":78357,"position":5},"title":"Repasses da Prefeitura de Ribeir\u00e3o para o Pr\u00f3Urbano saltam de R$ 4 milh\u00f5es para R$ 86 milh\u00f5es","author":"ismaelcolosi.com.br","date":"26 de January de 2024","format":false,"excerpt":"Desde 2020, a Prefeitura de Ribeir\u00e3o Preto aumentou em 21 vezes o valor do repasse para o cons\u00f3rcio Pr\u00f3Urbano, respons\u00e1vel pelo transporte coletivo na cidade. O montante saltou de R$ 4.231.954,70, em 2020, para R$ 86.114.328,59, em 2023. Os n\u00fameros s\u00e3o do Portal da Transpar\u00eancia, que apontam que em 2024,\u2026","rel":"","context":"In &quot;Not\u00edcias de Ribeir\u00e3o Preto-SP e Regi\u00e3o&quot;","block_context":{"text":"Not\u00edcias de Ribeir\u00e3o Preto-SP e Regi\u00e3o","link":"https:\/\/ismaelcolosi.com.br\/index.php\/category\/noticias-de-ribeirao-preto-sp-e-regiao-ismael-colosi\/"},"img":{"alt_text":"","src":"https:\/\/i0.wp.com\/ismaelcolosi.com.br\/wp-content\/uploads\/2024\/01\/1706307643_onibus-ribeirao-preto.jpg?fit=1200%2C675&ssl=1&resize=350%2C200","width":350,"height":200,"srcset":"https:\/\/i0.wp.com\/ismaelcolosi.com.br\/wp-content\/uploads\/2024\/01\/1706307643_onibus-ribeirao-preto.jpg?fit=1200%2C675&ssl=1&resize=350%2C200 1x, https:\/\/i0.wp.com\/ismaelcolosi.com.br\/wp-content\/uploads\/2024\/01\/1706307643_onibus-ribeirao-preto.jpg?fit=1200%2C675&ssl=1&resize=525%2C300 1.5x, https:\/\/i0.wp.com\/ismaelcolosi.com.br\/wp-content\/uploads\/2024\/01\/1706307643_onibus-ribeirao-preto.jpg?fit=1200%2C675&ssl=1&resize=700%2C400 2x, https:\/\/i0.wp.com\/ismaelcolosi.com.br\/wp-content\/uploads\/2024\/01\/1706307643_onibus-ribeirao-preto.jpg?fit=1200%2C675&ssl=1&resize=1050%2C600 3x"},"classes":[]}],"jetpack_sharing_enabled":true,"jetpack_shortlink":"https:\/\/wp.me\/pfMlyK-knP","_links":{"self":[{"href":"https:\/\/ismaelcolosi.com.br\/index.php\/wp-json\/wp\/v2\/posts\/78357","targetHints":{"allow":["GET"]}}],"collection":[{"href":"https:\/\/ismaelcolosi.com.br\/index.php\/wp-json\/wp\/v2\/posts"}],"about":[{"href":"https:\/\/ismaelcolosi.com.br\/index.php\/wp-json\/wp\/v2\/types\/post"}],"author":[{"embeddable":true,"href":"https:\/\/ismaelcolosi.com.br\/index.php\/wp-json\/wp\/v2\/users\/1"}],"replies":[{"embeddable":true,"href":"https:\/\/ismaelcolosi.com.br\/index.php\/wp-json\/wp\/v2\/comments?post=78357"}],"version-history":[{"count":0,"href":"https:\/\/ismaelcolosi.com.br\/index.php\/wp-json\/wp\/v2\/posts\/78357\/revisions"}],"wp:featuredmedia":[{"embeddable":true,"href":"https:\/\/ismaelcolosi.com.br\/index.php\/wp-json\/wp\/v2\/media\/78358"}],"wp:attachment":[{"href":"https:\/\/ismaelcolosi.com.br\/index.php\/wp-json\/wp\/v2\/media?parent=78357"}],"wp:term":[{"taxonomy":"category","embeddable":true,"href":"https:\/\/ismaelcolosi.com.br\/index.php\/wp-json\/wp\/v2\/categories?post=78357"},{"taxonomy":"post_tag","embeddable":true,"href":"https:\/\/ismaelcolosi.com.br\/index.php\/wp-json\/wp\/v2\/tags?post=78357"}],"curies":[{"name":"wp","href":"https:\/\/api.w.org\/{rel}","templated":true}]}}