{"id":78351,"date":"2024-12-04T13:11:50","date_gmt":"2024-12-04T16:11:50","guid":{"rendered":"https:\/\/ismaelcolosi.com.br\/index.php\/2024\/12\/04\/anhanguera-tem-manha-de-transito-complicado\/"},"modified":"2024-12-04T13:11:50","modified_gmt":"2024-12-04T16:11:50","slug":"anhanguera-tem-manha-de-transito-complicado","status":"publish","type":"post","link":"https:\/\/ismaelcolosi.com.br\/index.php\/2024\/12\/04\/anhanguera-tem-manha-de-transito-complicado\/","title":{"rendered":"Anhanguera tem manh\u00e3 de tr\u00e2nsito complicado"},"content":{"rendered":"<p> <br \/>\n<\/p>\n<div>\n<p>Por: Adalberto Luque<\/p>\n<p>A manh\u00e3 desta quarta-feira (4) come\u00e7ou com tr\u00e2nsito lento, na Rodovia Anhanguera (SP-330), pr\u00f3ximo \u00e0s cidades de Orl\u00e2ndia e S\u00e3o Joaquim da Barra, regi\u00e3o metropolitana. Um acidente envolvendo duas carretas foi registrado na altura do km 383, pista sentido Sul.<\/p>\n<p>O acidente ocorreu pr\u00f3ximo \u00e0 cidade de S\u00e3o Joaquim da Barra. Segundo a Entrevias, concession\u00e1ria que administra o trecho do acidente, equipes da concession\u00e1ria foram para o local e prestaram atendimento, junto com a Pol\u00edcia Militar Rodovi\u00e1ria (PMRv).<\/p>\n<p>\u201cUma faixa da rodovia e o acostamento est\u00e3o interditadas para o trabalho das equipes e o tr\u00e2nsito flui pela faixa 1 de rolamento\u201d, informou a Entrevias. O tr\u00e2nsito intenso causou congestionamento durante quase toda manh\u00e3.<\/p>\n<p><strong>Carga na pista<\/strong><\/p>\n<p>Outro incidente foi registrado na pista Norte, pr\u00f3ximo a Orl\u00e2ndia. No in\u00edcio da madrugada desta quarta-feira, um caminh\u00e3o seguia pela Rodovia Anhanguera quando, na altura do km 358, a carroceria se rompeu.<\/p>\n<figure id=\"attachment_411524\" aria-describedby=\"caption-attachment-411524\" style=\"width: 800px\" class=\"wp-caption alignnone\"><img data-recalc-dims=\"1\" loading=\"lazy\" decoding=\"async\" class=\"size-full wp-image-411524 lazyload\" src=\"https:\/\/i0.wp.com\/www.tribunaribeirao.com.br\/wp-content\/uploads\/2024\/12\/04dez2024-acidenteanhanguera3-scaled.jpg?resize=800%2C492&#038;ssl=1\" alt=\"\" width=\"800\" height=\"492\" srcset=\"https:\/\/www.tribunaribeirao.com.br\/wp-content\/uploads\/2024\/12\/04dez2024-acidenteanhanguera3-scaled.jpg 800w, https:\/\/www.tribunaribeirao.com.br\/wp-content\/uploads\/2024\/12\/04dez2024-acidenteanhanguera3-300x185.jpg 300w, https:\/\/www.tribunaribeirao.com.br\/wp-content\/uploads\/2024\/12\/04dez2024-acidenteanhanguera3-1024x630.jpg 1024w, https:\/\/www.tribunaribeirao.com.br\/wp-content\/uploads\/2024\/12\/04dez2024-acidenteanhanguera3-768x472.jpg 768w, https:\/\/www.tribunaribeirao.com.br\/wp-content\/uploads\/2024\/12\/04dez2024-acidenteanhanguera3-960x590.jpg 960w, https:\/\/www.tribunaribeirao.com.br\/wp-content\/uploads\/2024\/12\/04dez2024-acidenteanhanguera3-650x400.jpg 650w, https:\/\/www.tribunaribeirao.com.br\/wp-content\/uploads\/2024\/12\/04dez2024-acidenteanhanguera3-585x360.jpg 585w\" data-sizes=\"auto, (max-width: 800px) 100vw, 800px\" style=\"--smush-placeholder-width: 800px; --smush-placeholder-aspect-ratio: 800\/492;\"\/><img data-recalc-dims=\"1\" loading=\"lazy\" decoding=\"async\" class=\"size-full wp-image-411524\" src=\"https:\/\/i0.wp.com\/www.tribunaribeirao.com.br\/wp-content\/uploads\/2024\/12\/04dez2024-acidenteanhanguera3-scaled.jpg?resize=800%2C492&#038;ssl=1\" alt=\"\" width=\"800\" height=\"492\" srcset=\"https:\/\/www.tribunaribeirao.com.br\/wp-content\/uploads\/2024\/12\/04dez2024-acidenteanhanguera3-scaled.jpg 800w, https:\/\/www.tribunaribeirao.com.br\/wp-content\/uploads\/2024\/12\/04dez2024-acidenteanhanguera3-300x185.jpg 300w, https:\/\/www.tribunaribeirao.com.br\/wp-content\/uploads\/2024\/12\/04dez2024-acidenteanhanguera3-1024x630.jpg 1024w, https:\/\/www.tribunaribeirao.com.br\/wp-content\/uploads\/2024\/12\/04dez2024-acidenteanhanguera3-768x472.jpg 768w, https:\/\/www.tribunaribeirao.com.br\/wp-content\/uploads\/2024\/12\/04dez2024-acidenteanhanguera3-960x590.jpg 960w, https:\/\/www.tribunaribeirao.com.br\/wp-content\/uploads\/2024\/12\/04dez2024-acidenteanhanguera3-650x400.jpg 650w, https:\/\/www.tribunaribeirao.com.br\/wp-content\/uploads\/2024\/12\/04dez2024-acidenteanhanguera3-585x360.jpg 585w\" sizes=\"auto, (max-width: 800px) 100vw, 800px\"\/><figcaption id=\"caption-attachment-411524\" class=\"wp-caption-text\">Carroceria rompeu no in\u00edcio da madrugada, causando interdi\u00e7\u00e3o da pista 2 e acostamento no sentido Norte (Foto: Artesp\/Divulga\u00e7\u00e3o)<\/figcaption><\/figure>\n<p>Parte da carga de pisos cer\u00e2micos se espalhou pela pista. A carreta transportava uma carga de 50 toneladas. O pr\u00f3prio motorista acionou a Entrevias. Ele tamb\u00e9m comunicou o problema \u00e0 seguradora, que iria providenciar a remo\u00e7\u00e3o da carga. O que n\u00e3o ocorreu no per\u00edodo da manh\u00e3.<\/p>\n<p>Equipes da Entrevias e da Pol\u00edcia Militar Rodovi\u00e1ria estiveram no local. Houve interdi\u00e7\u00e3o parcial do trecho, com o tr\u00e2nsito fluindo apenas pela faixa 1. De acordo com a Entrevias, todavia, n\u00e3o foi registrada lentid\u00e3o. N\u00e3o houve feridos em nenhuma das ocorr\u00eancias.<\/p>\n<\/div>\n<p><br \/>\n<br \/><a href=\"https:\/\/www.tribunaribeirao.com.br\/anhanguera-tem-manha-de-transito-complicado\/\">Source link <\/a><\/p>\n<div class='code-block code-block-4' style='margin: 8px auto 8px 0; text-align: left; display: block; clear: both;'>\n\ud83d\udce2 Aviso Legal\n\nO site ismaelcolosi.com.br atua apenas como um canal de divulga\u00e7\u00e3o de oportunidades de emprego e n\u00e3o se responsabiliza pelo processo seletivo, contrata\u00e7\u00e3o ou qualquer outra etapa relacionada \u00e0s vagas publicadas. Todas as informa\u00e7\u00f5es s\u00e3o de responsabilidade dos anunciantes.\n\n\u26a0\ufe0f Aten\u00e7\u00e3o! Nunca pague por promessas de emprego nem compre cursos que garantam contrata\u00e7\u00e3o. Desconfie de qualquer cobran\u00e7a para participar de sele\u00e7\u00f5es.\n\n\n\n<\/div>\n<!-- CONTENT END 1 -->\n","protected":false},"excerpt":{"rendered":"<p>Por: Adalberto Luque A manh\u00e3 desta quarta-feira (4) come\u00e7ou com tr\u00e2nsito lento, na Rodovia Anhanguera (SP-330), pr\u00f3ximo \u00e0s cidades de Orl\u00e2ndia e S\u00e3o Joaquim da&#8230;<\/p>\n","protected":false},"author":1,"featured_media":78352,"comment_status":"open","ping_status":"open","sticky":false,"template":"","format":"standard","meta":{"_uag_custom_page_level_css":"","advanced_seo_description":"","jetpack_seo_html_title":"","jetpack_seo_noindex":false,"jetpack_post_was_ever_published":false,"_jetpack_newsletter_access":"","_jetpack_dont_email_post_to_subs":false,"_jetpack_newsletter_tier_id":0,"_jetpack_memberships_contains_paywalled_content":false,"_jetpack_memberships_contains_paid_content":false,"footnotes":"","jetpack_publicize_message":"","jetpack_publicize_feature_enabled":true,"jetpack_social_post_already_shared":true,"jetpack_social_options":{"image_generator_settings":{"template":"highway","default_image_id":0,"font":"","enabled":false},"version":2}},"categories":[11],"tags":[],"class_list":["post-78351","post","type-post","status-publish","format-standard","has-post-thumbnail","hentry","category-noticias-de-ribeirao-preto-sp-e-regiao-ismael-colosi"],"jetpack_publicize_connections":[],"jetpack_featured_media_url":"https:\/\/i0.wp.com\/ismaelcolosi.com.br\/wp-content\/uploads\/2024\/12\/04dez2024-acidenteanhanguera1-scaled.jpg?fit=800%2C446&ssl=1","uagb_featured_image_src":{"full":["https:\/\/i0.wp.com\/ismaelcolosi.com.br\/wp-content\/uploads\/2024\/12\/04dez2024-acidenteanhanguera1-scaled.jpg?fit=800%2C446&ssl=1",800,446,false],"thumbnail":["https:\/\/i0.wp.com\/ismaelcolosi.com.br\/wp-content\/uploads\/2024\/12\/04dez2024-acidenteanhanguera1-scaled.jpg?resize=150%2C150&ssl=1",150,150,true],"medium":["https:\/\/i0.wp.com\/ismaelcolosi.com.br\/wp-content\/uploads\/2024\/12\/04dez2024-acidenteanhanguera1-scaled.jpg?fit=300%2C167&ssl=1",300,167,true],"medium_large":["https:\/\/i0.wp.com\/ismaelcolosi.com.br\/wp-content\/uploads\/2024\/12\/04dez2024-acidenteanhanguera1-scaled.jpg?fit=768%2C428&ssl=1",768,428,true],"large":["https:\/\/i0.wp.com\/ismaelcolosi.com.br\/wp-content\/uploads\/2024\/12\/04dez2024-acidenteanhanguera1-scaled.jpg?fit=800%2C446&ssl=1",800,446,true],"1536x1536":["https:\/\/i0.wp.com\/ismaelcolosi.com.br\/wp-content\/uploads\/2024\/12\/04dez2024-acidenteanhanguera1-scaled.jpg?fit=800%2C446&ssl=1",800,446,true],"2048x2048":["https:\/\/i0.wp.com\/ismaelcolosi.com.br\/wp-content\/uploads\/2024\/12\/04dez2024-acidenteanhanguera1-scaled.jpg?fit=800%2C446&ssl=1",800,446,true],"really-simple-thumb":["https:\/\/i0.wp.com\/ismaelcolosi.com.br\/wp-content\/uploads\/2024\/12\/04dez2024-acidenteanhanguera1-scaled.jpg?resize=370%2C247&ssl=1",370,247,true]},"uagb_author_info":{"display_name":"ismaelcolosi.com.br","author_link":"https:\/\/ismaelcolosi.com.br\/index.php\/author\/vidareal-online\/"},"uagb_comment_info":0,"uagb_excerpt":"Por: Adalberto Luque A manh\u00e3 desta quarta-feira (4) come\u00e7ou com tr\u00e2nsito lento, na Rodovia Anhanguera (SP-330), pr\u00f3ximo \u00e0s cidades de Orl\u00e2ndia e S\u00e3o Joaquim da...","jetpack-related-posts":[{"id":43133,"url":"https:\/\/ismaelcolosi.com.br\/index.php\/2024\/03\/19\/acidentes-causam-congestionamentos-no-anel-viario-sul\/","url_meta":{"origin":78351,"position":0},"title":"Acidentes causam congestionamentos no Anel Vi\u00e1rio Sul","author":"ismaelcolosi.com.br","date":"19 de March de 2024","format":false,"excerpt":"19 de mar\u00e7o de 2024 | 11:18 2Por: Adalberto LuqueO tr\u00e2nsito chegou a ficar parado, na manh\u00e3 desta ter\u00e7a-feira (19), na Rodovia Ant\u00f4nio Duarte Nogueira (SP-322), Anel Vi\u00e1rio Sul, por conta de tr\u00eas acidentes, que ocorreram pr\u00f3ximos um do outro, nos dois sentidos. As batidas ocorreram pr\u00f3ximas \u00e0 rotat\u00f3ria de\u2026","rel":"","context":"In &quot;Not\u00edcias de Ribeir\u00e3o Preto-SP e Regi\u00e3o&quot;","block_context":{"text":"Not\u00edcias de Ribeir\u00e3o Preto-SP e Regi\u00e3o","link":"https:\/\/ismaelcolosi.com.br\/index.php\/category\/noticias-de-ribeirao-preto-sp-e-regiao-ismael-colosi\/"},"img":{"alt_text":"","src":"https:\/\/i0.wp.com\/ismaelcolosi.com.br\/wp-content\/uploads\/2024\/03\/00-19-mar-2024-anel-viario-acidentes-01-foto-max-gallao-mesquita-scaled.jpg?fit=967%2C645&ssl=1&resize=350%2C200","width":350,"height":200,"srcset":"https:\/\/i0.wp.com\/ismaelcolosi.com.br\/wp-content\/uploads\/2024\/03\/00-19-mar-2024-anel-viario-acidentes-01-foto-max-gallao-mesquita-scaled.jpg?fit=967%2C645&ssl=1&resize=350%2C200 1x, https:\/\/i0.wp.com\/ismaelcolosi.com.br\/wp-content\/uploads\/2024\/03\/00-19-mar-2024-anel-viario-acidentes-01-foto-max-gallao-mesquita-scaled.jpg?fit=967%2C645&ssl=1&resize=525%2C300 1.5x, https:\/\/i0.wp.com\/ismaelcolosi.com.br\/wp-content\/uploads\/2024\/03\/00-19-mar-2024-anel-viario-acidentes-01-foto-max-gallao-mesquita-scaled.jpg?fit=967%2C645&ssl=1&resize=700%2C400 2x"},"classes":[]},{"id":69919,"url":"https:\/\/ismaelcolosi.com.br\/index.php\/2024\/10\/08\/rodovia-anhanguera-sofre-interdicao-por-conta-de-incendio\/","url_meta":{"origin":78351,"position":1},"title":"Rodovia Anhanguera sofre interdi\u00e7\u00e3o por conta de inc\u00eandio","author":"ismaelcolosi.com.br","date":"8 de October de 2024","format":false,"excerpt":"No in\u00edcio da tarde desta ter\u00e7a-feira (8), um inc\u00eandio foi registrado na rodovia Anhanguera, pr\u00f3ximo ao quil\u00f4metro 415, em Ituverava, na regi\u00e3o de Ribeir\u00e3o Preto. O local precisou ser interditado duas vezes. De acordo com a Entrevias, equipes da concession\u00e1ria estiveram no local e, com apoio de usinas da regi\u00e3o,\u2026","rel":"","context":"In &quot;Not\u00edcias de Ribeir\u00e3o Preto-SP e Regi\u00e3o&quot;","block_context":{"text":"Not\u00edcias de Ribeir\u00e3o Preto-SP e Regi\u00e3o","link":"https:\/\/ismaelcolosi.com.br\/index.php\/category\/noticias-de-ribeirao-preto-sp-e-regiao-ismael-colosi\/"},"img":{"alt_text":"","src":"https:\/\/i0.wp.com\/ismaelcolosi.com.br\/wp-content\/uploads\/2024\/10\/iofh_2024-10-08_19-16-34_png_2024-10-08_19-16-34.webp.webp?fit=1200%2C628&ssl=1&resize=350%2C200","width":350,"height":200,"srcset":"https:\/\/i0.wp.com\/ismaelcolosi.com.br\/wp-content\/uploads\/2024\/10\/iofh_2024-10-08_19-16-34_png_2024-10-08_19-16-34.webp.webp?fit=1200%2C628&ssl=1&resize=350%2C200 1x, https:\/\/i0.wp.com\/ismaelcolosi.com.br\/wp-content\/uploads\/2024\/10\/iofh_2024-10-08_19-16-34_png_2024-10-08_19-16-34.webp.webp?fit=1200%2C628&ssl=1&resize=525%2C300 1.5x, https:\/\/i0.wp.com\/ismaelcolosi.com.br\/wp-content\/uploads\/2024\/10\/iofh_2024-10-08_19-16-34_png_2024-10-08_19-16-34.webp.webp?fit=1200%2C628&ssl=1&resize=700%2C400 2x, https:\/\/i0.wp.com\/ismaelcolosi.com.br\/wp-content\/uploads\/2024\/10\/iofh_2024-10-08_19-16-34_png_2024-10-08_19-16-34.webp.webp?fit=1200%2C628&ssl=1&resize=1050%2C600 3x"},"classes":[]},{"id":52693,"url":"https:\/\/ismaelcolosi.com.br\/index.php\/2024\/06\/10\/acidente-trava-o-transito-na-rodovia-anhanguera-em-ribeirao-preto\/","url_meta":{"origin":78351,"position":2},"title":"Acidente trava o tr\u00e2nsito na rodovia Anhanguera em Ribeir\u00e3o Preto","author":"ismaelcolosi.com.br","date":"10 de June de 2024","format":false,"excerpt":"Um acidente com ao menos quatro ve\u00edculos prejudica o tr\u00e2nsito na manh\u00e3 desta segunda-feira (10), no km 311 da rodovia Anhanguera (SP-330), zona Leste em Ribeir\u00e3o Preto. Segundo as primeiras informa\u00e7\u00f5es da concession\u00e1ria ViaPaulista, tr\u00eas carros e uma moto foram envolvidos na pista sentido Norte (Capital-interior), na altura do Jardim\u2026","rel":"","context":"In &quot;Not\u00edcias de Ribeir\u00e3o Preto-SP e Regi\u00e3o&quot;","block_context":{"text":"Not\u00edcias de Ribeir\u00e3o Preto-SP e Regi\u00e3o","link":"https:\/\/ismaelcolosi.com.br\/index.php\/category\/noticias-de-ribeirao-preto-sp-e-regiao-ismael-colosi\/"},"img":{"alt_text":"","src":"https:\/\/i0.wp.com\/ismaelcolosi.com.br\/wp-content\/uploads\/2024\/06\/ACIDENTE_2024-06-10_12-03-42_jpg_2024-06-10_12-03-42.webp.webp?fit=1200%2C608&ssl=1&resize=350%2C200","width":350,"height":200,"srcset":"https:\/\/i0.wp.com\/ismaelcolosi.com.br\/wp-content\/uploads\/2024\/06\/ACIDENTE_2024-06-10_12-03-42_jpg_2024-06-10_12-03-42.webp.webp?fit=1200%2C608&ssl=1&resize=350%2C200 1x, https:\/\/i0.wp.com\/ismaelcolosi.com.br\/wp-content\/uploads\/2024\/06\/ACIDENTE_2024-06-10_12-03-42_jpg_2024-06-10_12-03-42.webp.webp?fit=1200%2C608&ssl=1&resize=525%2C300 1.5x, https:\/\/i0.wp.com\/ismaelcolosi.com.br\/wp-content\/uploads\/2024\/06\/ACIDENTE_2024-06-10_12-03-42_jpg_2024-06-10_12-03-42.webp.webp?fit=1200%2C608&ssl=1&resize=700%2C400 2x, https:\/\/i0.wp.com\/ismaelcolosi.com.br\/wp-content\/uploads\/2024\/06\/ACIDENTE_2024-06-10_12-03-42_jpg_2024-06-10_12-03-42.webp.webp?fit=1200%2C608&ssl=1&resize=1050%2C600 3x"},"classes":[]},{"id":66008,"url":"https:\/\/ismaelcolosi.com.br\/index.php\/2024\/09\/15\/acidente-envolvendo-sete-veiculos-deixa-feridos-na-rodovia-anhanguera\/","url_meta":{"origin":78351,"position":3},"title":"Acidente envolvendo sete ve\u00edculos deixa feridos na rodovia Anhanguera","author":"ismaelcolosi.com.br","date":"15 de September de 2024","format":false,"excerpt":"Um acidente envolvendo sete ve\u00edculos foi registrado no inicio da tarde deste domingo (15), na rodovia Anhanguera, em S\u00e3o Joaquim da Barra, regi\u00e3o de Ribeir\u00e3o Preto. Duas pessoas foram socorridas em estado grave. De acordo com a Pol\u00edcia Rodovi\u00e1ria Federal, a fuma\u00e7a no local pode ter causado o acidente. A\u2026","rel":"","context":"In &quot;Not\u00edcias de Ribeir\u00e3o Preto-SP e Regi\u00e3o&quot;","block_context":{"text":"Not\u00edcias de Ribeir\u00e3o Preto-SP e Regi\u00e3o","link":"https:\/\/ismaelcolosi.com.br\/index.php\/category\/noticias-de-ribeirao-preto-sp-e-regiao-ismael-colosi\/"},"img":{"alt_text":"","src":"https:\/\/i0.wp.com\/ismaelcolosi.com.br\/wp-content\/uploads\/2024\/09\/Copia-de-Copia-de-Copia-de-TAMANHO-EXATO-PARA-FOTOS-NO-SISTEMA-NOVO-19_2024-09-15_16-19-48_png_2024-09-15_16-19-49.webp.webp?fit=1200%2C675&ssl=1&resize=350%2C200","width":350,"height":200,"srcset":"https:\/\/i0.wp.com\/ismaelcolosi.com.br\/wp-content\/uploads\/2024\/09\/Copia-de-Copia-de-Copia-de-TAMANHO-EXATO-PARA-FOTOS-NO-SISTEMA-NOVO-19_2024-09-15_16-19-48_png_2024-09-15_16-19-49.webp.webp?fit=1200%2C675&ssl=1&resize=350%2C200 1x, https:\/\/i0.wp.com\/ismaelcolosi.com.br\/wp-content\/uploads\/2024\/09\/Copia-de-Copia-de-Copia-de-TAMANHO-EXATO-PARA-FOTOS-NO-SISTEMA-NOVO-19_2024-09-15_16-19-48_png_2024-09-15_16-19-49.webp.webp?fit=1200%2C675&ssl=1&resize=525%2C300 1.5x, https:\/\/i0.wp.com\/ismaelcolosi.com.br\/wp-content\/uploads\/2024\/09\/Copia-de-Copia-de-Copia-de-TAMANHO-EXATO-PARA-FOTOS-NO-SISTEMA-NOVO-19_2024-09-15_16-19-48_png_2024-09-15_16-19-49.webp.webp?fit=1200%2C675&ssl=1&resize=700%2C400 2x, https:\/\/i0.wp.com\/ismaelcolosi.com.br\/wp-content\/uploads\/2024\/09\/Copia-de-Copia-de-Copia-de-TAMANHO-EXATO-PARA-FOTOS-NO-SISTEMA-NOVO-19_2024-09-15_16-19-48_png_2024-09-15_16-19-49.webp.webp?fit=1200%2C675&ssl=1&resize=1050%2C600 3x"},"classes":[]},{"id":48808,"url":"https:\/\/ismaelcolosi.com.br\/index.php\/2024\/05\/06\/motocicleta-e-arrastada-apos-motorista-atropelar-condutor-em-rodovia-de-ribeirao\/","url_meta":{"origin":78351,"position":4},"title":"Motocicleta \u00e9 arrastada ap\u00f3s motorista atropelar condutor em rodovia de Ribeir\u00e3o","author":"ismaelcolosi.com.br","date":"6 de May de 2024","format":false,"excerpt":"O motorista de um carro foi preso na manh\u00e3 desta segunda-feira (6), ap\u00f3s se envolver em um acidente de tr\u00e2nsito e arrastar uma moto por cerca de tr\u00eas quil\u00f4metros na rodovia Alexandre Balbo (SP-328), em Ribeir\u00e3o Preto. De acordo com o boletim de ocorr\u00eancia registrado, o homem bateu na traseira\u2026","rel":"","context":"In &quot;Not\u00edcias de Ribeir\u00e3o Preto-SP e Regi\u00e3o&quot;","block_context":{"text":"Not\u00edcias de Ribeir\u00e3o Preto-SP e Regi\u00e3o","link":"https:\/\/ismaelcolosi.com.br\/index.php\/category\/noticias-de-ribeirao-preto-sp-e-regiao-ismael-colosi\/"},"img":{"alt_text":"","src":"https:\/\/i0.wp.com\/ismaelcolosi.com.br\/wp-content\/uploads\/2024\/05\/AnyConv.com__Copia-de-Copia-de-TAMANHO-EXATO-PARA-FOTOS-NO-SISTEMA-NOVO-26_2024-05-06_23-03-13.webp.webp?fit=1200%2C675&ssl=1&resize=350%2C200","width":350,"height":200,"srcset":"https:\/\/i0.wp.com\/ismaelcolosi.com.br\/wp-content\/uploads\/2024\/05\/AnyConv.com__Copia-de-Copia-de-TAMANHO-EXATO-PARA-FOTOS-NO-SISTEMA-NOVO-26_2024-05-06_23-03-13.webp.webp?fit=1200%2C675&ssl=1&resize=350%2C200 1x, https:\/\/i0.wp.com\/ismaelcolosi.com.br\/wp-content\/uploads\/2024\/05\/AnyConv.com__Copia-de-Copia-de-TAMANHO-EXATO-PARA-FOTOS-NO-SISTEMA-NOVO-26_2024-05-06_23-03-13.webp.webp?fit=1200%2C675&ssl=1&resize=525%2C300 1.5x, https:\/\/i0.wp.com\/ismaelcolosi.com.br\/wp-content\/uploads\/2024\/05\/AnyConv.com__Copia-de-Copia-de-TAMANHO-EXATO-PARA-FOTOS-NO-SISTEMA-NOVO-26_2024-05-06_23-03-13.webp.webp?fit=1200%2C675&ssl=1&resize=700%2C400 2x, https:\/\/i0.wp.com\/ismaelcolosi.com.br\/wp-content\/uploads\/2024\/05\/AnyConv.com__Copia-de-Copia-de-TAMANHO-EXATO-PARA-FOTOS-NO-SISTEMA-NOVO-26_2024-05-06_23-03-13.webp.webp?fit=1200%2C675&ssl=1&resize=1050%2C600 3x"},"classes":[]},{"id":47776,"url":"https:\/\/ismaelcolosi.com.br\/index.php\/2024\/04\/28\/carreta-pega-fogo-apos-acidente-na-rodovia-anhanguera-na-regiao-de-ribeirao-preto\/","url_meta":{"origin":78351,"position":5},"title":"Carreta pega fogo ap\u00f3s acidente na rodovia Anhanguera na regi\u00e3o de Ribeir\u00e3o Preto","author":"ismaelcolosi.com.br","date":"28 de April de 2024","format":false,"excerpt":"Um acidente ocorrido no final da manh\u00e3 deste domingo (28) provocou a interdi\u00e7\u00e3o da rodovia Anhanguera (SP-330) pr\u00f3ximo ao km 240, em Santa Rita do Passa Quatro, cidade a aproximadamente 80 quil\u00f4metros de Ribeir\u00e3o Preto. De acordo com a concession\u00e1ria ViaPaulista, equipes foram acionadas para atender uma ocorr\u00eancia de choque\u2026","rel":"","context":"In &quot;Not\u00edcias de Ribeir\u00e3o Preto-SP e Regi\u00e3o&quot;","block_context":{"text":"Not\u00edcias de Ribeir\u00e3o Preto-SP e Regi\u00e3o","link":"https:\/\/ismaelcolosi.com.br\/index.php\/category\/noticias-de-ribeirao-preto-sp-e-regiao-ismael-colosi\/"},"img":{"alt_text":"","src":"https:\/\/i0.wp.com\/ismaelcolosi.com.br\/wp-content\/uploads\/2024\/04\/Copia-de-Copia-de-TAMANHO-EXATO-PARA-FOTOS-NO-SISTEMA-NOVO-16_2024-04-28_17-42-16_png.webp.webp?fit=1200%2C675&ssl=1&resize=350%2C200","width":350,"height":200,"srcset":"https:\/\/i0.wp.com\/ismaelcolosi.com.br\/wp-content\/uploads\/2024\/04\/Copia-de-Copia-de-TAMANHO-EXATO-PARA-FOTOS-NO-SISTEMA-NOVO-16_2024-04-28_17-42-16_png.webp.webp?fit=1200%2C675&ssl=1&resize=350%2C200 1x, https:\/\/i0.wp.com\/ismaelcolosi.com.br\/wp-content\/uploads\/2024\/04\/Copia-de-Copia-de-TAMANHO-EXATO-PARA-FOTOS-NO-SISTEMA-NOVO-16_2024-04-28_17-42-16_png.webp.webp?fit=1200%2C675&ssl=1&resize=525%2C300 1.5x, https:\/\/i0.wp.com\/ismaelcolosi.com.br\/wp-content\/uploads\/2024\/04\/Copia-de-Copia-de-TAMANHO-EXATO-PARA-FOTOS-NO-SISTEMA-NOVO-16_2024-04-28_17-42-16_png.webp.webp?fit=1200%2C675&ssl=1&resize=700%2C400 2x, https:\/\/i0.wp.com\/ismaelcolosi.com.br\/wp-content\/uploads\/2024\/04\/Copia-de-Copia-de-TAMANHO-EXATO-PARA-FOTOS-NO-SISTEMA-NOVO-16_2024-04-28_17-42-16_png.webp.webp?fit=1200%2C675&ssl=1&resize=1050%2C600 3x"},"classes":[]}],"jetpack_sharing_enabled":true,"jetpack_shortlink":"https:\/\/wp.me\/pfMlyK-knJ","_links":{"self":[{"href":"https:\/\/ismaelcolosi.com.br\/index.php\/wp-json\/wp\/v2\/posts\/78351","targetHints":{"allow":["GET"]}}],"collection":[{"href":"https:\/\/ismaelcolosi.com.br\/index.php\/wp-json\/wp\/v2\/posts"}],"about":[{"href":"https:\/\/ismaelcolosi.com.br\/index.php\/wp-json\/wp\/v2\/types\/post"}],"author":[{"embeddable":true,"href":"https:\/\/ismaelcolosi.com.br\/index.php\/wp-json\/wp\/v2\/users\/1"}],"replies":[{"embeddable":true,"href":"https:\/\/ismaelcolosi.com.br\/index.php\/wp-json\/wp\/v2\/comments?post=78351"}],"version-history":[{"count":0,"href":"https:\/\/ismaelcolosi.com.br\/index.php\/wp-json\/wp\/v2\/posts\/78351\/revisions"}],"wp:featuredmedia":[{"embeddable":true,"href":"https:\/\/ismaelcolosi.com.br\/index.php\/wp-json\/wp\/v2\/media\/78352"}],"wp:attachment":[{"href":"https:\/\/ismaelcolosi.com.br\/index.php\/wp-json\/wp\/v2\/media?parent=78351"}],"wp:term":[{"taxonomy":"category","embeddable":true,"href":"https:\/\/ismaelcolosi.com.br\/index.php\/wp-json\/wp\/v2\/categories?post=78351"},{"taxonomy":"post_tag","embeddable":true,"href":"https:\/\/ismaelcolosi.com.br\/index.php\/wp-json\/wp\/v2\/tags?post=78351"}],"curies":[{"name":"wp","href":"https:\/\/api.w.org\/{rel}","templated":true}]}}