{"id":78349,"date":"2024-12-04T12:55:27","date_gmt":"2024-12-04T15:55:27","guid":{"rendered":"https:\/\/ismaelcolosi.com.br\/index.php\/2024\/12\/04\/equipe-de-ricardo-silva-divulga-rombo-de-r-18-bilhoes-na-prefeitura\/"},"modified":"2024-12-04T12:55:27","modified_gmt":"2024-12-04T15:55:27","slug":"equipe-de-ricardo-silva-divulga-rombo-de-r-18-bilhoes-na-prefeitura","status":"publish","type":"post","link":"https:\/\/ismaelcolosi.com.br\/index.php\/2024\/12\/04\/equipe-de-ricardo-silva-divulga-rombo-de-r-18-bilhoes-na-prefeitura\/","title":{"rendered":"Equipe de Ricardo Silva divulga rombo de R$ 1,8 bilh\u00f5es na prefeitura"},"content":{"rendered":"<p> <br \/>\n<\/p>\n<div>\n<p>A equipe de transi\u00e7\u00e3o do prefeito eleito Ricardo Silva (PSD) divulgou nesta quarta-feira, 4 de dezembro, em coletiva de imprensa, que o atual governo comandado por Duarte Nogueira (PSDB) deixou de provisionar, para o pr\u00f3ximo ano, R$ 1.860.624.677,01 para as pastas da Sa\u00fade e Educa\u00e7\u00e3o, para o Instituto e Previd\u00eancia dos Municipi\u00e1rios (IPM), pagamento de precat\u00f3rios, al\u00e9m da d\u00edvida fundada do munic\u00edpio. A equipe de transi\u00e7\u00e3o \u00e9 comandada pelo juiz federal aposentado, Augusto Martinez Perez anunciado esta semana como o secret\u00e1rio de Justi\u00e7a da pr\u00f3xima gest\u00e3o.<\/p>\n<p>Segundo a equipe, este \u00e9 o d\u00e9ficit apurado at\u00e9 momento, a partir de dados fornecidos pela administra\u00e7\u00e3o municipal que tem como coordenador da equipe de transi\u00e7\u00e3o por parte da prefeitura, o secret\u00e1rio municipal de Governo, Ant\u00f4nio Daas Aboud.<\/p>\n<p>Na pr\u00e1tica, segundo a equipe de Ricardo Silva, estas secretarias e \u00f3rg\u00e3os p\u00fablicos ter\u00e3o um custo maior no pr\u00f3ximo ano e que sem o provisionamento, ou elas reduzem seus gastos ou o pr\u00f3ximo prefeito ter\u00e1 que fazer o remanejamento de recursos \u2013 na dota\u00e7\u00e3o or\u00e7ament\u00e1ria -, para cobrir seus custos, diminuindo o repasse para outras secretarias e \u00f3rg\u00e3os municipais.<\/p>\n<p>A Lei Or\u00e7ament\u00e1ria Anual (LOA) permite que a prefeitura fa\u00e7a o remanejamento de at\u00e9 15% da receita corrente l\u00edquida do ano, sem a necessidade de envio de projeto de lei espec\u00edfico para aprova\u00e7\u00e3o da C\u00e2mara. Os investimentos m\u00ednimos obrigat\u00f3rios da prefeitura, estabelecidos pela Constitui\u00e7\u00e3o Federal, para a Educa\u00e7\u00e3o \u00e9 de 25% e para a Sa\u00fade de 15%.<\/p>\n<p>\u201cFicamos surpresos com o que apuramos nos \u00faltimos dias. N\u00e3o imagin\u00e1vamos que havia um desequil\u00edbrio financeiro desta propor\u00e7\u00e3o, que atinge secretarias t\u00e3o importantes. Estamos alarmados, mas conscientes de que vamos trabalhar sem tr\u00e9gua para reverter esse quadro assombroso e transformar Ribeir\u00e3o Preto, de fato, numa cidade mais humana, administrando bem as contas da prefeitura de forma transparente, com respeito ao or\u00e7amento p\u00fablico e, acima de tudo, \u00e0 nossa popula\u00e7\u00e3o\u201d, disse Augusto Martinez Perez, coordenador do Governo de Transi\u00e7\u00e3o de Ricardo Silva.<\/p>\n<figure id=\"attachment_411535\" aria-describedby=\"caption-attachment-411535\" style=\"width: 300px\" class=\"wp-caption alignleft\"><img data-recalc-dims=\"1\" loading=\"lazy\" decoding=\"async\" class=\"wp-image-411535 size-medium lazyload\" src=\"https:\/\/i0.wp.com\/www.tribunaribeirao.com.br\/wp-content\/uploads\/2024\/12\/rombo2risk-300x200.jpg?resize=300%2C200&#038;ssl=1\" alt=\"\" width=\"300\" height=\"200\" srcset=\"https:\/\/www.tribunaribeirao.com.br\/wp-content\/uploads\/2024\/12\/rombo2risk-300x200.jpg 300w, https:\/\/www.tribunaribeirao.com.br\/wp-content\/uploads\/2024\/12\/rombo2risk-768x512.jpg 768w, https:\/\/www.tribunaribeirao.com.br\/wp-content\/uploads\/2024\/12\/rombo2risk-480x320.jpg 480w, https:\/\/www.tribunaribeirao.com.br\/wp-content\/uploads\/2024\/12\/rombo2risk-280x186.jpg 280w, https:\/\/www.tribunaribeirao.com.br\/wp-content\/uploads\/2024\/12\/rombo2risk-600x400.jpg 600w, https:\/\/www.tribunaribeirao.com.br\/wp-content\/uploads\/2024\/12\/rombo2risk-585x390.jpg 585w, https:\/\/www.tribunaribeirao.com.br\/wp-content\/uploads\/2024\/12\/rombo2risk.jpg 750w\" data-sizes=\"auto, (max-width: 300px) 100vw, 300px\" style=\"--smush-placeholder-width: 300px; --smush-placeholder-aspect-ratio: 300\/200;\"\/><img data-recalc-dims=\"1\" loading=\"lazy\" decoding=\"async\" class=\"wp-image-411535 size-medium\" src=\"https:\/\/i0.wp.com\/www.tribunaribeirao.com.br\/wp-content\/uploads\/2024\/12\/rombo2risk-300x200.jpg?resize=300%2C200&#038;ssl=1\" alt=\"\" width=\"300\" height=\"200\" srcset=\"https:\/\/www.tribunaribeirao.com.br\/wp-content\/uploads\/2024\/12\/rombo2risk-300x200.jpg 300w, https:\/\/www.tribunaribeirao.com.br\/wp-content\/uploads\/2024\/12\/rombo2risk-768x512.jpg 768w, https:\/\/www.tribunaribeirao.com.br\/wp-content\/uploads\/2024\/12\/rombo2risk-480x320.jpg 480w, https:\/\/www.tribunaribeirao.com.br\/wp-content\/uploads\/2024\/12\/rombo2risk-280x186.jpg 280w, https:\/\/www.tribunaribeirao.com.br\/wp-content\/uploads\/2024\/12\/rombo2risk-600x400.jpg 600w, https:\/\/www.tribunaribeirao.com.br\/wp-content\/uploads\/2024\/12\/rombo2risk-585x390.jpg 585w, https:\/\/www.tribunaribeirao.com.br\/wp-content\/uploads\/2024\/12\/rombo2risk.jpg 750w\" sizes=\"auto, (max-width: 300px) 100vw, 300px\"\/><figcaption id=\"caption-attachment-411535\" class=\"wp-caption-text\">O que vimos \u00e9 muito preocupante, disse o prefeito eleito Ricardo Silva<\/figcaption><\/figure>\n<p>\u201cApuramos cortes sistem\u00e1ticos em v\u00e1rias secretarias e \u00f3rg\u00e3os, talvez com objetivo de tentar deixar as contas no \u2018azul\u2019. O que vimos \u00e9 muito preocupante, sim, mas, como tenho afirmado, vamos trabalhar incansavelmente para atender as fam\u00edlias, as pessoas que mais precisam dos servi\u00e7os p\u00fablicos, deixar a cidade bonita para todos, com mais oportunidades de empreender, de gerar empregos e renda. Estamos com uma equipe extremamente t\u00e9cnica, com profissionais experientes capazes de pensar o or\u00e7amento p\u00fablico com respeito, cuidado e transpar\u00eancia\u201d, ressaltou o prefeito eleito, Ricardo Silva.<\/p>\n<p>\u00a0<\/p>\n<h3><strong>Atual administra\u00e7\u00e3o nega rombo<\/strong><\/h3>\n<p>A atual administra\u00e7\u00e3o municipal negou o rombo. Por meio de comunicado, afirmou as informa\u00e7\u00f5es apresentadas de que a atual gest\u00e3o deixar\u00e1 d\u00edvidas para a pr\u00f3xima administra\u00e7\u00e3o s\u00e3o equivocadas.<\/p>\n<p>Ressaltou que Ribeir\u00e3o Preto possui a classifica\u00e7\u00e3o A+, no \u00edndice Capacidade de Pagamento (CAPAG), do governo Federal o que confirmaria que a prefeitura tem uma gest\u00e3o fiscal eficiente e respons\u00e1vel. Disse que os indicadores que comp\u00f5em o levantamento demonstram que o endividamento a cidade \u00e9 de 24,79%, garantindo a nota A. J\u00e1 a Poupan\u00e7a Corrente tem \u00cdndice de 93,07%, resultando em nota B e a Liquidez Relativa tem \u00edndice de 6,13%, assegurando nota ao munic\u00edpio.<\/p>\n<p>\u201cEsses indicadores refletem a sa\u00fade fiscal do munic\u00edpio, que est\u00e1 apto a contrair novos empr\u00e9stimos sem risco de cr\u00e9dito ao Tesouro Nacional. Durante os \u00faltimos oito anos, nenhum or\u00e7amento da prefeitura apresentou d\u00e9ficit. Pelo contr\u00e1rio, houve super\u00e1vits anuais. Todas as obriga\u00e7\u00f5es financeiras do munic\u00edpio foram cumpridas de forma integral e pontual. A estimativa para o encerramento deste exerc\u00edcio financeiro \u00e9 de um super\u00e1vit entre R$ 70 milh\u00f5es e R$ 100 milh\u00f5es\u201d.<\/p>\n<p>E prossegue: \u201cA atual gest\u00e3o sempre respeitou e frequentemente superou os percentuais m\u00ednimos de investimento em \u00e1reas essenciais, como educa\u00e7\u00e3o. Importante ressaltar que n\u00e3o houve atrasos em pagamentos relacionados \u00e0 manuten\u00e7\u00e3o ou merenda escolar, tampouco interrup\u00e7\u00e3o dos servi\u00e7os. Qualquer ajuste feito foi necess\u00e1rio para atender demandas ao longo do exerc\u00edcio, sempre com respeito \u00e0s legisla\u00e7\u00f5es vigentes\u201d.<\/p>\n<p>Ressaltou que os n\u00fameros apresentados carecem de consist\u00eancia e n\u00e3o refletem a verdadeira situa\u00e7\u00e3o das finan\u00e7as p\u00fablicas de Ribeir\u00e3o Preto. \u201cRefor\u00e7amos que a pr\u00f3xima administra\u00e7\u00e3o encontrar\u00e1 um munic\u00edpio com finan\u00e7as equilibradas, contas aprovadas e uma d\u00edvida consolidada muito inferior \u00e0quela recebida no in\u00edcio de nossa gest\u00e3o, em 2017\u201d, conclui o texto.<\/p>\n<p>\u00a0<\/p>\n<h4><strong>Rombo da Prefeitura para 2025, segundo equipe de Ricardo Silva<\/strong><\/h4>\n<p><strong>IPM <\/strong><\/p>\n<p>Previs\u00e3o de despesas 2025: R$ 772.740.654,06<\/p>\n<p>Proposta de or\u00e7amento 2025: R$ 328.000.000,00<\/p>\n<p>Sem previs\u00e3o de or\u00e7amento: R$ 444.740.654,06<\/p>\n<p><strong>Precat\u00f3rios (d\u00edvidas)<\/strong><\/p>\n<p>R$ 207.599.463,88<\/p>\n<p>R$ 329.982.275,18<\/p>\n<p>Diferen\u00e7a: 122.383.261,30<\/p>\n<p><strong>Sa\u00fade<\/strong><\/p>\n<p>Previs\u00e3o de despesas para 2025: R$ 810.450.000,00<\/p>\n<p>Proposta or\u00e7amento 2025: R$ 660 milh\u00f5es<\/p>\n<p>Rombo: R$ 150 milh\u00f5es<\/p>\n<p><strong>Educa\u00e7\u00e3o<\/strong><\/p>\n<p>Previs\u00e3o de despesas para 2025: R$ 1.031.000.000,00<\/p>\n<p>Proposta or\u00e7ament\u00e1ria 2025: R$ 879.801.000,00<\/p>\n<p>Rombo: R$150 milh\u00f5es<\/p>\n<p><strong>Funda\u00e7\u00e3o Dom Pedro II <\/strong><\/p>\n<p>Repasse 2024: R$ 4.389.000,00<\/p>\n<p>Previs\u00e3o 2025: R$ 4.149.600,00<\/p>\n<p>Diferen\u00e7a: R$ 239.400,00<\/p>\n<p><strong>Funda\u00e7\u00e3o Instituto do Livro <\/strong><\/p>\n<p>Repasse 2024: R$ 762.300,00<\/p>\n<p>Previs\u00e3o 2025: R$ 700.000,00<\/p>\n<p>Diferen\u00e7a: R$ 62.300,00<\/p>\n<p><strong>FUNDET R<\/strong><\/p>\n<p>Repasse 2024: R$ 660.000,00<\/p>\n<p>Previs\u00e3o 2025: R$ 600.000,00<\/p>\n<p>Diferen\u00e7a: R$ 60.000,00<\/p>\n<p><strong>Funda\u00e7\u00e3o Forma\u00e7\u00e3o Tecnol\u00f3gica <\/strong><\/p>\n<p>Repasse 2024: R$ 2.137.760,40<\/p>\n<p>Previs\u00e3o 2025: R$ 2.000.000,00<\/p>\n<p>Diferen\u00e7a: R$ 137.760,40<\/p>\n<p><strong>RESUMO GERAL DA D\u00cdVIDA<\/strong><\/p>\n<p>Fundada\u2026\u2026\u2026\u2026\u2026\u2026\u2026\u2026\u2026\u2026\u2026\u2026\u2026\u2026\u2026\u2026\u2026..R$ 991.352.301,25<\/p>\n<p>IPM\u2026\u2026\u2026\u2026\u2026\u2026\u2026\u2026\u2026\u2026\u2026\u2026\u2026\u2026\u2026\u2026\u2026\u2026\u2026\u2026R$ 444.740.654,06<\/p>\n<p>Precat\u00f3rios\u2026\u2026\u2026\u2026\u2026\u2026\u2026\u2026\u2026\u2026\u2026\u2026\u2026\u2026\u2026\u2026.R$ 122.383.261,30<\/p>\n<p>Educa\u00e7\u00e3o\u2026\u2026\u2026\u2026\u2026\u2026\u2026\u2026\u2026\u2026\u2026\u2026\u2026\u2026\u2026\u2026\u2026R$ 151.199.000,00<\/p>\n<p>Sa\u00fade\u2026\u2026\u2026\u2026\u2026\u2026\u2026\u2026\u2026\u2026\u2026\u2026\u2026\u2026\u2026\u2026\u2026\u2026\u2026R$ 150.450.000,00<\/p>\n<p>Cortes nas Funda\u00e7\u00f5es\u2026\u2026\u2026\u2026\u2026\u2026\u2026\u2026\u2026\u2026..R$ 499.460,40<\/p>\n<p>ROMBO AT\u00c9 O MOMENTO\u2026\u2026\u2026\u2026\u2026R$ 1.860.624.677,01<\/p>\n<p><em>(N\u00fameros divulgados pela equipe de transi\u00e7\u00e3o do pr\u00f3ximo governo)<\/em><\/p>\n<\/div>\n<p><br \/>\n<br \/><a href=\"https:\/\/www.tribunaribeirao.com.br\/equipe-de-ricardo-silva-divulga-rombo-de-r-18-bilhoes-na-prefeitura\/\">Source link <\/a><\/p>\n<div class='code-block code-block-4' style='margin: 8px auto 8px 0; text-align: left; display: block; clear: both;'>\n\ud83d\udce2 Aviso Legal\n\nO site ismaelcolosi.com.br atua apenas como um canal de divulga\u00e7\u00e3o de oportunidades de emprego e n\u00e3o se responsabiliza pelo processo seletivo, contrata\u00e7\u00e3o ou qualquer outra etapa relacionada \u00e0s vagas publicadas. Todas as informa\u00e7\u00f5es s\u00e3o de responsabilidade dos anunciantes.\n\n\u26a0\ufe0f Aten\u00e7\u00e3o! Nunca pague por promessas de emprego nem compre cursos que garantam contrata\u00e7\u00e3o. Desconfie de qualquer cobran\u00e7a para participar de sele\u00e7\u00f5es.\n\n\n\n<\/div>\n<!-- CONTENT END 1 -->\n","protected":false},"excerpt":{"rendered":"<p>A equipe de transi\u00e7\u00e3o do prefeito eleito Ricardo Silva (PSD) divulgou nesta quarta-feira, 4 de dezembro, em coletiva de imprensa, que o atual governo comandado&#8230;<\/p>\n","protected":false},"author":1,"featured_media":78350,"comment_status":"open","ping_status":"open","sticky":false,"template":"","format":"standard","meta":{"_uag_custom_page_level_css":"","advanced_seo_description":"","jetpack_seo_html_title":"","jetpack_seo_noindex":false,"jetpack_post_was_ever_published":false,"_jetpack_newsletter_access":"","_jetpack_dont_email_post_to_subs":false,"_jetpack_newsletter_tier_id":0,"_jetpack_memberships_contains_paywalled_content":false,"_jetpack_memberships_contains_paid_content":false,"footnotes":"","jetpack_publicize_message":"","jetpack_publicize_feature_enabled":true,"jetpack_social_post_already_shared":true,"jetpack_social_options":{"image_generator_settings":{"template":"highway","default_image_id":0,"font":"","enabled":false},"version":2}},"categories":[11],"tags":[],"class_list":["post-78349","post","type-post","status-publish","format-standard","has-post-thumbnail","hentry","category-noticias-de-ribeirao-preto-sp-e-regiao-ismael-colosi"],"jetpack_publicize_connections":[],"jetpack_featured_media_url":"https:\/\/i0.wp.com\/ismaelcolosi.com.br\/wp-content\/uploads\/2024\/12\/rombo1risk.jpg?fit=750%2C500&ssl=1","uagb_featured_image_src":{"full":["https:\/\/i0.wp.com\/ismaelcolosi.com.br\/wp-content\/uploads\/2024\/12\/rombo1risk.jpg?fit=750%2C500&ssl=1",750,500,false],"thumbnail":["https:\/\/i0.wp.com\/ismaelcolosi.com.br\/wp-content\/uploads\/2024\/12\/rombo1risk.jpg?resize=150%2C150&ssl=1",150,150,true],"medium":["https:\/\/i0.wp.com\/ismaelcolosi.com.br\/wp-content\/uploads\/2024\/12\/rombo1risk.jpg?fit=300%2C200&ssl=1",300,200,true],"medium_large":["https:\/\/i0.wp.com\/ismaelcolosi.com.br\/wp-content\/uploads\/2024\/12\/rombo1risk.jpg?fit=750%2C500&ssl=1",750,500,true],"large":["https:\/\/i0.wp.com\/ismaelcolosi.com.br\/wp-content\/uploads\/2024\/12\/rombo1risk.jpg?fit=750%2C500&ssl=1",750,500,true],"1536x1536":["https:\/\/i0.wp.com\/ismaelcolosi.com.br\/wp-content\/uploads\/2024\/12\/rombo1risk.jpg?fit=750%2C500&ssl=1",750,500,true],"2048x2048":["https:\/\/i0.wp.com\/ismaelcolosi.com.br\/wp-content\/uploads\/2024\/12\/rombo1risk.jpg?fit=750%2C500&ssl=1",750,500,true],"really-simple-thumb":["https:\/\/i0.wp.com\/ismaelcolosi.com.br\/wp-content\/uploads\/2024\/12\/rombo1risk.jpg?resize=370%2C247&ssl=1",370,247,true]},"uagb_author_info":{"display_name":"ismaelcolosi.com.br","author_link":"https:\/\/ismaelcolosi.com.br\/index.php\/author\/vidareal-online\/"},"uagb_comment_info":0,"uagb_excerpt":"A equipe de transi\u00e7\u00e3o do prefeito eleito Ricardo Silva (PSD) divulgou nesta quarta-feira, 4 de dezembro, em coletiva de imprensa, que o atual governo comandado...","jetpack-related-posts":[{"id":74092,"url":"https:\/\/ismaelcolosi.com.br\/index.php\/2024\/10\/29\/secretario-de-governo-vai-comandar-equipe-de-transicao\/","url_meta":{"origin":78349,"position":0},"title":"Secret\u00e1rio de Governo vai comandar equipe de transi\u00e7\u00e3o","author":"ismaelcolosi.com.br","date":"29 de October de 2024","format":false,"excerpt":"28 de outubro de 2024100 Compartilhar0 O Secret\u00e1rio de Governo do prefeito Duarte Nogueira (PSDB), Antonio Daas Abbod ser\u00e1 o respons\u00e1vel pelo comando da equipe de transi\u00e7\u00e3o que ser\u00e1 nomeada para passar todos os dados da prefeitura para a equipe do prefeito eleito, Ricardo Silva (PSD). A equipe ser\u00e1 oficializada\u2026","rel":"","context":"In &quot;Not\u00edcias de Ribeir\u00e3o Preto-SP e Regi\u00e3o&quot;","block_context":{"text":"Not\u00edcias de Ribeir\u00e3o Preto-SP e Regi\u00e3o","link":"https:\/\/ismaelcolosi.com.br\/index.php\/category\/noticias-de-ribeirao-preto-sp-e-regiao-ismael-colosi\/"},"img":{"alt_text":"","src":"https:\/\/i0.wp.com\/ismaelcolosi.com.br\/wp-content\/uploads\/2024\/10\/4ec5b0ac-31e7-4370-a2d2-245c5ed2fb96-1.jpeg?fit=200%2C300&ssl=1&resize=350%2C200","width":350,"height":200},"classes":[]},{"id":73719,"url":"https:\/\/ismaelcolosi.com.br\/index.php\/2024\/10\/28\/nogueira-indica-secretario-para-transicao-de-governo-de-ricardo-silva\/","url_meta":{"origin":78349,"position":1},"title":"Nogueira indica secret\u00e1rio para transi\u00e7\u00e3o de governo de Ricardo Silva","author":"ismaelcolosi.com.br","date":"28 de October de 2024","format":false,"excerpt":"O prefeito de Ribeir\u00e3o Preto, Duarte Nogueira (PSDB), indicou nesta segunda-feira (28) o secret\u00e1rio de Governo Antonio Daas Abboud para come\u00e7ar a transi\u00e7\u00e3o de gest\u00e3o junto com a equipe que ser\u00e1 indicada pelo prefeito eleito Ricardo Silva (PSD). A coluna apurou que o novo prefeito eleito ainda avalia quem indicar\u00e1\u2026","rel":"","context":"In &quot;Not\u00edcias de Ribeir\u00e3o Preto-SP e Regi\u00e3o&quot;","block_context":{"text":"Not\u00edcias de Ribeir\u00e3o Preto-SP e Regi\u00e3o","link":"https:\/\/ismaelcolosi.com.br\/index.php\/category\/noticias-de-ribeirao-preto-sp-e-regiao-ismael-colosi\/"},"img":{"alt_text":"","src":"https:\/\/i0.wp.com\/ismaelcolosi.com.br\/wp-content\/uploads\/2024\/10\/abboud_2024-10-28_16-41-10_jpeg_2024-10-28_16-41-10.webp.webp?fit=1200%2C674&ssl=1&resize=350%2C200","width":350,"height":200,"srcset":"https:\/\/i0.wp.com\/ismaelcolosi.com.br\/wp-content\/uploads\/2024\/10\/abboud_2024-10-28_16-41-10_jpeg_2024-10-28_16-41-10.webp.webp?fit=1200%2C674&ssl=1&resize=350%2C200 1x, https:\/\/i0.wp.com\/ismaelcolosi.com.br\/wp-content\/uploads\/2024\/10\/abboud_2024-10-28_16-41-10_jpeg_2024-10-28_16-41-10.webp.webp?fit=1200%2C674&ssl=1&resize=525%2C300 1.5x, https:\/\/i0.wp.com\/ismaelcolosi.com.br\/wp-content\/uploads\/2024\/10\/abboud_2024-10-28_16-41-10_jpeg_2024-10-28_16-41-10.webp.webp?fit=1200%2C674&ssl=1&resize=700%2C400 2x, https:\/\/i0.wp.com\/ismaelcolosi.com.br\/wp-content\/uploads\/2024\/10\/abboud_2024-10-28_16-41-10_jpeg_2024-10-28_16-41-10.webp.webp?fit=1200%2C674&ssl=1&resize=1050%2C600 3x"},"classes":[]},{"id":74787,"url":"https:\/\/ismaelcolosi.com.br\/index.php\/2024\/11\/02\/definidas-equipes-de-transicao-da-prefeitura-de-rp\/","url_meta":{"origin":78349,"position":2},"title":"Definidas equipes de transi\u00e7\u00e3o da prefeitura de RP","author":"ismaelcolosi.com.br","date":"2 de November de 2024","format":false,"excerpt":"O decreto que institui a equipe respons\u00e1vel pela coordena\u00e7\u00e3o do processo de transi\u00e7\u00e3o do governo Duarte Nogueira (PSDB) para o mandato 2025-2028, que ter\u00e1 Ricardo Silva (PSD) \u00e0 frente da prefeitura de Ribeir\u00e3o Preto, foi publicado, nesta sexta-feira, 1\u00ba de novembro, no Di\u00e1rio Oficial do Munic\u00edpio (DOM). Representando a atual\u2026","rel":"","context":"In &quot;Not\u00edcias de Ribeir\u00e3o Preto-SP e Regi\u00e3o&quot;","block_context":{"text":"Not\u00edcias de Ribeir\u00e3o Preto-SP e Regi\u00e3o","link":"https:\/\/ismaelcolosi.com.br\/index.php\/category\/noticias-de-ribeirao-preto-sp-e-regiao-ismael-colosi\/"},"img":{"alt_text":"","src":"https:\/\/i0.wp.com\/ismaelcolosi.com.br\/wp-content\/uploads\/2024\/11\/Transicao-Alfredo-Risk-scaled.jpg?fit=800%2C449&ssl=1&resize=350%2C200","width":350,"height":200,"srcset":"https:\/\/i0.wp.com\/ismaelcolosi.com.br\/wp-content\/uploads\/2024\/11\/Transicao-Alfredo-Risk-scaled.jpg?fit=800%2C449&ssl=1&resize=350%2C200 1x, https:\/\/i0.wp.com\/ismaelcolosi.com.br\/wp-content\/uploads\/2024\/11\/Transicao-Alfredo-Risk-scaled.jpg?fit=800%2C449&ssl=1&resize=525%2C300 1.5x, https:\/\/i0.wp.com\/ismaelcolosi.com.br\/wp-content\/uploads\/2024\/11\/Transicao-Alfredo-Risk-scaled.jpg?fit=800%2C449&ssl=1&resize=700%2C400 2x"},"classes":[]},{"id":75294,"url":"https:\/\/ismaelcolosi.com.br\/index.php\/2024\/11\/05\/ricardo-silva-anuncia-equipe-de-transicao-com-especialistas-da-usp-para-estruturar-nova-gestao-em-ribeirao-preto\/","url_meta":{"origin":78349,"position":3},"title":"Ricardo Silva Anuncia Equipe de Transi\u00e7\u00e3o com Especialistas da USP para Estruturar Nova Gest\u00e3o em Ribeir\u00e3o Preto","author":"ismaelcolosi.com.br","date":"5 de November de 2024","format":false,"excerpt":"O prefeito eleito de Ribeir\u00e3o Preto, Ricardo Silva, anunciou recentemente os integrantes da equipe de transi\u00e7\u00e3o de seu governo, que ser\u00e1 formada por especialistas ligados \u00e0 Universidade de S\u00e3o Paulo (USP) e outras institui\u00e7\u00f5es acad\u00eamicas renomadas. Essa escolha refor\u00e7a a promessa de uma gest\u00e3o t\u00e9cnica e qualificada, com foco em\u2026","rel":"","context":"In &quot;Not\u00edcias de Ribeir\u00e3o Preto-SP e Regi\u00e3o&quot;","block_context":{"text":"Not\u00edcias de Ribeir\u00e3o Preto-SP e Regi\u00e3o","link":"https:\/\/ismaelcolosi.com.br\/index.php\/category\/noticias-de-ribeirao-preto-sp-e-regiao-ismael-colosi\/"},"img":{"alt_text":"","src":"https:\/\/i0.wp.com\/ismaelcolosi.com.br\/wp-content\/uploads\/2024\/11\/ricardo-silva-12jul-2023-848x477-1.jpg?fit=848%2C477&ssl=1&resize=350%2C200","width":350,"height":200,"srcset":"https:\/\/i0.wp.com\/ismaelcolosi.com.br\/wp-content\/uploads\/2024\/11\/ricardo-silva-12jul-2023-848x477-1.jpg?fit=848%2C477&ssl=1&resize=350%2C200 1x, https:\/\/i0.wp.com\/ismaelcolosi.com.br\/wp-content\/uploads\/2024\/11\/ricardo-silva-12jul-2023-848x477-1.jpg?fit=848%2C477&ssl=1&resize=525%2C300 1.5x, https:\/\/i0.wp.com\/ismaelcolosi.com.br\/wp-content\/uploads\/2024\/11\/ricardo-silva-12jul-2023-848x477-1.jpg?fit=848%2C477&ssl=1&resize=700%2C400 2x"},"classes":[]},{"id":74018,"url":"https:\/\/ismaelcolosi.com.br\/index.php\/2024\/10\/29\/ricardo-silva-anuncia-juiz-aposentado-como-coordenador-da-transicao-em-ribeirao-preto\/","url_meta":{"origin":78349,"position":4},"title":"Ricardo Silva anuncia juiz aposentado como coordenador da transi\u00e7\u00e3o em Ribeir\u00e3o Preto","author":"ismaelcolosi.com.br","date":"29 de October de 2024","format":false,"excerpt":"O prefeito eleito de Ribeir\u00e3o Preto, Ricardo Silva (PSD), anunciou na tarde desta ter\u00e7a-feira (29), o juiz federal aposentado Augusto Martinez Perez como coordenador do futuro governo. Na segunda-feira (28), o atual Chefe do Executivo Duarte Nogueira (PSDB) havia anunciado o secret\u00e1rio de Governo Antonio Daas Abboud para fazer parte\u2026","rel":"","context":"In &quot;Not\u00edcias de Ribeir\u00e3o Preto-SP e Regi\u00e3o&quot;","block_context":{"text":"Not\u00edcias de Ribeir\u00e3o Preto-SP e Regi\u00e3o","link":"https:\/\/ismaelcolosi.com.br\/index.php\/category\/noticias-de-ribeirao-preto-sp-e-regiao-ismael-colosi\/"},"img":{"alt_text":"","src":"https:\/\/i0.wp.com\/ismaelcolosi.com.br\/wp-content\/uploads\/2024\/10\/coordenador-transicao_2024-10-29_19-38-10_jpg_2024-10-29_19-38-11.webp.webp?fit=1199%2C886&ssl=1&resize=350%2C200","width":350,"height":200,"srcset":"https:\/\/i0.wp.com\/ismaelcolosi.com.br\/wp-content\/uploads\/2024\/10\/coordenador-transicao_2024-10-29_19-38-10_jpg_2024-10-29_19-38-11.webp.webp?fit=1199%2C886&ssl=1&resize=350%2C200 1x, https:\/\/i0.wp.com\/ismaelcolosi.com.br\/wp-content\/uploads\/2024\/10\/coordenador-transicao_2024-10-29_19-38-10_jpg_2024-10-29_19-38-11.webp.webp?fit=1199%2C886&ssl=1&resize=525%2C300 1.5x, https:\/\/i0.wp.com\/ismaelcolosi.com.br\/wp-content\/uploads\/2024\/10\/coordenador-transicao_2024-10-29_19-38-10_jpg_2024-10-29_19-38-11.webp.webp?fit=1199%2C886&ssl=1&resize=700%2C400 2x, https:\/\/i0.wp.com\/ismaelcolosi.com.br\/wp-content\/uploads\/2024\/10\/coordenador-transicao_2024-10-29_19-38-10_jpg_2024-10-29_19-38-11.webp.webp?fit=1199%2C886&ssl=1&resize=1050%2C600 3x"},"classes":[]},{"id":75286,"url":"https:\/\/ismaelcolosi.com.br\/index.php\/2024\/11\/05\/ricardo-silva-completa-equipe-de-transicao-e-parceria-com-entidades-representativas\/","url_meta":{"origin":78349,"position":5},"title":"Ricardo Silva completa equipe de transi\u00e7\u00e3o e parceria com entidades representativas","author":"ismaelcolosi.com.br","date":"5 de November de 2024","format":false,"excerpt":"O prefeito eleito de Ribeir\u00e3o Preto, Ricardo Silva (PSD) inaugurou na manh\u00e3 desta ter\u00e7a-feira, 05 de novembro, a sede do Gabinete de Transi\u00e7\u00e3o, que funcionar\u00e1 na avenida Nove de Julho, no antigo pr\u00e9dio da Caixa Econ\u00f4mica Federal. No evento, o futuro prefeito reafirmou que seu governo ser\u00e1 baseado no di\u00e1logo\u2026","rel":"","context":"In &quot;Not\u00edcias de Ribeir\u00e3o Preto-SP e Regi\u00e3o&quot;","block_context":{"text":"Not\u00edcias de Ribeir\u00e3o Preto-SP e Regi\u00e3o","link":"https:\/\/ismaelcolosi.com.br\/index.php\/category\/noticias-de-ribeirao-preto-sp-e-regiao-ismael-colosi\/"},"img":{"alt_text":"","src":"https:\/\/i0.wp.com\/ismaelcolosi.com.br\/wp-content\/uploads\/2024\/11\/986cd006-2f72-4801-9d6d-c392955f24ab-scaled.jpeg?fit=800%2C450&ssl=1&resize=350%2C200","width":350,"height":200,"srcset":"https:\/\/i0.wp.com\/ismaelcolosi.com.br\/wp-content\/uploads\/2024\/11\/986cd006-2f72-4801-9d6d-c392955f24ab-scaled.jpeg?fit=800%2C450&ssl=1&resize=350%2C200 1x, https:\/\/i0.wp.com\/ismaelcolosi.com.br\/wp-content\/uploads\/2024\/11\/986cd006-2f72-4801-9d6d-c392955f24ab-scaled.jpeg?fit=800%2C450&ssl=1&resize=525%2C300 1.5x, https:\/\/i0.wp.com\/ismaelcolosi.com.br\/wp-content\/uploads\/2024\/11\/986cd006-2f72-4801-9d6d-c392955f24ab-scaled.jpeg?fit=800%2C450&ssl=1&resize=700%2C400 2x"},"classes":[]}],"jetpack_sharing_enabled":true,"jetpack_shortlink":"https:\/\/wp.me\/pfMlyK-knH","_links":{"self":[{"href":"https:\/\/ismaelcolosi.com.br\/index.php\/wp-json\/wp\/v2\/posts\/78349","targetHints":{"allow":["GET"]}}],"collection":[{"href":"https:\/\/ismaelcolosi.com.br\/index.php\/wp-json\/wp\/v2\/posts"}],"about":[{"href":"https:\/\/ismaelcolosi.com.br\/index.php\/wp-json\/wp\/v2\/types\/post"}],"author":[{"embeddable":true,"href":"https:\/\/ismaelcolosi.com.br\/index.php\/wp-json\/wp\/v2\/users\/1"}],"replies":[{"embeddable":true,"href":"https:\/\/ismaelcolosi.com.br\/index.php\/wp-json\/wp\/v2\/comments?post=78349"}],"version-history":[{"count":0,"href":"https:\/\/ismaelcolosi.com.br\/index.php\/wp-json\/wp\/v2\/posts\/78349\/revisions"}],"wp:featuredmedia":[{"embeddable":true,"href":"https:\/\/ismaelcolosi.com.br\/index.php\/wp-json\/wp\/v2\/media\/78350"}],"wp:attachment":[{"href":"https:\/\/ismaelcolosi.com.br\/index.php\/wp-json\/wp\/v2\/media?parent=78349"}],"wp:term":[{"taxonomy":"category","embeddable":true,"href":"https:\/\/ismaelcolosi.com.br\/index.php\/wp-json\/wp\/v2\/categories?post=78349"},{"taxonomy":"post_tag","embeddable":true,"href":"https:\/\/ismaelcolosi.com.br\/index.php\/wp-json\/wp\/v2\/tags?post=78349"}],"curies":[{"name":"wp","href":"https:\/\/api.w.org\/{rel}","templated":true}]}}