{"id":78345,"date":"2024-12-04T12:40:53","date_gmt":"2024-12-04T15:40:53","guid":{"rendered":"https:\/\/ismaelcolosi.com.br\/index.php\/2024\/12\/04\/morre-mulher-que-teve-nome-trocado-e-familia-velou-outra-pessoa-por-engano\/"},"modified":"2024-12-04T12:40:53","modified_gmt":"2024-12-04T15:40:53","slug":"morre-mulher-que-teve-nome-trocado-e-familia-velou-outra-pessoa-por-engano","status":"publish","type":"post","link":"https:\/\/ismaelcolosi.com.br\/index.php\/2024\/12\/04\/morre-mulher-que-teve-nome-trocado-e-familia-velou-outra-pessoa-por-engano\/","title":{"rendered":"Morre mulher que teve nome trocado e fam\u00edlia velou outra pessoa por engano"},"content":{"rendered":"<p> <br \/>\n<\/p>\n<div>\n<p>Por: Adalberto Luque<\/p>\n<p>Morreu, na madrugada desta quarta-feira (4), Neide Rossi Benzi, de 73 anos. Ela estava internada na Santa Casa de Miseric\u00f3rdia de Ribeir\u00e3o Preto para tratar de uma pneumonia e sua fam\u00edlia foi comunicada, por engano, que ela tinha morrido no s\u00e1bado (30).<\/p>\n<p>Na ocasi\u00e3o, o hospital liberou o corpo de outra mulher, tamb\u00e9m chamada Neide. A fam\u00edlia, que \u00e9 de Cravinhos, na regi\u00e3o metropolitana, velou o corpo de Neide Basso de Oliveira, de 81 anos, por erro da Santa Casa.<\/p>\n<p>Pouco antes do final do vel\u00f3rio, ocorrido no domingo (1\u00ba), uma amiga de Neide Rossi, desconfiada, alertou \u00e0 fam\u00edlia que o corpo seria de outra mulher. A essa altura, familiares de Neide Basso de Oliveira, de Pontal, chegavam ao hospital para visit\u00e1-la e descobriram que ela havia morrido no dia anterior.<\/p>\n<figure id=\"attachment_402297\" aria-describedby=\"caption-attachment-402297\" style=\"width: 800px\" class=\"wp-caption alignnone\"><img data-recalc-dims=\"1\" loading=\"lazy\" decoding=\"async\" class=\"size-full wp-image-402297 lazyload\" src=\"https:\/\/i0.wp.com\/www.tribunaribeirao.com.br\/wp-content\/uploads\/2024\/09\/03set2024santacasafotogooglestreetview-scaled.jpg?resize=800%2C403&#038;ssl=1\" alt=\"\" width=\"800\" height=\"403\" srcset=\"https:\/\/www.tribunaribeirao.com.br\/wp-content\/uploads\/2024\/09\/03set2024santacasafotogooglestreetview-scaled.jpg 800w, https:\/\/www.tribunaribeirao.com.br\/wp-content\/uploads\/2024\/09\/03set2024santacasafotogooglestreetview-300x151.jpg 300w, https:\/\/www.tribunaribeirao.com.br\/wp-content\/uploads\/2024\/09\/03set2024santacasafotogooglestreetview-1024x515.jpg 1024w, https:\/\/www.tribunaribeirao.com.br\/wp-content\/uploads\/2024\/09\/03set2024santacasafotogooglestreetview-768x387.jpg 768w, https:\/\/www.tribunaribeirao.com.br\/wp-content\/uploads\/2024\/09\/03set2024santacasafotogooglestreetview-960x483.jpg 960w, https:\/\/www.tribunaribeirao.com.br\/wp-content\/uploads\/2024\/09\/03set2024santacasafotogooglestreetview-795x400.jpg 795w, https:\/\/www.tribunaribeirao.com.br\/wp-content\/uploads\/2024\/09\/03set2024santacasafotogooglestreetview-585x294.jpg 585w\" data-sizes=\"auto, (max-width: 800px) 100vw, 800px\" style=\"--smush-placeholder-width: 800px; --smush-placeholder-aspect-ratio: 800\/403;\"\/><img data-recalc-dims=\"1\" loading=\"lazy\" decoding=\"async\" class=\"size-full wp-image-402297\" src=\"https:\/\/i0.wp.com\/www.tribunaribeirao.com.br\/wp-content\/uploads\/2024\/09\/03set2024santacasafotogooglestreetview-scaled.jpg?resize=800%2C403&#038;ssl=1\" alt=\"\" width=\"800\" height=\"403\" srcset=\"https:\/\/www.tribunaribeirao.com.br\/wp-content\/uploads\/2024\/09\/03set2024santacasafotogooglestreetview-scaled.jpg 800w, https:\/\/www.tribunaribeirao.com.br\/wp-content\/uploads\/2024\/09\/03set2024santacasafotogooglestreetview-300x151.jpg 300w, https:\/\/www.tribunaribeirao.com.br\/wp-content\/uploads\/2024\/09\/03set2024santacasafotogooglestreetview-1024x515.jpg 1024w, https:\/\/www.tribunaribeirao.com.br\/wp-content\/uploads\/2024\/09\/03set2024santacasafotogooglestreetview-768x387.jpg 768w, https:\/\/www.tribunaribeirao.com.br\/wp-content\/uploads\/2024\/09\/03set2024santacasafotogooglestreetview-960x483.jpg 960w, https:\/\/www.tribunaribeirao.com.br\/wp-content\/uploads\/2024\/09\/03set2024santacasafotogooglestreetview-795x400.jpg 795w, https:\/\/www.tribunaribeirao.com.br\/wp-content\/uploads\/2024\/09\/03set2024santacasafotogooglestreetview-585x294.jpg 585w\" sizes=\"auto, (max-width: 800px) 100vw, 800px\"\/><figcaption id=\"caption-attachment-402297\" class=\"wp-caption-text\">Santa Casa garantiu que vai apurar detalhadamente os fatos (Foto: Google Street View)<\/figcaption><\/figure>\n<p>As duas fam\u00edlias, transtornadas, registraram o caso na Pol\u00edcia Civil. A troca ser\u00e1 investigada. Familiares de Neide Basso, que morreu ap\u00f3s ser internada para tratar de uma infec\u00e7\u00e3o urin\u00e1ria, fizeram o vel\u00f3rio e o sepultamento em Pontal nesta segunda-feira (2).<\/p>\n<p>Neide Rossi ser\u00e1 velada na tarde desta quarta-feira (4), na cidade de Cravinhos. Ela ser\u00e1 sepultada ainda hoje.<\/p>\n<p>A Santa Casa de Miseric\u00f3rdia de Ribeir\u00e3o Predo divulgou nota onde afirma lamentar profundamente a perda, prestando solidariedade aos familiares. O hospital se colocou \u00e0 disposi\u00e7\u00e3o para prestar quaisquer esclarecimentos \u00e0s fam\u00edlias, oferecendo acolhimento necess\u00e1rio, suporte e assist\u00eancia. \u201cAl\u00e9m disso, informa que uma an\u00e1lise interna detalhada foi iniciada para a apura\u00e7\u00e3o dos fatos\u201d, conclui a nota.<\/p>\n<\/div>\n<p><br \/>\n<br \/><a href=\"https:\/\/www.tribunaribeirao.com.br\/morre-mulher-que-teve-nome-trocado-e-familia-velou-outra-pessoa-por-engano\/\">Source link <\/a><\/p>\n<div class='code-block code-block-4' style='margin: 8px auto 8px 0; text-align: left; display: block; clear: both;'>\n\ud83d\udce2 Aviso Legal\n\nO site ismaelcolosi.com.br atua apenas como um canal de divulga\u00e7\u00e3o de oportunidades de emprego e n\u00e3o se responsabiliza pelo processo seletivo, contrata\u00e7\u00e3o ou qualquer outra etapa relacionada \u00e0s vagas publicadas. Todas as informa\u00e7\u00f5es s\u00e3o de responsabilidade dos anunciantes.\n\n\u26a0\ufe0f Aten\u00e7\u00e3o! Nunca pague por promessas de emprego nem compre cursos que garantam contrata\u00e7\u00e3o. Desconfie de qualquer cobran\u00e7a para participar de sele\u00e7\u00f5es.\n\n\n\n<\/div>\n<!-- CONTENT END 1 -->\n","protected":false},"excerpt":{"rendered":"<p>Por: Adalberto Luque Morreu, na madrugada desta quarta-feira (4), Neide Rossi Benzi, de 73 anos. Ela estava internada na Santa Casa de Miseric\u00f3rdia de Ribeir\u00e3o&#8230;<\/p>\n","protected":false},"author":1,"featured_media":78346,"comment_status":"open","ping_status":"open","sticky":false,"template":"","format":"standard","meta":{"_uag_custom_page_level_css":"","advanced_seo_description":"","jetpack_seo_html_title":"","jetpack_seo_noindex":false,"jetpack_post_was_ever_published":false,"_jetpack_newsletter_access":"","_jetpack_dont_email_post_to_subs":false,"_jetpack_newsletter_tier_id":0,"_jetpack_memberships_contains_paywalled_content":false,"_jetpack_memberships_contains_paid_content":false,"footnotes":"","jetpack_publicize_message":"","jetpack_publicize_feature_enabled":true,"jetpack_social_post_already_shared":true,"jetpack_social_options":{"image_generator_settings":{"template":"highway","default_image_id":0,"font":"","enabled":false},"version":2}},"categories":[11],"tags":[],"class_list":["post-78345","post","type-post","status-publish","format-standard","has-post-thumbnail","hentry","category-noticias-de-ribeirao-preto-sp-e-regiao-ismael-colosi"],"jetpack_publicize_connections":[],"jetpack_featured_media_url":"https:\/\/i0.wp.com\/ismaelcolosi.com.br\/wp-content\/uploads\/2024\/12\/1733326854_03dez2024-trocanomes-scaled.jpg?fit=800%2C399&ssl=1","uagb_featured_image_src":{"full":["https:\/\/i0.wp.com\/ismaelcolosi.com.br\/wp-content\/uploads\/2024\/12\/1733326854_03dez2024-trocanomes-scaled.jpg?fit=800%2C399&ssl=1",800,399,false],"thumbnail":["https:\/\/i0.wp.com\/ismaelcolosi.com.br\/wp-content\/uploads\/2024\/12\/1733326854_03dez2024-trocanomes-scaled.jpg?resize=150%2C150&ssl=1",150,150,true],"medium":["https:\/\/i0.wp.com\/ismaelcolosi.com.br\/wp-content\/uploads\/2024\/12\/1733326854_03dez2024-trocanomes-scaled.jpg?fit=300%2C150&ssl=1",300,150,true],"medium_large":["https:\/\/i0.wp.com\/ismaelcolosi.com.br\/wp-content\/uploads\/2024\/12\/1733326854_03dez2024-trocanomes-scaled.jpg?fit=768%2C383&ssl=1",768,383,true],"large":["https:\/\/i0.wp.com\/ismaelcolosi.com.br\/wp-content\/uploads\/2024\/12\/1733326854_03dez2024-trocanomes-scaled.jpg?fit=800%2C399&ssl=1",800,399,true],"1536x1536":["https:\/\/i0.wp.com\/ismaelcolosi.com.br\/wp-content\/uploads\/2024\/12\/1733326854_03dez2024-trocanomes-scaled.jpg?fit=800%2C399&ssl=1",800,399,true],"2048x2048":["https:\/\/i0.wp.com\/ismaelcolosi.com.br\/wp-content\/uploads\/2024\/12\/1733326854_03dez2024-trocanomes-scaled.jpg?fit=800%2C399&ssl=1",800,399,true],"really-simple-thumb":["https:\/\/i0.wp.com\/ismaelcolosi.com.br\/wp-content\/uploads\/2024\/12\/1733326854_03dez2024-trocanomes-scaled.jpg?resize=370%2C247&ssl=1",370,247,true]},"uagb_author_info":{"display_name":"ismaelcolosi.com.br","author_link":"https:\/\/ismaelcolosi.com.br\/index.php\/author\/vidareal-online\/"},"uagb_comment_info":0,"uagb_excerpt":"Por: Adalberto Luque Morreu, na madrugada desta quarta-feira (4), Neide Rossi Benzi, de 73 anos. Ela estava internada na Santa Casa de Miseric\u00f3rdia de Ribeir\u00e3o...","jetpack-related-posts":[{"id":78223,"url":"https:\/\/ismaelcolosi.com.br\/index.php\/2024\/12\/03\/mulher-e-velada-no-lugar-de-outra-que-estava-viva\/","url_meta":{"origin":78345,"position":0},"title":"Mulher \u00e9 velada no lugar de outra que estava viva","author":"ismaelcolosi.com.br","date":"3 de December de 2024","format":false,"excerpt":"Erro de identifica\u00e7\u00e3o s\u00f3 foi descoberto pouco antes do sepultamento, enquanto familiares da falecida chegavam \u00e0 Santa Casa de RP para visit\u00e1-la 3 de dezembro de 20243 de dezembro de 202417 Compartilhar2 Por: Adalberto Luque Familiares de uma idosa que estava internada na Santa Casa de Ribeir\u00e3o Preto s\u00f3 souberam\u2026","rel":"","context":"In &quot;Not\u00edcias de Ribeir\u00e3o Preto-SP e Regi\u00e3o&quot;","block_context":{"text":"Not\u00edcias de Ribeir\u00e3o Preto-SP e Regi\u00e3o","link":"https:\/\/ismaelcolosi.com.br\/index.php\/category\/noticias-de-ribeirao-preto-sp-e-regiao-ismael-colosi\/"},"img":{"alt_text":"","src":"https:\/\/i0.wp.com\/ismaelcolosi.com.br\/wp-content\/uploads\/2024\/12\/03dez2024-trocanomes-scaled.jpg?fit=800%2C399&ssl=1&resize=350%2C200","width":350,"height":200,"srcset":"https:\/\/i0.wp.com\/ismaelcolosi.com.br\/wp-content\/uploads\/2024\/12\/03dez2024-trocanomes-scaled.jpg?fit=800%2C399&ssl=1&resize=350%2C200 1x, https:\/\/i0.wp.com\/ismaelcolosi.com.br\/wp-content\/uploads\/2024\/12\/03dez2024-trocanomes-scaled.jpg?fit=800%2C399&ssl=1&resize=525%2C300 1.5x, https:\/\/i0.wp.com\/ismaelcolosi.com.br\/wp-content\/uploads\/2024\/12\/03dez2024-trocanomes-scaled.jpg?fit=800%2C399&ssl=1&resize=700%2C400 2x"},"classes":[]},{"id":78235,"url":"https:\/\/ismaelcolosi.com.br\/index.php\/2024\/12\/03\/familia-descobre-morte-de-idosa-quando-corpo-ja-era-velado-por-desconhecidos\/","url_meta":{"origin":78345,"position":1},"title":"Fam\u00edlia descobre morte de idosa quando corpo j\u00e1 era velado por desconhecidos","author":"ismaelcolosi.com.br","date":"3 de December de 2024","format":false,"excerpt":"A fam\u00edlia de Neide Basso, de 81 anos, natural de Pontal, regi\u00e3o de Ribeir\u00e3o Preto, s\u00f3 soube da morte da idosa quando ela j\u00e1 estava sendo velada por outra fam\u00edlia, em Cravinhos, cidade a 60 quil\u00f4metros de dist\u00e2ncia do munic\u00edpio que a mulher morava, no \u00faltimo domingo (1\u00ba). Isso aconteceu\u2026","rel":"","context":"In &quot;Not\u00edcias de Ribeir\u00e3o Preto-SP e Regi\u00e3o&quot;","block_context":{"text":"Not\u00edcias de Ribeir\u00e3o Preto-SP e Regi\u00e3o","link":"https:\/\/ismaelcolosi.com.br\/index.php\/category\/noticias-de-ribeirao-preto-sp-e-regiao-ismael-colosi\/"},"img":{"alt_text":"","src":"https:\/\/i0.wp.com\/ismaelcolosi.com.br\/wp-content\/uploads\/2024\/12\/vlcsnap-2024-12-02-12h18m45s840_2024-12-03_14-10-45_jpg_2024-12-03_14-10-45.webp.webp?fit=1000%2C562&ssl=1&resize=350%2C200","width":350,"height":200,"srcset":"https:\/\/i0.wp.com\/ismaelcolosi.com.br\/wp-content\/uploads\/2024\/12\/vlcsnap-2024-12-02-12h18m45s840_2024-12-03_14-10-45_jpg_2024-12-03_14-10-45.webp.webp?fit=1000%2C562&ssl=1&resize=350%2C200 1x, https:\/\/i0.wp.com\/ismaelcolosi.com.br\/wp-content\/uploads\/2024\/12\/vlcsnap-2024-12-02-12h18m45s840_2024-12-03_14-10-45_jpg_2024-12-03_14-10-45.webp.webp?fit=1000%2C562&ssl=1&resize=525%2C300 1.5x, https:\/\/i0.wp.com\/ismaelcolosi.com.br\/wp-content\/uploads\/2024\/12\/vlcsnap-2024-12-02-12h18m45s840_2024-12-03_14-10-45_jpg_2024-12-03_14-10-45.webp.webp?fit=1000%2C562&ssl=1&resize=700%2C400 2x"},"classes":[]},{"id":63231,"url":"https:\/\/ismaelcolosi.com.br\/index.php\/2024\/08\/31\/ribeirao-pretana-esta-entre-as-mulheres-mais-ricas-do-brasil-veja-o-top-5\/","url_meta":{"origin":78345,"position":2},"title":"Ribeir\u00e3o-pretana est\u00e1 entre as mulheres mais ricas do Brasil; Veja o top 5","author":"ismaelcolosi.com.br","date":"31 de August de 2024","format":false,"excerpt":"A nova lista de bilion\u00e1rios da revista Forbes, divulgada na \u00faltima ter\u00e7a-feira (27), aponta que bancaria Cristina Helena Junqueira \u00e9 a quarta mulher mais rica do Brasil. A cofundadora do Nubank tem 41 anos e nasceu em Ribeir\u00e3o Preto. Com uma fortuna avaliada em R$ 8,61 bilh\u00f5es (cerca de 1,5\u2026","rel":"","context":"In &quot;Not\u00edcias de Ribeir\u00e3o Preto-SP e Regi\u00e3o&quot;","block_context":{"text":"Not\u00edcias de Ribeir\u00e3o Preto-SP e Regi\u00e3o","link":"https:\/\/ismaelcolosi.com.br\/index.php\/category\/noticias-de-ribeirao-preto-sp-e-regiao-ismael-colosi\/"},"img":{"alt_text":"","src":"https:\/\/i0.wp.com\/ismaelcolosi.com.br\/wp-content\/uploads\/2024\/08\/Copia-de-Copia-de-Copia-de-TAMANHO-EXATO-PARA-FOTOS-NO-SISTEMA-NOVO-21_2024-08-31_19-09-50_png_2024-08-31_19-09-50.webp.webp?fit=1200%2C675&ssl=1&resize=350%2C200","width":350,"height":200,"srcset":"https:\/\/i0.wp.com\/ismaelcolosi.com.br\/wp-content\/uploads\/2024\/08\/Copia-de-Copia-de-Copia-de-TAMANHO-EXATO-PARA-FOTOS-NO-SISTEMA-NOVO-21_2024-08-31_19-09-50_png_2024-08-31_19-09-50.webp.webp?fit=1200%2C675&ssl=1&resize=350%2C200 1x, https:\/\/i0.wp.com\/ismaelcolosi.com.br\/wp-content\/uploads\/2024\/08\/Copia-de-Copia-de-Copia-de-TAMANHO-EXATO-PARA-FOTOS-NO-SISTEMA-NOVO-21_2024-08-31_19-09-50_png_2024-08-31_19-09-50.webp.webp?fit=1200%2C675&ssl=1&resize=525%2C300 1.5x, https:\/\/i0.wp.com\/ismaelcolosi.com.br\/wp-content\/uploads\/2024\/08\/Copia-de-Copia-de-Copia-de-TAMANHO-EXATO-PARA-FOTOS-NO-SISTEMA-NOVO-21_2024-08-31_19-09-50_png_2024-08-31_19-09-50.webp.webp?fit=1200%2C675&ssl=1&resize=700%2C400 2x, https:\/\/i0.wp.com\/ismaelcolosi.com.br\/wp-content\/uploads\/2024\/08\/Copia-de-Copia-de-Copia-de-TAMANHO-EXATO-PARA-FOTOS-NO-SISTEMA-NOVO-21_2024-08-31_19-09-50_png_2024-08-31_19-09-50.webp.webp?fit=1200%2C675&ssl=1&resize=1050%2C600 3x"},"classes":[]},{"id":38893,"url":"https:\/\/ismaelcolosi.com.br\/index.php\/2024\/02\/22\/mulher-e-morta-com-requintes-de-crueldade-na-regiao\/","url_meta":{"origin":78345,"position":3},"title":"Mulher \u00e9 morta com requintes de crueldade na regi\u00e3o","author":"ismaelcolosi.com.br","date":"22 de February de 2024","format":false,"excerpt":"Companheiro que foi solto da cadeia h\u00e1 quatro meses \u00e9 o principal suspeito de ter ateado fogo no corpo da v\u00edtima; homem fez v\u00eddeochamada para outra mulher ap\u00f3s feminic\u00eddio 22 de fevereiro de 2024 | 10:10 0Por: Adalberto LuqueUma mulher de 24 anos foi morta, na madrugada desta quarta-feira (21),\u2026","rel":"","context":"In &quot;Not\u00edcias de Ribeir\u00e3o Preto-SP e Regi\u00e3o&quot;","block_context":{"text":"Not\u00edcias de Ribeir\u00e3o Preto-SP e Regi\u00e3o","link":"https:\/\/ismaelcolosi.com.br\/index.php\/category\/noticias-de-ribeirao-preto-sp-e-regiao-ismael-colosi\/"},"img":{"alt_text":"","src":"https:\/\/i0.wp.com\/ismaelcolosi.com.br\/wp-content\/uploads\/2024\/02\/00-22-fev-2024-feminicidio-franca-foto-redes-sociais.jpg?fit=554%2C551&ssl=1&resize=350%2C200","width":350,"height":200,"srcset":"https:\/\/i0.wp.com\/ismaelcolosi.com.br\/wp-content\/uploads\/2024\/02\/00-22-fev-2024-feminicidio-franca-foto-redes-sociais.jpg?fit=554%2C551&ssl=1&resize=350%2C200 1x, https:\/\/i0.wp.com\/ismaelcolosi.com.br\/wp-content\/uploads\/2024\/02\/00-22-fev-2024-feminicidio-franca-foto-redes-sociais.jpg?fit=554%2C551&ssl=1&resize=525%2C300 1.5x"},"classes":[]},{"id":57516,"url":"https:\/\/ismaelcolosi.com.br\/index.php\/2024\/07\/22\/mulher-e-presa-no-interior-de-sp-apos-confusao-com-faca-em-hospital\/","url_meta":{"origin":78345,"position":4},"title":"Mulher \u00e9 presa no interior de SP ap\u00f3s confus\u00e3o com faca em hospital","author":"ismaelcolosi.com.br","date":"22 de July de 2024","format":false,"excerpt":"Uma mulher de 32 anos, que estava armada com uma faca, foi presa em Guariba, no interior de S\u00e3o Paulo, depois de amea\u00e7ar funcion\u00e1rios de um hospital com uma faca, na noite do \u00faltimo s\u00e1bado (20). A mulher tamb\u00e9m quebrou o vidro da viatura da pol\u00edcia. Segundo a mulher, ela\u2026","rel":"","context":"In &quot;Not\u00edcias de Ribeir\u00e3o Preto-SP e Regi\u00e3o&quot;","block_context":{"text":"Not\u00edcias de Ribeir\u00e3o Preto-SP e Regi\u00e3o","link":"https:\/\/ismaelcolosi.com.br\/index.php\/category\/noticias-de-ribeirao-preto-sp-e-regiao-ismael-colosi\/"},"img":{"alt_text":"","src":"https:\/\/i0.wp.com\/ismaelcolosi.com.br\/wp-content\/uploads\/2024\/07\/faca-guariba_2024-07-22_15-32-12_jpeg_2024-07-22_15-32-12.webp.webp?fit=1200%2C674&ssl=1&resize=350%2C200","width":350,"height":200,"srcset":"https:\/\/i0.wp.com\/ismaelcolosi.com.br\/wp-content\/uploads\/2024\/07\/faca-guariba_2024-07-22_15-32-12_jpeg_2024-07-22_15-32-12.webp.webp?fit=1200%2C674&ssl=1&resize=350%2C200 1x, https:\/\/i0.wp.com\/ismaelcolosi.com.br\/wp-content\/uploads\/2024\/07\/faca-guariba_2024-07-22_15-32-12_jpeg_2024-07-22_15-32-12.webp.webp?fit=1200%2C674&ssl=1&resize=525%2C300 1.5x, https:\/\/i0.wp.com\/ismaelcolosi.com.br\/wp-content\/uploads\/2024\/07\/faca-guariba_2024-07-22_15-32-12_jpeg_2024-07-22_15-32-12.webp.webp?fit=1200%2C674&ssl=1&resize=700%2C400 2x, https:\/\/i0.wp.com\/ismaelcolosi.com.br\/wp-content\/uploads\/2024\/07\/faca-guariba_2024-07-22_15-32-12_jpeg_2024-07-22_15-32-12.webp.webp?fit=1200%2C674&ssl=1&resize=1050%2C600 3x"},"classes":[]},{"id":43410,"url":"https:\/\/ismaelcolosi.com.br\/index.php\/2024\/03\/21\/em-sao-simao-mulher-morre-ao-atacar-pm\/","url_meta":{"origin":78345,"position":5},"title":"Em S\u00e3o Sim\u00e3o: Mulher morre ao atacar PM \u00a0","author":"ismaelcolosi.com.br","date":"21 de March de 2024","format":false,"excerpt":"21 de mar\u00e7o de 2024 | 8:3020 de mar\u00e7o de 2024 | 22:50 0Adalberto LuqueMaria Clara Bento da Silva, de 19 anos morreu, na noite de ter\u00e7a-feira, 19 de mar\u00e7o, ao atacar um policial militar: ela estava armada com duas facas\u00a0(Redes sociais)Maria Clara Bento da Silva, de 19 anos morreu,\u2026","rel":"","context":"In &quot;Not\u00edcias de Ribeir\u00e3o Preto-SP e Regi\u00e3o&quot;","block_context":{"text":"Not\u00edcias de Ribeir\u00e3o Preto-SP e Regi\u00e3o","link":"https:\/\/ismaelcolosi.com.br\/index.php\/category\/noticias-de-ribeirao-preto-sp-e-regiao-ismael-colosi\/"},"img":{"alt_text":"","src":"https:\/\/i0.wp.com\/ismaelcolosi.com.br\/wp-content\/uploads\/2024\/03\/Simao-Sao-Simao-016-Noticias-02-scaled.jpg?fit=1000%2C506&ssl=1&resize=350%2C200","width":350,"height":200,"srcset":"https:\/\/i0.wp.com\/ismaelcolosi.com.br\/wp-content\/uploads\/2024\/03\/Simao-Sao-Simao-016-Noticias-02-scaled.jpg?fit=1000%2C506&ssl=1&resize=350%2C200 1x, https:\/\/i0.wp.com\/ismaelcolosi.com.br\/wp-content\/uploads\/2024\/03\/Simao-Sao-Simao-016-Noticias-02-scaled.jpg?fit=1000%2C506&ssl=1&resize=525%2C300 1.5x, https:\/\/i0.wp.com\/ismaelcolosi.com.br\/wp-content\/uploads\/2024\/03\/Simao-Sao-Simao-016-Noticias-02-scaled.jpg?fit=1000%2C506&ssl=1&resize=700%2C400 2x"},"classes":[]}],"jetpack_sharing_enabled":true,"jetpack_shortlink":"https:\/\/wp.me\/pfMlyK-knD","_links":{"self":[{"href":"https:\/\/ismaelcolosi.com.br\/index.php\/wp-json\/wp\/v2\/posts\/78345","targetHints":{"allow":["GET"]}}],"collection":[{"href":"https:\/\/ismaelcolosi.com.br\/index.php\/wp-json\/wp\/v2\/posts"}],"about":[{"href":"https:\/\/ismaelcolosi.com.br\/index.php\/wp-json\/wp\/v2\/types\/post"}],"author":[{"embeddable":true,"href":"https:\/\/ismaelcolosi.com.br\/index.php\/wp-json\/wp\/v2\/users\/1"}],"replies":[{"embeddable":true,"href":"https:\/\/ismaelcolosi.com.br\/index.php\/wp-json\/wp\/v2\/comments?post=78345"}],"version-history":[{"count":0,"href":"https:\/\/ismaelcolosi.com.br\/index.php\/wp-json\/wp\/v2\/posts\/78345\/revisions"}],"wp:featuredmedia":[{"embeddable":true,"href":"https:\/\/ismaelcolosi.com.br\/index.php\/wp-json\/wp\/v2\/media\/78346"}],"wp:attachment":[{"href":"https:\/\/ismaelcolosi.com.br\/index.php\/wp-json\/wp\/v2\/media?parent=78345"}],"wp:term":[{"taxonomy":"category","embeddable":true,"href":"https:\/\/ismaelcolosi.com.br\/index.php\/wp-json\/wp\/v2\/categories?post=78345"},{"taxonomy":"post_tag","embeddable":true,"href":"https:\/\/ismaelcolosi.com.br\/index.php\/wp-json\/wp\/v2\/tags?post=78345"}],"curies":[{"name":"wp","href":"https:\/\/api.w.org\/{rel}","templated":true}]}}