{"id":78341,"date":"2024-12-04T12:10:02","date_gmt":"2024-12-04T15:10:02","guid":{"rendered":"https:\/\/ismaelcolosi.com.br\/index.php\/2024\/12\/04\/apos-denuncia-de-mae-homem-e-preso-na-regiao\/"},"modified":"2024-12-04T12:10:02","modified_gmt":"2024-12-04T15:10:02","slug":"apos-denuncia-de-mae-homem-e-preso-na-regiao","status":"publish","type":"post","link":"https:\/\/ismaelcolosi.com.br\/index.php\/2024\/12\/04\/apos-denuncia-de-mae-homem-e-preso-na-regiao\/","title":{"rendered":"Ap\u00f3s den\u00fancia de m\u00e3e, homem \u00e9 preso na regi\u00e3o"},"content":{"rendered":"<p> <br \/>\n<\/p>\n<div>\n<p>Por: Adalberto Luque<\/p>\n<p>Um homem de 34 anos foi preso, na noite desta ter\u00e7a-feira (3) ap\u00f3s chegar \u00e0 casa de sua m\u00e3e, para supostamente visit\u00e1-la. Ele foi abordado pela Pol\u00edcia Militar por descumprimento de medida protetiva de urg\u00eancia na Rua Campos Salles, Jardin\u00f3polis.<\/p>\n<p>De acordo com o Boletim de Ocorr\u00eancia (B.O.), a m\u00e3e, de 53 anos, tem uma medida protetiva de urg\u00eancia vigente, que impede seu filho de se aproximar. Como ele foi at\u00e9 sua casa, a mulher acionou a PM.<\/p>\n<p>Assim que os policiais militares chegaram, ela disse que n\u00e3o sofreu amea\u00e7a ou agress\u00e3o, mas que queria ver a medida protetiva cumprida. M\u00e3e e filho foram trazidos para a Central de Pol\u00edcia Judici\u00e1ria (CPJ), no Centro de Ribeir\u00e3o Preto.<\/p>\n<p>O homem foi autuado em flagrante. Em seguida, foi levado para uma unidade prisional, ficando \u00e0 disposi\u00e7\u00e3o da Justi\u00e7a.<\/p>\n<\/div>\n<p><br \/>\n<br \/><a href=\"https:\/\/www.tribunaribeirao.com.br\/apos-denuncia-de-mae-homem-e-preso-na-regiao\/\">Source link <\/a><\/p>\n<div class='code-block code-block-4' style='margin: 8px auto 8px 0; text-align: left; display: block; clear: both;'>\n\ud83d\udce2 Aviso Legal\n\nO site ismaelcolosi.com.br atua apenas como um canal de divulga\u00e7\u00e3o de oportunidades de emprego e n\u00e3o se responsabiliza pelo processo seletivo, contrata\u00e7\u00e3o ou qualquer outra etapa relacionada \u00e0s vagas publicadas. Todas as informa\u00e7\u00f5es s\u00e3o de responsabilidade dos anunciantes.\n\n\u26a0\ufe0f Aten\u00e7\u00e3o! Nunca pague por promessas de emprego nem compre cursos que garantam contrata\u00e7\u00e3o. Desconfie de qualquer cobran\u00e7a para participar de sele\u00e7\u00f5es.\n\n\n\n<\/div>\n<!-- CONTENT END 1 -->\n","protected":false},"excerpt":{"rendered":"<p>Por: Adalberto Luque Um homem de 34 anos foi preso, na noite desta ter\u00e7a-feira (3) ap\u00f3s chegar \u00e0 casa de sua m\u00e3e, para supostamente visit\u00e1-la&#8230;.<\/p>\n","protected":false},"author":1,"featured_media":78342,"comment_status":"open","ping_status":"open","sticky":false,"template":"","format":"standard","meta":{"_uag_custom_page_level_css":"","advanced_seo_description":"","jetpack_seo_html_title":"","jetpack_seo_noindex":false,"jetpack_post_was_ever_published":false,"_jetpack_newsletter_access":"","_jetpack_dont_email_post_to_subs":false,"_jetpack_newsletter_tier_id":0,"_jetpack_memberships_contains_paywalled_content":false,"_jetpack_memberships_contains_paid_content":false,"footnotes":"","jetpack_publicize_message":"","jetpack_publicize_feature_enabled":true,"jetpack_social_post_already_shared":true,"jetpack_social_options":{"image_generator_settings":{"template":"highway","default_image_id":0,"font":"","enabled":false},"version":2}},"categories":[11],"tags":[],"class_list":["post-78341","post","type-post","status-publish","format-standard","has-post-thumbnail","hentry","category-noticias-de-ribeirao-preto-sp-e-regiao-ismael-colosi"],"jetpack_publicize_connections":[],"jetpack_featured_media_url":"https:\/\/i0.wp.com\/ismaelcolosi.com.br\/wp-content\/uploads\/2024\/12\/00-20-fev-2024-CPJ-luque-foto-alfredo-risk-scaled-1.jpg?fit=968%2C645&ssl=1","uagb_featured_image_src":{"full":["https:\/\/i0.wp.com\/ismaelcolosi.com.br\/wp-content\/uploads\/2024\/12\/00-20-fev-2024-CPJ-luque-foto-alfredo-risk-scaled-1.jpg?fit=968%2C645&ssl=1",968,645,false],"thumbnail":["https:\/\/i0.wp.com\/ismaelcolosi.com.br\/wp-content\/uploads\/2024\/12\/00-20-fev-2024-CPJ-luque-foto-alfredo-risk-scaled-1.jpg?resize=150%2C150&ssl=1",150,150,true],"medium":["https:\/\/i0.wp.com\/ismaelcolosi.com.br\/wp-content\/uploads\/2024\/12\/00-20-fev-2024-CPJ-luque-foto-alfredo-risk-scaled-1.jpg?fit=300%2C200&ssl=1",300,200,true],"medium_large":["https:\/\/i0.wp.com\/ismaelcolosi.com.br\/wp-content\/uploads\/2024\/12\/00-20-fev-2024-CPJ-luque-foto-alfredo-risk-scaled-1.jpg?fit=768%2C512&ssl=1",768,512,true],"large":["https:\/\/i0.wp.com\/ismaelcolosi.com.br\/wp-content\/uploads\/2024\/12\/00-20-fev-2024-CPJ-luque-foto-alfredo-risk-scaled-1.jpg?fit=968%2C645&ssl=1",968,645,true],"1536x1536":["https:\/\/i0.wp.com\/ismaelcolosi.com.br\/wp-content\/uploads\/2024\/12\/00-20-fev-2024-CPJ-luque-foto-alfredo-risk-scaled-1.jpg?fit=968%2C645&ssl=1",968,645,true],"2048x2048":["https:\/\/i0.wp.com\/ismaelcolosi.com.br\/wp-content\/uploads\/2024\/12\/00-20-fev-2024-CPJ-luque-foto-alfredo-risk-scaled-1.jpg?fit=968%2C645&ssl=1",968,645,true],"really-simple-thumb":["https:\/\/i0.wp.com\/ismaelcolosi.com.br\/wp-content\/uploads\/2024\/12\/00-20-fev-2024-CPJ-luque-foto-alfredo-risk-scaled-1.jpg?resize=370%2C247&ssl=1",370,247,true]},"uagb_author_info":{"display_name":"ismaelcolosi.com.br","author_link":"https:\/\/ismaelcolosi.com.br\/index.php\/author\/vidareal-online\/"},"uagb_comment_info":0,"uagb_excerpt":"Por: Adalberto Luque Um homem de 34 anos foi preso, na noite desta ter\u00e7a-feira (3) ap\u00f3s chegar \u00e0 casa de sua m\u00e3e, para supostamente visit\u00e1-la....","jetpack-related-posts":[{"id":3077,"url":"https:\/\/ismaelcolosi.com.br\/index.php\/2022\/12\/31\/humorista-filipe-pontes-e-preso-em-flagrante-apos-agredir-a-propria-mae\/","url_meta":{"origin":78341,"position":0},"title":"Humorista Filipe Pontes \u00e9 preso em flagrante ap\u00f3s agredir a pr\u00f3pria m\u00e3e","author":"ismaelcolosi.com.br","date":"31 de December de 2022","format":false,"excerpt":"O humorista Filipe Fernandes Pontes, de 36 anos, foi preso em flagrante neste s\u00e1bado (31) ap\u00f3s agredir a pr\u00f3pria m\u00e3e, de 57 anos,\u00a0em Ribeir\u00e3o Preto, interior de S\u00e3o Paulo.A ocorr\u00eancia foi registrada na Central de Pol\u00edcia Judici\u00e1ria (CPJ) da cidade. O irm\u00e3o de Pontes, de 21 anos, tamb\u00e9m consta como\u2026","rel":"","context":"In &quot;Not\u00edcias de Ribeir\u00e3o Preto-SP e Regi\u00e3o&quot;","block_context":{"text":"Not\u00edcias de Ribeir\u00e3o Preto-SP e Regi\u00e3o","link":"https:\/\/ismaelcolosi.com.br\/index.php\/category\/noticias-de-ribeirao-preto-sp-e-regiao-ismael-colosi\/"},"img":{"alt_text":"","src":"https:\/\/i0.wp.com\/ismaelcolosi.com.br\/wp-content\/uploads\/2023\/11\/Filipe-Pontes.png?fit=1128%2C638&ssl=1&resize=350%2C200","width":350,"height":200,"srcset":"https:\/\/i0.wp.com\/ismaelcolosi.com.br\/wp-content\/uploads\/2023\/11\/Filipe-Pontes.png?fit=1128%2C638&ssl=1&resize=350%2C200 1x, https:\/\/i0.wp.com\/ismaelcolosi.com.br\/wp-content\/uploads\/2023\/11\/Filipe-Pontes.png?fit=1128%2C638&ssl=1&resize=525%2C300 1.5x, https:\/\/i0.wp.com\/ismaelcolosi.com.br\/wp-content\/uploads\/2023\/11\/Filipe-Pontes.png?fit=1128%2C638&ssl=1&resize=700%2C400 2x, https:\/\/i0.wp.com\/ismaelcolosi.com.br\/wp-content\/uploads\/2023\/11\/Filipe-Pontes.png?fit=1128%2C638&ssl=1&resize=1050%2C600 3x"},"classes":[]},{"id":57807,"url":"https:\/\/ismaelcolosi.com.br\/index.php\/2024\/07\/24\/mulher-espancada-por-namorado-na-regiao-de-ribeirao-preto-pede-medida-protetiva-a-justica\/","url_meta":{"origin":78341,"position":1},"title":"Mulher espancada por namorado na regi\u00e3o de Ribeir\u00e3o Preto pede medida protetiva \u00e0 Justi\u00e7a","author":"ismaelcolosi.com.br","date":"24 de July de 2024","format":false,"excerpt":"A mulher espancada pelo namorado, na madrugada de segunda-feira (22), no meio da rua Sebasti\u00e3o Sampaio, no bairro Cinco de Setembro, em Sert\u00e3ozinho, na regi\u00e3o de Ribeir\u00e3o Preto, solicitou \u00e0 Justi\u00e7a medida protetiva contra Diego Gon\u00e7alves. O pedido foi feito na ter\u00e7a-feira (23). Em entrevista \u00e0 EPTV, o delegado que\u2026","rel":"","context":"In &quot;Not\u00edcias de Ribeir\u00e3o Preto-SP e Regi\u00e3o&quot;","block_context":{"text":"Not\u00edcias de Ribeir\u00e3o Preto-SP e Regi\u00e3o","link":"https:\/\/ismaelcolosi.com.br\/index.php\/category\/noticias-de-ribeirao-preto-sp-e-regiao-ismael-colosi\/"},"img":{"alt_text":"","src":"https:\/\/i0.wp.com\/ismaelcolosi.com.br\/wp-content\/uploads\/2024\/07\/Copia-de-Copia-de-TAMANHO-EXATO-PARA-FOTOS-NO-SISTEMA-NOVO-8_2024-07-22_21-58-07_jpg_2024-07-22_21-58-07.webp.webp?fit=1200%2C675&ssl=1&resize=350%2C200","width":350,"height":200,"srcset":"https:\/\/i0.wp.com\/ismaelcolosi.com.br\/wp-content\/uploads\/2024\/07\/Copia-de-Copia-de-TAMANHO-EXATO-PARA-FOTOS-NO-SISTEMA-NOVO-8_2024-07-22_21-58-07_jpg_2024-07-22_21-58-07.webp.webp?fit=1200%2C675&ssl=1&resize=350%2C200 1x, https:\/\/i0.wp.com\/ismaelcolosi.com.br\/wp-content\/uploads\/2024\/07\/Copia-de-Copia-de-TAMANHO-EXATO-PARA-FOTOS-NO-SISTEMA-NOVO-8_2024-07-22_21-58-07_jpg_2024-07-22_21-58-07.webp.webp?fit=1200%2C675&ssl=1&resize=525%2C300 1.5x, https:\/\/i0.wp.com\/ismaelcolosi.com.br\/wp-content\/uploads\/2024\/07\/Copia-de-Copia-de-TAMANHO-EXATO-PARA-FOTOS-NO-SISTEMA-NOVO-8_2024-07-22_21-58-07_jpg_2024-07-22_21-58-07.webp.webp?fit=1200%2C675&ssl=1&resize=700%2C400 2x, https:\/\/i0.wp.com\/ismaelcolosi.com.br\/wp-content\/uploads\/2024\/07\/Copia-de-Copia-de-TAMANHO-EXATO-PARA-FOTOS-NO-SISTEMA-NOVO-8_2024-07-22_21-58-07_jpg_2024-07-22_21-58-07.webp.webp?fit=1200%2C675&ssl=1&resize=1050%2C600 3x"},"classes":[]},{"id":857,"url":"https:\/\/ismaelcolosi.com.br\/index.php\/2023\/11\/09\/homem-e-preso-por-tentativa-de-feminicidio-em-rp\/","url_meta":{"origin":78341,"position":2},"title":"Homem \u00e9 preso por tentativa de feminic\u00eddio em RP","author":"ismaelcolosi.com.br","date":"9 de November de 2023","format":false,"excerpt":"9 de novembro de 2023 | 12:07 0Foi preso na noite desta quarta- feira (8) um homem por tentativa de feminic\u00eddio em Ribeir\u00e3o Preto. O caso aconteceu no Jardim Cristo Redentor, na zona norte da cidade. Ele tentou matar sua pr\u00f3pria companheira e e explodir a casa da fam\u00edlia.Segundo o\u2026","rel":"","context":"In &quot;Not\u00edcias de Ribeir\u00e3o Preto-SP e Regi\u00e3o&quot;","block_context":{"text":"Not\u00edcias de Ribeir\u00e3o Preto-SP e Regi\u00e3o","link":"https:\/\/ismaelcolosi.com.br\/index.php\/category\/noticias-de-ribeirao-preto-sp-e-regiao-ismael-colosi\/"},"img":{"alt_text":"","src":"https:\/\/i0.wp.com\/ismaelcolosi.com.br\/wp-content\/uploads\/2023\/11\/policia-civil.jpg?fit=968%2C645&ssl=1&resize=350%2C200","width":350,"height":200,"srcset":"https:\/\/i0.wp.com\/ismaelcolosi.com.br\/wp-content\/uploads\/2023\/11\/policia-civil.jpg?fit=968%2C645&ssl=1&resize=350%2C200 1x, https:\/\/i0.wp.com\/ismaelcolosi.com.br\/wp-content\/uploads\/2023\/11\/policia-civil.jpg?fit=968%2C645&ssl=1&resize=525%2C300 1.5x, https:\/\/i0.wp.com\/ismaelcolosi.com.br\/wp-content\/uploads\/2023\/11\/policia-civil.jpg?fit=968%2C645&ssl=1&resize=700%2C400 2x"},"classes":[]},{"id":78112,"url":"https:\/\/ismaelcolosi.com.br\/index.php\/2024\/12\/02\/preso-suspeito-de-feminicidio-na-regiao\/","url_meta":{"origin":78341,"position":3},"title":"Preso suspeito de feminic\u00eddio na regi\u00e3o","author":"ismaelcolosi.com.br","date":"2 de December de 2024","format":false,"excerpt":"Por: Adalberto Luque A Pol\u00edcia Civil prendeu, na manh\u00e3 desta segunda-feira (2), Rog\u00e9rio dos Santos. Ele \u00e9 suspeito de ter matado com mais de 20 facadas sua ex-companheira, \u00c9lida Renata Benedito de Oliveira, de 39 anos. O crime ocorreu na madrugada de 10 de novembro, em Guariba, regi\u00e3o metropolitana de\u2026","rel":"","context":"In &quot;Not\u00edcias de Ribeir\u00e3o Preto-SP e Regi\u00e3o&quot;","block_context":{"text":"Not\u00edcias de Ribeir\u00e3o Preto-SP e Regi\u00e3o","link":"https:\/\/ismaelcolosi.com.br\/index.php\/category\/noticias-de-ribeirao-preto-sp-e-regiao-ismael-colosi\/"},"img":{"alt_text":"","src":"https:\/\/i0.wp.com\/ismaelcolosi.com.br\/wp-content\/uploads\/2024\/12\/11nov2024-feminicidioguariba-scaled.jpg?fit=800%2C494&ssl=1&resize=350%2C200","width":350,"height":200,"srcset":"https:\/\/i0.wp.com\/ismaelcolosi.com.br\/wp-content\/uploads\/2024\/12\/11nov2024-feminicidioguariba-scaled.jpg?fit=800%2C494&ssl=1&resize=350%2C200 1x, https:\/\/i0.wp.com\/ismaelcolosi.com.br\/wp-content\/uploads\/2024\/12\/11nov2024-feminicidioguariba-scaled.jpg?fit=800%2C494&ssl=1&resize=525%2C300 1.5x, https:\/\/i0.wp.com\/ismaelcolosi.com.br\/wp-content\/uploads\/2024\/12\/11nov2024-feminicidioguariba-scaled.jpg?fit=800%2C494&ssl=1&resize=700%2C400 2x"},"classes":[]},{"id":76194,"url":"https:\/\/ismaelcolosi.com.br\/index.php\/2024\/11\/11\/mulher-e-vitima-de-feminicidio-na-regiao\/","url_meta":{"origin":78341,"position":4},"title":"Mulher \u00e9 v\u00edtima de feminic\u00eddio na regi\u00e3o","author":"ismaelcolosi.com.br","date":"11 de November de 2024","format":false,"excerpt":"Por: Adalberto Luque Uma mulher morreu, na madrugada deste domingo (10), ap\u00f3s ser atingida com mais de 20 facadas. O crime ocorreu na Avenida Ot\u00e1vio Rangel, em Guariba, regi\u00e3o metropolitana de Ribeir\u00e3o Preto. Segundo informa\u00e7\u00f5es, \u00c9lida Renata Benedito de Oliveira Abreu, de 39 anos, estava em sua resid\u00eancia, quando a\u2026","rel":"","context":"In &quot;Not\u00edcias de Ribeir\u00e3o Preto-SP e Regi\u00e3o&quot;","block_context":{"text":"Not\u00edcias de Ribeir\u00e3o Preto-SP e Regi\u00e3o","link":"https:\/\/ismaelcolosi.com.br\/index.php\/category\/noticias-de-ribeirao-preto-sp-e-regiao-ismael-colosi\/"},"img":{"alt_text":"","src":"https:\/\/i0.wp.com\/ismaelcolosi.com.br\/wp-content\/uploads\/2024\/11\/11nov2024-feminicidioguariba-scaled.jpg?fit=800%2C494&ssl=1&resize=350%2C200","width":350,"height":200,"srcset":"https:\/\/i0.wp.com\/ismaelcolosi.com.br\/wp-content\/uploads\/2024\/11\/11nov2024-feminicidioguariba-scaled.jpg?fit=800%2C494&ssl=1&resize=350%2C200 1x, https:\/\/i0.wp.com\/ismaelcolosi.com.br\/wp-content\/uploads\/2024\/11\/11nov2024-feminicidioguariba-scaled.jpg?fit=800%2C494&ssl=1&resize=525%2C300 1.5x, https:\/\/i0.wp.com\/ismaelcolosi.com.br\/wp-content\/uploads\/2024\/11\/11nov2024-feminicidioguariba-scaled.jpg?fit=800%2C494&ssl=1&resize=700%2C400 2x"},"classes":[]},{"id":74060,"url":"https:\/\/ismaelcolosi.com.br\/index.php\/2024\/10\/29\/engenheiro-e-indiciado-por-tentativa-de-feminicidio-tentativa-de-homicidio-estupro-e-violencia-psicologica\/","url_meta":{"origin":78341,"position":5},"title":"Engenheiro \u00e9 indiciado por tentativa de feminic\u00eddio, tentativa de homic\u00eddio, estupro e viol\u00eancia psicol\u00f3gica","author":"ismaelcolosi.com.br","date":"29 de October de 2024","format":false,"excerpt":"A delegada Juliana da Silva Paiva, da Delegacia de Defesa da Mulher (DDM) de Franca, informou que vai indiciar o engenheiro Lu\u00eds Fernando Moreira Bentivoglio Silveira pelos crimes de tentativa de feminic\u00eddio, estupro e viol\u00eancia psicol\u00f3gica contra a mulher, al\u00e9m de tentativa de homic\u00eddio contra a ex-sogra e contra sua\u2026","rel":"","context":"In &quot;Not\u00edcias de Ribeir\u00e3o Preto-SP e Regi\u00e3o&quot;","block_context":{"text":"Not\u00edcias de Ribeir\u00e3o Preto-SP e Regi\u00e3o","link":"https:\/\/ismaelcolosi.com.br\/index.php\/category\/noticias-de-ribeirao-preto-sp-e-regiao-ismael-colosi\/"},"img":{"alt_text":"","src":"https:\/\/i0.wp.com\/ismaelcolosi.com.br\/wp-content\/uploads\/2024\/10\/28out2024luizfernandosilveira-scaled.jpg?fit=750%2C500&ssl=1&resize=350%2C200","width":350,"height":200,"srcset":"https:\/\/i0.wp.com\/ismaelcolosi.com.br\/wp-content\/uploads\/2024\/10\/28out2024luizfernandosilveira-scaled.jpg?fit=750%2C500&ssl=1&resize=350%2C200 1x, https:\/\/i0.wp.com\/ismaelcolosi.com.br\/wp-content\/uploads\/2024\/10\/28out2024luizfernandosilveira-scaled.jpg?fit=750%2C500&ssl=1&resize=525%2C300 1.5x, https:\/\/i0.wp.com\/ismaelcolosi.com.br\/wp-content\/uploads\/2024\/10\/28out2024luizfernandosilveira-scaled.jpg?fit=750%2C500&ssl=1&resize=700%2C400 2x"},"classes":[]}],"jetpack_sharing_enabled":true,"jetpack_shortlink":"https:\/\/wp.me\/pfMlyK-knz","_links":{"self":[{"href":"https:\/\/ismaelcolosi.com.br\/index.php\/wp-json\/wp\/v2\/posts\/78341","targetHints":{"allow":["GET"]}}],"collection":[{"href":"https:\/\/ismaelcolosi.com.br\/index.php\/wp-json\/wp\/v2\/posts"}],"about":[{"href":"https:\/\/ismaelcolosi.com.br\/index.php\/wp-json\/wp\/v2\/types\/post"}],"author":[{"embeddable":true,"href":"https:\/\/ismaelcolosi.com.br\/index.php\/wp-json\/wp\/v2\/users\/1"}],"replies":[{"embeddable":true,"href":"https:\/\/ismaelcolosi.com.br\/index.php\/wp-json\/wp\/v2\/comments?post=78341"}],"version-history":[{"count":0,"href":"https:\/\/ismaelcolosi.com.br\/index.php\/wp-json\/wp\/v2\/posts\/78341\/revisions"}],"wp:featuredmedia":[{"embeddable":true,"href":"https:\/\/ismaelcolosi.com.br\/index.php\/wp-json\/wp\/v2\/media\/78342"}],"wp:attachment":[{"href":"https:\/\/ismaelcolosi.com.br\/index.php\/wp-json\/wp\/v2\/media?parent=78341"}],"wp:term":[{"taxonomy":"category","embeddable":true,"href":"https:\/\/ismaelcolosi.com.br\/index.php\/wp-json\/wp\/v2\/categories?post=78341"},{"taxonomy":"post_tag","embeddable":true,"href":"https:\/\/ismaelcolosi.com.br\/index.php\/wp-json\/wp\/v2\/tags?post=78341"}],"curies":[{"name":"wp","href":"https:\/\/api.w.org\/{rel}","templated":true}]}}