{"id":78214,"date":"2024-12-03T09:32:54","date_gmt":"2024-12-03T12:32:54","guid":{"rendered":"https:\/\/ismaelcolosi.com.br\/index.php\/2024\/12\/03\/geriatra-alerta-para-crescente-numero-de-casos-de-hiv-entre-idosos\/"},"modified":"2024-12-03T09:32:54","modified_gmt":"2024-12-03T12:32:54","slug":"geriatra-alerta-para-crescente-numero-de-casos-de-hiv-entre-idosos","status":"publish","type":"post","link":"https:\/\/ismaelcolosi.com.br\/index.php\/2024\/12\/03\/geriatra-alerta-para-crescente-numero-de-casos-de-hiv-entre-idosos\/","title":{"rendered":"Geriatra Alerta para Crescente N\u00famero de Casos de HIV entre Idosos"},"content":{"rendered":"<p> <br \/>\n<\/p>\n<div>\n<p>O aumento de casos de HIV entre idosos tem chamado a aten\u00e7\u00e3o de especialistas da \u00e1rea da sa\u00fade no Brasil. Segundo dados apresentados em um evento nacional de sa\u00fade p\u00fablica, a popula\u00e7\u00e3o acima dos 60 anos tem registrado uma alta significativa no n\u00famero de diagn\u00f3sticos nos \u00faltimos anos.<\/p>\n<p>A geriatra Ana L\u00facia Mendes, que participou do evento, destacou que o envelhecimento ativo e o uso de medicamentos como o Viagra t\u00eam levado a uma maior atividade sexual entre idosos, muitas vezes sem o uso de preservativos. \u201c\u00c9 fundamental conscientizar que a preven\u00e7\u00e3o n\u00e3o tem idade\u201d, afirmou a m\u00e9dica.<\/p>\n<h3><strong>N\u00fameros em crescimento<\/strong><\/h3>\n<p>Relat\u00f3rios do Minist\u00e9rio da Sa\u00fade mostram que o n\u00famero de casos de HIV em pessoas acima de 60 anos cresceu cerca de 30% na \u00faltima d\u00e9cada. A falta de campanhas voltadas para essa faixa et\u00e1ria \u00e9 apontada como uma das principais raz\u00f5es para o aumento.<\/p>\n<p>Al\u00e9m disso, o diagn\u00f3stico tardio \u00e9 outro problema: muitos idosos s\u00f3 descobrem que t\u00eam o v\u00edrus quando a doen\u00e7a j\u00e1 est\u00e1 em est\u00e1gio avan\u00e7ado, o que dificulta o tratamento.<\/p>\n<h3><strong>Desafios enfrentados<\/strong><\/h3>\n<p>Entre os obst\u00e1culos para conter o avan\u00e7o do HIV nessa popula\u00e7\u00e3o est\u00e3o:<\/p>\n<ul>\n<li><strong>Falta de di\u00e1logo sobre sexualidade<\/strong>: O tema ainda \u00e9 tabu para muitas fam\u00edlias e profissionais de sa\u00fade.<\/li>\n<li><strong>Preconceito<\/strong>: Muitos idosos n\u00e3o se sentem confort\u00e1veis em pedir preservativos ou realizar testes de HIV.<\/li>\n<li><strong>Desinforma\u00e7\u00e3o<\/strong>: H\u00e1 pouco acesso a campanhas educativas direcionadas para essa faixa et\u00e1ria.<\/li>\n<\/ul>\n<h3><strong>Iniciativas e solu\u00e7\u00f5es<\/strong><\/h3>\n<p>O Minist\u00e9rio da Sa\u00fade anunciou que, a partir de 2025, pretende lan\u00e7ar campanhas espec\u00edficas para conscientizar idosos sobre a import\u00e2ncia da preven\u00e7\u00e3o de doen\u00e7as sexualmente transmiss\u00edveis.<\/p>\n<p>Al\u00e9m disso, m\u00e9dicos e profissionais de sa\u00fade est\u00e3o sendo capacitados para abordar o tema de maneira mais aberta e acolhedora durante consultas com pacientes idosos.<\/p>\n<p>\u201cPrecisamos quebrar o preconceito e incentivar o uso do preservativo como uma ferramenta de cuidado e amor-pr\u00f3prio\u201d, destacou a geriatra Ana L\u00facia Mendes.<\/p>\n<h3><strong>Preven\u00e7\u00e3o e conscientiza\u00e7\u00e3o<\/strong><\/h3>\n<p>Especialistas refor\u00e7am que o combate ao HIV requer uma abordagem intergeracional, onde todas as faixas et\u00e1rias sejam inclu\u00eddas nas pol\u00edticas de sa\u00fade p\u00fablica. \u201cA vida sexual ativa pode continuar na terceira idade, mas ela precisa ser segura e consciente\u201d, concluiu a m\u00e9dica.<\/p>\n<p>Com um esfor\u00e7o conjunto entre sociedade, governo e profissionais da sa\u00fade, espera-se conter o avan\u00e7o do HIV e promover uma melhor qualidade de vida para os idosos.<\/p>\n<p>&#13;<br \/>\n\t\t\t\t<span class=\"post-views-icon dashicons dashicons-chart-bar\"\/> <span class=\"post-views-label\">Visualiza\u00e7\u00f5es:<\/span> <span class=\"post-views-count\">9<\/span>&#13;\n\t\t\t<\/p>\n<\/p><\/div>\n<p><br \/>\n<br \/><a href=\"https:\/\/folhaderibeirao.com.br\/2024\/12\/03\/geriatra-alerta-para-crescente-numero-de-casos-de-hiv-entre-idosos\/\">Source link <\/a><\/p>\n<div class='code-block code-block-4' style='margin: 8px auto 8px 0; text-align: left; display: block; clear: both;'>\n\ud83d\udce2 Aviso Legal\n\nO site ismaelcolosi.com.br atua apenas como um canal de divulga\u00e7\u00e3o de oportunidades de emprego e n\u00e3o se responsabiliza pelo processo seletivo, contrata\u00e7\u00e3o ou qualquer outra etapa relacionada \u00e0s vagas publicadas. Todas as informa\u00e7\u00f5es s\u00e3o de responsabilidade dos anunciantes.\n\n\u26a0\ufe0f Aten\u00e7\u00e3o! Nunca pague por promessas de emprego nem compre cursos que garantam contrata\u00e7\u00e3o. Desconfie de qualquer cobran\u00e7a para participar de sele\u00e7\u00f5es.\n\n\n\n<\/div>\n<!-- CONTENT END 1 -->\n","protected":false},"excerpt":{"rendered":"<p>O aumento de casos de HIV entre idosos tem chamado a aten\u00e7\u00e3o de especialistas da \u00e1rea da sa\u00fade no Brasil. Segundo dados apresentados em um&#8230;<\/p>\n","protected":false},"author":1,"featured_media":78215,"comment_status":"open","ping_status":"open","sticky":false,"template":"","format":"standard","meta":{"_uag_custom_page_level_css":"","advanced_seo_description":"","jetpack_seo_html_title":"","jetpack_seo_noindex":false,"jetpack_post_was_ever_published":false,"_jetpack_newsletter_access":"","_jetpack_dont_email_post_to_subs":false,"_jetpack_newsletter_tier_id":0,"_jetpack_memberships_contains_paywalled_content":false,"_jetpack_memberships_contains_paid_content":false,"footnotes":"","jetpack_publicize_message":"","jetpack_publicize_feature_enabled":true,"jetpack_social_post_already_shared":true,"jetpack_social_options":{"image_generator_settings":{"template":"highway","default_image_id":0,"font":"","enabled":false},"version":2}},"categories":[11],"tags":[163,996,5925,389,6084,3250,1633,3499,71],"class_list":["post-78214","post","type-post","status-publish","format-standard","has-post-thumbnail","hentry","category-noticias-de-ribeirao-preto-sp-e-regiao-ismael-colosi","tag-alerta","tag-casos","tag-crescente","tag-entre","tag-geriatra","tag-hiv","tag-idosos","tag-numero","tag-para"],"jetpack_publicize_connections":[],"jetpack_featured_media_url":"https:\/\/i0.wp.com\/ismaelcolosi.com.br\/wp-content\/uploads\/2024\/12\/cartilha-vacinahiv.webp.webp?fit=1170%2C700&ssl=1","uagb_featured_image_src":{"full":["https:\/\/i0.wp.com\/ismaelcolosi.com.br\/wp-content\/uploads\/2024\/12\/cartilha-vacinahiv.webp.webp?fit=1170%2C700&ssl=1",1170,700,false],"thumbnail":["https:\/\/i0.wp.com\/ismaelcolosi.com.br\/wp-content\/uploads\/2024\/12\/cartilha-vacinahiv.webp.webp?resize=150%2C150&ssl=1",150,150,true],"medium":["https:\/\/i0.wp.com\/ismaelcolosi.com.br\/wp-content\/uploads\/2024\/12\/cartilha-vacinahiv.webp.webp?fit=300%2C179&ssl=1",300,179,true],"medium_large":["https:\/\/i0.wp.com\/ismaelcolosi.com.br\/wp-content\/uploads\/2024\/12\/cartilha-vacinahiv.webp.webp?fit=768%2C459&ssl=1",768,459,true],"large":["https:\/\/i0.wp.com\/ismaelcolosi.com.br\/wp-content\/uploads\/2024\/12\/cartilha-vacinahiv.webp.webp?fit=1024%2C613&ssl=1",1024,613,true],"1536x1536":["https:\/\/i0.wp.com\/ismaelcolosi.com.br\/wp-content\/uploads\/2024\/12\/cartilha-vacinahiv.webp.webp?fit=1170%2C700&ssl=1",1170,700,true],"2048x2048":["https:\/\/i0.wp.com\/ismaelcolosi.com.br\/wp-content\/uploads\/2024\/12\/cartilha-vacinahiv.webp.webp?fit=1170%2C700&ssl=1",1170,700,true],"really-simple-thumb":["https:\/\/i0.wp.com\/ismaelcolosi.com.br\/wp-content\/uploads\/2024\/12\/cartilha-vacinahiv.webp.webp?resize=370%2C247&ssl=1",370,247,true]},"uagb_author_info":{"display_name":"ismaelcolosi.com.br","author_link":"https:\/\/ismaelcolosi.com.br\/index.php\/author\/vidareal-online\/"},"uagb_comment_info":0,"uagb_excerpt":"O aumento de casos de HIV entre idosos tem chamado a aten\u00e7\u00e3o de especialistas da \u00e1rea da sa\u00fade no Brasil. Segundo dados apresentados em um...","jetpack-related-posts":[{"id":9096,"url":"https:\/\/ismaelcolosi.com.br\/index.php\/2023\/12\/01\/alerta-casos-de-sifilis-e-de-hiv-aids-aumentam-entre-homens-jovens\/","url_meta":{"origin":78214,"position":0},"title":"Alerta: Casos de s\u00edfilis e de HIV\/aids aumentam entre homens jovens","author":"ismaelcolosi.com.br","date":"1 de December de 2023","format":false,"excerpt":"Dados do Minist\u00e9rio da Sa\u00fade indicam que o pa\u00eds vem registrando\u00a0queda nos casos de HIV\/aids, mas n\u00e3o entre homens de 15 a 29 anos. Nesta faixa,\u00a0o \u00edndice tem aumentado, chegando,\u00a0em 2021, a 53,3% dos infectados\u00a0de 25 a 29 anos. Os n\u00fameros da pasta tamb\u00e9m registram crescimento dos casos de s\u00edfilis\u2026","rel":"","context":"In &quot;Not\u00edcias de Ribeir\u00e3o Preto-SP e Regi\u00e3o&quot;","block_context":{"text":"Not\u00edcias de Ribeir\u00e3o Preto-SP e Regi\u00e3o","link":"https:\/\/ismaelcolosi.com.br\/index.php\/category\/noticias-de-ribeirao-preto-sp-e-regiao-ismael-colosi\/"},"img":{"alt_text":"","src":"https:\/\/i0.wp.com\/ismaelcolosi.com.br\/wp-content\/uploads\/2023\/12\/aids.jpg?fit=1170%2C700&ssl=1&resize=350%2C200","width":350,"height":200,"srcset":"https:\/\/i0.wp.com\/ismaelcolosi.com.br\/wp-content\/uploads\/2023\/12\/aids.jpg?fit=1170%2C700&ssl=1&resize=350%2C200 1x, https:\/\/i0.wp.com\/ismaelcolosi.com.br\/wp-content\/uploads\/2023\/12\/aids.jpg?fit=1170%2C700&ssl=1&resize=525%2C300 1.5x, https:\/\/i0.wp.com\/ismaelcolosi.com.br\/wp-content\/uploads\/2023\/12\/aids.jpg?fit=1170%2C700&ssl=1&resize=700%2C400 2x, https:\/\/i0.wp.com\/ismaelcolosi.com.br\/wp-content\/uploads\/2023\/12\/aids.jpg?fit=1170%2C700&ssl=1&resize=1050%2C600 3x"},"classes":[]},{"id":10072,"url":"https:\/\/ismaelcolosi.com.br\/index.php\/2023\/12\/03\/casos-de-sifilis-e-de-hiv-aids-aumentam-entre-homens-jovens\/","url_meta":{"origin":78214,"position":1},"title":"Casos de s\u00edfilis e de HIV\/aids aumentam entre homens jovens\u00a0","author":"ismaelcolosi.com.br","date":"3 de December de 2023","format":false,"excerpt":"Dados do Minist\u00e9rio da Sa\u00fade indicam que o pa\u00eds vem registrando queda nos casos de HIV\/aids, mas n\u00e3o entre homens de 15 a 29 anos. Nesta faixa, o \u00edndice tem aumentado, chegando, em 2021, a 53,3% dos infectados de 25 a 29 anos. Os n\u00fameros da pasta tamb\u00e9m registram crescimento\u2026","rel":"","context":"In &quot;Not\u00edcias de Ribeir\u00e3o Preto-SP e Regi\u00e3o&quot;","block_context":{"text":"Not\u00edcias de Ribeir\u00e3o Preto-SP e Regi\u00e3o","link":"https:\/\/ismaelcolosi.com.br\/index.php\/category\/noticias-de-ribeirao-preto-sp-e-regiao-ismael-colosi\/"},"img":{"alt_text":"","src":"https:\/\/i0.wp.com\/ismaelcolosi.com.br\/wp-content\/uploads\/2023\/12\/aids-scaled.jpg?fit=1000%2C598&ssl=1&resize=350%2C200","width":350,"height":200,"srcset":"https:\/\/i0.wp.com\/ismaelcolosi.com.br\/wp-content\/uploads\/2023\/12\/aids-scaled.jpg?fit=1000%2C598&ssl=1&resize=350%2C200 1x, https:\/\/i0.wp.com\/ismaelcolosi.com.br\/wp-content\/uploads\/2023\/12\/aids-scaled.jpg?fit=1000%2C598&ssl=1&resize=525%2C300 1.5x, https:\/\/i0.wp.com\/ismaelcolosi.com.br\/wp-content\/uploads\/2023\/12\/aids-scaled.jpg?fit=1000%2C598&ssl=1&resize=700%2C400 2x"},"classes":[]},{"id":10412,"url":"https:\/\/ismaelcolosi.com.br\/index.php\/2023\/12\/04\/casos-de-sifilis-e-de-hiv-aids-aumentam-entre-homens-jovens-2\/","url_meta":{"origin":78214,"position":2},"title":"Casos de s\u00edfilis e de HIV\/aids aumentam entre homens jovens \u2013 Folha de Ribeir\u00e3o","author":"ismaelcolosi.com.br","date":"4 de December de 2023","format":false,"excerpt":"Dados do Minist\u00e9rio da Sa\u00fade indicam que o pa\u00eds vem registrando\u00a0queda nos casos de HIV\/aids, mas n\u00e3o entre homens de 15 a 29 anos. Nesta faixa,\u00a0o \u00edndice tem aumentado, chegando,\u00a0em 2021, a 53,3% dos infectados\u00a0de 25 a 29 anos. Os n\u00fameros da pasta tamb\u00e9m registram crescimento dos casos de s\u00edfilis\u2026","rel":"","context":"In &quot;Not\u00edcias de Ribeir\u00e3o Preto-SP e Regi\u00e3o&quot;","block_context":{"text":"Not\u00edcias de Ribeir\u00e3o Preto-SP e Regi\u00e3o","link":"https:\/\/ismaelcolosi.com.br\/index.php\/category\/noticias-de-ribeirao-preto-sp-e-regiao-ismael-colosi\/"},"img":{"alt_text":"","src":"","width":0,"height":0},"classes":[]},{"id":79138,"url":"https:\/\/ismaelcolosi.com.br\/index.php\/2024\/12\/13\/brasil-registra-alta-nos-casos-de-aids-mas-menor-mortalidade-desde-2013\/","url_meta":{"origin":78214,"position":3},"title":"Brasil Registra Alta nos Casos de AIDS, Mas Menor Mortalidade Desde 2013","author":"ismaelcolosi.com.br","date":"13 de December de 2024","format":false,"excerpt":"O Brasil registrou, em 2024, um aumento no n\u00famero de novos casos de AIDS, mas o \u00edndice de mortalidade caiu para o menor patamar desde 2013. Dados do Minist\u00e9rio da Sa\u00fade revelam que, apesar do crescimento no diagn\u00f3stico, melhorias no acesso a medicamentos e avan\u00e7os nas campanhas de conscientiza\u00e7\u00e3o t\u00eam\u2026","rel":"","context":"In &quot;Not\u00edcias de Ribeir\u00e3o Preto-SP e Regi\u00e3o&quot;","block_context":{"text":"Not\u00edcias de Ribeir\u00e3o Preto-SP e Regi\u00e3o","link":"https:\/\/ismaelcolosi.com.br\/index.php\/category\/noticias-de-ribeirao-preto-sp-e-regiao-ismael-colosi\/"},"img":{"alt_text":"","src":"https:\/\/i0.wp.com\/ismaelcolosi.com.br\/wp-content\/uploads\/2024\/12\/agencia_brasil251112mcsp10.webp.webp?fit=1170%2C700&ssl=1&resize=350%2C200","width":350,"height":200,"srcset":"https:\/\/i0.wp.com\/ismaelcolosi.com.br\/wp-content\/uploads\/2024\/12\/agencia_brasil251112mcsp10.webp.webp?fit=1170%2C700&ssl=1&resize=350%2C200 1x, https:\/\/i0.wp.com\/ismaelcolosi.com.br\/wp-content\/uploads\/2024\/12\/agencia_brasil251112mcsp10.webp.webp?fit=1170%2C700&ssl=1&resize=525%2C300 1.5x, https:\/\/i0.wp.com\/ismaelcolosi.com.br\/wp-content\/uploads\/2024\/12\/agencia_brasil251112mcsp10.webp.webp?fit=1170%2C700&ssl=1&resize=700%2C400 2x, https:\/\/i0.wp.com\/ismaelcolosi.com.br\/wp-content\/uploads\/2024\/12\/agencia_brasil251112mcsp10.webp.webp?fit=1170%2C700&ssl=1&resize=1050%2C600 3x"},"classes":[]},{"id":7774,"url":"https:\/\/ismaelcolosi.com.br\/index.php\/2023\/11\/28\/saude-comeca-a-campanha-fique-sabendo\/","url_meta":{"origin":78214,"position":4},"title":"Sa\u00fade: come\u00e7a a campanha \u201cFique Sabendo\u201d","author":"ismaelcolosi.com.br","date":"28 de November de 2023","format":false,"excerpt":"A Secretaria Municipal da Sa\u00fade, por meio do programa municipal\u00a0de DST\/Aids, Tuberculose e Hepatites Virais, promove de 29 de novembro a 7 de dezembro, a campanha \u201cFique Sabendo\u201d, que\u00a0tem o objetivo de estimular a popula\u00e7\u00e3o a realizar o teste de Aids e de S\u00edfilis, especialmente pessoas com vida sexual ativa\u2026","rel":"","context":"In &quot;Not\u00edcias de Ribeir\u00e3o Preto-SP e Regi\u00e3o&quot;","block_context":{"text":"Not\u00edcias de Ribeir\u00e3o Preto-SP e Regi\u00e3o","link":"https:\/\/ismaelcolosi.com.br\/index.php\/category\/noticias-de-ribeirao-preto-sp-e-regiao-ismael-colosi\/"},"img":{"alt_text":"","src":"https:\/\/i0.wp.com\/ismaelcolosi.com.br\/wp-content\/uploads\/2023\/11\/testes-1-scaled.jpg?fit=1200%2C1032&ssl=1&resize=350%2C200","width":350,"height":200,"srcset":"https:\/\/i0.wp.com\/ismaelcolosi.com.br\/wp-content\/uploads\/2023\/11\/testes-1-scaled.jpg?fit=1200%2C1032&ssl=1&resize=350%2C200 1x, https:\/\/i0.wp.com\/ismaelcolosi.com.br\/wp-content\/uploads\/2023\/11\/testes-1-scaled.jpg?fit=1200%2C1032&ssl=1&resize=525%2C300 1.5x, https:\/\/i0.wp.com\/ismaelcolosi.com.br\/wp-content\/uploads\/2023\/11\/testes-1-scaled.jpg?fit=1200%2C1032&ssl=1&resize=700%2C400 2x, https:\/\/i0.wp.com\/ismaelcolosi.com.br\/wp-content\/uploads\/2023\/11\/testes-1-scaled.jpg?fit=1200%2C1032&ssl=1&resize=1050%2C600 3x"},"classes":[]},{"id":9670,"url":"https:\/\/ismaelcolosi.com.br\/index.php\/2023\/12\/02\/11-mil-jovens-infectados-com-hiv-por-ano-na-america-latina\/","url_meta":{"origin":78214,"position":5},"title":"11 mil jovens infectados com HIV por ano na Am\u00e9rica Latina","author":"ismaelcolosi.com.br","date":"2 de December de 2023","format":false,"excerpt":"O panorama da infec\u00e7\u00e3o por HIV na Am\u00e9rica Latina e no Caribe \u00e9 preocupante. Diariamente, s\u00e3o registrados aproximadamente 30 novos casos de infec\u00e7\u00e3o entre adolescentes e jovens de 10 a 19 anos, segundo dados do Fundo das Na\u00e7\u00f5es Unidas para a Inf\u00e2ncia (Unicef). Isso significa que s\u00e3o cerca de 11\u2026","rel":"","context":"In &quot;Variedades&quot;","block_context":{"text":"Variedades","link":"https:\/\/ismaelcolosi.com.br\/index.php\/category\/variedades\/"},"img":{"alt_text":"","src":"https:\/\/i0.wp.com\/ismaelcolosi.com.br\/wp-content\/uploads\/2023\/12\/jovens-hiv.jpg?fit=1200%2C638&ssl=1&resize=350%2C200","width":350,"height":200,"srcset":"https:\/\/i0.wp.com\/ismaelcolosi.com.br\/wp-content\/uploads\/2023\/12\/jovens-hiv.jpg?fit=1200%2C638&ssl=1&resize=350%2C200 1x, https:\/\/i0.wp.com\/ismaelcolosi.com.br\/wp-content\/uploads\/2023\/12\/jovens-hiv.jpg?fit=1200%2C638&ssl=1&resize=525%2C300 1.5x, https:\/\/i0.wp.com\/ismaelcolosi.com.br\/wp-content\/uploads\/2023\/12\/jovens-hiv.jpg?fit=1200%2C638&ssl=1&resize=700%2C400 2x, https:\/\/i0.wp.com\/ismaelcolosi.com.br\/wp-content\/uploads\/2023\/12\/jovens-hiv.jpg?fit=1200%2C638&ssl=1&resize=1050%2C600 3x"},"classes":[]}],"jetpack_sharing_enabled":true,"jetpack_shortlink":"https:\/\/wp.me\/pfMlyK-klw","_links":{"self":[{"href":"https:\/\/ismaelcolosi.com.br\/index.php\/wp-json\/wp\/v2\/posts\/78214","targetHints":{"allow":["GET"]}}],"collection":[{"href":"https:\/\/ismaelcolosi.com.br\/index.php\/wp-json\/wp\/v2\/posts"}],"about":[{"href":"https:\/\/ismaelcolosi.com.br\/index.php\/wp-json\/wp\/v2\/types\/post"}],"author":[{"embeddable":true,"href":"https:\/\/ismaelcolosi.com.br\/index.php\/wp-json\/wp\/v2\/users\/1"}],"replies":[{"embeddable":true,"href":"https:\/\/ismaelcolosi.com.br\/index.php\/wp-json\/wp\/v2\/comments?post=78214"}],"version-history":[{"count":0,"href":"https:\/\/ismaelcolosi.com.br\/index.php\/wp-json\/wp\/v2\/posts\/78214\/revisions"}],"wp:featuredmedia":[{"embeddable":true,"href":"https:\/\/ismaelcolosi.com.br\/index.php\/wp-json\/wp\/v2\/media\/78215"}],"wp:attachment":[{"href":"https:\/\/ismaelcolosi.com.br\/index.php\/wp-json\/wp\/v2\/media?parent=78214"}],"wp:term":[{"taxonomy":"category","embeddable":true,"href":"https:\/\/ismaelcolosi.com.br\/index.php\/wp-json\/wp\/v2\/categories?post=78214"},{"taxonomy":"post_tag","embeddable":true,"href":"https:\/\/ismaelcolosi.com.br\/index.php\/wp-json\/wp\/v2\/tags?post=78214"}],"curies":[{"name":"wp","href":"https:\/\/api.w.org\/{rel}","templated":true}]}}