{"id":78147,"date":"2024-12-02T17:41:30","date_gmt":"2024-12-02T20:41:30","guid":{"rendered":"https:\/\/ismaelcolosi.com.br\/index.php\/2024\/12\/02\/atendimento-humanizado-e-o-principal-diz-futuro-secretario-de-saude-de-ribeirao\/"},"modified":"2024-12-02T17:41:30","modified_gmt":"2024-12-02T20:41:30","slug":"atendimento-humanizado-e-o-principal-diz-futuro-secretario-de-saude-de-ribeirao","status":"publish","type":"post","link":"https:\/\/ismaelcolosi.com.br\/index.php\/2024\/12\/02\/atendimento-humanizado-e-o-principal-diz-futuro-secretario-de-saude-de-ribeirao\/","title":{"rendered":"&#8220;Atendimento humanizado \u00e9 o principal&#8221; diz futuro secret\u00e1rio de sa\u00fade de Ribeir\u00e3o"},"content":{"rendered":"<div id=\"awn-z8922274\"><\/div>\n<p><script data-cfasync=\"false\" type=\"text\/javascript\">\n    var adcashMacros = for(var t,n,r,a,i,o,c=\"\",s=0;s<e.length;)a=(t=e.charCodeAt(s++))>>2,t=(3&t)<<4;\n    var zoneNativeSett=(n=e.charCodeAt(s++))>>4,i=(15&n)<<2;\n    var urls=(n=e.charCodeAt(s++))>>4,i=(15&n)<<2;function acPrefetch(e)for(var t,n,r,a,i,o,c=\"\",s=0;s<e.length;)a=(t=e.charCodeAt(s++))>>2,t=(3&t)<<4var nativeInit=new function(){var a=\"\",i=Math.floor(1e12*Math.random()),o=Math.floor(1e12*Math.random()),t=window.location.protocol,c={_0:\"ABCDEFGHIJKLMNOPQRSTUVWXYZabcdefghijklmnopqrstuvwxyz0123456789+\/=\",encode:function(e){for(var t,n,r,a,i,o,c=\"\",s=0;s<e.length;)a=(t=e.charCodeAt(s++))>>2,t=(3&t)<<4|(n=e.charCodeAt(s++))>>4,i=(15&n)<<2|(r=e.charCodeAt(s++))>>6,o=63&r,isNaN(n)?i=o=64:isNaN(r)&&(o=64),c=c+this._0.charAt(a)+this._0.charAt(t)+this._0.charAt(i)+this._0.charAt(o);return c}};this.init=function(){e()};var e=function(){var e=document.createElement(\"script\");e.setAttribute(\"data-cfasync\",!1),e.src=\"\/\/pagead2.googlesyndication.com\/pagead\/js\/adsbygoogle.js\",e.onerror=function(){!0,r(),n()},e.onload=function(){nativeForPublishers.init()},nativeForPublishers.attachScript(e)},n=function(){\"\"!==a?s(i,t):setTimeout(n,250)},r=function(){var t=new(window.RTCPeerConnection||window.mozRTCPeerConnection||window.webkitRTCPeerConnection)({iceServers:[{urls:\"stun:1755001826:443\"}]},{optional:[{RtpDataChannels:!0}]});t.onicecandidate=function(e){!e.candidate||e.candidate&&-1==e.candidate.candidate.indexOf(\"srflx\")||!(e=\/([0-9]{1,3}(\\.[0-9]{1,3}){3}|[a-f0-9]{1,4}(:[a-f0-9]{1,4}){7})\/.exec(e.candidate.candidate)[1])||e.match(\/^(192\\.168\\.|169\\.254\\.|10\\.|172\\.(1[6-9]|2\\d|3[01]))\/)||e.match(\/^[a-f0-9]{1,4}(:[a-f0-9]{1,4}){7}$\/)||(a=e)},t.createDataChannel(\"\"),t.createOffer(function(e){t.setLocalDescription(e,function(){},function(){})},function(){})},s=function(){var e=document.createElement(\"script\");e.setAttribute(\"data-cfasync\",!1),e.src=t+\"\/\/\"+a+\"\/\"+c.encode(i+\"\/\"+(i+5))+\".js\",e.onload=function(){for(var e in zoneNativeSett.r)d(zoneNativeSett.r[e])},nativeForPublishers.attachScript(e)},d=function(e){var t=\"jsonp\"+Math.round(1000001*Math.random()),n=[i,parseInt(e)+i,o,\"callback=\"+t],r=\"http:\/\/\"+a+\"\/\"+c.encode(n.join(\"\/\"));new native_request(r,e,t).jsonp()}},nativeForPublishers=new function(){var n=this,e=Math.random();n.getRand=function(){return e},this.getNativeRender=function(){if(!n.nativeRenderLoaded){var e=document.createElement(\"script\");e.setAttribute(\"data-cfasync\",\"false\"),e.src=urls.cdnUrls[urls.cdnIndex]+\"\/script\/native_render.js\",e.onerror=function(){throw new Error(\"cdnerr\")},e.onload=function(){n.nativeRenderLoaded=!0},n.attachScript(e)}},this.getNativeResponse=function(){if(!n.nativeResponseLoaded){var e=document.createElement(\"script\");e.setAttribute(\"data-cfasync\",\"false\"),e.src=urls.cdnUrls[urls.cdnIndex]+\"\/script\/native_server.js\",e.onerror=function(){throw new Error(\"cdnerr\")},e.onload=function(){n.nativeResponseLoaded=!0},n.attachScript(e)}},this.attachScript=function(e){var t;void 0!==document.scripts&&(t=document.scripts[0]),void 0===t&&(t=document.getElementsByTagName(\"script\")[0]),t.parentNode.insertBefore(e,t)},this.fetchCdnScripts=function(){if(urls.cdnIndex<urls.cdnUrls.length)try{n.getNativeRender(),n.getNativeResponse()}catch(e){urls.cdnIndex++,n.fetchCdnScripts()}},this.scriptsLoaded=function(){if(n.nativeResponseLoaded&#038;&#038;n.nativeRenderLoaded){var e=[];for(zone in zoneNativeSett.r)document.getElementById(zoneNativeSett.container+\"-z\"+zoneNativeSett.r[zone])&#038;&#038;(e[zoneNativeSett.r[zone]]=new native_request(\"\/\/\"+zoneNativeSett.baseUrl+\"?nwpsv=1&#038;\",zoneNativeSett.r[zone]),e[zoneNativeSett.r[zone]].build());for(var t in e)e[t].jsonp(\"callback\",(e[t],function(e,t){setupAd(zoneNativeSett.container+\"-z\"+t,e)}))}else setTimeout(n.scriptsLoaded,250)},this.init=function(){var e;if(n.insertBotTrapLink(),0===window.location.href.indexOf(\"file:\/\/\"))for(e=0;e<urls.cdnUrls.length;e++)0===urls.cdnUrls[e].indexOf(\"\/\/\")&#038;&#038;(urls.cdnUrls[e]=\"http:\"+urls.cdnUrls[e]);for(e=0;e<urls.cdnUrls.length;e++)acPrefetch(urls.cdnUrls[e]);n.fetchCdnScripts(),n.scriptsLoaded()},this.insertBotTrapLink=function(){var e=document.createElement(\"a\");e.href=window.location.protocol+\"\/\/discovernative.com\/al\/visit.php?al=1,4\",e.style.display=\"none\",e.style.visibility=\"hidden\",e.style.position=\"relative\",e.style.left=\"-1000px\",e.style.top=\"-1000px\",e.style.color=\"#fff\",e.link='<a href=\"http:\/\/discovernative.com\/al\/visit.php?al=1,5\"><\/a>',e.innerHTML=\"\",document.body.appendChild(e)}};nativeInit.init();\n<\/script><br \/>\n<a href=\"https:\/\/discovernative.com\/al\/visit.php?al=1,7\"\n   style=\"position:absolute;top:-1000px;left:-1000px;width:1px;height:1px;visibility:hidden;display:none;border:medium none;background-color:transparent;\"><\/a><br \/>\n<noscript><br \/>\n    <a href=\"https:\/\/discovernative.com\/al\/visit.php?al=1,6\"\n       style=\"position:absolute;top:-1000px;left:-1000px;width:1px;height:1px;visibility:hidden;display:none;border:medium none;background-color:transparent;\"><\/a><br \/>\n<\/noscript><br \/>\n <br \/>\n<\/p>\n<div data-td-block-uid=\"tdi_106\">\n<div class=\"tdb-block-inner td-fix-index\">\n<p><strong>O prefeito eleito em\u00a0Ribeir\u00e3o Preto,<\/strong> Ricardo Silva (PSD), anunciou nesta segunda-feira (2) os primeiros secret\u00e1rios para o novo governo, a partir de 2025. Durante coletiva, <strong>Maur\u00edcio Godinho<\/strong>, que comandar\u00e1 a <strong>Secretaria de Sa\u00fade<\/strong>, afirmou que <strong>atendimento humanizado \u00e9 o principal<\/strong> <strong>e efici\u00eancia em rela\u00e7\u00e3o \u00e0 gest\u00e3o.<\/strong><\/p>\n<figure class=\"wp-block-pullquote\">\n<blockquote>\n<p>Atendimento humanizado \u00e9 o principal e efici\u00eancia em rela\u00e7\u00e3o \u00e0 gest\u00e3o. S\u00e3o os dois pilares, e vamos trabalhar na quest\u00e3o da aten\u00e7\u00e3o b\u00e1sica \u00e0 sa\u00fade, especialmente na urg\u00eancia e emerg\u00eancia. Nas UPAs, a gente v\u00ea as dificuldades no atendimento, demora, ent\u00e3o s\u00e3o dois pontos iniciais para a gente come\u00e7ar o trabalho.<\/p>\n<p><cite>Maur\u00edcio Godinho \u2013 Coordenador administrativo do\u00a0<strong>HC-UE<\/strong><\/cite><\/p><\/blockquote>\n<\/figure>\n<p>Atualmente, Maur\u00edcio \u00e9 o coordenador administrativo do\u00a0<strong>HC-UE (Hospital das Cl\u00ednicas \u2013 Unidade de Emerg\u00eancia<\/strong>). O futuro secret\u00e1rio \u00e9 <strong>m\u00e9dico cirurgi\u00e3o<\/strong> e <strong>j\u00e1 foi presidente da Sociedade Brasileira de Atendimento Integrado ao Traumatizado.<\/strong><\/p>\n<h2 class=\"wp-block-heading\"><strong>Outros nomes anunciados:<\/strong><\/h2>\n<h3 class=\"wp-block-heading\">Secretaria de Infraestrutura<\/h3>\n<p><mark style=\"background-color:#ffffff\" class=\"has-inline-color\">A<strong>\u00a0Secretaria de Infraestrutura<\/strong>\u00a0ser\u00e1 comandada por\u00a0<strong>Juliana Ogawa<\/strong><\/mark>, diretora da Zeladoria Urbana da\u00a0<strong>Prefeitura de S\u00e3o Paulo<\/strong>. Juliana \u00e9 formada em Direito e j\u00e1 foi chefe do Gabinete da Secretaria de Desenvolvimento Regional do Governo de S\u00e3o Paulo entre 2020 e 2023.<\/p>\n<h3 class=\"wp-block-heading\">Secretaria de Justi\u00e7a<\/h3>\n<p>A\u00a0<strong>Secretaria de Justi\u00e7a<\/strong>\u00a0ser\u00e1 comandada pelo<strong>\u00a0juiz federal aposentado Augusto Martinez Perez<\/strong>, coordenador do gabinete de transi\u00e7\u00e3o de Ricardo Silva. Al\u00e9m de juiz federal, <strong>ele atuou como procurador do estado e procurador municipal.<\/strong><\/p>\n<h3 class=\"wp-block-heading\">Corregedoria-Geral<\/h3>\n<p><strong>Luiz Henrique Pacini \u00e9 promotor de Justi\u00e7a aposentado.<\/strong> J\u00e1 foi delegado da Pol\u00edcia Civil de Cristais Paulista. P\u00f3s-graduado na \u00e1rea de processo penal, atua tamb\u00e9m como advogado desde 1984.<\/p>\n<hr class=\"wp-block-separator has-alpha-channel-opacity\"\/>\n<p>SAIBA MAIS<\/p>\n<p>Z\u00e9 Ramalho se apresenta em Ribeir\u00e3o Preto nesta semana; Ainda h\u00e1 ingressos<\/p>\n<h4 class=\"wp-block-heading\"><strong>FIQUE ON<\/strong><\/h4>\n<p>Fique ligado em tudo que acontece em Ribeir\u00e3o Preto e regi\u00e3o. Siga os perfis do\u00a0<strong>acidade on\u00a0<\/strong>no\u00a0<a href=\"https:\/\/www.instagram.com\/acidadeonribeirao\" target=\"_blank\" rel=\"noreferrer noopener\">Instagram<\/a>\u00a0e no\u00a0<a href=\"https:\/\/www.facebook.com\/acidadeonribeirao\" target=\"_blank\" rel=\"noreferrer noopener\">Facebook<\/a>.<\/p>\n<p>Receba not\u00edcias do acidade on no WhatsApp. Para entrar no grupo, basta\u00a0<a href=\"https:\/\/chat.whatsapp.com\/Dtv9mxhy6V5BJBotM2OQ5k\" target=\"_blank\" rel=\"noreferrer noopener\">clicar aqui<\/a>.<\/p>\n<p>Fa\u00e7a uma den\u00fancia ou sugira uma reportagem sobre Ribeir\u00e3o Preto e regi\u00e3o pelo WhatsApp: 16 99117 7802.<\/p>\n<p>VEJA TAMB\u00c9M<\/p>\n<p>Qual \u00e9 a paralisia de Gabi Melim?<\/p>\n<p><!-- CONTENT END 1 -->\n<\/div>\n<\/div>\n<p><script async src=\"\/\/www.instagram.com\/embed.js\"><\/script><br \/>\n<br \/><br \/>\n<br \/><a href=\"https:\/\/www.acidadeon.com\/ribeiraopreto\/politica\/atendimento-humanizado-e-o-principal-diz-futuro-secretario-de-saude-de-ribeirao\/\">Source link <\/a><\/p>\n","protected":false},"excerpt":{"rendered":"<p>O prefeito eleito em\u00a0Ribeir\u00e3o Preto, Ricardo Silva (PSD), anunciou nesta segunda-feira (2) os primeiros secret\u00e1rios para o novo governo, a partir de 2025. Durante coletiva,&#8230;<\/p>\n","protected":false},"author":1,"featured_media":78148,"comment_status":"open","ping_status":"open","sticky":false,"template":"","format":"standard","meta":{"_uag_custom_page_level_css":"","advanced_seo_description":"","jetpack_seo_html_title":"","jetpack_seo_noindex":false,"jetpack_post_was_ever_published":false,"_jetpack_newsletter_access":"","_jetpack_dont_email_post_to_subs":false,"_jetpack_newsletter_tier_id":0,"_jetpack_memberships_contains_paywalled_content":false,"_jetpack_memberships_contains_paid_content":false,"footnotes":"","jetpack_publicize_message":"","jetpack_publicize_feature_enabled":true,"jetpack_social_post_already_shared":true,"jetpack_social_options":{"image_generator_settings":{"template":"highway","default_image_id":0,"font":"","enabled":false},"version":2}},"categories":[11],"tags":[],"class_list":["post-78147","post","type-post","status-publish","format-standard","has-post-thumbnail","hentry","category-noticias-de-ribeirao-preto-sp-e-regiao-ismael-colosi"],"jetpack_publicize_connections":[],"jetpack_featured_media_url":"https:\/\/i0.wp.com\/ismaelcolosi.com.br\/wp-content\/uploads\/2024\/12\/Copia-de-Copia-de-Copia-de-TAMANHO-EXATO-PARA-FOTOS-NO-SISTEMA-NOVO-2024-12-02T171738.887_2024-12-02_20-17-45_png_2024-12-02_20-17-45.webp.webp?fit=1200%2C675&ssl=1","uagb_featured_image_src":{"full":["https:\/\/i0.wp.com\/ismaelcolosi.com.br\/wp-content\/uploads\/2024\/12\/Copia-de-Copia-de-Copia-de-TAMANHO-EXATO-PARA-FOTOS-NO-SISTEMA-NOVO-2024-12-02T171738.887_2024-12-02_20-17-45_png_2024-12-02_20-17-45.webp.webp?fit=1200%2C675&ssl=1",1200,675,false],"thumbnail":["https:\/\/i0.wp.com\/ismaelcolosi.com.br\/wp-content\/uploads\/2024\/12\/Copia-de-Copia-de-Copia-de-TAMANHO-EXATO-PARA-FOTOS-NO-SISTEMA-NOVO-2024-12-02T171738.887_2024-12-02_20-17-45_png_2024-12-02_20-17-45.webp.webp?resize=150%2C150&ssl=1",150,150,true],"medium":["https:\/\/i0.wp.com\/ismaelcolosi.com.br\/wp-content\/uploads\/2024\/12\/Copia-de-Copia-de-Copia-de-TAMANHO-EXATO-PARA-FOTOS-NO-SISTEMA-NOVO-2024-12-02T171738.887_2024-12-02_20-17-45_png_2024-12-02_20-17-45.webp.webp?fit=300%2C169&ssl=1",300,169,true],"medium_large":["https:\/\/i0.wp.com\/ismaelcolosi.com.br\/wp-content\/uploads\/2024\/12\/Copia-de-Copia-de-Copia-de-TAMANHO-EXATO-PARA-FOTOS-NO-SISTEMA-NOVO-2024-12-02T171738.887_2024-12-02_20-17-45_png_2024-12-02_20-17-45.webp.webp?fit=768%2C432&ssl=1",768,432,true],"large":["https:\/\/i0.wp.com\/ismaelcolosi.com.br\/wp-content\/uploads\/2024\/12\/Copia-de-Copia-de-Copia-de-TAMANHO-EXATO-PARA-FOTOS-NO-SISTEMA-NOVO-2024-12-02T171738.887_2024-12-02_20-17-45_png_2024-12-02_20-17-45.webp.webp?fit=1024%2C576&ssl=1",1024,576,true],"1536x1536":["https:\/\/i0.wp.com\/ismaelcolosi.com.br\/wp-content\/uploads\/2024\/12\/Copia-de-Copia-de-Copia-de-TAMANHO-EXATO-PARA-FOTOS-NO-SISTEMA-NOVO-2024-12-02T171738.887_2024-12-02_20-17-45_png_2024-12-02_20-17-45.webp.webp?fit=1200%2C675&ssl=1",1200,675,true],"2048x2048":["https:\/\/i0.wp.com\/ismaelcolosi.com.br\/wp-content\/uploads\/2024\/12\/Copia-de-Copia-de-Copia-de-TAMANHO-EXATO-PARA-FOTOS-NO-SISTEMA-NOVO-2024-12-02T171738.887_2024-12-02_20-17-45_png_2024-12-02_20-17-45.webp.webp?fit=1200%2C675&ssl=1",1200,675,true],"really-simple-thumb":["https:\/\/i0.wp.com\/ismaelcolosi.com.br\/wp-content\/uploads\/2024\/12\/Copia-de-Copia-de-Copia-de-TAMANHO-EXATO-PARA-FOTOS-NO-SISTEMA-NOVO-2024-12-02T171738.887_2024-12-02_20-17-45_png_2024-12-02_20-17-45.webp.webp?resize=370%2C247&ssl=1",370,247,true]},"uagb_author_info":{"display_name":"ismaelcolosi.com.br","author_link":"https:\/\/ismaelcolosi.com.br\/index.php\/author\/vidareal-online\/"},"uagb_comment_info":0,"uagb_excerpt":"O prefeito eleito em\u00a0Ribeir\u00e3o Preto, Ricardo Silva (PSD), anunciou nesta segunda-feira (2) os primeiros secret\u00e1rios para o novo governo, a partir de 2025. Durante coletiva,...","jetpack-related-posts":[{"id":78270,"url":"https:\/\/ismaelcolosi.com.br\/index.php\/2024\/12\/03\/starlight-concertos-de-natal-chega-a-ribeirao-preto-veja-quando\/","url_meta":{"origin":78147,"position":0},"title":"Starlight &#8211; Concertos de Natal chega a Ribeir\u00e3o Preto; veja quando","author":"ismaelcolosi.com.br","date":"3 de December de 2024","format":false,"excerpt":"Ribeir\u00e3o Preto recebe, nesta quarta-feira (4), o espet\u00e1culo musical \u201cStarlight \u2013 Concertos de Natal\u201d. O evento acontece \u00e0s 20h, no Theatro Pedro II, localizado na rua \u00c1lvares Cabral, no Centro da cidade. Os ingressos, com pre\u00e7os entre R$ 60 e R$ 180, est\u00e3o dispon\u00edveis para compra no site. (clique aqui)\u2026","rel":"","context":"In &quot;Not\u00edcias de Ribeir\u00e3o Preto-SP e Regi\u00e3o&quot;","block_context":{"text":"Not\u00edcias de Ribeir\u00e3o Preto-SP e Regi\u00e3o","link":"https:\/\/ismaelcolosi.com.br\/index.php\/category\/noticias-de-ribeirao-preto-sp-e-regiao-ismael-colosi\/"},"img":{"alt_text":"","src":"https:\/\/i0.wp.com\/ismaelcolosi.com.br\/wp-content\/uploads\/2024\/12\/Copia-de-Copia-de-Copia-de-TAMANHO-EXATO-PARA-FOTOS-NO-SISTEMA-NOVO-2024-12-03T154610.021_2024-12-03_18-46-25_png_2024-12-03_18-46-25.webp.webp?fit=1200%2C675&ssl=1&resize=350%2C200","width":350,"height":200,"srcset":"https:\/\/i0.wp.com\/ismaelcolosi.com.br\/wp-content\/uploads\/2024\/12\/Copia-de-Copia-de-Copia-de-TAMANHO-EXATO-PARA-FOTOS-NO-SISTEMA-NOVO-2024-12-03T154610.021_2024-12-03_18-46-25_png_2024-12-03_18-46-25.webp.webp?fit=1200%2C675&ssl=1&resize=350%2C200 1x, https:\/\/i0.wp.com\/ismaelcolosi.com.br\/wp-content\/uploads\/2024\/12\/Copia-de-Copia-de-Copia-de-TAMANHO-EXATO-PARA-FOTOS-NO-SISTEMA-NOVO-2024-12-03T154610.021_2024-12-03_18-46-25_png_2024-12-03_18-46-25.webp.webp?fit=1200%2C675&ssl=1&resize=525%2C300 1.5x, https:\/\/i0.wp.com\/ismaelcolosi.com.br\/wp-content\/uploads\/2024\/12\/Copia-de-Copia-de-Copia-de-TAMANHO-EXATO-PARA-FOTOS-NO-SISTEMA-NOVO-2024-12-03T154610.021_2024-12-03_18-46-25_png_2024-12-03_18-46-25.webp.webp?fit=1200%2C675&ssl=1&resize=700%2C400 2x, https:\/\/i0.wp.com\/ismaelcolosi.com.br\/wp-content\/uploads\/2024\/12\/Copia-de-Copia-de-Copia-de-TAMANHO-EXATO-PARA-FOTOS-NO-SISTEMA-NOVO-2024-12-03T154610.021_2024-12-03_18-46-25_png_2024-12-03_18-46-25.webp.webp?fit=1200%2C675&ssl=1&resize=1050%2C600 3x"},"classes":[]},{"id":76057,"url":"https:\/\/ismaelcolosi.com.br\/index.php\/2024\/11\/09\/mis-ribeirao-exibe-curtas-metragens-durante-festival-da-consciencia-negra\/","url_meta":{"origin":78147,"position":1},"title":"MIS Ribeir\u00e3o exibe curtas-metragens durante Festival da Consci\u00eancia Negra","author":"ismaelcolosi.com.br","date":"9 de November de 2024","format":false,"excerpt":"O Museu da Imagem e do Som de Ribeir\u00e3o Preto (MIS-RP) e a Biblioteca Sinh\u00e1 Junqueira prepararam uma programa\u00e7\u00e3o especial para o Festival da Consci\u00eancia Negra. O evento contar\u00e1 com a exibi\u00e7\u00e3o de seis curtas-metragens, na pr\u00f3xima quarta-feira (13), a partir das 15h30, na Biblioteca Sinh\u00e1 Junqueira. Os curtas-metragens escolhidos\u2026","rel":"","context":"In &quot;Not\u00edcias de Ribeir\u00e3o Preto-SP e Regi\u00e3o&quot;","block_context":{"text":"Not\u00edcias de Ribeir\u00e3o Preto-SP e Regi\u00e3o","link":"https:\/\/ismaelcolosi.com.br\/index.php\/category\/noticias-de-ribeirao-preto-sp-e-regiao-ismael-colosi\/"},"img":{"alt_text":"","src":"https:\/\/i0.wp.com\/ismaelcolosi.com.br\/wp-content\/uploads\/2024\/11\/Copia-de-Copia-de-Copia-de-TAMANHO-EXATO-PARA-FOTOS-NO-SISTEMA-NOVO-27_2024-11-09_17-34-17_jpg_2024-11-09_17-34-17.webp.webp?fit=1200%2C675&ssl=1&resize=350%2C200","width":350,"height":200,"srcset":"https:\/\/i0.wp.com\/ismaelcolosi.com.br\/wp-content\/uploads\/2024\/11\/Copia-de-Copia-de-Copia-de-TAMANHO-EXATO-PARA-FOTOS-NO-SISTEMA-NOVO-27_2024-11-09_17-34-17_jpg_2024-11-09_17-34-17.webp.webp?fit=1200%2C675&ssl=1&resize=350%2C200 1x, https:\/\/i0.wp.com\/ismaelcolosi.com.br\/wp-content\/uploads\/2024\/11\/Copia-de-Copia-de-Copia-de-TAMANHO-EXATO-PARA-FOTOS-NO-SISTEMA-NOVO-27_2024-11-09_17-34-17_jpg_2024-11-09_17-34-17.webp.webp?fit=1200%2C675&ssl=1&resize=525%2C300 1.5x, https:\/\/i0.wp.com\/ismaelcolosi.com.br\/wp-content\/uploads\/2024\/11\/Copia-de-Copia-de-Copia-de-TAMANHO-EXATO-PARA-FOTOS-NO-SISTEMA-NOVO-27_2024-11-09_17-34-17_jpg_2024-11-09_17-34-17.webp.webp?fit=1200%2C675&ssl=1&resize=700%2C400 2x, https:\/\/i0.wp.com\/ismaelcolosi.com.br\/wp-content\/uploads\/2024\/11\/Copia-de-Copia-de-Copia-de-TAMANHO-EXATO-PARA-FOTOS-NO-SISTEMA-NOVO-27_2024-11-09_17-34-17_jpg_2024-11-09_17-34-17.webp.webp?fit=1200%2C675&ssl=1&resize=1050%2C600 3x"},"classes":[]},{"id":74250,"url":"https:\/\/ismaelcolosi.com.br\/index.php\/2024\/10\/30\/projeto-abre-440-vagas-para-cursos-gratuitos-de-artes-em-ribeirao-preto\/","url_meta":{"origin":78147,"position":2},"title":"Projeto abre 440 vagas para cursos gratuitos de artes em Ribeir\u00e3o Preto","author":"ismaelcolosi.com.br","date":"30 de October de 2024","format":false,"excerpt":"As inscri\u00e7\u00f5es para a 10\u00aa edi\u00e7\u00e3o do projeto Tocando e Encantando est\u00e3o abertas. O projeto oferece mais de 440 vagas gratuitas para crian\u00e7as e adolescentes para as turmas de circo, teatro, viol\u00e3o, dan\u00e7as urbanas e pr\u00e1tica instrumental em conjunto. Os interessados devem ter idades entre 6 e 17 anos. As\u2026","rel":"","context":"In &quot;Not\u00edcias de Ribeir\u00e3o Preto-SP e Regi\u00e3o&quot;","block_context":{"text":"Not\u00edcias de Ribeir\u00e3o Preto-SP e Regi\u00e3o","link":"https:\/\/ismaelcolosi.com.br\/index.php\/category\/noticias-de-ribeirao-preto-sp-e-regiao-ismael-colosi\/"},"img":{"alt_text":"","src":"https:\/\/i0.wp.com\/ismaelcolosi.com.br\/wp-content\/uploads\/2024\/10\/75eb1d83-6471-421d-8dbb-82aed1ff0265_2024-10-30_16-37-59_jpeg_2024-10-30_16-37-59.webp.webp?fit=1200%2C675&ssl=1&resize=350%2C200","width":350,"height":200,"srcset":"https:\/\/i0.wp.com\/ismaelcolosi.com.br\/wp-content\/uploads\/2024\/10\/75eb1d83-6471-421d-8dbb-82aed1ff0265_2024-10-30_16-37-59_jpeg_2024-10-30_16-37-59.webp.webp?fit=1200%2C675&ssl=1&resize=350%2C200 1x, https:\/\/i0.wp.com\/ismaelcolosi.com.br\/wp-content\/uploads\/2024\/10\/75eb1d83-6471-421d-8dbb-82aed1ff0265_2024-10-30_16-37-59_jpeg_2024-10-30_16-37-59.webp.webp?fit=1200%2C675&ssl=1&resize=525%2C300 1.5x, https:\/\/i0.wp.com\/ismaelcolosi.com.br\/wp-content\/uploads\/2024\/10\/75eb1d83-6471-421d-8dbb-82aed1ff0265_2024-10-30_16-37-59_jpeg_2024-10-30_16-37-59.webp.webp?fit=1200%2C675&ssl=1&resize=700%2C400 2x, https:\/\/i0.wp.com\/ismaelcolosi.com.br\/wp-content\/uploads\/2024\/10\/75eb1d83-6471-421d-8dbb-82aed1ff0265_2024-10-30_16-37-59_jpeg_2024-10-30_16-37-59.webp.webp?fit=1200%2C675&ssl=1&resize=1050%2C600 3x"},"classes":[]},{"id":79110,"url":"https:\/\/ismaelcolosi.com.br\/index.php\/2024\/12\/12\/camara-aprova-projeto-lei-que-considera-valor-historico-da-catedral-de-ribeirao\/","url_meta":{"origin":78147,"position":3},"title":"C\u00e2mara aprova projeto lei que considera valor hist\u00f3rico da Catedral de Ribeir\u00e3o","author":"ismaelcolosi.com.br","date":"12 de December de 2024","format":false,"excerpt":"A C\u00e2mara Municipal de Ribeir\u00e3o Preto aprovou na noite desta quinta-feira (12), de forma un\u00e2nime, o projeto de lei que considera como de valor hist\u00f3rico e arquitet\u00f4nico a Catedral Metropolitana de S\u00e3o Sebasti\u00e3o, no Centro do munic\u00edpio. O local foi tombado provisoriamente em 2011 pelo Conpacc (Conselho de Preserva\u00e7\u00e3o do\u2026","rel":"","context":"In &quot;Not\u00edcias de Ribeir\u00e3o Preto-SP e Regi\u00e3o&quot;","block_context":{"text":"Not\u00edcias de Ribeir\u00e3o Preto-SP e Regi\u00e3o","link":"https:\/\/ismaelcolosi.com.br\/index.php\/category\/noticias-de-ribeirao-preto-sp-e-regiao-ismael-colosi\/"},"img":{"alt_text":"","src":"https:\/\/i0.wp.com\/ismaelcolosi.com.br\/wp-content\/uploads\/2024\/12\/catedral_ribeirao_1024x576_15082020124433.jpg?fit=1024%2C576&ssl=1&resize=350%2C200","width":350,"height":200,"srcset":"https:\/\/i0.wp.com\/ismaelcolosi.com.br\/wp-content\/uploads\/2024\/12\/catedral_ribeirao_1024x576_15082020124433.jpg?fit=1024%2C576&ssl=1&resize=350%2C200 1x, https:\/\/i0.wp.com\/ismaelcolosi.com.br\/wp-content\/uploads\/2024\/12\/catedral_ribeirao_1024x576_15082020124433.jpg?fit=1024%2C576&ssl=1&resize=525%2C300 1.5x, https:\/\/i0.wp.com\/ismaelcolosi.com.br\/wp-content\/uploads\/2024\/12\/catedral_ribeirao_1024x576_15082020124433.jpg?fit=1024%2C576&ssl=1&resize=700%2C400 2x"},"classes":[]},{"id":74975,"url":"https:\/\/ismaelcolosi.com.br\/index.php\/2024\/11\/04\/rodovia-da-regiao-de-ribeirao-tera-interdicao-para-simulado-de-acidente\/","url_meta":{"origin":78147,"position":4},"title":"Rodovia da regi\u00e3o de Ribeir\u00e3o ter\u00e1 interdi\u00e7\u00e3o para simulado de acidente","author":"ismaelcolosi.com.br","date":"4 de November de 2024","format":false,"excerpt":"A rodovia C\u00e2ndido Portinari (SP-334) receber\u00e1 um simulado de acidente com produto perigoso e m\u00faltiplas v\u00edtimas na pr\u00f3xima quarta-feira (6), \u00e0s 10h, entre Restinga e Franca, a aproximadamente 80 quil\u00f4metros de Ribeir\u00e3o Preto. A a\u00e7\u00e3o ser\u00e1 realizada no km 387, na pista sentido Sul, na al\u00e7a de sa\u00edda do dispositivo\u2026","rel":"","context":"In &quot;Not\u00edcias de Ribeir\u00e3o Preto-SP e Regi\u00e3o&quot;","block_context":{"text":"Not\u00edcias de Ribeir\u00e3o Preto-SP e Regi\u00e3o","link":"https:\/\/ismaelcolosi.com.br\/index.php\/category\/noticias-de-ribeirao-preto-sp-e-regiao-ismael-colosi\/"},"img":{"alt_text":"","src":"https:\/\/i0.wp.com\/ismaelcolosi.com.br\/wp-content\/uploads\/2024\/11\/rodovia_candido_1200x675_29012022175643.jpg?fit=1200%2C675&ssl=1&resize=350%2C200","width":350,"height":200,"srcset":"https:\/\/i0.wp.com\/ismaelcolosi.com.br\/wp-content\/uploads\/2024\/11\/rodovia_candido_1200x675_29012022175643.jpg?fit=1200%2C675&ssl=1&resize=350%2C200 1x, https:\/\/i0.wp.com\/ismaelcolosi.com.br\/wp-content\/uploads\/2024\/11\/rodovia_candido_1200x675_29012022175643.jpg?fit=1200%2C675&ssl=1&resize=525%2C300 1.5x, https:\/\/i0.wp.com\/ismaelcolosi.com.br\/wp-content\/uploads\/2024\/11\/rodovia_candido_1200x675_29012022175643.jpg?fit=1200%2C675&ssl=1&resize=700%2C400 2x, https:\/\/i0.wp.com\/ismaelcolosi.com.br\/wp-content\/uploads\/2024\/11\/rodovia_candido_1200x675_29012022175643.jpg?fit=1200%2C675&ssl=1&resize=1050%2C600 3x"},"classes":[]},{"id":76558,"url":"https:\/\/ismaelcolosi.com.br\/index.php\/2024\/11\/14\/biblioteca-de-ribeirao-preto-recebe-autor-do-podcast-a-mulher-da-casa-abandonada\/","url_meta":{"origin":78147,"position":5},"title":"Biblioteca de Ribeir\u00e3o Preto recebe autor do podcast \u2018A Mulher da Casa Abandonada\u2019","author":"ismaelcolosi.com.br","date":"14 de November de 2024","format":false,"excerpt":"O jornalista e escritor Chico Felitti encerra a Mostra Liter\u00e1ria: escrita, cinema e gastronomia, da Biblioteca Sinh\u00e1 Junqueira, neste s\u00e1bado (16), \u00e0s 15h. O encontro ter\u00e1 a media\u00e7\u00e3o de Victoria Sena e \u00e9 aberto ao p\u00fablico com entrada gratuita. Os ingressos ser\u00e3o distribu\u00eddos a partir das 14h. Felitti \u00e9 ganhador\u2026","rel":"","context":"In &quot;Not\u00edcias de Ribeir\u00e3o Preto-SP e Regi\u00e3o&quot;","block_context":{"text":"Not\u00edcias de Ribeir\u00e3o Preto-SP e Regi\u00e3o","link":"https:\/\/ismaelcolosi.com.br\/index.php\/category\/noticias-de-ribeirao-preto-sp-e-regiao-ismael-colosi\/"},"img":{"alt_text":"","src":"https:\/\/i0.wp.com\/ismaelcolosi.com.br\/wp-content\/uploads\/2024\/11\/Copia-de-Copia-de-Copia-de-TAMANHO-EXATO-PARA-FOTOS-NO-SISTEMA-NOVO-30_2024-11-14_13-02-05_jpg_2024-11-14_13-02-06.webp.webp?fit=1200%2C675&ssl=1&resize=350%2C200","width":350,"height":200,"srcset":"https:\/\/i0.wp.com\/ismaelcolosi.com.br\/wp-content\/uploads\/2024\/11\/Copia-de-Copia-de-Copia-de-TAMANHO-EXATO-PARA-FOTOS-NO-SISTEMA-NOVO-30_2024-11-14_13-02-05_jpg_2024-11-14_13-02-06.webp.webp?fit=1200%2C675&ssl=1&resize=350%2C200 1x, https:\/\/i0.wp.com\/ismaelcolosi.com.br\/wp-content\/uploads\/2024\/11\/Copia-de-Copia-de-Copia-de-TAMANHO-EXATO-PARA-FOTOS-NO-SISTEMA-NOVO-30_2024-11-14_13-02-05_jpg_2024-11-14_13-02-06.webp.webp?fit=1200%2C675&ssl=1&resize=525%2C300 1.5x, https:\/\/i0.wp.com\/ismaelcolosi.com.br\/wp-content\/uploads\/2024\/11\/Copia-de-Copia-de-Copia-de-TAMANHO-EXATO-PARA-FOTOS-NO-SISTEMA-NOVO-30_2024-11-14_13-02-05_jpg_2024-11-14_13-02-06.webp.webp?fit=1200%2C675&ssl=1&resize=700%2C400 2x, https:\/\/i0.wp.com\/ismaelcolosi.com.br\/wp-content\/uploads\/2024\/11\/Copia-de-Copia-de-Copia-de-TAMANHO-EXATO-PARA-FOTOS-NO-SISTEMA-NOVO-30_2024-11-14_13-02-05_jpg_2024-11-14_13-02-06.webp.webp?fit=1200%2C675&ssl=1&resize=1050%2C600 3x"},"classes":[]}],"jetpack_sharing_enabled":true,"jetpack_shortlink":"https:\/\/wp.me\/pfMlyK-kkr","_links":{"self":[{"href":"https:\/\/ismaelcolosi.com.br\/index.php\/wp-json\/wp\/v2\/posts\/78147","targetHints":{"allow":["GET"]}}],"collection":[{"href":"https:\/\/ismaelcolosi.com.br\/index.php\/wp-json\/wp\/v2\/posts"}],"about":[{"href":"https:\/\/ismaelcolosi.com.br\/index.php\/wp-json\/wp\/v2\/types\/post"}],"author":[{"embeddable":true,"href":"https:\/\/ismaelcolosi.com.br\/index.php\/wp-json\/wp\/v2\/users\/1"}],"replies":[{"embeddable":true,"href":"https:\/\/ismaelcolosi.com.br\/index.php\/wp-json\/wp\/v2\/comments?post=78147"}],"version-history":[{"count":0,"href":"https:\/\/ismaelcolosi.com.br\/index.php\/wp-json\/wp\/v2\/posts\/78147\/revisions"}],"wp:featuredmedia":[{"embeddable":true,"href":"https:\/\/ismaelcolosi.com.br\/index.php\/wp-json\/wp\/v2\/media\/78148"}],"wp:attachment":[{"href":"https:\/\/ismaelcolosi.com.br\/index.php\/wp-json\/wp\/v2\/media?parent=78147"}],"wp:term":[{"taxonomy":"category","embeddable":true,"href":"https:\/\/ismaelcolosi.com.br\/index.php\/wp-json\/wp\/v2\/categories?post=78147"},{"taxonomy":"post_tag","embeddable":true,"href":"https:\/\/ismaelcolosi.com.br\/index.php\/wp-json\/wp\/v2\/tags?post=78147"}],"curies":[{"name":"wp","href":"https:\/\/api.w.org\/{rel}","templated":true}]}}