{"id":78127,"date":"2024-12-02T13:58:31","date_gmt":"2024-12-02T16:58:31","guid":{"rendered":"https:\/\/ismaelcolosi.com.br\/index.php\/2024\/12\/02\/pat-gelsinger-deixa-cargo-de-ceo-da-intel\/"},"modified":"2024-12-02T13:58:31","modified_gmt":"2024-12-02T16:58:31","slug":"pat-gelsinger-deixa-cargo-de-ceo-da-intel","status":"publish","type":"post","link":"https:\/\/ismaelcolosi.com.br\/index.php\/2024\/12\/02\/pat-gelsinger-deixa-cargo-de-ceo-da-intel\/","title":{"rendered":"Pat Gelsinger Deixa Cargo de CEO da Intel"},"content":{"rendered":"<p> <br \/>\n<\/p>\n<div>\n<figure class=\"destaque wp-caption\">&#13;<br \/>\n\t\t<img data-recalc-dims=\"1\" width=\"678\" height=\"452\" src=\"https:\/\/i0.wp.com\/forbes.com.br\/wp-content\/uploads\/2024\/12\/Carreira_Pat-Gelsinger_Intel-768x512.jpg?resize=678%2C452&#038;ssl=1\" class=\"attachment-medium_large size-medium_large wp-post-image\" alt=\"Ann Wang\/Reuters\" decoding=\"async\" fetchpriority=\"high\"\/>\t\t&#13;<figcaption class=\"wp-caption-text\">Pat Gelsinger ficou no cargo de CEO da Inter por quase quatro anos <\/figcaption>&#13;<br \/>\n\t<\/figure>\n<p><strong>Pat Gelsinger<\/strong> deixou o cargo de presidente-executivo da <strong>Intel<\/strong> menos de quatro anos ap\u00f3s assumir o comando da empresa, entregando o controle a dois executivos do grupo enquanto o \u00edcone norte-americano da fabrica\u00e7\u00e3o de chips busca um substituto permanente.<\/p>\n<div class=\"accessibility\">\n<p>Acessibilidade<\/p>\n<p>&#13;<br \/>\n\t\t\t<button onclick=\"alterFont1()\" id=\"btn1\" class=\"btn\">L<\/button>&#13;<br \/>\n\t\t\t<button onclick=\"alterFont2()\" id=\"btn2\" class=\"btn\" style=\"font-family:Merriweather\">L<\/button>&#13;<br \/>\n\t\t\t<button onclick=\"alterFontSmallerSize()\" id=\"btn3\" class=\"btn\">A-<\/button>&#13;<br \/>\n\t\t\t<button onclick=\"alterFontBiggerSize()\" id=\"btn4\" class=\"btn\">A+<\/button>&#13;<br \/>\n\t\t\t<!--<button onclick='alterFontBolder()' id='btn5' class=\"btn\" >B<\/button>-->&#13;<br \/>\n\t\t\t<button onclick=\"alterBackground()\" id=\"btn6\" class=\"btn\">\u25d0<\/button>&#13;<br \/>\n\t\t\t<!--<button onclick='clean()' id='btn7' class=\"btn\" >Limpar<\/button>-->&#13;\n\t\t<\/p>\n<\/p><\/div>\n<p>Gelsinger, que renunciou em 1\u00ba de dezembro, deixou a empresa antes da conclus\u00e3o de um ambicioso e custoso plano de quatro anos para restaurar a lideran\u00e7a da empresa na fabrica\u00e7\u00e3o dos menores e mais r\u00e1pidos chips de computador, um t\u00edtulo que ela perdeu para a Taiwan Semiconductor Manufacturing Co. , que fabrica chips para rivais da Intel, como a Nvidia.<\/p>\n<p>Embora Gelsinger tenha garantido tanto aos investidores quanto \u00e0s autoridades norte-americanas, que est\u00e3o subsidiando a recupera\u00e7\u00e3o da Intel, que seus planos de fabrica\u00e7\u00e3o continuam no caminho certo, os resultados completos s\u00f3 ser\u00e3o conhecidos no ano que vem, quando a empresa pretende trazer um chip de laptop de volta para suas pr\u00f3prias f\u00e1bricas.<\/p>\n<p>\u201cEmbora tenhamos feito progressos significativos na recupera\u00e7\u00e3o da competitividade da fabrica\u00e7\u00e3o e na constru\u00e7\u00e3o de capacidades para ser uma fundi\u00e7\u00e3o de classe mundial, sabemos que temos muito mais trabalho a fazer na empresa e estamos comprometidos em restaurar a confian\u00e7a dos investidores\u201d, disse Frank Yeary, presidente independente do conselho, em um comunicado.<\/p>\n<p>As a\u00e7\u00f5es da Intel perderam mais da metade do seu valor neste ano e foram substitu\u00eddas no m\u00eas passado pela Nvidia no \u00edndice blue-chip Dow Jones Industrial Average.<\/p>\n<p>A empresa nomeou o diretor financeiro David Zinsner e a executiva s\u00eanior Michelle Johnston Holthaus como codiretores executivos interinos enquanto seu conselho conduzia a busca por um novo presidente-executivo.<\/p>\n<p>O conselho da empresa formou um comit\u00ea de busca para nomear o sucessor de Gelsinger.<\/p>\n<div class=\"follow-us\">Siga o canal da <a href=\"https:\/\/whatsapp.com\/channel\/0029Va9gQKwBFLgM96cJnu0u\" target=\"_blank\" rel=\"noopener noreferrer nofollow\" title=\"Grupo da Forbes no WhatsApp\">Forbes<\/a> no WhatsApp e receba as principais not\u00edcias de empreendedorismo, carreira, tecnologia, agro e lifestyle.<\/div>\n<\/p><\/div>\n<p><script type=\"rocketlazyloadscript\">\n\t\t\t\t(function(d, s, id){\n\t\t\t\t\tvar js, fjs = d.getElementsByTagName(s)[0];\n\t\t\t\t\tif (d.getElementById(id)) return;\n\t\t\t\t\tjs = d.createElement(s); js.id = id;\n\t\t\t\t\tjs.src = \"\/\/connect.facebook.net\/pt_BR\/sdk.js#xfbml=1&version=v2.9\";\n\t\t\t\t\tfjs.parentNode.insertBefore(js, fjs);\n\t\t\t\t}(document, 'script', 'facebook-jssdk'));\n\t\t\t<\/script><br \/>\n<br \/><br \/>\n<br \/><a href=\"https:\/\/forbes.com.br\/carreira\/2024\/12\/pat-gelsinger-deixa-cargo-de-ceo-da-intel\/\">Source link <\/a><\/p>\n<div class='code-block code-block-4' style='margin: 8px auto 8px 0; text-align: left; display: block; clear: both;'>\n\ud83d\udce2 Aviso Legal\n\nO site ismaelcolosi.com.br atua apenas como um canal de divulga\u00e7\u00e3o de oportunidades de emprego e n\u00e3o se responsabiliza pelo processo seletivo, contrata\u00e7\u00e3o ou qualquer outra etapa relacionada \u00e0s vagas publicadas. Todas as informa\u00e7\u00f5es s\u00e3o de responsabilidade dos anunciantes.\n\n\u26a0\ufe0f Aten\u00e7\u00e3o! Nunca pague por promessas de emprego nem compre cursos que garantam contrata\u00e7\u00e3o. Desconfie de qualquer cobran\u00e7a para participar de sele\u00e7\u00f5es.\n\n\n\n<\/div>\n<!-- CONTENT END 1 -->\n","protected":false},"excerpt":{"rendered":"<p>&#13; &#13;Pat Gelsinger ficou no cargo de CEO da Inter por quase quatro anos &#13; Pat Gelsinger deixou o cargo de presidente-executivo da Intel menos&#8230;<\/p>\n","protected":false},"author":1,"featured_media":78128,"comment_status":"open","ping_status":"open","sticky":false,"template":"","format":"standard","meta":{"_uag_custom_page_level_css":"","advanced_seo_description":"","jetpack_seo_html_title":"","jetpack_seo_noindex":false,"jetpack_post_was_ever_published":false,"_jetpack_newsletter_access":"","_jetpack_dont_email_post_to_subs":false,"_jetpack_newsletter_tier_id":0,"_jetpack_memberships_contains_paywalled_content":false,"_jetpack_memberships_contains_paid_content":false,"footnotes":"","jetpack_publicize_message":"","jetpack_publicize_feature_enabled":true,"jetpack_social_post_already_shared":true,"jetpack_social_options":{"image_generator_settings":{"template":"highway","default_image_id":0,"font":"","enabled":false},"version":2}},"categories":[1964],"tags":[],"class_list":["post-78127","post","type-post","status-publish","format-standard","has-post-thumbnail","hentry","category-carreira-e-sucesso-dicas-para-carreira"],"jetpack_publicize_connections":[],"jetpack_featured_media_url":"https:\/\/i0.wp.com\/ismaelcolosi.com.br\/wp-content\/uploads\/2024\/12\/Carreira_Pat-Gelsinger_Intel-1200x675.jpg?fit=1200%2C675&ssl=1","uagb_featured_image_src":{"full":["https:\/\/i0.wp.com\/ismaelcolosi.com.br\/wp-content\/uploads\/2024\/12\/Carreira_Pat-Gelsinger_Intel-1200x675.jpg?fit=1200%2C675&ssl=1",1200,675,false],"thumbnail":["https:\/\/i0.wp.com\/ismaelcolosi.com.br\/wp-content\/uploads\/2024\/12\/Carreira_Pat-Gelsinger_Intel-1200x675.jpg?resize=150%2C150&ssl=1",150,150,true],"medium":["https:\/\/i0.wp.com\/ismaelcolosi.com.br\/wp-content\/uploads\/2024\/12\/Carreira_Pat-Gelsinger_Intel-1200x675.jpg?fit=300%2C169&ssl=1",300,169,true],"medium_large":["https:\/\/i0.wp.com\/ismaelcolosi.com.br\/wp-content\/uploads\/2024\/12\/Carreira_Pat-Gelsinger_Intel-1200x675.jpg?fit=768%2C432&ssl=1",768,432,true],"large":["https:\/\/i0.wp.com\/ismaelcolosi.com.br\/wp-content\/uploads\/2024\/12\/Carreira_Pat-Gelsinger_Intel-1200x675.jpg?fit=1024%2C576&ssl=1",1024,576,true],"1536x1536":["https:\/\/i0.wp.com\/ismaelcolosi.com.br\/wp-content\/uploads\/2024\/12\/Carreira_Pat-Gelsinger_Intel-1200x675.jpg?fit=1200%2C675&ssl=1",1200,675,true],"2048x2048":["https:\/\/i0.wp.com\/ismaelcolosi.com.br\/wp-content\/uploads\/2024\/12\/Carreira_Pat-Gelsinger_Intel-1200x675.jpg?fit=1200%2C675&ssl=1",1200,675,true],"really-simple-thumb":["https:\/\/i0.wp.com\/ismaelcolosi.com.br\/wp-content\/uploads\/2024\/12\/Carreira_Pat-Gelsinger_Intel-1200x675.jpg?resize=370%2C247&ssl=1",370,247,true]},"uagb_author_info":{"display_name":"ismaelcolosi.com.br","author_link":"https:\/\/ismaelcolosi.com.br\/index.php\/author\/vidareal-online\/"},"uagb_comment_info":0,"uagb_excerpt":"&#13; &#13;Pat Gelsinger ficou no cargo de CEO da Inter por quase quatro anos &#13; Pat Gelsinger deixou o cargo de presidente-executivo da Intel menos...","jetpack-related-posts":[{"id":84003,"url":"https:\/\/ismaelcolosi.com.br\/index.php\/2025\/03\/24\/ex-presidente-da-intel-junta-se-a-empresa-de-tecnologia-religiosa-gloo\/","url_meta":{"origin":78127,"position":0},"title":"Ex-presidente da Intel Junta-se \u00e0 Empresa de Tecnologia Religiosa Gloo","author":"ismaelcolosi.com.br","date":"24 de March de 2025","format":false,"excerpt":"\r \r \r \r A Gloo levantou, em 2024, US$ 110 milh\u00f5es (R$ 632,79 milh\u00f5es) em financiamento para um impulso de IA \r \r \r \r \r Pat Gelsinger ficou no cargo de CEO da Inter por quase quatro anos \r Acessibilidade \r L\r L\r A-\r A+\r \r \u25d0\r \r\u2026","rel":"","context":"In &quot;Carreira e Sucesso&quot;","block_context":{"text":"Carreira e Sucesso","link":"https:\/\/ismaelcolosi.com.br\/index.php\/category\/carreira-e-sucesso-dicas-para-carreira\/"},"img":{"alt_text":"","src":"https:\/\/i0.wp.com\/ismaelcolosi.com.br\/wp-content\/uploads\/2025\/03\/Carreira_Pat-Gelsinger_Intel-1200x675.jpg?fit=1200%2C675&ssl=1&resize=350%2C200","width":350,"height":200,"srcset":"https:\/\/i0.wp.com\/ismaelcolosi.com.br\/wp-content\/uploads\/2025\/03\/Carreira_Pat-Gelsinger_Intel-1200x675.jpg?fit=1200%2C675&ssl=1&resize=350%2C200 1x, https:\/\/i0.wp.com\/ismaelcolosi.com.br\/wp-content\/uploads\/2025\/03\/Carreira_Pat-Gelsinger_Intel-1200x675.jpg?fit=1200%2C675&ssl=1&resize=525%2C300 1.5x, https:\/\/i0.wp.com\/ismaelcolosi.com.br\/wp-content\/uploads\/2025\/03\/Carreira_Pat-Gelsinger_Intel-1200x675.jpg?fit=1200%2C675&ssl=1&resize=700%2C400 2x, https:\/\/i0.wp.com\/ismaelcolosi.com.br\/wp-content\/uploads\/2025\/03\/Carreira_Pat-Gelsinger_Intel-1200x675.jpg?fit=1200%2C675&ssl=1&resize=1050%2C600 3x"},"classes":[]},{"id":80758,"url":"https:\/\/ismaelcolosi.com.br\/index.php\/2025\/01\/03\/os-maiores-fracassos-de-carreira-de-2024\/","url_meta":{"origin":78127,"position":1},"title":"Os Maiores Fracassos de Carreira de 2024","author":"ismaelcolosi.com.br","date":"3 de January de 2025","format":false,"excerpt":"\r Getty Images\r A carreira do rapper e produtor musical Sean Combs, tamb\u00e9m conhecido como P. Diddy, entrou em colapso ap\u00f3s uma s\u00e9rie de acusa\u00e7\u00f5es de abuso e tr\u00e1fico sexual \r \u00a0 Acessibilidade \r L\r L\r A-\r A+\r \r \u25d0\r \r \u00a0 Uma queda significativa no pre\u00e7o das a\u00e7\u00f5es, acusa\u00e7\u00f5es\u2026","rel":"","context":"In &quot;Carreira e Sucesso&quot;","block_context":{"text":"Carreira e Sucesso","link":"https:\/\/ismaelcolosi.com.br\/index.php\/category\/carreira-e-sucesso-dicas-para-carreira\/"},"img":{"alt_text":"","src":"https:\/\/i0.wp.com\/ismaelcolosi.com.br\/wp-content\/uploads\/2025\/01\/p-diddy-forbes-2025-1200x675.jpg?fit=1200%2C675&ssl=1&resize=350%2C200","width":350,"height":200,"srcset":"https:\/\/i0.wp.com\/ismaelcolosi.com.br\/wp-content\/uploads\/2025\/01\/p-diddy-forbes-2025-1200x675.jpg?fit=1200%2C675&ssl=1&resize=350%2C200 1x, https:\/\/i0.wp.com\/ismaelcolosi.com.br\/wp-content\/uploads\/2025\/01\/p-diddy-forbes-2025-1200x675.jpg?fit=1200%2C675&ssl=1&resize=525%2C300 1.5x, https:\/\/i0.wp.com\/ismaelcolosi.com.br\/wp-content\/uploads\/2025\/01\/p-diddy-forbes-2025-1200x675.jpg?fit=1200%2C675&ssl=1&resize=700%2C400 2x, https:\/\/i0.wp.com\/ismaelcolosi.com.br\/wp-content\/uploads\/2025\/01\/p-diddy-forbes-2025-1200x675.jpg?fit=1200%2C675&ssl=1&resize=1050%2C600 3x"},"classes":[]},{"id":83746,"url":"https:\/\/ismaelcolosi.com.br\/index.php\/2025\/03\/13\/intel-nomeia-veterano-da-industria-de-chips-como-ceo\/","url_meta":{"origin":78127,"position":2},"title":"Intel Nomeia Veterano da Ind\u00fastria de Chips Como CEO","author":"ismaelcolosi.com.br","date":"13 de March de 2025","format":false,"excerpt":"\r Arnd Wiegmann\/Reuters\r \r Acessibilidade \r L\r L\r A-\r A+\r \r \u25d0\r \r \u00a0 \u00a0 A Intel nomeou nesta quarta-feira (12) o ex-membro do conselho e veterano da ind\u00fastria de chips Lip-Bu Tan como seu novo CEO. A companhia aproveitou o momento para sinalizar que, apesar das dificuldades, dificilmente separaria\u2026","rel":"","context":"In &quot;Carreira e Sucesso&quot;","block_context":{"text":"Carreira e Sucesso","link":"https:\/\/ismaelcolosi.com.br\/index.php\/category\/carreira-e-sucesso-dicas-para-carreira\/"},"img":{"alt_text":"","src":"https:\/\/i0.wp.com\/ismaelcolosi.com.br\/wp-content\/uploads\/2025\/03\/tech-intel-fabricas-23ago22-ArndWiegtmann-1030x438.jpg?fit=1030%2C438&ssl=1&resize=350%2C200","width":350,"height":200,"srcset":"https:\/\/i0.wp.com\/ismaelcolosi.com.br\/wp-content\/uploads\/2025\/03\/tech-intel-fabricas-23ago22-ArndWiegtmann-1030x438.jpg?fit=1030%2C438&ssl=1&resize=350%2C200 1x, https:\/\/i0.wp.com\/ismaelcolosi.com.br\/wp-content\/uploads\/2025\/03\/tech-intel-fabricas-23ago22-ArndWiegtmann-1030x438.jpg?fit=1030%2C438&ssl=1&resize=525%2C300 1.5x, https:\/\/i0.wp.com\/ismaelcolosi.com.br\/wp-content\/uploads\/2025\/03\/tech-intel-fabricas-23ago22-ArndWiegtmann-1030x438.jpg?fit=1030%2C438&ssl=1&resize=700%2C400 2x"},"classes":[]},{"id":86841,"url":"https:\/\/ismaelcolosi.com.br\/index.php\/2025\/07\/29\/procter-gamble-substitui-ceo-pelo-diretor-de-operacoes\/","url_meta":{"origin":78127,"position":3},"title":"Procter &#038; Gamble Substitui CEO Pelo Diretor de Opera\u00e7\u00f5es","author":"ismaelcolosi.com.br","date":"29 de July de 2025","format":false,"excerpt":"\r Divulga\u00e7\u00e3o\/P&G\r Shailesh Jejurikar sucede Jon Moeller na lideran\u00e7a da Procter & Gamble\r Acessibilidade \r L\r L\r A-\r A+\r \r \u25d0\r \r O presidente-executivo da Procter & Gamble, Jon Moeller, est\u00e1 deixando o cargo depois de quatro anos na fun\u00e7\u00e3o, e a gigante dos bens de consumo disse que ele\u2026","rel":"","context":"In &quot;Carreira e Sucesso&quot;","block_context":{"text":"Carreira e Sucesso","link":"https:\/\/ismaelcolosi.com.br\/index.php\/category\/carreira-e-sucesso-dicas-para-carreira\/"},"img":{"alt_text":"","src":"https:\/\/i0.wp.com\/ismaelcolosi.com.br\/wp-content\/uploads\/2025\/07\/carreira-Shailesh-Jejurikar-procter-gamble-ceo-1200x675.jpg?fit=1200%2C675&ssl=1&resize=350%2C200","width":350,"height":200,"srcset":"https:\/\/i0.wp.com\/ismaelcolosi.com.br\/wp-content\/uploads\/2025\/07\/carreira-Shailesh-Jejurikar-procter-gamble-ceo-1200x675.jpg?fit=1200%2C675&ssl=1&resize=350%2C200 1x, https:\/\/i0.wp.com\/ismaelcolosi.com.br\/wp-content\/uploads\/2025\/07\/carreira-Shailesh-Jejurikar-procter-gamble-ceo-1200x675.jpg?fit=1200%2C675&ssl=1&resize=525%2C300 1.5x, https:\/\/i0.wp.com\/ismaelcolosi.com.br\/wp-content\/uploads\/2025\/07\/carreira-Shailesh-Jejurikar-procter-gamble-ceo-1200x675.jpg?fit=1200%2C675&ssl=1&resize=700%2C400 2x, https:\/\/i0.wp.com\/ismaelcolosi.com.br\/wp-content\/uploads\/2025\/07\/carreira-Shailesh-Jejurikar-procter-gamble-ceo-1200x675.jpg?fit=1200%2C675&ssl=1&resize=1050%2C600 3x"},"classes":[]},{"id":86602,"url":"https:\/\/ismaelcolosi.com.br\/index.php\/2025\/07\/10\/linda-yaccarino-caiu-do-penhasco-de-vidro\/","url_meta":{"origin":78127,"position":4},"title":"Linda Yaccarino Caiu do \u201cPenhasco de Vidro\u201d?","author":"ismaelcolosi.com.br","date":"10 de July de 2025","format":false,"excerpt":"\r Jerod Harris\/Getty Images\r Linda Yaccarino assumiu o X em um momento desafiador, e, mesmo diante do caos, promoveu avan\u00e7os\r Acessibilidade \r L\r L\r A-\r A+\r \r \u25d0\r \r \u00a0 Linda Yaccarino deixou o cargo de CEO do X (antigo Twitter), dois anos ap\u00f3s assumir o cargo. \u201cDepois de dois\u2026","rel":"","context":"In &quot;Carreira e Sucesso&quot;","block_context":{"text":"Carreira e Sucesso","link":"https:\/\/ismaelcolosi.com.br\/index.php\/category\/carreira-e-sucesso-dicas-para-carreira\/"},"img":{"alt_text":"","src":"https:\/\/i0.wp.com\/ismaelcolosi.com.br\/wp-content\/uploads\/2025\/07\/forbes-Linda-Yaccarino-CEO-X-1200x675.jpg?fit=1200%2C675&ssl=1&resize=350%2C200","width":350,"height":200,"srcset":"https:\/\/i0.wp.com\/ismaelcolosi.com.br\/wp-content\/uploads\/2025\/07\/forbes-Linda-Yaccarino-CEO-X-1200x675.jpg?fit=1200%2C675&ssl=1&resize=350%2C200 1x, https:\/\/i0.wp.com\/ismaelcolosi.com.br\/wp-content\/uploads\/2025\/07\/forbes-Linda-Yaccarino-CEO-X-1200x675.jpg?fit=1200%2C675&ssl=1&resize=525%2C300 1.5x, https:\/\/i0.wp.com\/ismaelcolosi.com.br\/wp-content\/uploads\/2025\/07\/forbes-Linda-Yaccarino-CEO-X-1200x675.jpg?fit=1200%2C675&ssl=1&resize=700%2C400 2x, https:\/\/i0.wp.com\/ismaelcolosi.com.br\/wp-content\/uploads\/2025\/07\/forbes-Linda-Yaccarino-CEO-X-1200x675.jpg?fit=1200%2C675&ssl=1&resize=1050%2C600 3x"},"classes":[]},{"id":86604,"url":"https:\/\/ismaelcolosi.com.br\/index.php\/2025\/07\/10\/linda-yaccarino-caiu-do-penhasco-de-vidro-2\/","url_meta":{"origin":78127,"position":5},"title":"Linda Yaccarino Caiu do \u201cPenhasco de Vidro\u201d?","author":"ismaelcolosi.com.br","date":"10 de July de 2025","format":false,"excerpt":"\r Jerod Harris\/Getty Images\r Linda Yaccarino assumiu o X em um momento desafiador, e, mesmo diante do caos, promoveu avan\u00e7os\r Acessibilidade \r L\r L\r A-\r A+\r \r \u25d0\r \r \u00a0 Linda Yaccarino deixou o cargo de CEO do X (antigo Twitter), dois anos ap\u00f3s assumir o cargo. \u201cDepois de dois\u2026","rel":"","context":"In &quot;Carreira e Sucesso&quot;","block_context":{"text":"Carreira e Sucesso","link":"https:\/\/ismaelcolosi.com.br\/index.php\/category\/carreira-e-sucesso-dicas-para-carreira\/"},"img":{"alt_text":"","src":"https:\/\/i0.wp.com\/ismaelcolosi.com.br\/wp-content\/uploads\/2025\/07\/1752169068_forbes-Linda-Yaccarino-CEO-X-1200x675.jpg?fit=1200%2C675&ssl=1&resize=350%2C200","width":350,"height":200,"srcset":"https:\/\/i0.wp.com\/ismaelcolosi.com.br\/wp-content\/uploads\/2025\/07\/1752169068_forbes-Linda-Yaccarino-CEO-X-1200x675.jpg?fit=1200%2C675&ssl=1&resize=350%2C200 1x, https:\/\/i0.wp.com\/ismaelcolosi.com.br\/wp-content\/uploads\/2025\/07\/1752169068_forbes-Linda-Yaccarino-CEO-X-1200x675.jpg?fit=1200%2C675&ssl=1&resize=525%2C300 1.5x, https:\/\/i0.wp.com\/ismaelcolosi.com.br\/wp-content\/uploads\/2025\/07\/1752169068_forbes-Linda-Yaccarino-CEO-X-1200x675.jpg?fit=1200%2C675&ssl=1&resize=700%2C400 2x, https:\/\/i0.wp.com\/ismaelcolosi.com.br\/wp-content\/uploads\/2025\/07\/1752169068_forbes-Linda-Yaccarino-CEO-X-1200x675.jpg?fit=1200%2C675&ssl=1&resize=1050%2C600 3x"},"classes":[]}],"jetpack_sharing_enabled":true,"jetpack_shortlink":"https:\/\/wp.me\/pfMlyK-kk7","_links":{"self":[{"href":"https:\/\/ismaelcolosi.com.br\/index.php\/wp-json\/wp\/v2\/posts\/78127","targetHints":{"allow":["GET"]}}],"collection":[{"href":"https:\/\/ismaelcolosi.com.br\/index.php\/wp-json\/wp\/v2\/posts"}],"about":[{"href":"https:\/\/ismaelcolosi.com.br\/index.php\/wp-json\/wp\/v2\/types\/post"}],"author":[{"embeddable":true,"href":"https:\/\/ismaelcolosi.com.br\/index.php\/wp-json\/wp\/v2\/users\/1"}],"replies":[{"embeddable":true,"href":"https:\/\/ismaelcolosi.com.br\/index.php\/wp-json\/wp\/v2\/comments?post=78127"}],"version-history":[{"count":0,"href":"https:\/\/ismaelcolosi.com.br\/index.php\/wp-json\/wp\/v2\/posts\/78127\/revisions"}],"wp:featuredmedia":[{"embeddable":true,"href":"https:\/\/ismaelcolosi.com.br\/index.php\/wp-json\/wp\/v2\/media\/78128"}],"wp:attachment":[{"href":"https:\/\/ismaelcolosi.com.br\/index.php\/wp-json\/wp\/v2\/media?parent=78127"}],"wp:term":[{"taxonomy":"category","embeddable":true,"href":"https:\/\/ismaelcolosi.com.br\/index.php\/wp-json\/wp\/v2\/categories?post=78127"},{"taxonomy":"post_tag","embeddable":true,"href":"https:\/\/ismaelcolosi.com.br\/index.php\/wp-json\/wp\/v2\/tags?post=78127"}],"curies":[{"name":"wp","href":"https:\/\/api.w.org\/{rel}","templated":true}]}}