{"id":78112,"date":"2024-12-02T12:14:58","date_gmt":"2024-12-02T15:14:58","guid":{"rendered":"https:\/\/ismaelcolosi.com.br\/index.php\/2024\/12\/02\/preso-suspeito-de-feminicidio-na-regiao\/"},"modified":"2024-12-02T12:14:58","modified_gmt":"2024-12-02T15:14:58","slug":"preso-suspeito-de-feminicidio-na-regiao","status":"publish","type":"post","link":"https:\/\/ismaelcolosi.com.br\/index.php\/2024\/12\/02\/preso-suspeito-de-feminicidio-na-regiao\/","title":{"rendered":"Preso suspeito de feminic\u00eddio na regi\u00e3o"},"content":{"rendered":"<p> <br \/>\n<\/p>\n<div>\n<p>Por: Adalberto Luque<\/p>\n<p>A Pol\u00edcia Civil prendeu, na manh\u00e3 desta segunda-feira (2), Rog\u00e9rio dos Santos. Ele \u00e9 suspeito de ter matado com mais de 20 facadas sua ex-companheira, \u00c9lida Renata Benedito de Oliveira, de 39 anos. O crime ocorreu na madrugada de 10 de novembro, em Guariba, regi\u00e3o metropolitana de Ribeir\u00e3o Preto.<\/p>\n<p>Santos, de 32 anos, \u00e9 o principal suspeito de ter desferido as facadas que mataram a mulher. Desde o dia do crime vinha sendo procurado e a Pol\u00edcia Civil j\u00e1 havia obtido o mandado de pris\u00e3o contra o homem.<\/p>\n<p>Foi localizado e preso na cidade de Planura, regi\u00e3o do Tri\u00e2ngulo Mineiro, em Minas Gerais. Santos ser\u00e1 trazido para Guariba, onde deve ser ouvido pelo delegado. N\u00e3o foi informado se ele tem advogado.<\/p>\n<p><strong>O crime<\/strong><\/p>\n<p><a href=\"https:\/\/www.tribunaribeirao.com.br\/mulher-e-vitima-de-feminicidio-na-regiao\/\">\u00c9lida foi morta com mais de 20 facadas<\/a>. O crime ocorreu na Avenida Ot\u00e1vio Rangel, Guariba, na madrugada de 10 de novembro. O casal, que tinha hist\u00f3rico de viol\u00eancia, estaria separado. \u00c9lida tinha medida protetiva de urg\u00eancia em vigor, que impedia o ex-companheiro de se aproximar dela.<\/p>\n<p>Na madrugada do crime, ele invadiu a casa da v\u00edtima e desferiu os golpes. Ao fugir, foi visto por testemunhas. Ap\u00f3s ser ouvido pelo delegado, deve seguir para uma unidade prisional, permanecendo \u00e0 disposi\u00e7\u00e3o da Justi\u00e7a.<\/p>\n<\/div>\n<p><br \/>\n<br \/><a href=\"https:\/\/www.tribunaribeirao.com.br\/preso-suspeito-de-feminicidio-na-regiao\/\">Source link <\/a><\/p>\n<div class='code-block code-block-4' style='margin: 8px auto 8px 0; text-align: left; display: block; clear: both;'>\n\ud83d\udce2 Aviso Legal\n\nO site ismaelcolosi.com.br atua apenas como um canal de divulga\u00e7\u00e3o de oportunidades de emprego e n\u00e3o se responsabiliza pelo processo seletivo, contrata\u00e7\u00e3o ou qualquer outra etapa relacionada \u00e0s vagas publicadas. Todas as informa\u00e7\u00f5es s\u00e3o de responsabilidade dos anunciantes.\n\n\u26a0\ufe0f Aten\u00e7\u00e3o! Nunca pague por promessas de emprego nem compre cursos que garantam contrata\u00e7\u00e3o. Desconfie de qualquer cobran\u00e7a para participar de sele\u00e7\u00f5es.\n\n\n\n<\/div>\n<!-- CONTENT END 1 -->\n","protected":false},"excerpt":{"rendered":"<p>Por: Adalberto Luque A Pol\u00edcia Civil prendeu, na manh\u00e3 desta segunda-feira (2), Rog\u00e9rio dos Santos. Ele \u00e9 suspeito de ter matado com mais de 20&#8230;<\/p>\n","protected":false},"author":1,"featured_media":78113,"comment_status":"open","ping_status":"open","sticky":false,"template":"","format":"standard","meta":{"_uag_custom_page_level_css":"","advanced_seo_description":"","jetpack_seo_html_title":"","jetpack_seo_noindex":false,"jetpack_post_was_ever_published":false,"_jetpack_newsletter_access":"","_jetpack_dont_email_post_to_subs":false,"_jetpack_newsletter_tier_id":0,"_jetpack_memberships_contains_paywalled_content":false,"_jetpack_memberships_contains_paid_content":false,"footnotes":"","jetpack_publicize_message":"","jetpack_publicize_feature_enabled":true,"jetpack_social_post_already_shared":true,"jetpack_social_options":{"image_generator_settings":{"template":"highway","default_image_id":0,"font":"","enabled":false},"version":2}},"categories":[11],"tags":[],"class_list":["post-78112","post","type-post","status-publish","format-standard","has-post-thumbnail","hentry","category-noticias-de-ribeirao-preto-sp-e-regiao-ismael-colosi"],"jetpack_publicize_connections":[],"jetpack_featured_media_url":"https:\/\/i0.wp.com\/ismaelcolosi.com.br\/wp-content\/uploads\/2024\/12\/11nov2024-feminicidioguariba-scaled.jpg?fit=800%2C494&ssl=1","uagb_featured_image_src":{"full":["https:\/\/i0.wp.com\/ismaelcolosi.com.br\/wp-content\/uploads\/2024\/12\/11nov2024-feminicidioguariba-scaled.jpg?fit=800%2C494&ssl=1",800,494,false],"thumbnail":["https:\/\/i0.wp.com\/ismaelcolosi.com.br\/wp-content\/uploads\/2024\/12\/11nov2024-feminicidioguariba-scaled.jpg?resize=150%2C150&ssl=1",150,150,true],"medium":["https:\/\/i0.wp.com\/ismaelcolosi.com.br\/wp-content\/uploads\/2024\/12\/11nov2024-feminicidioguariba-scaled.jpg?fit=300%2C185&ssl=1",300,185,true],"medium_large":["https:\/\/i0.wp.com\/ismaelcolosi.com.br\/wp-content\/uploads\/2024\/12\/11nov2024-feminicidioguariba-scaled.jpg?fit=768%2C474&ssl=1",768,474,true],"large":["https:\/\/i0.wp.com\/ismaelcolosi.com.br\/wp-content\/uploads\/2024\/12\/11nov2024-feminicidioguariba-scaled.jpg?fit=800%2C494&ssl=1",800,494,true],"1536x1536":["https:\/\/i0.wp.com\/ismaelcolosi.com.br\/wp-content\/uploads\/2024\/12\/11nov2024-feminicidioguariba-scaled.jpg?fit=800%2C494&ssl=1",800,494,true],"2048x2048":["https:\/\/i0.wp.com\/ismaelcolosi.com.br\/wp-content\/uploads\/2024\/12\/11nov2024-feminicidioguariba-scaled.jpg?fit=800%2C494&ssl=1",800,494,true],"really-simple-thumb":["https:\/\/i0.wp.com\/ismaelcolosi.com.br\/wp-content\/uploads\/2024\/12\/11nov2024-feminicidioguariba-scaled.jpg?resize=370%2C247&ssl=1",370,247,true]},"uagb_author_info":{"display_name":"ismaelcolosi.com.br","author_link":"https:\/\/ismaelcolosi.com.br\/index.php\/author\/vidareal-online\/"},"uagb_comment_info":0,"uagb_excerpt":"Por: Adalberto Luque A Pol\u00edcia Civil prendeu, na manh\u00e3 desta segunda-feira (2), Rog\u00e9rio dos Santos. Ele \u00e9 suspeito de ter matado com mais de 20...","jetpack-related-posts":[{"id":76194,"url":"https:\/\/ismaelcolosi.com.br\/index.php\/2024\/11\/11\/mulher-e-vitima-de-feminicidio-na-regiao\/","url_meta":{"origin":78112,"position":0},"title":"Mulher \u00e9 v\u00edtima de feminic\u00eddio na regi\u00e3o","author":"ismaelcolosi.com.br","date":"11 de November de 2024","format":false,"excerpt":"Por: Adalberto Luque Uma mulher morreu, na madrugada deste domingo (10), ap\u00f3s ser atingida com mais de 20 facadas. O crime ocorreu na Avenida Ot\u00e1vio Rangel, em Guariba, regi\u00e3o metropolitana de Ribeir\u00e3o Preto. Segundo informa\u00e7\u00f5es, \u00c9lida Renata Benedito de Oliveira Abreu, de 39 anos, estava em sua resid\u00eancia, quando a\u2026","rel":"","context":"In &quot;Not\u00edcias de Ribeir\u00e3o Preto-SP e Regi\u00e3o&quot;","block_context":{"text":"Not\u00edcias de Ribeir\u00e3o Preto-SP e Regi\u00e3o","link":"https:\/\/ismaelcolosi.com.br\/index.php\/category\/noticias-de-ribeirao-preto-sp-e-regiao-ismael-colosi\/"},"img":{"alt_text":"","src":"https:\/\/i0.wp.com\/ismaelcolosi.com.br\/wp-content\/uploads\/2024\/11\/11nov2024-feminicidioguariba-scaled.jpg?fit=800%2C494&ssl=1&resize=350%2C200","width":350,"height":200,"srcset":"https:\/\/i0.wp.com\/ismaelcolosi.com.br\/wp-content\/uploads\/2024\/11\/11nov2024-feminicidioguariba-scaled.jpg?fit=800%2C494&ssl=1&resize=350%2C200 1x, https:\/\/i0.wp.com\/ismaelcolosi.com.br\/wp-content\/uploads\/2024\/11\/11nov2024-feminicidioguariba-scaled.jpg?fit=800%2C494&ssl=1&resize=525%2C300 1.5x, https:\/\/i0.wp.com\/ismaelcolosi.com.br\/wp-content\/uploads\/2024\/11\/11nov2024-feminicidioguariba-scaled.jpg?fit=800%2C494&ssl=1&resize=700%2C400 2x"},"classes":[]},{"id":26858,"url":"https:\/\/ismaelcolosi.com.br\/index.php\/2024\/01\/10\/quem-e-o-homem-que-perdeu-a-vida-de-forma-cruel-pelas-maos-de-uma-amigo-motivacao-do-crime-e-exposta-pela-policia\/","url_meta":{"origin":78112,"position":1},"title":"Quem \u00e9 o homem que perdeu a vida de forma cruel pelas m\u00e3os de uma amigo, motiva\u00e7\u00e3o do crime \u00e9 exposta pela pol\u00edcia","author":"ismaelcolosi.com.br","date":"10 de January de 2024","format":false,"excerpt":"A pol\u00edcia identificou o homem que perdeu a vida pelas m\u00e3os de um amigo. O algoz da v\u00edtima usou extrema viol\u00eancia para matar uma pessoa que ele conhecia h\u00e1 tempos.Ilson Patr\u00edcio, de 56 anos, foi reconhecido como a v\u00edtima do homic\u00eddio cometido por um amigo motivado por ci\u00fames na \u00faltima\u2026","rel":"","context":"In &quot;Blog&quot;","block_context":{"text":"Blog","link":"https:\/\/ismaelcolosi.com.br\/index.php\/category\/blog\/"},"img":{"alt_text":"","src":"https:\/\/i0.wp.com\/ismaelcolosi.com.br\/wp-content\/uploads\/2024\/01\/postimg-659f561acf6c42070.jpg?fit=1200%2C628&ssl=1&resize=350%2C200","width":350,"height":200,"srcset":"https:\/\/i0.wp.com\/ismaelcolosi.com.br\/wp-content\/uploads\/2024\/01\/postimg-659f561acf6c42070.jpg?fit=1200%2C628&ssl=1&resize=350%2C200 1x, https:\/\/i0.wp.com\/ismaelcolosi.com.br\/wp-content\/uploads\/2024\/01\/postimg-659f561acf6c42070.jpg?fit=1200%2C628&ssl=1&resize=525%2C300 1.5x, https:\/\/i0.wp.com\/ismaelcolosi.com.br\/wp-content\/uploads\/2024\/01\/postimg-659f561acf6c42070.jpg?fit=1200%2C628&ssl=1&resize=700%2C400 2x, https:\/\/i0.wp.com\/ismaelcolosi.com.br\/wp-content\/uploads\/2024\/01\/postimg-659f561acf6c42070.jpg?fit=1200%2C628&ssl=1&resize=1050%2C600 3x"},"classes":[]},{"id":65901,"url":"https:\/\/ismaelcolosi.com.br\/index.php\/2024\/09\/14\/homem-e-morto-a-facadas-em-praca-de-ribeirao-preto\/","url_meta":{"origin":78112,"position":2},"title":"Homem \u00e9 morto a facadas em pra\u00e7a de Ribeir\u00e3o Preto","author":"ismaelcolosi.com.br","date":"14 de September de 2024","format":false,"excerpt":"Um homem foi morto a facadas na tarde deste s\u00e1bado (14), na pra\u00e7a Francisco Schmidt, na Vila Tib\u00e9rio, zona Oeste de Ribeir\u00e3o\u00a0Preto. Segundo informa\u00e7\u00f5es, um suspeito do crime foi detido no local, ao lado da antiga UBDS (Unidade B\u00e1sica Distrital de Sa\u00fade) Central. Ele, por\u00e9m, precisou ser socorrido, ap\u00f3s ser\u2026","rel":"","context":"In &quot;Not\u00edcias de Ribeir\u00e3o Preto-SP e Regi\u00e3o&quot;","block_context":{"text":"Not\u00edcias de Ribeir\u00e3o Preto-SP e Regi\u00e3o","link":"https:\/\/ismaelcolosi.com.br\/index.php\/category\/noticias-de-ribeirao-preto-sp-e-regiao-ismael-colosi\/"},"img":{"alt_text":"","src":"https:\/\/i0.wp.com\/ismaelcolosi.com.br\/wp-content\/uploads\/2024\/09\/WhatsApp-Image-2024-09-14-at-15.31.54_2024-09-14_18-32-21_jpeg_2024-09-14_18-32-21.webp.webp?fit=1200%2C1067&ssl=1&resize=350%2C200","width":350,"height":200,"srcset":"https:\/\/i0.wp.com\/ismaelcolosi.com.br\/wp-content\/uploads\/2024\/09\/WhatsApp-Image-2024-09-14-at-15.31.54_2024-09-14_18-32-21_jpeg_2024-09-14_18-32-21.webp.webp?fit=1200%2C1067&ssl=1&resize=350%2C200 1x, https:\/\/i0.wp.com\/ismaelcolosi.com.br\/wp-content\/uploads\/2024\/09\/WhatsApp-Image-2024-09-14-at-15.31.54_2024-09-14_18-32-21_jpeg_2024-09-14_18-32-21.webp.webp?fit=1200%2C1067&ssl=1&resize=525%2C300 1.5x, https:\/\/i0.wp.com\/ismaelcolosi.com.br\/wp-content\/uploads\/2024\/09\/WhatsApp-Image-2024-09-14-at-15.31.54_2024-09-14_18-32-21_jpeg_2024-09-14_18-32-21.webp.webp?fit=1200%2C1067&ssl=1&resize=700%2C400 2x, https:\/\/i0.wp.com\/ismaelcolosi.com.br\/wp-content\/uploads\/2024\/09\/WhatsApp-Image-2024-09-14-at-15.31.54_2024-09-14_18-32-21_jpeg_2024-09-14_18-32-21.webp.webp?fit=1200%2C1067&ssl=1&resize=1050%2C600 3x"},"classes":[]},{"id":68777,"url":"https:\/\/ismaelcolosi.com.br\/index.php\/2024\/10\/01\/o-que-se-sabe-sobre-caso-de-homem-que-foi-golpeado-com-enxada-na-regiao-de-ribeirao\/","url_meta":{"origin":78112,"position":3},"title":"O que se sabe sobre caso de homem que foi golpeado com enxada na regi\u00e3o de Ribeir\u00e3o","author":"ismaelcolosi.com.br","date":"1 de October de 2024","format":false,"excerpt":"Um homem de 32 anos est\u00e1 entubado e em estado grave na Santa Casa de Ituverava, cidade a aproximadamente 136 km de Ribeir\u00e3o Preto, ap\u00f3s ter sido esfaqueado e agredido com golpes de enxada no \u00faltimo final de semana. De acordo com o boletim de ocorr\u00eancia (BO), equipes da Pol\u00edcia\u2026","rel":"","context":"In &quot;Not\u00edcias de Ribeir\u00e3o Preto-SP e Regi\u00e3o&quot;","block_context":{"text":"Not\u00edcias de Ribeir\u00e3o Preto-SP e Regi\u00e3o","link":"https:\/\/ismaelcolosi.com.br\/index.php\/category\/noticias-de-ribeirao-preto-sp-e-regiao-ismael-colosi\/"},"img":{"alt_text":"","src":"https:\/\/i0.wp.com\/ismaelcolosi.com.br\/wp-content\/uploads\/2024\/10\/Copia-de-Copia-de-Copia-de-TAMANHO-EXATO-PARA-FOTOS-NO-SISTEMA-NOVO-87_2024-10-02_00-49-13_png_2024-10-02_00-49-13.webp.webp?fit=1200%2C675&ssl=1&resize=350%2C200","width":350,"height":200,"srcset":"https:\/\/i0.wp.com\/ismaelcolosi.com.br\/wp-content\/uploads\/2024\/10\/Copia-de-Copia-de-Copia-de-TAMANHO-EXATO-PARA-FOTOS-NO-SISTEMA-NOVO-87_2024-10-02_00-49-13_png_2024-10-02_00-49-13.webp.webp?fit=1200%2C675&ssl=1&resize=350%2C200 1x, https:\/\/i0.wp.com\/ismaelcolosi.com.br\/wp-content\/uploads\/2024\/10\/Copia-de-Copia-de-Copia-de-TAMANHO-EXATO-PARA-FOTOS-NO-SISTEMA-NOVO-87_2024-10-02_00-49-13_png_2024-10-02_00-49-13.webp.webp?fit=1200%2C675&ssl=1&resize=525%2C300 1.5x, https:\/\/i0.wp.com\/ismaelcolosi.com.br\/wp-content\/uploads\/2024\/10\/Copia-de-Copia-de-Copia-de-TAMANHO-EXATO-PARA-FOTOS-NO-SISTEMA-NOVO-87_2024-10-02_00-49-13_png_2024-10-02_00-49-13.webp.webp?fit=1200%2C675&ssl=1&resize=700%2C400 2x, https:\/\/i0.wp.com\/ismaelcolosi.com.br\/wp-content\/uploads\/2024\/10\/Copia-de-Copia-de-Copia-de-TAMANHO-EXATO-PARA-FOTOS-NO-SISTEMA-NOVO-87_2024-10-02_00-49-13_png_2024-10-02_00-49-13.webp.webp?fit=1200%2C675&ssl=1&resize=1050%2C600 3x"},"classes":[]},{"id":46949,"url":"https:\/\/ismaelcolosi.com.br\/index.php\/2024\/04\/15\/justica-decide-soltar-mulher-que-assumiu-ter-matado-a-facadas-companheiro-na-regiao-de-ribeirao\/","url_meta":{"origin":78112,"position":4},"title":"Justi\u00e7a decide soltar mulher que assumiu ter matado a facadas companheiro\u00a0na regi\u00e3o de Ribeir\u00e3o","author":"ismaelcolosi.com.br","date":"15 de April de 2024","format":false,"excerpt":"O juiz H\u00e9lio Alberto de Oliveira Serra e Navarro decidiu soltar a mulher que havia sido presa em flagrante ap\u00f3s matar a facadas o companheiro, na manh\u00e3 de s\u00e1bado (13), em Barretos, cidade na regi\u00e3o de Ribeir\u00e3o Preto. A senten\u00e7a foi deferida em audi\u00eancia de cust\u00f3dia, realizada no domingo (14).\u2026","rel":"","context":"In &quot;Not\u00edcias de Ribeir\u00e3o Preto-SP e Regi\u00e3o&quot;","block_context":{"text":"Not\u00edcias de Ribeir\u00e3o Preto-SP e Regi\u00e3o","link":"https:\/\/ismaelcolosi.com.br\/index.php\/category\/noticias-de-ribeirao-preto-sp-e-regiao-ismael-colosi\/"},"img":{"alt_text":"","src":"https:\/\/i0.wp.com\/ismaelcolosi.com.br\/wp-content\/uploads\/2024\/04\/sirene_giroflex_1024x576_11032021085153.jpg?fit=1024%2C576&ssl=1&resize=350%2C200","width":350,"height":200,"srcset":"https:\/\/i0.wp.com\/ismaelcolosi.com.br\/wp-content\/uploads\/2024\/04\/sirene_giroflex_1024x576_11032021085153.jpg?fit=1024%2C576&ssl=1&resize=350%2C200 1x, https:\/\/i0.wp.com\/ismaelcolosi.com.br\/wp-content\/uploads\/2024\/04\/sirene_giroflex_1024x576_11032021085153.jpg?fit=1024%2C576&ssl=1&resize=525%2C300 1.5x, https:\/\/i0.wp.com\/ismaelcolosi.com.br\/wp-content\/uploads\/2024\/04\/sirene_giroflex_1024x576_11032021085153.jpg?fit=1024%2C576&ssl=1&resize=700%2C400 2x"},"classes":[]},{"id":37010,"url":"https:\/\/ismaelcolosi.com.br\/index.php\/2024\/02\/13\/suspeito-de-envolvimento-na-morte-de-policial-aposentado-e-preso-na-regiao-de-ribeirao\/","url_meta":{"origin":78112,"position":5},"title":"Suspeito de envolvimento na morte de policial aposentado \u00e9 preso na regi\u00e3o de Ribeir\u00e3o","author":"ismaelcolosi.com.br","date":"13 de February de 2024","format":false,"excerpt":"A Pol\u00edcia Militar prendeu um suspeito de envolvimento na morte do policial reformado Darie Alves Tremura, de 63 anos. A v\u00edtima foi morta durante uma tentativa de assalto na rua Tibiri\u00e7\u00e1, Centro de Ribeir\u00e3o Preto. De acordo com o boletim de ocorr\u00eancia (BO), o suspeito foi preso na rodovia Mario\u2026","rel":"","context":"In &quot;Not\u00edcias de Ribeir\u00e3o Preto-SP e Regi\u00e3o&quot;","block_context":{"text":"Not\u00edcias de Ribeir\u00e3o Preto-SP e Regi\u00e3o","link":"https:\/\/ismaelcolosi.com.br\/index.php\/category\/noticias-de-ribeirao-preto-sp-e-regiao-ismael-colosi\/"},"img":{"alt_text":"","src":"https:\/\/i0.wp.com\/ismaelcolosi.com.br\/wp-content\/uploads\/2024\/02\/1707854789_WhatsApp-Image-2024-02-12-at-16.27.00.jpeg?fit=1200%2C675&ssl=1&resize=350%2C200","width":350,"height":200,"srcset":"https:\/\/i0.wp.com\/ismaelcolosi.com.br\/wp-content\/uploads\/2024\/02\/1707854789_WhatsApp-Image-2024-02-12-at-16.27.00.jpeg?fit=1200%2C675&ssl=1&resize=350%2C200 1x, https:\/\/i0.wp.com\/ismaelcolosi.com.br\/wp-content\/uploads\/2024\/02\/1707854789_WhatsApp-Image-2024-02-12-at-16.27.00.jpeg?fit=1200%2C675&ssl=1&resize=525%2C300 1.5x, https:\/\/i0.wp.com\/ismaelcolosi.com.br\/wp-content\/uploads\/2024\/02\/1707854789_WhatsApp-Image-2024-02-12-at-16.27.00.jpeg?fit=1200%2C675&ssl=1&resize=700%2C400 2x, https:\/\/i0.wp.com\/ismaelcolosi.com.br\/wp-content\/uploads\/2024\/02\/1707854789_WhatsApp-Image-2024-02-12-at-16.27.00.jpeg?fit=1200%2C675&ssl=1&resize=1050%2C600 3x"},"classes":[]}],"jetpack_sharing_enabled":true,"jetpack_shortlink":"https:\/\/wp.me\/pfMlyK-kjS","_links":{"self":[{"href":"https:\/\/ismaelcolosi.com.br\/index.php\/wp-json\/wp\/v2\/posts\/78112","targetHints":{"allow":["GET"]}}],"collection":[{"href":"https:\/\/ismaelcolosi.com.br\/index.php\/wp-json\/wp\/v2\/posts"}],"about":[{"href":"https:\/\/ismaelcolosi.com.br\/index.php\/wp-json\/wp\/v2\/types\/post"}],"author":[{"embeddable":true,"href":"https:\/\/ismaelcolosi.com.br\/index.php\/wp-json\/wp\/v2\/users\/1"}],"replies":[{"embeddable":true,"href":"https:\/\/ismaelcolosi.com.br\/index.php\/wp-json\/wp\/v2\/comments?post=78112"}],"version-history":[{"count":0,"href":"https:\/\/ismaelcolosi.com.br\/index.php\/wp-json\/wp\/v2\/posts\/78112\/revisions"}],"wp:featuredmedia":[{"embeddable":true,"href":"https:\/\/ismaelcolosi.com.br\/index.php\/wp-json\/wp\/v2\/media\/78113"}],"wp:attachment":[{"href":"https:\/\/ismaelcolosi.com.br\/index.php\/wp-json\/wp\/v2\/media?parent=78112"}],"wp:term":[{"taxonomy":"category","embeddable":true,"href":"https:\/\/ismaelcolosi.com.br\/index.php\/wp-json\/wp\/v2\/categories?post=78112"},{"taxonomy":"post_tag","embeddable":true,"href":"https:\/\/ismaelcolosi.com.br\/index.php\/wp-json\/wp\/v2\/tags?post=78112"}],"curies":[{"name":"wp","href":"https:\/\/api.w.org\/{rel}","templated":true}]}}