{"id":78107,"date":"2024-12-02T12:01:59","date_gmt":"2024-12-02T15:01:59","guid":{"rendered":"https:\/\/ismaelcolosi.com.br\/index.php\/2024\/12\/02\/nogueira-anuncia-projetos-para-preservacao-do-patrimonio-historico-em-rp\/"},"modified":"2024-12-02T12:01:59","modified_gmt":"2024-12-02T15:01:59","slug":"nogueira-anuncia-projetos-para-preservacao-do-patrimonio-historico-em-rp","status":"publish","type":"post","link":"https:\/\/ismaelcolosi.com.br\/index.php\/2024\/12\/02\/nogueira-anuncia-projetos-para-preservacao-do-patrimonio-historico-em-rp\/","title":{"rendered":"Nogueira anuncia projetos para preserva\u00e7\u00e3o do patrim\u00f4nio hist\u00f3rico em RP"},"content":{"rendered":"<p> <br \/>\n<\/p>\n<div id=\"\">\n<p>\n\t\t\t\t\t\t\t\t\t<span class=\"entry-meta-item penci-posted-on\"><i class=\"fa fa-clock-o\"\/><time class=\"entry-date published\" datetime=\"2024-11-30T12:41:49-03:00\">30 de novembro de 2024<\/time><time class=\"updated\" datetime=\"2024-12-02T09:30:00-03:00\">2 de dezembro de 2024<\/time><\/span><span class=\"entry-meta-item penci-post-countview\"><span class=\"entry-meta-item penci-post-countview penci_post-meta_item\"><i class=\"fa fa-eye\"\/><span class=\"penci-post-countview-number penci-post-countview-p411151\">76<\/span><\/span><\/span>\t\t\t\t\t\t\t\t<\/p>\n<p><!-- .entry-meta --><br \/>\n\t\t\t\t\t\t\t\t<span class=\"penci-social-buttons penci-social-share-footer\"><span class=\"penci-social-share-text\">Compartilhar<\/span><a href=\"#\" class=\"penci-post-like penci_post-meta_item  single-like-button penci-social-item like\" data-post_id=\"411151\" title=\"Like\" data-like=\"Like\" data-unlike=\"Unlike\"><i class=\"fa fa-thumbs-o-up\"\/><span class=\"penci-share-number\">0<\/span><\/a><a class=\"penci-social-item facebook\" target=\"_blank\" rel=\"noopener\" title=\"\" href=\"https:\/\/www.facebook.com\/sharer\/sharer.php?u=https%3A%2F%2Fwww.tribunaribeirao.com.br%2Fnogueira-anuncia-projetos-para-preservacao-do-patrimonio-historico-em-rp%2F\"><i class=\"fa fa-facebook\"\/><\/a><a class=\"penci-social-item twitter\" target=\"_blank\" rel=\"noopener\" title=\"\" href=\"https:\/\/twitter.com\/intent\/tweet?text=Nogueira%20anuncia%20projetos%20para%20preserva\u00e7\u00e3o%20do%20patrim\u00f4nio%20hist\u00f3rico%20em%20RP%20-%20https:\/\/www.tribunaribeirao.com.br\/nogueira-anuncia-projetos-para-preservacao-do-patrimonio-historico-em-rp\/\"><i class=\"fa fa-twitter\"\/><\/a><a class=\"penci-social-item linkedin\" target=\"_blank\" rel=\"noopener\" title=\"\" href=\"https:\/\/www.linkedin.com\/shareArticle?mini=true&amp;url=https%3A%2F%2Fwww.tribunaribeirao.com.br%2Fnogueira-anuncia-projetos-para-preservacao-do-patrimonio-historico-em-rp%2F&amp;title=Nogueira%20anuncia%20projetos%20para%20preserva%C3%A7%C3%A3o%20do%20patrim%C3%B4nio%20hist%C3%B3rico%20em%20RP\"><i class=\"fa fa-linkedin\"\/><\/a><a class=\"penci-social-item whatsapp\" rel=\"noopener\" data-text=\"Nogueira anuncia projetos para preserva\u00e7\u00e3o do patrim\u00f4nio hist\u00f3rico em RP\" data-link=\"https:\/\/www.tribunaribeirao.com.br\/nogueira-anuncia-projetos-para-preservacao-do-patrimonio-historico-em-rp\/\" href=\"#\"><i class=\"fa fa-whatsapp\"\/><\/a><a class=\"penci-social-item telegram\" target=\"_blank\" rel=\"noopener\" title=\"\" href=\"https:\/\/telegram.me\/share\/url?url=https%3A%2F%2Fwww.tribunaribeirao.com.br%2Fnogueira-anuncia-projetos-para-preservacao-do-patrimonio-historico-em-rp%2F&amp;text=Nogueira%20anuncia%20projetos%20para%20preserva%C3%A7%C3%A3o%20do%20patrim%C3%B4nio%20hist%C3%B3rico%20em%20RP\"><i class=\"fa fa-telegram\"\/><\/a><a class=\"penci-social-item email\" target=\"_blank\" rel=\"noopener\" href=\"http:\/\/www.tribunaribeirao.com.br\/cdn-cgi\/l\/email-protection#caf5b9bfa8a0afa9bef784a5adbfafa3b8abeff8faaba4bfa4a9a3abeff8fabab8a5a0afbea5b9eff8fabaabb8abeff8fabab8afb9afb8bcab096d0969a5eff8faaea5eff8fabaabbeb8a3a7097ea4a3a5eff8faa2a3b9be0979b8a3a9a5eff8faafa7eff8fa989aece9faf9f2f188858e93f7a2bebebab9f0e5e5bdbdbde4beb8a3a8bfa4abb8a3a8afa3b8aba5e4a9a5a7e4a8b8e5a4a5adbfafa3b8abe7aba4bfa4a9a3abe7bab8a5a0afbea5b9e7baabb8abe7bab8afb9afb8bcaba9aba5e7aea5e7baabbeb8a3a7a5a4a3a5e7a2a3b9bea5b8a3a9a5e7afa7e7b8bae5\"><i class=\"fa fa-envelope\"\/><\/a><\/span>\t\t\t\t\t\t\t<\/div>\n<div>\n<p>Na manh\u00e3 deste s\u00e1bado (30), o prefeito de Ribeir\u00e3o Preto, Duarte Nogueira, fez importantes an\u00fancios durante um encontro realizado com apoiadores. As iniciativas refor\u00e7am a preserva\u00e7\u00e3o do patrim\u00f4nio hist\u00f3rico, a valoriza\u00e7\u00e3o dos espa\u00e7os p\u00fablicos e a moderniza\u00e7\u00e3o urbana da cidade. Entre os destaques, est\u00e3o o tombamento definitivo da Catedral Metropolitana de S\u00e3o Sebasti\u00e3o, a amplia\u00e7\u00e3o da ilumina\u00e7\u00e3o ornamental em pra\u00e7as e a regulamenta\u00e7\u00e3o da Lei de Uso, Ocupa\u00e7\u00e3o e Parcelamento do Solo, que oferecer\u00e1 incentivos fiscais a patrocinadores de im\u00f3veis tombados.<\/p>\n<p>Atualmente com tombamento provis\u00f3rio, a Catedral Metropolitana de S\u00e3o Sebasti\u00e3o, um dos principais marcos hist\u00f3ricos e culturais da cidade, passar\u00e1 a ser oficialmente tombada com a aprova\u00e7\u00e3o de um projeto. Essa medida garantir\u00e1 prote\u00e7\u00e3o integral ao edif\u00edcio, reconhecendo oficialmente seu valor hist\u00f3rico e arquitet\u00f4nico.<\/p>\n<p>Segundo o prefeito, a iniciativa permitir\u00e1 a capta\u00e7\u00e3o de recursos para a preserva\u00e7\u00e3o e revitaliza\u00e7\u00e3o da Catedral. \u201cEsse \u00e9 um compromisso com a hist\u00f3ria e a identidade de Ribeir\u00e3o Preto. Estamos garantindo que este patrim\u00f4nio permane\u00e7a preservado para as pr\u00f3ximas gera\u00e7\u00f5es\u201d, afirmou Duarte Nogueira.<\/p>\n<p>Ilumina\u00e7\u00e3o ornamental em pra\u00e7as hist\u00f3ricas<\/p>\n<p>Outro an\u00fancio importante foi a amplia\u00e7\u00e3o do programa de ilumina\u00e7\u00e3o p\u00fablica, realizado em parceria com a empresa Conecta Ribeir\u00e3o. Ap\u00f3s a moderniza\u00e7\u00e3o de avenidas, o projeto agora priorizar\u00e1 pra\u00e7as hist\u00f3ricas, como a Pra\u00e7a das Bandeiras e a Pra\u00e7a da Catedral, que receber\u00e3o ilumina\u00e7\u00e3o ornamental. A medida visa destacar a beleza arquitet\u00f4nica desses espa\u00e7os, aumentar a seguran\u00e7a e estimular sua ocupa\u00e7\u00e3o pela popula\u00e7\u00e3o.<\/p>\n<p>\u201cA ilumina\u00e7\u00e3o ornamental n\u00e3o \u00e9 apenas uma quest\u00e3o est\u00e9tica, mas um incentivo \u00e0 conviv\u00eancia e \u00e0 valoriza\u00e7\u00e3o de nossos espa\u00e7os p\u00fablicos\u201d, destacou o prefeito.<\/p>\n<p>Incentivos fiscais para preserva\u00e7\u00e3o do patrim\u00f4nio<\/p>\n<p>O terceiro an\u00fancio foi sobre a regulamenta\u00e7\u00e3o da Lei de Uso, Ocupa\u00e7\u00e3o e Parcelamento do Solo, que incluir\u00e1 incentivos fiscais para patrocinadores de im\u00f3veis tombados. A medida prev\u00ea a concess\u00e3o de descontos no IPTU e no ISS para empresas e indiv\u00edduos que apoiarem financeiramente a preserva\u00e7\u00e3o e revitaliza\u00e7\u00e3o de patrim\u00f4nios hist\u00f3ricos da cidade. Esses incentivos ser\u00e3o formalizados por meio da expedi\u00e7\u00e3o de certificados emitidos pela Prefeitura.<\/p>\n<p>\u201cA preserva\u00e7\u00e3o do patrim\u00f4nio hist\u00f3rico \u00e9 uma responsabilidade compartilhada entre o poder p\u00fablico e a sociedade. Com essa regulamenta\u00e7\u00e3o, queremos incentivar a participa\u00e7\u00e3o de mais patrocinadores no cuidado com nossos bens tombados\u201d, explicou Duarte Nogueira.<\/p>\n<p>Moderniza\u00e7\u00e3o com respeito \u00e0 hist\u00f3ria<\/p>\n<p>As iniciativas anunciadas refletem o equil\u00edbrio entre moderniza\u00e7\u00e3o urbana e preserva\u00e7\u00e3o hist\u00f3rica. O prefeito ressaltou que as medidas buscam transformar Ribeir\u00e3o Preto em uma cidade que valoriza tanto suas ra\u00edzes quanto o futuro. \u201cEstamos investindo em projetos que unem inova\u00e7\u00e3o e respeito pela hist\u00f3ria. Nosso objetivo \u00e9 construir uma Ribeir\u00e3o Preto mais conectada, segura e com sua identidade cultural preservada\u201d, concluiu.<\/p>\n<\/div>\n<p><script async src=\"\/\/platform.twitter.com\/widgets.js\" charset=\"utf-8\"><\/script><br \/>\n<br \/><br \/>\n<br \/><a href=\"https:\/\/www.tribunaribeirao.com.br\/nogueira-anuncia-projetos-para-preservacao-do-patrimonio-historico-em-rp\/\">Source link <\/a><\/p>\n<div class='code-block code-block-4' style='margin: 8px auto 8px 0; text-align: left; display: block; clear: both;'>\n\ud83d\udce2 Aviso Legal\n\nO site ismaelcolosi.com.br atua apenas como um canal de divulga\u00e7\u00e3o de oportunidades de emprego e n\u00e3o se responsabiliza pelo processo seletivo, contrata\u00e7\u00e3o ou qualquer outra etapa relacionada \u00e0s vagas publicadas. Todas as informa\u00e7\u00f5es s\u00e3o de responsabilidade dos anunciantes.\n\n\u26a0\ufe0f Aten\u00e7\u00e3o! Nunca pague por promessas de emprego nem compre cursos que garantam contrata\u00e7\u00e3o. Desconfie de qualquer cobran\u00e7a para participar de sele\u00e7\u00f5es.\n\n\n\n<\/div>\n<!-- CONTENT END 1 -->\n","protected":false},"excerpt":{"rendered":"<p>30 de novembro de 20242 de dezembro de 202476 Compartilhar0 Na manh\u00e3 deste s\u00e1bado (30), o prefeito de Ribeir\u00e3o Preto, Duarte Nogueira, fez importantes an\u00fancios&#8230;<\/p>\n","protected":false},"author":1,"featured_media":78108,"comment_status":"open","ping_status":"open","sticky":false,"template":"","format":"standard","meta":{"_uag_custom_page_level_css":"","advanced_seo_description":"","jetpack_seo_html_title":"","jetpack_seo_noindex":false,"jetpack_post_was_ever_published":false,"_jetpack_newsletter_access":"","_jetpack_dont_email_post_to_subs":false,"_jetpack_newsletter_tier_id":0,"_jetpack_memberships_contains_paywalled_content":false,"_jetpack_memberships_contains_paid_content":false,"footnotes":"","jetpack_publicize_message":"","jetpack_publicize_feature_enabled":true,"jetpack_social_post_already_shared":true,"jetpack_social_options":{"image_generator_settings":{"template":"highway","default_image_id":0,"font":"","enabled":false},"version":2}},"categories":[11],"tags":[],"class_list":["post-78107","post","type-post","status-publish","format-standard","has-post-thumbnail","hentry","category-noticias-de-ribeirao-preto-sp-e-regiao-ismael-colosi"],"jetpack_publicize_connections":[],"jetpack_featured_media_url":"https:\/\/i0.wp.com\/ismaelcolosi.com.br\/wp-content\/uploads\/2024\/12\/928eee5d-9d83-42cc-8498-10d8f04f152a-scaled.jpeg?fit=752%2C500&ssl=1","uagb_featured_image_src":{"full":["https:\/\/i0.wp.com\/ismaelcolosi.com.br\/wp-content\/uploads\/2024\/12\/928eee5d-9d83-42cc-8498-10d8f04f152a-scaled.jpeg?fit=752%2C500&ssl=1",752,500,false],"thumbnail":["https:\/\/i0.wp.com\/ismaelcolosi.com.br\/wp-content\/uploads\/2024\/12\/928eee5d-9d83-42cc-8498-10d8f04f152a-scaled.jpeg?resize=150%2C150&ssl=1",150,150,true],"medium":["https:\/\/i0.wp.com\/ismaelcolosi.com.br\/wp-content\/uploads\/2024\/12\/928eee5d-9d83-42cc-8498-10d8f04f152a-scaled.jpeg?fit=300%2C199&ssl=1",300,199,true],"medium_large":["https:\/\/i0.wp.com\/ismaelcolosi.com.br\/wp-content\/uploads\/2024\/12\/928eee5d-9d83-42cc-8498-10d8f04f152a-scaled.jpeg?fit=752%2C500&ssl=1",752,500,true],"large":["https:\/\/i0.wp.com\/ismaelcolosi.com.br\/wp-content\/uploads\/2024\/12\/928eee5d-9d83-42cc-8498-10d8f04f152a-scaled.jpeg?fit=752%2C500&ssl=1",752,500,true],"1536x1536":["https:\/\/i0.wp.com\/ismaelcolosi.com.br\/wp-content\/uploads\/2024\/12\/928eee5d-9d83-42cc-8498-10d8f04f152a-scaled.jpeg?fit=752%2C500&ssl=1",752,500,true],"2048x2048":["https:\/\/i0.wp.com\/ismaelcolosi.com.br\/wp-content\/uploads\/2024\/12\/928eee5d-9d83-42cc-8498-10d8f04f152a-scaled.jpeg?fit=752%2C500&ssl=1",752,500,true],"really-simple-thumb":["https:\/\/i0.wp.com\/ismaelcolosi.com.br\/wp-content\/uploads\/2024\/12\/928eee5d-9d83-42cc-8498-10d8f04f152a-scaled.jpeg?resize=370%2C247&ssl=1",370,247,true]},"uagb_author_info":{"display_name":"ismaelcolosi.com.br","author_link":"https:\/\/ismaelcolosi.com.br\/index.php\/author\/vidareal-online\/"},"uagb_comment_info":0,"uagb_excerpt":"30 de novembro de 20242 de dezembro de 202476 Compartilhar0 Na manh\u00e3 deste s\u00e1bado (30), o prefeito de Ribeir\u00e3o Preto, Duarte Nogueira, fez importantes an\u00fancios...","jetpack-related-posts":[],"jetpack_sharing_enabled":true,"jetpack_shortlink":"https:\/\/wp.me\/pfMlyK-kjN","_links":{"self":[{"href":"https:\/\/ismaelcolosi.com.br\/index.php\/wp-json\/wp\/v2\/posts\/78107","targetHints":{"allow":["GET"]}}],"collection":[{"href":"https:\/\/ismaelcolosi.com.br\/index.php\/wp-json\/wp\/v2\/posts"}],"about":[{"href":"https:\/\/ismaelcolosi.com.br\/index.php\/wp-json\/wp\/v2\/types\/post"}],"author":[{"embeddable":true,"href":"https:\/\/ismaelcolosi.com.br\/index.php\/wp-json\/wp\/v2\/users\/1"}],"replies":[{"embeddable":true,"href":"https:\/\/ismaelcolosi.com.br\/index.php\/wp-json\/wp\/v2\/comments?post=78107"}],"version-history":[{"count":0,"href":"https:\/\/ismaelcolosi.com.br\/index.php\/wp-json\/wp\/v2\/posts\/78107\/revisions"}],"wp:featuredmedia":[{"embeddable":true,"href":"https:\/\/ismaelcolosi.com.br\/index.php\/wp-json\/wp\/v2\/media\/78108"}],"wp:attachment":[{"href":"https:\/\/ismaelcolosi.com.br\/index.php\/wp-json\/wp\/v2\/media?parent=78107"}],"wp:term":[{"taxonomy":"category","embeddable":true,"href":"https:\/\/ismaelcolosi.com.br\/index.php\/wp-json\/wp\/v2\/categories?post=78107"},{"taxonomy":"post_tag","embeddable":true,"href":"https:\/\/ismaelcolosi.com.br\/index.php\/wp-json\/wp\/v2\/tags?post=78107"}],"curies":[{"name":"wp","href":"https:\/\/api.w.org\/{rel}","templated":true}]}}