{"id":78105,"date":"2024-12-02T11:46:29","date_gmt":"2024-12-02T14:46:29","guid":{"rendered":"https:\/\/ismaelcolosi.com.br\/index.php\/2024\/12\/02\/homem-e-preso-por-feminicidio-na-regiao\/"},"modified":"2024-12-02T11:46:29","modified_gmt":"2024-12-02T14:46:29","slug":"homem-e-preso-por-feminicidio-na-regiao","status":"publish","type":"post","link":"https:\/\/ismaelcolosi.com.br\/index.php\/2024\/12\/02\/homem-e-preso-por-feminicidio-na-regiao\/","title":{"rendered":"Homem \u00e9 preso por feminic\u00eddio na regi\u00e3o"},"content":{"rendered":"<p> <br \/>\n<\/p>\n<div>\n<p>Por: Adalberto Luque<\/p>\n<p>Um homem de 46 anos foi preso, na noite de sexta-feira (29), suspeito de atropelar propositalmente sua ex-companheira, de 27 anos. O crime, registrado como feminic\u00eddio, ocorreu no cruzamento das ruas Em\u00edlia Marcondes com Paulo Balbu\u00edno Cintra Mendes, no Jardim Paulistano, em Franca, a 80 km de Ribeir\u00e3o Preto.<\/p>\n<p>Imagens de c\u00e2meras de seguran\u00e7a registraram o atropelamento. Amanda Farias de Ara\u00fajo atravessava a rua e j\u00e1 havia chegado \u00e0 cal\u00e7ada do lado oposto quando foi atropelada. O carro conduzido por James Cristhian dos Reis chegou a derrubar uma \u00e1rvore.<\/p>\n<p>Ele desceu e ficou apenas olhando, enquanto populares, desesperados, tentavam ajudar a v\u00edtima, que estava ca\u00edda no meio da rua. Uma viatura de resgate chegou a ser acionada, mas Amanda morreu a caminho do hospital.<\/p>\n<p>Antes da chegada da viatura, todavia, Reis teria aproveitado a mobiliza\u00e7\u00e3o de pessoas para ajudar \u00e0 v\u00edtima e fugiu do local. Foi preso horas depois quando tentava roubar um carro para fugir. Ele teria amea\u00e7ado o condutor dizendo que havia acabado de matar a pr\u00f3pria mulher e queria as chaves do carro para fugir.<\/p>\n<p>Na viatura, ele admitiu que matou a mulher por ter descoberto que ela, supostamente, se relacionava com outra pessoa. O casal j\u00e1 teve registros de desentendimentos em outras ocasi\u00f5es. Testemunhas disseram que ele tamb\u00e9m a teria amea\u00e7ado com um fac\u00e3o.<\/p>\n<p>O homem foi conduzido para a Central de Pol\u00edcia Judici\u00e1ria (CPJ) de Franca, onde foi preso em flagrante. Encaminhado para uma unidade prisional, permanece \u00e0 disposi\u00e7\u00e3o da Justi\u00e7a. N\u00e3o foi informado se ele j\u00e1 constituiu advogado.<\/p>\n<\/div>\n<p><br \/>\n<br \/><a href=\"https:\/\/www.tribunaribeirao.com.br\/homem-e-preso-por-feminicidio-na-regiao-2\/\">Source link <\/a><\/p>\n<div class='code-block code-block-4' style='margin: 8px auto 8px 0; text-align: left; display: block; clear: both;'>\n\ud83d\udce2 Aviso Legal\n\nO site ismaelcolosi.com.br atua apenas como um canal de divulga\u00e7\u00e3o de oportunidades de emprego e n\u00e3o se responsabiliza pelo processo seletivo, contrata\u00e7\u00e3o ou qualquer outra etapa relacionada \u00e0s vagas publicadas. Todas as informa\u00e7\u00f5es s\u00e3o de responsabilidade dos anunciantes.\n\n\u26a0\ufe0f Aten\u00e7\u00e3o! Nunca pague por promessas de emprego nem compre cursos que garantam contrata\u00e7\u00e3o. Desconfie de qualquer cobran\u00e7a para participar de sele\u00e7\u00f5es.\n\n\n\n<\/div>\n<!-- CONTENT END 1 -->\n","protected":false},"excerpt":{"rendered":"<p>Por: Adalberto Luque Um homem de 46 anos foi preso, na noite de sexta-feira (29), suspeito de atropelar propositalmente sua ex-companheira, de 27 anos. O&#8230;<\/p>\n","protected":false},"author":1,"featured_media":78106,"comment_status":"open","ping_status":"open","sticky":false,"template":"","format":"standard","meta":{"_uag_custom_page_level_css":"","advanced_seo_description":"","jetpack_seo_html_title":"","jetpack_seo_noindex":false,"jetpack_post_was_ever_published":false,"_jetpack_newsletter_access":"","_jetpack_dont_email_post_to_subs":false,"_jetpack_newsletter_tier_id":0,"_jetpack_memberships_contains_paywalled_content":false,"_jetpack_memberships_contains_paid_content":false,"footnotes":"","jetpack_publicize_message":"","jetpack_publicize_feature_enabled":true,"jetpack_social_post_already_shared":true,"jetpack_social_options":{"image_generator_settings":{"template":"highway","default_image_id":0,"font":"","enabled":false},"version":2}},"categories":[11],"tags":[],"class_list":["post-78105","post","type-post","status-publish","format-standard","has-post-thumbnail","hentry","category-noticias-de-ribeirao-preto-sp-e-regiao-ismael-colosi"],"jetpack_publicize_connections":[],"jetpack_featured_media_url":"https:\/\/i0.wp.com\/ismaelcolosi.com.br\/wp-content\/uploads\/2024\/12\/02dez2024-feminicidiofranca2-scaled.jpg?fit=716%2C500&ssl=1","uagb_featured_image_src":{"full":["https:\/\/i0.wp.com\/ismaelcolosi.com.br\/wp-content\/uploads\/2024\/12\/02dez2024-feminicidiofranca2-scaled.jpg?fit=716%2C500&ssl=1",716,500,false],"thumbnail":["https:\/\/i0.wp.com\/ismaelcolosi.com.br\/wp-content\/uploads\/2024\/12\/02dez2024-feminicidiofranca2-scaled.jpg?resize=150%2C150&ssl=1",150,150,true],"medium":["https:\/\/i0.wp.com\/ismaelcolosi.com.br\/wp-content\/uploads\/2024\/12\/02dez2024-feminicidiofranca2-scaled.jpg?fit=300%2C209&ssl=1",300,209,true],"medium_large":["https:\/\/i0.wp.com\/ismaelcolosi.com.br\/wp-content\/uploads\/2024\/12\/02dez2024-feminicidiofranca2-scaled.jpg?fit=716%2C500&ssl=1",716,500,true],"large":["https:\/\/i0.wp.com\/ismaelcolosi.com.br\/wp-content\/uploads\/2024\/12\/02dez2024-feminicidiofranca2-scaled.jpg?fit=716%2C500&ssl=1",716,500,true],"1536x1536":["https:\/\/i0.wp.com\/ismaelcolosi.com.br\/wp-content\/uploads\/2024\/12\/02dez2024-feminicidiofranca2-scaled.jpg?fit=716%2C500&ssl=1",716,500,true],"2048x2048":["https:\/\/i0.wp.com\/ismaelcolosi.com.br\/wp-content\/uploads\/2024\/12\/02dez2024-feminicidiofranca2-scaled.jpg?fit=716%2C500&ssl=1",716,500,true],"really-simple-thumb":["https:\/\/i0.wp.com\/ismaelcolosi.com.br\/wp-content\/uploads\/2024\/12\/02dez2024-feminicidiofranca2-scaled.jpg?resize=370%2C247&ssl=1",370,247,true]},"uagb_author_info":{"display_name":"ismaelcolosi.com.br","author_link":"https:\/\/ismaelcolosi.com.br\/index.php\/author\/vidareal-online\/"},"uagb_comment_info":0,"uagb_excerpt":"Por: Adalberto Luque Um homem de 46 anos foi preso, na noite de sexta-feira (29), suspeito de atropelar propositalmente sua ex-companheira, de 27 anos. O...","jetpack-related-posts":[{"id":857,"url":"https:\/\/ismaelcolosi.com.br\/index.php\/2023\/11\/09\/homem-e-preso-por-tentativa-de-feminicidio-em-rp\/","url_meta":{"origin":78105,"position":0},"title":"Homem \u00e9 preso por tentativa de feminic\u00eddio em RP","author":"ismaelcolosi.com.br","date":"9 de November de 2023","format":false,"excerpt":"9 de novembro de 2023 | 12:07 0Foi preso na noite desta quarta- feira (8) um homem por tentativa de feminic\u00eddio em Ribeir\u00e3o Preto. O caso aconteceu no Jardim Cristo Redentor, na zona norte da cidade. Ele tentou matar sua pr\u00f3pria companheira e e explodir a casa da fam\u00edlia.Segundo o\u2026","rel":"","context":"In &quot;Not\u00edcias de Ribeir\u00e3o Preto-SP e Regi\u00e3o&quot;","block_context":{"text":"Not\u00edcias de Ribeir\u00e3o Preto-SP e Regi\u00e3o","link":"https:\/\/ismaelcolosi.com.br\/index.php\/category\/noticias-de-ribeirao-preto-sp-e-regiao-ismael-colosi\/"},"img":{"alt_text":"","src":"https:\/\/i0.wp.com\/ismaelcolosi.com.br\/wp-content\/uploads\/2023\/11\/policia-civil.jpg?fit=968%2C645&ssl=1&resize=350%2C200","width":350,"height":200,"srcset":"https:\/\/i0.wp.com\/ismaelcolosi.com.br\/wp-content\/uploads\/2023\/11\/policia-civil.jpg?fit=968%2C645&ssl=1&resize=350%2C200 1x, https:\/\/i0.wp.com\/ismaelcolosi.com.br\/wp-content\/uploads\/2023\/11\/policia-civil.jpg?fit=968%2C645&ssl=1&resize=525%2C300 1.5x, https:\/\/i0.wp.com\/ismaelcolosi.com.br\/wp-content\/uploads\/2023\/11\/policia-civil.jpg?fit=968%2C645&ssl=1&resize=700%2C400 2x"},"classes":[]},{"id":74060,"url":"https:\/\/ismaelcolosi.com.br\/index.php\/2024\/10\/29\/engenheiro-e-indiciado-por-tentativa-de-feminicidio-tentativa-de-homicidio-estupro-e-violencia-psicologica\/","url_meta":{"origin":78105,"position":1},"title":"Engenheiro \u00e9 indiciado por tentativa de feminic\u00eddio, tentativa de homic\u00eddio, estupro e viol\u00eancia psicol\u00f3gica","author":"ismaelcolosi.com.br","date":"29 de October de 2024","format":false,"excerpt":"A delegada Juliana da Silva Paiva, da Delegacia de Defesa da Mulher (DDM) de Franca, informou que vai indiciar o engenheiro Lu\u00eds Fernando Moreira Bentivoglio Silveira pelos crimes de tentativa de feminic\u00eddio, estupro e viol\u00eancia psicol\u00f3gica contra a mulher, al\u00e9m de tentativa de homic\u00eddio contra a ex-sogra e contra sua\u2026","rel":"","context":"In &quot;Not\u00edcias de Ribeir\u00e3o Preto-SP e Regi\u00e3o&quot;","block_context":{"text":"Not\u00edcias de Ribeir\u00e3o Preto-SP e Regi\u00e3o","link":"https:\/\/ismaelcolosi.com.br\/index.php\/category\/noticias-de-ribeirao-preto-sp-e-regiao-ismael-colosi\/"},"img":{"alt_text":"","src":"https:\/\/i0.wp.com\/ismaelcolosi.com.br\/wp-content\/uploads\/2024\/10\/28out2024luizfernandosilveira-scaled.jpg?fit=750%2C500&ssl=1&resize=350%2C200","width":350,"height":200,"srcset":"https:\/\/i0.wp.com\/ismaelcolosi.com.br\/wp-content\/uploads\/2024\/10\/28out2024luizfernandosilveira-scaled.jpg?fit=750%2C500&ssl=1&resize=350%2C200 1x, https:\/\/i0.wp.com\/ismaelcolosi.com.br\/wp-content\/uploads\/2024\/10\/28out2024luizfernandosilveira-scaled.jpg?fit=750%2C500&ssl=1&resize=525%2C300 1.5x, https:\/\/i0.wp.com\/ismaelcolosi.com.br\/wp-content\/uploads\/2024\/10\/28out2024luizfernandosilveira-scaled.jpg?fit=750%2C500&ssl=1&resize=700%2C400 2x"},"classes":[]},{"id":48340,"url":"https:\/\/ismaelcolosi.com.br\/index.php\/2024\/05\/02\/homem-e-preso-acusado-de-matar-esposa-apos-ela-recusar-fazer-almoco-na-regiao-de-ribeirao\/","url_meta":{"origin":78105,"position":2},"title":"Homem \u00e9 preso acusado de matar esposa ap\u00f3s ela recusar fazer almo\u00e7o na regi\u00e3o de Ribeir\u00e3o","author":"ismaelcolosi.com.br","date":"2 de May de 2024","format":false,"excerpt":"Um homem de 53 anos foi preso suspeito de matar a esposa com uma garrucha nesta quarta-feira (1\u00ba), em um s\u00edtio de Santo Ant\u00f4nio da Alegria, cidade a aproximadamente 90 quil\u00f4metros de Ribeir\u00e3o Preto. Segundo o boletim de ocorr\u00eancia (BO), a v\u00edtima, identificada como Clarice Marciano da Silva, de 50\u2026","rel":"","context":"In &quot;Not\u00edcias de Ribeir\u00e3o Preto-SP e Regi\u00e3o&quot;","block_context":{"text":"Not\u00edcias de Ribeir\u00e3o Preto-SP e Regi\u00e3o","link":"https:\/\/ismaelcolosi.com.br\/index.php\/category\/noticias-de-ribeirao-preto-sp-e-regiao-ismael-colosi\/"},"img":{"alt_text":"","src":"https:\/\/i0.wp.com\/ismaelcolosi.com.br\/wp-content\/uploads\/2024\/05\/WhatsApp-Image-2024-05-02-at-11.51.13_2024-05-02_15-02-15_jpeg_2024-05-02_15-02-15.webp.webp?fit=1200%2C675&ssl=1&resize=350%2C200","width":350,"height":200,"srcset":"https:\/\/i0.wp.com\/ismaelcolosi.com.br\/wp-content\/uploads\/2024\/05\/WhatsApp-Image-2024-05-02-at-11.51.13_2024-05-02_15-02-15_jpeg_2024-05-02_15-02-15.webp.webp?fit=1200%2C675&ssl=1&resize=350%2C200 1x, https:\/\/i0.wp.com\/ismaelcolosi.com.br\/wp-content\/uploads\/2024\/05\/WhatsApp-Image-2024-05-02-at-11.51.13_2024-05-02_15-02-15_jpeg_2024-05-02_15-02-15.webp.webp?fit=1200%2C675&ssl=1&resize=525%2C300 1.5x, https:\/\/i0.wp.com\/ismaelcolosi.com.br\/wp-content\/uploads\/2024\/05\/WhatsApp-Image-2024-05-02-at-11.51.13_2024-05-02_15-02-15_jpeg_2024-05-02_15-02-15.webp.webp?fit=1200%2C675&ssl=1&resize=700%2C400 2x, https:\/\/i0.wp.com\/ismaelcolosi.com.br\/wp-content\/uploads\/2024\/05\/WhatsApp-Image-2024-05-02-at-11.51.13_2024-05-02_15-02-15_jpeg_2024-05-02_15-02-15.webp.webp?fit=1200%2C675&ssl=1&resize=1050%2C600 3x"},"classes":[]},{"id":50587,"url":"https:\/\/ismaelcolosi.com.br\/index.php\/2024\/05\/17\/preso-homem-foragido-ha-dois-anos-apos-matar-namorada-em-ribeirao-preto\/","url_meta":{"origin":78105,"position":3},"title":"Preso homem foragido h\u00e1 dois anos ap\u00f3s matar namorada em Ribeir\u00e3o Preto","author":"ismaelcolosi.com.br","date":"17 de May de 2024","format":false,"excerpt":"A Pol\u00edcia de Minas Gerais prendeu o homem acusado de matar a namorada com uma facada no pesco\u00e7o, em outubro de 2022, no Centro de Ribeir\u00e3o Preto. A pris\u00e3o de Gabriel Francisco Barbosa, ocorreu no dia 7 de maio em Uberl\u00e2ndia. O homem estava foragido h\u00e1 dois anos, desde que\u2026","rel":"","context":"In &quot;Not\u00edcias de Ribeir\u00e3o Preto-SP e Regi\u00e3o&quot;","block_context":{"text":"Not\u00edcias de Ribeir\u00e3o Preto-SP e Regi\u00e3o","link":"https:\/\/ismaelcolosi.com.br\/index.php\/category\/noticias-de-ribeirao-preto-sp-e-regiao-ismael-colosi\/"},"img":{"alt_text":"","src":"https:\/\/i0.wp.com\/ismaelcolosi.com.br\/wp-content\/uploads\/2024\/05\/AnyConv.com__Copia-de-Copia-de-TAMANHO-EXATO-PARA-FOTOS-NO-SISTEMA-NOVO-13_2024-05-17_15-59-23.webp.webp?fit=1200%2C675&ssl=1&resize=350%2C200","width":350,"height":200,"srcset":"https:\/\/i0.wp.com\/ismaelcolosi.com.br\/wp-content\/uploads\/2024\/05\/AnyConv.com__Copia-de-Copia-de-TAMANHO-EXATO-PARA-FOTOS-NO-SISTEMA-NOVO-13_2024-05-17_15-59-23.webp.webp?fit=1200%2C675&ssl=1&resize=350%2C200 1x, https:\/\/i0.wp.com\/ismaelcolosi.com.br\/wp-content\/uploads\/2024\/05\/AnyConv.com__Copia-de-Copia-de-TAMANHO-EXATO-PARA-FOTOS-NO-SISTEMA-NOVO-13_2024-05-17_15-59-23.webp.webp?fit=1200%2C675&ssl=1&resize=525%2C300 1.5x, https:\/\/i0.wp.com\/ismaelcolosi.com.br\/wp-content\/uploads\/2024\/05\/AnyConv.com__Copia-de-Copia-de-TAMANHO-EXATO-PARA-FOTOS-NO-SISTEMA-NOVO-13_2024-05-17_15-59-23.webp.webp?fit=1200%2C675&ssl=1&resize=700%2C400 2x, https:\/\/i0.wp.com\/ismaelcolosi.com.br\/wp-content\/uploads\/2024\/05\/AnyConv.com__Copia-de-Copia-de-TAMANHO-EXATO-PARA-FOTOS-NO-SISTEMA-NOVO-13_2024-05-17_15-59-23.webp.webp?fit=1200%2C675&ssl=1&resize=1050%2C600 3x"},"classes":[]},{"id":67003,"url":"https:\/\/ismaelcolosi.com.br\/index.php\/2024\/09\/20\/gravida-sofre-tentativa-de-feminicidio-na-zona-norte-de-ribeirao-preto\/","url_meta":{"origin":78105,"position":4},"title":"Gr\u00e1vida sofre tentativa de feminic\u00eddio na zona Norte de Ribeir\u00e3o Preto","author":"ismaelcolosi.com.br","date":"20 de September de 2024","format":false,"excerpt":"Uma mulher de 39 anos, que est\u00e1 gr\u00e1vida de dois meses, foi alvo de disparos de arma de fogo na madrugada desta sexta-feira (20), no bairro Avelino Alves Palma, zona Norte de Ribeir\u00e3o Preto. O companheiro dela, de 31 anos, foi preso suspeito de tentativa de feminic\u00eddio. Segundo o boletim\u2026","rel":"","context":"In &quot;Not\u00edcias de Ribeir\u00e3o Preto-SP e Regi\u00e3o&quot;","block_context":{"text":"Not\u00edcias de Ribeir\u00e3o Preto-SP e Regi\u00e3o","link":"https:\/\/ismaelcolosi.com.br\/index.php\/category\/noticias-de-ribeirao-preto-sp-e-regiao-ismael-colosi\/"},"img":{"alt_text":"","src":"https:\/\/i0.wp.com\/ismaelcolosi.com.br\/wp-content\/uploads\/2024\/09\/TENTA-FEMINICIDIO_2024-09-20_14-11-24_jpg_2024-09-20_14-11-24.webp.webp?fit=1200%2C733&ssl=1&resize=350%2C200","width":350,"height":200,"srcset":"https:\/\/i0.wp.com\/ismaelcolosi.com.br\/wp-content\/uploads\/2024\/09\/TENTA-FEMINICIDIO_2024-09-20_14-11-24_jpg_2024-09-20_14-11-24.webp.webp?fit=1200%2C733&ssl=1&resize=350%2C200 1x, https:\/\/i0.wp.com\/ismaelcolosi.com.br\/wp-content\/uploads\/2024\/09\/TENTA-FEMINICIDIO_2024-09-20_14-11-24_jpg_2024-09-20_14-11-24.webp.webp?fit=1200%2C733&ssl=1&resize=525%2C300 1.5x, https:\/\/i0.wp.com\/ismaelcolosi.com.br\/wp-content\/uploads\/2024\/09\/TENTA-FEMINICIDIO_2024-09-20_14-11-24_jpg_2024-09-20_14-11-24.webp.webp?fit=1200%2C733&ssl=1&resize=700%2C400 2x, https:\/\/i0.wp.com\/ismaelcolosi.com.br\/wp-content\/uploads\/2024\/09\/TENTA-FEMINICIDIO_2024-09-20_14-11-24_jpg_2024-09-20_14-11-24.webp.webp?fit=1200%2C733&ssl=1&resize=1050%2C600 3x"},"classes":[]},{"id":53451,"url":"https:\/\/ismaelcolosi.com.br\/index.php\/2024\/06\/17\/jovem-de-19-anos-e-atropelada-e-agredida-em-ribeirao-preto-suspeito-foge\/","url_meta":{"origin":78105,"position":5},"title":"Jovem de 19 anos \u00e9 atropelada e agredida em Ribeir\u00e3o Preto; Suspeito foge","author":"ismaelcolosi.com.br","date":"17 de June de 2024","format":false,"excerpt":"Uma jovem de 19 anos foi atropelada por uma moto e agredida neste domingo (17), na avenidfa Casper L\u00edbero, no Parque Ribeir\u00e3o, zona Oeste de Ribeir\u00e3o Preto. A v\u00edtima foi socorrida por populares e identificou um suspeito, que seria um homem de 25 anos. Ele fugiu do local. Segundo o\u2026","rel":"","context":"In &quot;Not\u00edcias de Ribeir\u00e3o Preto-SP e Regi\u00e3o&quot;","block_context":{"text":"Not\u00edcias de Ribeir\u00e3o Preto-SP e Regi\u00e3o","link":"https:\/\/ismaelcolosi.com.br\/index.php\/category\/noticias-de-ribeirao-preto-sp-e-regiao-ismael-colosi\/"},"img":{"alt_text":"","src":"https:\/\/i0.wp.com\/ismaelcolosi.com.br\/wp-content\/uploads\/2024\/06\/20220620_114539075_policia_qru_1024x576_25052021184749_jpg_715985292.jpg?fit=1200%2C606&ssl=1&resize=350%2C200","width":350,"height":200,"srcset":"https:\/\/i0.wp.com\/ismaelcolosi.com.br\/wp-content\/uploads\/2024\/06\/20220620_114539075_policia_qru_1024x576_25052021184749_jpg_715985292.jpg?fit=1200%2C606&ssl=1&resize=350%2C200 1x, https:\/\/i0.wp.com\/ismaelcolosi.com.br\/wp-content\/uploads\/2024\/06\/20220620_114539075_policia_qru_1024x576_25052021184749_jpg_715985292.jpg?fit=1200%2C606&ssl=1&resize=525%2C300 1.5x, https:\/\/i0.wp.com\/ismaelcolosi.com.br\/wp-content\/uploads\/2024\/06\/20220620_114539075_policia_qru_1024x576_25052021184749_jpg_715985292.jpg?fit=1200%2C606&ssl=1&resize=700%2C400 2x, https:\/\/i0.wp.com\/ismaelcolosi.com.br\/wp-content\/uploads\/2024\/06\/20220620_114539075_policia_qru_1024x576_25052021184749_jpg_715985292.jpg?fit=1200%2C606&ssl=1&resize=1050%2C600 3x"},"classes":[]}],"jetpack_sharing_enabled":true,"jetpack_shortlink":"https:\/\/wp.me\/pfMlyK-kjL","_links":{"self":[{"href":"https:\/\/ismaelcolosi.com.br\/index.php\/wp-json\/wp\/v2\/posts\/78105","targetHints":{"allow":["GET"]}}],"collection":[{"href":"https:\/\/ismaelcolosi.com.br\/index.php\/wp-json\/wp\/v2\/posts"}],"about":[{"href":"https:\/\/ismaelcolosi.com.br\/index.php\/wp-json\/wp\/v2\/types\/post"}],"author":[{"embeddable":true,"href":"https:\/\/ismaelcolosi.com.br\/index.php\/wp-json\/wp\/v2\/users\/1"}],"replies":[{"embeddable":true,"href":"https:\/\/ismaelcolosi.com.br\/index.php\/wp-json\/wp\/v2\/comments?post=78105"}],"version-history":[{"count":0,"href":"https:\/\/ismaelcolosi.com.br\/index.php\/wp-json\/wp\/v2\/posts\/78105\/revisions"}],"wp:featuredmedia":[{"embeddable":true,"href":"https:\/\/ismaelcolosi.com.br\/index.php\/wp-json\/wp\/v2\/media\/78106"}],"wp:attachment":[{"href":"https:\/\/ismaelcolosi.com.br\/index.php\/wp-json\/wp\/v2\/media?parent=78105"}],"wp:term":[{"taxonomy":"category","embeddable":true,"href":"https:\/\/ismaelcolosi.com.br\/index.php\/wp-json\/wp\/v2\/categories?post=78105"},{"taxonomy":"post_tag","embeddable":true,"href":"https:\/\/ismaelcolosi.com.br\/index.php\/wp-json\/wp\/v2\/tags?post=78105"}],"curies":[{"name":"wp","href":"https:\/\/api.w.org\/{rel}","templated":true}]}}