{"id":78103,"date":"2024-12-02T11:33:23","date_gmt":"2024-12-02T14:33:23","guid":{"rendered":"https:\/\/ismaelcolosi.com.br\/index.php\/2024\/12\/02\/ricardo-silva-anuncia-os-quatro-primeiros-secretarios\/"},"modified":"2024-12-02T11:33:23","modified_gmt":"2024-12-02T14:33:23","slug":"ricardo-silva-anuncia-os-quatro-primeiros-secretarios","status":"publish","type":"post","link":"https:\/\/ismaelcolosi.com.br\/index.php\/2024\/12\/02\/ricardo-silva-anuncia-os-quatro-primeiros-secretarios\/","title":{"rendered":"Ricardo Silva anuncia os quatro primeiros secret\u00e1rios"},"content":{"rendered":"<p> <br \/>\n<\/p>\n<div>\n<figure id=\"attachment_411248\" aria-describedby=\"caption-attachment-411248\" style=\"width: 300px\" class=\"wp-caption aligncenter\"><img data-recalc-dims=\"1\" loading=\"lazy\" decoding=\"async\" class=\"size-medium wp-image-411248 lazyload\" src=\"https:\/\/i0.wp.com\/www.tribunaribeirao.com.br\/wp-content\/uploads\/2024\/12\/geralsecretario-300x200.jpg?resize=300%2C200&#038;ssl=1\" alt=\"\" width=\"300\" height=\"200\" srcset=\"https:\/\/www.tribunaribeirao.com.br\/wp-content\/uploads\/2024\/12\/geralsecretario-300x200.jpg 300w, https:\/\/www.tribunaribeirao.com.br\/wp-content\/uploads\/2024\/12\/geralsecretario-768x512.jpg 768w, https:\/\/www.tribunaribeirao.com.br\/wp-content\/uploads\/2024\/12\/geralsecretario-480x320.jpg 480w, https:\/\/www.tribunaribeirao.com.br\/wp-content\/uploads\/2024\/12\/geralsecretario-280x186.jpg 280w, https:\/\/www.tribunaribeirao.com.br\/wp-content\/uploads\/2024\/12\/geralsecretario-600x400.jpg 600w, https:\/\/www.tribunaribeirao.com.br\/wp-content\/uploads\/2024\/12\/geralsecretario-585x390.jpg 585w, https:\/\/www.tribunaribeirao.com.br\/wp-content\/uploads\/2024\/12\/geralsecretario.jpg 750w\" data-sizes=\"auto, (max-width: 300px) 100vw, 300px\" style=\"--smush-placeholder-width: 300px; --smush-placeholder-aspect-ratio: 300\/200;\"\/><img data-recalc-dims=\"1\" loading=\"lazy\" decoding=\"async\" class=\"size-medium wp-image-411248\" src=\"https:\/\/i0.wp.com\/www.tribunaribeirao.com.br\/wp-content\/uploads\/2024\/12\/geralsecretario-300x200.jpg?resize=300%2C200&#038;ssl=1\" alt=\"\" width=\"300\" height=\"200\" srcset=\"https:\/\/www.tribunaribeirao.com.br\/wp-content\/uploads\/2024\/12\/geralsecretario-300x200.jpg 300w, https:\/\/www.tribunaribeirao.com.br\/wp-content\/uploads\/2024\/12\/geralsecretario-768x512.jpg 768w, https:\/\/www.tribunaribeirao.com.br\/wp-content\/uploads\/2024\/12\/geralsecretario-480x320.jpg 480w, https:\/\/www.tribunaribeirao.com.br\/wp-content\/uploads\/2024\/12\/geralsecretario-280x186.jpg 280w, https:\/\/www.tribunaribeirao.com.br\/wp-content\/uploads\/2024\/12\/geralsecretario-600x400.jpg 600w, https:\/\/www.tribunaribeirao.com.br\/wp-content\/uploads\/2024\/12\/geralsecretario-585x390.jpg 585w, https:\/\/www.tribunaribeirao.com.br\/wp-content\/uploads\/2024\/12\/geralsecretario.jpg 750w\" sizes=\"auto, (max-width: 300px) 100vw, 300px\"\/><figcaption id=\"caption-attachment-411248\" class=\"wp-caption-text\">An\u00fancio foi feito na manh\u00e3 desta segunda-feira<\/figcaption><\/figure>\n<p>O prefeito eleito Ricardo Silva (PSD) anunciou na manh\u00e3 desta segunda-feira, 2 de dezembro, os quatro primeiros nomes de seu secretariado que assumir\u00e3o os cargos, junto com ele, no dia 1\u00ba de janeiro.<\/p>\n<p>A Secretaria de Sa\u00fade ser\u00e1 comandada pelo m\u00e9dico Maur\u00edcio Godinho, atual coordenador administrativo da Unidade de Emerg\u00eancia do Hospital das Cl\u00ednicas de Ribeir\u00e3o Preto (HC\/RP). Graduado em Medicina pela Faculdade de Medicina de Jundia\u00ed, Godinho tamb\u00e9m ocupou o cargo de supervisor do Programa de Resid\u00eancia M\u00e9dica em Cirurgia do Trauma do HC\/RP.<\/p>\n<p>A Secretaria da Justi\u00e7a ser\u00e1 comandada pelo juiz federal aposentado Augusto Martinez Perez que \u00e9 o coordenador do gabinete de transi\u00e7\u00e3o do governo de Ricardo Silva. Antes de ser juiz federal, o magistrado tamb\u00e9m atuou como procurador, de 1984 a 1986, e promotor, de 1986 a 1995, quando assumiu a titularidade plena da 2\u00aa Vara Federal de Ribeir\u00e3o Preto como juiz federal substituto. Em agosto daquele ano, Perez assumiu a titularidade plena da 4\u00aa Vara Federal do munic\u00edpio.<\/p>\n<p>A Secretaria de Infraestrutura ser\u00e1 comandada por Juliana Ogawa, diretora da Zeladoria Urbana da Prefeitura de S\u00e3o Paulo. Juliana \u00e9 formada em Direito e j\u00e1 foi chefe do Gabinete da Secretaria de Desenvolvimento Regional do Governo de S\u00e3o Paulo entre 2020 e 2023.<\/p>\n<p>Por fim, a Corregedoria Geral do Munic\u00edpio ter\u00e1 o comando do promotor de Justi\u00e7a aposentado Luiz Henrique Pacini Costa. Ele \u00e9 formado pela Faculdade de Direito da Universidade de Ribeir\u00e3o Preto (Unaerp) e tem p\u00f3s-gradua\u00e7\u00e3o em Direito Penal e Processual Penal. Foi professor universit\u00e1rio e atuou nas promotorias de Batatais Colina, Bebedouro e Ribeir\u00e3o Preto.<\/p>\n<\/div>\n<p><br \/>\n<br \/><a href=\"https:\/\/www.tribunaribeirao.com.br\/ricardo-silva-anuncia-os-quatro-primeiros-secretarios\/\">Source link <\/a><\/p>\n<div class='code-block code-block-4' style='margin: 8px auto 8px 0; text-align: left; display: block; clear: both;'>\n\ud83d\udce2 Aviso Legal\n\nO site ismaelcolosi.com.br atua apenas como um canal de divulga\u00e7\u00e3o de oportunidades de emprego e n\u00e3o se responsabiliza pelo processo seletivo, contrata\u00e7\u00e3o ou qualquer outra etapa relacionada \u00e0s vagas publicadas. Todas as informa\u00e7\u00f5es s\u00e3o de responsabilidade dos anunciantes.\n\n\u26a0\ufe0f Aten\u00e7\u00e3o! Nunca pague por promessas de emprego nem compre cursos que garantam contrata\u00e7\u00e3o. Desconfie de qualquer cobran\u00e7a para participar de sele\u00e7\u00f5es.\n\n\n\n<\/div>\n<!-- CONTENT END 1 -->\n","protected":false},"excerpt":{"rendered":"<p>An\u00fancio foi feito na manh\u00e3 desta segunda-feira O prefeito eleito Ricardo Silva (PSD) anunciou na manh\u00e3 desta segunda-feira, 2 de dezembro, os quatro primeiros nomes&#8230;<\/p>\n","protected":false},"author":1,"featured_media":78104,"comment_status":"open","ping_status":"open","sticky":false,"template":"","format":"standard","meta":{"_uag_custom_page_level_css":"","advanced_seo_description":"","jetpack_seo_html_title":"","jetpack_seo_noindex":false,"jetpack_post_was_ever_published":false,"_jetpack_newsletter_access":"","_jetpack_dont_email_post_to_subs":false,"_jetpack_newsletter_tier_id":0,"_jetpack_memberships_contains_paywalled_content":false,"_jetpack_memberships_contains_paid_content":false,"footnotes":"","jetpack_publicize_message":"","jetpack_publicize_feature_enabled":true,"jetpack_social_post_already_shared":true,"jetpack_social_options":{"image_generator_settings":{"template":"highway","default_image_id":0,"font":"","enabled":false},"version":2}},"categories":[11],"tags":[],"class_list":["post-78103","post","type-post","status-publish","format-standard","has-post-thumbnail","hentry","category-noticias-de-ribeirao-preto-sp-e-regiao-ismael-colosi"],"jetpack_publicize_connections":[],"jetpack_featured_media_url":"https:\/\/i0.wp.com\/ismaelcolosi.com.br\/wp-content\/uploads\/2024\/12\/ricardo_silva1.jpg?fit=750%2C500&ssl=1","uagb_featured_image_src":{"full":["https:\/\/i0.wp.com\/ismaelcolosi.com.br\/wp-content\/uploads\/2024\/12\/ricardo_silva1.jpg?fit=750%2C500&ssl=1",750,500,false],"thumbnail":["https:\/\/i0.wp.com\/ismaelcolosi.com.br\/wp-content\/uploads\/2024\/12\/ricardo_silva1.jpg?resize=150%2C150&ssl=1",150,150,true],"medium":["https:\/\/i0.wp.com\/ismaelcolosi.com.br\/wp-content\/uploads\/2024\/12\/ricardo_silva1.jpg?fit=300%2C200&ssl=1",300,200,true],"medium_large":["https:\/\/i0.wp.com\/ismaelcolosi.com.br\/wp-content\/uploads\/2024\/12\/ricardo_silva1.jpg?fit=750%2C500&ssl=1",750,500,true],"large":["https:\/\/i0.wp.com\/ismaelcolosi.com.br\/wp-content\/uploads\/2024\/12\/ricardo_silva1.jpg?fit=750%2C500&ssl=1",750,500,true],"1536x1536":["https:\/\/i0.wp.com\/ismaelcolosi.com.br\/wp-content\/uploads\/2024\/12\/ricardo_silva1.jpg?fit=750%2C500&ssl=1",750,500,true],"2048x2048":["https:\/\/i0.wp.com\/ismaelcolosi.com.br\/wp-content\/uploads\/2024\/12\/ricardo_silva1.jpg?fit=750%2C500&ssl=1",750,500,true],"really-simple-thumb":["https:\/\/i0.wp.com\/ismaelcolosi.com.br\/wp-content\/uploads\/2024\/12\/ricardo_silva1.jpg?resize=370%2C247&ssl=1",370,247,true]},"uagb_author_info":{"display_name":"ismaelcolosi.com.br","author_link":"https:\/\/ismaelcolosi.com.br\/index.php\/author\/vidareal-online\/"},"uagb_comment_info":0,"uagb_excerpt":"An\u00fancio foi feito na manh\u00e3 desta segunda-feira O prefeito eleito Ricardo Silva (PSD) anunciou na manh\u00e3 desta segunda-feira, 2 de dezembro, os quatro primeiros nomes...","jetpack-related-posts":[{"id":78100,"url":"https:\/\/ismaelcolosi.com.br\/index.php\/2024\/12\/02\/ricardo-silva-anuncia-os-primeiros-secretarios-em-ribeirao-preto-confira\/","url_meta":{"origin":78103,"position":0},"title":"Ricardo Silva anuncia os primeiros secret\u00e1rios em Ribeir\u00e3o Preto; Confira","author":"ismaelcolosi.com.br","date":"2 de December de 2024","format":false,"excerpt":"O prefeito eleito de Ribeir\u00e3o Preto, Ricardo Silva (PSD), anunciou nesta segunda-feira (2), os primeiros secret\u00e1rios para gest\u00e3o que come\u00e7a no dia 1\u00ba de janeiro de 2025. J\u00e1 foram definidos os nomes das pastas da Sa\u00fade, Infraestrutura e Justi\u00e7a, al\u00e9m do novo corregedor-geral do Munic\u00edpio. A Secretaria da Sa\u00fade vai\u2026","rel":"","context":"In &quot;Not\u00edcias de Ribeir\u00e3o Preto-SP e Regi\u00e3o&quot;","block_context":{"text":"Not\u00edcias de Ribeir\u00e3o Preto-SP e Regi\u00e3o","link":"https:\/\/ismaelcolosi.com.br\/index.php\/category\/noticias-de-ribeirao-preto-sp-e-regiao-ismael-colosi\/"},"img":{"alt_text":"","src":"https:\/\/i0.wp.com\/ismaelcolosi.com.br\/wp-content\/uploads\/2024\/12\/secretarios_2024-12-02_13-07-50_jpeg_2024-12-02_13-07-50.webp.webp?fit=1200%2C675&ssl=1&resize=350%2C200","width":350,"height":200,"srcset":"https:\/\/i0.wp.com\/ismaelcolosi.com.br\/wp-content\/uploads\/2024\/12\/secretarios_2024-12-02_13-07-50_jpeg_2024-12-02_13-07-50.webp.webp?fit=1200%2C675&ssl=1&resize=350%2C200 1x, https:\/\/i0.wp.com\/ismaelcolosi.com.br\/wp-content\/uploads\/2024\/12\/secretarios_2024-12-02_13-07-50_jpeg_2024-12-02_13-07-50.webp.webp?fit=1200%2C675&ssl=1&resize=525%2C300 1.5x, https:\/\/i0.wp.com\/ismaelcolosi.com.br\/wp-content\/uploads\/2024\/12\/secretarios_2024-12-02_13-07-50_jpeg_2024-12-02_13-07-50.webp.webp?fit=1200%2C675&ssl=1&resize=700%2C400 2x, https:\/\/i0.wp.com\/ismaelcolosi.com.br\/wp-content\/uploads\/2024\/12\/secretarios_2024-12-02_13-07-50_jpeg_2024-12-02_13-07-50.webp.webp?fit=1200%2C675&ssl=1&resize=1050%2C600 3x"},"classes":[]},{"id":79073,"url":"https:\/\/ismaelcolosi.com.br\/index.php\/2024\/12\/12\/ricardo-silva-anuncia-novos-secretarios-e-diretores-para-2025-em-ribeirao-preto\/","url_meta":{"origin":78103,"position":1},"title":"Ricardo Silva Anuncia Novos Secret\u00e1rios e Diretores para 2025 em Ribeir\u00e3o Preto","author":"ismaelcolosi.com.br","date":"12 de December de 2024","format":false,"excerpt":"O prefeito eleito de Ribeir\u00e3o Preto, Ricardo Silva (PSD), divulgou nesta quinta-feira (12) os nomes que compor\u00e3o seu secretariado e equipe de diretores municipais a partir de janeiro de 2025. A nova equipe mescla profissionais com trajet\u00f3ria t\u00e9cnica e pol\u00edtica, refletindo as prioridades de gest\u00e3o anunciadas durante sua campanha. Composi\u00e7\u00e3o\u2026","rel":"","context":"In &quot;Not\u00edcias de Ribeir\u00e3o Preto-SP e Regi\u00e3o&quot;","block_context":{"text":"Not\u00edcias de Ribeir\u00e3o Preto-SP e Regi\u00e3o","link":"https:\/\/ismaelcolosi.com.br\/index.php\/category\/noticias-de-ribeirao-preto-sp-e-regiao-ismael-colosi\/"},"img":{"alt_text":"","src":"https:\/\/i0.wp.com\/ismaelcolosi.com.br\/wp-content\/uploads\/2024\/12\/d0cab062cd35dfdbcbbee2ee8c4a68dd.jpg?fit=605%2C454&ssl=1&resize=350%2C200","width":350,"height":200,"srcset":"https:\/\/i0.wp.com\/ismaelcolosi.com.br\/wp-content\/uploads\/2024\/12\/d0cab062cd35dfdbcbbee2ee8c4a68dd.jpg?fit=605%2C454&ssl=1&resize=350%2C200 1x, https:\/\/i0.wp.com\/ismaelcolosi.com.br\/wp-content\/uploads\/2024\/12\/d0cab062cd35dfdbcbbee2ee8c4a68dd.jpg?fit=605%2C454&ssl=1&resize=525%2C300 1.5x"},"classes":[]},{"id":80135,"url":"https:\/\/ismaelcolosi.com.br\/index.php\/2024\/12\/21\/ricardo-silva-anuncia-sete-novos-nomes-para-compor-a-prefeitura-de-ribeirao-preto-em-2025\/","url_meta":{"origin":78103,"position":2},"title":"Ricardo Silva anuncia sete novos nomes para compor a Prefeitura de Ribeir\u00e3o Preto em 2025","author":"ismaelcolosi.com.br","date":"21 de December de 2024","format":false,"excerpt":"O prefeito eleito Ricardo Silva revelou mais sete integrantes de seu governo para 2025, consolidando sua equipe para \u00e1reas chave da administra\u00e7\u00e3o municipal. Entre os novos nomes, Alessandro Maraca assume como vice-prefeito e secret\u00e1rio da Casa Civil, Suely Vilela como secret\u00e1ria de Inova\u00e7\u00e3o e Desenvolvimento, e Jos\u00e9 Ruy Infante Bonatto\u2026","rel":"","context":"In &quot;Not\u00edcias de Ribeir\u00e3o Preto-SP e Regi\u00e3o&quot;","block_context":{"text":"Not\u00edcias de Ribeir\u00e3o Preto-SP e Regi\u00e3o","link":"https:\/\/ismaelcolosi.com.br\/index.php\/category\/noticias-de-ribeirao-preto-sp-e-regiao-ismael-colosi\/"},"img":{"alt_text":"","src":"https:\/\/i0.wp.com\/ismaelcolosi.com.br\/wp-content\/uploads\/2024\/12\/863e10cd686f211677a189290d95a1a6.jpg?fit=605%2C454&ssl=1&resize=350%2C200","width":350,"height":200,"srcset":"https:\/\/i0.wp.com\/ismaelcolosi.com.br\/wp-content\/uploads\/2024\/12\/863e10cd686f211677a189290d95a1a6.jpg?fit=605%2C454&ssl=1&resize=350%2C200 1x, https:\/\/i0.wp.com\/ismaelcolosi.com.br\/wp-content\/uploads\/2024\/12\/863e10cd686f211677a189290d95a1a6.jpg?fit=605%2C454&ssl=1&resize=525%2C300 1.5x"},"classes":[]},{"id":68138,"url":"https:\/\/ismaelcolosi.com.br\/index.php\/2024\/09\/27\/ricardo-silva-participa-nesta-sexta-da-serie-de-entrevistas-com-candidatos-a-prefeitura-de-ribeirao-preto\/","url_meta":{"origin":78103,"position":3},"title":"Ricardo Silva participa nesta sexta da s\u00e9rie de entrevistas com candidatos \u00e0 Prefeitura de Ribeir\u00e3o Preto","author":"ismaelcolosi.com.br","date":"27 de September de 2024","format":false,"excerpt":"O acidade on Ribeir\u00e3o realiza nesta semana uma s\u00e9rie de entrevistas com os candidatos \u00e0 Prefeitura de Ribeir\u00e3o Preto nas elei\u00e7\u00f5es 2024. Nesta sexta-feira (27) \u00e9 a vez da sabatina do deputado federal Ricardo Silva (PSD) \u2013 veja o player acima. A entrevista, que encerra as transmiss\u00f5es ao vivo, ter\u00e1\u2026","rel":"","context":"In &quot;Not\u00edcias de Ribeir\u00e3o Preto-SP e Regi\u00e3o&quot;","block_context":{"text":"Not\u00edcias de Ribeir\u00e3o Preto-SP e Regi\u00e3o","link":"https:\/\/ismaelcolosi.com.br\/index.php\/category\/noticias-de-ribeirao-preto-sp-e-regiao-ismael-colosi\/"},"img":{"alt_text":"","src":"https:\/\/i0.wp.com\/ismaelcolosi.com.br\/wp-content\/uploads\/2024\/09\/ricardo-silva_2024-09-27_14-05-41_jpg_2024-09-27_14-05-41.webp.webp?fit=1200%2C863&ssl=1&resize=350%2C200","width":350,"height":200,"srcset":"https:\/\/i0.wp.com\/ismaelcolosi.com.br\/wp-content\/uploads\/2024\/09\/ricardo-silva_2024-09-27_14-05-41_jpg_2024-09-27_14-05-41.webp.webp?fit=1200%2C863&ssl=1&resize=350%2C200 1x, https:\/\/i0.wp.com\/ismaelcolosi.com.br\/wp-content\/uploads\/2024\/09\/ricardo-silva_2024-09-27_14-05-41_jpg_2024-09-27_14-05-41.webp.webp?fit=1200%2C863&ssl=1&resize=525%2C300 1.5x, https:\/\/i0.wp.com\/ismaelcolosi.com.br\/wp-content\/uploads\/2024\/09\/ricardo-silva_2024-09-27_14-05-41_jpg_2024-09-27_14-05-41.webp.webp?fit=1200%2C863&ssl=1&resize=700%2C400 2x, https:\/\/i0.wp.com\/ismaelcolosi.com.br\/wp-content\/uploads\/2024\/09\/ricardo-silva_2024-09-27_14-05-41_jpg_2024-09-27_14-05-41.webp.webp?fit=1200%2C863&ssl=1&resize=1050%2C600 3x"},"classes":[]},{"id":74018,"url":"https:\/\/ismaelcolosi.com.br\/index.php\/2024\/10\/29\/ricardo-silva-anuncia-juiz-aposentado-como-coordenador-da-transicao-em-ribeirao-preto\/","url_meta":{"origin":78103,"position":4},"title":"Ricardo Silva anuncia juiz aposentado como coordenador da transi\u00e7\u00e3o em Ribeir\u00e3o Preto","author":"ismaelcolosi.com.br","date":"29 de October de 2024","format":false,"excerpt":"O prefeito eleito de Ribeir\u00e3o Preto, Ricardo Silva (PSD), anunciou na tarde desta ter\u00e7a-feira (29), o juiz federal aposentado Augusto Martinez Perez como coordenador do futuro governo. Na segunda-feira (28), o atual Chefe do Executivo Duarte Nogueira (PSDB) havia anunciado o secret\u00e1rio de Governo Antonio Daas Abboud para fazer parte\u2026","rel":"","context":"In &quot;Not\u00edcias de Ribeir\u00e3o Preto-SP e Regi\u00e3o&quot;","block_context":{"text":"Not\u00edcias de Ribeir\u00e3o Preto-SP e Regi\u00e3o","link":"https:\/\/ismaelcolosi.com.br\/index.php\/category\/noticias-de-ribeirao-preto-sp-e-regiao-ismael-colosi\/"},"img":{"alt_text":"","src":"https:\/\/i0.wp.com\/ismaelcolosi.com.br\/wp-content\/uploads\/2024\/10\/coordenador-transicao_2024-10-29_19-38-10_jpg_2024-10-29_19-38-11.webp.webp?fit=1199%2C886&ssl=1&resize=350%2C200","width":350,"height":200,"srcset":"https:\/\/i0.wp.com\/ismaelcolosi.com.br\/wp-content\/uploads\/2024\/10\/coordenador-transicao_2024-10-29_19-38-10_jpg_2024-10-29_19-38-11.webp.webp?fit=1199%2C886&ssl=1&resize=350%2C200 1x, https:\/\/i0.wp.com\/ismaelcolosi.com.br\/wp-content\/uploads\/2024\/10\/coordenador-transicao_2024-10-29_19-38-10_jpg_2024-10-29_19-38-11.webp.webp?fit=1199%2C886&ssl=1&resize=525%2C300 1.5x, https:\/\/i0.wp.com\/ismaelcolosi.com.br\/wp-content\/uploads\/2024\/10\/coordenador-transicao_2024-10-29_19-38-10_jpg_2024-10-29_19-38-11.webp.webp?fit=1199%2C886&ssl=1&resize=700%2C400 2x, https:\/\/i0.wp.com\/ismaelcolosi.com.br\/wp-content\/uploads\/2024\/10\/coordenador-transicao_2024-10-29_19-38-10_jpg_2024-10-29_19-38-11.webp.webp?fit=1199%2C886&ssl=1&resize=1050%2C600 3x"},"classes":[]},{"id":47480,"url":"https:\/\/ismaelcolosi.com.br\/index.php\/2024\/04\/25\/veja-quem-sao-os-pre-candidatos-a-prefeito-de-ribeirao-preto-nas-eleicoes-de-2024\/","url_meta":{"origin":78103,"position":5},"title":"Veja quem s\u00e3o os pr\u00e9-candidatos a prefeito de Ribeir\u00e3o Preto nas elei\u00e7\u00f5es de 2024","author":"ismaelcolosi.com.br","date":"25 de April de 2024","format":false,"excerpt":"Faltando 164 dias para o primeiro turno das elei\u00e7\u00f5es municipais, diversos nomes j\u00e1 se lan\u00e7aram como pr\u00e9-candidatos na disputa pela Prefeitura de Ribeir\u00e3o Preto. Ao menos, nove nomes anunciaram a pretens\u00e3o de concorrer ao pleito marcado para o dia 6 de outubro. Contudo, os nomes s\u00f3 ser\u00e3o oficializados durante as\u2026","rel":"","context":"In &quot;Not\u00edcias de Ribeir\u00e3o Preto-SP e Regi\u00e3o&quot;","block_context":{"text":"Not\u00edcias de Ribeir\u00e3o Preto-SP e Regi\u00e3o","link":"https:\/\/ismaelcolosi.com.br\/index.php\/category\/noticias-de-ribeirao-preto-sp-e-regiao-ismael-colosi\/"},"img":{"alt_text":"","src":"https:\/\/i0.wp.com\/ismaelcolosi.com.br\/wp-content\/uploads\/2024\/04\/1714079636_ribeirao-preto-prefeitura.jpg?fit=1200%2C900&ssl=1&resize=350%2C200","width":350,"height":200,"srcset":"https:\/\/i0.wp.com\/ismaelcolosi.com.br\/wp-content\/uploads\/2024\/04\/1714079636_ribeirao-preto-prefeitura.jpg?fit=1200%2C900&ssl=1&resize=350%2C200 1x, https:\/\/i0.wp.com\/ismaelcolosi.com.br\/wp-content\/uploads\/2024\/04\/1714079636_ribeirao-preto-prefeitura.jpg?fit=1200%2C900&ssl=1&resize=525%2C300 1.5x, https:\/\/i0.wp.com\/ismaelcolosi.com.br\/wp-content\/uploads\/2024\/04\/1714079636_ribeirao-preto-prefeitura.jpg?fit=1200%2C900&ssl=1&resize=700%2C400 2x, https:\/\/i0.wp.com\/ismaelcolosi.com.br\/wp-content\/uploads\/2024\/04\/1714079636_ribeirao-preto-prefeitura.jpg?fit=1200%2C900&ssl=1&resize=1050%2C600 3x"},"classes":[]}],"jetpack_sharing_enabled":true,"jetpack_shortlink":"https:\/\/wp.me\/pfMlyK-kjJ","_links":{"self":[{"href":"https:\/\/ismaelcolosi.com.br\/index.php\/wp-json\/wp\/v2\/posts\/78103","targetHints":{"allow":["GET"]}}],"collection":[{"href":"https:\/\/ismaelcolosi.com.br\/index.php\/wp-json\/wp\/v2\/posts"}],"about":[{"href":"https:\/\/ismaelcolosi.com.br\/index.php\/wp-json\/wp\/v2\/types\/post"}],"author":[{"embeddable":true,"href":"https:\/\/ismaelcolosi.com.br\/index.php\/wp-json\/wp\/v2\/users\/1"}],"replies":[{"embeddable":true,"href":"https:\/\/ismaelcolosi.com.br\/index.php\/wp-json\/wp\/v2\/comments?post=78103"}],"version-history":[{"count":0,"href":"https:\/\/ismaelcolosi.com.br\/index.php\/wp-json\/wp\/v2\/posts\/78103\/revisions"}],"wp:featuredmedia":[{"embeddable":true,"href":"https:\/\/ismaelcolosi.com.br\/index.php\/wp-json\/wp\/v2\/media\/78104"}],"wp:attachment":[{"href":"https:\/\/ismaelcolosi.com.br\/index.php\/wp-json\/wp\/v2\/media?parent=78103"}],"wp:term":[{"taxonomy":"category","embeddable":true,"href":"https:\/\/ismaelcolosi.com.br\/index.php\/wp-json\/wp\/v2\/categories?post=78103"},{"taxonomy":"post_tag","embeddable":true,"href":"https:\/\/ismaelcolosi.com.br\/index.php\/wp-json\/wp\/v2\/tags?post=78103"}],"curies":[{"name":"wp","href":"https:\/\/api.w.org\/{rel}","templated":true}]}}