{"id":7810,"date":"2023-11-28T21:26:24","date_gmt":"2023-11-29T00:26:24","guid":{"rendered":"https:\/\/ismaelcolosi.com.br\/index.php\/2023\/11\/28\/chega-ao-fim-a-luta-do-jornalista-evaristo-costa-apos-internacao-ele-venceu\/"},"modified":"2023-11-28T21:26:24","modified_gmt":"2023-11-29T00:26:24","slug":"chega-ao-fim-a-luta-do-jornalista-evaristo-costa-apos-internacao-ele-venceu","status":"publish","type":"post","link":"https:\/\/ismaelcolosi.com.br\/index.php\/2023\/11\/28\/chega-ao-fim-a-luta-do-jornalista-evaristo-costa-apos-internacao-ele-venceu\/","title":{"rendered":"Chega ao fim a luta do jornalista Evaristo Costa ap\u00f3s interna\u00e7\u00e3o; ele venceu"},"content":{"rendered":"<p> [ad_1]<br \/>\n<\/p>\n<div itemprop=\"text\">\n<p>Ap\u00f3s ter ido parado no hospital e ter precisado de uma interna\u00e7\u00e3o, o famoso jornalista Evaristo Costa se pronunciou em suas redes sociais, alegando que j\u00e1 recebeu alta e inicou os seus preparativos para conseguir retornar ao seu lar.<\/p>\n<p>O comunicador recebeu o diagn\u00f3stico de eripsela, uma infec\u00e7\u00e3o de pele. Com celulite em sua perna esquerda, o jornalista foi hospitalizado no dia 23 de novembro de 2023, preocupando a muitos que acompanham o seu trabalho.<\/p>\n<p>\u201c<strong>Contagem regressiva. Hj recebi carta branca do Dr pra remarcar minha passagem de volta pra casa nos pr\u00f3ximos dias. Minha perna est\u00e1 em franca recupera\u00e7\u00e3o\u201d<\/strong>, declarou ele, diante do assunto e ao se pronunciar em suas redes sociais.<\/p>\n<p>Confira abaixo a postagem que foi realizada em seu perfil e que chamou aten\u00e7\u00e3o por parte de seu p\u00fablico, com muitos coment\u00e1rios sendo realizados, a grande maioria o apoiando.<\/p>\n<blockquote class=\"instagram-media\" style=\"background: #FFF; border: 0; border-radius: 3px; box-shadow: 0 0 1px 0 rgba(0,0,0,0.5),0 1px 10px 0 rgba(0,0,0,0.15); margin: 1px; max-width: 540px; min-width: 326px; padding: 0; width: calc(100% - 2px);\" data-instgrm-permalink=\"https:\/\/www.instagram.com\/p\/C0M9haJuK3h\/?utm_source=ig_embed&amp;utm_campaign=loading\" data-instgrm-version=\"14\">\n<p>\u00a0<\/p>\n<p>Ver essa foto no Instagram<\/p>\n<p>\u00a0<\/p>\n<p style=\"color: #c9c8cd; font-family: Arial,sans-serif; font-size: 14px; line-height: 17px; margin-bottom: 0; margin-top: 8px; overflow: hidden; padding: 8px 0 7px; text-align: center; text-overflow: ellipsis; white-space: nowrap;\"><a style=\"color: #c9c8cd; font-family: Arial,sans-serif; font-size: 14px; font-style: normal; font-weight: normal; line-height: 17px; text-decoration: none;\" href=\"https:\/\/www.instagram.com\/p\/C0M9haJuK3h\/?utm_source=ig_embed&amp;utm_campaign=loading\" target=\"_blank\" rel=\"noopener\">Uma publica\u00e7\u00e3o compartilhada por Evaristo Costa (@evaristocostaoficial)<\/a><\/p>\n<\/blockquote>\n<p>Em\u00a0outro\u00a0momento,\u00a0o\u00a0jornalista\u00a0utilizou de\u00a0seu\u00a0Instagram\u00a0para\u00a0dar\u00a0mais\u00a0detalhes de\u00a0toda\u00a0a\u00a0situa\u00e7\u00e3o que est\u00e1\u00a0enfrentando, explicando\u00a0do\u00a0que\u00a0se\u00a0trata\u00a0a\u00a0eripsela.<\/p>\n<p>Na\u00a0ocasi\u00e3o, ele disse\u00a0que \u00e9\u00a0uma\u00a0infec\u00e7\u00e3o de pele\u00a0que\u00a0costuma\u00a0causa\u00a0dor,\u00a0vermilh\u00e3o\u00a0e\u00a0incha\u00e7o. Al\u00e9m disso, contou que\u00a0devido a\u00a0sua\u00a0interna\u00e7\u00e3o, foi\u00a0proibido\u00a0de\u00a0viajar, e\u00a0infelizmente, acabou\u00a0perdendo\u00a0o\u00a0anivers\u00e1rio de\u00a0sua\u00a0filha.<\/p>\n<p>Com\u00a0a\u00a0not\u00edcia\u00a0de\u00a0sua\u00a0alta,\u00a0muitos\u00a0seguidores\u00a0fizeram quest\u00e3o de\u00a0comemorar\u00a0e\u00a0desejar\u00a0que\u00a0ele\u00a0consiga\u00a0se recuperar\u00a0o\u00a0mais\u00a0breve\u00a0poss\u00edvel. Uma\u00a0boa\u00a0parte est\u00e1\u00a0mandando\u00a0mensagens de\u00a0apoio.<\/p>\n<\/div>\n<p><script async src=\"\/\/www.instagram.com\/embed.js\"><\/script><br \/>\n<br \/>[ad_2]<br \/>\n<br \/><a href=\"https:\/\/fnmais.com\/chega-ao-fim-luta-jornalista-evaristo-costa-apos-internacao-ele-venceu\/\" target=\"_blank\" rel=\"noopener\">Source link <\/a><\/p>\n<div class='code-block code-block-4' style='margin: 8px auto 8px 0; text-align: left; display: block; clear: both;'>\n\ud83d\udce2 Aviso Legal\n\nO site ismaelcolosi.com.br atua apenas como um canal de divulga\u00e7\u00e3o de oportunidades de emprego e n\u00e3o se responsabiliza pelo processo seletivo, contrata\u00e7\u00e3o ou qualquer outra etapa relacionada \u00e0s vagas publicadas. Todas as informa\u00e7\u00f5es s\u00e3o de responsabilidade dos anunciantes.\n\n\u26a0\ufe0f Aten\u00e7\u00e3o! Nunca pague por promessas de emprego nem compre cursos que garantam contrata\u00e7\u00e3o. Desconfie de qualquer cobran\u00e7a para participar de sele\u00e7\u00f5es.\n\n\n\n<\/div>\n<!-- CONTENT END 1 -->\n","protected":false},"excerpt":{"rendered":"<p>[ad_1] Ap\u00f3s ter ido parado no hospital e ter precisado de uma interna\u00e7\u00e3o, o famoso jornalista Evaristo Costa se pronunciou em suas redes sociais, alegando que j\u00e1 recebeu alta e inicou os seus preparativos para conseguir retornar ao seu lar. O comunicador recebeu o diagn\u00f3stico de eripsela, uma infec\u00e7\u00e3o de pele. Com celulite em sua&hellip;&nbsp;<\/p>\n","protected":false},"author":1,"featured_media":7811,"comment_status":"open","ping_status":"open","sticky":false,"template":"","format":"standard","meta":{"_uag_custom_page_level_css":"","neve_meta_sidebar":"","neve_meta_container":"","neve_meta_enable_content_width":"","neve_meta_content_width":0,"neve_meta_title_alignment":"","neve_meta_author_avatar":"","neve_post_elements_order":"","neve_meta_disable_header":"","neve_meta_disable_footer":"","neve_meta_disable_title":"","_jetpack_newsletter_access":"","_jetpack_dont_email_post_to_subs":false,"_jetpack_newsletter_tier_id":0,"_jetpack_memberships_contains_paywalled_content":false,"_jetpack_memberships_contains_paid_content":false,"footnotes":""},"categories":[1],"tags":[],"class_list":["post-7810","post","type-post","status-publish","format-standard","has-post-thumbnail","hentry","category-blog"],"uagb_featured_image_src":{"full":["https:\/\/i0.wp.com\/ismaelcolosi.com.br\/wp-content\/uploads\/2023\/11\/postimg-656679acdb02f9237.jpg?fit=1200%2C628&ssl=1",1200,628,false],"thumbnail":["https:\/\/i0.wp.com\/ismaelcolosi.com.br\/wp-content\/uploads\/2023\/11\/postimg-656679acdb02f9237.jpg?resize=150%2C150&ssl=1",150,150,true],"medium":["https:\/\/i0.wp.com\/ismaelcolosi.com.br\/wp-content\/uploads\/2023\/11\/postimg-656679acdb02f9237.jpg?fit=300%2C157&ssl=1",300,157,true],"medium_large":["https:\/\/i0.wp.com\/ismaelcolosi.com.br\/wp-content\/uploads\/2023\/11\/postimg-656679acdb02f9237.jpg?fit=768%2C402&ssl=1",768,402,true],"large":["https:\/\/i0.wp.com\/ismaelcolosi.com.br\/wp-content\/uploads\/2023\/11\/postimg-656679acdb02f9237.jpg?fit=1024%2C536&ssl=1",1024,536,true],"1536x1536":["https:\/\/i0.wp.com\/ismaelcolosi.com.br\/wp-content\/uploads\/2023\/11\/postimg-656679acdb02f9237.jpg?fit=1200%2C628&ssl=1",1200,628,true],"2048x2048":["https:\/\/i0.wp.com\/ismaelcolosi.com.br\/wp-content\/uploads\/2023\/11\/postimg-656679acdb02f9237.jpg?fit=1200%2C628&ssl=1",1200,628,true],"neve-blog":["https:\/\/i0.wp.com\/ismaelcolosi.com.br\/wp-content\/uploads\/2023\/11\/postimg-656679acdb02f9237.jpg?resize=930%2C620&ssl=1",930,620,true]},"uagb_author_info":{"display_name":"ismaelcolosi.com.br","author_link":"https:\/\/ismaelcolosi.com.br\/author\/vidareal-online\/"},"uagb_comment_info":0,"uagb_excerpt":"[ad_1] Ap\u00f3s ter ido parado no hospital e ter precisado de uma interna\u00e7\u00e3o, o famoso jornalista Evaristo Costa se pronunciou em suas redes sociais, alegando que j\u00e1 recebeu alta e inicou os seus preparativos para conseguir retornar ao seu lar. O comunicador recebeu o diagn\u00f3stico de eripsela, uma infec\u00e7\u00e3o de pele. Com celulite em sua&hellip;&nbsp;","jetpack-related-posts":[{"id":5452,"url":"https:\/\/ismaelcolosi.com.br\/index.php\/2023\/11\/23\/jornalista-evaristo-costa-e-encaminhado-as-pressas-para-hospital-apos-diagnostico-delicado\/","url_meta":{"origin":7810,"position":0},"title":"Jornalista Evaristo Costa \u00e9 encaminhado \u00e0s pressas para hospital ap\u00f3s diagn\u00f3stico delicado","author":"ismaelcolosi.com.br","date":"23 de Novembro de 2023","format":false,"excerpt":"[ad_1] De forma recente, o jornalista Evaristo Costa enfrentou problemas de sa\u00fade e resolveu compartilhar com os seus seguidores a situa\u00e7\u00e3o que precisou encarar.Atrav\u00e9s de uma sequ\u00eancia de publica\u00e7\u00f5es postadas em suas redes sociais, o apresentador explicou que recebeu o diagn\u00f3stico de infec\u00e7\u00e3o nas pernas, assim sendo necess\u00e1rio buscar por\u2026","rel":"","context":"In &quot;Blog&quot;","block_context":{"text":"Blog","link":"https:\/\/ismaelcolosi.com.br\/index.php\/category\/blog\/"},"img":{"alt_text":"","src":"https:\/\/i0.wp.com\/ismaelcolosi.com.br\/wp-content\/uploads\/2023\/11\/postimg-655f881271e0d2537.jpg?fit=1200%2C628&ssl=1&resize=350%2C200","width":350,"height":200,"srcset":"https:\/\/i0.wp.com\/ismaelcolosi.com.br\/wp-content\/uploads\/2023\/11\/postimg-655f881271e0d2537.jpg?fit=1200%2C628&ssl=1&resize=350%2C200 1x, https:\/\/i0.wp.com\/ismaelcolosi.com.br\/wp-content\/uploads\/2023\/11\/postimg-655f881271e0d2537.jpg?fit=1200%2C628&ssl=1&resize=525%2C300 1.5x, https:\/\/i0.wp.com\/ismaelcolosi.com.br\/wp-content\/uploads\/2023\/11\/postimg-655f881271e0d2537.jpg?fit=1200%2C628&ssl=1&resize=700%2C400 2x, https:\/\/i0.wp.com\/ismaelcolosi.com.br\/wp-content\/uploads\/2023\/11\/postimg-655f881271e0d2537.jpg?fit=1200%2C628&ssl=1&resize=1050%2C600 3x"},"classes":[]},{"id":6309,"url":"https:\/\/ismaelcolosi.com.br\/index.php\/2023\/11\/25\/o-que-e-sintomas-e-tratamento-da-doenca-que-internou-o-jornalista-evaristo-costa\/","url_meta":{"origin":7810,"position":1},"title":"o que \u00e9, sintomas e tratamento da doen\u00e7a que internou o jornalista Evaristo Costa","author":"ismaelcolosi.com.br","date":"25 de Novembro de 2023","format":false,"excerpt":"[ad_1] De forma recente, o jornalista Evaristo Costa abriu o jogo com os seus seguidores e confessou que est\u00e1 enfrentando uma doen\u00e7a complicada. Ele recebeu o diagn\u00f3stico de celulite e erisipele em sua perna esquerda.Por conta do problema de sa\u00fade, o comunicador precisou ser internado, e com isso, buscou atualizar\u2026","rel":"","context":"In &quot;Blog&quot;","block_context":{"text":"Blog","link":"https:\/\/ismaelcolosi.com.br\/index.php\/category\/blog\/"},"img":{"alt_text":"","src":"https:\/\/i0.wp.com\/ismaelcolosi.com.br\/wp-content\/uploads\/2023\/11\/postimg-656226bb2c4211548.jpg?fit=1200%2C628&ssl=1&resize=350%2C200","width":350,"height":200,"srcset":"https:\/\/i0.wp.com\/ismaelcolosi.com.br\/wp-content\/uploads\/2023\/11\/postimg-656226bb2c4211548.jpg?fit=1200%2C628&ssl=1&resize=350%2C200 1x, https:\/\/i0.wp.com\/ismaelcolosi.com.br\/wp-content\/uploads\/2023\/11\/postimg-656226bb2c4211548.jpg?fit=1200%2C628&ssl=1&resize=525%2C300 1.5x, https:\/\/i0.wp.com\/ismaelcolosi.com.br\/wp-content\/uploads\/2023\/11\/postimg-656226bb2c4211548.jpg?fit=1200%2C628&ssl=1&resize=700%2C400 2x, https:\/\/i0.wp.com\/ismaelcolosi.com.br\/wp-content\/uploads\/2023\/11\/postimg-656226bb2c4211548.jpg?fit=1200%2C628&ssl=1&resize=1050%2C600 3x"},"classes":[]},{"id":28890,"url":"https:\/\/ismaelcolosi.com.br\/index.php\/2024\/01\/16\/ainda-internado-evaristo-costa-detalha-doenca-grave-e-revela-ter-recebido-diagnostico-errado-inicialmente\/","url_meta":{"origin":7810,"position":2},"title":"Ainda internado, Evaristo Costa detalha doen\u00e7a grave e revela ter recebido diagn\u00f3stico errado inicialmente","author":"ismaelcolosi.com.br","date":"16 de Janeiro de 2024","format":false,"excerpt":"[ad_1] Evaristo Costa usou as redes sociais nesta ter\u00e7a-feira (16\/01) para falar um pouco mais sobre seu estado de sa\u00fade. O jornalista esta internado tratando de complica\u00e7\u00f5es da Doen\u00e7a de Crohn.Em seu desabafo nas redes sociais, Evaristo contou que nem sempre teve o diagn\u00f3stico correto da doen\u00e7a e que isso\u2026","rel":"","context":"In &quot;Blog&quot;","block_context":{"text":"Blog","link":"https:\/\/ismaelcolosi.com.br\/index.php\/category\/blog\/"},"img":{"alt_text":"","src":"https:\/\/i0.wp.com\/ismaelcolosi.com.br\/wp-content\/uploads\/2024\/01\/postimg-65a72b6e3c41a4594.jpg?fit=1200%2C628&ssl=1&resize=350%2C200","width":350,"height":200,"srcset":"https:\/\/i0.wp.com\/ismaelcolosi.com.br\/wp-content\/uploads\/2024\/01\/postimg-65a72b6e3c41a4594.jpg?fit=1200%2C628&ssl=1&resize=350%2C200 1x, https:\/\/i0.wp.com\/ismaelcolosi.com.br\/wp-content\/uploads\/2024\/01\/postimg-65a72b6e3c41a4594.jpg?fit=1200%2C628&ssl=1&resize=525%2C300 1.5x, https:\/\/i0.wp.com\/ismaelcolosi.com.br\/wp-content\/uploads\/2024\/01\/postimg-65a72b6e3c41a4594.jpg?fit=1200%2C628&ssl=1&resize=700%2C400 2x, https:\/\/i0.wp.com\/ismaelcolosi.com.br\/wp-content\/uploads\/2024\/01\/postimg-65a72b6e3c41a4594.jpg?fit=1200%2C628&ssl=1&resize=1050%2C600 3x"},"classes":[]},{"id":29110,"url":"https:\/\/ismaelcolosi.com.br\/index.php\/2024\/01\/17\/chega-ao-fim-a-luta-de-evaristo-costa-internado-na-uti-ele-venceu\/","url_meta":{"origin":7810,"position":3},"title":"Chega ao fim a luta de Evaristo Costa internado na UTI; ele venceu","author":"ismaelcolosi.com.br","date":"17 de Janeiro de 2024","format":false,"excerpt":"[ad_1] O famoso jornalista Evaristo Costa, de 47 anos de idade, venceu sua luta no hospital e recebeu alta ap\u00f3s ter sido internado na UTI (Unidade de Tratamento Intensivo). Ele estava internado em uma unidade de sa\u00fade do Reino Unido, local em que mora, para tratar a Doen\u00e7a de Crohn.\u201cChegou\u2026","rel":"","context":"In &quot;Blog&quot;","block_context":{"text":"Blog","link":"https:\/\/ismaelcolosi.com.br\/index.php\/category\/blog\/"},"img":{"alt_text":"","src":"https:\/\/i0.wp.com\/ismaelcolosi.com.br\/wp-content\/uploads\/2024\/01\/postimg-65a7f68f8ccfd2788.jpg?fit=1200%2C628&ssl=1&resize=350%2C200","width":350,"height":200,"srcset":"https:\/\/i0.wp.com\/ismaelcolosi.com.br\/wp-content\/uploads\/2024\/01\/postimg-65a7f68f8ccfd2788.jpg?fit=1200%2C628&ssl=1&resize=350%2C200 1x, https:\/\/i0.wp.com\/ismaelcolosi.com.br\/wp-content\/uploads\/2024\/01\/postimg-65a7f68f8ccfd2788.jpg?fit=1200%2C628&ssl=1&resize=525%2C300 1.5x, https:\/\/i0.wp.com\/ismaelcolosi.com.br\/wp-content\/uploads\/2024\/01\/postimg-65a7f68f8ccfd2788.jpg?fit=1200%2C628&ssl=1&resize=700%2C400 2x, https:\/\/i0.wp.com\/ismaelcolosi.com.br\/wp-content\/uploads\/2024\/01\/postimg-65a7f68f8ccfd2788.jpg?fit=1200%2C628&ssl=1&resize=1050%2C600 3x"},"classes":[]},{"id":45205,"url":"https:\/\/ismaelcolosi.com.br\/index.php\/2024\/04\/02\/conceicao-evaristo-e-chavoso-da-usp-falam-sobre-a-ideia-de-intelectualidade-no-estacao-livre\/","url_meta":{"origin":7810,"position":4},"title":"Concei\u00e7\u00e3o Evaristo e Chavoso da USP falam sobre a ideia de intelectualidade, no Esta\u00e7\u00e3o Livre","author":"ismaelcolosi.com.br","date":"2 de Abril de 2024","format":false,"excerpt":"[ad_1] Concei\u00e7\u00e3o Evaristo e Chavoso da USP falam sobre a ideia de intelectualidade, no Esta\u00e7\u00e3o LivreNesta\u00a0sexta-feira (5\/4), o\u00a0Esta\u00e7\u00e3o Livre\u00a0questiona a ideia do homem branco, com forma\u00e7\u00e3o acad\u00eamica, como a figura de intelectualidade e prop\u00f5e uma abordagem a partir do vi\u00e9s da negritude. Para falar sobre esse assunto,\u00a0Cris Guterres\u00a0recebe\u00a0Rosana Borges, jornalista,\u2026","rel":"","context":"In &quot;Not\u00edcias de Ribeir\u00e3o Preto-SP e Regi\u00e3o&quot;","block_context":{"text":"Not\u00edcias de Ribeir\u00e3o Preto-SP e Regi\u00e3o","link":"https:\/\/ismaelcolosi.com.br\/index.php\/category\/noticias-de-ribeirao-preto-sp-e-regiao-ismael-colosi\/"},"img":{"alt_text":"","src":"https:\/\/i0.wp.com\/ismaelcolosi.com.br\/wp-content\/uploads\/2024\/04\/89d8e46ab09823bfd783bbf6e09a4be1.jpeg?fit=1200%2C800&ssl=1&resize=350%2C200","width":350,"height":200,"srcset":"https:\/\/i0.wp.com\/ismaelcolosi.com.br\/wp-content\/uploads\/2024\/04\/89d8e46ab09823bfd783bbf6e09a4be1.jpeg?fit=1200%2C800&ssl=1&resize=350%2C200 1x, https:\/\/i0.wp.com\/ismaelcolosi.com.br\/wp-content\/uploads\/2024\/04\/89d8e46ab09823bfd783bbf6e09a4be1.jpeg?fit=1200%2C800&ssl=1&resize=525%2C300 1.5x, https:\/\/i0.wp.com\/ismaelcolosi.com.br\/wp-content\/uploads\/2024\/04\/89d8e46ab09823bfd783bbf6e09a4be1.jpeg?fit=1200%2C800&ssl=1&resize=700%2C400 2x, https:\/\/i0.wp.com\/ismaelcolosi.com.br\/wp-content\/uploads\/2024\/04\/89d8e46ab09823bfd783bbf6e09a4be1.jpeg?fit=1200%2C800&ssl=1&resize=1050%2C600 3x"},"classes":[]},{"id":21993,"url":"https:\/\/ismaelcolosi.com.br\/index.php\/2023\/12\/28\/video-flagra-o-momento-em-que-jornalista-e-pre-candidato-a-prefeito-perde-a-vida-em-ataque-a-tiros-em-sp\/","url_meta":{"origin":7810,"position":5},"title":"V\u00eddeo flagra o momento em que jornalista e pr\u00e9-candidato a prefeito perde a vida em ataque a tiros em SP","author":"ismaelcolosi.com.br","date":"28 de Dezembro de 2023","format":false,"excerpt":"[ad_1] Um v\u00eddeo registra o instante em que Thiago Rodrigues, jornalista e pr\u00e9-candidato a prefeito do munic\u00edpio do Guaruj\u00e1, localizado no litoral de S\u00e3o Paulo, foi v\u00edtima de disparos durante a madrugada desta quinta-feira (28), durante uma festividade na localidade.No material audiovisual, \u00e9 evidente que o agredido buscou escapar do\u2026","rel":"","context":"In &quot;Blog&quot;","block_context":{"text":"Blog","link":"https:\/\/ismaelcolosi.com.br\/index.php\/category\/blog\/"},"img":{"alt_text":"","src":"https:\/\/i0.wp.com\/ismaelcolosi.com.br\/wp-content\/uploads\/2023\/12\/postimg-658e2b8a7eb801383.jpg?fit=1200%2C628&ssl=1&resize=350%2C200","width":350,"height":200,"srcset":"https:\/\/i0.wp.com\/ismaelcolosi.com.br\/wp-content\/uploads\/2023\/12\/postimg-658e2b8a7eb801383.jpg?fit=1200%2C628&ssl=1&resize=350%2C200 1x, https:\/\/i0.wp.com\/ismaelcolosi.com.br\/wp-content\/uploads\/2023\/12\/postimg-658e2b8a7eb801383.jpg?fit=1200%2C628&ssl=1&resize=525%2C300 1.5x, https:\/\/i0.wp.com\/ismaelcolosi.com.br\/wp-content\/uploads\/2023\/12\/postimg-658e2b8a7eb801383.jpg?fit=1200%2C628&ssl=1&resize=700%2C400 2x, https:\/\/i0.wp.com\/ismaelcolosi.com.br\/wp-content\/uploads\/2023\/12\/postimg-658e2b8a7eb801383.jpg?fit=1200%2C628&ssl=1&resize=1050%2C600 3x"},"classes":[]}],"jetpack_sharing_enabled":true,"jetpack_shortlink":"https:\/\/wp.me\/pfMlyK-21Y","jetpack_featured_media_url":"https:\/\/i0.wp.com\/ismaelcolosi.com.br\/wp-content\/uploads\/2023\/11\/postimg-656679acdb02f9237.jpg?fit=1200%2C628&ssl=1","_links":{"self":[{"href":"https:\/\/ismaelcolosi.com.br\/index.php\/wp-json\/wp\/v2\/posts\/7810","targetHints":{"allow":["GET"]}}],"collection":[{"href":"https:\/\/ismaelcolosi.com.br\/index.php\/wp-json\/wp\/v2\/posts"}],"about":[{"href":"https:\/\/ismaelcolosi.com.br\/index.php\/wp-json\/wp\/v2\/types\/post"}],"author":[{"embeddable":true,"href":"https:\/\/ismaelcolosi.com.br\/index.php\/wp-json\/wp\/v2\/users\/1"}],"replies":[{"embeddable":true,"href":"https:\/\/ismaelcolosi.com.br\/index.php\/wp-json\/wp\/v2\/comments?post=7810"}],"version-history":[{"count":0,"href":"https:\/\/ismaelcolosi.com.br\/index.php\/wp-json\/wp\/v2\/posts\/7810\/revisions"}],"wp:featuredmedia":[{"embeddable":true,"href":"https:\/\/ismaelcolosi.com.br\/index.php\/wp-json\/wp\/v2\/media\/7811"}],"wp:attachment":[{"href":"https:\/\/ismaelcolosi.com.br\/index.php\/wp-json\/wp\/v2\/media?parent=7810"}],"wp:term":[{"taxonomy":"category","embeddable":true,"href":"https:\/\/ismaelcolosi.com.br\/index.php\/wp-json\/wp\/v2\/categories?post=7810"},{"taxonomy":"post_tag","embeddable":true,"href":"https:\/\/ismaelcolosi.com.br\/index.php\/wp-json\/wp\/v2\/tags?post=7810"}],"curies":[{"name":"wp","href":"https:\/\/api.w.org\/{rel}","templated":true}]}}