{"id":78037,"date":"2024-12-01T16:23:32","date_gmt":"2024-12-01T19:23:32","guid":{"rendered":"https:\/\/ismaelcolosi.com.br\/index.php\/2024\/12\/01\/usp-musica-crianca-encerra-o-semestre-com-apresentacao-gratuita-2\/"},"modified":"2024-12-01T16:23:32","modified_gmt":"2024-12-01T19:23:32","slug":"usp-musica-crianca-encerra-o-semestre-com-apresentacao-gratuita-2","status":"publish","type":"post","link":"https:\/\/ismaelcolosi.com.br\/index.php\/2024\/12\/01\/usp-musica-crianca-encerra-o-semestre-com-apresentacao-gratuita-2\/","title":{"rendered":"USP M\u00fasica Crian\u00e7a encerra o semestre com apresenta\u00e7\u00e3o gratuita"},"content":{"rendered":"<p> <br \/>\n<\/p>\n<div id=\"\">\n<p>\n\t\t\t\t\t\t\t\t\t<span class=\"entry-meta-item penci-posted-on\"><i class=\"fa fa-clock-o\"\/><time class=\"entry-date published\" datetime=\"2024-12-01T16:16:40-03:00\">1 de dezembro de 2024<\/time><time class=\"updated\" datetime=\"2024-12-01T06:20:16-03:00\">1 de dezembro de 2024<\/time><\/span><span class=\"entry-meta-item penci-post-countview\"><span class=\"entry-meta-item penci-post-countview penci_post-meta_item\"><i class=\"fa fa-eye\"\/><span class=\"penci-post-countview-number penci-post-countview-p411182\">10<\/span><\/span><\/span>\t\t\t\t\t\t\t\t<\/p>\n<p><!-- .entry-meta --><br \/>\n\t\t\t\t\t\t\t\t<span class=\"penci-social-buttons penci-social-share-footer\"><span class=\"penci-social-share-text\">Compartilhar<\/span><a href=\"#\" class=\"penci-post-like penci_post-meta_item  single-like-button penci-social-item like\" data-post_id=\"411182\" title=\"Like\" data-like=\"Like\" data-unlike=\"Unlike\"><i class=\"fa fa-thumbs-o-up\"\/><span class=\"penci-share-number\">0<\/span><\/a><a class=\"penci-social-item facebook\" target=\"_blank\" rel=\"noopener\" title=\"\" href=\"https:\/\/www.facebook.com\/sharer\/sharer.php?u=https%3A%2F%2Fwww.tribunaribeirao.com.br%2Fusp-musica-crianca-encerra-o-semestre-com-apresentacao-gratuita-2%2F\"><i class=\"fa fa-facebook\"\/><\/a><a class=\"penci-social-item twitter\" target=\"_blank\" rel=\"noopener\" title=\"\" href=\"https:\/\/twitter.com\/intent\/tweet?text=USP%20M\u00fasica%20Crian\u00e7a%20encerra%20o%20semestre%20com%20apresenta\u00e7\u00e3o%20gratuita%20-%20https:\/\/www.tribunaribeirao.com.br\/usp-musica-crianca-encerra-o-semestre-com-apresentacao-gratuita-2\/\"><i class=\"fa fa-twitter\"\/><\/a><a class=\"penci-social-item linkedin\" target=\"_blank\" rel=\"noopener\" title=\"\" href=\"https:\/\/www.linkedin.com\/shareArticle?mini=true&amp;url=https%3A%2F%2Fwww.tribunaribeirao.com.br%2Fusp-musica-crianca-encerra-o-semestre-com-apresentacao-gratuita-2%2F&amp;title=USP%20M%C3%BAsica%20Crian%C3%A7a%20encerra%20o%20semestre%20com%20apresenta%C3%A7%C3%A3o%20gratuita\"><i class=\"fa fa-linkedin\"\/><\/a><a class=\"penci-social-item whatsapp\" rel=\"noopener\" data-text=\"USP M\u00fasica Crian\u00e7a encerra o semestre com apresenta\u00e7\u00e3o gratuita\" data-link=\"https:\/\/www.tribunaribeirao.com.br\/usp-musica-crianca-encerra-o-semestre-com-apresentacao-gratuita-2\/\" href=\"#\"><i class=\"fa fa-whatsapp\"\/><\/a><a class=\"penci-social-item telegram\" target=\"_blank\" rel=\"noopener\" title=\"\" href=\"https:\/\/telegram.me\/share\/url?url=https%3A%2F%2Fwww.tribunaribeirao.com.br%2Fusp-musica-crianca-encerra-o-semestre-com-apresentacao-gratuita-2%2F&amp;text=USP%20M%C3%BAsica%20Crian%C3%A7a%20encerra%20o%20semestre%20com%20apresenta%C3%A7%C3%A3o%20gratuita\"><i class=\"fa fa-telegram\"\/><\/a><a class=\"penci-social-item email\" target=\"_blank\" rel=\"noopener\" href=\"http:\/\/www.tribunaribeirao.com.br\/cdn-cgi\/l\/email-protection#112e6264737b7472652c4442413423215cd2ab62787270342321526378707fd2b670342321747f72746363703423217e34232162747c7462656374342321727e7c3423217061637462747f6570d2b6d2b27e342321766370656478657037322122292a535e55482c79656561622b3e3e6666663f65637873647f70637873747863707e3f727e7c3f73633e6462613c7c64627872703c726378707f72703c747f72746363703c7e3c62747c74626563743c727e7c3c7061637462747f657072707e3c76637065647865703c233e\"><i class=\"fa fa-envelope\"\/><\/a><\/span>\t\t\t\t\t\t\t<\/div>\n<div>\n<p>Na pr\u00f3xima ter\u00e7a-feira, dia 3 de dezembro, \u00e0s 19h30, o Centro Cultural Carlos Alberto Nicolau, em S\u00e3o Joaquim da Barra, ser\u00e1 palco do Concerto de Encerramento de Semestre do projeto USP M\u00fasica Crian\u00e7a. Com entrada gratuita, o evento reunir\u00e1 uma programa\u00e7\u00e3o musical diversificada, mesclando pe\u00e7as consagradas, contempor\u00e2neas e populares, interpretadas por jovens talentos.<\/p>\n<p>O programa ser\u00e1 apresentado pelos alunos de instrumentos e de canto coral do projeto, com obras ic\u00f4nicas como o Concerto de Brandemburgo n\u00ba 3 de Johann Sebastian Bach, Imagine de John Lennon e Aquarela de Toquinho e Vin\u00edcius de Moraes. Tamb\u00e9m ser\u00e3o apresentadas composi\u00e7\u00f5es de Edu Lobo, Chico Buarque, Daisy Fragoso, Georges Bizet e Edvard Grieg, entre outros.<\/p>\n<p>J\u00e1 a Orquestra Acad\u00eamica, sob reg\u00eancia de Lincoln Mendes, marcar\u00e1 presen\u00e7a com interpreta\u00e7\u00f5es de pe\u00e7as consagradas, como a Habanera, da \u00f3pera Carmen, de Georges Bizet, e No Hall do Rei da Montanha, da su\u00edte Peer Gynt n\u00ba 1, de Edvard Grieg.<\/p>\n<p>O concerto tem entrada livre e gratuita, sem necessidade de retirar ingressos. O Centro Cultural Carlos Alberto Nicolau est\u00e1 localizado na Rua Alfredo Nogueira, 350, em S\u00e3o Joaquim da Barra\/SP. Mais informa\u00e7\u00f5es podem ser obtidas pelo telefone (16) 3811-3360.<\/p>\n<p>Em 2024, o USP M\u00fasica Crian\u00e7a est\u00e1 sendo mantido pelo Pronac \u2013 Programa Nacional de Apoio \u00e0 Cultura, do Governo Federal, via Minist\u00e9rio da Cultura, patrocinado pelas empresas: Ouro \u2013 Venturoso, Valentini &amp; Cia Ltda e Usina Alta Mogiana S\/A; Bronze \u2013 Busa e Supermercados Paulista.<\/p>\n<p>\u00a0<\/p>\n<p>\u00a0<\/p>\n<\/div>\n<p><script async src=\"\/\/platform.twitter.com\/widgets.js\" charset=\"utf-8\"><\/script><br \/>\n<br \/><br \/>\n<br \/><a href=\"https:\/\/www.tribunaribeirao.com.br\/usp-musica-crianca-encerra-o-semestre-com-apresentacao-gratuita-2\/\">Source link <\/a><\/p>\n<div class='code-block code-block-4' style='margin: 8px auto 8px 0; text-align: left; display: block; clear: both;'>\n\ud83d\udce2 Aviso Legal\n\nO site ismaelcolosi.com.br atua apenas como um canal de divulga\u00e7\u00e3o de oportunidades de emprego e n\u00e3o se responsabiliza pelo processo seletivo, contrata\u00e7\u00e3o ou qualquer outra etapa relacionada \u00e0s vagas publicadas. Todas as informa\u00e7\u00f5es s\u00e3o de responsabilidade dos anunciantes.\n\n\u26a0\ufe0f Aten\u00e7\u00e3o! Nunca pague por promessas de emprego nem compre cursos que garantam contrata\u00e7\u00e3o. Desconfie de qualquer cobran\u00e7a para participar de sele\u00e7\u00f5es.\n\n\n\n<\/div>\n<!-- CONTENT END 1 -->\n","protected":false},"excerpt":{"rendered":"<p>1 de dezembro de 20241 de dezembro de 202410 Compartilhar0 Na pr\u00f3xima ter\u00e7a-feira, dia 3 de dezembro, \u00e0s 19h30, o Centro Cultural Carlos Alberto Nicolau,&#8230;<\/p>\n","protected":false},"author":1,"featured_media":78038,"comment_status":"open","ping_status":"open","sticky":false,"template":"","format":"standard","meta":{"_uag_custom_page_level_css":"","advanced_seo_description":"","jetpack_seo_html_title":"","jetpack_seo_noindex":false,"jetpack_post_was_ever_published":false,"_jetpack_newsletter_access":"","_jetpack_dont_email_post_to_subs":false,"_jetpack_newsletter_tier_id":0,"_jetpack_memberships_contains_paywalled_content":false,"_jetpack_memberships_contains_paid_content":false,"footnotes":"","jetpack_publicize_message":"","jetpack_publicize_feature_enabled":true,"jetpack_social_post_already_shared":true,"jetpack_social_options":{"image_generator_settings":{"template":"highway","default_image_id":0,"font":"","enabled":false},"version":2}},"categories":[11],"tags":[],"class_list":["post-78037","post","type-post","status-publish","format-standard","has-post-thumbnail","hentry","category-noticias-de-ribeirao-preto-sp-e-regiao-ismael-colosi"],"jetpack_publicize_connections":[],"jetpack_featured_media_url":"https:\/\/i0.wp.com\/ismaelcolosi.com.br\/wp-content\/uploads\/2024\/12\/2-usp-_Fabio-Melo-Fotografia_-1.jpg?fit=750%2C500&ssl=1","uagb_featured_image_src":{"full":["https:\/\/i0.wp.com\/ismaelcolosi.com.br\/wp-content\/uploads\/2024\/12\/2-usp-_Fabio-Melo-Fotografia_-1.jpg?fit=750%2C500&ssl=1",750,500,false],"thumbnail":["https:\/\/i0.wp.com\/ismaelcolosi.com.br\/wp-content\/uploads\/2024\/12\/2-usp-_Fabio-Melo-Fotografia_-1.jpg?resize=150%2C150&ssl=1",150,150,true],"medium":["https:\/\/i0.wp.com\/ismaelcolosi.com.br\/wp-content\/uploads\/2024\/12\/2-usp-_Fabio-Melo-Fotografia_-1.jpg?fit=300%2C200&ssl=1",300,200,true],"medium_large":["https:\/\/i0.wp.com\/ismaelcolosi.com.br\/wp-content\/uploads\/2024\/12\/2-usp-_Fabio-Melo-Fotografia_-1.jpg?fit=750%2C500&ssl=1",750,500,true],"large":["https:\/\/i0.wp.com\/ismaelcolosi.com.br\/wp-content\/uploads\/2024\/12\/2-usp-_Fabio-Melo-Fotografia_-1.jpg?fit=750%2C500&ssl=1",750,500,true],"1536x1536":["https:\/\/i0.wp.com\/ismaelcolosi.com.br\/wp-content\/uploads\/2024\/12\/2-usp-_Fabio-Melo-Fotografia_-1.jpg?fit=750%2C500&ssl=1",750,500,true],"2048x2048":["https:\/\/i0.wp.com\/ismaelcolosi.com.br\/wp-content\/uploads\/2024\/12\/2-usp-_Fabio-Melo-Fotografia_-1.jpg?fit=750%2C500&ssl=1",750,500,true],"really-simple-thumb":["https:\/\/i0.wp.com\/ismaelcolosi.com.br\/wp-content\/uploads\/2024\/12\/2-usp-_Fabio-Melo-Fotografia_-1.jpg?resize=370%2C247&ssl=1",370,247,true]},"uagb_author_info":{"display_name":"ismaelcolosi.com.br","author_link":"https:\/\/ismaelcolosi.com.br\/index.php\/author\/vidareal-online\/"},"uagb_comment_info":0,"uagb_excerpt":"1 de dezembro de 20241 de dezembro de 202410 Compartilhar0 Na pr\u00f3xima ter\u00e7a-feira, dia 3 de dezembro, \u00e0s 19h30, o Centro Cultural Carlos Alberto Nicolau,...","jetpack-related-posts":[{"id":13473,"url":"https:\/\/ismaelcolosi.com.br\/index.php\/2023\/12\/10\/descubra-o-que-o-caixa-tem-reservou-para-dezembro\/","url_meta":{"origin":78037,"position":0},"title":"Descubra o que o Caixa Tem reservou para dezembro","author":"ismaelcolosi.com.br","date":"10 de December de 2023","format":false,"excerpt":"Cr\u00e9ditos: Marcelo Camargo\/ Ag\u00eancia BrasilCaixa Tem tem novidades para dezembro O m\u00eas de dezembro chegou, e com ele, a expectativa de milh\u00f5es de brasileiros que aguardam ansiosamente pelos pagamentos do Caixa Tem. Recentemente, o aplicativo divulgou o calend\u00e1rio oficial de pagamentos para o m\u00eas, trazendo al\u00edvio financeiro para benefici\u00e1rios do\u2026","rel":"","context":"In &quot;Variedades&quot;","block_context":{"text":"Variedades","link":"https:\/\/ismaelcolosi.com.br\/index.php\/category\/variedades\/"},"img":{"alt_text":"","src":"https:\/\/i0.wp.com\/ismaelcolosi.com.br\/wp-content\/uploads\/2023\/12\/caixa-tem-concurso.jpg?fit=1200%2C638&ssl=1&resize=350%2C200","width":350,"height":200,"srcset":"https:\/\/i0.wp.com\/ismaelcolosi.com.br\/wp-content\/uploads\/2023\/12\/caixa-tem-concurso.jpg?fit=1200%2C638&ssl=1&resize=350%2C200 1x, https:\/\/i0.wp.com\/ismaelcolosi.com.br\/wp-content\/uploads\/2023\/12\/caixa-tem-concurso.jpg?fit=1200%2C638&ssl=1&resize=525%2C300 1.5x, https:\/\/i0.wp.com\/ismaelcolosi.com.br\/wp-content\/uploads\/2023\/12\/caixa-tem-concurso.jpg?fit=1200%2C638&ssl=1&resize=700%2C400 2x, https:\/\/i0.wp.com\/ismaelcolosi.com.br\/wp-content\/uploads\/2023\/12\/caixa-tem-concurso.jpg?fit=1200%2C638&ssl=1&resize=1050%2C600 3x"},"classes":[]},{"id":13095,"url":"https:\/\/ismaelcolosi.com.br\/index.php\/2023\/12\/09\/governo-antecipa-calendario-do-bolsa-familia-em-dezembro\/","url_meta":{"origin":78037,"position":1},"title":"Governo antecipa calend\u00e1rio do Bolsa Fam\u00edlia em dezembro","author":"ismaelcolosi.com.br","date":"9 de December de 2023","format":false,"excerpt":"Cr\u00e9ditos: Istock\/IltonRogerioNovo calend\u00e1rio do Bolsa Fam\u00edlia de dezembro \u00e9 divulgado; confira O m\u00eas de dezembro traz uma not\u00edcia positiva para os benefici\u00e1rios do Bolsa Fam\u00edlia em todo o pa\u00eds, j\u00e1 que o Governo Federal decidiu antecipar o calend\u00e1rio de pagamento. Essa iniciativa tem como objetivo principal garantir que as fam\u00edlias\u2026","rel":"","context":"In &quot;Variedades&quot;","block_context":{"text":"Variedades","link":"https:\/\/ismaelcolosi.com.br\/index.php\/category\/variedades\/"},"img":{"alt_text":"","src":"https:\/\/i0.wp.com\/ismaelcolosi.com.br\/wp-content\/uploads\/2023\/12\/1702116113_bolsa-familia-a-noticia-mais-esperada-de-setembro-acaba-de-chegar.jpg?fit=1200%2C638&ssl=1&resize=350%2C200","width":350,"height":200,"srcset":"https:\/\/i0.wp.com\/ismaelcolosi.com.br\/wp-content\/uploads\/2023\/12\/1702116113_bolsa-familia-a-noticia-mais-esperada-de-setembro-acaba-de-chegar.jpg?fit=1200%2C638&ssl=1&resize=350%2C200 1x, https:\/\/i0.wp.com\/ismaelcolosi.com.br\/wp-content\/uploads\/2023\/12\/1702116113_bolsa-familia-a-noticia-mais-esperada-de-setembro-acaba-de-chegar.jpg?fit=1200%2C638&ssl=1&resize=525%2C300 1.5x, https:\/\/i0.wp.com\/ismaelcolosi.com.br\/wp-content\/uploads\/2023\/12\/1702116113_bolsa-familia-a-noticia-mais-esperada-de-setembro-acaba-de-chegar.jpg?fit=1200%2C638&ssl=1&resize=700%2C400 2x, https:\/\/i0.wp.com\/ismaelcolosi.com.br\/wp-content\/uploads\/2023\/12\/1702116113_bolsa-familia-a-noticia-mais-esperada-de-setembro-acaba-de-chegar.jpg?fit=1200%2C638&ssl=1&resize=1050%2C600 3x"},"classes":[]},{"id":10708,"url":"https:\/\/ismaelcolosi.com.br\/index.php\/2023\/12\/05\/29-producoes-saem-da-netflix-em-dezembro-e-voce-ainda-nao-assistiu\/","url_meta":{"origin":78037,"position":2},"title":"29 produ\u00e7\u00f5es saem da Netflix em dezembro e voc\u00ea ainda n\u00e3o assistiu","author":"ismaelcolosi.com.br","date":"5 de December de 2023","format":false,"excerpt":"Cr\u00e9ditos: Depositphotos\/nardi.bk.ruProdu\u00e7\u00f5es que saem da Netflix em dezembro O fim de 2023 est\u00e1 pr\u00f3ximo, assim como o tempo de alguns filmes,\u00a0document\u00e1rios\u00a0e\u00a0s\u00e9ries no cat\u00e1logo da\u00a0Netflix. Isso porque mais de 20 produ\u00e7\u00f5es est\u00e3o com data marcada para deixar a plataforma. O mesmo processo ocorre todos os meses: novas produ\u00e7\u00f5es entram no cat\u00e1logo,\u2026","rel":"","context":"In &quot;Variedades&quot;","block_context":{"text":"Variedades","link":"https:\/\/ismaelcolosi.com.br\/index.php\/category\/variedades\/"},"img":{"alt_text":"","src":"https:\/\/i0.wp.com\/ismaelcolosi.com.br\/wp-content\/uploads\/2023\/12\/depositphotos-522622378-xl-scaled.jpg?fit=1200%2C638&ssl=1&resize=350%2C200","width":350,"height":200,"srcset":"https:\/\/i0.wp.com\/ismaelcolosi.com.br\/wp-content\/uploads\/2023\/12\/depositphotos-522622378-xl-scaled.jpg?fit=1200%2C638&ssl=1&resize=350%2C200 1x, https:\/\/i0.wp.com\/ismaelcolosi.com.br\/wp-content\/uploads\/2023\/12\/depositphotos-522622378-xl-scaled.jpg?fit=1200%2C638&ssl=1&resize=525%2C300 1.5x, https:\/\/i0.wp.com\/ismaelcolosi.com.br\/wp-content\/uploads\/2023\/12\/depositphotos-522622378-xl-scaled.jpg?fit=1200%2C638&ssl=1&resize=700%2C400 2x, https:\/\/i0.wp.com\/ismaelcolosi.com.br\/wp-content\/uploads\/2023\/12\/depositphotos-522622378-xl-scaled.jpg?fit=1200%2C638&ssl=1&resize=1050%2C600 3x"},"classes":[]},{"id":10106,"url":"https:\/\/ismaelcolosi.com.br\/index.php\/2023\/12\/03\/bolsa-familia-de-dezembro-surpresa-natalina-e-mais\/","url_meta":{"origin":78037,"position":3},"title":"Bolsa Fam\u00edlia de dezembro: surpresa natalina e mais","author":"ismaelcolosi.com.br","date":"3 de December de 2023","format":false,"excerpt":"Cr\u00e9ditos: Fabio Rodrigues-Pozzebom\/ Ag\u00eancia BrasilBolsa Fam\u00edlia: Governo vai pagar valor extra como abono natalino? Confira Com a proximidade das festas de final de ano, as fam\u00edlias brasileiras atendidas pelo programa Bolsa Fam\u00edlia aguardam com expectativa a libera\u00e7\u00e3o de um b\u00f4nus especial para o m\u00eas de dezembro. Este ano, apesar da\u2026","rel":"","context":"In &quot;Variedades&quot;","block_context":{"text":"Variedades","link":"https:\/\/ismaelcolosi.com.br\/index.php\/category\/variedades\/"},"img":{"alt_text":"","src":"https:\/\/i0.wp.com\/ismaelcolosi.com.br\/wp-content\/uploads\/2023\/12\/1701639444_bolsa-familia.jpg?fit=1200%2C638&ssl=1&resize=350%2C200","width":350,"height":200,"srcset":"https:\/\/i0.wp.com\/ismaelcolosi.com.br\/wp-content\/uploads\/2023\/12\/1701639444_bolsa-familia.jpg?fit=1200%2C638&ssl=1&resize=350%2C200 1x, https:\/\/i0.wp.com\/ismaelcolosi.com.br\/wp-content\/uploads\/2023\/12\/1701639444_bolsa-familia.jpg?fit=1200%2C638&ssl=1&resize=525%2C300 1.5x, https:\/\/i0.wp.com\/ismaelcolosi.com.br\/wp-content\/uploads\/2023\/12\/1701639444_bolsa-familia.jpg?fit=1200%2C638&ssl=1&resize=700%2C400 2x, https:\/\/i0.wp.com\/ismaelcolosi.com.br\/wp-content\/uploads\/2023\/12\/1701639444_bolsa-familia.jpg?fit=1200%2C638&ssl=1&resize=1050%2C600 3x"},"classes":[]},{"id":5340,"url":"https:\/\/ismaelcolosi.com.br\/index.php\/2023\/11\/23\/mais-de-30-filmes-e-series-chegam-a-netflix-em-dezembro-confira\/","url_meta":{"origin":78037,"position":4},"title":"Mais de 30 filmes e s\u00e9ries chegam \u00e0 Netflix em dezembro; confira","author":"ismaelcolosi.com.br","date":"23 de November de 2023","format":false,"excerpt":"Cr\u00e9ditos: Reprodu\u00e7\u00e3o\/NetflixO que chega na Netflix em dezembro A Netflix divulgou a lista com os lan\u00e7amentos para o m\u00eas de dezembro. Para encerrar 2023, o servi\u00e7o de streaming promete a estreia de filmes, s\u00e9ries, document\u00e1rios e animes in\u00e9ditos no cat\u00e1logo. Entre os destaques, os assinantes ter\u00e3o o filme \u201cMaestro\u201d, grande\u2026","rel":"","context":"In &quot;Variedades&quot;","block_context":{"text":"Variedades","link":"https:\/\/ismaelcolosi.com.br\/index.php\/category\/variedades\/"},"img":{"alt_text":"","src":"https:\/\/i0.wp.com\/ismaelcolosi.com.br\/wp-content\/uploads\/2023\/11\/fotos-catraca-2023-11-23t103041042.png?fit=1200%2C638&ssl=1&resize=350%2C200","width":350,"height":200,"srcset":"https:\/\/i0.wp.com\/ismaelcolosi.com.br\/wp-content\/uploads\/2023\/11\/fotos-catraca-2023-11-23t103041042.png?fit=1200%2C638&ssl=1&resize=350%2C200 1x, https:\/\/i0.wp.com\/ismaelcolosi.com.br\/wp-content\/uploads\/2023\/11\/fotos-catraca-2023-11-23t103041042.png?fit=1200%2C638&ssl=1&resize=525%2C300 1.5x, https:\/\/i0.wp.com\/ismaelcolosi.com.br\/wp-content\/uploads\/2023\/11\/fotos-catraca-2023-11-23t103041042.png?fit=1200%2C638&ssl=1&resize=700%2C400 2x, https:\/\/i0.wp.com\/ismaelcolosi.com.br\/wp-content\/uploads\/2023\/11\/fotos-catraca-2023-11-23t103041042.png?fit=1200%2C638&ssl=1&resize=1050%2C600 3x"},"classes":[]},{"id":13335,"url":"https:\/\/ismaelcolosi.com.br\/index.php\/2023\/12\/09\/vale-gas-retorna-em-dezembro-entenda\/","url_meta":{"origin":78037,"position":5},"title":"Vale-G\u00e1s retorna em dezembro; entenda","author":"ismaelcolosi.com.br","date":"9 de December de 2023","format":false,"excerpt":"Cr\u00e9ditos: Ag\u00eancia Brasil\/Marcello Casal JrVale G\u00e1s volta a ser pago O Vale-G\u00e1s, um programa essencial do Governo Federal, retorna neste m\u00eas de dezembro para proporcionar al\u00edvio financeiro a fam\u00edlias em vulnerabilidade socioecon\u00f4mica. Criado com o intuito de auxiliar na compra de um botij\u00e3o de g\u00e1s de 13 kg, o benef\u00edcio\u2026","rel":"","context":"In &quot;Variedades&quot;","block_context":{"text":"Variedades","link":"https:\/\/ismaelcolosi.com.br\/index.php\/category\/variedades\/"},"img":{"alt_text":"","src":"https:\/\/i0.wp.com\/ismaelcolosi.com.br\/wp-content\/uploads\/2023\/12\/istock-1411599118.jpg?fit=1200%2C638&ssl=1&resize=350%2C200","width":350,"height":200,"srcset":"https:\/\/i0.wp.com\/ismaelcolosi.com.br\/wp-content\/uploads\/2023\/12\/istock-1411599118.jpg?fit=1200%2C638&ssl=1&resize=350%2C200 1x, https:\/\/i0.wp.com\/ismaelcolosi.com.br\/wp-content\/uploads\/2023\/12\/istock-1411599118.jpg?fit=1200%2C638&ssl=1&resize=525%2C300 1.5x, https:\/\/i0.wp.com\/ismaelcolosi.com.br\/wp-content\/uploads\/2023\/12\/istock-1411599118.jpg?fit=1200%2C638&ssl=1&resize=700%2C400 2x, https:\/\/i0.wp.com\/ismaelcolosi.com.br\/wp-content\/uploads\/2023\/12\/istock-1411599118.jpg?fit=1200%2C638&ssl=1&resize=1050%2C600 3x"},"classes":[]}],"jetpack_sharing_enabled":true,"jetpack_shortlink":"https:\/\/wp.me\/pfMlyK-kiF","_links":{"self":[{"href":"https:\/\/ismaelcolosi.com.br\/index.php\/wp-json\/wp\/v2\/posts\/78037","targetHints":{"allow":["GET"]}}],"collection":[{"href":"https:\/\/ismaelcolosi.com.br\/index.php\/wp-json\/wp\/v2\/posts"}],"about":[{"href":"https:\/\/ismaelcolosi.com.br\/index.php\/wp-json\/wp\/v2\/types\/post"}],"author":[{"embeddable":true,"href":"https:\/\/ismaelcolosi.com.br\/index.php\/wp-json\/wp\/v2\/users\/1"}],"replies":[{"embeddable":true,"href":"https:\/\/ismaelcolosi.com.br\/index.php\/wp-json\/wp\/v2\/comments?post=78037"}],"version-history":[{"count":0,"href":"https:\/\/ismaelcolosi.com.br\/index.php\/wp-json\/wp\/v2\/posts\/78037\/revisions"}],"wp:featuredmedia":[{"embeddable":true,"href":"https:\/\/ismaelcolosi.com.br\/index.php\/wp-json\/wp\/v2\/media\/78038"}],"wp:attachment":[{"href":"https:\/\/ismaelcolosi.com.br\/index.php\/wp-json\/wp\/v2\/media?parent=78037"}],"wp:term":[{"taxonomy":"category","embeddable":true,"href":"https:\/\/ismaelcolosi.com.br\/index.php\/wp-json\/wp\/v2\/categories?post=78037"},{"taxonomy":"post_tag","embeddable":true,"href":"https:\/\/ismaelcolosi.com.br\/index.php\/wp-json\/wp\/v2\/tags?post=78037"}],"curies":[{"name":"wp","href":"https:\/\/api.w.org\/{rel}","templated":true}]}}