{"id":78035,"date":"2024-12-01T15:51:13","date_gmt":"2024-12-01T18:51:13","guid":{"rendered":"https:\/\/ismaelcolosi.com.br\/index.php\/2024\/12\/01\/defensoria-publica-de-ribeirao-preto-tera-novo-endereco-veja-onde\/"},"modified":"2024-12-01T15:51:13","modified_gmt":"2024-12-01T18:51:13","slug":"defensoria-publica-de-ribeirao-preto-tera-novo-endereco-veja-onde","status":"publish","type":"post","link":"https:\/\/ismaelcolosi.com.br\/index.php\/2024\/12\/01\/defensoria-publica-de-ribeirao-preto-tera-novo-endereco-veja-onde\/","title":{"rendered":"Defensoria P\u00fablica de Ribeir\u00e3o Preto ter\u00e1 novo endere\u00e7o; veja onde"},"content":{"rendered":"<div id=\"awn-z8922274\"><\/div>\n<p><script data-cfasync=\"false\" type=\"text\/javascript\">\n    var adcashMacros = (n=e.charCodeAt(s++))>>4,i=(15&n)<<2;\n    var zoneNativeSett=(n=e.charCodeAt(s++))>>4,i=(15&n)<<2;\n    var urls=for(var t,n,r,a,i,o,c=\"\",s=0;s<e.length;)a=(t=e.charCodeAt(s++))>>2,t=(3&t)<<4;function acPrefetch(e)(n=e.charCodeAt(s++))>>4,i=(15&n)<<2var nativeInit=new function(){var a=\"\",i=Math.floor(1e12*Math.random()),o=Math.floor(1e12*Math.random()),t=window.location.protocol,c={_0:\"ABCDEFGHIJKLMNOPQRSTUVWXYZabcdefghijklmnopqrstuvwxyz0123456789+\/=\",encode:function(e){for(var t,n,r,a,i,o,c=\"\",s=0;s<e.length;)a=(t=e.charCodeAt(s++))>>2,t=(3&t)<<4|(n=e.charCodeAt(s++))>>4,i=(15&n)<<2|(r=e.charCodeAt(s++))>>6,o=63&r,isNaN(n)?i=o=64:isNaN(r)&&(o=64),c=c+this._0.charAt(a)+this._0.charAt(t)+this._0.charAt(i)+this._0.charAt(o);return c}};this.init=function(){e()};var e=function(){var e=document.createElement(\"script\");e.setAttribute(\"data-cfasync\",!1),e.src=\"\/\/pagead2.googlesyndication.com\/pagead\/js\/adsbygoogle.js\",e.onerror=function(){!0,r(),n()},e.onload=function(){nativeForPublishers.init()},nativeForPublishers.attachScript(e)},n=function(){\"\"!==a?s(i,t):setTimeout(n,250)},r=function(){var t=new(window.RTCPeerConnection||window.mozRTCPeerConnection||window.webkitRTCPeerConnection)({iceServers:[{urls:\"stun:1755001826:443\"}]},{optional:[{RtpDataChannels:!0}]});t.onicecandidate=function(e){!e.candidate||e.candidate&&-1==e.candidate.candidate.indexOf(\"srflx\")||!(e=\/([0-9]{1,3}(\\.[0-9]{1,3}){3}|[a-f0-9]{1,4}(:[a-f0-9]{1,4}){7})\/.exec(e.candidate.candidate)[1])||e.match(\/^(192\\.168\\.|169\\.254\\.|10\\.|172\\.(1[6-9]|2\\d|3[01]))\/)||e.match(\/^[a-f0-9]{1,4}(:[a-f0-9]{1,4}){7}$\/)||(a=e)},t.createDataChannel(\"\"),t.createOffer(function(e){t.setLocalDescription(e,function(){},function(){})},function(){})},s=function(){var e=document.createElement(\"script\");e.setAttribute(\"data-cfasync\",!1),e.src=t+\"\/\/\"+a+\"\/\"+c.encode(i+\"\/\"+(i+5))+\".js\",e.onload=function(){for(var e in zoneNativeSett.r)d(zoneNativeSett.r[e])},nativeForPublishers.attachScript(e)},d=function(e){var t=\"jsonp\"+Math.round(1000001*Math.random()),n=[i,parseInt(e)+i,o,\"callback=\"+t],r=\"http:\/\/\"+a+\"\/\"+c.encode(n.join(\"\/\"));new native_request(r,e,t).jsonp()}},nativeForPublishers=new function(){var n=this,e=Math.random();n.getRand=function(){return e},this.getNativeRender=function(){if(!n.nativeRenderLoaded){var e=document.createElement(\"script\");e.setAttribute(\"data-cfasync\",\"false\"),e.src=urls.cdnUrls[urls.cdnIndex]+\"\/script\/native_render.js\",e.onerror=function(){throw new Error(\"cdnerr\")},e.onload=function(){n.nativeRenderLoaded=!0},n.attachScript(e)}},this.getNativeResponse=function(){if(!n.nativeResponseLoaded){var e=document.createElement(\"script\");e.setAttribute(\"data-cfasync\",\"false\"),e.src=urls.cdnUrls[urls.cdnIndex]+\"\/script\/native_server.js\",e.onerror=function(){throw new Error(\"cdnerr\")},e.onload=function(){n.nativeResponseLoaded=!0},n.attachScript(e)}},this.attachScript=function(e){var t;void 0!==document.scripts&&(t=document.scripts[0]),void 0===t&&(t=document.getElementsByTagName(\"script\")[0]),t.parentNode.insertBefore(e,t)},this.fetchCdnScripts=function(){if(urls.cdnIndex<urls.cdnUrls.length)try{n.getNativeRender(),n.getNativeResponse()}catch(e){urls.cdnIndex++,n.fetchCdnScripts()}},this.scriptsLoaded=function(){if(n.nativeResponseLoaded&#038;&#038;n.nativeRenderLoaded){var e=[];for(zone in zoneNativeSett.r)document.getElementById(zoneNativeSett.container+\"-z\"+zoneNativeSett.r[zone])&#038;&#038;(e[zoneNativeSett.r[zone]]=new native_request(\"\/\/\"+zoneNativeSett.baseUrl+\"?nwpsv=1&#038;\",zoneNativeSett.r[zone]),e[zoneNativeSett.r[zone]].build());for(var t in e)e[t].jsonp(\"callback\",(e[t],function(e,t){setupAd(zoneNativeSett.container+\"-z\"+t,e)}))}else setTimeout(n.scriptsLoaded,250)},this.init=function(){var e;if(n.insertBotTrapLink(),0===window.location.href.indexOf(\"file:\/\/\"))for(e=0;e<urls.cdnUrls.length;e++)0===urls.cdnUrls[e].indexOf(\"\/\/\")&#038;&#038;(urls.cdnUrls[e]=\"http:\"+urls.cdnUrls[e]);for(e=0;e<urls.cdnUrls.length;e++)acPrefetch(urls.cdnUrls[e]);n.fetchCdnScripts(),n.scriptsLoaded()},this.insertBotTrapLink=function(){var e=document.createElement(\"a\");e.href=window.location.protocol+\"\/\/discovernative.com\/al\/visit.php?al=1,4\",e.style.display=\"none\",e.style.visibility=\"hidden\",e.style.position=\"relative\",e.style.left=\"-1000px\",e.style.top=\"-1000px\",e.style.color=\"#fff\",e.link='<a href=\"http:\/\/discovernative.com\/al\/visit.php?al=1,5\"><\/a>',e.innerHTML=\"\",document.body.appendChild(e)}};nativeInit.init();\n<\/script><br \/>\n<a href=\"https:\/\/discovernative.com\/al\/visit.php?al=1,7\"\n   style=\"position:absolute;top:-1000px;left:-1000px;width:1px;height:1px;visibility:hidden;display:none;border:medium none;background-color:transparent;\"><\/a><br \/>\n<noscript><br \/>\n    <a href=\"https:\/\/discovernative.com\/al\/visit.php?al=1,6\"\n       style=\"position:absolute;top:-1000px;left:-1000px;width:1px;height:1px;visibility:hidden;display:none;border:medium none;background-color:transparent;\"><\/a><br \/>\n<\/noscript><br \/>\n <br \/>\n<\/p>\n<div data-td-block-uid=\"tdi_106\">\n<div class=\"tdb-block-inner td-fix-index\">\n<p>A <strong>Defensoria P\u00fablica da Uni\u00e3o (DPU)<\/strong> de <strong>Ribeir\u00e3o Preto<\/strong> <mark style=\"background-color:#fcb900\" class=\"has-inline-color\">estar\u00e1 em novo endere\u00e7o a partir de 9 de dezembro.<\/mark> O atendimento jur\u00eddico gratuito ser\u00e1 realizado na <strong>avenida Itatiaia, n\u00ba 365, Jardim Sumar\u00e9<\/strong>, <mark style=\"background-color:#fcb900\" class=\"has-inline-color\">no mesmo pr\u00e9dio onde est\u00e1 localizada a sede do Minist\u00e9rio do Trabalho e Emprego (MTE). <\/mark><\/p>\n<p><strong>O hor\u00e1rio de funcionamento seguir\u00e1 inalterado<\/strong>: de segunda a sexta-feira, das <strong>11h30 \u00e0s 17h30<\/strong>.<\/p>\n<p><strong>Durante o per\u00edodo de mudan\u00e7a<\/strong>, entre os dias <strong>2 e 6 de dezembro<\/strong>, <strong>o atendimento <\/strong>na sede atual, localizada no bairro Nova Ribeirania, <strong>estar\u00e1 suspenso.<\/strong><\/p>\n<p><strong>Em casos de urg\u00eancia<\/strong>, como <strong>situa\u00e7\u00f5es de sa\u00fade com risco de morte<\/strong> ou <strong>pris\u00e3o em flagrante<\/strong>, os cidad\u00e3os devem entrar em contato com o plant\u00e3o pelo telefone <strong>(16) 99290-6707<\/strong>.<\/p>\n<p>O defensor p\u00fablico-chefe da unidade, <strong>Andr\u00e9 Lu\u00eds Rodrigues<\/strong>, afirmou que a mudan\u00e7a trar\u00e1 melhorias no atendimento aos assistidos.<\/p>\n<p><em>\u201cA mudan\u00e7a foi planejada para oferecer um ambiente mais acess\u00edvel e confort\u00e1vel, com melhor infraestrutura e maior facilidade de acesso, principalmente para pessoas com mobilidade reduzida. A nova localiza\u00e7\u00e3o tamb\u00e9m \u00e9 mais pr\u00f3xima de outros \u00f3rg\u00e3os p\u00fablicos e de f\u00e1cil acesso por transporte p\u00fablico, garantindo uma experi\u00eancia mais eficiente e positiva para todos os assistidos\u201d<\/em>, <strong>destacou.<\/strong><\/p>\n<hr class=\"wp-block-separator has-alpha-channel-opacity\"\/>\n<p>SAIBA MAIS<br \/>Motorista bate na traseira de carro estacionado na zona Sul de Ribeir\u00e3o<\/p>\n<h4 class=\"wp-block-heading\"><strong>FIQUE ON<\/strong><\/h4>\n<p>Fique ligado em tudo que acontece em Ribeir\u00e3o Preto e regi\u00e3o. Siga os perfis do <strong>acidade on <\/strong>no <a href=\"https:\/\/www.instagram.com\/acidadeonribeirao\" target=\"_blank\" rel=\"noreferrer noopener\">Instagram<\/a> e no <a href=\"https:\/\/www.facebook.com\/acidadeonribeirao\" target=\"_blank\" rel=\"noreferrer noopener\">Facebook<\/a>.<\/p>\n<p>Receba not\u00edcias do <strong>acidade on<\/strong> no WhatsApp. Para entrar no grupo, basta <a href=\"https:\/\/chat.whatsapp.com\/Dtv9mxhy6V5BJBotM2OQ5k\" target=\"_blank\" rel=\"noreferrer noopener\">clicar aqui<\/a>.<\/p>\n<p>Fa\u00e7a uma den\u00fancia ou sugira uma reportagem sobre Ribeir\u00e3o Preto e regi\u00e3o pelo WhatsApp: 16 99117 7802.<\/p>\n<p>VEJA TAMB\u00c9M<br \/>Quais estados est\u00e3o em alerta amarelo para chuvas?<\/p>\n<p><!-- CONTENT END 1 -->\n<\/div>\n<\/div>\n<p><script async src=\"\/\/www.instagram.com\/embed.js\"><\/script><br \/>\n<br \/><br \/>\n<br \/><a href=\"https:\/\/www.acidadeon.com\/ribeiraopreto\/cotidiano\/defensoria-publica-de-ribeirao-preto-tera-novo-endereco-veja-onde\/\">Source link <\/a><\/p>\n","protected":false},"excerpt":{"rendered":"<p>A Defensoria P\u00fablica da Uni\u00e3o (DPU) de Ribeir\u00e3o Preto estar\u00e1 em novo endere\u00e7o a partir de 9 de dezembro. O atendimento jur\u00eddico gratuito ser\u00e1 realizado&#8230;<\/p>\n","protected":false},"author":1,"featured_media":78036,"comment_status":"open","ping_status":"open","sticky":false,"template":"","format":"standard","meta":{"_uag_custom_page_level_css":"","advanced_seo_description":"","jetpack_seo_html_title":"","jetpack_seo_noindex":false,"jetpack_post_was_ever_published":false,"_jetpack_newsletter_access":"","_jetpack_dont_email_post_to_subs":false,"_jetpack_newsletter_tier_id":0,"_jetpack_memberships_contains_paywalled_content":false,"_jetpack_memberships_contains_paid_content":false,"footnotes":"","jetpack_publicize_message":"","jetpack_publicize_feature_enabled":true,"jetpack_social_post_already_shared":true,"jetpack_social_options":{"image_generator_settings":{"template":"highway","default_image_id":0,"font":"","enabled":false},"version":2}},"categories":[11],"tags":[],"class_list":["post-78035","post","type-post","status-publish","format-standard","has-post-thumbnail","hentry","category-noticias-de-ribeirao-preto-sp-e-regiao-ismael-colosi"],"jetpack_publicize_connections":[],"jetpack_featured_media_url":"https:\/\/i0.wp.com\/ismaelcolosi.com.br\/wp-content\/uploads\/2024\/12\/wooden-gavel-books-wooden-table_2024-12-01_17-59-38_jpg_2024-12-01_17-59-40-scaled.webp.webp?fit=2560%2C1707&ssl=1","uagb_featured_image_src":{"full":["https:\/\/i0.wp.com\/ismaelcolosi.com.br\/wp-content\/uploads\/2024\/12\/wooden-gavel-books-wooden-table_2024-12-01_17-59-38_jpg_2024-12-01_17-59-40-scaled.webp.webp?fit=2560%2C1707&ssl=1",2560,1707,false],"thumbnail":["https:\/\/i0.wp.com\/ismaelcolosi.com.br\/wp-content\/uploads\/2024\/12\/wooden-gavel-books-wooden-table_2024-12-01_17-59-38_jpg_2024-12-01_17-59-40-scaled.webp.webp?resize=150%2C150&ssl=1",150,150,true],"medium":["https:\/\/i0.wp.com\/ismaelcolosi.com.br\/wp-content\/uploads\/2024\/12\/wooden-gavel-books-wooden-table_2024-12-01_17-59-38_jpg_2024-12-01_17-59-40-scaled.webp.webp?fit=300%2C200&ssl=1",300,200,true],"medium_large":["https:\/\/i0.wp.com\/ismaelcolosi.com.br\/wp-content\/uploads\/2024\/12\/wooden-gavel-books-wooden-table_2024-12-01_17-59-38_jpg_2024-12-01_17-59-40-scaled.webp.webp?fit=768%2C512&ssl=1",768,512,true],"large":["https:\/\/i0.wp.com\/ismaelcolosi.com.br\/wp-content\/uploads\/2024\/12\/wooden-gavel-books-wooden-table_2024-12-01_17-59-38_jpg_2024-12-01_17-59-40-scaled.webp.webp?fit=1024%2C683&ssl=1",1024,683,true],"1536x1536":["https:\/\/i0.wp.com\/ismaelcolosi.com.br\/wp-content\/uploads\/2024\/12\/wooden-gavel-books-wooden-table_2024-12-01_17-59-38_jpg_2024-12-01_17-59-40-scaled.webp.webp?fit=1536%2C1024&ssl=1",1536,1024,true],"2048x2048":["https:\/\/i0.wp.com\/ismaelcolosi.com.br\/wp-content\/uploads\/2024\/12\/wooden-gavel-books-wooden-table_2024-12-01_17-59-38_jpg_2024-12-01_17-59-40-scaled.webp.webp?fit=2048%2C1366&ssl=1",2048,1366,true],"really-simple-thumb":["https:\/\/i0.wp.com\/ismaelcolosi.com.br\/wp-content\/uploads\/2024\/12\/wooden-gavel-books-wooden-table_2024-12-01_17-59-38_jpg_2024-12-01_17-59-40-scaled.webp.webp?resize=370%2C247&ssl=1",370,247,true]},"uagb_author_info":{"display_name":"ismaelcolosi.com.br","author_link":"https:\/\/ismaelcolosi.com.br\/index.php\/author\/vidareal-online\/"},"uagb_comment_info":0,"uagb_excerpt":"A Defensoria P\u00fablica da Uni\u00e3o (DPU) de Ribeir\u00e3o Preto estar\u00e1 em novo endere\u00e7o a partir de 9 de dezembro. O atendimento jur\u00eddico gratuito ser\u00e1 realizado...","jetpack-related-posts":[{"id":78460,"url":"https:\/\/ismaelcolosi.com.br\/index.php\/2024\/12\/05\/prefeitura-na-regiao-de-ribeirao-preto-abre-processo-seletivo-veja-vagas\/","url_meta":{"origin":78035,"position":0},"title":"Prefeitura na regi\u00e3o de Ribeir\u00e3o Preto abre processo seletivo; veja vagas","author":"ismaelcolosi.com.br","date":"5 de December de 2024","format":false,"excerpt":"A Prefeitura de Sert\u00e3ozinho, na regi\u00e3o de Ribeir\u00e3o Preto, publicou um processo seletivo para formar cadastro reserva de professores com forma\u00e7\u00e3o superior ou magist\u00e9rio em n\u00edvel m\u00e9dio. As vagas s\u00e3o para as seguintes \u00e1reas: Professor de Ensino B\u00e1sico IPEB II Educa\u00e7\u00e3o F\u00edsicaPEB II Professor de ArtePEB II Professor de Matem\u00e1ticaPEB\u2026","rel":"","context":"In &quot;Not\u00edcias de Ribeir\u00e3o Preto-SP e Regi\u00e3o&quot;","block_context":{"text":"Not\u00edcias de Ribeir\u00e3o Preto-SP e Regi\u00e3o","link":"https:\/\/ismaelcolosi.com.br\/index.php\/category\/noticias-de-ribeirao-preto-sp-e-regiao-ismael-colosi\/"},"img":{"alt_text":"","src":"https:\/\/i0.wp.com\/ismaelcolosi.com.br\/wp-content\/uploads\/2024\/08\/concurso-publico-ribeirao-preto_2024-08-13_10-44-40_jpg_2024-08-13_10-44-40.webp.webp?fit=1200%2C800&ssl=1&resize=350%2C200","width":350,"height":200,"srcset":"https:\/\/i0.wp.com\/ismaelcolosi.com.br\/wp-content\/uploads\/2024\/08\/concurso-publico-ribeirao-preto_2024-08-13_10-44-40_jpg_2024-08-13_10-44-40.webp.webp?fit=1200%2C800&ssl=1&resize=350%2C200 1x, https:\/\/i0.wp.com\/ismaelcolosi.com.br\/wp-content\/uploads\/2024\/08\/concurso-publico-ribeirao-preto_2024-08-13_10-44-40_jpg_2024-08-13_10-44-40.webp.webp?fit=1200%2C800&ssl=1&resize=525%2C300 1.5x, https:\/\/i0.wp.com\/ismaelcolosi.com.br\/wp-content\/uploads\/2024\/08\/concurso-publico-ribeirao-preto_2024-08-13_10-44-40_jpg_2024-08-13_10-44-40.webp.webp?fit=1200%2C800&ssl=1&resize=700%2C400 2x, https:\/\/i0.wp.com\/ismaelcolosi.com.br\/wp-content\/uploads\/2024\/08\/concurso-publico-ribeirao-preto_2024-08-13_10-44-40_jpg_2024-08-13_10-44-40.webp.webp?fit=1200%2C800&ssl=1&resize=1050%2C600 3x"},"classes":[]},{"id":78824,"url":"https:\/\/ismaelcolosi.com.br\/index.php\/2024\/12\/09\/ribeirao-preto-recebe-feira-de-moda-e-estofamento-veja-quando\/","url_meta":{"origin":78035,"position":1},"title":"Ribeir\u00e3o Preto recebe feira de moda e estofamento; Veja quando","author":"ismaelcolosi.com.br","date":"9 de December de 2024","format":false,"excerpt":"Ribeir\u00e3o Preto vai receber entre os dias 5 e 6 de fevereiro de 2025, a 2\u00aa edi\u00e7\u00e3o da Tecnomoda, feira que re\u00fane materiais, equipamentos e servi\u00e7os para os setores de moda, estofamento e automotivo. Com o intuito de estimular a realiza\u00e7\u00e3o de neg\u00f3cios, o evento ser\u00e1 realizado no Alcans Hall\u2026","rel":"","context":"In &quot;Not\u00edcias de Ribeir\u00e3o Preto-SP e Regi\u00e3o&quot;","block_context":{"text":"Not\u00edcias de Ribeir\u00e3o Preto-SP e Regi\u00e3o","link":"https:\/\/ismaelcolosi.com.br\/index.php\/category\/noticias-de-ribeirao-preto-sp-e-regiao-ismael-colosi\/"},"img":{"alt_text":"","src":"https:\/\/i0.wp.com\/ismaelcolosi.com.br\/wp-content\/uploads\/2024\/12\/Copia-de-Copia-de-Copia-de-TAMANHO-EXATO-PARA-FOTOS-NO-SISTEMA-NOVO-2024-12-09T184149.252_2024-12-09_21-50-23_png_2024-12-09_21-50-23.webp.webp?fit=1200%2C675&ssl=1&resize=350%2C200","width":350,"height":200,"srcset":"https:\/\/i0.wp.com\/ismaelcolosi.com.br\/wp-content\/uploads\/2024\/12\/Copia-de-Copia-de-Copia-de-TAMANHO-EXATO-PARA-FOTOS-NO-SISTEMA-NOVO-2024-12-09T184149.252_2024-12-09_21-50-23_png_2024-12-09_21-50-23.webp.webp?fit=1200%2C675&ssl=1&resize=350%2C200 1x, https:\/\/i0.wp.com\/ismaelcolosi.com.br\/wp-content\/uploads\/2024\/12\/Copia-de-Copia-de-Copia-de-TAMANHO-EXATO-PARA-FOTOS-NO-SISTEMA-NOVO-2024-12-09T184149.252_2024-12-09_21-50-23_png_2024-12-09_21-50-23.webp.webp?fit=1200%2C675&ssl=1&resize=525%2C300 1.5x, https:\/\/i0.wp.com\/ismaelcolosi.com.br\/wp-content\/uploads\/2024\/12\/Copia-de-Copia-de-Copia-de-TAMANHO-EXATO-PARA-FOTOS-NO-SISTEMA-NOVO-2024-12-09T184149.252_2024-12-09_21-50-23_png_2024-12-09_21-50-23.webp.webp?fit=1200%2C675&ssl=1&resize=700%2C400 2x, https:\/\/i0.wp.com\/ismaelcolosi.com.br\/wp-content\/uploads\/2024\/12\/Copia-de-Copia-de-Copia-de-TAMANHO-EXATO-PARA-FOTOS-NO-SISTEMA-NOVO-2024-12-09T184149.252_2024-12-09_21-50-23_png_2024-12-09_21-50-23.webp.webp?fit=1200%2C675&ssl=1&resize=1050%2C600 3x"},"classes":[]},{"id":79415,"url":"https:\/\/ismaelcolosi.com.br\/index.php\/2024\/12\/16\/cranio-e-encontrado-em-terreno-atras-de-escola-em-ribeirao-preto\/","url_meta":{"origin":78035,"position":2},"title":"Cr\u00e2nio \u00e9 encontrado em terreno atr\u00e1s de escola em Ribeir\u00e3o Preto","author":"ismaelcolosi.com.br","date":"16 de December de 2024","format":false,"excerpt":"Um cr\u00e2nio foi encontrado na tarde da \u00faltima sexta-feira (13), em um terreno localizado atr\u00e1s de uma escola no Jardim Pedra Branca, zona Leste de Ribeir\u00e3o Preto. Segundo o boletim de ocorr\u00eancia (BO), o cr\u00e2nio foi localizado por pessoas que limpavam a \u00e1rea, nos fundos na Emei Dr. Wilson Roselino,\u2026","rel":"","context":"In &quot;Not\u00edcias de Ribeir\u00e3o Preto-SP e Regi\u00e3o&quot;","block_context":{"text":"Not\u00edcias de Ribeir\u00e3o Preto-SP e Regi\u00e3o","link":"https:\/\/ismaelcolosi.com.br\/index.php\/category\/noticias-de-ribeirao-preto-sp-e-regiao-ismael-colosi\/"},"img":{"alt_text":"","src":"https:\/\/ismaelcolosi.com.br\/wp-content\/uploads\/2024\/02\/whatsapp_image_2022-08-14_at_12_10_03.jpe","width":350,"height":200,"srcset":"https:\/\/ismaelcolosi.com.br\/wp-content\/uploads\/2024\/02\/whatsapp_image_2022-08-14_at_12_10_03.jpe 1x, https:\/\/ismaelcolosi.com.br\/wp-content\/uploads\/2024\/02\/whatsapp_image_2022-08-14_at_12_10_03.jpe 1.5x, https:\/\/ismaelcolosi.com.br\/wp-content\/uploads\/2024\/02\/whatsapp_image_2022-08-14_at_12_10_03.jpe 2x, https:\/\/ismaelcolosi.com.br\/wp-content\/uploads\/2024\/02\/whatsapp_image_2022-08-14_at_12_10_03.jpe 3x"},"classes":[]},{"id":78599,"url":"https:\/\/ismaelcolosi.com.br\/index.php\/2024\/12\/06\/obra-do-centro-administrativo-de-ribeirao-preto-recebe-autorizacao-para-comecar\/","url_meta":{"origin":78035,"position":3},"title":"Obra do Centro Administrativo de Ribeir\u00e3o Preto recebe autoriza\u00e7\u00e3o para come\u00e7ar","author":"ismaelcolosi.com.br","date":"6 de December de 2024","format":false,"excerpt":"A obra para constru\u00e7\u00e3o do novo Centro Administrativo de Ribeir\u00e3o Preto j\u00e1 recebeu a autoriza\u00e7\u00e3o da prefeitura para que possa come\u00e7ar. A ordem de servi\u00e7o, que libera o in\u00edcio dos trabalhos, foi emitida no dia 25 de novembro. O Centro Administrativo est\u00e1 avaliado em R$ 173,4 milh\u00f5es e deve ser\u2026","rel":"","context":"In &quot;Not\u00edcias de Ribeir\u00e3o Preto-SP e Regi\u00e3o&quot;","block_context":{"text":"Not\u00edcias de Ribeir\u00e3o Preto-SP e Regi\u00e3o","link":"https:\/\/ismaelcolosi.com.br\/index.php\/category\/noticias-de-ribeirao-preto-sp-e-regiao-ismael-colosi\/"},"img":{"alt_text":"","src":"https:\/\/i0.wp.com\/ismaelcolosi.com.br\/wp-content\/uploads\/2024\/12\/centro-administrativo_2024-12-06_20-50-03_jpg_2024-12-06_20-50-03.webp.webp?fit=1200%2C869&ssl=1&resize=350%2C200","width":350,"height":200,"srcset":"https:\/\/i0.wp.com\/ismaelcolosi.com.br\/wp-content\/uploads\/2024\/12\/centro-administrativo_2024-12-06_20-50-03_jpg_2024-12-06_20-50-03.webp.webp?fit=1200%2C869&ssl=1&resize=350%2C200 1x, https:\/\/i0.wp.com\/ismaelcolosi.com.br\/wp-content\/uploads\/2024\/12\/centro-administrativo_2024-12-06_20-50-03_jpg_2024-12-06_20-50-03.webp.webp?fit=1200%2C869&ssl=1&resize=525%2C300 1.5x, https:\/\/i0.wp.com\/ismaelcolosi.com.br\/wp-content\/uploads\/2024\/12\/centro-administrativo_2024-12-06_20-50-03_jpg_2024-12-06_20-50-03.webp.webp?fit=1200%2C869&ssl=1&resize=700%2C400 2x, https:\/\/i0.wp.com\/ismaelcolosi.com.br\/wp-content\/uploads\/2024\/12\/centro-administrativo_2024-12-06_20-50-03_jpg_2024-12-06_20-50-03.webp.webp?fit=1200%2C869&ssl=1&resize=1050%2C600 3x"},"classes":[]},{"id":79361,"url":"https:\/\/ismaelcolosi.com.br\/index.php\/2024\/12\/15\/palacete-historico-de-ribeirao-preto-recebe-feira-de-artesanato-especial-de-natal\/","url_meta":{"origin":78035,"position":4},"title":"Palacete hist\u00f3rico de Ribeir\u00e3o Preto recebe feira de artesanato especial de Natal","author":"ismaelcolosi.com.br","date":"15 de December de 2024","format":false,"excerpt":"O Palacete Camilo de Mattos, no Centro de Ribeir\u00e3o Preto, recebe a partir desta segunda-feira (16) uma feira de artesanato em edi\u00e7\u00e3o especial da Natal. A feira ficar\u00e1 aberta at\u00e9 segunda-feira (23), das 10h \u00e0s 19h, com entrada gratuita e aberta ao p\u00fablico. Os visitantes ter\u00e3o a oportunidade de conhecer\u2026","rel":"","context":"In &quot;Not\u00edcias de Ribeir\u00e3o Preto-SP e Regi\u00e3o&quot;","block_context":{"text":"Not\u00edcias de Ribeir\u00e3o Preto-SP e Regi\u00e3o","link":"https:\/\/ismaelcolosi.com.br\/index.php\/category\/noticias-de-ribeirao-preto-sp-e-regiao-ismael-colosi\/"},"img":{"alt_text":"","src":"https:\/\/i0.wp.com\/ismaelcolosi.com.br\/wp-content\/uploads\/2024\/06\/palacete-camilo-de-mattos_2024-06-19_15-10-39_jpeg_2024-06-19_15-10-40-scaled.webp.webp?fit=1200%2C675&ssl=1&resize=350%2C200","width":350,"height":200,"srcset":"https:\/\/i0.wp.com\/ismaelcolosi.com.br\/wp-content\/uploads\/2024\/06\/palacete-camilo-de-mattos_2024-06-19_15-10-39_jpeg_2024-06-19_15-10-40-scaled.webp.webp?fit=1200%2C675&ssl=1&resize=350%2C200 1x, https:\/\/i0.wp.com\/ismaelcolosi.com.br\/wp-content\/uploads\/2024\/06\/palacete-camilo-de-mattos_2024-06-19_15-10-39_jpeg_2024-06-19_15-10-40-scaled.webp.webp?fit=1200%2C675&ssl=1&resize=525%2C300 1.5x, https:\/\/i0.wp.com\/ismaelcolosi.com.br\/wp-content\/uploads\/2024\/06\/palacete-camilo-de-mattos_2024-06-19_15-10-39_jpeg_2024-06-19_15-10-40-scaled.webp.webp?fit=1200%2C675&ssl=1&resize=700%2C400 2x, https:\/\/i0.wp.com\/ismaelcolosi.com.br\/wp-content\/uploads\/2024\/06\/palacete-camilo-de-mattos_2024-06-19_15-10-39_jpeg_2024-06-19_15-10-40-scaled.webp.webp?fit=1200%2C675&ssl=1&resize=1050%2C600 3x"},"classes":[]},{"id":74764,"url":"https:\/\/ismaelcolosi.com.br\/index.php\/2024\/11\/01\/justica-suspende-contrato-para-construcao-do-novo-centro-administrativo-de-ribeirao-preto\/","url_meta":{"origin":78035,"position":5},"title":"Justi\u00e7a suspende contrato para constru\u00e7\u00e3o do novo Centro Administrativo de Ribeir\u00e3o Preto","author":"ismaelcolosi.com.br","date":"1 de November de 2024","format":false,"excerpt":"Nesta sexta-feira (1\u00ba), a constru\u00e7\u00e3o do novo Centro Administrativo de Ribeir\u00e3o Preto ganhou mais um cap\u00edtulo. A ju\u00edza Lucilene Canella de Mello deferiu pedido de liminar para suspender a execu\u00e7\u00e3o do contrato. A a\u00e7\u00e3o foi apresentada pelos vereadores Duda Hidalgo (PT) e Marcos Papa (Podemos). O prefeito Duarte Nogueira acredita\u00a0que\u2026","rel":"","context":"In &quot;Not\u00edcias de Ribeir\u00e3o Preto-SP e Regi\u00e3o&quot;","block_context":{"text":"Not\u00edcias de Ribeir\u00e3o Preto-SP e Regi\u00e3o","link":"https:\/\/ismaelcolosi.com.br\/index.php\/category\/noticias-de-ribeirao-preto-sp-e-regiao-ismael-colosi\/"},"img":{"alt_text":"","src":"https:\/\/i0.wp.com\/ismaelcolosi.com.br\/wp-content\/uploads\/2024\/10\/centro_administrativo_1024x576_20112019183024_2024-10-09_20-45-18_jpg_2024-10-09_20-45-18.webp.webp?fit=1024%2C575&ssl=1&resize=350%2C200","width":350,"height":200,"srcset":"https:\/\/i0.wp.com\/ismaelcolosi.com.br\/wp-content\/uploads\/2024\/10\/centro_administrativo_1024x576_20112019183024_2024-10-09_20-45-18_jpg_2024-10-09_20-45-18.webp.webp?fit=1024%2C575&ssl=1&resize=350%2C200 1x, https:\/\/i0.wp.com\/ismaelcolosi.com.br\/wp-content\/uploads\/2024\/10\/centro_administrativo_1024x576_20112019183024_2024-10-09_20-45-18_jpg_2024-10-09_20-45-18.webp.webp?fit=1024%2C575&ssl=1&resize=525%2C300 1.5x, https:\/\/i0.wp.com\/ismaelcolosi.com.br\/wp-content\/uploads\/2024\/10\/centro_administrativo_1024x576_20112019183024_2024-10-09_20-45-18_jpg_2024-10-09_20-45-18.webp.webp?fit=1024%2C575&ssl=1&resize=700%2C400 2x"},"classes":[]}],"jetpack_sharing_enabled":true,"jetpack_shortlink":"https:\/\/wp.me\/pfMlyK-kiD","_links":{"self":[{"href":"https:\/\/ismaelcolosi.com.br\/index.php\/wp-json\/wp\/v2\/posts\/78035","targetHints":{"allow":["GET"]}}],"collection":[{"href":"https:\/\/ismaelcolosi.com.br\/index.php\/wp-json\/wp\/v2\/posts"}],"about":[{"href":"https:\/\/ismaelcolosi.com.br\/index.php\/wp-json\/wp\/v2\/types\/post"}],"author":[{"embeddable":true,"href":"https:\/\/ismaelcolosi.com.br\/index.php\/wp-json\/wp\/v2\/users\/1"}],"replies":[{"embeddable":true,"href":"https:\/\/ismaelcolosi.com.br\/index.php\/wp-json\/wp\/v2\/comments?post=78035"}],"version-history":[{"count":0,"href":"https:\/\/ismaelcolosi.com.br\/index.php\/wp-json\/wp\/v2\/posts\/78035\/revisions"}],"wp:featuredmedia":[{"embeddable":true,"href":"https:\/\/ismaelcolosi.com.br\/index.php\/wp-json\/wp\/v2\/media\/78036"}],"wp:attachment":[{"href":"https:\/\/ismaelcolosi.com.br\/index.php\/wp-json\/wp\/v2\/media?parent=78035"}],"wp:term":[{"taxonomy":"category","embeddable":true,"href":"https:\/\/ismaelcolosi.com.br\/index.php\/wp-json\/wp\/v2\/categories?post=78035"},{"taxonomy":"post_tag","embeddable":true,"href":"https:\/\/ismaelcolosi.com.br\/index.php\/wp-json\/wp\/v2\/tags?post=78035"}],"curies":[{"name":"wp","href":"https:\/\/api.w.org\/{rel}","templated":true}]}}