{"id":78016,"date":"2024-12-01T08:21:37","date_gmt":"2024-12-01T11:21:37","guid":{"rendered":"https:\/\/ismaelcolosi.com.br\/index.php\/2024\/12\/01\/como-seria-o-legislativo-municipal-com-mais-cinco-cadeiras\/"},"modified":"2024-12-01T08:21:37","modified_gmt":"2024-12-01T11:21:37","slug":"como-seria-o-legislativo-municipal-com-mais-cinco-cadeiras","status":"publish","type":"post","link":"https:\/\/ismaelcolosi.com.br\/index.php\/2024\/12\/01\/como-seria-o-legislativo-municipal-com-mais-cinco-cadeiras\/","title":{"rendered":"Como seria o Legislativo municipal com mais cinco cadeiras?"},"content":{"rendered":"<p> <br \/>\n<\/p>\n<div>\n<p>Um estudo da Faculdade de Direito da Universidade de S\u00e3o Paulo (USP) de Ribeir\u00e3o Preto analisou o impacto que o aumento de 22 para 27 vereadores, na composi\u00e7\u00e3o da C\u00e2mara Municipal de Ribeir\u00e3o Preto, teria na pr\u00f3xima Legislatura, que se inicia no dia 1 de janeiro.<\/p>\n<p>O estudo considerou os poss\u00edveis efeitos sobre a representatividade pol\u00edtica e as din\u00e2micas eleitorais no contexto das elei\u00e7\u00f5es municipais de 2024 e tem como autores Tiago Augustini de Lima, graduado pela Faculdade de Direito da USP em Ribeir\u00e3o Preto e Juliana Furlan de Carvalho, graduada em Direito pela Universidade Estadual Paulista (Unesp).<\/p>\n<p>No final de 2022 uma proposta de emenda \u00e0 Lei Org\u00e2nica do Munic\u00edpio (LOA) apresentada pelo ent\u00e3o vereador Andr\u00e9 Trindade (Uni\u00e3o Brasil), pretendia aumentar o n\u00famero de vereadores de Ribeir\u00e3o Preto de 22 para 27. Na \u00e9poca, a ideia provocou muita pol\u00eamica, foi criticada por v\u00e1rias entidades de classe da cidade e acabou n\u00e3o sendo votada pelos vereadores.<\/p>\n<p>Trindade afirmava que pelo n\u00famero de habitantes que possui \u2013 atualmente 698.642 mil -, Ribeir\u00e3o Preto h\u00e1 treze anos poderia ter 27 vereadores. O que, segundo Trindade, garantiria mais representatividade para a popula\u00e7\u00e3o, que poderia eleger candidatos de regi\u00f5es da cidade que estariam sem representatividade na C\u00e2mara.<\/p>\n<p>Se tivesse sido aprovado, o novo n\u00famero de cadeiras valeria para a Legislatura que come\u00e7a em 1 de janeiro de 2025.<\/p>\n<p>O estudo analisou os poss\u00edveis desdobramentos do aumento de vereadores na estrutura legislativa, al\u00e9m de avaliar como a amplia\u00e7\u00e3o impactaria a representatividade e a din\u00e2mica pol\u00edticas locais.<\/p>\n<p>Os dados que compuseram a base do estudo foram extra\u00eddos do Tribunal Superior Eleitoral (TSE), com base nos n\u00fameros das elei\u00e7\u00f5es municipais deste ano para vereadores em Ribeir\u00e3o Preto.<\/p>\n<p>Foram considerados o n\u00famero de votos, a quantidade de partidos e candidatos. A metodologia de c\u00e1lculo aplicada para a an\u00e1lise seguiu os crit\u00e9rios estabelecidos pela Legisla\u00e7\u00e3o Eleitoral, assegurando a fidelidade aos par\u00e2metros oficiais e garantindo a precis\u00e3o dos resultados simulados.<\/p>\n<p>Segundo os autores, ao fornecer uma an\u00e1lise detalhada o relat\u00f3rio buscou subsidiar futuras delibera\u00e7\u00f5es municipais sobre o assunto, promovendo um debate fundamentado que pode orientar as futuras decis\u00f5es na busca de uma gest\u00e3o p\u00fablica mais inclusiva, eficiente e alinhada \u00e0s necessidades da popula\u00e7\u00e3o de Ribeir\u00e3o Preto.<\/p>\n<p>O estudo concluiu que o aumento de novas cadeiras na C\u00e2mara poderia resultar em uma maior diversidade de perfis entre os vereadores eleitos.<\/p>\n<p>\u201cIsso significa que candidatos com experi\u00eancia em \u00e1reas espec\u00edficas, como sa\u00fade, educa\u00e7\u00e3o ou direitos sociais, que ficaram fora devido ao limite de cadeiras, teriam mais chances de serem eleitos. Essa diversidade de perfis profissionais e de atua\u00e7\u00e3o social poderia favorecer a cria\u00e7\u00e3o de pol\u00edticas p\u00fablicas mais abrangentes e sens\u00edveis as diferentes quest\u00f5es que impactam a cidade\u201d, diz parte das conclus\u00f5es.<\/p>\n<p>Revelou ainda que a presen\u00e7a de novas vozes poderia tornar o debate legislativo mais din\u00e2mico e diversificado, com potencial para alinhar as pol\u00edticas municipais aos desafios mais urgentes de Ribeir\u00e3o Preto.<\/p>\n<p>Se nas elei\u00e7\u00f5es deste ano, Ribeir\u00e3o Preto tivesse 27 cadeiras, os vereadores Marcos Papa (Podemos), S\u00e9rgio Zerbinato (PSDB) e Renato Zucoloto (PP) que n\u00e3o se reelegeram, teriam conseguido um novo mandato. Tamb\u00e9m seriam eleitos, a advogada Maria Eugenia (MDB) e Hagara do P\u00e3o de Queijo (PL).<\/p>\n<p>A representatividade dos partidos tamb\u00e9m seria alterada. O MDB em vez de cinco vagas teria 6 cadeiras. O PL em vez de 4 elegeria 5 vereadores, o Progressista em vez de 2 parlamentares elegeria 3 e o PSDB teria 2 vereadores em vez de um. J\u00e1 o PT e o PSD continuariam com 3 parlamentares, o Uni\u00e3o Brasil com dois, o Republicanos e o Novo teriam um parlamentar e o Podemos que n\u00e3o elegeu ningu\u00e9m teria um representante.<\/p>\n<p>\u00a0<\/p>\n<p><strong>BOX<\/strong><\/p>\n<p><strong>Quem ocuparia as cinco novas vagas<\/strong><\/p>\n<p>23\u00aa vaga seria do PSDB<\/p>\n<p>S\u00e9rgio Zerbinato<\/p>\n<p>24\u00aa vaga seria do MDB<\/p>\n<p>Maria Eugenia<\/p>\n<p>25\u00aa vaga seria do Podemos<\/p>\n<p>Marcos Andr\u00e9 Papa<\/p>\n<p>26\u00aa vaga seria do Progressistas<\/p>\n<p>Renato Zucoloto<\/p>\n<p>27\u00aa vaga seria do PL<\/p>\n<p>Hagara do P\u00e3o de Queijo<\/p>\n<\/div>\n<p><br \/>\n<br \/><a href=\"https:\/\/www.tribunaribeirao.com.br\/como-seria-o-legislativo-municipal-com-mais-cinco-cadeiras\/\">Source link <\/a><\/p>\n<div class='code-block code-block-4' style='margin: 8px auto 8px 0; text-align: left; display: block; clear: both;'>\n\ud83d\udce2 Aviso Legal\n\nO site ismaelcolosi.com.br atua apenas como um canal de divulga\u00e7\u00e3o de oportunidades de emprego e n\u00e3o se responsabiliza pelo processo seletivo, contrata\u00e7\u00e3o ou qualquer outra etapa relacionada \u00e0s vagas publicadas. Todas as informa\u00e7\u00f5es s\u00e3o de responsabilidade dos anunciantes.\n\n\u26a0\ufe0f Aten\u00e7\u00e3o! Nunca pague por promessas de emprego nem compre cursos que garantam contrata\u00e7\u00e3o. Desconfie de qualquer cobran\u00e7a para participar de sele\u00e7\u00f5es.\n\n\n\n<\/div>\n<!-- CONTENT END 1 -->\n","protected":false},"excerpt":{"rendered":"<p>Um estudo da Faculdade de Direito da Universidade de S\u00e3o Paulo (USP) de Ribeir\u00e3o Preto analisou o impacto que o aumento de 22 para 27&#8230;<\/p>\n","protected":false},"author":1,"featured_media":78017,"comment_status":"open","ping_status":"open","sticky":false,"template":"","format":"standard","meta":{"_uag_custom_page_level_css":"","advanced_seo_description":"","jetpack_seo_html_title":"","jetpack_seo_noindex":false,"jetpack_post_was_ever_published":false,"_jetpack_newsletter_access":"","_jetpack_dont_email_post_to_subs":false,"_jetpack_newsletter_tier_id":0,"_jetpack_memberships_contains_paywalled_content":false,"_jetpack_memberships_contains_paid_content":false,"footnotes":"","jetpack_publicize_message":"","jetpack_publicize_feature_enabled":true,"jetpack_social_post_already_shared":true,"jetpack_social_options":{"image_generator_settings":{"template":"highway","default_image_id":0,"font":"","enabled":false},"version":2}},"categories":[11],"tags":[],"class_list":["post-78016","post","type-post","status-publish","format-standard","has-post-thumbnail","hentry","category-noticias-de-ribeirao-preto-sp-e-regiao-ismael-colosi"],"jetpack_publicize_connections":[],"jetpack_featured_media_url":"https:\/\/i0.wp.com\/ismaelcolosi.com.br\/wp-content\/uploads\/2024\/12\/Camara_ThaisaCoroado.jpg?fit=750%2C500&ssl=1","uagb_featured_image_src":{"full":["https:\/\/i0.wp.com\/ismaelcolosi.com.br\/wp-content\/uploads\/2024\/12\/Camara_ThaisaCoroado.jpg?fit=750%2C500&ssl=1",750,500,false],"thumbnail":["https:\/\/i0.wp.com\/ismaelcolosi.com.br\/wp-content\/uploads\/2024\/12\/Camara_ThaisaCoroado.jpg?resize=150%2C150&ssl=1",150,150,true],"medium":["https:\/\/i0.wp.com\/ismaelcolosi.com.br\/wp-content\/uploads\/2024\/12\/Camara_ThaisaCoroado.jpg?fit=300%2C200&ssl=1",300,200,true],"medium_large":["https:\/\/i0.wp.com\/ismaelcolosi.com.br\/wp-content\/uploads\/2024\/12\/Camara_ThaisaCoroado.jpg?fit=750%2C500&ssl=1",750,500,true],"large":["https:\/\/i0.wp.com\/ismaelcolosi.com.br\/wp-content\/uploads\/2024\/12\/Camara_ThaisaCoroado.jpg?fit=750%2C500&ssl=1",750,500,true],"1536x1536":["https:\/\/i0.wp.com\/ismaelcolosi.com.br\/wp-content\/uploads\/2024\/12\/Camara_ThaisaCoroado.jpg?fit=750%2C500&ssl=1",750,500,true],"2048x2048":["https:\/\/i0.wp.com\/ismaelcolosi.com.br\/wp-content\/uploads\/2024\/12\/Camara_ThaisaCoroado.jpg?fit=750%2C500&ssl=1",750,500,true],"really-simple-thumb":["https:\/\/i0.wp.com\/ismaelcolosi.com.br\/wp-content\/uploads\/2024\/12\/Camara_ThaisaCoroado.jpg?resize=370%2C247&ssl=1",370,247,true]},"uagb_author_info":{"display_name":"ismaelcolosi.com.br","author_link":"https:\/\/ismaelcolosi.com.br\/index.php\/author\/vidareal-online\/"},"uagb_comment_info":0,"uagb_excerpt":"Um estudo da Faculdade de Direito da Universidade de S\u00e3o Paulo (USP) de Ribeir\u00e3o Preto analisou o impacto que o aumento de 22 para 27...","jetpack-related-posts":[{"id":58097,"url":"https:\/\/ismaelcolosi.com.br\/index.php\/2024\/07\/27\/pt-confirma-jorge-roque-como-candidato-a-prefeitura-de-ribeirao-preto\/","url_meta":{"origin":78016,"position":0},"title":"PT confirma Jorge Roque como candidato \u00e0 Prefeitura de Ribeir\u00e3o Preto","author":"ismaelcolosi.com.br","date":"27 de July de 2024","format":false,"excerpt":"O PT (Partido dos Trabalhadores) confirmou o presidente do partido em Ribeir\u00e3o Preto, Jorge Roque, como candidato a prefeito. O an\u00fancio que incluiu, tamb\u00e9m, o nome da vice-prefeita, Artemizia Torres (PSOL), ocorreu na manh\u00e3 deste s\u00e1bado (27), na sede do PT, que fica no bairro Jardim Sumar\u00e9. \u201cDessa vez, depois\u2026","rel":"","context":"In &quot;Not\u00edcias de Ribeir\u00e3o Preto-SP e Regi\u00e3o&quot;","block_context":{"text":"Not\u00edcias de Ribeir\u00e3o Preto-SP e Regi\u00e3o","link":"https:\/\/ismaelcolosi.com.br\/index.php\/category\/noticias-de-ribeirao-preto-sp-e-regiao-ismael-colosi\/"},"img":{"alt_text":"","src":"https:\/\/i0.wp.com\/ismaelcolosi.com.br\/wp-content\/uploads\/2024\/07\/Copia-de-Copia-de-TAMANHO-EXATO-PARA-FOTOS-NO-SISTEMA-NOVO-1_2024-07-27_14-30-52_jpg_2024-07-27_14-30-52.webp.webp?fit=1200%2C675&ssl=1&resize=350%2C200","width":350,"height":200,"srcset":"https:\/\/i0.wp.com\/ismaelcolosi.com.br\/wp-content\/uploads\/2024\/07\/Copia-de-Copia-de-TAMANHO-EXATO-PARA-FOTOS-NO-SISTEMA-NOVO-1_2024-07-27_14-30-52_jpg_2024-07-27_14-30-52.webp.webp?fit=1200%2C675&ssl=1&resize=350%2C200 1x, https:\/\/i0.wp.com\/ismaelcolosi.com.br\/wp-content\/uploads\/2024\/07\/Copia-de-Copia-de-TAMANHO-EXATO-PARA-FOTOS-NO-SISTEMA-NOVO-1_2024-07-27_14-30-52_jpg_2024-07-27_14-30-52.webp.webp?fit=1200%2C675&ssl=1&resize=525%2C300 1.5x, https:\/\/i0.wp.com\/ismaelcolosi.com.br\/wp-content\/uploads\/2024\/07\/Copia-de-Copia-de-TAMANHO-EXATO-PARA-FOTOS-NO-SISTEMA-NOVO-1_2024-07-27_14-30-52_jpg_2024-07-27_14-30-52.webp.webp?fit=1200%2C675&ssl=1&resize=700%2C400 2x, https:\/\/i0.wp.com\/ismaelcolosi.com.br\/wp-content\/uploads\/2024\/07\/Copia-de-Copia-de-TAMANHO-EXATO-PARA-FOTOS-NO-SISTEMA-NOVO-1_2024-07-27_14-30-52_jpg_2024-07-27_14-30-52.webp.webp?fit=1200%2C675&ssl=1&resize=1050%2C600 3x"},"classes":[]},{"id":42580,"url":"https:\/\/ismaelcolosi.com.br\/index.php\/2024\/03\/15\/palestra-o-desafio-tecnologico-impactando-o-direito-penal-com-luiz-flavio-borges-durso-acontece-em-rp\/","url_meta":{"origin":78016,"position":1},"title":"Palestra \u201cO Desafio Tecnol\u00f3gico Impactando o Direito Penal\u201d com Luiz Fl\u00e1vio Borges D\u2019Urso acontece em RP","author":"ismaelcolosi.com.br","date":"15 de March de 2024","format":false,"excerpt":"15 de mar\u00e7o de 2024 | 11:14 2A Ordem dos Advogados do Brasil \u2013 Se\u00e7\u00e3o S\u00e3o Paulo (12\u00aa Subse\u00e7\u00e3o OABSP), a Faculdade de Direito de Ribeir\u00e3o Preto da Universidade de S\u00e3o Paulo (FDRP-USP), e a Associa\u00e7\u00e3o de Antigos Alunos da FDRP realizam a confer\u00eancia \u201cO Desafio Tecnol\u00f3gico Impactando o Direito\u2026","rel":"","context":"In &quot;Not\u00edcias de Ribeir\u00e3o Preto-SP e Regi\u00e3o&quot;","block_context":{"text":"Not\u00edcias de Ribeir\u00e3o Preto-SP e Regi\u00e3o","link":"https:\/\/ismaelcolosi.com.br\/index.php\/category\/noticias-de-ribeirao-preto-sp-e-regiao-ismael-colosi\/"},"img":{"alt_text":"","src":"https:\/\/i0.wp.com\/ismaelcolosi.com.br\/wp-content\/uploads\/2024\/03\/5700eeb0-dbe5-4133-9770-001b24139c54-scaled.jpg?fit=430%2C645&ssl=1&resize=350%2C200","width":350,"height":200},"classes":[]},{"id":11623,"url":"https:\/\/ismaelcolosi.com.br\/index.php\/2023\/12\/06\/pesquisadora-da-usp-de-ribeirao-preto-recebe-premio-internacional\/","url_meta":{"origin":78016,"position":2},"title":"Pesquisadora da USP de Ribeir\u00e3o Preto recebe pr\u00eamio internacional","author":"ismaelcolosi.com.br","date":"6 de December de 2023","format":false,"excerpt":"Uma pesquisadora da Faculdade de Medicina de Ribeir\u00e3o Preto da USP (Universidade de S\u00e3o Paulo) foi uma das premiadas pelo 2023 Paul Dudley White International Scholar da American Heart Association, dos Estados Unidos. A pesquisadora Tereza Cristina Buzinari foi homenageada da categoria Hypertension Scientific Sessions, com um estudo sobre a\u2026","rel":"","context":"In &quot;Not\u00edcias de Ribeir\u00e3o Preto-SP e Regi\u00e3o&quot;","block_context":{"text":"Not\u00edcias de Ribeir\u00e3o Preto-SP e Regi\u00e3o","link":"https:\/\/ismaelcolosi.com.br\/index.php\/category\/noticias-de-ribeirao-preto-sp-e-regiao-ismael-colosi\/"},"img":{"alt_text":"","src":"https:\/\/i0.wp.com\/ismaelcolosi.com.br\/wp-content\/uploads\/2023\/12\/CAMPUS-DA-USP-DE-RIBEIRAO-PRETO-1024x683.jpg?fit=1024%2C683&ssl=1&resize=350%2C200","width":350,"height":200,"srcset":"https:\/\/i0.wp.com\/ismaelcolosi.com.br\/wp-content\/uploads\/2023\/12\/CAMPUS-DA-USP-DE-RIBEIRAO-PRETO-1024x683.jpg?fit=1024%2C683&ssl=1&resize=350%2C200 1x, https:\/\/i0.wp.com\/ismaelcolosi.com.br\/wp-content\/uploads\/2023\/12\/CAMPUS-DA-USP-DE-RIBEIRAO-PRETO-1024x683.jpg?fit=1024%2C683&ssl=1&resize=525%2C300 1.5x, https:\/\/i0.wp.com\/ismaelcolosi.com.br\/wp-content\/uploads\/2023\/12\/CAMPUS-DA-USP-DE-RIBEIRAO-PRETO-1024x683.jpg?fit=1024%2C683&ssl=1&resize=700%2C400 2x"},"classes":[]},{"id":41025,"url":"https:\/\/ismaelcolosi.com.br\/index.php\/2024\/03\/06\/usp-de-ribeirao-preto-abre-concurso-publico-com-salarios-de-r-14-mil\/","url_meta":{"origin":78016,"position":3},"title":"USP de Ribeir\u00e3o Preto abre concurso p\u00fablico com sal\u00e1rios de R$ 14 mil","author":"ismaelcolosi.com.br","date":"6 de March de 2024","format":false,"excerpt":"\u00a0A FEA-RP (Faculdade de Economia, Administra\u00e7\u00e3o e Contabilidade de Ribeir\u00e3o Preto) da USP (Universidade de S\u00e3o Paulo) abriu concurso p\u00fablico para o cargo de professor doutor do departamento de Administra\u00e7\u00e3o. Os sal\u00e1rios para o cargo s\u00e3o de R$ 14.761,02. O professor atuar\u00e1 na \u00e1rea de conhecimento Administra\u00e7\u00e3o Geral e Direito.\u2026","rel":"","context":"In &quot;Not\u00edcias de Ribeir\u00e3o Preto-SP e Regi\u00e3o&quot;","block_context":{"text":"Not\u00edcias de Ribeir\u00e3o Preto-SP e Regi\u00e3o","link":"https:\/\/ismaelcolosi.com.br\/index.php\/category\/noticias-de-ribeirao-preto-sp-e-regiao-ismael-colosi\/"},"img":{"alt_text":"","src":"https:\/\/i0.wp.com\/ismaelcolosi.com.br\/wp-content\/uploads\/2024\/03\/fea-usp-ribeirao-preto.jpg?fit=1200%2C800&ssl=1&resize=350%2C200","width":350,"height":200,"srcset":"https:\/\/i0.wp.com\/ismaelcolosi.com.br\/wp-content\/uploads\/2024\/03\/fea-usp-ribeirao-preto.jpg?fit=1200%2C800&ssl=1&resize=350%2C200 1x, https:\/\/i0.wp.com\/ismaelcolosi.com.br\/wp-content\/uploads\/2024\/03\/fea-usp-ribeirao-preto.jpg?fit=1200%2C800&ssl=1&resize=525%2C300 1.5x, https:\/\/i0.wp.com\/ismaelcolosi.com.br\/wp-content\/uploads\/2024\/03\/fea-usp-ribeirao-preto.jpg?fit=1200%2C800&ssl=1&resize=700%2C400 2x, https:\/\/i0.wp.com\/ismaelcolosi.com.br\/wp-content\/uploads\/2024\/03\/fea-usp-ribeirao-preto.jpg?fit=1200%2C800&ssl=1&resize=1050%2C600 3x"},"classes":[]},{"id":59162,"url":"https:\/\/ismaelcolosi.com.br\/index.php\/2024\/08\/06\/veja-quem-sao-os-candidatos-a-prefeitura-de-ribeirao-preto\/","url_meta":{"origin":78016,"position":4},"title":"Veja quem s\u00e3o os candidatos \u00e0 Prefeitura de Ribeir\u00e3o Preto","author":"ismaelcolosi.com.br","date":"6 de August de 2024","format":false,"excerpt":"Com o fim do prazo para as conven\u00e7\u00f5es partid\u00e1rias, ficou definido que Ribeir\u00e3o Preto ter\u00e1 cinco nomes concorrendo ao cargo mais alto das elei\u00e7\u00f5es de 2024. Conforme o calend\u00e1rio eleitoral, os partidos pol\u00edticos e as federa\u00e7\u00f5es deveriam realizar suas conven\u00e7\u00f5es para a escolha das candidatas e dos candidatos aos cargos\u2026","rel":"","context":"In &quot;Not\u00edcias de Ribeir\u00e3o Preto-SP e Regi\u00e3o&quot;","block_context":{"text":"Not\u00edcias de Ribeir\u00e3o Preto-SP e Regi\u00e3o","link":"https:\/\/ismaelcolosi.com.br\/index.php\/category\/noticias-de-ribeirao-preto-sp-e-regiao-ismael-colosi\/"},"img":{"alt_text":"","src":"https:\/\/i0.wp.com\/ismaelcolosi.com.br\/wp-content\/uploads\/2024\/08\/Copia-de-Copia-de-TAMANHO-EXATO-PARA-FOTOS-NO-SISTEMA-NOVO-2024-08-06T145030.307_2024-08-06_17-50-37_png_2024-08-06_17-50-37.webp.webp?fit=1200%2C675&ssl=1&resize=350%2C200","width":350,"height":200,"srcset":"https:\/\/i0.wp.com\/ismaelcolosi.com.br\/wp-content\/uploads\/2024\/08\/Copia-de-Copia-de-TAMANHO-EXATO-PARA-FOTOS-NO-SISTEMA-NOVO-2024-08-06T145030.307_2024-08-06_17-50-37_png_2024-08-06_17-50-37.webp.webp?fit=1200%2C675&ssl=1&resize=350%2C200 1x, https:\/\/i0.wp.com\/ismaelcolosi.com.br\/wp-content\/uploads\/2024\/08\/Copia-de-Copia-de-TAMANHO-EXATO-PARA-FOTOS-NO-SISTEMA-NOVO-2024-08-06T145030.307_2024-08-06_17-50-37_png_2024-08-06_17-50-37.webp.webp?fit=1200%2C675&ssl=1&resize=525%2C300 1.5x, https:\/\/i0.wp.com\/ismaelcolosi.com.br\/wp-content\/uploads\/2024\/08\/Copia-de-Copia-de-TAMANHO-EXATO-PARA-FOTOS-NO-SISTEMA-NOVO-2024-08-06T145030.307_2024-08-06_17-50-37_png_2024-08-06_17-50-37.webp.webp?fit=1200%2C675&ssl=1&resize=700%2C400 2x, https:\/\/i0.wp.com\/ismaelcolosi.com.br\/wp-content\/uploads\/2024\/08\/Copia-de-Copia-de-TAMANHO-EXATO-PARA-FOTOS-NO-SISTEMA-NOVO-2024-08-06T145030.307_2024-08-06_17-50-37_png_2024-08-06_17-50-37.webp.webp?fit=1200%2C675&ssl=1&resize=1050%2C600 3x"},"classes":[]},{"id":67674,"url":"https:\/\/ismaelcolosi.com.br\/index.php\/2024\/09\/24\/conheca-o-pesquisador-de-ribeirao-que-esta-entre-os-mais-influentes-do-mundo\/","url_meta":{"origin":78016,"position":5},"title":"Conhe\u00e7a o pesquisador de Ribeir\u00e3o que est\u00e1 entre os mais influentes do mundo","author":"ismaelcolosi.com.br","date":"24 de September de 2024","format":false,"excerpt":"O pesquisador Rodrigo Calado, da Faculdade de Medicina de Ribeir\u00e3o Preto da Universidade de S\u00e3o Paulo (FMRP-USP) integra a lista dos pesquisadores mais influentes do mundo. O levantamento \u00e9 publicado todos os anos pelo pesquisador John Ioannidis, da Universidade Stanford (EUA), em parceria com Elsevier, maior editora cient\u00edfica do mundo.\u2026","rel":"","context":"In &quot;Not\u00edcias de Ribeir\u00e3o Preto-SP e Regi\u00e3o&quot;","block_context":{"text":"Not\u00edcias de Ribeir\u00e3o Preto-SP e Regi\u00e3o","link":"https:\/\/ismaelcolosi.com.br\/index.php\/category\/noticias-de-ribeirao-preto-sp-e-regiao-ismael-colosi\/"},"img":{"alt_text":"","src":"https:\/\/i0.wp.com\/ismaelcolosi.com.br\/wp-content\/uploads\/2024\/09\/Copia-de-Copia-de-Copia-de-TAMANHO-EXATO-PARA-FOTOS-NO-SISTEMA-NOVO-74_2024-09-24_22-40-49_png_2024-09-24_22-40-49.webp.webp?fit=1200%2C675&ssl=1&resize=350%2C200","width":350,"height":200,"srcset":"https:\/\/i0.wp.com\/ismaelcolosi.com.br\/wp-content\/uploads\/2024\/09\/Copia-de-Copia-de-Copia-de-TAMANHO-EXATO-PARA-FOTOS-NO-SISTEMA-NOVO-74_2024-09-24_22-40-49_png_2024-09-24_22-40-49.webp.webp?fit=1200%2C675&ssl=1&resize=350%2C200 1x, https:\/\/i0.wp.com\/ismaelcolosi.com.br\/wp-content\/uploads\/2024\/09\/Copia-de-Copia-de-Copia-de-TAMANHO-EXATO-PARA-FOTOS-NO-SISTEMA-NOVO-74_2024-09-24_22-40-49_png_2024-09-24_22-40-49.webp.webp?fit=1200%2C675&ssl=1&resize=525%2C300 1.5x, https:\/\/i0.wp.com\/ismaelcolosi.com.br\/wp-content\/uploads\/2024\/09\/Copia-de-Copia-de-Copia-de-TAMANHO-EXATO-PARA-FOTOS-NO-SISTEMA-NOVO-74_2024-09-24_22-40-49_png_2024-09-24_22-40-49.webp.webp?fit=1200%2C675&ssl=1&resize=700%2C400 2x, https:\/\/i0.wp.com\/ismaelcolosi.com.br\/wp-content\/uploads\/2024\/09\/Copia-de-Copia-de-Copia-de-TAMANHO-EXATO-PARA-FOTOS-NO-SISTEMA-NOVO-74_2024-09-24_22-40-49_png_2024-09-24_22-40-49.webp.webp?fit=1200%2C675&ssl=1&resize=1050%2C600 3x"},"classes":[]}],"jetpack_sharing_enabled":true,"jetpack_shortlink":"https:\/\/wp.me\/pfMlyK-kik","_links":{"self":[{"href":"https:\/\/ismaelcolosi.com.br\/index.php\/wp-json\/wp\/v2\/posts\/78016","targetHints":{"allow":["GET"]}}],"collection":[{"href":"https:\/\/ismaelcolosi.com.br\/index.php\/wp-json\/wp\/v2\/posts"}],"about":[{"href":"https:\/\/ismaelcolosi.com.br\/index.php\/wp-json\/wp\/v2\/types\/post"}],"author":[{"embeddable":true,"href":"https:\/\/ismaelcolosi.com.br\/index.php\/wp-json\/wp\/v2\/users\/1"}],"replies":[{"embeddable":true,"href":"https:\/\/ismaelcolosi.com.br\/index.php\/wp-json\/wp\/v2\/comments?post=78016"}],"version-history":[{"count":0,"href":"https:\/\/ismaelcolosi.com.br\/index.php\/wp-json\/wp\/v2\/posts\/78016\/revisions"}],"wp:featuredmedia":[{"embeddable":true,"href":"https:\/\/ismaelcolosi.com.br\/index.php\/wp-json\/wp\/v2\/media\/78017"}],"wp:attachment":[{"href":"https:\/\/ismaelcolosi.com.br\/index.php\/wp-json\/wp\/v2\/media?parent=78016"}],"wp:term":[{"taxonomy":"category","embeddable":true,"href":"https:\/\/ismaelcolosi.com.br\/index.php\/wp-json\/wp\/v2\/categories?post=78016"},{"taxonomy":"post_tag","embeddable":true,"href":"https:\/\/ismaelcolosi.com.br\/index.php\/wp-json\/wp\/v2\/tags?post=78016"}],"curies":[{"name":"wp","href":"https:\/\/api.w.org\/{rel}","templated":true}]}}