{"id":78009,"date":"2024-12-01T05:40:22","date_gmt":"2024-12-01T08:40:22","guid":{"rendered":"https:\/\/ismaelcolosi.com.br\/index.php\/2024\/12\/01\/16-maneiras-de-aliviar-o-estresse-em-dias-dificeis-no-trabalho\/"},"modified":"2024-12-01T05:40:22","modified_gmt":"2024-12-01T08:40:22","slug":"16-maneiras-de-aliviar-o-estresse-em-dias-dificeis-no-trabalho","status":"publish","type":"post","link":"https:\/\/ismaelcolosi.com.br\/index.php\/2024\/12\/01\/16-maneiras-de-aliviar-o-estresse-em-dias-dificeis-no-trabalho\/","title":{"rendered":"16 Maneiras de Aliviar o Estresse em Dias Dif\u00edceis no Trabalho"},"content":{"rendered":"<p> <br \/>\n<\/p>\n<div>\n<figure class=\"destaque wp-caption\">&#13;<br \/>\n\t\t<img data-recalc-dims=\"1\" width=\"678\" height=\"452\" src=\"https:\/\/i0.wp.com\/forbes.com.br\/wp-content\/uploads\/2024\/11\/carreira-trabalho-respiracao-768x512.jpg?resize=678%2C452&#038;ssl=1\" class=\"attachment-medium_large size-medium_large wp-post-image\" alt=\"\" decoding=\"async\" fetchpriority=\"high\"\/>\t\t<\/p>\n<p>Getty Images<\/p>\n<p>&#13;<figcaption class=\"wp-caption-text\">Mudar os ares e passar alguns minutos ao ar livre reduz o estresse e melhora o foco, segundo a ci\u00eancia<\/figcaption>&#13;<br \/>\n\t<\/figure>\n<p>Todos os dias, mesmo com as melhores inten\u00e7\u00f5es e comprometimento em dar o nosso melhor, eventos inesperados podem afetar nosso humor, energia e bem-estar no trabalho.<\/p>\n<div class=\"accessibility\">\n<p>Acessibilidade<\/p>\n<p>&#13;<br \/>\n\t\t\t<button onclick=\"alterFont1()\" id=\"btn1\" class=\"btn\">L<\/button>&#13;<br \/>\n\t\t\t<button onclick=\"alterFont2()\" id=\"btn2\" class=\"btn\" style=\"font-family:Merriweather\">L<\/button>&#13;<br \/>\n\t\t\t<button onclick=\"alterFontSmallerSize()\" id=\"btn3\" class=\"btn\">A-<\/button>&#13;<br \/>\n\t\t\t<button onclick=\"alterFontBiggerSize()\" id=\"btn4\" class=\"btn\">A+<\/button>&#13;<br \/>\n\t\t\t<!--<button onclick='alterFontBolder()' id='btn5' class=\"btn\" >B<\/button>-->&#13;<br \/>\n\t\t\t<button onclick=\"alterBackground()\" id=\"btn6\" class=\"btn\">\u25d0<\/button>&#13;<br \/>\n\t\t\t<!--<button onclick='clean()' id='btn7' class=\"btn\" >Limpar<\/button>-->&#13;\n\t\t<\/p>\n<\/p><\/div>\n<p>A boa not\u00edcia \u00e9 que existem muitas atividades simples que podem ajudar a redefinir o foco, reduzir o estresse e melhorar o humor \u2013 tudo isso em menos de cinco minutos.<\/p>\n<h2>Veja 16 maneiras de reduzir o estresse em um dia dif\u00edcil de trabalho<\/h2>\n<p>Entre conversas e exerc\u00edcios r\u00e1pidos, aqui est\u00e3o 16 formas de trazer mais positividade para o seu dia:<\/p>\n<h3>1. Sorria<\/h3>\n<p>Mesmo um sorriso for\u00e7ado pode impactar positivamente seu humor e criar um efeito em quem est\u00e1 ao seu redor. Pesquisas mostram que sorrir libera endorfinas, analg\u00e9sicos naturais e serotonina, melhorando instantaneamente seu humor.<\/p>\n<h3>2. Respire profundamente<\/h3>\n<p>Alguns minutos de respira\u00e7\u00e3o profunda ajudam a reduzir o estresse. Segundo especialistas, isso regula o ritmo card\u00edaco, melhora o foco e atua como um \u201creset\u201d mental.<\/p>\n<h3>4. Converse com algu\u00e9m<\/h3>\n<p>Expressar gratid\u00e3o ou reconhecer o esfor\u00e7o de um colega de trabalho melhora a sa\u00fade emocional e f\u00edsica. Isso aumenta a felicidade e reduz a negatividade, beneficiando a todos.<\/p>\n<h3>5. Ria<\/h3>\n<p>Rir libera endorfinas, promove relaxamento e melhora a circula\u00e7\u00e3o. Assista a algo engra\u00e7ado, relembre um momento divertido ou compartilhe uma piada.<\/p>\n<h3>6. Mude o ambiente<\/h3>\n<p>Se voc\u00ea est\u00e1 sentindo que o ambiente de trabalho n\u00e3o est\u00e1 fazendo bem, tente mudar de lugar, caminhar ou at\u00e9 reorganizar a mesa. Isso pode trazer uma nova perspectiva e renovar a mente.<\/p>\n<h3>7. V\u00e1 ao ar livre<\/h3>\n<p>Passar alguns minutos ao ar livre reduz o estresse e melhora o foco. A conex\u00e3o com a natureza, mesmo que breve, tem benef\u00edcios comprovados.<\/p>\n<h3>8. Ou\u00e7a sua m\u00fasica da felicidade<\/h3>\n<p>Todo mundo tem uma m\u00fasica que levanta o astral e \u00e9 essencial para momentos de tens\u00e3o ou tristeza. Escolha uma can\u00e7\u00e3o que te energize e ou\u00e7a quando sentir que est\u00e1 precisando.<\/p>\n<h3>9. Alongue-se<\/h3>\n<p>Esticar o corpo por alguns minutos aumenta a circula\u00e7\u00e3o, alivia tens\u00f5es e melhora a energia.<\/p>\n<h3>10. Pratique gratid\u00e3o<\/h3>\n<p>Pare por um momento e reflita sobre algo pelo qual voc\u00ea \u00e9 grato. Essa pr\u00e1tica simples aumenta a positividade e reduz o estresse.<\/p>\n<h3>11. Limpe sua mesa<\/h3>\n<p>Organizar o ambiente f\u00edsico no trabalho ajuda a reduzir a desordem mental, promovendo um espa\u00e7o mais produtivo e tranquilo.<\/p>\n<h3>12. Beba \u00e1gua<\/h3>\n<p>Manter-se hidratado aumenta a clareza mental e o n\u00edvel de energia, proporcionando uma sensa\u00e7\u00e3o de renova\u00e7\u00e3o.<\/p>\n<h3>13. Fa\u00e7a um exerc\u00edcio r\u00e1pido<\/h3>\n<p>Movimentos como polichinelos ou at\u00e9 uma curta caminhada liberam dopamina, ajudando voc\u00ea a se sentir mais positivo.<\/p>\n<h3>14. Fa\u00e7a um ato de bondade<\/h3>\n<p>Pequenos gestos altru\u00edstas, como segurar a porta ou elogiar algu\u00e9m, podem instantaneamente melhorar seu humor.<\/p>\n<h3>15. Passe fio dental<\/h3>\n<p>Pode parecer algo pequeno, mas passar fio dental pode realmente aumentar sua sensa\u00e7\u00e3o de realiza\u00e7\u00e3o. \u00c9 uma daquelas tarefas simples e frequentemente negligenciadas que, quando conclu\u00eddas, proporcionam uma pequena vit\u00f3ria mental. Al\u00e9m disso, cuidar dos dentes traz benef\u00edcios para a sa\u00fade geral.<\/p>\n<h3>16. Leia algo inspirador<\/h3>\n<p>Escolha frases motivadoras ou um texto curto que traga inspira\u00e7\u00e3o e otimismo.<\/p>\n<p>Essas a\u00e7\u00f5es simples e r\u00e1pidas n\u00e3o apenas melhoram seu humor e reduzem o estresse, mas tamb\u00e9m aumentam a produtividade e o bem-estar geral. Escolha as que funcionam melhor para voc\u00ea e coloque algumas delas no seu dia a dia.<\/p>\n<p><em>*William Arruda \u00e9 colaborador s\u00eanior da Forbes US. Ele \u00e9 especialista em branding pessoal, autor, palestrante, fundador da Reach Personal Branding e cofundador da CareerBlast.TV.<\/em><\/p>\n<div class=\"follow-us\">Siga o canal da <a href=\"https:\/\/whatsapp.com\/channel\/0029Va9gQKwBFLgM96cJnu0u\" target=\"_blank\" rel=\"noopener noreferrer nofollow\" title=\"Grupo da Forbes no WhatsApp\">Forbes<\/a> no WhatsApp e receba as principais not\u00edcias de empreendedorismo, carreira, tecnologia, agro e lifestyle.<\/div>\n<\/p><\/div>\n<p><script type=\"rocketlazyloadscript\">\n\t\t\t\t(function(d, s, id){\n\t\t\t\t\tvar js, fjs = d.getElementsByTagName(s)[0];\n\t\t\t\t\tif (d.getElementById(id)) return;\n\t\t\t\t\tjs = d.createElement(s); js.id = id;\n\t\t\t\t\tjs.src = \"\/\/connect.facebook.net\/pt_BR\/sdk.js#xfbml=1&version=v2.9\";\n\t\t\t\t\tfjs.parentNode.insertBefore(js, fjs);\n\t\t\t\t}(document, 'script', 'facebook-jssdk'));\n\t\t\t<\/script><br \/>\n<br \/><br \/>\n<br \/><a href=\"https:\/\/forbes.com.br\/carreira\/2024\/12\/16-maneiras-de-aliviar-o-estresse-e-melhorar-o-humor-em-dias-dificeis-no-trabalho\/\">Source link <\/a><\/p>\n<div class='code-block code-block-4' style='margin: 8px auto 8px 0; text-align: left; display: block; clear: both;'>\n\ud83d\udce2 Aviso Legal\n\nO site ismaelcolosi.com.br atua apenas como um canal de divulga\u00e7\u00e3o de oportunidades de emprego e n\u00e3o se responsabiliza pelo processo seletivo, contrata\u00e7\u00e3o ou qualquer outra etapa relacionada \u00e0s vagas publicadas. Todas as informa\u00e7\u00f5es s\u00e3o de responsabilidade dos anunciantes.\n\n\u26a0\ufe0f Aten\u00e7\u00e3o! Nunca pague por promessas de emprego nem compre cursos que garantam contrata\u00e7\u00e3o. Desconfie de qualquer cobran\u00e7a para participar de sele\u00e7\u00f5es.\n\n\n\n<\/div>\n<!-- CONTENT END 1 -->\n","protected":false},"excerpt":{"rendered":"<p>&#13; Getty Images &#13;Mudar os ares e passar alguns minutos ao ar livre reduz o estresse e melhora o foco, segundo a ci\u00eancia&#13; Todos os&#8230;<\/p>\n","protected":false},"author":1,"featured_media":78010,"comment_status":"open","ping_status":"open","sticky":false,"template":"","format":"standard","meta":{"_uag_custom_page_level_css":"","advanced_seo_description":"","jetpack_seo_html_title":"","jetpack_seo_noindex":false,"jetpack_post_was_ever_published":false,"_jetpack_newsletter_access":"","_jetpack_dont_email_post_to_subs":false,"_jetpack_newsletter_tier_id":0,"_jetpack_memberships_contains_paywalled_content":false,"_jetpack_memberships_contains_paid_content":false,"footnotes":"","jetpack_publicize_message":"","jetpack_publicize_feature_enabled":true,"jetpack_social_post_already_shared":true,"jetpack_social_options":{"image_generator_settings":{"template":"highway","default_image_id":0,"font":"","enabled":false},"version":2}},"categories":[1964],"tags":[],"class_list":["post-78009","post","type-post","status-publish","format-standard","has-post-thumbnail","hentry","category-carreira-e-sucesso-dicas-para-carreira"],"jetpack_publicize_connections":[],"jetpack_featured_media_url":"https:\/\/i0.wp.com\/ismaelcolosi.com.br\/wp-content\/uploads\/2024\/12\/carreira-trabalho-respiracao-1200x675.jpg?fit=1200%2C675&ssl=1","uagb_featured_image_src":{"full":["https:\/\/i0.wp.com\/ismaelcolosi.com.br\/wp-content\/uploads\/2024\/12\/carreira-trabalho-respiracao-1200x675.jpg?fit=1200%2C675&ssl=1",1200,675,false],"thumbnail":["https:\/\/i0.wp.com\/ismaelcolosi.com.br\/wp-content\/uploads\/2024\/12\/carreira-trabalho-respiracao-1200x675.jpg?resize=150%2C150&ssl=1",150,150,true],"medium":["https:\/\/i0.wp.com\/ismaelcolosi.com.br\/wp-content\/uploads\/2024\/12\/carreira-trabalho-respiracao-1200x675.jpg?fit=300%2C169&ssl=1",300,169,true],"medium_large":["https:\/\/i0.wp.com\/ismaelcolosi.com.br\/wp-content\/uploads\/2024\/12\/carreira-trabalho-respiracao-1200x675.jpg?fit=768%2C432&ssl=1",768,432,true],"large":["https:\/\/i0.wp.com\/ismaelcolosi.com.br\/wp-content\/uploads\/2024\/12\/carreira-trabalho-respiracao-1200x675.jpg?fit=1024%2C576&ssl=1",1024,576,true],"1536x1536":["https:\/\/i0.wp.com\/ismaelcolosi.com.br\/wp-content\/uploads\/2024\/12\/carreira-trabalho-respiracao-1200x675.jpg?fit=1200%2C675&ssl=1",1200,675,true],"2048x2048":["https:\/\/i0.wp.com\/ismaelcolosi.com.br\/wp-content\/uploads\/2024\/12\/carreira-trabalho-respiracao-1200x675.jpg?fit=1200%2C675&ssl=1",1200,675,true],"really-simple-thumb":["https:\/\/i0.wp.com\/ismaelcolosi.com.br\/wp-content\/uploads\/2024\/12\/carreira-trabalho-respiracao-1200x675.jpg?resize=370%2C247&ssl=1",370,247,true]},"uagb_author_info":{"display_name":"ismaelcolosi.com.br","author_link":"https:\/\/ismaelcolosi.com.br\/index.php\/author\/vidareal-online\/"},"uagb_comment_info":0,"uagb_excerpt":"&#13; Getty Images &#13;Mudar os ares e passar alguns minutos ao ar livre reduz o estresse e melhora o foco, segundo a ci\u00eancia&#13; Todos os...","jetpack-related-posts":[{"id":76703,"url":"https:\/\/ismaelcolosi.com.br\/index.php\/2024\/11\/16\/4-passos-para-diminuir-o-estresse-no-trabalho-antes-de-2025\/","url_meta":{"origin":78009,"position":0},"title":"4 Passos para Diminuir o Estresse no Trabalho Antes de 2025","author":"ismaelcolosi.com.br","date":"16 de November de 2024","format":false,"excerpt":"\u00a0 Acessibilidade \r L\r L\r A-\r A+\r \r \u25d0\r \r \u00a0 Novas tecnologias, a r\u00e1pida transforma\u00e7\u00e3o digital e a sobrecarga de demandas profissionais e pessoais est\u00e3o contribuindo para o cansa\u00e7o tecnol\u00f3gico e a sobrecarga cognitiva. O desafio de equilibrar trabalho remoto e presencial e as turbul\u00eancias econ\u00f4micas e pol\u00edticas aumentam\u2026","rel":"","context":"In &quot;Carreira e Sucesso&quot;","block_context":{"text":"Carreira e Sucesso","link":"https:\/\/ismaelcolosi.com.br\/index.php\/category\/carreira-e-sucesso-dicas-para-carreira\/"},"img":{"alt_text":"","src":"https:\/\/i0.wp.com\/ismaelcolosi.com.br\/wp-content\/uploads\/2024\/11\/carreira-estresse-trabalho-1-1200x675.jpg?fit=1200%2C675&ssl=1&resize=350%2C200","width":350,"height":200,"srcset":"https:\/\/i0.wp.com\/ismaelcolosi.com.br\/wp-content\/uploads\/2024\/11\/carreira-estresse-trabalho-1-1200x675.jpg?fit=1200%2C675&ssl=1&resize=350%2C200 1x, https:\/\/i0.wp.com\/ismaelcolosi.com.br\/wp-content\/uploads\/2024\/11\/carreira-estresse-trabalho-1-1200x675.jpg?fit=1200%2C675&ssl=1&resize=525%2C300 1.5x, https:\/\/i0.wp.com\/ismaelcolosi.com.br\/wp-content\/uploads\/2024\/11\/carreira-estresse-trabalho-1-1200x675.jpg?fit=1200%2C675&ssl=1&resize=700%2C400 2x, https:\/\/i0.wp.com\/ismaelcolosi.com.br\/wp-content\/uploads\/2024\/11\/carreira-estresse-trabalho-1-1200x675.jpg?fit=1200%2C675&ssl=1&resize=1050%2C600 3x"},"classes":[]},{"id":89559,"url":"https:\/\/ismaelcolosi.com.br\/index.php\/2026\/03\/22\/estresse-cronico-no-trabalho-prejudica-o-cerebro-veja-como-protege-lo\/","url_meta":{"origin":78009,"position":1},"title":"Estresse Cr\u00f4nico no Trabalho Prejudica o C\u00e9rebro. Veja Como Proteg\u00ea-lo","author":"ismaelcolosi.com.br","date":"22 de March de 2026","format":false,"excerpt":"Um mito bastante difundido diz que o c\u00e9rebro \u00e9 como um computador que envelhece, tornando-se inevitavelmente mais lento e se deteriorando com o tempo. A neuroci\u00eancia moderna conta uma hist\u00f3ria diferente. O c\u00e9rebro \u00e9 um \u00f3rg\u00e3o vivo e adapt\u00e1vel que cresce \u2014 ou encolhe \u2014 a partir dos h\u00e1bitos e\u2026","rel":"","context":"In &quot;Carreira e Sucesso&quot;","block_context":{"text":"Carreira e Sucesso","link":"https:\/\/ismaelcolosi.com.br\/index.php\/category\/carreira-e-sucesso-dicas-para-carreira\/"},"img":{"alt_text":"","src":"https:\/\/i0.wp.com\/ismaelcolosi.com.br\/wp-content\/uploads\/2026\/03\/saude_cerebro_2026_22.03.2026-1200x675.jpg?fit=1200%2C675&ssl=1&resize=350%2C200","width":350,"height":200,"srcset":"https:\/\/i0.wp.com\/ismaelcolosi.com.br\/wp-content\/uploads\/2026\/03\/saude_cerebro_2026_22.03.2026-1200x675.jpg?fit=1200%2C675&ssl=1&resize=350%2C200 1x, https:\/\/i0.wp.com\/ismaelcolosi.com.br\/wp-content\/uploads\/2026\/03\/saude_cerebro_2026_22.03.2026-1200x675.jpg?fit=1200%2C675&ssl=1&resize=525%2C300 1.5x, https:\/\/i0.wp.com\/ismaelcolosi.com.br\/wp-content\/uploads\/2026\/03\/saude_cerebro_2026_22.03.2026-1200x675.jpg?fit=1200%2C675&ssl=1&resize=700%2C400 2x, https:\/\/i0.wp.com\/ismaelcolosi.com.br\/wp-content\/uploads\/2026\/03\/saude_cerebro_2026_22.03.2026-1200x675.jpg?fit=1200%2C675&ssl=1&resize=1050%2C600 3x"},"classes":[]},{"id":86151,"url":"https:\/\/ismaelcolosi.com.br\/index.php\/2025\/06\/15\/por-que-aprender-a-gerenciar-o-estresse-desde-cedo-e-fundamental-para-sua-carreira\/","url_meta":{"origin":78009,"position":2},"title":"Por Que Aprender a Gerenciar o Estresse Desde Cedo \u00c9 Fundamental Para Sua Carreira","author":"ismaelcolosi.com.br","date":"15 de June de 2025","format":false,"excerpt":"\r Getty Images\r Controlar o estresse desde o in\u00edcio da carreira \u00e9 um investimento que traz benef\u00edcios duradouros para o crescimento profissional\r Acessibilidade \r L\r L\r A-\r A+\r \r \u25d0\r \r \u00a0 O estresse \u00e9 uma parte inevit\u00e1vel da vida profissional de qualquer pessoa, mas a forma como lidamos com\u2026","rel":"","context":"In &quot;Carreira e Sucesso&quot;","block_context":{"text":"Carreira e Sucesso","link":"https:\/\/ismaelcolosi.com.br\/index.php\/category\/carreira-e-sucesso-dicas-para-carreira\/"},"img":{"alt_text":"","src":"https:\/\/i0.wp.com\/ismaelcolosi.com.br\/wp-content\/uploads\/2025\/06\/forbes-estresse-carreira-1200x675.jpg?fit=1200%2C675&ssl=1&resize=350%2C200","width":350,"height":200,"srcset":"https:\/\/i0.wp.com\/ismaelcolosi.com.br\/wp-content\/uploads\/2025\/06\/forbes-estresse-carreira-1200x675.jpg?fit=1200%2C675&ssl=1&resize=350%2C200 1x, https:\/\/i0.wp.com\/ismaelcolosi.com.br\/wp-content\/uploads\/2025\/06\/forbes-estresse-carreira-1200x675.jpg?fit=1200%2C675&ssl=1&resize=525%2C300 1.5x, https:\/\/i0.wp.com\/ismaelcolosi.com.br\/wp-content\/uploads\/2025\/06\/forbes-estresse-carreira-1200x675.jpg?fit=1200%2C675&ssl=1&resize=700%2C400 2x, https:\/\/i0.wp.com\/ismaelcolosi.com.br\/wp-content\/uploads\/2025\/06\/forbes-estresse-carreira-1200x675.jpg?fit=1200%2C675&ssl=1&resize=1050%2C600 3x"},"classes":[]},{"id":56662,"url":"https:\/\/ismaelcolosi.com.br\/index.php\/2024\/07\/14\/como-comecar-a-semana-de-trabalho-com-o-pe-direito\/","url_meta":{"origin":78009,"position":3},"title":"Como come\u00e7ar a semana de trabalho com o p\u00e9 direito","author":"ismaelcolosi.com.br","date":"14 de July de 2024","format":false,"excerpt":"A segunda-feira ganhou fama como um dos dias mais cansativos porque marca o in\u00edcio da semana de trabalho e do retorno das atividades ap\u00f3s o descanso de s\u00e1bado e domingo. No entanto, com um pouco de planejamento, \u00e9 poss\u00edvel tornar o dia menos estressante. Acessibilidade L L A- A+ \u25d0\u2026","rel":"","context":"In &quot;Carreira e Sucesso&quot;","block_context":{"text":"Carreira e Sucesso","link":"https:\/\/ismaelcolosi.com.br\/index.php\/category\/carreira-e-sucesso-dicas-para-carreira\/"},"img":{"alt_text":"","src":"https:\/\/i0.wp.com\/ismaelcolosi.com.br\/wp-content\/uploads\/2024\/07\/carreira-trabalho-planejamento-1024x683.jpg?fit=1024%2C683&ssl=1&resize=350%2C200","width":350,"height":200,"srcset":"https:\/\/i0.wp.com\/ismaelcolosi.com.br\/wp-content\/uploads\/2024\/07\/carreira-trabalho-planejamento-1024x683.jpg?fit=1024%2C683&ssl=1&resize=350%2C200 1x, https:\/\/i0.wp.com\/ismaelcolosi.com.br\/wp-content\/uploads\/2024\/07\/carreira-trabalho-planejamento-1024x683.jpg?fit=1024%2C683&ssl=1&resize=525%2C300 1.5x, https:\/\/i0.wp.com\/ismaelcolosi.com.br\/wp-content\/uploads\/2024\/07\/carreira-trabalho-planejamento-1024x683.jpg?fit=1024%2C683&ssl=1&resize=700%2C400 2x"},"classes":[]},{"id":85980,"url":"https:\/\/ismaelcolosi.com.br\/index.php\/2025\/06\/07\/a-melhor-maneira-de-ser-mais-produtivo-segundo-psicologo\/","url_meta":{"origin":78009,"position":4},"title":"A Melhor Maneira de Ser Mais Produtivo, Segundo Psic\u00f3logo","author":"ismaelcolosi.com.br","date":"7 de June de 2025","format":false,"excerpt":"\r Getty Images\r Dividir o dia em cap\u00edtulos pode torn\u00e1-lo tornar mais produtivo\r Acessibilidade \r L\r L\r A-\r A+\r \r \u25d0\r \r \u00a0 \u00a0 Como entendemos e organizamos os acontecimentos do nosso dia a dia? Ao que tudo indica, utilizamos modelos mentais ou \u201croteiros\u201d para formar narrativas coerentes desses eventos.\u2026","rel":"","context":"In &quot;Carreira e Sucesso&quot;","block_context":{"text":"Carreira e Sucesso","link":"https:\/\/ismaelcolosi.com.br\/index.php\/category\/carreira-e-sucesso-dicas-para-carreira\/"},"img":{"alt_text":"","src":"https:\/\/i0.wp.com\/ismaelcolosi.com.br\/wp-content\/uploads\/2025\/06\/Carreira_Produtividade_7JUN2025_Getty-1200x675.jpg?fit=1200%2C675&ssl=1&resize=350%2C200","width":350,"height":200,"srcset":"https:\/\/i0.wp.com\/ismaelcolosi.com.br\/wp-content\/uploads\/2025\/06\/Carreira_Produtividade_7JUN2025_Getty-1200x675.jpg?fit=1200%2C675&ssl=1&resize=350%2C200 1x, https:\/\/i0.wp.com\/ismaelcolosi.com.br\/wp-content\/uploads\/2025\/06\/Carreira_Produtividade_7JUN2025_Getty-1200x675.jpg?fit=1200%2C675&ssl=1&resize=525%2C300 1.5x, https:\/\/i0.wp.com\/ismaelcolosi.com.br\/wp-content\/uploads\/2025\/06\/Carreira_Produtividade_7JUN2025_Getty-1200x675.jpg?fit=1200%2C675&ssl=1&resize=700%2C400 2x, https:\/\/i0.wp.com\/ismaelcolosi.com.br\/wp-content\/uploads\/2025\/06\/Carreira_Produtividade_7JUN2025_Getty-1200x675.jpg?fit=1200%2C675&ssl=1&resize=1050%2C600 3x"},"classes":[]},{"id":67899,"url":"https:\/\/ismaelcolosi.com.br\/index.php\/2024\/09\/26\/1-em-cada-4-profissionais-brasileiros-e-triste\/","url_meta":{"origin":78009,"position":5},"title":"1 em Cada 4 Profissionais Brasileiros \u00c9 Triste","author":"ismaelcolosi.com.br","date":"26 de September de 2024","format":false,"excerpt":"\u00a0 Acessibilidade L L A- A+ \u25d0 \u00a0 O Brasil \u00e9 o quarto pa\u00eds com mais profissionais tristes ou com raiva di\u00e1ria na Am\u00e9rica Latina, segundo estudo da consultoria Gallup, que entrevistou 128 mil pessoas em mais de 160 pa\u00edses. Com 25% de profissionais tristes, o pa\u00eds ficou atr\u00e1s apenas\u2026","rel":"","context":"In &quot;Carreira e Sucesso&quot;","block_context":{"text":"Carreira e Sucesso","link":"https:\/\/ismaelcolosi.com.br\/index.php\/category\/carreira-e-sucesso-dicas-para-carreira\/"},"img":{"alt_text":"","src":"https:\/\/i0.wp.com\/ismaelcolosi.com.br\/wp-content\/uploads\/2024\/09\/carreira-estresse-trabalho-1024x683.jpg?fit=1024%2C683&ssl=1&resize=350%2C200","width":350,"height":200,"srcset":"https:\/\/i0.wp.com\/ismaelcolosi.com.br\/wp-content\/uploads\/2024\/09\/carreira-estresse-trabalho-1024x683.jpg?fit=1024%2C683&ssl=1&resize=350%2C200 1x, https:\/\/i0.wp.com\/ismaelcolosi.com.br\/wp-content\/uploads\/2024\/09\/carreira-estresse-trabalho-1024x683.jpg?fit=1024%2C683&ssl=1&resize=525%2C300 1.5x, https:\/\/i0.wp.com\/ismaelcolosi.com.br\/wp-content\/uploads\/2024\/09\/carreira-estresse-trabalho-1024x683.jpg?fit=1024%2C683&ssl=1&resize=700%2C400 2x"},"classes":[]}],"jetpack_sharing_enabled":true,"jetpack_shortlink":"https:\/\/wp.me\/pfMlyK-kid","_links":{"self":[{"href":"https:\/\/ismaelcolosi.com.br\/index.php\/wp-json\/wp\/v2\/posts\/78009","targetHints":{"allow":["GET"]}}],"collection":[{"href":"https:\/\/ismaelcolosi.com.br\/index.php\/wp-json\/wp\/v2\/posts"}],"about":[{"href":"https:\/\/ismaelcolosi.com.br\/index.php\/wp-json\/wp\/v2\/types\/post"}],"author":[{"embeddable":true,"href":"https:\/\/ismaelcolosi.com.br\/index.php\/wp-json\/wp\/v2\/users\/1"}],"replies":[{"embeddable":true,"href":"https:\/\/ismaelcolosi.com.br\/index.php\/wp-json\/wp\/v2\/comments?post=78009"}],"version-history":[{"count":0,"href":"https:\/\/ismaelcolosi.com.br\/index.php\/wp-json\/wp\/v2\/posts\/78009\/revisions"}],"wp:featuredmedia":[{"embeddable":true,"href":"https:\/\/ismaelcolosi.com.br\/index.php\/wp-json\/wp\/v2\/media\/78010"}],"wp:attachment":[{"href":"https:\/\/ismaelcolosi.com.br\/index.php\/wp-json\/wp\/v2\/media?parent=78009"}],"wp:term":[{"taxonomy":"category","embeddable":true,"href":"https:\/\/ismaelcolosi.com.br\/index.php\/wp-json\/wp\/v2\/categories?post=78009"},{"taxonomy":"post_tag","embeddable":true,"href":"https:\/\/ismaelcolosi.com.br\/index.php\/wp-json\/wp\/v2\/tags?post=78009"}],"curies":[{"name":"wp","href":"https:\/\/api.w.org\/{rel}","templated":true}]}}