{"id":77938,"date":"2024-11-29T18:05:11","date_gmt":"2024-11-29T21:05:11","guid":{"rendered":"https:\/\/ismaelcolosi.com.br\/index.php\/2024\/11\/29\/ano-letivo-comeca-em-5-de-fevereiro\/"},"modified":"2024-11-29T18:05:11","modified_gmt":"2024-11-29T21:05:11","slug":"ano-letivo-comeca-em-5-de-fevereiro","status":"publish","type":"post","link":"https:\/\/ismaelcolosi.com.br\/index.php\/2024\/11\/29\/ano-letivo-comeca-em-5-de-fevereiro\/","title":{"rendered":"Ano letivo come\u00e7a em 5 de fevereiro\u00a0"},"content":{"rendered":"<p> <br \/>\n<\/p>\n<div id=\"post-411048\">\n<header class=\"entry-header penci-entry-header penci-title-center\">\n<h2 class=\"penci-post-subtitle\">Aulas ter\u00e1 in\u00edcio no dia 5 de fevereiro do ano que vem e terminar\u00e3o em 19 de dezembro; carga hor\u00e1ria ser\u00e1 de 800 horas, no m\u00ednimo\u00a0<\/h2>\n<p>\n\t\t\t\t\t\t\t\t\t<span class=\"entry-meta-item penci-posted-on\"><i class=\"fa fa-clock-o\"\/><time class=\"entry-date published\" datetime=\"2024-11-29T18:00:23-03:00\">29 de novembro de 2024<\/time><time class=\"updated\" datetime=\"2024-11-29T09:59:58-03:00\">29 de novembro de 2024<\/time><\/span><span class=\"entry-meta-item penci-post-countview\"><span class=\"entry-meta-item penci-post-countview penci_post-meta_item\"><i class=\"fa fa-eye\"\/><span class=\"penci-post-countview-number penci-post-countview-p411048\">11<\/span><\/span><\/span>\t\t\t\t\t\t\t\t<\/p>\n<p><!-- .entry-meta --><br \/>\n\t\t\t\t\t\t\t\t<span class=\"penci-social-buttons penci-social-share-footer\"><span class=\"penci-social-share-text\">Compartilhar<\/span><a href=\"#\" class=\"penci-post-like penci_post-meta_item  single-like-button penci-social-item like\" data-post_id=\"411048\" title=\"Like\" data-like=\"Like\" data-unlike=\"Unlike\"><i class=\"fa fa-thumbs-o-up\"\/><span class=\"penci-share-number\">0<\/span><\/a><a class=\"penci-social-item facebook\" target=\"_blank\" rel=\"noopener\" title=\"\" href=\"https:\/\/www.facebook.com\/sharer\/sharer.php?u=https%3A%2F%2Fwww.tribunaribeirao.com.br%2Fano-letivo-comeca-em-5-de-fevereiro-2%2F\"><i class=\"fa fa-facebook\"\/><\/a><a class=\"penci-social-item twitter\" target=\"_blank\" rel=\"noopener\" title=\"\" href=\"https:\/\/twitter.com\/intent\/tweet?text=Ano%20letivo%20come\u00e7a%20em%205%20de%20fevereiro\u00a0%20-%20https:\/\/www.tribunaribeirao.com.br\/ano-letivo-comeca-em-5-de-fevereiro-2\/\"><i class=\"fa fa-twitter\"\/><\/a><a class=\"penci-social-item linkedin\" target=\"_blank\" rel=\"noopener\" title=\"\" href=\"https:\/\/www.linkedin.com\/shareArticle?mini=true&amp;url=https%3A%2F%2Fwww.tribunaribeirao.com.br%2Fano-letivo-comeca-em-5-de-fevereiro-2%2F&amp;title=Ano%20letivo%20come%C3%A7a%20em%205%20de%20fevereiro%C2%A0\"><i class=\"fa fa-linkedin\"\/><\/a><a class=\"penci-social-item whatsapp\" rel=\"noopener\" data-text=\"Ano letivo come\u00e7a em 5 de fevereiro\u00a0\" data-link=\"https:\/\/www.tribunaribeirao.com.br\/ano-letivo-comeca-em-5-de-fevereiro-2\/\" href=\"#\"><i class=\"fa fa-whatsapp\"\/><\/a><a class=\"penci-social-item telegram\" target=\"_blank\" rel=\"noopener\" title=\"\" href=\"https:\/\/telegram.me\/share\/url?url=https%3A%2F%2Fwww.tribunaribeirao.com.br%2Fano-letivo-comeca-em-5-de-fevereiro-2%2F&amp;text=Ano%20letivo%20come%C3%A7a%20em%205%20de%20fevereiro%C2%A0\"><i class=\"fa fa-telegram\"\/><\/a><a class=\"penci-social-item email\" target=\"_blank\" rel=\"noopener\" href=\"http:\/\/www.tribunaribeirao.com.br\/cdn-cgi\/l\/email-protection#d9e6aaacbbb3bcbaade498b7b6fcebe9b5bcadb0afb6fcebe9bab6b4bc1a7eb8fcebe9bcb4fcebe9ecfcebe9bdbcfcebe9bfbcafbcabbcb0abb61b79fffae9eae1e29b969d80e4b1adada9aae3f6f6aeaeaef7adabb0bbacb7b8abb0bbbcb0abb8b6f7bab6b4f7bbabf6b8b7b6f4b5bcadb0afb6f4bab6b4bcbab8f4bcb4f4ecf4bdbcf4bfbcafbcabbcb0abb6f4ebf6\"><i class=\"fa fa-envelope\"\/><\/a><\/span>\t\t\t\t\t\t\t<\/header>\n<p><!-- .entry-header --><\/p>\n<div class=\"penci-entry-content entry-content\">\n<p><span class=\"TextRun SCXW64596700 BCX0\" lang=\"PT-BR\" xml:lang=\"PT-BR\" data-contrast=\"auto\"><span class=\"NormalTextRun SCXW64596700 BCX0\">O <\/span><span class=\"NormalTextRun SCXW64596700 BCX0\">ano letivo <\/span><span class=\"NormalTextRun SCXW64596700 BCX0\">na rede municipal de ensino de Ribeir\u00e3o Preto ter\u00e1 in\u00edcio em 5 de fevereiro d<\/span><span class=\"NormalTextRun SCXW64596700 BCX0\">e 2025<\/span><span class=\"NormalTextRun SCXW64596700 BCX0\">, daqui a 69 dias,<\/span><span class=\"NormalTextRun SCXW64596700 BCX0\"> e <\/span><span class=\"NormalTextRun SCXW64596700 BCX0\">terminar\u00e3o em <\/span><span class=\"NormalTextRun SCXW64596700 BCX0\">19<\/span><span class=\"NormalTextRun SCXW64596700 BCX0\"> de dezembro<\/span><span class=\"NormalTextRun SCXW64596700 BCX0\"> \u2013 o recesso dos professores come\u00e7a dia <\/span><span class=\"NormalTextRun ContextualSpellingAndGrammarErrorV2Themed SCXW64596700 BCX0\">22 <\/span><span class=\"NormalTextRun ContextualSpellingAndGrammarErrorV2Themed SCXW64596700 BCX0\">.<\/span><span class=\"NormalTextRun SCXW64596700 BCX0\"> As datas <\/span><span class=\"NormalTextRun SCXW64596700 BCX0\">constam da resolu\u00e7\u00e3o n\u00ba 10 <\/span><span class=\"NormalTextRun SCXW64596700 BCX0\">da <\/span><span class=\"NormalTextRun SCXW64596700 BCX0\">Secretaria de Educa\u00e7\u00e3<\/span><span class=\"NormalTextRun SCXW64596700 BCX0\">o, publicada <\/span><span class=\"NormalTextRun SCXW64596700 BCX0\">no Di\u00e1rio Oficial do Munic\u00edpio (DOM) de <\/span><span class=\"NormalTextRun SCXW64596700 BCX0\">quarta-feira, <\/span><span class=\"NormalTextRun SCXW64596700 BCX0\">27 de novembro. <\/span><\/span><span class=\"LineBreakBlob BlobObject DragDrop SCXW64596700 BCX0\"><span class=\"SCXW64596700 BCX0\">\u00a0<\/span><br class=\"SCXW64596700 BCX0\"\/><\/span><span class=\"LineBreakBlob BlobObject DragDrop SCXW64596700 BCX0\"><span class=\"SCXW64596700 BCX0\">\u00a0<\/span><br class=\"SCXW64596700 BCX0\"\/><\/span><span class=\"TextRun SCXW64596700 BCX0\" lang=\"PT-BR\" xml:lang=\"PT-BR\" data-contrast=\"auto\"><span class=\"NormalTextRun SCXW64596700 BCX0\">No pr\u00f3ximo <\/span><span class=\"NormalTextRun SCXW64596700 BCX0\">ano letivo<\/span><span class=\"NormalTextRun SCXW64596700 BCX0\">, as 142 escolas da rede municipal ter\u00e3o <\/span><span class=\"NormalTextRun SCXW64596700 BCX0\">200 dias de trabalho escolar e carga hor\u00e1ria anual de, no m\u00ednimo, 800 horas. <\/span><span class=\"NormalTextRun SCXW64596700 BCX0\">Ser\u00e1 <\/span><span class=\"NormalTextRun SCXW64596700 BCX0\">dividido em quatro bimestres<\/span><span class=\"NormalTextRun SCXW64596700 BCX0\">,<\/span><span class=\"NormalTextRun SCXW64596700 BCX0\"> sendo que o primeiro ser\u00e1 de <\/span><span class=\"NormalTextRun SCXW64596700 BCX0\">3<\/span><span class=\"NormalTextRun SCXW64596700 BCX0\"> de fevereiro a 17 de abril d<\/span><span class=\"NormalTextRun SCXW64596700 BCX0\">o ano que vem.<\/span><\/span><span class=\"LineBreakBlob BlobObject DragDrop SCXW64596700 BCX0\"><span class=\"SCXW64596700 BCX0\">\u00a0<\/span><br class=\"SCXW64596700 BCX0\"\/><\/span><span class=\"LineBreakBlob BlobObject DragDrop SCXW64596700 BCX0\"><span class=\"SCXW64596700 BCX0\">\u00a0<\/span><br class=\"SCXW64596700 BCX0\"\/><\/span><span class=\"TextRun SCXW64596700 BCX0\" lang=\"PT-BR\" xml:lang=\"PT-BR\" data-contrast=\"auto\"><span class=\"NormalTextRun SCXW64596700 BCX0\">O <\/span><span class=\"NormalTextRun SCXW64596700 BCX0\">segundo <\/span><span class=\"NormalTextRun SCXW64596700 BCX0\">vai <\/span><span class=\"NormalTextRun SCXW64596700 BCX0\">de 22 de abril a 7 de julho de 2025, o terceiro de 24 de julho a 26 de setembro e o quarto <\/span><span class=\"NormalTextRun SCXW64596700 BCX0\">de<\/span><span class=\"NormalTextRun SCXW64596700 BCX0\"> 29 de setembro a 22 de dezembro. J\u00e1 o recesso escolar <\/span><span class=\"NormalTextRun SCXW64596700 BCX0\">est\u00e1 previsto para ocorre entre <\/span><span class=\"NormalTextRun SCXW64596700 BCX0\">10 <\/span><span class=\"NormalTextRun SCXW64596700 BCX0\">e<\/span><span class=\"NormalTextRun SCXW64596700 BCX0\"> 23 de julho e de 23 a 31 de dezembro<\/span><span class=\"NormalTextRun SCXW64596700 BCX0\">, segundo a resolu\u00e7\u00e3o<\/span><span class=\"NormalTextRun SCXW64596700 BCX0\">.<\/span><\/span><span class=\"LineBreakBlob BlobObject DragDrop SCXW64596700 BCX0\"><span class=\"SCXW64596700 BCX0\">\u00a0<\/span><br class=\"SCXW64596700 BCX0\"\/><\/span><span class=\"LineBreakBlob BlobObject DragDrop SCXW64596700 BCX0\"><span class=\"SCXW64596700 BCX0\">\u00a0<\/span><br class=\"SCXW64596700 BCX0\"\/><\/span><span class=\"TextRun SCXW64596700 BCX0\" lang=\"PT-BR\" xml:lang=\"PT-BR\" data-contrast=\"auto\"><span class=\"NormalTextRun SCXW64596700 BCX0\">A partir do pr\u00f3ximo ano letivo, as escolas municipais dever\u00e3o ter um profissional de apoio pedag\u00f3gico para todos os alunos com defici\u00eancia intelectual matriculados. A <\/span><span class=\"NormalTextRun SCXW64596700 BCX0\">exig\u00eancia partiu do juiz Paulo Cesar <\/span><span class=\"NormalTextRun SCXW64596700 BCX0\">Gentili<\/span><span class=\"NormalTextRun SCXW64596700 BCX0\">, da <\/span><span class=\"NormalTextRun SCXW64596700 BCX0\">Vara da Inf\u00e2ncia e Juventude que julgou o m\u00e9rito d<\/span><span class=\"NormalTextRun SCXW64596700 BCX0\">e<\/span> <span class=\"NormalTextRun SCXW64596700 BCX0\">a<\/span><span class=\"NormalTextRun SCXW64596700 BCX0\">\u00e7\u00e3o <\/span><span class=\"NormalTextRun SCXW64596700 BCX0\">c<\/span><span class=\"NormalTextRun SCXW64596700 BCX0\">ivil <\/span><span class=\"NormalTextRun SCXW64596700 BCX0\">p<\/span><span class=\"NormalTextRun SCXW64596700 BCX0\">\u00fablica proposta pela Promotoria da Pessoa com Defici\u00eancia, por meio do promotor Carlos Ce<\/span><span class=\"NormalTextRun SCXW64596700 BCX0\">z<\/span><span class=\"NormalTextRun SCXW64596700 BCX0\">ar Barbosa. <\/span><\/span><span class=\"LineBreakBlob BlobObject DragDrop SCXW64596700 BCX0\"><span class=\"SCXW64596700 BCX0\">\u00a0<\/span><br class=\"SCXW64596700 BCX0\"\/><\/span><span class=\"LineBreakBlob BlobObject DragDrop SCXW64596700 BCX0\"><span class=\"SCXW64596700 BCX0\">\u00a0<\/span><br class=\"SCXW64596700 BCX0\"\/><\/span><span class=\"TextRun SCXW64596700 BCX0\" lang=\"PT-BR\" xml:lang=\"PT-BR\" data-contrast=\"auto\"><span class=\"NormalTextRun SCXW64596700 BCX0\">A senten\u00e7a determina que seja disponibilizado um profissional por sala de aula onde existir aluno com defici\u00eancia. Atualmente, segundo a promotoria, nos locais onde este profissional \u00e9 disponibilizado, ele atende mais uma sala de aula ao mesmo tempo. Agora, cada um dever\u00e1 atender exclusivamente uma sala de aula por todo per\u00edodo de atividade escolar.<\/span><\/span><span class=\"LineBreakBlob BlobObject DragDrop SCXW64596700 BCX0\"><span class=\"SCXW64596700 BCX0\">\u00a0<\/span><br class=\"SCXW64596700 BCX0\"\/><\/span><span class=\"LineBreakBlob BlobObject DragDrop SCXW64596700 BCX0\"><span class=\"SCXW64596700 BCX0\">\u00a0<\/span><br class=\"SCXW64596700 BCX0\"\/><\/span><span class=\"TextRun SCXW64596700 BCX0\" lang=\"PT-BR\" xml:lang=\"PT-BR\" data-contrast=\"auto\"><span class=\"NormalTextRun SCXW64596700 BCX0\"> A medida ser\u00e1 condicionada \u00e0 apresenta\u00e7\u00e3o de declara\u00e7\u00e3o assinada por m\u00e9dico, psicopedagogo ou pedagogo atestando a defici\u00eancia do aluno e justificando a necessidade do funcion\u00e1rio<\/span><span class=\"NormalTextRun SCXW64596700 BCX0\">. O juiz Paulo Cesar <\/span><span class=\"NormalTextRun SpellingErrorV2Themed SCXW64596700 BCX0\">gentili<\/span> <span class=\"NormalTextRun SCXW64596700 BCX0\">estabeleceu multa di\u00e1ria de R$ 300, limitada a R$ 30 mil, por cada aluno em caso de descumprimento da decis\u00e3o.<\/span><\/span><span class=\"LineBreakBlob BlobObject DragDrop SCXW64596700 BCX0\"><span class=\"SCXW64596700 BCX0\">\u00a0<\/span><br class=\"SCXW64596700 BCX0\"\/><\/span><span class=\"LineBreakBlob BlobObject DragDrop SCXW64596700 BCX0\"><span class=\"SCXW64596700 BCX0\">\u00a0<\/span><br class=\"SCXW64596700 BCX0\"\/><\/span><span class=\"TextRun SCXW64596700 BCX0\" lang=\"PT-BR\" xml:lang=\"PT-BR\" data-contrast=\"auto\"><span class=\"NormalTextRun SCXW64596700 BCX0\">Protocolada <\/span><span class=\"NormalTextRun SCXW64596700 BCX0\">em janeiro de 2023 pelo promotor Carlos Ce<\/span><span class=\"NormalTextRun SCXW64596700 BCX0\">z<\/span><span class=\"NormalTextRun SCXW64596700 BCX0\">ar Barbosa, a a\u00e7\u00e3o teve como base inqu\u00e9rito civil que apurou <\/span><span class=\"NormalTextRun SCXW64596700 BCX0\">frequentes<\/span><span class=\"NormalTextRun SCXW64596700 BCX0\"> reclama\u00e7\u00f5es de pais e respons\u00e1veis sobre a falta de assist\u00eancia especializada nas escolas municipais de Ribeir\u00e3o Preto. <\/span><\/span><span class=\"LineBreakBlob BlobObject DragDrop SCXW64596700 BCX0\"><span class=\"SCXW64596700 BCX0\">\u00a0<\/span><br class=\"SCXW64596700 BCX0\"\/><\/span><span class=\"LineBreakBlob BlobObject DragDrop SCXW64596700 BCX0\"><span class=\"SCXW64596700 BCX0\">\u00a0<\/span><br class=\"SCXW64596700 BCX0\"\/><\/span><span class=\"TextRun SCXW64596700 BCX0\" lang=\"PT-BR\" xml:lang=\"PT-BR\" data-contrast=\"auto\"><span class=\"NormalTextRun SCXW64596700 BCX0\">Alunos com defici\u00eancia intelectual, incluindo aqueles com s\u00edndrome de <\/span><span class=\"NormalTextRun SCXW64596700 BCX0\">Down<\/span><span class=\"NormalTextRun SCXW64596700 BCX0\">, transtorno do espectro autista e transtorno do d\u00e9ficit de aten\u00e7\u00e3o com hiperatividade, enfrentavam dificuldades para acessar os recursos necess\u00e1rios, como apoio pedag\u00f3gico e cuidados pessoais durante o per\u00edodo escolar.\u00a0 Segundo a Secretaria Municipal de Educa\u00e7\u00e3o, 1.330 estudantes da rede t\u00eam algum tipo de defici\u00eancia intelectual.<\/span><\/span><span class=\"LineBreakBlob BlobObject DragDrop SCXW64596700 BCX0\"><span class=\"SCXW64596700 BCX0\">\u00a0<\/span><br class=\"SCXW64596700 BCX0\"\/><\/span><span class=\"LineBreakBlob BlobObject DragDrop SCXW64596700 BCX0\"><span class=\"SCXW64596700 BCX0\">\u00a0<\/span><br class=\"SCXW64596700 BCX0\"\/><\/span><span class=\"TextRun SCXW64596700 BCX0\" lang=\"PT-BR\" xml:lang=\"PT-BR\" data-contrast=\"none\"><span class=\"NormalTextRun SCXW64596700 BCX0\">A rede municipal de ensino tem cerca de 50 mil alunos e professores. <\/span><span class=\"NormalTextRun SCXW64596700 BCX0\">A Secretaria de Educa\u00e7\u00e3o de Ribeir\u00e3o Preto administra <\/span><span class=\"NormalTextRun SCXW64596700 BCX0\">107 escolas de educa\u00e7\u00e3o infantil \u2013 <\/span><span class=\"NormalTextRun SCXW64596700 BCX0\">Centros de Educa\u00e7\u00e3o Infantil (<\/span><span class=\"NormalTextRun SCXW64596700 BCX0\">CEIs<\/span><span class=\"NormalTextRun SCXW64596700 BCX0\">) e Escolas Municipais de Educa\u00e7\u00e3o Infantil (<\/span><span class=\"NormalTextRun SCXW64596700 BCX0\">Emeis<\/span><span class=\"NormalTextRun SCXW64596700 BCX0\">), al\u00e9m de parcerias ou conveniadas. <\/span><\/span><span class=\"LineBreakBlob BlobObject DragDrop SCXW64596700 BCX0\"><span class=\"SCXW64596700 BCX0\">\u00a0<\/span><br class=\"SCXW64596700 BCX0\"\/><\/span><span class=\"LineBreakBlob BlobObject DragDrop SCXW64596700 BCX0\"><span class=\"SCXW64596700 BCX0\">\u00a0<\/span><br class=\"SCXW64596700 BCX0\"\/><\/span><span class=\"TextRun SCXW64596700 BCX0\" lang=\"PT-BR\" xml:lang=\"PT-BR\" data-contrast=\"none\"><span class=\"NormalTextRun SCXW64596700 BCX0\">Tamb\u00e9m responde por 33 escolas de ensino fundamental (<\/span><span class=\"NormalTextRun SCXW64596700 BCX0\">Emef<\/span><span class=\"NormalTextRun SCXW64596700 BCX0\">).\u00a0 T<\/span><span class=\"NormalTextRun SCXW64596700 BCX0\">em ainda o Centro de Educa\u00e7\u00e3o Especial <\/span><span class=\"NormalTextRun SCXW64596700 BCX0\">Egydio<\/span> <span class=\"NormalTextRun SpellingErrorV2Themed SCXW64596700 BCX0\">Pedreschi<\/span><span class=\"NormalTextRun SCXW64596700 BCX0\"> e a Escola Municipal de Ensino Profissional B\u00e1sico (<\/span><span class=\"NormalTextRun SpellingErrorV2Themed SCXW64596700 BCX0\">Emepb<\/span><span class=\"NormalTextRun SCXW64596700 BCX0\">) Doutor Celso <\/span><span class=\"NormalTextRun SpellingErrorV2Themed SCXW64596700 BCX0\">Charuri<\/span><span class=\"NormalTextRun SCXW64596700 BCX0\"> e o Programa Educa\u00e7\u00e3o para Jovens e Adultos (EJA). <\/span><span class=\"NormalTextRun SCXW64596700 BCX0\">S\u00e3o 142 unidades escolares.<\/span><\/span><span class=\"LineBreakBlob BlobObject DragDrop SCXW64596700 BCX0\"><span class=\"SCXW64596700 BCX0\">\u00a0<\/span><br class=\"SCXW64596700 BCX0\"\/><\/span><span class=\"LineBreakBlob BlobObject DragDrop SCXW64596700 BCX0\"><span class=\"SCXW64596700 BCX0\">\u00a0<\/span><br class=\"SCXW64596700 BCX0\"\/><\/span><span class=\"TextRun SCXW64596700 BCX0\" lang=\"PT-BR\" xml:lang=\"PT-BR\" data-contrast=\"none\"><span class=\"NormalTextRun SCXW64596700 BCX0\">Creches <\/span><\/span><span class=\"TextRun SCXW64596700 BCX0\" lang=\"PT-BR\" xml:lang=\"PT-BR\" data-contrast=\"auto\"><span class=\"NormalTextRun SCXW64596700 BCX0\">\u2013 <\/span><\/span><span class=\"TextRun SCXW64596700 BCX0\" lang=\"PT-BR\" xml:lang=\"PT-BR\" data-contrast=\"auto\"><span class=\"NormalTextRun SCXW64596700 BCX0\">Entre os dias 2 e 31 de janeiro, a <\/span><span class=\"NormalTextRun SCXW64596700 BCX0\">S<\/span><span class=\"NormalTextRun SCXW64596700 BCX0\">ecretaria Municipal da Educa\u00e7\u00e3o vai abrir 50 <\/span><span class=\"NormalTextRun SCXW64596700 BCX0\">escolas de educa\u00e7\u00e3o infantil <\/span><span class=\"NormalTextRun SCXW64596700 BCX0\">para <\/span><span class=\"NormalTextRun SCXW64596700 BCX0\">atender<\/span> <span class=\"NormalTextRun SCXW64596700 BCX0\">estudantes no recesso. S\u00e3o<\/span><span class=\"NormalTextRun SCXW64596700 BCX0\"> 22 <\/span><span class=\"NormalTextRun SCXW64596700 BCX0\">polos<\/span><span class=\"NormalTextRun SCXW64596700 BCX0\"> municipais e 28 unidades conveniadas. As inscri\u00e7\u00f5es <\/span><span class=\"NormalTextRun SCXW64596700 BCX0\">terminaram no dia 22 de novembro<\/span><span class=\"NormalTextRun SCXW64596700 BCX0\">. <\/span><\/span><span class=\"LineBreakBlob BlobObject DragDrop SCXW64596700 BCX0\"><span class=\"SCXW64596700 BCX0\">\u00a0<\/span><br class=\"SCXW64596700 BCX0\"\/><\/span><span class=\"LineBreakBlob BlobObject DragDrop SCXW64596700 BCX0\"><span class=\"SCXW64596700 BCX0\">\u00a0<\/span><br class=\"SCXW64596700 BCX0\"\/><\/span><span class=\"TextRun SCXW64596700 BCX0\" lang=\"PT-BR\" xml:lang=\"PT-BR\" data-contrast=\"auto\"><span class=\"NormalTextRun SCXW64596700 BCX0\">O atendimento nas f\u00e9rias escolares faz parte do acordo previsto no Termo de Ajustamento de Conduta (TAC) fechado entre a prefeitura Ribeir\u00e3o Preto e a Defensoria P\u00fablica do Estado de S\u00e3o Paulo. As vagas s\u00e3o destinadas aos alunos que <\/span><span class=\"NormalTextRun SCXW64596700 BCX0\">frequentaram<\/span><span class=\"NormalTextRun SCXW64596700 BCX0\"> a rede no ano letivo de 2024, no per\u00edodo e turno correspondente.\u00a0 <\/span><\/span><span class=\"LineBreakBlob BlobObject DragDrop SCXW64596700 BCX0\"><span class=\"SCXW64596700 BCX0\">\u00a0<\/span><br class=\"SCXW64596700 BCX0\"\/><\/span><span class=\"LineBreakBlob BlobObject DragDrop SCXW64596700 BCX0\"><span class=\"SCXW64596700 BCX0\">\u00a0<\/span><br class=\"SCXW64596700 BCX0\"\/><\/span><span class=\"TextRun SCXW64596700 BCX0\" lang=\"PT-BR\" xml:lang=\"PT-BR\" data-contrast=\"auto\"><span class=\"NormalTextRun SCXW64596700 BCX0\">A implementa\u00e7\u00e3o das unidades <\/span><span class=\"NormalTextRun SCXW64596700 BCX0\">polo<\/span><span class=\"NormalTextRun SCXW64596700 BCX0\"> tem como objetivo auxiliar os respons\u00e1veis por crian\u00e7as de 0 a <\/span><span class=\"NormalTextRun SCXW64596700 BCX0\">5<\/span><span class=\"NormalTextRun SCXW64596700 BCX0\"> anos que necessitam de suporte durante o per\u00edodo de f\u00e9rias, no m\u00eas de janeiro. \u201cMais de dois mil alunos participam das atividades recreativas oferecidas nos <\/span><span class=\"NormalTextRun SCXW64596700 BCX0\">polos<\/span><span class=\"NormalTextRun SCXW64596700 BCX0\">. As fam\u00edlias podem esperar a mesma qualidade de atendimento que os profissionais dedicam ao longo do ano letivo\u201d, explica <\/span><span class=\"NormalTextRun SCXW64596700 BCX0\">o secret\u00e1rio <\/span><span class=\"NormalTextRun SCXW64596700 BCX0\">Felipe Elias Miguel.<\/span><\/span><span class=\"LineBreakBlob BlobObject DragDrop SCXW64596700 BCX0\"><span class=\"SCXW64596700 BCX0\">\u00a0<\/span><br class=\"SCXW64596700 BCX0\"\/><\/span><span class=\"LineBreakBlob BlobObject DragDrop SCXW64596700 BCX0\"><span class=\"SCXW64596700 BCX0\">\u00a0<\/span><br class=\"SCXW64596700 BCX0\"\/><\/span><\/p>\n<\/div>\n<p><!-- .entry-content --><\/p>\n<footer class=\"penci-entry-footer\">\n\t\t\t\t\t\t\t\t<span class=\"penci-social-buttons penci-social-share-footer\"><span class=\"penci-social-share-text\">Compartilhar<\/span><a href=\"#\" class=\"penci-post-like penci_post-meta_item  single-like-button penci-social-item like\" data-post_id=\"411048\" title=\"Like\" data-like=\"Like\" data-unlike=\"Unlike\"><i class=\"fa fa-thumbs-o-up\"\/><span class=\"penci-share-number\">0<\/span><\/a><a class=\"penci-social-item facebook\" target=\"_blank\" rel=\"noopener\" title=\"\" href=\"https:\/\/www.facebook.com\/sharer\/sharer.php?u=https%3A%2F%2Fwww.tribunaribeirao.com.br%2Fano-letivo-comeca-em-5-de-fevereiro-2%2F\"><i class=\"fa fa-facebook\"\/><\/a><a class=\"penci-social-item twitter\" target=\"_blank\" rel=\"noopener\" title=\"\" href=\"https:\/\/twitter.com\/intent\/tweet?text=Ano%20letivo%20come\u00e7a%20em%205%20de%20fevereiro\u00a0%20-%20https:\/\/www.tribunaribeirao.com.br\/ano-letivo-comeca-em-5-de-fevereiro-2\/\"><i class=\"fa fa-twitter\"\/><\/a><a class=\"penci-social-item linkedin\" target=\"_blank\" rel=\"noopener\" title=\"\" href=\"https:\/\/www.linkedin.com\/shareArticle?mini=true&amp;url=https%3A%2F%2Fwww.tribunaribeirao.com.br%2Fano-letivo-comeca-em-5-de-fevereiro-2%2F&amp;title=Ano%20letivo%20come%C3%A7a%20em%205%20de%20fevereiro%C2%A0\"><i class=\"fa fa-linkedin\"\/><\/a><a class=\"penci-social-item whatsapp\" rel=\"noopener\" data-text=\"Ano letivo come\u00e7a em 5 de fevereiro\u00a0\" data-link=\"https:\/\/www.tribunaribeirao.com.br\/ano-letivo-comeca-em-5-de-fevereiro-2\/\" href=\"#\"><i class=\"fa fa-whatsapp\"\/><\/a><a class=\"penci-social-item telegram\" target=\"_blank\" rel=\"noopener\" title=\"\" href=\"https:\/\/telegram.me\/share\/url?url=https%3A%2F%2Fwww.tribunaribeirao.com.br%2Fano-letivo-comeca-em-5-de-fevereiro-2%2F&amp;text=Ano%20letivo%20come%C3%A7a%20em%205%20de%20fevereiro%C2%A0\"><i class=\"fa fa-telegram\"\/><\/a><a class=\"penci-social-item email\" target=\"_blank\" rel=\"noopener\" href=\"http:\/\/www.tribunaribeirao.com.br\/cdn-cgi\/l\/email-protection#06397573646c6365723b4768692334366a63726f706923343665696b63c5a167233436636b2334363323343662632334366063706374636f7469c4a6202536353e3d4449425f3b6e727276753c29297171712872746f64736867746f64636f7467692865696b286474296768692b6a63726f70692b65696b6365672b636b2b332b62632b6063706374636f74692b3429\"><i class=\"fa fa-envelope\"\/><\/a><\/span>\t\t\t\t\t\t\t<\/footer>\n<p><!-- .entry-footer -->\n\t\t\t\t\t\t<\/div>\n<p><script async src=\"\/\/platform.twitter.com\/widgets.js\" charset=\"utf-8\"><\/script><br \/>\n<br \/><br \/>\n<br \/><a href=\"https:\/\/www.tribunaribeirao.com.br\/ano-letivo-comeca-em-5-de-fevereiro-2\/\">Source link <\/a><\/p>\n<div class='code-block code-block-4' style='margin: 8px auto 8px 0; text-align: left; display: block; clear: both;'>\n\ud83d\udce2 Aviso Legal\n\nO site ismaelcolosi.com.br atua apenas como um canal de divulga\u00e7\u00e3o de oportunidades de emprego e n\u00e3o se responsabiliza pelo processo seletivo, contrata\u00e7\u00e3o ou qualquer outra etapa relacionada \u00e0s vagas publicadas. Todas as informa\u00e7\u00f5es s\u00e3o de responsabilidade dos anunciantes.\n\n\u26a0\ufe0f Aten\u00e7\u00e3o! Nunca pague por promessas de emprego nem compre cursos que garantam contrata\u00e7\u00e3o. Desconfie de qualquer cobran\u00e7a para participar de sele\u00e7\u00f5es.\n\n\n\n<\/div>\n<!-- CONTENT END 1 -->\n","protected":false},"excerpt":{"rendered":"<p>Aulas ter\u00e1 in\u00edcio no dia 5 de fevereiro do ano que vem e terminar\u00e3o em 19 de dezembro; carga hor\u00e1ria ser\u00e1 de 800 horas, no&#8230;<\/p>\n","protected":false},"author":1,"featured_media":77939,"comment_status":"open","ping_status":"open","sticky":false,"template":"","format":"standard","meta":{"_uag_custom_page_level_css":"","advanced_seo_description":"","jetpack_seo_html_title":"","jetpack_seo_noindex":false,"jetpack_post_was_ever_published":false,"_jetpack_newsletter_access":"","_jetpack_dont_email_post_to_subs":false,"_jetpack_newsletter_tier_id":0,"_jetpack_memberships_contains_paywalled_content":false,"_jetpack_memberships_contains_paid_content":false,"footnotes":"","jetpack_publicize_message":"","jetpack_publicize_feature_enabled":true,"jetpack_social_post_already_shared":true,"jetpack_social_options":{"image_generator_settings":{"template":"highway","default_image_id":0,"font":"","enabled":false},"version":2}},"categories":[11],"tags":[],"class_list":["post-77938","post","type-post","status-publish","format-standard","has-post-thumbnail","hentry","category-noticias-de-ribeirao-preto-sp-e-regiao-ismael-colosi"],"jetpack_publicize_connections":[],"jetpack_featured_media_url":"https:\/\/i0.wp.com\/ismaelcolosi.com.br\/wp-content\/uploads\/2024\/11\/AulaRP-Guilherme-Sircili-1-scaled.jpg?fit=750%2C500&ssl=1","uagb_featured_image_src":{"full":["https:\/\/i0.wp.com\/ismaelcolosi.com.br\/wp-content\/uploads\/2024\/11\/AulaRP-Guilherme-Sircili-1-scaled.jpg?fit=750%2C500&ssl=1",750,500,false],"thumbnail":["https:\/\/i0.wp.com\/ismaelcolosi.com.br\/wp-content\/uploads\/2024\/11\/AulaRP-Guilherme-Sircili-1-scaled.jpg?resize=150%2C150&ssl=1",150,150,true],"medium":["https:\/\/i0.wp.com\/ismaelcolosi.com.br\/wp-content\/uploads\/2024\/11\/AulaRP-Guilherme-Sircili-1-scaled.jpg?fit=300%2C200&ssl=1",300,200,true],"medium_large":["https:\/\/i0.wp.com\/ismaelcolosi.com.br\/wp-content\/uploads\/2024\/11\/AulaRP-Guilherme-Sircili-1-scaled.jpg?fit=750%2C500&ssl=1",750,500,true],"large":["https:\/\/i0.wp.com\/ismaelcolosi.com.br\/wp-content\/uploads\/2024\/11\/AulaRP-Guilherme-Sircili-1-scaled.jpg?fit=750%2C500&ssl=1",750,500,true],"1536x1536":["https:\/\/i0.wp.com\/ismaelcolosi.com.br\/wp-content\/uploads\/2024\/11\/AulaRP-Guilherme-Sircili-1-scaled.jpg?fit=750%2C500&ssl=1",750,500,true],"2048x2048":["https:\/\/i0.wp.com\/ismaelcolosi.com.br\/wp-content\/uploads\/2024\/11\/AulaRP-Guilherme-Sircili-1-scaled.jpg?fit=750%2C500&ssl=1",750,500,true],"really-simple-thumb":["https:\/\/i0.wp.com\/ismaelcolosi.com.br\/wp-content\/uploads\/2024\/11\/AulaRP-Guilherme-Sircili-1-scaled.jpg?resize=370%2C247&ssl=1",370,247,true]},"uagb_author_info":{"display_name":"ismaelcolosi.com.br","author_link":"https:\/\/ismaelcolosi.com.br\/index.php\/author\/vidareal-online\/"},"uagb_comment_info":0,"uagb_excerpt":"Aulas ter\u00e1 in\u00edcio no dia 5 de fevereiro do ano que vem e terminar\u00e3o em 19 de dezembro; carga hor\u00e1ria ser\u00e1 de 800 horas, no...","jetpack-related-posts":[{"id":44587,"url":"https:\/\/ismaelcolosi.com.br\/index.php\/2024\/03\/28\/taxa-de-desemprego-fica-em-78-no-trimestre-encerrado-em-fevereiro\/","url_meta":{"origin":77938,"position":0},"title":"Taxa de desemprego fica em 7,8% no trimestre encerrado em fevereiro","author":"ismaelcolosi.com.br","date":"28 de March de 2024","format":false,"excerpt":"28 de mar\u00e7o de 2024 | 17:0028 de mar\u00e7o de 2024 | 12:28 0 A\u00a0taxa de desemprego, medida pela Pesquisa Nacional por Amostra de Domic\u00edlios (Pnad) Cont\u00ednua, ficou em 7,8% no trimestre encerrado em fevereiro deste ano. A taxa \u00e9 superior aos 7,5% registrados no trimestre imediatamente anterior (encerrado em\u2026","rel":"","context":"In &quot;Not\u00edcias de Ribeir\u00e3o Preto-SP e Regi\u00e3o&quot;","block_context":{"text":"Not\u00edcias de Ribeir\u00e3o Preto-SP e Regi\u00e3o","link":"https:\/\/ismaelcolosi.com.br\/index.php\/category\/noticias-de-ribeirao-preto-sp-e-regiao-ismael-colosi\/"},"img":{"alt_text":"","src":"","width":0,"height":0},"classes":[]},{"id":22399,"url":"https:\/\/ismaelcolosi.com.br\/index.php\/2023\/12\/29\/taxa-de-desocupacao-no-trimestre-ate-novembro-e-a-menor-desde-fevereiro-de-2015\/","url_meta":{"origin":77938,"position":1},"title":"Taxa de desocupa\u00e7\u00e3o no trimestre at\u00e9 novembro \u00e9 a menor desde fevereiro de 2015","author":"ismaelcolosi.com.br","date":"29 de December de 2023","format":false,"excerpt":"29 de dezembro de 2023 | 17:0029 de dezembro de 2023 | 11:41 0A taxa de desocupa\u00e7\u00e3o caiu de 7,8% no trimestre terminado em agosto para 7,5% no trimestre encerrado em novembro, menor resultado desde fevereiro de 2015, quando tamb\u00e9m foi de 7,5%. Os dados s\u00e3o da Pesquisa Nacional por\u2026","rel":"","context":"In &quot;Not\u00edcias de Ribeir\u00e3o Preto-SP e Regi\u00e3o&quot;","block_context":{"text":"Not\u00edcias de Ribeir\u00e3o Preto-SP e Regi\u00e3o","link":"https:\/\/ismaelcolosi.com.br\/index.php\/category\/noticias-de-ribeirao-preto-sp-e-regiao-ismael-colosi\/"},"img":{"alt_text":"","src":"https:\/\/i0.wp.com\/ismaelcolosi.com.br\/wp-content\/uploads\/2023\/12\/CagedRP-Marcelo-Camargo-Ag.Br_-scaled.jpg?fit=1000%2C598&ssl=1&resize=350%2C200","width":350,"height":200,"srcset":"https:\/\/i0.wp.com\/ismaelcolosi.com.br\/wp-content\/uploads\/2023\/12\/CagedRP-Marcelo-Camargo-Ag.Br_-scaled.jpg?fit=1000%2C598&ssl=1&resize=350%2C200 1x, https:\/\/i0.wp.com\/ismaelcolosi.com.br\/wp-content\/uploads\/2023\/12\/CagedRP-Marcelo-Camargo-Ag.Br_-scaled.jpg?fit=1000%2C598&ssl=1&resize=525%2C300 1.5x, https:\/\/i0.wp.com\/ismaelcolosi.com.br\/wp-content\/uploads\/2023\/12\/CagedRP-Marcelo-Camargo-Ag.Br_-scaled.jpg?fit=1000%2C598&ssl=1&resize=700%2C400 2x"},"classes":[]},{"id":6077,"url":"https:\/\/ismaelcolosi.com.br\/index.php\/2023\/11\/24\/estado-abrira-ano-letivo-no-dia-15-de-fevereiro\/","url_meta":{"origin":77938,"position":2},"title":"Estado abrir\u00e1 ano letivo no dia 15 de fevereiro\u00a0","author":"ismaelcolosi.com.br","date":"24 de November de 2023","format":false,"excerpt":"24 de novembro de 2023 | 18:0024 de novembro de 2023 | 10:20 0A Secretaria da Educa\u00e7\u00e3o do Estado de S\u00e3o Paulo (Seduc\u2013SP) j\u00e1 definiu o calend\u00e1rio letivo de 2024. No pr\u00f3ximo ano, as aulas na rede estadual ter\u00e3o in\u00edcio no dia 15 de fevereiro. O t\u00e9rmino est\u00e1 previsto para\u2026","rel":"","context":"In &quot;Not\u00edcias de Ribeir\u00e3o Preto-SP e Regi\u00e3o&quot;","block_context":{"text":"Not\u00edcias de Ribeir\u00e3o Preto-SP e Regi\u00e3o","link":"https:\/\/ismaelcolosi.com.br\/index.php\/category\/noticias-de-ribeirao-preto-sp-e-regiao-ismael-colosi\/"},"img":{"alt_text":"","src":"https:\/\/i0.wp.com\/ismaelcolosi.com.br\/wp-content\/uploads\/2023\/11\/escola.jpg?fit=700%2C450&ssl=1&resize=350%2C200","width":350,"height":200,"srcset":"https:\/\/i0.wp.com\/ismaelcolosi.com.br\/wp-content\/uploads\/2023\/11\/escola.jpg?fit=700%2C450&ssl=1&resize=350%2C200 1x, https:\/\/i0.wp.com\/ismaelcolosi.com.br\/wp-content\/uploads\/2023\/11\/escola.jpg?fit=700%2C450&ssl=1&resize=525%2C300 1.5x, https:\/\/i0.wp.com\/ismaelcolosi.com.br\/wp-content\/uploads\/2023\/11\/escola.jpg?fit=700%2C450&ssl=1&resize=700%2C400 2x"},"classes":[]},{"id":34776,"url":"https:\/\/ismaelcolosi.com.br\/index.php\/2024\/02\/03\/producao-industrial-cresce-02-em-2023\/","url_meta":{"origin":77938,"position":3},"title":"Produ\u00e7\u00e3o industrial cresce 0,2% em 2023\u00a0","author":"ismaelcolosi.com.br","date":"3 de February de 2024","format":false,"excerpt":"3 de fevereiro de 2024 | 13:002 de fevereiro de 2024 | 21:02 0A produ\u00e7\u00e3o industrial do pa\u00eds teve alta de 1,1% em dezembro, sendo o quinto m\u00eas seguido com resultado positivo. Assim, a ind\u00fastria brasileira fecha 2023 com alta de 0,2%. No ano anterior, o resultado tinha sido queda\u2026","rel":"","context":"In &quot;Not\u00edcias de Ribeir\u00e3o Preto-SP e Regi\u00e3o&quot;","block_context":{"text":"Not\u00edcias de Ribeir\u00e3o Preto-SP e Regi\u00e3o","link":"https:\/\/ismaelcolosi.com.br\/index.php\/category\/noticias-de-ribeirao-preto-sp-e-regiao-ismael-colosi\/"},"img":{"alt_text":"","src":"https:\/\/i0.wp.com\/ismaelcolosi.com.br\/wp-content\/uploads\/2024\/02\/Indus-Washington-Alves-Reuters-scaled.jpg?fit=1000%2C598&ssl=1&resize=350%2C200","width":350,"height":200,"srcset":"https:\/\/i0.wp.com\/ismaelcolosi.com.br\/wp-content\/uploads\/2024\/02\/Indus-Washington-Alves-Reuters-scaled.jpg?fit=1000%2C598&ssl=1&resize=350%2C200 1x, https:\/\/i0.wp.com\/ismaelcolosi.com.br\/wp-content\/uploads\/2024\/02\/Indus-Washington-Alves-Reuters-scaled.jpg?fit=1000%2C598&ssl=1&resize=525%2C300 1.5x, https:\/\/i0.wp.com\/ismaelcolosi.com.br\/wp-content\/uploads\/2024\/02\/Indus-Washington-Alves-Reuters-scaled.jpg?fit=1000%2C598&ssl=1&resize=700%2C400 2x"},"classes":[]},{"id":21824,"url":"https:\/\/ismaelcolosi.com.br\/index.php\/2023\/12\/28\/veja-a-lista-de-feriados-nacionais-e-pontos-facultativos-em-2024\/","url_meta":{"origin":77938,"position":4},"title":"Veja a lista de feriados nacionais e pontos facultativos em 2024","author":"ismaelcolosi.com.br","date":"28 de December de 2023","format":false,"excerpt":"O governo federal publicou, nesta quinta-feira (28), no Di\u00e1rio Oficial da Uni\u00e3o, os dias de feriados nacionais. Tamb\u00e9m foram estabelecidos os dias de ponto facultativo, para o ano de 2024. De acordo com o Minist\u00e9rio da Gest\u00e3o e da Inova\u00e7\u00e3o em Servi\u00e7os P\u00fablicos, entre as 18 datas comemorativas, oito s\u00e3o\u2026","rel":"","context":"In &quot;Not\u00edcias de Ribeir\u00e3o Preto-SP e Regi\u00e3o&quot;","block_context":{"text":"Not\u00edcias de Ribeir\u00e3o Preto-SP e Regi\u00e3o","link":"https:\/\/ismaelcolosi.com.br\/index.php\/category\/noticias-de-ribeirao-preto-sp-e-regiao-ismael-colosi\/"},"img":{"alt_text":"","src":"https:\/\/i0.wp.com\/ismaelcolosi.com.br\/wp-content\/uploads\/2023\/12\/calendar-gad829f90c_1920.jpg?fit=1200%2C900&ssl=1&resize=350%2C200","width":350,"height":200,"srcset":"https:\/\/i0.wp.com\/ismaelcolosi.com.br\/wp-content\/uploads\/2023\/12\/calendar-gad829f90c_1920.jpg?fit=1200%2C900&ssl=1&resize=350%2C200 1x, https:\/\/i0.wp.com\/ismaelcolosi.com.br\/wp-content\/uploads\/2023\/12\/calendar-gad829f90c_1920.jpg?fit=1200%2C900&ssl=1&resize=525%2C300 1.5x, https:\/\/i0.wp.com\/ismaelcolosi.com.br\/wp-content\/uploads\/2023\/12\/calendar-gad829f90c_1920.jpg?fit=1200%2C900&ssl=1&resize=700%2C400 2x, https:\/\/i0.wp.com\/ismaelcolosi.com.br\/wp-content\/uploads\/2023\/12\/calendar-gad829f90c_1920.jpg?fit=1200%2C900&ssl=1&resize=1050%2C600 3x"},"classes":[]},{"id":23009,"url":"https:\/\/ismaelcolosi.com.br\/index.php\/2023\/12\/31\/novo-feriado-nacional-entra-em-vigor-em-2024-confira-lista-com-todos\/","url_meta":{"origin":77938,"position":5},"title":"Novo feriado nacional entra em vigor em 2024; confira lista com todos","author":"ismaelcolosi.com.br","date":"31 de December de 2023","format":false,"excerpt":"O governo federal divulgou os dias de feriados nacionais e estabeleceu os dias de ponto facultativo, para o ano de 2024. Cr\u00e9ditos: iSTOCK\/Dilok KlaisatapornNovo feriado nacional entra em vigor em 2024; confira lista com todos De acordo com o Minist\u00e9rio da Gest\u00e3o e da Inova\u00e7\u00e3o em Servi\u00e7os P\u00fablicos, entre as\u2026","rel":"","context":"In &quot;Variedades&quot;","block_context":{"text":"Variedades","link":"https:\/\/ismaelcolosi.com.br\/index.php\/category\/variedades\/"},"img":{"alt_text":"","src":"https:\/\/i0.wp.com\/ismaelcolosi.com.br\/wp-content\/uploads\/2023\/12\/1704064901_istock-1460985803.jpg?fit=1200%2C638&ssl=1&resize=350%2C200","width":350,"height":200,"srcset":"https:\/\/i0.wp.com\/ismaelcolosi.com.br\/wp-content\/uploads\/2023\/12\/1704064901_istock-1460985803.jpg?fit=1200%2C638&ssl=1&resize=350%2C200 1x, https:\/\/i0.wp.com\/ismaelcolosi.com.br\/wp-content\/uploads\/2023\/12\/1704064901_istock-1460985803.jpg?fit=1200%2C638&ssl=1&resize=525%2C300 1.5x, https:\/\/i0.wp.com\/ismaelcolosi.com.br\/wp-content\/uploads\/2023\/12\/1704064901_istock-1460985803.jpg?fit=1200%2C638&ssl=1&resize=700%2C400 2x, https:\/\/i0.wp.com\/ismaelcolosi.com.br\/wp-content\/uploads\/2023\/12\/1704064901_istock-1460985803.jpg?fit=1200%2C638&ssl=1&resize=1050%2C600 3x"},"classes":[]}],"jetpack_sharing_enabled":true,"jetpack_shortlink":"https:\/\/wp.me\/pfMlyK-kh4","_links":{"self":[{"href":"https:\/\/ismaelcolosi.com.br\/index.php\/wp-json\/wp\/v2\/posts\/77938","targetHints":{"allow":["GET"]}}],"collection":[{"href":"https:\/\/ismaelcolosi.com.br\/index.php\/wp-json\/wp\/v2\/posts"}],"about":[{"href":"https:\/\/ismaelcolosi.com.br\/index.php\/wp-json\/wp\/v2\/types\/post"}],"author":[{"embeddable":true,"href":"https:\/\/ismaelcolosi.com.br\/index.php\/wp-json\/wp\/v2\/users\/1"}],"replies":[{"embeddable":true,"href":"https:\/\/ismaelcolosi.com.br\/index.php\/wp-json\/wp\/v2\/comments?post=77938"}],"version-history":[{"count":0,"href":"https:\/\/ismaelcolosi.com.br\/index.php\/wp-json\/wp\/v2\/posts\/77938\/revisions"}],"wp:featuredmedia":[{"embeddable":true,"href":"https:\/\/ismaelcolosi.com.br\/index.php\/wp-json\/wp\/v2\/media\/77939"}],"wp:attachment":[{"href":"https:\/\/ismaelcolosi.com.br\/index.php\/wp-json\/wp\/v2\/media?parent=77938"}],"wp:term":[{"taxonomy":"category","embeddable":true,"href":"https:\/\/ismaelcolosi.com.br\/index.php\/wp-json\/wp\/v2\/categories?post=77938"},{"taxonomy":"post_tag","embeddable":true,"href":"https:\/\/ismaelcolosi.com.br\/index.php\/wp-json\/wp\/v2\/tags?post=77938"}],"curies":[{"name":"wp","href":"https:\/\/api.w.org\/{rel}","templated":true}]}}