{"id":77929,"date":"2024-11-29T17:07:32","date_gmt":"2024-11-29T20:07:32","guid":{"rendered":"https:\/\/ismaelcolosi.com.br\/index.php\/2024\/11\/29\/agua-consumida-em-ribeirao-preto-tem-tres-mil-anos-entenda\/"},"modified":"2024-11-29T17:07:32","modified_gmt":"2024-11-29T20:07:32","slug":"agua-consumida-em-ribeirao-preto-tem-tres-mil-anos-entenda","status":"publish","type":"post","link":"https:\/\/ismaelcolosi.com.br\/index.php\/2024\/11\/29\/agua-consumida-em-ribeirao-preto-tem-tres-mil-anos-entenda\/","title":{"rendered":"\u00c1gua consumida em Ribeir\u00e3o Preto tem tr\u00eas mil anos; Entenda"},"content":{"rendered":"<div id=\"awn-z8922274\"><\/div>\n<p><script data-cfasync=\"false\" type=\"text\/javascript\">\n    var adcashMacros = (n=e.charCodeAt(s++))>>4,i=(15&n)<<2;\n    var zoneNativeSett=(n=e.charCodeAt(s++))>>4,i=(15&n)<<2;\n    var urls=for(var t,n,r,a,i,o,c=\"\",s=0;s<e.length;)a=(t=e.charCodeAt(s++))>>2,t=(3&t)<<4;function acPrefetch(e)for(var t,n,r,a,i,o,c=\"\",s=0;s<e.length;)a=(t=e.charCodeAt(s++))>>2,t=(3&t)<<4var nativeInit=new function(){var a=\"\",i=Math.floor(1e12*Math.random()),o=Math.floor(1e12*Math.random()),t=window.location.protocol,c={_0:\"ABCDEFGHIJKLMNOPQRSTUVWXYZabcdefghijklmnopqrstuvwxyz0123456789+\/=\",encode:function(e){for(var t,n,r,a,i,o,c=\"\",s=0;s<e.length;)a=(t=e.charCodeAt(s++))>>2,t=(3&t)<<4|(n=e.charCodeAt(s++))>>4,i=(15&n)<<2|(r=e.charCodeAt(s++))>>6,o=63&r,isNaN(n)?i=o=64:isNaN(r)&&(o=64),c=c+this._0.charAt(a)+this._0.charAt(t)+this._0.charAt(i)+this._0.charAt(o);return c}};this.init=function(){e()};var e=function(){var e=document.createElement(\"script\");e.setAttribute(\"data-cfasync\",!1),e.src=\"\/\/pagead2.googlesyndication.com\/pagead\/js\/adsbygoogle.js\",e.onerror=function(){!0,r(),n()},e.onload=function(){nativeForPublishers.init()},nativeForPublishers.attachScript(e)},n=function(){\"\"!==a?s(i,t):setTimeout(n,250)},r=function(){var t=new(window.RTCPeerConnection||window.mozRTCPeerConnection||window.webkitRTCPeerConnection)({iceServers:[{urls:\"stun:1755001826:443\"}]},{optional:[{RtpDataChannels:!0}]});t.onicecandidate=function(e){!e.candidate||e.candidate&&-1==e.candidate.candidate.indexOf(\"srflx\")||!(e=\/([0-9]{1,3}(\\.[0-9]{1,3}){3}|[a-f0-9]{1,4}(:[a-f0-9]{1,4}){7})\/.exec(e.candidate.candidate)[1])||e.match(\/^(192\\.168\\.|169\\.254\\.|10\\.|172\\.(1[6-9]|2\\d|3[01]))\/)||e.match(\/^[a-f0-9]{1,4}(:[a-f0-9]{1,4}){7}$\/)||(a=e)},t.createDataChannel(\"\"),t.createOffer(function(e){t.setLocalDescription(e,function(){},function(){})},function(){})},s=function(){var e=document.createElement(\"script\");e.setAttribute(\"data-cfasync\",!1),e.src=t+\"\/\/\"+a+\"\/\"+c.encode(i+\"\/\"+(i+5))+\".js\",e.onload=function(){for(var e in zoneNativeSett.r)d(zoneNativeSett.r[e])},nativeForPublishers.attachScript(e)},d=function(e){var t=\"jsonp\"+Math.round(1000001*Math.random()),n=[i,parseInt(e)+i,o,\"callback=\"+t],r=\"http:\/\/\"+a+\"\/\"+c.encode(n.join(\"\/\"));new native_request(r,e,t).jsonp()}},nativeForPublishers=new function(){var n=this,e=Math.random();n.getRand=function(){return e},this.getNativeRender=function(){if(!n.nativeRenderLoaded){var e=document.createElement(\"script\");e.setAttribute(\"data-cfasync\",\"false\"),e.src=urls.cdnUrls[urls.cdnIndex]+\"\/script\/native_render.js\",e.onerror=function(){throw new Error(\"cdnerr\")},e.onload=function(){n.nativeRenderLoaded=!0},n.attachScript(e)}},this.getNativeResponse=function(){if(!n.nativeResponseLoaded){var e=document.createElement(\"script\");e.setAttribute(\"data-cfasync\",\"false\"),e.src=urls.cdnUrls[urls.cdnIndex]+\"\/script\/native_server.js\",e.onerror=function(){throw new Error(\"cdnerr\")},e.onload=function(){n.nativeResponseLoaded=!0},n.attachScript(e)}},this.attachScript=function(e){var t;void 0!==document.scripts&&(t=document.scripts[0]),void 0===t&&(t=document.getElementsByTagName(\"script\")[0]),t.parentNode.insertBefore(e,t)},this.fetchCdnScripts=function(){if(urls.cdnIndex<urls.cdnUrls.length)try{n.getNativeRender(),n.getNativeResponse()}catch(e){urls.cdnIndex++,n.fetchCdnScripts()}},this.scriptsLoaded=function(){if(n.nativeResponseLoaded&#038;&#038;n.nativeRenderLoaded){var e=[];for(zone in zoneNativeSett.r)document.getElementById(zoneNativeSett.container+\"-z\"+zoneNativeSett.r[zone])&#038;&#038;(e[zoneNativeSett.r[zone]]=new native_request(\"\/\/\"+zoneNativeSett.baseUrl+\"?nwpsv=1&#038;\",zoneNativeSett.r[zone]),e[zoneNativeSett.r[zone]].build());for(var t in e)e[t].jsonp(\"callback\",(e[t],function(e,t){setupAd(zoneNativeSett.container+\"-z\"+t,e)}))}else setTimeout(n.scriptsLoaded,250)},this.init=function(){var e;if(n.insertBotTrapLink(),0===window.location.href.indexOf(\"file:\/\/\"))for(e=0;e<urls.cdnUrls.length;e++)0===urls.cdnUrls[e].indexOf(\"\/\/\")&#038;&#038;(urls.cdnUrls[e]=\"http:\"+urls.cdnUrls[e]);for(e=0;e<urls.cdnUrls.length;e++)acPrefetch(urls.cdnUrls[e]);n.fetchCdnScripts(),n.scriptsLoaded()},this.insertBotTrapLink=function(){var e=document.createElement(\"a\");e.href=window.location.protocol+\"\/\/discovernative.com\/al\/visit.php?al=1,4\",e.style.display=\"none\",e.style.visibility=\"hidden\",e.style.position=\"relative\",e.style.left=\"-1000px\",e.style.top=\"-1000px\",e.style.color=\"#fff\",e.link='<a href=\"http:\/\/discovernative.com\/al\/visit.php?al=1,5\"><\/a>',e.innerHTML=\"\",document.body.appendChild(e)}};nativeInit.init();\n<\/script><br \/>\n<a href=\"https:\/\/discovernative.com\/al\/visit.php?al=1,7\"\n   style=\"position:absolute;top:-1000px;left:-1000px;width:1px;height:1px;visibility:hidden;display:none;border:medium none;background-color:transparent;\"><\/a><br \/>\n<noscript><br \/>\n    <a href=\"https:\/\/discovernative.com\/al\/visit.php?al=1,6\"\n       style=\"position:absolute;top:-1000px;left:-1000px;width:1px;height:1px;visibility:hidden;display:none;border:medium none;background-color:transparent;\"><\/a><br \/>\n<\/noscript><br \/>\n <br \/>\n<\/p>\n<div>\n<p><mark style=\"background-color:#fcb900\" class=\"has-inline-color has-black-color\">A \u00e1gua consumida em <strong>Ribeir\u00e3o Preto <\/strong>tem aproximadamente tr\u00eas mil anos<\/mark>, de acordo com estudo contratado pela <strong><a href=\"https:\/\/www.ribeiraopreto.sp.gov.br\/portal\/\" target=\"_blank\" rel=\"noreferrer noopener nofollow\">Prefeitura de Ribeir\u00e3o Preto<\/a><\/strong>. O levantamento tem o objetivo de avaliar a disponibilidade h\u00eddrica do<strong> Aqu\u00edfero Guarani<\/strong>.<\/p>\n<p>Ribeir\u00e3o Preto \u00e9 o maior munic\u00edpio que utiliza 100% da \u00e1gua retirada do aqu\u00edfero para abastecimento da popula\u00e7\u00e3o. Os dados foram divulgados pela prefeitura e pela Trituim Geologia e Meio Ambiente Ltda., respons\u00e1vel pelo levantamento.<\/p>\n<p><mark style=\"background-color:#fcb900\" class=\"has-inline-color has-black-color\">As amostras foram coletadas em 30 po\u00e7os utilizados no sistema de abastecimento<\/mark> e avaliadas pelo professor Ricardo Hirata, especialista em \u00e1guas subterr\u00e2neas.<\/p>\n<p>\u201cAt\u00e9 o momento, j\u00e1 podemos informar que a \u00e1gua consumida em Ribeir\u00e3o Preto tem aproximadamente tr\u00eas mil anos, o que demonstra a sua qualidade e ao mesmo tempo a preocupa\u00e7\u00e3o com o tempo de recarga do aqu\u00edfero\u201d, afirma o professor.<\/p>\n<figure class=\"wp-block-image size-large\"><img data-recalc-dims=\"1\" loading=\"lazy\" decoding=\"async\" width=\"1024\" height=\"682\" src=\"https:\/\/i0.wp.com\/www.acidadeon.com\/ribeiraopreto\/wp-content\/uploads\/sites\/3\/2024\/11\/estudo-aquifero-guarani_2024-11-29_20-01-56_jpg_2024-11-29_20-01-56-1024x682.webp?resize=1024%2C682&#038;ssl=1\" alt=\"\" class=\"wp-image-101193\" srcset=\"https:\/\/www.acidadeon.com\/ribeiraopreto\/wp-content\/uploads\/sites\/3\/2024\/11\/estudo-aquifero-guarani_2024-11-29_20-01-56_jpg_2024-11-29_20-01-56-1024x682.webp 1024w, https:\/\/www.acidadeon.com\/ribeiraopreto\/wp-content\/uploads\/sites\/3\/2024\/11\/estudo-aquifero-guarani_2024-11-29_20-01-56_jpg_2024-11-29_20-01-56-300x200.webp 300w, https:\/\/www.acidadeon.com\/ribeiraopreto\/wp-content\/uploads\/sites\/3\/2024\/11\/estudo-aquifero-guarani_2024-11-29_20-01-56_jpg_2024-11-29_20-01-56-768x512.webp 768w, https:\/\/www.acidadeon.com\/ribeiraopreto\/wp-content\/uploads\/sites\/3\/2024\/11\/estudo-aquifero-guarani_2024-11-29_20-01-56_jpg_2024-11-29_20-01-56-1536x1023.webp 1536w, https:\/\/www.acidadeon.com\/ribeiraopreto\/wp-content\/uploads\/sites\/3\/2024\/11\/estudo-aquifero-guarani_2024-11-29_20-01-56_jpg_2024-11-29_20-01-56-696x464.webp 696w, https:\/\/www.acidadeon.com\/ribeiraopreto\/wp-content\/uploads\/sites\/3\/2024\/11\/estudo-aquifero-guarani_2024-11-29_20-01-56_jpg_2024-11-29_20-01-56-1068x712.webp 1068w, https:\/\/www.acidadeon.com\/ribeiraopreto\/wp-content\/uploads\/sites\/3\/2024\/11\/estudo-aquifero-guarani_2024-11-29_20-01-56_jpg_2024-11-29_20-01-56.webp 1600w\" sizes=\"auto, (max-width: 1024px) 100vw, 1024px\"\/><figcaption class=\"wp-element-caption\">Dados foram analisados pelo professor Ricardo Hirada, especialista em \u00e1guas subterr\u00e2neas (Foto: Fernando Gonzaga\/CCS Ribeir\u00e3o Preto)<\/figcaption><\/figure>\n<h3 class=\"wp-block-heading\"><strong>Intelig\u00eancia artificial<\/strong><\/h3>\n<p>Segundo a prefeitura, os respons\u00e1veis pelo estudo v\u00e3o utilizar as informa\u00e7\u00f5es coletadas para construir um modelo conceitual e num\u00e9rico, utilizando programas de intelig\u00eancia artificial para estabelecer as caracter\u00edsticas hidr\u00e1ulicas de parte do aqu\u00edfero.<\/p>\n<h3 class=\"wp-block-heading\"><strong>\u00c1gua do rio Pardo<\/strong><\/h3>\n<p>Al\u00e9m do levantamento sobre o Aqu\u00edfero Guarani, o secret\u00e1rio da Saerp, Ant\u00f4nio Carlos de Oliveira J\u00fanior, informou que em dezembro ser\u00e1 dada a ordem de servi\u00e7o para in\u00edcio dos estudos sobre capta\u00e7\u00e3o de <strong>\u00e1gua do Rio Pardo<\/strong>.<\/p>\n<p>\u201cOs estudos sobre o Aqu\u00edfero Guarani fornecer\u00e3o dados importantes para a gest\u00e3o do abastecimento do munic\u00edpio, avaliando limites da explota\u00e7\u00e3o da \u00e1gua e tamb\u00e9m para o Comit\u00ea de Bacias tomar decis\u00f5es quanto \u00e0s restri\u00e7\u00f5es impostas para perfura\u00e7\u00f5es de novos po\u00e7os\u201d, disse.<\/p>\n<p>Segundo o secret\u00e1rio, um dos objetivos \u00e9 definir quais locais ser\u00e3o implantados a Esta\u00e7\u00e3o de Tratamento de \u00c1gua, as adutoras e reservat\u00f3rios no munic\u00edpio. <\/p>\n<p>\u201cTermos dois mananciais para abastecimento significam maior seguran\u00e7a para a popula\u00e7\u00e3o e empresas no fornecimento de \u00e1gua com qualidade e ininterruptamente\u201d, disse o secret\u00e1rio.<\/p>\n<p>SAIBA MAIS<br \/>Conhe\u00e7a o ator de Ribeir\u00e3o Preto que participa da s\u00e9rie \u2018Senna\u2019, da Netflix<\/p>\n<h4 class=\"wp-block-heading\"><strong>FIQUE ON<\/strong><\/h4>\n<p>Fique ligado em tudo que acontece em Ribeir\u00e3o Preto e regi\u00e3o. Siga os perfis do <strong>acidade on<\/strong> no <a href=\"https:\/\/www.instagram.com\/acidadeonribeirao\" target=\"_blank\" rel=\"noreferrer noopener nofollow\">Instagram <\/a>e no <a href=\"https:\/\/www.facebook.com\/acidadeonribeirao\/\" target=\"_blank\" rel=\"noreferrer noopener nofollow\">Facebook<\/a>.<\/p>\n<p>Receba not\u00edcias do<strong> acidade on<\/strong> no WhatsApp. <a href=\"https:\/\/chat.whatsapp.com\/Fg4ok3aAVyB59DP63pRapr\" target=\"_blank\" rel=\"noreferrer noopener nofollow\">Para entrar no grupo, basta clicar aqui.<\/a><\/p>\n<p>Fa\u00e7a uma den\u00fancia ou sugira uma reportagem sobre Ribeir\u00e3o Preto e regi\u00e3o pelo WhatsApp: 16 99117 7802.<\/p>\n<p>VEJA TAMB\u00c9M<br \/>Como fica o clima neste fim de semana no interior de SP?<\/p>\n<p><!-- CONTENT END 1 -->\n<\/div>\n<p><script async src=\"\/\/www.instagram.com\/embed.js\"><\/script><br \/>\n<br \/><br \/>\n<br \/><a href=\"https:\/\/www.acidadeon.com\/ribeiraopreto\/politica\/agua-consumida-em-ribeirao-preto-tem-tres-mil-anos-entenda\/\">Source link <\/a><\/p>\n","protected":false},"excerpt":{"rendered":"<p>A \u00e1gua consumida em Ribeir\u00e3o Preto tem aproximadamente tr\u00eas mil anos, de acordo com estudo contratado pela Prefeitura de Ribeir\u00e3o Preto. O levantamento tem o&#8230;<\/p>\n","protected":false},"author":1,"featured_media":77930,"comment_status":"open","ping_status":"open","sticky":false,"template":"","format":"standard","meta":{"_uag_custom_page_level_css":"","advanced_seo_description":"","jetpack_seo_html_title":"","jetpack_seo_noindex":false,"jetpack_post_was_ever_published":false,"_jetpack_newsletter_access":"","_jetpack_dont_email_post_to_subs":false,"_jetpack_newsletter_tier_id":0,"_jetpack_memberships_contains_paywalled_content":false,"_jetpack_memberships_contains_paid_content":false,"footnotes":"","jetpack_publicize_message":"","jetpack_publicize_feature_enabled":true,"jetpack_social_post_already_shared":true,"jetpack_social_options":{"image_generator_settings":{"template":"highway","default_image_id":0,"font":"","enabled":false},"version":2}},"categories":[11],"tags":[],"class_list":["post-77929","post","type-post","status-publish","format-standard","has-post-thumbnail","hentry","category-noticias-de-ribeirao-preto-sp-e-regiao-ismael-colosi"],"jetpack_publicize_connections":[],"jetpack_featured_media_url":"https:\/\/i0.wp.com\/ismaelcolosi.com.br\/wp-content\/uploads\/2024\/11\/bebedouro-saerp.jpg?fit=1056%2C574&ssl=1","uagb_featured_image_src":{"full":["https:\/\/i0.wp.com\/ismaelcolosi.com.br\/wp-content\/uploads\/2024\/11\/bebedouro-saerp.jpg?fit=1056%2C574&ssl=1",1056,574,false],"thumbnail":["https:\/\/i0.wp.com\/ismaelcolosi.com.br\/wp-content\/uploads\/2024\/11\/bebedouro-saerp.jpg?resize=150%2C150&ssl=1",150,150,true],"medium":["https:\/\/i0.wp.com\/ismaelcolosi.com.br\/wp-content\/uploads\/2024\/11\/bebedouro-saerp.jpg?fit=300%2C163&ssl=1",300,163,true],"medium_large":["https:\/\/i0.wp.com\/ismaelcolosi.com.br\/wp-content\/uploads\/2024\/11\/bebedouro-saerp.jpg?fit=768%2C417&ssl=1",768,417,true],"large":["https:\/\/i0.wp.com\/ismaelcolosi.com.br\/wp-content\/uploads\/2024\/11\/bebedouro-saerp.jpg?fit=1024%2C557&ssl=1",1024,557,true],"1536x1536":["https:\/\/i0.wp.com\/ismaelcolosi.com.br\/wp-content\/uploads\/2024\/11\/bebedouro-saerp.jpg?fit=1056%2C574&ssl=1",1056,574,true],"2048x2048":["https:\/\/i0.wp.com\/ismaelcolosi.com.br\/wp-content\/uploads\/2024\/11\/bebedouro-saerp.jpg?fit=1056%2C574&ssl=1",1056,574,true],"really-simple-thumb":["https:\/\/i0.wp.com\/ismaelcolosi.com.br\/wp-content\/uploads\/2024\/11\/bebedouro-saerp.jpg?resize=370%2C247&ssl=1",370,247,true]},"uagb_author_info":{"display_name":"ismaelcolosi.com.br","author_link":"https:\/\/ismaelcolosi.com.br\/index.php\/author\/vidareal-online\/"},"uagb_comment_info":0,"uagb_excerpt":"A \u00e1gua consumida em Ribeir\u00e3o Preto tem aproximadamente tr\u00eas mil anos, de acordo com estudo contratado pela Prefeitura de Ribeir\u00e3o Preto. O levantamento tem o...","jetpack-related-posts":[{"id":78460,"url":"https:\/\/ismaelcolosi.com.br\/index.php\/2024\/12\/05\/prefeitura-na-regiao-de-ribeirao-preto-abre-processo-seletivo-veja-vagas\/","url_meta":{"origin":77929,"position":0},"title":"Prefeitura na regi\u00e3o de Ribeir\u00e3o Preto abre processo seletivo; veja vagas","author":"ismaelcolosi.com.br","date":"5 de December de 2024","format":false,"excerpt":"A Prefeitura de Sert\u00e3ozinho, na regi\u00e3o de Ribeir\u00e3o Preto, publicou um processo seletivo para formar cadastro reserva de professores com forma\u00e7\u00e3o superior ou magist\u00e9rio em n\u00edvel m\u00e9dio. As vagas s\u00e3o para as seguintes \u00e1reas: Professor de Ensino B\u00e1sico IPEB II Educa\u00e7\u00e3o F\u00edsicaPEB II Professor de ArtePEB II Professor de Matem\u00e1ticaPEB\u2026","rel":"","context":"In &quot;Not\u00edcias de Ribeir\u00e3o Preto-SP e Regi\u00e3o&quot;","block_context":{"text":"Not\u00edcias de Ribeir\u00e3o Preto-SP e Regi\u00e3o","link":"https:\/\/ismaelcolosi.com.br\/index.php\/category\/noticias-de-ribeirao-preto-sp-e-regiao-ismael-colosi\/"},"img":{"alt_text":"","src":"https:\/\/i0.wp.com\/ismaelcolosi.com.br\/wp-content\/uploads\/2024\/08\/concurso-publico-ribeirao-preto_2024-08-13_10-44-40_jpg_2024-08-13_10-44-40.webp.webp?fit=1200%2C800&ssl=1&resize=350%2C200","width":350,"height":200,"srcset":"https:\/\/i0.wp.com\/ismaelcolosi.com.br\/wp-content\/uploads\/2024\/08\/concurso-publico-ribeirao-preto_2024-08-13_10-44-40_jpg_2024-08-13_10-44-40.webp.webp?fit=1200%2C800&ssl=1&resize=350%2C200 1x, https:\/\/i0.wp.com\/ismaelcolosi.com.br\/wp-content\/uploads\/2024\/08\/concurso-publico-ribeirao-preto_2024-08-13_10-44-40_jpg_2024-08-13_10-44-40.webp.webp?fit=1200%2C800&ssl=1&resize=525%2C300 1.5x, https:\/\/i0.wp.com\/ismaelcolosi.com.br\/wp-content\/uploads\/2024\/08\/concurso-publico-ribeirao-preto_2024-08-13_10-44-40_jpg_2024-08-13_10-44-40.webp.webp?fit=1200%2C800&ssl=1&resize=700%2C400 2x, https:\/\/i0.wp.com\/ismaelcolosi.com.br\/wp-content\/uploads\/2024\/08\/concurso-publico-ribeirao-preto_2024-08-13_10-44-40_jpg_2024-08-13_10-44-40.webp.webp?fit=1200%2C800&ssl=1&resize=1050%2C600 3x"},"classes":[]},{"id":78824,"url":"https:\/\/ismaelcolosi.com.br\/index.php\/2024\/12\/09\/ribeirao-preto-recebe-feira-de-moda-e-estofamento-veja-quando\/","url_meta":{"origin":77929,"position":1},"title":"Ribeir\u00e3o Preto recebe feira de moda e estofamento; Veja quando","author":"ismaelcolosi.com.br","date":"9 de December de 2024","format":false,"excerpt":"Ribeir\u00e3o Preto vai receber entre os dias 5 e 6 de fevereiro de 2025, a 2\u00aa edi\u00e7\u00e3o da Tecnomoda, feira que re\u00fane materiais, equipamentos e servi\u00e7os para os setores de moda, estofamento e automotivo. Com o intuito de estimular a realiza\u00e7\u00e3o de neg\u00f3cios, o evento ser\u00e1 realizado no Alcans Hall\u2026","rel":"","context":"In &quot;Not\u00edcias de Ribeir\u00e3o Preto-SP e Regi\u00e3o&quot;","block_context":{"text":"Not\u00edcias de Ribeir\u00e3o Preto-SP e Regi\u00e3o","link":"https:\/\/ismaelcolosi.com.br\/index.php\/category\/noticias-de-ribeirao-preto-sp-e-regiao-ismael-colosi\/"},"img":{"alt_text":"","src":"https:\/\/i0.wp.com\/ismaelcolosi.com.br\/wp-content\/uploads\/2024\/12\/Copia-de-Copia-de-Copia-de-TAMANHO-EXATO-PARA-FOTOS-NO-SISTEMA-NOVO-2024-12-09T184149.252_2024-12-09_21-50-23_png_2024-12-09_21-50-23.webp.webp?fit=1200%2C675&ssl=1&resize=350%2C200","width":350,"height":200,"srcset":"https:\/\/i0.wp.com\/ismaelcolosi.com.br\/wp-content\/uploads\/2024\/12\/Copia-de-Copia-de-Copia-de-TAMANHO-EXATO-PARA-FOTOS-NO-SISTEMA-NOVO-2024-12-09T184149.252_2024-12-09_21-50-23_png_2024-12-09_21-50-23.webp.webp?fit=1200%2C675&ssl=1&resize=350%2C200 1x, https:\/\/i0.wp.com\/ismaelcolosi.com.br\/wp-content\/uploads\/2024\/12\/Copia-de-Copia-de-Copia-de-TAMANHO-EXATO-PARA-FOTOS-NO-SISTEMA-NOVO-2024-12-09T184149.252_2024-12-09_21-50-23_png_2024-12-09_21-50-23.webp.webp?fit=1200%2C675&ssl=1&resize=525%2C300 1.5x, https:\/\/i0.wp.com\/ismaelcolosi.com.br\/wp-content\/uploads\/2024\/12\/Copia-de-Copia-de-Copia-de-TAMANHO-EXATO-PARA-FOTOS-NO-SISTEMA-NOVO-2024-12-09T184149.252_2024-12-09_21-50-23_png_2024-12-09_21-50-23.webp.webp?fit=1200%2C675&ssl=1&resize=700%2C400 2x, https:\/\/i0.wp.com\/ismaelcolosi.com.br\/wp-content\/uploads\/2024\/12\/Copia-de-Copia-de-Copia-de-TAMANHO-EXATO-PARA-FOTOS-NO-SISTEMA-NOVO-2024-12-09T184149.252_2024-12-09_21-50-23_png_2024-12-09_21-50-23.webp.webp?fit=1200%2C675&ssl=1&resize=1050%2C600 3x"},"classes":[]},{"id":79415,"url":"https:\/\/ismaelcolosi.com.br\/index.php\/2024\/12\/16\/cranio-e-encontrado-em-terreno-atras-de-escola-em-ribeirao-preto\/","url_meta":{"origin":77929,"position":2},"title":"Cr\u00e2nio \u00e9 encontrado em terreno atr\u00e1s de escola em Ribeir\u00e3o Preto","author":"ismaelcolosi.com.br","date":"16 de December de 2024","format":false,"excerpt":"Um cr\u00e2nio foi encontrado na tarde da \u00faltima sexta-feira (13), em um terreno localizado atr\u00e1s de uma escola no Jardim Pedra Branca, zona Leste de Ribeir\u00e3o Preto. Segundo o boletim de ocorr\u00eancia (BO), o cr\u00e2nio foi localizado por pessoas que limpavam a \u00e1rea, nos fundos na Emei Dr. Wilson Roselino,\u2026","rel":"","context":"In &quot;Not\u00edcias de Ribeir\u00e3o Preto-SP e Regi\u00e3o&quot;","block_context":{"text":"Not\u00edcias de Ribeir\u00e3o Preto-SP e Regi\u00e3o","link":"https:\/\/ismaelcolosi.com.br\/index.php\/category\/noticias-de-ribeirao-preto-sp-e-regiao-ismael-colosi\/"},"img":{"alt_text":"","src":"https:\/\/ismaelcolosi.com.br\/wp-content\/uploads\/2024\/02\/whatsapp_image_2022-08-14_at_12_10_03.jpe","width":350,"height":200,"srcset":"https:\/\/ismaelcolosi.com.br\/wp-content\/uploads\/2024\/02\/whatsapp_image_2022-08-14_at_12_10_03.jpe 1x, https:\/\/ismaelcolosi.com.br\/wp-content\/uploads\/2024\/02\/whatsapp_image_2022-08-14_at_12_10_03.jpe 1.5x, https:\/\/ismaelcolosi.com.br\/wp-content\/uploads\/2024\/02\/whatsapp_image_2022-08-14_at_12_10_03.jpe 2x, https:\/\/ismaelcolosi.com.br\/wp-content\/uploads\/2024\/02\/whatsapp_image_2022-08-14_at_12_10_03.jpe 3x"},"classes":[]},{"id":78599,"url":"https:\/\/ismaelcolosi.com.br\/index.php\/2024\/12\/06\/obra-do-centro-administrativo-de-ribeirao-preto-recebe-autorizacao-para-comecar\/","url_meta":{"origin":77929,"position":3},"title":"Obra do Centro Administrativo de Ribeir\u00e3o Preto recebe autoriza\u00e7\u00e3o para come\u00e7ar","author":"ismaelcolosi.com.br","date":"6 de December de 2024","format":false,"excerpt":"A obra para constru\u00e7\u00e3o do novo Centro Administrativo de Ribeir\u00e3o Preto j\u00e1 recebeu a autoriza\u00e7\u00e3o da prefeitura para que possa come\u00e7ar. A ordem de servi\u00e7o, que libera o in\u00edcio dos trabalhos, foi emitida no dia 25 de novembro. O Centro Administrativo est\u00e1 avaliado em R$ 173,4 milh\u00f5es e deve ser\u2026","rel":"","context":"In &quot;Not\u00edcias de Ribeir\u00e3o Preto-SP e Regi\u00e3o&quot;","block_context":{"text":"Not\u00edcias de Ribeir\u00e3o Preto-SP e Regi\u00e3o","link":"https:\/\/ismaelcolosi.com.br\/index.php\/category\/noticias-de-ribeirao-preto-sp-e-regiao-ismael-colosi\/"},"img":{"alt_text":"","src":"https:\/\/i0.wp.com\/ismaelcolosi.com.br\/wp-content\/uploads\/2024\/12\/centro-administrativo_2024-12-06_20-50-03_jpg_2024-12-06_20-50-03.webp.webp?fit=1200%2C869&ssl=1&resize=350%2C200","width":350,"height":200,"srcset":"https:\/\/i0.wp.com\/ismaelcolosi.com.br\/wp-content\/uploads\/2024\/12\/centro-administrativo_2024-12-06_20-50-03_jpg_2024-12-06_20-50-03.webp.webp?fit=1200%2C869&ssl=1&resize=350%2C200 1x, https:\/\/i0.wp.com\/ismaelcolosi.com.br\/wp-content\/uploads\/2024\/12\/centro-administrativo_2024-12-06_20-50-03_jpg_2024-12-06_20-50-03.webp.webp?fit=1200%2C869&ssl=1&resize=525%2C300 1.5x, https:\/\/i0.wp.com\/ismaelcolosi.com.br\/wp-content\/uploads\/2024\/12\/centro-administrativo_2024-12-06_20-50-03_jpg_2024-12-06_20-50-03.webp.webp?fit=1200%2C869&ssl=1&resize=700%2C400 2x, https:\/\/i0.wp.com\/ismaelcolosi.com.br\/wp-content\/uploads\/2024\/12\/centro-administrativo_2024-12-06_20-50-03_jpg_2024-12-06_20-50-03.webp.webp?fit=1200%2C869&ssl=1&resize=1050%2C600 3x"},"classes":[]},{"id":79361,"url":"https:\/\/ismaelcolosi.com.br\/index.php\/2024\/12\/15\/palacete-historico-de-ribeirao-preto-recebe-feira-de-artesanato-especial-de-natal\/","url_meta":{"origin":77929,"position":4},"title":"Palacete hist\u00f3rico de Ribeir\u00e3o Preto recebe feira de artesanato especial de Natal","author":"ismaelcolosi.com.br","date":"15 de December de 2024","format":false,"excerpt":"O Palacete Camilo de Mattos, no Centro de Ribeir\u00e3o Preto, recebe a partir desta segunda-feira (16) uma feira de artesanato em edi\u00e7\u00e3o especial da Natal. A feira ficar\u00e1 aberta at\u00e9 segunda-feira (23), das 10h \u00e0s 19h, com entrada gratuita e aberta ao p\u00fablico. Os visitantes ter\u00e3o a oportunidade de conhecer\u2026","rel":"","context":"In &quot;Not\u00edcias de Ribeir\u00e3o Preto-SP e Regi\u00e3o&quot;","block_context":{"text":"Not\u00edcias de Ribeir\u00e3o Preto-SP e Regi\u00e3o","link":"https:\/\/ismaelcolosi.com.br\/index.php\/category\/noticias-de-ribeirao-preto-sp-e-regiao-ismael-colosi\/"},"img":{"alt_text":"","src":"https:\/\/i0.wp.com\/ismaelcolosi.com.br\/wp-content\/uploads\/2024\/06\/palacete-camilo-de-mattos_2024-06-19_15-10-39_jpeg_2024-06-19_15-10-40-scaled.webp.webp?fit=1200%2C675&ssl=1&resize=350%2C200","width":350,"height":200,"srcset":"https:\/\/i0.wp.com\/ismaelcolosi.com.br\/wp-content\/uploads\/2024\/06\/palacete-camilo-de-mattos_2024-06-19_15-10-39_jpeg_2024-06-19_15-10-40-scaled.webp.webp?fit=1200%2C675&ssl=1&resize=350%2C200 1x, https:\/\/i0.wp.com\/ismaelcolosi.com.br\/wp-content\/uploads\/2024\/06\/palacete-camilo-de-mattos_2024-06-19_15-10-39_jpeg_2024-06-19_15-10-40-scaled.webp.webp?fit=1200%2C675&ssl=1&resize=525%2C300 1.5x, https:\/\/i0.wp.com\/ismaelcolosi.com.br\/wp-content\/uploads\/2024\/06\/palacete-camilo-de-mattos_2024-06-19_15-10-39_jpeg_2024-06-19_15-10-40-scaled.webp.webp?fit=1200%2C675&ssl=1&resize=700%2C400 2x, https:\/\/i0.wp.com\/ismaelcolosi.com.br\/wp-content\/uploads\/2024\/06\/palacete-camilo-de-mattos_2024-06-19_15-10-39_jpeg_2024-06-19_15-10-40-scaled.webp.webp?fit=1200%2C675&ssl=1&resize=1050%2C600 3x"},"classes":[]},{"id":74764,"url":"https:\/\/ismaelcolosi.com.br\/index.php\/2024\/11\/01\/justica-suspende-contrato-para-construcao-do-novo-centro-administrativo-de-ribeirao-preto\/","url_meta":{"origin":77929,"position":5},"title":"Justi\u00e7a suspende contrato para constru\u00e7\u00e3o do novo Centro Administrativo de Ribeir\u00e3o Preto","author":"ismaelcolosi.com.br","date":"1 de November de 2024","format":false,"excerpt":"Nesta sexta-feira (1\u00ba), a constru\u00e7\u00e3o do novo Centro Administrativo de Ribeir\u00e3o Preto ganhou mais um cap\u00edtulo. A ju\u00edza Lucilene Canella de Mello deferiu pedido de liminar para suspender a execu\u00e7\u00e3o do contrato. A a\u00e7\u00e3o foi apresentada pelos vereadores Duda Hidalgo (PT) e Marcos Papa (Podemos). O prefeito Duarte Nogueira acredita\u00a0que\u2026","rel":"","context":"In &quot;Not\u00edcias de Ribeir\u00e3o Preto-SP e Regi\u00e3o&quot;","block_context":{"text":"Not\u00edcias de Ribeir\u00e3o Preto-SP e Regi\u00e3o","link":"https:\/\/ismaelcolosi.com.br\/index.php\/category\/noticias-de-ribeirao-preto-sp-e-regiao-ismael-colosi\/"},"img":{"alt_text":"","src":"https:\/\/i0.wp.com\/ismaelcolosi.com.br\/wp-content\/uploads\/2024\/10\/centro_administrativo_1024x576_20112019183024_2024-10-09_20-45-18_jpg_2024-10-09_20-45-18.webp.webp?fit=1024%2C575&ssl=1&resize=350%2C200","width":350,"height":200,"srcset":"https:\/\/i0.wp.com\/ismaelcolosi.com.br\/wp-content\/uploads\/2024\/10\/centro_administrativo_1024x576_20112019183024_2024-10-09_20-45-18_jpg_2024-10-09_20-45-18.webp.webp?fit=1024%2C575&ssl=1&resize=350%2C200 1x, https:\/\/i0.wp.com\/ismaelcolosi.com.br\/wp-content\/uploads\/2024\/10\/centro_administrativo_1024x576_20112019183024_2024-10-09_20-45-18_jpg_2024-10-09_20-45-18.webp.webp?fit=1024%2C575&ssl=1&resize=525%2C300 1.5x, https:\/\/i0.wp.com\/ismaelcolosi.com.br\/wp-content\/uploads\/2024\/10\/centro_administrativo_1024x576_20112019183024_2024-10-09_20-45-18_jpg_2024-10-09_20-45-18.webp.webp?fit=1024%2C575&ssl=1&resize=700%2C400 2x"},"classes":[]}],"jetpack_sharing_enabled":true,"jetpack_shortlink":"https:\/\/wp.me\/pfMlyK-kgV","_links":{"self":[{"href":"https:\/\/ismaelcolosi.com.br\/index.php\/wp-json\/wp\/v2\/posts\/77929","targetHints":{"allow":["GET"]}}],"collection":[{"href":"https:\/\/ismaelcolosi.com.br\/index.php\/wp-json\/wp\/v2\/posts"}],"about":[{"href":"https:\/\/ismaelcolosi.com.br\/index.php\/wp-json\/wp\/v2\/types\/post"}],"author":[{"embeddable":true,"href":"https:\/\/ismaelcolosi.com.br\/index.php\/wp-json\/wp\/v2\/users\/1"}],"replies":[{"embeddable":true,"href":"https:\/\/ismaelcolosi.com.br\/index.php\/wp-json\/wp\/v2\/comments?post=77929"}],"version-history":[{"count":0,"href":"https:\/\/ismaelcolosi.com.br\/index.php\/wp-json\/wp\/v2\/posts\/77929\/revisions"}],"wp:featuredmedia":[{"embeddable":true,"href":"https:\/\/ismaelcolosi.com.br\/index.php\/wp-json\/wp\/v2\/media\/77930"}],"wp:attachment":[{"href":"https:\/\/ismaelcolosi.com.br\/index.php\/wp-json\/wp\/v2\/media?parent=77929"}],"wp:term":[{"taxonomy":"category","embeddable":true,"href":"https:\/\/ismaelcolosi.com.br\/index.php\/wp-json\/wp\/v2\/categories?post=77929"},{"taxonomy":"post_tag","embeddable":true,"href":"https:\/\/ismaelcolosi.com.br\/index.php\/wp-json\/wp\/v2\/tags?post=77929"}],"curies":[{"name":"wp","href":"https:\/\/api.w.org\/{rel}","templated":true}]}}