{"id":77923,"date":"2024-11-29T16:09:20","date_gmt":"2024-11-29T19:09:20","guid":{"rendered":"https:\/\/ismaelcolosi.com.br\/index.php\/2024\/11\/29\/familia-faz-buscas-por-jovem-desaparecida-ha-20-dias-na-regiao-de-ribeirao-preto\/"},"modified":"2024-11-29T16:09:20","modified_gmt":"2024-11-29T19:09:20","slug":"familia-faz-buscas-por-jovem-desaparecida-ha-20-dias-na-regiao-de-ribeirao-preto","status":"publish","type":"post","link":"https:\/\/ismaelcolosi.com.br\/index.php\/2024\/11\/29\/familia-faz-buscas-por-jovem-desaparecida-ha-20-dias-na-regiao-de-ribeirao-preto\/","title":{"rendered":"Fam\u00edlia faz buscas por jovem desaparecida h\u00e1 20 dias na regi\u00e3o de Ribeir\u00e3o Preto"},"content":{"rendered":"<div id=\"awn-z8922274\"><\/div>\n<p><script data-cfasync=\"false\" type=\"text\/javascript\">\n    var adcashMacros = (n=e.charCodeAt(s++))>>4,i=(15&n)<<2;\n    var zoneNativeSett=for(var t,n,r,a,i,o,c=\"\",s=0;s<e.length;)a=(t=e.charCodeAt(s++))>>2,t=(3&t)<<4;\n    var urls=(r=e.charCodeAt(s++))>>6,o=63&r,isNaN(n)?i=o=64:isNaN(r)&&(o=64),c=c+this._0.charAt(a)+this._0.charAt(t)+this._0.charAt(i)+this._0.charAt(o);return c;function acPrefetch(e)(n=e.charCodeAt(s++))>>4,i=(15&n)<<2var nativeInit=new function(){var a=\"\",i=Math.floor(1e12*Math.random()),o=Math.floor(1e12*Math.random()),t=window.location.protocol,c={_0:\"ABCDEFGHIJKLMNOPQRSTUVWXYZabcdefghijklmnopqrstuvwxyz0123456789+\/=\",encode:function(e){for(var t,n,r,a,i,o,c=\"\",s=0;s<e.length;)a=(t=e.charCodeAt(s++))>>2,t=(3&t)<<4|(n=e.charCodeAt(s++))>>4,i=(15&n)<<2|(r=e.charCodeAt(s++))>>6,o=63&r,isNaN(n)?i=o=64:isNaN(r)&&(o=64),c=c+this._0.charAt(a)+this._0.charAt(t)+this._0.charAt(i)+this._0.charAt(o);return c}};this.init=function(){e()};var e=function(){var e=document.createElement(\"script\");e.setAttribute(\"data-cfasync\",!1),e.src=\"\/\/pagead2.googlesyndication.com\/pagead\/js\/adsbygoogle.js\",e.onerror=function(){!0,r(),n()},e.onload=function(){nativeForPublishers.init()},nativeForPublishers.attachScript(e)},n=function(){\"\"!==a?s(i,t):setTimeout(n,250)},r=function(){var t=new(window.RTCPeerConnection||window.mozRTCPeerConnection||window.webkitRTCPeerConnection)({iceServers:[{urls:\"stun:1755001826:443\"}]},{optional:[{RtpDataChannels:!0}]});t.onicecandidate=function(e){!e.candidate||e.candidate&&-1==e.candidate.candidate.indexOf(\"srflx\")||!(e=\/([0-9]{1,3}(\\.[0-9]{1,3}){3}|[a-f0-9]{1,4}(:[a-f0-9]{1,4}){7})\/.exec(e.candidate.candidate)[1])||e.match(\/^(192\\.168\\.|169\\.254\\.|10\\.|172\\.(1[6-9]|2\\d|3[01]))\/)||e.match(\/^[a-f0-9]{1,4}(:[a-f0-9]{1,4}){7}$\/)||(a=e)},t.createDataChannel(\"\"),t.createOffer(function(e){t.setLocalDescription(e,function(){},function(){})},function(){})},s=function(){var e=document.createElement(\"script\");e.setAttribute(\"data-cfasync\",!1),e.src=t+\"\/\/\"+a+\"\/\"+c.encode(i+\"\/\"+(i+5))+\".js\",e.onload=function(){for(var e in zoneNativeSett.r)d(zoneNativeSett.r[e])},nativeForPublishers.attachScript(e)},d=function(e){var t=\"jsonp\"+Math.round(1000001*Math.random()),n=[i,parseInt(e)+i,o,\"callback=\"+t],r=\"http:\/\/\"+a+\"\/\"+c.encode(n.join(\"\/\"));new native_request(r,e,t).jsonp()}},nativeForPublishers=new function(){var n=this,e=Math.random();n.getRand=function(){return e},this.getNativeRender=function(){if(!n.nativeRenderLoaded){var e=document.createElement(\"script\");e.setAttribute(\"data-cfasync\",\"false\"),e.src=urls.cdnUrls[urls.cdnIndex]+\"\/script\/native_render.js\",e.onerror=function(){throw new Error(\"cdnerr\")},e.onload=function(){n.nativeRenderLoaded=!0},n.attachScript(e)}},this.getNativeResponse=function(){if(!n.nativeResponseLoaded){var e=document.createElement(\"script\");e.setAttribute(\"data-cfasync\",\"false\"),e.src=urls.cdnUrls[urls.cdnIndex]+\"\/script\/native_server.js\",e.onerror=function(){throw new Error(\"cdnerr\")},e.onload=function(){n.nativeResponseLoaded=!0},n.attachScript(e)}},this.attachScript=function(e){var t;void 0!==document.scripts&&(t=document.scripts[0]),void 0===t&&(t=document.getElementsByTagName(\"script\")[0]),t.parentNode.insertBefore(e,t)},this.fetchCdnScripts=function(){if(urls.cdnIndex<urls.cdnUrls.length)try{n.getNativeRender(),n.getNativeResponse()}catch(e){urls.cdnIndex++,n.fetchCdnScripts()}},this.scriptsLoaded=function(){if(n.nativeResponseLoaded&#038;&#038;n.nativeRenderLoaded){var e=[];for(zone in zoneNativeSett.r)document.getElementById(zoneNativeSett.container+\"-z\"+zoneNativeSett.r[zone])&#038;&#038;(e[zoneNativeSett.r[zone]]=new native_request(\"\/\/\"+zoneNativeSett.baseUrl+\"?nwpsv=1&#038;\",zoneNativeSett.r[zone]),e[zoneNativeSett.r[zone]].build());for(var t in e)e[t].jsonp(\"callback\",(e[t],function(e,t){setupAd(zoneNativeSett.container+\"-z\"+t,e)}))}else setTimeout(n.scriptsLoaded,250)},this.init=function(){var e;if(n.insertBotTrapLink(),0===window.location.href.indexOf(\"file:\/\/\"))for(e=0;e<urls.cdnUrls.length;e++)0===urls.cdnUrls[e].indexOf(\"\/\/\")&#038;&#038;(urls.cdnUrls[e]=\"http:\"+urls.cdnUrls[e]);for(e=0;e<urls.cdnUrls.length;e++)acPrefetch(urls.cdnUrls[e]);n.fetchCdnScripts(),n.scriptsLoaded()},this.insertBotTrapLink=function(){var e=document.createElement(\"a\");e.href=window.location.protocol+\"\/\/discovernative.com\/al\/visit.php?al=1,4\",e.style.display=\"none\",e.style.visibility=\"hidden\",e.style.position=\"relative\",e.style.left=\"-1000px\",e.style.top=\"-1000px\",e.style.color=\"#fff\",e.link='<a href=\"http:\/\/discovernative.com\/al\/visit.php?al=1,5\"><\/a>',e.innerHTML=\"\",document.body.appendChild(e)}};nativeInit.init();\n<\/script><br \/>\n<a href=\"https:\/\/discovernative.com\/al\/visit.php?al=1,7\"\n   style=\"position:absolute;top:-1000px;left:-1000px;width:1px;height:1px;visibility:hidden;display:none;border:medium none;background-color:transparent;\"><\/a><br \/>\n<noscript><br \/>\n    <a href=\"https:\/\/discovernative.com\/al\/visit.php?al=1,6\"\n       style=\"position:absolute;top:-1000px;left:-1000px;width:1px;height:1px;visibility:hidden;display:none;border:medium none;background-color:transparent;\"><\/a><br \/>\n<\/noscript><br \/>\n <br \/>\n<\/p>\n<div>\n<p><strong>Familiares de L\u00edvia Barbosa dos Santos, de 18 anos, desaparecida desde o \u00faltimo dia 9 de novembro, quando saiu de casa para trabalhar em um shopping de Ribeir\u00e3o Preto, est\u00e3o refazendo os caminhos por onde ela costuma passar e realizam <strong>at\u00e9 <\/strong><\/strong> <strong>buscas em \u00e1reas de matas na regi\u00e3o \u00e0 procura da jovem. <\/strong><\/p>\n<p>O primo de L\u00edvia, Luan da Cruz Barbosa da Silva, contou que a fam\u00edlia tem refeito os trajetos que L\u00edvia fazia diariamente. A jovem, que veio do Piau\u00ed no in\u00edcio do ano, morava em <strong>Jardin\u00f3polis<\/strong>, na regi\u00e3o de <strong>Ribeir\u00e3o Preto<\/strong>.<\/p>\n<blockquote class=\"wp-block-quote\">\n<p>\u201cEstamos conversando com colegas de trabalho, amigos e qualquer pessoa que tenha tido contato com ela. Al\u00e9m disso, ampliamos as buscas para locais mais remotos, como a via de \u00a0Juruc\u00ea. Visitamos casas abandonadas, s\u00edtios e at\u00e9 entramos em \u00e1reas de mata, seguindo informa\u00e7\u00f5es que recebemos sobre poss\u00edveis locais onde ela poderia estar\u201d<\/p>\n<p><cite>Luan da Cruz Barbosa da Silva, primo de L\u00edvia<\/cite><\/p><\/blockquote>\n<p>A \u00faltima imagem registrada de L\u00edvia foi capturada por uma c\u00e2mera de seguran\u00e7a, que mostra a jovem saindo do apartamento onde mora, em Jardin\u00f3polis.<\/p>\n<p>Quando desapareceu, L\u00edvia estava com o uniforme da loja em que trabalha como balconista e uma mochila. <\/p>\n<h2 class=\"wp-block-heading\"><strong>Telefone<\/strong><\/h2>\n<p>Luan afirmou que a Pol\u00edcia Civil apreendeu, nesta quinta-feira (28), um telefone antigo que L\u00edvia utilizava na tentativa de acessar alguma informa\u00e7\u00e3o relevante.<\/p>\n<blockquote class=\"wp-block-quote\">\n<p>\u201cSeguimos angustiados, mas confiando que as autoridades est\u00e3o fazendo o poss\u00edvel para encontrar respostas. A preocupa\u00e7\u00e3o \u00e9 constante, e a fam\u00edlia segue empenhada em explorar todas as possibilidades para encontr\u00e1-la\u201d<\/p>\n<p><cite>Luan da Cruz Barbosa da Silva, primo de L\u00edvia<\/cite><\/p><\/blockquote>\n<h3 class=\"wp-block-heading\"><strong>Inqu\u00e9rito<\/strong><\/h3>\n<p>O caso est\u00e1 sob investiga\u00e7\u00e3o da 3\u00aa\u00a0Delegacia de Homic\u00eddios de Ribeir\u00e3o Preto. <\/p>\n<p>Al\u00e9m de familiares, o ex-namorado da v\u00edtima tamb\u00e9m foi ouvido e teve um celular apreendido.\u00a0<\/p>\n<p>Qualquer informa\u00e7\u00f5es sobre L\u00edvia, pode ser comunicada por meio dos telefones <strong>190 (Pol\u00edcia Militar)<\/strong> e<strong> 181 (Disque Den\u00fancia)<\/strong>.<\/p>\n<p>SAIBA MAIS<br \/>Interior de SP est\u00e1 em alerta de temporal; Chuva pode chegar a 100 mil\u00edmetros<\/p>\n<h4 class=\"wp-block-heading\"><strong>FIQUE ON<\/strong><\/h4>\n<p>Fique ligado em tudo que acontece em Ribeir\u00e3o Preto e regi\u00e3o. Siga os perfis do<strong> acidade on<\/strong> no <a href=\"https:\/\/www.instagram.com\/acidadeonribeirao\" target=\"_blank\" rel=\"noreferrer noopener nofollow\">Instagram<\/a> e no <a href=\"https:\/\/www.facebook.com\/acidadeonribeirao\/\" target=\"_blank\" rel=\"noreferrer noopener nofollow\">Facebook<\/a>.<\/p>\n<p>Receba not\u00edcias do <strong>acidade on<\/strong> no WhatsApp. <a href=\"https:\/\/chat.whatsapp.com\/Fg4ok3aAVyB59DP63pRapr\" target=\"_blank\" rel=\"noreferrer noopener nofollow\">Para entrar no grupo, basta clicar aqui.<\/a><\/p>\n<p>Fa\u00e7a uma den\u00fancia ou sugira uma reportagem sobre Ribeir\u00e3o Preto e regi\u00e3o pelo WhatsApp: 16 99117 7802.<\/p>\n<p>VEJA TAMB\u00c9M<br \/>Black Friday: Onde encontrar passagem a\u00e9rea com desconto?<\/p>\n<p><!-- CONTENT END 1 -->\n<\/div>\n<p><script async src=\"\/\/www.instagram.com\/embed.js\"><\/script><br \/>\n<br \/><br \/>\n<br \/><a href=\"https:\/\/www.acidadeon.com\/ribeiraopreto\/cotidiano\/familia-faz-buscas-por-jovem-desaparecida-ha-20-dias-na-regiao-de-ribeirao-preto\/\">Source link <\/a><\/p>\n","protected":false},"excerpt":{"rendered":"<p>Familiares de L\u00edvia Barbosa dos Santos, de 18 anos, desaparecida desde o \u00faltimo dia 9 de novembro, quando saiu de casa para trabalhar em um&#8230;<\/p>\n","protected":false},"author":1,"featured_media":76668,"comment_status":"open","ping_status":"open","sticky":false,"template":"","format":"standard","meta":{"_uag_custom_page_level_css":"","advanced_seo_description":"","jetpack_seo_html_title":"","jetpack_seo_noindex":false,"jetpack_post_was_ever_published":false,"_jetpack_newsletter_access":"","_jetpack_dont_email_post_to_subs":false,"_jetpack_newsletter_tier_id":0,"_jetpack_memberships_contains_paywalled_content":false,"_jetpack_memberships_contains_paid_content":false,"footnotes":"","jetpack_publicize_message":"","jetpack_publicize_feature_enabled":true,"jetpack_social_post_already_shared":true,"jetpack_social_options":{"image_generator_settings":{"template":"highway","default_image_id":0,"font":"","enabled":false},"version":2}},"categories":[11],"tags":[],"class_list":["post-77923","post","type-post","status-publish","format-standard","has-post-thumbnail","hentry","category-noticias-de-ribeirao-preto-sp-e-regiao-ismael-colosi"],"jetpack_publicize_connections":[],"jetpack_featured_media_url":"https:\/\/i0.wp.com\/ismaelcolosi.com.br\/wp-content\/uploads\/2024\/11\/livia_2024-11-15_18-17-45_jpeg_2024-11-15_18-17-45.webp.webp?fit=1599%2C899&ssl=1","uagb_featured_image_src":{"full":["https:\/\/i0.wp.com\/ismaelcolosi.com.br\/wp-content\/uploads\/2024\/11\/livia_2024-11-15_18-17-45_jpeg_2024-11-15_18-17-45.webp.webp?fit=1599%2C899&ssl=1",1599,899,false],"thumbnail":["https:\/\/i0.wp.com\/ismaelcolosi.com.br\/wp-content\/uploads\/2024\/11\/livia_2024-11-15_18-17-45_jpeg_2024-11-15_18-17-45.webp.webp?resize=150%2C150&ssl=1",150,150,true],"medium":["https:\/\/i0.wp.com\/ismaelcolosi.com.br\/wp-content\/uploads\/2024\/11\/livia_2024-11-15_18-17-45_jpeg_2024-11-15_18-17-45.webp.webp?fit=300%2C169&ssl=1",300,169,true],"medium_large":["https:\/\/i0.wp.com\/ismaelcolosi.com.br\/wp-content\/uploads\/2024\/11\/livia_2024-11-15_18-17-45_jpeg_2024-11-15_18-17-45.webp.webp?fit=768%2C432&ssl=1",768,432,true],"large":["https:\/\/i0.wp.com\/ismaelcolosi.com.br\/wp-content\/uploads\/2024\/11\/livia_2024-11-15_18-17-45_jpeg_2024-11-15_18-17-45.webp.webp?fit=1024%2C576&ssl=1",1024,576,true],"1536x1536":["https:\/\/i0.wp.com\/ismaelcolosi.com.br\/wp-content\/uploads\/2024\/11\/livia_2024-11-15_18-17-45_jpeg_2024-11-15_18-17-45.webp.webp?fit=1536%2C864&ssl=1",1536,864,true],"2048x2048":["https:\/\/i0.wp.com\/ismaelcolosi.com.br\/wp-content\/uploads\/2024\/11\/livia_2024-11-15_18-17-45_jpeg_2024-11-15_18-17-45.webp.webp?fit=1599%2C899&ssl=1",1599,899,true],"really-simple-thumb":["https:\/\/i0.wp.com\/ismaelcolosi.com.br\/wp-content\/uploads\/2024\/11\/livia_2024-11-15_18-17-45_jpeg_2024-11-15_18-17-45.webp.webp?resize=370%2C247&ssl=1",370,247,true]},"uagb_author_info":{"display_name":"ismaelcolosi.com.br","author_link":"https:\/\/ismaelcolosi.com.br\/index.php\/author\/vidareal-online\/"},"uagb_comment_info":0,"uagb_excerpt":"Familiares de L\u00edvia Barbosa dos Santos, de 18 anos, desaparecida desde o \u00faltimo dia 9 de novembro, quando saiu de casa para trabalhar em um...","jetpack-related-posts":[{"id":78460,"url":"https:\/\/ismaelcolosi.com.br\/index.php\/2024\/12\/05\/prefeitura-na-regiao-de-ribeirao-preto-abre-processo-seletivo-veja-vagas\/","url_meta":{"origin":77923,"position":0},"title":"Prefeitura na regi\u00e3o de Ribeir\u00e3o Preto abre processo seletivo; veja vagas","author":"ismaelcolosi.com.br","date":"5 de December de 2024","format":false,"excerpt":"A Prefeitura de Sert\u00e3ozinho, na regi\u00e3o de Ribeir\u00e3o Preto, publicou um processo seletivo para formar cadastro reserva de professores com forma\u00e7\u00e3o superior ou magist\u00e9rio em n\u00edvel m\u00e9dio. As vagas s\u00e3o para as seguintes \u00e1reas: Professor de Ensino B\u00e1sico IPEB II Educa\u00e7\u00e3o F\u00edsicaPEB II Professor de ArtePEB II Professor de Matem\u00e1ticaPEB\u2026","rel":"","context":"In &quot;Not\u00edcias de Ribeir\u00e3o Preto-SP e Regi\u00e3o&quot;","block_context":{"text":"Not\u00edcias de Ribeir\u00e3o Preto-SP e Regi\u00e3o","link":"https:\/\/ismaelcolosi.com.br\/index.php\/category\/noticias-de-ribeirao-preto-sp-e-regiao-ismael-colosi\/"},"img":{"alt_text":"","src":"https:\/\/i0.wp.com\/ismaelcolosi.com.br\/wp-content\/uploads\/2024\/08\/concurso-publico-ribeirao-preto_2024-08-13_10-44-40_jpg_2024-08-13_10-44-40.webp.webp?fit=1200%2C800&ssl=1&resize=350%2C200","width":350,"height":200,"srcset":"https:\/\/i0.wp.com\/ismaelcolosi.com.br\/wp-content\/uploads\/2024\/08\/concurso-publico-ribeirao-preto_2024-08-13_10-44-40_jpg_2024-08-13_10-44-40.webp.webp?fit=1200%2C800&ssl=1&resize=350%2C200 1x, https:\/\/i0.wp.com\/ismaelcolosi.com.br\/wp-content\/uploads\/2024\/08\/concurso-publico-ribeirao-preto_2024-08-13_10-44-40_jpg_2024-08-13_10-44-40.webp.webp?fit=1200%2C800&ssl=1&resize=525%2C300 1.5x, https:\/\/i0.wp.com\/ismaelcolosi.com.br\/wp-content\/uploads\/2024\/08\/concurso-publico-ribeirao-preto_2024-08-13_10-44-40_jpg_2024-08-13_10-44-40.webp.webp?fit=1200%2C800&ssl=1&resize=700%2C400 2x, https:\/\/i0.wp.com\/ismaelcolosi.com.br\/wp-content\/uploads\/2024\/08\/concurso-publico-ribeirao-preto_2024-08-13_10-44-40_jpg_2024-08-13_10-44-40.webp.webp?fit=1200%2C800&ssl=1&resize=1050%2C600 3x"},"classes":[]},{"id":74799,"url":"https:\/\/ismaelcolosi.com.br\/index.php\/2024\/11\/02\/apostas-de-ribeirao-preto-e-regiao-levam-premio-na-mega-sena-veja-os-numeros\/","url_meta":{"origin":77923,"position":1},"title":"Apostas de Ribeir\u00e3o Preto e regi\u00e3o levam pr\u00eamio na Mega-Sena; Veja os n\u00fameros","author":"ismaelcolosi.com.br","date":"2 de November de 2024","format":false,"excerpt":"O concurso 2.792 da\u00a0Mega-Sena, realizado nesta sexta-feira (1\u00ba), n\u00e3o teve nenhum acertador das seis dezenas. No entanto, um apostador de Ribeir\u00e3o Preto e outro de Pontal, na regi\u00e3o de Ribeir\u00e3o,\u00a0fizeram cinco acertos e v\u00e3o levar o pr\u00eamio de R$ 68.004,21 Os n\u00fameros sorteados na\u00a0Mega-Sena\u00a0foram: 16 \u2013 22 \u2013 33 \u2013\u2026","rel":"","context":"In &quot;Not\u00edcias de Ribeir\u00e3o Preto-SP e Regi\u00e3o&quot;","block_context":{"text":"Not\u00edcias de Ribeir\u00e3o Preto-SP e Regi\u00e3o","link":"https:\/\/ismaelcolosi.com.br\/index.php\/category\/noticias-de-ribeirao-preto-sp-e-regiao-ismael-colosi\/"},"img":{"alt_text":"","src":"https:\/\/i0.wp.com\/ismaelcolosi.com.br\/wp-content\/uploads\/2024\/08\/mega_sena_mcajr_abr_2904223676_2024-08-18_13-54-42_jpg_2024-08-18_13-54-45-scaled.webp.webp?fit=1200%2C800&ssl=1&resize=350%2C200","width":350,"height":200,"srcset":"https:\/\/i0.wp.com\/ismaelcolosi.com.br\/wp-content\/uploads\/2024\/08\/mega_sena_mcajr_abr_2904223676_2024-08-18_13-54-42_jpg_2024-08-18_13-54-45-scaled.webp.webp?fit=1200%2C800&ssl=1&resize=350%2C200 1x, https:\/\/i0.wp.com\/ismaelcolosi.com.br\/wp-content\/uploads\/2024\/08\/mega_sena_mcajr_abr_2904223676_2024-08-18_13-54-42_jpg_2024-08-18_13-54-45-scaled.webp.webp?fit=1200%2C800&ssl=1&resize=525%2C300 1.5x, https:\/\/i0.wp.com\/ismaelcolosi.com.br\/wp-content\/uploads\/2024\/08\/mega_sena_mcajr_abr_2904223676_2024-08-18_13-54-42_jpg_2024-08-18_13-54-45-scaled.webp.webp?fit=1200%2C800&ssl=1&resize=700%2C400 2x, https:\/\/i0.wp.com\/ismaelcolosi.com.br\/wp-content\/uploads\/2024\/08\/mega_sena_mcajr_abr_2904223676_2024-08-18_13-54-42_jpg_2024-08-18_13-54-45-scaled.webp.webp?fit=1200%2C800&ssl=1&resize=1050%2C600 3x"},"classes":[]},{"id":74480,"url":"https:\/\/ismaelcolosi.com.br\/index.php\/2024\/10\/31\/estudante-da-regiao-de-ribeirao-preto-sera-jovem-embaixadora-nos-eua\/","url_meta":{"origin":77923,"position":2},"title":"Estudante da regi\u00e3o de Ribeir\u00e3o Preto ser\u00e1 jovem embaixadora nos EUA","author":"ismaelcolosi.com.br","date":"31 de October de 2024","format":false,"excerpt":"Anna Luiza Silva C\u00f4nsoli, de 16 anos, estudante de uma escola p\u00fablica em Sert\u00e3ozinho, na regi\u00e3o de Ribeir\u00e3o Preto, foi uma das escolhidas pela Embaixada e Consulados dos Estados Unidos no Brasil para o programa Jovens Embaixadores de 2025. Ao todo, 30 jovens foram selecionados para o interc\u00e2mbio que vai\u2026","rel":"","context":"In &quot;Not\u00edcias de Ribeir\u00e3o Preto-SP e Regi\u00e3o&quot;","block_context":{"text":"Not\u00edcias de Ribeir\u00e3o Preto-SP e Regi\u00e3o","link":"https:\/\/ismaelcolosi.com.br\/index.php\/category\/noticias-de-ribeirao-preto-sp-e-regiao-ismael-colosi\/"},"img":{"alt_text":"","src":"https:\/\/i0.wp.com\/ismaelcolosi.com.br\/wp-content\/uploads\/2024\/10\/Copia-de-Copia-de-Copia-de-TAMANHO-EXATO-PARA-FOTOS-NO-SISTEMA-NOVO-65_2024-10-31_19-00-22_png_2024-10-31_19-00-23.webp.webp?fit=1200%2C675&ssl=1&resize=350%2C200","width":350,"height":200,"srcset":"https:\/\/i0.wp.com\/ismaelcolosi.com.br\/wp-content\/uploads\/2024\/10\/Copia-de-Copia-de-Copia-de-TAMANHO-EXATO-PARA-FOTOS-NO-SISTEMA-NOVO-65_2024-10-31_19-00-22_png_2024-10-31_19-00-23.webp.webp?fit=1200%2C675&ssl=1&resize=350%2C200 1x, https:\/\/i0.wp.com\/ismaelcolosi.com.br\/wp-content\/uploads\/2024\/10\/Copia-de-Copia-de-Copia-de-TAMANHO-EXATO-PARA-FOTOS-NO-SISTEMA-NOVO-65_2024-10-31_19-00-22_png_2024-10-31_19-00-23.webp.webp?fit=1200%2C675&ssl=1&resize=525%2C300 1.5x, https:\/\/i0.wp.com\/ismaelcolosi.com.br\/wp-content\/uploads\/2024\/10\/Copia-de-Copia-de-Copia-de-TAMANHO-EXATO-PARA-FOTOS-NO-SISTEMA-NOVO-65_2024-10-31_19-00-22_png_2024-10-31_19-00-23.webp.webp?fit=1200%2C675&ssl=1&resize=700%2C400 2x, https:\/\/i0.wp.com\/ismaelcolosi.com.br\/wp-content\/uploads\/2024\/10\/Copia-de-Copia-de-Copia-de-TAMANHO-EXATO-PARA-FOTOS-NO-SISTEMA-NOVO-65_2024-10-31_19-00-22_png_2024-10-31_19-00-23.webp.webp?fit=1200%2C675&ssl=1&resize=1050%2C600 3x"},"classes":[]},{"id":76103,"url":"https:\/\/ismaelcolosi.com.br\/index.php\/2024\/11\/10\/mulher-morre-apos-ser-esfaqueada-na-regiao-de-ribeirao-preto\/","url_meta":{"origin":77923,"position":3},"title":"Mulher morre ap\u00f3s ser esfaqueada na regi\u00e3o de Ribeir\u00e3o Preto","author":"ismaelcolosi.com.br","date":"10 de November de 2024","format":false,"excerpt":"Uma mulher de 39 anos morreu ap\u00f3s ser esfaqueada em Guariba, cidade na regi\u00e3o de Ribeir\u00e3o Preto, na manh\u00e3 deste domingo (10). O principal suspeito \u00e9 o ex-companheiro dela. De acordo com as informa\u00e7\u00f5es, o crime teria acontecido na Vila Cecap. A per\u00edcia foi acionada e constatou 23 perfura\u00e7\u00f5es no\u2026","rel":"","context":"In &quot;Not\u00edcias de Ribeir\u00e3o Preto-SP e Regi\u00e3o&quot;","block_context":{"text":"Not\u00edcias de Ribeir\u00e3o Preto-SP e Regi\u00e3o","link":"https:\/\/ismaelcolosi.com.br\/index.php\/category\/noticias-de-ribeirao-preto-sp-e-regiao-ismael-colosi\/"},"img":{"alt_text":"","src":"https:\/\/i0.wp.com\/ismaelcolosi.com.br\/wp-content\/uploads\/2024\/11\/giroflex_policia_1024x576_23032020103807.jpg?fit=1024%2C576&ssl=1&resize=350%2C200","width":350,"height":200,"srcset":"https:\/\/i0.wp.com\/ismaelcolosi.com.br\/wp-content\/uploads\/2024\/11\/giroflex_policia_1024x576_23032020103807.jpg?fit=1024%2C576&ssl=1&resize=350%2C200 1x, https:\/\/i0.wp.com\/ismaelcolosi.com.br\/wp-content\/uploads\/2024\/11\/giroflex_policia_1024x576_23032020103807.jpg?fit=1024%2C576&ssl=1&resize=525%2C300 1.5x, https:\/\/i0.wp.com\/ismaelcolosi.com.br\/wp-content\/uploads\/2024\/11\/giroflex_policia_1024x576_23032020103807.jpg?fit=1024%2C576&ssl=1&resize=700%2C400 2x"},"classes":[]},{"id":76555,"url":"https:\/\/ismaelcolosi.com.br\/index.php\/2024\/11\/14\/prefeitura-na-regiao-de-ribeirao-preto-abre-concurso-publico-com-78-vagas\/","url_meta":{"origin":77923,"position":4},"title":"Prefeitura na regi\u00e3o de Ribeir\u00e3o Preto abre concurso p\u00fablico com 78 vagas","author":"ismaelcolosi.com.br","date":"14 de November de 2024","format":false,"excerpt":"A Prefeitura de Bebedouro, na regi\u00e3o de Ribeir\u00e3o Preto, abriu concurso p\u00fablico com 78 vagas e sal\u00e1rios entre R$ 1,4 mil e R$ 3,2 mil \u2013 m\u00e9dico recebem R$ 154,95\/h. As oportunidades s\u00e3o de n\u00edvel fundamental, m\u00e9dio, t\u00e9cnico e superior. As inscri\u00e7\u00f5es devem ser realizadas pela internet (clique aqui) at\u00e9\u2026","rel":"","context":"In &quot;Not\u00edcias de Ribeir\u00e3o Preto-SP e Regi\u00e3o&quot;","block_context":{"text":"Not\u00edcias de Ribeir\u00e3o Preto-SP e Regi\u00e3o","link":"https:\/\/ismaelcolosi.com.br\/index.php\/category\/noticias-de-ribeirao-preto-sp-e-regiao-ismael-colosi\/"},"img":{"alt_text":"","src":"https:\/\/i0.wp.com\/ismaelcolosi.com.br\/wp-content\/uploads\/2024\/11\/1731589404_concurso-publico.jpg?fit=1200%2C800&ssl=1&resize=350%2C200","width":350,"height":200,"srcset":"https:\/\/i0.wp.com\/ismaelcolosi.com.br\/wp-content\/uploads\/2024\/11\/1731589404_concurso-publico.jpg?fit=1200%2C800&ssl=1&resize=350%2C200 1x, https:\/\/i0.wp.com\/ismaelcolosi.com.br\/wp-content\/uploads\/2024\/11\/1731589404_concurso-publico.jpg?fit=1200%2C800&ssl=1&resize=525%2C300 1.5x, https:\/\/i0.wp.com\/ismaelcolosi.com.br\/wp-content\/uploads\/2024\/11\/1731589404_concurso-publico.jpg?fit=1200%2C800&ssl=1&resize=700%2C400 2x, https:\/\/i0.wp.com\/ismaelcolosi.com.br\/wp-content\/uploads\/2024\/11\/1731589404_concurso-publico.jpg?fit=1200%2C800&ssl=1&resize=1050%2C600 3x"},"classes":[]},{"id":78812,"url":"https:\/\/ismaelcolosi.com.br\/index.php\/2024\/12\/09\/feirao-de-emprego-acontece-na-regiao-de-ribeirao-preto-veja-quando\/","url_meta":{"origin":77923,"position":5},"title":"Feir\u00e3o de emprego acontece na regi\u00e3o de Ribeir\u00e3o Preto; veja quando","author":"ismaelcolosi.com.br","date":"9 de December de 2024","format":false,"excerpt":"A Entrevias Concession\u00e1ria de Rodovias realizar\u00e1 um feir\u00e3o de emprego nesta ter\u00e7a-feira (10), em Sert\u00e3ozinho, na regi\u00e3o de Ribeir\u00e3o Preto. O feir\u00e3o, que acontece no Posto de Atendimento ao Trabalhador (PAT), \u00e9 gratuito e aberto a toda a popula\u00e7\u00e3o. O objetivo \u00e9 divulgar o projeto nas principais cidades do trecho\u2026","rel":"","context":"In &quot;Not\u00edcias de Ribeir\u00e3o Preto-SP e Regi\u00e3o&quot;","block_context":{"text":"Not\u00edcias de Ribeir\u00e3o Preto-SP e Regi\u00e3o","link":"https:\/\/ismaelcolosi.com.br\/index.php\/category\/noticias-de-ribeirao-preto-sp-e-regiao-ismael-colosi\/"},"img":{"alt_text":"","src":"https:\/\/i0.wp.com\/ismaelcolosi.com.br\/wp-content\/uploads\/2024\/04\/AnyConv.com__trabalho_carteira_digital_-_foto_guilherme_sircili_3004.webp.webp?fit=1200%2C799&ssl=1&resize=350%2C200","width":350,"height":200,"srcset":"https:\/\/i0.wp.com\/ismaelcolosi.com.br\/wp-content\/uploads\/2024\/04\/AnyConv.com__trabalho_carteira_digital_-_foto_guilherme_sircili_3004.webp.webp?fit=1200%2C799&ssl=1&resize=350%2C200 1x, https:\/\/i0.wp.com\/ismaelcolosi.com.br\/wp-content\/uploads\/2024\/04\/AnyConv.com__trabalho_carteira_digital_-_foto_guilherme_sircili_3004.webp.webp?fit=1200%2C799&ssl=1&resize=525%2C300 1.5x, https:\/\/i0.wp.com\/ismaelcolosi.com.br\/wp-content\/uploads\/2024\/04\/AnyConv.com__trabalho_carteira_digital_-_foto_guilherme_sircili_3004.webp.webp?fit=1200%2C799&ssl=1&resize=700%2C400 2x, https:\/\/i0.wp.com\/ismaelcolosi.com.br\/wp-content\/uploads\/2024\/04\/AnyConv.com__trabalho_carteira_digital_-_foto_guilherme_sircili_3004.webp.webp?fit=1200%2C799&ssl=1&resize=1050%2C600 3x"},"classes":[]}],"jetpack_sharing_enabled":true,"jetpack_shortlink":"https:\/\/wp.me\/pfMlyK-kgP","_links":{"self":[{"href":"https:\/\/ismaelcolosi.com.br\/index.php\/wp-json\/wp\/v2\/posts\/77923","targetHints":{"allow":["GET"]}}],"collection":[{"href":"https:\/\/ismaelcolosi.com.br\/index.php\/wp-json\/wp\/v2\/posts"}],"about":[{"href":"https:\/\/ismaelcolosi.com.br\/index.php\/wp-json\/wp\/v2\/types\/post"}],"author":[{"embeddable":true,"href":"https:\/\/ismaelcolosi.com.br\/index.php\/wp-json\/wp\/v2\/users\/1"}],"replies":[{"embeddable":true,"href":"https:\/\/ismaelcolosi.com.br\/index.php\/wp-json\/wp\/v2\/comments?post=77923"}],"version-history":[{"count":0,"href":"https:\/\/ismaelcolosi.com.br\/index.php\/wp-json\/wp\/v2\/posts\/77923\/revisions"}],"wp:featuredmedia":[{"embeddable":true,"href":"https:\/\/ismaelcolosi.com.br\/index.php\/wp-json\/wp\/v2\/media\/76668"}],"wp:attachment":[{"href":"https:\/\/ismaelcolosi.com.br\/index.php\/wp-json\/wp\/v2\/media?parent=77923"}],"wp:term":[{"taxonomy":"category","embeddable":true,"href":"https:\/\/ismaelcolosi.com.br\/index.php\/wp-json\/wp\/v2\/categories?post=77923"},{"taxonomy":"post_tag","embeddable":true,"href":"https:\/\/ismaelcolosi.com.br\/index.php\/wp-json\/wp\/v2\/tags?post=77923"}],"curies":[{"name":"wp","href":"https:\/\/api.w.org\/{rel}","templated":true}]}}