{"id":77921,"date":"2024-11-29T15:47:48","date_gmt":"2024-11-29T18:47:48","guid":{"rendered":"https:\/\/ismaelcolosi.com.br\/index.php\/2024\/11\/29\/licitacao-de-uniformes-para-alunos-da-rede-municipal-continua-suspensa\/"},"modified":"2024-11-29T15:47:48","modified_gmt":"2024-11-29T18:47:48","slug":"licitacao-de-uniformes-para-alunos-da-rede-municipal-continua-suspensa","status":"publish","type":"post","link":"https:\/\/ismaelcolosi.com.br\/index.php\/2024\/11\/29\/licitacao-de-uniformes-para-alunos-da-rede-municipal-continua-suspensa\/","title":{"rendered":"Licita\u00e7\u00e3o de uniformes para alunos da Rede Municipal continua suspensa"},"content":{"rendered":"<p> <br \/>\n<\/p>\n<div>\n<p>A Secretaria Municipal da Educa\u00e7\u00e3o de Ribeir\u00e3o Preto informou ao Tribuna, nesta sexta-feira, 29 de novembro, que o Preg\u00e3o Eletr\u00f4nico 277\/2024 aberto para a compra de uniformes \u2013 camisetas e bermudas \u2013 para os estudantes da Rede Municipal continua suspenso por determina\u00e7\u00e3o do Tribunal de Contas do Estado de S\u00e3o Paulo (TCE\/SP).<\/p>\n<p>A licita\u00e7\u00e3o visava adquirir 250 mil camisetas e 100 mil bermudas \u2013 para os pr\u00f3ximos 12 meses para os 50 mil estudantes, mas foi suspenso pela prefeitura no dia 22 de outubro em cumprimento ao despacho proferido no processo TC-00021298.989.24-5 pelo Tribunal de Contas.<\/p>\n<p>O valor estimado do Preg\u00e3o era de R$ 6.363.000,00 e a sess\u00e3o p\u00fabica online, aberta a participa\u00e7\u00e3o de empresas de todo o pa\u00eds, seria realizada no dia 16 de outubro. O valor m\u00e1ximo por cada camiseta \u2013 poli\u00e9ster e viscose \u2013 era de R$ 18,08. J\u00e1 o da bermuda era de R$ 18,43. Como o certame foi suspenso antes da sua realiza\u00e7\u00e3o, n\u00e3o foi oficializada as empresas interessadas.<\/p>\n<p>A pasta informou tamb\u00e9m que aguarda delibera\u00e7\u00e3o do Tribunal para a retomada da licita\u00e7\u00e3o. Como em m\u00e9dia, uma licita\u00e7\u00e3o demora pelos menos 60 dias para ser finalizada \u2013 caso n\u00e3o haja recursos -, existe uma grande possibilidade de a compra n\u00e3o ser finalizada antes do in\u00edcio do ano letivo de 2025 nas escolas municipais, marcado para o dia 5 de fevereiro.<\/p>\n<p>A atual gest\u00e3o da Secretaria Municipal de Educa\u00e7\u00e3o, afirmou que mant\u00e9m seu compromisso com o fornecimento dos uniformes escolares e afirma que uma parcela deles j\u00e1 foi adquirida para que os alunos iniciem o ano letivo.<\/p>\n<p>Segundo consulta feita pelo Tribuna, no Preg\u00e3o, no Portal da Prefeitura, a suspens\u00e3o do preg\u00e3o foi motivada porque interessados em participar do preg\u00e3o questionaram o prazo estabelecido \u2013 de tr\u00eas dias \u2013 para apresenta\u00e7\u00e3o de amostra dos uniformes pelos participantes caso fossem consideradas habilitadas no certame.<\/p>\n<p>Foram feitos cinco pedidos de impugna\u00e7\u00e3o em fun\u00e7\u00e3o deste prazo, mas todos foram indeferidos pela Comiss\u00e3o de Licita\u00e7\u00e3o. Segundo os pedidos o prazo era pequeno para que empresas de outras cidades e estados pudessem enviar as amostras, o que poderia caracterizar favorecimento aos fabricantes de Ribeir\u00e3o Preto e da regi\u00e3o.<\/p>\n<p>Segundo a justificativa da Comiss\u00e3o para o indeferimento, o prazo para apresenta\u00e7\u00e3o das amostras no Preg\u00e3o \u00e9 o mesmo utilizado como padr\u00e3o em outros certames da municipalidade, h\u00e1 muitos anos, e mostra-se adequado de acordo com os princ\u00edpios da economia e da celeridade.<br \/>\u201cInsta ressaltar, contudo, que a fim de evitar preju\u00edzos \u00e0 licitante, \u00e9 considerado o prazo de tr\u00eas dias como prazo de envio, qual seja, se a licitante comprovar que realizou o envio dentro do prazo este \u00f3rg\u00e3o aguarda a entrega pela transportadora ou Correios contratados, justamente para evitar o favorecimento regional de licitantes\u201d., escreveu a Comiss\u00e3o no indeferimento.<\/p>\n<p>A Rede Municipal de Educa\u00e7\u00e3o possui 142 unidades municipais. S\u00e3o 35 Centro de Educa\u00e7\u00e3o Infantil (CEI) para crian\u00e7as de zero a tr\u00eas anos, 43 Escolas Municipais de Educa\u00e7\u00e3o Infantil (EMEI para alunos de tr\u00eas a cinco anos e 35 Escolas Municipais de Ensino Fundamental para estudantes de seis a 15 anos. Deste total, 29 s\u00e3o escolas conveniadas, ou seja, administradas pelo terceiro setor. A Rede possui cerca de 50 mil alunos.<\/p>\n<\/div>\n<p><br \/>\n<br \/><a href=\"https:\/\/www.tribunaribeirao.com.br\/licitacao-de-uniformes-para-alunos-da-rede-municipal-continua-suspensa\/\">Source link <\/a><\/p>\n<div class='code-block code-block-4' style='margin: 8px auto 8px 0; text-align: left; display: block; clear: both;'>\n\ud83d\udce2 Aviso Legal\n\nO site ismaelcolosi.com.br atua apenas como um canal de divulga\u00e7\u00e3o de oportunidades de emprego e n\u00e3o se responsabiliza pelo processo seletivo, contrata\u00e7\u00e3o ou qualquer outra etapa relacionada \u00e0s vagas publicadas. Todas as informa\u00e7\u00f5es s\u00e3o de responsabilidade dos anunciantes.\n\n\u26a0\ufe0f Aten\u00e7\u00e3o! Nunca pague por promessas de emprego nem compre cursos que garantam contrata\u00e7\u00e3o. Desconfie de qualquer cobran\u00e7a para participar de sele\u00e7\u00f5es.\n\n\n\n<\/div>\n<!-- CONTENT END 1 -->\n","protected":false},"excerpt":{"rendered":"<p>A Secretaria Municipal da Educa\u00e7\u00e3o de Ribeir\u00e3o Preto informou ao Tribuna, nesta sexta-feira, 29 de novembro, que o Preg\u00e3o Eletr\u00f4nico 277\/2024 aberto para a compra&#8230;<\/p>\n","protected":false},"author":1,"featured_media":77922,"comment_status":"open","ping_status":"open","sticky":false,"template":"","format":"standard","meta":{"_uag_custom_page_level_css":"","advanced_seo_description":"","jetpack_seo_html_title":"","jetpack_seo_noindex":false,"jetpack_post_was_ever_published":false,"_jetpack_newsletter_access":"","_jetpack_dont_email_post_to_subs":false,"_jetpack_newsletter_tier_id":0,"_jetpack_memberships_contains_paywalled_content":false,"_jetpack_memberships_contains_paid_content":false,"footnotes":"","jetpack_publicize_message":"","jetpack_publicize_feature_enabled":true,"jetpack_social_post_already_shared":true,"jetpack_social_options":{"image_generator_settings":{"template":"highway","default_image_id":0,"font":"","enabled":false},"version":2}},"categories":[11],"tags":[],"class_list":["post-77921","post","type-post","status-publish","format-standard","has-post-thumbnail","hentry","category-noticias-de-ribeirao-preto-sp-e-regiao-ismael-colosi"],"jetpack_publicize_connections":[],"jetpack_featured_media_url":"https:\/\/i0.wp.com\/ismaelcolosi.com.br\/wp-content\/uploads\/2024\/11\/escolaalunoaula-scaled-1.jpg?fit=992%2C645&ssl=1","uagb_featured_image_src":{"full":["https:\/\/i0.wp.com\/ismaelcolosi.com.br\/wp-content\/uploads\/2024\/11\/escolaalunoaula-scaled-1.jpg?fit=992%2C645&ssl=1",992,645,false],"thumbnail":["https:\/\/i0.wp.com\/ismaelcolosi.com.br\/wp-content\/uploads\/2024\/11\/escolaalunoaula-scaled-1.jpg?resize=150%2C150&ssl=1",150,150,true],"medium":["https:\/\/i0.wp.com\/ismaelcolosi.com.br\/wp-content\/uploads\/2024\/11\/escolaalunoaula-scaled-1.jpg?fit=300%2C195&ssl=1",300,195,true],"medium_large":["https:\/\/i0.wp.com\/ismaelcolosi.com.br\/wp-content\/uploads\/2024\/11\/escolaalunoaula-scaled-1.jpg?fit=768%2C499&ssl=1",768,499,true],"large":["https:\/\/i0.wp.com\/ismaelcolosi.com.br\/wp-content\/uploads\/2024\/11\/escolaalunoaula-scaled-1.jpg?fit=992%2C645&ssl=1",992,645,true],"1536x1536":["https:\/\/i0.wp.com\/ismaelcolosi.com.br\/wp-content\/uploads\/2024\/11\/escolaalunoaula-scaled-1.jpg?fit=992%2C645&ssl=1",992,645,true],"2048x2048":["https:\/\/i0.wp.com\/ismaelcolosi.com.br\/wp-content\/uploads\/2024\/11\/escolaalunoaula-scaled-1.jpg?fit=992%2C645&ssl=1",992,645,true],"really-simple-thumb":["https:\/\/i0.wp.com\/ismaelcolosi.com.br\/wp-content\/uploads\/2024\/11\/escolaalunoaula-scaled-1.jpg?resize=370%2C247&ssl=1",370,247,true]},"uagb_author_info":{"display_name":"ismaelcolosi.com.br","author_link":"https:\/\/ismaelcolosi.com.br\/index.php\/author\/vidareal-online\/"},"uagb_comment_info":0,"uagb_excerpt":"A Secretaria Municipal da Educa\u00e7\u00e3o de Ribeir\u00e3o Preto informou ao Tribuna, nesta sexta-feira, 29 de novembro, que o Preg\u00e3o Eletr\u00f4nico 277\/2024 aberto para a compra...","jetpack-related-posts":[{"id":44143,"url":"https:\/\/ismaelcolosi.com.br\/index.php\/2024\/03\/26\/segue-sem-definicao-licitacao-do-saerp\/","url_meta":{"origin":77921,"position":0},"title":"Segue sem defini\u00e7\u00e3o licita\u00e7\u00e3o do Saerp","author":"ismaelcolosi.com.br","date":"26 de March de 2024","format":false,"excerpt":"26 de mar\u00e7o de 2024 | 8:3025 de mar\u00e7o de 2024 | 15:37 0 A prefeitura de Ribeir\u00e3o Preto, por meio da Secretaria Municipal de \u00c1gua e Esgoto (Saerp) reabriu a licita\u00e7\u00e3o \u2013 modalidade Preg\u00e3o Eletr\u00f4nico \u2013 para a compra de 42 mil hidr\u00f4metros velocim\u00e9tricos. Este tipo de aparelho, considerado\u2026","rel":"","context":"In &quot;Not\u00edcias de Ribeir\u00e3o Preto-SP e Regi\u00e3o&quot;","block_context":{"text":"Not\u00edcias de Ribeir\u00e3o Preto-SP e Regi\u00e3o","link":"https:\/\/ismaelcolosi.com.br\/index.php\/category\/noticias-de-ribeirao-preto-sp-e-regiao-ismael-colosi\/"},"img":{"alt_text":"","src":"https:\/\/i0.wp.com\/ismaelcolosi.com.br\/wp-content\/uploads\/2024\/03\/Hidrometro-Divulgacao.png?fit=968%2C645&ssl=1&resize=350%2C200","width":350,"height":200,"srcset":"https:\/\/i0.wp.com\/ismaelcolosi.com.br\/wp-content\/uploads\/2024\/03\/Hidrometro-Divulgacao.png?fit=968%2C645&ssl=1&resize=350%2C200 1x, https:\/\/i0.wp.com\/ismaelcolosi.com.br\/wp-content\/uploads\/2024\/03\/Hidrometro-Divulgacao.png?fit=968%2C645&ssl=1&resize=525%2C300 1.5x, https:\/\/i0.wp.com\/ismaelcolosi.com.br\/wp-content\/uploads\/2024\/03\/Hidrometro-Divulgacao.png?fit=968%2C645&ssl=1&resize=700%2C400 2x"},"classes":[]},{"id":39243,"url":"https:\/\/ismaelcolosi.com.br\/index.php\/2024\/02\/24\/saerp-reabre-licitacao-de-42-mil-hidrometros\/","url_meta":{"origin":77921,"position":1},"title":"Saerp reabre licita\u00e7\u00e3o de 42 mil hidr\u00f4metros \u00a0","author":"ismaelcolosi.com.br","date":"24 de February de 2024","format":false,"excerpt":"24 de fevereiro de 2024 | 9:0023 de fevereiro de 2024 | 19:13 0A Secretaria Municipal de \u00c1gua e Esgoto de Ribeir\u00e3o Preto (Saerp) reabriu a licita\u00e7\u00e3o (preg\u00e3o eletr\u00f4nico) para a compra de 42 mil hidr\u00f4metros velocim\u00e9tricos, segundo aviso publicado no Di\u00e1rio Oficial do Munic\u00edpio (DOM) de quinta-feira, 22 de\u2026","rel":"","context":"In &quot;Not\u00edcias de Ribeir\u00e3o Preto-SP e Regi\u00e3o&quot;","block_context":{"text":"Not\u00edcias de Ribeir\u00e3o Preto-SP e Regi\u00e3o","link":"https:\/\/ismaelcolosi.com.br\/index.php\/category\/noticias-de-ribeirao-preto-sp-e-regiao-ismael-colosi\/"},"img":{"alt_text":"","src":"https:\/\/i0.wp.com\/ismaelcolosi.com.br\/wp-content\/uploads\/2024\/02\/Hidrometro-Divulgacao.png?fit=968%2C645&ssl=1&resize=350%2C200","width":350,"height":200,"srcset":"https:\/\/i0.wp.com\/ismaelcolosi.com.br\/wp-content\/uploads\/2024\/02\/Hidrometro-Divulgacao.png?fit=968%2C645&ssl=1&resize=350%2C200 1x, https:\/\/i0.wp.com\/ismaelcolosi.com.br\/wp-content\/uploads\/2024\/02\/Hidrometro-Divulgacao.png?fit=968%2C645&ssl=1&resize=525%2C300 1.5x, https:\/\/i0.wp.com\/ismaelcolosi.com.br\/wp-content\/uploads\/2024\/02\/Hidrometro-Divulgacao.png?fit=968%2C645&ssl=1&resize=700%2C400 2x"},"classes":[]},{"id":33289,"url":"https:\/\/ismaelcolosi.com.br\/index.php\/2024\/01\/29\/em-rp-absorventes-tem-pouca-adesao-nas-escolas-municipais\/","url_meta":{"origin":77921,"position":2},"title":"Em RP absorventes tem pouca ades\u00e3o nas escolas municipais\u00a0","author":"ismaelcolosi.com.br","date":"29 de January de 2024","format":false,"excerpt":"28 de janeiro de 2024 | 14:0027 de janeiro de 2024 | 19:30 0Os 3.250 absorventes \u00edntimos adquiridos pela Secretaria Municipal de Educa\u00e7\u00e3o de Ribeir\u00e3o Preto para serem distribu\u00eddos para alunas em situa\u00e7\u00e3o de vulnerabilidade social encalharam nas escolas do munic\u00edpio. Comprados em agosto de 2021 por meio de preg\u00e3o\u2026","rel":"","context":"In &quot;Not\u00edcias de Ribeir\u00e3o Preto-SP e Regi\u00e3o&quot;","block_context":{"text":"Not\u00edcias de Ribeir\u00e3o Preto-SP e Regi\u00e3o","link":"https:\/\/ismaelcolosi.com.br\/index.php\/category\/noticias-de-ribeirao-preto-sp-e-regiao-ismael-colosi\/"},"img":{"alt_text":"","src":"https:\/\/i0.wp.com\/ismaelcolosi.com.br\/wp-content\/uploads\/2024\/01\/recessoescolar__foto_guilherme_sircili_-scaled.jpeg?fit=967%2C645&ssl=1&resize=350%2C200","width":350,"height":200,"srcset":"https:\/\/i0.wp.com\/ismaelcolosi.com.br\/wp-content\/uploads\/2024\/01\/recessoescolar__foto_guilherme_sircili_-scaled.jpeg?fit=967%2C645&ssl=1&resize=350%2C200 1x, https:\/\/i0.wp.com\/ismaelcolosi.com.br\/wp-content\/uploads\/2024\/01\/recessoescolar__foto_guilherme_sircili_-scaled.jpeg?fit=967%2C645&ssl=1&resize=525%2C300 1.5x, https:\/\/i0.wp.com\/ismaelcolosi.com.br\/wp-content\/uploads\/2024\/01\/recessoescolar__foto_guilherme_sircili_-scaled.jpeg?fit=967%2C645&ssl=1&resize=700%2C400 2x"},"classes":[]},{"id":34989,"url":"https:\/\/ismaelcolosi.com.br\/index.php\/2024\/02\/04\/aulas-voltam-nesta-segunda-feira-5\/","url_meta":{"origin":77921,"position":3},"title":"Aulas voltam nesta segunda-feira, 5 \u00a0","author":"ismaelcolosi.com.br","date":"4 de February de 2024","format":false,"excerpt":"O ano letivo da rede municipal de ensino de Ribeir\u00e3o Preto ter\u00e1 in\u00edcio nesta segunda-feira, 5 de fevereiro, para todos os cerca de 50 mil alunos da educa\u00e7\u00e3o infantil, ensino fundamental, educa\u00e7\u00e3o especial, educa\u00e7\u00e3o de jovens e adultos e ensino profissionalizante. \u201cTodas as nossas escolas est\u00e3o prontas para mais um\u2026","rel":"","context":"In &quot;Not\u00edcias de Ribeir\u00e3o Preto-SP e Regi\u00e3o&quot;","block_context":{"text":"Not\u00edcias de Ribeir\u00e3o Preto-SP e Regi\u00e3o","link":"https:\/\/ismaelcolosi.com.br\/index.php\/category\/noticias-de-ribeirao-preto-sp-e-regiao-ismael-colosi\/"},"img":{"alt_text":"","src":"https:\/\/i0.wp.com\/ismaelcolosi.com.br\/wp-content\/uploads\/2024\/02\/AulaRP-Guilherme-Sircili-scaled.jpg?fit=967%2C645&ssl=1&resize=350%2C200","width":350,"height":200,"srcset":"https:\/\/i0.wp.com\/ismaelcolosi.com.br\/wp-content\/uploads\/2024\/02\/AulaRP-Guilherme-Sircili-scaled.jpg?fit=967%2C645&ssl=1&resize=350%2C200 1x, https:\/\/i0.wp.com\/ismaelcolosi.com.br\/wp-content\/uploads\/2024\/02\/AulaRP-Guilherme-Sircili-scaled.jpg?fit=967%2C645&ssl=1&resize=525%2C300 1.5x, https:\/\/i0.wp.com\/ismaelcolosi.com.br\/wp-content\/uploads\/2024\/02\/AulaRP-Guilherme-Sircili-scaled.jpg?fit=967%2C645&ssl=1&resize=700%2C400 2x"},"classes":[]},{"id":33016,"url":"https:\/\/ismaelcolosi.com.br\/index.php\/2024\/01\/27\/liminar-suspende-julgamento-de-licitacao-para-coleta-de-lixo-em-rp\/","url_meta":{"origin":77921,"position":4},"title":"Liminar suspende julgamento de licita\u00e7\u00e3o para coleta de lixo em RP","author":"ismaelcolosi.com.br","date":"27 de January de 2024","format":false,"excerpt":"Liminar concedida a Ecco Liberty Solu\u00e7\u00f5es Ambientais Ltda. pelo juiz Gustavo M\u00fcller Lorenzato, da 1\u00aa Vara da Fazenda P\u00fablica, suspendeu o preg\u00e3o eletr\u00f4nico lan\u00e7ado pela prefeitura de Ribeir\u00e3o Preto para contrata\u00e7\u00e3o de empresa respons\u00e1vel pela coleta, gerenciamento e destina\u00e7\u00e3o de res\u00edduos s\u00f3lidos na cidade.A Ecco Liberty entrou com mandado de\u2026","rel":"","context":"In &quot;Not\u00edcias de Ribeir\u00e3o Preto-SP e Regi\u00e3o&quot;","block_context":{"text":"Not\u00edcias de Ribeir\u00e3o Preto-SP e Regi\u00e3o","link":"https:\/\/ismaelcolosi.com.br\/index.php\/category\/noticias-de-ribeirao-preto-sp-e-regiao-ismael-colosi\/"},"img":{"alt_text":"","src":"https:\/\/i0.wp.com\/ismaelcolosi.com.br\/wp-content\/uploads\/2024\/01\/LixoRP-Max-Gallao-Mesquita-scaled.jpg?fit=1000%2C517&ssl=1&resize=350%2C200","width":350,"height":200,"srcset":"https:\/\/i0.wp.com\/ismaelcolosi.com.br\/wp-content\/uploads\/2024\/01\/LixoRP-Max-Gallao-Mesquita-scaled.jpg?fit=1000%2C517&ssl=1&resize=350%2C200 1x, https:\/\/i0.wp.com\/ismaelcolosi.com.br\/wp-content\/uploads\/2024\/01\/LixoRP-Max-Gallao-Mesquita-scaled.jpg?fit=1000%2C517&ssl=1&resize=525%2C300 1.5x, https:\/\/i0.wp.com\/ismaelcolosi.com.br\/wp-content\/uploads\/2024\/01\/LixoRP-Max-Gallao-Mesquita-scaled.jpg?fit=1000%2C517&ssl=1&resize=700%2C400 2x"},"classes":[]},{"id":37388,"url":"https:\/\/ismaelcolosi.com.br\/index.php\/2024\/02\/15\/gato-por-lebre-camara-notifica-concessionaria-pela-segunda-vez\/","url_meta":{"origin":77921,"position":5},"title":"Gato por Lebre: C\u00e2mara notifica concession\u00e1ria pela segunda vez","author":"ismaelcolosi.com.br","date":"15 de February de 2024","format":false,"excerpt":"15 de fevereiro de 2024 | 17:47 0A C\u00e2mara municipal de Ribeir\u00e3o Preto notificou, pela segunda vez, a concession\u00e1ria GT8 Ve\u00edculos e Pe\u00e7as Ltda. da cidade de Franca, respons\u00e1vel pela venda de 12 novos ve\u00edculos para o legislativo municipal. A empresa foi a vencedora do Preg\u00e3o Eletr\u00f4nico ao oferecer R$\u2026","rel":"","context":"In &quot;Not\u00edcias de Ribeir\u00e3o Preto-SP e Regi\u00e3o&quot;","block_context":{"text":"Not\u00edcias de Ribeir\u00e3o Preto-SP e Regi\u00e3o","link":"https:\/\/ismaelcolosi.com.br\/index.php\/category\/noticias-de-ribeirao-preto-sp-e-regiao-ismael-colosi\/"},"img":{"alt_text":"","src":"https:\/\/i0.wp.com\/ismaelcolosi.com.br\/wp-content\/uploads\/2024\/02\/CarrosCAM-Divulgacao-1-scaled.jpg?fit=1000%2C563&ssl=1&resize=350%2C200","width":350,"height":200,"srcset":"https:\/\/i0.wp.com\/ismaelcolosi.com.br\/wp-content\/uploads\/2024\/02\/CarrosCAM-Divulgacao-1-scaled.jpg?fit=1000%2C563&ssl=1&resize=350%2C200 1x, https:\/\/i0.wp.com\/ismaelcolosi.com.br\/wp-content\/uploads\/2024\/02\/CarrosCAM-Divulgacao-1-scaled.jpg?fit=1000%2C563&ssl=1&resize=525%2C300 1.5x, https:\/\/i0.wp.com\/ismaelcolosi.com.br\/wp-content\/uploads\/2024\/02\/CarrosCAM-Divulgacao-1-scaled.jpg?fit=1000%2C563&ssl=1&resize=700%2C400 2x"},"classes":[]}],"jetpack_sharing_enabled":true,"jetpack_shortlink":"https:\/\/wp.me\/pfMlyK-kgN","_links":{"self":[{"href":"https:\/\/ismaelcolosi.com.br\/index.php\/wp-json\/wp\/v2\/posts\/77921","targetHints":{"allow":["GET"]}}],"collection":[{"href":"https:\/\/ismaelcolosi.com.br\/index.php\/wp-json\/wp\/v2\/posts"}],"about":[{"href":"https:\/\/ismaelcolosi.com.br\/index.php\/wp-json\/wp\/v2\/types\/post"}],"author":[{"embeddable":true,"href":"https:\/\/ismaelcolosi.com.br\/index.php\/wp-json\/wp\/v2\/users\/1"}],"replies":[{"embeddable":true,"href":"https:\/\/ismaelcolosi.com.br\/index.php\/wp-json\/wp\/v2\/comments?post=77921"}],"version-history":[{"count":0,"href":"https:\/\/ismaelcolosi.com.br\/index.php\/wp-json\/wp\/v2\/posts\/77921\/revisions"}],"wp:featuredmedia":[{"embeddable":true,"href":"https:\/\/ismaelcolosi.com.br\/index.php\/wp-json\/wp\/v2\/media\/77922"}],"wp:attachment":[{"href":"https:\/\/ismaelcolosi.com.br\/index.php\/wp-json\/wp\/v2\/media?parent=77921"}],"wp:term":[{"taxonomy":"category","embeddable":true,"href":"https:\/\/ismaelcolosi.com.br\/index.php\/wp-json\/wp\/v2\/categories?post=77921"},{"taxonomy":"post_tag","embeddable":true,"href":"https:\/\/ismaelcolosi.com.br\/index.php\/wp-json\/wp\/v2\/tags?post=77921"}],"curies":[{"name":"wp","href":"https:\/\/api.w.org\/{rel}","templated":true}]}}