{"id":7788,"date":"2023-11-28T20:32:48","date_gmt":"2023-11-28T23:32:48","guid":{"rendered":"https:\/\/ismaelcolosi.com.br\/index.php\/2023\/11\/28\/ela-se-casou-com-o-irmao-da-irma-e-explicacao-viralizou-nas-redes-sociais\/"},"modified":"2023-11-28T20:32:48","modified_gmt":"2023-11-28T23:32:48","slug":"ela-se-casou-com-o-irmao-da-irma-e-explicacao-viralizou-nas-redes-sociais","status":"publish","type":"post","link":"https:\/\/ismaelcolosi.com.br\/index.php\/2023\/11\/28\/ela-se-casou-com-o-irmao-da-irma-e-explicacao-viralizou-nas-redes-sociais\/","title":{"rendered":"Ela se casou com o irm\u00e3o da irm\u00e3 e explica\u00e7\u00e3o viralizou nas redes sociais"},"content":{"rendered":"<p> [ad_1]<br \/>\n<\/p>\n<div itemprop=\"text\">\n<p>Num enredo que poderia facilmente pertencer a um roteiro dram\u00e1tico, a advogada Ariadne Bastos, de 27 anos, conheceu o amor no irm\u00e3o de sua meia-irm\u00e3, Carlos Bastos.<\/p>\n<p>No entanto, a particularidade dessa uni\u00e3o reside no fato de n\u00e3o haver parentesco direto entre o casal. Uma narrativa complexa e inusitada come\u00e7ou em Feira de Santana, a 100 km de Salvador, antes mesmo do nascimento de Ariadne.<\/p>\n<p>O pai dela, Joarez, teve uma filha, Janine, de um casamento anterior que n\u00e3o prosperou. Ap\u00f3s a separa\u00e7\u00e3o, Joarez se casou novamente, dessa vez com a m\u00e3e de Ariadne.<\/p>\n<p>Por outro lado, Jussara, ex-esposa de Joarez, mudou-se para Salvador com Janine, onde conheceu e se casou com Carlos, o irm\u00e3o de Janine.<\/p>\n<p>Apesar do relacionamento anterior entre os pais de Ariadne e de Carlos, as fam\u00edlias mantiveram uma conex\u00e3o amistosa, principalmente devido \u00e0 filha que compartilhavam.<\/p>\n<p>Ariadne revelou que seu romance com Carlos come\u00e7ou ainda na adolesc\u00eancia, quando passava f\u00e9rias em Salvador. O namoro, iniciado aos 13 anos, foi descoberto pela fam\u00edlia ap\u00f3s uma foto onde os dois apareciam abra\u00e7ados.<\/p>\n<p>Apesar do susto inicial, a fam\u00edlia apoiou o casal, mantendo uma rela\u00e7\u00e3o harmoniosa. A hist\u00f3ria amorosa culminou no casamento em 2022. Agora, o casal vive em Salvador, onde a \u00e1rvore geneal\u00f3gica familiar se tornou um enigma complexo.<\/p>\n<p>A meia-irm\u00e3 de Ariadne tamb\u00e9m \u00e9 sua cunhada e de Carlos; a sogra de Ariadne \u00e9 m\u00e3e da sua meia-irm\u00e3; e o sogro de Carlos \u00e9 pai da meia-irm\u00e3 de Ariadne.<\/p>\n<p><div class=\"nv-iframe-embed\"><iframe loading=\"lazy\" title=\"Mulher viraliza ao explicar que \u00e9 casada com irm\u00e3o da irm\u00e3\" width=\"1200\" height=\"675\" src=\"https:\/\/www.youtube.com\/embed\/jlsec-xPwUo?feature=oembed\" frameborder=\"0\" allow=\"accelerometer; autoplay; clipboard-write; encrypted-media; gyroscope; picture-in-picture; web-share\" referrerpolicy=\"strict-origin-when-cross-origin\" allowfullscreen><\/iframe><\/div>\n<\/p>\n<p>Essa hist\u00f3ria singular desafia familiares, demonstrando que o amor muitas vezes prospera em meios inesperados, unindo la\u00e7os de uma forma peculiar e especial.<\/p>\n<\/div>\n<p>[ad_2]<br \/>\n<br \/><a href=\"https:\/\/fnmais.com\/ela-se-casou-com-irmao-irma-explicacao-viralizou-nas-redes-sociais\/\" target=\"_blank\" rel=\"noopener\">Source link <\/a><\/p>\n<div class='code-block code-block-4' style='margin: 8px auto 8px 0; text-align: left; display: block; clear: both;'>\n\ud83d\udce2 Aviso Legal\n\nO site ismaelcolosi.com.br atua apenas como um canal de divulga\u00e7\u00e3o de oportunidades de emprego e n\u00e3o se responsabiliza pelo processo seletivo, contrata\u00e7\u00e3o ou qualquer outra etapa relacionada \u00e0s vagas publicadas. Todas as informa\u00e7\u00f5es s\u00e3o de responsabilidade dos anunciantes.\n\n\u26a0\ufe0f Aten\u00e7\u00e3o! Nunca pague por promessas de emprego nem compre cursos que garantam contrata\u00e7\u00e3o. Desconfie de qualquer cobran\u00e7a para participar de sele\u00e7\u00f5es.\n\n\n\n<\/div>\n<!-- CONTENT END 1 -->\n","protected":false},"excerpt":{"rendered":"<p>[ad_1] Num enredo que poderia facilmente pertencer a um roteiro dram\u00e1tico, a advogada Ariadne Bastos, de 27 anos, conheceu o amor no irm\u00e3o de sua meia-irm\u00e3, Carlos Bastos. No entanto, a particularidade dessa uni\u00e3o reside no fato de n\u00e3o haver parentesco direto entre o casal. Uma narrativa complexa e inusitada come\u00e7ou em Feira de Santana,&hellip;&nbsp;<\/p>\n","protected":false},"author":1,"featured_media":7789,"comment_status":"open","ping_status":"open","sticky":false,"template":"","format":"standard","meta":{"_uag_custom_page_level_css":"","neve_meta_sidebar":"","neve_meta_container":"","neve_meta_enable_content_width":"","neve_meta_content_width":0,"neve_meta_title_alignment":"","neve_meta_author_avatar":"","neve_post_elements_order":"","neve_meta_disable_header":"","neve_meta_disable_footer":"","neve_meta_disable_title":"","_jetpack_newsletter_access":"","_jetpack_dont_email_post_to_subs":false,"_jetpack_newsletter_tier_id":0,"_jetpack_memberships_contains_paywalled_content":false,"_jetpack_memberships_contains_paid_content":false,"footnotes":""},"categories":[1],"tags":[],"class_list":["post-7788","post","type-post","status-publish","format-standard","has-post-thumbnail","hentry","category-blog"],"uagb_featured_image_src":{"full":["https:\/\/i0.wp.com\/ismaelcolosi.com.br\/wp-content\/uploads\/2023\/11\/postimg-656672fad55ea9764.jpg?fit=1200%2C628&ssl=1",1200,628,false],"thumbnail":["https:\/\/i0.wp.com\/ismaelcolosi.com.br\/wp-content\/uploads\/2023\/11\/postimg-656672fad55ea9764.jpg?resize=150%2C150&ssl=1",150,150,true],"medium":["https:\/\/i0.wp.com\/ismaelcolosi.com.br\/wp-content\/uploads\/2023\/11\/postimg-656672fad55ea9764.jpg?fit=300%2C157&ssl=1",300,157,true],"medium_large":["https:\/\/i0.wp.com\/ismaelcolosi.com.br\/wp-content\/uploads\/2023\/11\/postimg-656672fad55ea9764.jpg?fit=768%2C402&ssl=1",768,402,true],"large":["https:\/\/i0.wp.com\/ismaelcolosi.com.br\/wp-content\/uploads\/2023\/11\/postimg-656672fad55ea9764.jpg?fit=1024%2C536&ssl=1",1024,536,true],"1536x1536":["https:\/\/i0.wp.com\/ismaelcolosi.com.br\/wp-content\/uploads\/2023\/11\/postimg-656672fad55ea9764.jpg?fit=1200%2C628&ssl=1",1200,628,true],"2048x2048":["https:\/\/i0.wp.com\/ismaelcolosi.com.br\/wp-content\/uploads\/2023\/11\/postimg-656672fad55ea9764.jpg?fit=1200%2C628&ssl=1",1200,628,true],"neve-blog":["https:\/\/i0.wp.com\/ismaelcolosi.com.br\/wp-content\/uploads\/2023\/11\/postimg-656672fad55ea9764.jpg?resize=930%2C620&ssl=1",930,620,true]},"uagb_author_info":{"display_name":"ismaelcolosi.com.br","author_link":"https:\/\/ismaelcolosi.com.br\/author\/vidareal-online\/"},"uagb_comment_info":0,"uagb_excerpt":"[ad_1] Num enredo que poderia facilmente pertencer a um roteiro dram\u00e1tico, a advogada Ariadne Bastos, de 27 anos, conheceu o amor no irm\u00e3o de sua meia-irm\u00e3, Carlos Bastos. No entanto, a particularidade dessa uni\u00e3o reside no fato de n\u00e3o haver parentesco direto entre o casal. Uma narrativa complexa e inusitada come\u00e7ou em Feira de Santana,&hellip;&nbsp;","jetpack-related-posts":[{"id":23255,"url":"https:\/\/ismaelcolosi.com.br\/index.php\/2024\/01\/01\/quem-e-o-jovem-influenciador-que-foi-encontrado-sem-vida-enterrado-no-quintal-da-casa-de-amigos\/","url_meta":{"origin":7788,"position":0},"title":"Quem \u00e9 o jovem influenciador que foi encontrado sem vida, enterrado no quintal da casa de amigos","author":"ismaelcolosi.com.br","date":"1 de Janeiro de 2024","format":false,"excerpt":"[ad_1] Um influenciador foi encontrado sem vida neste \u00faltimo s\u00e1bado, dia 30 de dezembro, na regi\u00e3o de Itapecerica da Serra, na Grande S\u00e3o Paulo. Ele estava desaparecido desde meados da noite do dia 25 de dezembro.O jovem era mais conhecido apenas como \u2018Henrique Medeiros\u2019. O seu corpo foi localizado enterrado\u2026","rel":"","context":"In &quot;Blog&quot;","block_context":{"text":"Blog","link":"https:\/\/ismaelcolosi.com.br\/index.php\/category\/blog\/"},"img":{"alt_text":"","src":"https:\/\/i0.wp.com\/ismaelcolosi.com.br\/wp-content\/uploads\/2024\/01\/postimg-65931c2c95b247425.jpg?fit=1200%2C628&ssl=1&resize=350%2C200","width":350,"height":200,"srcset":"https:\/\/i0.wp.com\/ismaelcolosi.com.br\/wp-content\/uploads\/2024\/01\/postimg-65931c2c95b247425.jpg?fit=1200%2C628&ssl=1&resize=350%2C200 1x, https:\/\/i0.wp.com\/ismaelcolosi.com.br\/wp-content\/uploads\/2024\/01\/postimg-65931c2c95b247425.jpg?fit=1200%2C628&ssl=1&resize=525%2C300 1.5x, https:\/\/i0.wp.com\/ismaelcolosi.com.br\/wp-content\/uploads\/2024\/01\/postimg-65931c2c95b247425.jpg?fit=1200%2C628&ssl=1&resize=700%2C400 2x, https:\/\/i0.wp.com\/ismaelcolosi.com.br\/wp-content\/uploads\/2024\/01\/postimg-65931c2c95b247425.jpg?fit=1200%2C628&ssl=1&resize=1050%2C600 3x"},"classes":[]},{"id":27264,"url":"https:\/\/ismaelcolosi.com.br\/index.php\/2024\/01\/11\/heranca-de-r10-milhoes-dividas-acumuladas-e-perda-de-imoveis-irmao-de-suzane-von-richthofen-tem-detalhes-de-sua-vida-expostos\/","url_meta":{"origin":7788,"position":1},"title":"Heran\u00e7a de R$10 milh\u00f5es, d\u00edvidas acumuladas e perda de im\u00f3veis; irm\u00e3o de Suzane von Richthofen tem detalhes de sua vida expostos","author":"ismaelcolosi.com.br","date":"11 de Janeiro de 2024","format":false,"excerpt":"[ad_1] A trag\u00e9dia da fam\u00edlia von Richthofen \u00e9 uma das mais conhecidas do pa\u00eds. A morte violenta dos pais, a mando da pr\u00f3pria filha, \u00e9 um caso t\u00e3o famoso que j\u00e1 virou filme. No entanto, uma pessoa segue vivendo as margens dessa hist\u00f3ria.Andreas von Richthofen era apenas um adolescente quando\u2026","rel":"","context":"In &quot;Blog&quot;","block_context":{"text":"Blog","link":"https:\/\/ismaelcolosi.com.br\/index.php\/category\/blog\/"},"img":{"alt_text":"","src":"https:\/\/i0.wp.com\/ismaelcolosi.com.br\/wp-content\/uploads\/2024\/01\/postimg-65a05987621061743.jpg?fit=1200%2C628&ssl=1&resize=350%2C200","width":350,"height":200,"srcset":"https:\/\/i0.wp.com\/ismaelcolosi.com.br\/wp-content\/uploads\/2024\/01\/postimg-65a05987621061743.jpg?fit=1200%2C628&ssl=1&resize=350%2C200 1x, https:\/\/i0.wp.com\/ismaelcolosi.com.br\/wp-content\/uploads\/2024\/01\/postimg-65a05987621061743.jpg?fit=1200%2C628&ssl=1&resize=525%2C300 1.5x, https:\/\/i0.wp.com\/ismaelcolosi.com.br\/wp-content\/uploads\/2024\/01\/postimg-65a05987621061743.jpg?fit=1200%2C628&ssl=1&resize=700%2C400 2x, https:\/\/i0.wp.com\/ismaelcolosi.com.br\/wp-content\/uploads\/2024\/01\/postimg-65a05987621061743.jpg?fit=1200%2C628&ssl=1&resize=1050%2C600 3x"},"classes":[]},{"id":31034,"url":"https:\/\/ismaelcolosi.com.br\/index.php\/2024\/01\/20\/atriz-sthefany-acaba-de-confirmar-triste-noticia-sobre-seu-irmao-kayky-brito-ele-ver-mais\/","url_meta":{"origin":7788,"position":2},"title":"Atriz Sthefany acaba de confirmar TRISTE NOT\u00cdCIA sobre seu irm\u00e3o Kayky Brito, ele&#8230;Ver mais","author":"ismaelcolosi.com.br","date":"20 de Janeiro de 2024","format":false,"excerpt":"[ad_1] Novas atualiza\u00e7\u00f5es sobre o caso de Kayky Brito acabam de sair e revelam o real estado do ator. Sua irm\u00e3 e tamb\u00e9m atriz reconhecida nacionalmente Sthefany Brito deu um depoimento emocionante sobre o triste acontecimento e falou com jornalistas que estavam na frente do Hospital Municipal Miguel Couto. Em\u2026","rel":"","context":"In &quot;Variedades&quot;","block_context":{"text":"Variedades","link":"https:\/\/ismaelcolosi.com.br\/index.php\/category\/variedades\/"},"img":{"alt_text":"","src":"https:\/\/i0.wp.com\/ismaelcolosi.com.br\/wp-content\/uploads\/2024\/01\/Apresentacao-sem-titulo-11.png?fit=960%2C540&ssl=1&resize=350%2C200","width":350,"height":200,"srcset":"https:\/\/i0.wp.com\/ismaelcolosi.com.br\/wp-content\/uploads\/2024\/01\/Apresentacao-sem-titulo-11.png?fit=960%2C540&ssl=1&resize=350%2C200 1x, https:\/\/i0.wp.com\/ismaelcolosi.com.br\/wp-content\/uploads\/2024\/01\/Apresentacao-sem-titulo-11.png?fit=960%2C540&ssl=1&resize=525%2C300 1.5x, https:\/\/i0.wp.com\/ismaelcolosi.com.br\/wp-content\/uploads\/2024\/01\/Apresentacao-sem-titulo-11.png?fit=960%2C540&ssl=1&resize=700%2C400 2x"},"classes":[]},{"id":25618,"url":"https:\/\/ismaelcolosi.com.br\/index.php\/2024\/01\/07\/motivacao-do-crime-que-ceifou-a-vida-de-casal-e-exposta-e-identificacao-dos-suspeitos-gera-perplexidade-na-comunidade-local\/","url_meta":{"origin":7788,"position":3},"title":"Motiva\u00e7\u00e3o do crime que ceifou a vida de casal \u00e9 exposta e identifica\u00e7\u00e3o dos suspeitos gera perplexidade na comunidade local","author":"ismaelcolosi.com.br","date":"7 de Janeiro de 2024","format":false,"excerpt":"[ad_1] A Pol\u00edcia Civil elucidou os motivos por tr\u00e1s da morte de um casal residente na cidade de Treze T\u00edlias, localizada na regi\u00e3o do Meio-Oeste de Santa Catarina.As v\u00edtimas fatais s\u00e3o Marisa Mergener, uma professora de 42 anos, e seu esposo Reginaldo Tonet, de 41 anos, que atuava como empres\u00e1rio.O\u2026","rel":"","context":"In &quot;Blog&quot;","block_context":{"text":"Blog","link":"https:\/\/ismaelcolosi.com.br\/index.php\/category\/blog\/"},"img":{"alt_text":"","src":"https:\/\/i0.wp.com\/ismaelcolosi.com.br\/wp-content\/uploads\/2024\/01\/postimg-659b59f06c17a6736.jpg?fit=1200%2C628&ssl=1&resize=350%2C200","width":350,"height":200,"srcset":"https:\/\/i0.wp.com\/ismaelcolosi.com.br\/wp-content\/uploads\/2024\/01\/postimg-659b59f06c17a6736.jpg?fit=1200%2C628&ssl=1&resize=350%2C200 1x, https:\/\/i0.wp.com\/ismaelcolosi.com.br\/wp-content\/uploads\/2024\/01\/postimg-659b59f06c17a6736.jpg?fit=1200%2C628&ssl=1&resize=525%2C300 1.5x, https:\/\/i0.wp.com\/ismaelcolosi.com.br\/wp-content\/uploads\/2024\/01\/postimg-659b59f06c17a6736.jpg?fit=1200%2C628&ssl=1&resize=700%2C400 2x, https:\/\/i0.wp.com\/ismaelcolosi.com.br\/wp-content\/uploads\/2024\/01\/postimg-659b59f06c17a6736.jpg?fit=1200%2C628&ssl=1&resize=1050%2C600 3x"},"classes":[]},{"id":51399,"url":"https:\/\/ismaelcolosi.com.br\/index.php\/2024\/05\/27\/irmaos-sofrem-acidente-de-carro-e-um-morre-em-estrada-na-regiao-de-ribeirao-preto\/","url_meta":{"origin":7788,"position":4},"title":"Irm\u00e3os sofrem acidente de carro e um morre em estrada na regi\u00e3o de Ribeir\u00e3o Preto","author":"ismaelcolosi.com.br","date":"27 de Maio de 2024","format":false,"excerpt":"[ad_1] Um jovem de 21 anos morreu e a irm\u00e3 dele \u2013 uma adolescente de 16 anos \u2013 ficou ferida, ap\u00f3s o capotamento de um carro na noite deste domingo (26), na estrada vicinal Onofre Gilberto, entre Pedregulho e Rifaina, a aproximadamente 150 km de Ribeir\u00e3o Preto. Segundo informa\u00e7\u00f5es, o\u2026","rel":"","context":"In &quot;Not\u00edcias de Ribeir\u00e3o Preto-SP e Regi\u00e3o&quot;","block_context":{"text":"Not\u00edcias de Ribeir\u00e3o Preto-SP e Regi\u00e3o","link":"https:\/\/ismaelcolosi.com.br\/index.php\/category\/noticias-de-ribeirao-preto-sp-e-regiao-ismael-colosi\/"},"img":{"alt_text":"","src":"https:\/\/i0.wp.com\/ismaelcolosi.com.br\/wp-content\/uploads\/2024\/05\/CAPOTAMENTO_2024-05-27_15-29-07_jpg_2024-05-27_15-29-07.webp.webp?fit=1200%2C772&ssl=1&resize=350%2C200","width":350,"height":200,"srcset":"https:\/\/i0.wp.com\/ismaelcolosi.com.br\/wp-content\/uploads\/2024\/05\/CAPOTAMENTO_2024-05-27_15-29-07_jpg_2024-05-27_15-29-07.webp.webp?fit=1200%2C772&ssl=1&resize=350%2C200 1x, https:\/\/i0.wp.com\/ismaelcolosi.com.br\/wp-content\/uploads\/2024\/05\/CAPOTAMENTO_2024-05-27_15-29-07_jpg_2024-05-27_15-29-07.webp.webp?fit=1200%2C772&ssl=1&resize=525%2C300 1.5x, https:\/\/i0.wp.com\/ismaelcolosi.com.br\/wp-content\/uploads\/2024\/05\/CAPOTAMENTO_2024-05-27_15-29-07_jpg_2024-05-27_15-29-07.webp.webp?fit=1200%2C772&ssl=1&resize=700%2C400 2x, https:\/\/i0.wp.com\/ismaelcolosi.com.br\/wp-content\/uploads\/2024\/05\/CAPOTAMENTO_2024-05-27_15-29-07_jpg_2024-05-27_15-29-07.webp.webp?fit=1200%2C772&ssl=1&resize=1050%2C600 3x"},"classes":[]},{"id":41244,"url":"https:\/\/ismaelcolosi.com.br\/index.php\/2024\/03\/07\/passional-mulher-admite-ter-matado-namorado\/","url_meta":{"origin":7788,"position":5},"title":"Passional: Mulher admite ter matado namorado","author":"ismaelcolosi.com.br","date":"7 de Mar\u00e7o de 2024","format":false,"excerpt":"[ad_1] Brenda Caroline Pereira Xavier, de 29 anos, confessou ter matado o namorado, o corretor de im\u00f3veis Carlos Felipe Camargo da Silva, da mesma idade, mas diz que agiu em leg\u00edtima defesa 7 de mar\u00e7o de 2024 | 10:00 2Acompanhada do advogado Alexandre Durante, a vendedora Brenda Caroline Pereira Xavier,\u2026","rel":"","context":"In &quot;Not\u00edcias de Ribeir\u00e3o Preto-SP e Regi\u00e3o&quot;","block_context":{"text":"Not\u00edcias de Ribeir\u00e3o Preto-SP e Regi\u00e3o","link":"https:\/\/ismaelcolosi.com.br\/index.php\/category\/noticias-de-ribeirao-preto-sp-e-regiao-ismael-colosi\/"},"img":{"alt_text":"","src":"https:\/\/i0.wp.com\/ismaelcolosi.com.br\/wp-content\/uploads\/2024\/03\/00-07-mar-2024-re-confessa-corretor-01-foto-risk-junior-e-redes-sociais-scaled.jpg?fit=967%2C645&ssl=1&resize=350%2C200","width":350,"height":200,"srcset":"https:\/\/i0.wp.com\/ismaelcolosi.com.br\/wp-content\/uploads\/2024\/03\/00-07-mar-2024-re-confessa-corretor-01-foto-risk-junior-e-redes-sociais-scaled.jpg?fit=967%2C645&ssl=1&resize=350%2C200 1x, https:\/\/i0.wp.com\/ismaelcolosi.com.br\/wp-content\/uploads\/2024\/03\/00-07-mar-2024-re-confessa-corretor-01-foto-risk-junior-e-redes-sociais-scaled.jpg?fit=967%2C645&ssl=1&resize=525%2C300 1.5x, https:\/\/i0.wp.com\/ismaelcolosi.com.br\/wp-content\/uploads\/2024\/03\/00-07-mar-2024-re-confessa-corretor-01-foto-risk-junior-e-redes-sociais-scaled.jpg?fit=967%2C645&ssl=1&resize=700%2C400 2x"},"classes":[]}],"jetpack_sharing_enabled":true,"jetpack_shortlink":"https:\/\/wp.me\/pfMlyK-21C","jetpack_featured_media_url":"https:\/\/i0.wp.com\/ismaelcolosi.com.br\/wp-content\/uploads\/2023\/11\/postimg-656672fad55ea9764.jpg?fit=1200%2C628&ssl=1","_links":{"self":[{"href":"https:\/\/ismaelcolosi.com.br\/index.php\/wp-json\/wp\/v2\/posts\/7788","targetHints":{"allow":["GET"]}}],"collection":[{"href":"https:\/\/ismaelcolosi.com.br\/index.php\/wp-json\/wp\/v2\/posts"}],"about":[{"href":"https:\/\/ismaelcolosi.com.br\/index.php\/wp-json\/wp\/v2\/types\/post"}],"author":[{"embeddable":true,"href":"https:\/\/ismaelcolosi.com.br\/index.php\/wp-json\/wp\/v2\/users\/1"}],"replies":[{"embeddable":true,"href":"https:\/\/ismaelcolosi.com.br\/index.php\/wp-json\/wp\/v2\/comments?post=7788"}],"version-history":[{"count":0,"href":"https:\/\/ismaelcolosi.com.br\/index.php\/wp-json\/wp\/v2\/posts\/7788\/revisions"}],"wp:featuredmedia":[{"embeddable":true,"href":"https:\/\/ismaelcolosi.com.br\/index.php\/wp-json\/wp\/v2\/media\/7789"}],"wp:attachment":[{"href":"https:\/\/ismaelcolosi.com.br\/index.php\/wp-json\/wp\/v2\/media?parent=7788"}],"wp:term":[{"taxonomy":"category","embeddable":true,"href":"https:\/\/ismaelcolosi.com.br\/index.php\/wp-json\/wp\/v2\/categories?post=7788"},{"taxonomy":"post_tag","embeddable":true,"href":"https:\/\/ismaelcolosi.com.br\/index.php\/wp-json\/wp\/v2\/tags?post=7788"}],"curies":[{"name":"wp","href":"https:\/\/api.w.org\/{rel}","templated":true}]}}