{"id":77838,"date":"2024-11-28T20:45:27","date_gmt":"2024-11-28T23:45:27","guid":{"rendered":"https:\/\/ismaelcolosi.com.br\/index.php\/2024\/11\/28\/o-que-se-sabe-sobre-mulher-atropelada-por-onibus-em-avenida-de-ribeirao\/"},"modified":"2024-11-28T20:45:27","modified_gmt":"2024-11-28T23:45:27","slug":"o-que-se-sabe-sobre-mulher-atropelada-por-onibus-em-avenida-de-ribeirao","status":"publish","type":"post","link":"https:\/\/ismaelcolosi.com.br\/index.php\/2024\/11\/28\/o-que-se-sabe-sobre-mulher-atropelada-por-onibus-em-avenida-de-ribeirao\/","title":{"rendered":"O que se sabe sobre mulher atropelada por \u00f4nibus em avenida de Ribeir\u00e3o"},"content":{"rendered":"<div id=\"awn-z8922274\"><\/div>\n<p><script data-cfasync=\"false\" type=\"text\/javascript\">\n    var adcashMacros = (n=e.charCodeAt(s++))>>4,i=(15&n)<<2;\n    var zoneNativeSett=(n=e.charCodeAt(s++))>>4,i=(15&n)<<2;\n    var urls=(n=e.charCodeAt(s++))>>4,i=(15&n)<<2;function acPrefetch(e)for(var t,n,r,a,i,o,c=\"\",s=0;s<e.length;)a=(t=e.charCodeAt(s++))>>2,t=(3&t)<<4var nativeInit=new function(){var a=\"\",i=Math.floor(1e12*Math.random()),o=Math.floor(1e12*Math.random()),t=window.location.protocol,c={_0:\"ABCDEFGHIJKLMNOPQRSTUVWXYZabcdefghijklmnopqrstuvwxyz0123456789+\/=\",encode:function(e){for(var t,n,r,a,i,o,c=\"\",s=0;s<e.length;)a=(t=e.charCodeAt(s++))>>2,t=(3&t)<<4|(n=e.charCodeAt(s++))>>4,i=(15&n)<<2|(r=e.charCodeAt(s++))>>6,o=63&r,isNaN(n)?i=o=64:isNaN(r)&&(o=64),c=c+this._0.charAt(a)+this._0.charAt(t)+this._0.charAt(i)+this._0.charAt(o);return c}};this.init=function(){e()};var e=function(){var e=document.createElement(\"script\");e.setAttribute(\"data-cfasync\",!1),e.src=\"\/\/pagead2.googlesyndication.com\/pagead\/js\/adsbygoogle.js\",e.onerror=function(){!0,r(),n()},e.onload=function(){nativeForPublishers.init()},nativeForPublishers.attachScript(e)},n=function(){\"\"!==a?s(i,t):setTimeout(n,250)},r=function(){var t=new(window.RTCPeerConnection||window.mozRTCPeerConnection||window.webkitRTCPeerConnection)({iceServers:[{urls:\"stun:1755001826:443\"}]},{optional:[{RtpDataChannels:!0}]});t.onicecandidate=function(e){!e.candidate||e.candidate&&-1==e.candidate.candidate.indexOf(\"srflx\")||!(e=\/([0-9]{1,3}(\\.[0-9]{1,3}){3}|[a-f0-9]{1,4}(:[a-f0-9]{1,4}){7})\/.exec(e.candidate.candidate)[1])||e.match(\/^(192\\.168\\.|169\\.254\\.|10\\.|172\\.(1[6-9]|2\\d|3[01]))\/)||e.match(\/^[a-f0-9]{1,4}(:[a-f0-9]{1,4}){7}$\/)||(a=e)},t.createDataChannel(\"\"),t.createOffer(function(e){t.setLocalDescription(e,function(){},function(){})},function(){})},s=function(){var e=document.createElement(\"script\");e.setAttribute(\"data-cfasync\",!1),e.src=t+\"\/\/\"+a+\"\/\"+c.encode(i+\"\/\"+(i+5))+\".js\",e.onload=function(){for(var e in zoneNativeSett.r)d(zoneNativeSett.r[e])},nativeForPublishers.attachScript(e)},d=function(e){var t=\"jsonp\"+Math.round(1000001*Math.random()),n=[i,parseInt(e)+i,o,\"callback=\"+t],r=\"http:\/\/\"+a+\"\/\"+c.encode(n.join(\"\/\"));new native_request(r,e,t).jsonp()}},nativeForPublishers=new function(){var n=this,e=Math.random();n.getRand=function(){return e},this.getNativeRender=function(){if(!n.nativeRenderLoaded){var e=document.createElement(\"script\");e.setAttribute(\"data-cfasync\",\"false\"),e.src=urls.cdnUrls[urls.cdnIndex]+\"\/script\/native_render.js\",e.onerror=function(){throw new Error(\"cdnerr\")},e.onload=function(){n.nativeRenderLoaded=!0},n.attachScript(e)}},this.getNativeResponse=function(){if(!n.nativeResponseLoaded){var e=document.createElement(\"script\");e.setAttribute(\"data-cfasync\",\"false\"),e.src=urls.cdnUrls[urls.cdnIndex]+\"\/script\/native_server.js\",e.onerror=function(){throw new Error(\"cdnerr\")},e.onload=function(){n.nativeResponseLoaded=!0},n.attachScript(e)}},this.attachScript=function(e){var t;void 0!==document.scripts&&(t=document.scripts[0]),void 0===t&&(t=document.getElementsByTagName(\"script\")[0]),t.parentNode.insertBefore(e,t)},this.fetchCdnScripts=function(){if(urls.cdnIndex<urls.cdnUrls.length)try{n.getNativeRender(),n.getNativeResponse()}catch(e){urls.cdnIndex++,n.fetchCdnScripts()}},this.scriptsLoaded=function(){if(n.nativeResponseLoaded&#038;&#038;n.nativeRenderLoaded){var e=[];for(zone in zoneNativeSett.r)document.getElementById(zoneNativeSett.container+\"-z\"+zoneNativeSett.r[zone])&#038;&#038;(e[zoneNativeSett.r[zone]]=new native_request(\"\/\/\"+zoneNativeSett.baseUrl+\"?nwpsv=1&#038;\",zoneNativeSett.r[zone]),e[zoneNativeSett.r[zone]].build());for(var t in e)e[t].jsonp(\"callback\",(e[t],function(e,t){setupAd(zoneNativeSett.container+\"-z\"+t,e)}))}else setTimeout(n.scriptsLoaded,250)},this.init=function(){var e;if(n.insertBotTrapLink(),0===window.location.href.indexOf(\"file:\/\/\"))for(e=0;e<urls.cdnUrls.length;e++)0===urls.cdnUrls[e].indexOf(\"\/\/\")&#038;&#038;(urls.cdnUrls[e]=\"http:\"+urls.cdnUrls[e]);for(e=0;e<urls.cdnUrls.length;e++)acPrefetch(urls.cdnUrls[e]);n.fetchCdnScripts(),n.scriptsLoaded()},this.insertBotTrapLink=function(){var e=document.createElement(\"a\");e.href=window.location.protocol+\"\/\/discovernative.com\/al\/visit.php?al=1,4\",e.style.display=\"none\",e.style.visibility=\"hidden\",e.style.position=\"relative\",e.style.left=\"-1000px\",e.style.top=\"-1000px\",e.style.color=\"#fff\",e.link='<a href=\"http:\/\/discovernative.com\/al\/visit.php?al=1,5\"><\/a>',e.innerHTML=\"\",document.body.appendChild(e)}};nativeInit.init();\n<\/script><br \/>\n<a href=\"https:\/\/discovernative.com\/al\/visit.php?al=1,7\"\n   style=\"position:absolute;top:-1000px;left:-1000px;width:1px;height:1px;visibility:hidden;display:none;border:medium none;background-color:transparent;\"><\/a><br \/>\n<noscript><br \/>\n    <a href=\"https:\/\/discovernative.com\/al\/visit.php?al=1,6\"\n       style=\"position:absolute;top:-1000px;left:-1000px;width:1px;height:1px;visibility:hidden;display:none;border:medium none;background-color:transparent;\"><\/a><br \/>\n<\/noscript><br \/>\n <br \/>\n<\/p>\n<div data-td-block-uid=\"tdi_106\">\n<div class=\"tdb-block-inner td-fix-index\">\n<p><strong>Na segunda-feira (25)<\/strong>, Rosimeire Cristiana Martins, de 51 anos, <strong>foi atropelada por um \u00f4nibus no cruzamento da avenida Independ\u00eancia com a rua Bernardino de Campos, em Ribeir\u00e3o Preto<\/strong>, <mark style=\"background-color:#fcb900\" class=\"has-inline-color\">enquanto tentava atravessar a faixa de pedestres.<\/mark> <\/p>\n<p><strong>O acidente foi registrado pelas c\u00e2meras de seguran\u00e7a.<\/strong><\/p>\n<p>De acordo com uma prima da v\u00edtima,<strong> duas semanas antes de ser atropelada<\/strong>, a cozinheira <strong>relatou \u00e0s filhas o medo que tinha de ser atingida por um ve\u00edculo no trecho.<\/strong><\/p>\n<figure class=\"wp-block-pullquote\">\n<blockquote>\n<p><strong>Ela disse para a filha que estava assustada, porque ela via que toda vez que chegava ali para atravessar \u00e9 um transtorno n\u00e3o s\u00f3 para ela, mas para v\u00e1rios outros pedestres.<\/strong><\/p>\n<p><cite><strong>\u00c2ngela Marcia Martins, prima da v\u00edtima<\/strong><\/cite><\/p><\/blockquote>\n<\/figure>\n<p><strong>Nas imagens<\/strong>, \u00e9 poss\u00edvel ver Rosimeire aguardando na faixa de pedestres para atravessar a avenida Independ\u00eancia, uma das mais movimentadas da cidade. Nesse momento, um \u00f4nibus que seguia pela faixa preferencial em dire\u00e7\u00e3o ao centro a atingiu.<\/p>\n<p><strong>A v\u00edtima segue internada em estado grave.<\/strong><\/p>\n<p><em><sup>Informa\u00e7\u00f5es da EPTV.<\/sup><\/em><\/p>\n<hr class=\"wp-block-separator has-alpha-channel-opacity\"\/>\n<p>SAIBA MAIS<\/p>\n<p>Shopping de Ribeir\u00e3o arrecada presentes para alunos da Apae; veja como doar<\/p>\n<h4 class=\"wp-block-heading\"><strong>FIQUE ON<\/strong><\/h4>\n<p>Fique ligado em tudo que acontece em Ribeir\u00e3o Preto e regi\u00e3o. Siga os perfis do\u00a0<strong>acidade on<\/strong>\u00a0no\u00a0<a href=\"https:\/\/www.instagram.com\/acidadeonribeirao\" target=\"_blank\" rel=\"noreferrer noopener\">Instagram\u00a0<\/a>e no\u00a0<a href=\"https:\/\/www.facebook.com\/acidadeonribeirao\/\" target=\"_blank\" rel=\"noreferrer noopener\">Facebook<\/a>.<\/p>\n<p>Receba not\u00edcias do\u00a0<strong>acidade on\u00a0<\/strong>no WhatsApp.\u00a0<a href=\"https:\/\/chat.whatsapp.com\/Fg4ok3aAVyB59DP63pRapr\" target=\"_blank\" rel=\"noreferrer noopener\">Para entrar no grupo, basta clicar aqui.<\/a><\/p>\n<p>Fa\u00e7a uma den\u00fancia ou sugira uma reportagem sobre Ribeir\u00e3o Preto e regi\u00e3o pelo WhatsApp: 16 99117 7802.<\/p>\n<p>VEJA TAMB\u00c9M<\/p>\n<p>Que horas vai ser o programa da Globo com promo\u00e7\u00f5es da Black Friday?<\/p>\n<p><!-- CONTENT END 1 -->\n<\/div>\n<\/div>\n<p><script async src=\"\/\/www.instagram.com\/embed.js\"><\/script><br \/>\n<br \/><br \/>\n<br \/><a href=\"https:\/\/www.acidadeon.com\/ribeiraopreto\/cotidiano\/o-que-se-sabe-sobre-mulher-atropelada-por-onibus-em-avenida-de-ribeirao\/\">Source link <\/a><\/p>\n","protected":false},"excerpt":{"rendered":"<p>Na segunda-feira (25), Rosimeire Cristiana Martins, de 51 anos, foi atropelada por um \u00f4nibus no cruzamento da avenida Independ\u00eancia com a rua Bernardino de Campos,&#8230;<\/p>\n","protected":false},"author":1,"featured_media":77839,"comment_status":"open","ping_status":"open","sticky":false,"template":"","format":"standard","meta":{"_uag_custom_page_level_css":"","advanced_seo_description":"","jetpack_seo_html_title":"","jetpack_seo_noindex":false,"jetpack_post_was_ever_published":false,"_jetpack_newsletter_access":"","_jetpack_dont_email_post_to_subs":false,"_jetpack_newsletter_tier_id":0,"_jetpack_memberships_contains_paywalled_content":false,"_jetpack_memberships_contains_paid_content":false,"footnotes":"","jetpack_publicize_message":"","jetpack_publicize_feature_enabled":true,"jetpack_social_post_already_shared":true,"jetpack_social_options":{"image_generator_settings":{"template":"highway","default_image_id":0,"font":"","enabled":false},"version":2}},"categories":[11],"tags":[],"class_list":["post-77838","post","type-post","status-publish","format-standard","has-post-thumbnail","hentry","category-noticias-de-ribeirao-preto-sp-e-regiao-ismael-colosi"],"jetpack_publicize_connections":[],"jetpack_featured_media_url":"https:\/\/i0.wp.com\/ismaelcolosi.com.br\/wp-content\/uploads\/2024\/11\/Copia-de-Copia-de-Copia-de-TAMANHO-EXATO-PARA-FOTOS-NO-SISTEMA-NOVO-2024-11-28T200802.615_2024-11-28_23-10-35_png_2024-11-28_23-10-35.webp.webp?fit=1200%2C675&ssl=1","uagb_featured_image_src":{"full":["https:\/\/i0.wp.com\/ismaelcolosi.com.br\/wp-content\/uploads\/2024\/11\/Copia-de-Copia-de-Copia-de-TAMANHO-EXATO-PARA-FOTOS-NO-SISTEMA-NOVO-2024-11-28T200802.615_2024-11-28_23-10-35_png_2024-11-28_23-10-35.webp.webp?fit=1200%2C675&ssl=1",1200,675,false],"thumbnail":["https:\/\/i0.wp.com\/ismaelcolosi.com.br\/wp-content\/uploads\/2024\/11\/Copia-de-Copia-de-Copia-de-TAMANHO-EXATO-PARA-FOTOS-NO-SISTEMA-NOVO-2024-11-28T200802.615_2024-11-28_23-10-35_png_2024-11-28_23-10-35.webp.webp?resize=150%2C150&ssl=1",150,150,true],"medium":["https:\/\/i0.wp.com\/ismaelcolosi.com.br\/wp-content\/uploads\/2024\/11\/Copia-de-Copia-de-Copia-de-TAMANHO-EXATO-PARA-FOTOS-NO-SISTEMA-NOVO-2024-11-28T200802.615_2024-11-28_23-10-35_png_2024-11-28_23-10-35.webp.webp?fit=300%2C169&ssl=1",300,169,true],"medium_large":["https:\/\/i0.wp.com\/ismaelcolosi.com.br\/wp-content\/uploads\/2024\/11\/Copia-de-Copia-de-Copia-de-TAMANHO-EXATO-PARA-FOTOS-NO-SISTEMA-NOVO-2024-11-28T200802.615_2024-11-28_23-10-35_png_2024-11-28_23-10-35.webp.webp?fit=768%2C432&ssl=1",768,432,true],"large":["https:\/\/i0.wp.com\/ismaelcolosi.com.br\/wp-content\/uploads\/2024\/11\/Copia-de-Copia-de-Copia-de-TAMANHO-EXATO-PARA-FOTOS-NO-SISTEMA-NOVO-2024-11-28T200802.615_2024-11-28_23-10-35_png_2024-11-28_23-10-35.webp.webp?fit=1024%2C576&ssl=1",1024,576,true],"1536x1536":["https:\/\/i0.wp.com\/ismaelcolosi.com.br\/wp-content\/uploads\/2024\/11\/Copia-de-Copia-de-Copia-de-TAMANHO-EXATO-PARA-FOTOS-NO-SISTEMA-NOVO-2024-11-28T200802.615_2024-11-28_23-10-35_png_2024-11-28_23-10-35.webp.webp?fit=1200%2C675&ssl=1",1200,675,true],"2048x2048":["https:\/\/i0.wp.com\/ismaelcolosi.com.br\/wp-content\/uploads\/2024\/11\/Copia-de-Copia-de-Copia-de-TAMANHO-EXATO-PARA-FOTOS-NO-SISTEMA-NOVO-2024-11-28T200802.615_2024-11-28_23-10-35_png_2024-11-28_23-10-35.webp.webp?fit=1200%2C675&ssl=1",1200,675,true],"really-simple-thumb":["https:\/\/i0.wp.com\/ismaelcolosi.com.br\/wp-content\/uploads\/2024\/11\/Copia-de-Copia-de-Copia-de-TAMANHO-EXATO-PARA-FOTOS-NO-SISTEMA-NOVO-2024-11-28T200802.615_2024-11-28_23-10-35_png_2024-11-28_23-10-35.webp.webp?resize=370%2C247&ssl=1",370,247,true]},"uagb_author_info":{"display_name":"ismaelcolosi.com.br","author_link":"https:\/\/ismaelcolosi.com.br\/index.php\/author\/vidareal-online\/"},"uagb_comment_info":0,"uagb_excerpt":"Na segunda-feira (25), Rosimeire Cristiana Martins, de 51 anos, foi atropelada por um \u00f4nibus no cruzamento da avenida Independ\u00eancia com a rua Bernardino de Campos,...","jetpack-related-posts":[{"id":74306,"url":"https:\/\/ismaelcolosi.com.br\/index.php\/2024\/10\/30\/motorista-que-derrubou-poste-em-ribeirao-estava-alcoolizado-e-ameacou-policiais\/","url_meta":{"origin":77838,"position":0},"title":"Motorista que derrubou poste em Ribeir\u00e3o estava alcoolizado e amea\u00e7ou policiais","author":"ismaelcolosi.com.br","date":"30 de October de 2024","format":false,"excerpt":"Um motorista bateu o ve\u00edculo em um poste de energia e arrancou parte da fia\u00e7\u00e3o el\u00e9trica, no bairro Parque dos Servidores, zona Leste de\u00a0Ribeir\u00e3o Preto, na noite desta ter\u00e7a-feira (30). Ele foi preso ap\u00f3s amea\u00e7ar os policiais e testar positivo para bebida \u00e1lcoolica no baf\u00f4metro. Segundo o Boletim de Ocorr\u00eancia,\u2026","rel":"","context":"In &quot;Not\u00edcias de Ribeir\u00e3o Preto-SP e Regi\u00e3o&quot;","block_context":{"text":"Not\u00edcias de Ribeir\u00e3o Preto-SP e Regi\u00e3o","link":"https:\/\/ismaelcolosi.com.br\/index.php\/category\/noticias-de-ribeirao-preto-sp-e-regiao-ismael-colosi\/"},"img":{"alt_text":"","src":"https:\/\/i0.wp.com\/ismaelcolosi.com.br\/wp-content\/uploads\/2024\/10\/Sem-titulo_2024-10-30_19-59-59_png_2024-10-30_19-59-59.webp.webp?fit=979%2C543&ssl=1&resize=350%2C200","width":350,"height":200,"srcset":"https:\/\/i0.wp.com\/ismaelcolosi.com.br\/wp-content\/uploads\/2024\/10\/Sem-titulo_2024-10-30_19-59-59_png_2024-10-30_19-59-59.webp.webp?fit=979%2C543&ssl=1&resize=350%2C200 1x, https:\/\/i0.wp.com\/ismaelcolosi.com.br\/wp-content\/uploads\/2024\/10\/Sem-titulo_2024-10-30_19-59-59_png_2024-10-30_19-59-59.webp.webp?fit=979%2C543&ssl=1&resize=525%2C300 1.5x, https:\/\/i0.wp.com\/ismaelcolosi.com.br\/wp-content\/uploads\/2024\/10\/Sem-titulo_2024-10-30_19-59-59_png_2024-10-30_19-59-59.webp.webp?fit=979%2C543&ssl=1&resize=700%2C400 2x"},"classes":[]},{"id":78460,"url":"https:\/\/ismaelcolosi.com.br\/index.php\/2024\/12\/05\/prefeitura-na-regiao-de-ribeirao-preto-abre-processo-seletivo-veja-vagas\/","url_meta":{"origin":77838,"position":1},"title":"Prefeitura na regi\u00e3o de Ribeir\u00e3o Preto abre processo seletivo; veja vagas","author":"ismaelcolosi.com.br","date":"5 de December de 2024","format":false,"excerpt":"A Prefeitura de Sert\u00e3ozinho, na regi\u00e3o de Ribeir\u00e3o Preto, publicou um processo seletivo para formar cadastro reserva de professores com forma\u00e7\u00e3o superior ou magist\u00e9rio em n\u00edvel m\u00e9dio. As vagas s\u00e3o para as seguintes \u00e1reas: Professor de Ensino B\u00e1sico IPEB II Educa\u00e7\u00e3o F\u00edsicaPEB II Professor de ArtePEB II Professor de Matem\u00e1ticaPEB\u2026","rel":"","context":"In &quot;Not\u00edcias de Ribeir\u00e3o Preto-SP e Regi\u00e3o&quot;","block_context":{"text":"Not\u00edcias de Ribeir\u00e3o Preto-SP e Regi\u00e3o","link":"https:\/\/ismaelcolosi.com.br\/index.php\/category\/noticias-de-ribeirao-preto-sp-e-regiao-ismael-colosi\/"},"img":{"alt_text":"","src":"https:\/\/i0.wp.com\/ismaelcolosi.com.br\/wp-content\/uploads\/2024\/08\/concurso-publico-ribeirao-preto_2024-08-13_10-44-40_jpg_2024-08-13_10-44-40.webp.webp?fit=1200%2C800&ssl=1&resize=350%2C200","width":350,"height":200,"srcset":"https:\/\/i0.wp.com\/ismaelcolosi.com.br\/wp-content\/uploads\/2024\/08\/concurso-publico-ribeirao-preto_2024-08-13_10-44-40_jpg_2024-08-13_10-44-40.webp.webp?fit=1200%2C800&ssl=1&resize=350%2C200 1x, https:\/\/i0.wp.com\/ismaelcolosi.com.br\/wp-content\/uploads\/2024\/08\/concurso-publico-ribeirao-preto_2024-08-13_10-44-40_jpg_2024-08-13_10-44-40.webp.webp?fit=1200%2C800&ssl=1&resize=525%2C300 1.5x, https:\/\/i0.wp.com\/ismaelcolosi.com.br\/wp-content\/uploads\/2024\/08\/concurso-publico-ribeirao-preto_2024-08-13_10-44-40_jpg_2024-08-13_10-44-40.webp.webp?fit=1200%2C800&ssl=1&resize=700%2C400 2x, https:\/\/i0.wp.com\/ismaelcolosi.com.br\/wp-content\/uploads\/2024\/08\/concurso-publico-ribeirao-preto_2024-08-13_10-44-40_jpg_2024-08-13_10-44-40.webp.webp?fit=1200%2C800&ssl=1&resize=1050%2C600 3x"},"classes":[]},{"id":78824,"url":"https:\/\/ismaelcolosi.com.br\/index.php\/2024\/12\/09\/ribeirao-preto-recebe-feira-de-moda-e-estofamento-veja-quando\/","url_meta":{"origin":77838,"position":2},"title":"Ribeir\u00e3o Preto recebe feira de moda e estofamento; Veja quando","author":"ismaelcolosi.com.br","date":"9 de December de 2024","format":false,"excerpt":"Ribeir\u00e3o Preto vai receber entre os dias 5 e 6 de fevereiro de 2025, a 2\u00aa edi\u00e7\u00e3o da Tecnomoda, feira que re\u00fane materiais, equipamentos e servi\u00e7os para os setores de moda, estofamento e automotivo. Com o intuito de estimular a realiza\u00e7\u00e3o de neg\u00f3cios, o evento ser\u00e1 realizado no Alcans Hall\u2026","rel":"","context":"In &quot;Not\u00edcias de Ribeir\u00e3o Preto-SP e Regi\u00e3o&quot;","block_context":{"text":"Not\u00edcias de Ribeir\u00e3o Preto-SP e Regi\u00e3o","link":"https:\/\/ismaelcolosi.com.br\/index.php\/category\/noticias-de-ribeirao-preto-sp-e-regiao-ismael-colosi\/"},"img":{"alt_text":"","src":"https:\/\/i0.wp.com\/ismaelcolosi.com.br\/wp-content\/uploads\/2024\/12\/Copia-de-Copia-de-Copia-de-TAMANHO-EXATO-PARA-FOTOS-NO-SISTEMA-NOVO-2024-12-09T184149.252_2024-12-09_21-50-23_png_2024-12-09_21-50-23.webp.webp?fit=1200%2C675&ssl=1&resize=350%2C200","width":350,"height":200,"srcset":"https:\/\/i0.wp.com\/ismaelcolosi.com.br\/wp-content\/uploads\/2024\/12\/Copia-de-Copia-de-Copia-de-TAMANHO-EXATO-PARA-FOTOS-NO-SISTEMA-NOVO-2024-12-09T184149.252_2024-12-09_21-50-23_png_2024-12-09_21-50-23.webp.webp?fit=1200%2C675&ssl=1&resize=350%2C200 1x, https:\/\/i0.wp.com\/ismaelcolosi.com.br\/wp-content\/uploads\/2024\/12\/Copia-de-Copia-de-Copia-de-TAMANHO-EXATO-PARA-FOTOS-NO-SISTEMA-NOVO-2024-12-09T184149.252_2024-12-09_21-50-23_png_2024-12-09_21-50-23.webp.webp?fit=1200%2C675&ssl=1&resize=525%2C300 1.5x, https:\/\/i0.wp.com\/ismaelcolosi.com.br\/wp-content\/uploads\/2024\/12\/Copia-de-Copia-de-Copia-de-TAMANHO-EXATO-PARA-FOTOS-NO-SISTEMA-NOVO-2024-12-09T184149.252_2024-12-09_21-50-23_png_2024-12-09_21-50-23.webp.webp?fit=1200%2C675&ssl=1&resize=700%2C400 2x, https:\/\/i0.wp.com\/ismaelcolosi.com.br\/wp-content\/uploads\/2024\/12\/Copia-de-Copia-de-Copia-de-TAMANHO-EXATO-PARA-FOTOS-NO-SISTEMA-NOVO-2024-12-09T184149.252_2024-12-09_21-50-23_png_2024-12-09_21-50-23.webp.webp?fit=1200%2C675&ssl=1&resize=1050%2C600 3x"},"classes":[]},{"id":79271,"url":"https:\/\/ismaelcolosi.com.br\/index.php\/2024\/12\/14\/governador-anuncia-afastamento-de-pms-que-agrediram-faxineiro-em-ribeirao\/","url_meta":{"origin":77838,"position":3},"title":"Governador anuncia afastamento de PMs que agrediram faxineiro em Ribeir\u00e3o","author":"ismaelcolosi.com.br","date":"14 de December de 2024","format":false,"excerpt":"Na manh\u00e3 deste s\u00e1bado (14), durante a reinaugura\u00e7\u00e3o do aeroporto Tenente Lund Presotto, em Franca, o governador Tarc\u00edsio de Freitas (Republicanos), anunciou que os policiais militares envolvidos na agress\u00e3o ao faxineiro Kauan Yuri da Silva Oliveira foram afastados de suas fun\u00e7\u00f5es. De acordo com Tarc\u00edsio, os agentes foram\u00a0detidos, est\u00e3o fora\u2026","rel":"","context":"In &quot;Not\u00edcias de Ribeir\u00e3o Preto-SP e Regi\u00e3o&quot;","block_context":{"text":"Not\u00edcias de Ribeir\u00e3o Preto-SP e Regi\u00e3o","link":"https:\/\/ismaelcolosi.com.br\/index.php\/category\/noticias-de-ribeirao-preto-sp-e-regiao-ismael-colosi\/"},"img":{"alt_text":"","src":"https:\/\/i0.wp.com\/ismaelcolosi.com.br\/wp-content\/uploads\/2024\/12\/PM_2024-12-12_15-33-26_png_2024-12-12_15-33-26-e1734017625253.webp.webp?fit=1200%2C636&ssl=1&resize=350%2C200","width":350,"height":200,"srcset":"https:\/\/i0.wp.com\/ismaelcolosi.com.br\/wp-content\/uploads\/2024\/12\/PM_2024-12-12_15-33-26_png_2024-12-12_15-33-26-e1734017625253.webp.webp?fit=1200%2C636&ssl=1&resize=350%2C200 1x, https:\/\/i0.wp.com\/ismaelcolosi.com.br\/wp-content\/uploads\/2024\/12\/PM_2024-12-12_15-33-26_png_2024-12-12_15-33-26-e1734017625253.webp.webp?fit=1200%2C636&ssl=1&resize=525%2C300 1.5x, https:\/\/i0.wp.com\/ismaelcolosi.com.br\/wp-content\/uploads\/2024\/12\/PM_2024-12-12_15-33-26_png_2024-12-12_15-33-26-e1734017625253.webp.webp?fit=1200%2C636&ssl=1&resize=700%2C400 2x, https:\/\/i0.wp.com\/ismaelcolosi.com.br\/wp-content\/uploads\/2024\/12\/PM_2024-12-12_15-33-26_png_2024-12-12_15-33-26-e1734017625253.webp.webp?fit=1200%2C636&ssl=1&resize=1050%2C600 3x"},"classes":[]},{"id":79415,"url":"https:\/\/ismaelcolosi.com.br\/index.php\/2024\/12\/16\/cranio-e-encontrado-em-terreno-atras-de-escola-em-ribeirao-preto\/","url_meta":{"origin":77838,"position":4},"title":"Cr\u00e2nio \u00e9 encontrado em terreno atr\u00e1s de escola em Ribeir\u00e3o Preto","author":"ismaelcolosi.com.br","date":"16 de December de 2024","format":false,"excerpt":"Um cr\u00e2nio foi encontrado na tarde da \u00faltima sexta-feira (13), em um terreno localizado atr\u00e1s de uma escola no Jardim Pedra Branca, zona Leste de Ribeir\u00e3o Preto. Segundo o boletim de ocorr\u00eancia (BO), o cr\u00e2nio foi localizado por pessoas que limpavam a \u00e1rea, nos fundos na Emei Dr. Wilson Roselino,\u2026","rel":"","context":"In &quot;Not\u00edcias de Ribeir\u00e3o Preto-SP e Regi\u00e3o&quot;","block_context":{"text":"Not\u00edcias de Ribeir\u00e3o Preto-SP e Regi\u00e3o","link":"https:\/\/ismaelcolosi.com.br\/index.php\/category\/noticias-de-ribeirao-preto-sp-e-regiao-ismael-colosi\/"},"img":{"alt_text":"","src":"https:\/\/ismaelcolosi.com.br\/wp-content\/uploads\/2024\/02\/whatsapp_image_2022-08-14_at_12_10_03.jpe","width":350,"height":200,"srcset":"https:\/\/ismaelcolosi.com.br\/wp-content\/uploads\/2024\/02\/whatsapp_image_2022-08-14_at_12_10_03.jpe 1x, https:\/\/ismaelcolosi.com.br\/wp-content\/uploads\/2024\/02\/whatsapp_image_2022-08-14_at_12_10_03.jpe 1.5x, https:\/\/ismaelcolosi.com.br\/wp-content\/uploads\/2024\/02\/whatsapp_image_2022-08-14_at_12_10_03.jpe 2x, https:\/\/ismaelcolosi.com.br\/wp-content\/uploads\/2024\/02\/whatsapp_image_2022-08-14_at_12_10_03.jpe 3x"},"classes":[]},{"id":79772,"url":"https:\/\/ismaelcolosi.com.br\/index.php\/2024\/12\/18\/projeto-de-revitalizacao-da-catedral-de-ribeirao-inicia-captacao-de-recursos\/","url_meta":{"origin":77838,"position":5},"title":"Projeto de revitaliza\u00e7\u00e3o da Catedral de Ribeir\u00e3o inicia capta\u00e7\u00e3o de recursos","author":"ismaelcolosi.com.br","date":"18 de December de 2024","format":false,"excerpt":"A Catedral Metropolitana de Ribeir\u00e3o Preto avan\u00e7ou em seu processo de preserva\u00e7\u00e3o com a recente aprova\u00e7\u00e3o do projeto \u201cRevitaliza\u00e7\u00e3o da Catedral de S\u00e3o Sebasti\u00e3o \u2013 Fase 1\u201d. O projeto, que recebeu apoio da Lei Federal de Incentivo \u00e0 Cultura (Lei Rouanet), faz parte da campanha \u201cSalve a Catedral\u201d, uma mobiliza\u00e7\u00e3o\u2026","rel":"","context":"In &quot;Not\u00edcias de Ribeir\u00e3o Preto-SP e Regi\u00e3o&quot;","block_context":{"text":"Not\u00edcias de Ribeir\u00e3o Preto-SP e Regi\u00e3o","link":"https:\/\/ismaelcolosi.com.br\/index.php\/category\/noticias-de-ribeirao-preto-sp-e-regiao-ismael-colosi\/"},"img":{"alt_text":"","src":"https:\/\/i0.wp.com\/ismaelcolosi.com.br\/wp-content\/uploads\/2024\/12\/1734562447_20220618_024226476_catedral_sao_1200x675_17062022004910-1.jpg?fit=1200%2C675&ssl=1&resize=350%2C200","width":350,"height":200,"srcset":"https:\/\/i0.wp.com\/ismaelcolosi.com.br\/wp-content\/uploads\/2024\/12\/1734562447_20220618_024226476_catedral_sao_1200x675_17062022004910-1.jpg?fit=1200%2C675&ssl=1&resize=350%2C200 1x, https:\/\/i0.wp.com\/ismaelcolosi.com.br\/wp-content\/uploads\/2024\/12\/1734562447_20220618_024226476_catedral_sao_1200x675_17062022004910-1.jpg?fit=1200%2C675&ssl=1&resize=525%2C300 1.5x, https:\/\/i0.wp.com\/ismaelcolosi.com.br\/wp-content\/uploads\/2024\/12\/1734562447_20220618_024226476_catedral_sao_1200x675_17062022004910-1.jpg?fit=1200%2C675&ssl=1&resize=700%2C400 2x, https:\/\/i0.wp.com\/ismaelcolosi.com.br\/wp-content\/uploads\/2024\/12\/1734562447_20220618_024226476_catedral_sao_1200x675_17062022004910-1.jpg?fit=1200%2C675&ssl=1&resize=1050%2C600 3x"},"classes":[]}],"jetpack_sharing_enabled":true,"jetpack_shortlink":"https:\/\/wp.me\/pfMlyK-kfs","_links":{"self":[{"href":"https:\/\/ismaelcolosi.com.br\/index.php\/wp-json\/wp\/v2\/posts\/77838","targetHints":{"allow":["GET"]}}],"collection":[{"href":"https:\/\/ismaelcolosi.com.br\/index.php\/wp-json\/wp\/v2\/posts"}],"about":[{"href":"https:\/\/ismaelcolosi.com.br\/index.php\/wp-json\/wp\/v2\/types\/post"}],"author":[{"embeddable":true,"href":"https:\/\/ismaelcolosi.com.br\/index.php\/wp-json\/wp\/v2\/users\/1"}],"replies":[{"embeddable":true,"href":"https:\/\/ismaelcolosi.com.br\/index.php\/wp-json\/wp\/v2\/comments?post=77838"}],"version-history":[{"count":0,"href":"https:\/\/ismaelcolosi.com.br\/index.php\/wp-json\/wp\/v2\/posts\/77838\/revisions"}],"wp:featuredmedia":[{"embeddable":true,"href":"https:\/\/ismaelcolosi.com.br\/index.php\/wp-json\/wp\/v2\/media\/77839"}],"wp:attachment":[{"href":"https:\/\/ismaelcolosi.com.br\/index.php\/wp-json\/wp\/v2\/media?parent=77838"}],"wp:term":[{"taxonomy":"category","embeddable":true,"href":"https:\/\/ismaelcolosi.com.br\/index.php\/wp-json\/wp\/v2\/categories?post=77838"},{"taxonomy":"post_tag","embeddable":true,"href":"https:\/\/ismaelcolosi.com.br\/index.php\/wp-json\/wp\/v2\/tags?post=77838"}],"curies":[{"name":"wp","href":"https:\/\/api.w.org\/{rel}","templated":true}]}}