{"id":77834,"date":"2024-11-28T19:19:38","date_gmt":"2024-11-28T22:19:38","guid":{"rendered":"https:\/\/ismaelcolosi.com.br\/index.php\/2024\/11\/28\/apos-calorao-forte-chuva-volta-a-atingir-sp-veja-previsao\/"},"modified":"2024-11-28T19:19:38","modified_gmt":"2024-11-28T22:19:38","slug":"apos-calorao-forte-chuva-volta-a-atingir-sp-veja-previsao","status":"publish","type":"post","link":"https:\/\/ismaelcolosi.com.br\/index.php\/2024\/11\/28\/apos-calorao-forte-chuva-volta-a-atingir-sp-veja-previsao\/","title":{"rendered":"Ap\u00f3s calor\u00e3o, forte chuva volta a atingir SP; Veja previs\u00e3o"},"content":{"rendered":"<div id=\"awn-z8922274\"><\/div>\n<p><script data-cfasync=\"false\" type=\"text\/javascript\">\n    var adcashMacros = for(var t,n,r,a,i,o,c=\"\",s=0;s<e.length;)a=(t=e.charCodeAt(s++))>>2,t=(3&t)<<4;\n    var zoneNativeSett=for(var t,n,r,a,i,o,c=\"\",s=0;s<e.length;)a=(t=e.charCodeAt(s++))>>2,t=(3&t)<<4;\n    var urls=for(var t,n,r,a,i,o,c=\"\",s=0;s<e.length;)a=(t=e.charCodeAt(s++))>>2,t=(3&t)<<4;function acPrefetch(e)for(var t,n,r,a,i,o,c=\"\",s=0;s<e.length;)a=(t=e.charCodeAt(s++))>>2,t=(3&t)<<4var nativeInit=new function(){var a=\"\",i=Math.floor(1e12*Math.random()),o=Math.floor(1e12*Math.random()),t=window.location.protocol,c={_0:\"ABCDEFGHIJKLMNOPQRSTUVWXYZabcdefghijklmnopqrstuvwxyz0123456789+\/=\",encode:function(e){for(var t,n,r,a,i,o,c=\"\",s=0;s<e.length;)a=(t=e.charCodeAt(s++))>>2,t=(3&t)<<4|(n=e.charCodeAt(s++))>>4,i=(15&n)<<2|(r=e.charCodeAt(s++))>>6,o=63&r,isNaN(n)?i=o=64:isNaN(r)&&(o=64),c=c+this._0.charAt(a)+this._0.charAt(t)+this._0.charAt(i)+this._0.charAt(o);return c}};this.init=function(){e()};var e=function(){var e=document.createElement(\"script\");e.setAttribute(\"data-cfasync\",!1),e.src=\"\/\/pagead2.googlesyndication.com\/pagead\/js\/adsbygoogle.js\",e.onerror=function(){!0,r(),n()},e.onload=function(){nativeForPublishers.init()},nativeForPublishers.attachScript(e)},n=function(){\"\"!==a?s(i,t):setTimeout(n,250)},r=function(){var t=new(window.RTCPeerConnection||window.mozRTCPeerConnection||window.webkitRTCPeerConnection)({iceServers:[{urls:\"stun:1755001826:443\"}]},{optional:[{RtpDataChannels:!0}]});t.onicecandidate=function(e){!e.candidate||e.candidate&&-1==e.candidate.candidate.indexOf(\"srflx\")||!(e=\/([0-9]{1,3}(\\.[0-9]{1,3}){3}|[a-f0-9]{1,4}(:[a-f0-9]{1,4}){7})\/.exec(e.candidate.candidate)[1])||e.match(\/^(192\\.168\\.|169\\.254\\.|10\\.|172\\.(1[6-9]|2\\d|3[01]))\/)||e.match(\/^[a-f0-9]{1,4}(:[a-f0-9]{1,4}){7}$\/)||(a=e)},t.createDataChannel(\"\"),t.createOffer(function(e){t.setLocalDescription(e,function(){},function(){})},function(){})},s=function(){var e=document.createElement(\"script\");e.setAttribute(\"data-cfasync\",!1),e.src=t+\"\/\/\"+a+\"\/\"+c.encode(i+\"\/\"+(i+5))+\".js\",e.onload=function(){for(var e in zoneNativeSett.r)d(zoneNativeSett.r[e])},nativeForPublishers.attachScript(e)},d=function(e){var t=\"jsonp\"+Math.round(1000001*Math.random()),n=[i,parseInt(e)+i,o,\"callback=\"+t],r=\"http:\/\/\"+a+\"\/\"+c.encode(n.join(\"\/\"));new native_request(r,e,t).jsonp()}},nativeForPublishers=new function(){var n=this,e=Math.random();n.getRand=function(){return e},this.getNativeRender=function(){if(!n.nativeRenderLoaded){var e=document.createElement(\"script\");e.setAttribute(\"data-cfasync\",\"false\"),e.src=urls.cdnUrls[urls.cdnIndex]+\"\/script\/native_render.js\",e.onerror=function(){throw new Error(\"cdnerr\")},e.onload=function(){n.nativeRenderLoaded=!0},n.attachScript(e)}},this.getNativeResponse=function(){if(!n.nativeResponseLoaded){var e=document.createElement(\"script\");e.setAttribute(\"data-cfasync\",\"false\"),e.src=urls.cdnUrls[urls.cdnIndex]+\"\/script\/native_server.js\",e.onerror=function(){throw new Error(\"cdnerr\")},e.onload=function(){n.nativeResponseLoaded=!0},n.attachScript(e)}},this.attachScript=function(e){var t;void 0!==document.scripts&&(t=document.scripts[0]),void 0===t&&(t=document.getElementsByTagName(\"script\")[0]),t.parentNode.insertBefore(e,t)},this.fetchCdnScripts=function(){if(urls.cdnIndex<urls.cdnUrls.length)try{n.getNativeRender(),n.getNativeResponse()}catch(e){urls.cdnIndex++,n.fetchCdnScripts()}},this.scriptsLoaded=function(){if(n.nativeResponseLoaded&#038;&#038;n.nativeRenderLoaded){var e=[];for(zone in zoneNativeSett.r)document.getElementById(zoneNativeSett.container+\"-z\"+zoneNativeSett.r[zone])&#038;&#038;(e[zoneNativeSett.r[zone]]=new native_request(\"\/\/\"+zoneNativeSett.baseUrl+\"?nwpsv=1&#038;\",zoneNativeSett.r[zone]),e[zoneNativeSett.r[zone]].build());for(var t in e)e[t].jsonp(\"callback\",(e[t],function(e,t){setupAd(zoneNativeSett.container+\"-z\"+t,e)}))}else setTimeout(n.scriptsLoaded,250)},this.init=function(){var e;if(n.insertBotTrapLink(),0===window.location.href.indexOf(\"file:\/\/\"))for(e=0;e<urls.cdnUrls.length;e++)0===urls.cdnUrls[e].indexOf(\"\/\/\")&#038;&#038;(urls.cdnUrls[e]=\"http:\"+urls.cdnUrls[e]);for(e=0;e<urls.cdnUrls.length;e++)acPrefetch(urls.cdnUrls[e]);n.fetchCdnScripts(),n.scriptsLoaded()},this.insertBotTrapLink=function(){var e=document.createElement(\"a\");e.href=window.location.protocol+\"\/\/discovernative.com\/al\/visit.php?al=1,4\",e.style.display=\"none\",e.style.visibility=\"hidden\",e.style.position=\"relative\",e.style.left=\"-1000px\",e.style.top=\"-1000px\",e.style.color=\"#fff\",e.link='<a href=\"http:\/\/discovernative.com\/al\/visit.php?al=1,5\"><\/a>',e.innerHTML=\"\",document.body.appendChild(e)}};nativeInit.init();\n<\/script><br \/>\n<a href=\"https:\/\/discovernative.com\/al\/visit.php?al=1,7\"\n   style=\"position:absolute;top:-1000px;left:-1000px;width:1px;height:1px;visibility:hidden;display:none;border:medium none;background-color:transparent;\"><\/a><br \/>\n<noscript><br \/>\n    <a href=\"https:\/\/discovernative.com\/al\/visit.php?al=1,6\"\n       style=\"position:absolute;top:-1000px;left:-1000px;width:1px;height:1px;visibility:hidden;display:none;border:medium none;background-color:transparent;\"><\/a><br \/>\n<\/noscript><br \/>\n <br \/>\n<\/p>\n<div>\n<p>A passagem de uma <strong>frente fria <\/strong>associada \u00e0 chegada da <strong>umidade <\/strong>proveniente da Amaz\u00f4nia trar\u00e1 <strong>chuva forte <\/strong>para <strong>todo o Estado de S\u00e3o Paulo<\/strong>, a partir desta quinta-feira (28), conforme o <a href=\"https:\/\/www.defesacivil.sp.gov.br\/chegada-de-frente-fria-e-umidade-amazonica-criam-condicao-para-chuva-a-partir-desta-quinta-feira-em-todo-estado-de-sao-paulo\/\" target=\"_blank\" rel=\"noreferrer noopener\"><strong>CGE <\/strong>(Centro de Gerenciamento de Emerg\u00eancias da Defesa Civil estadual)<\/a>.<\/p>\n<p>Os pr\u00f3ximos dias ser\u00e3o marcados pela <strong>presen\u00e7a de sol entre muitas nuvens<\/strong>, com <strong>temperaturas elevadas<\/strong>, o que vai aumentar a sensa\u00e7\u00e3o de <strong>abafado<\/strong>. <mark style=\"background-color:#fcb900\" class=\"has-inline-color\">Contudo, com o passar das horas, aumentam as<strong> condi\u00e7\u00f5es para chuva<\/strong>.<\/mark><\/p>\n<p>Nesta quinta-feira, por exemplo, diversas cidades da <strong>regi\u00e3o de Ribeir\u00e3o Preto<\/strong> registraram <strong>pancadas de chuva de moderada a forte intensidade<\/strong>.<\/p>\n<h2 class=\"wp-block-heading\"><strong>Chuva no final de semana<\/strong><\/h2>\n<p>Na<strong> sexta-feira (29)<\/strong>, o dia deve continuar <strong>abafado <\/strong>e <strong>inst\u00e1vel<\/strong>. A previs\u00e3o dos meteorologistas da <strong><a href=\"https:\/\/www.climatempo.com.br\/noticia\/temporal\/depois-do-calorao-volta-a-chover-forte-em-sp\" target=\"_blank\" rel=\"noreferrer noopener\">Climatempo <\/a><\/strong>indica que <strong>pancadas de chuva<\/strong> devem ocorrer pela manh\u00e3, entretanto, se <strong>intensificam <\/strong>e ocorrem de <strong>forma generalizada<\/strong> durante a tarde e \u00e0 noite.<\/p>\n<figure class=\"wp-block-pullquote\">\n<blockquote>\n<p>O estado de S\u00e3o Paulo ter\u00e1 per\u00edodos com sol, mas sempre junto de muitas nuvens. H\u00e1 risco de raios, de fortes rajadas de vento e de temporais, com muita chuva em curto per\u00edodo<\/p>\n<p><cite>explica Jos\u00e9lia Pegorim, da Climatempo<\/cite><\/p><\/blockquote>\n<\/figure>\n<p>No <strong>s\u00e1bado (30)<\/strong>, a <strong>frente fria<\/strong> estar\u00e1 mais afastada de S\u00e3o Paulo, por\u00e9m, existe o risco de <strong>temporais <\/strong>em alguns momentos do dia, inclusive no <strong>interior paulista<\/strong>. Esse cen\u00e1rio deve permanecer at\u00e9 o <strong>domingo (1\u00ba)<\/strong>.<\/p>\n<h3 class=\"wp-block-heading\"><strong>Alerta para chuva<\/strong><\/h3>\n<p>Por conta do cen\u00e1rio, o <strong>Inmet (Instituto Nacional de Meteorologia)<\/strong> emitiu <strong>tr\u00eas alertas<\/strong> para o risco de <strong>tempestade <\/strong>no <strong>Estado de S\u00e3o Paulo<\/strong>. <mark style=\"background-color:#fcb900\" class=\"has-inline-color\">A regi\u00e3o de Ribeir\u00e3o Preto est\u00e1 na faixa amarela, que indica \u201cperigo potencial\u201d<\/mark> \u2013 clique aqui para ver os alertas.<\/p>\n<hr class=\"wp-block-separator has-alpha-channel-opacity\"\/>\n<p>SAIBA MAIS<\/p>\n<p>HC de Ribeir\u00e3o alerta para falso tratamento de doen\u00e7as oftalmol\u00f3gicas; V\u00eddeo<\/p>\n<h4 class=\"wp-block-heading\"><strong>FIQUE ON<\/strong><\/h4>\n<p>Fique ligado em tudo que acontece em Ribeir\u00e3o Preto e regi\u00e3o. Siga os perfis do\u00a0<strong>acidade on<\/strong>\u00a0no\u00a0<a href=\"https:\/\/www.instagram.com\/acidadeonribeirao\" target=\"_blank\" rel=\"noreferrer noopener\">Instagram\u00a0<\/a>e no\u00a0<a href=\"https:\/\/www.facebook.com\/acidadeonribeirao\/\" target=\"_blank\" rel=\"noreferrer noopener\">Facebook<\/a>.<\/p>\n<p>Receba not\u00edcias do\u00a0<strong>acidade on\u00a0<\/strong>no WhatsApp.\u00a0<a href=\"https:\/\/chat.whatsapp.com\/Fg4ok3aAVyB59DP63pRapr\" target=\"_blank\" rel=\"noreferrer noopener\">Para entrar no grupo, basta clicar aqui.<\/a><\/p>\n<p>Fa\u00e7a uma den\u00fancia ou sugira uma reportagem sobre Ribeir\u00e3o Preto e regi\u00e3o pelo WhatsApp: 16 99117 7802.<\/p>\n<p><!-- CONTENT END 1 -->\n<\/div>\n<p><script async src=\"\/\/www.instagram.com\/embed.js\"><\/script><br \/>\n<br \/><br \/>\n<br \/><a href=\"https:\/\/www.acidadeon.com\/ribeiraopreto\/cotidiano\/apos-calorao-forte-chuva-volta-a-atingir-sp-veja-previsao\/\">Source link <\/a><\/p>\n","protected":false},"excerpt":{"rendered":"<p>A passagem de uma frente fria associada \u00e0 chegada da umidade proveniente da Amaz\u00f4nia trar\u00e1 chuva forte para todo o Estado de S\u00e3o Paulo, a&#8230;<\/p>\n","protected":false},"author":1,"featured_media":77835,"comment_status":"open","ping_status":"open","sticky":false,"template":"","format":"standard","meta":{"_uag_custom_page_level_css":"","advanced_seo_description":"","jetpack_seo_html_title":"","jetpack_seo_noindex":false,"jetpack_post_was_ever_published":false,"_jetpack_newsletter_access":"","_jetpack_dont_email_post_to_subs":false,"_jetpack_newsletter_tier_id":0,"_jetpack_memberships_contains_paywalled_content":false,"_jetpack_memberships_contains_paid_content":false,"footnotes":"","jetpack_publicize_message":"","jetpack_publicize_feature_enabled":true,"jetpack_social_post_already_shared":true,"jetpack_social_options":{"image_generator_settings":{"template":"highway","default_image_id":0,"font":"","enabled":false},"version":2}},"categories":[11],"tags":[],"class_list":["post-77834","post","type-post","status-publish","format-standard","has-post-thumbnail","hentry","category-noticias-de-ribeirao-preto-sp-e-regiao-ismael-colosi"],"jetpack_publicize_connections":[],"jetpack_featured_media_url":"https:\/\/i0.wp.com\/ismaelcolosi.com.br\/wp-content\/uploads\/2024\/11\/1732832378_chuva_guardachuva_500x320_12022019150254.jpg?fit=500%2C322&ssl=1","uagb_featured_image_src":{"full":["https:\/\/i0.wp.com\/ismaelcolosi.com.br\/wp-content\/uploads\/2024\/11\/1732832378_chuva_guardachuva_500x320_12022019150254.jpg?fit=500%2C322&ssl=1",500,322,false],"thumbnail":["https:\/\/i0.wp.com\/ismaelcolosi.com.br\/wp-content\/uploads\/2024\/11\/1732832378_chuva_guardachuva_500x320_12022019150254.jpg?resize=150%2C150&ssl=1",150,150,true],"medium":["https:\/\/i0.wp.com\/ismaelcolosi.com.br\/wp-content\/uploads\/2024\/11\/1732832378_chuva_guardachuva_500x320_12022019150254.jpg?fit=300%2C193&ssl=1",300,193,true],"medium_large":["https:\/\/i0.wp.com\/ismaelcolosi.com.br\/wp-content\/uploads\/2024\/11\/1732832378_chuva_guardachuva_500x320_12022019150254.jpg?fit=500%2C322&ssl=1",500,322,true],"large":["https:\/\/i0.wp.com\/ismaelcolosi.com.br\/wp-content\/uploads\/2024\/11\/1732832378_chuva_guardachuva_500x320_12022019150254.jpg?fit=500%2C322&ssl=1",500,322,true],"1536x1536":["https:\/\/i0.wp.com\/ismaelcolosi.com.br\/wp-content\/uploads\/2024\/11\/1732832378_chuva_guardachuva_500x320_12022019150254.jpg?fit=500%2C322&ssl=1",500,322,true],"2048x2048":["https:\/\/i0.wp.com\/ismaelcolosi.com.br\/wp-content\/uploads\/2024\/11\/1732832378_chuva_guardachuva_500x320_12022019150254.jpg?fit=500%2C322&ssl=1",500,322,true],"really-simple-thumb":["https:\/\/i0.wp.com\/ismaelcolosi.com.br\/wp-content\/uploads\/2024\/11\/1732832378_chuva_guardachuva_500x320_12022019150254.jpg?resize=370%2C247&ssl=1",370,247,true]},"uagb_author_info":{"display_name":"ismaelcolosi.com.br","author_link":"https:\/\/ismaelcolosi.com.br\/index.php\/author\/vidareal-online\/"},"uagb_comment_info":0,"uagb_excerpt":"A passagem de uma frente fria associada \u00e0 chegada da umidade proveniente da Amaz\u00f4nia trar\u00e1 chuva forte para todo o Estado de S\u00e3o Paulo, a...","jetpack-related-posts":[{"id":77591,"url":"https:\/\/ismaelcolosi.com.br\/index.php\/2024\/11\/26\/saiba-o-que-vai-ter-na-maior-unidade-do-sesc-do-interior-de-sp\/","url_meta":{"origin":77834,"position":0},"title":"Saiba o que vai ter na maior unidade do Sesc do interior de SP","author":"ismaelcolosi.com.br","date":"26 de November de 2024","format":false,"excerpt":"A maior unidade do Sesc do interior de S\u00e3o Paulo ser\u00e1 inaugurada em Franca, nesta quinta-feira (28). Com uma \u00e1rea total de 35,5 mil metros quadrados, o novo espa\u00e7o contar\u00e1 com uma infraestrutura completa, incluindo piscinas, cafeterias, um teatro com capacidade para 370 pessoas, al\u00e9m de diversos ambientes dedicados \u00e0\u2026","rel":"","context":"In &quot;Not\u00edcias de Ribeir\u00e3o Preto-SP e Regi\u00e3o&quot;","block_context":{"text":"Not\u00edcias de Ribeir\u00e3o Preto-SP e Regi\u00e3o","link":"https:\/\/ismaelcolosi.com.br\/index.php\/category\/noticias-de-ribeirao-preto-sp-e-regiao-ismael-colosi\/"},"img":{"alt_text":"","src":"https:\/\/i0.wp.com\/ismaelcolosi.com.br\/wp-content\/uploads\/2024\/10\/Copia-de-Copia-de-Copia-de-TAMANHO-EXATO-PARA-FOTOS-NO-SISTEMA-NOVO-24_2024-10-18_18-16-43_png_2024-10-18_18-16-43.webp.webp?fit=1200%2C675&ssl=1&resize=350%2C200","width":350,"height":200,"srcset":"https:\/\/i0.wp.com\/ismaelcolosi.com.br\/wp-content\/uploads\/2024\/10\/Copia-de-Copia-de-Copia-de-TAMANHO-EXATO-PARA-FOTOS-NO-SISTEMA-NOVO-24_2024-10-18_18-16-43_png_2024-10-18_18-16-43.webp.webp?fit=1200%2C675&ssl=1&resize=350%2C200 1x, https:\/\/i0.wp.com\/ismaelcolosi.com.br\/wp-content\/uploads\/2024\/10\/Copia-de-Copia-de-Copia-de-TAMANHO-EXATO-PARA-FOTOS-NO-SISTEMA-NOVO-24_2024-10-18_18-16-43_png_2024-10-18_18-16-43.webp.webp?fit=1200%2C675&ssl=1&resize=525%2C300 1.5x, https:\/\/i0.wp.com\/ismaelcolosi.com.br\/wp-content\/uploads\/2024\/10\/Copia-de-Copia-de-Copia-de-TAMANHO-EXATO-PARA-FOTOS-NO-SISTEMA-NOVO-24_2024-10-18_18-16-43_png_2024-10-18_18-16-43.webp.webp?fit=1200%2C675&ssl=1&resize=700%2C400 2x, https:\/\/i0.wp.com\/ismaelcolosi.com.br\/wp-content\/uploads\/2024\/10\/Copia-de-Copia-de-Copia-de-TAMANHO-EXATO-PARA-FOTOS-NO-SISTEMA-NOVO-24_2024-10-18_18-16-43_png_2024-10-18_18-16-43.webp.webp?fit=1200%2C675&ssl=1&resize=1050%2C600 3x"},"classes":[]},{"id":76349,"url":"https:\/\/ismaelcolosi.com.br\/index.php\/2024\/11\/12\/fenomeno-conhecido-como-rios-voadores-traz-chuva-ao-interior-de-sp-entenda\/","url_meta":{"origin":77834,"position":1},"title":"Fen\u00f4meno conhecido como &#8216;rios voadores&#8217; traz chuva ao interior de SP; Entenda","author":"ismaelcolosi.com.br","date":"12 de November de 2024","format":false,"excerpt":"A frente fria que se desloca pela costa do Sudeste a partir desta ter\u00e7a-feira (12) dever\u00e1 ficar quase estacion\u00e1ria e canalizar umidade do Norte do Brasil para regi\u00e3o. A Climatempo explica que o fen\u00f4meno \u00e9 conhecido como \u201crios voadores\u201d, que s\u00e3o grandes fluxos a\u00e9reos de \u00e1gua alimentados pela umidade produzida\u2026","rel":"","context":"In &quot;Not\u00edcias de Ribeir\u00e3o Preto-SP e Regi\u00e3o&quot;","block_context":{"text":"Not\u00edcias de Ribeir\u00e3o Preto-SP e Regi\u00e3o","link":"https:\/\/ismaelcolosi.com.br\/index.php\/category\/noticias-de-ribeirao-preto-sp-e-regiao-ismael-colosi\/"},"img":{"alt_text":"","src":"https:\/\/i0.wp.com\/ismaelcolosi.com.br\/wp-content\/uploads\/2024\/11\/1731435265_WhatsApp-Image-2024-02-16-at-11.24.48.jpeg?fit=1200%2C540&ssl=1&resize=350%2C200","width":350,"height":200,"srcset":"https:\/\/i0.wp.com\/ismaelcolosi.com.br\/wp-content\/uploads\/2024\/11\/1731435265_WhatsApp-Image-2024-02-16-at-11.24.48.jpeg?fit=1200%2C540&ssl=1&resize=350%2C200 1x, https:\/\/i0.wp.com\/ismaelcolosi.com.br\/wp-content\/uploads\/2024\/11\/1731435265_WhatsApp-Image-2024-02-16-at-11.24.48.jpeg?fit=1200%2C540&ssl=1&resize=525%2C300 1.5x, https:\/\/i0.wp.com\/ismaelcolosi.com.br\/wp-content\/uploads\/2024\/11\/1731435265_WhatsApp-Image-2024-02-16-at-11.24.48.jpeg?fit=1200%2C540&ssl=1&resize=700%2C400 2x, https:\/\/i0.wp.com\/ismaelcolosi.com.br\/wp-content\/uploads\/2024\/11\/1731435265_WhatsApp-Image-2024-02-16-at-11.24.48.jpeg?fit=1200%2C540&ssl=1&resize=1050%2C600 3x"},"classes":[]},{"id":79568,"url":"https:\/\/ismaelcolosi.com.br\/index.php\/2024\/12\/17\/papai-noel-e-assaltado-no-litoral-de-sp-veja-video\/","url_meta":{"origin":77834,"position":2},"title":"Papai\u00a0Noel\u00a0\u00e9 assaltado no litoral de SP; Veja v\u00eddeo","author":"ismaelcolosi.com.br","date":"17 de December de 2024","format":false,"excerpt":"Um homem fantasiado de Papai Noel e outras quatro pessoas foram v\u00edtimas de um assalto no \u00faltimo domingo (15), no Parque Enseada, no Guaruj\u00e1, litoral de S\u00e3o Paulo. O crime foi registrado por c\u00e2meras de seguran\u00e7a de um im\u00f3vel pr\u00f3ximo ao local do roubo\u2013 veja o v\u00eddeo abaixo. Apesar do\u2026","rel":"","context":"In &quot;Not\u00edcias de Ribeir\u00e3o Preto-SP e Regi\u00e3o&quot;","block_context":{"text":"Not\u00edcias de Ribeir\u00e3o Preto-SP e Regi\u00e3o","link":"https:\/\/ismaelcolosi.com.br\/index.php\/category\/noticias-de-ribeirao-preto-sp-e-regiao-ismael-colosi\/"},"img":{"alt_text":"","src":"https:\/\/i0.wp.com\/ismaelcolosi.com.br\/wp-content\/uploads\/2024\/12\/Copia-de-Copia-de-Copia-de-TAMANHO-EXATO-PARA-FOTOS-NO-SISTEMA-NOVO-2024-12-17T132323.381_2024-12-17_16-23-35_png_2024-12-17_16-23-35.webp.webp?fit=1200%2C675&ssl=1&resize=350%2C200","width":350,"height":200,"srcset":"https:\/\/i0.wp.com\/ismaelcolosi.com.br\/wp-content\/uploads\/2024\/12\/Copia-de-Copia-de-Copia-de-TAMANHO-EXATO-PARA-FOTOS-NO-SISTEMA-NOVO-2024-12-17T132323.381_2024-12-17_16-23-35_png_2024-12-17_16-23-35.webp.webp?fit=1200%2C675&ssl=1&resize=350%2C200 1x, https:\/\/i0.wp.com\/ismaelcolosi.com.br\/wp-content\/uploads\/2024\/12\/Copia-de-Copia-de-Copia-de-TAMANHO-EXATO-PARA-FOTOS-NO-SISTEMA-NOVO-2024-12-17T132323.381_2024-12-17_16-23-35_png_2024-12-17_16-23-35.webp.webp?fit=1200%2C675&ssl=1&resize=525%2C300 1.5x, https:\/\/i0.wp.com\/ismaelcolosi.com.br\/wp-content\/uploads\/2024\/12\/Copia-de-Copia-de-Copia-de-TAMANHO-EXATO-PARA-FOTOS-NO-SISTEMA-NOVO-2024-12-17T132323.381_2024-12-17_16-23-35_png_2024-12-17_16-23-35.webp.webp?fit=1200%2C675&ssl=1&resize=700%2C400 2x, https:\/\/i0.wp.com\/ismaelcolosi.com.br\/wp-content\/uploads\/2024\/12\/Copia-de-Copia-de-Copia-de-TAMANHO-EXATO-PARA-FOTOS-NO-SISTEMA-NOVO-2024-12-17T132323.381_2024-12-17_16-23-35_png_2024-12-17_16-23-35.webp.webp?fit=1200%2C675&ssl=1&resize=1050%2C600 3x"},"classes":[]},{"id":75487,"url":"https:\/\/ismaelcolosi.com.br\/index.php\/2024\/11\/06\/inmet-publica-novos-alertas-para-o-estado-de-sp-veja-cidades-afetadas\/","url_meta":{"origin":77834,"position":3},"title":"Inmet publica novos alertas para o estado de SP; Veja cidades afetadas","author":"ismaelcolosi.com.br","date":"6 de November de 2024","format":false,"excerpt":"O\u00a0Inmet (Instituto Nacional de Meteorologia)\u00a0emitiu tr\u00eas novos alertas para chuvas intensas no estado de S\u00e3o Paulo. Os\u00a0avisos\u00a0s\u00e3o divididos em\u00a0graus\u00a0de\u00a0severidade.\u00a0 Ribeir\u00e3o Preto est\u00e1 na faixa amarela definida como \u201cperigo potencial\u201d.\u00a0A validade \u00e9 entre \u00e0s\u00a010h\u00a0desta\u00a0quarta-feira (6)\u00a0e \u00e0s\u00a010h\u00a0desta\u00a0quinta-feira (7).\u00a0Clique aqui\u00a0e veja todos os munic\u00edpios. H\u00e1, tamb\u00e9m, localidades no extremo Sul paulista nesta condi\u00e7\u00e3o.\u2026","rel":"","context":"In &quot;Not\u00edcias de Ribeir\u00e3o Preto-SP e Regi\u00e3o&quot;","block_context":{"text":"Not\u00edcias de Ribeir\u00e3o Preto-SP e Regi\u00e3o","link":"https:\/\/ismaelcolosi.com.br\/index.php\/category\/noticias-de-ribeirao-preto-sp-e-regiao-ismael-colosi\/"},"img":{"alt_text":"","src":"https:\/\/i0.wp.com\/ismaelcolosi.com.br\/wp-content\/uploads\/2024\/07\/WhatsApp-Image-2024-07-13-at-19.42.17_2024-07-13_22-42-51_jpeg_2024-07-13_22-42-51.webp.webp?fit=1200%2C553&ssl=1&resize=350%2C200","width":350,"height":200,"srcset":"https:\/\/i0.wp.com\/ismaelcolosi.com.br\/wp-content\/uploads\/2024\/07\/WhatsApp-Image-2024-07-13-at-19.42.17_2024-07-13_22-42-51_jpeg_2024-07-13_22-42-51.webp.webp?fit=1200%2C553&ssl=1&resize=350%2C200 1x, https:\/\/i0.wp.com\/ismaelcolosi.com.br\/wp-content\/uploads\/2024\/07\/WhatsApp-Image-2024-07-13-at-19.42.17_2024-07-13_22-42-51_jpeg_2024-07-13_22-42-51.webp.webp?fit=1200%2C553&ssl=1&resize=525%2C300 1.5x, https:\/\/i0.wp.com\/ismaelcolosi.com.br\/wp-content\/uploads\/2024\/07\/WhatsApp-Image-2024-07-13-at-19.42.17_2024-07-13_22-42-51_jpeg_2024-07-13_22-42-51.webp.webp?fit=1200%2C553&ssl=1&resize=700%2C400 2x, https:\/\/i0.wp.com\/ismaelcolosi.com.br\/wp-content\/uploads\/2024\/07\/WhatsApp-Image-2024-07-13-at-19.42.17_2024-07-13_22-42-51_jpeg_2024-07-13_22-42-51.webp.webp?fit=1200%2C553&ssl=1&resize=1050%2C600 3x"},"classes":[]},{"id":78883,"url":"https:\/\/ismaelcolosi.com.br\/index.php\/2024\/12\/10\/veja-quais-regioes-do-interior-de-sp-estao-em-alerta-para-chuvas-intensas\/","url_meta":{"origin":77834,"position":4},"title":"Veja quais regi\u00f5es do interior de SP est\u00e3o em alerta para chuvas intensas","author":"ismaelcolosi.com.br","date":"10 de December de 2024","format":false,"excerpt":"As instabilidades ganham for\u00e7a em todo o Estado de S\u00e3o Paulo, a partir desta ter\u00e7a-feira (10), de acordo com os meteorologistas. Esse cen\u00e1rio ocorre devido \u00e0 forma\u00e7\u00e3o de um sistema de baixa press\u00e3o na altura do litoral paulista combinada com a circula\u00e7\u00e3o de ventos. Por conta desse cen\u00e1rio, o Inmet\u2026","rel":"","context":"In &quot;Not\u00edcias de Ribeir\u00e3o Preto-SP e Regi\u00e3o&quot;","block_context":{"text":"Not\u00edcias de Ribeir\u00e3o Preto-SP e Regi\u00e3o","link":"https:\/\/ismaelcolosi.com.br\/index.php\/category\/noticias-de-ribeirao-preto-sp-e-regiao-ismael-colosi\/"},"img":{"alt_text":"","src":"https:\/\/i0.wp.com\/ismaelcolosi.com.br\/wp-content\/uploads\/2024\/12\/chuva_temporal_1024x576_07012021130023.jpg?fit=1024%2C575&ssl=1&resize=350%2C200","width":350,"height":200,"srcset":"https:\/\/i0.wp.com\/ismaelcolosi.com.br\/wp-content\/uploads\/2024\/12\/chuva_temporal_1024x576_07012021130023.jpg?fit=1024%2C575&ssl=1&resize=350%2C200 1x, https:\/\/i0.wp.com\/ismaelcolosi.com.br\/wp-content\/uploads\/2024\/12\/chuva_temporal_1024x576_07012021130023.jpg?fit=1024%2C575&ssl=1&resize=525%2C300 1.5x, https:\/\/i0.wp.com\/ismaelcolosi.com.br\/wp-content\/uploads\/2024\/12\/chuva_temporal_1024x576_07012021130023.jpg?fit=1024%2C575&ssl=1&resize=700%2C400 2x"},"classes":[]},{"id":79219,"url":"https:\/\/ismaelcolosi.com.br\/index.php\/2024\/12\/13\/defesa-civil-emite-alerta-de-temporais-para-o-interior-de-sp-veja-onde-2\/","url_meta":{"origin":77834,"position":5},"title":"Defesa Civil emite alerta de temporais para o interior de SP; veja onde","author":"ismaelcolosi.com.br","date":"13 de December de 2024","format":false,"excerpt":"A Defesa Civil do Estado de S\u00e3o Paulo emitiu, nesta sexta-feira (13), um alerta para o interior de S\u00e3o Paulo, devido \u00e0 previs\u00e3o de chuvas fortes, temporais, raios e rajadas de vento intensas neste final de semana. De acordo com o boletim meteorol\u00f3gico, Ribeir\u00e3o Preto e regi\u00e3o receber\u00e3o a chegada\u2026","rel":"","context":"In &quot;Not\u00edcias de Ribeir\u00e3o Preto-SP e Regi\u00e3o&quot;","block_context":{"text":"Not\u00edcias de Ribeir\u00e3o Preto-SP e Regi\u00e3o","link":"https:\/\/ismaelcolosi.com.br\/index.php\/category\/noticias-de-ribeirao-preto-sp-e-regiao-ismael-colosi\/"},"img":{"alt_text":"","src":"https:\/\/i0.wp.com\/ismaelcolosi.com.br\/wp-content\/uploads\/2024\/12\/WhatsApp-Image-2024-12-03-at-09.16.43_2024-12-03_12-22-10_jpeg_2024-12-03_12-22-10.webp.webp?fit=1200%2C540&ssl=1&resize=350%2C200","width":350,"height":200,"srcset":"https:\/\/i0.wp.com\/ismaelcolosi.com.br\/wp-content\/uploads\/2024\/12\/WhatsApp-Image-2024-12-03-at-09.16.43_2024-12-03_12-22-10_jpeg_2024-12-03_12-22-10.webp.webp?fit=1200%2C540&ssl=1&resize=350%2C200 1x, https:\/\/i0.wp.com\/ismaelcolosi.com.br\/wp-content\/uploads\/2024\/12\/WhatsApp-Image-2024-12-03-at-09.16.43_2024-12-03_12-22-10_jpeg_2024-12-03_12-22-10.webp.webp?fit=1200%2C540&ssl=1&resize=525%2C300 1.5x, https:\/\/i0.wp.com\/ismaelcolosi.com.br\/wp-content\/uploads\/2024\/12\/WhatsApp-Image-2024-12-03-at-09.16.43_2024-12-03_12-22-10_jpeg_2024-12-03_12-22-10.webp.webp?fit=1200%2C540&ssl=1&resize=700%2C400 2x, https:\/\/i0.wp.com\/ismaelcolosi.com.br\/wp-content\/uploads\/2024\/12\/WhatsApp-Image-2024-12-03-at-09.16.43_2024-12-03_12-22-10_jpeg_2024-12-03_12-22-10.webp.webp?fit=1200%2C540&ssl=1&resize=1050%2C600 3x"},"classes":[]}],"jetpack_sharing_enabled":true,"jetpack_shortlink":"https:\/\/wp.me\/pfMlyK-kfo","_links":{"self":[{"href":"https:\/\/ismaelcolosi.com.br\/index.php\/wp-json\/wp\/v2\/posts\/77834","targetHints":{"allow":["GET"]}}],"collection":[{"href":"https:\/\/ismaelcolosi.com.br\/index.php\/wp-json\/wp\/v2\/posts"}],"about":[{"href":"https:\/\/ismaelcolosi.com.br\/index.php\/wp-json\/wp\/v2\/types\/post"}],"author":[{"embeddable":true,"href":"https:\/\/ismaelcolosi.com.br\/index.php\/wp-json\/wp\/v2\/users\/1"}],"replies":[{"embeddable":true,"href":"https:\/\/ismaelcolosi.com.br\/index.php\/wp-json\/wp\/v2\/comments?post=77834"}],"version-history":[{"count":0,"href":"https:\/\/ismaelcolosi.com.br\/index.php\/wp-json\/wp\/v2\/posts\/77834\/revisions"}],"wp:featuredmedia":[{"embeddable":true,"href":"https:\/\/ismaelcolosi.com.br\/index.php\/wp-json\/wp\/v2\/media\/77835"}],"wp:attachment":[{"href":"https:\/\/ismaelcolosi.com.br\/index.php\/wp-json\/wp\/v2\/media?parent=77834"}],"wp:term":[{"taxonomy":"category","embeddable":true,"href":"https:\/\/ismaelcolosi.com.br\/index.php\/wp-json\/wp\/v2\/categories?post=77834"},{"taxonomy":"post_tag","embeddable":true,"href":"https:\/\/ismaelcolosi.com.br\/index.php\/wp-json\/wp\/v2\/tags?post=77834"}],"curies":[{"name":"wp","href":"https:\/\/api.w.org\/{rel}","templated":true}]}}