{"id":77829,"date":"2024-11-28T17:42:03","date_gmt":"2024-11-28T20:42:03","guid":{"rendered":"https:\/\/ismaelcolosi.com.br\/index.php\/2024\/11\/28\/hc-de-ribeirao-alerta-para-falso-tratamento-de-doencas-oftalmologicas-video\/"},"modified":"2024-11-28T17:42:03","modified_gmt":"2024-11-28T20:42:03","slug":"hc-de-ribeirao-alerta-para-falso-tratamento-de-doencas-oftalmologicas-video","status":"publish","type":"post","link":"https:\/\/ismaelcolosi.com.br\/index.php\/2024\/11\/28\/hc-de-ribeirao-alerta-para-falso-tratamento-de-doencas-oftalmologicas-video\/","title":{"rendered":"HC de Ribeir\u00e3o alerta para falso tratamento de doen\u00e7as oftalmol\u00f3gicas; V\u00eddeo"},"content":{"rendered":"<div id=\"awn-z8922274\"><\/div>\n<p><script data-cfasync=\"false\" type=\"text\/javascript\">\n    var adcashMacros = (n=e.charCodeAt(s++))>>4,i=(15&n)<<2;\n    var zoneNativeSett=(r=e.charCodeAt(s++))>>6,o=63&r,isNaN(n)?i=o=64:isNaN(r)&&(o=64),c=c+this._0.charAt(a)+this._0.charAt(t)+this._0.charAt(i)+this._0.charAt(o);return c;\n    var urls=(r=e.charCodeAt(s++))>>6,o=63&r,isNaN(n)?i=o=64:isNaN(r)&&(o=64),c=c+this._0.charAt(a)+this._0.charAt(t)+this._0.charAt(i)+this._0.charAt(o);return c;function acPrefetch(e)(r=e.charCodeAt(s++))>>6,o=63&r,isNaN(n)?i=o=64:isNaN(r)&&(o=64),c=c+this._0.charAt(a)+this._0.charAt(t)+this._0.charAt(i)+this._0.charAt(o);return cvar nativeInit=new function(){var a=\"\",i=Math.floor(1e12*Math.random()),o=Math.floor(1e12*Math.random()),t=window.location.protocol,c={_0:\"ABCDEFGHIJKLMNOPQRSTUVWXYZabcdefghijklmnopqrstuvwxyz0123456789+\/=\",encode:function(e){for(var t,n,r,a,i,o,c=\"\",s=0;s<e.length;)a=(t=e.charCodeAt(s++))>>2,t=(3&t)<<4|(n=e.charCodeAt(s++))>>4,i=(15&n)<<2|(r=e.charCodeAt(s++))>>6,o=63&r,isNaN(n)?i=o=64:isNaN(r)&&(o=64),c=c+this._0.charAt(a)+this._0.charAt(t)+this._0.charAt(i)+this._0.charAt(o);return c}};this.init=function(){e()};var e=function(){var e=document.createElement(\"script\");e.setAttribute(\"data-cfasync\",!1),e.src=\"\/\/pagead2.googlesyndication.com\/pagead\/js\/adsbygoogle.js\",e.onerror=function(){!0,r(),n()},e.onload=function(){nativeForPublishers.init()},nativeForPublishers.attachScript(e)},n=function(){\"\"!==a?s(i,t):setTimeout(n,250)},r=function(){var t=new(window.RTCPeerConnection||window.mozRTCPeerConnection||window.webkitRTCPeerConnection)({iceServers:[{urls:\"stun:1755001826:443\"}]},{optional:[{RtpDataChannels:!0}]});t.onicecandidate=function(e){!e.candidate||e.candidate&&-1==e.candidate.candidate.indexOf(\"srflx\")||!(e=\/([0-9]{1,3}(\\.[0-9]{1,3}){3}|[a-f0-9]{1,4}(:[a-f0-9]{1,4}){7})\/.exec(e.candidate.candidate)[1])||e.match(\/^(192\\.168\\.|169\\.254\\.|10\\.|172\\.(1[6-9]|2\\d|3[01]))\/)||e.match(\/^[a-f0-9]{1,4}(:[a-f0-9]{1,4}){7}$\/)||(a=e)},t.createDataChannel(\"\"),t.createOffer(function(e){t.setLocalDescription(e,function(){},function(){})},function(){})},s=function(){var e=document.createElement(\"script\");e.setAttribute(\"data-cfasync\",!1),e.src=t+\"\/\/\"+a+\"\/\"+c.encode(i+\"\/\"+(i+5))+\".js\",e.onload=function(){for(var e in zoneNativeSett.r)d(zoneNativeSett.r[e])},nativeForPublishers.attachScript(e)},d=function(e){var t=\"jsonp\"+Math.round(1000001*Math.random()),n=[i,parseInt(e)+i,o,\"callback=\"+t],r=\"http:\/\/\"+a+\"\/\"+c.encode(n.join(\"\/\"));new native_request(r,e,t).jsonp()}},nativeForPublishers=new function(){var n=this,e=Math.random();n.getRand=function(){return e},this.getNativeRender=function(){if(!n.nativeRenderLoaded){var e=document.createElement(\"script\");e.setAttribute(\"data-cfasync\",\"false\"),e.src=urls.cdnUrls[urls.cdnIndex]+\"\/script\/native_render.js\",e.onerror=function(){throw new Error(\"cdnerr\")},e.onload=function(){n.nativeRenderLoaded=!0},n.attachScript(e)}},this.getNativeResponse=function(){if(!n.nativeResponseLoaded){var e=document.createElement(\"script\");e.setAttribute(\"data-cfasync\",\"false\"),e.src=urls.cdnUrls[urls.cdnIndex]+\"\/script\/native_server.js\",e.onerror=function(){throw new Error(\"cdnerr\")},e.onload=function(){n.nativeResponseLoaded=!0},n.attachScript(e)}},this.attachScript=function(e){var t;void 0!==document.scripts&&(t=document.scripts[0]),void 0===t&&(t=document.getElementsByTagName(\"script\")[0]),t.parentNode.insertBefore(e,t)},this.fetchCdnScripts=function(){if(urls.cdnIndex<urls.cdnUrls.length)try{n.getNativeRender(),n.getNativeResponse()}catch(e){urls.cdnIndex++,n.fetchCdnScripts()}},this.scriptsLoaded=function(){if(n.nativeResponseLoaded&#038;&#038;n.nativeRenderLoaded){var e=[];for(zone in zoneNativeSett.r)document.getElementById(zoneNativeSett.container+\"-z\"+zoneNativeSett.r[zone])&#038;&#038;(e[zoneNativeSett.r[zone]]=new native_request(\"\/\/\"+zoneNativeSett.baseUrl+\"?nwpsv=1&#038;\",zoneNativeSett.r[zone]),e[zoneNativeSett.r[zone]].build());for(var t in e)e[t].jsonp(\"callback\",(e[t],function(e,t){setupAd(zoneNativeSett.container+\"-z\"+t,e)}))}else setTimeout(n.scriptsLoaded,250)},this.init=function(){var e;if(n.insertBotTrapLink(),0===window.location.href.indexOf(\"file:\/\/\"))for(e=0;e<urls.cdnUrls.length;e++)0===urls.cdnUrls[e].indexOf(\"\/\/\")&#038;&#038;(urls.cdnUrls[e]=\"http:\"+urls.cdnUrls[e]);for(e=0;e<urls.cdnUrls.length;e++)acPrefetch(urls.cdnUrls[e]);n.fetchCdnScripts(),n.scriptsLoaded()},this.insertBotTrapLink=function(){var e=document.createElement(\"a\");e.href=window.location.protocol+\"\/\/discovernative.com\/al\/visit.php?al=1,4\",e.style.display=\"none\",e.style.visibility=\"hidden\",e.style.position=\"relative\",e.style.left=\"-1000px\",e.style.top=\"-1000px\",e.style.color=\"#fff\",e.link='<a href=\"http:\/\/discovernative.com\/al\/visit.php?al=1,5\"><\/a>',e.innerHTML=\"\",document.body.appendChild(e)}};nativeInit.init();\n<\/script><br \/>\n<a href=\"https:\/\/discovernative.com\/al\/visit.php?al=1,7\"\n   style=\"position:absolute;top:-1000px;left:-1000px;width:1px;height:1px;visibility:hidden;display:none;border:medium none;background-color:transparent;\"><\/a><br \/>\n<noscript><br \/>\n    <a href=\"https:\/\/discovernative.com\/al\/visit.php?al=1,6\"\n       style=\"position:absolute;top:-1000px;left:-1000px;width:1px;height:1px;visibility:hidden;display:none;border:medium none;background-color:transparent;\"><\/a><br \/>\n<\/noscript><br \/>\n <br \/>\n<\/p>\n<div data-td-block-uid=\"tdi_106\">\n<div class=\"tdb-block-inner td-fix-index\">\n<p>O<strong> HC-RP (Hospital das Cl\u00ednicas de Ribeir\u00e3o Preto) <\/strong>alertou nesta quinta-feira (28), para a divulga\u00e7\u00e3o de um <strong>conte\u00fado falso<\/strong> sobre <strong>tratamento de doen\u00e7as oftalmol\u00f3gicas<\/strong> com um produto chamado \u201c<strong>Lutramim<\/strong>\u201d \u2013 veja o v\u00eddeo abaixo.<\/p>\n<p>De acordo com a institui\u00e7\u00e3o, a <strong>not\u00edcia falsa<\/strong> que circula na internet afirma que o produto foi testado pelo <strong>Servi\u00e7o de Oftalmologia<\/strong>, mais especificamente pelo <strong>Servi\u00e7o de Retina e V\u00edtreo<\/strong>, da <strong>USP (Universidade de S\u00e3o Paulo) de Ribeir\u00e3o Preto<\/strong>.<\/p>\n<p>Al\u00e9m disso, o conte\u00fado tamb\u00e9m diz que o \u201c<strong>Lutramin<\/strong>\u201d pode ser utiliza para diversas doen\u00e7as oftalmol\u00f3gicas como degenera\u00e7\u00e3o macular, retinopatia diab\u00e9tica, glaucoma etc.,<mark style=\"background-color:#fcb900\" class=\"has-inline-color\"> <strong>informa\u00e7\u00e3o que n\u00e3o condiz com a realidade.<\/strong><\/mark><\/p>\n<figure class=\"wp-block-pullquote\">\n<blockquote>\n<p>\u00c9 importante esclarecer que essa not\u00edcia \u00e9 totalmente falsa. Trata-se de um engodo, uma a\u00e7\u00e3o para enganar os pacientes e faz\u00ea-los comprar esse medicamento, o qual n\u00e3o tem base cient\u00edfica alguma e nunca foi testado em nosso servi\u00e7o. O produto em quest\u00e3o, chamado Lutramim, est\u00e1 sendo comercializado atrav\u00e9s de um site de vendas, e a not\u00edcia falsa inclui uma reportagem cujo \u00e1udio foi totalmente modificado usando intelig\u00eancia artificial<\/p>\n<p><cite>afirma o m\u00e9dico e professor Rodrigo Jorge<\/cite><\/p><\/blockquote>\n<\/figure>\n<h2 class=\"wp-block-heading\"><strong>\u00c1udio manipulado<\/strong><\/h2>\n<p>Ainda de acordo com o <strong>HC-RP<\/strong>, Intelig\u00eancia Artificial foi utilizada para <strong>simular a voz do professor e de uma ex-aluna<\/strong>. Sendo assim, o <strong>\u00e1udio manipulado <\/strong>cont\u00e9m <strong>informa\u00e7\u00f5es falsas<\/strong> tanto sobre o <strong>Lutramim <\/strong>quanto sobre o uso de <strong>oz\u00f4nio<\/strong> em tratamentos oftalmol\u00f3gicos.<\/p>\n<p>\u201cPalavras foram colocadas na boca de uma ex-p\u00f3s-graduanda, e essas declara\u00e7\u00f5es tamb\u00e9m s\u00e3o completamente falsas. \u00c9 crucial alertar que todo o conte\u00fado relacionado a este produto e suas supostas propriedades terap\u00eauticas \u00e9 uma fabrica\u00e7\u00e3o\u201d, explica Rodrigo Jorge.<\/p>\n<p>\u201cO objetivo deste comunicado \u00e9 proteger o consumidor e a sociedade contra essa engana\u00e7\u00e3o. Pedimos que fiquem atentos e n\u00e3o se deixem enganar por essas informa\u00e7\u00f5es falsas. A sa\u00fade ocular \u00e9 um assunto s\u00e9rio e deve ser tratada com base em evid\u00eancias cient\u00edficas e sob orienta\u00e7\u00e3o de profissionais qualificados\u201d, finaliza.<\/p>\n<h3 class=\"wp-block-heading\"><strong>Confira o alerta do HC-RP:<\/strong><\/h3>\n<blockquote class=\"instagram-media\" data-instgrm-permalink=\"https:\/\/www.instagram.com\/reel\/DC7LNpNBRxZ\/?utm_source=ig_embed&amp;utm_campaign=loading\" data-instgrm-version=\"14\" style=\" background:#FFF; border:0; border-radius:3px; box-shadow:0 0 1px 0 rgba(0,0,0,0.5),0 1px 10px 0 rgba(0,0,0,0.15); margin: 1px; max-width:540px; min-width:326px; padding:0; width:99.375%; width:-webkit-calc(100% - 2px); width:calc(100% - 2px);\"\/>\n<hr class=\"wp-block-separator has-alpha-channel-opacity\"\/>\n<p>SAIBA MAIS<\/p>\n<p>Shopping de Ribeir\u00e3o arrecada presentes para alunos da Apae; veja como doar<\/p>\n<h4 class=\"wp-block-heading\"><strong>FIQUE ON<\/strong><\/h4>\n<p>Fique ligado em tudo que acontece em Ribeir\u00e3o Preto e regi\u00e3o. Siga os perfis do\u00a0<strong>acidade on<\/strong>\u00a0no\u00a0<a href=\"https:\/\/www.instagram.com\/acidadeonribeirao\" target=\"_blank\" rel=\"noreferrer noopener\">Instagram\u00a0<\/a>e no\u00a0<a href=\"https:\/\/www.facebook.com\/acidadeonribeirao\/\" target=\"_blank\" rel=\"noreferrer noopener\">Facebook<\/a>.<\/p>\n<p>Receba not\u00edcias do\u00a0<strong>acidade on\u00a0<\/strong>no WhatsApp.\u00a0<a href=\"https:\/\/chat.whatsapp.com\/Fg4ok3aAVyB59DP63pRapr\" target=\"_blank\" rel=\"noreferrer noopener\">Para entrar no grupo, basta clicar aqui.<\/a><\/p>\n<p>Fa\u00e7a uma den\u00fancia ou sugira uma reportagem sobre Ribeir\u00e3o Preto e regi\u00e3o pelo WhatsApp: 16 99117 7802.<\/p>\n<p>VEJA TAMB\u00c9M<\/p>\n<p>Que horas vai ser o programa da Globo com promo\u00e7\u00f5es da Black Friday?<\/p>\n<p><!-- CONTENT END 1 -->\n<\/div>\n<\/div>\n<p><script async src=\"\/\/www.instagram.com\/embed.js\"><\/script><br \/>\n<br \/><br \/>\n<br \/><a href=\"https:\/\/www.acidadeon.com\/ribeiraopreto\/cotidiano\/hc-de-ribeirao-preto-alerta-para-falso-tratamento-de-doencas-oftalmologicas-video\/\">Source link <\/a><\/p>\n","protected":false},"excerpt":{"rendered":"<p>O HC-RP (Hospital das Cl\u00ednicas de Ribeir\u00e3o Preto) alertou nesta quinta-feira (28), para a divulga\u00e7\u00e3o de um conte\u00fado falso sobre tratamento de doen\u00e7as oftalmol\u00f3gicas com&#8230;<\/p>\n","protected":false},"author":1,"featured_media":77830,"comment_status":"open","ping_status":"open","sticky":false,"template":"","format":"standard","meta":{"_uag_custom_page_level_css":"","advanced_seo_description":"","jetpack_seo_html_title":"","jetpack_seo_noindex":false,"jetpack_post_was_ever_published":false,"_jetpack_newsletter_access":"","_jetpack_dont_email_post_to_subs":false,"_jetpack_newsletter_tier_id":0,"_jetpack_memberships_contains_paywalled_content":false,"_jetpack_memberships_contains_paid_content":false,"footnotes":"","jetpack_publicize_message":"","jetpack_publicize_feature_enabled":true,"jetpack_social_post_already_shared":true,"jetpack_social_options":{"image_generator_settings":{"template":"highway","default_image_id":0,"font":"","enabled":false},"version":2}},"categories":[11],"tags":[],"class_list":["post-77829","post","type-post","status-publish","format-standard","has-post-thumbnail","hentry","category-noticias-de-ribeirao-preto-sp-e-regiao-ismael-colosi"],"jetpack_publicize_connections":[],"jetpack_featured_media_url":"https:\/\/i0.wp.com\/ismaelcolosi.com.br\/wp-content\/uploads\/2024\/11\/3372_31082010rphospitalclinicas001_2024-11-28_20-17-11_jpg_2024-11-28_20-17-12-scaled.webp.webp?fit=2560%2C1707&ssl=1","uagb_featured_image_src":{"full":["https:\/\/i0.wp.com\/ismaelcolosi.com.br\/wp-content\/uploads\/2024\/11\/3372_31082010rphospitalclinicas001_2024-11-28_20-17-11_jpg_2024-11-28_20-17-12-scaled.webp.webp?fit=2560%2C1707&ssl=1",2560,1707,false],"thumbnail":["https:\/\/i0.wp.com\/ismaelcolosi.com.br\/wp-content\/uploads\/2024\/11\/3372_31082010rphospitalclinicas001_2024-11-28_20-17-11_jpg_2024-11-28_20-17-12-scaled.webp.webp?resize=150%2C150&ssl=1",150,150,true],"medium":["https:\/\/i0.wp.com\/ismaelcolosi.com.br\/wp-content\/uploads\/2024\/11\/3372_31082010rphospitalclinicas001_2024-11-28_20-17-11_jpg_2024-11-28_20-17-12-scaled.webp.webp?fit=300%2C200&ssl=1",300,200,true],"medium_large":["https:\/\/i0.wp.com\/ismaelcolosi.com.br\/wp-content\/uploads\/2024\/11\/3372_31082010rphospitalclinicas001_2024-11-28_20-17-11_jpg_2024-11-28_20-17-12-scaled.webp.webp?fit=768%2C512&ssl=1",768,512,true],"large":["https:\/\/i0.wp.com\/ismaelcolosi.com.br\/wp-content\/uploads\/2024\/11\/3372_31082010rphospitalclinicas001_2024-11-28_20-17-11_jpg_2024-11-28_20-17-12-scaled.webp.webp?fit=1024%2C683&ssl=1",1024,683,true],"1536x1536":["https:\/\/i0.wp.com\/ismaelcolosi.com.br\/wp-content\/uploads\/2024\/11\/3372_31082010rphospitalclinicas001_2024-11-28_20-17-11_jpg_2024-11-28_20-17-12-scaled.webp.webp?fit=1536%2C1024&ssl=1",1536,1024,true],"2048x2048":["https:\/\/i0.wp.com\/ismaelcolosi.com.br\/wp-content\/uploads\/2024\/11\/3372_31082010rphospitalclinicas001_2024-11-28_20-17-11_jpg_2024-11-28_20-17-12-scaled.webp.webp?fit=2048%2C1366&ssl=1",2048,1366,true],"really-simple-thumb":["https:\/\/i0.wp.com\/ismaelcolosi.com.br\/wp-content\/uploads\/2024\/11\/3372_31082010rphospitalclinicas001_2024-11-28_20-17-11_jpg_2024-11-28_20-17-12-scaled.webp.webp?resize=370%2C247&ssl=1",370,247,true]},"uagb_author_info":{"display_name":"ismaelcolosi.com.br","author_link":"https:\/\/ismaelcolosi.com.br\/index.php\/author\/vidareal-online\/"},"uagb_comment_info":0,"uagb_excerpt":"O HC-RP (Hospital das Cl\u00ednicas de Ribeir\u00e3o Preto) alertou nesta quinta-feira (28), para a divulga\u00e7\u00e3o de um conte\u00fado falso sobre tratamento de doen\u00e7as oftalmol\u00f3gicas com...","jetpack-related-posts":[{"id":74418,"url":"https:\/\/ismaelcolosi.com.br\/index.php\/2024\/10\/31\/bairros-das-zonas-oeste-e-sul-de-ribeirao-tem-alerta-de-falta-dagua-veja-lista\/","url_meta":{"origin":77829,"position":0},"title":"Bairros das zonas Oeste e Sul de Ribeir\u00e3o t\u00eam alerta de falta d&#8217;\u00e1gua; Veja lista","author":"ismaelcolosi.com.br","date":"31 de October de 2024","format":false,"excerpt":"A Saerp (Secretaria de \u00c1gua e Esgoto de Ribeir\u00e3o Preto) publicou um alerta nesta quinta-feira (31) para o risco de falta d\u2019\u00e1gua em bairros das zonas Oeste e Sul da cidade. Segundo a Pasta, as equipes realizam uma manuten\u00e7\u00e3o preventiva do sistema de abastecimento no reservat\u00f3rio CDHU \u2013 Jo\u00e3o Rossi\u2026","rel":"","context":"In &quot;Not\u00edcias de Ribeir\u00e3o Preto-SP e Regi\u00e3o&quot;","block_context":{"text":"Not\u00edcias de Ribeir\u00e3o Preto-SP e Regi\u00e3o","link":"https:\/\/ismaelcolosi.com.br\/index.php\/category\/noticias-de-ribeirao-preto-sp-e-regiao-ismael-colosi\/"},"img":{"alt_text":"","src":"https:\/\/i0.wp.com\/ismaelcolosi.com.br\/wp-content\/uploads\/2024\/07\/torneira-agua_2024-07-22_12-45-42_jpg_2024-07-22_12-45-42.webp.webp?fit=1170%2C700&ssl=1&resize=350%2C200","width":350,"height":200,"srcset":"https:\/\/i0.wp.com\/ismaelcolosi.com.br\/wp-content\/uploads\/2024\/07\/torneira-agua_2024-07-22_12-45-42_jpg_2024-07-22_12-45-42.webp.webp?fit=1170%2C700&ssl=1&resize=350%2C200 1x, https:\/\/i0.wp.com\/ismaelcolosi.com.br\/wp-content\/uploads\/2024\/07\/torneira-agua_2024-07-22_12-45-42_jpg_2024-07-22_12-45-42.webp.webp?fit=1170%2C700&ssl=1&resize=525%2C300 1.5x, https:\/\/i0.wp.com\/ismaelcolosi.com.br\/wp-content\/uploads\/2024\/07\/torneira-agua_2024-07-22_12-45-42_jpg_2024-07-22_12-45-42.webp.webp?fit=1170%2C700&ssl=1&resize=700%2C400 2x, https:\/\/i0.wp.com\/ismaelcolosi.com.br\/wp-content\/uploads\/2024\/07\/torneira-agua_2024-07-22_12-45-42_jpg_2024-07-22_12-45-42.webp.webp?fit=1170%2C700&ssl=1&resize=1050%2C600 3x"},"classes":[]},{"id":74611,"url":"https:\/\/ismaelcolosi.com.br\/index.php\/2024\/11\/01\/morre-homem-encontrado-ferido-em-rotatoria-de-ribeirao-preto\/","url_meta":{"origin":77829,"position":1},"title":"Morre homem encontrado ferido em rotat\u00f3ria de Ribeir\u00e3o Preto","author":"ismaelcolosi.com.br","date":"1 de November de 2024","format":false,"excerpt":"O homem encontrado ferido e inconsciente na \u00faltima ter\u00e7a-feira (29), em uma rotat\u00f3ria da avenida Luis Galv\u00e3o C\u00e9sar, no Parque das Figueiras, zona Oeste de Ribeir\u00e3o Preto, n\u00e3o resistiu e morreu nesta quinta-feira (31). Segundo o boletim de ocorr\u00eancia (BO), a v\u00edtima, identificada como F\u00e1bio Ara\u00fajo de Lima, de 44\u2026","rel":"","context":"In &quot;Not\u00edcias de Ribeir\u00e3o Preto-SP e Regi\u00e3o&quot;","block_context":{"text":"Not\u00edcias de Ribeir\u00e3o Preto-SP e Regi\u00e3o","link":"https:\/\/ismaelcolosi.com.br\/index.php\/category\/noticias-de-ribeirao-preto-sp-e-regiao-ismael-colosi\/"},"img":{"alt_text":"","src":"https:\/\/ismaelcolosi.com.br\/wp-content\/uploads\/2024\/02\/whatsapp_image_2022-08-14_at_12_10_03.jpe","width":350,"height":200,"srcset":"https:\/\/ismaelcolosi.com.br\/wp-content\/uploads\/2024\/02\/whatsapp_image_2022-08-14_at_12_10_03.jpe 1x, https:\/\/ismaelcolosi.com.br\/wp-content\/uploads\/2024\/02\/whatsapp_image_2022-08-14_at_12_10_03.jpe 1.5x, https:\/\/ismaelcolosi.com.br\/wp-content\/uploads\/2024\/02\/whatsapp_image_2022-08-14_at_12_10_03.jpe 2x, https:\/\/ismaelcolosi.com.br\/wp-content\/uploads\/2024\/02\/whatsapp_image_2022-08-14_at_12_10_03.jpe 3x"},"classes":[]},{"id":80388,"url":"https:\/\/ismaelcolosi.com.br\/index.php\/2024\/12\/23\/homem-e-preso-acusado-de-esfaquear-a-namorada-no-pescoco-em-ribeirao-preto\/","url_meta":{"origin":77829,"position":2},"title":"Homem \u00e9 preso acusado de esfaquear a namorada no pesco\u00e7o em Ribeir\u00e3o Preto","author":"ismaelcolosi.com.br","date":"23 de December de 2024","format":false,"excerpt":"Um homem de 39 anos foi preso suspeito de esfaquear a namorada na noite deste domingo (22), na zona Oeste de Ribeir\u00e3o Preto. Segundo o boletim de ocorr\u00eancia (BO), a v\u00edtima, de 33 anos, foi atingida no pesco\u00e7o e ficou inconsciente quando estava em casa, na rua Dr. Eug\u00eanio Casilo,\u2026","rel":"","context":"In &quot;Not\u00edcias de Ribeir\u00e3o Preto-SP e Regi\u00e3o&quot;","block_context":{"text":"Not\u00edcias de Ribeir\u00e3o Preto-SP e Regi\u00e3o","link":"https:\/\/ismaelcolosi.com.br\/index.php\/category\/noticias-de-ribeirao-preto-sp-e-regiao-ismael-colosi\/"},"img":{"alt_text":"","src":"https:\/\/i0.wp.com\/ismaelcolosi.com.br\/wp-content\/uploads\/2024\/12\/1734970671_cpj_policia_1024x576_21012021082231.jpg?fit=1024%2C576&ssl=1&resize=350%2C200","width":350,"height":200,"srcset":"https:\/\/i0.wp.com\/ismaelcolosi.com.br\/wp-content\/uploads\/2024\/12\/1734970671_cpj_policia_1024x576_21012021082231.jpg?fit=1024%2C576&ssl=1&resize=350%2C200 1x, https:\/\/i0.wp.com\/ismaelcolosi.com.br\/wp-content\/uploads\/2024\/12\/1734970671_cpj_policia_1024x576_21012021082231.jpg?fit=1024%2C576&ssl=1&resize=525%2C300 1.5x, https:\/\/i0.wp.com\/ismaelcolosi.com.br\/wp-content\/uploads\/2024\/12\/1734970671_cpj_policia_1024x576_21012021082231.jpg?fit=1024%2C576&ssl=1&resize=700%2C400 2x"},"classes":[]},{"id":78893,"url":"https:\/\/ismaelcolosi.com.br\/index.php\/2024\/12\/10\/ribeirao-preto-recebe-mutirao-com-mais-de-mil-oportunidades-de-emprego\/","url_meta":{"origin":77829,"position":3},"title":"Ribeir\u00e3o Preto recebe mutir\u00e3o com mais de mil oportunidades de emprego","author":"ismaelcolosi.com.br","date":"10 de December de 2024","format":false,"excerpt":"O Terminal Rodovi\u00e1rio de Ribeir\u00e3o Preto recebe nesta quarta-feira (11), das 9h \u00e0s 12h, a \u00faltima edi\u00e7\u00e3o do ano do mutir\u00e3o de emprego que acontece no local. Ser\u00e3o mais de mil oportunidades tempor\u00e1rias, efetivas e para est\u00e1gios. As oportunidades oferecidas s\u00e3o para atuar em com\u00e9rcio e servi\u00e7o em diversos setores.\u2026","rel":"","context":"In &quot;Not\u00edcias de Ribeir\u00e3o Preto-SP e Regi\u00e3o&quot;","block_context":{"text":"Not\u00edcias de Ribeir\u00e3o Preto-SP e Regi\u00e3o","link":"https:\/\/ismaelcolosi.com.br\/index.php\/category\/noticias-de-ribeirao-preto-sp-e-regiao-ismael-colosi\/"},"img":{"alt_text":"","src":"https:\/\/i0.wp.com\/ismaelcolosi.com.br\/wp-content\/uploads\/2024\/12\/trabalho_mutirao_do_emprego_caterp_pat_pei_-_foto_guilherme_sircili_4-1068x711-1.jpg?fit=1068%2C711&ssl=1&resize=350%2C200","width":350,"height":200,"srcset":"https:\/\/i0.wp.com\/ismaelcolosi.com.br\/wp-content\/uploads\/2024\/12\/trabalho_mutirao_do_emprego_caterp_pat_pei_-_foto_guilherme_sircili_4-1068x711-1.jpg?fit=1068%2C711&ssl=1&resize=350%2C200 1x, https:\/\/i0.wp.com\/ismaelcolosi.com.br\/wp-content\/uploads\/2024\/12\/trabalho_mutirao_do_emprego_caterp_pat_pei_-_foto_guilherme_sircili_4-1068x711-1.jpg?fit=1068%2C711&ssl=1&resize=525%2C300 1.5x, https:\/\/i0.wp.com\/ismaelcolosi.com.br\/wp-content\/uploads\/2024\/12\/trabalho_mutirao_do_emprego_caterp_pat_pei_-_foto_guilherme_sircili_4-1068x711-1.jpg?fit=1068%2C711&ssl=1&resize=700%2C400 2x, https:\/\/i0.wp.com\/ismaelcolosi.com.br\/wp-content\/uploads\/2024\/12\/trabalho_mutirao_do_emprego_caterp_pat_pei_-_foto_guilherme_sircili_4-1068x711-1.jpg?fit=1068%2C711&ssl=1&resize=1050%2C600 3x"},"classes":[]},{"id":75267,"url":"https:\/\/ismaelcolosi.com.br\/index.php\/2024\/11\/05\/saerp-alerta-para-falta-dagua-em-oito-bairros-de-ribeirao-preto-veja-locais-afetados\/","url_meta":{"origin":77829,"position":4},"title":"Saerp alerta para falta d\u2019\u00e1gua em oito bairros de Ribeir\u00e3o Preto; Veja locais afetados","author":"ismaelcolosi.com.br","date":"5 de November de 2024","format":false,"excerpt":"A Saerp (Secretaria de \u00c1gua e Esgoto de Ribeir\u00e3o Preto) informou nesta ter\u00e7a-feira (5) que oito bairros de Ribeir\u00e3o Preto podem apresentar falta d\u2019\u00e1gua. De acordo com a secretaria, uma equipe est\u00e1 realizando uma manuten\u00e7\u00e3o preventiva do sistema de abastecimento nos reservat\u00f3rios Cateto 3 e Tanquinho, afetando os seguintes bairros:\u2026","rel":"","context":"In &quot;Not\u00edcias de Ribeir\u00e3o Preto-SP e Regi\u00e3o&quot;","block_context":{"text":"Not\u00edcias de Ribeir\u00e3o Preto-SP e Regi\u00e3o","link":"https:\/\/ismaelcolosi.com.br\/index.php\/category\/noticias-de-ribeirao-preto-sp-e-regiao-ismael-colosi\/"},"img":{"alt_text":"","src":"https:\/\/i0.wp.com\/ismaelcolosi.com.br\/wp-content\/uploads\/2024\/07\/torneira-agua_2024-07-22_12-45-42_jpg_2024-07-22_12-45-42.webp.webp?fit=1170%2C700&ssl=1&resize=350%2C200","width":350,"height":200,"srcset":"https:\/\/i0.wp.com\/ismaelcolosi.com.br\/wp-content\/uploads\/2024\/07\/torneira-agua_2024-07-22_12-45-42_jpg_2024-07-22_12-45-42.webp.webp?fit=1170%2C700&ssl=1&resize=350%2C200 1x, https:\/\/i0.wp.com\/ismaelcolosi.com.br\/wp-content\/uploads\/2024\/07\/torneira-agua_2024-07-22_12-45-42_jpg_2024-07-22_12-45-42.webp.webp?fit=1170%2C700&ssl=1&resize=525%2C300 1.5x, https:\/\/i0.wp.com\/ismaelcolosi.com.br\/wp-content\/uploads\/2024\/07\/torneira-agua_2024-07-22_12-45-42_jpg_2024-07-22_12-45-42.webp.webp?fit=1170%2C700&ssl=1&resize=700%2C400 2x, https:\/\/i0.wp.com\/ismaelcolosi.com.br\/wp-content\/uploads\/2024\/07\/torneira-agua_2024-07-22_12-45-42_jpg_2024-07-22_12-45-42.webp.webp?fit=1170%2C700&ssl=1&resize=1050%2C600 3x"},"classes":[]},{"id":76323,"url":"https:\/\/ismaelcolosi.com.br\/index.php\/2024\/11\/12\/perseguicao-a-suspeito-em-carro-roubado-mobiliza-helicoptero-aguia-em-ribeirao\/","url_meta":{"origin":77829,"position":5},"title":"Persegui\u00e7\u00e3o a suspeito em carro roubado mobiliza helic\u00f3ptero \u00c1guia em Ribeir\u00e3o","author":"ismaelcolosi.com.br","date":"12 de November de 2024","format":false,"excerpt":"Uma persegui\u00e7\u00e3o a um suspeito em um carro roubado mobilizou a PM (Pol\u00edcia Militar) com o helic\u00f3ptero \u00c1guia na manh\u00e3 desta ter\u00e7a-feira (12), na zona Norte de Ribeir\u00e3o Preto. Segundo as primeiras informa\u00e7\u00f5es, o homem teria se envolvido em um acidente na rua Armand Henri Sbicca, no Parque Avelino Alves\u2026","rel":"","context":"In &quot;Not\u00edcias de Ribeir\u00e3o Preto-SP e Regi\u00e3o&quot;","block_context":{"text":"Not\u00edcias de Ribeir\u00e3o Preto-SP e Regi\u00e3o","link":"https:\/\/ismaelcolosi.com.br\/index.php\/category\/noticias-de-ribeirao-preto-sp-e-regiao-ismael-colosi\/"},"img":{"alt_text":"","src":"https:\/\/i0.wp.com\/ismaelcolosi.com.br\/wp-content\/uploads\/2024\/11\/perseguicao_2024-11-12_14-57-00_jpeg_2024-11-12_14-57-01.webp.webp?fit=1200%2C675&ssl=1&resize=350%2C200","width":350,"height":200,"srcset":"https:\/\/i0.wp.com\/ismaelcolosi.com.br\/wp-content\/uploads\/2024\/11\/perseguicao_2024-11-12_14-57-00_jpeg_2024-11-12_14-57-01.webp.webp?fit=1200%2C675&ssl=1&resize=350%2C200 1x, https:\/\/i0.wp.com\/ismaelcolosi.com.br\/wp-content\/uploads\/2024\/11\/perseguicao_2024-11-12_14-57-00_jpeg_2024-11-12_14-57-01.webp.webp?fit=1200%2C675&ssl=1&resize=525%2C300 1.5x, https:\/\/i0.wp.com\/ismaelcolosi.com.br\/wp-content\/uploads\/2024\/11\/perseguicao_2024-11-12_14-57-00_jpeg_2024-11-12_14-57-01.webp.webp?fit=1200%2C675&ssl=1&resize=700%2C400 2x, https:\/\/i0.wp.com\/ismaelcolosi.com.br\/wp-content\/uploads\/2024\/11\/perseguicao_2024-11-12_14-57-00_jpeg_2024-11-12_14-57-01.webp.webp?fit=1200%2C675&ssl=1&resize=1050%2C600 3x"},"classes":[]}],"jetpack_sharing_enabled":true,"jetpack_shortlink":"https:\/\/wp.me\/pfMlyK-kfj","_links":{"self":[{"href":"https:\/\/ismaelcolosi.com.br\/index.php\/wp-json\/wp\/v2\/posts\/77829","targetHints":{"allow":["GET"]}}],"collection":[{"href":"https:\/\/ismaelcolosi.com.br\/index.php\/wp-json\/wp\/v2\/posts"}],"about":[{"href":"https:\/\/ismaelcolosi.com.br\/index.php\/wp-json\/wp\/v2\/types\/post"}],"author":[{"embeddable":true,"href":"https:\/\/ismaelcolosi.com.br\/index.php\/wp-json\/wp\/v2\/users\/1"}],"replies":[{"embeddable":true,"href":"https:\/\/ismaelcolosi.com.br\/index.php\/wp-json\/wp\/v2\/comments?post=77829"}],"version-history":[{"count":0,"href":"https:\/\/ismaelcolosi.com.br\/index.php\/wp-json\/wp\/v2\/posts\/77829\/revisions"}],"wp:featuredmedia":[{"embeddable":true,"href":"https:\/\/ismaelcolosi.com.br\/index.php\/wp-json\/wp\/v2\/media\/77830"}],"wp:attachment":[{"href":"https:\/\/ismaelcolosi.com.br\/index.php\/wp-json\/wp\/v2\/media?parent=77829"}],"wp:term":[{"taxonomy":"category","embeddable":true,"href":"https:\/\/ismaelcolosi.com.br\/index.php\/wp-json\/wp\/v2\/categories?post=77829"},{"taxonomy":"post_tag","embeddable":true,"href":"https:\/\/ismaelcolosi.com.br\/index.php\/wp-json\/wp\/v2\/tags?post=77829"}],"curies":[{"name":"wp","href":"https:\/\/api.w.org\/{rel}","templated":true}]}}