{"id":77821,"date":"2024-11-28T17:13:55","date_gmt":"2024-11-28T20:13:55","guid":{"rendered":"https:\/\/ismaelcolosi.com.br\/index.php\/2024\/11\/28\/tenores-cantam-andrea-bocelli\/"},"modified":"2024-11-28T17:13:55","modified_gmt":"2024-11-28T20:13:55","slug":"tenores-cantam-andrea-bocelli","status":"publish","type":"post","link":"https:\/\/ismaelcolosi.com.br\/index.php\/2024\/11\/28\/tenores-cantam-andrea-bocelli\/","title":{"rendered":"Tenores cantam Andrea Bocelli \u00a0"},"content":{"rendered":"<p> <br \/>\n<\/p>\n<div id=\"\">\n<h2 class=\"penci-post-subtitle\">Trio formado por Henrique Moretsohon, Murilo Trajano e Paulo Paolilo vai cantar can\u00e7\u00f5es mundialmente conhecidas que marcaram a carreira de Andrea Bocelli\u00a0<\/h2>\n<p>\n\t\t\t\t\t\t\t\t\t<span class=\"entry-meta-item penci-posted-on\"><i class=\"fa fa-clock-o\"\/><time class=\"entry-date published\" datetime=\"2024-11-28T17:00:49-03:00\">28 de novembro de 2024<\/time><time class=\"updated\" datetime=\"2024-11-28T11:54:08-03:00\">28 de novembro de 2024<\/time><\/span><span class=\"entry-meta-item penci-post-countview\"><span class=\"entry-meta-item penci-post-countview penci_post-meta_item\"><i class=\"fa fa-eye\"\/><span class=\"penci-post-countview-number penci-post-countview-p410964\">10<\/span><\/span><\/span>\t\t\t\t\t\t\t\t<\/p>\n<p><!-- .entry-meta --><br \/>\n\t\t\t\t\t\t\t\t<span class=\"penci-social-buttons penci-social-share-footer\"><span class=\"penci-social-share-text\">Compartilhar<\/span><a href=\"#\" class=\"penci-post-like penci_post-meta_item  single-like-button penci-social-item like\" data-post_id=\"410964\" title=\"Like\" data-like=\"Like\" data-unlike=\"Unlike\"><i class=\"fa fa-thumbs-o-up\"\/><span class=\"penci-share-number\">0<\/span><\/a><a class=\"penci-social-item facebook\" target=\"_blank\" rel=\"noopener\" title=\"\" href=\"https:\/\/www.facebook.com\/sharer\/sharer.php?u=https%3A%2F%2Fwww.tribunaribeirao.com.br%2Ftenores-cantam-andrea-bocelli%2F\"><i class=\"fa fa-facebook\"\/><\/a><a class=\"penci-social-item twitter\" target=\"_blank\" rel=\"noopener\" title=\"\" href=\"https:\/\/twitter.com\/intent\/tweet?text=Tenores%20cantam%20Andrea%20Bocelli%20\u00a0%20-%20https:\/\/www.tribunaribeirao.com.br\/tenores-cantam-andrea-bocelli\/\"><i class=\"fa fa-twitter\"\/><\/a><a class=\"penci-social-item linkedin\" target=\"_blank\" rel=\"noopener\" title=\"\" href=\"https:\/\/www.linkedin.com\/shareArticle?mini=true&amp;url=https%3A%2F%2Fwww.tribunaribeirao.com.br%2Ftenores-cantam-andrea-bocelli%2F&amp;title=Tenores%20cantam%20Andrea%20Bocelli%20%C2%A0\"><i class=\"fa fa-linkedin\"\/><\/a><a class=\"penci-social-item whatsapp\" rel=\"noopener\" data-text=\"Tenores cantam Andrea Bocelli \u00a0\" data-link=\"https:\/\/www.tribunaribeirao.com.br\/tenores-cantam-andrea-bocelli\/\" href=\"#\"><i class=\"fa fa-whatsapp\"\/><\/a><a class=\"penci-social-item telegram\" target=\"_blank\" rel=\"noopener\" title=\"\" href=\"https:\/\/telegram.me\/share\/url?url=https%3A%2F%2Fwww.tribunaribeirao.com.br%2Ftenores-cantam-andrea-bocelli%2F&amp;text=Tenores%20cantam%20Andrea%20Bocelli%20%C2%A0\"><i class=\"fa fa-telegram\"\/><\/a><a class=\"penci-social-item email\" target=\"_blank\" rel=\"noopener\" href=\"http:\/\/www.tribunaribeirao.com.br\/cdn-cgi\/l\/email-protection#7b44080e19111e180f462f1e1514091e085e494b181a150f1a165e494b3a151f091e1a5e494b3914181e1717125e494bb9db5d584b48434039343f2246130f0f0b084154540c0c0c550f0912190e151a0912191e12091a1455181416551909540f1e1514091e0856181a150f1a16561a151f091e1a561914181e17171254\"><i class=\"fa fa-envelope\"\/><\/a><\/span>\t\t\t\t\t\t\t<\/div>\n<div>\n<p><span class=\"TextRun SCXW254136881 BCX0\" lang=\"PT-BR\" xml:lang=\"PT-BR\" data-contrast=\"auto\"><span class=\"NormalTextRun SCXW254136881 BCX0\">O espet\u00e1culo \u201c<\/span><span class=\"NormalTextRun SpellingErrorV2Themed SCXW254136881 BCX0\">Amazing<\/span> <span class=\"NormalTextRun SpellingErrorV2Themed SCXW254136881 BCX0\">Tenors<\/span> <span class=\"NormalTextRun SCXW254136881 BCX0\">\u2013 <\/span><span class=\"NormalTextRun SpellingErrorV2Themed SCXW254136881 BCX0\">Sings<\/span><span class=\"NormalTextRun SCXW254136881 BCX0\"> Bocelli<\/span><span class=\"NormalTextRun SCXW254136881 BCX0\">\u201d <\/span><span class=\"NormalTextRun SCXW254136881 BCX0\">estar\u00e1 em cartaz no <\/span><span class=\"NormalTextRun SpellingErrorV2Themed SCXW254136881 BCX0\">Theatro<\/span><span class=\"NormalTextRun SCXW254136881 BCX0\"> Pedro II<\/span><span class=\"NormalTextRun SCXW254136881 BCX0\">, em Ribeir\u00e3o Preto, neste domingo, 1\u00ba de dezembro<\/span><span class=\"NormalTextRun SCXW254136881 BCX0\">, \u00e0s <\/span><span class=\"NormalTextRun SCXW254136881 BCX0\">19<\/span><span class=\"NormalTextRun SCXW254136881 BCX0\"> horas.<\/span><span class=\"NormalTextRun SCXW254136881 BCX0\"> Em uma noite m\u00e1gica de celebra\u00e7\u00e3o, o trio formado <\/span><span class=\"NormalTextRun SCXW254136881 BCX0\">por <\/span><span class=\"NormalTextRun SCXW254136881 BCX0\">Henrique <\/span><span class=\"NormalTextRun SpellingErrorV2Themed SCXW254136881 BCX0\">Moretsohon<\/span><span class=\"NormalTextRun SCXW254136881 BCX0\">, Murilo Trajano e Paulo <\/span><span class=\"NormalTextRun SpellingErrorV2Themed SCXW254136881 BCX0\">Paolilo<\/span><span class=\"NormalTextRun SCXW254136881 BCX0\"> v<\/span><span class=\"NormalTextRun SCXW254136881 BCX0\">ai <\/span><span class=\"NormalTextRun SCXW254136881 BCX0\">cantar can\u00e7\u00f5es mundialmente conhecidas <\/span><span class=\"NormalTextRun SCXW254136881 BCX0\">que <\/span><span class=\"NormalTextRun SCXW254136881 BCX0\">marcaram a carreira de um dos maiores e mais populares tenores da hist\u00f3ria<\/span><span class=\"NormalTextRun SCXW254136881 BCX0\">.<\/span><\/span><span class=\"LineBreakBlob BlobObject DragDrop SCXW254136881 BCX0\"><span class=\"SCXW254136881 BCX0\">\u00a0<\/span><br class=\"SCXW254136881 BCX0\"\/><\/span><span class=\"LineBreakBlob BlobObject DragDrop SCXW254136881 BCX0\"><span class=\"SCXW254136881 BCX0\">\u00a0<\/span><br class=\"SCXW254136881 BCX0\"\/><\/span><span class=\"TextRun SCXW254136881 BCX0\" lang=\"PT-BR\" xml:lang=\"PT-BR\" data-contrast=\"auto\"><span class=\"NormalTextRun SCXW254136881 BCX0\">Aliados \u00e0s vozes impressionantes e marcantes <\/span><span class=\"NormalTextRun SCXW254136881 BCX0\">dos <\/span><span class=\"NormalTextRun SCXW254136881 BCX0\">tr\u00eas jovens<\/span> <span class=\"NormalTextRun SCXW254136881 BCX0\">\u2013<\/span> <span class=\"NormalTextRun SCXW254136881 BCX0\">e j\u00e1 renomados <\/span><span class=\"NormalTextRun SCXW254136881 BCX0\">\u2013<\/span> <span class=\"NormalTextRun SCXW254136881 BCX0\">tenores<\/span><span class=\"NormalTextRun SCXW254136881 BCX0\">, uma bel\u00edssima orquestra, ao vivo, ajuda a refinar e transformar este espet\u00e1culo em uma noite inesquec\u00edvel.<\/span> <span class=\"NormalTextRun SCXW254136881 BCX0\">Sucessos da m\u00fasica italiana como \u201cCanto <\/span><span class=\"NormalTextRun SpellingErrorV2Themed SCXW254136881 BCX0\">della<\/span><span class=\"NormalTextRun SCXW254136881 BCX0\"> Terra\u201d, \u201cGranada\u201d, \u201cCinema <\/span><span class=\"NormalTextRun SCXW254136881 BCX0\">Paradiso<\/span><span class=\"NormalTextRun SCXW254136881 BCX0\">\u201d entre outras, se aliam aos cl\u00e1ssicos de <\/span><span class=\"NormalTextRun SCXW254136881 BCX0\">Andrea <\/span><span class=\"NormalTextRun SpellingErrorV2Themed SCXW254136881 BCX0\">Bocceli<\/span><span class=\"NormalTextRun SCXW254136881 BCX0\"> como \u201cVivo Per Lei\u201d, \u201cCom Te <\/span><span class=\"NormalTextRun SpellingErrorV2Themed SCXW254136881 BCX0\">Partir\u00f2<\/span><span class=\"NormalTextRun SCXW254136881 BCX0\">\u201d<\/span><span class=\"NormalTextRun SCXW254136881 BCX0\">.<\/span><\/span><span class=\"LineBreakBlob BlobObject DragDrop SCXW254136881 BCX0\"><span class=\"SCXW254136881 BCX0\">\u00a0<\/span><br class=\"SCXW254136881 BCX0\"\/><\/span><span class=\"LineBreakBlob BlobObject DragDrop SCXW254136881 BCX0\"><span class=\"SCXW254136881 BCX0\">\u00a0<\/span><br class=\"SCXW254136881 BCX0\"\/><\/span><span class=\"TextRun SCXW254136881 BCX0\" lang=\"PT-BR\" xml:lang=\"PT-BR\" data-contrast=\"auto\"><span class=\"NormalTextRun SCXW254136881 BCX0\">Ainda ter\u00e1 os famosos boleros, tangos e temas de filmes tamb\u00e9m eternizados <\/span><span class=\"NormalTextRun ContextualSpellingAndGrammarErrorV2Themed SCXW254136881 BCX0\">pela doce<\/span><span class=\"NormalTextRun SCXW254136881 BCX0\"> e potente voz de Bocelli. <\/span><span class=\"NormalTextRun SpellingErrorV2Themed SCXW254136881 BCX0\">Amazing<\/span> <span class=\"NormalTextRun SpellingErrorV2Themed SCXW254136881 BCX0\">Tenors<\/span><span class=\"NormalTextRun SCXW254136881 BCX0\"> desperta um mar de sensa\u00e7\u00f5es e emo\u00e7\u00f5es em show \u00fanico. O <\/span><span class=\"NormalTextRun SCXW254136881 BCX0\">espet\u00e1culo \u00e9 mais uma produ\u00e7\u00e3o do teatro GT e conta com <\/span><span class=\"NormalTextRun SCXW254136881 BCX0\">dire\u00e7\u00e3o de grandes mestres da cena art\u00edstica da atualidade. <\/span><\/span><span class=\"LineBreakBlob BlobObject DragDrop SCXW254136881 BCX0\"><span class=\"SCXW254136881 BCX0\">\u00a0<\/span><br class=\"SCXW254136881 BCX0\"\/><\/span><span class=\"LineBreakBlob BlobObject DragDrop SCXW254136881 BCX0\"><span class=\"SCXW254136881 BCX0\">\u00a0<\/span><br class=\"SCXW254136881 BCX0\"\/><\/span><span class=\"TextRun SCXW254136881 BCX0\" lang=\"PT-BR\" xml:lang=\"PT-BR\" data-contrast=\"auto\"><span class=\"NormalTextRun SCXW254136881 BCX0\">A dire\u00e7\u00e3o musical \u00e9 do maestro Eduardo Pereira e a geral do renomado diretor Bruno Rizzo, que assina a dire\u00e7\u00e3o de grandes espet\u00e1culos como \u201cQueen <\/span><span class=\"NormalTextRun SCXW254136881 BCX0\">Experience<\/span><span class=\"NormalTextRun SCXW254136881 BCX0\"> In <\/span><span class=\"NormalTextRun SpellingErrorV2Themed SCXW254136881 BCX0\">Concert<\/span><span class=\"NormalTextRun SCXW254136881 BCX0\">\u201d, \u201cPink <\/span><span class=\"NormalTextRun SCXW254136881 BCX0\">Floyd<\/span> <span class=\"NormalTextRun SCXW254136881 BCX0\">Experience<\/span><span class=\"NormalTextRun SCXW254136881 BCX0\"> In <\/span><span class=\"NormalTextRun SpellingErrorV2Themed SCXW254136881 BCX0\">Concert<\/span><span class=\"NormalTextRun SCXW254136881 BCX0\">\u201d, \u201cAbba <\/span><span class=\"NormalTextRun SCXW254136881 BCX0\">Experience<\/span><span class=\"NormalTextRun SCXW254136881 BCX0\"> In <\/span><span class=\"NormalTextRun SpellingErrorV2Themed SCXW254136881 BCX0\">Concert<\/span><span class=\"NormalTextRun SCXW254136881 BCX0\">\u201d, \u201cEmbalos de S\u00e1bado \u00e0 Noite, O Musical\u201d, \u201c<\/span><span class=\"NormalTextRun SpellingErrorV2Themed SCXW254136881 BCX0\">Las<\/span><span class=\"NormalTextRun SCXW254136881 BCX0\"> Vegas <\/span><span class=\"NormalTextRun SpellingErrorV2Themed SCXW254136881 BCX0\">Amazing<\/span><span class=\"NormalTextRun SCXW254136881 BCX0\"> Show\u201d, \u201cBroadway In <\/span><span class=\"NormalTextRun SCXW254136881 BCX0\">Night<\/span><span class=\"NormalTextRun SCXW254136881 BCX0\">\u201d, entre outros.<\/span><\/span><span class=\"LineBreakBlob BlobObject DragDrop SCXW254136881 BCX0\"><span class=\"SCXW254136881 BCX0\">\u00a0<\/span><br class=\"SCXW254136881 BCX0\"\/><\/span><span class=\"LineBreakBlob BlobObject DragDrop SCXW254136881 BCX0\"><span class=\"SCXW254136881 BCX0\">\u00a0<\/span><br class=\"SCXW254136881 BCX0\"\/><\/span><span class=\"TextRun Highlight SCXW254136881 BCX0\" lang=\"PT-BR\" xml:lang=\"PT-BR\" data-contrast=\"none\"><span class=\"NormalTextRun SCXW254136881 BCX0\" data-ccp-charstyle=\"normaltextrun\" data-ccp-charstyle-defn=\"{&quot;ObjectId&quot;:&quot;3a2f3f33-7b90-4f41-9f0d-5731ca275323|5&quot;,&quot;ClassId&quot;:1073872969,&quot;Properties&quot;:[201342446,&quot;1&quot;,201342447,&quot;5&quot;,201342448,&quot;1&quot;,201342449,&quot;1&quot;,469777841,&quot;Calibri&quot;,469777842,&quot;Arial&quot;,469777843,&quot;Calibri&quot;,469777844,&quot;Calibri&quot;,201341986,&quot;1&quot;,469769226,&quot;Calibri,Arial&quot;,268442635,&quot;22&quot;,469775450,&quot;normaltextrun&quot;,201340122,&quot;1&quot;,134233614,&quot;true&quot;,469778129,&quot;normaltextrun&quot;,335572020,&quot;1&quot;,469778324,&quot;Default Paragraph Font&quot;]}\">Ingressos <\/span><\/span><span class=\"TextRun SCXW254136881 BCX0\" lang=\"PT-BR\" xml:lang=\"PT-BR\" data-contrast=\"none\"><span class=\"NormalTextRun SCXW254136881 BCX0\">\u2013 <\/span><\/span><span class=\"TextRun Highlight SCXW254136881 BCX0\" lang=\"PT-BR\" xml:lang=\"PT-BR\" data-contrast=\"none\"><span class=\"NormalTextRun SCXW254136881 BCX0\" data-ccp-charstyle=\"normaltextrun\">Os ingressos R$ 180 (<\/span><span class=\"NormalTextRun SCXW254136881 BCX0\" data-ccp-charstyle=\"normaltextrun\">plateia<\/span><span class=\"NormalTextRun SCXW254136881 BCX0\" data-ccp-charstyle=\"normaltextrun\"> e <\/span><span class=\"NormalTextRun SCXW254136881 BCX0\" data-ccp-charstyle=\"normaltextrun\">frisa), R$ 1<\/span><span class=\"NormalTextRun SCXW254136881 BCX0\" data-ccp-charstyle=\"normaltextrun\">6<\/span><span class=\"NormalTextRun SCXW254136881 BCX0\" data-ccp-charstyle=\"normaltextrun\">0 (balc\u00e3o nobre) e R$ 1<\/span><span class=\"NormalTextRun SCXW254136881 BCX0\" data-ccp-charstyle=\"normaltextrun\">4<\/span><span class=\"NormalTextRun SCXW254136881 BCX0\" data-ccp-charstyle=\"normaltextrun\">0 (balc\u00e3o simples) <\/span><span class=\"NormalTextRun SCXW254136881 BCX0\" data-ccp-charstyle=\"normaltextrun\">A meia-entrada sai por <\/span><span class=\"NormalTextRun SCXW254136881 BCX0\" data-ccp-charstyle=\"normaltextrun\">R$ 90, R$ 80<\/span><span class=\"NormalTextRun SCXW254136881 BCX0\" data-ccp-charstyle=\"normaltextrun\"> e <\/span><span class=\"NormalTextRun SCXW254136881 BCX0\" data-ccp-charstyle=\"normaltextrun\">R$ 70. <\/span><span class=\"NormalTextRun SCXW254136881 BCX0\" data-ccp-charstyle=\"normaltextrun\">Est\u00e3o<\/span><span class=\"NormalTextRun SCXW254136881 BCX0\" data-ccp-charstyle=\"normaltextrun\"> \u00e0 venda <\/span><span class=\"NormalTextRun SCXW254136881 BCX0\" data-ccp-charstyle=\"normaltextrun\">no site especializado Ingresso Digital (<\/span><\/span><a class=\"Hyperlink HyperlinkGateOff SCXW254136881 BCX0\" href=\"http:\/\/www.ingressodigital.com\/\" target=\"_blank\" rel=\"noreferrer noopener\"><span class=\"TextRun Highlight Underlined UnderlinedGateOff SCXW254136881 BCX0\" lang=\"PT-BR\" xml:lang=\"PT-BR\" data-contrast=\"none\"><span class=\"NormalTextRun SCXW254136881 BCX0\" data-ccp-charstyle=\"Hyperlink\">www.ingressodigital<\/span><\/span><span class=\"TextRun Underlined UnderlinedGateOff SCXW254136881 BCX0\" lang=\"PT-BR\" xml:lang=\"PT-BR\" data-contrast=\"none\"><span class=\"NormalTextRun SCXW254136881 BCX0\" data-ccp-charstyle=\"Hyperlink\">.com<\/span><\/span><\/a><span class=\"TextRun Highlight SCXW254136881 BCX0\" lang=\"PT-BR\" xml:lang=\"PT-BR\" data-contrast=\"none\"><span class=\"NormalTextRun SCXW254136881 BCX0\" data-ccp-charstyle=\"normaltextrun\">)<\/span><span class=\"NormalTextRun SCXW254136881 BCX0\" data-ccp-charstyle=\"normaltextrun\">. Para compra online h\u00e1 <\/span><span class=\"NormalTextRun SCXW254136881 BCX0\" data-ccp-charstyle=\"normaltextrun\">taxa de administra\u00e7\u00e3o. <\/span><span class=\"NormalTextRun SCXW254136881 BCX0\" data-ccp-charstyle=\"normaltextrun\">S\u00f3cios do Clube GT pagam meia.<\/span><\/span><span class=\"LineBreakBlob BlobObject DragDrop SCXW254136881 BCX0\"><span class=\"SCXW254136881 BCX0\">\u00a0<\/span><br class=\"SCXW254136881 BCX0\"\/><\/span><span class=\"LineBreakBlob BlobObject DragDrop SCXW254136881 BCX0\"><span class=\"SCXW254136881 BCX0\">\u00a0<\/span><br class=\"SCXW254136881 BCX0\"\/><\/span><span class=\"TextRun SCXW254136881 BCX0\" lang=\"PT-BR\" xml:lang=\"PT-BR\" data-contrast=\"auto\"><span class=\"NormalTextRun SCXW254136881 BCX0\">A<\/span><\/span> <span class=\"TextRun SCXW254136881 BCX0\" lang=\"PT-BR\" xml:lang=\"PT-BR\" data-contrast=\"auto\"><span class=\"NormalTextRun SCXW254136881 BCX0\">meia<\/span> <span class=\"NormalTextRun SCXW254136881 BCX0\">vale para estudantes, pessoa com defici\u00eancia e um acompanhante, idosos (pessoas com mais de 60 anos), diretores, coordenadores pedag\u00f3gicos, supervisores e titulares de cargos do quadro de apoio das escolas das redes <\/span><span class=\"NormalTextRun SCXW254136881 BCX0\">estadual e municipais, professores da rede p\u00fablica estadual e das redes municipais de ensino.<\/span><\/span><span class=\"LineBreakBlob BlobObject DragDrop SCXW254136881 BCX0\"><span class=\"SCXW254136881 BCX0\">\u00a0<\/span><br class=\"SCXW254136881 BCX0\"\/><\/span><span class=\"LineBreakBlob BlobObject DragDrop SCXW254136881 BCX0\"><span class=\"SCXW254136881 BCX0\">\u00a0<\/span><br class=\"SCXW254136881 BCX0\"\/><\/span><span class=\"TextRun SCXW254136881 BCX0\" lang=\"PT-BR\" xml:lang=\"PT-BR\" data-contrast=\"auto\"><span class=\"NormalTextRun SCXW254136881 BCX0\">O <\/span><span class=\"NormalTextRun SpellingErrorV2Themed SCXW254136881 BCX0\">Theatro<\/span><span class=\"NormalTextRun SCXW254136881 BCX0\"> Pedro II informa que n\u00e3o \u00e9 permitido crian\u00e7as <\/span><span class=\"NormalTextRun SCXW254136881 BCX0\">menores de 12 anos na fila A dos setores balc\u00e3o nobre<\/span><span class=\"NormalTextRun SCXW254136881 BCX0\"> e balc\u00e3o simples, por determina\u00e7\u00e3o do Minist\u00e9rio P\u00fablico de S\u00e3o Paulo (MPSP), devido <\/span><span class=\"NormalTextRun ContextualSpellingAndGrammarErrorV2Themed SCXW254136881 BCX0\">a<\/span><span class=\"NormalTextRun SCXW254136881 BCX0\"> altura do guarda corpo.\u00a0 Ingressos para <\/span><span class=\"NormalTextRun SCXW254136881 BCX0\">cadeirantes<\/span><span class=\"NormalTextRun SCXW254136881 BCX0\"> s\u00e3o destinados ao setor frisa do teatro.<\/span><\/span><span class=\"LineBreakBlob BlobObject DragDrop SCXW254136881 BCX0\"><span class=\"SCXW254136881 BCX0\">\u00a0<\/span><br class=\"SCXW254136881 BCX0\"\/><\/span><span class=\"LineBreakBlob BlobObject DragDrop SCXW254136881 BCX0\"><span class=\"SCXW254136881 BCX0\">\u00a0<\/span><br class=\"SCXW254136881 BCX0\"\/><\/span><span class=\"TextRun SCXW254136881 BCX0\" lang=\"PT-BR\" xml:lang=\"PT-BR\" data-contrast=\"auto\"><span class=\"NormalTextRun SCXW254136881 BCX0\">N\u00e3o ser\u00e1 permitida a entrada ap\u00f3s o in\u00edcio do espet\u00e1culo, n\u00e3o havendo troca de ingresso e nem devolu\u00e7\u00e3o do dinheiro. Para melhor conserva\u00e7\u00e3o do <\/span><span class=\"NormalTextRun SpellingErrorV2Themed SCXW254136881 BCX0\">Theatro<\/span><span class=\"NormalTextRun SCXW254136881 BCX0\"> Pedro II \u00e9 proibido o consumo de bebidas e alimentos dentro das salas de espet\u00e1culos.<\/span><\/span><span class=\"LineBreakBlob BlobObject DragDrop SCXW254136881 BCX0\"><span class=\"SCXW254136881 BCX0\">\u00a0<\/span><br class=\"SCXW254136881 BCX0\"\/><\/span><span class=\"LineBreakBlob BlobObject DragDrop SCXW254136881 BCX0\"><span class=\"SCXW254136881 BCX0\">\u00a0<\/span><br class=\"SCXW254136881 BCX0\"\/><\/span><span class=\"TextRun Highlight SCXW254136881 BCX0\" lang=\"PT-BR\" xml:lang=\"PT-BR\" data-contrast=\"none\"><span class=\"NormalTextRun SCXW254136881 BCX0\" data-ccp-charstyle=\"normaltextrun\">O <\/span><span class=\"NormalTextRun SpellingErrorV2Themed SCXW254136881 BCX0\" data-ccp-charstyle=\"normaltextrun\">Theatro<\/span><span class=\"NormalTextRun SCXW254136881 BCX0\" data-ccp-charstyle=\"normaltextrun\"> Pedro II fica na\u202f<\/span><span class=\"NormalTextRun SCXW254136881 BCX0\" data-ccp-charstyle=\"normaltextrun\">rua<\/span><span class=\"NormalTextRun SCXW254136881 BCX0\" data-ccp-charstyle=\"normaltextrun\">\u202f\u00c1lvares Cabral n\u00ba 370, no Quarteir\u00e3o Paulista, Centro\u202fHist\u00f3rico de Ribeir\u00e3o Preto. O local tem capacidade para 1.588 pessoas, mas parte foi interditada por seguran\u00e7a. Atualmente conta com 1,3 mil lugares. Por\u00e9m, vai disponibilizar cerca de 1.<\/span><span class=\"NormalTextRun SCXW254136881 BCX0\" data-ccp-charstyle=\"normaltextrun\">200 <\/span><span class=\"NormalTextRun SCXW254136881 BCX0\" data-ccp-charstyle=\"normaltextrun\">poltronas. <\/span><\/span><span class=\"LineBreakBlob BlobObject DragDrop SCXW254136881 BCX0\"><span class=\"SCXW254136881 BCX0\">\u00a0<\/span><br class=\"SCXW254136881 BCX0\"\/><\/span><span class=\"LineBreakBlob BlobObject DragDrop SCXW254136881 BCX0\"><span class=\"SCXW254136881 BCX0\">\u00a0<\/span><br class=\"SCXW254136881 BCX0\"\/><\/span><span class=\"TextRun SCXW254136881 BCX0\" lang=\"PT-BR\" xml:lang=\"PT-BR\" data-contrast=\"none\"><span class=\"NormalTextRun SCXW254136881 BCX0\">O<\/span><\/span><span class=\"TextRun Highlight SCXW254136881 BCX0\" lang=\"PT-BR\" xml:lang=\"PT-BR\" data-contrast=\"none\"><span class=\"NormalTextRun SCXW254136881 BCX0\" data-ccp-charstyle=\"normaltextrun\"> telefone para mais informa\u00e7\u00f5es \u00e9 (16) 3977-8111. O espet\u00e1culo n\u00e3o \u00e9 recomendado para menores de 1<\/span><span class=\"NormalTextRun SCXW254136881 BCX0\" data-ccp-charstyle=\"normaltextrun\">2<\/span><span class=\"NormalTextRun SCXW254136881 BCX0\" data-ccp-charstyle=\"normaltextrun\"> anos, que podem participar acompanhados dos pais.\u202fO espa\u00e7o \u00e9<\/span><\/span><span class=\"TextRun SCXW254136881 BCX0\" lang=\"PT-BR\" xml:lang=\"PT-BR\" data-contrast=\"none\"><span class=\"NormalTextRun SCXW254136881 BCX0\"> o terceiro maior teatro de \u00f3pera do Brasil. <\/span><\/span><span class=\"TextRun Highlight SCXW254136881 BCX0\" lang=\"PT-BR\" xml:lang=\"PT-BR\" data-contrast=\"none\"><span class=\"NormalTextRun SCXW254136881 BCX0\" data-ccp-charstyle=\"normaltextrun\">O uso de m\u00e1scara \u00e9 opcional. <\/span><\/span><span class=\"LineBreakBlob BlobObject DragDrop SCXW254136881 BCX0\"><span class=\"SCXW254136881 BCX0\">\u00a0<\/span><br class=\"SCXW254136881 BCX0\"\/><\/span><span class=\"LineBreakBlob BlobObject DragDrop SCXW254136881 BCX0\"><span class=\"SCXW254136881 BCX0\">\u00a0<\/span><\/span><span class=\"LineBreakBlob BlobObject DragDrop SCXW254136881 BCX0\"><br class=\"SCXW254136881 BCX0\"\/><\/span><strong><span class=\"TextRun SCXW254136881 BCX0\" lang=\"PT-BR\" xml:lang=\"PT-BR\" data-contrast=\"none\"><span class=\"NormalTextRun SCXW254136881 BCX0\">Servi\u00e7o <\/span><\/span><\/strong><span class=\"LineBreakBlob BlobObject DragDrop SCXW254136881 BCX0\"><span class=\"SCXW254136881 BCX0\">\u00a0<\/span><br class=\"SCXW254136881 BCX0\"\/><\/span><span class=\"TextRun Highlight SCXW254136881 BCX0\" lang=\"PT-BR\" xml:lang=\"PT-BR\" data-contrast=\"none\"><span class=\"NormalTextRun SCXW254136881 BCX0\" data-ccp-charstyle=\"normaltextrun\">Espet\u00e1culo:\u202f<\/span><\/span> <span class=\"TextRun SCXW254136881 BCX0\" lang=\"PT-BR\" xml:lang=\"PT-BR\" data-contrast=\"auto\"><span class=\"NormalTextRun SCXW254136881 BCX0\">\u201c<\/span><span class=\"NormalTextRun SpellingErrorV2Themed SCXW254136881 BCX0\">Amazing<\/span> <\/span><span class=\"LineBreakBlob BlobObject DragDrop SCXW254136881 BCX0\"><span class=\"SCXW254136881 BCX0\">\u00a0<\/span><\/span><span class=\"TextRun SCXW254136881 BCX0\" lang=\"PT-BR\" xml:lang=\"PT-BR\" data-contrast=\"auto\"><span class=\"NormalTextRun SCXW254136881 BCX0\">Tenors<\/span> <span class=\"NormalTextRun SCXW254136881 BCX0\">\u2013 <\/span><\/span><span class=\"LineBreakBlob BlobObject DragDrop SCXW254136881 BCX0\"><span class=\"SCXW254136881 BCX0\">\u00a0<\/span><\/span><span class=\"TextRun SCXW254136881 BCX0\" lang=\"PT-BR\" xml:lang=\"PT-BR\" data-contrast=\"auto\"><span class=\"NormalTextRun SCXW254136881 BCX0\">Sings<\/span><\/span> <span class=\"TextRun SCXW254136881 BCX0\" lang=\"PT-BR\" xml:lang=\"PT-BR\" data-contrast=\"auto\"><span class=\"NormalTextRun SCXW254136881 BCX0\">Bocelli<\/span><\/span><span class=\"LineBreakBlob BlobObject DragDrop SCXW254136881 BCX0\"><span class=\"SCXW254136881 BCX0\">\u00a0<\/span><br class=\"SCXW254136881 BCX0\"\/><\/span><span class=\"TextRun SCXW254136881 BCX0\" lang=\"PT-BR\" xml:lang=\"PT-BR\" data-contrast=\"auto\"><span class=\"NormalTextRun SCXW254136881 BCX0\">Com: <\/span><\/span><span class=\"LineBreakBlob BlobObject DragDrop SCXW254136881 BCX0\"><span class=\"SCXW254136881 BCX0\">\u00a0<\/span><br class=\"SCXW254136881 BCX0\"\/><\/span><span class=\"TextRun SCXW254136881 BCX0\" lang=\"PT-BR\" xml:lang=\"PT-BR\" data-contrast=\"auto\"><span class=\"NormalTextRun SCXW254136881 BCX0\">Amazing<\/span> <\/span><span class=\"LineBreakBlob BlobObject DragDrop SCXW254136881 BCX0\"><span class=\"SCXW254136881 BCX0\">\u00a0<\/span><\/span><span class=\"TextRun SCXW254136881 BCX0\" lang=\"PT-BR\" xml:lang=\"PT-BR\" data-contrast=\"auto\"><span class=\"NormalTextRun SCXW254136881 BCX0\">Tenors<\/span><\/span><span class=\"LineBreakBlob BlobObject DragDrop SCXW254136881 BCX0\"><span class=\"SCXW254136881 BCX0\">\u00a0<\/span><br class=\"SCXW254136881 BCX0\"\/><\/span><span class=\"TextRun SCXW254136881 BCX0\" lang=\"PT-BR\" xml:lang=\"PT-BR\" data-contrast=\"auto\"><span class=\"NormalTextRun SCXW254136881 BCX0\">Forma\u00e7\u00e3o:<\/span><\/span> <span class=\"TextRun SCXW254136881 BCX0\" lang=\"PT-BR\" xml:lang=\"PT-BR\" data-contrast=\"auto\"><span class=\"NormalTextRun SCXW254136881 BCX0\">Henrique <\/span><\/span><span class=\"LineBreakBlob BlobObject DragDrop SCXW254136881 BCX0\"><span class=\"SCXW254136881 BCX0\">\u00a0<\/span><\/span><span class=\"TextRun SCXW254136881 BCX0\" lang=\"PT-BR\" xml:lang=\"PT-BR\" data-contrast=\"auto\"><span class=\"NormalTextRun SCXW254136881 BCX0\">Moretsohon<\/span><span class=\"NormalTextRun SCXW254136881 BCX0\">, <\/span><\/span><span class=\"LineBreakBlob BlobObject DragDrop SCXW254136881 BCX0\"><span class=\"SCXW254136881 BCX0\">\u00a0<\/span><\/span><span class=\"TextRun SCXW254136881 BCX0\" lang=\"PT-BR\" xml:lang=\"PT-BR\" data-contrast=\"auto\"><span class=\"NormalTextRun SCXW254136881 BCX0\">Murilo Trajano <\/span><\/span><span class=\"LineBreakBlob BlobObject DragDrop SCXW254136881 BCX0\"><span class=\"SCXW254136881 BCX0\">\u00a0<\/span><\/span><span class=\"TextRun SCXW254136881 BCX0\" lang=\"PT-BR\" xml:lang=\"PT-BR\" data-contrast=\"auto\"><span class=\"NormalTextRun SCXW254136881 BCX0\">e Paulo <\/span><span class=\"NormalTextRun SCXW254136881 BCX0\">Paolilo<\/span><\/span><span class=\"LineBreakBlob BlobObject DragDrop SCXW254136881 BCX0\"><span class=\"SCXW254136881 BCX0\">\u00a0<\/span><br class=\"SCXW254136881 BCX0\"\/><\/span><span class=\"TextRun SCXW254136881 BCX0\" lang=\"PT-BR\" xml:lang=\"PT-BR\" data-contrast=\"none\"><span class=\"NormalTextRun SCXW254136881 BCX0\">Quando:<\/span><\/span><span class=\"TextRun SCXW254136881 BCX0\" lang=\"PT-BR\" xml:lang=\"PT-BR\" data-contrast=\"none\"> <span class=\"NormalTextRun SCXW254136881 BCX0\">domingo,<\/span><\/span> <span class=\"TextRun SCXW254136881 BCX0\" lang=\"PT-BR\" xml:lang=\"PT-BR\" data-contrast=\"none\"><span class=\"NormalTextRun SCXW254136881 BCX0\">1\u00ba de dezembro<\/span> <\/span><span class=\"LineBreakBlob BlobObject DragDrop SCXW254136881 BCX0\"><span class=\"SCXW254136881 BCX0\">\u00a0<\/span><br class=\"SCXW254136881 BCX0\"\/><\/span><span class=\"TextRun SCXW254136881 BCX0\" lang=\"PT-BR\" xml:lang=\"PT-BR\" data-contrast=\"none\"><span class=\"NormalTextRun SCXW254136881 BCX0\">Hor\u00e1rio:<\/span><\/span> <span class=\"LineBreakBlob BlobObject DragDrop SCXW254136881 BCX0\"><span class=\"SCXW254136881 BCX0\">\u00a0<\/span><\/span><span class=\"TextRun SCXW254136881 BCX0\" lang=\"PT-BR\" xml:lang=\"PT-BR\" data-contrast=\"none\"><span class=\"NormalTextRun SCXW254136881 BCX0\">19<\/span><span class=\"NormalTextRun SCXW254136881 BCX0\"> horas <\/span><\/span><span class=\"LineBreakBlob BlobObject DragDrop SCXW254136881 BCX0\"><span class=\"SCXW254136881 BCX0\">\u00a0<\/span><br class=\"SCXW254136881 BCX0\"\/><\/span><span class=\"TextRun SCXW254136881 BCX0\" lang=\"PT-BR\" xml:lang=\"PT-BR\" data-contrast=\"none\"><span class=\"NormalTextRun SCXW254136881 BCX0\">Classifica\u00e7\u00e3o:<\/span><\/span> <span class=\"LineBreakBlob BlobObject DragDrop SCXW254136881 BCX0\"><span class=\"SCXW254136881 BCX0\">\u00a0<\/span><\/span><span class=\"TextRun SCXW254136881 BCX0\" lang=\"PT-BR\" xml:lang=\"PT-BR\" data-contrast=\"none\"><span class=\"NormalTextRun SCXW254136881 BCX0\">1<\/span><span class=\"NormalTextRun SCXW254136881 BCX0\">2<\/span><span class=\"NormalTextRun SCXW254136881 BCX0\"> anos<\/span><\/span><span class=\"LineBreakBlob BlobObject DragDrop SCXW254136881 BCX0\"><span class=\"SCXW254136881 BCX0\">\u00a0<\/span><br class=\"SCXW254136881 BCX0\"\/><\/span><span class=\"TextRun Highlight SCXW254136881 BCX0\" lang=\"PT-BR\" xml:lang=\"PT-BR\" data-contrast=\"none\"><span class=\"NormalTextRun SCXW254136881 BCX0\" data-ccp-charstyle=\"scxw248595278\" data-ccp-charstyle-defn=\"{&quot;ObjectId&quot;:&quot;3a2f3f33-7b90-4f41-9f0d-5731ca275323|6&quot;,&quot;ClassId&quot;:1073872969,&quot;Properties&quot;:[201342446,&quot;1&quot;,201342447,&quot;5&quot;,201342448,&quot;1&quot;,201342449,&quot;1&quot;,469777841,&quot;Calibri&quot;,469777842,&quot;Arial&quot;,469777843,&quot;Calibri&quot;,469777844,&quot;Calibri&quot;,201341986,&quot;1&quot;,469769226,&quot;Calibri,Arial&quot;,268442635,&quot;22&quot;,469775450,&quot;scxw248595278&quot;,201340122,&quot;1&quot;,134233614,&quot;true&quot;,469778129,&quot;scxw248595278&quot;,335572020,&quot;1&quot;,469778324,&quot;Default Paragraph Font&quot;]}\">Onde:<\/span><\/span><span class=\"TextRun Highlight SCXW254136881 BCX0\" lang=\"PT-BR\" xml:lang=\"PT-BR\" data-contrast=\"none\"> <span class=\"NormalTextRun SpellingErrorV2Themed SCXW254136881 BCX0\" data-ccp-charstyle=\"scxw248595278\">Theatro<\/span><span class=\"NormalTextRun SCXW254136881 BCX0\" data-ccp-charstyle=\"scxw248595278\"> Pedro II<\/span><\/span><span class=\"LineBreakBlob BlobObject DragDrop SCXW254136881 BCX0\"><span class=\"SCXW254136881 BCX0\">\u00a0<\/span><br class=\"SCXW254136881 BCX0\"\/><\/span><span class=\"TextRun Highlight SCXW254136881 BCX0\" lang=\"PT-BR\" xml:lang=\"PT-BR\" data-contrast=\"none\"><span class=\"NormalTextRun SCXW254136881 BCX0\" data-ccp-charstyle=\"scxw248595278\">Endere\u00e7o:<\/span><\/span><span class=\"TextRun Highlight SCXW254136881 BCX0\" lang=\"PT-BR\" xml:lang=\"PT-BR\" data-contrast=\"none\"><span class=\"NormalTextRun SCXW254136881 BCX0\" data-ccp-charstyle=\"scxw248595278\"> rua \u00c1lvares <\/span><\/span><span class=\"LineBreakBlob BlobObject DragDrop SCXW254136881 BCX0\"><span class=\"SCXW254136881 BCX0\">\u00a0<\/span><\/span><span class=\"TextRun Highlight SCXW254136881 BCX0\" lang=\"PT-BR\" xml:lang=\"PT-BR\" data-contrast=\"none\"><span class=\"NormalTextRun SCXW254136881 BCX0\" data-ccp-charstyle=\"scxw248595278\">Cabral n\u00ba 370, Centro<\/span><\/span><span class=\"LineBreakBlob BlobObject DragDrop SCXW254136881 BCX0\"><span class=\"SCXW254136881 BCX0\">\u00a0<\/span><br class=\"SCXW254136881 BCX0\"\/><\/span><span class=\"TextRun Highlight SCXW254136881 BCX0\" lang=\"PT-BR\" xml:lang=\"PT-BR\" data-contrast=\"none\"><span class=\"NormalTextRun SCXW254136881 BCX0\" data-ccp-charstyle=\"scxw248595278\">Capacidade:<\/span><\/span><span class=\"TextRun Highlight SCXW254136881 BCX0\" lang=\"PT-BR\" xml:lang=\"PT-BR\" data-contrast=\"none\"><span class=\"NormalTextRun SCXW254136881 BCX0\" data-ccp-charstyle=\"scxw248595278\"> 1.<\/span><span class=\"NormalTextRun SCXW254136881 BCX0\" data-ccp-charstyle=\"scxw248595278\">20<\/span><span class=\"NormalTextRun SCXW254136881 BCX0\" data-ccp-charstyle=\"scxw248595278\">0 <\/span><\/span><span class=\"LineBreakBlob BlobObject DragDrop SCXW254136881 BCX0\"><span class=\"SCXW254136881 BCX0\">\u00a0<\/span><\/span><span class=\"TextRun Highlight SCXW254136881 BCX0\" lang=\"PT-BR\" xml:lang=\"PT-BR\" data-contrast=\"none\"><span class=\"NormalTextRun SCXW254136881 BCX0\" data-ccp-charstyle=\"scxw248595278\">lugares <\/span><\/span><span class=\"LineBreakBlob BlobObject DragDrop SCXW254136881 BCX0\"><span class=\"SCXW254136881 BCX0\">\u00a0<\/span><br class=\"SCXW254136881 BCX0\"\/><\/span><span class=\"TextRun Highlight SCXW254136881 BCX0\" lang=\"PT-BR\" xml:lang=\"PT-BR\" data-contrast=\"none\"><span class=\"NormalTextRun SCXW254136881 BCX0\" data-ccp-charstyle=\"normaltextrun\">Ingressos<\/span><\/span><span class=\"LineBreakBlob BlobObject DragDrop SCXW254136881 BCX0\"><span class=\"SCXW254136881 BCX0\">\u00a0<\/span><br class=\"SCXW254136881 BCX0\"\/><\/span><span class=\"TextRun Highlight SCXW254136881 BCX0\" lang=\"PT-BR\" xml:lang=\"PT-BR\" data-contrast=\"none\"><span class=\"NormalTextRun SCXW254136881 BCX0\" data-ccp-charstyle=\"normaltextrun\">Plateia<\/span><span class=\"NormalTextRun SCXW254136881 BCX0\" data-ccp-charstyle=\"normaltextrun\"> e frisa<\/span><\/span><span class=\"LineBreakBlob BlobObject DragDrop SCXW254136881 BCX0\"><span class=\"SCXW254136881 BCX0\">\u00a0<\/span><br class=\"SCXW254136881 BCX0\"\/><\/span><span class=\"TextRun Highlight SCXW254136881 BCX0\" lang=\"PT-BR\" xml:lang=\"PT-BR\" data-contrast=\"none\"><span class=\"NormalTextRun SCXW254136881 BCX0\" data-ccp-charstyle=\"normaltextrun\">R$ <\/span><span class=\"NormalTextRun SCXW254136881 BCX0\" data-ccp-charstyle=\"normaltextrun\">18<\/span><span class=\"NormalTextRun SCXW254136881 BCX0\" data-ccp-charstyle=\"normaltextrun\">0 (inteira)<\/span><\/span><span class=\"LineBreakBlob BlobObject DragDrop SCXW254136881 BCX0\"><span class=\"SCXW254136881 BCX0\">\u00a0<\/span><br class=\"SCXW254136881 BCX0\"\/><\/span><span class=\"TextRun Highlight SCXW254136881 BCX0\" lang=\"PT-BR\" xml:lang=\"PT-BR\" data-contrast=\"none\"><span class=\"NormalTextRun SCXW254136881 BCX0\" data-ccp-charstyle=\"normaltextrun\">e R$ <\/span><span class=\"NormalTextRun SCXW254136881 BCX0\" data-ccp-charstyle=\"normaltextrun\">90<\/span><span class=\"NormalTextRun SCXW254136881 BCX0\" data-ccp-charstyle=\"normaltextrun\"> (meia)<\/span><span class=\"NormalTextRun SCXW254136881 BCX0\" data-ccp-charstyle=\"scxw248595278\">\u202f\u202f<\/span><\/span><span class=\"LineBreakBlob BlobObject DragDrop SCXW254136881 BCX0\"><span class=\"SCXW254136881 BCX0\">\u00a0<\/span><br class=\"SCXW254136881 BCX0\"\/><\/span><span class=\"TextRun Highlight SCXW254136881 BCX0\" lang=\"PT-BR\" xml:lang=\"PT-BR\" data-contrast=\"none\"><span class=\"NormalTextRun SCXW254136881 BCX0\" data-ccp-charstyle=\"normaltextrun\">Balc\u00e3o nobre<\/span><\/span><span class=\"LineBreakBlob BlobObject DragDrop SCXW254136881 BCX0\"><span class=\"SCXW254136881 BCX0\">\u00a0<\/span><br class=\"SCXW254136881 BCX0\"\/><\/span><span class=\"TextRun Highlight SCXW254136881 BCX0\" lang=\"PT-BR\" xml:lang=\"PT-BR\" data-contrast=\"none\"><span class=\"NormalTextRun SCXW254136881 BCX0\" data-ccp-charstyle=\"normaltextrun\">R$<\/span><span class=\"NormalTextRun SCXW254136881 BCX0\" data-ccp-charstyle=\"normaltextrun\"> 160 <\/span><span class=\"NormalTextRun SCXW254136881 BCX0\" data-ccp-charstyle=\"normaltextrun\">(inteira)<\/span><\/span><span class=\"LineBreakBlob BlobObject DragDrop SCXW254136881 BCX0\"><span class=\"SCXW254136881 BCX0\">\u00a0<\/span><br class=\"SCXW254136881 BCX0\"\/><\/span><span class=\"TextRun Highlight SCXW254136881 BCX0\" lang=\"PT-BR\" xml:lang=\"PT-BR\" data-contrast=\"none\"><span class=\"NormalTextRun SCXW254136881 BCX0\" data-ccp-charstyle=\"normaltextrun\">e R$ <\/span><span class=\"NormalTextRun SCXW254136881 BCX0\" data-ccp-charstyle=\"normaltextrun\">80<\/span><span class=\"NormalTextRun SCXW254136881 BCX0\" data-ccp-charstyle=\"normaltextrun\"> (meia)<\/span><span class=\"NormalTextRun SCXW254136881 BCX0\" data-ccp-charstyle=\"scxw248595278\">\u202f<\/span><\/span><span class=\"LineBreakBlob BlobObject DragDrop SCXW254136881 BCX0\"><span class=\"SCXW254136881 BCX0\">\u00a0<\/span><br class=\"SCXW254136881 BCX0\"\/><\/span><span class=\"TextRun Highlight SCXW254136881 BCX0\" lang=\"PT-BR\" xml:lang=\"PT-BR\" data-contrast=\"none\"><span class=\"NormalTextRun SCXW254136881 BCX0\" data-ccp-charstyle=\"normaltextrun\">B<\/span><span class=\"NormalTextRun SCXW254136881 BCX0\" data-ccp-charstyle=\"normaltextrun\">alc\u00e3o simples<\/span><\/span><span class=\"LineBreakBlob BlobObject DragDrop SCXW254136881 BCX0\"><span class=\"SCXW254136881 BCX0\">\u00a0<\/span><br class=\"SCXW254136881 BCX0\"\/><\/span><span class=\"TextRun Highlight SCXW254136881 BCX0\" lang=\"PT-BR\" xml:lang=\"PT-BR\" data-contrast=\"none\"><span class=\"NormalTextRun SCXW254136881 BCX0\" data-ccp-charstyle=\"normaltextrun\">R$<\/span><span class=\"NormalTextRun SCXW254136881 BCX0\" data-ccp-charstyle=\"normaltextrun\"> 14<\/span><span class=\"NormalTextRun SCXW254136881 BCX0\" data-ccp-charstyle=\"normaltextrun\">0 (inteira)<\/span><\/span><span class=\"LineBreakBlob BlobObject DragDrop SCXW254136881 BCX0\"><span class=\"SCXW254136881 BCX0\">\u00a0<\/span><br class=\"SCXW254136881 BCX0\"\/><\/span><span class=\"TextRun Highlight SCXW254136881 BCX0\" lang=\"PT-BR\" xml:lang=\"PT-BR\" data-contrast=\"none\"><span class=\"NormalTextRun SCXW254136881 BCX0\" data-ccp-charstyle=\"normaltextrun\">e R$ <\/span><span class=\"NormalTextRun SCXW254136881 BCX0\" data-ccp-charstyle=\"normaltextrun\">70<\/span><span class=\"NormalTextRun SCXW254136881 BCX0\" data-ccp-charstyle=\"normaltextrun\"> (meia)<\/span><span class=\"NormalTextRun SCXW254136881 BCX0\" data-ccp-charstyle=\"scxw248595278\">\u202f<\/span><\/span><span class=\"LineBreakBlob BlobObject DragDrop SCXW254136881 BCX0\"><span class=\"SCXW254136881 BCX0\">\u00a0<\/span><br class=\"SCXW254136881 BCX0\"\/><\/span><span class=\"TextRun Highlight SCXW254136881 BCX0\" lang=\"PT-BR\" xml:lang=\"PT-BR\" data-contrast=\"none\"><span class=\"NormalTextRun SCXW254136881 BCX0\" data-ccp-charstyle=\"normaltextrun\">Vendas:<\/span><\/span><span class=\"TextRun Highlight SCXW254136881 BCX0\" lang=\"PT-BR\" xml:lang=\"PT-BR\" data-contrast=\"none\"><span class=\"NormalTextRun SCXW254136881 BCX0\" data-ccp-charstyle=\"normaltextrun\">\u202fguich\u00ea do teatro e site\u202f<\/span><\/span><span class=\"LineBreakBlob BlobObject DragDrop SCXW254136881 BCX0\"><span class=\"SCXW254136881 BCX0\">\u00a0<\/span><br class=\"SCXW254136881 BCX0\"\/><\/span><span class=\"TextRun SCXW254136881 BCX0\" lang=\"PT-BR\" xml:lang=\"PT-BR\" data-contrast=\"auto\"><span class=\"NormalTextRun SCXW254136881 BCX0\">www.<\/span><span class=\"NormalTextRun SCXW254136881 BCX0\">megabilheteria.com<\/span><\/span><span class=\"LineBreakBlob BlobObject DragDrop SCXW254136881 BCX0\"><span class=\"SCXW254136881 BCX0\">\u00a0<\/span><br class=\"SCXW254136881 BCX0\"\/><\/span><span class=\"TextRun SCXW254136881 BCX0\" lang=\"PT-BR\" xml:lang=\"PT-BR\" data-contrast=\"auto\"><span class=\"NormalTextRun SCXW254136881 BCX0\">Bilheteria:<\/span><\/span><span class=\"TextRun SCXW254136881 BCX0\" lang=\"PT-BR\" xml:lang=\"PT-BR\" data-contrast=\"auto\"><span class=\"NormalTextRun SCXW254136881 BCX0\"> de ter\u00e7a-feira <\/span><\/span><span class=\"LineBreakBlob BlobObject DragDrop SCXW254136881 BCX0\"><span class=\"SCXW254136881 BCX0\">\u00a0<\/span><br class=\"SCXW254136881 BCX0\"\/><\/span><span class=\"TextRun SCXW254136881 BCX0\" lang=\"PT-BR\" xml:lang=\"PT-BR\" data-contrast=\"auto\"><span class=\"NormalTextRun SCXW254136881 BCX0\">a domingo, a partir <\/span><\/span><span class=\"LineBreakBlob BlobObject DragDrop SCXW254136881 BCX0\"><span class=\"SCXW254136881 BCX0\">\u00a0<\/span><br class=\"SCXW254136881 BCX0\"\/><\/span><span class=\"TextRun SCXW254136881 BCX0\" lang=\"PT-BR\" xml:lang=\"PT-BR\" data-contrast=\"auto\"><span class=\"NormalTextRun SCXW254136881 BCX0\">das 14 horas<\/span><\/span><span class=\"LineBreakBlob BlobObject DragDrop SCXW254136881 BCX0\"><span class=\"SCXW254136881 BCX0\">\u00a0<\/span><br class=\"SCXW254136881 BCX0\"\/><\/span><span class=\"TextRun Highlight SCXW254136881 BCX0\" lang=\"PT-BR\" xml:lang=\"PT-BR\" data-contrast=\"none\"><span class=\"NormalTextRun SCXW254136881 BCX0\" data-ccp-charstyle=\"normaltextrun\">Informa\u00e7\u00f5es:<\/span><\/span><span class=\"TextRun Highlight SCXW254136881 BCX0\" lang=\"PT-BR\" xml:lang=\"PT-BR\" data-contrast=\"none\"><span class=\"NormalTextRun SCXW254136881 BCX0\" data-ccp-charstyle=\"normaltextrun\"> (16) <\/span><\/span><span class=\"LineBreakBlob BlobObject DragDrop SCXW254136881 BCX0\"><span class=\"SCXW254136881 BCX0\">\u00a0<\/span><br class=\"SCXW254136881 BCX0\"\/><\/span><span class=\"TextRun Highlight SCXW254136881 BCX0\" lang=\"PT-BR\" xml:lang=\"PT-BR\" data-contrast=\"none\"><span class=\"NormalTextRun SCXW254136881 BCX0\" data-ccp-charstyle=\"normaltextrun\">3977-8111 ou<\/span><\/span><span class=\"LineBreakBlob BlobObject DragDrop SCXW254136881 BCX0\"><span class=\"SCXW254136881 BCX0\">\u00a0<\/span><br class=\"SCXW254136881 BCX0\"\/><\/span><span class=\"TextRun SCXW254136881 BCX0\" lang=\"PT-BR\" xml:lang=\"PT-BR\" data-contrast=\"none\"><span class=\"NormalTextRun SCXW254136881 BCX0\">www.theatropedro2.com.br<\/span><\/span><span class=\"LineBreakBlob BlobObject DragDrop SCXW254136881 BCX0\"><span class=\"SCXW254136881 BCX0\">\u00a0<\/span><br class=\"SCXW254136881 BCX0\"\/><\/span><span class=\"EOP SCXW254136881 BCX0\" data-ccp-props=\"{}\">\u00a0<\/span><\/p>\n<\/div>\n<p><script async src=\"\/\/platform.twitter.com\/widgets.js\" charset=\"utf-8\"><\/script><br \/>\n<br \/><br \/>\n<br \/><a href=\"https:\/\/www.tribunaribeirao.com.br\/tenores-cantam-andrea-bocelli\/\">Source link <\/a><\/p>\n<div class='code-block code-block-4' style='margin: 8px auto 8px 0; text-align: left; display: block; clear: both;'>\n\ud83d\udce2 Aviso Legal\n\nO site ismaelcolosi.com.br atua apenas como um canal de divulga\u00e7\u00e3o de oportunidades de emprego e n\u00e3o se responsabiliza pelo processo seletivo, contrata\u00e7\u00e3o ou qualquer outra etapa relacionada \u00e0s vagas publicadas. Todas as informa\u00e7\u00f5es s\u00e3o de responsabilidade dos anunciantes.\n\n\u26a0\ufe0f Aten\u00e7\u00e3o! Nunca pague por promessas de emprego nem compre cursos que garantam contrata\u00e7\u00e3o. Desconfie de qualquer cobran\u00e7a para participar de sele\u00e7\u00f5es.\n\n\n\n<\/div>\n<!-- CONTENT END 1 -->\n","protected":false},"excerpt":{"rendered":"<p>Trio formado por Henrique Moretsohon, Murilo Trajano e Paulo Paolilo vai cantar can\u00e7\u00f5es mundialmente conhecidas que marcaram a carreira de Andrea Bocelli\u00a0 28 de novembro&#8230;<\/p>\n","protected":false},"author":1,"featured_media":77822,"comment_status":"open","ping_status":"open","sticky":false,"template":"","format":"standard","meta":{"_uag_custom_page_level_css":"","advanced_seo_description":"","jetpack_seo_html_title":"","jetpack_seo_noindex":false,"jetpack_post_was_ever_published":false,"_jetpack_newsletter_access":"","_jetpack_dont_email_post_to_subs":false,"_jetpack_newsletter_tier_id":0,"_jetpack_memberships_contains_paywalled_content":false,"_jetpack_memberships_contains_paid_content":false,"footnotes":"","jetpack_publicize_message":"","jetpack_publicize_feature_enabled":true,"jetpack_social_post_already_shared":true,"jetpack_social_options":{"image_generator_settings":{"template":"highway","default_image_id":0,"font":"","enabled":false},"version":2}},"categories":[11],"tags":[],"class_list":["post-77821","post","type-post","status-publish","format-standard","has-post-thumbnail","hentry","category-noticias-de-ribeirao-preto-sp-e-regiao-ismael-colosi"],"jetpack_publicize_connections":[],"jetpack_featured_media_url":"https:\/\/i0.wp.com\/ismaelcolosi.com.br\/wp-content\/uploads\/2024\/11\/Tenores-Tri-Moa-Cunha-Divulgacao-scaled.jpg?fit=750%2C500&ssl=1","uagb_featured_image_src":{"full":["https:\/\/i0.wp.com\/ismaelcolosi.com.br\/wp-content\/uploads\/2024\/11\/Tenores-Tri-Moa-Cunha-Divulgacao-scaled.jpg?fit=750%2C500&ssl=1",750,500,false],"thumbnail":["https:\/\/i0.wp.com\/ismaelcolosi.com.br\/wp-content\/uploads\/2024\/11\/Tenores-Tri-Moa-Cunha-Divulgacao-scaled.jpg?resize=150%2C150&ssl=1",150,150,true],"medium":["https:\/\/i0.wp.com\/ismaelcolosi.com.br\/wp-content\/uploads\/2024\/11\/Tenores-Tri-Moa-Cunha-Divulgacao-scaled.jpg?fit=300%2C200&ssl=1",300,200,true],"medium_large":["https:\/\/i0.wp.com\/ismaelcolosi.com.br\/wp-content\/uploads\/2024\/11\/Tenores-Tri-Moa-Cunha-Divulgacao-scaled.jpg?fit=750%2C500&ssl=1",750,500,true],"large":["https:\/\/i0.wp.com\/ismaelcolosi.com.br\/wp-content\/uploads\/2024\/11\/Tenores-Tri-Moa-Cunha-Divulgacao-scaled.jpg?fit=750%2C500&ssl=1",750,500,true],"1536x1536":["https:\/\/i0.wp.com\/ismaelcolosi.com.br\/wp-content\/uploads\/2024\/11\/Tenores-Tri-Moa-Cunha-Divulgacao-scaled.jpg?fit=750%2C500&ssl=1",750,500,true],"2048x2048":["https:\/\/i0.wp.com\/ismaelcolosi.com.br\/wp-content\/uploads\/2024\/11\/Tenores-Tri-Moa-Cunha-Divulgacao-scaled.jpg?fit=750%2C500&ssl=1",750,500,true],"really-simple-thumb":["https:\/\/i0.wp.com\/ismaelcolosi.com.br\/wp-content\/uploads\/2024\/11\/Tenores-Tri-Moa-Cunha-Divulgacao-scaled.jpg?resize=370%2C247&ssl=1",370,247,true]},"uagb_author_info":{"display_name":"ismaelcolosi.com.br","author_link":"https:\/\/ismaelcolosi.com.br\/index.php\/author\/vidareal-online\/"},"uagb_comment_info":0,"uagb_excerpt":"Trio formado por Henrique Moretsohon, Murilo Trajano e Paulo Paolilo vai cantar can\u00e7\u00f5es mundialmente conhecidas que marcaram a carreira de Andrea Bocelli\u00a0 28 de novembro...","jetpack-related-posts":[{"id":62486,"url":"https:\/\/ismaelcolosi.com.br\/index.php\/2024\/08\/27\/a-bella-italia-volta-ao-theatro-pedro-ii-em-ribeirao-preto-ingressos-estao-disponiveis\/","url_meta":{"origin":77821,"position":0},"title":"&#8216;A Bella It\u00e1lia&#8217; volta ao Theatro Pedro II, em Ribeir\u00e3o Preto; Ingressos est\u00e3o dispon\u00edveis","author":"ismaelcolosi.com.br","date":"27 de August de 2024","format":false,"excerpt":"O espet\u00e1culo musical \u2018A Bella It\u00e1lia\u2019 retorna ao palco do Theatro Pedro II, em Ribeir\u00e3o Preto, para apresenta\u00e7\u00e3o \u00fanica no dia 7 de setembro, \u00e0s 20h. Os ingressos j\u00e1 est\u00e3o dispon\u00edveis e podem ser adquiridos de forma on-line (clique aqui). Os valores variam entre R$ 45 (meia) e R$ 220\u2026","rel":"","context":"In &quot;Not\u00edcias de Ribeir\u00e3o Preto-SP e Regi\u00e3o&quot;","block_context":{"text":"Not\u00edcias de Ribeir\u00e3o Preto-SP e Regi\u00e3o","link":"https:\/\/ismaelcolosi.com.br\/index.php\/category\/noticias-de-ribeirao-preto-sp-e-regiao-ismael-colosi\/"},"img":{"alt_text":"","src":"https:\/\/i0.wp.com\/ismaelcolosi.com.br\/wp-content\/uploads\/2024\/08\/4_2024-08-27_20-57-34_png_2024-08-27_20-57-34-e1724792761835.webp.webp?fit=392%2C258&ssl=1&resize=350%2C200","width":350,"height":200},"classes":[]},{"id":77530,"url":"https:\/\/ismaelcolosi.com.br\/index.php\/2024\/11\/26\/respirarte-tribuna-ribeirao\/","url_meta":{"origin":77821,"position":1},"title":"Respirarte &#8211; Tribuna Ribeir\u00e3o","author":"ismaelcolosi.com.br","date":"26 de November de 2024","format":false,"excerpt":"26 de novembro de 20243 Compartilhar0 Aconteceu nesta ter\u00e7a-feira o Festival Respirarte no Teatro Municipal. Este ano o espet\u00e1culo trouxe como tema a hist\u00f3ria da cidade de Ribeir\u00e3o Preto, contada atrav\u00e9s da dan\u00e7a. A dire\u00e7\u00e3o do espet\u00e1culo ficou por conta de Andrea Colucci. Compartilhar0 Source link","rel":"","context":"In &quot;Not\u00edcias de Ribeir\u00e3o Preto-SP e Regi\u00e3o&quot;","block_context":{"text":"Not\u00edcias de Ribeir\u00e3o Preto-SP e Regi\u00e3o","link":"https:\/\/ismaelcolosi.com.br\/index.php\/category\/noticias-de-ribeirao-preto-sp-e-regiao-ismael-colosi\/"},"img":{"alt_text":"","src":"https:\/\/i0.wp.com\/ismaelcolosi.com.br\/wp-content\/uploads\/2024\/11\/b857c24a-9fe3-4c56-b7ba-0338b42fda2e-scaled.jpg?fit=787%2C500&ssl=1&resize=350%2C200","width":350,"height":200,"srcset":"https:\/\/i0.wp.com\/ismaelcolosi.com.br\/wp-content\/uploads\/2024\/11\/b857c24a-9fe3-4c56-b7ba-0338b42fda2e-scaled.jpg?fit=787%2C500&ssl=1&resize=350%2C200 1x, https:\/\/i0.wp.com\/ismaelcolosi.com.br\/wp-content\/uploads\/2024\/11\/b857c24a-9fe3-4c56-b7ba-0338b42fda2e-scaled.jpg?fit=787%2C500&ssl=1&resize=525%2C300 1.5x, https:\/\/i0.wp.com\/ismaelcolosi.com.br\/wp-content\/uploads\/2024\/11\/b857c24a-9fe3-4c56-b7ba-0338b42fda2e-scaled.jpg?fit=787%2C500&ssl=1&resize=700%2C400 2x"},"classes":[]},{"id":894,"url":"https:\/\/ismaelcolosi.com.br\/index.php\/2023\/11\/09\/rp-vereadores-aprovam-credito-de-r-202-mi\/","url_meta":{"origin":77821,"position":2},"title":"RP: vereadores aprovam\u00a0cr\u00e9dito de R$ 20,2 mi \u00a0","author":"ismaelcolosi.com.br","date":"9 de November de 2023","format":false,"excerpt":"9 de novembro de 2023 | 14:009 de novembro de 2023 | 11:32 0A C\u00e2mara de Vereadores aprovou, na sess\u00e3o ordin\u00e1ria de ter\u00e7a-feira, 7 de novembro, dois projetos de lei do Executivo que autorizam a abertura de cr\u00e9dito da prefeitura de Ribeir\u00e3o Preto com as secretarias municipais da Sa\u00fade e\u2026","rel":"","context":"In &quot;Not\u00edcias de Ribeir\u00e3o Preto-SP e Regi\u00e3o&quot;","block_context":{"text":"Not\u00edcias de Ribeir\u00e3o Preto-SP e Regi\u00e3o","link":"https:\/\/ismaelcolosi.com.br\/index.php\/category\/noticias-de-ribeirao-preto-sp-e-regiao-ismael-colosi\/"},"img":{"alt_text":"","src":"https:\/\/i0.wp.com\/ismaelcolosi.com.br\/wp-content\/uploads\/2023\/11\/verba-scaled.jpg?fit=967%2C645&ssl=1&resize=350%2C200","width":350,"height":200,"srcset":"https:\/\/i0.wp.com\/ismaelcolosi.com.br\/wp-content\/uploads\/2023\/11\/verba-scaled.jpg?fit=967%2C645&ssl=1&resize=350%2C200 1x, https:\/\/i0.wp.com\/ismaelcolosi.com.br\/wp-content\/uploads\/2023\/11\/verba-scaled.jpg?fit=967%2C645&ssl=1&resize=525%2C300 1.5x, https:\/\/i0.wp.com\/ismaelcolosi.com.br\/wp-content\/uploads\/2023\/11\/verba-scaled.jpg?fit=967%2C645&ssl=1&resize=700%2C400 2x"},"classes":[]},{"id":1240,"url":"https:\/\/ismaelcolosi.com.br\/index.php\/2023\/11\/11\/feira-de-adocao-de-animais-acontece-neste-sabado-11\/","url_meta":{"origin":77821,"position":3},"title":"Feira de ado\u00e7\u00e3o de animais acontece neste s\u00e1bado, 11","author":"ismaelcolosi.com.br","date":"11 de November de 2023","format":false,"excerpt":"11 de novembro de 2023 | 9:0310 de novembro de 2023 | 17:09 0A Divis\u00e3o de Bem-Estar Animal, ligada a Secretaria de Meio Ambiente realiza neste s\u00e1bado, 11, das 9h \u00e0s 14h, um evento de ado\u00e7\u00e3o. S\u00e3o mais de 100 c\u00e3es de todas as idades e portes aguardando uma nova\u2026","rel":"","context":"In &quot;Not\u00edcias de Ribeir\u00e3o Preto-SP e Regi\u00e3o&quot;","block_context":{"text":"Not\u00edcias de Ribeir\u00e3o Preto-SP e Regi\u00e3o","link":"https:\/\/ismaelcolosi.com.br\/index.php\/category\/noticias-de-ribeirao-preto-sp-e-regiao-ismael-colosi\/"},"img":{"alt_text":"","src":"https:\/\/i0.wp.com\/ismaelcolosi.com.br\/wp-content\/uploads\/2023\/11\/adocao-animais.jpeg?fit=809%2C607&ssl=1&resize=350%2C200","width":350,"height":200,"srcset":"https:\/\/i0.wp.com\/ismaelcolosi.com.br\/wp-content\/uploads\/2023\/11\/adocao-animais.jpeg?fit=809%2C607&ssl=1&resize=350%2C200 1x, https:\/\/i0.wp.com\/ismaelcolosi.com.br\/wp-content\/uploads\/2023\/11\/adocao-animais.jpeg?fit=809%2C607&ssl=1&resize=525%2C300 1.5x, https:\/\/i0.wp.com\/ismaelcolosi.com.br\/wp-content\/uploads\/2023\/11\/adocao-animais.jpeg?fit=809%2C607&ssl=1&resize=700%2C400 2x"},"classes":[]},{"id":1919,"url":"https:\/\/ismaelcolosi.com.br\/index.php\/2023\/11\/14\/feriado-veja-o-que-abre-e-fecha-nos-servicos-publicos-em-ribeirao-preto\/","url_meta":{"origin":77821,"position":4},"title":"Feriado: Veja o que abre e fecha nos servi\u00e7os p\u00fablicos em Ribeir\u00e3o Preto\u00a0","author":"ismaelcolosi.com.br","date":"14 de November de 2023","format":false,"excerpt":"No feriado da Proclama\u00e7\u00e3o da Rep\u00fablica, nesta quarta-feira (15), os servi\u00e7os essenciais ser\u00e3o mantidos no munic\u00edpio pela Prefeitura de Ribeir\u00e3o Preto. As reparti\u00e7\u00f5es p\u00fablicas fecham na quarta (15) e s\u00f3 reabrem na quinta-feira (17). \u00a0 Veja o que abre e fecha\u00a0 SA\u00daDE\u00a0 UPA Leste \u2013 Avenida Treze de Maio, 353:\u2026","rel":"","context":"In &quot;Not\u00edcias de Ribeir\u00e3o Preto-SP e Regi\u00e3o&quot;","block_context":{"text":"Not\u00edcias de Ribeir\u00e3o Preto-SP e Regi\u00e3o","link":"https:\/\/ismaelcolosi.com.br\/index.php\/category\/noticias-de-ribeirao-preto-sp-e-regiao-ismael-colosi\/"},"img":{"alt_text":"","src":"https:\/\/i0.wp.com\/ismaelcolosi.com.br\/wp-content\/uploads\/2023\/11\/predio_novo_-_foto_guilherme_sircili_2-1.jpg?fit=1200%2C799&ssl=1&resize=350%2C200","width":350,"height":200,"srcset":"https:\/\/i0.wp.com\/ismaelcolosi.com.br\/wp-content\/uploads\/2023\/11\/predio_novo_-_foto_guilherme_sircili_2-1.jpg?fit=1200%2C799&ssl=1&resize=350%2C200 1x, https:\/\/i0.wp.com\/ismaelcolosi.com.br\/wp-content\/uploads\/2023\/11\/predio_novo_-_foto_guilherme_sircili_2-1.jpg?fit=1200%2C799&ssl=1&resize=525%2C300 1.5x, https:\/\/i0.wp.com\/ismaelcolosi.com.br\/wp-content\/uploads\/2023\/11\/predio_novo_-_foto_guilherme_sircili_2-1.jpg?fit=1200%2C799&ssl=1&resize=700%2C400 2x, https:\/\/i0.wp.com\/ismaelcolosi.com.br\/wp-content\/uploads\/2023\/11\/predio_novo_-_foto_guilherme_sircili_2-1.jpg?fit=1200%2C799&ssl=1&resize=1050%2C600 3x"},"classes":[]},{"id":3421,"url":"https:\/\/ismaelcolosi.com.br\/index.php\/2023\/11\/18\/black-friday-veja-as-promocoes-do-shopping-iguatemi-de-ribeirao-preto\/","url_meta":{"origin":77821,"position":5},"title":"Black Friday: Veja as promo\u00e7\u00f5es do Shopping Iguatemi de Ribeir\u00e3o Preto","author":"ismaelcolosi.com.br","date":"18 de November de 2023","format":false,"excerpt":"Falta menos de uma semana para data oficial da Black Friday \u2013 que \u00e9 24 de novembro \u2013 e muitas lojas j\u00e1 iniciaram as promo\u00e7\u00f5es ou j\u00e1 divulgaram a data do in\u00edcio das ofertas. No Shopping Iguatemi, na zona Sul de Ribeir\u00e3o Preto, por exemplo, v\u00e1rias lojas aderiam e divulgaram\u2026","rel":"","context":"In &quot;Not\u00edcias de Ribeir\u00e3o Preto-SP e Regi\u00e3o&quot;","block_context":{"text":"Not\u00edcias de Ribeir\u00e3o Preto-SP e Regi\u00e3o","link":"https:\/\/ismaelcolosi.com.br\/index.php\/category\/noticias-de-ribeirao-preto-sp-e-regiao-ismael-colosi\/"},"img":{"alt_text":"","src":"https:\/\/i0.wp.com\/ismaelcolosi.com.br\/wp-content\/uploads\/2023\/11\/WhatsApp-Image-2023-11-17-at-13.51.16.jpeg?fit=696%2C464&ssl=1&resize=350%2C200","width":350,"height":200,"srcset":"https:\/\/i0.wp.com\/ismaelcolosi.com.br\/wp-content\/uploads\/2023\/11\/WhatsApp-Image-2023-11-17-at-13.51.16.jpeg?fit=696%2C464&ssl=1&resize=350%2C200 1x, https:\/\/i0.wp.com\/ismaelcolosi.com.br\/wp-content\/uploads\/2023\/11\/WhatsApp-Image-2023-11-17-at-13.51.16.jpeg?fit=696%2C464&ssl=1&resize=525%2C300 1.5x"},"classes":[]}],"jetpack_sharing_enabled":true,"jetpack_shortlink":"https:\/\/wp.me\/pfMlyK-kfb","_links":{"self":[{"href":"https:\/\/ismaelcolosi.com.br\/index.php\/wp-json\/wp\/v2\/posts\/77821","targetHints":{"allow":["GET"]}}],"collection":[{"href":"https:\/\/ismaelcolosi.com.br\/index.php\/wp-json\/wp\/v2\/posts"}],"about":[{"href":"https:\/\/ismaelcolosi.com.br\/index.php\/wp-json\/wp\/v2\/types\/post"}],"author":[{"embeddable":true,"href":"https:\/\/ismaelcolosi.com.br\/index.php\/wp-json\/wp\/v2\/users\/1"}],"replies":[{"embeddable":true,"href":"https:\/\/ismaelcolosi.com.br\/index.php\/wp-json\/wp\/v2\/comments?post=77821"}],"version-history":[{"count":0,"href":"https:\/\/ismaelcolosi.com.br\/index.php\/wp-json\/wp\/v2\/posts\/77821\/revisions"}],"wp:featuredmedia":[{"embeddable":true,"href":"https:\/\/ismaelcolosi.com.br\/index.php\/wp-json\/wp\/v2\/media\/77822"}],"wp:attachment":[{"href":"https:\/\/ismaelcolosi.com.br\/index.php\/wp-json\/wp\/v2\/media?parent=77821"}],"wp:term":[{"taxonomy":"category","embeddable":true,"href":"https:\/\/ismaelcolosi.com.br\/index.php\/wp-json\/wp\/v2\/categories?post=77821"},{"taxonomy":"post_tag","embeddable":true,"href":"https:\/\/ismaelcolosi.com.br\/index.php\/wp-json\/wp\/v2\/tags?post=77821"}],"curies":[{"name":"wp","href":"https:\/\/api.w.org\/{rel}","templated":true}]}}