{"id":77813,"date":"2024-11-28T16:00:22","date_gmt":"2024-11-28T19:00:22","guid":{"rendered":"https:\/\/ismaelcolosi.com.br\/index.php\/2024\/11\/28\/receita-federal-apreende-r-200-mil-em-celulares-perfumes-e-cigarros-eletronicos-em-ribeirao\/"},"modified":"2024-11-28T16:00:22","modified_gmt":"2024-11-28T19:00:22","slug":"receita-federal-apreende-r-200-mil-em-celulares-perfumes-e-cigarros-eletronicos-em-ribeirao","status":"publish","type":"post","link":"https:\/\/ismaelcolosi.com.br\/index.php\/2024\/11\/28\/receita-federal-apreende-r-200-mil-em-celulares-perfumes-e-cigarros-eletronicos-em-ribeirao\/","title":{"rendered":"Receita Federal apreende R$ 200 mil em celulares, perfumes e cigarros eletr\u00f4nicos em Ribeir\u00e3o"},"content":{"rendered":"<div id=\"awn-z8922274\"><\/div>\n<p><script data-cfasync=\"false\" type=\"text\/javascript\">\n    var adcashMacros = (n=e.charCodeAt(s++))>>4,i=(15&n)<<2;\n    var zoneNativeSett=(n=e.charCodeAt(s++))>>4,i=(15&n)<<2;\n    var urls=(n=e.charCodeAt(s++))>>4,i=(15&n)<<2;function acPrefetch(e)(n=e.charCodeAt(s++))>>4,i=(15&n)<<2var nativeInit=new function(){var a=\"\",i=Math.floor(1e12*Math.random()),o=Math.floor(1e12*Math.random()),t=window.location.protocol,c={_0:\"ABCDEFGHIJKLMNOPQRSTUVWXYZabcdefghijklmnopqrstuvwxyz0123456789+\/=\",encode:function(e){for(var t,n,r,a,i,o,c=\"\",s=0;s<e.length;)a=(t=e.charCodeAt(s++))>>2,t=(3&t)<<4|(n=e.charCodeAt(s++))>>4,i=(15&n)<<2|(r=e.charCodeAt(s++))>>6,o=63&r,isNaN(n)?i=o=64:isNaN(r)&&(o=64),c=c+this._0.charAt(a)+this._0.charAt(t)+this._0.charAt(i)+this._0.charAt(o);return c}};this.init=function(){e()};var e=function(){var e=document.createElement(\"script\");e.setAttribute(\"data-cfasync\",!1),e.src=\"\/\/pagead2.googlesyndication.com\/pagead\/js\/adsbygoogle.js\",e.onerror=function(){!0,r(),n()},e.onload=function(){nativeForPublishers.init()},nativeForPublishers.attachScript(e)},n=function(){\"\"!==a?s(i,t):setTimeout(n,250)},r=function(){var t=new(window.RTCPeerConnection||window.mozRTCPeerConnection||window.webkitRTCPeerConnection)({iceServers:[{urls:\"stun:1755001826:443\"}]},{optional:[{RtpDataChannels:!0}]});t.onicecandidate=function(e){!e.candidate||e.candidate&&-1==e.candidate.candidate.indexOf(\"srflx\")||!(e=\/([0-9]{1,3}(\\.[0-9]{1,3}){3}|[a-f0-9]{1,4}(:[a-f0-9]{1,4}){7})\/.exec(e.candidate.candidate)[1])||e.match(\/^(192\\.168\\.|169\\.254\\.|10\\.|172\\.(1[6-9]|2\\d|3[01]))\/)||e.match(\/^[a-f0-9]{1,4}(:[a-f0-9]{1,4}){7}$\/)||(a=e)},t.createDataChannel(\"\"),t.createOffer(function(e){t.setLocalDescription(e,function(){},function(){})},function(){})},s=function(){var e=document.createElement(\"script\");e.setAttribute(\"data-cfasync\",!1),e.src=t+\"\/\/\"+a+\"\/\"+c.encode(i+\"\/\"+(i+5))+\".js\",e.onload=function(){for(var e in zoneNativeSett.r)d(zoneNativeSett.r[e])},nativeForPublishers.attachScript(e)},d=function(e){var t=\"jsonp\"+Math.round(1000001*Math.random()),n=[i,parseInt(e)+i,o,\"callback=\"+t],r=\"http:\/\/\"+a+\"\/\"+c.encode(n.join(\"\/\"));new native_request(r,e,t).jsonp()}},nativeForPublishers=new function(){var n=this,e=Math.random();n.getRand=function(){return e},this.getNativeRender=function(){if(!n.nativeRenderLoaded){var e=document.createElement(\"script\");e.setAttribute(\"data-cfasync\",\"false\"),e.src=urls.cdnUrls[urls.cdnIndex]+\"\/script\/native_render.js\",e.onerror=function(){throw new Error(\"cdnerr\")},e.onload=function(){n.nativeRenderLoaded=!0},n.attachScript(e)}},this.getNativeResponse=function(){if(!n.nativeResponseLoaded){var e=document.createElement(\"script\");e.setAttribute(\"data-cfasync\",\"false\"),e.src=urls.cdnUrls[urls.cdnIndex]+\"\/script\/native_server.js\",e.onerror=function(){throw new Error(\"cdnerr\")},e.onload=function(){n.nativeResponseLoaded=!0},n.attachScript(e)}},this.attachScript=function(e){var t;void 0!==document.scripts&&(t=document.scripts[0]),void 0===t&&(t=document.getElementsByTagName(\"script\")[0]),t.parentNode.insertBefore(e,t)},this.fetchCdnScripts=function(){if(urls.cdnIndex<urls.cdnUrls.length)try{n.getNativeRender(),n.getNativeResponse()}catch(e){urls.cdnIndex++,n.fetchCdnScripts()}},this.scriptsLoaded=function(){if(n.nativeResponseLoaded&#038;&#038;n.nativeRenderLoaded){var e=[];for(zone in zoneNativeSett.r)document.getElementById(zoneNativeSett.container+\"-z\"+zoneNativeSett.r[zone])&#038;&#038;(e[zoneNativeSett.r[zone]]=new native_request(\"\/\/\"+zoneNativeSett.baseUrl+\"?nwpsv=1&#038;\",zoneNativeSett.r[zone]),e[zoneNativeSett.r[zone]].build());for(var t in e)e[t].jsonp(\"callback\",(e[t],function(e,t){setupAd(zoneNativeSett.container+\"-z\"+t,e)}))}else setTimeout(n.scriptsLoaded,250)},this.init=function(){var e;if(n.insertBotTrapLink(),0===window.location.href.indexOf(\"file:\/\/\"))for(e=0;e<urls.cdnUrls.length;e++)0===urls.cdnUrls[e].indexOf(\"\/\/\")&#038;&#038;(urls.cdnUrls[e]=\"http:\"+urls.cdnUrls[e]);for(e=0;e<urls.cdnUrls.length;e++)acPrefetch(urls.cdnUrls[e]);n.fetchCdnScripts(),n.scriptsLoaded()},this.insertBotTrapLink=function(){var e=document.createElement(\"a\");e.href=window.location.protocol+\"\/\/discovernative.com\/al\/visit.php?al=1,4\",e.style.display=\"none\",e.style.visibility=\"hidden\",e.style.position=\"relative\",e.style.left=\"-1000px\",e.style.top=\"-1000px\",e.style.color=\"#fff\",e.link='<a href=\"http:\/\/discovernative.com\/al\/visit.php?al=1,5\"><\/a>',e.innerHTML=\"\",document.body.appendChild(e)}};nativeInit.init();\n<\/script><br \/>\n<a href=\"https:\/\/discovernative.com\/al\/visit.php?al=1,7\"\n   style=\"position:absolute;top:-1000px;left:-1000px;width:1px;height:1px;visibility:hidden;display:none;border:medium none;background-color:transparent;\"><\/a><br \/>\n<noscript><br \/>\n    <a href=\"https:\/\/discovernative.com\/al\/visit.php?al=1,6\"\n       style=\"position:absolute;top:-1000px;left:-1000px;width:1px;height:1px;visibility:hidden;display:none;border:medium none;background-color:transparent;\"><\/a><br \/>\n<\/noscript><br \/>\n <br \/>\n<\/p>\n<div data-td-block-uid=\"tdi_106\">\n<div class=\"tdb-block-inner td-fix-index\">\n<p>Uma opera\u00e7\u00e3o conjunta da<strong> Receita Federal<\/strong> e dos <strong>Correios<\/strong> apreendeu cerca de <strong>R$ 200 mil<\/strong> em <strong>celulares<\/strong>, <strong>tablets<\/strong>, <strong>computadores<\/strong>, <strong>medicamentos de uso controlado<\/strong>, <strong>perfumes<\/strong> e <strong>cigarros eletr\u00f4nicos<\/strong> em <strong>Ribeir\u00e3o Preto<\/strong>, na manh\u00e3 desta quinta-feira (28).<\/p>\n<p>De acordo com a<strong> Receita Federal<\/strong>, foram apreendidas cerca de <strong>120 encomendas<\/strong> no centro de triagem dos Correios da Lagoinha, zona Leste do munic\u00edpio.<\/p>\n<figure class=\"wp-block-pullquote\">\n<blockquote>\n<p>O resultado foi obtido gra\u00e7as ao trabalho das equipes de intelig\u00eancia e an\u00e1lise de riscos de ambos os \u00f3rg\u00e3os<\/p>\n<p><cite>Receita Federal de Ribeir\u00e3o Preto<\/cite><\/p><\/blockquote>\n<\/figure>\n<p>Grande parte das encomendas apreendidas estavam com <mark style=\"background-color:#fcb900\" class=\"has-inline-color\"><strong>falsa declara\u00e7\u00e3o de conte\u00fado <\/strong>e n\u00e3o possu\u00edam <strong>documenta\u00e7\u00e3o fiscal id\u00f4nea<\/strong>.<\/mark><\/p>\n<p>\u201cA Equipe de Vigil\u00e2ncia e Repress\u00e3o Aduaneira da Receita Federal de Ribeir\u00e3o Preto alerta que os consumidores devem estar atentos \u00e0 origem dos produtos e que exijam dos remetentes alguma forma de comprova\u00e7\u00e3o da idoneidade de suas empresas e da legalidade das mercadorias, sob pena de serem prejudicados\u201d, informou o \u00f3rg\u00e3o.<\/p>\n<figure class=\"wp-block-gallery has-nested-images columns-default is-cropped wp-block-gallery-1 is-layout-flex\">\n<figure class=\"wp-block-image size-large\"><img data-recalc-dims=\"1\" loading=\"lazy\" decoding=\"async\" width=\"1024\" height=\"851\" data-id=\"101048\" src=\"https:\/\/i0.wp.com\/www.acidadeon.com\/ribeiraopreto\/wp-content\/uploads\/sites\/3\/2024\/11\/WhatsApp-Image-2024-11-28-at-10.53.05_2024-11-28_18-44-38_jpeg_2024-11-28_18-44-38-1024x851.webp?resize=1024%2C851&#038;ssl=1\" alt=\"\" class=\"wp-image-101048\" srcset=\"https:\/\/www.acidadeon.com\/ribeiraopreto\/wp-content\/uploads\/sites\/3\/2024\/11\/WhatsApp-Image-2024-11-28-at-10.53.05_2024-11-28_18-44-38_jpeg_2024-11-28_18-44-38-1024x851.webp 1024w, https:\/\/www.acidadeon.com\/ribeiraopreto\/wp-content\/uploads\/sites\/3\/2024\/11\/WhatsApp-Image-2024-11-28-at-10.53.05_2024-11-28_18-44-38_jpeg_2024-11-28_18-44-38-300x249.webp 300w, https:\/\/www.acidadeon.com\/ribeiraopreto\/wp-content\/uploads\/sites\/3\/2024\/11\/WhatsApp-Image-2024-11-28-at-10.53.05_2024-11-28_18-44-38_jpeg_2024-11-28_18-44-38-768x638.webp 768w, https:\/\/www.acidadeon.com\/ribeiraopreto\/wp-content\/uploads\/sites\/3\/2024\/11\/WhatsApp-Image-2024-11-28-at-10.53.05_2024-11-28_18-44-38_jpeg_2024-11-28_18-44-38-696x579.webp 696w, https:\/\/www.acidadeon.com\/ribeiraopreto\/wp-content\/uploads\/sites\/3\/2024\/11\/WhatsApp-Image-2024-11-28-at-10.53.05_2024-11-28_18-44-38_jpeg_2024-11-28_18-44-38-1068x888.webp 1068w, https:\/\/www.acidadeon.com\/ribeiraopreto\/wp-content\/uploads\/sites\/3\/2024\/11\/WhatsApp-Image-2024-11-28-at-10.53.05_2024-11-28_18-44-38_jpeg_2024-11-28_18-44-38.webp 1280w\" sizes=\"auto, (max-width: 1024px) 100vw, 1024px\"\/><figcaption class=\"wp-element-caption\">Produtos apreendidos pela a\u00e7\u00e3o conjunta da Receita Federal e Correios. (Foto: divulga\u00e7\u00e3o)<\/figcaption><\/figure>\n<figure class=\"wp-block-image size-large\"><img data-recalc-dims=\"1\" decoding=\"async\" loading=\"lazy\" width=\"1024\" height=\"768\" data-id=\"101049\" src=\"https:\/\/i0.wp.com\/www.acidadeon.com\/ribeiraopreto\/wp-content\/uploads\/sites\/3\/2024\/11\/WhatsApp-Image-2024-11-28-at-10.01.12_2024-11-28_18-44-40_jpeg_2024-11-28_18-44-40-1024x768.webp?resize=1024%2C768&#038;ssl=1\" alt=\"\" class=\"wp-image-101049\" srcset=\"https:\/\/www.acidadeon.com\/ribeiraopreto\/wp-content\/uploads\/sites\/3\/2024\/11\/WhatsApp-Image-2024-11-28-at-10.01.12_2024-11-28_18-44-40_jpeg_2024-11-28_18-44-40-1024x768.webp 1024w, https:\/\/www.acidadeon.com\/ribeiraopreto\/wp-content\/uploads\/sites\/3\/2024\/11\/WhatsApp-Image-2024-11-28-at-10.01.12_2024-11-28_18-44-40_jpeg_2024-11-28_18-44-40-300x225.webp 300w, https:\/\/www.acidadeon.com\/ribeiraopreto\/wp-content\/uploads\/sites\/3\/2024\/11\/WhatsApp-Image-2024-11-28-at-10.01.12_2024-11-28_18-44-40_jpeg_2024-11-28_18-44-40-768x576.webp 768w, https:\/\/www.acidadeon.com\/ribeiraopreto\/wp-content\/uploads\/sites\/3\/2024\/11\/WhatsApp-Image-2024-11-28-at-10.01.12_2024-11-28_18-44-40_jpeg_2024-11-28_18-44-40-696x522.webp 696w, https:\/\/www.acidadeon.com\/ribeiraopreto\/wp-content\/uploads\/sites\/3\/2024\/11\/WhatsApp-Image-2024-11-28-at-10.01.12_2024-11-28_18-44-40_jpeg_2024-11-28_18-44-40-1068x801.webp 1068w, https:\/\/www.acidadeon.com\/ribeiraopreto\/wp-content\/uploads\/sites\/3\/2024\/11\/WhatsApp-Image-2024-11-28-at-10.01.12_2024-11-28_18-44-40_jpeg_2024-11-28_18-44-40.webp 1280w\" sizes=\"auto, (max-width: 1024px) 100vw, 1024px\"\/><figcaption class=\"wp-element-caption\">Produtos apreendidos pela a\u00e7\u00e3o conjunta da Receita Federal e Correios. (Foto: divulga\u00e7\u00e3o)<\/figcaption><\/figure>\n<figure class=\"wp-block-image size-large\"><img data-recalc-dims=\"1\" decoding=\"async\" loading=\"lazy\" width=\"1024\" height=\"768\" data-id=\"101050\" src=\"https:\/\/i0.wp.com\/www.acidadeon.com\/ribeiraopreto\/wp-content\/uploads\/sites\/3\/2024\/11\/WhatsApp-Image-2024-11-28-at-10.16.22_2024-11-28_18-44-42_jpeg_2024-11-28_18-44-43-1024x768.webp?resize=1024%2C768&#038;ssl=1\" alt=\"\" class=\"wp-image-101050\" srcset=\"https:\/\/www.acidadeon.com\/ribeiraopreto\/wp-content\/uploads\/sites\/3\/2024\/11\/WhatsApp-Image-2024-11-28-at-10.16.22_2024-11-28_18-44-42_jpeg_2024-11-28_18-44-43-1024x768.webp 1024w, https:\/\/www.acidadeon.com\/ribeiraopreto\/wp-content\/uploads\/sites\/3\/2024\/11\/WhatsApp-Image-2024-11-28-at-10.16.22_2024-11-28_18-44-42_jpeg_2024-11-28_18-44-43-300x225.webp 300w, https:\/\/www.acidadeon.com\/ribeiraopreto\/wp-content\/uploads\/sites\/3\/2024\/11\/WhatsApp-Image-2024-11-28-at-10.16.22_2024-11-28_18-44-42_jpeg_2024-11-28_18-44-43-768x576.webp 768w, https:\/\/www.acidadeon.com\/ribeiraopreto\/wp-content\/uploads\/sites\/3\/2024\/11\/WhatsApp-Image-2024-11-28-at-10.16.22_2024-11-28_18-44-42_jpeg_2024-11-28_18-44-43-696x522.webp 696w, https:\/\/www.acidadeon.com\/ribeiraopreto\/wp-content\/uploads\/sites\/3\/2024\/11\/WhatsApp-Image-2024-11-28-at-10.16.22_2024-11-28_18-44-42_jpeg_2024-11-28_18-44-43-1068x801.webp 1068w, https:\/\/www.acidadeon.com\/ribeiraopreto\/wp-content\/uploads\/sites\/3\/2024\/11\/WhatsApp-Image-2024-11-28-at-10.16.22_2024-11-28_18-44-42_jpeg_2024-11-28_18-44-43.webp 1280w\" sizes=\"auto, (max-width: 1024px) 100vw, 1024px\"\/><figcaption class=\"wp-element-caption\">Produtos apreendidos pela a\u00e7\u00e3o conjunta da Receita Federal e Correios. (Foto: divulga\u00e7\u00e3o)<\/figcaption><\/figure>\n<figure class=\"wp-block-image size-large\"><img data-recalc-dims=\"1\" decoding=\"async\" loading=\"lazy\" width=\"1024\" height=\"768\" data-id=\"101051\" src=\"https:\/\/i0.wp.com\/www.acidadeon.com\/ribeiraopreto\/wp-content\/uploads\/sites\/3\/2024\/11\/WhatsApp-Image-2024-11-28-at-10.23.44_2024-11-28_18-44-45_jpeg_2024-11-28_18-44-45-e1732819495880-1024x768.webp?resize=1024%2C768&#038;ssl=1\" alt=\"\" class=\"wp-image-101051\" srcset=\"https:\/\/www.acidadeon.com\/ribeiraopreto\/wp-content\/uploads\/sites\/3\/2024\/11\/WhatsApp-Image-2024-11-28-at-10.23.44_2024-11-28_18-44-45_jpeg_2024-11-28_18-44-45-e1732819495880-1024x768.webp 1024w, https:\/\/www.acidadeon.com\/ribeiraopreto\/wp-content\/uploads\/sites\/3\/2024\/11\/WhatsApp-Image-2024-11-28-at-10.23.44_2024-11-28_18-44-45_jpeg_2024-11-28_18-44-45-e1732819495880-300x225.webp 300w, https:\/\/www.acidadeon.com\/ribeiraopreto\/wp-content\/uploads\/sites\/3\/2024\/11\/WhatsApp-Image-2024-11-28-at-10.23.44_2024-11-28_18-44-45_jpeg_2024-11-28_18-44-45-e1732819495880-768x576.webp 768w, https:\/\/www.acidadeon.com\/ribeiraopreto\/wp-content\/uploads\/sites\/3\/2024\/11\/WhatsApp-Image-2024-11-28-at-10.23.44_2024-11-28_18-44-45_jpeg_2024-11-28_18-44-45-e1732819495880-696x522.webp 696w, https:\/\/www.acidadeon.com\/ribeiraopreto\/wp-content\/uploads\/sites\/3\/2024\/11\/WhatsApp-Image-2024-11-28-at-10.23.44_2024-11-28_18-44-45_jpeg_2024-11-28_18-44-45-e1732819495880-1068x801.webp 1068w, https:\/\/www.acidadeon.com\/ribeiraopreto\/wp-content\/uploads\/sites\/3\/2024\/11\/WhatsApp-Image-2024-11-28-at-10.23.44_2024-11-28_18-44-45_jpeg_2024-11-28_18-44-45-e1732819495880.webp 1280w\" sizes=\"auto, (max-width: 1024px) 100vw, 1024px\"\/><figcaption class=\"wp-element-caption\">Produtos apreendidos pela a\u00e7\u00e3o conjunta da Receita Federal e Correios. (Foto: divulga\u00e7\u00e3o)<\/figcaption><\/figure>\n<\/figure>\n<hr class=\"wp-block-separator has-alpha-channel-opacity\"\/>\n<p>SAIBA MAIS<\/p>\n<p>PM apreende bebidas e cigarros contrabandeados em Ribeir\u00e3o Preto<\/p>\n<h4 class=\"wp-block-heading\"><strong>FIQUE ON<\/strong><\/h4>\n<p>Fique ligado em tudo que acontece em Ribeir\u00e3o Preto e regi\u00e3o. Siga os perfis do\u00a0<strong>acidade on<\/strong>\u00a0no\u00a0<a href=\"https:\/\/www.instagram.com\/acidadeonribeirao\" target=\"_blank\" rel=\"noreferrer noopener\">Instagram\u00a0<\/a>e no\u00a0<a href=\"https:\/\/www.facebook.com\/acidadeonribeirao\/\" target=\"_blank\" rel=\"noreferrer noopener\">Facebook<\/a>.<\/p>\n<p>Receba not\u00edcias do\u00a0<strong>acidade on\u00a0<\/strong>no WhatsApp.\u00a0<a href=\"https:\/\/chat.whatsapp.com\/Fg4ok3aAVyB59DP63pRapr\" target=\"_blank\" rel=\"noreferrer noopener\">Para entrar no grupo, basta clicar aqui.<\/a><\/p>\n<p>Fa\u00e7a uma den\u00fancia ou sugira uma reportagem sobre Ribeir\u00e3o Preto e regi\u00e3o pelo WhatsApp: 16 99117 7802.<\/p>\n<p><!-- CONTENT END 1 -->\n<\/div>\n<\/div>\n<p><script async src=\"\/\/www.instagram.com\/embed.js\"><\/script><br \/>\n<br \/><br \/>\n<br \/><a href=\"https:\/\/www.acidadeon.com\/ribeiraopreto\/cotidiano\/receita-federal-apreende-r-200-mil-em-celulares-perfumes-e-cigarros-eletronicos-em-ribeirao\/\">Source link <\/a><\/p>\n","protected":false},"excerpt":{"rendered":"<p>Uma opera\u00e7\u00e3o conjunta da Receita Federal e dos Correios apreendeu cerca de R$ 200 mil em celulares, tablets, computadores, medicamentos de uso controlado, perfumes e&#8230;<\/p>\n","protected":false},"author":1,"featured_media":77814,"comment_status":"open","ping_status":"open","sticky":false,"template":"","format":"standard","meta":{"_uag_custom_page_level_css":"","advanced_seo_description":"","jetpack_seo_html_title":"","jetpack_seo_noindex":false,"jetpack_post_was_ever_published":false,"_jetpack_newsletter_access":"","_jetpack_dont_email_post_to_subs":false,"_jetpack_newsletter_tier_id":0,"_jetpack_memberships_contains_paywalled_content":false,"_jetpack_memberships_contains_paid_content":false,"footnotes":"","jetpack_publicize_message":"","jetpack_publicize_feature_enabled":true,"jetpack_social_post_already_shared":true,"jetpack_social_options":{"image_generator_settings":{"template":"highway","default_image_id":0,"font":"","enabled":false},"version":2}},"categories":[11],"tags":[],"class_list":["post-77813","post","type-post","status-publish","format-standard","has-post-thumbnail","hentry","category-noticias-de-ribeirao-preto-sp-e-regiao-ismael-colosi"],"jetpack_publicize_connections":[],"jetpack_featured_media_url":"https:\/\/i0.wp.com\/ismaelcolosi.com.br\/wp-content\/uploads\/2024\/11\/WhatsApp-Image-2024-11-28-at-10.53.05_2024-11-28_18-44-38_jpeg_2024-11-28_18-44-38.webp.webp?fit=1280%2C1064&ssl=1","uagb_featured_image_src":{"full":["https:\/\/i0.wp.com\/ismaelcolosi.com.br\/wp-content\/uploads\/2024\/11\/WhatsApp-Image-2024-11-28-at-10.53.05_2024-11-28_18-44-38_jpeg_2024-11-28_18-44-38.webp.webp?fit=1280%2C1064&ssl=1",1280,1064,false],"thumbnail":["https:\/\/i0.wp.com\/ismaelcolosi.com.br\/wp-content\/uploads\/2024\/11\/WhatsApp-Image-2024-11-28-at-10.53.05_2024-11-28_18-44-38_jpeg_2024-11-28_18-44-38.webp.webp?resize=150%2C150&ssl=1",150,150,true],"medium":["https:\/\/i0.wp.com\/ismaelcolosi.com.br\/wp-content\/uploads\/2024\/11\/WhatsApp-Image-2024-11-28-at-10.53.05_2024-11-28_18-44-38_jpeg_2024-11-28_18-44-38.webp.webp?fit=300%2C249&ssl=1",300,249,true],"medium_large":["https:\/\/i0.wp.com\/ismaelcolosi.com.br\/wp-content\/uploads\/2024\/11\/WhatsApp-Image-2024-11-28-at-10.53.05_2024-11-28_18-44-38_jpeg_2024-11-28_18-44-38.webp.webp?fit=768%2C638&ssl=1",768,638,true],"large":["https:\/\/i0.wp.com\/ismaelcolosi.com.br\/wp-content\/uploads\/2024\/11\/WhatsApp-Image-2024-11-28-at-10.53.05_2024-11-28_18-44-38_jpeg_2024-11-28_18-44-38.webp.webp?fit=1024%2C851&ssl=1",1024,851,true],"1536x1536":["https:\/\/i0.wp.com\/ismaelcolosi.com.br\/wp-content\/uploads\/2024\/11\/WhatsApp-Image-2024-11-28-at-10.53.05_2024-11-28_18-44-38_jpeg_2024-11-28_18-44-38.webp.webp?fit=1280%2C1064&ssl=1",1280,1064,true],"2048x2048":["https:\/\/i0.wp.com\/ismaelcolosi.com.br\/wp-content\/uploads\/2024\/11\/WhatsApp-Image-2024-11-28-at-10.53.05_2024-11-28_18-44-38_jpeg_2024-11-28_18-44-38.webp.webp?fit=1280%2C1064&ssl=1",1280,1064,true],"really-simple-thumb":["https:\/\/i0.wp.com\/ismaelcolosi.com.br\/wp-content\/uploads\/2024\/11\/WhatsApp-Image-2024-11-28-at-10.53.05_2024-11-28_18-44-38_jpeg_2024-11-28_18-44-38.webp.webp?resize=370%2C247&ssl=1",370,247,true]},"uagb_author_info":{"display_name":"ismaelcolosi.com.br","author_link":"https:\/\/ismaelcolosi.com.br\/index.php\/author\/vidareal-online\/"},"uagb_comment_info":0,"uagb_excerpt":"Uma opera\u00e7\u00e3o conjunta da Receita Federal e dos Correios apreendeu cerca de R$ 200 mil em celulares, tablets, computadores, medicamentos de uso controlado, perfumes e...","jetpack-related-posts":[{"id":79415,"url":"https:\/\/ismaelcolosi.com.br\/index.php\/2024\/12\/16\/cranio-e-encontrado-em-terreno-atras-de-escola-em-ribeirao-preto\/","url_meta":{"origin":77813,"position":0},"title":"Cr\u00e2nio \u00e9 encontrado em terreno atr\u00e1s de escola em Ribeir\u00e3o Preto","author":"ismaelcolosi.com.br","date":"16 de December de 2024","format":false,"excerpt":"Um cr\u00e2nio foi encontrado na tarde da \u00faltima sexta-feira (13), em um terreno localizado atr\u00e1s de uma escola no Jardim Pedra Branca, zona Leste de Ribeir\u00e3o Preto. Segundo o boletim de ocorr\u00eancia (BO), o cr\u00e2nio foi localizado por pessoas que limpavam a \u00e1rea, nos fundos na Emei Dr. Wilson Roselino,\u2026","rel":"","context":"In &quot;Not\u00edcias de Ribeir\u00e3o Preto-SP e Regi\u00e3o&quot;","block_context":{"text":"Not\u00edcias de Ribeir\u00e3o Preto-SP e Regi\u00e3o","link":"https:\/\/ismaelcolosi.com.br\/index.php\/category\/noticias-de-ribeirao-preto-sp-e-regiao-ismael-colosi\/"},"img":{"alt_text":"","src":"https:\/\/ismaelcolosi.com.br\/wp-content\/uploads\/2024\/02\/whatsapp_image_2022-08-14_at_12_10_03.jpe","width":350,"height":200,"srcset":"https:\/\/ismaelcolosi.com.br\/wp-content\/uploads\/2024\/02\/whatsapp_image_2022-08-14_at_12_10_03.jpe 1x, https:\/\/ismaelcolosi.com.br\/wp-content\/uploads\/2024\/02\/whatsapp_image_2022-08-14_at_12_10_03.jpe 1.5x, https:\/\/ismaelcolosi.com.br\/wp-content\/uploads\/2024\/02\/whatsapp_image_2022-08-14_at_12_10_03.jpe 2x, https:\/\/ismaelcolosi.com.br\/wp-content\/uploads\/2024\/02\/whatsapp_image_2022-08-14_at_12_10_03.jpe 3x"},"classes":[]},{"id":76608,"url":"https:\/\/ismaelcolosi.com.br\/index.php\/2024\/11\/14\/homem-e-preso-por-torturar-e-manter-esposa-e-filha-em-carcere-privado-em-ribeirao\/","url_meta":{"origin":77813,"position":1},"title":"Homem \u00e9 preso por torturar e manter esposa e filha em c\u00e1rcere privado em Ribeir\u00e3o","author":"ismaelcolosi.com.br","date":"14 de November de 2024","format":false,"excerpt":"Na tarde de quarta-feira (13), um homem foi preso suspeito de torturar a mulher, gr\u00e1vida de 8 meses, e a filha de 7 anos. Elas viviam em c\u00e1rcere privado h\u00e1 tr\u00eas dias, na casa que morava com o suspeito, no bairro Ipiranga, zona Norte de Ribeir\u00e3o Preto. O boletim de\u2026","rel":"","context":"In &quot;Not\u00edcias de Ribeir\u00e3o Preto-SP e Regi\u00e3o&quot;","block_context":{"text":"Not\u00edcias de Ribeir\u00e3o Preto-SP e Regi\u00e3o","link":"https:\/\/ismaelcolosi.com.br\/index.php\/category\/noticias-de-ribeirao-preto-sp-e-regiao-ismael-colosi\/"},"img":{"alt_text":"","src":"https:\/\/i0.wp.com\/ismaelcolosi.com.br\/wp-content\/uploads\/2024\/11\/Copia-de-Copia-de-Copia-de-TAMANHO-EXATO-PARA-FOTOS-NO-SISTEMA-NOVO-96_2024-11-14_20-08-10_png_2024-11-14_20-08-10.webp.webp?fit=1200%2C675&ssl=1&resize=350%2C200","width":350,"height":200,"srcset":"https:\/\/i0.wp.com\/ismaelcolosi.com.br\/wp-content\/uploads\/2024\/11\/Copia-de-Copia-de-Copia-de-TAMANHO-EXATO-PARA-FOTOS-NO-SISTEMA-NOVO-96_2024-11-14_20-08-10_png_2024-11-14_20-08-10.webp.webp?fit=1200%2C675&ssl=1&resize=350%2C200 1x, https:\/\/i0.wp.com\/ismaelcolosi.com.br\/wp-content\/uploads\/2024\/11\/Copia-de-Copia-de-Copia-de-TAMANHO-EXATO-PARA-FOTOS-NO-SISTEMA-NOVO-96_2024-11-14_20-08-10_png_2024-11-14_20-08-10.webp.webp?fit=1200%2C675&ssl=1&resize=525%2C300 1.5x, https:\/\/i0.wp.com\/ismaelcolosi.com.br\/wp-content\/uploads\/2024\/11\/Copia-de-Copia-de-Copia-de-TAMANHO-EXATO-PARA-FOTOS-NO-SISTEMA-NOVO-96_2024-11-14_20-08-10_png_2024-11-14_20-08-10.webp.webp?fit=1200%2C675&ssl=1&resize=700%2C400 2x, https:\/\/i0.wp.com\/ismaelcolosi.com.br\/wp-content\/uploads\/2024\/11\/Copia-de-Copia-de-Copia-de-TAMANHO-EXATO-PARA-FOTOS-NO-SISTEMA-NOVO-96_2024-11-14_20-08-10_png_2024-11-14_20-08-10.webp.webp?fit=1200%2C675&ssl=1&resize=1050%2C600 3x"},"classes":[]},{"id":74306,"url":"https:\/\/ismaelcolosi.com.br\/index.php\/2024\/10\/30\/motorista-que-derrubou-poste-em-ribeirao-estava-alcoolizado-e-ameacou-policiais\/","url_meta":{"origin":77813,"position":2},"title":"Motorista que derrubou poste em Ribeir\u00e3o estava alcoolizado e amea\u00e7ou policiais","author":"ismaelcolosi.com.br","date":"30 de October de 2024","format":false,"excerpt":"Um motorista bateu o ve\u00edculo em um poste de energia e arrancou parte da fia\u00e7\u00e3o el\u00e9trica, no bairro Parque dos Servidores, zona Leste de\u00a0Ribeir\u00e3o Preto, na noite desta ter\u00e7a-feira (30). Ele foi preso ap\u00f3s amea\u00e7ar os policiais e testar positivo para bebida \u00e1lcoolica no baf\u00f4metro. Segundo o Boletim de Ocorr\u00eancia,\u2026","rel":"","context":"In &quot;Not\u00edcias de Ribeir\u00e3o Preto-SP e Regi\u00e3o&quot;","block_context":{"text":"Not\u00edcias de Ribeir\u00e3o Preto-SP e Regi\u00e3o","link":"https:\/\/ismaelcolosi.com.br\/index.php\/category\/noticias-de-ribeirao-preto-sp-e-regiao-ismael-colosi\/"},"img":{"alt_text":"","src":"https:\/\/i0.wp.com\/ismaelcolosi.com.br\/wp-content\/uploads\/2024\/10\/Sem-titulo_2024-10-30_19-59-59_png_2024-10-30_19-59-59.webp.webp?fit=979%2C543&ssl=1&resize=350%2C200","width":350,"height":200,"srcset":"https:\/\/i0.wp.com\/ismaelcolosi.com.br\/wp-content\/uploads\/2024\/10\/Sem-titulo_2024-10-30_19-59-59_png_2024-10-30_19-59-59.webp.webp?fit=979%2C543&ssl=1&resize=350%2C200 1x, https:\/\/i0.wp.com\/ismaelcolosi.com.br\/wp-content\/uploads\/2024\/10\/Sem-titulo_2024-10-30_19-59-59_png_2024-10-30_19-59-59.webp.webp?fit=979%2C543&ssl=1&resize=525%2C300 1.5x, https:\/\/i0.wp.com\/ismaelcolosi.com.br\/wp-content\/uploads\/2024\/10\/Sem-titulo_2024-10-30_19-59-59_png_2024-10-30_19-59-59.webp.webp?fit=979%2C543&ssl=1&resize=700%2C400 2x"},"classes":[]},{"id":79271,"url":"https:\/\/ismaelcolosi.com.br\/index.php\/2024\/12\/14\/governador-anuncia-afastamento-de-pms-que-agrediram-faxineiro-em-ribeirao\/","url_meta":{"origin":77813,"position":3},"title":"Governador anuncia afastamento de PMs que agrediram faxineiro em Ribeir\u00e3o","author":"ismaelcolosi.com.br","date":"14 de December de 2024","format":false,"excerpt":"Na manh\u00e3 deste s\u00e1bado (14), durante a reinaugura\u00e7\u00e3o do aeroporto Tenente Lund Presotto, em Franca, o governador Tarc\u00edsio de Freitas (Republicanos), anunciou que os policiais militares envolvidos na agress\u00e3o ao faxineiro Kauan Yuri da Silva Oliveira foram afastados de suas fun\u00e7\u00f5es. De acordo com Tarc\u00edsio, os agentes foram\u00a0detidos, est\u00e3o fora\u2026","rel":"","context":"In &quot;Not\u00edcias de Ribeir\u00e3o Preto-SP e Regi\u00e3o&quot;","block_context":{"text":"Not\u00edcias de Ribeir\u00e3o Preto-SP e Regi\u00e3o","link":"https:\/\/ismaelcolosi.com.br\/index.php\/category\/noticias-de-ribeirao-preto-sp-e-regiao-ismael-colosi\/"},"img":{"alt_text":"","src":"https:\/\/i0.wp.com\/ismaelcolosi.com.br\/wp-content\/uploads\/2024\/12\/PM_2024-12-12_15-33-26_png_2024-12-12_15-33-26-e1734017625253.webp.webp?fit=1200%2C636&ssl=1&resize=350%2C200","width":350,"height":200,"srcset":"https:\/\/i0.wp.com\/ismaelcolosi.com.br\/wp-content\/uploads\/2024\/12\/PM_2024-12-12_15-33-26_png_2024-12-12_15-33-26-e1734017625253.webp.webp?fit=1200%2C636&ssl=1&resize=350%2C200 1x, https:\/\/i0.wp.com\/ismaelcolosi.com.br\/wp-content\/uploads\/2024\/12\/PM_2024-12-12_15-33-26_png_2024-12-12_15-33-26-e1734017625253.webp.webp?fit=1200%2C636&ssl=1&resize=525%2C300 1.5x, https:\/\/i0.wp.com\/ismaelcolosi.com.br\/wp-content\/uploads\/2024\/12\/PM_2024-12-12_15-33-26_png_2024-12-12_15-33-26-e1734017625253.webp.webp?fit=1200%2C636&ssl=1&resize=700%2C400 2x, https:\/\/i0.wp.com\/ismaelcolosi.com.br\/wp-content\/uploads\/2024\/12\/PM_2024-12-12_15-33-26_png_2024-12-12_15-33-26-e1734017625253.webp.webp?fit=1200%2C636&ssl=1&resize=1050%2C600 3x"},"classes":[]},{"id":78097,"url":"https:\/\/ismaelcolosi.com.br\/index.php\/2024\/12\/02\/motociclista-morre-apos-bater-moto-em-poste-em-avenida-de-ribeirao-preto\/","url_meta":{"origin":77813,"position":4},"title":"Motociclista morre ap\u00f3s bater moto em poste em avenida de Ribeir\u00e3o Preto","author":"ismaelcolosi.com.br","date":"2 de December de 2024","format":false,"excerpt":"Um motociclista de 35 anos morreu na noite deste domingo (1), depois de atingir um poste com a moto na avenida Alfredo Ravaneli, no Parque das Gaivotas, zona Leste de Ribeir\u00e3o Preto. Segundo o boletim de ocorr\u00eancia (BO), a v\u00edtima, identificada como Thiago Ferreira Dias Trovo, faleceu ainda no local,\u2026","rel":"","context":"In &quot;Not\u00edcias de Ribeir\u00e3o Preto-SP e Regi\u00e3o&quot;","block_context":{"text":"Not\u00edcias de Ribeir\u00e3o Preto-SP e Regi\u00e3o","link":"https:\/\/ismaelcolosi.com.br\/index.php\/category\/noticias-de-ribeirao-preto-sp-e-regiao-ismael-colosi\/"},"img":{"alt_text":"","src":"https:\/\/i0.wp.com\/ismaelcolosi.com.br\/wp-content\/uploads\/2024\/10\/SAMU_2024-10-08_12-27-29_jpg_2024-10-08_12-27-29.webp.webp?fit=1200%2C816&ssl=1&resize=350%2C200","width":350,"height":200,"srcset":"https:\/\/i0.wp.com\/ismaelcolosi.com.br\/wp-content\/uploads\/2024\/10\/SAMU_2024-10-08_12-27-29_jpg_2024-10-08_12-27-29.webp.webp?fit=1200%2C816&ssl=1&resize=350%2C200 1x, https:\/\/i0.wp.com\/ismaelcolosi.com.br\/wp-content\/uploads\/2024\/10\/SAMU_2024-10-08_12-27-29_jpg_2024-10-08_12-27-29.webp.webp?fit=1200%2C816&ssl=1&resize=525%2C300 1.5x, https:\/\/i0.wp.com\/ismaelcolosi.com.br\/wp-content\/uploads\/2024\/10\/SAMU_2024-10-08_12-27-29_jpg_2024-10-08_12-27-29.webp.webp?fit=1200%2C816&ssl=1&resize=700%2C400 2x, https:\/\/i0.wp.com\/ismaelcolosi.com.br\/wp-content\/uploads\/2024\/10\/SAMU_2024-10-08_12-27-29_jpg_2024-10-08_12-27-29.webp.webp?fit=1200%2C816&ssl=1&resize=1050%2C600 3x"},"classes":[]},{"id":78284,"url":"https:\/\/ismaelcolosi.com.br\/index.php\/2024\/12\/03\/caminhao-da-coleta-seletiva-descarta-lixo-de-forma-irregular-em-ribeirao-video\/","url_meta":{"origin":77813,"position":5},"title":"Caminh\u00e3o da coleta seletiva descarta lixo de forma irregular em Ribeir\u00e3o; V\u00eddeo","author":"ismaelcolosi.com.br","date":"3 de December de 2024","format":false,"excerpt":"Uma moradora de Ribeir\u00e3o Preto flagrou um caminh\u00e3o da coleta seletiva descartando material recicl\u00e1vel em um terreno na rua Japur\u00e1, no bairro Ipiranga, zona Norte de Ribeir\u00e3o Preto, na manh\u00e3 desta ter\u00e7a-feira (3) \u2013 veja o v\u00eddeo abaixo. No registro \u00e9 poss\u00edvel ver dois funcion\u00e1rios e um caminh\u00e3o com a\u2026","rel":"","context":"In &quot;Not\u00edcias de Ribeir\u00e3o Preto-SP e Regi\u00e3o&quot;","block_context":{"text":"Not\u00edcias de Ribeir\u00e3o Preto-SP e Regi\u00e3o","link":"https:\/\/ismaelcolosi.com.br\/index.php\/category\/noticias-de-ribeirao-preto-sp-e-regiao-ismael-colosi\/"},"img":{"alt_text":"","src":"https:\/\/i0.wp.com\/ismaelcolosi.com.br\/wp-content\/uploads\/2024\/12\/Copia-de-Copia-de-Copia-de-TAMANHO-EXATO-PARA-FOTOS-NO-SISTEMA-NOVO-2024-12-03T181125.786_2024-12-03_21-11-42_png_2024-12-03_21-11-42.webp.webp?fit=1200%2C675&ssl=1&resize=350%2C200","width":350,"height":200,"srcset":"https:\/\/i0.wp.com\/ismaelcolosi.com.br\/wp-content\/uploads\/2024\/12\/Copia-de-Copia-de-Copia-de-TAMANHO-EXATO-PARA-FOTOS-NO-SISTEMA-NOVO-2024-12-03T181125.786_2024-12-03_21-11-42_png_2024-12-03_21-11-42.webp.webp?fit=1200%2C675&ssl=1&resize=350%2C200 1x, https:\/\/i0.wp.com\/ismaelcolosi.com.br\/wp-content\/uploads\/2024\/12\/Copia-de-Copia-de-Copia-de-TAMANHO-EXATO-PARA-FOTOS-NO-SISTEMA-NOVO-2024-12-03T181125.786_2024-12-03_21-11-42_png_2024-12-03_21-11-42.webp.webp?fit=1200%2C675&ssl=1&resize=525%2C300 1.5x, https:\/\/i0.wp.com\/ismaelcolosi.com.br\/wp-content\/uploads\/2024\/12\/Copia-de-Copia-de-Copia-de-TAMANHO-EXATO-PARA-FOTOS-NO-SISTEMA-NOVO-2024-12-03T181125.786_2024-12-03_21-11-42_png_2024-12-03_21-11-42.webp.webp?fit=1200%2C675&ssl=1&resize=700%2C400 2x, https:\/\/i0.wp.com\/ismaelcolosi.com.br\/wp-content\/uploads\/2024\/12\/Copia-de-Copia-de-Copia-de-TAMANHO-EXATO-PARA-FOTOS-NO-SISTEMA-NOVO-2024-12-03T181125.786_2024-12-03_21-11-42_png_2024-12-03_21-11-42.webp.webp?fit=1200%2C675&ssl=1&resize=1050%2C600 3x"},"classes":[]}],"jetpack_sharing_enabled":true,"jetpack_shortlink":"https:\/\/wp.me\/pfMlyK-kf3","_links":{"self":[{"href":"https:\/\/ismaelcolosi.com.br\/index.php\/wp-json\/wp\/v2\/posts\/77813","targetHints":{"allow":["GET"]}}],"collection":[{"href":"https:\/\/ismaelcolosi.com.br\/index.php\/wp-json\/wp\/v2\/posts"}],"about":[{"href":"https:\/\/ismaelcolosi.com.br\/index.php\/wp-json\/wp\/v2\/types\/post"}],"author":[{"embeddable":true,"href":"https:\/\/ismaelcolosi.com.br\/index.php\/wp-json\/wp\/v2\/users\/1"}],"replies":[{"embeddable":true,"href":"https:\/\/ismaelcolosi.com.br\/index.php\/wp-json\/wp\/v2\/comments?post=77813"}],"version-history":[{"count":0,"href":"https:\/\/ismaelcolosi.com.br\/index.php\/wp-json\/wp\/v2\/posts\/77813\/revisions"}],"wp:featuredmedia":[{"embeddable":true,"href":"https:\/\/ismaelcolosi.com.br\/index.php\/wp-json\/wp\/v2\/media\/77814"}],"wp:attachment":[{"href":"https:\/\/ismaelcolosi.com.br\/index.php\/wp-json\/wp\/v2\/media?parent=77813"}],"wp:term":[{"taxonomy":"category","embeddable":true,"href":"https:\/\/ismaelcolosi.com.br\/index.php\/wp-json\/wp\/v2\/categories?post=77813"},{"taxonomy":"post_tag","embeddable":true,"href":"https:\/\/ismaelcolosi.com.br\/index.php\/wp-json\/wp\/v2\/tags?post=77813"}],"curies":[{"name":"wp","href":"https:\/\/api.w.org\/{rel}","templated":true}]}}