{"id":77784,"date":"2024-11-28T12:04:53","date_gmt":"2024-11-28T15:04:53","guid":{"rendered":"https:\/\/ismaelcolosi.com.br\/index.php\/2024\/11\/28\/policia-prende-tres-em-operacao-conjunta-na-regiao\/"},"modified":"2024-11-28T12:04:53","modified_gmt":"2024-11-28T15:04:53","slug":"policia-prende-tres-em-operacao-conjunta-na-regiao","status":"publish","type":"post","link":"https:\/\/ismaelcolosi.com.br\/index.php\/2024\/11\/28\/policia-prende-tres-em-operacao-conjunta-na-regiao\/","title":{"rendered":"Pol\u00edcia prende tr\u00eas em opera\u00e7\u00e3o conjunta na regi\u00e3o"},"content":{"rendered":"<p> <br \/>\n<\/p>\n<div>\n<p>Por: Adalberto Luque<\/p>\n<p>Uma opera\u00e7\u00e3o policial resultou na pris\u00e3o de tr\u00eas pessoas e na recupera\u00e7\u00e3o de acess\u00f3rios agr\u00edcolas avaliados em R$ 500 mil. A a\u00e7\u00e3o foi realizada contra alvos nas cidades de Lu\u00eds Ant\u00f4nio, Cravinhos e S\u00e3o Sim\u00e3o, todas cidades da regi\u00e3o metropolitana de Ribeir\u00e3o Preto.<\/p>\n<p>A Opera\u00e7\u00e3o Geoagro est\u00e1 em sua 3\u00aa Fase e \u00e9 resultado de um trabalho de investiga\u00e7\u00e3o realizado pela Delegacia Especializada de Combate a Crimes Rurais (Deleagro) de Mato Grosso do Sul. O objetivo \u00e9 combater um grupo especializado em obter, adulterar equipamentos de GPS, utilizados para orientar m\u00e1quinas agr\u00edcolas em atividade no campo.<\/p>\n<figure id=\"attachment_410969\" aria-describedby=\"caption-attachment-410969\" style=\"width: 723px\" class=\"wp-caption alignnone\"><img data-recalc-dims=\"1\" loading=\"lazy\" decoding=\"async\" class=\"wp-image-410969 lazyload\" src=\"https:\/\/i0.wp.com\/www.tribunaribeirao.com.br\/wp-content\/uploads\/2024\/11\/28nov2024-operacaoms2-scaled.jpg?resize=723%2C733&#038;ssl=1\" alt=\"\" width=\"723\" height=\"733\" srcset=\"https:\/\/www.tribunaribeirao.com.br\/wp-content\/uploads\/2024\/11\/28nov2024-operacaoms2-scaled.jpg 493w, https:\/\/www.tribunaribeirao.com.br\/wp-content\/uploads\/2024\/11\/28nov2024-operacaoms2-296x300.jpg 296w, https:\/\/www.tribunaribeirao.com.br\/wp-content\/uploads\/2024\/11\/28nov2024-operacaoms2-768x779.jpg 768w, https:\/\/www.tribunaribeirao.com.br\/wp-content\/uploads\/2024\/11\/28nov2024-operacaoms2-394x400.jpg 394w, https:\/\/www.tribunaribeirao.com.br\/wp-content\/uploads\/2024\/11\/28nov2024-operacaoms2-585x594.jpg 585w\" data-sizes=\"auto, (max-width: 723px) 100vw, 723px\" style=\"--smush-placeholder-width: 723px; --smush-placeholder-aspect-ratio: 723\/733;\"\/><img data-recalc-dims=\"1\" loading=\"lazy\" decoding=\"async\" class=\" wp-image-410969\" src=\"https:\/\/i0.wp.com\/www.tribunaribeirao.com.br\/wp-content\/uploads\/2024\/11\/28nov2024-operacaoms2-scaled.jpg?resize=723%2C733&#038;ssl=1\" alt=\"\" width=\"723\" height=\"733\" srcset=\"https:\/\/www.tribunaribeirao.com.br\/wp-content\/uploads\/2024\/11\/28nov2024-operacaoms2-scaled.jpg 493w, https:\/\/www.tribunaribeirao.com.br\/wp-content\/uploads\/2024\/11\/28nov2024-operacaoms2-296x300.jpg 296w, https:\/\/www.tribunaribeirao.com.br\/wp-content\/uploads\/2024\/11\/28nov2024-operacaoms2-768x779.jpg 768w, https:\/\/www.tribunaribeirao.com.br\/wp-content\/uploads\/2024\/11\/28nov2024-operacaoms2-394x400.jpg 394w, https:\/\/www.tribunaribeirao.com.br\/wp-content\/uploads\/2024\/11\/28nov2024-operacaoms2-585x594.jpg 585w\" sizes=\"auto, (max-width: 723px) 100vw, 723px\"\/><figcaption id=\"caption-attachment-410969\" class=\"wp-caption-text\">Equipamentos de GPS avaliados em R$ 500 mil foram recuperados (Foto: DEIC\/Divulga\u00e7\u00e3o)<\/figcaption><\/figure>\n<p>\u201cA investiga\u00e7\u00e3o est\u00e1 voltada para enfrentamento de uma c\u00e9lula criminosa que atua na pr\u00e1tica de furto, recepta\u00e7\u00e3o, adultera\u00e7\u00e3o e com\u00e9rcio ilegal de equipamentos de alta tecnologia empregados no agroneg\u00f3cio\u201d, explicou o diretor da DEIC, delegado Kleber de Oliveira Granja.<\/p>\n<p>A a\u00e7\u00e3o da Deleagro contou com apoio do Grupo de Opera\u00e7\u00f5es Especiais (GOE) da Divis\u00e3o Especializada de Investiga\u00e7\u00f5es Criminais (DEIC) de Ribeir\u00e3o Preto. Foram feitas dilig\u00eancias nas tr\u00eas cidades e tr\u00eas pessoas acabaram presas.<\/p>\n<figure id=\"attachment_410970\" aria-describedby=\"caption-attachment-410970\" style=\"width: 735px\" class=\"wp-caption alignnone\"><img data-recalc-dims=\"1\" loading=\"lazy\" decoding=\"async\" class=\"wp-image-410970 lazyload\" src=\"https:\/\/i0.wp.com\/www.tribunaribeirao.com.br\/wp-content\/uploads\/2024\/11\/28nov2024-operacaoms3-scaled.jpg?resize=735%2C551&#038;ssl=1\" alt=\"\" width=\"735\" height=\"551\" srcset=\"https:\/\/www.tribunaribeirao.com.br\/wp-content\/uploads\/2024\/11\/28nov2024-operacaoms3-scaled.jpg 667w, https:\/\/www.tribunaribeirao.com.br\/wp-content\/uploads\/2024\/11\/28nov2024-operacaoms3-300x225.jpg 300w, https:\/\/www.tribunaribeirao.com.br\/wp-content\/uploads\/2024\/11\/28nov2024-operacaoms3-1024x768.jpg 1024w, https:\/\/www.tribunaribeirao.com.br\/wp-content\/uploads\/2024\/11\/28nov2024-operacaoms3-768x576.jpg 768w, https:\/\/www.tribunaribeirao.com.br\/wp-content\/uploads\/2024\/11\/28nov2024-operacaoms3-760x570.jpg 760w, https:\/\/www.tribunaribeirao.com.br\/wp-content\/uploads\/2024\/11\/28nov2024-operacaoms3-960x720.jpg 960w, https:\/\/www.tribunaribeirao.com.br\/wp-content\/uploads\/2024\/11\/28nov2024-operacaoms3-533x400.jpg 533w, https:\/\/www.tribunaribeirao.com.br\/wp-content\/uploads\/2024\/11\/28nov2024-operacaoms3-585x439.jpg 585w\" data-sizes=\"auto, (max-width: 735px) 100vw, 735px\" style=\"--smush-placeholder-width: 735px; --smush-placeholder-aspect-ratio: 735\/551;\"\/><img data-recalc-dims=\"1\" loading=\"lazy\" decoding=\"async\" class=\" wp-image-410970\" src=\"https:\/\/i0.wp.com\/www.tribunaribeirao.com.br\/wp-content\/uploads\/2024\/11\/28nov2024-operacaoms3-scaled.jpg?resize=735%2C551&#038;ssl=1\" alt=\"\" width=\"735\" height=\"551\" srcset=\"https:\/\/www.tribunaribeirao.com.br\/wp-content\/uploads\/2024\/11\/28nov2024-operacaoms3-scaled.jpg 667w, https:\/\/www.tribunaribeirao.com.br\/wp-content\/uploads\/2024\/11\/28nov2024-operacaoms3-300x225.jpg 300w, https:\/\/www.tribunaribeirao.com.br\/wp-content\/uploads\/2024\/11\/28nov2024-operacaoms3-1024x768.jpg 1024w, https:\/\/www.tribunaribeirao.com.br\/wp-content\/uploads\/2024\/11\/28nov2024-operacaoms3-768x576.jpg 768w, https:\/\/www.tribunaribeirao.com.br\/wp-content\/uploads\/2024\/11\/28nov2024-operacaoms3-760x570.jpg 760w, https:\/\/www.tribunaribeirao.com.br\/wp-content\/uploads\/2024\/11\/28nov2024-operacaoms3-960x720.jpg 960w, https:\/\/www.tribunaribeirao.com.br\/wp-content\/uploads\/2024\/11\/28nov2024-operacaoms3-533x400.jpg 533w, https:\/\/www.tribunaribeirao.com.br\/wp-content\/uploads\/2024\/11\/28nov2024-operacaoms3-585x439.jpg 585w\" sizes=\"auto, (max-width: 735px) 100vw, 735px\"\/><figcaption id=\"caption-attachment-410970\" class=\"wp-caption-text\">Policiais paulistas e do MS participaram da a\u00e7\u00e3o (Foto: DEIC\/Divulga\u00e7\u00e3o)<\/figcaption><\/figure>\n<p>Dois dos presos foram detidos por posse ilegal de arma de fogo e o terceiro por recepta\u00e7\u00e3o. Al\u00e9m das armas de fogo apreendidas, os agentes recuperaram equipamentos e acess\u00f3rios relacionados a GPS agr\u00edcola avaliados em mais de R$ 500 mil.<\/p>\n<p>Se condenados, as penas para os tr\u00eas presos podem chegar a oito anos de reclus\u00e3o. A Deleagro prossegue com as investiga\u00e7\u00f5es.<\/p>\n<\/div>\n<p><br \/>\n<br \/><a href=\"https:\/\/www.tribunaribeirao.com.br\/policia-prende-tres-em-operacao-conjunta-na-regiao\/\">Source link <\/a><\/p>\n<div class='code-block code-block-4' style='margin: 8px auto 8px 0; text-align: left; display: block; clear: both;'>\n\ud83d\udce2 Aviso Legal\n\nO site ismaelcolosi.com.br atua apenas como um canal de divulga\u00e7\u00e3o de oportunidades de emprego e n\u00e3o se responsabiliza pelo processo seletivo, contrata\u00e7\u00e3o ou qualquer outra etapa relacionada \u00e0s vagas publicadas. Todas as informa\u00e7\u00f5es s\u00e3o de responsabilidade dos anunciantes.\n\n\u26a0\ufe0f Aten\u00e7\u00e3o! Nunca pague por promessas de emprego nem compre cursos que garantam contrata\u00e7\u00e3o. Desconfie de qualquer cobran\u00e7a para participar de sele\u00e7\u00f5es.\n\n\n\n<\/div>\n<!-- CONTENT END 1 -->\n","protected":false},"excerpt":{"rendered":"<p>Por: Adalberto Luque Uma opera\u00e7\u00e3o policial resultou na pris\u00e3o de tr\u00eas pessoas e na recupera\u00e7\u00e3o de acess\u00f3rios agr\u00edcolas avaliados em R$ 500 mil. A a\u00e7\u00e3o&#8230;<\/p>\n","protected":false},"author":1,"featured_media":77785,"comment_status":"open","ping_status":"open","sticky":false,"template":"","format":"standard","meta":{"_uag_custom_page_level_css":"","advanced_seo_description":"","jetpack_seo_html_title":"","jetpack_seo_noindex":false,"jetpack_post_was_ever_published":false,"_jetpack_newsletter_access":"","_jetpack_dont_email_post_to_subs":false,"_jetpack_newsletter_tier_id":0,"_jetpack_memberships_contains_paywalled_content":false,"_jetpack_memberships_contains_paid_content":false,"footnotes":"","jetpack_publicize_message":"","jetpack_publicize_feature_enabled":true,"jetpack_social_post_already_shared":true,"jetpack_social_options":{"image_generator_settings":{"template":"highway","default_image_id":0,"font":"","enabled":false},"version":2}},"categories":[11],"tags":[],"class_list":["post-77784","post","type-post","status-publish","format-standard","has-post-thumbnail","hentry","category-noticias-de-ribeirao-preto-sp-e-regiao-ismael-colosi"],"jetpack_publicize_connections":[],"jetpack_featured_media_url":"https:\/\/i0.wp.com\/ismaelcolosi.com.br\/wp-content\/uploads\/2024\/11\/28nov2024-operacaoms1-scaled.jpg?fit=667%2C500&ssl=1","uagb_featured_image_src":{"full":["https:\/\/i0.wp.com\/ismaelcolosi.com.br\/wp-content\/uploads\/2024\/11\/28nov2024-operacaoms1-scaled.jpg?fit=667%2C500&ssl=1",667,500,false],"thumbnail":["https:\/\/i0.wp.com\/ismaelcolosi.com.br\/wp-content\/uploads\/2024\/11\/28nov2024-operacaoms1-scaled.jpg?resize=150%2C150&ssl=1",150,150,true],"medium":["https:\/\/i0.wp.com\/ismaelcolosi.com.br\/wp-content\/uploads\/2024\/11\/28nov2024-operacaoms1-scaled.jpg?fit=300%2C225&ssl=1",300,225,true],"medium_large":["https:\/\/i0.wp.com\/ismaelcolosi.com.br\/wp-content\/uploads\/2024\/11\/28nov2024-operacaoms1-scaled.jpg?fit=667%2C500&ssl=1",667,500,true],"large":["https:\/\/i0.wp.com\/ismaelcolosi.com.br\/wp-content\/uploads\/2024\/11\/28nov2024-operacaoms1-scaled.jpg?fit=667%2C500&ssl=1",667,500,true],"1536x1536":["https:\/\/i0.wp.com\/ismaelcolosi.com.br\/wp-content\/uploads\/2024\/11\/28nov2024-operacaoms1-scaled.jpg?fit=667%2C500&ssl=1",667,500,true],"2048x2048":["https:\/\/i0.wp.com\/ismaelcolosi.com.br\/wp-content\/uploads\/2024\/11\/28nov2024-operacaoms1-scaled.jpg?fit=667%2C500&ssl=1",667,500,true],"really-simple-thumb":["https:\/\/i0.wp.com\/ismaelcolosi.com.br\/wp-content\/uploads\/2024\/11\/28nov2024-operacaoms1-scaled.jpg?resize=370%2C247&ssl=1",370,247,true]},"uagb_author_info":{"display_name":"ismaelcolosi.com.br","author_link":"https:\/\/ismaelcolosi.com.br\/index.php\/author\/vidareal-online\/"},"uagb_comment_info":0,"uagb_excerpt":"Por: Adalberto Luque Uma opera\u00e7\u00e3o policial resultou na pris\u00e3o de tr\u00eas pessoas e na recupera\u00e7\u00e3o de acess\u00f3rios agr\u00edcolas avaliados em R$ 500 mil. A a\u00e7\u00e3o...","jetpack-related-posts":[{"id":74190,"url":"https:\/\/ismaelcolosi.com.br\/index.php\/2024\/10\/30\/pf-realiza-operacao-contra-defensivos-agricolas-na-regiao\/","url_meta":{"origin":77784,"position":0},"title":"PF realiza opera\u00e7\u00e3o contra defensivos agr\u00edcolas na regi\u00e3o","author":"ismaelcolosi.com.br","date":"30 de October de 2024","format":false,"excerpt":"Por: Adalberto Luque Agentes da Pol\u00edcia Federal, em conjunto com o Minist\u00e9rio da Agricultura e Pecu\u00e1ria, cumpriram, na manh\u00e3 desta quarta-feira (30), dois mandados de busca e apreens\u00e3o para apurar a importa\u00e7\u00e3o, fabrica\u00e7\u00e3o e comercializa\u00e7\u00e3o de subst\u00e2ncias agrot\u00f3xicas ilegais. A Opera\u00e7\u00e3o Terra Limpa, conduzida pela Delegacia da PF em Campinas,\u2026","rel":"","context":"In &quot;Not\u00edcias de Ribeir\u00e3o Preto-SP e Regi\u00e3o&quot;","block_context":{"text":"Not\u00edcias de Ribeir\u00e3o Preto-SP e Regi\u00e3o","link":"https:\/\/ismaelcolosi.com.br\/index.php\/category\/noticias-de-ribeirao-preto-sp-e-regiao-ismael-colosi\/"},"img":{"alt_text":"","src":"https:\/\/i0.wp.com\/ismaelcolosi.com.br\/wp-content\/uploads\/2024\/10\/30out2024pftaquaritinga.jpg?fit=768%2C433&ssl=1&resize=350%2C200","width":350,"height":200,"srcset":"https:\/\/i0.wp.com\/ismaelcolosi.com.br\/wp-content\/uploads\/2024\/10\/30out2024pftaquaritinga.jpg?fit=768%2C433&ssl=1&resize=350%2C200 1x, https:\/\/i0.wp.com\/ismaelcolosi.com.br\/wp-content\/uploads\/2024\/10\/30out2024pftaquaritinga.jpg?fit=768%2C433&ssl=1&resize=525%2C300 1.5x, https:\/\/i0.wp.com\/ismaelcolosi.com.br\/wp-content\/uploads\/2024\/10\/30out2024pftaquaritinga.jpg?fit=768%2C433&ssl=1&resize=700%2C400 2x"},"classes":[]},{"id":46258,"url":"https:\/\/ismaelcolosi.com.br\/index.php\/2024\/04\/10\/o-que-se-sabe-sobre-casal-de-ribeirao-preto-preso-por-movimentar-r-600-mil-por-trafico\/","url_meta":{"origin":77784,"position":1},"title":"O que se sabe sobre casal de Ribeir\u00e3o Preto preso por movimentar R$ 600 mil por tr\u00e1fico","author":"ismaelcolosi.com.br","date":"10 de April de 2024","format":false,"excerpt":"O casal preso temporariamente durante a opera\u00e7\u00e3o \u201cSquadrone\u201d realizada na manh\u00e3 desta quarta-feira (10) em Ribeir\u00e3o Preto movimentou R$ 600 mil em contas usadas para a lavagem de dinheiro do tr\u00e1fico de drogas, venda ilegal de armas e muni\u00e7\u00e3o. Segundo o delegado da Dise (Delegacia de Investiga\u00e7\u00f5es sobre Entorpecentes) Di\u00f3genes\u2026","rel":"","context":"In &quot;Not\u00edcias de Ribeir\u00e3o Preto-SP e Regi\u00e3o&quot;","block_context":{"text":"Not\u00edcias de Ribeir\u00e3o Preto-SP e Regi\u00e3o","link":"https:\/\/ismaelcolosi.com.br\/index.php\/category\/noticias-de-ribeirao-preto-sp-e-regiao-ismael-colosi\/"},"img":{"alt_text":"","src":"https:\/\/i0.wp.com\/ismaelcolosi.com.br\/wp-content\/uploads\/2024\/04\/1712772554_OPERACAO.jpg?fit=1200%2C777&ssl=1&resize=350%2C200","width":350,"height":200,"srcset":"https:\/\/i0.wp.com\/ismaelcolosi.com.br\/wp-content\/uploads\/2024\/04\/1712772554_OPERACAO.jpg?fit=1200%2C777&ssl=1&resize=350%2C200 1x, https:\/\/i0.wp.com\/ismaelcolosi.com.br\/wp-content\/uploads\/2024\/04\/1712772554_OPERACAO.jpg?fit=1200%2C777&ssl=1&resize=525%2C300 1.5x, https:\/\/i0.wp.com\/ismaelcolosi.com.br\/wp-content\/uploads\/2024\/04\/1712772554_OPERACAO.jpg?fit=1200%2C777&ssl=1&resize=700%2C400 2x, https:\/\/i0.wp.com\/ismaelcolosi.com.br\/wp-content\/uploads\/2024\/04\/1712772554_OPERACAO.jpg?fit=1200%2C777&ssl=1&resize=1050%2C600 3x"},"classes":[]},{"id":46272,"url":"https:\/\/ismaelcolosi.com.br\/index.php\/2024\/04\/10\/o-que-se-sabe-sobre-casal-de-ribeirao-preto-preso-por-movimentar-r-600-mil-do-trafico\/","url_meta":{"origin":77784,"position":2},"title":"O que se sabe sobre casal de Ribeir\u00e3o Preto preso por movimentar R$ 600 mil do tr\u00e1fico","author":"ismaelcolosi.com.br","date":"10 de April de 2024","format":false,"excerpt":"O casal preso temporariamente durante a opera\u00e7\u00e3o \u201cSquadrone\u201d realizada na manh\u00e3 desta quarta-feira (10) em Ribeir\u00e3o Preto movimentou R$ 600 mil em contas usadas para a lavagem de dinheiro do tr\u00e1fico de drogas, venda ilegal de armas e muni\u00e7\u00e3o. Segundo o delegado da Dise (Delegacia de Investiga\u00e7\u00f5es sobre Entorpecentes) Di\u00f3genes\u2026","rel":"","context":"In &quot;Not\u00edcias de Ribeir\u00e3o Preto-SP e Regi\u00e3o&quot;","block_context":{"text":"Not\u00edcias de Ribeir\u00e3o Preto-SP e Regi\u00e3o","link":"https:\/\/ismaelcolosi.com.br\/index.php\/category\/noticias-de-ribeirao-preto-sp-e-regiao-ismael-colosi\/"},"img":{"alt_text":"","src":"https:\/\/i0.wp.com\/ismaelcolosi.com.br\/wp-content\/uploads\/2024\/04\/1712775534_OPERACAO.jpg?fit=1200%2C777&ssl=1&resize=350%2C200","width":350,"height":200,"srcset":"https:\/\/i0.wp.com\/ismaelcolosi.com.br\/wp-content\/uploads\/2024\/04\/1712775534_OPERACAO.jpg?fit=1200%2C777&ssl=1&resize=350%2C200 1x, https:\/\/i0.wp.com\/ismaelcolosi.com.br\/wp-content\/uploads\/2024\/04\/1712775534_OPERACAO.jpg?fit=1200%2C777&ssl=1&resize=525%2C300 1.5x, https:\/\/i0.wp.com\/ismaelcolosi.com.br\/wp-content\/uploads\/2024\/04\/1712775534_OPERACAO.jpg?fit=1200%2C777&ssl=1&resize=700%2C400 2x, https:\/\/i0.wp.com\/ismaelcolosi.com.br\/wp-content\/uploads\/2024\/04\/1712775534_OPERACAO.jpg?fit=1200%2C777&ssl=1&resize=1050%2C600 3x"},"classes":[]},{"id":16010,"url":"https:\/\/ismaelcolosi.com.br\/index.php\/2023\/12\/14\/utm_sourcerssutm_mediumrssutm_campaigndeic-rp-deflagra-operacao-noel-23-contra-quadrilha-que-promovia-falsos-leiloes-do-detran-no-estado-de-sp\/","url_meta":{"origin":77784,"position":3},"title":"DEIC RP deflagra Opera\u00e7\u00e3o Noel 23 contra quadrilha que promovia falsos leil\u00f5es do Detran no estado de SP \u2013 X Tudo Ribeir\u00e3o","author":"ismaelcolosi.com.br","date":"14 de December de 2023","format":false,"excerpt":"A Divis\u00e3o Especial de Investiga\u00e7\u00f5es Criminais (DEIC) de Ribeir\u00e3o Preto deflagrou, na madrugada desta quinta-feira (14), a \u201cOpera\u00e7\u00e3o Noel 23\u201d, contra uma quadrilha que promovia falsos leil\u00f5es, supostamente de ve\u00edculos apreendidos pelo Detran-SP. A opera\u00e7\u00e3o foi realizada nas cidades de Santo Andr\u00e9 e S\u00e3o Bernardo do Campo, na Grande S\u00e3o\u2026","rel":"","context":"In &quot;Not\u00edcias de Ribeir\u00e3o Preto-SP e Regi\u00e3o&quot;","block_context":{"text":"Not\u00edcias de Ribeir\u00e3o Preto-SP e Regi\u00e3o","link":"https:\/\/ismaelcolosi.com.br\/index.php\/category\/noticias-de-ribeirao-preto-sp-e-regiao-ismael-colosi\/"},"img":{"alt_text":"","src":"https:\/\/i0.wp.com\/ismaelcolosi.com.br\/wp-content\/uploads\/2023\/12\/00-14-dez-2023-operacao-noel-23-00-foto-deic-scaled-1.jpg?fit=1000%2C525&ssl=1&resize=350%2C200","width":350,"height":200,"srcset":"https:\/\/i0.wp.com\/ismaelcolosi.com.br\/wp-content\/uploads\/2023\/12\/00-14-dez-2023-operacao-noel-23-00-foto-deic-scaled-1.jpg?fit=1000%2C525&ssl=1&resize=350%2C200 1x, https:\/\/i0.wp.com\/ismaelcolosi.com.br\/wp-content\/uploads\/2023\/12\/00-14-dez-2023-operacao-noel-23-00-foto-deic-scaled-1.jpg?fit=1000%2C525&ssl=1&resize=525%2C300 1.5x, https:\/\/i0.wp.com\/ismaelcolosi.com.br\/wp-content\/uploads\/2023\/12\/00-14-dez-2023-operacao-noel-23-00-foto-deic-scaled-1.jpg?fit=1000%2C525&ssl=1&resize=700%2C400 2x"},"classes":[]},{"id":76571,"url":"https:\/\/ismaelcolosi.com.br\/index.php\/2024\/11\/14\/policia-civil-prendeu-200-em-operacao-na-regiao\/","url_meta":{"origin":77784,"position":4},"title":"Pol\u00edcia Civil prendeu 200 em opera\u00e7\u00e3o na regi\u00e3o","author":"ismaelcolosi.com.br","date":"14 de November de 2024","format":false,"excerpt":"Por: Adalberto Luque A Pol\u00edcia Civil realizou, entre 8 e 13 de novembro, a Opera\u00e7\u00e3o Proclama\u00e7\u00e3o da Rep\u00fablica. A a\u00e7\u00e3o foi organizada pelo Departamento de Pol\u00edcia Judici\u00e1ria do Interior-3 (Deinter-3), com sede em Ribeir\u00e3o Preto e que coordena os policiais civis em 93 cidades da regi\u00e3o. A informa\u00e7\u00e3o foi divulgada\u2026","rel":"","context":"In &quot;Not\u00edcias de Ribeir\u00e3o Preto-SP e Regi\u00e3o&quot;","block_context":{"text":"Not\u00edcias de Ribeir\u00e3o Preto-SP e Regi\u00e3o","link":"https:\/\/ismaelcolosi.com.br\/index.php\/category\/noticias-de-ribeirao-preto-sp-e-regiao-ismael-colosi\/"},"img":{"alt_text":"","src":"https:\/\/i0.wp.com\/ismaelcolosi.com.br\/wp-content\/uploads\/2024\/11\/14nov2024-operacaorepublica1-scaled.jpg?fit=667%2C500&ssl=1&resize=350%2C200","width":350,"height":200,"srcset":"https:\/\/i0.wp.com\/ismaelcolosi.com.br\/wp-content\/uploads\/2024\/11\/14nov2024-operacaorepublica1-scaled.jpg?fit=667%2C500&ssl=1&resize=350%2C200 1x, https:\/\/i0.wp.com\/ismaelcolosi.com.br\/wp-content\/uploads\/2024\/11\/14nov2024-operacaorepublica1-scaled.jpg?fit=667%2C500&ssl=1&resize=525%2C300 1.5x"},"classes":[]},{"id":50400,"url":"https:\/\/ismaelcolosi.com.br\/index.php\/2024\/05\/16\/pf-de-ribeirao-faz-operacao-contra-lavagem-de-dinheiro-do-trafico-de-drogas-e-contrabando\/","url_meta":{"origin":77784,"position":5},"title":"PF de Ribeir\u00e3o faz opera\u00e7\u00e3o contra lavagem de dinheiro do tr\u00e1fico de drogas e contrabando","author":"ismaelcolosi.com.br","date":"16 de May de 2024","format":false,"excerpt":"A PF (Pol\u00edcia Federal) de Ribeir\u00e3o Preto deflagrou nesta quinta-feira (16) a opera\u00e7\u00e3o Pallium contra uma quadrilha suspeita de integrar em um esquema de lavagem de dinheiro do tr\u00e1fico de drogas e de contrabando. Segundo a PF, s\u00e3o cumpridos 20 mandados de busca em dez cidades localizadas nos estados de\u2026","rel":"","context":"In &quot;Not\u00edcias de Ribeir\u00e3o Preto-SP e Regi\u00e3o&quot;","block_context":{"text":"Not\u00edcias de Ribeir\u00e3o Preto-SP e Regi\u00e3o","link":"https:\/\/ismaelcolosi.com.br\/index.php\/category\/noticias-de-ribeirao-preto-sp-e-regiao-ismael-colosi\/"},"img":{"alt_text":"","src":"https:\/\/i0.wp.com\/ismaelcolosi.com.br\/wp-content\/uploads\/2024\/05\/WhatsApp-Image-2024-05-16-at-08.09.44_2024-05-16_12-05-48_jpeg_2024-05-16_12-05-48.webp.webp?fit=1200%2C554&ssl=1&resize=350%2C200","width":350,"height":200,"srcset":"https:\/\/i0.wp.com\/ismaelcolosi.com.br\/wp-content\/uploads\/2024\/05\/WhatsApp-Image-2024-05-16-at-08.09.44_2024-05-16_12-05-48_jpeg_2024-05-16_12-05-48.webp.webp?fit=1200%2C554&ssl=1&resize=350%2C200 1x, https:\/\/i0.wp.com\/ismaelcolosi.com.br\/wp-content\/uploads\/2024\/05\/WhatsApp-Image-2024-05-16-at-08.09.44_2024-05-16_12-05-48_jpeg_2024-05-16_12-05-48.webp.webp?fit=1200%2C554&ssl=1&resize=525%2C300 1.5x, https:\/\/i0.wp.com\/ismaelcolosi.com.br\/wp-content\/uploads\/2024\/05\/WhatsApp-Image-2024-05-16-at-08.09.44_2024-05-16_12-05-48_jpeg_2024-05-16_12-05-48.webp.webp?fit=1200%2C554&ssl=1&resize=700%2C400 2x, https:\/\/i0.wp.com\/ismaelcolosi.com.br\/wp-content\/uploads\/2024\/05\/WhatsApp-Image-2024-05-16-at-08.09.44_2024-05-16_12-05-48_jpeg_2024-05-16_12-05-48.webp.webp?fit=1200%2C554&ssl=1&resize=1050%2C600 3x"},"classes":[]}],"jetpack_sharing_enabled":true,"jetpack_shortlink":"https:\/\/wp.me\/pfMlyK-keA","_links":{"self":[{"href":"https:\/\/ismaelcolosi.com.br\/index.php\/wp-json\/wp\/v2\/posts\/77784","targetHints":{"allow":["GET"]}}],"collection":[{"href":"https:\/\/ismaelcolosi.com.br\/index.php\/wp-json\/wp\/v2\/posts"}],"about":[{"href":"https:\/\/ismaelcolosi.com.br\/index.php\/wp-json\/wp\/v2\/types\/post"}],"author":[{"embeddable":true,"href":"https:\/\/ismaelcolosi.com.br\/index.php\/wp-json\/wp\/v2\/users\/1"}],"replies":[{"embeddable":true,"href":"https:\/\/ismaelcolosi.com.br\/index.php\/wp-json\/wp\/v2\/comments?post=77784"}],"version-history":[{"count":0,"href":"https:\/\/ismaelcolosi.com.br\/index.php\/wp-json\/wp\/v2\/posts\/77784\/revisions"}],"wp:featuredmedia":[{"embeddable":true,"href":"https:\/\/ismaelcolosi.com.br\/index.php\/wp-json\/wp\/v2\/media\/77785"}],"wp:attachment":[{"href":"https:\/\/ismaelcolosi.com.br\/index.php\/wp-json\/wp\/v2\/media?parent=77784"}],"wp:term":[{"taxonomy":"category","embeddable":true,"href":"https:\/\/ismaelcolosi.com.br\/index.php\/wp-json\/wp\/v2\/categories?post=77784"},{"taxonomy":"post_tag","embeddable":true,"href":"https:\/\/ismaelcolosi.com.br\/index.php\/wp-json\/wp\/v2\/tags?post=77784"}],"curies":[{"name":"wp","href":"https:\/\/api.w.org\/{rel}","templated":true}]}}