{"id":77772,"date":"2024-11-28T11:14:09","date_gmt":"2024-11-28T14:14:09","guid":{"rendered":"https:\/\/ismaelcolosi.com.br\/index.php\/2024\/11\/28\/bureau-defende-retorno-da-secretaria-de-turismo\/"},"modified":"2024-11-28T11:14:09","modified_gmt":"2024-11-28T14:14:09","slug":"bureau-defende-retorno-da-secretaria-de-turismo","status":"publish","type":"post","link":"https:\/\/ismaelcolosi.com.br\/index.php\/2024\/11\/28\/bureau-defende-retorno-da-secretaria-de-turismo\/","title":{"rendered":"Bureau defende retorno da Secretaria de Turismo\u00a0"},"content":{"rendered":"<p> <br \/>\n<\/p>\n<div id=\"\">\n<h2 class=\"penci-post-subtitle\">Prefeito eleito afirma que a cria\u00e7\u00e3o de secretaria espec\u00edfica \u00e9 assunto que ser\u00e1 debatido no decorrer do governo, com base em aspectos t\u00e9cnicos e or\u00e7ament\u00e1rios\u00a0<\/h2>\n<p>\n\t\t\t\t\t\t\t\t\t<span class=\"entry-meta-item penci-posted-on\"><i class=\"fa fa-clock-o\"\/><time class=\"entry-date published\" datetime=\"2024-11-28T11:00:27-03:00\">28 de novembro de 2024<\/time><time class=\"updated\" datetime=\"2024-11-28T09:40:44-03:00\">28 de novembro de 2024<\/time><\/span><span class=\"entry-meta-item penci-post-countview\"><span class=\"entry-meta-item penci-post-countview penci_post-meta_item\"><i class=\"fa fa-eye\"\/><span class=\"penci-post-countview-number penci-post-countview-p410930\">8<\/span><\/span><\/span>\t\t\t\t\t\t\t\t<\/p>\n<p><!-- .entry-meta --><br \/>\n\t\t\t\t\t\t\t\t<span class=\"penci-social-buttons penci-social-share-footer\"><span class=\"penci-social-share-text\">Compartilhar<\/span><a href=\"#\" class=\"penci-post-like penci_post-meta_item  single-like-button penci-social-item like\" data-post_id=\"410930\" title=\"Like\" data-like=\"Like\" data-unlike=\"Unlike\"><i class=\"fa fa-thumbs-o-up\"\/><span class=\"penci-share-number\">0<\/span><\/a><a class=\"penci-social-item facebook\" target=\"_blank\" rel=\"noopener\" title=\"\" href=\"https:\/\/www.facebook.com\/sharer\/sharer.php?u=https%3A%2F%2Fwww.tribunaribeirao.com.br%2Fbureau-defende-retorno-da-secretaria-de-turismo%2F\"><i class=\"fa fa-facebook\"\/><\/a><a class=\"penci-social-item twitter\" target=\"_blank\" rel=\"noopener\" title=\"\" href=\"https:\/\/twitter.com\/intent\/tweet?text=Bureau%20defende%20retorno%20da%20Secretaria%20de%20Turismo\u00a0%20-%20https:\/\/www.tribunaribeirao.com.br\/bureau-defende-retorno-da-secretaria-de-turismo\/\"><i class=\"fa fa-twitter\"\/><\/a><a class=\"penci-social-item linkedin\" target=\"_blank\" rel=\"noopener\" title=\"\" href=\"https:\/\/www.linkedin.com\/shareArticle?mini=true&amp;url=https%3A%2F%2Fwww.tribunaribeirao.com.br%2Fbureau-defende-retorno-da-secretaria-de-turismo%2F&amp;title=Bureau%20defende%20retorno%20da%20Secretaria%20de%20Turismo%C2%A0\"><i class=\"fa fa-linkedin\"\/><\/a><a class=\"penci-social-item whatsapp\" rel=\"noopener\" data-text=\"Bureau defende retorno da Secretaria de Turismo\u00a0\" data-link=\"https:\/\/www.tribunaribeirao.com.br\/bureau-defende-retorno-da-secretaria-de-turismo\/\" href=\"#\"><i class=\"fa fa-whatsapp\"\/><\/a><a class=\"penci-social-item telegram\" target=\"_blank\" rel=\"noopener\" title=\"\" href=\"https:\/\/telegram.me\/share\/url?url=https%3A%2F%2Fwww.tribunaribeirao.com.br%2Fbureau-defende-retorno-da-secretaria-de-turismo%2F&amp;text=Bureau%20defende%20retorno%20da%20Secretaria%20de%20Turismo%C2%A0\"><i class=\"fa fa-telegram\"\/><\/a><a class=\"penci-social-item email\" target=\"_blank\" rel=\"noopener\" href=\"http:\/\/www.tribunaribeirao.com.br\/cdn-cgi\/l\/email-protection#c6f9b5b3a4aca3a5b2fb84b3b4a3a7b3e3f4f6a2a3a0a3a8a2a3e3f4f6b4a3b2a9b4a8a9e3f4f6a2a7e3f4f695a3a5b4a3b2a7b4afa7e3f4f6a2a3e3f4f692b3b4afb5aba90466e0e5f6f5fefd8489829ffbaeb2b2b6b5fce9e9b1b1b1e8b2b4afa4b3a8a7b4afa4a3afb4a7a9e8a5a9abe8a4b4e9a4b3b4a3a7b3eba2a3a0a3a8a2a3ebb4a3b2a9b4a8a9eba2a7ebb5a3a5b4a3b2a7b4afa7eba2a3ebb2b3b4afb5aba9e9\"><i class=\"fa fa-envelope\"\/><\/a><\/span>\t\t\t\t\t\t\t<\/div>\n<div>\n<p><span data-contrast=\"none\">O Convention &amp; Visitors Bureau de Ribeir\u00e3o Preto e Regi\u00e3o entregou of\u00edcio ao prefeito eleito Ricardo Silva (PSD) e ao vice Alessandro Maraca (MDB) defendendo a recria\u00e7\u00e3o da Secretaria Municipal de Turismo a partir de 1\u00ba de janeiro, quando come\u00e7a o novo governo. O documento foi entregue em 12 de novembro e \u00e9 assinado pelo presidente Mauro Moraes de Baptista e pelo vice, Marcio Santiago de Oliveira.<\/span><\/p>\n<p><span data-contrast=\"none\">Ribeir\u00e3o Preto j\u00e1 teve uma pasta exclusiva para o setor. Foi criada em 10 de mar\u00e7o de 2009, na gest\u00e3o de ent\u00e3o prefeita D\u00e1rcy Vera, mas em 28 de dezembro de 2020, no final do primeiro mandato do atual prefeito Duarte Nogueira (PSDB), foi incorporada \u00e0 Secretaria de Cultura.<\/span><\/p>\n<p><span data-contrast=\"none\">Segundo o of\u00edcio, o setor, embora seja um dos que mais geram empregos, tributos e renda no Brasil, sempre foi subavaliado pela grande maioria das autoridades que dirigem os destinos das cidades e do pa\u00eds. Afirma ainda que o turismo cresceu 8% no ano passado.<\/span><\/p>\n<p><span data-contrast=\"none\">Foi o setor que mais gerou empregos no pa\u00eds. De janeiro de 2023 a mar\u00e7o deste ano, houve a cria\u00e7\u00e3o de quase 2,2 milh\u00f5es de vagas formais no Brasil, das quais 1,64 milh\u00e3o foram abertas nos \u00faltimos doze meses. Os n\u00fameros mostram que o pa\u00eds chegou a um total de 46 milh\u00f5es de pessoas atuando com carteira assinada. <\/span><\/p>\n<p><span data-contrast=\"none\">Em setembro, foram criadas 21.398 oportunidades em atividades econ\u00f4micas ligadas ao turismo, alcan\u00e7ando a segunda melhor marca do ano.\u00a0 O Convention &amp; Visitors Bureau de Ribeir\u00e3o Preto argumenta que a contribui\u00e7\u00e3o do turismo para o desenvolvimento est\u00e1 acima de outros grupamentos econ\u00f4micos, como o da constru\u00e7\u00e3o, que em setembro de 2024 gerou 17.024 vagas, e da agropecu\u00e1ria, com saldo negativo de 2.004 oportunidades.<\/span><\/p>\n<p><span data-contrast=\"none\">\u201cInfelizmente, a gest\u00e3o municipal que est\u00e1 se encerrando, n\u00e3o propiciou nenhum incremento no setor, a come\u00e7ar pela n\u00e3o indica\u00e7\u00e3o de or\u00e7amento para a pasta. Essa escolha equivocada e outras causaram um retrocesso enorme no setor acabando por contribuir para que a pasta fosse desacreditada ocasionando a sua extin\u00e7\u00e3o no mandato seguinte\u201d, diz o texto. <\/span><\/p>\n<p><span data-contrast=\"none\">\u201cOs equ\u00edvocos continuaram com a inclus\u00e3o da pasta do Turismo na pasta da Cultura. Vale ressaltar que, embora tenham alguma semelhan\u00e7a, s\u00e3o conceitualmente distintas. Enquanto a cultura \u00e9 l\u00fadica o turismo \u00e9 pragm\u00e1tico\u201d, critica o Convention &amp; Visitors Bureau.<\/span><\/p>\n<p><span data-contrast=\"none\">Segundo a entidade, Ribeir\u00e3o Preto tem atrativos especiais que devem ser valorizados, tais como, o turismo de sa\u00fade, turismo cient\u00edfico, comercial e de servi\u00e7os; refor\u00e7ar estes segmentos, colocar\u00e3o a cidade no cen\u00e1rio internacional.<\/span><\/p>\n<p><span data-contrast=\"none\"> \u201cPoder\u00e1 ainda, al\u00e7\u00e1-la como polo de turismo de neg\u00f3cios e eventos e, por conseguinte atrair mais eventos corporativos. Para isso, precisamos que o poder p\u00fablico fomente o segmento com o restauro do Parque Permanente de Exposi\u00e7\u00f5es, Museu do Caf\u00e9 e olhe com carinho para o nosso combalido Aeroporto Leite Lopes\u201d. <\/span><\/p>\n<p><span data-contrast=\"none\">Procurado pela reportagem o prefeito eleito Ricardo Silva afirmou, por meio de nota, que \u201co Governo de Transi\u00e7\u00e3o sabe da import\u00e2ncia de valorizar o turismo e ser\u00e1 uma das pautas principais de nosso governo, pela import\u00e2ncia na gera\u00e7\u00e3o de recursos e empregos em Ribeir\u00e3o Preto. A cria\u00e7\u00e3o de uma secretaria espec\u00edfica \u00e9 assunto que ser\u00e1 debatido no decorrer do governo levando em considera\u00e7\u00e3o aspectos t\u00e9cnicos e or\u00e7ament\u00e1rios\u201d.<\/span><\/p>\n<p><span data-ccp-props=\"{}\">\u00a0<\/span><\/p>\n<\/div>\n<p><script async src=\"\/\/platform.twitter.com\/widgets.js\" charset=\"utf-8\"><\/script><br \/>\n<br \/><br \/>\n<br \/><a href=\"https:\/\/www.tribunaribeirao.com.br\/bureau-defende-retorno-da-secretaria-de-turismo\/\">Source link <\/a><\/p>\n<div class='code-block code-block-4' style='margin: 8px auto 8px 0; text-align: left; display: block; clear: both;'>\n\ud83d\udce2 Aviso Legal\n\nO site ismaelcolosi.com.br atua apenas como um canal de divulga\u00e7\u00e3o de oportunidades de emprego e n\u00e3o se responsabiliza pelo processo seletivo, contrata\u00e7\u00e3o ou qualquer outra etapa relacionada \u00e0s vagas publicadas. Todas as informa\u00e7\u00f5es s\u00e3o de responsabilidade dos anunciantes.\n\n\u26a0\ufe0f Aten\u00e7\u00e3o! Nunca pague por promessas de emprego nem compre cursos que garantam contrata\u00e7\u00e3o. Desconfie de qualquer cobran\u00e7a para participar de sele\u00e7\u00f5es.\n\n\n\n<\/div>\n<!-- CONTENT END 1 -->\n","protected":false},"excerpt":{"rendered":"<p>Prefeito eleito afirma que a cria\u00e7\u00e3o de secretaria espec\u00edfica \u00e9 assunto que ser\u00e1 debatido no decorrer do governo, com base em aspectos t\u00e9cnicos e or\u00e7ament\u00e1rios\u00a0&#8230;<\/p>\n","protected":false},"author":1,"featured_media":77773,"comment_status":"open","ping_status":"open","sticky":false,"template":"","format":"standard","meta":{"_uag_custom_page_level_css":"","advanced_seo_description":"","jetpack_seo_html_title":"","jetpack_seo_noindex":false,"jetpack_post_was_ever_published":false,"_jetpack_newsletter_access":"","_jetpack_dont_email_post_to_subs":false,"_jetpack_newsletter_tier_id":0,"_jetpack_memberships_contains_paywalled_content":false,"_jetpack_memberships_contains_paid_content":false,"footnotes":"","jetpack_publicize_message":"","jetpack_publicize_feature_enabled":true,"jetpack_social_post_already_shared":true,"jetpack_social_options":{"image_generator_settings":{"template":"highway","default_image_id":0,"font":"","enabled":false},"version":2}},"categories":[11],"tags":[],"class_list":["post-77772","post","type-post","status-publish","format-standard","has-post-thumbnail","hentry","category-noticias-de-ribeirao-preto-sp-e-regiao-ismael-colosi"],"jetpack_publicize_connections":[],"jetpack_featured_media_url":"https:\/\/i0.wp.com\/ismaelcolosi.com.br\/wp-content\/uploads\/2024\/11\/TurismoRP-JF-Pimenta-Arquivo-scaled.jpg?fit=800%2C429&ssl=1","uagb_featured_image_src":{"full":["https:\/\/i0.wp.com\/ismaelcolosi.com.br\/wp-content\/uploads\/2024\/11\/TurismoRP-JF-Pimenta-Arquivo-scaled.jpg?fit=800%2C429&ssl=1",800,429,false],"thumbnail":["https:\/\/i0.wp.com\/ismaelcolosi.com.br\/wp-content\/uploads\/2024\/11\/TurismoRP-JF-Pimenta-Arquivo-scaled.jpg?resize=150%2C150&ssl=1",150,150,true],"medium":["https:\/\/i0.wp.com\/ismaelcolosi.com.br\/wp-content\/uploads\/2024\/11\/TurismoRP-JF-Pimenta-Arquivo-scaled.jpg?fit=300%2C161&ssl=1",300,161,true],"medium_large":["https:\/\/i0.wp.com\/ismaelcolosi.com.br\/wp-content\/uploads\/2024\/11\/TurismoRP-JF-Pimenta-Arquivo-scaled.jpg?fit=768%2C412&ssl=1",768,412,true],"large":["https:\/\/i0.wp.com\/ismaelcolosi.com.br\/wp-content\/uploads\/2024\/11\/TurismoRP-JF-Pimenta-Arquivo-scaled.jpg?fit=800%2C429&ssl=1",800,429,true],"1536x1536":["https:\/\/i0.wp.com\/ismaelcolosi.com.br\/wp-content\/uploads\/2024\/11\/TurismoRP-JF-Pimenta-Arquivo-scaled.jpg?fit=800%2C429&ssl=1",800,429,true],"2048x2048":["https:\/\/i0.wp.com\/ismaelcolosi.com.br\/wp-content\/uploads\/2024\/11\/TurismoRP-JF-Pimenta-Arquivo-scaled.jpg?fit=800%2C429&ssl=1",800,429,true],"really-simple-thumb":["https:\/\/i0.wp.com\/ismaelcolosi.com.br\/wp-content\/uploads\/2024\/11\/TurismoRP-JF-Pimenta-Arquivo-scaled.jpg?resize=370%2C247&ssl=1",370,247,true]},"uagb_author_info":{"display_name":"ismaelcolosi.com.br","author_link":"https:\/\/ismaelcolosi.com.br\/index.php\/author\/vidareal-online\/"},"uagb_comment_info":0,"uagb_excerpt":"Prefeito eleito afirma que a cria\u00e7\u00e3o de secretaria espec\u00edfica \u00e9 assunto que ser\u00e1 debatido no decorrer do governo, com base em aspectos t\u00e9cnicos e or\u00e7ament\u00e1rios\u00a0...","jetpack-related-posts":[{"id":76485,"url":"https:\/\/ismaelcolosi.com.br\/index.php\/2024\/11\/13\/secretaria-da-saude-vai-apurar-denuncia-contra-medicos-de-ubds\/","url_meta":{"origin":77772,"position":0},"title":"Secretaria da Sa\u00fade vai apurar den\u00fancia contra m\u00e9dicos de UBDS","author":"ismaelcolosi.com.br","date":"13 de November de 2024","format":false,"excerpt":"13 de novembro de 202413 de novembro de 20242 Compartilhar0 A Secretaria Municipal da Sa\u00fade de Ribeir\u00e3o Preto afirmou ao Tribuna, nesta quarta-feira, 13 de novembro que, vai abrir apura\u00e7\u00e3o interna para verificar a den\u00fancia feita pelo presidente da C\u00e2mara, Isaac Antunes (PL) de que dois m\u00e9dicos que estavam em\u2026","rel":"","context":"In &quot;Not\u00edcias de Ribeir\u00e3o Preto-SP e Regi\u00e3o&quot;","block_context":{"text":"Not\u00edcias de Ribeir\u00e3o Preto-SP e Regi\u00e3o","link":"https:\/\/ismaelcolosi.com.br\/index.php\/category\/noticias-de-ribeirao-preto-sp-e-regiao-ismael-colosi\/"},"img":{"alt_text":"","src":"https:\/\/i0.wp.com\/ismaelcolosi.com.br\/wp-content\/uploads\/2024\/11\/imagem-79.jpg?fit=800%2C500&ssl=1&resize=350%2C200","width":350,"height":200,"srcset":"https:\/\/i0.wp.com\/ismaelcolosi.com.br\/wp-content\/uploads\/2024\/11\/imagem-79.jpg?fit=800%2C500&ssl=1&resize=350%2C200 1x, https:\/\/i0.wp.com\/ismaelcolosi.com.br\/wp-content\/uploads\/2024\/11\/imagem-79.jpg?fit=800%2C500&ssl=1&resize=525%2C300 1.5x, https:\/\/i0.wp.com\/ismaelcolosi.com.br\/wp-content\/uploads\/2024\/11\/imagem-79.jpg?fit=800%2C500&ssl=1&resize=700%2C400 2x"},"classes":[]},{"id":7140,"url":"https:\/\/ismaelcolosi.com.br\/index.php\/2023\/11\/27\/secretaria-de-esportes-abre-seletiva-para-time-de-volei\/","url_meta":{"origin":77772,"position":1},"title":"Secretaria de Esportes abre seletiva para time de v\u00f4lei","author":"ismaelcolosi.com.br","date":"27 de November de 2023","format":false,"excerpt":"27 de novembro de 2023 | 16:0027 de novembro de 2023 | 14:41 0Na pr\u00f3xima semana, a Secretaria de Esportes de Ribeir\u00e3o Preto, atrav\u00e9s do Programa V\u00f4lei Esta\u00e7\u00e3o, vai abrir a seletiva para os times da categoria masculina sub17, sub19 e sub21.Para participar da seletiva, os interessados precisam fazer a\u2026","rel":"","context":"In &quot;Not\u00edcias de Ribeir\u00e3o Preto-SP e Regi\u00e3o&quot;","block_context":{"text":"Not\u00edcias de Ribeir\u00e3o Preto-SP e Regi\u00e3o","link":"https:\/\/ismaelcolosi.com.br\/index.php\/category\/noticias-de-ribeirao-preto-sp-e-regiao-ismael-colosi\/"},"img":{"alt_text":"","src":"https:\/\/i0.wp.com\/ismaelcolosi.com.br\/wp-content\/uploads\/2023\/11\/volei.jpg?fit=702%2C439&ssl=1&resize=350%2C200","width":350,"height":200,"srcset":"https:\/\/i0.wp.com\/ismaelcolosi.com.br\/wp-content\/uploads\/2023\/11\/volei.jpg?fit=702%2C439&ssl=1&resize=350%2C200 1x, https:\/\/i0.wp.com\/ismaelcolosi.com.br\/wp-content\/uploads\/2023\/11\/volei.jpg?fit=702%2C439&ssl=1&resize=525%2C300 1.5x, https:\/\/i0.wp.com\/ismaelcolosi.com.br\/wp-content\/uploads\/2023\/11\/volei.jpg?fit=702%2C439&ssl=1&resize=700%2C400 2x"},"classes":[]},{"id":8587,"url":"https:\/\/ismaelcolosi.com.br\/index.php\/2023\/11\/30\/secretaria-vai-rever-selecao-da-lei-paulo-gustavo\/","url_meta":{"origin":77772,"position":2},"title":"Secretaria vai rever\u00a0sele\u00e7\u00e3o da Lei Paulo Gustavo\u00a0","author":"ismaelcolosi.com.br","date":"30 de November de 2023","format":false,"excerpt":"30 de novembro de 2023 | 13:0030 de novembro de 2023 | 9:01 0A Secretaria da Cultura e Turismo de Ribeir\u00e3o Preto informou, nesta quarta-feira, 29 de novembro, que constatou incoer\u00eancias na ata de sele\u00e7\u00e3o dos editais 2 e 3 da Lei Paulo Gustavo (LPG). Em reuni\u00e3o interna, ficou decidido\u2026","rel":"","context":"In &quot;Not\u00edcias de Ribeir\u00e3o Preto-SP e Regi\u00e3o&quot;","block_context":{"text":"Not\u00edcias de Ribeir\u00e3o Preto-SP e Regi\u00e3o","link":"https:\/\/ismaelcolosi.com.br\/index.php\/category\/noticias-de-ribeirao-preto-sp-e-regiao-ismael-colosi\/"},"img":{"alt_text":"","src":"https:\/\/i0.wp.com\/ismaelcolosi.com.br\/wp-content\/uploads\/2023\/11\/cultura-1.jpg?fit=900%2C516&ssl=1&resize=350%2C200","width":350,"height":200,"srcset":"https:\/\/i0.wp.com\/ismaelcolosi.com.br\/wp-content\/uploads\/2023\/11\/cultura-1.jpg?fit=900%2C516&ssl=1&resize=350%2C200 1x, https:\/\/i0.wp.com\/ismaelcolosi.com.br\/wp-content\/uploads\/2023\/11\/cultura-1.jpg?fit=900%2C516&ssl=1&resize=525%2C300 1.5x, https:\/\/i0.wp.com\/ismaelcolosi.com.br\/wp-content\/uploads\/2023\/11\/cultura-1.jpg?fit=900%2C516&ssl=1&resize=700%2C400 2x"},"classes":[]},{"id":6375,"url":"https:\/\/ismaelcolosi.com.br\/index.php\/2023\/11\/25\/provao-paulista-tem-novas-datas\/","url_meta":{"origin":77772,"position":3},"title":"Prov\u00e3o Paulista tem novas datas \u00a0","author":"ismaelcolosi.com.br","date":"25 de November de 2023","format":false,"excerpt":"25 de novembro de 2023 | 17:0025 de novembro de 2023 | 9:27 0A Secretaria da Educa\u00e7\u00e3o do Estado de S\u00e3o Paulo (Seduc-SP) informa que, por conta da paralisa\u00e7\u00e3o anunciada pelos metrovi\u00e1rios, ferrovi\u00e1rios e funcion\u00e1rios da Sabesp, o cronograma de aplica\u00e7\u00e3o do Prov\u00e3o Paulista ser\u00e1 alterado nos 645 munic\u00edpios de\u2026","rel":"","context":"In &quot;Not\u00edcias de Ribeir\u00e3o Preto-SP e Regi\u00e3o&quot;","block_context":{"text":"Not\u00edcias de Ribeir\u00e3o Preto-SP e Regi\u00e3o","link":"https:\/\/ismaelcolosi.com.br\/index.php\/category\/noticias-de-ribeirao-preto-sp-e-regiao-ismael-colosi\/"},"img":{"alt_text":"","src":"https:\/\/i0.wp.com\/ismaelcolosi.com.br\/wp-content\/uploads\/2023\/11\/provao.jpg?fit=1200%2C800&ssl=1&resize=350%2C200","width":350,"height":200,"srcset":"https:\/\/i0.wp.com\/ismaelcolosi.com.br\/wp-content\/uploads\/2023\/11\/provao.jpg?fit=1200%2C800&ssl=1&resize=350%2C200 1x, https:\/\/i0.wp.com\/ismaelcolosi.com.br\/wp-content\/uploads\/2023\/11\/provao.jpg?fit=1200%2C800&ssl=1&resize=525%2C300 1.5x, https:\/\/i0.wp.com\/ismaelcolosi.com.br\/wp-content\/uploads\/2023\/11\/provao.jpg?fit=1200%2C800&ssl=1&resize=700%2C400 2x, https:\/\/i0.wp.com\/ismaelcolosi.com.br\/wp-content\/uploads\/2023\/11\/provao.jpg?fit=1200%2C800&ssl=1&resize=1050%2C600 3x"},"classes":[]},{"id":1385,"url":"https:\/\/ismaelcolosi.com.br\/index.php\/2023\/11\/12\/rp-repasse-de-icms-vai-a-r-4419-mi-neste-ano\/","url_meta":{"origin":77772,"position":4},"title":"RP: Repasse de ICMS vai a R$ 441,9 mi\u00a0neste ano","author":"ismaelcolosi.com.br","date":"12 de November de 2023","format":false,"excerpt":"Na semana passada, a Secretaria da Fazenda e Planejamento do Estado de S\u00e3o Paulo (Sefaz-SP) transferiu mais R$ 306,6 milh\u00f5es para 645 munic\u00edpios paulistas, referente ao primeiro repasse de novembro de Imposto sobre Circula\u00e7\u00e3o de Mercadorias e Servi\u00e7os (ICMS), relativo \u00e0 arrecada\u00e7\u00e3o entre os dias 30 de outubro e 3\u2026","rel":"","context":"In &quot;Not\u00edcias de Ribeir\u00e3o Preto-SP e Regi\u00e3o&quot;","block_context":{"text":"Not\u00edcias de Ribeir\u00e3o Preto-SP e Regi\u00e3o","link":"https:\/\/ismaelcolosi.com.br\/index.php\/category\/noticias-de-ribeirao-preto-sp-e-regiao-ismael-colosi\/"},"img":{"alt_text":"","src":"https:\/\/i0.wp.com\/ismaelcolosi.com.br\/wp-content\/uploads\/2023\/11\/ICMS-Max-Gallao-Mesquita-nova-scaled.jpg?fit=963%2C645&ssl=1&resize=350%2C200","width":350,"height":200,"srcset":"https:\/\/i0.wp.com\/ismaelcolosi.com.br\/wp-content\/uploads\/2023\/11\/ICMS-Max-Gallao-Mesquita-nova-scaled.jpg?fit=963%2C645&ssl=1&resize=350%2C200 1x, https:\/\/i0.wp.com\/ismaelcolosi.com.br\/wp-content\/uploads\/2023\/11\/ICMS-Max-Gallao-Mesquita-nova-scaled.jpg?fit=963%2C645&ssl=1&resize=525%2C300 1.5x, https:\/\/i0.wp.com\/ismaelcolosi.com.br\/wp-content\/uploads\/2023\/11\/ICMS-Max-Gallao-Mesquita-nova-scaled.jpg?fit=963%2C645&ssl=1&resize=700%2C400 2x"},"classes":[]},{"id":6623,"url":"https:\/\/ismaelcolosi.com.br\/index.php\/2023\/11\/26\/provao-paulista-e-adiado-conheca-novas-datas\/","url_meta":{"origin":77772,"position":5},"title":"Prov\u00e3o Paulista \u00e9 adiado; conhe\u00e7a novas datas","author":"ismaelcolosi.com.br","date":"26 de November de 2023","format":false,"excerpt":"Os estudantes que originalmente planejavam realizar o Prov\u00e3o Paulista nos dias 28 e 29 agora far\u00e3o as avalia\u00e7\u00f5es nos dias 29 e 30 de novembro. A mudan\u00e7a no cronograma, anunciada pela Secretaria da Educa\u00e7\u00e3o (Seduc-SP), tem como motivo a paralisa\u00e7\u00e3o prevista pelos funcion\u00e1rios do metr\u00f4, trens e da Sabesp. Cr\u00e9ditos:\u2026","rel":"","context":"In &quot;Variedades&quot;","block_context":{"text":"Variedades","link":"https:\/\/ismaelcolosi.com.br\/index.php\/category\/variedades\/"},"img":{"alt_text":"","src":"https:\/\/i0.wp.com\/ismaelcolosi.com.br\/wp-content\/uploads\/2023\/11\/pexels-zen-chung-5538627.jpg?fit=1200%2C638&ssl=1&resize=350%2C200","width":350,"height":200,"srcset":"https:\/\/i0.wp.com\/ismaelcolosi.com.br\/wp-content\/uploads\/2023\/11\/pexels-zen-chung-5538627.jpg?fit=1200%2C638&ssl=1&resize=350%2C200 1x, https:\/\/i0.wp.com\/ismaelcolosi.com.br\/wp-content\/uploads\/2023\/11\/pexels-zen-chung-5538627.jpg?fit=1200%2C638&ssl=1&resize=525%2C300 1.5x, https:\/\/i0.wp.com\/ismaelcolosi.com.br\/wp-content\/uploads\/2023\/11\/pexels-zen-chung-5538627.jpg?fit=1200%2C638&ssl=1&resize=700%2C400 2x, https:\/\/i0.wp.com\/ismaelcolosi.com.br\/wp-content\/uploads\/2023\/11\/pexels-zen-chung-5538627.jpg?fit=1200%2C638&ssl=1&resize=1050%2C600 3x"},"classes":[]}],"jetpack_sharing_enabled":true,"jetpack_shortlink":"https:\/\/wp.me\/pfMlyK-keo","_links":{"self":[{"href":"https:\/\/ismaelcolosi.com.br\/index.php\/wp-json\/wp\/v2\/posts\/77772","targetHints":{"allow":["GET"]}}],"collection":[{"href":"https:\/\/ismaelcolosi.com.br\/index.php\/wp-json\/wp\/v2\/posts"}],"about":[{"href":"https:\/\/ismaelcolosi.com.br\/index.php\/wp-json\/wp\/v2\/types\/post"}],"author":[{"embeddable":true,"href":"https:\/\/ismaelcolosi.com.br\/index.php\/wp-json\/wp\/v2\/users\/1"}],"replies":[{"embeddable":true,"href":"https:\/\/ismaelcolosi.com.br\/index.php\/wp-json\/wp\/v2\/comments?post=77772"}],"version-history":[{"count":0,"href":"https:\/\/ismaelcolosi.com.br\/index.php\/wp-json\/wp\/v2\/posts\/77772\/revisions"}],"wp:featuredmedia":[{"embeddable":true,"href":"https:\/\/ismaelcolosi.com.br\/index.php\/wp-json\/wp\/v2\/media\/77773"}],"wp:attachment":[{"href":"https:\/\/ismaelcolosi.com.br\/index.php\/wp-json\/wp\/v2\/media?parent=77772"}],"wp:term":[{"taxonomy":"category","embeddable":true,"href":"https:\/\/ismaelcolosi.com.br\/index.php\/wp-json\/wp\/v2\/categories?post=77772"},{"taxonomy":"post_tag","embeddable":true,"href":"https:\/\/ismaelcolosi.com.br\/index.php\/wp-json\/wp\/v2\/tags?post=77772"}],"curies":[{"name":"wp","href":"https:\/\/api.w.org\/{rel}","templated":true}]}}