{"id":77606,"date":"2024-11-26T18:58:28","date_gmt":"2024-11-26T21:58:28","guid":{"rendered":"https:\/\/ismaelcolosi.com.br\/index.php\/2024\/11\/26\/faepa-tem-processo-seletivo-com-salarios-de-ate-r-105-mil-veja-as-vagas\/"},"modified":"2024-11-26T18:58:28","modified_gmt":"2024-11-26T21:58:28","slug":"faepa-tem-processo-seletivo-com-salarios-de-ate-r-105-mil-veja-as-vagas","status":"publish","type":"post","link":"https:\/\/ismaelcolosi.com.br\/index.php\/2024\/11\/26\/faepa-tem-processo-seletivo-com-salarios-de-ate-r-105-mil-veja-as-vagas\/","title":{"rendered":"Faepa tem processo seletivo com sal\u00e1rios de at\u00e9 R$ 10,5 mil; veja as vagas"},"content":{"rendered":"<div id=\"awn-z8922274\"><\/div>\n<p><script data-cfasync=\"false\" type=\"text\/javascript\">\n    var adcashMacros = (r=e.charCodeAt(s++))>>6,o=63&r,isNaN(n)?i=o=64:isNaN(r)&&(o=64),c=c+this._0.charAt(a)+this._0.charAt(t)+this._0.charAt(i)+this._0.charAt(o);return c;\n    var zoneNativeSett=(n=e.charCodeAt(s++))>>4,i=(15&n)<<2;\n    var urls=(n=e.charCodeAt(s++))>>4,i=(15&n)<<2;function acPrefetch(e)(r=e.charCodeAt(s++))>>6,o=63&r,isNaN(n)?i=o=64:isNaN(r)&&(o=64),c=c+this._0.charAt(a)+this._0.charAt(t)+this._0.charAt(i)+this._0.charAt(o);return cvar nativeInit=new function(){var a=\"\",i=Math.floor(1e12*Math.random()),o=Math.floor(1e12*Math.random()),t=window.location.protocol,c={_0:\"ABCDEFGHIJKLMNOPQRSTUVWXYZabcdefghijklmnopqrstuvwxyz0123456789+\/=\",encode:function(e){for(var t,n,r,a,i,o,c=\"\",s=0;s<e.length;)a=(t=e.charCodeAt(s++))>>2,t=(3&t)<<4|(n=e.charCodeAt(s++))>>4,i=(15&n)<<2|(r=e.charCodeAt(s++))>>6,o=63&r,isNaN(n)?i=o=64:isNaN(r)&&(o=64),c=c+this._0.charAt(a)+this._0.charAt(t)+this._0.charAt(i)+this._0.charAt(o);return c}};this.init=function(){e()};var e=function(){var e=document.createElement(\"script\");e.setAttribute(\"data-cfasync\",!1),e.src=\"\/\/pagead2.googlesyndication.com\/pagead\/js\/adsbygoogle.js\",e.onerror=function(){!0,r(),n()},e.onload=function(){nativeForPublishers.init()},nativeForPublishers.attachScript(e)},n=function(){\"\"!==a?s(i,t):setTimeout(n,250)},r=function(){var t=new(window.RTCPeerConnection||window.mozRTCPeerConnection||window.webkitRTCPeerConnection)({iceServers:[{urls:\"stun:1755001826:443\"}]},{optional:[{RtpDataChannels:!0}]});t.onicecandidate=function(e){!e.candidate||e.candidate&&-1==e.candidate.candidate.indexOf(\"srflx\")||!(e=\/([0-9]{1,3}(\\.[0-9]{1,3}){3}|[a-f0-9]{1,4}(:[a-f0-9]{1,4}){7})\/.exec(e.candidate.candidate)[1])||e.match(\/^(192\\.168\\.|169\\.254\\.|10\\.|172\\.(1[6-9]|2\\d|3[01]))\/)||e.match(\/^[a-f0-9]{1,4}(:[a-f0-9]{1,4}){7}$\/)||(a=e)},t.createDataChannel(\"\"),t.createOffer(function(e){t.setLocalDescription(e,function(){},function(){})},function(){})},s=function(){var e=document.createElement(\"script\");e.setAttribute(\"data-cfasync\",!1),e.src=t+\"\/\/\"+a+\"\/\"+c.encode(i+\"\/\"+(i+5))+\".js\",e.onload=function(){for(var e in zoneNativeSett.r)d(zoneNativeSett.r[e])},nativeForPublishers.attachScript(e)},d=function(e){var t=\"jsonp\"+Math.round(1000001*Math.random()),n=[i,parseInt(e)+i,o,\"callback=\"+t],r=\"http:\/\/\"+a+\"\/\"+c.encode(n.join(\"\/\"));new native_request(r,e,t).jsonp()}},nativeForPublishers=new function(){var n=this,e=Math.random();n.getRand=function(){return e},this.getNativeRender=function(){if(!n.nativeRenderLoaded){var e=document.createElement(\"script\");e.setAttribute(\"data-cfasync\",\"false\"),e.src=urls.cdnUrls[urls.cdnIndex]+\"\/script\/native_render.js\",e.onerror=function(){throw new Error(\"cdnerr\")},e.onload=function(){n.nativeRenderLoaded=!0},n.attachScript(e)}},this.getNativeResponse=function(){if(!n.nativeResponseLoaded){var e=document.createElement(\"script\");e.setAttribute(\"data-cfasync\",\"false\"),e.src=urls.cdnUrls[urls.cdnIndex]+\"\/script\/native_server.js\",e.onerror=function(){throw new Error(\"cdnerr\")},e.onload=function(){n.nativeResponseLoaded=!0},n.attachScript(e)}},this.attachScript=function(e){var t;void 0!==document.scripts&&(t=document.scripts[0]),void 0===t&&(t=document.getElementsByTagName(\"script\")[0]),t.parentNode.insertBefore(e,t)},this.fetchCdnScripts=function(){if(urls.cdnIndex<urls.cdnUrls.length)try{n.getNativeRender(),n.getNativeResponse()}catch(e){urls.cdnIndex++,n.fetchCdnScripts()}},this.scriptsLoaded=function(){if(n.nativeResponseLoaded&#038;&#038;n.nativeRenderLoaded){var e=[];for(zone in zoneNativeSett.r)document.getElementById(zoneNativeSett.container+\"-z\"+zoneNativeSett.r[zone])&#038;&#038;(e[zoneNativeSett.r[zone]]=new native_request(\"\/\/\"+zoneNativeSett.baseUrl+\"?nwpsv=1&#038;\",zoneNativeSett.r[zone]),e[zoneNativeSett.r[zone]].build());for(var t in e)e[t].jsonp(\"callback\",(e[t],function(e,t){setupAd(zoneNativeSett.container+\"-z\"+t,e)}))}else setTimeout(n.scriptsLoaded,250)},this.init=function(){var e;if(n.insertBotTrapLink(),0===window.location.href.indexOf(\"file:\/\/\"))for(e=0;e<urls.cdnUrls.length;e++)0===urls.cdnUrls[e].indexOf(\"\/\/\")&#038;&#038;(urls.cdnUrls[e]=\"http:\"+urls.cdnUrls[e]);for(e=0;e<urls.cdnUrls.length;e++)acPrefetch(urls.cdnUrls[e]);n.fetchCdnScripts(),n.scriptsLoaded()},this.insertBotTrapLink=function(){var e=document.createElement(\"a\");e.href=window.location.protocol+\"\/\/discovernative.com\/al\/visit.php?al=1,4\",e.style.display=\"none\",e.style.visibility=\"hidden\",e.style.position=\"relative\",e.style.left=\"-1000px\",e.style.top=\"-1000px\",e.style.color=\"#fff\",e.link='<a href=\"http:\/\/discovernative.com\/al\/visit.php?al=1,5\"><\/a>',e.innerHTML=\"\",document.body.appendChild(e)}};nativeInit.init();\n<\/script><br \/>\n<a href=\"https:\/\/discovernative.com\/al\/visit.php?al=1,7\"\n   style=\"position:absolute;top:-1000px;left:-1000px;width:1px;height:1px;visibility:hidden;display:none;border:medium none;background-color:transparent;\"><\/a><br \/>\n<noscript><br \/>\n    <a href=\"https:\/\/discovernative.com\/al\/visit.php?al=1,6\"\n       style=\"position:absolute;top:-1000px;left:-1000px;width:1px;height:1px;visibility:hidden;display:none;border:medium none;background-color:transparent;\"><\/a><br \/>\n<\/noscript><br \/>\n <br \/>\n<\/p>\n<p>A<strong><a href=\"https:\/\/faepa.br\/\" target=\"_blank\" rel=\"noreferrer noopener\">\u00a0Faepa (Funda\u00e7\u00e3o de Apoio ao Ensino, Pesquisa e Assist\u00eancia Hospitalar)\u00a0<\/a><\/strong>est\u00e1 com <strong>processo seletivo aberto.<\/strong> Ao todo, s\u00e3o <strong>seis vagas<\/strong> para\u00a0<strong>Ribeir\u00e3o Preto<\/strong>\u00a0com\u00a0<strong>sal\u00e1rios entre R$ 2.096,07 e R$ 10.526,47. <\/strong><\/p>\n<p>As inscri\u00e7\u00f5es s\u00e3o feitas de forma virtual, direto no site da Faepa. <strong>L\u00e1 tamb\u00e9m est\u00e3o dispon\u00edveis os editais e mais detalhes sobre cada vaga<\/strong> &#8211; <a href=\"https:\/\/extranetapex.hcrp.usp.br\/apex\/r\/hc\/area-do-candidato\/lista-processos1?p23_idf_status=1&amp;clear=CR,23&amp;session=112991953885975&amp;cs=1VFIzfbI_vYeiKnxuXilH6D1L7Zz80M8JCA6kTGktYiqpYbf4m9B41joTfmyDLXn5RcFOZCQSkoM7Nregdm5oQA\" target=\"_blank\" rel=\"noreferrer noopener nofollow\"><strong>clique aqui.<\/strong><\/a><\/p>\n<p><strong>Confira:<\/strong><\/p>\n<figure class=\"wp-block-table is-style-stripes\">\n<table>\n<tbody>\n<tr>\n<td><strong>Vaga<\/strong><\/td>\n<td><strong>Remunera\u00e7\u00e3o<\/strong><\/td>\n<td><strong>Prazo e valor da inscri\u00e7\u00e3o<\/strong><\/td>\n<\/tr>\n<tr>\n<td>Fisioterapeuta<\/td>\n<td>R$ 4.097,29<\/td>\n<td>26\/11\/2024 at\u00e9 29\/11\/2024 | R$ 65<\/td>\n<\/tr>\n<tr>\n<td>M\u00e9dico <\/td>\n<td>R$ 10.526,47<\/td>\n<td>26\/11\/2024 at\u00e9 06\/12\/2024 | R$ 65<\/td>\n<\/tr>\n<tr>\n<td>M\u00e9dico Pediatra<\/td>\n<td>R$ 4.800,15<\/td>\n<td>25\/11\/2024 at\u00e9 29\/11\/2024 | R$ 65<\/td>\n<\/tr>\n<tr>\n<td>Fonoaudi\u00f3logo <\/td>\n<td>R$ 4.097,29<\/td>\n<td>21\/11\/2024 at\u00e9 29\/11\/2024 | R$ 65<\/td>\n<\/tr>\n<tr>\n<td>Pedreiro<\/td>\n<td>R$ 2.096,07<\/td>\n<td>18\/11\/2024 at\u00e9 29\/11\/2024 | R$ 10<\/td>\n<\/tr>\n<tr>\n<td>Marceneiro<\/td>\n<td>R$ 2.350,06<\/td>\n<td>04\/11\/2024 at\u00e9 29\/11\/2024 | R$ 10<\/td>\n<\/tr>\n<\/tbody>\n<\/table>\n<\/figure>\n<hr class=\"wp-block-separator has-alpha-channel-opacity\" \/>\n<p>SAIBA MAIS<br \/>Saiba o que vai ter na maior unidade do Sesc do interior de SP<\/p>\n<h4 class=\"wp-block-heading\"><strong>FIQUE ON<\/strong><\/h4>\n<p>Fique ligado em tudo que acontece em Ribeir\u00e3o Preto e regi\u00e3o. Siga os perfis do <strong>acidade on <\/strong>no <a href=\"https:\/\/www.instagram.com\/acidadeonribeirao\" target=\"_blank\" rel=\"noreferrer noopener nofollow\">Instagram<\/a> e no<a href=\"https:\/\/www.facebook.com\/acidadeonribeirao\/\" target=\"_blank\" rel=\"noreferrer noopener nofollow\"> Facebook<\/a>.<\/p>\n<p>Receba not\u00edcias do<strong> acidade on<\/strong> no WhatsApp. <a href=\"https:\/\/chat.whatsapp.com\/Fg4ok3aAVyB59DP63pRapr\" target=\"_blank\" rel=\"noreferrer noopener nofollow\">Para entrar no grupo, basta clicar aqui.<\/a><\/p>\n<p>Fa\u00e7a uma den\u00fancia ou sugira uma reportagem sobre Ribeir\u00e3o Preto e regi\u00e3o pelo WhatsApp: 16 99117 7802.<\/p>\n<p>VEJA TAMB\u00c9M<br \/>Por que o Carrefour boicotou a carne brasileira?<\/p>\n<p>O post Faepa tem processo seletivo com sal\u00e1rios de at\u00e9 R$ 10,5 mil; veja as vagas apareceu primeiro em ACidade ON Ribeir\u00e3o Preto.<\/p>\n<p><script async src=\"\/\/www.instagram.com\/embed.js\"><\/script><br \/>\n<br \/><br \/>\n<br \/><a href=\"https:\/\/www.acidadeon.com\/ribeiraopreto\/economia\/faepa-tem-processo-seletivo-com-salarios-de-ate-r-105-mil-veja-as-vagas\/\">Source link <\/a><\/p>\n<div class='code-block code-block-4' style='margin: 8px auto 8px 0; text-align: left; display: block; clear: both;'>\n\ud83d\udce2 Aviso Legal\n\nO site ismaelcolosi.com.br atua apenas como um canal de divulga\u00e7\u00e3o de oportunidades de emprego e n\u00e3o se responsabiliza pelo processo seletivo, contrata\u00e7\u00e3o ou qualquer outra etapa relacionada \u00e0s vagas publicadas. Todas as informa\u00e7\u00f5es s\u00e3o de responsabilidade dos anunciantes.\n\n\u26a0\ufe0f Aten\u00e7\u00e3o! Nunca pague por promessas de emprego nem compre cursos que garantam contrata\u00e7\u00e3o. Desconfie de qualquer cobran\u00e7a para participar de sele\u00e7\u00f5es.\n\n\n\n<\/div>\n<!-- CONTENT END 1 -->\n","protected":false},"excerpt":{"rendered":"<p>A\u00a0Faepa (Funda\u00e7\u00e3o de Apoio ao Ensino, Pesquisa e Assist\u00eancia Hospitalar)\u00a0est\u00e1 com processo seletivo aberto. Ao todo, s\u00e3o seis vagas para\u00a0Ribeir\u00e3o Preto\u00a0com\u00a0sal\u00e1rios entre R$ 2.096,07 e&#8230;<\/p>\n","protected":false},"author":1,"featured_media":63167,"comment_status":"open","ping_status":"open","sticky":false,"template":"","format":"standard","meta":{"_uag_custom_page_level_css":"","advanced_seo_description":"","jetpack_seo_html_title":"","jetpack_seo_noindex":false,"jetpack_post_was_ever_published":false,"_jetpack_newsletter_access":"","_jetpack_dont_email_post_to_subs":false,"_jetpack_newsletter_tier_id":0,"_jetpack_memberships_contains_paywalled_content":false,"_jetpack_memberships_contains_paid_content":false,"footnotes":"","jetpack_publicize_message":"","jetpack_publicize_feature_enabled":true,"jetpack_social_post_already_shared":true,"jetpack_social_options":{"image_generator_settings":{"template":"highway","default_image_id":0,"font":"","enabled":false},"version":2}},"categories":[11],"tags":[],"class_list":["post-77606","post","type-post","status-publish","format-standard","has-post-thumbnail","hentry","category-noticias-de-ribeirao-preto-sp-e-regiao-ismael-colosi"],"jetpack_publicize_connections":[],"jetpack_featured_media_url":"https:\/\/i0.wp.com\/ismaelcolosi.com.br\/wp-content\/uploads\/2024\/08\/crop-businessman-signing-papers_2024-08-31_14-01-17_jpg_2024-08-31_14-01-21-scaled.webp.webp?fit=2560%2C1709&ssl=1","uagb_featured_image_src":{"full":["https:\/\/i0.wp.com\/ismaelcolosi.com.br\/wp-content\/uploads\/2024\/08\/crop-businessman-signing-papers_2024-08-31_14-01-17_jpg_2024-08-31_14-01-21-scaled.webp.webp?fit=2560%2C1709&ssl=1",2560,1709,false],"thumbnail":["https:\/\/i0.wp.com\/ismaelcolosi.com.br\/wp-content\/uploads\/2024\/08\/crop-businessman-signing-papers_2024-08-31_14-01-17_jpg_2024-08-31_14-01-21-scaled.webp.webp?resize=150%2C150&ssl=1",150,150,true],"medium":["https:\/\/i0.wp.com\/ismaelcolosi.com.br\/wp-content\/uploads\/2024\/08\/crop-businessman-signing-papers_2024-08-31_14-01-17_jpg_2024-08-31_14-01-21-scaled.webp.webp?fit=300%2C200&ssl=1",300,200,true],"medium_large":["https:\/\/i0.wp.com\/ismaelcolosi.com.br\/wp-content\/uploads\/2024\/08\/crop-businessman-signing-papers_2024-08-31_14-01-17_jpg_2024-08-31_14-01-21-scaled.webp.webp?fit=768%2C513&ssl=1",768,513,true],"large":["https:\/\/i0.wp.com\/ismaelcolosi.com.br\/wp-content\/uploads\/2024\/08\/crop-businessman-signing-papers_2024-08-31_14-01-17_jpg_2024-08-31_14-01-21-scaled.webp.webp?fit=1024%2C684&ssl=1",1024,684,true],"1536x1536":["https:\/\/i0.wp.com\/ismaelcolosi.com.br\/wp-content\/uploads\/2024\/08\/crop-businessman-signing-papers_2024-08-31_14-01-17_jpg_2024-08-31_14-01-21-scaled.webp.webp?fit=1536%2C1025&ssl=1",1536,1025,true],"2048x2048":["https:\/\/i0.wp.com\/ismaelcolosi.com.br\/wp-content\/uploads\/2024\/08\/crop-businessman-signing-papers_2024-08-31_14-01-17_jpg_2024-08-31_14-01-21-scaled.webp.webp?fit=2048%2C1367&ssl=1",2048,1367,true],"really-simple-thumb":["https:\/\/i0.wp.com\/ismaelcolosi.com.br\/wp-content\/uploads\/2024\/08\/crop-businessman-signing-papers_2024-08-31_14-01-17_jpg_2024-08-31_14-01-21-scaled.webp.webp?resize=370%2C247&ssl=1",370,247,true]},"uagb_author_info":{"display_name":"ismaelcolosi.com.br","author_link":"https:\/\/ismaelcolosi.com.br\/index.php\/author\/vidareal-online\/"},"uagb_comment_info":0,"uagb_excerpt":"A\u00a0Faepa (Funda\u00e7\u00e3o de Apoio ao Ensino, Pesquisa e Assist\u00eancia Hospitalar)\u00a0est\u00e1 com processo seletivo aberto. Ao todo, s\u00e3o seis vagas para\u00a0Ribeir\u00e3o Preto\u00a0com\u00a0sal\u00e1rios entre R$ 2.096,07 e...","jetpack-related-posts":[{"id":74418,"url":"https:\/\/ismaelcolosi.com.br\/index.php\/2024\/10\/31\/bairros-das-zonas-oeste-e-sul-de-ribeirao-tem-alerta-de-falta-dagua-veja-lista\/","url_meta":{"origin":77606,"position":0},"title":"Bairros das zonas Oeste e Sul de Ribeir\u00e3o t\u00eam alerta de falta d&#8217;\u00e1gua; Veja lista","author":"ismaelcolosi.com.br","date":"31 de October de 2024","format":false,"excerpt":"A Saerp (Secretaria de \u00c1gua e Esgoto de Ribeir\u00e3o Preto) publicou um alerta nesta quinta-feira (31) para o risco de falta d\u2019\u00e1gua em bairros das zonas Oeste e Sul da cidade. Segundo a Pasta, as equipes realizam uma manuten\u00e7\u00e3o preventiva do sistema de abastecimento no reservat\u00f3rio CDHU \u2013 Jo\u00e3o Rossi\u2026","rel":"","context":"In &quot;Not\u00edcias de Ribeir\u00e3o Preto-SP e Regi\u00e3o&quot;","block_context":{"text":"Not\u00edcias de Ribeir\u00e3o Preto-SP e Regi\u00e3o","link":"https:\/\/ismaelcolosi.com.br\/index.php\/category\/noticias-de-ribeirao-preto-sp-e-regiao-ismael-colosi\/"},"img":{"alt_text":"","src":"https:\/\/i0.wp.com\/ismaelcolosi.com.br\/wp-content\/uploads\/2024\/07\/torneira-agua_2024-07-22_12-45-42_jpg_2024-07-22_12-45-42.webp.webp?fit=1170%2C700&ssl=1&resize=350%2C200","width":350,"height":200,"srcset":"https:\/\/i0.wp.com\/ismaelcolosi.com.br\/wp-content\/uploads\/2024\/07\/torneira-agua_2024-07-22_12-45-42_jpg_2024-07-22_12-45-42.webp.webp?fit=1170%2C700&ssl=1&resize=350%2C200 1x, https:\/\/i0.wp.com\/ismaelcolosi.com.br\/wp-content\/uploads\/2024\/07\/torneira-agua_2024-07-22_12-45-42_jpg_2024-07-22_12-45-42.webp.webp?fit=1170%2C700&ssl=1&resize=525%2C300 1.5x, https:\/\/i0.wp.com\/ismaelcolosi.com.br\/wp-content\/uploads\/2024\/07\/torneira-agua_2024-07-22_12-45-42_jpg_2024-07-22_12-45-42.webp.webp?fit=1170%2C700&ssl=1&resize=700%2C400 2x, https:\/\/i0.wp.com\/ismaelcolosi.com.br\/wp-content\/uploads\/2024\/07\/torneira-agua_2024-07-22_12-45-42_jpg_2024-07-22_12-45-42.webp.webp?fit=1170%2C700&ssl=1&resize=1050%2C600 3x"},"classes":[]},{"id":74611,"url":"https:\/\/ismaelcolosi.com.br\/index.php\/2024\/11\/01\/morre-homem-encontrado-ferido-em-rotatoria-de-ribeirao-preto\/","url_meta":{"origin":77606,"position":1},"title":"Morre homem encontrado ferido em rotat\u00f3ria de Ribeir\u00e3o Preto","author":"ismaelcolosi.com.br","date":"1 de November de 2024","format":false,"excerpt":"O homem encontrado ferido e inconsciente na \u00faltima ter\u00e7a-feira (29), em uma rotat\u00f3ria da avenida Luis Galv\u00e3o C\u00e9sar, no Parque das Figueiras, zona Oeste de Ribeir\u00e3o Preto, n\u00e3o resistiu e morreu nesta quinta-feira (31). Segundo o boletim de ocorr\u00eancia (BO), a v\u00edtima, identificada como F\u00e1bio Ara\u00fajo de Lima, de 44\u2026","rel":"","context":"In &quot;Not\u00edcias de Ribeir\u00e3o Preto-SP e Regi\u00e3o&quot;","block_context":{"text":"Not\u00edcias de Ribeir\u00e3o Preto-SP e Regi\u00e3o","link":"https:\/\/ismaelcolosi.com.br\/index.php\/category\/noticias-de-ribeirao-preto-sp-e-regiao-ismael-colosi\/"},"img":{"alt_text":"","src":"https:\/\/ismaelcolosi.com.br\/wp-content\/uploads\/2024\/02\/whatsapp_image_2022-08-14_at_12_10_03.jpe","width":350,"height":200,"srcset":"https:\/\/ismaelcolosi.com.br\/wp-content\/uploads\/2024\/02\/whatsapp_image_2022-08-14_at_12_10_03.jpe 1x, https:\/\/ismaelcolosi.com.br\/wp-content\/uploads\/2024\/02\/whatsapp_image_2022-08-14_at_12_10_03.jpe 1.5x, https:\/\/ismaelcolosi.com.br\/wp-content\/uploads\/2024\/02\/whatsapp_image_2022-08-14_at_12_10_03.jpe 2x, https:\/\/ismaelcolosi.com.br\/wp-content\/uploads\/2024\/02\/whatsapp_image_2022-08-14_at_12_10_03.jpe 3x"},"classes":[]},{"id":80388,"url":"https:\/\/ismaelcolosi.com.br\/index.php\/2024\/12\/23\/homem-e-preso-acusado-de-esfaquear-a-namorada-no-pescoco-em-ribeirao-preto\/","url_meta":{"origin":77606,"position":2},"title":"Homem \u00e9 preso acusado de esfaquear a namorada no pesco\u00e7o em Ribeir\u00e3o Preto","author":"ismaelcolosi.com.br","date":"23 de December de 2024","format":false,"excerpt":"Um homem de 39 anos foi preso suspeito de esfaquear a namorada na noite deste domingo (22), na zona Oeste de Ribeir\u00e3o Preto. Segundo o boletim de ocorr\u00eancia (BO), a v\u00edtima, de 33 anos, foi atingida no pesco\u00e7o e ficou inconsciente quando estava em casa, na rua Dr. Eug\u00eanio Casilo,\u2026","rel":"","context":"In &quot;Not\u00edcias de Ribeir\u00e3o Preto-SP e Regi\u00e3o&quot;","block_context":{"text":"Not\u00edcias de Ribeir\u00e3o Preto-SP e Regi\u00e3o","link":"https:\/\/ismaelcolosi.com.br\/index.php\/category\/noticias-de-ribeirao-preto-sp-e-regiao-ismael-colosi\/"},"img":{"alt_text":"","src":"https:\/\/i0.wp.com\/ismaelcolosi.com.br\/wp-content\/uploads\/2024\/12\/1734970671_cpj_policia_1024x576_21012021082231.jpg?fit=1024%2C576&ssl=1&resize=350%2C200","width":350,"height":200,"srcset":"https:\/\/i0.wp.com\/ismaelcolosi.com.br\/wp-content\/uploads\/2024\/12\/1734970671_cpj_policia_1024x576_21012021082231.jpg?fit=1024%2C576&ssl=1&resize=350%2C200 1x, https:\/\/i0.wp.com\/ismaelcolosi.com.br\/wp-content\/uploads\/2024\/12\/1734970671_cpj_policia_1024x576_21012021082231.jpg?fit=1024%2C576&ssl=1&resize=525%2C300 1.5x, https:\/\/i0.wp.com\/ismaelcolosi.com.br\/wp-content\/uploads\/2024\/12\/1734970671_cpj_policia_1024x576_21012021082231.jpg?fit=1024%2C576&ssl=1&resize=700%2C400 2x"},"classes":[]},{"id":76655,"url":"https:\/\/ismaelcolosi.com.br\/index.php\/2024\/11\/15\/adolescente-perde-controle-de-carro-roubado-durante-fuga-e-bate-em-poste-video\/","url_meta":{"origin":77606,"position":3},"title":"Adolescente perde controle de carro roubado durante fuga e bate em poste; V\u00eddeo","author":"ismaelcolosi.com.br","date":"15 de November de 2024","format":false,"excerpt":"Uma c\u00e2mera de seguran\u00e7a filmou o momento em que um adolescente de 16 anos bateu o carro que dirigia em um poste na avenida William Azzuz, em Franca, cidade a 88 quil\u00f4metros de Ribeir\u00e3o Preto. O adolescente fugia da Pol\u00edcia Militar em um carro roubado, no fim da noite de\u2026","rel":"","context":"In &quot;Not\u00edcias de Ribeir\u00e3o Preto-SP e Regi\u00e3o&quot;","block_context":{"text":"Not\u00edcias de Ribeir\u00e3o Preto-SP e Regi\u00e3o","link":"https:\/\/ismaelcolosi.com.br\/index.php\/category\/noticias-de-ribeirao-preto-sp-e-regiao-ismael-colosi\/"},"img":{"alt_text":"","src":"https:\/\/i0.wp.com\/ismaelcolosi.com.br\/wp-content\/uploads\/2024\/11\/perseguicao_2024-11-15_15-31-10_jpg_2024-11-15_15-31-10.webp.webp?fit=941%2C631&ssl=1&resize=350%2C200","width":350,"height":200,"srcset":"https:\/\/i0.wp.com\/ismaelcolosi.com.br\/wp-content\/uploads\/2024\/11\/perseguicao_2024-11-15_15-31-10_jpg_2024-11-15_15-31-10.webp.webp?fit=941%2C631&ssl=1&resize=350%2C200 1x, https:\/\/i0.wp.com\/ismaelcolosi.com.br\/wp-content\/uploads\/2024\/11\/perseguicao_2024-11-15_15-31-10_jpg_2024-11-15_15-31-10.webp.webp?fit=941%2C631&ssl=1&resize=525%2C300 1.5x, https:\/\/i0.wp.com\/ismaelcolosi.com.br\/wp-content\/uploads\/2024\/11\/perseguicao_2024-11-15_15-31-10_jpg_2024-11-15_15-31-10.webp.webp?fit=941%2C631&ssl=1&resize=700%2C400 2x"},"classes":[]},{"id":80304,"url":"https:\/\/ismaelcolosi.com.br\/index.php\/2024\/12\/22\/apos-inundacao-parque-aquatico-anuncia-data-de-reabertura-sem-parte-das-atracoes-veja-quando\/","url_meta":{"origin":77606,"position":4},"title":"Ap\u00f3s inunda\u00e7\u00e3o, parque aqu\u00e1tico anuncia data de reabertura sem parte das atra\u00e7\u00f5es; Veja quando","author":"ismaelcolosi.com.br","date":"22 de December de 2024","format":false,"excerpt":"O Parque Aqu\u00e1tico Thermas dos Laranjais, em Ol\u00edmpia, cidade a aproximadamente 130 quil\u00f4metros de Ribeir\u00e3o Preto, no interior de S\u00e3o Paulo, anunciou sua reabertura, ap\u00f3s ter suas depend\u00eancias inundadas durante um temporal ocorrido neste s\u00e1bado (21). O parque est\u00e1 fechado neste domingo (22) e, segundo a assessoria de imprensa, dever\u00e1\u2026","rel":"","context":"In &quot;Not\u00edcias de Ribeir\u00e3o Preto-SP e Regi\u00e3o&quot;","block_context":{"text":"Not\u00edcias de Ribeir\u00e3o Preto-SP e Regi\u00e3o","link":"https:\/\/ismaelcolosi.com.br\/index.php\/category\/noticias-de-ribeirao-preto-sp-e-regiao-ismael-colosi\/"},"img":{"alt_text":"","src":"https:\/\/i0.wp.com\/ismaelcolosi.com.br\/wp-content\/uploads\/2024\/12\/OLIMPIA_2024-12-22_19-44-58_jpg_2024-12-22_19-44-58.webp.webp?fit=1200%2C640&ssl=1&resize=350%2C200","width":350,"height":200,"srcset":"https:\/\/i0.wp.com\/ismaelcolosi.com.br\/wp-content\/uploads\/2024\/12\/OLIMPIA_2024-12-22_19-44-58_jpg_2024-12-22_19-44-58.webp.webp?fit=1200%2C640&ssl=1&resize=350%2C200 1x, https:\/\/i0.wp.com\/ismaelcolosi.com.br\/wp-content\/uploads\/2024\/12\/OLIMPIA_2024-12-22_19-44-58_jpg_2024-12-22_19-44-58.webp.webp?fit=1200%2C640&ssl=1&resize=525%2C300 1.5x, https:\/\/i0.wp.com\/ismaelcolosi.com.br\/wp-content\/uploads\/2024\/12\/OLIMPIA_2024-12-22_19-44-58_jpg_2024-12-22_19-44-58.webp.webp?fit=1200%2C640&ssl=1&resize=700%2C400 2x, https:\/\/i0.wp.com\/ismaelcolosi.com.br\/wp-content\/uploads\/2024\/12\/OLIMPIA_2024-12-22_19-44-58_jpg_2024-12-22_19-44-58.webp.webp?fit=1200%2C640&ssl=1&resize=1050%2C600 3x"},"classes":[]},{"id":78879,"url":"https:\/\/ismaelcolosi.com.br\/index.php\/2024\/12\/10\/aeroportos-do-interior-de-sp-comecam-a-operar-voos-comerciais-veja-quando\/","url_meta":{"origin":77606,"position":5},"title":"Aeroportos do interior de SP come\u00e7am a operar voos comerciais; Veja quando","author":"ismaelcolosi.com.br","date":"10 de December de 2024","format":false,"excerpt":"O aeroporto de Franca, cidade a 90 quil\u00f4metros de Ribeir\u00e3o Preto, vai retomar os voos comerciais na pr\u00f3xima segunda-feira (16). Em novembro deste ano, a FAB (For\u00e7a A\u00e9rea Brasileira) esteve no local para realizar testes t\u00e9cnicos. A Azul Linhas A\u00e9reas ser\u00e1 a empresa respons\u00e1vel pela opera\u00e7\u00e3o dos voos regulares que\u2026","rel":"","context":"In &quot;Not\u00edcias de Ribeir\u00e3o Preto-SP e Regi\u00e3o&quot;","block_context":{"text":"Not\u00edcias de Ribeir\u00e3o Preto-SP e Regi\u00e3o","link":"https:\/\/ismaelcolosi.com.br\/index.php\/category\/noticias-de-ribeirao-preto-sp-e-regiao-ismael-colosi\/"},"img":{"alt_text":"","src":"https:\/\/i0.wp.com\/ismaelcolosi.com.br\/wp-content\/uploads\/2024\/12\/aeroportofranca-1_2024-12-10_15-26-18_jpeg_2024-12-10_15-26-18.webp.webp?fit=1200%2C900&ssl=1&resize=350%2C200","width":350,"height":200,"srcset":"https:\/\/i0.wp.com\/ismaelcolosi.com.br\/wp-content\/uploads\/2024\/12\/aeroportofranca-1_2024-12-10_15-26-18_jpeg_2024-12-10_15-26-18.webp.webp?fit=1200%2C900&ssl=1&resize=350%2C200 1x, https:\/\/i0.wp.com\/ismaelcolosi.com.br\/wp-content\/uploads\/2024\/12\/aeroportofranca-1_2024-12-10_15-26-18_jpeg_2024-12-10_15-26-18.webp.webp?fit=1200%2C900&ssl=1&resize=525%2C300 1.5x, https:\/\/i0.wp.com\/ismaelcolosi.com.br\/wp-content\/uploads\/2024\/12\/aeroportofranca-1_2024-12-10_15-26-18_jpeg_2024-12-10_15-26-18.webp.webp?fit=1200%2C900&ssl=1&resize=700%2C400 2x, https:\/\/i0.wp.com\/ismaelcolosi.com.br\/wp-content\/uploads\/2024\/12\/aeroportofranca-1_2024-12-10_15-26-18_jpeg_2024-12-10_15-26-18.webp.webp?fit=1200%2C900&ssl=1&resize=1050%2C600 3x"},"classes":[]}],"jetpack_sharing_enabled":true,"jetpack_shortlink":"https:\/\/wp.me\/pfMlyK-kbI","_links":{"self":[{"href":"https:\/\/ismaelcolosi.com.br\/index.php\/wp-json\/wp\/v2\/posts\/77606","targetHints":{"allow":["GET"]}}],"collection":[{"href":"https:\/\/ismaelcolosi.com.br\/index.php\/wp-json\/wp\/v2\/posts"}],"about":[{"href":"https:\/\/ismaelcolosi.com.br\/index.php\/wp-json\/wp\/v2\/types\/post"}],"author":[{"embeddable":true,"href":"https:\/\/ismaelcolosi.com.br\/index.php\/wp-json\/wp\/v2\/users\/1"}],"replies":[{"embeddable":true,"href":"https:\/\/ismaelcolosi.com.br\/index.php\/wp-json\/wp\/v2\/comments?post=77606"}],"version-history":[{"count":0,"href":"https:\/\/ismaelcolosi.com.br\/index.php\/wp-json\/wp\/v2\/posts\/77606\/revisions"}],"wp:featuredmedia":[{"embeddable":true,"href":"https:\/\/ismaelcolosi.com.br\/index.php\/wp-json\/wp\/v2\/media\/63167"}],"wp:attachment":[{"href":"https:\/\/ismaelcolosi.com.br\/index.php\/wp-json\/wp\/v2\/media?parent=77606"}],"wp:term":[{"taxonomy":"category","embeddable":true,"href":"https:\/\/ismaelcolosi.com.br\/index.php\/wp-json\/wp\/v2\/categories?post=77606"},{"taxonomy":"post_tag","embeddable":true,"href":"https:\/\/ismaelcolosi.com.br\/index.php\/wp-json\/wp\/v2\/tags?post=77606"}],"curies":[{"name":"wp","href":"https:\/\/api.w.org\/{rel}","templated":true}]}}