{"id":77594,"date":"2024-11-26T17:14:18","date_gmt":"2024-11-26T20:14:18","guid":{"rendered":"https:\/\/ismaelcolosi.com.br\/index.php\/2024\/11\/26\/turne-traz-ze-ramalho-a-rp\/"},"modified":"2024-11-26T17:14:18","modified_gmt":"2024-11-26T20:14:18","slug":"turne-traz-ze-ramalho-a-rp","status":"publish","type":"post","link":"https:\/\/ismaelcolosi.com.br\/index.php\/2024\/11\/26\/turne-traz-ze-ramalho-a-rp\/","title":{"rendered":"Turn\u00ea traz Z\u00e9\u00a0Ramalho a RP\u00a0"},"content":{"rendered":"<p> <br \/>\n<\/p>\n<div>\n<p><span data-contrast=\"auto\">Os f\u00e3s de Z\u00e9 Ramalho de Ribeir\u00e3o Preto e regi\u00e3o ter\u00e3o a oportunidade de acompanhar mais uma apresenta\u00e7\u00e3o do \u201cBob Dylan do sert\u00e3o\u201d. O instrumentista, cantor e compositor paraibano estar\u00e1 no Multiplan Hall, no Ribeir\u00e3oShopping, em 6 de dezembro, a partir das 19h30 \u2013 o artista subir\u00e1 ao palco \u00e0s 21 horas) \u2013 primeira sexta-feira do m\u00eas, com o show \u201cTour 2024 \u2013 Ateu Psicol\u00f3gico\u201d. <\/span><\/p>\n<p><span data-contrast=\"auto\">A nova turn\u00ea de Z\u00e9 Ramalho chega depois de \u201cShow dos Sucessos\u201d, que percorreu o pa\u00eds no ano passado. Inquieto e produtivo, depois de lan\u00e7ar um sugestivo box de quatro CDs com o t\u00edtulo de \u201cO Garimpo das Raridades\u201d, em setembro de 2022, o artista presenteia seus f\u00e3s com um novo trabalho de m\u00fasicas in\u00e9ditas, seguindo revigorado sua viagem m\u00edstica e eterna.\u00a0 <\/span><\/p>\n<p><span data-contrast=\"auto\">Autor de uma obra essencialmente surrealista, que funde o rock com o repente, Z\u00e9 Ramalho tem um imenso poder de transmiss\u00e3o com sua inconfund\u00edvel voz cavernosa, de fascinante declamador, na sua messi\u00e2nica figura. Z\u00e9 tra\u00e7ou uma ponte unindo Pink Floyd e Beatles a Jackson do Pandeiro, Luiz Gonzaga; cidade grande e sert\u00e3o, psicodelismo e regionalismo, o nordeste inserido no mundo, o universo conectado ao nordeste. <\/span><\/p>\n<p><span data-contrast=\"auto\">Um trovador urbano comparado por muitos aos \u00edcones da m\u00fasica mundial. Desde o lan\u00e7amento do primeiro \u00e1lbum solo do artista paraibano, h\u00e1 mais de quatro d\u00e9cadas, que emplacou de cara o hino \u201cAvohai\u201d, foram gravados mais de 30 discos, alcan\u00e7ando a expressiva marca de seis milh\u00f5es de c\u00f3pias vendidas.<\/span><\/p>\n<p><span data-contrast=\"auto\">O \u00e1lbum \u201c20 anos \u2013 Atntologia Ac\u00fastica\u201d \u00e9 seu maior \u00eaxito comercial at\u00e9 hoje e vencedor do Pr\u00eamio Sharp pelo projeto gr\u00e1fico. Este disco deu in\u00edcio a uma trilogia que seguiu com \u201cNa\u00e7\u00e3o Nordestina\u201d, um mapeamento da hist\u00f3ria musical e pol\u00edtica da sua regi\u00e3o natal, indicado ao Grammy Latino de melhor \u00e1lbum regional e, \u201cEsta\u00e7\u00e3o Brasil\u201d, um passeio pelo cancioneiro nacional.<\/span><\/p>\n<p><span data-contrast=\"auto\">Ao lado dos amigos Elba Ramalho, Geraldo Azevedo e Alceu Valen\u00e7a, Z\u00e9 protagonizou em 1996, um dos projetos mais bem-sucedidos da m\u00fasica brasileira, \u201cO Grande Encontro\u201d, que levou multid\u00f5es aos shows em todo o pa\u00eds e gerou o lan\u00e7amento de um disco ao vivo, vendendo mais de 700 mil c\u00f3pias. A continua\u00e7\u00e3o do projeto rendeu outras duas \u201cturn\u00eas\u201d vitoriosas e dois CDs que alcan\u00e7aram a marca de u milh\u00e3o de unidades. <\/span><\/p>\n<p><span data-contrast=\"auto\">Z\u00e9 Ramalho realizou ainda uma apresenta\u00e7\u00e3o hist\u00f3rica no Rock in Rio 3, assistida por mais de 60 mil pessoas em 2001, junto com Elba Ramalho. O projeto \u201cZ\u00e9 Ramalho Canta\u201d (2008-2012) homenageou Raul Seixas, Bob Dylan, Luiz Gonzaga, Jackson do Pandeiro e Beatles.<\/span><\/p>\n<p><span data-contrast=\"auto\">Em 2013 consagrou-se no R ock in Rio 5 junto com a banda \u00edcone do heavy metal Sepultura (\u201cZ\u00e9pultura\u201d). A tour 2024 traz Z\u00e9 Ramalho revisitando seus maiores sucessos mantendo o respeito da cr\u00edtica especializada, em rara unanimidade. <\/span><\/p>\n<p><span data-contrast=\"auto\">\u201cAdmir\u00e1vel Gado Novo\u201d, \u201cEntre a Serpente e a Estrela\u201d (trilhas consagradas em novelas), \u201cAvohai\u201d, \u201cFrevo Mulher\u201d, \u201cCh\u00e3o de Giz\u201d, \u201cBeira-Mar\u201d, \u201dCidad\u00e3o\u201d, \u201cEternas Ondas\u201d, \u201cGaroto de Aluguel\u201d, \u201cGalope Rasante\u201d, \u201cVila do Sossego\u201d e \u201cBanquete de Signos\u201d s\u00e3o apenas algumas das in\u00fameras p\u00e9rolas que o consagrou. Traz ainda releituras de Geraldo Vandr\u00e9, Raul Seixas e o grande sucesso \u201cSin\u00f4nimo\u201d.<\/span><\/p>\n<p><span data-contrast=\"auto\">Seja qual for a jornada, o p\u00fablico sabe que quem a conduz \u00e9 um dos artistas com a personalidade mais marcante da m\u00fasica popular brasileira. Com sua voz inconfund\u00edvel e sua poesia apocal\u00edptica, Z\u00e9 Ramalho escreve seu nome na hist\u00f3ria musical brasileira.<\/span><\/p>\n<p><span data-contrast=\"auto\">Segue feito um viajante pelas estradas do pa\u00eds, arrastando multid\u00f5es por onde quer que passe. H\u00e1 mais de 40 anos, o brasileiro sabe que assistir Z\u00e9 Ramalho ao vivo \u00e9 uma experi\u00eancia \u00fanica em uma esp\u00e9cie de pacto de fidelidade que se renova ano a ano. <\/span><\/p>\n<p><span data-contrast=\"auto\">No show que far\u00e1 em Ribeir\u00e3o Preto, no dia 6 de dezembro, Z\u00e9 Ramalho ser\u00e1 acompanhado pelos m\u00fasicos da Banda Z \u2013 Rog\u00e9rio Fernades (contrabaixo), Z\u00e9 Gomes (percuss\u00e3o), Vladimir Oliveira (teclados), Edu Constant (bateria) e Toti Cavalcanti (sopro).<\/span><\/p>\n<p><span data-contrast=\"auto\">O Multplan Hall fica no Ribeir\u00e3oShopping , na avenida Coronel Fernando Ferreira Leite n\u00ba 1.540, Jardim Nova Alian\u00e7a, Zona Sul. O local comporta 1.550 pessoas. Os ingressos para a Mesa Vip Especial j\u00e1 est\u00e3o esgotados. O acesso setor Vip Extra sai por R$ 595,13 a inteira (mais R$ 89,27 de taxa de administra\u00e7\u00e3o para compra online) e R$ 297,57 a meia (mais R$ 44,63). <\/span><\/p>\n<p><span data-contrast=\"auto\">Para a Mesa Vip A custam R$ 460 a inteira (R$ 69 adicionais) e R$ 230 a meia (mais R$ 4,50). A Pista Premium Extra oferece a inteira por R$ 402,50 (mais taxa de R$ 60,38) e a meia por R$ 201,25 (mais R$ 30,19). Os ingressos para a Pista Premium custam R$ 310 a inteira (mais R$ 46,50 de taxa) e R$ 155 a meia-entrada (mais adicional de R$ 23,25 no site da Ticketmaster). Os valores est\u00e3o sujeitos \u00e0 altera\u00e7\u00e3o. <\/span><\/p>\n<p><span data-contrast=\"auto\">Consulte o portal para checar a disponibilidade de ingressos para cada setor do Multiplan Hall. A taxa de administra\u00e7\u00e3o para compra online corresponde a 15% do valor. Informa\u00e7\u00f5es sobre vendas no site\u00a0 da Ticketmaster (https:\/\/www.ticketmaster.com.br\/event\/zeramalho-ribeiraopreto). Para compra na bilheteria n\u00e3o tem taxa. Menores de 18 anos s\u00f3 entram acompanhados pelos pais ou respons\u00e1vel legal. <\/span><\/p>\n<p><b><span data-contrast=\"auto\">Servi\u00e7o<\/span><\/b> <b><span data-contrast=\"auto\">Show:<\/span><\/b><span data-contrast=\"auto\"> \u201cTour <\/span>\u00a0<span data-contrast=\"auto\">2024 \u2013 Ateu <\/span>\u00a0<span data-contrast=\"auto\">Psicol\u00f3gico\u201d<\/span><br \/><b><span data-contrast=\"none\">Com:<\/span><\/b><span data-contrast=\"none\"> Z\u00e9 Ramalho<\/span> <span data-contrast=\"none\">e Banda Z<\/span><br \/><b><span data-contrast=\"none\">Forma\u00e7\u00e3o:<\/span><\/b> \u00a0<span data-contrast=\"auto\">Rog\u00e9rio <\/span>\u00a0<span data-contrast=\"auto\">Fernades <\/span>\u00a0<span data-contrast=\"auto\">(contrabaixo), <\/span>\u00a0<span data-contrast=\"auto\">Z\u00e9 Gomes <\/span>\u00a0<span data-contrast=\"auto\">(percuss\u00e3o), <\/span>\u00a0<span data-contrast=\"auto\">Vladimir Oliveira <\/span>\u00a0<span data-contrast=\"auto\">(teclados), Edu <\/span><br \/><span data-contrast=\"auto\">Constant (bateria) <\/span>\u00a0<span data-contrast=\"auto\">e Toti Cavalcanti <\/span>\u00a0<span data-contrast=\"auto\">(sopro)<\/span><br \/><b><span data-contrast=\"auto\">Quando:<\/span><\/b><span data-contrast=\"auto\"> sexta-feira, <\/span>\u00a0<span data-contrast=\"auto\">6 de dezembro<\/span><br \/><b><span data-contrast=\"auto\">Hor\u00e1rio:<\/span><\/b><span data-contrast=\"auto\"> 21 horas<\/span><br \/><b><span data-contrast=\"auto\">Local:<\/span><\/b><span data-contrast=\"auto\"> Multiplan Hall, <\/span>\u00a0<span data-contrast=\"auto\">Ribeir\u00e3o Shopping (a<\/span> <span data-contrast=\"auto\">casa abre \u00e0s 19h30)<\/span><br \/><b><span data-contrast=\"auto\">Endere\u00e7o:<\/span><\/b><span data-contrast=\"auto\"> avenida <\/span>\u00a0<span data-contrast=\"auto\">Coronel Fernando <\/span>\u00a0<span data-contrast=\"auto\">Ferreira Leite n\u00ba 1.540,<\/span> <span data-contrast=\"auto\">Jardim Calif\u00f3rnia<\/span><br \/><b><span data-contrast=\"auto\">Classifica\u00e7\u00e3o et\u00e1ria:<\/span><\/b><br \/><span data-contrast=\"auto\">18 anos<\/span><br \/><b><span data-contrast=\"auto\">Vendas:<\/span><\/b><span data-contrast=\"auto\"> https:\/\/www.ticketmaster.<\/span> <span data-contrast=\"auto\">com.br\/event\/zeramalho-ribeiraopreto<\/span><br \/><b><span data-contrast=\"auto\">Valores *<\/span><\/b><br \/><b><span data-contrast=\"auto\">Mesa Vip Especial<\/span><\/b><br \/><span data-contrast=\"auto\">Ingressos esgotados<\/span><br \/><b><span data-contrast=\"auto\">Vip Extra<\/span><\/b><br \/><span data-contrast=\"auto\">R$ 595,13 (inteira) <\/span><br \/><span data-contrast=\"auto\">R$ 297,57 (meia)<\/span><br \/><b><span data-contrast=\"auto\">Mesa Vip A<\/span><\/b><br \/><span data-contrast=\"auto\">R$ 460 (inteira)<\/span><br \/><span data-contrast=\"auto\">R$ 230,50 (meia) <\/span><br \/><b><span data-contrast=\"auto\">Pista Premium Extra <\/span><\/b><br \/><span data-contrast=\"auto\">R$ 402,50 (inteira)<\/span><br \/><span data-contrast=\"auto\">R$ 201,25 (meia)<\/span><br \/><b><span data-contrast=\"auto\">Pista Premium<\/span><\/b><br \/><span data-contrast=\"auto\">R$ 310 (inteira)<\/span><br \/><span data-contrast=\"auto\">R$ 155 (meia)<\/span><br \/><b><span data-contrast=\"auto\">* Para compra<\/span><\/b> <b><span data-contrast=\"auto\">na bilheteria<\/span><\/b> <b><span data-contrast=\"auto\">n\u00e3o h\u00e1 taxa<\/span><\/b><br \/><span data-ccp-props=\"{}\">\u00a0<\/span><\/p>\n<p><span data-ccp-props=\"{}\">\u00a0<\/span><\/p>\n<p><span data-ccp-props=\"{}\">\u00a0<\/span><\/p>\n<p><span data-ccp-props=\"{}\">\u00a0<\/span><\/p>\n<\/div>\n<p><br \/>\n<br \/><a href=\"https:\/\/www.tribunaribeirao.com.br\/turne-traz-ze-ramalho-a-rp\/\">Source link <\/a><\/p>\n<div class='code-block code-block-4' style='margin: 8px auto 8px 0; text-align: left; display: block; clear: both;'>\n\ud83d\udce2 Aviso Legal\n\nO site ismaelcolosi.com.br atua apenas como um canal de divulga\u00e7\u00e3o de oportunidades de emprego e n\u00e3o se responsabiliza pelo processo seletivo, contrata\u00e7\u00e3o ou qualquer outra etapa relacionada \u00e0s vagas publicadas. Todas as informa\u00e7\u00f5es s\u00e3o de responsabilidade dos anunciantes.\n\n\u26a0\ufe0f Aten\u00e7\u00e3o! Nunca pague por promessas de emprego nem compre cursos que garantam contrata\u00e7\u00e3o. Desconfie de qualquer cobran\u00e7a para participar de sele\u00e7\u00f5es.\n\n\n\n<\/div>\n<!-- CONTENT END 1 -->\n","protected":false},"excerpt":{"rendered":"<p>Os f\u00e3s de Z\u00e9 Ramalho de Ribeir\u00e3o Preto e regi\u00e3o ter\u00e3o a oportunidade de acompanhar mais uma apresenta\u00e7\u00e3o do \u201cBob Dylan do sert\u00e3o\u201d. O instrumentista,&#8230;<\/p>\n","protected":false},"author":1,"featured_media":77595,"comment_status":"open","ping_status":"open","sticky":false,"template":"","format":"standard","meta":{"_uag_custom_page_level_css":"","advanced_seo_description":"","jetpack_seo_html_title":"","jetpack_seo_noindex":false,"jetpack_post_was_ever_published":false,"_jetpack_newsletter_access":"","_jetpack_dont_email_post_to_subs":false,"_jetpack_newsletter_tier_id":0,"_jetpack_memberships_contains_paywalled_content":false,"_jetpack_memberships_contains_paid_content":false,"footnotes":"","jetpack_publicize_message":"","jetpack_publicize_feature_enabled":true,"jetpack_social_post_already_shared":true,"jetpack_social_options":{"image_generator_settings":{"template":"highway","default_image_id":0,"font":"","enabled":false},"version":2}},"categories":[11],"tags":[],"class_list":["post-77594","post","type-post","status-publish","format-standard","has-post-thumbnail","hentry","category-noticias-de-ribeirao-preto-sp-e-regiao-ismael-colosi"],"jetpack_publicize_connections":[],"jetpack_featured_media_url":"https:\/\/i0.wp.com\/ismaelcolosi.com.br\/wp-content\/uploads\/2024\/11\/ZeRamalho-Ele-Divulgacao-scaled.jpg?fit=746%2C500&ssl=1","uagb_featured_image_src":{"full":["https:\/\/i0.wp.com\/ismaelcolosi.com.br\/wp-content\/uploads\/2024\/11\/ZeRamalho-Ele-Divulgacao-scaled.jpg?fit=746%2C500&ssl=1",746,500,false],"thumbnail":["https:\/\/i0.wp.com\/ismaelcolosi.com.br\/wp-content\/uploads\/2024\/11\/ZeRamalho-Ele-Divulgacao-scaled.jpg?resize=150%2C150&ssl=1",150,150,true],"medium":["https:\/\/i0.wp.com\/ismaelcolosi.com.br\/wp-content\/uploads\/2024\/11\/ZeRamalho-Ele-Divulgacao-scaled.jpg?fit=300%2C201&ssl=1",300,201,true],"medium_large":["https:\/\/i0.wp.com\/ismaelcolosi.com.br\/wp-content\/uploads\/2024\/11\/ZeRamalho-Ele-Divulgacao-scaled.jpg?fit=746%2C500&ssl=1",746,500,true],"large":["https:\/\/i0.wp.com\/ismaelcolosi.com.br\/wp-content\/uploads\/2024\/11\/ZeRamalho-Ele-Divulgacao-scaled.jpg?fit=746%2C500&ssl=1",746,500,true],"1536x1536":["https:\/\/i0.wp.com\/ismaelcolosi.com.br\/wp-content\/uploads\/2024\/11\/ZeRamalho-Ele-Divulgacao-scaled.jpg?fit=746%2C500&ssl=1",746,500,true],"2048x2048":["https:\/\/i0.wp.com\/ismaelcolosi.com.br\/wp-content\/uploads\/2024\/11\/ZeRamalho-Ele-Divulgacao-scaled.jpg?fit=746%2C500&ssl=1",746,500,true],"really-simple-thumb":["https:\/\/i0.wp.com\/ismaelcolosi.com.br\/wp-content\/uploads\/2024\/11\/ZeRamalho-Ele-Divulgacao-scaled.jpg?resize=370%2C247&ssl=1",370,247,true]},"uagb_author_info":{"display_name":"ismaelcolosi.com.br","author_link":"https:\/\/ismaelcolosi.com.br\/index.php\/author\/vidareal-online\/"},"uagb_comment_info":0,"uagb_excerpt":"Os f\u00e3s de Z\u00e9 Ramalho de Ribeir\u00e3o Preto e regi\u00e3o ter\u00e3o a oportunidade de acompanhar mais uma apresenta\u00e7\u00e3o do \u201cBob Dylan do sert\u00e3o\u201d. O instrumentista,...","jetpack-related-posts":[{"id":78559,"url":"https:\/\/ismaelcolosi.com.br\/index.php\/2024\/12\/06\/turne-traz-ze-ramalho-a-ribeirao-nesta-sexta-feira\/","url_meta":{"origin":77594,"position":0},"title":"Turn\u00ea traz Z\u00e9\u00a0Ramalho a Ribeir\u00e3o\u00a0nesta sexta-feira","author":"ismaelcolosi.com.br","date":"6 de December de 2024","format":false,"excerpt":"6 de dezembro de 20246 de dezembro de 20244 Compartilhar0 \u00a0Os f\u00e3s de Z\u00e9 Ramalho de Ribeir\u00e3o Preto e regi\u00e3o ter\u00e3o a oportunidade de acompanhar mais uma apresenta\u00e7\u00e3o do \u201cBob Dylan do sert\u00e3o\u201d. O instrumentista, cantor e compositor paraibano estar\u00e1 no Multiplan Hall, no Ribeir\u00e3oShopping, nesta sexta-feira, 6 de dezembro,\u2026","rel":"","context":"In &quot;Not\u00edcias de Ribeir\u00e3o Preto-SP e Regi\u00e3o&quot;","block_context":{"text":"Not\u00edcias de Ribeir\u00e3o Preto-SP e Regi\u00e3o","link":"https:\/\/ismaelcolosi.com.br\/index.php\/category\/noticias-de-ribeirao-preto-sp-e-regiao-ismael-colosi\/"},"img":{"alt_text":"","src":"https:\/\/i0.wp.com\/ismaelcolosi.com.br\/wp-content\/uploads\/2024\/12\/ZeRamalho-Avo-Divulgacao-scaled.jpg?fit=800%2C485&ssl=1&resize=350%2C200","width":350,"height":200,"srcset":"https:\/\/i0.wp.com\/ismaelcolosi.com.br\/wp-content\/uploads\/2024\/12\/ZeRamalho-Avo-Divulgacao-scaled.jpg?fit=800%2C485&ssl=1&resize=350%2C200 1x, https:\/\/i0.wp.com\/ismaelcolosi.com.br\/wp-content\/uploads\/2024\/12\/ZeRamalho-Avo-Divulgacao-scaled.jpg?fit=800%2C485&ssl=1&resize=525%2C300 1.5x, https:\/\/i0.wp.com\/ismaelcolosi.com.br\/wp-content\/uploads\/2024\/12\/ZeRamalho-Avo-Divulgacao-scaled.jpg?fit=800%2C485&ssl=1&resize=700%2C400 2x"},"classes":[]},{"id":47284,"url":"https:\/\/ismaelcolosi.com.br\/index.php\/2024\/04\/25\/veja-como-garantir-seu-ingresso-para-o-show-da-elba-ramalho-em-ribeirao-preto\/","url_meta":{"origin":77594,"position":1},"title":"Veja como garantir seu ingresso para o show da Elba Ramalho em Ribeir\u00e3o Preto","author":"ismaelcolosi.com.br","date":"25 de April de 2024","format":false,"excerpt":"As reservas para os ingressos do show da cantora e compositora Elba Ramalho come\u00e7am \u00e0s 8h da pr\u00f3xima segunda-feira (29). Para garantir a entrada, os f\u00e3s devem acessar o site do Sesi\/Meu Sesi. A apresenta\u00e7\u00e3o musical, que faz parte do Sesi M\u00fasica \u2013 S\u00e9rie Popular, acontece no dia 5 de\u2026","rel":"","context":"In &quot;Not\u00edcias de Ribeir\u00e3o Preto-SP e Regi\u00e3o&quot;","block_context":{"text":"Not\u00edcias de Ribeir\u00e3o Preto-SP e Regi\u00e3o","link":"https:\/\/ismaelcolosi.com.br\/index.php\/category\/noticias-de-ribeirao-preto-sp-e-regiao-ismael-colosi\/"},"img":{"alt_text":"","src":"https:\/\/i0.wp.com\/ismaelcolosi.com.br\/wp-content\/uploads\/2024\/04\/elba-ramalho.webp.webp?fit=1066%2C600&ssl=1&resize=350%2C200","width":350,"height":200,"srcset":"https:\/\/i0.wp.com\/ismaelcolosi.com.br\/wp-content\/uploads\/2024\/04\/elba-ramalho.webp.webp?fit=1066%2C600&ssl=1&resize=350%2C200 1x, https:\/\/i0.wp.com\/ismaelcolosi.com.br\/wp-content\/uploads\/2024\/04\/elba-ramalho.webp.webp?fit=1066%2C600&ssl=1&resize=525%2C300 1.5x, https:\/\/i0.wp.com\/ismaelcolosi.com.br\/wp-content\/uploads\/2024\/04\/elba-ramalho.webp.webp?fit=1066%2C600&ssl=1&resize=700%2C400 2x, https:\/\/i0.wp.com\/ismaelcolosi.com.br\/wp-content\/uploads\/2024\/04\/elba-ramalho.webp.webp?fit=1066%2C600&ssl=1&resize=1050%2C600 3x"},"classes":[]},{"id":51858,"url":"https:\/\/ismaelcolosi.com.br\/index.php\/2024\/05\/31\/ze-ramalho-e-vanessa-da-mata-fazem-shows-em-tradicional-festival-na-regiao-de-ribeirao-preto\/","url_meta":{"origin":77594,"position":2},"title":"Z\u00e9 Ramalho e Vanessa da Mata fazem shows em tradicional festival na regi\u00e3o de Ribeir\u00e3o Preto","author":"ismaelcolosi.com.br","date":"31 de May de 2024","format":false,"excerpt":"O cantor Z\u00e9 Ramalho e a cantora Vanessa da Mata fazem shows neste s\u00e1bado (1), no \u201cFestival da Lua Cheia\u201d, que acontece em Altin\u00f3polis, na regi\u00e3o de Ribeir\u00e3o Preto. As apresenta\u00e7\u00f5es musicais de grandes nomes da m\u00fasica brasileira seguem at\u00e9 domingo (2), durante a 32\u00aa edi\u00e7\u00e3o do festival (veja abaixo).\u2026","rel":"","context":"In &quot;Not\u00edcias de Ribeir\u00e3o Preto-SP e Regi\u00e3o&quot;","block_context":{"text":"Not\u00edcias de Ribeir\u00e3o Preto-SP e Regi\u00e3o","link":"https:\/\/ismaelcolosi.com.br\/index.php\/category\/noticias-de-ribeirao-preto-sp-e-regiao-ismael-colosi\/"},"img":{"alt_text":"","src":"https:\/\/i0.wp.com\/ismaelcolosi.com.br\/wp-content\/uploads\/2024\/05\/Copia-de-Copia-de-TAMANHO-EXATO-PARA-FOTOS-NO-SISTEMA-NOVO-1_2024-05-31_20-32-02_jpg_2024-05-31_20-32-02.webp.webp?fit=1200%2C675&ssl=1&resize=350%2C200","width":350,"height":200,"srcset":"https:\/\/i0.wp.com\/ismaelcolosi.com.br\/wp-content\/uploads\/2024\/05\/Copia-de-Copia-de-TAMANHO-EXATO-PARA-FOTOS-NO-SISTEMA-NOVO-1_2024-05-31_20-32-02_jpg_2024-05-31_20-32-02.webp.webp?fit=1200%2C675&ssl=1&resize=350%2C200 1x, https:\/\/i0.wp.com\/ismaelcolosi.com.br\/wp-content\/uploads\/2024\/05\/Copia-de-Copia-de-TAMANHO-EXATO-PARA-FOTOS-NO-SISTEMA-NOVO-1_2024-05-31_20-32-02_jpg_2024-05-31_20-32-02.webp.webp?fit=1200%2C675&ssl=1&resize=525%2C300 1.5x, https:\/\/i0.wp.com\/ismaelcolosi.com.br\/wp-content\/uploads\/2024\/05\/Copia-de-Copia-de-TAMANHO-EXATO-PARA-FOTOS-NO-SISTEMA-NOVO-1_2024-05-31_20-32-02_jpg_2024-05-31_20-32-02.webp.webp?fit=1200%2C675&ssl=1&resize=700%2C400 2x, https:\/\/i0.wp.com\/ismaelcolosi.com.br\/wp-content\/uploads\/2024\/05\/Copia-de-Copia-de-TAMANHO-EXATO-PARA-FOTOS-NO-SISTEMA-NOVO-1_2024-05-31_20-32-02_jpg_2024-05-31_20-32-02.webp.webp?fit=1200%2C675&ssl=1&resize=1050%2C600 3x"},"classes":[]},{"id":74331,"url":"https:\/\/ismaelcolosi.com.br\/index.php\/2024\/10\/30\/ze-ramalho-se-apresenta-em-ribeirao-preto-veja-quando\/","url_meta":{"origin":77594,"position":3},"title":"Z\u00e9 Ramalho se apresenta em Ribeir\u00e3o Preto; Veja quando","author":"ismaelcolosi.com.br","date":"30 de October de 2024","format":false,"excerpt":"O cantor e compositor Z\u00e9 Ramalho se apresenta em Ribeir\u00e3o Preto, no dia 6 de dezembro, \u00e0s 21h, no centro de eventos Multiplan Hall, na zona Sul do munic\u00edpio. Os ingressos para apresenta\u00e7\u00e3o est\u00e3o dispon\u00edveis e podem ser adquiridos de forma on-line. Os valores variam entre R$ 155 (meia-entrada) e\u2026","rel":"","context":"In &quot;Not\u00edcias de Ribeir\u00e3o Preto-SP e Regi\u00e3o&quot;","block_context":{"text":"Not\u00edcias de Ribeir\u00e3o Preto-SP e Regi\u00e3o","link":"https:\/\/ismaelcolosi.com.br\/index.php\/category\/noticias-de-ribeirao-preto-sp-e-regiao-ismael-colosi\/"},"img":{"alt_text":"","src":"https:\/\/i0.wp.com\/ismaelcolosi.com.br\/wp-content\/uploads\/2024\/05\/Copia-de-Copia-de-TAMANHO-EXATO-PARA-FOTOS-NO-SISTEMA-NOVO-1_2024-05-31_20-32-02_jpg_2024-05-31_20-32-02.webp.webp?fit=1200%2C675&ssl=1&resize=350%2C200","width":350,"height":200,"srcset":"https:\/\/i0.wp.com\/ismaelcolosi.com.br\/wp-content\/uploads\/2024\/05\/Copia-de-Copia-de-TAMANHO-EXATO-PARA-FOTOS-NO-SISTEMA-NOVO-1_2024-05-31_20-32-02_jpg_2024-05-31_20-32-02.webp.webp?fit=1200%2C675&ssl=1&resize=350%2C200 1x, https:\/\/i0.wp.com\/ismaelcolosi.com.br\/wp-content\/uploads\/2024\/05\/Copia-de-Copia-de-TAMANHO-EXATO-PARA-FOTOS-NO-SISTEMA-NOVO-1_2024-05-31_20-32-02_jpg_2024-05-31_20-32-02.webp.webp?fit=1200%2C675&ssl=1&resize=525%2C300 1.5x, https:\/\/i0.wp.com\/ismaelcolosi.com.br\/wp-content\/uploads\/2024\/05\/Copia-de-Copia-de-TAMANHO-EXATO-PARA-FOTOS-NO-SISTEMA-NOVO-1_2024-05-31_20-32-02_jpg_2024-05-31_20-32-02.webp.webp?fit=1200%2C675&ssl=1&resize=700%2C400 2x, https:\/\/i0.wp.com\/ismaelcolosi.com.br\/wp-content\/uploads\/2024\/05\/Copia-de-Copia-de-TAMANHO-EXATO-PARA-FOTOS-NO-SISTEMA-NOVO-1_2024-05-31_20-32-02_jpg_2024-05-31_20-32-02.webp.webp?fit=1200%2C675&ssl=1&resize=1050%2C600 3x"},"classes":[]},{"id":78564,"url":"https:\/\/ismaelcolosi.com.br\/index.php\/2024\/12\/06\/vintage-culture-ze-ramalho-e-roberta-sa-confira-o-que-fazer-no-fim-de-semana-em-ribeirao\/","url_meta":{"origin":77594,"position":4},"title":"Vintage Culture, Z\u00e9 Ramalho e Roberta S\u00e1: Confira o que fazer no fim de semana em Ribeir\u00e3o","author":"ismaelcolosi.com.br","date":"6 de December de 2024","format":false,"excerpt":"O primeiro fim de semana do m\u00eas de dezembro chegou! Ribeir\u00e3o Preto conta com diversas atividades para quem quer curtir o fim de semana. Os destaques da programa\u00e7\u00e3o s\u00e3o os shows de Vintage Culture, Z\u00e9 Ramalho e Roberta S\u00e1. Vintage Culture O\u00a0\u00a0DJ Vintage Culture se apresenta na Arena Nicnet\/est\u00e1dio Santa\u2026","rel":"","context":"In &quot;Not\u00edcias de Ribeir\u00e3o Preto-SP e Regi\u00e3o&quot;","block_context":{"text":"Not\u00edcias de Ribeir\u00e3o Preto-SP e Regi\u00e3o","link":"https:\/\/ismaelcolosi.com.br\/index.php\/category\/noticias-de-ribeirao-preto-sp-e-regiao-ismael-colosi\/"},"img":{"alt_text":"","src":"https:\/\/i0.wp.com\/ismaelcolosi.com.br\/wp-content\/uploads\/2024\/12\/vintage-culture_2024-12-06_14-08-55_jpeg_2024-12-06_14-08-55.webp.webp?fit=1200%2C675&ssl=1&resize=350%2C200","width":350,"height":200,"srcset":"https:\/\/i0.wp.com\/ismaelcolosi.com.br\/wp-content\/uploads\/2024\/12\/vintage-culture_2024-12-06_14-08-55_jpeg_2024-12-06_14-08-55.webp.webp?fit=1200%2C675&ssl=1&resize=350%2C200 1x, https:\/\/i0.wp.com\/ismaelcolosi.com.br\/wp-content\/uploads\/2024\/12\/vintage-culture_2024-12-06_14-08-55_jpeg_2024-12-06_14-08-55.webp.webp?fit=1200%2C675&ssl=1&resize=525%2C300 1.5x, https:\/\/i0.wp.com\/ismaelcolosi.com.br\/wp-content\/uploads\/2024\/12\/vintage-culture_2024-12-06_14-08-55_jpeg_2024-12-06_14-08-55.webp.webp?fit=1200%2C675&ssl=1&resize=700%2C400 2x, https:\/\/i0.wp.com\/ismaelcolosi.com.br\/wp-content\/uploads\/2024\/12\/vintage-culture_2024-12-06_14-08-55_jpeg_2024-12-06_14-08-55.webp.webp?fit=1200%2C675&ssl=1&resize=1050%2C600 3x"},"classes":[]},{"id":29471,"url":"https:\/\/ismaelcolosi.com.br\/index.php\/2024\/01\/18\/importante-nome-da-musica-brasileira-tem-falecimento-confirmado-e-muitos-lamentam-depois-de-muita-luta\/","url_meta":{"origin":77594,"position":5},"title":"Importante nome da m\u00fasica brasileira tem falecimento confirmado e muitos lamentam: &#8216;Depois de muita luta&#8217;","author":"ismaelcolosi.com.br","date":"18 de January de 2024","format":false,"excerpt":"Nesta quarta-feira, dia 17 de janeiro, foi confirmado o falecimento de Rui Motta, aos 72 anos de idade. A not\u00edcia foi oficialmente divulgada nas redes sociais do artista e muitos se encontram de luto por essa grande perda.Rui Motta ficou bastante conhecido por ter integrado o grupo musical \u2018Mutantes\u2019, e\u2026","rel":"","context":"In &quot;Blog&quot;","block_context":{"text":"Blog","link":"https:\/\/ismaelcolosi.com.br\/index.php\/category\/blog\/"},"img":{"alt_text":"","src":"https:\/\/i0.wp.com\/ismaelcolosi.com.br\/wp-content\/uploads\/2024\/01\/postimg-65a93eb1be4532898.jpg?fit=1200%2C628&ssl=1&resize=350%2C200","width":350,"height":200,"srcset":"https:\/\/i0.wp.com\/ismaelcolosi.com.br\/wp-content\/uploads\/2024\/01\/postimg-65a93eb1be4532898.jpg?fit=1200%2C628&ssl=1&resize=350%2C200 1x, https:\/\/i0.wp.com\/ismaelcolosi.com.br\/wp-content\/uploads\/2024\/01\/postimg-65a93eb1be4532898.jpg?fit=1200%2C628&ssl=1&resize=525%2C300 1.5x, https:\/\/i0.wp.com\/ismaelcolosi.com.br\/wp-content\/uploads\/2024\/01\/postimg-65a93eb1be4532898.jpg?fit=1200%2C628&ssl=1&resize=700%2C400 2x, https:\/\/i0.wp.com\/ismaelcolosi.com.br\/wp-content\/uploads\/2024\/01\/postimg-65a93eb1be4532898.jpg?fit=1200%2C628&ssl=1&resize=1050%2C600 3x"},"classes":[]}],"jetpack_sharing_enabled":true,"jetpack_shortlink":"https:\/\/wp.me\/pfMlyK-kbw","_links":{"self":[{"href":"https:\/\/ismaelcolosi.com.br\/index.php\/wp-json\/wp\/v2\/posts\/77594","targetHints":{"allow":["GET"]}}],"collection":[{"href":"https:\/\/ismaelcolosi.com.br\/index.php\/wp-json\/wp\/v2\/posts"}],"about":[{"href":"https:\/\/ismaelcolosi.com.br\/index.php\/wp-json\/wp\/v2\/types\/post"}],"author":[{"embeddable":true,"href":"https:\/\/ismaelcolosi.com.br\/index.php\/wp-json\/wp\/v2\/users\/1"}],"replies":[{"embeddable":true,"href":"https:\/\/ismaelcolosi.com.br\/index.php\/wp-json\/wp\/v2\/comments?post=77594"}],"version-history":[{"count":0,"href":"https:\/\/ismaelcolosi.com.br\/index.php\/wp-json\/wp\/v2\/posts\/77594\/revisions"}],"wp:featuredmedia":[{"embeddable":true,"href":"https:\/\/ismaelcolosi.com.br\/index.php\/wp-json\/wp\/v2\/media\/77595"}],"wp:attachment":[{"href":"https:\/\/ismaelcolosi.com.br\/index.php\/wp-json\/wp\/v2\/media?parent=77594"}],"wp:term":[{"taxonomy":"category","embeddable":true,"href":"https:\/\/ismaelcolosi.com.br\/index.php\/wp-json\/wp\/v2\/categories?post=77594"},{"taxonomy":"post_tag","embeddable":true,"href":"https:\/\/ismaelcolosi.com.br\/index.php\/wp-json\/wp\/v2\/tags?post=77594"}],"curies":[{"name":"wp","href":"https:\/\/api.w.org\/{rel}","templated":true}]}}