{"id":77583,"date":"2024-11-26T16:03:19","date_gmt":"2024-11-26T19:03:19","guid":{"rendered":"https:\/\/ismaelcolosi.com.br\/index.php\/2024\/11\/26\/moraes-retira-sigilo-de-inquerito-de-tentativa-de-golpe\/"},"modified":"2024-11-26T16:03:19","modified_gmt":"2024-11-26T19:03:19","slug":"moraes-retira-sigilo-de-inquerito-de-tentativa-de-golpe","status":"publish","type":"post","link":"https:\/\/ismaelcolosi.com.br\/index.php\/2024\/11\/26\/moraes-retira-sigilo-de-inquerito-de-tentativa-de-golpe\/","title":{"rendered":"Moraes retira sigilo de inqu\u00e9rito de tentativa de golpe"},"content":{"rendered":"<p> <br \/>\n<\/p>\n<div>\n<p>O ministro Alexandre de Moraes, do Supremo Tribunal Federal (STF), retirou nesta ter\u00e7a-feira (26) o sigilo do relat\u00f3rio no qual a Pol\u00edcia Federal (PF)\u00a0<a href=\"https:\/\/agenciabrasil.ebc.com.br\/justica\/noticia\/2024-11\/pf-conclui-inquerito-sobre-tentativa-de-golpe-e-indicia-37-pessoas\" target=\"_blank\" rel=\"noopener\">indiciou na semana passada o ex-presidente Jair Bolsonaro e mais 36 acusados por golpe de Estado<\/a>\u00a0e aboli\u00e7\u00e3o violenta do Estado Democr\u00e1tico de Direito. O documento deve ser divulgado pelo STF nas pr\u00f3ximas horas.\u00a0<img data-recalc-dims=\"1\" decoding=\"async\" src=\"https:\/\/i0.wp.com\/agenciabrasil.ebc.com.br\/ebc.png?ssl=1\" class=\"lazyload\"\/><img data-recalc-dims=\"1\" decoding=\"async\" src=\"https:\/\/i0.wp.com\/agenciabrasil.ebc.com.br\/ebc.png?ssl=1\"\/><img data-recalc-dims=\"1\" decoding=\"async\" src=\"https:\/\/i0.wp.com\/agenciabrasil.ebc.com.br\/ebc.gif?ssl=1\" class=\"lazyload\"\/><img data-recalc-dims=\"1\" decoding=\"async\" src=\"https:\/\/i0.wp.com\/agenciabrasil.ebc.com.br\/ebc.gif?ssl=1\"\/><\/p>\n<p>Na mesma decis\u00e3o, o ministro enviou o relat\u00f3rio \u00e0 Procuradoria-Geral da Rep\u00fablica (PGR).\u00a0 Com o envio do relat\u00f3rio, o procurador-geral da Rep\u00fablica, Paulo Gonet, vai decidir se o ex-presidente e os demais acusados ser\u00e3o denunciados ao Supremo pelos crimes imputados pelos investigadores da PF.<\/p>\n<p>Devido ao recesso de fim de ano na Corte, que come\u00e7a no dia 19 de dezembro e termina em 1\u00b0 de fevereiro de 2025, a expectativa \u00e9 a de que o julgamento da eventual den\u00fancia da procuradoria ocorra somente no ano que vem.<\/p>\n<p>O caso poder\u00e1 ser julgado pela Primeira Turma da Supremo, colegiado composto pelo relator, Alexandre de Moraes, e os ministros Fl\u00e1vio Dino, Cristiano Zanin, C\u00e1rmen L\u00facia e Luiz Fux.\u00a0 Se maioria dos ministros aceitar a eventual den\u00fancia, Bolsonaro e os outros acusados viram r\u00e9us e passam a responder a uma a\u00e7\u00e3o penal no STF.<\/p>\n<p>Pelo regimento interno do STF, cabe as duas turmas do tribunal julgar a\u00e7\u00f5es penais. Como o relator faz parte da Primeira Turma, a eventual den\u00fancia ser\u00e1 julgada pelo colegiado.<\/p>\n<p>A Segunda Turma \u00e9 composta pelos ministros Gilmar Mendes, Dias Toffoli, Edson Fachin, al\u00e9m de Andr\u00e9 Mendon\u00e7a e Nunes Marques, ambos indicados ao STF pelo ex-presidente Bolsonaro.<\/p>\n<\/div>\n<p><br \/>\n<br \/><a href=\"https:\/\/www.tribunaribeirao.com.br\/moraes-retira-sigilo-de-inquerito-de-tentativa-de-golpe\/\">Source link <\/a><\/p>\n<div class='code-block code-block-4' style='margin: 8px auto 8px 0; text-align: left; display: block; clear: both;'>\n\ud83d\udce2 Aviso Legal\n\nO site ismaelcolosi.com.br atua apenas como um canal de divulga\u00e7\u00e3o de oportunidades de emprego e n\u00e3o se responsabiliza pelo processo seletivo, contrata\u00e7\u00e3o ou qualquer outra etapa relacionada \u00e0s vagas publicadas. Todas as informa\u00e7\u00f5es s\u00e3o de responsabilidade dos anunciantes.\n\n\u26a0\ufe0f Aten\u00e7\u00e3o! Nunca pague por promessas de emprego nem compre cursos que garantam contrata\u00e7\u00e3o. Desconfie de qualquer cobran\u00e7a para participar de sele\u00e7\u00f5es.\n\n\n\n<\/div>\n<!-- CONTENT END 1 -->\n","protected":false},"excerpt":{"rendered":"<p>O ministro Alexandre de Moraes, do Supremo Tribunal Federal (STF), retirou nesta ter\u00e7a-feira (26) o sigilo do relat\u00f3rio no qual a Pol\u00edcia Federal (PF)\u00a0indiciou na&#8230;<\/p>\n","protected":false},"author":1,"featured_media":77584,"comment_status":"open","ping_status":"open","sticky":false,"template":"","format":"standard","meta":{"_uag_custom_page_level_css":"","advanced_seo_description":"","jetpack_seo_html_title":"","jetpack_seo_noindex":false,"jetpack_post_was_ever_published":false,"_jetpack_newsletter_access":"","_jetpack_dont_email_post_to_subs":false,"_jetpack_newsletter_tier_id":0,"_jetpack_memberships_contains_paywalled_content":false,"_jetpack_memberships_contains_paid_content":false,"footnotes":"","jetpack_publicize_message":"","jetpack_publicize_feature_enabled":true,"jetpack_social_post_already_shared":true,"jetpack_social_options":{"image_generator_settings":{"template":"highway","default_image_id":0,"font":"","enabled":false},"version":2}},"categories":[11],"tags":[],"class_list":["post-77583","post","type-post","status-publish","format-standard","has-post-thumbnail","hentry","category-noticias-de-ribeirao-preto-sp-e-regiao-ismael-colosi"],"jetpack_publicize_connections":[],"jetpack_featured_media_url":"https:\/\/i0.wp.com\/ismaelcolosi.com.br\/wp-content\/uploads\/2024\/11\/1c02b8cc-e2e1-4b0f-ada2-04ff86c81390-scaled.jpg?fit=800%2C479&ssl=1","uagb_featured_image_src":{"full":["https:\/\/i0.wp.com\/ismaelcolosi.com.br\/wp-content\/uploads\/2024\/11\/1c02b8cc-e2e1-4b0f-ada2-04ff86c81390-scaled.jpg?fit=800%2C479&ssl=1",800,479,false],"thumbnail":["https:\/\/i0.wp.com\/ismaelcolosi.com.br\/wp-content\/uploads\/2024\/11\/1c02b8cc-e2e1-4b0f-ada2-04ff86c81390-scaled.jpg?resize=150%2C150&ssl=1",150,150,true],"medium":["https:\/\/i0.wp.com\/ismaelcolosi.com.br\/wp-content\/uploads\/2024\/11\/1c02b8cc-e2e1-4b0f-ada2-04ff86c81390-scaled.jpg?fit=300%2C180&ssl=1",300,180,true],"medium_large":["https:\/\/i0.wp.com\/ismaelcolosi.com.br\/wp-content\/uploads\/2024\/11\/1c02b8cc-e2e1-4b0f-ada2-04ff86c81390-scaled.jpg?fit=768%2C460&ssl=1",768,460,true],"large":["https:\/\/i0.wp.com\/ismaelcolosi.com.br\/wp-content\/uploads\/2024\/11\/1c02b8cc-e2e1-4b0f-ada2-04ff86c81390-scaled.jpg?fit=800%2C479&ssl=1",800,479,true],"1536x1536":["https:\/\/i0.wp.com\/ismaelcolosi.com.br\/wp-content\/uploads\/2024\/11\/1c02b8cc-e2e1-4b0f-ada2-04ff86c81390-scaled.jpg?fit=800%2C479&ssl=1",800,479,true],"2048x2048":["https:\/\/i0.wp.com\/ismaelcolosi.com.br\/wp-content\/uploads\/2024\/11\/1c02b8cc-e2e1-4b0f-ada2-04ff86c81390-scaled.jpg?fit=800%2C479&ssl=1",800,479,true],"really-simple-thumb":["https:\/\/i0.wp.com\/ismaelcolosi.com.br\/wp-content\/uploads\/2024\/11\/1c02b8cc-e2e1-4b0f-ada2-04ff86c81390-scaled.jpg?resize=370%2C247&ssl=1",370,247,true]},"uagb_author_info":{"display_name":"ismaelcolosi.com.br","author_link":"https:\/\/ismaelcolosi.com.br\/index.php\/author\/vidareal-online\/"},"uagb_comment_info":0,"uagb_excerpt":"O ministro Alexandre de Moraes, do Supremo Tribunal Federal (STF), retirou nesta ter\u00e7a-feira (26) o sigilo do relat\u00f3rio no qual a Pol\u00edcia Federal (PF)\u00a0indiciou na...","jetpack-related-posts":[{"id":77655,"url":"https:\/\/ismaelcolosi.com.br\/index.php\/2024\/11\/27\/bolsonaro-atuou-de-forma-direta-e-efetiva-para-tentar-golpe-diz-pf\/","url_meta":{"origin":77583,"position":0},"title":"Bolsonaro atuou de forma &#8220;direta e efetiva&#8221; para tentar golpe, diz PF","author":"ismaelcolosi.com.br","date":"27 de November de 2024","format":false,"excerpt":"27 de novembro de 202427 de novembro de 20248 Compartilhar0 A Pol\u00edcia Federal (PF) concluiu que o ex-presidente Jair Bolsonaro atuou de \u201cforma direta e efetiva\u201d nos atos execut\u00f3rios para tentar um golpe de Estado em 2022. A informa\u00e7\u00e3o est\u00e1 no relat\u00f3rio no qual a PF\u00a0indiciou Bolsonaro e mais 36\u2026","rel":"","context":"In &quot;Not\u00edcias de Ribeir\u00e3o Preto-SP e Regi\u00e3o&quot;","block_context":{"text":"Not\u00edcias de Ribeir\u00e3o Preto-SP e Regi\u00e3o","link":"https:\/\/ismaelcolosi.com.br\/index.php\/category\/noticias-de-ribeirao-preto-sp-e-regiao-ismael-colosi\/"},"img":{"alt_text":"","src":"https:\/\/i0.wp.com\/ismaelcolosi.com.br\/wp-content\/uploads\/2024\/11\/09013318-004d-41c9-944c-e2828b630c12-scaled.jpg?fit=800%2C479&ssl=1&resize=350%2C200","width":350,"height":200,"srcset":"https:\/\/i0.wp.com\/ismaelcolosi.com.br\/wp-content\/uploads\/2024\/11\/09013318-004d-41c9-944c-e2828b630c12-scaled.jpg?fit=800%2C479&ssl=1&resize=350%2C200 1x, https:\/\/i0.wp.com\/ismaelcolosi.com.br\/wp-content\/uploads\/2024\/11\/09013318-004d-41c9-944c-e2828b630c12-scaled.jpg?fit=800%2C479&ssl=1&resize=525%2C300 1.5x, https:\/\/i0.wp.com\/ismaelcolosi.com.br\/wp-content\/uploads\/2024\/11\/09013318-004d-41c9-944c-e2828b630c12-scaled.jpg?fit=800%2C479&ssl=1&resize=700%2C400 2x"},"classes":[]},{"id":40376,"url":"https:\/\/ismaelcolosi.com.br\/index.php\/2024\/03\/03\/saiba-se-os-moradores-de-ribeirao-condenados-pelos-atos-de-8-de-janeiro-serao-presos\/","url_meta":{"origin":77583,"position":1},"title":"Saiba se os moradores de Ribeir\u00e3o condenados pelos atos de 8 de janeiro ser\u00e3o presos","author":"ismaelcolosi.com.br","date":"3 de March de 2024","format":false,"excerpt":"O STF (Supremo Tribunal Federal) condenou dois moradores de Ribeir\u00e3o Preto pelos atos de 8 de janeiro de 2023 pelos crimes de tentativa de Golpe de Estado, entre outros. Mas isso n\u00e3o significa que eles v\u00e3o presos imediatamente. Quando ser\u00e3o presos? De acordo com a Corte, os condenados s\u00f3 passam\u2026","rel":"","context":"In &quot;Not\u00edcias de Ribeir\u00e3o Preto-SP e Regi\u00e3o&quot;","block_context":{"text":"Not\u00edcias de Ribeir\u00e3o Preto-SP e Regi\u00e3o","link":"https:\/\/ismaelcolosi.com.br\/index.php\/category\/noticias-de-ribeirao-preto-sp-e-regiao-ismael-colosi\/"},"img":{"alt_text":"","src":"https:\/\/i0.wp.com\/ismaelcolosi.com.br\/wp-content\/uploads\/2024\/03\/AnyConv.com__WhatsApp-Image-2024-03-02-at-10.37.09.webp.webp?fit=1200%2C675&ssl=1&resize=350%2C200","width":350,"height":200,"srcset":"https:\/\/i0.wp.com\/ismaelcolosi.com.br\/wp-content\/uploads\/2024\/03\/AnyConv.com__WhatsApp-Image-2024-03-02-at-10.37.09.webp.webp?fit=1200%2C675&ssl=1&resize=350%2C200 1x, https:\/\/i0.wp.com\/ismaelcolosi.com.br\/wp-content\/uploads\/2024\/03\/AnyConv.com__WhatsApp-Image-2024-03-02-at-10.37.09.webp.webp?fit=1200%2C675&ssl=1&resize=525%2C300 1.5x, https:\/\/i0.wp.com\/ismaelcolosi.com.br\/wp-content\/uploads\/2024\/03\/AnyConv.com__WhatsApp-Image-2024-03-02-at-10.37.09.webp.webp?fit=1200%2C675&ssl=1&resize=700%2C400 2x, https:\/\/i0.wp.com\/ismaelcolosi.com.br\/wp-content\/uploads\/2024\/03\/AnyConv.com__WhatsApp-Image-2024-03-02-at-10.37.09.webp.webp?fit=1200%2C675&ssl=1&resize=1050%2C600 3x"},"classes":[]},{"id":40225,"url":"https:\/\/ismaelcolosi.com.br\/index.php\/2024\/03\/01\/stf-forma-maioria-para-condenar-barquet-miguel\/","url_meta":{"origin":77583,"position":2},"title":"STF forma maioria para condenar Barquet Miguel","author":"ismaelcolosi.com.br","date":"1 de March de 2024","format":false,"excerpt":"1 de mar\u00e7o de 2024 | 16:38 0O\u00a0 Supremo Tribunal Federal formou maioria para condenar\u00a0Barquet Miguel J\u00fanior, preso nos atos de 8 de janeiro\u00a0de 2023. Ele est\u00e1 em liberdade desde agosto do ano passado.O relator do processo, o ministro\u00a0Alexandre de Moraes, pediu que o morador de Ribeir\u00e3o Preto, seja condenado\u2026","rel":"","context":"In &quot;Not\u00edcias de Ribeir\u00e3o Preto-SP e Regi\u00e3o&quot;","block_context":{"text":"Not\u00edcias de Ribeir\u00e3o Preto-SP e Regi\u00e3o","link":"https:\/\/ismaelcolosi.com.br\/index.php\/category\/noticias-de-ribeirao-preto-sp-e-regiao-ismael-colosi\/"},"img":{"alt_text":"","src":"https:\/\/i0.wp.com\/ismaelcolosi.com.br\/wp-content\/uploads\/2024\/03\/barquet-miguel-junior-1536x863-1-scaled.jpeg?fit=1000%2C562&ssl=1&resize=350%2C200","width":350,"height":200,"srcset":"https:\/\/i0.wp.com\/ismaelcolosi.com.br\/wp-content\/uploads\/2024\/03\/barquet-miguel-junior-1536x863-1-scaled.jpeg?fit=1000%2C562&ssl=1&resize=350%2C200 1x, https:\/\/i0.wp.com\/ismaelcolosi.com.br\/wp-content\/uploads\/2024\/03\/barquet-miguel-junior-1536x863-1-scaled.jpeg?fit=1000%2C562&ssl=1&resize=525%2C300 1.5x, https:\/\/i0.wp.com\/ismaelcolosi.com.br\/wp-content\/uploads\/2024\/03\/barquet-miguel-junior-1536x863-1-scaled.jpeg?fit=1000%2C562&ssl=1&resize=700%2C400 2x"},"classes":[]},{"id":39083,"url":"https:\/\/ismaelcolosi.com.br\/index.php\/2024\/02\/23\/stf-vai-julgar-barquet-miguel-2\/","url_meta":{"origin":77583,"position":3},"title":"STF vai julgar Barquet Miguel \u00a0","author":"ismaelcolosi.com.br","date":"23 de February de 2024","format":false,"excerpt":"23 de fevereiro de 2024 | 11:0023 de fevereiro de 2024 | 7:55 0O Supremo Tribunal Federal (STF) inicia nesta sexta-feira, 23 de fevereiro, o julgamento do corretor de im\u00f3veis ribeir\u00e3o-pretano Barquet Miguel J\u00fanior, que chegou a ser preso durante os atos antidemocr\u00e1ticos e golpistas de 8 de janeiro do\u2026","rel":"","context":"In &quot;Not\u00edcias de Ribeir\u00e3o Preto-SP e Regi\u00e3o&quot;","block_context":{"text":"Not\u00edcias de Ribeir\u00e3o Preto-SP e Regi\u00e3o","link":"https:\/\/ismaelcolosi.com.br\/index.php\/category\/noticias-de-ribeirao-preto-sp-e-regiao-ismael-colosi\/"},"img":{"alt_text":"","src":"https:\/\/i0.wp.com\/ismaelcolosi.com.br\/wp-content\/uploads\/2024\/02\/TerrorSTF-Detalhe-Redes-sociais-Reproducao-01-2.jpg?fit=975%2C606&ssl=1&resize=350%2C200","width":350,"height":200,"srcset":"https:\/\/i0.wp.com\/ismaelcolosi.com.br\/wp-content\/uploads\/2024\/02\/TerrorSTF-Detalhe-Redes-sociais-Reproducao-01-2.jpg?fit=975%2C606&ssl=1&resize=350%2C200 1x, https:\/\/i0.wp.com\/ismaelcolosi.com.br\/wp-content\/uploads\/2024\/02\/TerrorSTF-Detalhe-Redes-sociais-Reproducao-01-2.jpg?fit=975%2C606&ssl=1&resize=525%2C300 1.5x, https:\/\/i0.wp.com\/ismaelcolosi.com.br\/wp-content\/uploads\/2024\/02\/TerrorSTF-Detalhe-Redes-sociais-Reproducao-01-2.jpg?fit=975%2C606&ssl=1&resize=700%2C400 2x"},"classes":[]},{"id":77143,"url":"https:\/\/ismaelcolosi.com.br\/index.php\/2024\/11\/21\/pf-indicia-bolsonaro-braga-netto-e-mais-35-por-tentativa-de-golpe\/","url_meta":{"origin":77583,"position":4},"title":"PF indicia Bolsonaro, Braga Netto e mais 35 por tentativa de golpe","author":"ismaelcolosi.com.br","date":"21 de November de 2024","format":false,"excerpt":"A Pol\u00edcia Federal (PF) concluiu nesta quinta-feira (21) o inqu\u00e9rito que apura a exist\u00eancia de uma organiza\u00e7\u00e3o criminosa acusada de atuar coordenadamente para evitar que o ent\u00e3o presidente eleito, Luiz In\u00e1cio Lula da Silva, e seu vice, Geraldo Alckmin, assumissem o governo, em 2022, sucedendo ao ent\u00e3o presidente Jair Bolsonaro,\u2026","rel":"","context":"In &quot;Not\u00edcias de Ribeir\u00e3o Preto-SP e Regi\u00e3o&quot;","block_context":{"text":"Not\u00edcias de Ribeir\u00e3o Preto-SP e Regi\u00e3o","link":"https:\/\/ismaelcolosi.com.br\/index.php\/category\/noticias-de-ribeirao-preto-sp-e-regiao-ismael-colosi\/"},"img":{"alt_text":"","src":"https:\/\/i0.wp.com\/ismaelcolosi.com.br\/wp-content\/uploads\/2024\/11\/bolsonaro-1.jpg?fit=800%2C500&ssl=1&resize=350%2C200","width":350,"height":200,"srcset":"https:\/\/i0.wp.com\/ismaelcolosi.com.br\/wp-content\/uploads\/2024\/11\/bolsonaro-1.jpg?fit=800%2C500&ssl=1&resize=350%2C200 1x, https:\/\/i0.wp.com\/ismaelcolosi.com.br\/wp-content\/uploads\/2024\/11\/bolsonaro-1.jpg?fit=800%2C500&ssl=1&resize=525%2C300 1.5x, https:\/\/i0.wp.com\/ismaelcolosi.com.br\/wp-content\/uploads\/2024\/11\/bolsonaro-1.jpg?fit=800%2C500&ssl=1&resize=700%2C400 2x"},"classes":[]},{"id":39067,"url":"https:\/\/ismaelcolosi.com.br\/index.php\/2024\/02\/23\/alexandre-de-moraes-vota-para-condenar-morador-de-ribeirao-preso-nos-atos-de-8-de-janeiro\/","url_meta":{"origin":77583,"position":5},"title":"Alexandre de Moraes vota para condenar morador de Ribeir\u00e3o preso nos atos de 8 de janeiro","author":"ismaelcolosi.com.br","date":"23 de February de 2024","format":false,"excerpt":"O ministro Alexandre de Moraes, do STF (Supremo Tribunal Federal), votou pela condena\u00e7\u00e3o de Barquet Miguel J\u00fanior, de Ribeir\u00e3o Preto, preso nos atos de 8 de janeiro. Moraes, que \u00e9 relator do processo, pediu que Barquet seja condenado a 14 anos de pris\u00e3o, al\u00e9m do pagamento de multa de R$\u2026","rel":"","context":"In &quot;Not\u00edcias de Ribeir\u00e3o Preto-SP e Regi\u00e3o&quot;","block_context":{"text":"Not\u00edcias de Ribeir\u00e3o Preto-SP e Regi\u00e3o","link":"https:\/\/ismaelcolosi.com.br\/index.php\/category\/noticias-de-ribeirao-preto-sp-e-regiao-ismael-colosi\/"},"img":{"alt_text":"","src":"https:\/\/i0.wp.com\/ismaelcolosi.com.br\/wp-content\/uploads\/2024\/02\/barquet-miguel-jr-alexandre-de-moraes.jpeg?fit=1200%2C675&ssl=1&resize=350%2C200","width":350,"height":200,"srcset":"https:\/\/i0.wp.com\/ismaelcolosi.com.br\/wp-content\/uploads\/2024\/02\/barquet-miguel-jr-alexandre-de-moraes.jpeg?fit=1200%2C675&ssl=1&resize=350%2C200 1x, https:\/\/i0.wp.com\/ismaelcolosi.com.br\/wp-content\/uploads\/2024\/02\/barquet-miguel-jr-alexandre-de-moraes.jpeg?fit=1200%2C675&ssl=1&resize=525%2C300 1.5x, https:\/\/i0.wp.com\/ismaelcolosi.com.br\/wp-content\/uploads\/2024\/02\/barquet-miguel-jr-alexandre-de-moraes.jpeg?fit=1200%2C675&ssl=1&resize=700%2C400 2x, https:\/\/i0.wp.com\/ismaelcolosi.com.br\/wp-content\/uploads\/2024\/02\/barquet-miguel-jr-alexandre-de-moraes.jpeg?fit=1200%2C675&ssl=1&resize=1050%2C600 3x"},"classes":[]}],"jetpack_sharing_enabled":true,"jetpack_shortlink":"https:\/\/wp.me\/pfMlyK-kbl","_links":{"self":[{"href":"https:\/\/ismaelcolosi.com.br\/index.php\/wp-json\/wp\/v2\/posts\/77583","targetHints":{"allow":["GET"]}}],"collection":[{"href":"https:\/\/ismaelcolosi.com.br\/index.php\/wp-json\/wp\/v2\/posts"}],"about":[{"href":"https:\/\/ismaelcolosi.com.br\/index.php\/wp-json\/wp\/v2\/types\/post"}],"author":[{"embeddable":true,"href":"https:\/\/ismaelcolosi.com.br\/index.php\/wp-json\/wp\/v2\/users\/1"}],"replies":[{"embeddable":true,"href":"https:\/\/ismaelcolosi.com.br\/index.php\/wp-json\/wp\/v2\/comments?post=77583"}],"version-history":[{"count":0,"href":"https:\/\/ismaelcolosi.com.br\/index.php\/wp-json\/wp\/v2\/posts\/77583\/revisions"}],"wp:featuredmedia":[{"embeddable":true,"href":"https:\/\/ismaelcolosi.com.br\/index.php\/wp-json\/wp\/v2\/media\/77584"}],"wp:attachment":[{"href":"https:\/\/ismaelcolosi.com.br\/index.php\/wp-json\/wp\/v2\/media?parent=77583"}],"wp:term":[{"taxonomy":"category","embeddable":true,"href":"https:\/\/ismaelcolosi.com.br\/index.php\/wp-json\/wp\/v2\/categories?post=77583"},{"taxonomy":"post_tag","embeddable":true,"href":"https:\/\/ismaelcolosi.com.br\/index.php\/wp-json\/wp\/v2\/tags?post=77583"}],"curies":[{"name":"wp","href":"https:\/\/api.w.org\/{rel}","templated":true}]}}