{"id":77577,"date":"2024-11-26T15:29:27","date_gmt":"2024-11-26T18:29:27","guid":{"rendered":"https:\/\/ismaelcolosi.com.br\/index.php\/2024\/11\/26\/cpi-das-bets-convoca-gusttavo-lima-e-convida-felipe-neto-para-deporem\/"},"modified":"2024-11-26T15:29:27","modified_gmt":"2024-11-26T18:29:27","slug":"cpi-das-bets-convoca-gusttavo-lima-e-convida-felipe-neto-para-deporem","status":"publish","type":"post","link":"https:\/\/ismaelcolosi.com.br\/index.php\/2024\/11\/26\/cpi-das-bets-convoca-gusttavo-lima-e-convida-felipe-neto-para-deporem\/","title":{"rendered":"CPI das Bets convoca Gusttavo Lima e convida Felipe Neto para deporem"},"content":{"rendered":"<p> <br \/>\n<\/p>\n<div>\n<p>A Comiss\u00e3o Parlamentar de Inqu\u00e9rito (CPI) das Bets aprovou, nesta ter\u00e7a-feira (26), a convoca\u00e7\u00e3o do cantor sertanejo Gusttavo Lima e o convite para o influenciador digital Felipe Neto para que eles expliquem a rela\u00e7\u00e3o com empresas de apostas esportivas\u00a0<em>online<\/em>, as chamadas Bets. Enquanto Lima \u00e9 obrigado \u00e0 comparecer por ter sido convocado, Felipe Neto pode decidir se comparece, ou n\u00e3o, por ter sido apenas convidado.<img data-recalc-dims=\"1\" decoding=\"async\" src=\"https:\/\/i0.wp.com\/agenciabrasil.ebc.com.br\/ebc.png?ssl=1\" class=\"lazyload\"\/><img data-recalc-dims=\"1\" decoding=\"async\" src=\"https:\/\/i0.wp.com\/agenciabrasil.ebc.com.br\/ebc.png?ssl=1\"\/><img data-recalc-dims=\"1\" decoding=\"async\" src=\"https:\/\/i0.wp.com\/agenciabrasil.ebc.com.br\/ebc.gif?ssl=1\" class=\"lazyload\"\/><img data-recalc-dims=\"1\" decoding=\"async\" src=\"https:\/\/i0.wp.com\/agenciabrasil.ebc.com.br\/ebc.gif?ssl=1\"\/><\/p>\n<p>A CPI do Senado investiga a crescente influ\u00eancia dos jogos virtuais de apostas\u00a0<em>online<\/em>\u00a0no or\u00e7amento das fam\u00edlias brasileiras, al\u00e9m da poss\u00edvel associa\u00e7\u00e3o das Bets com organiza\u00e7\u00f5es criminosas para lavagem de dinheiro, assim como o uso de influenciadores digitais na promo\u00e7\u00e3o e divulga\u00e7\u00e3o dessas atividades.<\/p>\n<p>O cantor Gusttavo Lima chegou a ter a pris\u00e3o decretada em investiga\u00e7\u00e3o que apura o uso de apostas\u00a0<em>online<\/em>\u00a0para lavagem de dinheiro, mas a\u00a0<a href=\"https:\/\/agenciabrasil.ebc.com.br\/justica\/noticia\/2024-09\/justica-revoga-mandado-de-prisao-contra-cantor-gusttavo-lima\" target=\"_blank\" rel=\"noopener\">pris\u00e3o foi revogada por\u00a0<em>habeas corpus<\/em><\/a>.<\/p>\n<p>\u201cSua convoca\u00e7\u00e3o \u00e9 essencial para esclarecer o n\u00edvel de envolvimento com esse mercado, incluindo poss\u00edveis recebimentos irregulares ou participa\u00e7\u00e3o em a\u00e7\u00f5es consideradas anti\u00e9ticas ou ilegais. Como uma figura p\u00fablica influente, sua atua\u00e7\u00e3o pode ajudar a compreender o impacto de celebridades na promo\u00e7\u00e3o de apostas online, especialmente entre consumidores mais vulner\u00e1veis\u201d, justificou a relatora da CPI, senadora Soraya Thronicke (Podemos\/MS).<\/p>\n<p>A senadora lembrou que o cantor comprou 25% de uma casa de apostas investigada pela Opera\u00e7\u00e3o Integration, da Pol\u00edcia Federal (PF). \u201cA rela\u00e7\u00e3o do cantor com os administradores da VaideBet levanta d\u00favidas sobre a integridade das transa\u00e7\u00f5es financeiras e seu poss\u00edvel aux\u00edlio a investigados na fuga da Justi\u00e7a\u201d, acrescentou.<\/p>\n<p>Os senadores tamb\u00e9m aprovaram requerimento para ter acesso aos relat\u00f3rios de intelig\u00eancia financeira ligados ao cantor sertanejo e \u00e0 empresa dele no Coaf, o Conselho de Controle de Atividades Financeiras.<\/p>\n<h5>Felipe Neto<\/h5>\n<p>O influenciador digital Felipe Neto tamb\u00e9m foi chamado a colaborar com a Comiss\u00e3o por ter promovido, durante dez meses, uma casa de apostas, tendo depois reconhecido que esse trabalho foi um erro da sua carreira.<\/p>\n<p>\u201cO depoimento do Felipe Neto poder\u00e1 trazer luz a alguns pontos que s\u00e3o cruciais aos trabalhos desta comiss\u00e3o, por exemplo como s\u00e3o feitos os contratos de promo\u00e7\u00e3o entre influenciadores e as casas de apostas, incluindo valores de propostas e de valores recebidos, modelo de recompensas, dura\u00e7\u00e3o do contrato e pontos principais que o levaram a n\u00e3o mais promover casas de apostas\u201d, justificou o autor do requerimento, senador Dr. Hiran (PP\/RR).<\/p>\n<h4>Outros requerimentos<\/h4>\n<p>A CPI ainda aprovou uma s\u00e9rie de outros requerimentos, como o convite a autoridade federal respons\u00e1vel pela regula\u00e7\u00e3o das\u00a0<em>Bets<\/em>, o secret\u00e1rio de Pr\u00eamios e Apostas do Minist\u00e9rio da Fazenda, Regis Alexandre Dudena. A Comiss\u00e3o ainda convidou o secret\u00e1rio Nacional do Consumidor do Minist\u00e9rio da Justi\u00e7a e Seguran\u00e7a P\u00fablica, Wadih Damous.<\/p>\n<p>A CPI ainda aprovou o convite, ou convoca\u00e7\u00e3o, de especialistas que estudam o tema, de defensores p\u00fablicos que atuam contra o endividamento das fam\u00edlias, de policiais envolvidos em investiga\u00e7\u00f5es contra jogos de azar\u00a0<em>online<\/em>\u00a0clandestinos, al\u00e9m de representantes de empresas do mercado de Bets, da Loterj, respons\u00e1vel por autorizar jogos de azar no Rio de Janeiro, e da Associa\u00e7\u00e3o Brasileira de Apostas Esportivas.<\/p>\n<\/div>\n<p><br \/>\n<br \/><a href=\"https:\/\/www.tribunaribeirao.com.br\/cpi-das-bets-convoca-gusttavo-lima-e-convida-felipe-neto-para-deporem\/\">Source link <\/a><\/p>\n<div class='code-block code-block-4' style='margin: 8px auto 8px 0; text-align: left; display: block; clear: both;'>\n\ud83d\udce2 Aviso Legal\n\nO site ismaelcolosi.com.br atua apenas como um canal de divulga\u00e7\u00e3o de oportunidades de emprego e n\u00e3o se responsabiliza pelo processo seletivo, contrata\u00e7\u00e3o ou qualquer outra etapa relacionada \u00e0s vagas publicadas. Todas as informa\u00e7\u00f5es s\u00e3o de responsabilidade dos anunciantes.\n\n\u26a0\ufe0f Aten\u00e7\u00e3o! Nunca pague por promessas de emprego nem compre cursos que garantam contrata\u00e7\u00e3o. Desconfie de qualquer cobran\u00e7a para participar de sele\u00e7\u00f5es.\n\n\n\n<\/div>\n<!-- CONTENT END 1 -->\n","protected":false},"excerpt":{"rendered":"<p>A Comiss\u00e3o Parlamentar de Inqu\u00e9rito (CPI) das Bets aprovou, nesta ter\u00e7a-feira (26), a convoca\u00e7\u00e3o do cantor sertanejo Gusttavo Lima e o convite para o influenciador&#8230;<\/p>\n","protected":false},"author":1,"featured_media":77578,"comment_status":"open","ping_status":"open","sticky":false,"template":"","format":"standard","meta":{"_uag_custom_page_level_css":"","advanced_seo_description":"","jetpack_seo_html_title":"","jetpack_seo_noindex":false,"jetpack_post_was_ever_published":false,"_jetpack_newsletter_access":"","_jetpack_dont_email_post_to_subs":false,"_jetpack_newsletter_tier_id":0,"_jetpack_memberships_contains_paywalled_content":false,"_jetpack_memberships_contains_paid_content":false,"footnotes":"","jetpack_publicize_message":"","jetpack_publicize_feature_enabled":true,"jetpack_social_post_already_shared":true,"jetpack_social_options":{"image_generator_settings":{"template":"highway","default_image_id":0,"font":"","enabled":false},"version":2}},"categories":[11],"tags":[],"class_list":["post-77577","post","type-post","status-publish","format-standard","has-post-thumbnail","hentry","category-noticias-de-ribeirao-preto-sp-e-regiao-ismael-colosi"],"jetpack_publicize_connections":[],"jetpack_featured_media_url":"https:\/\/i0.wp.com\/ismaelcolosi.com.br\/wp-content\/uploads\/2024\/11\/Apostas-Bruno-Peres-Ag.Br_.-1-scaled.jpg?fit=800%2C479&ssl=1","uagb_featured_image_src":{"full":["https:\/\/i0.wp.com\/ismaelcolosi.com.br\/wp-content\/uploads\/2024\/11\/Apostas-Bruno-Peres-Ag.Br_.-1-scaled.jpg?fit=800%2C479&ssl=1",800,479,false],"thumbnail":["https:\/\/i0.wp.com\/ismaelcolosi.com.br\/wp-content\/uploads\/2024\/11\/Apostas-Bruno-Peres-Ag.Br_.-1-scaled.jpg?resize=150%2C150&ssl=1",150,150,true],"medium":["https:\/\/i0.wp.com\/ismaelcolosi.com.br\/wp-content\/uploads\/2024\/11\/Apostas-Bruno-Peres-Ag.Br_.-1-scaled.jpg?fit=300%2C180&ssl=1",300,180,true],"medium_large":["https:\/\/i0.wp.com\/ismaelcolosi.com.br\/wp-content\/uploads\/2024\/11\/Apostas-Bruno-Peres-Ag.Br_.-1-scaled.jpg?fit=768%2C460&ssl=1",768,460,true],"large":["https:\/\/i0.wp.com\/ismaelcolosi.com.br\/wp-content\/uploads\/2024\/11\/Apostas-Bruno-Peres-Ag.Br_.-1-scaled.jpg?fit=800%2C479&ssl=1",800,479,true],"1536x1536":["https:\/\/i0.wp.com\/ismaelcolosi.com.br\/wp-content\/uploads\/2024\/11\/Apostas-Bruno-Peres-Ag.Br_.-1-scaled.jpg?fit=800%2C479&ssl=1",800,479,true],"2048x2048":["https:\/\/i0.wp.com\/ismaelcolosi.com.br\/wp-content\/uploads\/2024\/11\/Apostas-Bruno-Peres-Ag.Br_.-1-scaled.jpg?fit=800%2C479&ssl=1",800,479,true],"really-simple-thumb":["https:\/\/i0.wp.com\/ismaelcolosi.com.br\/wp-content\/uploads\/2024\/11\/Apostas-Bruno-Peres-Ag.Br_.-1-scaled.jpg?resize=370%2C247&ssl=1",370,247,true]},"uagb_author_info":{"display_name":"ismaelcolosi.com.br","author_link":"https:\/\/ismaelcolosi.com.br\/index.php\/author\/vidareal-online\/"},"uagb_comment_info":0,"uagb_excerpt":"A Comiss\u00e3o Parlamentar de Inqu\u00e9rito (CPI) das Bets aprovou, nesta ter\u00e7a-feira (26), a convoca\u00e7\u00e3o do cantor sertanejo Gusttavo Lima e o convite para o influenciador...","jetpack-related-posts":[{"id":31275,"url":"https:\/\/ismaelcolosi.com.br\/index.php\/2024\/01\/21\/top-10-musicas-sertanejas-mais-tocadas-em-2024-janeiro\/","url_meta":{"origin":77577,"position":0},"title":"Top 10 M\u00fasicas Sertanejas Mais Tocadas em 2024 (Janeiro)","author":"ismaelcolosi.com.br","date":"21 de January de 2024","format":false,"excerpt":"Confira a lista das m\u00fasicas sertanejas mais tocadas. Ou\u00e7a a playlist das melhores m\u00fasicas sertanejas mais tocadas nas r\u00e1dios do Brasil. S\u00e3o portanto os maiores sucessos do g\u00eanero sertanejo que os ouvintes mais pedem para tocar. Desse modo, aproveite para ouvir o ranking do top sertanejo do momento atualizado(2024). Al\u00e9m\u2026","rel":"","context":"In &quot;Blog&quot;","block_context":{"text":"Blog","link":"https:\/\/ismaelcolosi.com.br\/index.php\/category\/blog\/"},"img":{"alt_text":"","src":"https:\/\/i0.wp.com\/ismaelcolosi.com.br\/wp-content\/uploads\/2024\/01\/Musicas-Sertanejas-Mais-Tocadas.jpg?fit=1200%2C799&ssl=1&resize=350%2C200","width":350,"height":200,"srcset":"https:\/\/i0.wp.com\/ismaelcolosi.com.br\/wp-content\/uploads\/2024\/01\/Musicas-Sertanejas-Mais-Tocadas.jpg?fit=1200%2C799&ssl=1&resize=350%2C200 1x, https:\/\/i0.wp.com\/ismaelcolosi.com.br\/wp-content\/uploads\/2024\/01\/Musicas-Sertanejas-Mais-Tocadas.jpg?fit=1200%2C799&ssl=1&resize=525%2C300 1.5x, https:\/\/i0.wp.com\/ismaelcolosi.com.br\/wp-content\/uploads\/2024\/01\/Musicas-Sertanejas-Mais-Tocadas.jpg?fit=1200%2C799&ssl=1&resize=700%2C400 2x, https:\/\/i0.wp.com\/ismaelcolosi.com.br\/wp-content\/uploads\/2024\/01\/Musicas-Sertanejas-Mais-Tocadas.jpg?fit=1200%2C799&ssl=1&resize=1050%2C600 3x"},"classes":[]},{"id":31265,"url":"https:\/\/ismaelcolosi.com.br\/index.php\/2024\/01\/21\/top-10-musicas-mais-tocadas-nas-radios-em-2024-janeiro\/","url_meta":{"origin":77577,"position":1},"title":"Top 10 M\u00fasicas Mais Tocadas nas R\u00e1dios em 2024 (Janeiro)","author":"ismaelcolosi.com.br","date":"21 de January de 2024","format":false,"excerpt":"Confira quais s\u00e3o as m\u00fasicas mais tocadas nas r\u00e1dios do Brasil. Ou\u00e7a a playlist das melhores m\u00fasicas mais tocadas atualmente. S\u00e3o os maiores sucessos musicais que os ouvintes mais pedem para tocar nas r\u00e1dios brasileiras. Dessa forma, aproveite para ouvir o ranking do top m\u00fasicas do momento atualizado(2024). Al\u00e9m disso,\u2026","rel":"","context":"In &quot;Blog&quot;","block_context":{"text":"Blog","link":"https:\/\/ismaelcolosi.com.br\/index.php\/category\/blog\/"},"img":{"alt_text":"","src":"https:\/\/i0.wp.com\/ismaelcolosi.com.br\/wp-content\/uploads\/2024\/01\/Musicas-Mais-Tocadas-nas-Radios.jpg?fit=1200%2C753&ssl=1&resize=350%2C200","width":350,"height":200,"srcset":"https:\/\/i0.wp.com\/ismaelcolosi.com.br\/wp-content\/uploads\/2024\/01\/Musicas-Mais-Tocadas-nas-Radios.jpg?fit=1200%2C753&ssl=1&resize=350%2C200 1x, https:\/\/i0.wp.com\/ismaelcolosi.com.br\/wp-content\/uploads\/2024\/01\/Musicas-Mais-Tocadas-nas-Radios.jpg?fit=1200%2C753&ssl=1&resize=525%2C300 1.5x, https:\/\/i0.wp.com\/ismaelcolosi.com.br\/wp-content\/uploads\/2024\/01\/Musicas-Mais-Tocadas-nas-Radios.jpg?fit=1200%2C753&ssl=1&resize=700%2C400 2x, https:\/\/i0.wp.com\/ismaelcolosi.com.br\/wp-content\/uploads\/2024\/01\/Musicas-Mais-Tocadas-nas-Radios.jpg?fit=1200%2C753&ssl=1&resize=1050%2C600 3x"},"classes":[]},{"id":31670,"url":"https:\/\/ismaelcolosi.com.br\/index.php\/2024\/01\/23\/as-50-musicas-mais-tocadas-do-streaming-no-brasil-em-2023\/","url_meta":{"origin":77577,"position":2},"title":"As 50 m\u00fasicas mais tocadas do streaming no Brasil em 2023","author":"ismaelcolosi.com.br","date":"23 de January de 2024","format":false,"excerpt":"Foto stock via Shutterstock A Pro-M\u00fasica, entidade que representa as principais gravadoras e produtoras fonogr\u00e1ficas do Brasil, divulgou o ranking das 50 m\u00fasicas mais reproduzidas nos servi\u00e7os de streaming por aqui em 2023 e a saudosa Mar\u00edlia Mendon\u00e7a apareceu no topo da lista por conta do single p\u00f3stumo \u201cLe\u00e3o\u201d, gravado\u2026","rel":"","context":"In &quot;Blog&quot;","block_context":{"text":"Blog","link":"https:\/\/ismaelcolosi.com.br\/index.php\/category\/blog\/"},"img":{"alt_text":"","src":"https:\/\/i0.wp.com\/ismaelcolosi.com.br\/wp-content\/uploads\/2024\/01\/foto-stock-fone-microfone.jpg?fit=696%2C464&ssl=1&resize=350%2C200","width":350,"height":200,"srcset":"https:\/\/i0.wp.com\/ismaelcolosi.com.br\/wp-content\/uploads\/2024\/01\/foto-stock-fone-microfone.jpg?fit=696%2C464&ssl=1&resize=350%2C200 1x, https:\/\/i0.wp.com\/ismaelcolosi.com.br\/wp-content\/uploads\/2024\/01\/foto-stock-fone-microfone.jpg?fit=696%2C464&ssl=1&resize=525%2C300 1.5x"},"classes":[]},{"id":31245,"url":"https:\/\/ismaelcolosi.com.br\/index.php\/2024\/01\/21\/top-10-musicas-de-forro-mais-tocadas-em-2024\/","url_meta":{"origin":77577,"position":3},"title":"Top 10 M\u00fasicas de Forr\u00f3 Mais Tocadas em 2024","author":"ismaelcolosi.com.br","date":"21 de January de 2024","format":false,"excerpt":"Confira quais s\u00e3o as m\u00fasicas de forr\u00f3 mais tocadas. Ou\u00e7a a playlist das melhores m\u00fasicas de forr\u00f3 mais tocadas nas r\u00e1dios do Brasil. S\u00e3o os maiores sucessos dos mais variados estilos do forr\u00f3\u00a0 e que sendo assim, os ouvintes mais pedem para tocar. Dessa forma, aproveite para ouvir o ranking\u2026","rel":"","context":"In &quot;Blog&quot;","block_context":{"text":"Blog","link":"https:\/\/ismaelcolosi.com.br\/index.php\/category\/blog\/"},"img":{"alt_text":"","src":"https:\/\/i0.wp.com\/ismaelcolosi.com.br\/wp-content\/uploads\/2024\/01\/Musicas-de-Forro-Mais-Tocadas.jpg?fit=1200%2C794&ssl=1&resize=350%2C200","width":350,"height":200,"srcset":"https:\/\/i0.wp.com\/ismaelcolosi.com.br\/wp-content\/uploads\/2024\/01\/Musicas-de-Forro-Mais-Tocadas.jpg?fit=1200%2C794&ssl=1&resize=350%2C200 1x, https:\/\/i0.wp.com\/ismaelcolosi.com.br\/wp-content\/uploads\/2024\/01\/Musicas-de-Forro-Mais-Tocadas.jpg?fit=1200%2C794&ssl=1&resize=525%2C300 1.5x, https:\/\/i0.wp.com\/ismaelcolosi.com.br\/wp-content\/uploads\/2024\/01\/Musicas-de-Forro-Mais-Tocadas.jpg?fit=1200%2C794&ssl=1&resize=700%2C400 2x, https:\/\/i0.wp.com\/ismaelcolosi.com.br\/wp-content\/uploads\/2024\/01\/Musicas-de-Forro-Mais-Tocadas.jpg?fit=1200%2C794&ssl=1&resize=1050%2C600 3x"},"classes":[]},{"id":35443,"url":"https:\/\/ismaelcolosi.com.br\/index.php\/2024\/02\/06\/ribeirao-rodeo-music-divulga-programacao-com-ana-castela-alok-e-gusttavo-lima\/","url_meta":{"origin":77577,"position":4},"title":"Ribeir\u00e3o Rodeo Music divulga programa\u00e7\u00e3o com Ana Castela, Alok e Gusttavo Lima","author":"ismaelcolosi.com.br","date":"6 de February de 2024","format":false,"excerpt":"A programa\u00e7\u00e3o do Ribeir\u00e3o Rodeo Music 2024 foi anunciada nesta ter\u00e7a-feira (6). S\u00e3o 16 shows com nomes do sertanejo entre os dias 20, 26, 27 e 30 de abril, no Parque Permanente de Exposi\u00e7\u00f5es de Ribeir\u00e3o Preto. Entre as atra\u00e7\u00f5es est\u00e3o Ana Castela, Gusttavo Lima, Jorge e Mateus e Alok.\u2026","rel":"","context":"In &quot;Not\u00edcias de Ribeir\u00e3o Preto-SP e Regi\u00e3o&quot;","block_context":{"text":"Not\u00edcias de Ribeir\u00e3o Preto-SP e Regi\u00e3o","link":"https:\/\/ismaelcolosi.com.br\/index.php\/category\/noticias-de-ribeirao-preto-sp-e-regiao-ismael-colosi\/"},"img":{"alt_text":"","src":"https:\/\/i0.wp.com\/ismaelcolosi.com.br\/wp-content\/uploads\/2024\/02\/ana-castela-1024x683.jpeg?fit=1024%2C683&ssl=1&resize=350%2C200","width":350,"height":200,"srcset":"https:\/\/i0.wp.com\/ismaelcolosi.com.br\/wp-content\/uploads\/2024\/02\/ana-castela-1024x683.jpeg?fit=1024%2C683&ssl=1&resize=350%2C200 1x, https:\/\/i0.wp.com\/ismaelcolosi.com.br\/wp-content\/uploads\/2024\/02\/ana-castela-1024x683.jpeg?fit=1024%2C683&ssl=1&resize=525%2C300 1.5x, https:\/\/i0.wp.com\/ismaelcolosi.com.br\/wp-content\/uploads\/2024\/02\/ana-castela-1024x683.jpeg?fit=1024%2C683&ssl=1&resize=700%2C400 2x"},"classes":[]},{"id":67474,"url":"https:\/\/ismaelcolosi.com.br\/index.php\/2024\/09\/23\/justica-decreta-prisao-preventiva-de-gusttavo-lima-em-caso-sobre-bets\/","url_meta":{"origin":77577,"position":5},"title":"Justi\u00e7a decreta pris\u00e3o preventiva de Gusttavo Lima em caso sobre bets","author":"ismaelcolosi.com.br","date":"23 de September de 2024","format":false,"excerpt":"O Tribunal de Justi\u00e7a de Pernambuco (TJ-PE) decretou, nesta segunda-feira (23), a pris\u00e3o do cantor\u00a0Gusttavo Lima. A decis\u00e3o foi tomada em meio \u00e0s investiga\u00e7\u00f5es da\u00a0Opera\u00e7\u00e3o Integration, que investiga uma quadrilha suspeita de movimentar cerca de R$ 3 bilh\u00f5es em esquema de lavagem de dinheiro de jogos de azar. A Opera\u00e7\u00e3o\u2026","rel":"","context":"In &quot;Not\u00edcias de Ribeir\u00e3o Preto-SP e Regi\u00e3o&quot;","block_context":{"text":"Not\u00edcias de Ribeir\u00e3o Preto-SP e Regi\u00e3o","link":"https:\/\/ismaelcolosi.com.br\/index.php\/category\/noticias-de-ribeirao-preto-sp-e-regiao-ismael-colosi\/"},"img":{"alt_text":"","src":"https:\/\/i0.wp.com\/ismaelcolosi.com.br\/wp-content\/uploads\/2024\/09\/Copia-de-Copia-de-Copia-de-TAMANHO-EXATO-PARA-FOTOS-NO-SISTEMA-NOVO-40_2024-09-23_19-17-41_png_2024-09-23_19-17-41.webp.webp?fit=1200%2C675&ssl=1&resize=350%2C200","width":350,"height":200,"srcset":"https:\/\/i0.wp.com\/ismaelcolosi.com.br\/wp-content\/uploads\/2024\/09\/Copia-de-Copia-de-Copia-de-TAMANHO-EXATO-PARA-FOTOS-NO-SISTEMA-NOVO-40_2024-09-23_19-17-41_png_2024-09-23_19-17-41.webp.webp?fit=1200%2C675&ssl=1&resize=350%2C200 1x, https:\/\/i0.wp.com\/ismaelcolosi.com.br\/wp-content\/uploads\/2024\/09\/Copia-de-Copia-de-Copia-de-TAMANHO-EXATO-PARA-FOTOS-NO-SISTEMA-NOVO-40_2024-09-23_19-17-41_png_2024-09-23_19-17-41.webp.webp?fit=1200%2C675&ssl=1&resize=525%2C300 1.5x, https:\/\/i0.wp.com\/ismaelcolosi.com.br\/wp-content\/uploads\/2024\/09\/Copia-de-Copia-de-Copia-de-TAMANHO-EXATO-PARA-FOTOS-NO-SISTEMA-NOVO-40_2024-09-23_19-17-41_png_2024-09-23_19-17-41.webp.webp?fit=1200%2C675&ssl=1&resize=700%2C400 2x, https:\/\/i0.wp.com\/ismaelcolosi.com.br\/wp-content\/uploads\/2024\/09\/Copia-de-Copia-de-Copia-de-TAMANHO-EXATO-PARA-FOTOS-NO-SISTEMA-NOVO-40_2024-09-23_19-17-41_png_2024-09-23_19-17-41.webp.webp?fit=1200%2C675&ssl=1&resize=1050%2C600 3x"},"classes":[]}],"jetpack_sharing_enabled":true,"jetpack_shortlink":"https:\/\/wp.me\/pfMlyK-kbf","_links":{"self":[{"href":"https:\/\/ismaelcolosi.com.br\/index.php\/wp-json\/wp\/v2\/posts\/77577","targetHints":{"allow":["GET"]}}],"collection":[{"href":"https:\/\/ismaelcolosi.com.br\/index.php\/wp-json\/wp\/v2\/posts"}],"about":[{"href":"https:\/\/ismaelcolosi.com.br\/index.php\/wp-json\/wp\/v2\/types\/post"}],"author":[{"embeddable":true,"href":"https:\/\/ismaelcolosi.com.br\/index.php\/wp-json\/wp\/v2\/users\/1"}],"replies":[{"embeddable":true,"href":"https:\/\/ismaelcolosi.com.br\/index.php\/wp-json\/wp\/v2\/comments?post=77577"}],"version-history":[{"count":0,"href":"https:\/\/ismaelcolosi.com.br\/index.php\/wp-json\/wp\/v2\/posts\/77577\/revisions"}],"wp:featuredmedia":[{"embeddable":true,"href":"https:\/\/ismaelcolosi.com.br\/index.php\/wp-json\/wp\/v2\/media\/77578"}],"wp:attachment":[{"href":"https:\/\/ismaelcolosi.com.br\/index.php\/wp-json\/wp\/v2\/media?parent=77577"}],"wp:term":[{"taxonomy":"category","embeddable":true,"href":"https:\/\/ismaelcolosi.com.br\/index.php\/wp-json\/wp\/v2\/categories?post=77577"},{"taxonomy":"post_tag","embeddable":true,"href":"https:\/\/ismaelcolosi.com.br\/index.php\/wp-json\/wp\/v2\/tags?post=77577"}],"curies":[{"name":"wp","href":"https:\/\/api.w.org\/{rel}","templated":true}]}}