{"id":77564,"date":"2024-11-26T14:59:50","date_gmt":"2024-11-26T17:59:50","guid":{"rendered":"https:\/\/ismaelcolosi.com.br\/index.php\/2024\/11\/26\/prefeitura-abre-licitacao-de-r-348-milhoes-para-semaforos-inteligentes\/"},"modified":"2024-11-26T14:59:50","modified_gmt":"2024-11-26T17:59:50","slug":"prefeitura-abre-licitacao-de-r-348-milhoes-para-semaforos-inteligentes","status":"publish","type":"post","link":"https:\/\/ismaelcolosi.com.br\/index.php\/2024\/11\/26\/prefeitura-abre-licitacao-de-r-348-milhoes-para-semaforos-inteligentes\/","title":{"rendered":"Prefeitura abre licita\u00e7\u00e3o de R$ 34,8 milh\u00f5es para Sem\u00e1foros Inteligentes"},"content":{"rendered":"<p> <br \/>\n<\/p>\n<div>\n<p>A Prefeitura de Ribeir\u00e3o Preto abriu licita\u00e7\u00e3o na modalidade Concorr\u00eancia Eletr\u00f4nica para contrata\u00e7\u00e3o de empresa para a implanta\u00e7\u00e3o do Sistema Inteligente de Transporte (SIT), com o monitoramento por c\u00e2meras nos corredores de \u00f4nibus das avenidas D. Pedro, Saudade; Avenida do Caf\u00e9, al\u00e9m da adequa\u00e7\u00e3o na Avenida Nove de Julho com a Antonio Diederichsen. O edital foi publicado no Di\u00e1rio Oficial do Munic\u00edpio (DOM) de sexta-feira 22 de novembro.<\/p>\n<p>Com custo estimado de R$ 34.859.568 a licita\u00e7\u00e3o ser\u00e1 feita por meio de sess\u00e3o p\u00fablica marcada para ser realizada no dia 10 de janeiro de 2025, \u00e0s 9 horas, j\u00e1 no governo do novo prefeito Ricardo Silva (PSD). A vencedora assinar\u00e1 um contrato com vig\u00eancia de 18 meses e dever\u00e1 executar o servi\u00e7o de infraestrutura e engenharia nestas avenidas no prazo de 12 meses, a partir da assinatura do contrato.<\/p>\n<p>Se o processo correr dentro dos prazos e tr\u00e2mites licitat\u00f3rios previstos \u2013 sem recursos \u2013 e a empresa vencedora cumprir fielmente o contrato, o novo servi\u00e7o dever\u00e1 come\u00e7ar a funcionar em abril de 2026.<br \/>Entre os servi\u00e7os a serem executados pela empresa est\u00e1 o fornecimento, instala\u00e7\u00e3o e a configura\u00e7\u00e3o de pain\u00e9is de mensagens vari\u00e1veis (PMV), de c\u00e2meras de monitoramento de tr\u00e1fego, de controladores semaf\u00f3ricos adaptativos em tempo real, al\u00e9m de redes de fibra \u00f3tica e todos os componentes para compor a rede de transmiss\u00e3o de dados para o Centro de Controle Operacional (CcCO) instalado na RP Mobi, no Jardim Presidente Dutra, zona Norte da cidade.<\/p>\n<p>Com 383,00 m\u00b2 de \u00e1rea constru\u00edda, o Centro foi inaugurado em junho deste ano e integra o trabalho operacional dos Agentes de Tr\u00e2nsito e dos Agentes de Fiscaliza\u00e7\u00e3o de Transporte ampliando o monitoramento urbano nas principais vias e corredores de \u00f4nibus da cidade. O Sistema realizar\u00e1 o monitoramento on-line do tr\u00e2nsito sob o aux\u00edlio de v\u00eddeo Wall com 24 TV\u2019s\/Monitores de 55 polegadas, que servir\u00e3o para acompanhar os corredores de \u00f4nibus 24 horas por dia;<\/p>\n<p>O CCO recebeu investimentos na ordem de R$ 2.393.533,42 por meio de recursos do programa de Financiamento \u00e0 Infraestrutura e ao Saneamento (Finisa), da Caixa Econ\u00f4mica Federal. A obra foi executada pela Laforma Com\u00e9rcio e Servi\u00e7o Ltda, de S\u00e3o Paulo, ao custo de R$ 2.080.885,44.<br \/>Outras avenidas \u2013 Em julho de 2023, a prefeitura iniciou a implanta\u00e7\u00e3o do Sistema com a instala\u00e7\u00e3o de 30 equipamentos controladores no entorno do t\u00fanel Jos\u00e9 Bonif\u00e1cio, nas avenidas Presidente Vargas, Dr. Jos\u00e9 Ces\u00e1rio Monteiro da Silva, Lygia Latuf Salom\u00e3o, trechos da avenida Braz Olaia Acosta e da avenida Independ\u00eancia. Todas avenidas ficam localizadas na zona Sul. O monitoramento nestes locais ainda n\u00e3o est\u00e1 em funcionamento.<\/p>\n<p>A vencedora da licita\u00e7\u00e3o para implanta\u00e7\u00e3o do Sistema Inteligente de Transporte naquelas avenidas foi o Cons\u00f3rcio ITS \u2013 Ribeir\u00e3o Preto, formado pelas empresas Sigma Engenharia Ind\u00fastria e Com\u00e9rcio Ltda, Kapsch TrafficCom Controle de Tr\u00e1fego e de Transportes do Brasil Ltda e Sitran Sinaliza\u00e7\u00e3o de Tr\u00e2nsito Industrial Ltda, com sede em Contagem, Minas Gerais pelo valor de R$ 19.499.892,02.<\/p>\n<\/div>\n<p><br \/>\n<br \/><a href=\"https:\/\/www.tribunaribeirao.com.br\/prefeitura-abre-licitacao-de-r-348-milhoes-para-semaforos-inteligentes\/\">Source link <\/a><\/p>\n<div class='code-block code-block-4' style='margin: 8px auto 8px 0; text-align: left; display: block; clear: both;'>\n\ud83d\udce2 Aviso Legal\n\nO site ismaelcolosi.com.br atua apenas como um canal de divulga\u00e7\u00e3o de oportunidades de emprego e n\u00e3o se responsabiliza pelo processo seletivo, contrata\u00e7\u00e3o ou qualquer outra etapa relacionada \u00e0s vagas publicadas. Todas as informa\u00e7\u00f5es s\u00e3o de responsabilidade dos anunciantes.\n\n\u26a0\ufe0f Aten\u00e7\u00e3o! Nunca pague por promessas de emprego nem compre cursos que garantam contrata\u00e7\u00e3o. Desconfie de qualquer cobran\u00e7a para participar de sele\u00e7\u00f5es.\n\n\n\n<\/div>\n<!-- CONTENT END 1 -->\n","protected":false},"excerpt":{"rendered":"<p>A Prefeitura de Ribeir\u00e3o Preto abriu licita\u00e7\u00e3o na modalidade Concorr\u00eancia Eletr\u00f4nica para contrata\u00e7\u00e3o de empresa para a implanta\u00e7\u00e3o do Sistema Inteligente de Transporte (SIT), com&#8230;<\/p>\n","protected":false},"author":1,"featured_media":77565,"comment_status":"open","ping_status":"open","sticky":false,"template":"","format":"standard","meta":{"_uag_custom_page_level_css":"","advanced_seo_description":"","jetpack_seo_html_title":"","jetpack_seo_noindex":false,"jetpack_post_was_ever_published":false,"_jetpack_newsletter_access":"","_jetpack_dont_email_post_to_subs":false,"_jetpack_newsletter_tier_id":0,"_jetpack_memberships_contains_paywalled_content":false,"_jetpack_memberships_contains_paid_content":false,"footnotes":"","jetpack_publicize_message":"","jetpack_publicize_feature_enabled":true,"jetpack_social_post_already_shared":true,"jetpack_social_options":{"image_generator_settings":{"template":"highway","default_image_id":0,"font":"","enabled":false},"version":2}},"categories":[11],"tags":[],"class_list":["post-77564","post","type-post","status-publish","format-standard","has-post-thumbnail","hentry","category-noticias-de-ribeirao-preto-sp-e-regiao-ismael-colosi"],"jetpack_publicize_connections":[],"jetpack_featured_media_url":"https:\/\/i0.wp.com\/ismaelcolosi.com.br\/wp-content\/uploads\/2024\/11\/FOTO-01-b-Foto-Alfredo-Risk-scaled.jpg?fit=750%2C500&ssl=1","uagb_featured_image_src":{"full":["https:\/\/i0.wp.com\/ismaelcolosi.com.br\/wp-content\/uploads\/2024\/11\/FOTO-01-b-Foto-Alfredo-Risk-scaled.jpg?fit=750%2C500&ssl=1",750,500,false],"thumbnail":["https:\/\/i0.wp.com\/ismaelcolosi.com.br\/wp-content\/uploads\/2024\/11\/FOTO-01-b-Foto-Alfredo-Risk-scaled.jpg?resize=150%2C150&ssl=1",150,150,true],"medium":["https:\/\/i0.wp.com\/ismaelcolosi.com.br\/wp-content\/uploads\/2024\/11\/FOTO-01-b-Foto-Alfredo-Risk-scaled.jpg?fit=300%2C200&ssl=1",300,200,true],"medium_large":["https:\/\/i0.wp.com\/ismaelcolosi.com.br\/wp-content\/uploads\/2024\/11\/FOTO-01-b-Foto-Alfredo-Risk-scaled.jpg?fit=750%2C500&ssl=1",750,500,true],"large":["https:\/\/i0.wp.com\/ismaelcolosi.com.br\/wp-content\/uploads\/2024\/11\/FOTO-01-b-Foto-Alfredo-Risk-scaled.jpg?fit=750%2C500&ssl=1",750,500,true],"1536x1536":["https:\/\/i0.wp.com\/ismaelcolosi.com.br\/wp-content\/uploads\/2024\/11\/FOTO-01-b-Foto-Alfredo-Risk-scaled.jpg?fit=750%2C500&ssl=1",750,500,true],"2048x2048":["https:\/\/i0.wp.com\/ismaelcolosi.com.br\/wp-content\/uploads\/2024\/11\/FOTO-01-b-Foto-Alfredo-Risk-scaled.jpg?fit=750%2C500&ssl=1",750,500,true],"really-simple-thumb":["https:\/\/i0.wp.com\/ismaelcolosi.com.br\/wp-content\/uploads\/2024\/11\/FOTO-01-b-Foto-Alfredo-Risk-scaled.jpg?resize=370%2C247&ssl=1",370,247,true]},"uagb_author_info":{"display_name":"ismaelcolosi.com.br","author_link":"https:\/\/ismaelcolosi.com.br\/index.php\/author\/vidareal-online\/"},"uagb_comment_info":0,"uagb_excerpt":"A Prefeitura de Ribeir\u00e3o Preto abriu licita\u00e7\u00e3o na modalidade Concorr\u00eancia Eletr\u00f4nica para contrata\u00e7\u00e3o de empresa para a implanta\u00e7\u00e3o do Sistema Inteligente de Transporte (SIT), com...","jetpack-related-posts":[{"id":18395,"url":"https:\/\/ismaelcolosi.com.br\/index.php\/2023\/12\/20\/prefeitura-de-ribeirao-preto-vai-fazer-nova-licitacao-para-obra-da-nove-de-julho\/","url_meta":{"origin":77564,"position":0},"title":"Prefeitura de Ribeir\u00e3o Preto vai fazer nova licita\u00e7\u00e3o para obra da Nove de Julho","author":"ismaelcolosi.com.br","date":"20 de December de 2023","format":false,"excerpt":"A Prefeitura de Ribeir\u00e3o Preto vai precisar fazer uma nova licita\u00e7\u00e3o para concluir a obra da avenida Nove de Julho, na regi\u00e3o central da cidade. A Construtora Metropolitana, que venceu a primeira licita\u00e7\u00e3o j\u00e1 foi, inclusive, multada pela Prefeitura de Ribeir\u00e3o Preto por n\u00e3o respeitar o cronograma \u2013 contrato tamb\u00e9m\u2026","rel":"","context":"In &quot;Not\u00edcias de Ribeir\u00e3o Preto-SP e Regi\u00e3o&quot;","block_context":{"text":"Not\u00edcias de Ribeir\u00e3o Preto-SP e Regi\u00e3o","link":"https:\/\/ismaelcolosi.com.br\/index.php\/category\/noticias-de-ribeirao-preto-sp-e-regiao-ismael-colosi\/"},"img":{"alt_text":"","src":"https:\/\/i0.wp.com\/ismaelcolosi.com.br\/wp-content\/uploads\/2023\/12\/WhatsApp-Image-2023-12-20-at-10.47.41.jpeg?fit=1200%2C675&ssl=1&resize=350%2C200","width":350,"height":200,"srcset":"https:\/\/i0.wp.com\/ismaelcolosi.com.br\/wp-content\/uploads\/2023\/12\/WhatsApp-Image-2023-12-20-at-10.47.41.jpeg?fit=1200%2C675&ssl=1&resize=350%2C200 1x, https:\/\/i0.wp.com\/ismaelcolosi.com.br\/wp-content\/uploads\/2023\/12\/WhatsApp-Image-2023-12-20-at-10.47.41.jpeg?fit=1200%2C675&ssl=1&resize=525%2C300 1.5x, https:\/\/i0.wp.com\/ismaelcolosi.com.br\/wp-content\/uploads\/2023\/12\/WhatsApp-Image-2023-12-20-at-10.47.41.jpeg?fit=1200%2C675&ssl=1&resize=700%2C400 2x, https:\/\/i0.wp.com\/ismaelcolosi.com.br\/wp-content\/uploads\/2023\/12\/WhatsApp-Image-2023-12-20-at-10.47.41.jpeg?fit=1200%2C675&ssl=1&resize=1050%2C600 3x"},"classes":[]},{"id":42948,"url":"https:\/\/ismaelcolosi.com.br\/index.php\/2024\/03\/18\/duas-empresas-se-interessam-por-obras-da-avenida-nove-de-julho-em-ribeirao-preto\/","url_meta":{"origin":77564,"position":1},"title":"Duas empresas se interessam por obras da avenida Nove de Julho em Ribeir\u00e3o Preto","author":"ismaelcolosi.com.br","date":"18 de March de 2024","format":false,"excerpt":"A Prefeitura de Ribeir\u00e3o Preto iniciou nesta segunda-feira (18) o processo de licita\u00e7\u00e3o para a contrata\u00e7\u00e3o da nova empresa que concluir\u00e1 as obras de revitaliza\u00e7\u00e3o e restaura\u00e7\u00e3o da avenida Nove de Julho, em Ribeir\u00e3o Preto. As obras est\u00e3o paradas desde dezembro do ano passado. Segundo a administra\u00e7\u00e3o, as empresas participantes\u2026","rel":"","context":"In &quot;Not\u00edcias de Ribeir\u00e3o Preto-SP e Regi\u00e3o&quot;","block_context":{"text":"Not\u00edcias de Ribeir\u00e3o Preto-SP e Regi\u00e3o","link":"https:\/\/ismaelcolosi.com.br\/index.php\/category\/noticias-de-ribeirao-preto-sp-e-regiao-ismael-colosi\/"},"img":{"alt_text":"","src":"https:\/\/i0.wp.com\/ismaelcolosi.com.br\/wp-content\/uploads\/2024\/03\/WhatsApp-Image-2023-12-20-at-10.47.41-1024x576-1.jpeg?fit=1024%2C576&ssl=1&resize=350%2C200","width":350,"height":200,"srcset":"https:\/\/i0.wp.com\/ismaelcolosi.com.br\/wp-content\/uploads\/2024\/03\/WhatsApp-Image-2023-12-20-at-10.47.41-1024x576-1.jpeg?fit=1024%2C576&ssl=1&resize=350%2C200 1x, https:\/\/i0.wp.com\/ismaelcolosi.com.br\/wp-content\/uploads\/2024\/03\/WhatsApp-Image-2023-12-20-at-10.47.41-1024x576-1.jpeg?fit=1024%2C576&ssl=1&resize=525%2C300 1.5x, https:\/\/i0.wp.com\/ismaelcolosi.com.br\/wp-content\/uploads\/2024\/03\/WhatsApp-Image-2023-12-20-at-10.47.41-1024x576-1.jpeg?fit=1024%2C576&ssl=1&resize=700%2C400 2x"},"classes":[]},{"id":16657,"url":"https:\/\/ismaelcolosi.com.br\/index.php\/2023\/12\/16\/nove-de-julho-prefeitura-notifica-oficialmente-construtora-responsavel\/","url_meta":{"origin":77564,"position":2},"title":"Nove de Julho: Prefeitura notifica oficialmente construtora respons\u00e1vel","author":"ismaelcolosi.com.br","date":"16 de December de 2023","format":false,"excerpt":"15 de dezembro de 2023 | 15:4615 de dezembro de 2023 | 16:28 0A secretaria municipal de Obras P\u00fablicas de Ribeir\u00e3o Preto anunciou, nesta sexta-feira, 15 de dezembro, que notificou oficialmente a construtora Metropolitana, sobre a multa que ser\u00e1 aplicada \u00e0 empresa no valor de R$ 2.861.442,58, A multa corresponde\u2026","rel":"","context":"In &quot;Not\u00edcias de Ribeir\u00e3o Preto-SP e Regi\u00e3o&quot;","block_context":{"text":"Not\u00edcias de Ribeir\u00e3o Preto-SP e Regi\u00e3o","link":"https:\/\/ismaelcolosi.com.br\/index.php\/category\/noticias-de-ribeirao-preto-sp-e-regiao-ismael-colosi\/"},"img":{"alt_text":"","src":"https:\/\/i0.wp.com\/ismaelcolosi.com.br\/wp-content\/uploads\/2023\/12\/NoveRP-Alfredo-Risk-Arquivo-1-scaled.jpg?fit=1000%2C523&ssl=1&resize=350%2C200","width":350,"height":200,"srcset":"https:\/\/i0.wp.com\/ismaelcolosi.com.br\/wp-content\/uploads\/2023\/12\/NoveRP-Alfredo-Risk-Arquivo-1-scaled.jpg?fit=1000%2C523&ssl=1&resize=350%2C200 1x, https:\/\/i0.wp.com\/ismaelcolosi.com.br\/wp-content\/uploads\/2023\/12\/NoveRP-Alfredo-Risk-Arquivo-1-scaled.jpg?fit=1000%2C523&ssl=1&resize=525%2C300 1.5x, https:\/\/i0.wp.com\/ismaelcolosi.com.br\/wp-content\/uploads\/2023\/12\/NoveRP-Alfredo-Risk-Arquivo-1-scaled.jpg?fit=1000%2C523&ssl=1&resize=700%2C400 2x"},"classes":[]},{"id":36490,"url":"https:\/\/ismaelcolosi.com.br\/index.php\/2024\/02\/09\/aberta-nova-licitacao-para-obras-da-nove-de-julho-em-ribeirao-preto\/","url_meta":{"origin":77564,"position":3},"title":"Aberta nova licita\u00e7\u00e3o para obras da Nove de Julho em Ribeir\u00e3o Preto","author":"ismaelcolosi.com.br","date":"9 de February de 2024","format":false,"excerpt":"A abertura de uma nova licita\u00e7\u00e3o para a conclus\u00e3o das obras de revitaliza\u00e7\u00e3o e restaura\u00e7\u00e3o da avenida Nove de Julho em Ribeir\u00e3o Preto, foi anunciada pela prefeitura na tarde desta sexta-feira (9). De acordo com a publica\u00e7\u00e3o no Di\u00e1rio Oficial do Munic\u00edpio (DOM), o valor estimado para \u201cexecu\u00e7\u00e3o do remanescente\u2026","rel":"","context":"In &quot;Not\u00edcias de Ribeir\u00e3o Preto-SP e Regi\u00e3o&quot;","block_context":{"text":"Not\u00edcias de Ribeir\u00e3o Preto-SP e Regi\u00e3o","link":"https:\/\/ismaelcolosi.com.br\/index.php\/category\/noticias-de-ribeirao-preto-sp-e-regiao-ismael-colosi\/"},"img":{"alt_text":"","src":"https:\/\/i0.wp.com\/ismaelcolosi.com.br\/wp-content\/uploads\/2024\/02\/WhatsApp-Image-2023-12-20-at-10.47.41.jpeg?fit=1200%2C675&ssl=1&resize=350%2C200","width":350,"height":200,"srcset":"https:\/\/i0.wp.com\/ismaelcolosi.com.br\/wp-content\/uploads\/2024\/02\/WhatsApp-Image-2023-12-20-at-10.47.41.jpeg?fit=1200%2C675&ssl=1&resize=350%2C200 1x, https:\/\/i0.wp.com\/ismaelcolosi.com.br\/wp-content\/uploads\/2024\/02\/WhatsApp-Image-2023-12-20-at-10.47.41.jpeg?fit=1200%2C675&ssl=1&resize=525%2C300 1.5x, https:\/\/i0.wp.com\/ismaelcolosi.com.br\/wp-content\/uploads\/2024\/02\/WhatsApp-Image-2023-12-20-at-10.47.41.jpeg?fit=1200%2C675&ssl=1&resize=700%2C400 2x, https:\/\/i0.wp.com\/ismaelcolosi.com.br\/wp-content\/uploads\/2024\/02\/WhatsApp-Image-2023-12-20-at-10.47.41.jpeg?fit=1200%2C675&ssl=1&resize=1050%2C600 3x"},"classes":[]},{"id":18644,"url":"https:\/\/ismaelcolosi.com.br\/index.php\/2023\/12\/20\/avenida-francisco-junqueira-em-ribeirao-preto-e-liberada-ao-transito\/","url_meta":{"origin":77564,"position":4},"title":"Avenida Francisco Junqueira, em Ribeir\u00e3o Preto, \u00e9 liberada ao tr\u00e2nsito","author":"ismaelcolosi.com.br","date":"20 de December de 2023","format":false,"excerpt":"A Prefeitura de Ribeir\u00e3o Preto liberou, de forma tempor\u00e1ria, nesta quarta-feira (20), o tr\u00e2nsito na avenida Francisco Junqueira, regi\u00e3o central da cidade. A avenida estava interditada, entre as ruas Cerqueira C\u00e9sar e Garibaldi, desde julho. No entanto, a obra para colocar novas galerias pluviais nas ruas S\u00e3o Jos\u00e9 e Marcondes\u2026","rel":"","context":"In &quot;Not\u00edcias de Ribeir\u00e3o Preto-SP e Regi\u00e3o&quot;","block_context":{"text":"Not\u00edcias de Ribeir\u00e3o Preto-SP e Regi\u00e3o","link":"https:\/\/ismaelcolosi.com.br\/index.php\/category\/noticias-de-ribeirao-preto-sp-e-regiao-ismael-colosi\/"},"img":{"alt_text":"","src":"https:\/\/i0.wp.com\/ismaelcolosi.com.br\/wp-content\/uploads\/2023\/12\/WhatsApp-Image-2023-12-20-at-18.31.58.jpeg?fit=1200%2C683&ssl=1&resize=350%2C200","width":350,"height":200,"srcset":"https:\/\/i0.wp.com\/ismaelcolosi.com.br\/wp-content\/uploads\/2023\/12\/WhatsApp-Image-2023-12-20-at-18.31.58.jpeg?fit=1200%2C683&ssl=1&resize=350%2C200 1x, https:\/\/i0.wp.com\/ismaelcolosi.com.br\/wp-content\/uploads\/2023\/12\/WhatsApp-Image-2023-12-20-at-18.31.58.jpeg?fit=1200%2C683&ssl=1&resize=525%2C300 1.5x, https:\/\/i0.wp.com\/ismaelcolosi.com.br\/wp-content\/uploads\/2023\/12\/WhatsApp-Image-2023-12-20-at-18.31.58.jpeg?fit=1200%2C683&ssl=1&resize=700%2C400 2x, https:\/\/i0.wp.com\/ismaelcolosi.com.br\/wp-content\/uploads\/2023\/12\/WhatsApp-Image-2023-12-20-at-18.31.58.jpeg?fit=1200%2C683&ssl=1&resize=1050%2C600 3x"},"classes":[]},{"id":32633,"url":"https:\/\/ismaelcolosi.com.br\/index.php\/2024\/01\/25\/apos-um-ano-prefeitura-de-ribeirao-preto-abre-licitacao-para-obras-em-ponte-na-zona-sul\/","url_meta":{"origin":77564,"position":5},"title":"Ap\u00f3s um ano, Prefeitura de Ribeir\u00e3o Preto abre licita\u00e7\u00e3o para obras em ponte na zona Sul","author":"ismaelcolosi.com.br","date":"25 de January de 2024","format":false,"excerpt":"Um ano depois da ponte que d\u00e1 acesso ao condom\u00ednio Royal Park ser interditada por conta de eros\u00f5es provocadas pelas chuvas, a Prefeitura de Ribeir\u00e3o Preto anunciou nesta quinta-feira (25), a abertura de licita\u00e7\u00e3o para a reconstru\u00e7\u00e3o do local. A abertura dos envelopes est\u00e1 prevista para o dia 15 de\u2026","rel":"","context":"In &quot;Not\u00edcias de Ribeir\u00e3o Preto-SP e Regi\u00e3o&quot;","block_context":{"text":"Not\u00edcias de Ribeir\u00e3o Preto-SP e Regi\u00e3o","link":"https:\/\/ismaelcolosi.com.br\/index.php\/category\/noticias-de-ribeirao-preto-sp-e-regiao-ismael-colosi\/"},"img":{"alt_text":"","src":"https:\/\/i0.wp.com\/ismaelcolosi.com.br\/wp-content\/uploads\/2024\/01\/Copia-de-Copia-de-TAMANHO-EXATO-PARA-FOTOS-NO-SISTEMA-NOVO-5-1.jpg?fit=1200%2C675&ssl=1&resize=350%2C200","width":350,"height":200,"srcset":"https:\/\/i0.wp.com\/ismaelcolosi.com.br\/wp-content\/uploads\/2024\/01\/Copia-de-Copia-de-TAMANHO-EXATO-PARA-FOTOS-NO-SISTEMA-NOVO-5-1.jpg?fit=1200%2C675&ssl=1&resize=350%2C200 1x, https:\/\/i0.wp.com\/ismaelcolosi.com.br\/wp-content\/uploads\/2024\/01\/Copia-de-Copia-de-TAMANHO-EXATO-PARA-FOTOS-NO-SISTEMA-NOVO-5-1.jpg?fit=1200%2C675&ssl=1&resize=525%2C300 1.5x, https:\/\/i0.wp.com\/ismaelcolosi.com.br\/wp-content\/uploads\/2024\/01\/Copia-de-Copia-de-TAMANHO-EXATO-PARA-FOTOS-NO-SISTEMA-NOVO-5-1.jpg?fit=1200%2C675&ssl=1&resize=700%2C400 2x, https:\/\/i0.wp.com\/ismaelcolosi.com.br\/wp-content\/uploads\/2024\/01\/Copia-de-Copia-de-TAMANHO-EXATO-PARA-FOTOS-NO-SISTEMA-NOVO-5-1.jpg?fit=1200%2C675&ssl=1&resize=1050%2C600 3x"},"classes":[]}],"jetpack_sharing_enabled":true,"jetpack_shortlink":"https:\/\/wp.me\/pfMlyK-kb2","_links":{"self":[{"href":"https:\/\/ismaelcolosi.com.br\/index.php\/wp-json\/wp\/v2\/posts\/77564","targetHints":{"allow":["GET"]}}],"collection":[{"href":"https:\/\/ismaelcolosi.com.br\/index.php\/wp-json\/wp\/v2\/posts"}],"about":[{"href":"https:\/\/ismaelcolosi.com.br\/index.php\/wp-json\/wp\/v2\/types\/post"}],"author":[{"embeddable":true,"href":"https:\/\/ismaelcolosi.com.br\/index.php\/wp-json\/wp\/v2\/users\/1"}],"replies":[{"embeddable":true,"href":"https:\/\/ismaelcolosi.com.br\/index.php\/wp-json\/wp\/v2\/comments?post=77564"}],"version-history":[{"count":0,"href":"https:\/\/ismaelcolosi.com.br\/index.php\/wp-json\/wp\/v2\/posts\/77564\/revisions"}],"wp:featuredmedia":[{"embeddable":true,"href":"https:\/\/ismaelcolosi.com.br\/index.php\/wp-json\/wp\/v2\/media\/77565"}],"wp:attachment":[{"href":"https:\/\/ismaelcolosi.com.br\/index.php\/wp-json\/wp\/v2\/media?parent=77564"}],"wp:term":[{"taxonomy":"category","embeddable":true,"href":"https:\/\/ismaelcolosi.com.br\/index.php\/wp-json\/wp\/v2\/categories?post=77564"},{"taxonomy":"post_tag","embeddable":true,"href":"https:\/\/ismaelcolosi.com.br\/index.php\/wp-json\/wp\/v2\/tags?post=77564"}],"curies":[{"name":"wp","href":"https:\/\/api.w.org\/{rel}","templated":true}]}}